{"id":83478,"date":"2023-01-29T22:10:47","date_gmt":"2023-01-30T01:10:47","guid":{"rendered":"https:\/\/webdelmaestrocmf.com\/portal\/?p=83478"},"modified":"2023-01-29T22:25:58","modified_gmt":"2023-01-30T01:25:58","slug":"jason-steinhauer-es-fundamental-que-los-estudiantes-vuelvan-a-aprender-historia","status":"publish","type":"post","link":"https:\/\/webdelmaestrocmf.com\/portal\/jason-steinhauer-es-fundamental-que-los-estudiantes-vuelvan-a-aprender-historia\/","title":{"rendered":"Jason Steinhauer: Es fundamental que los estudiantes vuelvan a aprender historia"},"content":{"rendered":"<h5 style=\"text-align: justify;\">Las redes sociales moldean nuestro presente, para bien o para mal. Permiten tanto la difusi\u00f3n de buenas causas como la propagaci\u00f3n de noticias falsas. El historiador Jason Steinhauer (Nueva York), fundador y jefe del Instituto de Comunicaci\u00f3n de Historia, relata en su libro \u2018<a href=\"https:\/\/www.jasonsteinhauer.com\/\" target=\"_blank\" rel=\"noopener\">History, Disrupted\u2019<\/a>\u00a0c\u00f3mo internet tambi\u00e9n est\u00e1 distorsionando nuestro conocimiento del pasado.<\/h5>\n<p><!--more--><\/p>\n<p><strong>Comienzas tu libro hablando de la e-historia, de la historia digital. Expl\u00edcanos qu\u00e9 es eso\u2026<\/strong><\/p>\n<p style=\"text-align: justify;\">De la misma manera que tenemos libros digitales (o e-books) y comercio electr\u00f3nico (o e-commerce), en mi libro argumento que tenemos algo que denomino\u00a0<em>\u2018\u00a0<\/em>e-history<em>\u2018<\/em>\u00a0o historia digital. Incluye desde una p\u00e1gina de Wikipedia hasta un hilo en Twitter o una publicaci\u00f3n en Instagram sobre el pasado. Es una manera de presentar la informaci\u00f3n hist\u00f3rica en Internet de modo que alcance visibilidad e influencia.<\/p>\n<p><b>T\u00fa mantienes que Wikipedia est\u00e1 cambiando la manera c\u00f3mo entendemos el concepto de autoridad. \u00bfC\u00f3mo es eso?<\/b><\/p>\n<p style=\"text-align: justify;\">Durante mi investigaci\u00f3n para este libro, habl\u00e9\u00a0con\u00a0estudiantes universitarios de varios niveles, incluso con algunos estudiantes de secundaria. Les preguntaba: \u00bfSi est\u00e1n buscando informaci\u00f3n de autoridad, a d\u00f3nde recurren? \u00bfC\u00f3mo determinan qu\u00e9 fuentes son cre\u00edbles y cu\u00e1les no? Y una y otra vez, la respuesta era: \u00abBueno, voy a internet. Reviso varias fuentes. Y en base a eso decido en qu\u00e9 puedo creer y confiar\u00bb.<\/p>\n<p>Art\u00edculo relacionado:<\/p>\n<blockquote class=\"wp-embedded-content\" data-secret=\"lYki9l6wIo\"><p><a href=\"https:\/\/webdelmaestrocmf.com\/portal\/los-mejores-recursos-tic-para-docentes-de-historia-geografia-y-ciencias-sociales\/\">Los mejores recursos TIC para docentes de Historia, Geograf\u00eda y Ciencias Sociales<\/a><\/p><\/blockquote>\n<p><iframe loading=\"lazy\" class=\"wp-embedded-content\" sandbox=\"allow-scripts\" security=\"restricted\" style=\"position: absolute; clip: rect(1px, 1px, 1px, 1px);\" title=\"\u00abLos mejores recursos TIC para docentes de Historia, Geograf\u00eda y Ciencias Sociales\u00bb \u2014 Web del Maestro CMF\" src=\"https:\/\/webdelmaestrocmf.com\/portal\/los-mejores-recursos-tic-para-docentes-de-historia-geografia-y-ciencias-sociales\/embed\/#?secret=r2TdhwDEb7#?secret=lYki9l6wIo\" data-secret=\"lYki9l6wIo\" width=\"600\" height=\"338\" frameborder=\"0\" marginwidth=\"0\" marginheight=\"0\" scrolling=\"no\"><\/iframe><\/p>\n<p style=\"text-align: justify;\">Nadie me dijo: \u00abRecurr\u00ed a un libro escrito por un experto\u00bb. Eso me pareci\u00f3 fascinante y muy revelador, y me llev\u00f3 a pensar en Wikipedia y en otras plataformas de lo que se llama\u00a0<em>crowdsourcing<\/em>\u00a0o colaboraci\u00f3n abierta. La idea es que personas de todas partes del mundo contribuyan con diferentes ideas, fragmentos de informaci\u00f3n y hechos hasta que eventualmente surge un tipo de verdad colaborativa. Y me parece que esto tiene implicaciones profundas para la historia y la educaci\u00f3n. Cada vez m\u00e1s frecuencia, los estudiantes van a recurrir a estas iniciativas de colaboraci\u00f3n abierta para aprender y obtener un sentido de la verdad.<\/p>\n<blockquote>\n<p style=\"text-align: left;\">\u00abEn EE.UU. el n\u00famero de grados universitarios en historia ha disminuido un 33%, es la ca\u00edda m\u00e1s significativa de cualquier materia en el pa\u00eds\u00bb<\/p>\n<\/blockquote>\n<p><b>Si alguna de las personas j\u00f3venes que entrevistaste para escribir tu libro te pregunta, bueno qu\u00e9 puedo hacer, c\u00f3mo puedo mejorar las cosas. Dime 3 cosas, 3 recomendaciones que t\u00fa les dar\u00edas.<\/b><\/p>\n<p style=\"text-align: justify;\">Lo primero que me parece cr\u00edtico para todos los consumidores de informaci\u00f3n en l\u00ednea, ya sean j\u00f3venes o mayores, es la educaci\u00f3n o alfabetizaci\u00f3n medi\u00e1tica. Es decir, tener una mejor comprensi\u00f3n de por qu\u00e9 se crean los medios y lo que intentan hacer. Y en el caso de la informaci\u00f3n en Internet, hay que preguntarse: \u00bfPor qu\u00e9 estoy viendo esta informaci\u00f3n? \u00bfQui\u00e9n la cre\u00f3? \u00bfTiene el prop\u00f3sito de desinformar o de avanzar una agenda pol\u00edtica o comercial particular? El segundo aspecto que discuto en el libro es que me parece muy importante conseguir que los estudiantes vuelvan a tomar cursos de historia.<\/p>\n<p><img loading=\"lazy\" decoding=\"async\" class=\"alignnone size-full wp-image-83484\" src=\"https:\/\/webdelmaestrocmf.com\/portal\/wp-content\/uploads\/2023\/01\/1-72.jpg\" alt=\"\" width=\"900\" height=\"556\" srcset=\"https:\/\/webdelmaestrocmf.com\/portal\/wp-content\/uploads\/2023\/01\/1-72.jpg 900w, https:\/\/webdelmaestrocmf.com\/portal\/wp-content\/uploads\/2023\/01\/1-72-300x185.jpg 300w, https:\/\/webdelmaestrocmf.com\/portal\/wp-content\/uploads\/2023\/01\/1-72-768x474.jpg 768w, https:\/\/webdelmaestrocmf.com\/portal\/wp-content\/uploads\/2023\/01\/1-72-380x235.jpg 380w, https:\/\/webdelmaestrocmf.com\/portal\/wp-content\/uploads\/2023\/01\/1-72-800x494.jpg 800w\" sizes=\"auto, (max-width: 900px) 100vw, 900px\" \/><\/p>\n<p style=\"text-align: justify;\">En EE.UU. el n\u00famero de grados universitarios en historia ha disminuido un 33%, es la ca\u00edda m\u00e1s significativa de cualquier materia en el pa\u00eds. Y parte del problema es que vemos tanta informaci\u00f3n del pasado en Internet, que pensamos que no necesitamos tomar cursos al respecto. Pero la educaci\u00f3n hist\u00f3rica tambi\u00e9n es esencial. Adem\u00e1s, creo que necesitamos incentivos diferentes en Internet.<\/p>\n<p>Art\u00edculo relacionado:<\/p>\n<blockquote class=\"wp-embedded-content\" data-secret=\"y7NkV2IWqS\"><p><a href=\"https:\/\/webdelmaestrocmf.com\/portal\/historia-de-la-educacion-y-la-pedagogia\/\">Historia de la Educaci\u00f3n y la Pedagog\u00eda<\/a><\/p><\/blockquote>\n<p><iframe loading=\"lazy\" class=\"wp-embedded-content\" sandbox=\"allow-scripts\" security=\"restricted\" style=\"position: absolute; clip: rect(1px, 1px, 1px, 1px);\" title=\"\u00abHistoria de la Educaci\u00f3n y la Pedagog\u00eda\u00bb \u2014 Web del Maestro CMF\" src=\"https:\/\/webdelmaestrocmf.com\/portal\/historia-de-la-educacion-y-la-pedagogia\/embed\/#?secret=rZdiksczIa#?secret=y7NkV2IWqS\" data-secret=\"y7NkV2IWqS\" width=\"600\" height=\"338\" frameborder=\"0\" marginwidth=\"0\" marginheight=\"0\" scrolling=\"no\"><\/iframe><\/p>\n<p style=\"text-align: justify;\">En el libro, por ejemplo, hay un cap\u00edtulo titulado\u00a0<em>\u2018<\/em>El pasado viral<em>\u2018<\/em>\u00a0que explica c\u00f3mo la informaci\u00f3n hist\u00f3rica que se vuelve viral es recompensada con visibilidad, atenci\u00f3n, influencia, dinero y fama, sin importar necesariamente si est\u00e1 basada en hechos. Entonces, \u00bfqu\u00e9 pasar\u00eda si pudi\u00e9ramos crear una nueva versi\u00f3n de Internet que en lugar de incentivar la viralidad, incentivara la precisi\u00f3n?\u00a0Eso me parece una discusi\u00f3n que vale la pena tener, a medida que pensamos en la evoluci\u00f3n de la web 2.0 a la web 3.0.<\/p>\n<p><b>La mayor\u00eda de la e-historia, de la historia digital que existe, ha sido escrita por seres humanos. Pero en un futuro cercano, este tipo de contenido seguramente ser\u00e1 producido por m\u00e1quinas, por software, por la inteligencia artificial. \u00bfC\u00f3mo te imaginas un futuro donde la inteligencia artificial se convierte en una fuente cada vez m\u00e1s frecuente de la historia?<\/b><\/p>\n<p style=\"text-align: justify;\">Si consideras una plataforma como Wikipedia, esta no existe \u00fanicamente en el sitio web.\u00a0La informaci\u00f3n de Wikipedia sobre la historia es diseminada en todo el mundo, entre millones y millones de personas cada d\u00eda, a trav\u00e9s de dispositivos como Alexa de Amazon, Siri de Apple y otras plataformas de inteligencia artificial. Y las conversaciones que he tenido con personas en Silicon Valley y otros lugares confirman que en un futuro cercano habr\u00e1 tutores rob\u00f3ticos y de inteligencia artificial que apoyar\u00e1n a los estudiantes en sus asignaturas.<\/p>\n<p>Art\u00edculo relacionado:<\/p>\n<blockquote class=\"wp-embedded-content\" data-secret=\"u683yYSZDu\"><p><a href=\"https:\/\/webdelmaestrocmf.com\/portal\/baul-del-docente-entrevista-la-importancia-de-la-historia-para-la-educacion\/\">[Ba\u00fal del Docente] Entrevista: La importancia de la Historia para la Educaci\u00f3n<\/a><\/p><\/blockquote>\n<p><iframe loading=\"lazy\" class=\"wp-embedded-content\" sandbox=\"allow-scripts\" security=\"restricted\" style=\"position: absolute; clip: rect(1px, 1px, 1px, 1px);\" title=\"\u00ab[Ba\u00fal del Docente] Entrevista: La importancia de la Historia para la Educaci\u00f3n\u00bb \u2014 Web del Maestro CMF\" src=\"https:\/\/webdelmaestrocmf.com\/portal\/baul-del-docente-entrevista-la-importancia-de-la-historia-para-la-educacion\/embed\/#?secret=HefhJTSf9u#?secret=u683yYSZDu\" data-secret=\"u683yYSZDu\" width=\"600\" height=\"338\" frameborder=\"0\" marginwidth=\"0\" marginheight=\"0\" scrolling=\"no\"><\/iframe><\/p>\n<p style=\"text-align: justify;\">Estos robots estar\u00e1n utilizando toda la historia digital que est\u00e1 disponible en l\u00ednea, as\u00ed como los bancos de datos que a lo largo de los a\u00f1os han sido comprados por compa\u00f1\u00edas como Google, Microsoft y Amazon. No estar\u00e1n utilizando publicaciones o plataformas acad\u00e9micas. Puedo decirlo con seguridad, porque para usar esa informaci\u00f3n hay que pagar.\u00a0No es parte de los bancos de datos que est\u00e1s compa\u00f1\u00edas han comprado.<\/p>\n<p style=\"text-align: justify;\"><strong>Este contenido ha sido publicado originalmente por ETHIC en la siguiente direcci\u00f3n: <a href=\"https:\/\/ethic.es\/2022\/05\/es-fundamental-que-los-estudiantes-vuelvan-a-aprender-historia\/\" target=\"_blank\" rel=\"noopener\">ethic.es<\/a><\/strong><\/p>\n\t\t<div class=\"pk-inline-posts\">\n\t\t\t\n\t\t\t<div class=\"pk-inline-posts-container pk-inline-posts-template-list\"\n\t\t\t\tdata-columns=\"1\">\n\t\t\t\t\t\t<article id=\"post-118510\" class=\"post-118510 post type-post status-publish format-standard has-post-thumbnail category-entrevistas category-noticias tag-aprendizaje tag-aula tag-docentes tag-educacion-2 tag-estudiantes tag-filosofia-2 tag-formacion-2 tag-inteligencia tag-jose-antonio-marina tag-pedagogia-2 tag-pensamiento-critico-2 cs-entry cs-video-wrap\">\n\t\t\t<div class=\"pk-post-outer\">\n\n\t\t\t\t\t\t\t\t<div class=\"pk-post-inner\">\n\t\t\t\t\t<div class=\"entry-thumbnail\">\n\t\t\t\t\t\t<div class=\"pk-overlay pk-overlay-ratio pk-ratio-landscape\">\n\t\t\t\t\t\t\t<div class=\"pk-overlay-background\">\n\t\t\t\t\t\t\t\t<a href=\"https:\/\/webdelmaestrocmf.com\/portal\/jose-antonio-marina-si-no-teneis-pensamiento-critico-o-si-no-hay-pensamiento-critico-la-manipulacion-va-a-ser-muy-sencilla\/\" class=\"pk-overlay-link\">\n\t\t\t\t\t\t\t\t\t<img loading=\"lazy\" decoding=\"async\" width=\"300\" height=\"225\" src=\"https:\/\/webdelmaestrocmf.com\/portal\/wp-content\/uploads\/2026\/04\/1AA-Banner-1-portada-imagen-10-1-copia-5-6-300x225.webp\" class=\"attachment-pk-thumbnail size-pk-thumbnail wp-post-image\" alt=\"\" \/>\t\t\t\t\t\t\t\t<\/a>\n\t\t\t\t\t\t\t<\/div>\n\t\t\t\t\t\t<\/div>\n\t\t\t\t\t<\/div>\n\t\t\t\t<\/div>\n\t\t\t\t\n\t\t\t\t<div class=\"pk-post-inner\">\n\t\t\t\t\t<header>\n\t\t\t\t\t\t<h3 class=\"pk-title\"><a href=\"https:\/\/webdelmaestrocmf.com\/portal\/jose-antonio-marina-si-no-teneis-pensamiento-critico-o-si-no-hay-pensamiento-critico-la-manipulacion-va-a-ser-muy-sencilla\/\" rel=\"bookmark\">Jos\u00e9 Antonio Marina: Si no ten\u00e9is pensamiento cr\u00edtico, o si no hay pensamiento cr\u00edtico, la manipulaci\u00f3n va a ser muy sencilla<\/a><\/h3>\t\t\t\t\t<\/header><!-- .entry-header -->\n\t\t\t\t<\/div><!-- .post-inner -->\n\n\t\t\t<\/div><!-- .post-outer -->\n\t\t<\/article>\n\t\t\t\t<\/div>\n\t\t<\/div>\n\t\t\n","protected":false},"excerpt":{"rendered":"Las redes sociales moldean nuestro presente, para bien o para mal. Permiten tanto la difusi\u00f3n de buenas causas&hellip;","protected":false},"author":1,"featured_media":83479,"comment_status":"open","ping_status":"closed","sticky":false,"template":"","format":"standard","meta":{"csco_display_header_overlay":false,"csco_singular_sidebar":"disabled","csco_page_header_type":"standard","csco_page_load_nextpost":"","csco_post_video_location":[],"csco_post_video_location_hash":"","csco_post_video_url":"","csco_post_video_bg_start_time":0,"csco_post_video_bg_end_time":0,"csco_post_video_bg_volume":false,"_jetpack_memberships_contains_paid_content":false,"footnotes":""},"categories":[48,47],"tags":[188,96,5500,1759,15117,15118],"class_list":{"0":"post-83478","1":"post","2":"type-post","3":"status-publish","4":"format-standard","5":"has-post-thumbnail","7":"category-entrevistas","8":"category-noticias","9":"tag-aprender","10":"tag-estudiantes","11":"tag-fundamental","12":"tag-historia","13":"tag-jason-steinhauer","14":"tag-vuelvan","15":"cs-entry","16":"cs-video-wrap"},"yoast_head":"<!-- This site is optimized with the Yoast SEO plugin v27.5 - https:\/\/yoast.com\/product\/yoast-seo-wordpress\/ -->\n<title>Jason Steinhauer: Es fundamental que los estudiantes vuelvan a aprender historia - 2026<\/title>\n<meta name=\"description\" content=\"Comunidad de Maestros, Docentes y Profesores, en donde encontrar\u00e1s material, informaci\u00f3n y noticias del \u00e1mbito nacional y mundial.\" \/>\n<meta name=\"robots\" content=\"index, follow, max-snippet:-1, max-image-preview:large, max-video-preview:-1\" \/>\n<link rel=\"canonical\" href=\"https:\/\/webdelmaestrocmf.com\/portal\/jason-steinhauer-es-fundamental-que-los-estudiantes-vuelvan-a-aprender-historia\/\" \/>\n<meta property=\"og:locale\" content=\"es_ES\" \/>\n<meta property=\"og:type\" content=\"article\" \/>\n<meta property=\"og:title\" content=\"Jason Steinhauer: Es fundamental que los estudiantes vuelvan a aprender historia - 2026\" \/>\n<meta property=\"og:description\" content=\"Comunidad de Maestros, Docentes y Profesores, en donde encontrar\u00e1s material, informaci\u00f3n y noticias del \u00e1mbito nacional y mundial.\" \/>\n<meta property=\"og:url\" content=\"https:\/\/webdelmaestrocmf.com\/portal\/jason-steinhauer-es-fundamental-que-los-estudiantes-vuelvan-a-aprender-historia\/\" \/>\n<meta property=\"og:site_name\" content=\"Web del Maestro CMF\" \/>\n<meta property=\"article:publisher\" content=\"https:\/\/www.facebook.com\/WebdelMaestroCMF\/\" \/>\n<meta property=\"article:author\" content=\"https:\/\/www.facebook.com\/WebdelMaestroCMF\/\" \/>\n<meta property=\"article:published_time\" content=\"2023-01-30T01:10:47+00:00\" \/>\n<meta property=\"article:modified_time\" content=\"2023-01-30T01:25:58+00:00\" \/>\n<meta property=\"og:image\" content=\"https:\/\/i0.wp.com\/webdelmaestrocmf.com\/portal\/wp-content\/uploads\/2023\/01\/1-71.jpg?fit=900%2C556&ssl=1\" \/>\n\t<meta property=\"og:image:width\" content=\"900\" \/>\n\t<meta property=\"og:image:height\" content=\"556\" \/>\n\t<meta property=\"og:image:type\" content=\"image\/jpeg\" \/>\n<meta name=\"author\" content=\"Web del Maestro CMF\" \/>\n<meta name=\"twitter:card\" content=\"summary_large_image\" \/>\n<meta name=\"twitter:creator\" content=\"@cmf_w\" \/>\n<meta name=\"twitter:site\" content=\"@cmf_w\" \/>\n<script type=\"application\/ld+json\" class=\"yoast-schema-graph\">{\"@context\":\"https:\\\/\\\/schema.org\",\"@graph\":[{\"@type\":\"ScholarlyArticle\",\"@id\":\"https:\\\/\\\/webdelmaestrocmf.com\\\/portal\\\/jason-steinhauer-es-fundamental-que-los-estudiantes-vuelvan-a-aprender-historia\\\/#article\",\"isPartOf\":{\"@id\":\"https:\\\/\\\/webdelmaestrocmf.com\\\/portal\\\/jason-steinhauer-es-fundamental-que-los-estudiantes-vuelvan-a-aprender-historia\\\/\"},\"author\":{\"name\":\"Web del Maestro CMF\",\"@id\":\"https:\\\/\\\/webdelmaestrocmf.com\\\/portal\\\/#\\\/schema\\\/person\\\/1072a2ed7bd960df8ef99a551fa35dc5\"},\"headline\":\"Jason Steinhauer: Es fundamental que los estudiantes vuelvan a aprender historia\",\"datePublished\":\"2023-01-30T01:10:47+00:00\",\"dateModified\":\"2023-01-30T01:25:58+00:00\",\"mainEntityOfPage\":{\"@id\":\"https:\\\/\\\/webdelmaestrocmf.com\\\/portal\\\/jason-steinhauer-es-fundamental-que-los-estudiantes-vuelvan-a-aprender-historia\\\/\"},\"wordCount\":968,\"commentCount\":0,\"publisher\":{\"@id\":\"https:\\\/\\\/webdelmaestrocmf.com\\\/portal\\\/#organization\"},\"image\":{\"@id\":\"https:\\\/\\\/webdelmaestrocmf.com\\\/portal\\\/jason-steinhauer-es-fundamental-que-los-estudiantes-vuelvan-a-aprender-historia\\\/#primaryimage\"},\"thumbnailUrl\":\"https:\\\/\\\/webdelmaestrocmf.com\\\/portal\\\/wp-content\\\/uploads\\\/2023\\\/01\\\/1-71.jpg\",\"keywords\":[\"Aprender\",\"estudiantes\",\"fundamental\",\"HISTORIA\",\"Jason Steinhauer\",\"vuelvan\"],\"articleSection\":[\"Entrevistas\",\"Noticias\"],\"inLanguage\":\"es\",\"potentialAction\":[{\"@type\":\"CommentAction\",\"name\":\"Comment\",\"target\":[\"https:\\\/\\\/webdelmaestrocmf.com\\\/portal\\\/jason-steinhauer-es-fundamental-que-los-estudiantes-vuelvan-a-aprender-historia\\\/#respond\"]}]},{\"@type\":\"WebPage\",\"@id\":\"https:\\\/\\\/webdelmaestrocmf.com\\\/portal\\\/jason-steinhauer-es-fundamental-que-los-estudiantes-vuelvan-a-aprender-historia\\\/\",\"url\":\"https:\\\/\\\/webdelmaestrocmf.com\\\/portal\\\/jason-steinhauer-es-fundamental-que-los-estudiantes-vuelvan-a-aprender-historia\\\/\",\"name\":\"Jason Steinhauer: Es fundamental que los estudiantes vuelvan a aprender historia - 2026\",\"isPartOf\":{\"@id\":\"https:\\\/\\\/webdelmaestrocmf.com\\\/portal\\\/#website\"},\"primaryImageOfPage\":{\"@id\":\"https:\\\/\\\/webdelmaestrocmf.com\\\/portal\\\/jason-steinhauer-es-fundamental-que-los-estudiantes-vuelvan-a-aprender-historia\\\/#primaryimage\"},\"image\":{\"@id\":\"https:\\\/\\\/webdelmaestrocmf.com\\\/portal\\\/jason-steinhauer-es-fundamental-que-los-estudiantes-vuelvan-a-aprender-historia\\\/#primaryimage\"},\"thumbnailUrl\":\"https:\\\/\\\/webdelmaestrocmf.com\\\/portal\\\/wp-content\\\/uploads\\\/2023\\\/01\\\/1-71.jpg\",\"datePublished\":\"2023-01-30T01:10:47+00:00\",\"dateModified\":\"2023-01-30T01:25:58+00:00\",\"description\":\"Comunidad de Maestros, Docentes y Profesores, en donde encontrar\u00e1s material, informaci\u00f3n y noticias del \u00e1mbito nacional y mundial.\",\"breadcrumb\":{\"@id\":\"https:\\\/\\\/webdelmaestrocmf.com\\\/portal\\\/jason-steinhauer-es-fundamental-que-los-estudiantes-vuelvan-a-aprender-historia\\\/#breadcrumb\"},\"inLanguage\":\"es\",\"potentialAction\":[{\"@type\":\"ReadAction\",\"target\":[\"https:\\\/\\\/webdelmaestrocmf.com\\\/portal\\\/jason-steinhauer-es-fundamental-que-los-estudiantes-vuelvan-a-aprender-historia\\\/\"]}]},{\"@type\":\"ImageObject\",\"inLanguage\":\"es\",\"@id\":\"https:\\\/\\\/webdelmaestrocmf.com\\\/portal\\\/jason-steinhauer-es-fundamental-que-los-estudiantes-vuelvan-a-aprender-historia\\\/#primaryimage\",\"url\":\"https:\\\/\\\/webdelmaestrocmf.com\\\/portal\\\/wp-content\\\/uploads\\\/2023\\\/01\\\/1-71.jpg\",\"contentUrl\":\"https:\\\/\\\/webdelmaestrocmf.com\\\/portal\\\/wp-content\\\/uploads\\\/2023\\\/01\\\/1-71.jpg\",\"width\":900,\"height\":556,\"caption\":\"Fuente de la imagen: blogs.loc.gov\"},{\"@type\":\"BreadcrumbList\",\"@id\":\"https:\\\/\\\/webdelmaestrocmf.com\\\/portal\\\/jason-steinhauer-es-fundamental-que-los-estudiantes-vuelvan-a-aprender-historia\\\/#breadcrumb\",\"itemListElement\":[{\"@type\":\"ListItem\",\"position\":1,\"name\":\"Portada\",\"item\":\"https:\\\/\\\/webdelmaestrocmf.com\\\/portal\\\/\"},{\"@type\":\"ListItem\",\"position\":2,\"name\":\"Noticias\",\"item\":\"https:\\\/\\\/webdelmaestrocmf.com\\\/portal\\\/category\\\/noticias\\\/\"},{\"@type\":\"ListItem\",\"position\":3,\"name\":\"Jason Steinhauer: Es fundamental que los estudiantes vuelvan a aprender historia\"}]},{\"@type\":\"WebSite\",\"@id\":\"https:\\\/\\\/webdelmaestrocmf.com\\\/portal\\\/#website\",\"url\":\"https:\\\/\\\/webdelmaestrocmf.com\\\/portal\\\/\",\"name\":\"Web del Maestro CMF\",\"description\":\"Maestros al servicio de la educaci\u00f3n\",\"publisher\":{\"@id\":\"https:\\\/\\\/webdelmaestrocmf.com\\\/portal\\\/#organization\"},\"alternateName\":\"WMCMF\",\"potentialAction\":[{\"@type\":\"SearchAction\",\"target\":{\"@type\":\"EntryPoint\",\"urlTemplate\":\"https:\\\/\\\/webdelmaestrocmf.com\\\/portal\\\/?s={search_term_string}\"},\"query-input\":{\"@type\":\"PropertyValueSpecification\",\"valueRequired\":true,\"valueName\":\"search_term_string\"}}],\"inLanguage\":\"es\"},{\"@type\":\"Organization\",\"@id\":\"https:\\\/\\\/webdelmaestrocmf.com\\\/portal\\\/#organization\",\"name\":\"Web del Maestro CMF\",\"alternateName\":\"WMCMF\",\"url\":\"https:\\\/\\\/webdelmaestrocmf.com\\\/portal\\\/\",\"logo\":{\"@type\":\"ImageObject\",\"inLanguage\":\"es\",\"@id\":\"https:\\\/\\\/webdelmaestrocmf.com\\\/portal\\\/#\\\/schema\\\/logo\\\/image\\\/\",\"url\":\"https:\\\/\\\/webdelmaestrocmf.com\\\/portal\\\/wp-content\\\/uploads\\\/2023\\\/01\\\/logo-wmcmf-2.png\",\"contentUrl\":\"https:\\\/\\\/webdelmaestrocmf.com\\\/portal\\\/wp-content\\\/uploads\\\/2023\\\/01\\\/logo-wmcmf-2.png\",\"width\":200,\"height\":60,\"caption\":\"Web del Maestro CMF\"},\"image\":{\"@id\":\"https:\\\/\\\/webdelmaestrocmf.com\\\/portal\\\/#\\\/schema\\\/logo\\\/image\\\/\"},\"sameAs\":[\"https:\\\/\\\/www.facebook.com\\\/WebdelMaestroCMF\\\/\",\"https:\\\/\\\/x.com\\\/cmf_w\",\"https:\\\/\\\/www.pinterest.com\\\/WMCMF\\\/\",\"https:\\\/\\\/www.linkedin.com\\\/company\\\/web-del-maestro-cmf\\\/\",\"https:\\\/\\\/www.instagram.com\\\/wmcmf\\\/\",\"https:\\\/\\\/www.youtube.com\\\/channel\\\/UCDPSvjbdodE5sHnC3OxutHw\",\"https:\\\/\\\/mastodon.social\\\/@wmcmf\",\"https:\\\/\\\/www.tiktok.com\\\/@webdelmaestrocmf\"]},{\"@type\":\"Person\",\"@id\":\"https:\\\/\\\/webdelmaestrocmf.com\\\/portal\\\/#\\\/schema\\\/person\\\/1072a2ed7bd960df8ef99a551fa35dc5\",\"name\":\"Web del Maestro CMF\",\"image\":{\"@type\":\"ImageObject\",\"inLanguage\":\"es\",\"@id\":\"https:\\\/\\\/secure.gravatar.com\\\/avatar\\\/23291dd5b5ae1077dcff3dbb04c3e02bd28403fa75af6d8787d5e97c5bbbe30b?s=96&d=mm&r=g\",\"url\":\"https:\\\/\\\/secure.gravatar.com\\\/avatar\\\/23291dd5b5ae1077dcff3dbb04c3e02bd28403fa75af6d8787d5e97c5bbbe30b?s=96&d=mm&r=g\",\"contentUrl\":\"https:\\\/\\\/secure.gravatar.com\\\/avatar\\\/23291dd5b5ae1077dcff3dbb04c3e02bd28403fa75af6d8787d5e97c5bbbe30b?s=96&d=mm&r=g\",\"caption\":\"Web del Maestro CMF\"},\"description\":\"Esta Web se cre\u00f3 sin fines de lucro, con fines educativos, cient\u00edficos y acad\u00e9micos, para personas que tengan dificultades y\\\/o inconvenientes en visualizar el material original. El objetivo es entregar recursos, compartir experiencias y materiales que ayuden a los padres de familia, maestros y estudiantes en su actualizaci\u00f3n y formaci\u00f3n permanente, en bien de la Educaci\u00f3n.\",\"sameAs\":[\"http:\\\/\\\/webdelmaestrocmf.com\\\/portal\",\"https:\\\/\\\/www.facebook.com\\\/WebdelMaestroCMF\\\/\",\"https:\\\/\\\/www.instagram.com\\\/wmcmf\\\/\",\"https:\\\/\\\/cl.linkedin.com\\\/company\\\/web-del-maestro-cmf\",\"https:\\\/\\\/www.pinterest.com\\\/WMCMF\\\/publicaciones\\\/\",\"https:\\\/\\\/x.com\\\/cmf_w\",\"https:\\\/\\\/www.youtube.com\\\/@WMCMF\"]}]}<\/script>\n<!-- \/ Yoast SEO plugin. -->","yoast_head_json":{"title":"Jason Steinhauer: Es fundamental que los estudiantes vuelvan a aprender historia - 2026","description":"Comunidad de Maestros, Docentes y Profesores, en donde encontrar\u00e1s material, informaci\u00f3n y noticias del \u00e1mbito nacional y mundial.","robots":{"index":"index","follow":"follow","max-snippet":"max-snippet:-1","max-image-preview":"max-image-preview:large","max-video-preview":"max-video-preview:-1"},"canonical":"https:\/\/webdelmaestrocmf.com\/portal\/jason-steinhauer-es-fundamental-que-los-estudiantes-vuelvan-a-aprender-historia\/","og_locale":"es_ES","og_type":"article","og_title":"Jason Steinhauer: Es fundamental que los estudiantes vuelvan a aprender historia - 2026","og_description":"Comunidad de Maestros, Docentes y Profesores, en donde encontrar\u00e1s material, informaci\u00f3n y noticias del \u00e1mbito nacional y mundial.","og_url":"https:\/\/webdelmaestrocmf.com\/portal\/jason-steinhauer-es-fundamental-que-los-estudiantes-vuelvan-a-aprender-historia\/","og_site_name":"Web del Maestro CMF","article_publisher":"https:\/\/www.facebook.com\/WebdelMaestroCMF\/","article_author":"https:\/\/www.facebook.com\/WebdelMaestroCMF\/","article_published_time":"2023-01-30T01:10:47+00:00","article_modified_time":"2023-01-30T01:25:58+00:00","og_image":[{"width":900,"height":556,"url":"https:\/\/i0.wp.com\/webdelmaestrocmf.com\/portal\/wp-content\/uploads\/2023\/01\/1-71.jpg?fit=900%2C556&ssl=1","type":"image\/jpeg"}],"author":"Web del Maestro CMF","twitter_card":"summary_large_image","twitter_creator":"@cmf_w","twitter_site":"@cmf_w","schema":{"@context":"https:\/\/schema.org","@graph":[{"@type":"ScholarlyArticle","@id":"https:\/\/webdelmaestrocmf.com\/portal\/jason-steinhauer-es-fundamental-que-los-estudiantes-vuelvan-a-aprender-historia\/#article","isPartOf":{"@id":"https:\/\/webdelmaestrocmf.com\/portal\/jason-steinhauer-es-fundamental-que-los-estudiantes-vuelvan-a-aprender-historia\/"},"author":{"name":"Web del Maestro CMF","@id":"https:\/\/webdelmaestrocmf.com\/portal\/#\/schema\/person\/1072a2ed7bd960df8ef99a551fa35dc5"},"headline":"Jason Steinhauer: Es fundamental que los estudiantes vuelvan a aprender historia","datePublished":"2023-01-30T01:10:47+00:00","dateModified":"2023-01-30T01:25:58+00:00","mainEntityOfPage":{"@id":"https:\/\/webdelmaestrocmf.com\/portal\/jason-steinhauer-es-fundamental-que-los-estudiantes-vuelvan-a-aprender-historia\/"},"wordCount":968,"commentCount":0,"publisher":{"@id":"https:\/\/webdelmaestrocmf.com\/portal\/#organization"},"image":{"@id":"https:\/\/webdelmaestrocmf.com\/portal\/jason-steinhauer-es-fundamental-que-los-estudiantes-vuelvan-a-aprender-historia\/#primaryimage"},"thumbnailUrl":"https:\/\/webdelmaestrocmf.com\/portal\/wp-content\/uploads\/2023\/01\/1-71.jpg","keywords":["Aprender","estudiantes","fundamental","HISTORIA","Jason Steinhauer","vuelvan"],"articleSection":["Entrevistas","Noticias"],"inLanguage":"es","potentialAction":[{"@type":"CommentAction","name":"Comment","target":["https:\/\/webdelmaestrocmf.com\/portal\/jason-steinhauer-es-fundamental-que-los-estudiantes-vuelvan-a-aprender-historia\/#respond"]}]},{"@type":"WebPage","@id":"https:\/\/webdelmaestrocmf.com\/portal\/jason-steinhauer-es-fundamental-que-los-estudiantes-vuelvan-a-aprender-historia\/","url":"https:\/\/webdelmaestrocmf.com\/portal\/jason-steinhauer-es-fundamental-que-los-estudiantes-vuelvan-a-aprender-historia\/","name":"Jason Steinhauer: Es fundamental que los estudiantes vuelvan a aprender historia - 2026","isPartOf":{"@id":"https:\/\/webdelmaestrocmf.com\/portal\/#website"},"primaryImageOfPage":{"@id":"https:\/\/webdelmaestrocmf.com\/portal\/jason-steinhauer-es-fundamental-que-los-estudiantes-vuelvan-a-aprender-historia\/#primaryimage"},"image":{"@id":"https:\/\/webdelmaestrocmf.com\/portal\/jason-steinhauer-es-fundamental-que-los-estudiantes-vuelvan-a-aprender-historia\/#primaryimage"},"thumbnailUrl":"https:\/\/webdelmaestrocmf.com\/portal\/wp-content\/uploads\/2023\/01\/1-71.jpg","datePublished":"2023-01-30T01:10:47+00:00","dateModified":"2023-01-30T01:25:58+00:00","description":"Comunidad de Maestros, Docentes y Profesores, en donde encontrar\u00e1s material, informaci\u00f3n y noticias del \u00e1mbito nacional y mundial.","breadcrumb":{"@id":"https:\/\/webdelmaestrocmf.com\/portal\/jason-steinhauer-es-fundamental-que-los-estudiantes-vuelvan-a-aprender-historia\/#breadcrumb"},"inLanguage":"es","potentialAction":[{"@type":"ReadAction","target":["https:\/\/webdelmaestrocmf.com\/portal\/jason-steinhauer-es-fundamental-que-los-estudiantes-vuelvan-a-aprender-historia\/"]}]},{"@type":"ImageObject","inLanguage":"es","@id":"https:\/\/webdelmaestrocmf.com\/portal\/jason-steinhauer-es-fundamental-que-los-estudiantes-vuelvan-a-aprender-historia\/#primaryimage","url":"https:\/\/webdelmaestrocmf.com\/portal\/wp-content\/uploads\/2023\/01\/1-71.jpg","contentUrl":"https:\/\/webdelmaestrocmf.com\/portal\/wp-content\/uploads\/2023\/01\/1-71.jpg","width":900,"height":556,"caption":"Fuente de la imagen: blogs.loc.gov"},{"@type":"BreadcrumbList","@id":"https:\/\/webdelmaestrocmf.com\/portal\/jason-steinhauer-es-fundamental-que-los-estudiantes-vuelvan-a-aprender-historia\/#breadcrumb","itemListElement":[{"@type":"ListItem","position":1,"name":"Portada","item":"https:\/\/webdelmaestrocmf.com\/portal\/"},{"@type":"ListItem","position":2,"name":"Noticias","item":"https:\/\/webdelmaestrocmf.com\/portal\/category\/noticias\/"},{"@type":"ListItem","position":3,"name":"Jason Steinhauer: Es fundamental que los estudiantes vuelvan a aprender historia"}]},{"@type":"WebSite","@id":"https:\/\/webdelmaestrocmf.com\/portal\/#website","url":"https:\/\/webdelmaestrocmf.com\/portal\/","name":"Web del Maestro CMF","description":"Maestros al servicio de la educaci\u00f3n","publisher":{"@id":"https:\/\/webdelmaestrocmf.com\/portal\/#organization"},"alternateName":"WMCMF","potentialAction":[{"@type":"SearchAction","target":{"@type":"EntryPoint","urlTemplate":"https:\/\/webdelmaestrocmf.com\/portal\/?s={search_term_string}"},"query-input":{"@type":"PropertyValueSpecification","valueRequired":true,"valueName":"search_term_string"}}],"inLanguage":"es"},{"@type":"Organization","@id":"https:\/\/webdelmaestrocmf.com\/portal\/#organization","name":"Web del Maestro CMF","alternateName":"WMCMF","url":"https:\/\/webdelmaestrocmf.com\/portal\/","logo":{"@type":"ImageObject","inLanguage":"es","@id":"https:\/\/webdelmaestrocmf.com\/portal\/#\/schema\/logo\/image\/","url":"https:\/\/webdelmaestrocmf.com\/portal\/wp-content\/uploads\/2023\/01\/logo-wmcmf-2.png","contentUrl":"https:\/\/webdelmaestrocmf.com\/portal\/wp-content\/uploads\/2023\/01\/logo-wmcmf-2.png","width":200,"height":60,"caption":"Web del Maestro CMF"},"image":{"@id":"https:\/\/webdelmaestrocmf.com\/portal\/#\/schema\/logo\/image\/"},"sameAs":["https:\/\/www.facebook.com\/WebdelMaestroCMF\/","https:\/\/x.com\/cmf_w","https:\/\/www.pinterest.com\/WMCMF\/","https:\/\/www.linkedin.com\/company\/web-del-maestro-cmf\/","https:\/\/www.instagram.com\/wmcmf\/","https:\/\/www.youtube.com\/channel\/UCDPSvjbdodE5sHnC3OxutHw","https:\/\/mastodon.social\/@wmcmf","https:\/\/www.tiktok.com\/@webdelmaestrocmf"]},{"@type":"Person","@id":"https:\/\/webdelmaestrocmf.com\/portal\/#\/schema\/person\/1072a2ed7bd960df8ef99a551fa35dc5","name":"Web del Maestro CMF","image":{"@type":"ImageObject","inLanguage":"es","@id":"https:\/\/secure.gravatar.com\/avatar\/23291dd5b5ae1077dcff3dbb04c3e02bd28403fa75af6d8787d5e97c5bbbe30b?s=96&d=mm&r=g","url":"https:\/\/secure.gravatar.com\/avatar\/23291dd5b5ae1077dcff3dbb04c3e02bd28403fa75af6d8787d5e97c5bbbe30b?s=96&d=mm&r=g","contentUrl":"https:\/\/secure.gravatar.com\/avatar\/23291dd5b5ae1077dcff3dbb04c3e02bd28403fa75af6d8787d5e97c5bbbe30b?s=96&d=mm&r=g","caption":"Web del Maestro CMF"},"description":"Esta Web se cre\u00f3 sin fines de lucro, con fines educativos, cient\u00edficos y acad\u00e9micos, para personas que tengan dificultades y\/o inconvenientes en visualizar el material original. El objetivo es entregar recursos, compartir experiencias y materiales que ayuden a los padres de familia, maestros y estudiantes en su actualizaci\u00f3n y formaci\u00f3n permanente, en bien de la Educaci\u00f3n.","sameAs":["http:\/\/webdelmaestrocmf.com\/portal","https:\/\/www.facebook.com\/WebdelMaestroCMF\/","https:\/\/www.instagram.com\/wmcmf\/","https:\/\/cl.linkedin.com\/company\/web-del-maestro-cmf","https:\/\/www.pinterest.com\/WMCMF\/publicaciones\/","https:\/\/x.com\/cmf_w","https:\/\/www.youtube.com\/@WMCMF"]}]}},"jetpack_featured_media_url":"https:\/\/webdelmaestrocmf.com\/portal\/wp-content\/uploads\/2023\/01\/1-71.jpg","jetpack_sharing_enabled":true,"jetpack-related-posts":[{"id":89255,"url":"https:\/\/webdelmaestrocmf.com\/portal\/rosa-liarte-no-podemos-pretender-que-de-la-noche-a-la-manana-todo-el-profesorado-cambie\/","url_meta":{"origin":83478,"position":0},"title":"Rosa Liarte: No podemos pretender que de la noche a la ma\u00f1ana todo el profesorado cambie","author":"Web del Maestro CMF","date":"22 mayo, 2023","format":false,"excerpt":"La profesora espa\u00f1ola Rosa Liarte Alcaine (1984) Licenciada en Historia por la Universidad de M\u00e1laga (Espa\u00f1a), inici\u00f3 su labor docente como profesora de Geograf\u00eda e Historia, coordinadora TIC, responsable de la formaci\u00f3n del profesorado en el uso de las TICS y metodolog\u00edas como ABP, y el aula invertida o Mobile\u2026","rel":"","context":"En \u00abEntrevistas\u00bb","block_context":{"text":"Entrevistas","link":"https:\/\/webdelmaestrocmf.com\/portal\/category\/noticias\/entrevistas\/"},"img":{"alt_text":"","src":"https:\/\/i0.wp.com\/webdelmaestrocmf.com\/portal\/wp-content\/uploads\/2023\/05\/A12B3C4D-15.jpg?resize=350%2C200&ssl=1","width":350,"height":200,"srcset":"https:\/\/i0.wp.com\/webdelmaestrocmf.com\/portal\/wp-content\/uploads\/2023\/05\/A12B3C4D-15.jpg?resize=350%2C200&ssl=1 1x, https:\/\/i0.wp.com\/webdelmaestrocmf.com\/portal\/wp-content\/uploads\/2023\/05\/A12B3C4D-15.jpg?resize=525%2C300&ssl=1 1.5x, https:\/\/i0.wp.com\/webdelmaestrocmf.com\/portal\/wp-content\/uploads\/2023\/05\/A12B3C4D-15.jpg?resize=700%2C400&ssl=1 2x"},"classes":[]},{"id":66118,"url":"https:\/\/webdelmaestrocmf.com\/portal\/tamara-un-emotivo-corto-de-una-nina-sorda-que-refleja-la-importancia-de-creer-en-ellos\/","url_meta":{"origin":83478,"position":1},"title":"Tamara, una ni\u00f1a sorda que destaca la importancia de creer en s\u00ed misma","author":"Web del Maestro CMF","date":"11 noviembre, 2023","format":false,"excerpt":"Tamara, una peque\u00f1a ni\u00f1a sorda, nos sumerge en un emotivo mundo de ballet a trav\u00e9s de un corto filmado por Jason Marino. Su historia, llena de emoci\u00f3n y determinaci\u00f3n, refleja la importancia de creer en los ni\u00f1os y potenciar sus habilidades. En el coraz\u00f3n de esta conmovedora historia est\u00e1 Tamara,\u2026","rel":"","context":"En \u00abPel\u00edculas\u00bb","block_context":{"text":"Pel\u00edculas","link":"https:\/\/webdelmaestrocmf.com\/portal\/category\/pedagogia\/peliculas\/"},"img":{"alt_text":"ni\u00f1a sorda","src":"https:\/\/i0.wp.com\/webdelmaestrocmf.com\/portal\/wp-content\/uploads\/2021\/08\/1-18.jpg?resize=350%2C200&ssl=1","width":350,"height":200,"srcset":"https:\/\/i0.wp.com\/webdelmaestrocmf.com\/portal\/wp-content\/uploads\/2021\/08\/1-18.jpg?resize=350%2C200&ssl=1 1x, https:\/\/i0.wp.com\/webdelmaestrocmf.com\/portal\/wp-content\/uploads\/2021\/08\/1-18.jpg?resize=525%2C300&ssl=1 1.5x, https:\/\/i0.wp.com\/webdelmaestrocmf.com\/portal\/wp-content\/uploads\/2021\/08\/1-18.jpg?resize=700%2C400&ssl=1 2x, https:\/\/i0.wp.com\/webdelmaestrocmf.com\/portal\/wp-content\/uploads\/2021\/08\/1-18.jpg?resize=1050%2C600&ssl=1 3x"},"classes":[]},{"id":106231,"url":"https:\/\/webdelmaestrocmf.com\/portal\/la-rae-lanza-su-biblioteca-digital-con-miles-de-libros-gratis\/","url_meta":{"origin":83478,"position":2},"title":"La RAE lanza su Biblioteca Digital con miles de libros gratis","author":"Web del Maestro CMF","date":"23 julio, 2024","format":false,"excerpt":"Para los hispanohablantes el Diccionario de la lengua espa\u00f1ola de Real Academia Espa\u00f1ola, fundada en 1713 en Madrid (Espa\u00f1a), es la obra lexicogr\u00e1fica acad\u00e9mica por excelencia. Como educadores nos toca saber que es el recurso que no puede faltar en toda nuestra formaci\u00f3n, y como cuenta la historiadora de la\u2026","rel":"","context":"En \u00abYo opino - WMCMF\u00bb","block_context":{"text":"Yo opino - WMCMF","link":"https:\/\/webdelmaestrocmf.com\/portal\/category\/jamb\/"},"img":{"alt_text":"","src":"https:\/\/i0.wp.com\/webdelmaestrocmf.com\/portal\/wp-content\/uploads\/2024\/07\/Banner-1-portada-imagen-10-1-2024-07-23T183835.862.jpg?resize=350%2C200&ssl=1","width":350,"height":200,"srcset":"https:\/\/i0.wp.com\/webdelmaestrocmf.com\/portal\/wp-content\/uploads\/2024\/07\/Banner-1-portada-imagen-10-1-2024-07-23T183835.862.jpg?resize=350%2C200&ssl=1 1x, https:\/\/i0.wp.com\/webdelmaestrocmf.com\/portal\/wp-content\/uploads\/2024\/07\/Banner-1-portada-imagen-10-1-2024-07-23T183835.862.jpg?resize=525%2C300&ssl=1 1.5x, https:\/\/i0.wp.com\/webdelmaestrocmf.com\/portal\/wp-content\/uploads\/2024\/07\/Banner-1-portada-imagen-10-1-2024-07-23T183835.862.jpg?resize=700%2C400&ssl=1 2x"},"classes":[]},{"id":41679,"url":"https:\/\/webdelmaestrocmf.com\/portal\/thomas-edison-sufrio-de-dislexia-fue-separado-de-la-escuela-sus-profesores-pensaron-que-no-era-muy-inteligente-y-su-madre-lo-educo\/","url_meta":{"origin":83478,"position":3},"title":"Sufri\u00f3 de dislexia, fue separado de la escuela, sus profesores pensaron que no era muy inteligente y su madre lo educ\u00f3","author":"Web del Maestro CMF","date":"15 noviembre, 2019","format":false,"excerpt":"Thomas Alva Edison (Milan, Ohio 1847 -\u00a0 West Orange, NJ 1931), tuvo en su madre, la mejor profesora, quien \u201cdespu\u00e9s de las tareas dom\u00e9sticas, le ense\u00f1\u00f3 a leer y escribir correctamente, adem\u00e1s de aritm\u00e9tica. Y comenz\u00f3 a leerle algunos libros que no estaban entre lo m\u00e1s com\u00fan del momento: La\u2026","rel":"","context":"En \u00abYo opino - WMCMF\u00bb","block_context":{"text":"Yo opino - WMCMF","link":"https:\/\/webdelmaestrocmf.com\/portal\/category\/jamb\/"},"img":{"alt_text":"Thomas Alva Edison","src":"https:\/\/i0.wp.com\/webdelmaestrocmf.com\/portal\/wp-content\/uploads\/2019\/11\/A12B3C4D-12.jpg?resize=350%2C200&ssl=1","width":350,"height":200,"srcset":"https:\/\/i0.wp.com\/webdelmaestrocmf.com\/portal\/wp-content\/uploads\/2019\/11\/A12B3C4D-12.jpg?resize=350%2C200&ssl=1 1x, https:\/\/i0.wp.com\/webdelmaestrocmf.com\/portal\/wp-content\/uploads\/2019\/11\/A12B3C4D-12.jpg?resize=525%2C300&ssl=1 1.5x, https:\/\/i0.wp.com\/webdelmaestrocmf.com\/portal\/wp-content\/uploads\/2019\/11\/A12B3C4D-12.jpg?resize=700%2C400&ssl=1 2x"},"classes":[]},{"id":83663,"url":"https:\/\/webdelmaestrocmf.com\/portal\/metodologia-de-la-investigacion-cuantitativa-cualitativa-y-redaccion-de-la-tesis-la-imaginacion-dialectica-una-historia-de-la-escuela-frankfurt-descarga-para-docentes\/","url_meta":{"origin":83478,"position":4},"title":"Metodolog\u00eda de la Investigaci\u00f3n (Cuantitativa, Cualitativa y Redacci\u00f3n de la Tesis) | La Imaginaci\u00f3n Dial\u00e9ctica (Una Historia de la Escuela Frankfurt) | Descarga para docentes","author":"Web del Maestro CMF","date":"1 febrero, 2023","format":false,"excerpt":"El libro \"Metodolog\u00eda de la Investigaci\u00f3n (Cuantitativa, Cualitativa y Redacci\u00f3n de la Tesis)\", seg\u00fan los autores, \u201cciencia e investigaci\u00f3n son las dos coordenadas fundamentales de la universidad moderna que aspira al desarrollo de su regi\u00f3n y del pa\u00eds entero. La primera entra\u00f1a docencia universitaria basada en teor\u00edas cient\u00edficas rigurosamente verificadas\u2026","rel":"","context":"En \u00abLibros\u00bb","block_context":{"text":"Libros","link":"https:\/\/webdelmaestrocmf.com\/portal\/category\/pedagogia\/libros\/"},"img":{"alt_text":"","src":"https:\/\/i0.wp.com\/webdelmaestrocmf.com\/portal\/wp-content\/uploads\/2023\/02\/1A-Banndder-1-portada-imagen-10-1-copia.webp?resize=350%2C200&ssl=1","width":350,"height":200,"srcset":"https:\/\/i0.wp.com\/webdelmaestrocmf.com\/portal\/wp-content\/uploads\/2023\/02\/1A-Banndder-1-portada-imagen-10-1-copia.webp?resize=350%2C200&ssl=1 1x, https:\/\/i0.wp.com\/webdelmaestrocmf.com\/portal\/wp-content\/uploads\/2023\/02\/1A-Banndder-1-portada-imagen-10-1-copia.webp?resize=525%2C300&ssl=1 1.5x, https:\/\/i0.wp.com\/webdelmaestrocmf.com\/portal\/wp-content\/uploads\/2023\/02\/1A-Banndder-1-portada-imagen-10-1-copia.webp?resize=700%2C400&ssl=1 2x"},"classes":[]},{"id":51489,"url":"https:\/\/webdelmaestrocmf.com\/portal\/estrategias-digitales-para-la-ensenanza-de-la-historia\/","url_meta":{"origin":83478,"position":5},"title":"Estrategias y herramientas digitales para la ense\u00f1anza de la historia","author":"Web del Maestro CMF","date":"14 septiembre, 2020","format":false,"excerpt":"Para la asignatura de Ciencias sociales o Historia tanto t\u00fa como tus alumnos utiliz\u00e1is mapas, enciclopedias o im\u00e1genes. \u00bfHas pensado en a\u00f1adir un componente m\u00e1s interactivo y optar por las versiones digitales e interactivas de todas estas herramientas? Puedes utilizarlas para preparar y exponer la clase\u00a0o ponerlas a disposici\u00f3n de\u2026","rel":"","context":"En \u00abHistoria\u00bb","block_context":{"text":"Historia","link":"https:\/\/webdelmaestrocmf.com\/portal\/category\/pedagogia\/historia\/"},"img":{"alt_text":"","src":"https:\/\/i0.wp.com\/webdelmaestrocmf.com\/portal\/wp-content\/uploads\/2020\/09\/1a-6.jpg?resize=350%2C200&ssl=1","width":350,"height":200,"srcset":"https:\/\/i0.wp.com\/webdelmaestrocmf.com\/portal\/wp-content\/uploads\/2020\/09\/1a-6.jpg?resize=350%2C200&ssl=1 1x, https:\/\/i0.wp.com\/webdelmaestrocmf.com\/portal\/wp-content\/uploads\/2020\/09\/1a-6.jpg?resize=525%2C300&ssl=1 1.5x, https:\/\/i0.wp.com\/webdelmaestrocmf.com\/portal\/wp-content\/uploads\/2020\/09\/1a-6.jpg?resize=700%2C400&ssl=1 2x, https:\/\/i0.wp.com\/webdelmaestrocmf.com\/portal\/wp-content\/uploads\/2020\/09\/1a-6.jpg?resize=1050%2C600&ssl=1 3x"},"classes":[]}],"_links":{"self":[{"href":"https:\/\/webdelmaestrocmf.com\/portal\/wp-json\/wp\/v2\/posts\/83478","targetHints":{"allow":["GET"]}}],"collection":[{"href":"https:\/\/webdelmaestrocmf.com\/portal\/wp-json\/wp\/v2\/posts"}],"about":[{"href":"https:\/\/webdelmaestrocmf.com\/portal\/wp-json\/wp\/v2\/types\/post"}],"author":[{"embeddable":true,"href":"https:\/\/webdelmaestrocmf.com\/portal\/wp-json\/wp\/v2\/users\/1"}],"replies":[{"embeddable":true,"href":"https:\/\/webdelmaestrocmf.com\/portal\/wp-json\/wp\/v2\/comments?post=83478"}],"version-history":[{"count":0,"href":"https:\/\/webdelmaestrocmf.com\/portal\/wp-json\/wp\/v2\/posts\/83478\/revisions"}],"wp:featuredmedia":[{"embeddable":true,"href":"https:\/\/webdelmaestrocmf.com\/portal\/wp-json\/wp\/v2\/media\/83479"}],"wp:attachment":[{"href":"https:\/\/webdelmaestrocmf.com\/portal\/wp-json\/wp\/v2\/media?parent=83478"}],"wp:term":[{"taxonomy":"category","embeddable":true,"href":"https:\/\/webdelmaestrocmf.com\/portal\/wp-json\/wp\/v2\/categories?post=83478"},{"taxonomy":"post_tag","embeddable":true,"href":"https:\/\/webdelmaestrocmf.com\/portal\/wp-json\/wp\/v2\/tags?post=83478"}],"curies":[{"name":"wp","href":"https:\/\/api.w.org\/{rel}","templated":true}]}}