{"id":82596,"date":"2023-01-09T20:39:28","date_gmt":"2023-01-09T23:39:28","guid":{"rendered":"https:\/\/webdelmaestrocmf.com\/portal\/?p=82596"},"modified":"2023-01-10T10:41:48","modified_gmt":"2023-01-10T13:41:48","slug":"dejo-la-docencia-para-ser-cajera-en-supermercado-las-condiciones-de-la-educacion-son-malas-y-empeoran-mas-a-medida-que-los-gobiernos-siguen-negados-a-mejorar-las-cosas-tanto-para-los-estudia","status":"publish","type":"post","link":"https:\/\/webdelmaestrocmf.com\/portal\/dejo-la-docencia-para-ser-cajera-en-supermercado-las-condiciones-de-la-educacion-son-malas-y-empeoran-mas-a-medida-que-los-gobiernos-siguen-negados-a-mejorar-las-cosas-tanto-para-los-estudia\/","title":{"rendered":"Dej\u00f3 la docencia para ser cajera en supermercado: \u201cLas condiciones de la educaci\u00f3n son malas y empeoran m\u00e1s a medida que los gobiernos siguen negados a mejorar&#8230;"},"content":{"rendered":"<h5 style=\"text-align: justify;\">Aunque la labor de los maestros es ampliamente reconocida en todas las sociedades, no est\u00e1 ni cerca de ser de los empleos mejor pagados, seg\u00fan las experiencias de quienes se dedican a esta profesi\u00f3n. Adem\u00e1s, muchas veces el desgaste que viven los lleva a buscar nuevos horizontes laborales.<\/h5>\n<p><!--more--><\/p>\n<h5 style=\"text-align: justify;\">Tal es el caso de la tiktoker identificada como &#8216;Millennial Ms. Frizzle&#8217;, conocida originalmente en las redes por compartir su d\u00eda a d\u00eda como docente en Estados Unidos, as\u00ed como por sus recomendaciones para otros colegas. Desde hace unos meses, su cuenta y ella misma han tenido una transformaci\u00f3n radical.<\/h5>\n<p id=\"p732194-m296-2-297\" class=\"contenido \" style=\"text-align: justify;\">La mujer atribuy\u00f3 a los \u201cerrores sistem\u00e1ticos\u201d de la educaci\u00f3n su cambio. Desde su punto de vista, \u00e9sta beneficia a las personas blancas, ricas y a \u201cestudiantes neurot\u00edpicos\u201d.<\/p>\n<p style=\"text-align: justify;\">\u201cLas condiciones de la educaci\u00f3n son malas y empeoran m\u00e1s a medida que los gobiernos siguen negados a mejorar las cosas tanto para los estudiantes como para los maestros\u201d, dijo a trav\u00e9s de su p\u00f3dcast\u00a0<i>Bad Teachers Club<\/i>.<\/p>\n<p><img loading=\"lazy\" decoding=\"async\" class=\"alignnone size-full wp-image-82603\" src=\"https:\/\/webdelmaestrocmf.com\/portal\/wp-content\/uploads\/2023\/01\/1-44.jpg\" alt=\"\" width=\"700\" height=\"460\" srcset=\"https:\/\/webdelmaestrocmf.com\/portal\/wp-content\/uploads\/2023\/01\/1-44.jpg 700w, https:\/\/webdelmaestrocmf.com\/portal\/wp-content\/uploads\/2023\/01\/1-44-300x197.jpg 300w, https:\/\/webdelmaestrocmf.com\/portal\/wp-content\/uploads\/2023\/01\/1-44-380x250.jpg 380w\" sizes=\"auto, (max-width: 700px) 100vw, 700px\" \/><\/p>\n<p style=\"text-align: justify;\">Ahora, la profesional de nombre Maggie Perkins le dio un giro total a su vida.\u00a0<b>Los l\u00e1pices y las pizarras las dej\u00f3 atr\u00e1s para empezar sus jornadas en la popular cadena de tiendas de supermercado Costco<\/b>, espec\u00edficamente en una nueva sucursal que est\u00e1 por abrir.<\/p>\n<p style=\"text-align: justify;\">En un video reciente que comenz\u00f3 a volverse viral,\u00a0<b>la &#8216;influencer&#8217; asegur\u00f3 que se tiene la concepci\u00f3n de que ser maestro es una labor noble y hasta cierto punto \u201cmoralmente superior\u201d<\/b>. Por lo tanto, algunos le han reprochado el rumbo tan distinto que escogi\u00f3.<\/p>\n<blockquote class=\"tiktok-embed\" style=\"max-width: 605px; min-width: 325px;\" cite=\"https:\/\/www.tiktok.com\/@millennialmsfrizz\/video\/7180845740896374059\" data-video-id=\"7180845740896374059\">\n<section><a title=\"@millennialmsfrizz\" href=\"https:\/\/www.tiktok.com\/@millennialmsfrizz?refer=embed\" target=\"_blank\" rel=\"noopener\">@millennialmsfrizz<\/a> I used to be a teacher and now I work at Costco. This is my first year not having a winter break. I do not miss it at all. My pace of my work life now is so much better, I am not sick or exhausted like I used to be when I was a teacher. When I was a teacher I used my winter break basically to recover and go into the next semester of just surviving. #f<a title=\"formerteacher\" href=\"https:\/\/www.tiktok.com\/tag\/formerteacher?refer=embed\" target=\"_blank\" rel=\"noopener\">#formerteacher<\/a>t<a title=\"teacherquittok\" href=\"https:\/\/www.tiktok.com\/tag\/teacherquittok?refer=embed\" target=\"_blank\" rel=\"noopener\">#teacherquittok<\/a>c<a title=\"costcotiktok\" href=\"https:\/\/www.tiktok.com\/tag\/costcotiktok?refer=embed\" target=\"_blank\" rel=\"noopener\">#costcotiktok<\/a>r<a title=\"retailworker\" href=\"https:\/\/www.tiktok.com\/tag\/retailworker?refer=embed\" target=\"_blank\" rel=\"noopener\">#retailworker<\/a>e<a title=\"exteachertiktok\" href=\"https:\/\/www.tiktok.com\/tag\/exteachertiktok?refer=embed\" target=\"_blank\" rel=\"noopener\">#exteachertiktok<\/a>c<a title=\"careertransition\" href=\"https:\/\/www.tiktok.com\/tag\/careertransition?refer=embed\" target=\"_blank\" rel=\"noopener\">#careertransition<\/a>t<a title=\"teachersonbreak\" href=\"https:\/\/www.tiktok.com\/tag\/teachersonbreak?refer=embed\" target=\"_blank\" rel=\"noopener\">#teachersonbreak<\/a> <a title=\"\u266c original sound - Millennial Ms. Frizzle\" href=\"https:\/\/www.tiktok.com\/music\/original-sound-7180845734274419502?refer=embed\" target=\"_blank\" rel=\"noopener\">\u266c original sound &#8211; Millennial Ms. Frizzle<\/a><\/section>\n<\/blockquote>\n<p style=\"text-align: justify;\"><script async src=\"https:\/\/www.tiktok.com\/embed.js\"><\/script><\/p>\n<h5 id=\"p732194-m308-4-309\" class=\"articulo-subtitulo \" style=\"text-align: justify;\">\u201cHa sido un viaje loco\u201d, pero no se arrepiente<\/h5>\n<p id=\"p732194-m314-5-315\" class=\"contenido \" style=\"text-align: justify;\">A trav\u00e9s de sus perfiles de redes sociales, la ahora exmaestra publica\u00a0<b>consejos para animar a otros a dejar sus trabajos y anteponer el bienestar personal ante las oportunidades laborales<\/b>.<\/p>\n<p style=\"text-align: justify;\">\u201cDejar la docencia fue la mejor decisi\u00f3n que pude haber tomado. Sin embargo, no era solo ense\u00f1ar. Hace un a\u00f1o era estudiante de doctorado a tiempo completo. Pens\u00e9 que la academia era mi futuro. Quer\u00eda trabajar con maestros y cre\u00eda que las cosas mejorar\u00edan. Pero no fue as\u00ed. Tienes que cambiar a un mejor ambiente. (\u2026) Ha sido un viaje loco y s\u00e9 que voy en la direcci\u00f3n correcta\u201d, asegur\u00f3 Perkins.<\/p>\n<p style=\"text-align: justify;\">En diferentes videos donde comparti\u00f3 sus convicciones,\u00a0<b>asegur\u00f3 que \u201clos profesores no est\u00e1n bien\u201d<\/b>\u00a0y explic\u00f3 que las habilidades que desarrollan quienes trabajan en las escuelas son m\u00e1s valiosas en otros campos. Talentos con los que podr\u00edan conseguir otros empleos con mejor calidad de vida e incluso mejores salarios: \u201cA medida que se den cuenta de esto, obtendr\u00e1n el valor para irse\u201d, asegur\u00f3.<\/p>\n<blockquote class=\"tiktok-embed\" style=\"max-width: 605px; min-width: 325px;\" cite=\"https:\/\/www.tiktok.com\/@millennialmsfrizz\/video\/7182189581775949102\" data-video-id=\"7182189581775949102\">\n<section><a title=\"@millennialmsfrizz\" href=\"https:\/\/www.tiktok.com\/@millennialmsfrizz?refer=embed\" target=\"_blank\" rel=\"noopener\">@millennialmsfrizz<\/a> Replying to @ghoulgirl0129 I understand that my content is really disruptive to peoples ideas about teachers, and what school is. I know that it makes you uncomfortable when I speak this honestly. I\u2019m not concerned with making you comfortable or letting you sit in the dark. Remember the housing crisis? The education bubble is about to burst #<a title=\"educationcrisis\" href=\"https:\/\/www.tiktok.com\/tag\/educationcrisis?refer=embed\" target=\"_blank\" rel=\"noopener\">#educationcrisis<\/a>#<a title=\"teachersoftiktok\" href=\"https:\/\/www.tiktok.com\/tag\/teachersoftiktok?refer=embed\" target=\"_blank\" rel=\"noopener\">#teachersoftiktok<\/a>#<a title=\"teacherquittok\" href=\"https:\/\/www.tiktok.com\/tag\/teacherquittok?refer=embed\" target=\"_blank\" rel=\"noopener\">#teacherquittok<\/a>#<a title=\"formerteacher\" href=\"https:\/\/www.tiktok.com\/tag\/formerteacher?refer=embed\" target=\"_blank\" rel=\"noopener\">#formerteacher<\/a>#<a title=\"codsquadup\" href=\"https:\/\/www.tiktok.com\/tag\/codsquadup?refer=embed\" target=\"_blank\" rel=\"noopener\">#CODSquadUp<\/a> <a title=\"\u266c Hope (2 Min Edit) - Max Farrar\" href=\"https:\/\/www.tiktok.com\/music\/Hope-2-Min-Edit-6777546534964692993?refer=embed\" target=\"_blank\" rel=\"noopener\">\u266c Hope (2 Min Edit) &#8211; Max Farrar<\/a><\/section>\n<\/blockquote>\n<p style=\"text-align: justify;\"><script async src=\"https:\/\/www.tiktok.com\/embed.js\"><\/script><\/p>\n<h5 id=\"p732194-m326-7-327\" class=\"articulo-subtitulo \" style=\"text-align: justify;\">Impulsora de la renuncia silenciosa<\/h5>\n<p id=\"p732194-m332-8-333\" class=\"contenido \" style=\"text-align: justify;\">A trav\u00e9s de TikTok, &#8216;Millennial Ms. Frizzle&#8217; fue una de las cuentas que en recientes fechas hizo popular la tendencia que promov\u00eda la llamada<b>\u00a0renuncia silenciosa, o \u00abquite quitting\u201d<\/b>. \u00c9sta consiste en hacer apenas lo necesario para cumplir con el trabajo y evitar esfuerzos extra.<\/p>\n<p style=\"text-align: justify;\">El objetivo de este tema que se hizo viral en el verano pasado buscaba que se respetaran los horarios de trabajo establecidos en el contrato y adem\u00e1s que se pagara lo justo por actividades que rebasan esos l\u00edmites.<\/p>\n<p style=\"text-align: justify;\">En ese entonces, Maggie Perkins a\u00fan era profesora y daba algunos\u00a0<b>consejos para hacer la transici\u00f3n a un entorno laboral que ella ve\u00eda como m\u00e1s ben\u00e9fico y evitar el \u201cburnout\u201d.<\/b>\u00a0Este \u00faltimo ha sido otro concepto que se ha popularizado para explicar el desgaste y el agotamiento mental, emocional y f\u00edsico como resultado del estr\u00e9s laboral.<\/p>\n<p><strong>Este contenido ha sido publicado originalmente por EL TIEMPO (Aregentina) en la siguiente direcci\u00f3n: <a href=\"https:\/\/www.eltiempo.com\/cultura\/gente\/profesora-renuncio-a-su-trabajo-para-ser-cajera-en-un-supermercado-732194?fbclid=IwAR3pnPh-3MDlR3ZODSglCUj_ncQilhc-Wve_r2XdQ-UOjEtjGnL2OsMzacs\" target=\"_blank\" rel=\"noopener\">eltiempo.com<\/a><\/strong><\/p>\n\t\t<div class=\"pk-inline-posts\">\n\t\t\t\n\t\t\t<div class=\"pk-inline-posts-container pk-inline-posts-template-list\"\n\t\t\t\tdata-columns=\"1\">\n\t\t\t\t\t\t<article id=\"post-114355\" class=\"post-114355 post type-post status-publish format-standard has-post-thumbnail category-docentes category-noticias-pedagogia category-pedagogia tag-derechos-del-nino tag-docentes-en-redes-sociales tag-educacion-responsable tag-etica-docente tag-legislacion-educativa tag-privacidad-infantil tag-profesores-influencers tag-proteccion-de-datos tag-uso-de-imagen cs-entry cs-video-wrap\">\n\t\t\t<div class=\"pk-post-outer\">\n\n\t\t\t\t\t\t\t\t<div class=\"pk-post-inner\">\n\t\t\t\t\t<div class=\"entry-thumbnail\">\n\t\t\t\t\t\t<div class=\"pk-overlay pk-overlay-ratio pk-ratio-landscape\">\n\t\t\t\t\t\t\t<div class=\"pk-overlay-background\">\n\t\t\t\t\t\t\t\t<a href=\"https:\/\/webdelmaestrocmf.com\/portal\/atencion-profesores-tiktokers-por-que-no-pueden-usar-imagenes-fotos-de-sus-estudiantes-en-redes-sociales-personales\/\" class=\"pk-overlay-link\">\n\t\t\t\t\t\t\t\t\t<img loading=\"lazy\" decoding=\"async\" width=\"300\" height=\"225\" src=\"https:\/\/webdelmaestrocmf.com\/portal\/wp-content\/uploads\/2025\/12\/1A-Banner-1-portada-imagen-10-1-copia-1-18-300x225.webp\" class=\"attachment-pk-thumbnail size-pk-thumbnail wp-post-image\" alt=\"\" \/>\t\t\t\t\t\t\t\t<\/a>\n\t\t\t\t\t\t\t<\/div>\n\t\t\t\t\t\t<\/div>\n\t\t\t\t\t<\/div>\n\t\t\t\t<\/div>\n\t\t\t\t\n\t\t\t\t<div class=\"pk-post-inner\">\n\t\t\t\t\t<header>\n\t\t\t\t\t\t<h3 class=\"pk-title\"><a href=\"https:\/\/webdelmaestrocmf.com\/portal\/atencion-profesores-tiktokers-por-que-no-pueden-usar-imagenes-fotos-de-sus-estudiantes-en-redes-sociales-personales\/\" rel=\"bookmark\">Atenci\u00f3n, profesores tiktokers: por qu\u00e9 no pueden usar im\u00e1genes (fotos) de sus estudiantes en redes sociales personales<\/a><\/h3>\t\t\t\t\t<\/header><!-- .entry-header -->\n\t\t\t\t<\/div><!-- .post-inner -->\n\n\t\t\t<\/div><!-- .post-outer -->\n\t\t<\/article>\n\t\t\t\t<\/div>\n\t\t<\/div>\n\t\t\n","protected":false},"excerpt":{"rendered":"Aunque la labor de los maestros es ampliamente reconocida en todas las sociedades, no est\u00e1 ni cerca de&hellip;","protected":false},"author":1,"featured_media":82605,"comment_status":"open","ping_status":"closed","sticky":false,"template":"","format":"standard","meta":{"csco_display_header_overlay":false,"csco_singular_sidebar":"","csco_page_header_type":"","csco_page_load_nextpost":"","csco_post_video_location":[],"csco_post_video_location_hash":"","csco_post_video_url":"","csco_post_video_bg_start_time":0,"csco_post_video_bg_end_time":0,"csco_post_video_bg_volume":false,"_jetpack_memberships_contains_paid_content":false,"footnotes":""},"categories":[5375,735],"tags":[15074,5556,724,2442,15075],"class_list":{"0":"post-82596","1":"post","2":"type-post","3":"status-publish","4":"format-standard","5":"has-post-thumbnail","7":"category-noticias-pedagogia","8":"category-pedagogia","9":"tag-cajera","10":"tag-dejo","11":"tag-docencia","12":"tag-ser","13":"tag-supermercado","14":"cs-entry","15":"cs-video-wrap"},"yoast_head":"<!-- This site is optimized with the Yoast SEO plugin v27.5 - https:\/\/yoast.com\/product\/yoast-seo-wordpress\/ -->\n<title>Dej\u00f3 la docencia para ser cajera en supermercado: \u201cLas condiciones de la educaci\u00f3n son malas y empeoran m\u00e1s a medida que los gobiernos siguen negados a mejorar... - 2026<\/title>\n<meta name=\"description\" content=\"Aunque la labor de los maestros es ampliamente reconocida en todas las sociedades, no est\u00e1 ni cerca de ser de los empleos mejor pagados...\" \/>\n<meta name=\"robots\" content=\"index, follow, max-snippet:-1, max-image-preview:large, max-video-preview:-1\" \/>\n<link rel=\"canonical\" href=\"https:\/\/webdelmaestrocmf.com\/portal\/dejo-la-docencia-para-ser-cajera-en-supermercado-las-condiciones-de-la-educacion-son-malas-y-empeoran-mas-a-medida-que-los-gobiernos-siguen-negados-a-mejorar-las-cosas-tanto-para-los-estudia\/\" \/>\n<meta property=\"og:locale\" content=\"es_ES\" \/>\n<meta property=\"og:type\" content=\"article\" \/>\n<meta property=\"og:title\" content=\"Dej\u00f3 la docencia para ser cajera en supermercado: \u201cLas condiciones de la educaci\u00f3n son malas y empeoran m\u00e1s a medida que los gobiernos siguen negados a mejorar... - 2026\" \/>\n<meta property=\"og:description\" content=\"Aunque la labor de los maestros es ampliamente reconocida en todas las sociedades, no est\u00e1 ni cerca de ser de los empleos mejor pagados...\" \/>\n<meta property=\"og:url\" content=\"https:\/\/webdelmaestrocmf.com\/portal\/dejo-la-docencia-para-ser-cajera-en-supermercado-las-condiciones-de-la-educacion-son-malas-y-empeoran-mas-a-medida-que-los-gobiernos-siguen-negados-a-mejorar-las-cosas-tanto-para-los-estudia\/\" \/>\n<meta property=\"og:site_name\" content=\"Web del Maestro CMF\" \/>\n<meta property=\"article:publisher\" content=\"https:\/\/www.facebook.com\/WebdelMaestroCMF\/\" \/>\n<meta property=\"article:author\" content=\"https:\/\/www.facebook.com\/WebdelMaestroCMF\/\" \/>\n<meta property=\"article:published_time\" content=\"2023-01-09T23:39:28+00:00\" \/>\n<meta property=\"article:modified_time\" content=\"2023-01-10T13:41:48+00:00\" \/>\n<meta property=\"og:image\" content=\"https:\/\/i0.wp.com\/webdelmaestrocmf.com\/portal\/wp-content\/uploads\/2023\/01\/1-8.jpeg?fit=900%2C556&ssl=1\" \/>\n\t<meta property=\"og:image:width\" content=\"900\" \/>\n\t<meta property=\"og:image:height\" content=\"556\" \/>\n\t<meta property=\"og:image:type\" content=\"image\/jpeg\" \/>\n<meta name=\"author\" content=\"Web del Maestro CMF\" \/>\n<meta name=\"twitter:card\" content=\"summary_large_image\" \/>\n<meta name=\"twitter:creator\" content=\"@cmf_w\" \/>\n<meta name=\"twitter:site\" content=\"@cmf_w\" \/>\n<script type=\"application\/ld+json\" class=\"yoast-schema-graph\">{\"@context\":\"https:\\\/\\\/schema.org\",\"@graph\":[{\"@type\":\"ScholarlyArticle\",\"@id\":\"https:\\\/\\\/webdelmaestrocmf.com\\\/portal\\\/dejo-la-docencia-para-ser-cajera-en-supermercado-las-condiciones-de-la-educacion-son-malas-y-empeoran-mas-a-medida-que-los-gobiernos-siguen-negados-a-mejorar-las-cosas-tanto-para-los-estudia\\\/#article\",\"isPartOf\":{\"@id\":\"https:\\\/\\\/webdelmaestrocmf.com\\\/portal\\\/dejo-la-docencia-para-ser-cajera-en-supermercado-las-condiciones-de-la-educacion-son-malas-y-empeoran-mas-a-medida-que-los-gobiernos-siguen-negados-a-mejorar-las-cosas-tanto-para-los-estudia\\\/\"},\"author\":{\"name\":\"Web del Maestro CMF\",\"@id\":\"https:\\\/\\\/webdelmaestrocmf.com\\\/portal\\\/#\\\/schema\\\/person\\\/1072a2ed7bd960df8ef99a551fa35dc5\"},\"headline\":\"Dej\u00f3 la docencia para ser cajera en supermercado: \u201cLas condiciones de la educaci\u00f3n son malas y empeoran m\u00e1s a medida que los gobiernos siguen negados a mejorar&#8230;\",\"datePublished\":\"2023-01-09T23:39:28+00:00\",\"dateModified\":\"2023-01-10T13:41:48+00:00\",\"mainEntityOfPage\":{\"@id\":\"https:\\\/\\\/webdelmaestrocmf.com\\\/portal\\\/dejo-la-docencia-para-ser-cajera-en-supermercado-las-condiciones-de-la-educacion-son-malas-y-empeoran-mas-a-medida-que-los-gobiernos-siguen-negados-a-mejorar-las-cosas-tanto-para-los-estudia\\\/\"},\"wordCount\":820,\"commentCount\":0,\"publisher\":{\"@id\":\"https:\\\/\\\/webdelmaestrocmf.com\\\/portal\\\/#organization\"},\"image\":{\"@id\":\"https:\\\/\\\/webdelmaestrocmf.com\\\/portal\\\/dejo-la-docencia-para-ser-cajera-en-supermercado-las-condiciones-de-la-educacion-son-malas-y-empeoran-mas-a-medida-que-los-gobiernos-siguen-negados-a-mejorar-las-cosas-tanto-para-los-estudia\\\/#primaryimage\"},\"thumbnailUrl\":\"https:\\\/\\\/webdelmaestrocmf.com\\\/portal\\\/wp-content\\\/uploads\\\/2023\\\/01\\\/1-8.jpeg\",\"keywords\":[\"cajera\",\"dej\u00f3\",\"DOCENCIA\",\"SER\",\"supermercado\"],\"articleSection\":[\"Noticias\",\"Recursos\"],\"inLanguage\":\"es\",\"potentialAction\":[{\"@type\":\"CommentAction\",\"name\":\"Comment\",\"target\":[\"https:\\\/\\\/webdelmaestrocmf.com\\\/portal\\\/dejo-la-docencia-para-ser-cajera-en-supermercado-las-condiciones-de-la-educacion-son-malas-y-empeoran-mas-a-medida-que-los-gobiernos-siguen-negados-a-mejorar-las-cosas-tanto-para-los-estudia\\\/#respond\"]}]},{\"@type\":\"WebPage\",\"@id\":\"https:\\\/\\\/webdelmaestrocmf.com\\\/portal\\\/dejo-la-docencia-para-ser-cajera-en-supermercado-las-condiciones-de-la-educacion-son-malas-y-empeoran-mas-a-medida-que-los-gobiernos-siguen-negados-a-mejorar-las-cosas-tanto-para-los-estudia\\\/\",\"url\":\"https:\\\/\\\/webdelmaestrocmf.com\\\/portal\\\/dejo-la-docencia-para-ser-cajera-en-supermercado-las-condiciones-de-la-educacion-son-malas-y-empeoran-mas-a-medida-que-los-gobiernos-siguen-negados-a-mejorar-las-cosas-tanto-para-los-estudia\\\/\",\"name\":\"Dej\u00f3 la docencia para ser cajera en supermercado: \u201cLas condiciones de la educaci\u00f3n son malas y empeoran m\u00e1s a medida que los gobiernos siguen negados a mejorar... - 2026\",\"isPartOf\":{\"@id\":\"https:\\\/\\\/webdelmaestrocmf.com\\\/portal\\\/#website\"},\"primaryImageOfPage\":{\"@id\":\"https:\\\/\\\/webdelmaestrocmf.com\\\/portal\\\/dejo-la-docencia-para-ser-cajera-en-supermercado-las-condiciones-de-la-educacion-son-malas-y-empeoran-mas-a-medida-que-los-gobiernos-siguen-negados-a-mejorar-las-cosas-tanto-para-los-estudia\\\/#primaryimage\"},\"image\":{\"@id\":\"https:\\\/\\\/webdelmaestrocmf.com\\\/portal\\\/dejo-la-docencia-para-ser-cajera-en-supermercado-las-condiciones-de-la-educacion-son-malas-y-empeoran-mas-a-medida-que-los-gobiernos-siguen-negados-a-mejorar-las-cosas-tanto-para-los-estudia\\\/#primaryimage\"},\"thumbnailUrl\":\"https:\\\/\\\/webdelmaestrocmf.com\\\/portal\\\/wp-content\\\/uploads\\\/2023\\\/01\\\/1-8.jpeg\",\"datePublished\":\"2023-01-09T23:39:28+00:00\",\"dateModified\":\"2023-01-10T13:41:48+00:00\",\"description\":\"Aunque la labor de los maestros es ampliamente reconocida en todas las sociedades, no est\u00e1 ni cerca de ser de los empleos mejor pagados...\",\"breadcrumb\":{\"@id\":\"https:\\\/\\\/webdelmaestrocmf.com\\\/portal\\\/dejo-la-docencia-para-ser-cajera-en-supermercado-las-condiciones-de-la-educacion-son-malas-y-empeoran-mas-a-medida-que-los-gobiernos-siguen-negados-a-mejorar-las-cosas-tanto-para-los-estudia\\\/#breadcrumb\"},\"inLanguage\":\"es\",\"potentialAction\":[{\"@type\":\"ReadAction\",\"target\":[\"https:\\\/\\\/webdelmaestrocmf.com\\\/portal\\\/dejo-la-docencia-para-ser-cajera-en-supermercado-las-condiciones-de-la-educacion-son-malas-y-empeoran-mas-a-medida-que-los-gobiernos-siguen-negados-a-mejorar-las-cosas-tanto-para-los-estudia\\\/\"]}]},{\"@type\":\"ImageObject\",\"inLanguage\":\"es\",\"@id\":\"https:\\\/\\\/webdelmaestrocmf.com\\\/portal\\\/dejo-la-docencia-para-ser-cajera-en-supermercado-las-condiciones-de-la-educacion-son-malas-y-empeoran-mas-a-medida-que-los-gobiernos-siguen-negados-a-mejorar-las-cosas-tanto-para-los-estudia\\\/#primaryimage\",\"url\":\"https:\\\/\\\/webdelmaestrocmf.com\\\/portal\\\/wp-content\\\/uploads\\\/2023\\\/01\\\/1-8.jpeg\",\"contentUrl\":\"https:\\\/\\\/webdelmaestrocmf.com\\\/portal\\\/wp-content\\\/uploads\\\/2023\\\/01\\\/1-8.jpeg\",\"width\":900,\"height\":556},{\"@type\":\"BreadcrumbList\",\"@id\":\"https:\\\/\\\/webdelmaestrocmf.com\\\/portal\\\/dejo-la-docencia-para-ser-cajera-en-supermercado-las-condiciones-de-la-educacion-son-malas-y-empeoran-mas-a-medida-que-los-gobiernos-siguen-negados-a-mejorar-las-cosas-tanto-para-los-estudia\\\/#breadcrumb\",\"itemListElement\":[{\"@type\":\"ListItem\",\"position\":1,\"name\":\"Portada\",\"item\":\"https:\\\/\\\/webdelmaestrocmf.com\\\/portal\\\/\"},{\"@type\":\"ListItem\",\"position\":2,\"name\":\"Recursos\",\"item\":\"https:\\\/\\\/webdelmaestrocmf.com\\\/portal\\\/category\\\/pedagogia\\\/\"},{\"@type\":\"ListItem\",\"position\":3,\"name\":\"Dej\u00f3 la docencia para ser cajera en supermercado: \u201cLas condiciones de la educaci\u00f3n son malas y empeoran m\u00e1s a medida que los gobiernos siguen negados a mejorar&#8230;\"}]},{\"@type\":\"WebSite\",\"@id\":\"https:\\\/\\\/webdelmaestrocmf.com\\\/portal\\\/#website\",\"url\":\"https:\\\/\\\/webdelmaestrocmf.com\\\/portal\\\/\",\"name\":\"Web del Maestro CMF\",\"description\":\"Maestros al servicio de la educaci\u00f3n\",\"publisher\":{\"@id\":\"https:\\\/\\\/webdelmaestrocmf.com\\\/portal\\\/#organization\"},\"alternateName\":\"WMCMF\",\"potentialAction\":[{\"@type\":\"SearchAction\",\"target\":{\"@type\":\"EntryPoint\",\"urlTemplate\":\"https:\\\/\\\/webdelmaestrocmf.com\\\/portal\\\/?s={search_term_string}\"},\"query-input\":{\"@type\":\"PropertyValueSpecification\",\"valueRequired\":true,\"valueName\":\"search_term_string\"}}],\"inLanguage\":\"es\"},{\"@type\":\"Organization\",\"@id\":\"https:\\\/\\\/webdelmaestrocmf.com\\\/portal\\\/#organization\",\"name\":\"Web del Maestro CMF\",\"alternateName\":\"WMCMF\",\"url\":\"https:\\\/\\\/webdelmaestrocmf.com\\\/portal\\\/\",\"logo\":{\"@type\":\"ImageObject\",\"inLanguage\":\"es\",\"@id\":\"https:\\\/\\\/webdelmaestrocmf.com\\\/portal\\\/#\\\/schema\\\/logo\\\/image\\\/\",\"url\":\"https:\\\/\\\/webdelmaestrocmf.com\\\/portal\\\/wp-content\\\/uploads\\\/2023\\\/01\\\/logo-wmcmf-2.png\",\"contentUrl\":\"https:\\\/\\\/webdelmaestrocmf.com\\\/portal\\\/wp-content\\\/uploads\\\/2023\\\/01\\\/logo-wmcmf-2.png\",\"width\":200,\"height\":60,\"caption\":\"Web del Maestro CMF\"},\"image\":{\"@id\":\"https:\\\/\\\/webdelmaestrocmf.com\\\/portal\\\/#\\\/schema\\\/logo\\\/image\\\/\"},\"sameAs\":[\"https:\\\/\\\/www.facebook.com\\\/WebdelMaestroCMF\\\/\",\"https:\\\/\\\/x.com\\\/cmf_w\",\"https:\\\/\\\/www.pinterest.com\\\/WMCMF\\\/\",\"https:\\\/\\\/www.linkedin.com\\\/company\\\/web-del-maestro-cmf\\\/\",\"https:\\\/\\\/www.instagram.com\\\/wmcmf\\\/\",\"https:\\\/\\\/www.youtube.com\\\/channel\\\/UCDPSvjbdodE5sHnC3OxutHw\",\"https:\\\/\\\/mastodon.social\\\/@wmcmf\",\"https:\\\/\\\/www.tiktok.com\\\/@webdelmaestrocmf\"]},{\"@type\":\"Person\",\"@id\":\"https:\\\/\\\/webdelmaestrocmf.com\\\/portal\\\/#\\\/schema\\\/person\\\/1072a2ed7bd960df8ef99a551fa35dc5\",\"name\":\"Web del Maestro CMF\",\"image\":{\"@type\":\"ImageObject\",\"inLanguage\":\"es\",\"@id\":\"https:\\\/\\\/secure.gravatar.com\\\/avatar\\\/23291dd5b5ae1077dcff3dbb04c3e02bd28403fa75af6d8787d5e97c5bbbe30b?s=96&d=mm&r=g\",\"url\":\"https:\\\/\\\/secure.gravatar.com\\\/avatar\\\/23291dd5b5ae1077dcff3dbb04c3e02bd28403fa75af6d8787d5e97c5bbbe30b?s=96&d=mm&r=g\",\"contentUrl\":\"https:\\\/\\\/secure.gravatar.com\\\/avatar\\\/23291dd5b5ae1077dcff3dbb04c3e02bd28403fa75af6d8787d5e97c5bbbe30b?s=96&d=mm&r=g\",\"caption\":\"Web del Maestro CMF\"},\"description\":\"Esta Web se cre\u00f3 sin fines de lucro, con fines educativos, cient\u00edficos y acad\u00e9micos, para personas que tengan dificultades y\\\/o inconvenientes en visualizar el material original. El objetivo es entregar recursos, compartir experiencias y materiales que ayuden a los padres de familia, maestros y estudiantes en su actualizaci\u00f3n y formaci\u00f3n permanente, en bien de la Educaci\u00f3n.\",\"sameAs\":[\"http:\\\/\\\/webdelmaestrocmf.com\\\/portal\",\"https:\\\/\\\/www.facebook.com\\\/WebdelMaestroCMF\\\/\",\"https:\\\/\\\/www.instagram.com\\\/wmcmf\\\/\",\"https:\\\/\\\/cl.linkedin.com\\\/company\\\/web-del-maestro-cmf\",\"https:\\\/\\\/www.pinterest.com\\\/WMCMF\\\/publicaciones\\\/\",\"https:\\\/\\\/x.com\\\/cmf_w\",\"https:\\\/\\\/www.youtube.com\\\/@WMCMF\"]}]}<\/script>\n<!-- \/ Yoast SEO plugin. -->","yoast_head_json":{"title":"Dej\u00f3 la docencia para ser cajera en supermercado: \u201cLas condiciones de la educaci\u00f3n son malas y empeoran m\u00e1s a medida que los gobiernos siguen negados a mejorar... - 2026","description":"Aunque la labor de los maestros es ampliamente reconocida en todas las sociedades, no est\u00e1 ni cerca de ser de los empleos mejor pagados...","robots":{"index":"index","follow":"follow","max-snippet":"max-snippet:-1","max-image-preview":"max-image-preview:large","max-video-preview":"max-video-preview:-1"},"canonical":"https:\/\/webdelmaestrocmf.com\/portal\/dejo-la-docencia-para-ser-cajera-en-supermercado-las-condiciones-de-la-educacion-son-malas-y-empeoran-mas-a-medida-que-los-gobiernos-siguen-negados-a-mejorar-las-cosas-tanto-para-los-estudia\/","og_locale":"es_ES","og_type":"article","og_title":"Dej\u00f3 la docencia para ser cajera en supermercado: \u201cLas condiciones de la educaci\u00f3n son malas y empeoran m\u00e1s a medida que los gobiernos siguen negados a mejorar... - 2026","og_description":"Aunque la labor de los maestros es ampliamente reconocida en todas las sociedades, no est\u00e1 ni cerca de ser de los empleos mejor pagados...","og_url":"https:\/\/webdelmaestrocmf.com\/portal\/dejo-la-docencia-para-ser-cajera-en-supermercado-las-condiciones-de-la-educacion-son-malas-y-empeoran-mas-a-medida-que-los-gobiernos-siguen-negados-a-mejorar-las-cosas-tanto-para-los-estudia\/","og_site_name":"Web del Maestro CMF","article_publisher":"https:\/\/www.facebook.com\/WebdelMaestroCMF\/","article_author":"https:\/\/www.facebook.com\/WebdelMaestroCMF\/","article_published_time":"2023-01-09T23:39:28+00:00","article_modified_time":"2023-01-10T13:41:48+00:00","og_image":[{"width":900,"height":556,"url":"https:\/\/i0.wp.com\/webdelmaestrocmf.com\/portal\/wp-content\/uploads\/2023\/01\/1-8.jpeg?fit=900%2C556&ssl=1","type":"image\/jpeg"}],"author":"Web del Maestro CMF","twitter_card":"summary_large_image","twitter_creator":"@cmf_w","twitter_site":"@cmf_w","schema":{"@context":"https:\/\/schema.org","@graph":[{"@type":"ScholarlyArticle","@id":"https:\/\/webdelmaestrocmf.com\/portal\/dejo-la-docencia-para-ser-cajera-en-supermercado-las-condiciones-de-la-educacion-son-malas-y-empeoran-mas-a-medida-que-los-gobiernos-siguen-negados-a-mejorar-las-cosas-tanto-para-los-estudia\/#article","isPartOf":{"@id":"https:\/\/webdelmaestrocmf.com\/portal\/dejo-la-docencia-para-ser-cajera-en-supermercado-las-condiciones-de-la-educacion-son-malas-y-empeoran-mas-a-medida-que-los-gobiernos-siguen-negados-a-mejorar-las-cosas-tanto-para-los-estudia\/"},"author":{"name":"Web del Maestro CMF","@id":"https:\/\/webdelmaestrocmf.com\/portal\/#\/schema\/person\/1072a2ed7bd960df8ef99a551fa35dc5"},"headline":"Dej\u00f3 la docencia para ser cajera en supermercado: \u201cLas condiciones de la educaci\u00f3n son malas y empeoran m\u00e1s a medida que los gobiernos siguen negados a mejorar&#8230;","datePublished":"2023-01-09T23:39:28+00:00","dateModified":"2023-01-10T13:41:48+00:00","mainEntityOfPage":{"@id":"https:\/\/webdelmaestrocmf.com\/portal\/dejo-la-docencia-para-ser-cajera-en-supermercado-las-condiciones-de-la-educacion-son-malas-y-empeoran-mas-a-medida-que-los-gobiernos-siguen-negados-a-mejorar-las-cosas-tanto-para-los-estudia\/"},"wordCount":820,"commentCount":0,"publisher":{"@id":"https:\/\/webdelmaestrocmf.com\/portal\/#organization"},"image":{"@id":"https:\/\/webdelmaestrocmf.com\/portal\/dejo-la-docencia-para-ser-cajera-en-supermercado-las-condiciones-de-la-educacion-son-malas-y-empeoran-mas-a-medida-que-los-gobiernos-siguen-negados-a-mejorar-las-cosas-tanto-para-los-estudia\/#primaryimage"},"thumbnailUrl":"https:\/\/webdelmaestrocmf.com\/portal\/wp-content\/uploads\/2023\/01\/1-8.jpeg","keywords":["cajera","dej\u00f3","DOCENCIA","SER","supermercado"],"articleSection":["Noticias","Recursos"],"inLanguage":"es","potentialAction":[{"@type":"CommentAction","name":"Comment","target":["https:\/\/webdelmaestrocmf.com\/portal\/dejo-la-docencia-para-ser-cajera-en-supermercado-las-condiciones-de-la-educacion-son-malas-y-empeoran-mas-a-medida-que-los-gobiernos-siguen-negados-a-mejorar-las-cosas-tanto-para-los-estudia\/#respond"]}]},{"@type":"WebPage","@id":"https:\/\/webdelmaestrocmf.com\/portal\/dejo-la-docencia-para-ser-cajera-en-supermercado-las-condiciones-de-la-educacion-son-malas-y-empeoran-mas-a-medida-que-los-gobiernos-siguen-negados-a-mejorar-las-cosas-tanto-para-los-estudia\/","url":"https:\/\/webdelmaestrocmf.com\/portal\/dejo-la-docencia-para-ser-cajera-en-supermercado-las-condiciones-de-la-educacion-son-malas-y-empeoran-mas-a-medida-que-los-gobiernos-siguen-negados-a-mejorar-las-cosas-tanto-para-los-estudia\/","name":"Dej\u00f3 la docencia para ser cajera en supermercado: \u201cLas condiciones de la educaci\u00f3n son malas y empeoran m\u00e1s a medida que los gobiernos siguen negados a mejorar... - 2026","isPartOf":{"@id":"https:\/\/webdelmaestrocmf.com\/portal\/#website"},"primaryImageOfPage":{"@id":"https:\/\/webdelmaestrocmf.com\/portal\/dejo-la-docencia-para-ser-cajera-en-supermercado-las-condiciones-de-la-educacion-son-malas-y-empeoran-mas-a-medida-que-los-gobiernos-siguen-negados-a-mejorar-las-cosas-tanto-para-los-estudia\/#primaryimage"},"image":{"@id":"https:\/\/webdelmaestrocmf.com\/portal\/dejo-la-docencia-para-ser-cajera-en-supermercado-las-condiciones-de-la-educacion-son-malas-y-empeoran-mas-a-medida-que-los-gobiernos-siguen-negados-a-mejorar-las-cosas-tanto-para-los-estudia\/#primaryimage"},"thumbnailUrl":"https:\/\/webdelmaestrocmf.com\/portal\/wp-content\/uploads\/2023\/01\/1-8.jpeg","datePublished":"2023-01-09T23:39:28+00:00","dateModified":"2023-01-10T13:41:48+00:00","description":"Aunque la labor de los maestros es ampliamente reconocida en todas las sociedades, no est\u00e1 ni cerca de ser de los empleos mejor pagados...","breadcrumb":{"@id":"https:\/\/webdelmaestrocmf.com\/portal\/dejo-la-docencia-para-ser-cajera-en-supermercado-las-condiciones-de-la-educacion-son-malas-y-empeoran-mas-a-medida-que-los-gobiernos-siguen-negados-a-mejorar-las-cosas-tanto-para-los-estudia\/#breadcrumb"},"inLanguage":"es","potentialAction":[{"@type":"ReadAction","target":["https:\/\/webdelmaestrocmf.com\/portal\/dejo-la-docencia-para-ser-cajera-en-supermercado-las-condiciones-de-la-educacion-son-malas-y-empeoran-mas-a-medida-que-los-gobiernos-siguen-negados-a-mejorar-las-cosas-tanto-para-los-estudia\/"]}]},{"@type":"ImageObject","inLanguage":"es","@id":"https:\/\/webdelmaestrocmf.com\/portal\/dejo-la-docencia-para-ser-cajera-en-supermercado-las-condiciones-de-la-educacion-son-malas-y-empeoran-mas-a-medida-que-los-gobiernos-siguen-negados-a-mejorar-las-cosas-tanto-para-los-estudia\/#primaryimage","url":"https:\/\/webdelmaestrocmf.com\/portal\/wp-content\/uploads\/2023\/01\/1-8.jpeg","contentUrl":"https:\/\/webdelmaestrocmf.com\/portal\/wp-content\/uploads\/2023\/01\/1-8.jpeg","width":900,"height":556},{"@type":"BreadcrumbList","@id":"https:\/\/webdelmaestrocmf.com\/portal\/dejo-la-docencia-para-ser-cajera-en-supermercado-las-condiciones-de-la-educacion-son-malas-y-empeoran-mas-a-medida-que-los-gobiernos-siguen-negados-a-mejorar-las-cosas-tanto-para-los-estudia\/#breadcrumb","itemListElement":[{"@type":"ListItem","position":1,"name":"Portada","item":"https:\/\/webdelmaestrocmf.com\/portal\/"},{"@type":"ListItem","position":2,"name":"Recursos","item":"https:\/\/webdelmaestrocmf.com\/portal\/category\/pedagogia\/"},{"@type":"ListItem","position":3,"name":"Dej\u00f3 la docencia para ser cajera en supermercado: \u201cLas condiciones de la educaci\u00f3n son malas y empeoran m\u00e1s a medida que los gobiernos siguen negados a mejorar&#8230;"}]},{"@type":"WebSite","@id":"https:\/\/webdelmaestrocmf.com\/portal\/#website","url":"https:\/\/webdelmaestrocmf.com\/portal\/","name":"Web del Maestro CMF","description":"Maestros al servicio de la educaci\u00f3n","publisher":{"@id":"https:\/\/webdelmaestrocmf.com\/portal\/#organization"},"alternateName":"WMCMF","potentialAction":[{"@type":"SearchAction","target":{"@type":"EntryPoint","urlTemplate":"https:\/\/webdelmaestrocmf.com\/portal\/?s={search_term_string}"},"query-input":{"@type":"PropertyValueSpecification","valueRequired":true,"valueName":"search_term_string"}}],"inLanguage":"es"},{"@type":"Organization","@id":"https:\/\/webdelmaestrocmf.com\/portal\/#organization","name":"Web del Maestro CMF","alternateName":"WMCMF","url":"https:\/\/webdelmaestrocmf.com\/portal\/","logo":{"@type":"ImageObject","inLanguage":"es","@id":"https:\/\/webdelmaestrocmf.com\/portal\/#\/schema\/logo\/image\/","url":"https:\/\/webdelmaestrocmf.com\/portal\/wp-content\/uploads\/2023\/01\/logo-wmcmf-2.png","contentUrl":"https:\/\/webdelmaestrocmf.com\/portal\/wp-content\/uploads\/2023\/01\/logo-wmcmf-2.png","width":200,"height":60,"caption":"Web del Maestro CMF"},"image":{"@id":"https:\/\/webdelmaestrocmf.com\/portal\/#\/schema\/logo\/image\/"},"sameAs":["https:\/\/www.facebook.com\/WebdelMaestroCMF\/","https:\/\/x.com\/cmf_w","https:\/\/www.pinterest.com\/WMCMF\/","https:\/\/www.linkedin.com\/company\/web-del-maestro-cmf\/","https:\/\/www.instagram.com\/wmcmf\/","https:\/\/www.youtube.com\/channel\/UCDPSvjbdodE5sHnC3OxutHw","https:\/\/mastodon.social\/@wmcmf","https:\/\/www.tiktok.com\/@webdelmaestrocmf"]},{"@type":"Person","@id":"https:\/\/webdelmaestrocmf.com\/portal\/#\/schema\/person\/1072a2ed7bd960df8ef99a551fa35dc5","name":"Web del Maestro CMF","image":{"@type":"ImageObject","inLanguage":"es","@id":"https:\/\/secure.gravatar.com\/avatar\/23291dd5b5ae1077dcff3dbb04c3e02bd28403fa75af6d8787d5e97c5bbbe30b?s=96&d=mm&r=g","url":"https:\/\/secure.gravatar.com\/avatar\/23291dd5b5ae1077dcff3dbb04c3e02bd28403fa75af6d8787d5e97c5bbbe30b?s=96&d=mm&r=g","contentUrl":"https:\/\/secure.gravatar.com\/avatar\/23291dd5b5ae1077dcff3dbb04c3e02bd28403fa75af6d8787d5e97c5bbbe30b?s=96&d=mm&r=g","caption":"Web del Maestro CMF"},"description":"Esta Web se cre\u00f3 sin fines de lucro, con fines educativos, cient\u00edficos y acad\u00e9micos, para personas que tengan dificultades y\/o inconvenientes en visualizar el material original. El objetivo es entregar recursos, compartir experiencias y materiales que ayuden a los padres de familia, maestros y estudiantes en su actualizaci\u00f3n y formaci\u00f3n permanente, en bien de la Educaci\u00f3n.","sameAs":["http:\/\/webdelmaestrocmf.com\/portal","https:\/\/www.facebook.com\/WebdelMaestroCMF\/","https:\/\/www.instagram.com\/wmcmf\/","https:\/\/cl.linkedin.com\/company\/web-del-maestro-cmf","https:\/\/www.pinterest.com\/WMCMF\/publicaciones\/","https:\/\/x.com\/cmf_w","https:\/\/www.youtube.com\/@WMCMF"]}]}},"jetpack_featured_media_url":"https:\/\/webdelmaestrocmf.com\/portal\/wp-content\/uploads\/2023\/01\/1-8.jpeg","jetpack_sharing_enabled":true,"jetpack-related-posts":[{"id":110817,"url":"https:\/\/webdelmaestrocmf.com\/portal\/la-guia-eurekai-una-herramienta-imprescindible-para-la-integracion-responsable-de-la-inteligencia-artificial-en-la-docencia\/","url_meta":{"origin":82596,"position":0},"title":"La Gu\u00eda EurekAI: Una herramienta imprescindible para la integraci\u00f3n responsable de la inteligencia artificial en la docencia","author":"Web del Maestro CMF","date":"2 julio, 2025","format":false,"excerpt":"Una gu\u00eda innovadora que brinda a los docentes las claves para integrar la inteligencia artificial de forma pedag\u00f3gica, evitando riesgos y potenciando el aprendizaje cr\u00edtico en la universidad","rel":"","context":"En \u00abDescarga\u00bb","block_context":{"text":"Descarga","link":"https:\/\/webdelmaestrocmf.com\/portal\/category\/descarga\/"},"img":{"alt_text":"","src":"https:\/\/i0.wp.com\/webdelmaestrocmf.com\/portal\/wp-content\/uploads\/2025\/07\/1A-Banner-1-portada-imagen-10-1-copia.jpg?resize=350%2C200&ssl=1","width":350,"height":200,"srcset":"https:\/\/i0.wp.com\/webdelmaestrocmf.com\/portal\/wp-content\/uploads\/2025\/07\/1A-Banner-1-portada-imagen-10-1-copia.jpg?resize=350%2C200&ssl=1 1x, https:\/\/i0.wp.com\/webdelmaestrocmf.com\/portal\/wp-content\/uploads\/2025\/07\/1A-Banner-1-portada-imagen-10-1-copia.jpg?resize=525%2C300&ssl=1 1.5x, https:\/\/i0.wp.com\/webdelmaestrocmf.com\/portal\/wp-content\/uploads\/2025\/07\/1A-Banner-1-portada-imagen-10-1-copia.jpg?resize=700%2C400&ssl=1 2x"},"classes":[]},{"id":108338,"url":"https:\/\/webdelmaestrocmf.com\/portal\/la-inteligencia-artificial-generativa-en-la-docencia-una-guia-esencial-para-docentes\/","url_meta":{"origin":82596,"position":1},"title":"La Inteligencia Artificial generativa en la docencia: una gu\u00eda esencial para docentes","author":"Web del Maestro CMF","date":"10 julio, 2025","format":false,"excerpt":"La Inteligencia Artificial Generativa ya est\u00e1 transformando la educaci\u00f3n: ahorra tiempo al docente, personaliza el aprendizaje y prepara a los estudiantes para un futuro donde la IA ser\u00e1 clave","rel":"","context":"En \u00abIA\u00bb","block_context":{"text":"IA","link":"https:\/\/webdelmaestrocmf.com\/portal\/category\/tecnologia\/ia\/"},"img":{"alt_text":"","src":"https:\/\/i0.wp.com\/webdelmaestrocmf.com\/portal\/wp-content\/uploads\/2025\/03\/1A-Banner-1-portada-imagen-10-1-3-1.jpg?resize=350%2C200&ssl=1","width":350,"height":200,"srcset":"https:\/\/i0.wp.com\/webdelmaestrocmf.com\/portal\/wp-content\/uploads\/2025\/03\/1A-Banner-1-portada-imagen-10-1-3-1.jpg?resize=350%2C200&ssl=1 1x, https:\/\/i0.wp.com\/webdelmaestrocmf.com\/portal\/wp-content\/uploads\/2025\/03\/1A-Banner-1-portada-imagen-10-1-3-1.jpg?resize=525%2C300&ssl=1 1.5x, https:\/\/i0.wp.com\/webdelmaestrocmf.com\/portal\/wp-content\/uploads\/2025\/03\/1A-Banner-1-portada-imagen-10-1-3-1.jpg?resize=700%2C400&ssl=1 2x"},"classes":[]},{"id":79847,"url":"https:\/\/webdelmaestrocmf.com\/portal\/matthew-kelemen-los-mejores-directores-son-los-que-entienden-bien-de-docencia-y-observan-muchas-veces-desde-adentro-de-la-sala-de-clases-con-intervenciones-fundamentadas-en-su-conocimiento\/","url_meta":{"origin":82596,"position":2},"title":"Matthew Kelemen: Los mejores directores son los que entienden bien de docencia y observan muchas veces desde adentro de la sala de clases, con intervenciones fundamentadas en su conocimiento","author":"Web del Maestro CMF","date":"30 junio, 2025","format":false,"excerpt":"Adem\u00e1s los l\u00edderes necesitan creer en las habilidades de los estudiantes y darle urgencia a la mejor\u00eda de la escuela, deben tener la vocaci\u00f3n y motivaci\u00f3n para influir y cambiar la vida de los estudiantes","rel":"","context":"En \u00abEntrevistas\u00bb","block_context":{"text":"Entrevistas","link":"https:\/\/webdelmaestrocmf.com\/portal\/category\/noticias\/entrevistas\/"},"img":{"alt_text":"","src":"https:\/\/i0.wp.com\/webdelmaestrocmf.com\/portal\/wp-content\/uploads\/2022\/08\/1A-Banner-1-portada-imagen-10-1-copia-39.jpg?resize=350%2C200&ssl=1","width":350,"height":200,"srcset":"https:\/\/i0.wp.com\/webdelmaestrocmf.com\/portal\/wp-content\/uploads\/2022\/08\/1A-Banner-1-portada-imagen-10-1-copia-39.jpg?resize=350%2C200&ssl=1 1x, https:\/\/i0.wp.com\/webdelmaestrocmf.com\/portal\/wp-content\/uploads\/2022\/08\/1A-Banner-1-portada-imagen-10-1-copia-39.jpg?resize=525%2C300&ssl=1 1.5x, https:\/\/i0.wp.com\/webdelmaestrocmf.com\/portal\/wp-content\/uploads\/2022\/08\/1A-Banner-1-portada-imagen-10-1-copia-39.jpg?resize=700%2C400&ssl=1 2x"},"classes":[]},{"id":77237,"url":"https:\/\/webdelmaestrocmf.com\/portal\/retos-de-la-docencia-ante-el-marco-curricular-2022\/","url_meta":{"origin":82596,"position":3},"title":"Retos de la docencia ante el Marco Curricular","author":"Web del Maestro CMF","date":"1 junio, 2022","format":false,"excerpt":"En la Conferencia Magistral \u201cRetos de la docencia ante el Marco Curricular 2022\u201d, el Investigador Em\u00e9rito de la UNAM, \u00c1ngel D\u00edaz-Barriga, Catedr\u00e1tico de la UAT en Tlaxcala, en la sede de la SEP, expuso que las y los maestros deben formarse d\u00eda a d\u00eda ante la necesidad y el contexto\u2026","rel":"","context":"En \u00abNoticias\u00bb","block_context":{"text":"Noticias","link":"https:\/\/webdelmaestrocmf.com\/portal\/category\/pedagogia\/noticias-pedagogia\/"},"img":{"alt_text":"","src":"https:\/\/i0.wp.com\/webdelmaestrocmf.com\/portal\/wp-content\/uploads\/2022\/06\/0.jpg?resize=350%2C200&ssl=1","width":350,"height":200,"srcset":"https:\/\/i0.wp.com\/webdelmaestrocmf.com\/portal\/wp-content\/uploads\/2022\/06\/0.jpg?resize=350%2C200&ssl=1 1x, https:\/\/i0.wp.com\/webdelmaestrocmf.com\/portal\/wp-content\/uploads\/2022\/06\/0.jpg?resize=525%2C300&ssl=1 1.5x, https:\/\/i0.wp.com\/webdelmaestrocmf.com\/portal\/wp-content\/uploads\/2022\/06\/0.jpg?resize=700%2C400&ssl=1 2x, https:\/\/i0.wp.com\/webdelmaestrocmf.com\/portal\/wp-content\/uploads\/2022\/06\/0.jpg?resize=1050%2C600&ssl=1 3x"},"classes":[]},{"id":113899,"url":"https:\/\/webdelmaestrocmf.com\/portal\/lucia-herrera-torres-los-titulos-de-educacion-tienen-una-demanda-enorme-y-no-todos-los-que-se-matriculan-tienen-el-perfil-para-dedicarse-a-la-docencia\/","url_meta":{"origin":82596,"position":4},"title":"Luc\u00eda Herrera Torres: Los t\u00edtulos de educaci\u00f3n tienen una demanda enorme. Y no todos los que se matriculan, tienen el perfil para dedicarse a la docencia","author":"Web del Maestro CMF","date":"9 diciembre, 2025","format":false,"excerpt":"Si queremos formar a buenos maestros y maestras, tenemos que seleccionar a aquellos con las aptitudes y actitudes adecuadas.","rel":"","context":"En \u00abEntrevistas\u00bb","block_context":{"text":"Entrevistas","link":"https:\/\/webdelmaestrocmf.com\/portal\/category\/noticias\/entrevistas\/"},"img":{"alt_text":"","src":"https:\/\/i0.wp.com\/webdelmaestrocmf.com\/portal\/wp-content\/uploads\/2025\/12\/1A-Banner-1-portada-imagen-10-1-copia-10.webp?resize=350%2C200&ssl=1","width":350,"height":200,"srcset":"https:\/\/i0.wp.com\/webdelmaestrocmf.com\/portal\/wp-content\/uploads\/2025\/12\/1A-Banner-1-portada-imagen-10-1-copia-10.webp?resize=350%2C200&ssl=1 1x, https:\/\/i0.wp.com\/webdelmaestrocmf.com\/portal\/wp-content\/uploads\/2025\/12\/1A-Banner-1-portada-imagen-10-1-copia-10.webp?resize=525%2C300&ssl=1 1.5x, https:\/\/i0.wp.com\/webdelmaestrocmf.com\/portal\/wp-content\/uploads\/2025\/12\/1A-Banner-1-portada-imagen-10-1-copia-10.webp?resize=700%2C400&ssl=1 2x"},"classes":[]},{"id":111026,"url":"https:\/\/webdelmaestrocmf.com\/portal\/carmen-guaita-la-docencia-es-tal-vez-la-profesion-mas-exigente-del-mundo-implica-una-manera-de-ser-de-comportarse-y-de-trabajar-por-los-demas\/","url_meta":{"origin":82596,"position":5},"title":"Carmen Guaita: La docencia es, tal vez, la profesi\u00f3n m\u00e1s exigente del mundo: implica una manera de ser, de comportarse y de trabajar por los dem\u00e1s","author":"Web del Maestro CMF","date":"8 julio, 2025","format":false,"excerpt":"Una reflexi\u00f3n profunda sobre el valor de la ense\u00f1anza y la necesidad urgente de recuperar el tiempo para educar y convivir","rel":"","context":"En \u00abEntrevistas\u00bb","block_context":{"text":"Entrevistas","link":"https:\/\/webdelmaestrocmf.com\/portal\/category\/noticias\/entrevistas\/"},"img":{"alt_text":"","src":"https:\/\/i0.wp.com\/webdelmaestrocmf.com\/portal\/wp-content\/uploads\/2025\/07\/1A-Banner-1-portada-imagen-10-1-copia-58.jpg?resize=350%2C200&ssl=1","width":350,"height":200,"srcset":"https:\/\/i0.wp.com\/webdelmaestrocmf.com\/portal\/wp-content\/uploads\/2025\/07\/1A-Banner-1-portada-imagen-10-1-copia-58.jpg?resize=350%2C200&ssl=1 1x, https:\/\/i0.wp.com\/webdelmaestrocmf.com\/portal\/wp-content\/uploads\/2025\/07\/1A-Banner-1-portada-imagen-10-1-copia-58.jpg?resize=525%2C300&ssl=1 1.5x, https:\/\/i0.wp.com\/webdelmaestrocmf.com\/portal\/wp-content\/uploads\/2025\/07\/1A-Banner-1-portada-imagen-10-1-copia-58.jpg?resize=700%2C400&ssl=1 2x"},"classes":[]}],"_links":{"self":[{"href":"https:\/\/webdelmaestrocmf.com\/portal\/wp-json\/wp\/v2\/posts\/82596","targetHints":{"allow":["GET"]}}],"collection":[{"href":"https:\/\/webdelmaestrocmf.com\/portal\/wp-json\/wp\/v2\/posts"}],"about":[{"href":"https:\/\/webdelmaestrocmf.com\/portal\/wp-json\/wp\/v2\/types\/post"}],"author":[{"embeddable":true,"href":"https:\/\/webdelmaestrocmf.com\/portal\/wp-json\/wp\/v2\/users\/1"}],"replies":[{"embeddable":true,"href":"https:\/\/webdelmaestrocmf.com\/portal\/wp-json\/wp\/v2\/comments?post=82596"}],"version-history":[{"count":0,"href":"https:\/\/webdelmaestrocmf.com\/portal\/wp-json\/wp\/v2\/posts\/82596\/revisions"}],"wp:featuredmedia":[{"embeddable":true,"href":"https:\/\/webdelmaestrocmf.com\/portal\/wp-json\/wp\/v2\/media\/82605"}],"wp:attachment":[{"href":"https:\/\/webdelmaestrocmf.com\/portal\/wp-json\/wp\/v2\/media?parent=82596"}],"wp:term":[{"taxonomy":"category","embeddable":true,"href":"https:\/\/webdelmaestrocmf.com\/portal\/wp-json\/wp\/v2\/categories?post=82596"},{"taxonomy":"post_tag","embeddable":true,"href":"https:\/\/webdelmaestrocmf.com\/portal\/wp-json\/wp\/v2\/tags?post=82596"}],"curies":[{"name":"wp","href":"https:\/\/api.w.org\/{rel}","templated":true}]}}