{"id":82542,"date":"2023-01-09T14:41:32","date_gmt":"2023-01-09T17:41:32","guid":{"rendered":"https:\/\/webdelmaestrocmf.com\/portal\/?p=82542"},"modified":"2023-01-11T16:58:02","modified_gmt":"2023-01-11T19:58:02","slug":"carmen-alemany-en-la-jungla-del-patio-de-recreo","status":"publish","type":"post","link":"https:\/\/webdelmaestrocmf.com\/portal\/carmen-alemany-en-la-jungla-del-patio-de-recreo\/","title":{"rendered":"[Carmen Alemany] En la jungla del patio de recreo"},"content":{"rendered":"<h5 id=\"62e5\" class=\"pw-post-body-paragraph ij ik gx il b im in io ip iq ir is it iu iv iw ix iy iz ja jb jc jd je jf jg gq bi\" style=\"text-align: justify;\">Muchos docentes, muchos profesionales de la intervenci\u00f3n social, y muchas familias, hemos conocido casos de ni\u00f1os y ni\u00f1as que est\u00e1n solos en el patio de recreo. Algunos sufren acoso escolar de forma activa y directa: golpes, tirones de pelo, rotura de objetos, motes, burlas y humillaciones. Otros, simplemente sufren la indiferencia y la frialdad de sus iguales. Como si fueran invisibles. La exclusi\u00f3n y el aislamiento social constituyen tambi\u00e9n una forma de acoso escolar, pero esta es mucho m\u00e1s sutil y mucho m\u00e1s dif\u00edcil de detectar y prevenir.<\/h5>\n<p><!--more--><\/p>\n<p id=\"57a0\" class=\"pw-post-body-paragraph ij ik gx il b im in io ip iq ir is it iu iv iw ix iy iz ja jb jc jd je jf jg gq bi\" style=\"text-align: justify;\" data-selectable-paragraph=\"\">El estatus sociom\u00e9trico mide el grado de aceptaci\u00f3n o rechazo de un ni\u00f1o\/a en su grupo de iguales. Seg\u00fan esto, existen ni\u00f1os populares, ni\u00f1os rechazados, ni\u00f1os promedio, ni\u00f1os ignorados y ni\u00f1os controvertidos (Coie, Dodge y Coppotelli, 1982). Este estatus sociom\u00e9trico puede depender de su capacidad de comprender los pensamientos y sentimientos de los dem\u00e1s, de su apariencia f\u00edsica, de su origen racial o \u00e9tnico, de su orientaci\u00f3n sexual, de su condici\u00f3n (tener una discapacidad, un trastorno o alguna condici\u00f3n que le diferencie de los dem\u00e1s). Incluso de su forma de expresarse, tener intereses personales diferentes de los de sus iguales, o de su nivel de madurez.<\/p>\n<h5 id=\"c8b0\" class=\"jh ji gx bd jj jk jl jm jn jo jp jq jr iu js jt ju iy jv jw jx jc jy jz ka kb bi\" style=\"text-align: justify;\">Las consecuencias de la exclusi\u00f3n social en la infancia<\/h5>\n<p id=\"2e07\" class=\"pw-post-body-paragraph ij ik gx il b im kc io ip iq kd is it iu ke iw ix iy kf ja jb jc kg je jf jg gq bi\" style=\"text-align: justify;\" data-selectable-paragraph=\"\">Ser un ni\u00f1o rechazado pasa factura a la autoestima y a la salud mental (<a class=\"ae kh\" href=\"https:\/\/archivos.csif.es\/archivos\/andalucia\/ensenanza\/revistas\/csicsif\/revista\/pdf\/Numero_23\/SANTIAGO_%20SANTIAGO%20DELGADO_2.pdf\" target=\"_blank\" rel=\"noopener ugc nofollow\">Santiago Delgado, 2009<\/a>). Los ni\u00f1os rechazados tienen 3 veces m\u00e1s posibilidades de abandonar prematuramente el sistema educativo, tienen m\u00e1s riesgo de implicarse en actos delictivos en la adolescencia que otros ni\u00f1os (especialmente aquellos que muestran conductas agresivas). Y tienen m\u00e1s riesgo de desarrollar problemas de salud mental: baja autoestima, ansiedad social o depresi\u00f3n. Otros estudios recogen el aumento de trastornos de atenci\u00f3n y aprendizaje, un aumento de la sensibilidad hacia el rechazo y las valoraciones negativas de los dem\u00e1s, sentimientos persistentes de culpa y verg\u00fcenza, un aumento a largo plazo de trastornos psicol\u00f3gicos y psiqui\u00e1tricos, y la desesperanza y p\u00e9rdida de inter\u00e9s en sus actividades favoritas, entre otras consecuencias.<\/p>\n<h5 id=\"1fea\" class=\"jh ji gx bd jj jk jl jm jn jo jp jq jr iu js jt ju iy jv jw jx jc jy jz ka kb bi\" style=\"text-align: justify;\">Programas de intervenci\u00f3n frente al aislamiento social<\/h5>\n<p id=\"8211\" class=\"pw-post-body-paragraph ij ik gx il b im kc io ip iq kd is it iu ke iw ix iy kf ja jb jc kg je jf jg gq bi\" style=\"text-align: justify;\" data-selectable-paragraph=\"\">Frente al enfoque cl\u00e1sico<em class=\"ki\">\u00a0(\u201cson cosas de ni\u00f1os\u201d, \u201csiempre ha habido ni\u00f1os m\u00e1s populares que otros\u201d, \u201cy \u00bfqu\u00e9 quieres que le haga? Yo no puedo obligarles a ser sus amigos si no quieren\u201d<\/em>) es importante conocer los factores que influyen en la exclusi\u00f3n social de algunos ni\u00f1os y ni\u00f1as, para poder dise\u00f1ar estrategias de intervenci\u00f3n adecuadas, con el fin de evitar el aislamiento social.<\/p>\n<p id=\"9c20\" class=\"pw-post-body-paragraph ij ik gx il b im in io ip iq ir is it iu iv iw ix iy iz ja jb jc jd je jf jg gq bi\" style=\"text-align: justify;\" data-selectable-paragraph=\"\">Las estrategias de intervenci\u00f3n se pueden dise\u00f1ar desde el \u00e1mbito profesional educativo (profesores y maestros) o desde el \u00e1mbito social (trabajadores\/as o educadores\/as sociales). O mejor a\u00fan, desde el trabajo interdisciplinar, y de forma coordinada. En este sentido, conviene recordar\u00a0<a class=\"ae kh\" href=\"https:\/\/medium.com\/@carrmen.alemany\/por-qu%C3%A9-necesitamos-trabajadores-as-sociales-en-la-escuela-2dc42e94f5cc\" target=\"_blank\" rel=\"noopener\">la importancia del trabajo social en colegios e institutos<\/a>.<\/p>\n<p id=\"02a9\" class=\"pw-post-body-paragraph ij ik gx il b im in io ip iq ir is it iu iv iw ix iy iz ja jb jc jd je jf jg gq bi\" style=\"text-align: justify;\" data-selectable-paragraph=\"\">Entre las distintas estrategias que pueden emplearse, podemos citar las siguientes:<\/p>\n<ul class=\"\" style=\"text-align: justify;\">\n<li id=\"b641\" class=\"kj kk gx il b im in iq ir iu kl iy km jc kn jg ko kp kq kr bi\" data-selectable-paragraph=\"\">Estrategias orientadas a mejorar las habilidades sociales de los ni\u00f1os\/as. La empat\u00eda, la comprensi\u00f3n de los pensamientos y sentimientos de los dem\u00e1s, la comunicaci\u00f3n verbal y no verbal, la cooperaci\u00f3n.<\/li>\n<li id=\"97eb\" class=\"kj kk gx il b im ks iq kt iu ku iy kv jc kw jg ko kp kq kr bi\" data-selectable-paragraph=\"\">Estrategias de resoluci\u00f3n de conflictos.<\/li>\n<li id=\"1c49\" class=\"kj kk gx il b im ks iq kt iu ku iy kv jc kw jg ko kp kq kr bi\" data-selectable-paragraph=\"\">Estrategias para modificar los prejuicios o atribuciones que tienen unos ni\u00f1os y ni\u00f1as sobre otros.<\/li>\n<li id=\"15ce\" class=\"kj kk gx il b im ks iq kt iu ku iy kv jc kw jg ko kp kq kr bi\" data-selectable-paragraph=\"\">Dise\u00f1o y desarrollo de actividades en parejas (emparejando ni\u00f1os populares con ni\u00f1os que no lo son), para fomentar el conocimiento mutuo, la eliminaci\u00f3n de prejuicios y el desarrollo de v\u00ednculos.<\/li>\n<li id=\"a240\" class=\"kj kk gx il b im ks iq kt iu ku iy kv jc kw jg ko kp kq kr bi\" data-selectable-paragraph=\"\">Dise\u00f1o y desarrollo de din\u00e1micas grupales: que no caiga el globo, nos conocemos jugando, bailemos juntos, comprendiendo las emociones, el espejo, dramatizaciones (Garrote, 2017).<\/li>\n<\/ul>\n<h5 id=\"9dd7\" class=\"jh ji gx bd jj jk jl jm jn jo jp jq jr iu js jt ju iy jv jw jx jc jy jz ka kb bi\" style=\"text-align: justify;\">La muerte social<\/h5>\n<p id=\"0dfa\" class=\"pw-post-body-paragraph ij ik gx il b im kc io ip iq kd is it iu ke iw ix iy kf ja jb jc kg je jf jg gq bi\" style=\"text-align: justify;\" data-selectable-paragraph=\"\">La muerte social es un concepto antropol\u00f3gico, que hace referencia a aquel individuo que deja de pertenecer a un grupo por diversas causas, como el rechazo y expulsi\u00f3n del grupo o sufrir del estigma social (ya sea por discapacidad, enfermedad, o por tener ciertas caracter\u00edsticas personales que lo hacen diferente). La muerte social implica el ostracismo del afectado y la ruptura de los v\u00ednculos con el grupo de referencia.<\/p>\n<p id=\"4bee\" class=\"pw-post-body-paragraph ij ik gx il b im in io ip iq ir is it iu iv iw ix iy iz ja jb jc jd je jf jg gq bi\" style=\"text-align: justify;\" data-selectable-paragraph=\"\">Muchos ni\u00f1os y adolescentes se ven afectados por esta \u201cmuerte social\u201d. Ni\u00f1os y ni\u00f1as con necesidades educativas especiales, con alg\u00fan rasgo diferenciador, con altas capacidades, con TEA, con TDAH, con TEL. Ni\u00f1os pertenecientes a minor\u00edas \u00e9tnicas o culturales, ni\u00f1os con diferencias f\u00edsicas. Muchos ni\u00f1os y ni\u00f1as han sufrido de esta llamada muerte social. En la adolescencia, el rechazo se agudiza. Los adolescentes, en la b\u00fasqueda de su identidad, forman grupos basados en afinidades (<em class=\"ki\">\u201cnosotros frente a los otros<\/em>\u201d), lo que dificulta mucho la inclusi\u00f3n social de los ni\u00f1os y ni\u00f1as con alguna diferencia.<\/p>\n<h5 id=\"4142\" class=\"jh ji gx bd jj jk jl jm jn jo jp jq jr iu js jt ju iy jv jw jx jc jy jz ka kb bi\" style=\"text-align: justify;\">Iniciativas por la inclusi\u00f3n<\/h5>\n<p id=\"809e\" class=\"pw-post-body-paragraph ij ik gx il b im kc io ip iq kd is it iu ke iw ix iy kf ja jb jc kg je jf jg gq bi\" style=\"text-align: justify;\" data-selectable-paragraph=\"\">Bel\u00e9n Jurado, autora del blog \u201c<a class=\"ae kh\" href=\"https:\/\/lahabitaciondelucia.com\/?fbclid=IwAR0TeFHrMmrtAz6MgwFrPtiiUznFIhxdV6IP49qYVXAYNXgJyByTMrwfKo8\" target=\"_blank\" rel=\"noopener ugc nofollow\">la habitaci\u00f3n de Luc\u00eda<\/a>\u201d y madre de Luc\u00eda, una adolescente con TEA, con frecuencia hace referencia a este concepto de muerte social. Esta bloguera defiende la inclusi\u00f3n social de todos los ni\u00f1os\/as y adolescentes, el respeto por la diversidad, la dignidad de todas las personas por el hecho de ser personas, y el respeto del que cualquier ser humano es acreedor, sea cual sea su edad, raza, capacidades o condici\u00f3n. Y sostiene en sus redes sociales: \u201c<em class=\"ki\">TODAS las vidas merecen ser vividas y la de mi hija tambi\u00e9n\u201d.<\/em><\/p>\n<p id=\"78d2\" class=\"pw-post-body-paragraph ij ik gx il b im in io ip iq ir is it iu iv iw ix iy iz ja jb jc jd je jf jg gq bi\" style=\"text-align: justify;\" data-selectable-paragraph=\"\">Carmen Saavedra, autora del blog\u00a0<a class=\"ae kh\" href=\"https:\/\/cappaces.com\/\" target=\"_blank\" rel=\"noopener ugc nofollow\">Cappaces\u00a0<\/a>y madre de Ant\u00f3n, un joven con s\u00edndrome de Joubert, tambi\u00e9n destaca en su defensa de la dignidad y la igualdad de todas las personas, especialmente de todos los ni\u00f1os, ni\u00f1as y adolescentes. Esta madre ha compartido la historia de Ant\u00f3n, que finalmente abandon\u00f3 la educaci\u00f3n obligatoria con 16 a\u00f1os porque le resultaba doloroso acudir a un centro educativo en el que no ten\u00eda ning\u00fan amigo. Sin embargo, Ant\u00f3n finaliz\u00f3 la ESO, titul\u00f3, y actualmente estudia un m\u00f3dulo de FP a distancia. Ant\u00f3n es, adem\u00e1s, activista a favor de una educaci\u00f3n inclusiva en la que realmente quepan todos. Las nuevas generaciones vienen pisando fuerte y piden que se escuche su voz.<\/p>\n<p id=\"9c30\" class=\"pw-post-body-paragraph ij ik gx il b im in io ip iq ir is it iu iv iw ix iy iz ja jb jc jd je jf jg gq bi\" style=\"text-align: justify;\" data-selectable-paragraph=\"\">En algunos centros educativos, especialmente en los centros denominados \u201cde alta complejidad\u201d, existen programas espec\u00edficos de educaci\u00f3n social, para promover la inclusi\u00f3n de alumnado migrante y gitano, y evitar el rechazo y la marginaci\u00f3n de alumnos concretos o de grupos sociales. En estos programas se hace hincapi\u00e9 en la erradicaci\u00f3n de estereotipos y prejuicios y en el conocimiento y la interacci\u00f3n de diferentes alumnos y alumnas e diferentes grupos sociales para superar las barreras culturales y enriquecerse mutuamente.<\/p>\n<p id=\"e35c\" class=\"pw-post-body-paragraph ij ik gx il b im in io ip iq ir is it iu iv iw ix iy iz ja jb jc jd je jf jg gq bi\" style=\"text-align: justify;\" data-selectable-paragraph=\"\">Para lograr una inclusi\u00f3n real, es necesario un cambio de mentalidad, no solamente en la escuela, sino tambi\u00e9n en el resto de la sociedad. A\u00fan hay ni\u00f1os y ni\u00f1as que ven c\u00f3mo se reparten invitaciones de cumplea\u00f1os para toda la clase excepto para ellos. Ni\u00f1os que sufren burlas y humillaciones en la escuela. Ni\u00f1os que se ven sometidos diariamente a la \u201cley del hielo\u201d, al m\u00e1s absoluto ostracismo. Familias que hablan mal de otras familias, sin ser conscientes de que su hijo\/a escucha desde un rinc\u00f3n, y que ese comentario puede tener repercusiones ma\u00f1ana en el patio de recreo.<\/p>\n<p id=\"047a\" class=\"pw-post-body-paragraph ij ik gx il b im in io ip iq ir is it iu iv iw ix iy iz ja jb jc jd je jf jg gq bi\" style=\"text-align: justify;\" data-selectable-paragraph=\"\">El cambio de mentalidad necesario ha de ser transversal, e implica una toma de conciencia sobre la dignidad y el valor de todas las personas. Porque la jungla del patio de recreo no es \u201ccosa de ni\u00f1os\u201d.<\/p>\n<p><strong>NOTA DE REDACCI\u00d3N:<\/strong> La Web del Maestro CMF publica los textos originales de su autora, no necesariamente coincide con lo expuesto en el tema, no se hace responsable de las opiniones expresadas, y no promociona ning\u00fan producto, servicio, marca, grupo trabajador o empresa. Sugerimos a nuestros lectores conocer la identidad de la(s) fuente(s) o de su autora, para tener mayores elementos de juicio y la pertinencia a su realidad educativa.<\/p>\n<p><strong>Este contenido ha sido publicado originalmente por Medium en la siguiente direcci\u00f3n: <a href=\"https:\/\/medium.com\/@carrmen.alemany\/en-la-jungla-del-patio-de-recreo-bb41b360eca6\" target=\"_blank\" rel=\"noopener\">medium.com<\/a> | Autor: Carmen Alemany Panadero<\/strong><\/p>\n<table class=\" alignleft\" border=\"0\" width=\"100%\" cellspacing=\"10\" cellpadding=\"10\">\n<tbody>\n<tr>\n<td style=\"text-align: center;\" width=\"30%\"><strong><img loading=\"lazy\" decoding=\"async\" class=\"size-full wp-image-82696 aligncenter\" src=\"https:\/\/webdelmaestrocmf.com\/portal\/wp-content\/uploads\/2023\/01\/1-47.jpg\" alt=\"\" width=\"200\" height=\"200\" srcset=\"https:\/\/webdelmaestrocmf.com\/portal\/wp-content\/uploads\/2023\/01\/1-47.jpg 200w, https:\/\/webdelmaestrocmf.com\/portal\/wp-content\/uploads\/2023\/01\/1-47-150x150.jpg 150w, https:\/\/webdelmaestrocmf.com\/portal\/wp-content\/uploads\/2023\/01\/1-47-80x80.jpg 80w, https:\/\/webdelmaestrocmf.com\/portal\/wp-content\/uploads\/2023\/01\/1-47-110x110.jpg 110w\" sizes=\"auto, (max-width: 200px) 100vw, 200px\" \/><br \/>\nAutor: <\/strong>Carmen Alemany<strong><br \/>\nExperiencia laboral:<\/strong> Trabajadora social y periodista<\/td>\n<\/tr>\n<\/tbody>\n<\/table>\n<p style=\"text-align: left;\">.<\/p>\n\n","protected":false},"excerpt":{"rendered":"Muchos docentes, muchos profesionales de la intervenci\u00f3n social, y muchas familias, hemos conocido casos de ni\u00f1os y ni\u00f1as&hellip;","protected":false},"author":1,"featured_media":82543,"comment_status":"open","ping_status":"closed","sticky":false,"template":"","format":"standard","meta":{"csco_display_header_overlay":false,"csco_singular_sidebar":"","csco_page_header_type":"","csco_page_load_nextpost":"","csco_post_video_location":[],"csco_post_video_location_hash":"","csco_post_video_url":"","csco_post_video_bg_start_time":0,"csco_post_video_bg_end_time":0,"csco_post_video_bg_volume":false,"_jetpack_memberships_contains_paid_content":false,"footnotes":""},"categories":[1790,15065],"tags":[15066,15067,14630,15068],"class_list":{"0":"post-82542","1":"post","2":"type-post","3":"status-publish","4":"format-standard","5":"has-post-thumbnail","7":"category-colaborador","8":"category-z-colaboradores-carmen-alemany","9":"tag-carmen-alemany","10":"tag-jungla","11":"tag-patio","12":"tag-recreo","13":"cs-entry","14":"cs-video-wrap"},"yoast_head":"<!-- This site is optimized with the Yoast SEO plugin v27.5 - https:\/\/yoast.com\/product\/yoast-seo-wordpress\/ -->\n<title>[Carmen Alemany] En la jungla del patio de recreo - 2026<\/title>\n<meta name=\"description\" content=\"Comunidad de Maestros, Docentes y Profesores, en donde encontrar\u00e1s material, informaci\u00f3n y noticias del \u00e1mbito nacional y mundial.\" \/>\n<meta name=\"robots\" content=\"index, follow, max-snippet:-1, max-image-preview:large, max-video-preview:-1\" \/>\n<link rel=\"canonical\" href=\"https:\/\/webdelmaestrocmf.com\/portal\/carmen-alemany-en-la-jungla-del-patio-de-recreo\/\" \/>\n<meta property=\"og:locale\" content=\"es_ES\" \/>\n<meta property=\"og:type\" content=\"article\" \/>\n<meta property=\"og:title\" content=\"[Carmen Alemany] En la jungla del patio de recreo - 2026\" \/>\n<meta property=\"og:description\" content=\"Comunidad de Maestros, Docentes y Profesores, en donde encontrar\u00e1s material, informaci\u00f3n y noticias del \u00e1mbito nacional y mundial.\" \/>\n<meta property=\"og:url\" content=\"https:\/\/webdelmaestrocmf.com\/portal\/carmen-alemany-en-la-jungla-del-patio-de-recreo\/\" \/>\n<meta property=\"og:site_name\" content=\"Web del Maestro CMF\" \/>\n<meta property=\"article:publisher\" content=\"https:\/\/www.facebook.com\/WebdelMaestroCMF\/\" \/>\n<meta property=\"article:author\" content=\"https:\/\/www.facebook.com\/WebdelMaestroCMF\/\" \/>\n<meta property=\"article:published_time\" content=\"2023-01-09T17:41:32+00:00\" \/>\n<meta property=\"article:modified_time\" content=\"2023-01-11T19:58:02+00:00\" \/>\n<meta property=\"og:image\" content=\"https:\/\/i0.wp.com\/webdelmaestrocmf.com\/portal\/wp-content\/uploads\/2023\/01\/1-37.jpg?fit=900%2C556&ssl=1\" \/>\n\t<meta property=\"og:image:width\" content=\"900\" \/>\n\t<meta property=\"og:image:height\" content=\"556\" \/>\n\t<meta property=\"og:image:type\" content=\"image\/jpeg\" \/>\n<meta name=\"author\" content=\"Web del Maestro CMF\" \/>\n<meta name=\"twitter:card\" content=\"summary_large_image\" \/>\n<meta name=\"twitter:creator\" content=\"@cmf_w\" \/>\n<meta name=\"twitter:site\" content=\"@cmf_w\" \/>\n<script type=\"application\/ld+json\" class=\"yoast-schema-graph\">{\"@context\":\"https:\\\/\\\/schema.org\",\"@graph\":[{\"@type\":\"ScholarlyArticle\",\"@id\":\"https:\\\/\\\/webdelmaestrocmf.com\\\/portal\\\/carmen-alemany-en-la-jungla-del-patio-de-recreo\\\/#article\",\"isPartOf\":{\"@id\":\"https:\\\/\\\/webdelmaestrocmf.com\\\/portal\\\/carmen-alemany-en-la-jungla-del-patio-de-recreo\\\/\"},\"author\":{\"name\":\"Web del Maestro CMF\",\"@id\":\"https:\\\/\\\/webdelmaestrocmf.com\\\/portal\\\/#\\\/schema\\\/person\\\/1072a2ed7bd960df8ef99a551fa35dc5\"},\"headline\":\"[Carmen Alemany] En la jungla del patio de recreo\",\"datePublished\":\"2023-01-09T17:41:32+00:00\",\"dateModified\":\"2023-01-11T19:58:02+00:00\",\"mainEntityOfPage\":{\"@id\":\"https:\\\/\\\/webdelmaestrocmf.com\\\/portal\\\/carmen-alemany-en-la-jungla-del-patio-de-recreo\\\/\"},\"wordCount\":1398,\"commentCount\":0,\"publisher\":{\"@id\":\"https:\\\/\\\/webdelmaestrocmf.com\\\/portal\\\/#organization\"},\"image\":{\"@id\":\"https:\\\/\\\/webdelmaestrocmf.com\\\/portal\\\/carmen-alemany-en-la-jungla-del-patio-de-recreo\\\/#primaryimage\"},\"thumbnailUrl\":\"https:\\\/\\\/webdelmaestrocmf.com\\\/portal\\\/wp-content\\\/uploads\\\/2023\\\/01\\\/1-37.jpg\",\"keywords\":[\"Carmen Alemany\",\"jungla\",\"patio\",\"recreo\"],\"articleSection\":[\"Z-Colaboradores\",\"Z-Colaboradores-Carmen Alemany\"],\"inLanguage\":\"es\",\"potentialAction\":[{\"@type\":\"CommentAction\",\"name\":\"Comment\",\"target\":[\"https:\\\/\\\/webdelmaestrocmf.com\\\/portal\\\/carmen-alemany-en-la-jungla-del-patio-de-recreo\\\/#respond\"]}]},{\"@type\":\"WebPage\",\"@id\":\"https:\\\/\\\/webdelmaestrocmf.com\\\/portal\\\/carmen-alemany-en-la-jungla-del-patio-de-recreo\\\/\",\"url\":\"https:\\\/\\\/webdelmaestrocmf.com\\\/portal\\\/carmen-alemany-en-la-jungla-del-patio-de-recreo\\\/\",\"name\":\"[Carmen Alemany] En la jungla del patio de recreo - 2026\",\"isPartOf\":{\"@id\":\"https:\\\/\\\/webdelmaestrocmf.com\\\/portal\\\/#website\"},\"primaryImageOfPage\":{\"@id\":\"https:\\\/\\\/webdelmaestrocmf.com\\\/portal\\\/carmen-alemany-en-la-jungla-del-patio-de-recreo\\\/#primaryimage\"},\"image\":{\"@id\":\"https:\\\/\\\/webdelmaestrocmf.com\\\/portal\\\/carmen-alemany-en-la-jungla-del-patio-de-recreo\\\/#primaryimage\"},\"thumbnailUrl\":\"https:\\\/\\\/webdelmaestrocmf.com\\\/portal\\\/wp-content\\\/uploads\\\/2023\\\/01\\\/1-37.jpg\",\"datePublished\":\"2023-01-09T17:41:32+00:00\",\"dateModified\":\"2023-01-11T19:58:02+00:00\",\"description\":\"Comunidad de Maestros, Docentes y Profesores, en donde encontrar\u00e1s material, informaci\u00f3n y noticias del \u00e1mbito nacional y mundial.\",\"breadcrumb\":{\"@id\":\"https:\\\/\\\/webdelmaestrocmf.com\\\/portal\\\/carmen-alemany-en-la-jungla-del-patio-de-recreo\\\/#breadcrumb\"},\"inLanguage\":\"es\",\"potentialAction\":[{\"@type\":\"ReadAction\",\"target\":[\"https:\\\/\\\/webdelmaestrocmf.com\\\/portal\\\/carmen-alemany-en-la-jungla-del-patio-de-recreo\\\/\"]}]},{\"@type\":\"ImageObject\",\"inLanguage\":\"es\",\"@id\":\"https:\\\/\\\/webdelmaestrocmf.com\\\/portal\\\/carmen-alemany-en-la-jungla-del-patio-de-recreo\\\/#primaryimage\",\"url\":\"https:\\\/\\\/webdelmaestrocmf.com\\\/portal\\\/wp-content\\\/uploads\\\/2023\\\/01\\\/1-37.jpg\",\"contentUrl\":\"https:\\\/\\\/webdelmaestrocmf.com\\\/portal\\\/wp-content\\\/uploads\\\/2023\\\/01\\\/1-37.jpg\",\"width\":900,\"height\":556},{\"@type\":\"BreadcrumbList\",\"@id\":\"https:\\\/\\\/webdelmaestrocmf.com\\\/portal\\\/carmen-alemany-en-la-jungla-del-patio-de-recreo\\\/#breadcrumb\",\"itemListElement\":[{\"@type\":\"ListItem\",\"position\":1,\"name\":\"Portada\",\"item\":\"https:\\\/\\\/webdelmaestrocmf.com\\\/portal\\\/\"},{\"@type\":\"ListItem\",\"position\":2,\"name\":\"Z-Colaboradores\",\"item\":\"https:\\\/\\\/webdelmaestrocmf.com\\\/portal\\\/category\\\/colaborador\\\/\"},{\"@type\":\"ListItem\",\"position\":3,\"name\":\"[Carmen Alemany] En la jungla del patio de recreo\"}]},{\"@type\":\"WebSite\",\"@id\":\"https:\\\/\\\/webdelmaestrocmf.com\\\/portal\\\/#website\",\"url\":\"https:\\\/\\\/webdelmaestrocmf.com\\\/portal\\\/\",\"name\":\"Web del Maestro CMF\",\"description\":\"Maestros al servicio de la educaci\u00f3n\",\"publisher\":{\"@id\":\"https:\\\/\\\/webdelmaestrocmf.com\\\/portal\\\/#organization\"},\"alternateName\":\"WMCMF\",\"potentialAction\":[{\"@type\":\"SearchAction\",\"target\":{\"@type\":\"EntryPoint\",\"urlTemplate\":\"https:\\\/\\\/webdelmaestrocmf.com\\\/portal\\\/?s={search_term_string}\"},\"query-input\":{\"@type\":\"PropertyValueSpecification\",\"valueRequired\":true,\"valueName\":\"search_term_string\"}}],\"inLanguage\":\"es\"},{\"@type\":\"Organization\",\"@id\":\"https:\\\/\\\/webdelmaestrocmf.com\\\/portal\\\/#organization\",\"name\":\"Web del Maestro CMF\",\"alternateName\":\"WMCMF\",\"url\":\"https:\\\/\\\/webdelmaestrocmf.com\\\/portal\\\/\",\"logo\":{\"@type\":\"ImageObject\",\"inLanguage\":\"es\",\"@id\":\"https:\\\/\\\/webdelmaestrocmf.com\\\/portal\\\/#\\\/schema\\\/logo\\\/image\\\/\",\"url\":\"https:\\\/\\\/webdelmaestrocmf.com\\\/portal\\\/wp-content\\\/uploads\\\/2023\\\/01\\\/logo-wmcmf-2.png\",\"contentUrl\":\"https:\\\/\\\/webdelmaestrocmf.com\\\/portal\\\/wp-content\\\/uploads\\\/2023\\\/01\\\/logo-wmcmf-2.png\",\"width\":200,\"height\":60,\"caption\":\"Web del Maestro CMF\"},\"image\":{\"@id\":\"https:\\\/\\\/webdelmaestrocmf.com\\\/portal\\\/#\\\/schema\\\/logo\\\/image\\\/\"},\"sameAs\":[\"https:\\\/\\\/www.facebook.com\\\/WebdelMaestroCMF\\\/\",\"https:\\\/\\\/x.com\\\/cmf_w\",\"https:\\\/\\\/www.pinterest.com\\\/WMCMF\\\/\",\"https:\\\/\\\/www.linkedin.com\\\/company\\\/web-del-maestro-cmf\\\/\",\"https:\\\/\\\/www.instagram.com\\\/wmcmf\\\/\",\"https:\\\/\\\/www.youtube.com\\\/channel\\\/UCDPSvjbdodE5sHnC3OxutHw\",\"https:\\\/\\\/mastodon.social\\\/@wmcmf\",\"https:\\\/\\\/www.tiktok.com\\\/@webdelmaestrocmf\"]},{\"@type\":\"Person\",\"@id\":\"https:\\\/\\\/webdelmaestrocmf.com\\\/portal\\\/#\\\/schema\\\/person\\\/1072a2ed7bd960df8ef99a551fa35dc5\",\"name\":\"Web del Maestro CMF\",\"image\":{\"@type\":\"ImageObject\",\"inLanguage\":\"es\",\"@id\":\"https:\\\/\\\/secure.gravatar.com\\\/avatar\\\/23291dd5b5ae1077dcff3dbb04c3e02bd28403fa75af6d8787d5e97c5bbbe30b?s=96&d=mm&r=g\",\"url\":\"https:\\\/\\\/secure.gravatar.com\\\/avatar\\\/23291dd5b5ae1077dcff3dbb04c3e02bd28403fa75af6d8787d5e97c5bbbe30b?s=96&d=mm&r=g\",\"contentUrl\":\"https:\\\/\\\/secure.gravatar.com\\\/avatar\\\/23291dd5b5ae1077dcff3dbb04c3e02bd28403fa75af6d8787d5e97c5bbbe30b?s=96&d=mm&r=g\",\"caption\":\"Web del Maestro CMF\"},\"description\":\"Esta Web se cre\u00f3 sin fines de lucro, con fines educativos, cient\u00edficos y acad\u00e9micos, para personas que tengan dificultades y\\\/o inconvenientes en visualizar el material original. El objetivo es entregar recursos, compartir experiencias y materiales que ayuden a los padres de familia, maestros y estudiantes en su actualizaci\u00f3n y formaci\u00f3n permanente, en bien de la Educaci\u00f3n.\",\"sameAs\":[\"http:\\\/\\\/webdelmaestrocmf.com\\\/portal\",\"https:\\\/\\\/www.facebook.com\\\/WebdelMaestroCMF\\\/\",\"https:\\\/\\\/www.instagram.com\\\/wmcmf\\\/\",\"https:\\\/\\\/cl.linkedin.com\\\/company\\\/web-del-maestro-cmf\",\"https:\\\/\\\/www.pinterest.com\\\/WMCMF\\\/publicaciones\\\/\",\"https:\\\/\\\/x.com\\\/cmf_w\",\"https:\\\/\\\/www.youtube.com\\\/@WMCMF\"]}]}<\/script>\n<!-- \/ Yoast SEO plugin. -->","yoast_head_json":{"title":"[Carmen Alemany] En la jungla del patio de recreo - 2026","description":"Comunidad de Maestros, Docentes y Profesores, en donde encontrar\u00e1s material, informaci\u00f3n y noticias del \u00e1mbito nacional y mundial.","robots":{"index":"index","follow":"follow","max-snippet":"max-snippet:-1","max-image-preview":"max-image-preview:large","max-video-preview":"max-video-preview:-1"},"canonical":"https:\/\/webdelmaestrocmf.com\/portal\/carmen-alemany-en-la-jungla-del-patio-de-recreo\/","og_locale":"es_ES","og_type":"article","og_title":"[Carmen Alemany] En la jungla del patio de recreo - 2026","og_description":"Comunidad de Maestros, Docentes y Profesores, en donde encontrar\u00e1s material, informaci\u00f3n y noticias del \u00e1mbito nacional y mundial.","og_url":"https:\/\/webdelmaestrocmf.com\/portal\/carmen-alemany-en-la-jungla-del-patio-de-recreo\/","og_site_name":"Web del Maestro CMF","article_publisher":"https:\/\/www.facebook.com\/WebdelMaestroCMF\/","article_author":"https:\/\/www.facebook.com\/WebdelMaestroCMF\/","article_published_time":"2023-01-09T17:41:32+00:00","article_modified_time":"2023-01-11T19:58:02+00:00","og_image":[{"width":900,"height":556,"url":"https:\/\/i0.wp.com\/webdelmaestrocmf.com\/portal\/wp-content\/uploads\/2023\/01\/1-37.jpg?fit=900%2C556&ssl=1","type":"image\/jpeg"}],"author":"Web del Maestro CMF","twitter_card":"summary_large_image","twitter_creator":"@cmf_w","twitter_site":"@cmf_w","schema":{"@context":"https:\/\/schema.org","@graph":[{"@type":"ScholarlyArticle","@id":"https:\/\/webdelmaestrocmf.com\/portal\/carmen-alemany-en-la-jungla-del-patio-de-recreo\/#article","isPartOf":{"@id":"https:\/\/webdelmaestrocmf.com\/portal\/carmen-alemany-en-la-jungla-del-patio-de-recreo\/"},"author":{"name":"Web del Maestro CMF","@id":"https:\/\/webdelmaestrocmf.com\/portal\/#\/schema\/person\/1072a2ed7bd960df8ef99a551fa35dc5"},"headline":"[Carmen Alemany] En la jungla del patio de recreo","datePublished":"2023-01-09T17:41:32+00:00","dateModified":"2023-01-11T19:58:02+00:00","mainEntityOfPage":{"@id":"https:\/\/webdelmaestrocmf.com\/portal\/carmen-alemany-en-la-jungla-del-patio-de-recreo\/"},"wordCount":1398,"commentCount":0,"publisher":{"@id":"https:\/\/webdelmaestrocmf.com\/portal\/#organization"},"image":{"@id":"https:\/\/webdelmaestrocmf.com\/portal\/carmen-alemany-en-la-jungla-del-patio-de-recreo\/#primaryimage"},"thumbnailUrl":"https:\/\/webdelmaestrocmf.com\/portal\/wp-content\/uploads\/2023\/01\/1-37.jpg","keywords":["Carmen Alemany","jungla","patio","recreo"],"articleSection":["Z-Colaboradores","Z-Colaboradores-Carmen Alemany"],"inLanguage":"es","potentialAction":[{"@type":"CommentAction","name":"Comment","target":["https:\/\/webdelmaestrocmf.com\/portal\/carmen-alemany-en-la-jungla-del-patio-de-recreo\/#respond"]}]},{"@type":"WebPage","@id":"https:\/\/webdelmaestrocmf.com\/portal\/carmen-alemany-en-la-jungla-del-patio-de-recreo\/","url":"https:\/\/webdelmaestrocmf.com\/portal\/carmen-alemany-en-la-jungla-del-patio-de-recreo\/","name":"[Carmen Alemany] En la jungla del patio de recreo - 2026","isPartOf":{"@id":"https:\/\/webdelmaestrocmf.com\/portal\/#website"},"primaryImageOfPage":{"@id":"https:\/\/webdelmaestrocmf.com\/portal\/carmen-alemany-en-la-jungla-del-patio-de-recreo\/#primaryimage"},"image":{"@id":"https:\/\/webdelmaestrocmf.com\/portal\/carmen-alemany-en-la-jungla-del-patio-de-recreo\/#primaryimage"},"thumbnailUrl":"https:\/\/webdelmaestrocmf.com\/portal\/wp-content\/uploads\/2023\/01\/1-37.jpg","datePublished":"2023-01-09T17:41:32+00:00","dateModified":"2023-01-11T19:58:02+00:00","description":"Comunidad de Maestros, Docentes y Profesores, en donde encontrar\u00e1s material, informaci\u00f3n y noticias del \u00e1mbito nacional y mundial.","breadcrumb":{"@id":"https:\/\/webdelmaestrocmf.com\/portal\/carmen-alemany-en-la-jungla-del-patio-de-recreo\/#breadcrumb"},"inLanguage":"es","potentialAction":[{"@type":"ReadAction","target":["https:\/\/webdelmaestrocmf.com\/portal\/carmen-alemany-en-la-jungla-del-patio-de-recreo\/"]}]},{"@type":"ImageObject","inLanguage":"es","@id":"https:\/\/webdelmaestrocmf.com\/portal\/carmen-alemany-en-la-jungla-del-patio-de-recreo\/#primaryimage","url":"https:\/\/webdelmaestrocmf.com\/portal\/wp-content\/uploads\/2023\/01\/1-37.jpg","contentUrl":"https:\/\/webdelmaestrocmf.com\/portal\/wp-content\/uploads\/2023\/01\/1-37.jpg","width":900,"height":556},{"@type":"BreadcrumbList","@id":"https:\/\/webdelmaestrocmf.com\/portal\/carmen-alemany-en-la-jungla-del-patio-de-recreo\/#breadcrumb","itemListElement":[{"@type":"ListItem","position":1,"name":"Portada","item":"https:\/\/webdelmaestrocmf.com\/portal\/"},{"@type":"ListItem","position":2,"name":"Z-Colaboradores","item":"https:\/\/webdelmaestrocmf.com\/portal\/category\/colaborador\/"},{"@type":"ListItem","position":3,"name":"[Carmen Alemany] En la jungla del patio de recreo"}]},{"@type":"WebSite","@id":"https:\/\/webdelmaestrocmf.com\/portal\/#website","url":"https:\/\/webdelmaestrocmf.com\/portal\/","name":"Web del Maestro CMF","description":"Maestros al servicio de la educaci\u00f3n","publisher":{"@id":"https:\/\/webdelmaestrocmf.com\/portal\/#organization"},"alternateName":"WMCMF","potentialAction":[{"@type":"SearchAction","target":{"@type":"EntryPoint","urlTemplate":"https:\/\/webdelmaestrocmf.com\/portal\/?s={search_term_string}"},"query-input":{"@type":"PropertyValueSpecification","valueRequired":true,"valueName":"search_term_string"}}],"inLanguage":"es"},{"@type":"Organization","@id":"https:\/\/webdelmaestrocmf.com\/portal\/#organization","name":"Web del Maestro CMF","alternateName":"WMCMF","url":"https:\/\/webdelmaestrocmf.com\/portal\/","logo":{"@type":"ImageObject","inLanguage":"es","@id":"https:\/\/webdelmaestrocmf.com\/portal\/#\/schema\/logo\/image\/","url":"https:\/\/webdelmaestrocmf.com\/portal\/wp-content\/uploads\/2023\/01\/logo-wmcmf-2.png","contentUrl":"https:\/\/webdelmaestrocmf.com\/portal\/wp-content\/uploads\/2023\/01\/logo-wmcmf-2.png","width":200,"height":60,"caption":"Web del Maestro CMF"},"image":{"@id":"https:\/\/webdelmaestrocmf.com\/portal\/#\/schema\/logo\/image\/"},"sameAs":["https:\/\/www.facebook.com\/WebdelMaestroCMF\/","https:\/\/x.com\/cmf_w","https:\/\/www.pinterest.com\/WMCMF\/","https:\/\/www.linkedin.com\/company\/web-del-maestro-cmf\/","https:\/\/www.instagram.com\/wmcmf\/","https:\/\/www.youtube.com\/channel\/UCDPSvjbdodE5sHnC3OxutHw","https:\/\/mastodon.social\/@wmcmf","https:\/\/www.tiktok.com\/@webdelmaestrocmf"]},{"@type":"Person","@id":"https:\/\/webdelmaestrocmf.com\/portal\/#\/schema\/person\/1072a2ed7bd960df8ef99a551fa35dc5","name":"Web del Maestro CMF","image":{"@type":"ImageObject","inLanguage":"es","@id":"https:\/\/secure.gravatar.com\/avatar\/23291dd5b5ae1077dcff3dbb04c3e02bd28403fa75af6d8787d5e97c5bbbe30b?s=96&d=mm&r=g","url":"https:\/\/secure.gravatar.com\/avatar\/23291dd5b5ae1077dcff3dbb04c3e02bd28403fa75af6d8787d5e97c5bbbe30b?s=96&d=mm&r=g","contentUrl":"https:\/\/secure.gravatar.com\/avatar\/23291dd5b5ae1077dcff3dbb04c3e02bd28403fa75af6d8787d5e97c5bbbe30b?s=96&d=mm&r=g","caption":"Web del Maestro CMF"},"description":"Esta Web se cre\u00f3 sin fines de lucro, con fines educativos, cient\u00edficos y acad\u00e9micos, para personas que tengan dificultades y\/o inconvenientes en visualizar el material original. El objetivo es entregar recursos, compartir experiencias y materiales que ayuden a los padres de familia, maestros y estudiantes en su actualizaci\u00f3n y formaci\u00f3n permanente, en bien de la Educaci\u00f3n.","sameAs":["http:\/\/webdelmaestrocmf.com\/portal","https:\/\/www.facebook.com\/WebdelMaestroCMF\/","https:\/\/www.instagram.com\/wmcmf\/","https:\/\/cl.linkedin.com\/company\/web-del-maestro-cmf","https:\/\/www.pinterest.com\/WMCMF\/publicaciones\/","https:\/\/x.com\/cmf_w","https:\/\/www.youtube.com\/@WMCMF"]}]}},"jetpack_featured_media_url":"https:\/\/webdelmaestrocmf.com\/portal\/wp-content\/uploads\/2023\/01\/1-37.jpg","jetpack_sharing_enabled":true,"jetpack-related-posts":[{"id":84871,"url":"https:\/\/webdelmaestrocmf.com\/portal\/carmen-alemany-acoso-escolar-y-si-mi-hijo-es-el-acosador-a\/","url_meta":{"origin":82542,"position":0},"title":"[Carmen Alemany] Acoso escolar. \u00bfY si mi hijo es el acosador\/a?","author":"Web del Maestro CMF","date":"27 febrero, 2023","format":false,"excerpt":"El acoso escolar no es cosa de ni\u00f1os El acoso escolar es un fen\u00f3meno muy frecuente en nuestros centros educativos y que puede causar graves da\u00f1os a las v\u00edctimas. Seg\u00fan el\u00a0IV Informe de la Fundaci\u00f3n Anar y la Fundaci\u00f3n Mutua Madrile\u00f1a\u00a0sobre acoso escolar, entre los motivos que los alumnos alegan\u2026","rel":"","context":"En \u00abZ-Colaborador-Carmen Alemany\u00bb","block_context":{"text":"Z-Colaborador-Carmen Alemany","link":"https:\/\/webdelmaestrocmf.com\/portal\/category\/colaborador\/z-colaborador-carmen-alemany\/"},"img":{"alt_text":"","src":"https:\/\/i0.wp.com\/webdelmaestrocmf.com\/portal\/wp-content\/uploads\/2023\/02\/a1bc-3.jpg?resize=350%2C200&ssl=1","width":350,"height":200,"srcset":"https:\/\/i0.wp.com\/webdelmaestrocmf.com\/portal\/wp-content\/uploads\/2023\/02\/a1bc-3.jpg?resize=350%2C200&ssl=1 1x, https:\/\/i0.wp.com\/webdelmaestrocmf.com\/portal\/wp-content\/uploads\/2023\/02\/a1bc-3.jpg?resize=525%2C300&ssl=1 1.5x, https:\/\/i0.wp.com\/webdelmaestrocmf.com\/portal\/wp-content\/uploads\/2023\/02\/a1bc-3.jpg?resize=700%2C400&ssl=1 2x"},"classes":[]},{"id":19282,"url":"https:\/\/webdelmaestrocmf.com\/portal\/no-parte-la-solucion-parte-del-problema\/","url_meta":{"origin":82542,"position":1},"title":"Bullying: \u201cSi no eres parte de la soluci\u00f3n, eres parte del problema\u201d","author":"Web del Maestro CMF","date":"19 julio, 2022","format":false,"excerpt":"El acoso escolar, siempre necesitar\u00e1 un plan de prevenci\u00f3n y un protocolo de intervenci\u00f3n. En el Colegio Joyfe (Madrid) todos los casos de acoso se env\u00edan a inspecci\u00f3n y, en ocasiones, los inspectores han acudido al colegio a revisar las situaciones. Y cada vez que hay un indicio se abre\u2026","rel":"","context":"En \u00abRecursos\u00bb","block_context":{"text":"Recursos","link":"https:\/\/webdelmaestrocmf.com\/portal\/category\/pedagogia\/"},"img":{"alt_text":"","src":"https:\/\/i0.wp.com\/webdelmaestrocmf.com\/portal\/wp-content\/uploads\/2017\/06\/1B.jpg?resize=350%2C200&ssl=1","width":350,"height":200,"srcset":"https:\/\/i0.wp.com\/webdelmaestrocmf.com\/portal\/wp-content\/uploads\/2017\/06\/1B.jpg?resize=350%2C200&ssl=1 1x, https:\/\/i0.wp.com\/webdelmaestrocmf.com\/portal\/wp-content\/uploads\/2017\/06\/1B.jpg?resize=525%2C300&ssl=1 1.5x, https:\/\/i0.wp.com\/webdelmaestrocmf.com\/portal\/wp-content\/uploads\/2017\/06\/1B.jpg?resize=700%2C400&ssl=1 2x"},"classes":[]},{"id":90388,"url":"https:\/\/webdelmaestrocmf.com\/portal\/12-guias-orientadoras-para-prevenir-el-acoso-escolar-descargas-gratuitas\/","url_meta":{"origin":82542,"position":2},"title":"12 gu\u00edas orientadoras para prevenir el acoso escolar: Descargas gratuitas","author":"Web del Maestro CMF","date":"18 enero, 2024","format":false,"excerpt":"Para quienes estamos en el mundo educativo, no nos es dif\u00edcil observar y comprobar que es en el entorno escolar donde debemos adoptar medidas para garantizar la protecci\u00f3n, promover el conocimiento de la infancia y adolescencia, de los riesgos de su entorno y fomentar su autoprotecci\u00f3n, y que nadie sufra\u2026","rel":"","context":"En \u00abYo opino - WMCMF\u00bb","block_context":{"text":"Yo opino - WMCMF","link":"https:\/\/webdelmaestrocmf.com\/portal\/category\/jamb\/"},"img":{"alt_text":"acoso escolar","src":"https:\/\/i0.wp.com\/webdelmaestrocmf.com\/portal\/wp-content\/uploads\/2023\/10\/Banner-1-portada-imagen-10-31.jpg?resize=350%2C200&ssl=1","width":350,"height":200,"srcset":"https:\/\/i0.wp.com\/webdelmaestrocmf.com\/portal\/wp-content\/uploads\/2023\/10\/Banner-1-portada-imagen-10-31.jpg?resize=350%2C200&ssl=1 1x, https:\/\/i0.wp.com\/webdelmaestrocmf.com\/portal\/wp-content\/uploads\/2023\/10\/Banner-1-portada-imagen-10-31.jpg?resize=525%2C300&ssl=1 1.5x, https:\/\/i0.wp.com\/webdelmaestrocmf.com\/portal\/wp-content\/uploads\/2023\/10\/Banner-1-portada-imagen-10-31.jpg?resize=700%2C400&ssl=1 2x"},"classes":[]},{"id":22374,"url":"https:\/\/webdelmaestrocmf.com\/portal\/proyecto-recreos-entretenidos-para-el-nivel-de-primaria\/","url_meta":{"origin":82542,"position":3},"title":"Proyecto: Recreos entretenidos para el nivel de primaria","author":"Web del Maestro CMF","date":"17 enero, 2024","format":false,"excerpt":"Los recreos mejora el aprendizaje y las relaciones emocionales de los ni\u00f1os, adem\u00e1s reduce el estr\u00e9s. As\u00ed lo confirm\u00f3 un estudio del Colegio de Medicina Albert Einstein de la Universidad Yeshiva, en Nueva York, seg\u00fan el cual a mayor tiempo de recreo, mejor se comportan los ni\u00f1os y logran aprender\u2026","rel":"","context":"En \u00abJuegos\u00bb","block_context":{"text":"Juegos","link":"https:\/\/webdelmaestrocmf.com\/portal\/category\/pedagogia\/juegos\/"},"img":{"alt_text":"","src":"https:\/\/i0.wp.com\/webdelmaestrocmf.com\/portal\/wp-content\/uploads\/2019\/12\/Banner-1-portada-imagen-10-9.jpg?resize=350%2C200&ssl=1","width":350,"height":200,"srcset":"https:\/\/i0.wp.com\/webdelmaestrocmf.com\/portal\/wp-content\/uploads\/2019\/12\/Banner-1-portada-imagen-10-9.jpg?resize=350%2C200&ssl=1 1x, https:\/\/i0.wp.com\/webdelmaestrocmf.com\/portal\/wp-content\/uploads\/2019\/12\/Banner-1-portada-imagen-10-9.jpg?resize=525%2C300&ssl=1 1.5x, https:\/\/i0.wp.com\/webdelmaestrocmf.com\/portal\/wp-content\/uploads\/2019\/12\/Banner-1-portada-imagen-10-9.jpg?resize=700%2C400&ssl=1 2x"},"classes":[]},{"id":90252,"url":"https:\/\/webdelmaestrocmf.com\/portal\/carmen-alemany-mi-hijo-a-adolescente-no-quiere-estudiar\/","url_meta":{"origin":82542,"position":4},"title":"[Carmen Alemany] Mi hijo\/a adolescente no quiere estudiar","author":"Web del Maestro CMF","date":"30 junio, 2023","format":false,"excerpt":"La adolescencia es una etapa de cambios en la vida de casi todas las personas. Es un momento de construcci\u00f3n de la propia identidad, y para ello, muchas veces los adolescentes necesitan oponerse al mundo adulto y buscar nuevos referentes, que pueden ser sus amigos, compa\u00f1eros, \u00eddolos como\u00a0youtubers, deportistas, cantantes,\u2026","rel":"","context":"En \u00abZ-Colaborador-Carmen Alemany\u00bb","block_context":{"text":"Z-Colaborador-Carmen Alemany","link":"https:\/\/webdelmaestrocmf.com\/portal\/category\/colaborador\/z-colaborador-carmen-alemany\/"},"img":{"alt_text":"","src":"https:\/\/i0.wp.com\/webdelmaestrocmf.com\/portal\/wp-content\/uploads\/2023\/06\/A12B3C4D-10-1.jpg?resize=350%2C200&ssl=1","width":350,"height":200,"srcset":"https:\/\/i0.wp.com\/webdelmaestrocmf.com\/portal\/wp-content\/uploads\/2023\/06\/A12B3C4D-10-1.jpg?resize=350%2C200&ssl=1 1x, https:\/\/i0.wp.com\/webdelmaestrocmf.com\/portal\/wp-content\/uploads\/2023\/06\/A12B3C4D-10-1.jpg?resize=525%2C300&ssl=1 1.5x, https:\/\/i0.wp.com\/webdelmaestrocmf.com\/portal\/wp-content\/uploads\/2023\/06\/A12B3C4D-10-1.jpg?resize=700%2C400&ssl=1 2x"},"classes":[]},{"id":15672,"url":"https:\/\/webdelmaestrocmf.com\/portal\/5-estrategias-9-peliculas-prevenir-bullying-salon-clases\/","url_meta":{"origin":82542,"position":5},"title":"5 estrategias + 9 pel\u00edculas para prevenir el bullying y el ciberbullying en el sal\u00f3n de clases","author":"Web del Maestro CMF","date":"6 marzo, 2020","format":false,"excerpt":"\u201cUn empuj\u00f3n que se repite. Un apodo que denigra. Un insulto cada vez que le toca salir a la pizarra. En la escuela o en el instituto, existen muchas formas de ejercer y sufrir violencia entre iguales y muchas formas de tratar de acabar con ella. Es una responsabilidad conjunta\u2026","rel":"","context":"En \u00abLas m\u00e1s vistas\u00bb","block_context":{"text":"Las m\u00e1s vistas","link":"https:\/\/webdelmaestrocmf.com\/portal\/category\/pedagogia\/visitadas\/"},"img":{"alt_text":"","src":"https:\/\/i0.wp.com\/webdelmaestrocmf.com\/portal\/wp-content\/uploads\/2020\/03\/1-16.jpeg?resize=350%2C200&ssl=1","width":350,"height":200,"srcset":"https:\/\/i0.wp.com\/webdelmaestrocmf.com\/portal\/wp-content\/uploads\/2020\/03\/1-16.jpeg?resize=350%2C200&ssl=1 1x, https:\/\/i0.wp.com\/webdelmaestrocmf.com\/portal\/wp-content\/uploads\/2020\/03\/1-16.jpeg?resize=525%2C300&ssl=1 1.5x, https:\/\/i0.wp.com\/webdelmaestrocmf.com\/portal\/wp-content\/uploads\/2020\/03\/1-16.jpeg?resize=700%2C400&ssl=1 2x, https:\/\/i0.wp.com\/webdelmaestrocmf.com\/portal\/wp-content\/uploads\/2020\/03\/1-16.jpeg?resize=1050%2C600&ssl=1 3x"},"classes":[]}],"_links":{"self":[{"href":"https:\/\/webdelmaestrocmf.com\/portal\/wp-json\/wp\/v2\/posts\/82542","targetHints":{"allow":["GET"]}}],"collection":[{"href":"https:\/\/webdelmaestrocmf.com\/portal\/wp-json\/wp\/v2\/posts"}],"about":[{"href":"https:\/\/webdelmaestrocmf.com\/portal\/wp-json\/wp\/v2\/types\/post"}],"author":[{"embeddable":true,"href":"https:\/\/webdelmaestrocmf.com\/portal\/wp-json\/wp\/v2\/users\/1"}],"replies":[{"embeddable":true,"href":"https:\/\/webdelmaestrocmf.com\/portal\/wp-json\/wp\/v2\/comments?post=82542"}],"version-history":[{"count":0,"href":"https:\/\/webdelmaestrocmf.com\/portal\/wp-json\/wp\/v2\/posts\/82542\/revisions"}],"wp:featuredmedia":[{"embeddable":true,"href":"https:\/\/webdelmaestrocmf.com\/portal\/wp-json\/wp\/v2\/media\/82543"}],"wp:attachment":[{"href":"https:\/\/webdelmaestrocmf.com\/portal\/wp-json\/wp\/v2\/media?parent=82542"}],"wp:term":[{"taxonomy":"category","embeddable":true,"href":"https:\/\/webdelmaestrocmf.com\/portal\/wp-json\/wp\/v2\/categories?post=82542"},{"taxonomy":"post_tag","embeddable":true,"href":"https:\/\/webdelmaestrocmf.com\/portal\/wp-json\/wp\/v2\/tags?post=82542"}],"curies":[{"name":"wp","href":"https:\/\/api.w.org\/{rel}","templated":true}]}}