{"id":82487,"date":"2023-01-08T19:17:41","date_gmt":"2023-01-08T22:17:41","guid":{"rendered":"https:\/\/webdelmaestrocmf.com\/portal\/?p=82487"},"modified":"2026-04-13T18:58:14","modified_gmt":"2026-04-13T22:58:14","slug":"alberto-soler-ahora-las-familias-crian-y-educan-a-sus-hijos-desde-la-soledad","status":"publish","type":"post","link":"https:\/\/webdelmaestrocmf.com\/portal\/alberto-soler-ahora-las-familias-crian-y-educan-a-sus-hijos-desde-la-soledad\/","title":{"rendered":"Alberto Soler: Ahora las familias cr\u00edan y educan a sus hijos desde la soledad"},"content":{"rendered":"\n<p>El psic\u00f3logo espa\u00f1ol, especialista en charlas y conferencias sobre educaci\u00f3n y crianza, Alberto Soler Sarri\u00f3 es licenciado en Psicolog\u00eda y M\u00e1ster en Psicolog\u00eda Cl\u00ednica y de la Salud por la Universidad de Valencia (Espa\u00f1a), cuenta con una amplia experiencia en psicoterapia y asesoramiento a los padres de familia. Tiene m\u00e1s de 10 a\u00f1os de experiencia y 8000 horas de psicoterapia y asesoramiento a padres sobre cuestiones relacionadas con la crianza.<\/p>\n\n\n\n<!--more-->\n\n\n\n<p>Promueve una educaci\u00f3n respetuosa y sensible. Es autor de libros como <strong>Hijos y Padres Felices<\/strong>, <strong>Ni\u00f1os sin Etiquetas <\/strong>y <strong>Tengo Miedo<\/strong>, as\u00ed como numerosos art\u00edculos publicados en su blog, la prensa y las redes sociales; entre estos \u00faltimos est\u00e1 <strong>\u201cLa crianza como batalla<\/strong>\u201d, que por contenido e importancia para padres de familia y profesores, consideramos interesante compartir un corto di\u00e1logo, publicado en el portal <strong>EDUCAR ES TODO<\/strong>, que ojal\u00e1 pueda servir para nuestra reflexi\u00f3n docente y como recurso para nuestras reuniones con los colegas y padres de familia.<\/p>\n\n\n\n<p>Tambi\u00e9n les compartimos un video de <strong>P\u00edldoras de Psicolog\u00eda<\/strong>, en el cual trata de orientar sobre el trato y los tonos de voz con que podemos conversar o dialogar con los hijos (o estudiantes). Hacemos presente que las letras cursivas y en negritas son nuestras.<\/p>\n\n\n\n<p>Publicaci\u00f3n relacionada:&nbsp;<a href=\"https:\/\/webdelmaestrocmf.com\/portal\/alberto-soler-los-ninos-viven-las-situaciones-filtradas-por-sus-padres-que-son-su-referente-social\/\" target=\"_top\">Alberto Soler: Los ni\u00f1os viven las situaciones filtradas por sus padres, que son su referente social<\/a><\/p>\n\n\n\n<h2 class=\"wp-block-heading\"><strong>EDUCAR ES TODO: &#8230; \u00bfCrees que es m\u00e1s dif\u00edcil educar que antes, que es un reto mayor para padres y madres?<\/strong><\/h2>\n\n\n\n<p><strong>ALBERTO SOLER<\/strong>: \u201cPor un lado puede parecer m\u00e1s sencillo porque&nbsp;hay m\u00e1s libros, m\u00e1s talleres, cursos, accesorios y objetos en las tiendas, etc. pero <strong>en el fondo es m\u00e1s complicado<\/strong>. Ahora las familias <strong>cr\u00edan y educan a sus hijos desde la soledad<\/strong>, antes se hac\u00eda de un modo conjunto con la familia, los amigos, el barrio o el pueblo.&nbsp;Ahora vivimos mucho m\u00e1s aislados. Nunca <strong>una madre sola deber\u00eda estar todo el d\u00eda a cargo de su hijo sin ayuda,<\/strong> y lamentablemente es algo muy frecuente. Adem\u00e1s, pese a que cada vez hay m\u00e1s informaci\u00f3n, lo cual es bueno, tambi\u00e9n el exceso de la misma acaba produciendo&nbsp;desinformaci\u00f3n: el m\u00e9dico dice una cosa, luego la enfermera otra, lees por internet alguien que dice lo contrario, y <strong>al final no sabes qu\u00e9 hacer<\/strong>\u201d.<\/p>\n\n\n\n<h2 class=\"wp-block-heading\"><strong>YO TAMBIE\u0301N GRITO A MIS HIJOS&#8230; Y OS CUENTO QU\u00c9 HACER PARA MINIMIZARLO (06\u00b4 23\u201d)<\/strong><\/h2>\n\n\n\n<p><iframe loading=\"lazy\" title=\"Yo tambi\u00e9n grito a mis hijos... y os cuento qu\u00e9 hacer para minimizarlo\" src=\"https:\/\/www.youtube.com\/embed\/RotSG35r7_0\" width=\"100%\" height=\"400\" frameborder=\"0\" allowfullscreen=\"allowfullscreen\"><span data-mce-type=\"bookmark\" style=\"display: inline-block; width: 0px; overflow: hidden; line-height: 0;\" class=\"mce_SELRES_start\">\ufeff<\/span><\/iframe><\/p>\n\n\n\n<h2 class=\"wp-block-heading\"><strong>EDUCAR ES TODO: &#8230; \u00bfcu\u00e1l es el reto mayor al que se enfrentan padres y madres a la hora de educar a nuestros hijos e hijas ahora?<\/strong><\/h2>\n\n\n\n<p><strong>ALBERTO SOLER<\/strong>: \u201c[&#8230;]&nbsp;La familia cada vez est\u00e1 m\u00e1s sola en su labor educativa. Y ello tiene que ver con el momento hist\u00f3rico en el que nos ha tocado vivir. <strong>Conciliar la vida familiar con las necesidades econ\u00f3micas y laborales es cada vez m\u00e1s complicado<\/strong>. Los padres cada vez <strong>disfrutan de menos tiempo con sus hijos<\/strong>; nos conformamos con el argumento de las \u201choras de calidad\u201d que pasamos con ellos, pero es un falso consuelo. <strong>Nuestros hijos necesitan<\/strong> ambas cosas: <strong>muchas horas, y de mucha calidad<\/strong>. Y la configuraci\u00f3n social en estos momentos no lo permite. Existe mucho presentismo en la cultura empresarial, muy poca flexibilidad en los horarios, y al final acaba siendo <strong>normalmente la mujer quien carga con la mayor parte de consecuencias negativas<\/strong> de la \u201cconciliaci\u00f3n\u201d. Adem\u00e1s, los horarios escolares y las vacaciones hacen que compaginarlo con los trabajos de los padres sea una misi\u00f3n casi imposible. Es por ello que <strong>nuestra tolerancia a las conductas inadecuadas de los ni\u00f1os<\/strong> <strong>ha bajado de manera desorbitada<\/strong>: no tenemos margen para entretenernos, no podemos permitirnos una rabieta antes de salir de casa porque no llegamos al trabajo, no podemos permitirnos que caminen lento porque no cogemos el autob\u00fas. Y <strong>acabamos viendo como patol\u00f3gicas conductas que forman parte de la infancia.<\/strong> Nuestros hijos est\u00e1n san\u00edsimos, es la sociedad la que est\u00e1 enferma.<\/p>\n\n\n\n<p>Publicaci\u00f3n anterior:&nbsp;<a href=\"https:\/\/webdelmaestrocmf.com\/portal\/mas-que-buscar-la-obediencia-ciega-debemos-fomentar-el-pensamiento-critico\/\" target=\"_top\">M\u00e1s que buscar la obediencia ciega, debemos fomentar el pensamiento cr\u00edtico<\/a><\/p>\n\n\n\n<h2 class=\"wp-block-heading\"><strong>EDICAR ES TODO: &#8230; \u00bfQu\u00e9 problemas sueles encontrar en consulta relacionados con la educaci\u00f3n de los hijos e hijas?<\/strong><\/h2>\n\n\n\n<p><strong>ALBERTO SOLER:<\/strong> [&#8230;] Muchos padres <strong>preocupados porque sus hijos \u201cno son normales\u201d <\/strong>s\u00f3lo porque se alejan de aquello que consideramos que deber\u00eda ser normal. La sociedad actual ha restringido mucho el concepto de normalidad, ya no cabe pr\u00e1cticamente ning\u00fan ni\u00f1o dentro: el activo es hiperactivo, el despistado es inatento, el perezoso tiene fracaso escolar. <strong>No es que no existan estas u otras patolog\u00edas<\/strong>, lo que sucede es que su verdadera incidencia est\u00e1 muy por debajo de la percepci\u00f3n social (y de los diagn\u00f3sticos).<\/p>\n\n\n\n<h2 class=\"wp-block-heading\"><strong>EDUCAR ES TODO: &#8230; \u00bfQu\u00e9 mensaje fundamental quieres transmitir a padres y madres<\/strong><\/h2>\n\n\n\n<p><strong>ALBERTO SOLER<\/strong>: \u201cMi principal objetivo es incrementar la conciencia sobre los efectos que tiene nuestra manera de criar a nuestros hijos. <strong>No vale todo<\/strong>. Que algo sea efectivo no significa que sea bueno (un buen vaso de vodka es muy efectivo para dormir, pero no por ello es bueno). <strong>Muchas veces hay que elegir un camino un poco m\u00e1s dif\u00edcil<\/strong>, un poco m\u00e1s sacrificado, para poder tener los resultados deseados\u201d.<\/p>\n\n\n\n<div class=\"mceTemp\">&nbsp;<\/div>\n\n\n\n<figure class=\"wp-block-image\"><img loading=\"lazy\" decoding=\"async\" width=\"900\" height=\"556\" src=\"https:\/\/webdelmaestrocmf.com\/portal\/wp-content\/uploads\/2023\/01\/1-29.jpg\" alt=\"\" class=\"wp-image-82488\" srcset=\"https:\/\/webdelmaestrocmf.com\/portal\/wp-content\/uploads\/2023\/01\/1-29.jpg 900w, https:\/\/webdelmaestrocmf.com\/portal\/wp-content\/uploads\/2023\/01\/1-29-300x185.jpg 300w, https:\/\/webdelmaestrocmf.com\/portal\/wp-content\/uploads\/2023\/01\/1-29-768x474.jpg 768w, https:\/\/webdelmaestrocmf.com\/portal\/wp-content\/uploads\/2023\/01\/1-29-380x235.jpg 380w, https:\/\/webdelmaestrocmf.com\/portal\/wp-content\/uploads\/2023\/01\/1-29-800x494.jpg 800w\" sizes=\"auto, (max-width: 900px) 100vw, 900px\" \/><\/figure>\n\n\n\n<h2 class=\"wp-block-heading\"><strong>EDUCAR ES TODO: \u00bfQu\u00e9 visi\u00f3n de paternidad y maternidad subyace en todo ello?<\/strong><\/h2>\n\n\n\n<p><strong>ALBERTO SOLER<\/strong>: \u201cMi visi\u00f3n de <strong>la crianza se enmarca dentro de lo que se ha venido a llamar crianza con apego<\/strong>, es una corriente educativa basada en las ideas sobre el desarrollo infantil de John Bowlby y, en muchos aspectos, <strong>es contrapuesta a una visi\u00f3n conductista de la educaci\u00f3n<\/strong> basada en los castigos y recompensas\u201d.<\/p>\n\n\n\n<p>La entrevista completa, que sugerimos leer, la encuentra en las redes y en este enlace: <a href=\"https:\/\/educarestodo.com\/blog\/alberto-soler-la-autoridad-nunca-debe-ser-el-objetivo-de-la-educacion\/#:~:text=As%C3%AD%2C%20convierten%20la%20autoridad%20en,se%20gana%2C%20no%20se%20impone.\" target=\"_blank\" rel=\"noopener\"><strong>ALBERTO SOLER: \u201cLA AUTORIDAD NUNCA DEBE SER EL OBJETIVO DE LA EDUCACI\u00d3N\u201d<\/strong><\/a><\/p>\n\n\n\n<p>\u201cAfortunadamente, vivimos en un entorno en el que, si elegimos bien con quien compartir nuestro malestar, en vez de suponer que va a ser un problema va a ser el primer paso para ponerle soluci\u00f3n, ya que esto lo que nos va a permitir es recibir apoyo, comprensi\u00f3n y ayuda\u201d. (El Pa\u00eds, 02\/07\/2022)<\/p>\n\n\n\n<p><strong>NOTA DE REDACCI\u00d3N<\/strong>: Las ideas y opiniones expresadas en esta entrevista o di\u00e1logo, no son necesariamente las de la Web del Maestro CMF, y no comprometen en modo alguno sus pol\u00edticas de formaci\u00f3n permanente y revalorizaci\u00f3n de la tarea docente. Sugerimos a nuestros lectores conocer la identidad de la fuente o de su autor o autores, para tener mayores elementos de juicio y la pertinencia que ayude a su reflexi\u00f3n desde su realidad educativa.<\/p>\n\n\n\n<p class=\"has-text-align-right\"><strong>REDACCI\u00d3N WEB DEL MAESTRO CMF<\/strong><\/p>\n\n\n\t\t<div class=\"pk-inline-posts\">\n\t\t\t\t\t\t\t<h5 class=\"pk-inline-posts-title pk-title pk-font-block\">\n\t\t\t\t\t\u00daltimas entradas\t\t\t\t<\/h5>\n\t\t\t\n\t\t\t<div class=\"pk-inline-posts-container pk-inline-posts-template-list\"\n\t\t\t\tdata-columns=\"1\">\n\t\t\t\t\t\t<article id=\"post-118510\" class=\"post-118510 post type-post status-publish format-standard has-post-thumbnail category-entrevistas category-noticias tag-aprendizaje tag-aula tag-docentes tag-educacion-2 tag-estudiantes tag-filosofia-2 tag-formacion-2 tag-inteligencia tag-jose-antonio-marina tag-pedagogia-2 tag-pensamiento-critico-2 cs-entry cs-video-wrap\">\n\t\t\t<div class=\"pk-post-outer\">\n\n\t\t\t\t\t\t\t\t<div class=\"pk-post-inner\">\n\t\t\t\t\t<div class=\"entry-thumbnail\">\n\t\t\t\t\t\t<div class=\"pk-overlay pk-overlay-ratio pk-ratio-landscape\">\n\t\t\t\t\t\t\t<div class=\"pk-overlay-background\">\n\t\t\t\t\t\t\t\t<a href=\"https:\/\/webdelmaestrocmf.com\/portal\/jose-antonio-marina-si-no-teneis-pensamiento-critico-o-si-no-hay-pensamiento-critico-la-manipulacion-va-a-ser-muy-sencilla\/\" class=\"pk-overlay-link\">\n\t\t\t\t\t\t\t\t\t<img loading=\"lazy\" decoding=\"async\" width=\"300\" height=\"225\" src=\"https:\/\/webdelmaestrocmf.com\/portal\/wp-content\/uploads\/2026\/04\/1AA-Banner-1-portada-imagen-10-1-copia-5-6-300x225.webp\" class=\"attachment-pk-thumbnail size-pk-thumbnail wp-post-image\" alt=\"\" \/>\t\t\t\t\t\t\t\t<\/a>\n\t\t\t\t\t\t\t<\/div>\n\t\t\t\t\t\t<\/div>\n\t\t\t\t\t<\/div>\n\t\t\t\t<\/div>\n\t\t\t\t\n\t\t\t\t<div class=\"pk-post-inner\">\n\t\t\t\t\t<header>\n\t\t\t\t\t\t<h3 class=\"pk-title\"><a href=\"https:\/\/webdelmaestrocmf.com\/portal\/jose-antonio-marina-si-no-teneis-pensamiento-critico-o-si-no-hay-pensamiento-critico-la-manipulacion-va-a-ser-muy-sencilla\/\" rel=\"bookmark\">Jos\u00e9 Antonio Marina: Si no ten\u00e9is pensamiento cr\u00edtico, o si no hay pensamiento cr\u00edtico, la manipulaci\u00f3n va a ser muy sencilla<\/a><\/h3>\t\t\t\t\t<\/header><!-- .entry-header -->\n\t\t\t\t<\/div><!-- .post-inner -->\n\n\t\t\t<\/div><!-- .post-outer -->\n\t\t<\/article>\n\t\t\t<article id=\"post-113504\" class=\"post-113504 post type-post status-publish format-standard has-post-thumbnail category-entrevistas category-noticias tag-alumno tag-begona-ibarrola-2 tag-desmotivado tag-vago cs-entry cs-video-wrap\">\n\t\t\t<div class=\"pk-post-outer\">\n\n\t\t\t\t\t\t\t\t<div class=\"pk-post-inner\">\n\t\t\t\t\t<div class=\"entry-thumbnail\">\n\t\t\t\t\t\t<div class=\"pk-overlay pk-overlay-ratio pk-ratio-landscape\">\n\t\t\t\t\t\t\t<div class=\"pk-overlay-background\">\n\t\t\t\t\t\t\t\t<a href=\"https:\/\/webdelmaestrocmf.com\/portal\/begona-ibarrola-debemos-distinguir-entre-un-alumno-verdaderamente-vago-y-uno-que-esta-desmotivado-porque-anticipa-el-fracaso\/\" class=\"pk-overlay-link\">\n\t\t\t\t\t\t\t\t\t<img loading=\"lazy\" decoding=\"async\" width=\"300\" height=\"225\" src=\"https:\/\/webdelmaestrocmf.com\/portal\/wp-content\/uploads\/2025\/11\/1AA-Banner-1-portada-imagen-10-1-copia-3-300x225.webp\" class=\"attachment-pk-thumbnail size-pk-thumbnail wp-post-image\" alt=\"\" \/>\t\t\t\t\t\t\t\t<\/a>\n\t\t\t\t\t\t\t<\/div>\n\t\t\t\t\t\t<\/div>\n\t\t\t\t\t<\/div>\n\t\t\t\t<\/div>\n\t\t\t\t\n\t\t\t\t<div class=\"pk-post-inner\">\n\t\t\t\t\t<header>\n\t\t\t\t\t\t<h3 class=\"pk-title\"><a href=\"https:\/\/webdelmaestrocmf.com\/portal\/begona-ibarrola-debemos-distinguir-entre-un-alumno-verdaderamente-vago-y-uno-que-esta-desmotivado-porque-anticipa-el-fracaso\/\" rel=\"bookmark\">Bego\u00f1a Ibarrola: Debemos distinguir entre un alumno verdaderamente vago y uno que est\u00e1 desmotivado porque anticipa el fracaso<\/a><\/h3>\t\t\t\t\t<\/header><!-- .entry-header -->\n\t\t\t\t<\/div><!-- .post-inner -->\n\n\t\t\t<\/div><!-- .post-outer -->\n\t\t<\/article>\n\t\t\t<article id=\"post-118480\" class=\"post-118480 post type-post status-publish format-standard has-post-thumbnail category-entrevistas category-noticias tag-aprendizaje tag-autonomia-3 tag-desarrollo tag-docentes tag-educacion-2 tag-ensenanza-2 tag-escuela tag-infancia tag-juego tag-pedagogia-2 cs-entry cs-video-wrap\">\n\t\t\t<div class=\"pk-post-outer\">\n\n\t\t\t\t\t\t\t\t<div class=\"pk-post-inner\">\n\t\t\t\t\t<div class=\"entry-thumbnail\">\n\t\t\t\t\t\t<div class=\"pk-overlay pk-overlay-ratio pk-ratio-landscape\">\n\t\t\t\t\t\t\t<div class=\"pk-overlay-background\">\n\t\t\t\t\t\t\t\t<a href=\"https:\/\/webdelmaestrocmf.com\/portal\/francesco-tonucci-hoy-la-escuela-esta-asumiendo-un-error-fatal-que-es-hacer-mas-un-papel-de-ninera-que-de-estructura-educativa\/\" class=\"pk-overlay-link\">\n\t\t\t\t\t\t\t\t\t<img loading=\"lazy\" decoding=\"async\" width=\"300\" height=\"225\" src=\"https:\/\/webdelmaestrocmf.com\/portal\/wp-content\/uploads\/2026\/04\/1AA-Banner-1-portada-imagen-10-1-copia-2-9-300x225.webp\" class=\"attachment-pk-thumbnail size-pk-thumbnail wp-post-image\" alt=\"\" \/>\t\t\t\t\t\t\t\t<\/a>\n\t\t\t\t\t\t\t<\/div>\n\t\t\t\t\t\t<\/div>\n\t\t\t\t\t<\/div>\n\t\t\t\t<\/div>\n\t\t\t\t\n\t\t\t\t<div class=\"pk-post-inner\">\n\t\t\t\t\t<header>\n\t\t\t\t\t\t<h3 class=\"pk-title\"><a href=\"https:\/\/webdelmaestrocmf.com\/portal\/francesco-tonucci-hoy-la-escuela-esta-asumiendo-un-error-fatal-que-es-hacer-mas-un-papel-de-ninera-que-de-estructura-educativa\/\" rel=\"bookmark\">Francesco Tonucci: Hoy la escuela est\u00e1 asumiendo un error fatal que es hacer m\u00e1s un papel de ni\u00f1era que de estructura educativa<\/a><\/h3>\t\t\t\t\t<\/header><!-- .entry-header -->\n\t\t\t\t<\/div><!-- .post-inner -->\n\n\t\t\t<\/div><!-- .post-outer -->\n\t\t<\/article>\n\t\t\t\t<\/div>\n\t\t<\/div>\n\t\t\n","protected":false},"excerpt":{"rendered":"Las familias hoy educan en soledad, con menos apoyo social y m\u00e1s presi\u00f3n. El exceso de informaci\u00f3n confunde, dificulta decisiones y agrava el aislamiento en la crianza.","protected":false},"author":1,"featured_media":107516,"comment_status":"open","ping_status":"closed","sticky":false,"template":"","format":"standard","meta":{"csco_display_header_overlay":false,"csco_singular_sidebar":"disabled","csco_page_header_type":"featured","csco_page_load_nextpost":"","csco_post_video_location":[],"csco_post_video_location_hash":"","csco_post_video_url":"","csco_post_video_bg_start_time":0,"csco_post_video_bg_end_time":0,"csco_post_video_bg_volume":false,"_jetpack_memberships_contains_paid_content":false,"footnotes":""},"categories":[48,47],"tags":[3726,1930,2678,606,284,97,1040,2532,6473,1284],"class_list":{"0":"post-82487","1":"post","2":"type-post","3":"status-publish","4":"format-standard","5":"has-post-thumbnail","7":"category-entrevistas","8":"category-noticias","9":"tag-alberto-soler","10":"tag-autoridad","11":"tag-conducta","12":"tag-disciplina","13":"tag-entrevista","14":"tag-familia","15":"tag-limites","16":"tag-psicologia","17":"tag-soledad","18":"tag-video","19":"cs-entry","20":"cs-video-wrap"},"yoast_head":"<!-- This site is optimized with the Yoast SEO plugin v27.5 - https:\/\/yoast.com\/product\/yoast-seo-wordpress\/ -->\n<title>Alberto Soler: Ahora las familias cr\u00edan y educan a sus hijos desde la soledad - 2026<\/title>\n<meta name=\"description\" content=\"Comunidad de Maestros, Docentes y Profesores, en donde encontrar\u00e1s material, informaci\u00f3n y noticias del \u00e1mbito nacional y mundial.\" \/>\n<meta name=\"robots\" content=\"index, follow, max-snippet:-1, max-image-preview:large, max-video-preview:-1\" \/>\n<link rel=\"canonical\" href=\"https:\/\/webdelmaestrocmf.com\/portal\/alberto-soler-ahora-las-familias-crian-y-educan-a-sus-hijos-desde-la-soledad\/\" \/>\n<meta property=\"og:locale\" content=\"es_ES\" \/>\n<meta property=\"og:type\" content=\"article\" \/>\n<meta property=\"og:title\" content=\"Alberto Soler: Ahora las familias cr\u00edan y educan a sus hijos desde la soledad - 2026\" \/>\n<meta property=\"og:description\" content=\"Comunidad de Maestros, Docentes y Profesores, en donde encontrar\u00e1s material, informaci\u00f3n y noticias del \u00e1mbito nacional y mundial.\" \/>\n<meta property=\"og:url\" content=\"https:\/\/webdelmaestrocmf.com\/portal\/alberto-soler-ahora-las-familias-crian-y-educan-a-sus-hijos-desde-la-soledad\/\" \/>\n<meta property=\"og:site_name\" content=\"Web del Maestro CMF\" \/>\n<meta property=\"article:publisher\" content=\"https:\/\/www.facebook.com\/WebdelMaestroCMF\/\" \/>\n<meta property=\"article:author\" content=\"https:\/\/www.facebook.com\/WebdelMaestroCMF\/\" \/>\n<meta property=\"article:published_time\" content=\"2023-01-08T22:17:41+00:00\" \/>\n<meta property=\"article:modified_time\" content=\"2026-04-13T22:58:14+00:00\" \/>\n<meta property=\"og:image\" content=\"https:\/\/webdelmaestrocmf.com\/portal\/wp-content\/uploads\/2023\/01\/1A-Banner-1-portada-imagen-10-1-21.jpg\" \/>\n\t<meta property=\"og:image:width\" content=\"1024\" \/>\n\t<meta property=\"og:image:height\" content=\"1024\" \/>\n\t<meta property=\"og:image:type\" content=\"image\/jpeg\" \/>\n<meta name=\"author\" content=\"Web del Maestro CMF\" \/>\n<meta name=\"twitter:card\" content=\"summary_large_image\" \/>\n<meta name=\"twitter:creator\" content=\"@cmf_w\" \/>\n<meta name=\"twitter:site\" content=\"@cmf_w\" \/>\n<script type=\"application\/ld+json\" class=\"yoast-schema-graph\">{\"@context\":\"https:\\\/\\\/schema.org\",\"@graph\":[{\"@type\":\"ScholarlyArticle\",\"@id\":\"https:\\\/\\\/webdelmaestrocmf.com\\\/portal\\\/alberto-soler-ahora-las-familias-crian-y-educan-a-sus-hijos-desde-la-soledad\\\/#article\",\"isPartOf\":{\"@id\":\"https:\\\/\\\/webdelmaestrocmf.com\\\/portal\\\/alberto-soler-ahora-las-familias-crian-y-educan-a-sus-hijos-desde-la-soledad\\\/\"},\"author\":{\"name\":\"Web del Maestro CMF\",\"@id\":\"https:\\\/\\\/webdelmaestrocmf.com\\\/portal\\\/#\\\/schema\\\/person\\\/1072a2ed7bd960df8ef99a551fa35dc5\"},\"headline\":\"Alberto Soler: Ahora las familias cr\u00edan y educan a sus hijos desde la soledad\",\"datePublished\":\"2023-01-08T22:17:41+00:00\",\"dateModified\":\"2026-04-13T22:58:14+00:00\",\"mainEntityOfPage\":{\"@id\":\"https:\\\/\\\/webdelmaestrocmf.com\\\/portal\\\/alberto-soler-ahora-las-familias-crian-y-educan-a-sus-hijos-desde-la-soledad\\\/\"},\"wordCount\":1174,\"commentCount\":0,\"publisher\":{\"@id\":\"https:\\\/\\\/webdelmaestrocmf.com\\\/portal\\\/#organization\"},\"image\":{\"@id\":\"https:\\\/\\\/webdelmaestrocmf.com\\\/portal\\\/alberto-soler-ahora-las-familias-crian-y-educan-a-sus-hijos-desde-la-soledad\\\/#primaryimage\"},\"thumbnailUrl\":\"https:\\\/\\\/webdelmaestrocmf.com\\\/portal\\\/wp-content\\\/uploads\\\/2023\\\/01\\\/1A-Banner-1-portada-imagen-10-1-21.jpg\",\"keywords\":[\"ALBERTO SOLER\",\"autoridad\",\"conducta\",\"DISCIPLINA\",\"Entrevista\",\"familia\",\"l\u00edmites\",\"PSICOLOG\u00cdA\",\"SOLEDAD\",\"video\"],\"articleSection\":[\"Entrevistas\",\"Noticias\"],\"inLanguage\":\"es\",\"potentialAction\":[{\"@type\":\"CommentAction\",\"name\":\"Comment\",\"target\":[\"https:\\\/\\\/webdelmaestrocmf.com\\\/portal\\\/alberto-soler-ahora-las-familias-crian-y-educan-a-sus-hijos-desde-la-soledad\\\/#respond\"]}]},{\"@type\":\"WebPage\",\"@id\":\"https:\\\/\\\/webdelmaestrocmf.com\\\/portal\\\/alberto-soler-ahora-las-familias-crian-y-educan-a-sus-hijos-desde-la-soledad\\\/\",\"url\":\"https:\\\/\\\/webdelmaestrocmf.com\\\/portal\\\/alberto-soler-ahora-las-familias-crian-y-educan-a-sus-hijos-desde-la-soledad\\\/\",\"name\":\"Alberto Soler: Ahora las familias cr\u00edan y educan a sus hijos desde la soledad - 2026\",\"isPartOf\":{\"@id\":\"https:\\\/\\\/webdelmaestrocmf.com\\\/portal\\\/#website\"},\"primaryImageOfPage\":{\"@id\":\"https:\\\/\\\/webdelmaestrocmf.com\\\/portal\\\/alberto-soler-ahora-las-familias-crian-y-educan-a-sus-hijos-desde-la-soledad\\\/#primaryimage\"},\"image\":{\"@id\":\"https:\\\/\\\/webdelmaestrocmf.com\\\/portal\\\/alberto-soler-ahora-las-familias-crian-y-educan-a-sus-hijos-desde-la-soledad\\\/#primaryimage\"},\"thumbnailUrl\":\"https:\\\/\\\/webdelmaestrocmf.com\\\/portal\\\/wp-content\\\/uploads\\\/2023\\\/01\\\/1A-Banner-1-portada-imagen-10-1-21.jpg\",\"datePublished\":\"2023-01-08T22:17:41+00:00\",\"dateModified\":\"2026-04-13T22:58:14+00:00\",\"description\":\"Comunidad de Maestros, Docentes y Profesores, en donde encontrar\u00e1s material, informaci\u00f3n y noticias del \u00e1mbito nacional y mundial.\",\"breadcrumb\":{\"@id\":\"https:\\\/\\\/webdelmaestrocmf.com\\\/portal\\\/alberto-soler-ahora-las-familias-crian-y-educan-a-sus-hijos-desde-la-soledad\\\/#breadcrumb\"},\"inLanguage\":\"es\",\"potentialAction\":[{\"@type\":\"ReadAction\",\"target\":[\"https:\\\/\\\/webdelmaestrocmf.com\\\/portal\\\/alberto-soler-ahora-las-familias-crian-y-educan-a-sus-hijos-desde-la-soledad\\\/\"]}]},{\"@type\":\"ImageObject\",\"inLanguage\":\"es\",\"@id\":\"https:\\\/\\\/webdelmaestrocmf.com\\\/portal\\\/alberto-soler-ahora-las-familias-crian-y-educan-a-sus-hijos-desde-la-soledad\\\/#primaryimage\",\"url\":\"https:\\\/\\\/webdelmaestrocmf.com\\\/portal\\\/wp-content\\\/uploads\\\/2023\\\/01\\\/1A-Banner-1-portada-imagen-10-1-21.jpg\",\"contentUrl\":\"https:\\\/\\\/webdelmaestrocmf.com\\\/portal\\\/wp-content\\\/uploads\\\/2023\\\/01\\\/1A-Banner-1-portada-imagen-10-1-21.jpg\",\"width\":1024,\"height\":1024},{\"@type\":\"BreadcrumbList\",\"@id\":\"https:\\\/\\\/webdelmaestrocmf.com\\\/portal\\\/alberto-soler-ahora-las-familias-crian-y-educan-a-sus-hijos-desde-la-soledad\\\/#breadcrumb\",\"itemListElement\":[{\"@type\":\"ListItem\",\"position\":1,\"name\":\"Portada\",\"item\":\"https:\\\/\\\/webdelmaestrocmf.com\\\/portal\\\/\"},{\"@type\":\"ListItem\",\"position\":2,\"name\":\"Noticias\",\"item\":\"https:\\\/\\\/webdelmaestrocmf.com\\\/portal\\\/category\\\/noticias\\\/\"},{\"@type\":\"ListItem\",\"position\":3,\"name\":\"Alberto Soler: Ahora las familias cr\u00edan y educan a sus hijos desde la soledad\"}]},{\"@type\":\"WebSite\",\"@id\":\"https:\\\/\\\/webdelmaestrocmf.com\\\/portal\\\/#website\",\"url\":\"https:\\\/\\\/webdelmaestrocmf.com\\\/portal\\\/\",\"name\":\"Web del Maestro CMF\",\"description\":\"Maestros al servicio de la educaci\u00f3n\",\"publisher\":{\"@id\":\"https:\\\/\\\/webdelmaestrocmf.com\\\/portal\\\/#organization\"},\"alternateName\":\"WMCMF\",\"potentialAction\":[{\"@type\":\"SearchAction\",\"target\":{\"@type\":\"EntryPoint\",\"urlTemplate\":\"https:\\\/\\\/webdelmaestrocmf.com\\\/portal\\\/?s={search_term_string}\"},\"query-input\":{\"@type\":\"PropertyValueSpecification\",\"valueRequired\":true,\"valueName\":\"search_term_string\"}}],\"inLanguage\":\"es\"},{\"@type\":\"Organization\",\"@id\":\"https:\\\/\\\/webdelmaestrocmf.com\\\/portal\\\/#organization\",\"name\":\"Web del Maestro CMF\",\"alternateName\":\"WMCMF\",\"url\":\"https:\\\/\\\/webdelmaestrocmf.com\\\/portal\\\/\",\"logo\":{\"@type\":\"ImageObject\",\"inLanguage\":\"es\",\"@id\":\"https:\\\/\\\/webdelmaestrocmf.com\\\/portal\\\/#\\\/schema\\\/logo\\\/image\\\/\",\"url\":\"https:\\\/\\\/webdelmaestrocmf.com\\\/portal\\\/wp-content\\\/uploads\\\/2023\\\/01\\\/logo-wmcmf-2.png\",\"contentUrl\":\"https:\\\/\\\/webdelmaestrocmf.com\\\/portal\\\/wp-content\\\/uploads\\\/2023\\\/01\\\/logo-wmcmf-2.png\",\"width\":200,\"height\":60,\"caption\":\"Web del Maestro CMF\"},\"image\":{\"@id\":\"https:\\\/\\\/webdelmaestrocmf.com\\\/portal\\\/#\\\/schema\\\/logo\\\/image\\\/\"},\"sameAs\":[\"https:\\\/\\\/www.facebook.com\\\/WebdelMaestroCMF\\\/\",\"https:\\\/\\\/x.com\\\/cmf_w\",\"https:\\\/\\\/www.pinterest.com\\\/WMCMF\\\/\",\"https:\\\/\\\/www.linkedin.com\\\/company\\\/web-del-maestro-cmf\\\/\",\"https:\\\/\\\/www.instagram.com\\\/wmcmf\\\/\",\"https:\\\/\\\/www.youtube.com\\\/channel\\\/UCDPSvjbdodE5sHnC3OxutHw\",\"https:\\\/\\\/mastodon.social\\\/@wmcmf\",\"https:\\\/\\\/www.tiktok.com\\\/@webdelmaestrocmf\"]},{\"@type\":\"Person\",\"@id\":\"https:\\\/\\\/webdelmaestrocmf.com\\\/portal\\\/#\\\/schema\\\/person\\\/1072a2ed7bd960df8ef99a551fa35dc5\",\"name\":\"Web del Maestro CMF\",\"image\":{\"@type\":\"ImageObject\",\"inLanguage\":\"es\",\"@id\":\"https:\\\/\\\/secure.gravatar.com\\\/avatar\\\/23291dd5b5ae1077dcff3dbb04c3e02bd28403fa75af6d8787d5e97c5bbbe30b?s=96&d=mm&r=g\",\"url\":\"https:\\\/\\\/secure.gravatar.com\\\/avatar\\\/23291dd5b5ae1077dcff3dbb04c3e02bd28403fa75af6d8787d5e97c5bbbe30b?s=96&d=mm&r=g\",\"contentUrl\":\"https:\\\/\\\/secure.gravatar.com\\\/avatar\\\/23291dd5b5ae1077dcff3dbb04c3e02bd28403fa75af6d8787d5e97c5bbbe30b?s=96&d=mm&r=g\",\"caption\":\"Web del Maestro CMF\"},\"description\":\"Esta Web se cre\u00f3 sin fines de lucro, con fines educativos, cient\u00edficos y acad\u00e9micos, para personas que tengan dificultades y\\\/o inconvenientes en visualizar el material original. El objetivo es entregar recursos, compartir experiencias y materiales que ayuden a los padres de familia, maestros y estudiantes en su actualizaci\u00f3n y formaci\u00f3n permanente, en bien de la Educaci\u00f3n.\",\"sameAs\":[\"http:\\\/\\\/webdelmaestrocmf.com\\\/portal\",\"https:\\\/\\\/www.facebook.com\\\/WebdelMaestroCMF\\\/\",\"https:\\\/\\\/www.instagram.com\\\/wmcmf\\\/\",\"https:\\\/\\\/cl.linkedin.com\\\/company\\\/web-del-maestro-cmf\",\"https:\\\/\\\/www.pinterest.com\\\/WMCMF\\\/publicaciones\\\/\",\"https:\\\/\\\/x.com\\\/cmf_w\",\"https:\\\/\\\/www.youtube.com\\\/@WMCMF\"]}]}<\/script>\n<!-- \/ Yoast SEO plugin. -->","yoast_head_json":{"title":"Alberto Soler: Ahora las familias cr\u00edan y educan a sus hijos desde la soledad - 2026","description":"Comunidad de Maestros, Docentes y Profesores, en donde encontrar\u00e1s material, informaci\u00f3n y noticias del \u00e1mbito nacional y mundial.","robots":{"index":"index","follow":"follow","max-snippet":"max-snippet:-1","max-image-preview":"max-image-preview:large","max-video-preview":"max-video-preview:-1"},"canonical":"https:\/\/webdelmaestrocmf.com\/portal\/alberto-soler-ahora-las-familias-crian-y-educan-a-sus-hijos-desde-la-soledad\/","og_locale":"es_ES","og_type":"article","og_title":"Alberto Soler: Ahora las familias cr\u00edan y educan a sus hijos desde la soledad - 2026","og_description":"Comunidad de Maestros, Docentes y Profesores, en donde encontrar\u00e1s material, informaci\u00f3n y noticias del \u00e1mbito nacional y mundial.","og_url":"https:\/\/webdelmaestrocmf.com\/portal\/alberto-soler-ahora-las-familias-crian-y-educan-a-sus-hijos-desde-la-soledad\/","og_site_name":"Web del Maestro CMF","article_publisher":"https:\/\/www.facebook.com\/WebdelMaestroCMF\/","article_author":"https:\/\/www.facebook.com\/WebdelMaestroCMF\/","article_published_time":"2023-01-08T22:17:41+00:00","article_modified_time":"2026-04-13T22:58:14+00:00","og_image":[{"width":1024,"height":1024,"url":"https:\/\/webdelmaestrocmf.com\/portal\/wp-content\/uploads\/2023\/01\/1A-Banner-1-portada-imagen-10-1-21.jpg","type":"image\/jpeg"}],"author":"Web del Maestro CMF","twitter_card":"summary_large_image","twitter_creator":"@cmf_w","twitter_site":"@cmf_w","schema":{"@context":"https:\/\/schema.org","@graph":[{"@type":"ScholarlyArticle","@id":"https:\/\/webdelmaestrocmf.com\/portal\/alberto-soler-ahora-las-familias-crian-y-educan-a-sus-hijos-desde-la-soledad\/#article","isPartOf":{"@id":"https:\/\/webdelmaestrocmf.com\/portal\/alberto-soler-ahora-las-familias-crian-y-educan-a-sus-hijos-desde-la-soledad\/"},"author":{"name":"Web del Maestro CMF","@id":"https:\/\/webdelmaestrocmf.com\/portal\/#\/schema\/person\/1072a2ed7bd960df8ef99a551fa35dc5"},"headline":"Alberto Soler: Ahora las familias cr\u00edan y educan a sus hijos desde la soledad","datePublished":"2023-01-08T22:17:41+00:00","dateModified":"2026-04-13T22:58:14+00:00","mainEntityOfPage":{"@id":"https:\/\/webdelmaestrocmf.com\/portal\/alberto-soler-ahora-las-familias-crian-y-educan-a-sus-hijos-desde-la-soledad\/"},"wordCount":1174,"commentCount":0,"publisher":{"@id":"https:\/\/webdelmaestrocmf.com\/portal\/#organization"},"image":{"@id":"https:\/\/webdelmaestrocmf.com\/portal\/alberto-soler-ahora-las-familias-crian-y-educan-a-sus-hijos-desde-la-soledad\/#primaryimage"},"thumbnailUrl":"https:\/\/webdelmaestrocmf.com\/portal\/wp-content\/uploads\/2023\/01\/1A-Banner-1-portada-imagen-10-1-21.jpg","keywords":["ALBERTO SOLER","autoridad","conducta","DISCIPLINA","Entrevista","familia","l\u00edmites","PSICOLOG\u00cdA","SOLEDAD","video"],"articleSection":["Entrevistas","Noticias"],"inLanguage":"es","potentialAction":[{"@type":"CommentAction","name":"Comment","target":["https:\/\/webdelmaestrocmf.com\/portal\/alberto-soler-ahora-las-familias-crian-y-educan-a-sus-hijos-desde-la-soledad\/#respond"]}]},{"@type":"WebPage","@id":"https:\/\/webdelmaestrocmf.com\/portal\/alberto-soler-ahora-las-familias-crian-y-educan-a-sus-hijos-desde-la-soledad\/","url":"https:\/\/webdelmaestrocmf.com\/portal\/alberto-soler-ahora-las-familias-crian-y-educan-a-sus-hijos-desde-la-soledad\/","name":"Alberto Soler: Ahora las familias cr\u00edan y educan a sus hijos desde la soledad - 2026","isPartOf":{"@id":"https:\/\/webdelmaestrocmf.com\/portal\/#website"},"primaryImageOfPage":{"@id":"https:\/\/webdelmaestrocmf.com\/portal\/alberto-soler-ahora-las-familias-crian-y-educan-a-sus-hijos-desde-la-soledad\/#primaryimage"},"image":{"@id":"https:\/\/webdelmaestrocmf.com\/portal\/alberto-soler-ahora-las-familias-crian-y-educan-a-sus-hijos-desde-la-soledad\/#primaryimage"},"thumbnailUrl":"https:\/\/webdelmaestrocmf.com\/portal\/wp-content\/uploads\/2023\/01\/1A-Banner-1-portada-imagen-10-1-21.jpg","datePublished":"2023-01-08T22:17:41+00:00","dateModified":"2026-04-13T22:58:14+00:00","description":"Comunidad de Maestros, Docentes y Profesores, en donde encontrar\u00e1s material, informaci\u00f3n y noticias del \u00e1mbito nacional y mundial.","breadcrumb":{"@id":"https:\/\/webdelmaestrocmf.com\/portal\/alberto-soler-ahora-las-familias-crian-y-educan-a-sus-hijos-desde-la-soledad\/#breadcrumb"},"inLanguage":"es","potentialAction":[{"@type":"ReadAction","target":["https:\/\/webdelmaestrocmf.com\/portal\/alberto-soler-ahora-las-familias-crian-y-educan-a-sus-hijos-desde-la-soledad\/"]}]},{"@type":"ImageObject","inLanguage":"es","@id":"https:\/\/webdelmaestrocmf.com\/portal\/alberto-soler-ahora-las-familias-crian-y-educan-a-sus-hijos-desde-la-soledad\/#primaryimage","url":"https:\/\/webdelmaestrocmf.com\/portal\/wp-content\/uploads\/2023\/01\/1A-Banner-1-portada-imagen-10-1-21.jpg","contentUrl":"https:\/\/webdelmaestrocmf.com\/portal\/wp-content\/uploads\/2023\/01\/1A-Banner-1-portada-imagen-10-1-21.jpg","width":1024,"height":1024},{"@type":"BreadcrumbList","@id":"https:\/\/webdelmaestrocmf.com\/portal\/alberto-soler-ahora-las-familias-crian-y-educan-a-sus-hijos-desde-la-soledad\/#breadcrumb","itemListElement":[{"@type":"ListItem","position":1,"name":"Portada","item":"https:\/\/webdelmaestrocmf.com\/portal\/"},{"@type":"ListItem","position":2,"name":"Noticias","item":"https:\/\/webdelmaestrocmf.com\/portal\/category\/noticias\/"},{"@type":"ListItem","position":3,"name":"Alberto Soler: Ahora las familias cr\u00edan y educan a sus hijos desde la soledad"}]},{"@type":"WebSite","@id":"https:\/\/webdelmaestrocmf.com\/portal\/#website","url":"https:\/\/webdelmaestrocmf.com\/portal\/","name":"Web del Maestro CMF","description":"Maestros al servicio de la educaci\u00f3n","publisher":{"@id":"https:\/\/webdelmaestrocmf.com\/portal\/#organization"},"alternateName":"WMCMF","potentialAction":[{"@type":"SearchAction","target":{"@type":"EntryPoint","urlTemplate":"https:\/\/webdelmaestrocmf.com\/portal\/?s={search_term_string}"},"query-input":{"@type":"PropertyValueSpecification","valueRequired":true,"valueName":"search_term_string"}}],"inLanguage":"es"},{"@type":"Organization","@id":"https:\/\/webdelmaestrocmf.com\/portal\/#organization","name":"Web del Maestro CMF","alternateName":"WMCMF","url":"https:\/\/webdelmaestrocmf.com\/portal\/","logo":{"@type":"ImageObject","inLanguage":"es","@id":"https:\/\/webdelmaestrocmf.com\/portal\/#\/schema\/logo\/image\/","url":"https:\/\/webdelmaestrocmf.com\/portal\/wp-content\/uploads\/2023\/01\/logo-wmcmf-2.png","contentUrl":"https:\/\/webdelmaestrocmf.com\/portal\/wp-content\/uploads\/2023\/01\/logo-wmcmf-2.png","width":200,"height":60,"caption":"Web del Maestro CMF"},"image":{"@id":"https:\/\/webdelmaestrocmf.com\/portal\/#\/schema\/logo\/image\/"},"sameAs":["https:\/\/www.facebook.com\/WebdelMaestroCMF\/","https:\/\/x.com\/cmf_w","https:\/\/www.pinterest.com\/WMCMF\/","https:\/\/www.linkedin.com\/company\/web-del-maestro-cmf\/","https:\/\/www.instagram.com\/wmcmf\/","https:\/\/www.youtube.com\/channel\/UCDPSvjbdodE5sHnC3OxutHw","https:\/\/mastodon.social\/@wmcmf","https:\/\/www.tiktok.com\/@webdelmaestrocmf"]},{"@type":"Person","@id":"https:\/\/webdelmaestrocmf.com\/portal\/#\/schema\/person\/1072a2ed7bd960df8ef99a551fa35dc5","name":"Web del Maestro CMF","image":{"@type":"ImageObject","inLanguage":"es","@id":"https:\/\/secure.gravatar.com\/avatar\/23291dd5b5ae1077dcff3dbb04c3e02bd28403fa75af6d8787d5e97c5bbbe30b?s=96&d=mm&r=g","url":"https:\/\/secure.gravatar.com\/avatar\/23291dd5b5ae1077dcff3dbb04c3e02bd28403fa75af6d8787d5e97c5bbbe30b?s=96&d=mm&r=g","contentUrl":"https:\/\/secure.gravatar.com\/avatar\/23291dd5b5ae1077dcff3dbb04c3e02bd28403fa75af6d8787d5e97c5bbbe30b?s=96&d=mm&r=g","caption":"Web del Maestro CMF"},"description":"Esta Web se cre\u00f3 sin fines de lucro, con fines educativos, cient\u00edficos y acad\u00e9micos, para personas que tengan dificultades y\/o inconvenientes en visualizar el material original. El objetivo es entregar recursos, compartir experiencias y materiales que ayuden a los padres de familia, maestros y estudiantes en su actualizaci\u00f3n y formaci\u00f3n permanente, en bien de la Educaci\u00f3n.","sameAs":["http:\/\/webdelmaestrocmf.com\/portal","https:\/\/www.facebook.com\/WebdelMaestroCMF\/","https:\/\/www.instagram.com\/wmcmf\/","https:\/\/cl.linkedin.com\/company\/web-del-maestro-cmf","https:\/\/www.pinterest.com\/WMCMF\/publicaciones\/","https:\/\/x.com\/cmf_w","https:\/\/www.youtube.com\/@WMCMF"]}]}},"jetpack_featured_media_url":"https:\/\/webdelmaestrocmf.com\/portal\/wp-content\/uploads\/2023\/01\/1A-Banner-1-portada-imagen-10-1-21.jpg","jetpack_sharing_enabled":true,"jetpack-related-posts":[{"id":30293,"url":"https:\/\/webdelmaestrocmf.com\/portal\/mas-que-buscar-la-obediencia-ciega-debemos-fomentar-el-pensamiento-critico\/","url_meta":{"origin":82487,"position":0},"title":"M\u00e1s que buscar la obediencia ciega, debemos fomentar el pensamiento cr\u00edtico","author":"Web del Maestro CMF","date":"4 julio, 2021","format":"video","excerpt":"El Especialista en Psicoterapia, Alberto Soler, licenciado en Psicolog\u00eda por la Universidad de Valencia (Espa\u00f1a), obtuvo un M\u00e1ster en Psicolog\u00eda Cl\u00ednica y de la Salud y est\u00e1 certificado por Europsy de Especialista en Psicoterapia. Es especialista en charlas y conferencias sobre educaci\u00f3n y crianza, contando con una experiencia de m\u00e1s\u2026","rel":"","context":"En \u00abCharlas\u00bb","block_context":{"text":"Charlas","link":"https:\/\/webdelmaestrocmf.com\/portal\/category\/charlas\/"},"img":{"alt_text":"","src":"https:\/\/i0.wp.com\/webdelmaestrocmf.com\/portal\/wp-content\/uploads\/2018\/08\/1-179.jpg?resize=350%2C200&ssl=1","width":350,"height":200,"srcset":"https:\/\/i0.wp.com\/webdelmaestrocmf.com\/portal\/wp-content\/uploads\/2018\/08\/1-179.jpg?resize=350%2C200&ssl=1 1x, https:\/\/i0.wp.com\/webdelmaestrocmf.com\/portal\/wp-content\/uploads\/2018\/08\/1-179.jpg?resize=525%2C300&ssl=1 1.5x, https:\/\/i0.wp.com\/webdelmaestrocmf.com\/portal\/wp-content\/uploads\/2018\/08\/1-179.jpg?resize=700%2C400&ssl=1 2x, https:\/\/i0.wp.com\/webdelmaestrocmf.com\/portal\/wp-content\/uploads\/2018\/08\/1-179.jpg?resize=1050%2C600&ssl=1 3x"},"classes":[]},{"id":72193,"url":"https:\/\/webdelmaestrocmf.com\/portal\/alberto-soler-los-ninos-viven-las-situaciones-filtradas-por-sus-padres-que-son-su-referente-social\/","url_meta":{"origin":82487,"position":1},"title":"Alberto Soler: Los ni\u00f1os viven las situaciones filtradas por sus padres, que son su referente social","author":"Web del Maestro CMF","date":"20 diciembre, 2021","format":false,"excerpt":"Para el psic\u00f3logo espa\u00f1ol Alberto Soler, licenciado en Psicolog\u00eda por la Universidad de Valencia (Espa\u00f1a), opina que a causa de la experiencia del confinamientos y las medidas sanitarias por la pandemia del Covid 19, algunos estereotipos y ense\u00f1anzas transmitidas de generaci\u00f3n en generaci\u00f3n han cambiado, y \u201crecomienda alejarse de etiquetas\u2026","rel":"","context":"En \u00abEntrevistas\u00bb","block_context":{"text":"Entrevistas","link":"https:\/\/webdelmaestrocmf.com\/portal\/category\/noticias\/entrevistas\/"},"img":{"alt_text":"","src":"https:\/\/i0.wp.com\/webdelmaestrocmf.com\/portal\/wp-content\/uploads\/2021\/12\/2q.jpg?resize=350%2C200&ssl=1","width":350,"height":200,"srcset":"https:\/\/i0.wp.com\/webdelmaestrocmf.com\/portal\/wp-content\/uploads\/2021\/12\/2q.jpg?resize=350%2C200&ssl=1 1x, https:\/\/i0.wp.com\/webdelmaestrocmf.com\/portal\/wp-content\/uploads\/2021\/12\/2q.jpg?resize=525%2C300&ssl=1 1.5x, https:\/\/i0.wp.com\/webdelmaestrocmf.com\/portal\/wp-content\/uploads\/2021\/12\/2q.jpg?resize=700%2C400&ssl=1 2x, https:\/\/i0.wp.com\/webdelmaestrocmf.com\/portal\/wp-content\/uploads\/2021\/12\/2q.jpg?resize=1050%2C600&ssl=1 3x"},"classes":[]},{"id":114875,"url":"https:\/\/webdelmaestrocmf.com\/portal\/pedro-garcia-aguado-los-padres-que-estan-dando-peor-resultado-son-los-sobreprotectores-y-los-permisivos\/","url_meta":{"origin":82487,"position":2},"title":"Pedro Garc\u00eda Aguado: \u00abLos padres que est\u00e1n dando peor resultado son los sobreprotectores y los permisivos\u00bb","author":"Web del Maestro CMF","date":"19 enero, 2026","format":false,"excerpt":"La sobreprotecci\u00f3n y la permisividad generan hijos intolerantes a la frustraci\u00f3n, sin l\u00edmites, con dificultades para convivir y respetar normas.","rel":"","context":"En \u00abEntrevistas\u00bb","block_context":{"text":"Entrevistas","link":"https:\/\/webdelmaestrocmf.com\/portal\/category\/noticias\/entrevistas\/"},"img":{"alt_text":"","src":"https:\/\/i0.wp.com\/webdelmaestrocmf.com\/portal\/wp-content\/uploads\/2026\/01\/1A-Banner-1-portada-imagen-10-1-copia-18.webp?resize=350%2C200&ssl=1","width":350,"height":200,"srcset":"https:\/\/i0.wp.com\/webdelmaestrocmf.com\/portal\/wp-content\/uploads\/2026\/01\/1A-Banner-1-portada-imagen-10-1-copia-18.webp?resize=350%2C200&ssl=1 1x, https:\/\/i0.wp.com\/webdelmaestrocmf.com\/portal\/wp-content\/uploads\/2026\/01\/1A-Banner-1-portada-imagen-10-1-copia-18.webp?resize=525%2C300&ssl=1 1.5x, https:\/\/i0.wp.com\/webdelmaestrocmf.com\/portal\/wp-content\/uploads\/2026\/01\/1A-Banner-1-portada-imagen-10-1-copia-18.webp?resize=700%2C400&ssl=1 2x"},"classes":[]},{"id":114095,"url":"https:\/\/webdelmaestrocmf.com\/portal\/humor-escolar-crianza-respetuosa-y-limites-cuando-los-mensajes-de-los-padres-interpelan-a-la-escuela\/","url_meta":{"origin":82487,"position":3},"title":"Humor escolar, crianza respetuosa y l\u00edmites: cuando los mensajes de los padres interpelan a la escuela","author":"Web del Maestro CMF","date":"15 diciembre, 2025","format":false,"excerpt":"Demandas familiares cotidianas ponen en tensi\u00f3n la autoridad docente, los l\u00edmites educativos y el verdadero sentido de la crianza respetuosa en la escuela.","rel":"","context":"En \u00abNoticias Internacionales\u00bb","block_context":{"text":"Noticias Internacionales","link":"https:\/\/webdelmaestrocmf.com\/portal\/category\/noticias-internacionales\/"},"img":{"alt_text":"","src":"https:\/\/i0.wp.com\/webdelmaestrocmf.com\/portal\/wp-content\/uploads\/2025\/12\/1A-Banner-1-portada-imagen-10-1-copia-18.webp?resize=350%2C200&ssl=1","width":350,"height":200,"srcset":"https:\/\/i0.wp.com\/webdelmaestrocmf.com\/portal\/wp-content\/uploads\/2025\/12\/1A-Banner-1-portada-imagen-10-1-copia-18.webp?resize=350%2C200&ssl=1 1x, https:\/\/i0.wp.com\/webdelmaestrocmf.com\/portal\/wp-content\/uploads\/2025\/12\/1A-Banner-1-portada-imagen-10-1-copia-18.webp?resize=525%2C300&ssl=1 1.5x, https:\/\/i0.wp.com\/webdelmaestrocmf.com\/portal\/wp-content\/uploads\/2025\/12\/1A-Banner-1-portada-imagen-10-1-copia-18.webp?resize=700%2C400&ssl=1 2x"},"classes":[]},{"id":91669,"url":"https:\/\/webdelmaestrocmf.com\/portal\/icami-tiba-experto-alerta-sobre-error-de-los-padres-de-no-poner-limites-a-hijos-tendran-que-apoyarlos-de-por-vida\/","url_meta":{"origin":82487,"position":4},"title":"I\u00e7ami Tiba: La falta de l\u00edmites y reglas puede tener consecuencias duraderas en el desarrollo de los j\u00f3venes","author":"Web del Maestro CMF","date":"9 agosto, 2023","format":false,"excerpt":"I\u00e7ami Tiba (Sao Paulo 1941 - 2015) , hijo de inmigrantes japoneses, se gradu\u00f3 en Medicina, Licenciado en Psiquiatr\u00eda por la Universidad de S\u00e3o Paulo (Brasil) y asesor tanto para adolescentes como para familias. y experto en psiquiatr\u00eda, se ha destacado como autor de m\u00e1s de 40 libros relacionados con\u2026","rel":"","context":"En \u00abEntrevistas\u00bb","block_context":{"text":"Entrevistas","link":"https:\/\/webdelmaestrocmf.com\/portal\/category\/noticias\/entrevistas\/"},"img":{"alt_text":"I\u00e7ami Tiba","src":"https:\/\/i0.wp.com\/webdelmaestrocmf.com\/portal\/wp-content\/uploads\/2023\/08\/A12B3C4D-52.jpg?resize=350%2C200&ssl=1","width":350,"height":200,"srcset":"https:\/\/i0.wp.com\/webdelmaestrocmf.com\/portal\/wp-content\/uploads\/2023\/08\/A12B3C4D-52.jpg?resize=350%2C200&ssl=1 1x, https:\/\/i0.wp.com\/webdelmaestrocmf.com\/portal\/wp-content\/uploads\/2023\/08\/A12B3C4D-52.jpg?resize=525%2C300&ssl=1 1.5x, https:\/\/i0.wp.com\/webdelmaestrocmf.com\/portal\/wp-content\/uploads\/2023\/08\/A12B3C4D-52.jpg?resize=700%2C400&ssl=1 2x"},"classes":[]},{"id":101574,"url":"https:\/\/webdelmaestrocmf.com\/portal\/carlos-gonzalez-la-clave-para-la-educacion-de-los-hijos-es-dedicarles-tiempo\/","url_meta":{"origin":82487,"position":5},"title":"Carlos Gonz\u00e1lez: La clave para la educaci\u00f3n de los hijos es dedicarles tiempo","author":"Web del Maestro CMF","date":"8 diciembre, 2023","format":false,"excerpt":"Carlos Gonz\u00e1lez, renombrado pediatra, prol\u00edfico escritor y l\u00edder de la Asociaci\u00f3n Catalana Pro Lactancia Materna (ACPAM), es una figura influyente que aborda la crianza desde una perspectiva \u00fanica. Con 11 libros publicados y conferencias impartidas en m\u00e1s de veinte pa\u00edses, su enfoque se distancia de las convenciones m\u00e9dicas al sostener\u2026","rel":"","context":"En \u00abEntrevistas\u00bb","block_context":{"text":"Entrevistas","link":"https:\/\/webdelmaestrocmf.com\/portal\/category\/noticias\/entrevistas\/"},"img":{"alt_text":"Carlos Gonz\u00e1lez","src":"https:\/\/i0.wp.com\/webdelmaestrocmf.com\/portal\/wp-content\/uploads\/2023\/12\/A12B3C4D-23.jpg?resize=350%2C200&ssl=1","width":350,"height":200,"srcset":"https:\/\/i0.wp.com\/webdelmaestrocmf.com\/portal\/wp-content\/uploads\/2023\/12\/A12B3C4D-23.jpg?resize=350%2C200&ssl=1 1x, https:\/\/i0.wp.com\/webdelmaestrocmf.com\/portal\/wp-content\/uploads\/2023\/12\/A12B3C4D-23.jpg?resize=525%2C300&ssl=1 1.5x, https:\/\/i0.wp.com\/webdelmaestrocmf.com\/portal\/wp-content\/uploads\/2023\/12\/A12B3C4D-23.jpg?resize=700%2C400&ssl=1 2x"},"classes":[]}],"_links":{"self":[{"href":"https:\/\/webdelmaestrocmf.com\/portal\/wp-json\/wp\/v2\/posts\/82487","targetHints":{"allow":["GET"]}}],"collection":[{"href":"https:\/\/webdelmaestrocmf.com\/portal\/wp-json\/wp\/v2\/posts"}],"about":[{"href":"https:\/\/webdelmaestrocmf.com\/portal\/wp-json\/wp\/v2\/types\/post"}],"author":[{"embeddable":true,"href":"https:\/\/webdelmaestrocmf.com\/portal\/wp-json\/wp\/v2\/users\/1"}],"replies":[{"embeddable":true,"href":"https:\/\/webdelmaestrocmf.com\/portal\/wp-json\/wp\/v2\/comments?post=82487"}],"version-history":[{"count":1,"href":"https:\/\/webdelmaestrocmf.com\/portal\/wp-json\/wp\/v2\/posts\/82487\/revisions"}],"predecessor-version":[{"id":117721,"href":"https:\/\/webdelmaestrocmf.com\/portal\/wp-json\/wp\/v2\/posts\/82487\/revisions\/117721"}],"wp:featuredmedia":[{"embeddable":true,"href":"https:\/\/webdelmaestrocmf.com\/portal\/wp-json\/wp\/v2\/media\/107516"}],"wp:attachment":[{"href":"https:\/\/webdelmaestrocmf.com\/portal\/wp-json\/wp\/v2\/media?parent=82487"}],"wp:term":[{"taxonomy":"category","embeddable":true,"href":"https:\/\/webdelmaestrocmf.com\/portal\/wp-json\/wp\/v2\/categories?post=82487"},{"taxonomy":"post_tag","embeddable":true,"href":"https:\/\/webdelmaestrocmf.com\/portal\/wp-json\/wp\/v2\/tags?post=82487"}],"curies":[{"name":"wp","href":"https:\/\/api.w.org\/{rel}","templated":true}]}}