{"id":81751,"date":"2025-01-23T18:00:57","date_gmt":"2025-01-23T21:00:57","guid":{"rendered":"https:\/\/webdelmaestrocmf.com\/portal\/?p=81751"},"modified":"2025-01-23T21:05:46","modified_gmt":"2025-01-24T00:05:46","slug":"metacognicion-y-aprendizaje-fundamentos-y-principales-caracteristicas","status":"publish","type":"post","link":"https:\/\/webdelmaestrocmf.com\/portal\/metacognicion-y-aprendizaje-fundamentos-y-principales-caracteristicas\/","title":{"rendered":"La metacognici\u00f3n en el aula: estrategias para promover un aprendizaje efectivo"},"content":{"rendered":"<p style=\"text-align: justify;\"><strong>La metacognici\u00f3n, ese proceso introspectivo que nos permite entender y controlar nuestros propios procesos de pensamiento y aprendizaje, ha sido un tema de inter\u00e9s en la educaci\u00f3n desde que fue conceptualizado por John Flavell en 1976. Flavell la defini\u00f3 como \u00abel conocimiento y control de los procesos cognitivos propios\u00bb, lo que nos lleva a la pregunta: \u00bfpor qu\u00e9 es tan importante la metacognici\u00f3n en la ense\u00f1anza?<\/strong><!--more--><\/p>\n<p style=\"text-align: justify;\">Para los docentes, la metacognici\u00f3n se presenta como una herramienta crucial en el proceso de aprendizaje de los estudiantes. Al cultivar la metacognici\u00f3n, los estudiantes pueden:<\/p>\n<ol style=\"text-align: justify;\">\n<li>Ser conscientes de sus propios procesos de pensamiento y aprendizaje.<\/li>\n<li>Evaluar su comprensi\u00f3n y progreso.<\/li>\n<li>Adaptar sus estrategias de aprendizaje a las necesidades espec\u00edficas de la tarea.<\/li>\n<\/ol>\n<p>Art\u00edculo relacionado: <a href=\"https:\/\/webdelmaestrocmf.com\/portal\/cuales-las-mejores-formas-retroalimentar-alumno\/\" target=\"_top\" rel=\"noopener\">Cu\u00e1les son las mejores formas de retroalimentar a tus alumnos<\/a><\/p>\n<p style=\"text-align: justify;\">Los docentes que nutren esta habilidad en sus estudiantes est\u00e1n contribuyendo a su \u00e9xito acad\u00e9mico y fomentando su autonom\u00eda en el aprendizaje.<\/p>\n<p style=\"text-align: justify;\">La base de la metacognici\u00f3n radica en dos procesos fundamentales:<\/p>\n<ol style=\"text-align: justify;\">\n<li><strong>Conciencia Metacognitiva<\/strong>: Es el conocimiento que los estudiantes tienen acerca de sus procesos de pensamiento y aprendizaje.<\/li>\n<li><strong>Regulaci\u00f3n Metacognitiva<\/strong>: La capacidad de los estudiantes para controlar y dirigir sus procesos de pensamiento y aprendizaje.<\/li>\n<\/ol>\n<p style=\"text-align: justify;\">La metacognici\u00f3n se desglosa en tres dimensiones principales:<\/p>\n<ul style=\"text-align: justify;\">\n<li><strong>Metacognici\u00f3n del Conocimiento<\/strong>: Se refiere al entendimiento que los estudiantes tienen sobre los diferentes tipos de conocimiento y c\u00f3mo se relacionan entre s\u00ed.<\/li>\n<li><strong>Metacognici\u00f3n de la Comprensi\u00f3n<\/strong>: Aborda el conocimiento que los estudiantes poseen acerca de c\u00f3mo comprender y aprender nueva informaci\u00f3n.<\/li>\n<li><strong>Metacognici\u00f3n del Aprendizaje<\/strong>: Esta dimensi\u00f3n se enfoca en el conocimiento que los estudiantes tienen sobre c\u00f3mo aprender de manera efectiva.<\/li>\n<\/ul>\n<p style=\"text-align: justify;\">Los beneficios de cultivar la metacognici\u00f3n en el proceso educativo son variados:<\/p>\n<ul>\n<li style=\"text-align: justify;\"><strong>Mejora el rendimiento acad\u00e9mico<\/strong>: Los estudiantes que son conscientes de sus procesos cognitivos tienden a tener un mejor desempe\u00f1o en sus estudios.<\/li>\n<li style=\"text-align: justify;\"><strong>Favorece la autonom\u00eda en el aprendizaje<\/strong>: Los estudiantes se vuelven m\u00e1s independientes y autosuficientes en su proceso de adquisici\u00f3n de conocimientos.<\/li>\n<li><strong>Facilita la adaptaci\u00f3n a nuevas situaciones<\/strong>: La capacidad de regular sus propios procesos de aprendizaje les permite afrontar situaciones desconocidas con confianza.<\/li>\n<li><strong>Reduce el estr\u00e9s y la ansiedad<\/strong>: Al entender c\u00f3mo funcionan sus procesos de pensamiento, los estudiantes pueden reducir el estr\u00e9s y la ansiedad asociados con el aprendizaje.<\/li>\n<li><strong>Aumenta la motivaci\u00f3n<\/strong>: La metacognici\u00f3n puede aumentar la motivaci\u00f3n al proporcionar a los estudiantes un sentido de control y logro en su aprendizaje.<\/li>\n<\/ul>\n<p><iframe loading=\"lazy\" title=\"Metacognici\u00f3n: \u00bfc\u00f3mo hacer el visible el aprendizaje?\" src=\"https:\/\/www.youtube.com\/embed\/hPofKUBjeX0\" width=\"100%\" height=\"315\" frameborder=\"0\" allowfullscreen=\"allowfullscreen\"><span data-mce-type=\"bookmark\" style=\"display: inline-block; width: 0px; overflow: hidden; line-height: 0;\" class=\"mce_SELRES_start\">\ufeff<\/span><\/iframe><\/p>\n<h2 style=\"text-align: left;\"><strong>Entonces, \u00bfc\u00f3mo pueden los docentes percibir que los estudiantes est\u00e1n aplicando la metacognici\u00f3n?<\/strong><\/h2>\n<p style=\"text-align: justify;\">Cuando los estudiantes son capaces de:<\/p>\n<ul style=\"text-align: justify;\">\n<li><strong>Explicar c\u00f3mo aprenden<\/strong>: Pueden describir sus procesos cognitivos y las estrategias que emplean.<\/li>\n<li><strong>Identificar sus fortalezas y debilidades como aprendices<\/strong>: Reconocen sus \u00e1reas de excelencia y aquellas que necesitan mejorar.<\/li>\n<li><strong>Adaptar sus estrategias de aprendizaje a la tarea<\/strong>: Se ajustan de manera consciente a las demandas espec\u00edficas de cada tarea.<\/li>\n<li><strong>Evaluar su comprensi\u00f3n y progreso<\/strong>: Saben cu\u00e1ndo necesitan reforzar sus conocimientos y cu\u00e1ndo han alcanzado sus metas.<\/li>\n<\/ul>\n<p style=\"text-align: justify;\">Los docentes tienen un papel fundamental en inculcar la metacognici\u00f3n en sus estudiantes. Pueden lograrlo mediante estrategias como:<\/p>\n<ul style=\"text-align: justify;\">\n<li><strong>Fomentar la reflexi\u00f3n sobre el aprendizaje<\/strong>: Incentivar a los estudiantes a pensar en c\u00f3mo aprenden y qu\u00e9 estrategias les funcionan mejor.<\/li>\n<li><strong>Ense\u00f1ar a los estudiantes a identificar sus fortalezas y debilidades como aprendices<\/strong>: Ayudar a los estudiantes a reconocer d\u00f3nde brillan y en qu\u00e9 \u00e1reas necesitan trabajar m\u00e1s.<\/li>\n<li><strong>Proporcionar oportunidades para practicar diferentes estrategias de aprendizaje<\/strong>: Permitir a los estudiantes experimentar con diversas t\u00e9cnicas y enfoques de estudio.<\/li>\n<li><strong>Ense\u00f1ar a los estudiantes a evaluar su comprensi\u00f3n y progreso<\/strong>: Ayudar a los estudiantes a ser cr\u00edticos sobre su aprendizaje y a medir su progreso de manera efectiva.<\/li>\n<\/ul>\n<h2 style=\"text-align: left;\" data-sourcepos=\"15:1-15:35\"><strong>La escalera de la metacognici\u00f3n<\/strong><\/h2>\n<p style=\"text-align: justify;\" data-sourcepos=\"17:1-17:172\">La escalera de la metacognici\u00f3n es una herramienta que ayuda a los estudiantes a reflexionar sobre su proceso de aprendizaje. Esta herramienta se divide en cuatro pelda\u00f1os:<\/p>\n<ul style=\"text-align: justify;\" data-sourcepos=\"19:1-23:0\">\n<li data-sourcepos=\"19:1-19:24\">\u00bfQu\u00e9 he aprendido?<\/li>\n<li data-sourcepos=\"20:1-20:28\">\u00bfC\u00f3mo lo he aprendido?<\/li>\n<li data-sourcepos=\"21:1-21:51\">\u00bfQu\u00e9 me ha resultado m\u00e1s f\u00e1cil o m\u00e1s dif\u00edcil?<\/li>\n<li data-sourcepos=\"22:1-23:0\">\u00bfQu\u00e9 puedo hacer para mejorar?<\/li>\n<\/ul>\n<p><img loading=\"lazy\" decoding=\"async\" class=\"alignnone size-full wp-image-81752\" src=\"https:\/\/webdelmaestrocmf.com\/portal\/wp-content\/uploads\/2022\/12\/1-8.jpeg\" alt=\"metacognici\u00f3n\" width=\"900\" height=\"470\" srcset=\"https:\/\/webdelmaestrocmf.com\/portal\/wp-content\/uploads\/2022\/12\/1-8.jpeg 900w, https:\/\/webdelmaestrocmf.com\/portal\/wp-content\/uploads\/2022\/12\/1-8-300x157.jpeg 300w, https:\/\/webdelmaestrocmf.com\/portal\/wp-content\/uploads\/2022\/12\/1-8-768x401.jpeg 768w, https:\/\/webdelmaestrocmf.com\/portal\/wp-content\/uploads\/2022\/12\/1-8-110x57.jpeg 110w, https:\/\/webdelmaestrocmf.com\/portal\/wp-content\/uploads\/2022\/12\/1-8-200x104.jpeg 200w, https:\/\/webdelmaestrocmf.com\/portal\/wp-content\/uploads\/2022\/12\/1-8-380x198.jpeg 380w, https:\/\/webdelmaestrocmf.com\/portal\/wp-content\/uploads\/2022\/12\/1-8-255x133.jpeg 255w, https:\/\/webdelmaestrocmf.com\/portal\/wp-content\/uploads\/2022\/12\/1-8-550x287.jpeg 550w, https:\/\/webdelmaestrocmf.com\/portal\/wp-content\/uploads\/2022\/12\/1-8-800x418.jpeg 800w\" sizes=\"auto, (max-width: 900px) 100vw, 900px\" \/><\/p>\n<p style=\"text-align: justify;\" data-sourcepos=\"24:1-24:82\">Cada pelda\u00f1o de la escalera se centra en un aspecto diferente de la metacognici\u00f3n:<\/p>\n<ul style=\"text-align: justify;\" data-sourcepos=\"26:1-30:0\">\n<li data-sourcepos=\"26:1-26:115\"><strong>El primer pelda\u00f1o se centra en la conciencia metacognitiva.<\/strong>\u00a0Los estudiantes identifican lo que han aprendido.<\/li>\n<li data-sourcepos=\"27:1-27:120\"><strong>El segundo pelda\u00f1o se centra en la regulaci\u00f3n metacognitiva.<\/strong>\u00a0Los estudiantes reflexionan sobre c\u00f3mo han aprendido.<\/li>\n<li data-sourcepos=\"28:1-28:129\"><strong>El tercer pelda\u00f1o se centra en la autoevaluaci\u00f3n.<\/strong>\u00a0Los estudiantes identifican sus fortalezas y debilidades como aprendices.<\/li>\n<li data-sourcepos=\"29:1-30:0\"><strong>El cuarto pelda\u00f1o se centra en la planificaci\u00f3n.<\/strong>\u00a0Los estudiantes elaboran un plan para mejorar su aprendizaje.<\/li>\n<\/ul>\n<h2 style=\"text-align: left;\" data-sourcepos=\"31:1-31:72\"><strong>La relaci\u00f3n entre la metacognici\u00f3n y la escalera de la metacognici\u00f3n<\/strong><\/h2>\n<p style=\"text-align: justify;\" data-sourcepos=\"33:1-33:397\">La escalera de la metacognici\u00f3n es una herramienta que puede ayudar a los estudiantes a desarrollar sus habilidades metacognitivas. Al completar los cuatro pelda\u00f1os de la escalera, los estudiantes se obligan a reflexionar sobre sus procesos de pensamiento y aprendizaje. Esto les ayuda a ser m\u00e1s conscientes de sus fortalezas y debilidades, y a identificar estrategias para mejorar su aprendizaje.<\/p>\n<p style=\"text-align: justify;\" data-sourcepos=\"35:1-35:234\">La metacognici\u00f3n es un proceso complejo que requiere tiempo y pr\u00e1ctica para desarrollarse. La escalera de la metacognici\u00f3n puede ser una herramienta \u00fatil para ayudar a los estudiantes a iniciar su camino hacia el aprendizaje aut\u00f3nomo.<\/p>\n<h2 style=\"text-align: left;\" data-sourcepos=\"37:1-37:54\"><strong>Algunas actividades para promover la metacognici\u00f3n<\/strong><\/h2>\n<p style=\"text-align: justify;\" data-sourcepos=\"39:1-39:154\">Los docentes pueden utilizar una variedad de actividades para promover la metacognici\u00f3n en sus estudiantes. A continuaci\u00f3n, se presentan algunos ejemplos:<\/p>\n<ul style=\"text-align: justify;\" data-sourcepos=\"41:1-45:0\">\n<li data-sourcepos=\"41:1-41:165\"><strong>Reflexi\u00f3n sobre el aprendizaje:<\/strong>\u00a0Los estudiantes pueden escribir un diario de aprendizaje en el que reflexionen sobre sus procesos de pensamiento y aprendizaje.<\/li>\n<li data-sourcepos=\"42:1-42:149\"><strong>Identificaci\u00f3n de fortalezas y debilidades:<\/strong>\u00a0Los estudiantes pueden realizar una autoevaluaci\u00f3n de sus fortalezas y debilidades como aprendices.<\/li>\n<li data-sourcepos=\"43:1-43:178\"><strong>Pr\u00e1ctica de diferentes estrategias de aprendizaje:<\/strong>\u00a0Los estudiantes pueden experimentar con diferentes estrategias de aprendizaje para encontrar las que mejor les funcionan.<\/li>\n<li data-sourcepos=\"44:1-45:0\"><strong>Evaluaci\u00f3n de la comprensi\u00f3n:<\/strong>\u00a0Los estudiantes pueden realizar autoevaluaciones para evaluar su comprensi\u00f3n de los contenidos aprendidos.<\/li>\n<\/ul>\n<p style=\"text-align: justify;\" data-sourcepos=\"46:1-46:112\">Estas son solo algunas ideas, y los docentes pueden adaptarlas a las necesidades espec\u00edficas de sus estudiantes.<\/p>\n<p data-sourcepos=\"46:1-46:112\"><img loading=\"lazy\" decoding=\"async\" class=\"alignnone size-full wp-image-98330\" src=\"https:\/\/webdelmaestrocmf.com\/portal\/wp-content\/uploads\/2022\/12\/AF6QYNmoW0AA4t6-31.jpg\" alt=\"metacognici\u00f3n\" width=\"800\" height=\"418\" srcset=\"https:\/\/webdelmaestrocmf.com\/portal\/wp-content\/uploads\/2022\/12\/AF6QYNmoW0AA4t6-31.jpg 800w, https:\/\/webdelmaestrocmf.com\/portal\/wp-content\/uploads\/2022\/12\/AF6QYNmoW0AA4t6-31-300x157.jpg 300w, https:\/\/webdelmaestrocmf.com\/portal\/wp-content\/uploads\/2022\/12\/AF6QYNmoW0AA4t6-31-768x401.jpg 768w, https:\/\/webdelmaestrocmf.com\/portal\/wp-content\/uploads\/2022\/12\/AF6QYNmoW0AA4t6-31-380x199.jpg 380w, https:\/\/webdelmaestrocmf.com\/portal\/wp-content\/uploads\/2022\/12\/AF6QYNmoW0AA4t6-31-550x287.jpg 550w\" sizes=\"auto, (max-width: 800px) 100vw, 800px\" \/><\/p>\n<h2 style=\"text-align: left;\" data-sourcepos=\"48:1-48:16\"><strong>Conclusiones<\/strong><\/h2>\n<p style=\"text-align: justify;\">La metacognici\u00f3n es una herramienta invaluable en el proceso educativo. Los docentes que promueven su desarrollo est\u00e1n empoderando a sus estudiantes para alcanzar su m\u00e1ximo potencial acad\u00e9mico y convertirse en aprendices aut\u00f3nomos y motivados. Para ello, pueden emplear una serie de actividades metacognitivas, como la reflexi\u00f3n sobre el aprendizaje, la identificaci\u00f3n de fortalezas y debilidades, la pr\u00e1ctica de diferentes estrategias y la evaluaci\u00f3n constante de la comprensi\u00f3n. Estas actividades forman parte de la ruta hacia un aprendizaje efectivo y consciente.<\/p>\n<p><iframe loading=\"lazy\" src=\"https:\/\/drive.google.com\/file\/d\/1chzlUCSPQH4-C_oxABpReNxY0w_ilOcs\/preview\" width=\"100%\" height=\"500\"><span data-mce-type=\"bookmark\" style=\"display: inline-block; width: 0px; overflow: hidden; line-height: 0;\" class=\"mce_SELRES_start\">\ufeff<\/span><\/iframe><\/p>\n<h2 class=\"gmat-overline header ng-star-inserted\" style=\"text-align: left;\">Fuentes<\/h2>\n<ol>\n<li><a href=\"https:\/\/go.gale.com\/ps\/i.do?id=GALE%7CA278595690&amp;sid=googleScholar&amp;v=2.1&amp;it=r&amp;linkaccess=fulltext&amp;issn=11387416&amp;p=HRCA&amp;sw=w\" target=\"_blank\" rel=\"noopener noreferrer\">go.gale.com<\/a><\/li>\n<li><a href=\"http:\/\/books.google.com\/books?id=PANrxiNhCXMC\" target=\"_blank\" rel=\"noopener noreferrer\">books.google.com<\/a><\/li>\n<\/ol>\n<p style=\"text-align: center;\">ENLACE DE LECTURA: <a href=\"https:\/\/drive.google.com\/drive\/folders\/1BkORqlDR1LHWQZiCPVZixzUJOPoptuaD?usp=sharing\" target=\"_blank\" rel=\"noopener\">METACOGNICI\u00d3N EN EL AULA, LA IMPORTANCIA DE ENSE\u00d1AR A PENSAR<\/a><\/p>\n\t\t<div class=\"pk-inline-posts\">\n\t\t\t\n\t\t\t<div class=\"pk-inline-posts-container pk-inline-posts-template-list\"\n\t\t\t\tdata-columns=\"1\">\n\t\t\t\t\t\t<article id=\"post-28153\" class=\"post-28153 post type-post status-publish format-standard has-post-thumbnail category-consejos category-docentes category-pedagogia tag-adaptacion-a-diversidad tag-adaptacion-curricular tag-aprendizaje-activo tag-clases tag-diseno-curricular tag-diseno-de-actividades tag-diseno-de-lecciones tag-diseno-de-unidades-didacticas tag-eficiente tag-enfoque-centrado-en-el-estudiante tag-estrategias-de-ensenanza tag-estrategias-de-ensenanza-efectiva tag-estrategias-de-instruccion tag-estrategias-de-participacion tag-evaluacion-autentica tag-evaluacion-del-aprendizaje tag-evaluacion-formativa tag-evaluacion-sumativa tag-instruccion-diferenciada tag-manera tag-medicion-del-progreso tag-metodologia-educativa tag-motivacion-del-estudiante tag-objetivos-de-aprendizaje tag-planificacion-a-corto-plazo tag-planificacion-a-largo-plazo tag-planificacion-de-clases tag-planificar tag-recursos-didacticos tag-retroalimentacion-formativa tag-secuencia-didactica tag-taxonomia-de-bloom tag-tecnicas-de-organizacion tag-uso-de-tecnologia-educativa cs-entry cs-video-wrap\">\n\t\t\t<div class=\"pk-post-outer\">\n\n\t\t\t\t\t\t\t\t<div class=\"pk-post-inner\">\n\t\t\t\t\t<div class=\"entry-thumbnail\">\n\t\t\t\t\t\t<div class=\"pk-overlay pk-overlay-ratio pk-ratio-landscape\">\n\t\t\t\t\t\t\t<div class=\"pk-overlay-background\">\n\t\t\t\t\t\t\t\t<a href=\"https:\/\/webdelmaestrocmf.com\/portal\/como-planificar-las-clases-de-manera-eficiente\/\" class=\"pk-overlay-link\">\n\t\t\t\t\t\t\t\t\t<img loading=\"lazy\" decoding=\"async\" width=\"300\" height=\"225\" src=\"https:\/\/webdelmaestrocmf.com\/portal\/wp-content\/uploads\/2026\/02\/1AA-Banner-1-portada-imagen-10-1-copia-16-300x225.webp\" class=\"attachment-pk-thumbnail size-pk-thumbnail wp-post-image\" alt=\"\" \/>\t\t\t\t\t\t\t\t<\/a>\n\t\t\t\t\t\t\t<\/div>\n\t\t\t\t\t\t<\/div>\n\t\t\t\t\t<\/div>\n\t\t\t\t<\/div>\n\t\t\t\t\n\t\t\t\t<div class=\"pk-post-inner\">\n\t\t\t\t\t<header>\n\t\t\t\t\t\t<h3 class=\"pk-title\"><a href=\"https:\/\/webdelmaestrocmf.com\/portal\/como-planificar-las-clases-de-manera-eficiente\/\" rel=\"bookmark\">C\u00f3mo planificar las clases de manera eficiente: descarga las mejores plantillas de planificaci\u00f3n de clases<\/a><\/h3>\t\t\t\t\t<\/header><!-- .entry-header -->\n\t\t\t\t<\/div><!-- .post-inner -->\n\n\t\t\t<\/div><!-- .post-outer -->\n\t\t<\/article>\n\t\t\t<article id=\"post-117746\" class=\"post-117746 post type-post status-publish format-standard has-post-thumbnail category-docentes category-pedagogia tag-bienestar-docente tag-clima-escolar tag-docentes tag-educacion-3 tag-gestion-educativa-3 tag-salud-mental-docente tag-sistema-educativo tag-sobrecarga-laboral tag-trabajo-docente tag-vocacion-docente-2 cs-entry cs-video-wrap\">\n\t\t\t<div class=\"pk-post-outer\">\n\n\t\t\t\t\t\t\t\t<div class=\"pk-post-inner\">\n\t\t\t\t\t<div class=\"entry-thumbnail\">\n\t\t\t\t\t\t<div class=\"pk-overlay pk-overlay-ratio pk-ratio-landscape\">\n\t\t\t\t\t\t\t<div class=\"pk-overlay-background\">\n\t\t\t\t\t\t\t\t<a href=\"https:\/\/webdelmaestrocmf.com\/portal\/la-mochila-invisible-del-docente-una-carga-que-el-sistema-aun-no-logra-ver\/\" class=\"pk-overlay-link\">\n\t\t\t\t\t\t\t\t\t<img loading=\"lazy\" decoding=\"async\" width=\"300\" height=\"225\" src=\"https:\/\/webdelmaestrocmf.com\/portal\/wp-content\/uploads\/2026\/04\/1AA-Banner-1-portada-imagen-10-1-copia-14-1-300x225.webp\" class=\"attachment-pk-thumbnail size-pk-thumbnail wp-post-image\" alt=\"\" \/>\t\t\t\t\t\t\t\t<\/a>\n\t\t\t\t\t\t\t<\/div>\n\t\t\t\t\t\t<\/div>\n\t\t\t\t\t<\/div>\n\t\t\t\t<\/div>\n\t\t\t\t\n\t\t\t\t<div class=\"pk-post-inner\">\n\t\t\t\t\t<header>\n\t\t\t\t\t\t<h3 class=\"pk-title\"><a href=\"https:\/\/webdelmaestrocmf.com\/portal\/la-mochila-invisible-del-docente-una-carga-que-el-sistema-aun-no-logra-ver\/\" rel=\"bookmark\">La mochila invisible del docente: una carga que el sistema a\u00fan no logra ver<\/a><\/h3>\t\t\t\t\t<\/header><!-- .entry-header -->\n\t\t\t\t<\/div><!-- .post-inner -->\n\n\t\t\t<\/div><!-- .post-outer -->\n\t\t<\/article>\n\t\t\t<article id=\"post-117526\" class=\"post-117526 post type-post status-publish format-standard has-post-thumbnail category-docentes category-pedagogia tag-aula tag-convivencia-escolar tag-docentes tag-educacion-2 tag-educacion-socioemocional tag-espacio-personal tag-limites tag-pedagogia-2 tag-vinculo-educativo cs-entry cs-video-wrap\">\n\t\t\t<div class=\"pk-post-outer\">\n\n\t\t\t\t\t\t\t\t<div class=\"pk-post-inner\">\n\t\t\t\t\t<div class=\"entry-thumbnail\">\n\t\t\t\t\t\t<div class=\"pk-overlay pk-overlay-ratio pk-ratio-landscape\">\n\t\t\t\t\t\t\t<div class=\"pk-overlay-background\">\n\t\t\t\t\t\t\t\t<a href=\"https:\/\/webdelmaestrocmf.com\/portal\/el-dilema-del-contacto-fisico-en-la-escuela-entre-el-vinculo-humano-y-la-responsabilidad-profesional-que-debe-hacer-el-docente\/\" class=\"pk-overlay-link\">\n\t\t\t\t\t\t\t\t\t<img loading=\"lazy\" decoding=\"async\" width=\"300\" height=\"225\" src=\"https:\/\/webdelmaestrocmf.com\/portal\/wp-content\/uploads\/2026\/04\/1AA-Banner-1-portada-imagen-10-1-copia-6-1-300x225.webp\" class=\"attachment-pk-thumbnail size-pk-thumbnail wp-post-image\" alt=\"\" \/>\t\t\t\t\t\t\t\t<\/a>\n\t\t\t\t\t\t\t<\/div>\n\t\t\t\t\t\t<\/div>\n\t\t\t\t\t<\/div>\n\t\t\t\t<\/div>\n\t\t\t\t\n\t\t\t\t<div class=\"pk-post-inner\">\n\t\t\t\t\t<header>\n\t\t\t\t\t\t<h3 class=\"pk-title\"><a href=\"https:\/\/webdelmaestrocmf.com\/portal\/el-dilema-del-contacto-fisico-en-la-escuela-entre-el-vinculo-humano-y-la-responsabilidad-profesional-que-debe-hacer-el-docente\/\" rel=\"bookmark\">El dilema del contacto f\u00edsico en la escuela: entre el v\u00ednculo humano y la responsabilidad profesional \u00bfQu\u00e9 debe hacer el docente?<\/a><\/h3>\t\t\t\t\t<\/header><!-- .entry-header -->\n\t\t\t\t<\/div><!-- .post-inner -->\n\n\t\t\t<\/div><!-- .post-outer -->\n\t\t<\/article>\n\t\t\t\t<\/div>\n\t\t<\/div>\n\t\t\n","protected":false},"excerpt":{"rendered":"La metacognici\u00f3n, ese proceso introspectivo que nos permite entender y controlar nuestros propios procesos de pensamiento y aprendizaje,&hellip;","protected":false},"author":1,"featured_media":102827,"comment_status":"open","ping_status":"closed","sticky":false,"template":"","format":"standard","meta":{"csco_display_header_overlay":false,"csco_singular_sidebar":"default","csco_page_header_type":"default","csco_page_load_nextpost":"default","csco_post_video_location":[],"csco_post_video_location_hash":"","csco_post_video_url":"","csco_post_video_bg_start_time":0,"csco_post_video_bg_end_time":0,"csco_post_video_bg_volume":false,"_jetpack_memberships_contains_paid_content":false,"footnotes":""},"categories":[570,735],"tags":[15040,549,22162,3972,2961],"class_list":{"0":"post-81751","1":"post","2":"type-post","3":"status-publish","4":"format-standard","5":"has-post-thumbnail","7":"category-docentes","8":"category-pedagogia","9":"tag-aprendizaje-fundamentos","10":"tag-caracteristicas","11":"tag-fichas-metacognicion","12":"tag-metacognicion","13":"tag-principales","14":"cs-entry","15":"cs-video-wrap"},"yoast_head":"<!-- This site is optimized with the Yoast SEO plugin v27.5 - https:\/\/yoast.com\/product\/yoast-seo-wordpress\/ -->\n<title>La metacognici\u00f3n en el aula: estrategias para promover un aprendizaje efectivo - 2026<\/title>\n<meta name=\"description\" content=\"La metacognici\u00f3n, ese proceso introspectivo que nos permite entender y controlar nuestros propios procesos de pensamiento...\" \/>\n<meta name=\"robots\" content=\"index, follow, max-snippet:-1, max-image-preview:large, max-video-preview:-1\" \/>\n<link rel=\"canonical\" href=\"https:\/\/webdelmaestrocmf.com\/portal\/metacognicion-y-aprendizaje-fundamentos-y-principales-caracteristicas\/\" \/>\n<meta property=\"og:locale\" content=\"es_ES\" \/>\n<meta property=\"og:type\" content=\"article\" \/>\n<meta property=\"og:title\" content=\"La metacognici\u00f3n en el aula: estrategias para promover un aprendizaje efectivo - 2026\" \/>\n<meta property=\"og:description\" content=\"La metacognici\u00f3n, ese proceso introspectivo que nos permite entender y controlar nuestros propios procesos de pensamiento...\" \/>\n<meta property=\"og:url\" content=\"https:\/\/webdelmaestrocmf.com\/portal\/metacognicion-y-aprendizaje-fundamentos-y-principales-caracteristicas\/\" \/>\n<meta property=\"og:site_name\" content=\"Web del Maestro CMF\" \/>\n<meta property=\"article:publisher\" content=\"https:\/\/www.facebook.com\/WebdelMaestroCMF\/\" \/>\n<meta property=\"article:author\" content=\"https:\/\/www.facebook.com\/WebdelMaestroCMF\/\" \/>\n<meta property=\"article:published_time\" content=\"2025-01-23T21:00:57+00:00\" \/>\n<meta property=\"article:modified_time\" content=\"2025-01-24T00:05:46+00:00\" \/>\n<meta property=\"og:image\" content=\"https:\/\/webdelmaestrocmf.com\/portal\/wp-content\/uploads\/2022\/12\/Banner-1-portada-imagen-10-40.jpg\" \/>\n\t<meta property=\"og:image:width\" content=\"1024\" \/>\n\t<meta property=\"og:image:height\" content=\"1024\" \/>\n\t<meta property=\"og:image:type\" content=\"image\/jpeg\" \/>\n<meta name=\"author\" content=\"Web del Maestro CMF\" \/>\n<meta name=\"twitter:card\" content=\"summary_large_image\" \/>\n<meta name=\"twitter:creator\" content=\"@cmf_w\" \/>\n<meta name=\"twitter:site\" content=\"@cmf_w\" \/>\n<script type=\"application\/ld+json\" class=\"yoast-schema-graph\">{\"@context\":\"https:\\\/\\\/schema.org\",\"@graph\":[{\"@type\":\"ScholarlyArticle\",\"@id\":\"https:\\\/\\\/webdelmaestrocmf.com\\\/portal\\\/metacognicion-y-aprendizaje-fundamentos-y-principales-caracteristicas\\\/#article\",\"isPartOf\":{\"@id\":\"https:\\\/\\\/webdelmaestrocmf.com\\\/portal\\\/metacognicion-y-aprendizaje-fundamentos-y-principales-caracteristicas\\\/\"},\"author\":{\"name\":\"Web del Maestro CMF\",\"@id\":\"https:\\\/\\\/webdelmaestrocmf.com\\\/portal\\\/#\\\/schema\\\/person\\\/1072a2ed7bd960df8ef99a551fa35dc5\"},\"headline\":\"La metacognici\u00f3n en el aula: estrategias para promover un aprendizaje efectivo\",\"datePublished\":\"2025-01-23T21:00:57+00:00\",\"dateModified\":\"2025-01-24T00:05:46+00:00\",\"mainEntityOfPage\":{\"@id\":\"https:\\\/\\\/webdelmaestrocmf.com\\\/portal\\\/metacognicion-y-aprendizaje-fundamentos-y-principales-caracteristicas\\\/\"},\"wordCount\":1181,\"commentCount\":2,\"publisher\":{\"@id\":\"https:\\\/\\\/webdelmaestrocmf.com\\\/portal\\\/#organization\"},\"image\":{\"@id\":\"https:\\\/\\\/webdelmaestrocmf.com\\\/portal\\\/metacognicion-y-aprendizaje-fundamentos-y-principales-caracteristicas\\\/#primaryimage\"},\"thumbnailUrl\":\"https:\\\/\\\/webdelmaestrocmf.com\\\/portal\\\/wp-content\\\/uploads\\\/2022\\\/12\\\/Banner-1-portada-imagen-10-40.jpg\",\"keywords\":[\"Aprendizaje - Fundamentos\",\"CARACTER\u00cdSTICAS\",\"fichas metacognici\u00f3n\",\"METACOGNICI\u00d3N\",\"PRINCIPALES\"],\"articleSection\":[\"Docentes\",\"Recursos\"],\"inLanguage\":\"es\",\"potentialAction\":[{\"@type\":\"CommentAction\",\"name\":\"Comment\",\"target\":[\"https:\\\/\\\/webdelmaestrocmf.com\\\/portal\\\/metacognicion-y-aprendizaje-fundamentos-y-principales-caracteristicas\\\/#respond\"]}]},{\"@type\":\"WebPage\",\"@id\":\"https:\\\/\\\/webdelmaestrocmf.com\\\/portal\\\/metacognicion-y-aprendizaje-fundamentos-y-principales-caracteristicas\\\/\",\"url\":\"https:\\\/\\\/webdelmaestrocmf.com\\\/portal\\\/metacognicion-y-aprendizaje-fundamentos-y-principales-caracteristicas\\\/\",\"name\":\"La metacognici\u00f3n en el aula: estrategias para promover un aprendizaje efectivo - 2026\",\"isPartOf\":{\"@id\":\"https:\\\/\\\/webdelmaestrocmf.com\\\/portal\\\/#website\"},\"primaryImageOfPage\":{\"@id\":\"https:\\\/\\\/webdelmaestrocmf.com\\\/portal\\\/metacognicion-y-aprendizaje-fundamentos-y-principales-caracteristicas\\\/#primaryimage\"},\"image\":{\"@id\":\"https:\\\/\\\/webdelmaestrocmf.com\\\/portal\\\/metacognicion-y-aprendizaje-fundamentos-y-principales-caracteristicas\\\/#primaryimage\"},\"thumbnailUrl\":\"https:\\\/\\\/webdelmaestrocmf.com\\\/portal\\\/wp-content\\\/uploads\\\/2022\\\/12\\\/Banner-1-portada-imagen-10-40.jpg\",\"datePublished\":\"2025-01-23T21:00:57+00:00\",\"dateModified\":\"2025-01-24T00:05:46+00:00\",\"description\":\"La metacognici\u00f3n, ese proceso introspectivo que nos permite entender y controlar nuestros propios procesos de pensamiento...\",\"breadcrumb\":{\"@id\":\"https:\\\/\\\/webdelmaestrocmf.com\\\/portal\\\/metacognicion-y-aprendizaje-fundamentos-y-principales-caracteristicas\\\/#breadcrumb\"},\"inLanguage\":\"es\",\"potentialAction\":[{\"@type\":\"ReadAction\",\"target\":[\"https:\\\/\\\/webdelmaestrocmf.com\\\/portal\\\/metacognicion-y-aprendizaje-fundamentos-y-principales-caracteristicas\\\/\"]}]},{\"@type\":\"ImageObject\",\"inLanguage\":\"es\",\"@id\":\"https:\\\/\\\/webdelmaestrocmf.com\\\/portal\\\/metacognicion-y-aprendizaje-fundamentos-y-principales-caracteristicas\\\/#primaryimage\",\"url\":\"https:\\\/\\\/webdelmaestrocmf.com\\\/portal\\\/wp-content\\\/uploads\\\/2022\\\/12\\\/Banner-1-portada-imagen-10-40.jpg\",\"contentUrl\":\"https:\\\/\\\/webdelmaestrocmf.com\\\/portal\\\/wp-content\\\/uploads\\\/2022\\\/12\\\/Banner-1-portada-imagen-10-40.jpg\",\"width\":1024,\"height\":1024,\"caption\":\"Metacognici\u00f3n\"},{\"@type\":\"BreadcrumbList\",\"@id\":\"https:\\\/\\\/webdelmaestrocmf.com\\\/portal\\\/metacognicion-y-aprendizaje-fundamentos-y-principales-caracteristicas\\\/#breadcrumb\",\"itemListElement\":[{\"@type\":\"ListItem\",\"position\":1,\"name\":\"Portada\",\"item\":\"https:\\\/\\\/webdelmaestrocmf.com\\\/portal\\\/\"},{\"@type\":\"ListItem\",\"position\":2,\"name\":\"Recursos\",\"item\":\"https:\\\/\\\/webdelmaestrocmf.com\\\/portal\\\/category\\\/pedagogia\\\/\"},{\"@type\":\"ListItem\",\"position\":3,\"name\":\"La metacognici\u00f3n en el aula: estrategias para promover un aprendizaje efectivo\"}]},{\"@type\":\"WebSite\",\"@id\":\"https:\\\/\\\/webdelmaestrocmf.com\\\/portal\\\/#website\",\"url\":\"https:\\\/\\\/webdelmaestrocmf.com\\\/portal\\\/\",\"name\":\"Web del Maestro CMF\",\"description\":\"Maestros al servicio de la educaci\u00f3n\",\"publisher\":{\"@id\":\"https:\\\/\\\/webdelmaestrocmf.com\\\/portal\\\/#organization\"},\"alternateName\":\"WMCMF\",\"potentialAction\":[{\"@type\":\"SearchAction\",\"target\":{\"@type\":\"EntryPoint\",\"urlTemplate\":\"https:\\\/\\\/webdelmaestrocmf.com\\\/portal\\\/?s={search_term_string}\"},\"query-input\":{\"@type\":\"PropertyValueSpecification\",\"valueRequired\":true,\"valueName\":\"search_term_string\"}}],\"inLanguage\":\"es\"},{\"@type\":\"Organization\",\"@id\":\"https:\\\/\\\/webdelmaestrocmf.com\\\/portal\\\/#organization\",\"name\":\"Web del Maestro CMF\",\"alternateName\":\"WMCMF\",\"url\":\"https:\\\/\\\/webdelmaestrocmf.com\\\/portal\\\/\",\"logo\":{\"@type\":\"ImageObject\",\"inLanguage\":\"es\",\"@id\":\"https:\\\/\\\/webdelmaestrocmf.com\\\/portal\\\/#\\\/schema\\\/logo\\\/image\\\/\",\"url\":\"https:\\\/\\\/webdelmaestrocmf.com\\\/portal\\\/wp-content\\\/uploads\\\/2023\\\/01\\\/logo-wmcmf-2.png\",\"contentUrl\":\"https:\\\/\\\/webdelmaestrocmf.com\\\/portal\\\/wp-content\\\/uploads\\\/2023\\\/01\\\/logo-wmcmf-2.png\",\"width\":200,\"height\":60,\"caption\":\"Web del Maestro CMF\"},\"image\":{\"@id\":\"https:\\\/\\\/webdelmaestrocmf.com\\\/portal\\\/#\\\/schema\\\/logo\\\/image\\\/\"},\"sameAs\":[\"https:\\\/\\\/www.facebook.com\\\/WebdelMaestroCMF\\\/\",\"https:\\\/\\\/x.com\\\/cmf_w\",\"https:\\\/\\\/www.pinterest.com\\\/WMCMF\\\/\",\"https:\\\/\\\/www.linkedin.com\\\/company\\\/web-del-maestro-cmf\\\/\",\"https:\\\/\\\/www.instagram.com\\\/wmcmf\\\/\",\"https:\\\/\\\/www.youtube.com\\\/channel\\\/UCDPSvjbdodE5sHnC3OxutHw\",\"https:\\\/\\\/mastodon.social\\\/@wmcmf\",\"https:\\\/\\\/www.tiktok.com\\\/@webdelmaestrocmf\"]},{\"@type\":\"Person\",\"@id\":\"https:\\\/\\\/webdelmaestrocmf.com\\\/portal\\\/#\\\/schema\\\/person\\\/1072a2ed7bd960df8ef99a551fa35dc5\",\"name\":\"Web del Maestro CMF\",\"image\":{\"@type\":\"ImageObject\",\"inLanguage\":\"es\",\"@id\":\"https:\\\/\\\/secure.gravatar.com\\\/avatar\\\/23291dd5b5ae1077dcff3dbb04c3e02bd28403fa75af6d8787d5e97c5bbbe30b?s=96&d=mm&r=g\",\"url\":\"https:\\\/\\\/secure.gravatar.com\\\/avatar\\\/23291dd5b5ae1077dcff3dbb04c3e02bd28403fa75af6d8787d5e97c5bbbe30b?s=96&d=mm&r=g\",\"contentUrl\":\"https:\\\/\\\/secure.gravatar.com\\\/avatar\\\/23291dd5b5ae1077dcff3dbb04c3e02bd28403fa75af6d8787d5e97c5bbbe30b?s=96&d=mm&r=g\",\"caption\":\"Web del Maestro CMF\"},\"description\":\"Esta Web se cre\u00f3 sin fines de lucro, con fines educativos, cient\u00edficos y acad\u00e9micos, para personas que tengan dificultades y\\\/o inconvenientes en visualizar el material original. El objetivo es entregar recursos, compartir experiencias y materiales que ayuden a los padres de familia, maestros y estudiantes en su actualizaci\u00f3n y formaci\u00f3n permanente, en bien de la Educaci\u00f3n.\",\"sameAs\":[\"http:\\\/\\\/webdelmaestrocmf.com\\\/portal\",\"https:\\\/\\\/www.facebook.com\\\/WebdelMaestroCMF\\\/\",\"https:\\\/\\\/www.instagram.com\\\/wmcmf\\\/\",\"https:\\\/\\\/cl.linkedin.com\\\/company\\\/web-del-maestro-cmf\",\"https:\\\/\\\/www.pinterest.com\\\/WMCMF\\\/publicaciones\\\/\",\"https:\\\/\\\/x.com\\\/cmf_w\",\"https:\\\/\\\/www.youtube.com\\\/@WMCMF\"]}]}<\/script>\n<!-- \/ Yoast SEO plugin. -->","yoast_head_json":{"title":"La metacognici\u00f3n en el aula: estrategias para promover un aprendizaje efectivo - 2026","description":"La metacognici\u00f3n, ese proceso introspectivo que nos permite entender y controlar nuestros propios procesos de pensamiento...","robots":{"index":"index","follow":"follow","max-snippet":"max-snippet:-1","max-image-preview":"max-image-preview:large","max-video-preview":"max-video-preview:-1"},"canonical":"https:\/\/webdelmaestrocmf.com\/portal\/metacognicion-y-aprendizaje-fundamentos-y-principales-caracteristicas\/","og_locale":"es_ES","og_type":"article","og_title":"La metacognici\u00f3n en el aula: estrategias para promover un aprendizaje efectivo - 2026","og_description":"La metacognici\u00f3n, ese proceso introspectivo que nos permite entender y controlar nuestros propios procesos de pensamiento...","og_url":"https:\/\/webdelmaestrocmf.com\/portal\/metacognicion-y-aprendizaje-fundamentos-y-principales-caracteristicas\/","og_site_name":"Web del Maestro CMF","article_publisher":"https:\/\/www.facebook.com\/WebdelMaestroCMF\/","article_author":"https:\/\/www.facebook.com\/WebdelMaestroCMF\/","article_published_time":"2025-01-23T21:00:57+00:00","article_modified_time":"2025-01-24T00:05:46+00:00","og_image":[{"width":1024,"height":1024,"url":"https:\/\/webdelmaestrocmf.com\/portal\/wp-content\/uploads\/2022\/12\/Banner-1-portada-imagen-10-40.jpg","type":"image\/jpeg"}],"author":"Web del Maestro CMF","twitter_card":"summary_large_image","twitter_creator":"@cmf_w","twitter_site":"@cmf_w","schema":{"@context":"https:\/\/schema.org","@graph":[{"@type":"ScholarlyArticle","@id":"https:\/\/webdelmaestrocmf.com\/portal\/metacognicion-y-aprendizaje-fundamentos-y-principales-caracteristicas\/#article","isPartOf":{"@id":"https:\/\/webdelmaestrocmf.com\/portal\/metacognicion-y-aprendizaje-fundamentos-y-principales-caracteristicas\/"},"author":{"name":"Web del Maestro CMF","@id":"https:\/\/webdelmaestrocmf.com\/portal\/#\/schema\/person\/1072a2ed7bd960df8ef99a551fa35dc5"},"headline":"La metacognici\u00f3n en el aula: estrategias para promover un aprendizaje efectivo","datePublished":"2025-01-23T21:00:57+00:00","dateModified":"2025-01-24T00:05:46+00:00","mainEntityOfPage":{"@id":"https:\/\/webdelmaestrocmf.com\/portal\/metacognicion-y-aprendizaje-fundamentos-y-principales-caracteristicas\/"},"wordCount":1181,"commentCount":2,"publisher":{"@id":"https:\/\/webdelmaestrocmf.com\/portal\/#organization"},"image":{"@id":"https:\/\/webdelmaestrocmf.com\/portal\/metacognicion-y-aprendizaje-fundamentos-y-principales-caracteristicas\/#primaryimage"},"thumbnailUrl":"https:\/\/webdelmaestrocmf.com\/portal\/wp-content\/uploads\/2022\/12\/Banner-1-portada-imagen-10-40.jpg","keywords":["Aprendizaje - Fundamentos","CARACTER\u00cdSTICAS","fichas metacognici\u00f3n","METACOGNICI\u00d3N","PRINCIPALES"],"articleSection":["Docentes","Recursos"],"inLanguage":"es","potentialAction":[{"@type":"CommentAction","name":"Comment","target":["https:\/\/webdelmaestrocmf.com\/portal\/metacognicion-y-aprendizaje-fundamentos-y-principales-caracteristicas\/#respond"]}]},{"@type":"WebPage","@id":"https:\/\/webdelmaestrocmf.com\/portal\/metacognicion-y-aprendizaje-fundamentos-y-principales-caracteristicas\/","url":"https:\/\/webdelmaestrocmf.com\/portal\/metacognicion-y-aprendizaje-fundamentos-y-principales-caracteristicas\/","name":"La metacognici\u00f3n en el aula: estrategias para promover un aprendizaje efectivo - 2026","isPartOf":{"@id":"https:\/\/webdelmaestrocmf.com\/portal\/#website"},"primaryImageOfPage":{"@id":"https:\/\/webdelmaestrocmf.com\/portal\/metacognicion-y-aprendizaje-fundamentos-y-principales-caracteristicas\/#primaryimage"},"image":{"@id":"https:\/\/webdelmaestrocmf.com\/portal\/metacognicion-y-aprendizaje-fundamentos-y-principales-caracteristicas\/#primaryimage"},"thumbnailUrl":"https:\/\/webdelmaestrocmf.com\/portal\/wp-content\/uploads\/2022\/12\/Banner-1-portada-imagen-10-40.jpg","datePublished":"2025-01-23T21:00:57+00:00","dateModified":"2025-01-24T00:05:46+00:00","description":"La metacognici\u00f3n, ese proceso introspectivo que nos permite entender y controlar nuestros propios procesos de pensamiento...","breadcrumb":{"@id":"https:\/\/webdelmaestrocmf.com\/portal\/metacognicion-y-aprendizaje-fundamentos-y-principales-caracteristicas\/#breadcrumb"},"inLanguage":"es","potentialAction":[{"@type":"ReadAction","target":["https:\/\/webdelmaestrocmf.com\/portal\/metacognicion-y-aprendizaje-fundamentos-y-principales-caracteristicas\/"]}]},{"@type":"ImageObject","inLanguage":"es","@id":"https:\/\/webdelmaestrocmf.com\/portal\/metacognicion-y-aprendizaje-fundamentos-y-principales-caracteristicas\/#primaryimage","url":"https:\/\/webdelmaestrocmf.com\/portal\/wp-content\/uploads\/2022\/12\/Banner-1-portada-imagen-10-40.jpg","contentUrl":"https:\/\/webdelmaestrocmf.com\/portal\/wp-content\/uploads\/2022\/12\/Banner-1-portada-imagen-10-40.jpg","width":1024,"height":1024,"caption":"Metacognici\u00f3n"},{"@type":"BreadcrumbList","@id":"https:\/\/webdelmaestrocmf.com\/portal\/metacognicion-y-aprendizaje-fundamentos-y-principales-caracteristicas\/#breadcrumb","itemListElement":[{"@type":"ListItem","position":1,"name":"Portada","item":"https:\/\/webdelmaestrocmf.com\/portal\/"},{"@type":"ListItem","position":2,"name":"Recursos","item":"https:\/\/webdelmaestrocmf.com\/portal\/category\/pedagogia\/"},{"@type":"ListItem","position":3,"name":"La metacognici\u00f3n en el aula: estrategias para promover un aprendizaje efectivo"}]},{"@type":"WebSite","@id":"https:\/\/webdelmaestrocmf.com\/portal\/#website","url":"https:\/\/webdelmaestrocmf.com\/portal\/","name":"Web del Maestro CMF","description":"Maestros al servicio de la educaci\u00f3n","publisher":{"@id":"https:\/\/webdelmaestrocmf.com\/portal\/#organization"},"alternateName":"WMCMF","potentialAction":[{"@type":"SearchAction","target":{"@type":"EntryPoint","urlTemplate":"https:\/\/webdelmaestrocmf.com\/portal\/?s={search_term_string}"},"query-input":{"@type":"PropertyValueSpecification","valueRequired":true,"valueName":"search_term_string"}}],"inLanguage":"es"},{"@type":"Organization","@id":"https:\/\/webdelmaestrocmf.com\/portal\/#organization","name":"Web del Maestro CMF","alternateName":"WMCMF","url":"https:\/\/webdelmaestrocmf.com\/portal\/","logo":{"@type":"ImageObject","inLanguage":"es","@id":"https:\/\/webdelmaestrocmf.com\/portal\/#\/schema\/logo\/image\/","url":"https:\/\/webdelmaestrocmf.com\/portal\/wp-content\/uploads\/2023\/01\/logo-wmcmf-2.png","contentUrl":"https:\/\/webdelmaestrocmf.com\/portal\/wp-content\/uploads\/2023\/01\/logo-wmcmf-2.png","width":200,"height":60,"caption":"Web del Maestro CMF"},"image":{"@id":"https:\/\/webdelmaestrocmf.com\/portal\/#\/schema\/logo\/image\/"},"sameAs":["https:\/\/www.facebook.com\/WebdelMaestroCMF\/","https:\/\/x.com\/cmf_w","https:\/\/www.pinterest.com\/WMCMF\/","https:\/\/www.linkedin.com\/company\/web-del-maestro-cmf\/","https:\/\/www.instagram.com\/wmcmf\/","https:\/\/www.youtube.com\/channel\/UCDPSvjbdodE5sHnC3OxutHw","https:\/\/mastodon.social\/@wmcmf","https:\/\/www.tiktok.com\/@webdelmaestrocmf"]},{"@type":"Person","@id":"https:\/\/webdelmaestrocmf.com\/portal\/#\/schema\/person\/1072a2ed7bd960df8ef99a551fa35dc5","name":"Web del Maestro CMF","image":{"@type":"ImageObject","inLanguage":"es","@id":"https:\/\/secure.gravatar.com\/avatar\/23291dd5b5ae1077dcff3dbb04c3e02bd28403fa75af6d8787d5e97c5bbbe30b?s=96&d=mm&r=g","url":"https:\/\/secure.gravatar.com\/avatar\/23291dd5b5ae1077dcff3dbb04c3e02bd28403fa75af6d8787d5e97c5bbbe30b?s=96&d=mm&r=g","contentUrl":"https:\/\/secure.gravatar.com\/avatar\/23291dd5b5ae1077dcff3dbb04c3e02bd28403fa75af6d8787d5e97c5bbbe30b?s=96&d=mm&r=g","caption":"Web del Maestro CMF"},"description":"Esta Web se cre\u00f3 sin fines de lucro, con fines educativos, cient\u00edficos y acad\u00e9micos, para personas que tengan dificultades y\/o inconvenientes en visualizar el material original. El objetivo es entregar recursos, compartir experiencias y materiales que ayuden a los padres de familia, maestros y estudiantes en su actualizaci\u00f3n y formaci\u00f3n permanente, en bien de la Educaci\u00f3n.","sameAs":["http:\/\/webdelmaestrocmf.com\/portal","https:\/\/www.facebook.com\/WebdelMaestroCMF\/","https:\/\/www.instagram.com\/wmcmf\/","https:\/\/cl.linkedin.com\/company\/web-del-maestro-cmf","https:\/\/www.pinterest.com\/WMCMF\/publicaciones\/","https:\/\/x.com\/cmf_w","https:\/\/www.youtube.com\/@WMCMF"]}]}},"jetpack_featured_media_url":"https:\/\/webdelmaestrocmf.com\/portal\/wp-content\/uploads\/2022\/12\/Banner-1-portada-imagen-10-40.jpg","jetpack_sharing_enabled":true,"jetpack-related-posts":[{"id":100399,"url":"https:\/\/webdelmaestrocmf.com\/portal\/que-es-la-metacognicion\/","url_meta":{"origin":81751,"position":0},"title":"\u00bfQu\u00e9 es la metacognici\u00f3n?","author":"Web del Maestro CMF","date":"17 noviembre, 2023","format":false,"excerpt":"La metacognici\u00f3n, un concepto que ha ganado terreno en el \u00e1mbito de la psicolog\u00eda y la educaci\u00f3n, nos invita a adentrarnos en los misterios de nuestro propio pensamiento. Al desentra\u00f1ar sus complejidades, descubrimos un viaje fascinante hacia el autoconocimiento y el entendimiento de c\u00f3mo procesamos la informaci\u00f3n. El t\u00e9rmino \"metacognici\u00f3n\"\u2026","rel":"","context":"En \u00abDocentes\u00bb","block_context":{"text":"Docentes","link":"https:\/\/webdelmaestrocmf.com\/portal\/category\/pedagogia\/docentes\/"},"img":{"alt_text":"metacognici\u00f3n","src":"https:\/\/i0.wp.com\/webdelmaestrocmf.com\/portal\/wp-content\/uploads\/2023\/11\/A12B3C4D-10-1.jpg?resize=350%2C200&ssl=1","width":350,"height":200,"srcset":"https:\/\/i0.wp.com\/webdelmaestrocmf.com\/portal\/wp-content\/uploads\/2023\/11\/A12B3C4D-10-1.jpg?resize=350%2C200&ssl=1 1x, https:\/\/i0.wp.com\/webdelmaestrocmf.com\/portal\/wp-content\/uploads\/2023\/11\/A12B3C4D-10-1.jpg?resize=525%2C300&ssl=1 1.5x, https:\/\/i0.wp.com\/webdelmaestrocmf.com\/portal\/wp-content\/uploads\/2023\/11\/A12B3C4D-10-1.jpg?resize=700%2C400&ssl=1 2x"},"classes":[]},{"id":74274,"url":"https:\/\/webdelmaestrocmf.com\/portal\/la-metacognicion-y-su-aplicacion-en-herramientas-virtuales-desde-la-practica-docente\/","url_meta":{"origin":81751,"position":1},"title":"La metacognici\u00f3n aplicada herramientas virtuales","author":"Web del Maestro CMF","date":"18 noviembre, 2023","format":false,"excerpt":"La metacognici\u00f3n es el conocimiento y control de nuestros propios procesos cognitivos. Es la capacidad de pensar sobre nuestro propio pensamiento. Esto nos permite planificar, regular y evaluar nuestro aprendizaje. Las herramientas virtuales son recursos digitales que se utilizan para el aprendizaje. Pueden ser utilizadas para la comunicaci\u00f3n, la colaboraci\u00f3n,\u2026","rel":"","context":"En \u00abDescargas Manuales PDF\u00bb","block_context":{"text":"Descargas Manuales PDF","link":"https:\/\/webdelmaestrocmf.com\/portal\/category\/pedagogia\/descargas-manuales-pdf\/"},"img":{"alt_text":"metacognici\u00f3n herramientas virtuales","src":"https:\/\/i0.wp.com\/webdelmaestrocmf.com\/portal\/wp-content\/uploads\/2022\/02\/1-73.jpg?resize=350%2C200&ssl=1","width":350,"height":200,"srcset":"https:\/\/i0.wp.com\/webdelmaestrocmf.com\/portal\/wp-content\/uploads\/2022\/02\/1-73.jpg?resize=350%2C200&ssl=1 1x, https:\/\/i0.wp.com\/webdelmaestrocmf.com\/portal\/wp-content\/uploads\/2022\/02\/1-73.jpg?resize=525%2C300&ssl=1 1.5x, https:\/\/i0.wp.com\/webdelmaestrocmf.com\/portal\/wp-content\/uploads\/2022\/02\/1-73.jpg?resize=700%2C400&ssl=1 2x, https:\/\/i0.wp.com\/webdelmaestrocmf.com\/portal\/wp-content\/uploads\/2022\/02\/1-73.jpg?resize=1050%2C600&ssl=1 3x"},"classes":[]},{"id":50332,"url":"https:\/\/webdelmaestrocmf.com\/portal\/la-escalera-de-la-metacognicion-aprender-a-pensar\/","url_meta":{"origin":81751,"position":2},"title":"La escalera de la metacognici\u00f3n aprender a pensar","author":"Web del Maestro CMF","date":"25 enero, 2024","format":false,"excerpt":"La metacognici\u00f3n es el proceso por el cu\u00e1l cada estudiante se hace consciente de su propio aprendizaje, identifica habilidades, limitaciones, herramientas, conocimientos previos, conocimiento nuevos, progresos y su aplicaci\u00f3n pr\u00e1ctica para hacer frente a las distintas situaciones que se le presentan en la vida. En este contexto, ampliaremos la informaci\u00f3n\u2026","rel":"","context":"En \u00abDescargas Manuales PDF\u00bb","block_context":{"text":"Descargas Manuales PDF","link":"https:\/\/webdelmaestrocmf.com\/portal\/category\/pedagogia\/descargas-manuales-pdf\/"},"img":{"alt_text":"escalera de la metacognici\u00f3nv","src":"https:\/\/i0.wp.com\/webdelmaestrocmf.com\/portal\/wp-content\/uploads\/2023\/11\/Banner-1-portada-imagen-10-30.jpg?resize=350%2C200&ssl=1","width":350,"height":200,"srcset":"https:\/\/i0.wp.com\/webdelmaestrocmf.com\/portal\/wp-content\/uploads\/2023\/11\/Banner-1-portada-imagen-10-30.jpg?resize=350%2C200&ssl=1 1x, https:\/\/i0.wp.com\/webdelmaestrocmf.com\/portal\/wp-content\/uploads\/2023\/11\/Banner-1-portada-imagen-10-30.jpg?resize=525%2C300&ssl=1 1.5x, https:\/\/i0.wp.com\/webdelmaestrocmf.com\/portal\/wp-content\/uploads\/2023\/11\/Banner-1-portada-imagen-10-30.jpg?resize=700%2C400&ssl=1 2x"},"classes":[]},{"id":67385,"url":"https:\/\/webdelmaestrocmf.com\/portal\/la-escalera-de-la-metacognicion-y-los-metodos-de-evaluacion\/","url_meta":{"origin":81751,"position":3},"title":"La escalera de la metacognici\u00f3n y los m\u00e9todos de evaluaci\u00f3n","author":"Web del Maestro CMF","date":"1 septiembre, 2021","format":false,"excerpt":"La metacognici\u00f3n es el proceso por el cu\u00e1l cada estudiante se hace consciente de su propio aprendizaje, identifica habilidades, limitaciones, herramientas, conocimientos previos, conocimiento nuevos, progresos y su aplicaci\u00f3n pr\u00e1ctica para hacer frente a las distintas situaciones que se le presentan en la vida. Para desencadenar la metacognici\u00f3n es importante\u2026","rel":"","context":"En \u00abEvaluar\u00bb","block_context":{"text":"Evaluar","link":"https:\/\/webdelmaestrocmf.com\/portal\/category\/pedagogia\/evaluar\/"},"img":{"alt_text":"ESCALERA","src":"https:\/\/i0.wp.com\/webdelmaestrocmf.com\/portal\/wp-content\/uploads\/2021\/09\/Banner-1-portada-imagen-10-1-32.jpg?resize=350%2C200&ssl=1","width":350,"height":200,"srcset":"https:\/\/i0.wp.com\/webdelmaestrocmf.com\/portal\/wp-content\/uploads\/2021\/09\/Banner-1-portada-imagen-10-1-32.jpg?resize=350%2C200&ssl=1 1x, https:\/\/i0.wp.com\/webdelmaestrocmf.com\/portal\/wp-content\/uploads\/2021\/09\/Banner-1-portada-imagen-10-1-32.jpg?resize=525%2C300&ssl=1 1.5x, https:\/\/i0.wp.com\/webdelmaestrocmf.com\/portal\/wp-content\/uploads\/2021\/09\/Banner-1-portada-imagen-10-1-32.jpg?resize=700%2C400&ssl=1 2x"},"classes":[]},{"id":70692,"url":"https:\/\/webdelmaestrocmf.com\/portal\/usando-la-metacognicion-podras-generar-mayor-conocimiento-y-eso-no-constituye-un-aprendizaje-significativo\/","url_meta":{"origin":81751,"position":4},"title":"Usando la metacognici\u00f3n podr\u00e1s generar mayor conocimiento y eso no constituye un aprendizaje significativo","author":"Web del Maestro CMF","date":"14 mayo, 2022","format":false,"excerpt":"Los estudiantes tienden a memorizar los contenidos y eso no constituye un aprendizaje significativo. Sin embargo, usando la metacognici\u00f3n podr\u00e1s generar mayor conocimiento. Cuando hablamos de metacognici\u00f3n nos referimos al desarrollo del conocimiento y de las actividades del pensamiento. Con el paso del tiempo ha surgido la necesidad de fomentar\u2026","rel":"","context":"En \u00abAprendizaje Significativo\u00bb","block_context":{"text":"Aprendizaje Significativo","link":"https:\/\/webdelmaestrocmf.com\/portal\/category\/pedagogia\/aprendizaje-significativo\/"},"img":{"alt_text":"","src":"https:\/\/i0.wp.com\/webdelmaestrocmf.com\/portal\/wp-content\/uploads\/2021\/11\/1-24.jpg?resize=350%2C200&ssl=1","width":350,"height":200,"srcset":"https:\/\/i0.wp.com\/webdelmaestrocmf.com\/portal\/wp-content\/uploads\/2021\/11\/1-24.jpg?resize=350%2C200&ssl=1 1x, https:\/\/i0.wp.com\/webdelmaestrocmf.com\/portal\/wp-content\/uploads\/2021\/11\/1-24.jpg?resize=525%2C300&ssl=1 1.5x, https:\/\/i0.wp.com\/webdelmaestrocmf.com\/portal\/wp-content\/uploads\/2021\/11\/1-24.jpg?resize=700%2C400&ssl=1 2x, https:\/\/i0.wp.com\/webdelmaestrocmf.com\/portal\/wp-content\/uploads\/2021\/11\/1-24.jpg?resize=1050%2C600&ssl=1 3x"},"classes":[]},{"id":80228,"url":"https:\/\/webdelmaestrocmf.com\/portal\/la-metacognicion-y-su-aplicacion-en-herramientas-desde-la-practica-docente\/","url_meta":{"origin":81751,"position":5},"title":"La metacognici\u00f3n y su aplicaci\u00f3n en la pr\u00e1ctica docente","author":"Web del Maestro CMF","date":"11 septiembre, 2022","format":false,"excerpt":"Esta semana, nos sumergimos en el fascinante mundo de la metacognici\u00f3n, un campo que est\u00e1 ganando terreno en el \u00e1mbito educativo. Este trabajo se centra en desarrollar referentes te\u00f3ricos para el an\u00e1lisis de la metacognici\u00f3n, abordando la problem\u00e1tica de la conceptualizaci\u00f3n y destacando la importancia de implementar estrategias metacognitivas a\u2026","rel":"","context":"En \u00abDescargas Manuales PDF\u00bb","block_context":{"text":"Descargas Manuales PDF","link":"https:\/\/webdelmaestrocmf.com\/portal\/category\/pedagogia\/descargas-manuales-pdf\/"},"img":{"alt_text":"metacognici\u00f3n","src":"https:\/\/i0.wp.com\/webdelmaestrocmf.com\/portal\/wp-content\/uploads\/2022\/09\/1a-1.jpg?resize=350%2C200&ssl=1","width":350,"height":200,"srcset":"https:\/\/i0.wp.com\/webdelmaestrocmf.com\/portal\/wp-content\/uploads\/2022\/09\/1a-1.jpg?resize=350%2C200&ssl=1 1x, https:\/\/i0.wp.com\/webdelmaestrocmf.com\/portal\/wp-content\/uploads\/2022\/09\/1a-1.jpg?resize=525%2C300&ssl=1 1.5x, https:\/\/i0.wp.com\/webdelmaestrocmf.com\/portal\/wp-content\/uploads\/2022\/09\/1a-1.jpg?resize=700%2C400&ssl=1 2x"},"classes":[]}],"_links":{"self":[{"href":"https:\/\/webdelmaestrocmf.com\/portal\/wp-json\/wp\/v2\/posts\/81751","targetHints":{"allow":["GET"]}}],"collection":[{"href":"https:\/\/webdelmaestrocmf.com\/portal\/wp-json\/wp\/v2\/posts"}],"about":[{"href":"https:\/\/webdelmaestrocmf.com\/portal\/wp-json\/wp\/v2\/types\/post"}],"author":[{"embeddable":true,"href":"https:\/\/webdelmaestrocmf.com\/portal\/wp-json\/wp\/v2\/users\/1"}],"replies":[{"embeddable":true,"href":"https:\/\/webdelmaestrocmf.com\/portal\/wp-json\/wp\/v2\/comments?post=81751"}],"version-history":[{"count":0,"href":"https:\/\/webdelmaestrocmf.com\/portal\/wp-json\/wp\/v2\/posts\/81751\/revisions"}],"wp:featuredmedia":[{"embeddable":true,"href":"https:\/\/webdelmaestrocmf.com\/portal\/wp-json\/wp\/v2\/media\/102827"}],"wp:attachment":[{"href":"https:\/\/webdelmaestrocmf.com\/portal\/wp-json\/wp\/v2\/media?parent=81751"}],"wp:term":[{"taxonomy":"category","embeddable":true,"href":"https:\/\/webdelmaestrocmf.com\/portal\/wp-json\/wp\/v2\/categories?post=81751"},{"taxonomy":"post_tag","embeddable":true,"href":"https:\/\/webdelmaestrocmf.com\/portal\/wp-json\/wp\/v2\/tags?post=81751"}],"curies":[{"name":"wp","href":"https:\/\/api.w.org\/{rel}","templated":true}]}}