{"id":81735,"date":"2022-12-13T20:22:42","date_gmt":"2022-12-13T23:22:42","guid":{"rendered":"https:\/\/webdelmaestrocmf.com\/portal\/?p=81735"},"modified":"2023-07-01T23:13:55","modified_gmt":"2023-07-02T03:13:55","slug":"importancia-de-los-aprendizajes-claves-que-son-y-cuales-son-las-plataformas-educativas-para-aprenderlos","status":"publish","type":"post","link":"https:\/\/webdelmaestrocmf.com\/portal\/importancia-de-los-aprendizajes-claves-que-son-y-cuales-son-las-plataformas-educativas-para-aprenderlos\/","title":{"rendered":"Importancia de los aprendizajes claves, qu\u00e9 son y cu\u00e1les son las plataformas educativas para aprenderlos"},"content":{"rendered":"<h5 style=\"text-align: justify;\">La revoluci\u00f3n de los aprendizajes clave y su integraci\u00f3n al sistema educativo garantizan la\u00a0Educaci\u00f3n en M\u00e9xico\u00a0de manera integral. En este art\u00edculo exploraremos este concepto para entender sus beneficios, los cuales, asctualmente tambi\u00e9n se pueden disfrutar a trav\u00e9s del\u00a0E-learning.<\/h5>\n<p><!--more--><\/p>\n<h5 style=\"text-align: justify;\">\u00bfQu\u00e9 son los aprendizajes clave?<\/h5>\n<h5 style=\"text-align: justify;\">Un aprendizaje clave se define como \u201cun conjunto de conocimientos, habilidades, pr\u00e1cticas, valores y actitudes que son fundamentales para el crecimiento integral.\u201d <cite><a href=\"https:\/\/www.gob.mx\/sep\/articulos\/aprendizajes-clave-para-la-educacion-integral\" target=\"_blank\" rel=\"noreferrer noopener nofollow\">SEP \u2013 Gobierno de M\u00e9xico<\/a><\/cite><\/h5>\n<p style=\"text-align: justify;\">Es decir, se enfocan en todos los temas que le permiten al estudiante obtener habilidades esenciales para la vida en sociedad. Por ende son un conjunto de conocimientos imprescindibles para el desarrollo de toda persona y por eso se imparten en las escuelas, la falta de estas lecciones y saberes causa carencias dif\u00edciles de cubrir en el futuro.<\/p>\n<p style=\"text-align: justify;\"><strong>Los aprendizajes clave permiten que las personas desarrollen sus proyectos de vida<\/strong>, as\u00ed que son esenciales. La profesora Karla Castro explica un poco m\u00e1s sobre ellos y sus elementos a trav\u00e9s de su canal de YouTube\u00a0<a href=\"https:\/\/www.youtube.com\/watch?v=ChvPdPeSmlA\" target=\"_blank\" rel=\"noreferrer noopener nofollow\">con videos informativos.<\/a><\/p>\n<h5>\u00bfCu\u00e1l es el prop\u00f3sito de los aprendizajes clave?<\/h5>\n<p style=\"text-align: justify;\">En M\u00e9xico, uno de los grandes objetivos de la educaci\u00f3n es hacer que la sociedad sea m\u00e1s incluyente y justa. Es aqu\u00ed donde entran los aprendizajes claves.<\/p>\n<p style=\"text-align: justify;\">Al integrar el aprendizaje clave en la educaci\u00f3n preescolar, primaria y secundaria, los alumnos reciben herramientas que les permitir\u00e1n enfrentar retos desde la ni\u00f1ez hasta la adultez.<\/p>\n<p style=\"text-align: justify;\">En otras palabras,<strong>\u00a0<\/strong>los aprendizajes claven tienen el prop\u00f3sito de formar miembros de la sociedad<strong>\u00a0que sean productivos, responsables, libres e informados<\/strong>.<\/p>\n<p style=\"text-align: justify;\">Para ahondar a\u00fan m\u00e1s, el Gobierno de M\u00e9xico public\u00f3 el\u00a0<strong>Plan y Programas de Estudios<\/strong>\u00a0<strong>para la Educaci\u00f3n B\u00e1sica<\/strong>, donde se obtiene contenido clave sobre el tema.<\/p>\n<p style=\"text-align: justify;\"><a href=\"https:\/\/www.planyprogramasdestudio.sep.gob.mx\/index-Descargas.html\" target=\"_blank\" rel=\"noreferrer noopener nofollow\">Aqu\u00ed puedes conseguir el libro<\/a>\u00a0con esta informaci\u00f3n formativa para la educaci\u00f3n integral y tambi\u00e9n se puede acceder a una biblioteca que ofrece las\u00a0colecci\u00f3n de libros\u00a0para la educaci\u00f3n inicial, aprendizajes clave primaria, aprendizajes clave secundaria, y m\u00e1s.<\/p>\n<h5>\u00bfCu\u00e1les son los componentes curriculares de aprendizajes clave?<\/h5>\n<p><img loading=\"lazy\" decoding=\"async\" class=\"alignnone size-full wp-image-81736\" src=\"https:\/\/webdelmaestrocmf.com\/portal\/wp-content\/uploads\/2022\/12\/1-17.jpg\" alt=\"\" width=\"700\" height=\"700\" srcset=\"https:\/\/webdelmaestrocmf.com\/portal\/wp-content\/uploads\/2022\/12\/1-17.jpg 700w, https:\/\/webdelmaestrocmf.com\/portal\/wp-content\/uploads\/2022\/12\/1-17-300x300.jpg 300w, https:\/\/webdelmaestrocmf.com\/portal\/wp-content\/uploads\/2022\/12\/1-17-150x150.jpg 150w, https:\/\/webdelmaestrocmf.com\/portal\/wp-content\/uploads\/2022\/12\/1-17-80x80.jpg 80w, https:\/\/webdelmaestrocmf.com\/portal\/wp-content\/uploads\/2022\/12\/1-17-110x110.jpg 110w, https:\/\/webdelmaestrocmf.com\/portal\/wp-content\/uploads\/2022\/12\/1-17-200x200.jpg 200w, https:\/\/webdelmaestrocmf.com\/portal\/wp-content\/uploads\/2022\/12\/1-17-380x380.jpg 380w, https:\/\/webdelmaestrocmf.com\/portal\/wp-content\/uploads\/2022\/12\/1-17-255x255.jpg 255w, https:\/\/webdelmaestrocmf.com\/portal\/wp-content\/uploads\/2022\/12\/1-17-550x550.jpg 550w\" sizes=\"auto, (max-width: 700px) 100vw, 700px\" \/><\/p>\n<p style=\"text-align: justify;\">Los tres componentes curriculares est\u00e1n muy bien representados en el diagrama presentado arriba, realizado por el\u00a0Gobierno de M\u00e9xico.<\/p>\n<p style=\"text-align: justify;\">En este se representan los campos, \u00e1mbitos y \u00e1reas que componen los aprendizajes clave. Cada componente es esencial y ninguno es m\u00e1s importante que otro, sino que interact\u00faan juntos para formar a los estudiantes de manera integral.<\/p>\n<h5>\u00bfCu\u00e1les son los aprendizajes clave del nuevo modelo educativo?<\/h5>\n<p style=\"text-align: justify;\">Este aprendizaje primordial<strong>\u00a0para la educaci\u00f3n integral del nuevo modelo educativo<\/strong>\u00a0no ser\u00eda posible sin lo siguiente:<\/p>\n<h5 style=\"text-align: justify; padding-left: 40px;\">1. Formaci\u00f3n acad\u00e9mica<\/h5>\n<p style=\"text-align: justify; padding-left: 40px;\">Esto se enfoca en desarrollar la capacidad de aprendizaje de los estudiantes a trav\u00e9s de \u00e1reas como el lenguaje, la comunicaci\u00f3n, el pensamiento matem\u00e1tico, y la comprensi\u00f3n del ambiente social y natural.<\/p>\n<h5 style=\"text-align: justify; padding-left: 40px;\">2. Formaci\u00f3n personal y social<\/h5>\n<p style=\"text-align: justify; padding-left: 40px;\">Consiste en desarrollar la creatividad, expresi\u00f3n art\u00edstica, manejo de emociones, apreciaci\u00f3n, y cuidado f\u00edsico con la ayuda de enfoques pedag\u00f3gicos diferentes.<\/p>\n<h5 style=\"text-align: justify; padding-left: 40px;\">3. Autonom\u00eda curricular<\/h5>\n<p style=\"text-align: justify; padding-left: 40px;\">Se refiere a la atenci\u00f3n de las necesidades \u00fanicas de cada estudiante, que pueden ser abordadas a trav\u00e9s de la ampliaci\u00f3n de la formaci\u00f3n acad\u00e9mica, la potenciaci\u00f3n del desarrollo personal y social, los conocimientos regionales, nuevos contenidos relevantes o proyectos de impacto social.<\/p>\n<h5 style=\"text-align: justify;\">SEP anuncia nuevo piloto de marco curricular para maestros<\/h5>\n<p style=\"text-align: justify;\">SEP anuncia un programa piloto para que el profesorado y maestros conozcan el nuevo marco curricular.<\/p>\n<p style=\"text-align: justify;\">El nuevo marco curricular apunta a los niveles de Educaci\u00f3n B\u00e1sica Primaria se present\u00f3 a los titulares de Educaci\u00f3n de Aguascalientes, Chiapas, Estado de M\u00e9xico, Guanajuato, Guerrero, Hidalgo, Jalisco, Michoac\u00e1n, Morelos, Nayarit, Oaxaca, Puebla, Quer\u00e9taro, Quintana Roo, San Luis Potos\u00ed, Tabasco, Tlaxcala, Yucat\u00e1n, Veracruz y de la Ciudad de M\u00e9xico.<\/p>\n<p style=\"text-align: justify;\">La Secretar\u00eda de Educaci\u00f3n P\u00fablica, asegura que estos ajustes de la SEP dar\u00e1n fortaleza al nivel de capacitaci\u00f3n docente y\u00a0comunidades de aprendizaje. Se iniciar\u00e1 mediante un programa piloto que har\u00e1 m\u00e1s f\u00e1cil darlo a conocer a lo largo de pa\u00eds.<\/p>\n<p style=\"text-align: justify;\">As\u00ed mismo se han realizado foros para integrar la propuesta junto al redise\u00f1o en los libros de texto, adem\u00e1s de un nuevo material para los padres y madres de familia.<\/p>\n<p style=\"text-align: justify;\">Los directivos de la SEP indican que los cambios que se inician a partir de junio 2022, priorizarpan a la formaci\u00f3n docente para conseguir abordar el\u00a0pensamiento matem\u00e1tico\u00a0y mejorar las\u00a0habilidades digitales.<\/p>\n<p style=\"text-align: justify;\">Tambi\u00e9n se quiere de reconstruir el programa escolar para\u00a0involucrar m\u00e1s a las familias en las escuelas. Se proyecta que estos cambios inicien en el 2022 y se apliquen en las escuelas a partir del a\u00f1o 2023.<\/p>\n<p style=\"text-align: justify;\">La\u00a0plataforma educativa Luca\u00a0se actualiza automaticamente con la SEP y\u00a0puede ser usada en las ecuelas\u00a0para que en cada aula exista un recurso educativo digital confiable para maestros y alumnos.<\/p>\n<h5 style=\"text-align: justify;\">Curso de aprendizajes clave<\/h5>\n<p style=\"text-align: justify;\">Los cursos de aprendizajes clave ofrecen a los estudiantes los recursos y el apoyo que necesitan para evitar el retraso estudiantil.\u00a0Luca\u00a0ofrece, sin duda,\u00a0<strong>la\u00a0mejor plataforma educativa\u00a0con lecciones y cursos\u00a0<\/strong>basado en este contenido oficial<strong>\u00a0para mejorar la experiencia de aprendizaje en los estudiantes<\/strong>.<\/p>\n<p style=\"text-align: justify;\"><strong>En Luca, los\u00a0cursos de aprendizajes clave\u00a0se basan en el microlearning y la gamificaci\u00f3n<\/strong>, todo a trav\u00e9s de un entorno virtual que se puede acceder desde cualquier computadora o dispositivo m\u00f3vil.<\/p>\n<p style=\"text-align: justify;\">Le ofrece a millones de padres una nueva forma de aprender m\u00e1s simple, divertida y eficazmente, y otorga a los estudiantes las ventajas que les permiten alcanzar la excelencia.<\/p>\n<p><strong>Este contenido ha sido publicado originalmente por Luca en la siguiente direcci\u00f3n: <a href=\"https:\/\/www.lucaedu.com\/aprendizajes-clave\/\" target=\"_blank\" rel=\"noopener\">lucaedu.com<\/a><\/strong><\/p>\n\t\t<div class=\"pk-inline-posts\">\n\t\t\t\n\t\t\t<div class=\"pk-inline-posts-container pk-inline-posts-template-list\"\n\t\t\t\tdata-columns=\"1\">\n\t\t\t\t\t\t<article id=\"post-108331\" class=\"post-108331 post type-post status-publish format-standard has-post-thumbnail category-aprendizaje category-aprendizaje-actvio category-aprendizaje-clave category-pedagogia tag-alumno tag-aprender tag-no-quiere cs-entry cs-video-wrap\">\n\t\t\t<div class=\"pk-post-outer\">\n\n\t\t\t\t\t\t\t\t<div class=\"pk-post-inner\">\n\t\t\t\t\t<div class=\"entry-thumbnail\">\n\t\t\t\t\t\t<div class=\"pk-overlay pk-overlay-ratio pk-ratio-landscape\">\n\t\t\t\t\t\t\t<div class=\"pk-overlay-background\">\n\t\t\t\t\t\t\t\t<a href=\"https:\/\/webdelmaestrocmf.com\/portal\/si-el-alumno-no-quiere-aprender-no-hay-nada-que-hacer\/\" class=\"pk-overlay-link\">\n\t\t\t\t\t\t\t\t\t<img loading=\"lazy\" decoding=\"async\" width=\"300\" height=\"225\" src=\"https:\/\/webdelmaestrocmf.com\/portal\/wp-content\/uploads\/2025\/03\/1A-Banner-1-portada-imagen-10-1-2-1-300x225.jpg\" class=\"attachment-pk-thumbnail size-pk-thumbnail wp-post-image\" alt=\"\" \/>\t\t\t\t\t\t\t\t<\/a>\n\t\t\t\t\t\t\t<\/div>\n\t\t\t\t\t\t<\/div>\n\t\t\t\t\t<\/div>\n\t\t\t\t<\/div>\n\t\t\t\t\n\t\t\t\t<div class=\"pk-post-inner\">\n\t\t\t\t\t<header>\n\t\t\t\t\t\t<h3 class=\"pk-title\"><a href=\"https:\/\/webdelmaestrocmf.com\/portal\/si-el-alumno-no-quiere-aprender-no-hay-nada-que-hacer\/\" rel=\"bookmark\">Si el alumno no quiere aprender, \u00bfno hay nada que hacer?<\/a><\/h3>\t\t\t\t\t<\/header><!-- .entry-header -->\n\t\t\t\t<\/div><!-- .post-inner -->\n\n\t\t\t<\/div><!-- .post-outer -->\n\t\t<\/article>\n\t\t\t\t<\/div>\n\t\t<\/div>\n\t\t\n","protected":false},"excerpt":{"rendered":"La revoluci\u00f3n de los aprendizajes clave y su integraci\u00f3n al sistema educativo garantizan la\u00a0Educaci\u00f3n en M\u00e9xico\u00a0de manera integral.&hellip;","protected":false},"author":1,"featured_media":81741,"comment_status":"open","ping_status":"closed","sticky":false,"template":"","format":"standard","meta":{"csco_display_header_overlay":false,"csco_singular_sidebar":"default","csco_page_header_type":"default","csco_page_load_nextpost":"default","csco_post_video_location":[],"csco_post_video_location_hash":"","csco_post_video_url":"","csco_post_video_bg_start_time":0,"csco_post_video_bg_end_time":0,"csco_post_video_bg_volume":false,"_jetpack_memberships_contains_paid_content":false,"footnotes":""},"categories":[6775,735],"tags":[1788,618,1185],"class_list":{"0":"post-81735","1":"post","2":"type-post","3":"status-publish","4":"format-standard","5":"has-post-thumbnail","7":"category-aprendizaje-clave","8":"category-pedagogia","9":"tag-aprendizajes","10":"tag-claves","11":"tag-importancia","12":"cs-entry","13":"cs-video-wrap"},"yoast_head":"<!-- This site is optimized with the Yoast SEO plugin v27.5 - https:\/\/yoast.com\/product\/yoast-seo-wordpress\/ -->\n<title>Importancia de los aprendizajes claves, qu\u00e9 son y cu\u00e1les son las plataformas educativas para aprenderlos - 2026<\/title>\n<meta name=\"description\" content=\"La revoluci\u00f3n de los aprendizajes clave y su integraci\u00f3n al sistema educativo garantizan la\u00a0Educaci\u00f3n en M\u00e9xico\u00a0de manera integral.\" \/>\n<meta name=\"robots\" content=\"index, follow, max-snippet:-1, max-image-preview:large, max-video-preview:-1\" \/>\n<link rel=\"canonical\" href=\"https:\/\/webdelmaestrocmf.com\/portal\/importancia-de-los-aprendizajes-claves-que-son-y-cuales-son-las-plataformas-educativas-para-aprenderlos\/\" \/>\n<meta property=\"og:locale\" content=\"es_ES\" \/>\n<meta property=\"og:type\" content=\"article\" \/>\n<meta property=\"og:title\" content=\"Importancia de los aprendizajes claves, qu\u00e9 son y cu\u00e1les son las plataformas educativas para aprenderlos - 2026\" \/>\n<meta property=\"og:description\" content=\"La revoluci\u00f3n de los aprendizajes clave y su integraci\u00f3n al sistema educativo garantizan la\u00a0Educaci\u00f3n en M\u00e9xico\u00a0de manera integral.\" \/>\n<meta property=\"og:url\" content=\"https:\/\/webdelmaestrocmf.com\/portal\/importancia-de-los-aprendizajes-claves-que-son-y-cuales-son-las-plataformas-educativas-para-aprenderlos\/\" \/>\n<meta property=\"og:site_name\" content=\"Web del Maestro CMF\" \/>\n<meta property=\"article:publisher\" content=\"https:\/\/www.facebook.com\/WebdelMaestroCMF\/\" \/>\n<meta property=\"article:author\" content=\"https:\/\/www.facebook.com\/WebdelMaestroCMF\/\" \/>\n<meta property=\"article:published_time\" content=\"2022-12-13T23:22:42+00:00\" \/>\n<meta property=\"article:modified_time\" content=\"2023-07-02T03:13:55+00:00\" \/>\n<meta property=\"og:image\" content=\"https:\/\/i0.wp.com\/webdelmaestrocmf.com\/portal\/wp-content\/uploads\/2022\/12\/1-6.jpeg?fit=900%2C556&ssl=1\" \/>\n\t<meta property=\"og:image:width\" content=\"900\" \/>\n\t<meta property=\"og:image:height\" content=\"556\" \/>\n\t<meta property=\"og:image:type\" content=\"image\/jpeg\" \/>\n<meta name=\"author\" content=\"Web del Maestro CMF\" \/>\n<meta name=\"twitter:card\" content=\"summary_large_image\" \/>\n<meta name=\"twitter:creator\" content=\"@cmf_w\" \/>\n<meta name=\"twitter:site\" content=\"@cmf_w\" \/>\n<script type=\"application\/ld+json\" class=\"yoast-schema-graph\">{\"@context\":\"https:\\\/\\\/schema.org\",\"@graph\":[{\"@type\":\"ScholarlyArticle\",\"@id\":\"https:\\\/\\\/webdelmaestrocmf.com\\\/portal\\\/importancia-de-los-aprendizajes-claves-que-son-y-cuales-son-las-plataformas-educativas-para-aprenderlos\\\/#article\",\"isPartOf\":{\"@id\":\"https:\\\/\\\/webdelmaestrocmf.com\\\/portal\\\/importancia-de-los-aprendizajes-claves-que-son-y-cuales-son-las-plataformas-educativas-para-aprenderlos\\\/\"},\"author\":{\"name\":\"Web del Maestro CMF\",\"@id\":\"https:\\\/\\\/webdelmaestrocmf.com\\\/portal\\\/#\\\/schema\\\/person\\\/1072a2ed7bd960df8ef99a551fa35dc5\"},\"headline\":\"Importancia de los aprendizajes claves, qu\u00e9 son y cu\u00e1les son las plataformas educativas para aprenderlos\",\"datePublished\":\"2022-12-13T23:22:42+00:00\",\"dateModified\":\"2023-07-02T03:13:55+00:00\",\"mainEntityOfPage\":{\"@id\":\"https:\\\/\\\/webdelmaestrocmf.com\\\/portal\\\/importancia-de-los-aprendizajes-claves-que-son-y-cuales-son-las-plataformas-educativas-para-aprenderlos\\\/\"},\"wordCount\":989,\"commentCount\":0,\"publisher\":{\"@id\":\"https:\\\/\\\/webdelmaestrocmf.com\\\/portal\\\/#organization\"},\"image\":{\"@id\":\"https:\\\/\\\/webdelmaestrocmf.com\\\/portal\\\/importancia-de-los-aprendizajes-claves-que-son-y-cuales-son-las-plataformas-educativas-para-aprenderlos\\\/#primaryimage\"},\"thumbnailUrl\":\"https:\\\/\\\/webdelmaestrocmf.com\\\/portal\\\/wp-content\\\/uploads\\\/2022\\\/12\\\/1-6.jpeg\",\"keywords\":[\"APRENDIZAJES\",\"CLAVES\",\"IMPORTANCIA\"],\"articleSection\":[\"Aprendizaje clave\",\"Recursos\"],\"inLanguage\":\"es\",\"potentialAction\":[{\"@type\":\"CommentAction\",\"name\":\"Comment\",\"target\":[\"https:\\\/\\\/webdelmaestrocmf.com\\\/portal\\\/importancia-de-los-aprendizajes-claves-que-son-y-cuales-son-las-plataformas-educativas-para-aprenderlos\\\/#respond\"]}]},{\"@type\":\"WebPage\",\"@id\":\"https:\\\/\\\/webdelmaestrocmf.com\\\/portal\\\/importancia-de-los-aprendizajes-claves-que-son-y-cuales-son-las-plataformas-educativas-para-aprenderlos\\\/\",\"url\":\"https:\\\/\\\/webdelmaestrocmf.com\\\/portal\\\/importancia-de-los-aprendizajes-claves-que-son-y-cuales-son-las-plataformas-educativas-para-aprenderlos\\\/\",\"name\":\"Importancia de los aprendizajes claves, qu\u00e9 son y cu\u00e1les son las plataformas educativas para aprenderlos - 2026\",\"isPartOf\":{\"@id\":\"https:\\\/\\\/webdelmaestrocmf.com\\\/portal\\\/#website\"},\"primaryImageOfPage\":{\"@id\":\"https:\\\/\\\/webdelmaestrocmf.com\\\/portal\\\/importancia-de-los-aprendizajes-claves-que-son-y-cuales-son-las-plataformas-educativas-para-aprenderlos\\\/#primaryimage\"},\"image\":{\"@id\":\"https:\\\/\\\/webdelmaestrocmf.com\\\/portal\\\/importancia-de-los-aprendizajes-claves-que-son-y-cuales-son-las-plataformas-educativas-para-aprenderlos\\\/#primaryimage\"},\"thumbnailUrl\":\"https:\\\/\\\/webdelmaestrocmf.com\\\/portal\\\/wp-content\\\/uploads\\\/2022\\\/12\\\/1-6.jpeg\",\"datePublished\":\"2022-12-13T23:22:42+00:00\",\"dateModified\":\"2023-07-02T03:13:55+00:00\",\"description\":\"La revoluci\u00f3n de los aprendizajes clave y su integraci\u00f3n al sistema educativo garantizan la\u00a0Educaci\u00f3n en M\u00e9xico\u00a0de manera integral.\",\"breadcrumb\":{\"@id\":\"https:\\\/\\\/webdelmaestrocmf.com\\\/portal\\\/importancia-de-los-aprendizajes-claves-que-son-y-cuales-son-las-plataformas-educativas-para-aprenderlos\\\/#breadcrumb\"},\"inLanguage\":\"es\",\"potentialAction\":[{\"@type\":\"ReadAction\",\"target\":[\"https:\\\/\\\/webdelmaestrocmf.com\\\/portal\\\/importancia-de-los-aprendizajes-claves-que-son-y-cuales-son-las-plataformas-educativas-para-aprenderlos\\\/\"]}]},{\"@type\":\"ImageObject\",\"inLanguage\":\"es\",\"@id\":\"https:\\\/\\\/webdelmaestrocmf.com\\\/portal\\\/importancia-de-los-aprendizajes-claves-que-son-y-cuales-son-las-plataformas-educativas-para-aprenderlos\\\/#primaryimage\",\"url\":\"https:\\\/\\\/webdelmaestrocmf.com\\\/portal\\\/wp-content\\\/uploads\\\/2022\\\/12\\\/1-6.jpeg\",\"contentUrl\":\"https:\\\/\\\/webdelmaestrocmf.com\\\/portal\\\/wp-content\\\/uploads\\\/2022\\\/12\\\/1-6.jpeg\",\"width\":900,\"height\":556},{\"@type\":\"BreadcrumbList\",\"@id\":\"https:\\\/\\\/webdelmaestrocmf.com\\\/portal\\\/importancia-de-los-aprendizajes-claves-que-son-y-cuales-son-las-plataformas-educativas-para-aprenderlos\\\/#breadcrumb\",\"itemListElement\":[{\"@type\":\"ListItem\",\"position\":1,\"name\":\"Portada\",\"item\":\"https:\\\/\\\/webdelmaestrocmf.com\\\/portal\\\/\"},{\"@type\":\"ListItem\",\"position\":2,\"name\":\"Recursos\",\"item\":\"https:\\\/\\\/webdelmaestrocmf.com\\\/portal\\\/category\\\/pedagogia\\\/\"},{\"@type\":\"ListItem\",\"position\":3,\"name\":\"Importancia de los aprendizajes claves, qu\u00e9 son y cu\u00e1les son las plataformas educativas para aprenderlos\"}]},{\"@type\":\"WebSite\",\"@id\":\"https:\\\/\\\/webdelmaestrocmf.com\\\/portal\\\/#website\",\"url\":\"https:\\\/\\\/webdelmaestrocmf.com\\\/portal\\\/\",\"name\":\"Web del Maestro CMF\",\"description\":\"Maestros al servicio de la educaci\u00f3n\",\"publisher\":{\"@id\":\"https:\\\/\\\/webdelmaestrocmf.com\\\/portal\\\/#organization\"},\"alternateName\":\"WMCMF\",\"potentialAction\":[{\"@type\":\"SearchAction\",\"target\":{\"@type\":\"EntryPoint\",\"urlTemplate\":\"https:\\\/\\\/webdelmaestrocmf.com\\\/portal\\\/?s={search_term_string}\"},\"query-input\":{\"@type\":\"PropertyValueSpecification\",\"valueRequired\":true,\"valueName\":\"search_term_string\"}}],\"inLanguage\":\"es\"},{\"@type\":\"Organization\",\"@id\":\"https:\\\/\\\/webdelmaestrocmf.com\\\/portal\\\/#organization\",\"name\":\"Web del Maestro CMF\",\"alternateName\":\"WMCMF\",\"url\":\"https:\\\/\\\/webdelmaestrocmf.com\\\/portal\\\/\",\"logo\":{\"@type\":\"ImageObject\",\"inLanguage\":\"es\",\"@id\":\"https:\\\/\\\/webdelmaestrocmf.com\\\/portal\\\/#\\\/schema\\\/logo\\\/image\\\/\",\"url\":\"https:\\\/\\\/webdelmaestrocmf.com\\\/portal\\\/wp-content\\\/uploads\\\/2023\\\/01\\\/logo-wmcmf-2.png\",\"contentUrl\":\"https:\\\/\\\/webdelmaestrocmf.com\\\/portal\\\/wp-content\\\/uploads\\\/2023\\\/01\\\/logo-wmcmf-2.png\",\"width\":200,\"height\":60,\"caption\":\"Web del Maestro CMF\"},\"image\":{\"@id\":\"https:\\\/\\\/webdelmaestrocmf.com\\\/portal\\\/#\\\/schema\\\/logo\\\/image\\\/\"},\"sameAs\":[\"https:\\\/\\\/www.facebook.com\\\/WebdelMaestroCMF\\\/\",\"https:\\\/\\\/x.com\\\/cmf_w\",\"https:\\\/\\\/www.pinterest.com\\\/WMCMF\\\/\",\"https:\\\/\\\/www.linkedin.com\\\/company\\\/web-del-maestro-cmf\\\/\",\"https:\\\/\\\/www.instagram.com\\\/wmcmf\\\/\",\"https:\\\/\\\/www.youtube.com\\\/channel\\\/UCDPSvjbdodE5sHnC3OxutHw\",\"https:\\\/\\\/mastodon.social\\\/@wmcmf\",\"https:\\\/\\\/www.tiktok.com\\\/@webdelmaestrocmf\"]},{\"@type\":\"Person\",\"@id\":\"https:\\\/\\\/webdelmaestrocmf.com\\\/portal\\\/#\\\/schema\\\/person\\\/1072a2ed7bd960df8ef99a551fa35dc5\",\"name\":\"Web del Maestro CMF\",\"image\":{\"@type\":\"ImageObject\",\"inLanguage\":\"es\",\"@id\":\"https:\\\/\\\/secure.gravatar.com\\\/avatar\\\/23291dd5b5ae1077dcff3dbb04c3e02bd28403fa75af6d8787d5e97c5bbbe30b?s=96&d=mm&r=g\",\"url\":\"https:\\\/\\\/secure.gravatar.com\\\/avatar\\\/23291dd5b5ae1077dcff3dbb04c3e02bd28403fa75af6d8787d5e97c5bbbe30b?s=96&d=mm&r=g\",\"contentUrl\":\"https:\\\/\\\/secure.gravatar.com\\\/avatar\\\/23291dd5b5ae1077dcff3dbb04c3e02bd28403fa75af6d8787d5e97c5bbbe30b?s=96&d=mm&r=g\",\"caption\":\"Web del Maestro CMF\"},\"description\":\"Esta Web se cre\u00f3 sin fines de lucro, con fines educativos, cient\u00edficos y acad\u00e9micos, para personas que tengan dificultades y\\\/o inconvenientes en visualizar el material original. El objetivo es entregar recursos, compartir experiencias y materiales que ayuden a los padres de familia, maestros y estudiantes en su actualizaci\u00f3n y formaci\u00f3n permanente, en bien de la Educaci\u00f3n.\",\"sameAs\":[\"http:\\\/\\\/webdelmaestrocmf.com\\\/portal\",\"https:\\\/\\\/www.facebook.com\\\/WebdelMaestroCMF\\\/\",\"https:\\\/\\\/www.instagram.com\\\/wmcmf\\\/\",\"https:\\\/\\\/cl.linkedin.com\\\/company\\\/web-del-maestro-cmf\",\"https:\\\/\\\/www.pinterest.com\\\/WMCMF\\\/publicaciones\\\/\",\"https:\\\/\\\/x.com\\\/cmf_w\",\"https:\\\/\\\/www.youtube.com\\\/@WMCMF\"]}]}<\/script>\n<!-- \/ Yoast SEO plugin. -->","yoast_head_json":{"title":"Importancia de los aprendizajes claves, qu\u00e9 son y cu\u00e1les son las plataformas educativas para aprenderlos - 2026","description":"La revoluci\u00f3n de los aprendizajes clave y su integraci\u00f3n al sistema educativo garantizan la\u00a0Educaci\u00f3n en M\u00e9xico\u00a0de manera integral.","robots":{"index":"index","follow":"follow","max-snippet":"max-snippet:-1","max-image-preview":"max-image-preview:large","max-video-preview":"max-video-preview:-1"},"canonical":"https:\/\/webdelmaestrocmf.com\/portal\/importancia-de-los-aprendizajes-claves-que-son-y-cuales-son-las-plataformas-educativas-para-aprenderlos\/","og_locale":"es_ES","og_type":"article","og_title":"Importancia de los aprendizajes claves, qu\u00e9 son y cu\u00e1les son las plataformas educativas para aprenderlos - 2026","og_description":"La revoluci\u00f3n de los aprendizajes clave y su integraci\u00f3n al sistema educativo garantizan la\u00a0Educaci\u00f3n en M\u00e9xico\u00a0de manera integral.","og_url":"https:\/\/webdelmaestrocmf.com\/portal\/importancia-de-los-aprendizajes-claves-que-son-y-cuales-son-las-plataformas-educativas-para-aprenderlos\/","og_site_name":"Web del Maestro CMF","article_publisher":"https:\/\/www.facebook.com\/WebdelMaestroCMF\/","article_author":"https:\/\/www.facebook.com\/WebdelMaestroCMF\/","article_published_time":"2022-12-13T23:22:42+00:00","article_modified_time":"2023-07-02T03:13:55+00:00","og_image":[{"width":900,"height":556,"url":"https:\/\/i0.wp.com\/webdelmaestrocmf.com\/portal\/wp-content\/uploads\/2022\/12\/1-6.jpeg?fit=900%2C556&ssl=1","type":"image\/jpeg"}],"author":"Web del Maestro CMF","twitter_card":"summary_large_image","twitter_creator":"@cmf_w","twitter_site":"@cmf_w","schema":{"@context":"https:\/\/schema.org","@graph":[{"@type":"ScholarlyArticle","@id":"https:\/\/webdelmaestrocmf.com\/portal\/importancia-de-los-aprendizajes-claves-que-son-y-cuales-son-las-plataformas-educativas-para-aprenderlos\/#article","isPartOf":{"@id":"https:\/\/webdelmaestrocmf.com\/portal\/importancia-de-los-aprendizajes-claves-que-son-y-cuales-son-las-plataformas-educativas-para-aprenderlos\/"},"author":{"name":"Web del Maestro CMF","@id":"https:\/\/webdelmaestrocmf.com\/portal\/#\/schema\/person\/1072a2ed7bd960df8ef99a551fa35dc5"},"headline":"Importancia de los aprendizajes claves, qu\u00e9 son y cu\u00e1les son las plataformas educativas para aprenderlos","datePublished":"2022-12-13T23:22:42+00:00","dateModified":"2023-07-02T03:13:55+00:00","mainEntityOfPage":{"@id":"https:\/\/webdelmaestrocmf.com\/portal\/importancia-de-los-aprendizajes-claves-que-son-y-cuales-son-las-plataformas-educativas-para-aprenderlos\/"},"wordCount":989,"commentCount":0,"publisher":{"@id":"https:\/\/webdelmaestrocmf.com\/portal\/#organization"},"image":{"@id":"https:\/\/webdelmaestrocmf.com\/portal\/importancia-de-los-aprendizajes-claves-que-son-y-cuales-son-las-plataformas-educativas-para-aprenderlos\/#primaryimage"},"thumbnailUrl":"https:\/\/webdelmaestrocmf.com\/portal\/wp-content\/uploads\/2022\/12\/1-6.jpeg","keywords":["APRENDIZAJES","CLAVES","IMPORTANCIA"],"articleSection":["Aprendizaje clave","Recursos"],"inLanguage":"es","potentialAction":[{"@type":"CommentAction","name":"Comment","target":["https:\/\/webdelmaestrocmf.com\/portal\/importancia-de-los-aprendizajes-claves-que-son-y-cuales-son-las-plataformas-educativas-para-aprenderlos\/#respond"]}]},{"@type":"WebPage","@id":"https:\/\/webdelmaestrocmf.com\/portal\/importancia-de-los-aprendizajes-claves-que-son-y-cuales-son-las-plataformas-educativas-para-aprenderlos\/","url":"https:\/\/webdelmaestrocmf.com\/portal\/importancia-de-los-aprendizajes-claves-que-son-y-cuales-son-las-plataformas-educativas-para-aprenderlos\/","name":"Importancia de los aprendizajes claves, qu\u00e9 son y cu\u00e1les son las plataformas educativas para aprenderlos - 2026","isPartOf":{"@id":"https:\/\/webdelmaestrocmf.com\/portal\/#website"},"primaryImageOfPage":{"@id":"https:\/\/webdelmaestrocmf.com\/portal\/importancia-de-los-aprendizajes-claves-que-son-y-cuales-son-las-plataformas-educativas-para-aprenderlos\/#primaryimage"},"image":{"@id":"https:\/\/webdelmaestrocmf.com\/portal\/importancia-de-los-aprendizajes-claves-que-son-y-cuales-son-las-plataformas-educativas-para-aprenderlos\/#primaryimage"},"thumbnailUrl":"https:\/\/webdelmaestrocmf.com\/portal\/wp-content\/uploads\/2022\/12\/1-6.jpeg","datePublished":"2022-12-13T23:22:42+00:00","dateModified":"2023-07-02T03:13:55+00:00","description":"La revoluci\u00f3n de los aprendizajes clave y su integraci\u00f3n al sistema educativo garantizan la\u00a0Educaci\u00f3n en M\u00e9xico\u00a0de manera integral.","breadcrumb":{"@id":"https:\/\/webdelmaestrocmf.com\/portal\/importancia-de-los-aprendizajes-claves-que-son-y-cuales-son-las-plataformas-educativas-para-aprenderlos\/#breadcrumb"},"inLanguage":"es","potentialAction":[{"@type":"ReadAction","target":["https:\/\/webdelmaestrocmf.com\/portal\/importancia-de-los-aprendizajes-claves-que-son-y-cuales-son-las-plataformas-educativas-para-aprenderlos\/"]}]},{"@type":"ImageObject","inLanguage":"es","@id":"https:\/\/webdelmaestrocmf.com\/portal\/importancia-de-los-aprendizajes-claves-que-son-y-cuales-son-las-plataformas-educativas-para-aprenderlos\/#primaryimage","url":"https:\/\/webdelmaestrocmf.com\/portal\/wp-content\/uploads\/2022\/12\/1-6.jpeg","contentUrl":"https:\/\/webdelmaestrocmf.com\/portal\/wp-content\/uploads\/2022\/12\/1-6.jpeg","width":900,"height":556},{"@type":"BreadcrumbList","@id":"https:\/\/webdelmaestrocmf.com\/portal\/importancia-de-los-aprendizajes-claves-que-son-y-cuales-son-las-plataformas-educativas-para-aprenderlos\/#breadcrumb","itemListElement":[{"@type":"ListItem","position":1,"name":"Portada","item":"https:\/\/webdelmaestrocmf.com\/portal\/"},{"@type":"ListItem","position":2,"name":"Recursos","item":"https:\/\/webdelmaestrocmf.com\/portal\/category\/pedagogia\/"},{"@type":"ListItem","position":3,"name":"Importancia de los aprendizajes claves, qu\u00e9 son y cu\u00e1les son las plataformas educativas para aprenderlos"}]},{"@type":"WebSite","@id":"https:\/\/webdelmaestrocmf.com\/portal\/#website","url":"https:\/\/webdelmaestrocmf.com\/portal\/","name":"Web del Maestro CMF","description":"Maestros al servicio de la educaci\u00f3n","publisher":{"@id":"https:\/\/webdelmaestrocmf.com\/portal\/#organization"},"alternateName":"WMCMF","potentialAction":[{"@type":"SearchAction","target":{"@type":"EntryPoint","urlTemplate":"https:\/\/webdelmaestrocmf.com\/portal\/?s={search_term_string}"},"query-input":{"@type":"PropertyValueSpecification","valueRequired":true,"valueName":"search_term_string"}}],"inLanguage":"es"},{"@type":"Organization","@id":"https:\/\/webdelmaestrocmf.com\/portal\/#organization","name":"Web del Maestro CMF","alternateName":"WMCMF","url":"https:\/\/webdelmaestrocmf.com\/portal\/","logo":{"@type":"ImageObject","inLanguage":"es","@id":"https:\/\/webdelmaestrocmf.com\/portal\/#\/schema\/logo\/image\/","url":"https:\/\/webdelmaestrocmf.com\/portal\/wp-content\/uploads\/2023\/01\/logo-wmcmf-2.png","contentUrl":"https:\/\/webdelmaestrocmf.com\/portal\/wp-content\/uploads\/2023\/01\/logo-wmcmf-2.png","width":200,"height":60,"caption":"Web del Maestro CMF"},"image":{"@id":"https:\/\/webdelmaestrocmf.com\/portal\/#\/schema\/logo\/image\/"},"sameAs":["https:\/\/www.facebook.com\/WebdelMaestroCMF\/","https:\/\/x.com\/cmf_w","https:\/\/www.pinterest.com\/WMCMF\/","https:\/\/www.linkedin.com\/company\/web-del-maestro-cmf\/","https:\/\/www.instagram.com\/wmcmf\/","https:\/\/www.youtube.com\/channel\/UCDPSvjbdodE5sHnC3OxutHw","https:\/\/mastodon.social\/@wmcmf","https:\/\/www.tiktok.com\/@webdelmaestrocmf"]},{"@type":"Person","@id":"https:\/\/webdelmaestrocmf.com\/portal\/#\/schema\/person\/1072a2ed7bd960df8ef99a551fa35dc5","name":"Web del Maestro CMF","image":{"@type":"ImageObject","inLanguage":"es","@id":"https:\/\/secure.gravatar.com\/avatar\/23291dd5b5ae1077dcff3dbb04c3e02bd28403fa75af6d8787d5e97c5bbbe30b?s=96&d=mm&r=g","url":"https:\/\/secure.gravatar.com\/avatar\/23291dd5b5ae1077dcff3dbb04c3e02bd28403fa75af6d8787d5e97c5bbbe30b?s=96&d=mm&r=g","contentUrl":"https:\/\/secure.gravatar.com\/avatar\/23291dd5b5ae1077dcff3dbb04c3e02bd28403fa75af6d8787d5e97c5bbbe30b?s=96&d=mm&r=g","caption":"Web del Maestro CMF"},"description":"Esta Web se cre\u00f3 sin fines de lucro, con fines educativos, cient\u00edficos y acad\u00e9micos, para personas que tengan dificultades y\/o inconvenientes en visualizar el material original. El objetivo es entregar recursos, compartir experiencias y materiales que ayuden a los padres de familia, maestros y estudiantes en su actualizaci\u00f3n y formaci\u00f3n permanente, en bien de la Educaci\u00f3n.","sameAs":["http:\/\/webdelmaestrocmf.com\/portal","https:\/\/www.facebook.com\/WebdelMaestroCMF\/","https:\/\/www.instagram.com\/wmcmf\/","https:\/\/cl.linkedin.com\/company\/web-del-maestro-cmf","https:\/\/www.pinterest.com\/WMCMF\/publicaciones\/","https:\/\/x.com\/cmf_w","https:\/\/www.youtube.com\/@WMCMF"]}]}},"jetpack_featured_media_url":"https:\/\/webdelmaestrocmf.com\/portal\/wp-content\/uploads\/2022\/12\/1-6.jpeg","jetpack_sharing_enabled":true,"jetpack-related-posts":[{"id":61742,"url":"https:\/\/webdelmaestrocmf.com\/portal\/aprendizajes-clave-resumen-del-plan-y-programas-de-estudio\/","url_meta":{"origin":81735,"position":0},"title":"Aprendizajes clave: resumen del plan y programas de estudio","author":"Web del Maestro CMF","date":"14 abril, 2021","format":false,"excerpt":"Uno de los objetivos de la educaci\u00f3n es lograr una sociedad justa e incluyente, y para ello es necesario que los alumnos desarrollen competencias, actitudes, valores, habilidades y aprendizajes claves\u00a0para aplicarlos a lo largo de su vida. La educaci\u00f3n en M\u00e9xico ha tenido importantes cambios en los \u00faltimos a\u00f1os con\u2026","rel":"","context":"En \u00abAprendizaje clave\u00bb","block_context":{"text":"Aprendizaje clave","link":"https:\/\/webdelmaestrocmf.com\/portal\/category\/pedagogia\/aprendizaje-clave\/"},"img":{"alt_text":"","src":"https:\/\/i0.wp.com\/webdelmaestrocmf.com\/portal\/wp-content\/uploads\/2021\/04\/1-50.jpg?resize=350%2C200&ssl=1","width":350,"height":200,"srcset":"https:\/\/i0.wp.com\/webdelmaestrocmf.com\/portal\/wp-content\/uploads\/2021\/04\/1-50.jpg?resize=350%2C200&ssl=1 1x, https:\/\/i0.wp.com\/webdelmaestrocmf.com\/portal\/wp-content\/uploads\/2021\/04\/1-50.jpg?resize=525%2C300&ssl=1 1.5x, https:\/\/i0.wp.com\/webdelmaestrocmf.com\/portal\/wp-content\/uploads\/2021\/04\/1-50.jpg?resize=700%2C400&ssl=1 2x, https:\/\/i0.wp.com\/webdelmaestrocmf.com\/portal\/wp-content\/uploads\/2021\/04\/1-50.jpg?resize=1050%2C600&ssl=1 3x"},"classes":[]},{"id":102743,"url":"https:\/\/webdelmaestrocmf.com\/portal\/las-12-claves-del-aprendizaje\/","url_meta":{"origin":81735,"position":1},"title":"Las 12 claves del aprendizaje","author":"Web del Maestro CMF","date":"18 enero, 2024","format":false,"excerpt":"El aprendizaje, un fen\u00f3meno complejo y continuo, constituye el veh\u00edculo por el cual adquirimos conocimientos, habilidades y actitudes a lo largo de toda nuestra vida. Este proceso se despliega en m\u00faltiples formas, ya sea de manera formal a trav\u00e9s de instituciones educativas, o de forma informal, tejido en la trama\u2026","rel":"","context":"En \u00abAprendizaje\u00bb","block_context":{"text":"Aprendizaje","link":"https:\/\/webdelmaestrocmf.com\/portal\/category\/pedagogia\/aprendizaje\/"},"img":{"alt_text":"claves del aprendizaje","src":"https:\/\/i0.wp.com\/webdelmaestrocmf.com\/portal\/wp-content\/uploads\/2024\/01\/Banner-1-portada-imagen-10-2.jpg?resize=350%2C200&ssl=1","width":350,"height":200,"srcset":"https:\/\/i0.wp.com\/webdelmaestrocmf.com\/portal\/wp-content\/uploads\/2024\/01\/Banner-1-portada-imagen-10-2.jpg?resize=350%2C200&ssl=1 1x, https:\/\/i0.wp.com\/webdelmaestrocmf.com\/portal\/wp-content\/uploads\/2024\/01\/Banner-1-portada-imagen-10-2.jpg?resize=525%2C300&ssl=1 1.5x, https:\/\/i0.wp.com\/webdelmaestrocmf.com\/portal\/wp-content\/uploads\/2024\/01\/Banner-1-portada-imagen-10-2.jpg?resize=700%2C400&ssl=1 2x"},"classes":[]},{"id":26113,"url":"https:\/\/webdelmaestrocmf.com\/portal\/los-aprendizajes-clave\/","url_meta":{"origin":81735,"position":2},"title":"\u00bfQu\u00e9 son los aprendizajes clave?","author":"Web del Maestro CMF","date":"29 enero, 2018","format":"video","excerpt":"Un aprendizaje clave es un conjunto de conocimientos, pr\u00e1cticas, habilidades, actitudes y valores fundamentales que contribuyen sustancialmente al crecimiento integral del estudiante, los cuales se desarrollan espec\u00edficamente en la escuela y que, de no ser aprendidos, dejar\u00edan carencias dif\u00edciles de compensar en aspectos cruciales para su vida. El logro de\u2026","rel":"","context":"En \u00abVideo I\u00bb","block_context":{"text":"Video I","link":"https:\/\/webdelmaestrocmf.com\/portal\/category\/video\/"},"img":{"alt_text":"","src":"https:\/\/i0.wp.com\/webdelmaestrocmf.com\/portal\/wp-content\/uploads\/2018\/01\/1-84.jpg?resize=350%2C200&ssl=1","width":350,"height":200,"srcset":"https:\/\/i0.wp.com\/webdelmaestrocmf.com\/portal\/wp-content\/uploads\/2018\/01\/1-84.jpg?resize=350%2C200&ssl=1 1x, https:\/\/i0.wp.com\/webdelmaestrocmf.com\/portal\/wp-content\/uploads\/2018\/01\/1-84.jpg?resize=525%2C300&ssl=1 1.5x, https:\/\/i0.wp.com\/webdelmaestrocmf.com\/portal\/wp-content\/uploads\/2018\/01\/1-84.jpg?resize=700%2C400&ssl=1 2x, https:\/\/i0.wp.com\/webdelmaestrocmf.com\/portal\/wp-content\/uploads\/2018\/01\/1-84.jpg?resize=1050%2C600&ssl=1 3x"},"classes":[]},{"id":116639,"url":"https:\/\/webdelmaestrocmf.com\/portal\/manual-de-habilidades-socioemocionales-un-recurso-clave-para-la-educacion-integral\/","url_meta":{"origin":81735,"position":3},"title":"Descarga el \u00abManual de Habilidades Socioemocionales\u00bb: un recurso clave para la educaci\u00f3n integral","author":"Web del Maestro CMF","date":"19 marzo, 2026","format":false,"excerpt":"Manual educativo que fortalece habilidades socioemocionales en estudiantes, promoviendo autoconciencia, empat\u00eda y convivencia. Un recurso clave para docentes comprometidos con una educaci\u00f3n integral, humana y centrada en el desarrollo emocional.","rel":"","context":"En \u00abDescarga\u00bb","block_context":{"text":"Descarga","link":"https:\/\/webdelmaestrocmf.com\/portal\/category\/descarga\/"},"img":{"alt_text":"","src":"https:\/\/i0.wp.com\/webdelmaestrocmf.com\/portal\/wp-content\/uploads\/2026\/03\/1AA-Banner-1-portada-imagen-10-1-copia-17.webp?resize=350%2C200&ssl=1","width":350,"height":200,"srcset":"https:\/\/i0.wp.com\/webdelmaestrocmf.com\/portal\/wp-content\/uploads\/2026\/03\/1AA-Banner-1-portada-imagen-10-1-copia-17.webp?resize=350%2C200&ssl=1 1x, https:\/\/i0.wp.com\/webdelmaestrocmf.com\/portal\/wp-content\/uploads\/2026\/03\/1AA-Banner-1-portada-imagen-10-1-copia-17.webp?resize=525%2C300&ssl=1 1.5x, https:\/\/i0.wp.com\/webdelmaestrocmf.com\/portal\/wp-content\/uploads\/2026\/03\/1AA-Banner-1-portada-imagen-10-1-copia-17.webp?resize=700%2C400&ssl=1 2x, https:\/\/i0.wp.com\/webdelmaestrocmf.com\/portal\/wp-content\/uploads\/2026\/03\/1AA-Banner-1-portada-imagen-10-1-copia-17.webp?resize=1050%2C600&ssl=1 3x"},"classes":[]},{"id":104412,"url":"https:\/\/webdelmaestrocmf.com\/portal\/aprender-a-aprender-claves-para-dominar-el-arte-del-conocimiento\/","url_meta":{"origin":81735,"position":4},"title":"Aprender a aprender: claves para dominar el arte del conocimiento","author":"Web del Maestro CMF","date":"1 marzo, 2024","format":false,"excerpt":"El cambio es la \u00fanica constante, la capacidad de aprender se convierte en la br\u00fajula que nos gu\u00eda hacia el \u00e9xito. No se trata solo de acumular informaci\u00f3n, sino de desarrollar la habilidad de aprender de forma eficaz, adapt\u00e1ndonos a las nuevas necesidades y desaf\u00edos. La buena noticia es que\u2026","rel":"","context":"En \u00abAprendizaje\u00bb","block_context":{"text":"Aprendizaje","link":"https:\/\/webdelmaestrocmf.com\/portal\/category\/pedagogia\/aprendizaje\/"},"img":{"alt_text":"","src":"https:\/\/i0.wp.com\/webdelmaestrocmf.com\/portal\/wp-content\/uploads\/2024\/03\/Banner-1-portada-imagen-10-1-4.jpg?resize=350%2C200&ssl=1","width":350,"height":200,"srcset":"https:\/\/i0.wp.com\/webdelmaestrocmf.com\/portal\/wp-content\/uploads\/2024\/03\/Banner-1-portada-imagen-10-1-4.jpg?resize=350%2C200&ssl=1 1x, https:\/\/i0.wp.com\/webdelmaestrocmf.com\/portal\/wp-content\/uploads\/2024\/03\/Banner-1-portada-imagen-10-1-4.jpg?resize=525%2C300&ssl=1 1.5x, https:\/\/i0.wp.com\/webdelmaestrocmf.com\/portal\/wp-content\/uploads\/2024\/03\/Banner-1-portada-imagen-10-1-4.jpg?resize=700%2C400&ssl=1 2x"},"classes":[]},{"id":101589,"url":"https:\/\/webdelmaestrocmf.com\/portal\/manual-de-orientaciones-para-la-evaluacion-de-competencias\/","url_meta":{"origin":81735,"position":5},"title":"Manual de orientaciones para la Evaluaci\u00f3n de Competencias","author":"Web del Maestro CMF","date":"10 diciembre, 2023","format":false,"excerpt":"La evaluaci\u00f3n de competencias en el \u00e1mbito educativo es esencial para medir el progreso de los estudiantes y su desarrollo integral. En este contexto, la evaluaci\u00f3n formativa al culminar el periodo lectivo se presenta como un elemento clave en el proceso de ense\u00f1anza y aprendizaje. Este enfoque busca no solo\u2026","rel":"","context":"En \u00abcompetencias\u00bb","block_context":{"text":"competencias","link":"https:\/\/webdelmaestrocmf.com\/portal\/category\/pedagogia\/evaluar\/competencias-evaluar\/"},"img":{"alt_text":"Evaluaci\u00f3n de Competencias","src":"https:\/\/i0.wp.com\/webdelmaestrocmf.com\/portal\/wp-content\/uploads\/2023\/12\/Evaluacion-de-Competencias-1.jpg?resize=350%2C200&ssl=1","width":350,"height":200,"srcset":"https:\/\/i0.wp.com\/webdelmaestrocmf.com\/portal\/wp-content\/uploads\/2023\/12\/Evaluacion-de-Competencias-1.jpg?resize=350%2C200&ssl=1 1x, https:\/\/i0.wp.com\/webdelmaestrocmf.com\/portal\/wp-content\/uploads\/2023\/12\/Evaluacion-de-Competencias-1.jpg?resize=525%2C300&ssl=1 1.5x, https:\/\/i0.wp.com\/webdelmaestrocmf.com\/portal\/wp-content\/uploads\/2023\/12\/Evaluacion-de-Competencias-1.jpg?resize=700%2C400&ssl=1 2x"},"classes":[]}],"_links":{"self":[{"href":"https:\/\/webdelmaestrocmf.com\/portal\/wp-json\/wp\/v2\/posts\/81735","targetHints":{"allow":["GET"]}}],"collection":[{"href":"https:\/\/webdelmaestrocmf.com\/portal\/wp-json\/wp\/v2\/posts"}],"about":[{"href":"https:\/\/webdelmaestrocmf.com\/portal\/wp-json\/wp\/v2\/types\/post"}],"author":[{"embeddable":true,"href":"https:\/\/webdelmaestrocmf.com\/portal\/wp-json\/wp\/v2\/users\/1"}],"replies":[{"embeddable":true,"href":"https:\/\/webdelmaestrocmf.com\/portal\/wp-json\/wp\/v2\/comments?post=81735"}],"version-history":[{"count":0,"href":"https:\/\/webdelmaestrocmf.com\/portal\/wp-json\/wp\/v2\/posts\/81735\/revisions"}],"wp:featuredmedia":[{"embeddable":true,"href":"https:\/\/webdelmaestrocmf.com\/portal\/wp-json\/wp\/v2\/media\/81741"}],"wp:attachment":[{"href":"https:\/\/webdelmaestrocmf.com\/portal\/wp-json\/wp\/v2\/media?parent=81735"}],"wp:term":[{"taxonomy":"category","embeddable":true,"href":"https:\/\/webdelmaestrocmf.com\/portal\/wp-json\/wp\/v2\/categories?post=81735"},{"taxonomy":"post_tag","embeddable":true,"href":"https:\/\/webdelmaestrocmf.com\/portal\/wp-json\/wp\/v2\/tags?post=81735"}],"curies":[{"name":"wp","href":"https:\/\/api.w.org\/{rel}","templated":true}]}}