{"id":81710,"date":"2022-12-13T14:51:16","date_gmt":"2022-12-13T17:51:16","guid":{"rendered":"https:\/\/webdelmaestrocmf.com\/portal\/?p=81710"},"modified":"2022-12-13T15:05:17","modified_gmt":"2022-12-13T18:05:17","slug":"david-auris-investigacion-universitaria-para-lograr-los-objetivos-del-desarrollo-sostenido","status":"publish","type":"post","link":"https:\/\/webdelmaestrocmf.com\/portal\/david-auris-investigacion-universitaria-para-lograr-los-objetivos-del-desarrollo-sostenido\/","title":{"rendered":"[David Auris] Investigaci\u00f3n universitaria para lograr los Objetivos del Desarrollo Sostenido"},"content":{"rendered":"<h5 style=\"text-align: justify;\">Desde hace dos d\u00e9cadas mi vida acad\u00e9mica transita entre las universidades y ahora, despu\u00e9s de observar y reflexionar el vertiginoso avance mundial, creo que estas instituciones como el m\u00e1ximo \u00f3rgano pensante de una sociedad, a pesar de sus esfuerzos, no est\u00e1n aportando cambios sustanciales para mejorar la situaci\u00f3n social del Per\u00fa, pues basta ver nuestra enorme dependencia tecnol\u00f3gica, inequidad y brechas econ\u00f3micas.<\/h5>\n<p><!--more--><\/p>\n<h5 style=\"text-align: justify;\">Como respuesta a estos problemas, en el 2015 apareci\u00f3 los Objetivos de Desarrollo Sostenible al 2030 (ODS), son 17 objetivos globales impulsado por la Organizaci\u00f3n de las Naciones Unidas (ONU), como: hambre cero, fin a la pobreza, producci\u00f3n responsable, calidad educativa, equidad de g\u00e9nero, innovaci\u00f3n, redes, trabajo decente, vida acu\u00e1tica, paz, salud para todos, no contaminaci\u00f3n, entre otros.<\/h5>\n<p style=\"text-align: justify;\">Al respeto, cabe preguntarnos \u00bfLograremos concretar estos ambiciosos objetivos al 2030? Lo dudo, pero hagamos el esfuerzo por una vida mejor. Para nuestra suerte contamos con las universidades que deben trabajar desde todos los frentes y no limitarse s\u00f3lo a la responsabilidad social y el cuidado del medio ambiente como lo vienen haciendo, sino que estas deben centrarse a investigar, crear y brindar f\u00f3rmulas para producir y exportar para as\u00ed mejorar nuestras vidas y salir del marasmo de las dependencias.<\/p>\n<p style=\"text-align: justify;\">Siendo conscientes, a siete a\u00f1os de vencer la fecha del logro de estos objetivos, estamos lejos de cumplir, pues viendo a nuestro contexto nacional, creo que las universidades en vez de competir entre ellas para captar m\u00e1s estudiantes, deben asumir e incluir los ODS, como filosof\u00eda institucional en sus mallas curriculares de todas las carreras y generar l\u00edneas de investigaci\u00f3n en el campo de la inteligencia artificial y rob\u00f3tica, pues de no hacerlo nos veremos m\u00e1s relegados en el concierto mundial.<\/p>\n<p style=\"text-align: justify;\">Siguiendo las megatendencias de las tecnolog\u00edas, es importante que las universidades peruanas, sobre todo en los posgrados, impulsen investigaciones experimentales que conlleven a la transformaci\u00f3n y producci\u00f3n de conocimiento e innovaci\u00f3n tecnol\u00f3gica, m\u00e1s all\u00e1 de estar inundando a las revistas cient\u00edficas con irrelevantes investigaciones descriptivas y bibliom\u00e9tricas como lo vienen haciendo ahora.<\/p>\n<p style=\"text-align: justify;\">En esta l\u00ednea, las universidades para lograr los ODS, es crucial que tejan redes y v\u00ednculos con diversas universidades de pa\u00edses desarrollados e instituciones mundiales como Google, Tesla Motors y otros centros reputados de investigaci\u00f3n, con el objetivo de buscar la transferencia tecnol\u00f3gica tan necesaria para lograr transformar nuestras materias primas en productos manufacturados como lo viene haciendo con \u00e9xito los chinos.<\/p>\n<p style=\"text-align: justify;\">Asimismo, son las universidades quienes deben liderear el logro de los ODS y para ello es crucial trabajar con las municipalidades y gobiernos regionales de todo el pa\u00eds. La universidad detecta un problema o necesidad como la construcci\u00f3n de una carretera en Puno, investiga y plantea el proyecto de ejecuci\u00f3n al Gobierno regional y es esta instituci\u00f3n quien financiar\u00eda y ejecutar\u00eda dicha labor, concret\u00e1ndose de esta manera un trabajo de sociedad y alianza estrat\u00e9gica institucional, claves para el logro del desarrollo sostenido.<\/p>\n<p style=\"text-align: justify;\">Finalmente, los Objetivos del Desarrollo Sostenible involucra directamente a las universidades como \u00f3rganos pensantes y, son ellos quienes deben liderar, ejecutar e implantar en sus mallas curriculares la idea de investigaci\u00f3n para la transformaci\u00f3n por una vida mejor, de no hacerlo, habremos echado a perder la oportunidad de lograr un desarrollo sostenido como pa\u00eds.<\/p>\n<p style=\"text-align: justify;\"><strong>NOTA DE REDACCI\u00d3N<\/strong>: La Web del Maestro CMF publica los textos originales de su autor, no necesariamente coincide con lo expuesto en el tema, no se hace responsable de las opiniones expresadas, y no promociona ning\u00fan producto, servicio, marca, grupo trabajador o empresa. Sugerimos a nuestros lectores conocer la identidad de la(s) fuente(s) o de su autor, para tener mayores elementos de juicio y la pertinencia a su realidad educativa.<\/p>\n<table class=\" alignleft\" border=\"0\" width=\"100%\" cellspacing=\"10\" cellpadding=\"10\">\n<tbody>\n<tr>\n<td style=\"text-align: center;\" width=\"30%\"><strong><img loading=\"lazy\" decoding=\"async\" class=\"size-full wp-image-77193 aligncenter\" src=\"https:\/\/webdelmaestrocmf.com\/portal\/wp-content\/uploads\/2022\/05\/0-1.jpg\" alt=\"\" width=\"200\" height=\"200\" srcset=\"https:\/\/webdelmaestrocmf.com\/portal\/wp-content\/uploads\/2022\/05\/0-1.jpg 200w, https:\/\/webdelmaestrocmf.com\/portal\/wp-content\/uploads\/2022\/05\/0-1-150x150.jpg 150w, https:\/\/webdelmaestrocmf.com\/portal\/wp-content\/uploads\/2022\/05\/0-1-80x80.jpg 80w, https:\/\/webdelmaestrocmf.com\/portal\/wp-content\/uploads\/2022\/05\/0-1-110x110.jpg 110w\" sizes=\"auto, (max-width: 200px) 100vw, 200px\" \/><br \/>\nAutor: <\/strong>David Auris Villegas (Per\u00fa, 1975) Escritor, pedagogo, editor, columnista, profesor universitario y te\u00f3rico de la pedagog\u00eda \u00e9tica, educaci\u00f3n ciudadana, cultura de paz. <strong><br \/>\nExperiencia laboral:<\/strong> Licenciado en educaci\u00f3n por la Universidad Nacional Mayor de San Marcos y m\u00e1ster en educaci\u00f3n por la Universidad de la Habana. Ha sido profesor capacitador en la Universidad Nacional Mayor de San Marcos y profesor de posgrado en varias universidades peruanas. Ha publicado: <em>\u201cCuentos de medianoche\u201d, \u201cMa\u00f1ana al despertar piensa en m\u00ed\u201d, \u00abEstrategias did\u00e1cticas de comprensi\u00f3n lectora para la vida\u00bb, \u00abC\u00f3mo redactar art\u00edculos cient\u00edficos\u00bb <\/em>y<em> \u201cMinicuentos para so\u00f1ar\u201d<\/em>. Antologado en: <em>A Orillas del r\u00edo Ichu<\/em> y en, <em>Palabras sin fronteras, fronteras sin palabras, <\/em>y ha aparecido en las revistas: <em>La Tortuga Ecuestre<\/em>, <em>N\u00e9mesis<\/em> y <em>Entre par\u00e9ntesis<\/em>. Publica sus art\u00edculos pedag\u00f3gicos cada semana en varios portales del mundo. <strong><br \/>\nCorreo electr\u00f3nico: <\/strong><a href=\"mailto:davidauris@gmail.com\">davidauris@gmail.com<\/a><br \/>\n<strong>Cuenta de Facebook:<\/strong> <a href=\"https:\/\/www.facebook.com\/david.aurisvillegas.77\" target=\"_blank\" rel=\"noopener noreferrer\">david.aurisvillegas.77<\/a><\/td>\n<\/tr>\n<\/tbody>\n<\/table>\n<p style=\"text-align: left;\">.<\/p>\n\t\t<div class=\"pk-inline-posts\">\n\t\t\t\n\t\t\t<div class=\"pk-inline-posts-container pk-inline-posts-template-list\"\n\t\t\t\tdata-columns=\"1\">\n\t\t\t\t\t\t<article id=\"post-112061\" class=\"post-112061 post type-post status-publish format-standard has-post-thumbnail category-z-colaborador-david-auris category-colaborador tag-funcionarios tag-pedagogia tag-perversos cs-entry cs-video-wrap\">\n\t\t\t<div class=\"pk-post-outer\">\n\n\t\t\t\t\t\t\t\t<div class=\"pk-post-inner\">\n\t\t\t\t\t<div class=\"entry-thumbnail\">\n\t\t\t\t\t\t<div class=\"pk-overlay pk-overlay-ratio pk-ratio-landscape\">\n\t\t\t\t\t\t\t<div class=\"pk-overlay-background\">\n\t\t\t\t\t\t\t\t<a href=\"https:\/\/webdelmaestrocmf.com\/portal\/david-auris-poderosa-pedagogia-de-los-perversos-funcionarios-y-politicos-peruanos-2\/\" class=\"pk-overlay-link\">\n\t\t\t\t\t\t\t\t\t<img loading=\"lazy\" decoding=\"async\" width=\"300\" height=\"225\" src=\"https:\/\/webdelmaestrocmf.com\/portal\/wp-content\/uploads\/2025\/09\/1A-Banner-1-portada-imagen-10-1-copia-2025-09-11T183111.574-300x225.webp\" class=\"attachment-pk-thumbnail size-pk-thumbnail wp-post-image\" alt=\"\" \/>\t\t\t\t\t\t\t\t<\/a>\n\t\t\t\t\t\t\t<\/div>\n\t\t\t\t\t\t<\/div>\n\t\t\t\t\t<\/div>\n\t\t\t\t<\/div>\n\t\t\t\t\n\t\t\t\t<div class=\"pk-post-inner\">\n\t\t\t\t\t<header>\n\t\t\t\t\t\t<h3 class=\"pk-title\"><a href=\"https:\/\/webdelmaestrocmf.com\/portal\/david-auris-poderosa-pedagogia-de-los-perversos-funcionarios-y-politicos-peruanos-2\/\" rel=\"bookmark\">[David Auris] Poderosa pedagog\u00eda de los perversos funcionarios y pol\u00edticos peruanos\u00a0<\/a><\/h3>\t\t\t\t\t<\/header><!-- .entry-header -->\n\t\t\t\t<\/div><!-- .post-inner -->\n\n\t\t\t<\/div><!-- .post-outer -->\n\t\t<\/article>\n\t\t\t\t<\/div>\n\t\t<\/div>\n\t\t\n","protected":false},"excerpt":{"rendered":"Desde hace dos d\u00e9cadas mi vida acad\u00e9mica transita entre las universidades y ahora, despu\u00e9s de observar y reflexionar&hellip;","protected":false},"author":1,"featured_media":81714,"comment_status":"open","ping_status":"closed","sticky":false,"template":"","format":"standard","meta":{"csco_display_header_overlay":false,"csco_singular_sidebar":"default","csco_page_header_type":"default","csco_page_load_nextpost":"default","csco_post_video_location":[],"csco_post_video_location_hash":"","csco_post_video_url":"","csco_post_video_bg_start_time":0,"csco_post_video_bg_end_time":0,"csco_post_video_bg_volume":false,"_jetpack_memberships_contains_paid_content":false,"footnotes":""},"categories":[5341,1790],"tags":[5342,773,393,3632,1910,15034,14797],"class_list":{"0":"post-81710","1":"post","2":"type-post","3":"status-publish","4":"format-standard","5":"has-post-thumbnail","7":"category-z-colaborador-david-auris","8":"category-colaborador","9":"tag-david-auris","10":"tag-desarrollo","11":"tag-investigacion","12":"tag-lograr","13":"tag-objetivos","14":"tag-sostenido","15":"tag-universitaria","16":"cs-entry","17":"cs-video-wrap"},"yoast_head":"<!-- This site is optimized with the Yoast SEO plugin v27.5 - https:\/\/yoast.com\/product\/yoast-seo-wordpress\/ -->\n<title>[David Auris] Investigaci\u00f3n universitaria para lograr los Objetivos del Desarrollo Sostenido - 2026<\/title>\n<meta name=\"description\" content=\"Comunidad de Maestros, Docentes y Profesores, en donde encontrar\u00e1s material, informaci\u00f3n y noticias del \u00e1mbito nacional y mundial.\" \/>\n<meta name=\"robots\" content=\"index, follow, max-snippet:-1, max-image-preview:large, max-video-preview:-1\" \/>\n<link rel=\"canonical\" href=\"https:\/\/webdelmaestrocmf.com\/portal\/david-auris-investigacion-universitaria-para-lograr-los-objetivos-del-desarrollo-sostenido\/\" \/>\n<meta property=\"og:locale\" content=\"es_ES\" \/>\n<meta property=\"og:type\" content=\"article\" \/>\n<meta property=\"og:title\" content=\"[David Auris] Investigaci\u00f3n universitaria para lograr los Objetivos del Desarrollo Sostenido - 2026\" \/>\n<meta property=\"og:description\" content=\"Comunidad de Maestros, Docentes y Profesores, en donde encontrar\u00e1s material, informaci\u00f3n y noticias del \u00e1mbito nacional y mundial.\" \/>\n<meta property=\"og:url\" content=\"https:\/\/webdelmaestrocmf.com\/portal\/david-auris-investigacion-universitaria-para-lograr-los-objetivos-del-desarrollo-sostenido\/\" \/>\n<meta property=\"og:site_name\" content=\"Web del Maestro CMF\" \/>\n<meta property=\"article:publisher\" content=\"https:\/\/www.facebook.com\/WebdelMaestroCMF\/\" \/>\n<meta property=\"article:author\" content=\"https:\/\/www.facebook.com\/WebdelMaestroCMF\/\" \/>\n<meta property=\"article:published_time\" content=\"2022-12-13T17:51:16+00:00\" \/>\n<meta property=\"article:modified_time\" content=\"2022-12-13T18:05:17+00:00\" \/>\n<meta property=\"og:image\" content=\"https:\/\/i0.wp.com\/webdelmaestrocmf.com\/portal\/wp-content\/uploads\/2022\/12\/1-14.jpg?fit=900%2C556&ssl=1\" \/>\n\t<meta property=\"og:image:width\" content=\"900\" \/>\n\t<meta property=\"og:image:height\" content=\"556\" \/>\n\t<meta property=\"og:image:type\" content=\"image\/jpeg\" \/>\n<meta name=\"author\" content=\"Web del Maestro CMF\" \/>\n<meta name=\"twitter:card\" content=\"summary_large_image\" \/>\n<meta name=\"twitter:creator\" content=\"@cmf_w\" \/>\n<meta name=\"twitter:site\" content=\"@cmf_w\" \/>\n<script type=\"application\/ld+json\" class=\"yoast-schema-graph\">{\"@context\":\"https:\\\/\\\/schema.org\",\"@graph\":[{\"@type\":\"ScholarlyArticle\",\"@id\":\"https:\\\/\\\/webdelmaestrocmf.com\\\/portal\\\/david-auris-investigacion-universitaria-para-lograr-los-objetivos-del-desarrollo-sostenido\\\/#article\",\"isPartOf\":{\"@id\":\"https:\\\/\\\/webdelmaestrocmf.com\\\/portal\\\/david-auris-investigacion-universitaria-para-lograr-los-objetivos-del-desarrollo-sostenido\\\/\"},\"author\":{\"name\":\"Web del Maestro CMF\",\"@id\":\"https:\\\/\\\/webdelmaestrocmf.com\\\/portal\\\/#\\\/schema\\\/person\\\/1072a2ed7bd960df8ef99a551fa35dc5\"},\"headline\":\"[David Auris] Investigaci\u00f3n universitaria para lograr los Objetivos del Desarrollo Sostenido\",\"datePublished\":\"2022-12-13T17:51:16+00:00\",\"dateModified\":\"2022-12-13T18:05:17+00:00\",\"mainEntityOfPage\":{\"@id\":\"https:\\\/\\\/webdelmaestrocmf.com\\\/portal\\\/david-auris-investigacion-universitaria-para-lograr-los-objetivos-del-desarrollo-sostenido\\\/\"},\"wordCount\":822,\"commentCount\":0,\"publisher\":{\"@id\":\"https:\\\/\\\/webdelmaestrocmf.com\\\/portal\\\/#organization\"},\"image\":{\"@id\":\"https:\\\/\\\/webdelmaestrocmf.com\\\/portal\\\/david-auris-investigacion-universitaria-para-lograr-los-objetivos-del-desarrollo-sostenido\\\/#primaryimage\"},\"thumbnailUrl\":\"https:\\\/\\\/webdelmaestrocmf.com\\\/portal\\\/wp-content\\\/uploads\\\/2022\\\/12\\\/1-14.jpg\",\"keywords\":[\"David Auris\",\"desarrollo\",\"Investigaci\u00f3n\",\"LOGRAR\",\"OBJETIVOS\",\"Sostenido\",\"universitaria\"],\"articleSection\":[\"Z-Colaborador-David-Auris\",\"Z-Colaboradores\"],\"inLanguage\":\"es\",\"potentialAction\":[{\"@type\":\"CommentAction\",\"name\":\"Comment\",\"target\":[\"https:\\\/\\\/webdelmaestrocmf.com\\\/portal\\\/david-auris-investigacion-universitaria-para-lograr-los-objetivos-del-desarrollo-sostenido\\\/#respond\"]}]},{\"@type\":\"WebPage\",\"@id\":\"https:\\\/\\\/webdelmaestrocmf.com\\\/portal\\\/david-auris-investigacion-universitaria-para-lograr-los-objetivos-del-desarrollo-sostenido\\\/\",\"url\":\"https:\\\/\\\/webdelmaestrocmf.com\\\/portal\\\/david-auris-investigacion-universitaria-para-lograr-los-objetivos-del-desarrollo-sostenido\\\/\",\"name\":\"[David Auris] Investigaci\u00f3n universitaria para lograr los Objetivos del Desarrollo Sostenido - 2026\",\"isPartOf\":{\"@id\":\"https:\\\/\\\/webdelmaestrocmf.com\\\/portal\\\/#website\"},\"primaryImageOfPage\":{\"@id\":\"https:\\\/\\\/webdelmaestrocmf.com\\\/portal\\\/david-auris-investigacion-universitaria-para-lograr-los-objetivos-del-desarrollo-sostenido\\\/#primaryimage\"},\"image\":{\"@id\":\"https:\\\/\\\/webdelmaestrocmf.com\\\/portal\\\/david-auris-investigacion-universitaria-para-lograr-los-objetivos-del-desarrollo-sostenido\\\/#primaryimage\"},\"thumbnailUrl\":\"https:\\\/\\\/webdelmaestrocmf.com\\\/portal\\\/wp-content\\\/uploads\\\/2022\\\/12\\\/1-14.jpg\",\"datePublished\":\"2022-12-13T17:51:16+00:00\",\"dateModified\":\"2022-12-13T18:05:17+00:00\",\"description\":\"Comunidad de Maestros, Docentes y Profesores, en donde encontrar\u00e1s material, informaci\u00f3n y noticias del \u00e1mbito nacional y mundial.\",\"breadcrumb\":{\"@id\":\"https:\\\/\\\/webdelmaestrocmf.com\\\/portal\\\/david-auris-investigacion-universitaria-para-lograr-los-objetivos-del-desarrollo-sostenido\\\/#breadcrumb\"},\"inLanguage\":\"es\",\"potentialAction\":[{\"@type\":\"ReadAction\",\"target\":[\"https:\\\/\\\/webdelmaestrocmf.com\\\/portal\\\/david-auris-investigacion-universitaria-para-lograr-los-objetivos-del-desarrollo-sostenido\\\/\"]}]},{\"@type\":\"ImageObject\",\"inLanguage\":\"es\",\"@id\":\"https:\\\/\\\/webdelmaestrocmf.com\\\/portal\\\/david-auris-investigacion-universitaria-para-lograr-los-objetivos-del-desarrollo-sostenido\\\/#primaryimage\",\"url\":\"https:\\\/\\\/webdelmaestrocmf.com\\\/portal\\\/wp-content\\\/uploads\\\/2022\\\/12\\\/1-14.jpg\",\"contentUrl\":\"https:\\\/\\\/webdelmaestrocmf.com\\\/portal\\\/wp-content\\\/uploads\\\/2022\\\/12\\\/1-14.jpg\",\"width\":900,\"height\":556},{\"@type\":\"BreadcrumbList\",\"@id\":\"https:\\\/\\\/webdelmaestrocmf.com\\\/portal\\\/david-auris-investigacion-universitaria-para-lograr-los-objetivos-del-desarrollo-sostenido\\\/#breadcrumb\",\"itemListElement\":[{\"@type\":\"ListItem\",\"position\":1,\"name\":\"Portada\",\"item\":\"https:\\\/\\\/webdelmaestrocmf.com\\\/portal\\\/\"},{\"@type\":\"ListItem\",\"position\":2,\"name\":\"Z-Colaboradores\",\"item\":\"https:\\\/\\\/webdelmaestrocmf.com\\\/portal\\\/category\\\/colaborador\\\/\"},{\"@type\":\"ListItem\",\"position\":3,\"name\":\"[David Auris] Investigaci\u00f3n universitaria para lograr los Objetivos del Desarrollo Sostenido\"}]},{\"@type\":\"WebSite\",\"@id\":\"https:\\\/\\\/webdelmaestrocmf.com\\\/portal\\\/#website\",\"url\":\"https:\\\/\\\/webdelmaestrocmf.com\\\/portal\\\/\",\"name\":\"Web del Maestro CMF\",\"description\":\"Maestros al servicio de la educaci\u00f3n\",\"publisher\":{\"@id\":\"https:\\\/\\\/webdelmaestrocmf.com\\\/portal\\\/#organization\"},\"alternateName\":\"WMCMF\",\"potentialAction\":[{\"@type\":\"SearchAction\",\"target\":{\"@type\":\"EntryPoint\",\"urlTemplate\":\"https:\\\/\\\/webdelmaestrocmf.com\\\/portal\\\/?s={search_term_string}\"},\"query-input\":{\"@type\":\"PropertyValueSpecification\",\"valueRequired\":true,\"valueName\":\"search_term_string\"}}],\"inLanguage\":\"es\"},{\"@type\":\"Organization\",\"@id\":\"https:\\\/\\\/webdelmaestrocmf.com\\\/portal\\\/#organization\",\"name\":\"Web del Maestro CMF\",\"alternateName\":\"WMCMF\",\"url\":\"https:\\\/\\\/webdelmaestrocmf.com\\\/portal\\\/\",\"logo\":{\"@type\":\"ImageObject\",\"inLanguage\":\"es\",\"@id\":\"https:\\\/\\\/webdelmaestrocmf.com\\\/portal\\\/#\\\/schema\\\/logo\\\/image\\\/\",\"url\":\"https:\\\/\\\/webdelmaestrocmf.com\\\/portal\\\/wp-content\\\/uploads\\\/2023\\\/01\\\/logo-wmcmf-2.png\",\"contentUrl\":\"https:\\\/\\\/webdelmaestrocmf.com\\\/portal\\\/wp-content\\\/uploads\\\/2023\\\/01\\\/logo-wmcmf-2.png\",\"width\":200,\"height\":60,\"caption\":\"Web del Maestro CMF\"},\"image\":{\"@id\":\"https:\\\/\\\/webdelmaestrocmf.com\\\/portal\\\/#\\\/schema\\\/logo\\\/image\\\/\"},\"sameAs\":[\"https:\\\/\\\/www.facebook.com\\\/WebdelMaestroCMF\\\/\",\"https:\\\/\\\/x.com\\\/cmf_w\",\"https:\\\/\\\/www.pinterest.com\\\/WMCMF\\\/\",\"https:\\\/\\\/www.linkedin.com\\\/company\\\/web-del-maestro-cmf\\\/\",\"https:\\\/\\\/www.instagram.com\\\/wmcmf\\\/\",\"https:\\\/\\\/www.youtube.com\\\/channel\\\/UCDPSvjbdodE5sHnC3OxutHw\",\"https:\\\/\\\/mastodon.social\\\/@wmcmf\",\"https:\\\/\\\/www.tiktok.com\\\/@webdelmaestrocmf\"]},{\"@type\":\"Person\",\"@id\":\"https:\\\/\\\/webdelmaestrocmf.com\\\/portal\\\/#\\\/schema\\\/person\\\/1072a2ed7bd960df8ef99a551fa35dc5\",\"name\":\"Web del Maestro CMF\",\"image\":{\"@type\":\"ImageObject\",\"inLanguage\":\"es\",\"@id\":\"https:\\\/\\\/secure.gravatar.com\\\/avatar\\\/23291dd5b5ae1077dcff3dbb04c3e02bd28403fa75af6d8787d5e97c5bbbe30b?s=96&d=mm&r=g\",\"url\":\"https:\\\/\\\/secure.gravatar.com\\\/avatar\\\/23291dd5b5ae1077dcff3dbb04c3e02bd28403fa75af6d8787d5e97c5bbbe30b?s=96&d=mm&r=g\",\"contentUrl\":\"https:\\\/\\\/secure.gravatar.com\\\/avatar\\\/23291dd5b5ae1077dcff3dbb04c3e02bd28403fa75af6d8787d5e97c5bbbe30b?s=96&d=mm&r=g\",\"caption\":\"Web del Maestro CMF\"},\"description\":\"Esta Web se cre\u00f3 sin fines de lucro, con fines educativos, cient\u00edficos y acad\u00e9micos, para personas que tengan dificultades y\\\/o inconvenientes en visualizar el material original. El objetivo es entregar recursos, compartir experiencias y materiales que ayuden a los padres de familia, maestros y estudiantes en su actualizaci\u00f3n y formaci\u00f3n permanente, en bien de la Educaci\u00f3n.\",\"sameAs\":[\"http:\\\/\\\/webdelmaestrocmf.com\\\/portal\",\"https:\\\/\\\/www.facebook.com\\\/WebdelMaestroCMF\\\/\",\"https:\\\/\\\/www.instagram.com\\\/wmcmf\\\/\",\"https:\\\/\\\/cl.linkedin.com\\\/company\\\/web-del-maestro-cmf\",\"https:\\\/\\\/www.pinterest.com\\\/WMCMF\\\/publicaciones\\\/\",\"https:\\\/\\\/x.com\\\/cmf_w\",\"https:\\\/\\\/www.youtube.com\\\/@WMCMF\"]}]}<\/script>\n<!-- \/ Yoast SEO plugin. -->","yoast_head_json":{"title":"[David Auris] Investigaci\u00f3n universitaria para lograr los Objetivos del Desarrollo Sostenido - 2026","description":"Comunidad de Maestros, Docentes y Profesores, en donde encontrar\u00e1s material, informaci\u00f3n y noticias del \u00e1mbito nacional y mundial.","robots":{"index":"index","follow":"follow","max-snippet":"max-snippet:-1","max-image-preview":"max-image-preview:large","max-video-preview":"max-video-preview:-1"},"canonical":"https:\/\/webdelmaestrocmf.com\/portal\/david-auris-investigacion-universitaria-para-lograr-los-objetivos-del-desarrollo-sostenido\/","og_locale":"es_ES","og_type":"article","og_title":"[David Auris] Investigaci\u00f3n universitaria para lograr los Objetivos del Desarrollo Sostenido - 2026","og_description":"Comunidad de Maestros, Docentes y Profesores, en donde encontrar\u00e1s material, informaci\u00f3n y noticias del \u00e1mbito nacional y mundial.","og_url":"https:\/\/webdelmaestrocmf.com\/portal\/david-auris-investigacion-universitaria-para-lograr-los-objetivos-del-desarrollo-sostenido\/","og_site_name":"Web del Maestro CMF","article_publisher":"https:\/\/www.facebook.com\/WebdelMaestroCMF\/","article_author":"https:\/\/www.facebook.com\/WebdelMaestroCMF\/","article_published_time":"2022-12-13T17:51:16+00:00","article_modified_time":"2022-12-13T18:05:17+00:00","og_image":[{"width":900,"height":556,"url":"https:\/\/i0.wp.com\/webdelmaestrocmf.com\/portal\/wp-content\/uploads\/2022\/12\/1-14.jpg?fit=900%2C556&ssl=1","type":"image\/jpeg"}],"author":"Web del Maestro CMF","twitter_card":"summary_large_image","twitter_creator":"@cmf_w","twitter_site":"@cmf_w","schema":{"@context":"https:\/\/schema.org","@graph":[{"@type":"ScholarlyArticle","@id":"https:\/\/webdelmaestrocmf.com\/portal\/david-auris-investigacion-universitaria-para-lograr-los-objetivos-del-desarrollo-sostenido\/#article","isPartOf":{"@id":"https:\/\/webdelmaestrocmf.com\/portal\/david-auris-investigacion-universitaria-para-lograr-los-objetivos-del-desarrollo-sostenido\/"},"author":{"name":"Web del Maestro CMF","@id":"https:\/\/webdelmaestrocmf.com\/portal\/#\/schema\/person\/1072a2ed7bd960df8ef99a551fa35dc5"},"headline":"[David Auris] Investigaci\u00f3n universitaria para lograr los Objetivos del Desarrollo Sostenido","datePublished":"2022-12-13T17:51:16+00:00","dateModified":"2022-12-13T18:05:17+00:00","mainEntityOfPage":{"@id":"https:\/\/webdelmaestrocmf.com\/portal\/david-auris-investigacion-universitaria-para-lograr-los-objetivos-del-desarrollo-sostenido\/"},"wordCount":822,"commentCount":0,"publisher":{"@id":"https:\/\/webdelmaestrocmf.com\/portal\/#organization"},"image":{"@id":"https:\/\/webdelmaestrocmf.com\/portal\/david-auris-investigacion-universitaria-para-lograr-los-objetivos-del-desarrollo-sostenido\/#primaryimage"},"thumbnailUrl":"https:\/\/webdelmaestrocmf.com\/portal\/wp-content\/uploads\/2022\/12\/1-14.jpg","keywords":["David Auris","desarrollo","Investigaci\u00f3n","LOGRAR","OBJETIVOS","Sostenido","universitaria"],"articleSection":["Z-Colaborador-David-Auris","Z-Colaboradores"],"inLanguage":"es","potentialAction":[{"@type":"CommentAction","name":"Comment","target":["https:\/\/webdelmaestrocmf.com\/portal\/david-auris-investigacion-universitaria-para-lograr-los-objetivos-del-desarrollo-sostenido\/#respond"]}]},{"@type":"WebPage","@id":"https:\/\/webdelmaestrocmf.com\/portal\/david-auris-investigacion-universitaria-para-lograr-los-objetivos-del-desarrollo-sostenido\/","url":"https:\/\/webdelmaestrocmf.com\/portal\/david-auris-investigacion-universitaria-para-lograr-los-objetivos-del-desarrollo-sostenido\/","name":"[David Auris] Investigaci\u00f3n universitaria para lograr los Objetivos del Desarrollo Sostenido - 2026","isPartOf":{"@id":"https:\/\/webdelmaestrocmf.com\/portal\/#website"},"primaryImageOfPage":{"@id":"https:\/\/webdelmaestrocmf.com\/portal\/david-auris-investigacion-universitaria-para-lograr-los-objetivos-del-desarrollo-sostenido\/#primaryimage"},"image":{"@id":"https:\/\/webdelmaestrocmf.com\/portal\/david-auris-investigacion-universitaria-para-lograr-los-objetivos-del-desarrollo-sostenido\/#primaryimage"},"thumbnailUrl":"https:\/\/webdelmaestrocmf.com\/portal\/wp-content\/uploads\/2022\/12\/1-14.jpg","datePublished":"2022-12-13T17:51:16+00:00","dateModified":"2022-12-13T18:05:17+00:00","description":"Comunidad de Maestros, Docentes y Profesores, en donde encontrar\u00e1s material, informaci\u00f3n y noticias del \u00e1mbito nacional y mundial.","breadcrumb":{"@id":"https:\/\/webdelmaestrocmf.com\/portal\/david-auris-investigacion-universitaria-para-lograr-los-objetivos-del-desarrollo-sostenido\/#breadcrumb"},"inLanguage":"es","potentialAction":[{"@type":"ReadAction","target":["https:\/\/webdelmaestrocmf.com\/portal\/david-auris-investigacion-universitaria-para-lograr-los-objetivos-del-desarrollo-sostenido\/"]}]},{"@type":"ImageObject","inLanguage":"es","@id":"https:\/\/webdelmaestrocmf.com\/portal\/david-auris-investigacion-universitaria-para-lograr-los-objetivos-del-desarrollo-sostenido\/#primaryimage","url":"https:\/\/webdelmaestrocmf.com\/portal\/wp-content\/uploads\/2022\/12\/1-14.jpg","contentUrl":"https:\/\/webdelmaestrocmf.com\/portal\/wp-content\/uploads\/2022\/12\/1-14.jpg","width":900,"height":556},{"@type":"BreadcrumbList","@id":"https:\/\/webdelmaestrocmf.com\/portal\/david-auris-investigacion-universitaria-para-lograr-los-objetivos-del-desarrollo-sostenido\/#breadcrumb","itemListElement":[{"@type":"ListItem","position":1,"name":"Portada","item":"https:\/\/webdelmaestrocmf.com\/portal\/"},{"@type":"ListItem","position":2,"name":"Z-Colaboradores","item":"https:\/\/webdelmaestrocmf.com\/portal\/category\/colaborador\/"},{"@type":"ListItem","position":3,"name":"[David Auris] Investigaci\u00f3n universitaria para lograr los Objetivos del Desarrollo Sostenido"}]},{"@type":"WebSite","@id":"https:\/\/webdelmaestrocmf.com\/portal\/#website","url":"https:\/\/webdelmaestrocmf.com\/portal\/","name":"Web del Maestro CMF","description":"Maestros al servicio de la educaci\u00f3n","publisher":{"@id":"https:\/\/webdelmaestrocmf.com\/portal\/#organization"},"alternateName":"WMCMF","potentialAction":[{"@type":"SearchAction","target":{"@type":"EntryPoint","urlTemplate":"https:\/\/webdelmaestrocmf.com\/portal\/?s={search_term_string}"},"query-input":{"@type":"PropertyValueSpecification","valueRequired":true,"valueName":"search_term_string"}}],"inLanguage":"es"},{"@type":"Organization","@id":"https:\/\/webdelmaestrocmf.com\/portal\/#organization","name":"Web del Maestro CMF","alternateName":"WMCMF","url":"https:\/\/webdelmaestrocmf.com\/portal\/","logo":{"@type":"ImageObject","inLanguage":"es","@id":"https:\/\/webdelmaestrocmf.com\/portal\/#\/schema\/logo\/image\/","url":"https:\/\/webdelmaestrocmf.com\/portal\/wp-content\/uploads\/2023\/01\/logo-wmcmf-2.png","contentUrl":"https:\/\/webdelmaestrocmf.com\/portal\/wp-content\/uploads\/2023\/01\/logo-wmcmf-2.png","width":200,"height":60,"caption":"Web del Maestro CMF"},"image":{"@id":"https:\/\/webdelmaestrocmf.com\/portal\/#\/schema\/logo\/image\/"},"sameAs":["https:\/\/www.facebook.com\/WebdelMaestroCMF\/","https:\/\/x.com\/cmf_w","https:\/\/www.pinterest.com\/WMCMF\/","https:\/\/www.linkedin.com\/company\/web-del-maestro-cmf\/","https:\/\/www.instagram.com\/wmcmf\/","https:\/\/www.youtube.com\/channel\/UCDPSvjbdodE5sHnC3OxutHw","https:\/\/mastodon.social\/@wmcmf","https:\/\/www.tiktok.com\/@webdelmaestrocmf"]},{"@type":"Person","@id":"https:\/\/webdelmaestrocmf.com\/portal\/#\/schema\/person\/1072a2ed7bd960df8ef99a551fa35dc5","name":"Web del Maestro CMF","image":{"@type":"ImageObject","inLanguage":"es","@id":"https:\/\/secure.gravatar.com\/avatar\/23291dd5b5ae1077dcff3dbb04c3e02bd28403fa75af6d8787d5e97c5bbbe30b?s=96&d=mm&r=g","url":"https:\/\/secure.gravatar.com\/avatar\/23291dd5b5ae1077dcff3dbb04c3e02bd28403fa75af6d8787d5e97c5bbbe30b?s=96&d=mm&r=g","contentUrl":"https:\/\/secure.gravatar.com\/avatar\/23291dd5b5ae1077dcff3dbb04c3e02bd28403fa75af6d8787d5e97c5bbbe30b?s=96&d=mm&r=g","caption":"Web del Maestro CMF"},"description":"Esta Web se cre\u00f3 sin fines de lucro, con fines educativos, cient\u00edficos y acad\u00e9micos, para personas que tengan dificultades y\/o inconvenientes en visualizar el material original. El objetivo es entregar recursos, compartir experiencias y materiales que ayuden a los padres de familia, maestros y estudiantes en su actualizaci\u00f3n y formaci\u00f3n permanente, en bien de la Educaci\u00f3n.","sameAs":["http:\/\/webdelmaestrocmf.com\/portal","https:\/\/www.facebook.com\/WebdelMaestroCMF\/","https:\/\/www.instagram.com\/wmcmf\/","https:\/\/cl.linkedin.com\/company\/web-del-maestro-cmf","https:\/\/www.pinterest.com\/WMCMF\/publicaciones\/","https:\/\/x.com\/cmf_w","https:\/\/www.youtube.com\/@WMCMF"]}]}},"jetpack_featured_media_url":"https:\/\/webdelmaestrocmf.com\/portal\/wp-content\/uploads\/2022\/12\/1-14.jpg","jetpack_sharing_enabled":true,"jetpack-related-posts":[{"id":90246,"url":"https:\/\/webdelmaestrocmf.com\/portal\/david-auris-educacion-camino-hacia-los-objetivos-del-desarrollo-sostenido-y-compartido\/","url_meta":{"origin":81710,"position":0},"title":"[David Auris] Educaci\u00f3n: camino hacia los objetivos del desarrollo sostenido y compartido","author":"Web del Maestro CMF","date":"30 junio, 2023","format":false,"excerpt":"La importancia de un desarrollo sostenible y compartido se ha convertido en una necesidad vital de sobrevivencia, lo que puede depender en gran medida de la calidad de la educaci\u00f3n como pilar fundamental para equipar a las personas con conocimientos, habilidades y valores capaces de transformar sus vidas y la\u2026","rel":"","context":"En \u00abZ-Colaborador-David-Auris\u00bb","block_context":{"text":"Z-Colaborador-David-Auris","link":"https:\/\/webdelmaestrocmf.com\/portal\/category\/colaborador\/z-colaborador-david-auris\/"},"img":{"alt_text":"","src":"https:\/\/i0.wp.com\/webdelmaestrocmf.com\/portal\/wp-content\/uploads\/2023\/06\/A12B3C4D-8-1.jpg?resize=350%2C200&ssl=1","width":350,"height":200,"srcset":"https:\/\/i0.wp.com\/webdelmaestrocmf.com\/portal\/wp-content\/uploads\/2023\/06\/A12B3C4D-8-1.jpg?resize=350%2C200&ssl=1 1x, https:\/\/i0.wp.com\/webdelmaestrocmf.com\/portal\/wp-content\/uploads\/2023\/06\/A12B3C4D-8-1.jpg?resize=525%2C300&ssl=1 1.5x, https:\/\/i0.wp.com\/webdelmaestrocmf.com\/portal\/wp-content\/uploads\/2023\/06\/A12B3C4D-8-1.jpg?resize=700%2C400&ssl=1 2x"},"classes":[]},{"id":90538,"url":"https:\/\/webdelmaestrocmf.com\/portal\/david-auris-educacion-universitaria-como-factor-de-equidad-en-america-latina\/","url_meta":{"origin":81710,"position":1},"title":"[David Auris] Educaci\u00f3n universitaria como factor de equidad en Am\u00e9rica Latina","author":"Web del Maestro CMF","date":"14 julio, 2023","format":false,"excerpt":"Como Latinoamericano, a veces me siento extraviado en un extenso continente biodiverso y heterog\u00e9neo, enfrentado a diversos desaf\u00edos por la equidad como norte de progreso. En esa inquebrantable lucha, la educaci\u00f3n universitaria se convierte en una poderosa herramienta, para eliminar el nudo de la disparidad y abrir las oportunidades hacia\u2026","rel":"","context":"En \u00abZ-Colaborador-David-Auris\u00bb","block_context":{"text":"Z-Colaborador-David-Auris","link":"https:\/\/webdelmaestrocmf.com\/portal\/category\/colaborador\/z-colaborador-david-auris\/"},"img":{"alt_text":"","src":"https:\/\/i0.wp.com\/webdelmaestrocmf.com\/portal\/wp-content\/uploads\/2023\/07\/A12B3C4D-30.jpg?resize=350%2C200&ssl=1","width":350,"height":200,"srcset":"https:\/\/i0.wp.com\/webdelmaestrocmf.com\/portal\/wp-content\/uploads\/2023\/07\/A12B3C4D-30.jpg?resize=350%2C200&ssl=1 1x, https:\/\/i0.wp.com\/webdelmaestrocmf.com\/portal\/wp-content\/uploads\/2023\/07\/A12B3C4D-30.jpg?resize=525%2C300&ssl=1 1.5x, https:\/\/i0.wp.com\/webdelmaestrocmf.com\/portal\/wp-content\/uploads\/2023\/07\/A12B3C4D-30.jpg?resize=700%2C400&ssl=1 2x"},"classes":[]},{"id":105951,"url":"https:\/\/webdelmaestrocmf.com\/portal\/david-auris-la-universidad-es-una-institucion-cientifica\/","url_meta":{"origin":81710,"position":2},"title":"[David Auris] La Universidad es una instituci\u00f3n cient\u00edfica","author":"Web del Maestro CMF","date":"10 junio, 2024","format":false,"excerpt":"Aunque los gobernantes, los empresarios y los altos funcionarios no creen, las universidades son instituciones cient\u00edficas que juegan un rol importante para el desarrollo sostenible de los pa\u00edses. El continente asi\u00e1tico lo viene demostrando. Con investigaci\u00f3n e innovaci\u00f3n han abandonado el bols\u00f3n de pobreza y en la actualidad disputan el\u2026","rel":"","context":"En \u00abZ-Colaborador-David-Auris\u00bb","block_context":{"text":"Z-Colaborador-David-Auris","link":"https:\/\/webdelmaestrocmf.com\/portal\/category\/colaborador\/z-colaborador-david-auris\/"},"img":{"alt_text":"","src":"https:\/\/i0.wp.com\/webdelmaestrocmf.com\/portal\/wp-content\/uploads\/2024\/06\/1-1.jpg?resize=350%2C200&ssl=1","width":350,"height":200,"srcset":"https:\/\/i0.wp.com\/webdelmaestrocmf.com\/portal\/wp-content\/uploads\/2024\/06\/1-1.jpg?resize=350%2C200&ssl=1 1x, https:\/\/i0.wp.com\/webdelmaestrocmf.com\/portal\/wp-content\/uploads\/2024\/06\/1-1.jpg?resize=525%2C300&ssl=1 1.5x, https:\/\/i0.wp.com\/webdelmaestrocmf.com\/portal\/wp-content\/uploads\/2024\/06\/1-1.jpg?resize=700%2C400&ssl=1 2x"},"classes":[]},{"id":102150,"url":"https:\/\/webdelmaestrocmf.com\/portal\/david-auris-reflexiones-y-compromisos-pedagogicos-para-el-2024\/","url_meta":{"origin":81710,"position":3},"title":"[David Auris] Reflexiones y compromisos pedag\u00f3gicos para el 2024","author":"Web del Maestro CMF","date":"5 enero, 2024","format":false,"excerpt":"A lo largo de estos d\u00edas, hab\u00eda escrito otro art\u00edculo, pero al leer el elogioso mensaje de la Dra. Juana Sancho, pionera en la introducci\u00f3n de la Inform\u00e1tica Educativa en Espa\u00f1a, cambi\u00e9 de opini\u00f3n.\u00a0 Ella me dese\u00f3 que tuviese una excelente salida del a\u00f1o 2023 y una fant\u00e1stica entrada al\u2026","rel":"","context":"En \u00abZ-Colaborador-David-Auris\u00bb","block_context":{"text":"Z-Colaborador-David-Auris","link":"https:\/\/webdelmaestrocmf.com\/portal\/category\/colaborador\/z-colaborador-david-auris\/"},"img":{"alt_text":"","src":"https:\/\/i0.wp.com\/webdelmaestrocmf.com\/portal\/wp-content\/uploads\/2024\/01\/A12B3C4D-2-3.jpg?resize=350%2C200&ssl=1","width":350,"height":200,"srcset":"https:\/\/i0.wp.com\/webdelmaestrocmf.com\/portal\/wp-content\/uploads\/2024\/01\/A12B3C4D-2-3.jpg?resize=350%2C200&ssl=1 1x, https:\/\/i0.wp.com\/webdelmaestrocmf.com\/portal\/wp-content\/uploads\/2024\/01\/A12B3C4D-2-3.jpg?resize=525%2C300&ssl=1 1.5x, https:\/\/i0.wp.com\/webdelmaestrocmf.com\/portal\/wp-content\/uploads\/2024\/01\/A12B3C4D-2-3.jpg?resize=700%2C400&ssl=1 2x"},"classes":[]},{"id":100393,"url":"https:\/\/webdelmaestrocmf.com\/portal\/david-auris-continua-la-huelga-de-los-docentes-universitarios-del-peru\/","url_meta":{"origin":81710,"position":4},"title":"[David Auris] Contin\u00faa la huelga de los docentes universitarios del Per\u00fa","author":"Web del Maestro CMF","date":"17 noviembre, 2023","format":false,"excerpt":"La huelga indefinida de los docentes universitarios no se basa exclusivamente en una demanda salarial, sino tambi\u00e9n, es un llamado al reconocimiento de la relevancia de la educaci\u00f3n superior como motor principal de innovaci\u00f3n. En ese sentido, detr\u00e1s de cada pancarta y en cada marcha sindical, se encuentra la intenci\u00f3n\u2026","rel":"","context":"En \u00abZ-Colaborador-David-Auris\u00bb","block_context":{"text":"Z-Colaborador-David-Auris","link":"https:\/\/webdelmaestrocmf.com\/portal\/category\/colaborador\/z-colaborador-david-auris\/"},"img":{"alt_text":"","src":"https:\/\/i0.wp.com\/webdelmaestrocmf.com\/portal\/wp-content\/uploads\/2023\/11\/A12B3C4D-9-3.jpg?resize=350%2C200&ssl=1","width":350,"height":200,"srcset":"https:\/\/i0.wp.com\/webdelmaestrocmf.com\/portal\/wp-content\/uploads\/2023\/11\/A12B3C4D-9-3.jpg?resize=350%2C200&ssl=1 1x, https:\/\/i0.wp.com\/webdelmaestrocmf.com\/portal\/wp-content\/uploads\/2023\/11\/A12B3C4D-9-3.jpg?resize=525%2C300&ssl=1 1.5x, https:\/\/i0.wp.com\/webdelmaestrocmf.com\/portal\/wp-content\/uploads\/2023\/11\/A12B3C4D-9-3.jpg?resize=700%2C400&ssl=1 2x"},"classes":[]},{"id":105238,"url":"https:\/\/webdelmaestrocmf.com\/portal\/david-auris-educacion-y-capital-humano\/","url_meta":{"origin":81710,"position":5},"title":"[David Auris] Educaci\u00f3n y capital humano","author":"Web del Maestro CMF","date":"1 mayo, 2024","format":false,"excerpt":"La educaci\u00f3n es la mejor inversi\u00f3n para desarrollar el capital humano de cualquier pa\u00eds. Esta debe incluir en sus claustros a todos los ni\u00f1os y adolescentes, con el prop\u00f3sito de alcanzar el progreso sostenido. Es necesario comprender que la \u00fanica riqueza segura, es el poder del cerebro de la gente\u2026","rel":"","context":"En \u00abZ-Colaborador-David-Auris\u00bb","block_context":{"text":"Z-Colaborador-David-Auris","link":"https:\/\/webdelmaestrocmf.com\/portal\/category\/colaborador\/z-colaborador-david-auris\/"},"img":{"alt_text":"","src":"https:\/\/i0.wp.com\/webdelmaestrocmf.com\/portal\/wp-content\/uploads\/2024\/05\/Banner-1-portada-imagen-10-1-60.jpg?resize=350%2C200&ssl=1","width":350,"height":200,"srcset":"https:\/\/i0.wp.com\/webdelmaestrocmf.com\/portal\/wp-content\/uploads\/2024\/05\/Banner-1-portada-imagen-10-1-60.jpg?resize=350%2C200&ssl=1 1x, https:\/\/i0.wp.com\/webdelmaestrocmf.com\/portal\/wp-content\/uploads\/2024\/05\/Banner-1-portada-imagen-10-1-60.jpg?resize=525%2C300&ssl=1 1.5x, https:\/\/i0.wp.com\/webdelmaestrocmf.com\/portal\/wp-content\/uploads\/2024\/05\/Banner-1-portada-imagen-10-1-60.jpg?resize=700%2C400&ssl=1 2x"},"classes":[]}],"_links":{"self":[{"href":"https:\/\/webdelmaestrocmf.com\/portal\/wp-json\/wp\/v2\/posts\/81710","targetHints":{"allow":["GET"]}}],"collection":[{"href":"https:\/\/webdelmaestrocmf.com\/portal\/wp-json\/wp\/v2\/posts"}],"about":[{"href":"https:\/\/webdelmaestrocmf.com\/portal\/wp-json\/wp\/v2\/types\/post"}],"author":[{"embeddable":true,"href":"https:\/\/webdelmaestrocmf.com\/portal\/wp-json\/wp\/v2\/users\/1"}],"replies":[{"embeddable":true,"href":"https:\/\/webdelmaestrocmf.com\/portal\/wp-json\/wp\/v2\/comments?post=81710"}],"version-history":[{"count":0,"href":"https:\/\/webdelmaestrocmf.com\/portal\/wp-json\/wp\/v2\/posts\/81710\/revisions"}],"wp:featuredmedia":[{"embeddable":true,"href":"https:\/\/webdelmaestrocmf.com\/portal\/wp-json\/wp\/v2\/media\/81714"}],"wp:attachment":[{"href":"https:\/\/webdelmaestrocmf.com\/portal\/wp-json\/wp\/v2\/media?parent=81710"}],"wp:term":[{"taxonomy":"category","embeddable":true,"href":"https:\/\/webdelmaestrocmf.com\/portal\/wp-json\/wp\/v2\/categories?post=81710"},{"taxonomy":"post_tag","embeddable":true,"href":"https:\/\/webdelmaestrocmf.com\/portal\/wp-json\/wp\/v2\/tags?post=81710"}],"curies":[{"name":"wp","href":"https:\/\/api.w.org\/{rel}","templated":true}]}}