{"id":81323,"date":"2022-11-04T11:57:28","date_gmt":"2022-11-04T14:57:28","guid":{"rendered":"https:\/\/webdelmaestrocmf.com\/portal\/?p=81323"},"modified":"2022-11-04T11:58:38","modified_gmt":"2022-11-04T14:58:38","slug":"fernando-gamarra-la-emergencia-sanitaria-continua-vigente-asi-como-todas-las-normas-al-respecto","status":"publish","type":"post","link":"https:\/\/webdelmaestrocmf.com\/portal\/fernando-gamarra-la-emergencia-sanitaria-continua-vigente-asi-como-todas-las-normas-al-respecto\/","title":{"rendered":"[Fernando Gamarra] La emergencia sanitaria contin\u00faa vigente, as\u00ed como todas las normas al respecto"},"content":{"rendered":"<h5 style=\"text-align: justify;\">El Decreto Supremo N\u00ba 130-2022-PCM (publicado el 27\u00b710\u00b72022) deroga el DS 016-2022-PCM que declara el <strong>Estado de Emergencia Nacional<\/strong> as\u00ed como todas sus pr\u00f3rrogas y modificaciones, en otras palabras ya no hay restricciones al ejercicio de los derechos constitucionales relativos a la libertad y la seguridad personales, la inviolabilidad del domicilio, y la libertad de reuni\u00f3n y de tr\u00e1nsito en el territorio, comprendidos en los incisos 9, 11 y 12 del art\u00edculo 2 y en el inciso 24, apartado f) del mismo art\u00edculo de la Constituci\u00f3n Pol\u00edtica del Per\u00fa. Ya NO es OBLIGATORIO el uso de la mascarilla en lugares cerrados y opcional en espacios abiertos; eso NO SIGNIFICA que no se deba completar la vacunaci\u00f3n contra el covid-19 para protegernos contra el virus que a\u00fan sigue rondando en el pa\u00eds, tal es as\u00ed que la norma en menci\u00f3n a trav\u00e9s de la \u00fanica disposici\u00f3n complementaria final establece que el MINSA mediante Resoluci\u00f3n Ministerial promueve el uso facultativo de mascarillas, la vacunaci\u00f3n contra la COVID-19 y otras medidas de promoci\u00f3n y vigilancia de pr\u00e1cticas saludables y actividades en relaci\u00f3n a la Emergencia Sanitaria, en todos los niveles de gobierno.<\/h5>\n<p><!--more--><\/p>\n<p style=\"text-align: justify;\">La <strong>Emergencia Sanitaria<\/strong> y las normas al respecto contin\u00faan vigentes, pues el Decreto Supremo N\u00ba 015-2022-SA (publicado el 16\u00b708\u00b72022) prorroga la Emergencia Sanitaria por un plazo de 180 d\u00edas calendario contados desde el 29 de agosto de 2022 hasta el 25 de febrero de 2023.<\/p>\n<p style=\"text-align: justify;\">En el p\u00e1rrafo 11 del numeral 6.1 de la RM 186-2022-MINEDU que aprueba las \u00abDisposiciones para la prestaci\u00f3n del servicio educativo durante el a\u00f1o escolar 2022 en instituciones y programas educativos de la Educaci\u00f3n B\u00e1sica, ubicados en los \u00e1mbitos urbano y rural\u00bb se\u00f1ala: \u00ab<em>Las disposiciones para la evaluaci\u00f3n durante el a\u00f1o 2022, est\u00e1n determinadas en el documento normativo denominado \u201cDisposiciones para la evaluaci\u00f3n de competencias de estudiantes de la Educaci\u00f3n B\u00e1sica en el marco de la emergencia sanitaria por la COVID-19\u201d aprobado mediante la Resoluci\u00f3n Viceministerial N\u00b0 334-2021-MINEDU<\/em>\u00ab, es decir que sigue vigente la promoci\u00f3n guiada con las carpetas de recuperaci\u00f3n, esto implica que \u00e9l estudiante ser\u00e1 matriculado en el grado siguiente y tendr\u00e1 mayor tiempo y oportunidades para consolidar el desarrollo de competencias. Despu\u00e9s de dos a\u00f1os de educaci\u00f3n virtual, los estudiantes est\u00e1n en un proceso de adaptaci\u00f3n a la presencialidad, lo que naturalmente trae consigo ciertas dificultades en el desarrollo de competencias.<\/p>\n<p style=\"text-align: justify;\">La pr\u00f3rroga de la declaratoria de Emergencia Sanitaria tambi\u00e9n extiende la vigencia de algunas obligaciones laborales de car\u00e1cter temporal:<\/p>\n<table width=\"663\">\n<tbody>\n<tr>\n<td width=\"179\">Trabajadores con factores de riesgo<\/td>\n<td width=\"484\">La empresa debe priorizar la implementaci\u00f3n de trabajo remoto para el personal que integre el grupo de riesgo (trabajadores que sufran alguno de los factores de riesgo frente al COVID-19).<\/td>\n<\/tr>\n<tr>\n<td width=\"179\">Plan de Prevenci\u00f3n, Vigilancia y Control del COVID-19<\/td>\n<td width=\"484\">El Plan estar\u00e1 vigente durante el periodo de emergencia sanitaria y posterior al mismo.<\/p>\n<p>Tambi\u00e9n existe obligaci\u00f3n de contar con un licenciado en enfermer\u00eda y\/o m\u00e9dico ocupacional durante este periodo.<\/td>\n<\/tr>\n<tr>\n<td width=\"179\">Obligaciones de Seguridad y Salud en el Trabajo<\/td>\n<td width=\"484\">Est\u00e1n suspendidas las obligaciones de efectuar ex\u00e1menes m\u00e9dicos ocupacionales, realizar auditor\u00edas al sistema de gesti\u00f3n de seguridad y salud en el trabajo, realizar capacitaciones presenciales (salvo algunos supuestos) y de renovar al Comit\u00e9 o Supervisor de Seguridad y Salud en el Trabajo.<\/td>\n<\/tr>\n<tr>\n<td width=\"179\">Trabajadores a cargo de personas con discapacidad positivo COVID-19 o que integren el grupo de riesgo<\/td>\n<td width=\"484\">Los trabajadores que tengan bajo su cuidado exclusivo a un familiar hasta el cuarto grado de consanguinidad o segundo de afinidad con discapacidad con diagn\u00f3stico de COVID-19 o que pertenezca al grupo de riesgo para el COVID-19 tienen derecho a solicitar efectuar trabajo remoto, hasta que concluya la emergencia sanitaria.<\/td>\n<\/tr>\n<tr>\n<td width=\"179\">Facilidades laborales<\/td>\n<td width=\"484\">Los empleadores deben brindar facilidades laborales para los trabajadores que tengan familiares directos que cuentan con diagn\u00f3stico de COVID-19 o que son grupo de riesgo ante un posible contagio de COVID-19, y que en ambos casos no se encuentren hospitalizados.<\/td>\n<\/tr>\n<tr>\n<td width=\"179\">Trabajadoras en estado de gestaci\u00f3n y periodo de lactancia<\/td>\n<td width=\"484\">Durante la Emergencia Sanitaria, el empleador identifica a las trabajadoras gestantes y en periodo de lactancia a efectos de aplicar de forma obligatoria el trabajo remoto para el cumplimiento de sus actividades laborales. Cuando la naturaleza de las labores no sea compatible con el trabajo remoto y mientras dure la emergencia sanitaria, el empleador asigna labores compatibles con las funciones que originalmente realizaban, o en su defecto otorga preferentemente licencia con goce de haber sujeta a compensaci\u00f3n posterior.<\/td>\n<\/tr>\n<tr>\n<td width=\"179\">Actividad sindical<\/td>\n<td width=\"484\">Los trabajadores pueden emplear tecnolog\u00edas de informaci\u00f3n y comunicaci\u00f3n para los actos propios de la actividad sindical. Para aquellos actos que necesiten de una asamblea, el acta puede ser reemplazada por una declaraci\u00f3n jurada del secretario general o de quien se encuentre facultado seg\u00fan el estatuto de la organizaci\u00f3n.<\/td>\n<\/tr>\n<\/tbody>\n<\/table>\n<p style=\"text-align: justify;\">Esta actual <strong>E<\/strong><strong>me<\/strong><strong>r<\/strong><strong>g<\/strong><strong>e<\/strong><strong>n<\/strong><strong>c<\/strong><strong>i<\/strong><strong>a Sanitaria<\/strong> genera que distintas obligaciones de car\u00e1cter laboral se mantengan, lo cual no resulta acorde al contexto en el cual las condiciones han cambiado y existe un mayor retorno al trabajo presencial, por lo que resulta necesario una actualizaci\u00f3n de las disposiciones relacionadas a la emergencia sanitaria con el fin de que se adapten a la realidad en la que nos encontramos, tal como se establece en la \u00danica Disposici\u00f3n Complementaria Final del Decreto Supremo N\u00ba 130-2022-PCM (publicado el 27\u00b710\u00b72022) que deroga el DS 016-2022-PCM que declara el <strong>Estado de Emergencia Nacional.<\/strong><\/p>\n<p style=\"text-align: justify;\">Este es un an\u00e1lisis y\/o comentario, salvo mejor opini\u00f3n y aporte.<\/p>\n<p style=\"text-align: justify;\"><strong>NOTA DE REDACCI\u00d3N:<\/strong> La Web del Maestro CMF publica los textos originales de su autor, no necesariamente coincide con lo expuesto en el tema, no se hace responsable de las opiniones expresadas, y no promociona ning\u00fan producto, servicio, marca o empresa. Sugerimos a nuestros lectores conocer la identidad de la fuente o de su autor, para tener mayores elementos de juicio y la pertinencia a su realidad educativa.<\/p>\n<table class=\" alignleft\" border=\"0\" width=\"100%\" cellspacing=\"10\" cellpadding=\"10\">\n<tbody>\n<tr>\n<td style=\"text-align: center;\" width=\"30%\"><strong><img loading=\"lazy\" decoding=\"async\" class=\"size-full wp-image-60586 aligncenter\" src=\"https:\/\/webdelmaestrocmf.com\/portal\/wp-content\/uploads\/2021\/03\/1-copia-27.jpg\" alt=\"\" width=\"200\" height=\"200\" srcset=\"https:\/\/webdelmaestrocmf.com\/portal\/wp-content\/uploads\/2021\/03\/1-copia-27.jpg 200w, https:\/\/webdelmaestrocmf.com\/portal\/wp-content\/uploads\/2021\/03\/1-copia-27-150x150.jpg 150w, https:\/\/webdelmaestrocmf.com\/portal\/wp-content\/uploads\/2021\/03\/1-copia-27-80x80.jpg 80w, https:\/\/webdelmaestrocmf.com\/portal\/wp-content\/uploads\/2021\/03\/1-copia-27-110x110.jpg 110w, https:\/\/webdelmaestrocmf.com\/portal\/wp-content\/uploads\/2021\/03\/1-copia-27-160x160.jpg 160w\" sizes=\"auto, (max-width: 200px) 100vw, 200px\" \/><br \/>\nAutor: <\/strong>Fernando Gamarra Morales Tacna, Per\u00fa.<br \/>\nEx Secretario General del SUTEP Tacna.<br \/>\nProfesor de Matem\u00e1tica y F\u00edsica de la I.E. Guillermo Auza Arce.<strong><br \/>\nEmial:<\/strong>\u00a0<a href=\"mailto:fer_gamarra@hotmail.com\">fer_gamarra@hotmail.com<\/a><strong><br \/>\n<\/strong><\/p>\n<div>\n<div class=\"_1t_p clearfix\">\n<div class=\"_41ud\">\n<div class=\"clearfix _o46 _3erg _29_7 _8lma direction_ltr text_align_ltr\">\n<div id=\"js_39\" class=\"_3058 _ui9 _hh7 _6ybn _s1- _52mr _3oh-\" data-tooltip-content=\"domingo 16:17\" data-hover=\"tooltip\" data-tooltip-position=\"left\">\n<div class=\"_aok\" tabindex=\"0\"><span class=\"_3oh- _58nk\"><strong>Celular:<\/strong> 51952290888<\/span><\/div>\n<\/div>\n<\/div>\n<\/div>\n<\/div>\n<\/div>\n<\/td>\n<\/tr>\n<\/tbody>\n<\/table>\n<p style=\"text-align: left;\">.<\/p>\n\t\t<div class=\"pk-inline-posts\">\n\t\t\t\n\t\t\t<div class=\"pk-inline-posts-container pk-inline-posts-template-list\"\n\t\t\t\tdata-columns=\"1\">\n\t\t\t\t\t\t<article id=\"post-84497\" class=\"post-84497 post type-post status-publish format-standard has-post-thumbnail category-z-colaborador-fernando-gamarra category-colaborador tag-area tag-descanso tag-fernando-gamarra tag-gestion tag-pedagogica tag-profesores tag-vacacional cs-entry cs-video-wrap\">\n\t\t\t<div class=\"pk-post-outer\">\n\n\t\t\t\t\t\t\t\t<div class=\"pk-post-inner\">\n\t\t\t\t\t<div class=\"entry-thumbnail\">\n\t\t\t\t\t\t<div class=\"pk-overlay pk-overlay-ratio pk-ratio-landscape\">\n\t\t\t\t\t\t\t<div class=\"pk-overlay-background\">\n\t\t\t\t\t\t\t\t<a href=\"https:\/\/webdelmaestrocmf.com\/portal\/fernando-gamarra-descanso-vacacional-2023-de-los-profesores-del-area-de-gestion-pedagogica-peru\/\" class=\"pk-overlay-link\">\n\t\t\t\t\t\t\t\t\t<img loading=\"lazy\" decoding=\"async\" width=\"300\" height=\"225\" src=\"https:\/\/webdelmaestrocmf.com\/portal\/wp-content\/uploads\/2023\/02\/1abc-5-300x225.jpg\" class=\"attachment-pk-thumbnail size-pk-thumbnail wp-post-image\" alt=\"\" srcset=\"https:\/\/webdelmaestrocmf.com\/portal\/wp-content\/uploads\/2023\/02\/1abc-5-300x225.jpg 300w, https:\/\/webdelmaestrocmf.com\/portal\/wp-content\/uploads\/2023\/02\/1abc-5-200x150.jpg 200w, https:\/\/webdelmaestrocmf.com\/portal\/wp-content\/uploads\/2023\/02\/1abc-5-260x195.jpg 260w\" sizes=\"auto, (max-width: 300px) 100vw, 300px\" \/>\t\t\t\t\t\t\t\t<\/a>\n\t\t\t\t\t\t\t<\/div>\n\t\t\t\t\t\t<\/div>\n\t\t\t\t\t<\/div>\n\t\t\t\t<\/div>\n\t\t\t\t\n\t\t\t\t<div class=\"pk-post-inner\">\n\t\t\t\t\t<header>\n\t\t\t\t\t\t<h3 class=\"pk-title\"><a href=\"https:\/\/webdelmaestrocmf.com\/portal\/fernando-gamarra-descanso-vacacional-2023-de-los-profesores-del-area-de-gestion-pedagogica-peru\/\" rel=\"bookmark\">[Fernando Gamarra] Descanso vacacional 2023 de los profesores del \u00e1rea de gesti\u00f3n pedag\u00f3gica (Per\u00fa)<\/a><\/h3>\t\t\t\t\t<\/header><!-- .entry-header -->\n\t\t\t\t<\/div><!-- .post-inner -->\n\n\t\t\t<\/div><!-- .post-outer -->\n\t\t<\/article>\n\t\t\t\t<\/div>\n\t\t<\/div>\n\t\t\n","protected":false},"excerpt":{"rendered":"El Decreto Supremo N\u00ba 130-2022-PCM (publicado el 27\u00b710\u00b72022) deroga el DS 016-2022-PCM que declara el Estado de Emergencia&hellip;","protected":false},"author":1,"featured_media":81325,"comment_status":"open","ping_status":"closed","sticky":false,"template":"","format":"standard","meta":{"csco_display_header_overlay":false,"csco_singular_sidebar":"default","csco_page_header_type":"default","csco_page_load_nextpost":"default","csco_post_video_location":[],"csco_post_video_location_hash":"","csco_post_video_url":"","csco_post_video_bg_start_time":0,"csco_post_video_bg_end_time":0,"csco_post_video_bg_volume":false,"_jetpack_memberships_contains_paid_content":false,"footnotes":""},"categories":[1965,1790],"tags":[15017,222,1966,4811],"class_list":{"0":"post-81323","1":"post","2":"type-post","3":"status-publish","4":"format-standard","5":"has-post-thumbnail","7":"category-z-colaborador-fernando-gamarra","8":"category-colaborador","9":"tag-continua-vigente","10":"tag-emergencia","11":"tag-fernando-gamarra","12":"tag-sanitaria","13":"cs-entry","14":"cs-video-wrap"},"yoast_head":"<!-- This site is optimized with the Yoast SEO plugin v27.5 - https:\/\/yoast.com\/product\/yoast-seo-wordpress\/ -->\n<title>[Fernando Gamarra] La emergencia sanitaria contin\u00faa vigente, as\u00ed como todas las normas al respecto - 2026<\/title>\n<meta name=\"description\" content=\"El Decreto Supremo N\u00ba 130-2022-PCM (publicado el 27\u00b710\u00b72022) deroga el DS 016-2022-PCM que declara el Estado de Emergencia...\" \/>\n<meta name=\"robots\" content=\"index, follow, max-snippet:-1, max-image-preview:large, max-video-preview:-1\" \/>\n<link rel=\"canonical\" href=\"https:\/\/webdelmaestrocmf.com\/portal\/fernando-gamarra-la-emergencia-sanitaria-continua-vigente-asi-como-todas-las-normas-al-respecto\/\" \/>\n<meta property=\"og:locale\" content=\"es_ES\" \/>\n<meta property=\"og:type\" content=\"article\" \/>\n<meta property=\"og:title\" content=\"[Fernando Gamarra] La emergencia sanitaria contin\u00faa vigente, as\u00ed como todas las normas al respecto - 2026\" \/>\n<meta property=\"og:description\" content=\"El Decreto Supremo N\u00ba 130-2022-PCM (publicado el 27\u00b710\u00b72022) deroga el DS 016-2022-PCM que declara el Estado de Emergencia...\" \/>\n<meta property=\"og:url\" content=\"https:\/\/webdelmaestrocmf.com\/portal\/fernando-gamarra-la-emergencia-sanitaria-continua-vigente-asi-como-todas-las-normas-al-respecto\/\" \/>\n<meta property=\"og:site_name\" content=\"Web del Maestro CMF\" \/>\n<meta property=\"article:publisher\" content=\"https:\/\/www.facebook.com\/WebdelMaestroCMF\/\" \/>\n<meta property=\"article:author\" content=\"https:\/\/www.facebook.com\/WebdelMaestroCMF\/\" \/>\n<meta property=\"article:published_time\" content=\"2022-11-04T14:57:28+00:00\" \/>\n<meta property=\"article:modified_time\" content=\"2022-11-04T14:58:38+00:00\" \/>\n<meta property=\"og:image\" content=\"https:\/\/i0.wp.com\/webdelmaestrocmf.com\/portal\/wp-content\/uploads\/2022\/11\/1-3.jpg?fit=900%2C556&ssl=1\" \/>\n\t<meta property=\"og:image:width\" content=\"900\" \/>\n\t<meta property=\"og:image:height\" content=\"556\" \/>\n\t<meta property=\"og:image:type\" content=\"image\/jpeg\" \/>\n<meta name=\"author\" content=\"Web del Maestro CMF\" \/>\n<meta name=\"twitter:card\" content=\"summary_large_image\" \/>\n<meta name=\"twitter:creator\" content=\"@cmf_w\" \/>\n<meta name=\"twitter:site\" content=\"@cmf_w\" \/>\n<script type=\"application\/ld+json\" class=\"yoast-schema-graph\">{\"@context\":\"https:\\\/\\\/schema.org\",\"@graph\":[{\"@type\":\"ScholarlyArticle\",\"@id\":\"https:\\\/\\\/webdelmaestrocmf.com\\\/portal\\\/fernando-gamarra-la-emergencia-sanitaria-continua-vigente-asi-como-todas-las-normas-al-respecto\\\/#article\",\"isPartOf\":{\"@id\":\"https:\\\/\\\/webdelmaestrocmf.com\\\/portal\\\/fernando-gamarra-la-emergencia-sanitaria-continua-vigente-asi-como-todas-las-normas-al-respecto\\\/\"},\"author\":{\"name\":\"Web del Maestro CMF\",\"@id\":\"https:\\\/\\\/webdelmaestrocmf.com\\\/portal\\\/#\\\/schema\\\/person\\\/1072a2ed7bd960df8ef99a551fa35dc5\"},\"headline\":\"[Fernando Gamarra] La emergencia sanitaria contin\u00faa vigente, as\u00ed como todas las normas al respecto\",\"datePublished\":\"2022-11-04T14:57:28+00:00\",\"dateModified\":\"2022-11-04T14:58:38+00:00\",\"mainEntityOfPage\":{\"@id\":\"https:\\\/\\\/webdelmaestrocmf.com\\\/portal\\\/fernando-gamarra-la-emergencia-sanitaria-continua-vigente-asi-como-todas-las-normas-al-respecto\\\/\"},\"wordCount\":1070,\"commentCount\":0,\"publisher\":{\"@id\":\"https:\\\/\\\/webdelmaestrocmf.com\\\/portal\\\/#organization\"},\"image\":{\"@id\":\"https:\\\/\\\/webdelmaestrocmf.com\\\/portal\\\/fernando-gamarra-la-emergencia-sanitaria-continua-vigente-asi-como-todas-las-normas-al-respecto\\\/#primaryimage\"},\"thumbnailUrl\":\"https:\\\/\\\/webdelmaestrocmf.com\\\/portal\\\/wp-content\\\/uploads\\\/2022\\\/11\\\/1-3.jpg\",\"keywords\":[\"contin\u00faa vigente\",\"EMERGENCIA\",\"FERNANDO GAMARRA\",\"sanitaria\"],\"articleSection\":[\"Z-Colaborador-Fernando-Gamarra\",\"Z-Colaboradores\"],\"inLanguage\":\"es\",\"potentialAction\":[{\"@type\":\"CommentAction\",\"name\":\"Comment\",\"target\":[\"https:\\\/\\\/webdelmaestrocmf.com\\\/portal\\\/fernando-gamarra-la-emergencia-sanitaria-continua-vigente-asi-como-todas-las-normas-al-respecto\\\/#respond\"]}]},{\"@type\":\"WebPage\",\"@id\":\"https:\\\/\\\/webdelmaestrocmf.com\\\/portal\\\/fernando-gamarra-la-emergencia-sanitaria-continua-vigente-asi-como-todas-las-normas-al-respecto\\\/\",\"url\":\"https:\\\/\\\/webdelmaestrocmf.com\\\/portal\\\/fernando-gamarra-la-emergencia-sanitaria-continua-vigente-asi-como-todas-las-normas-al-respecto\\\/\",\"name\":\"[Fernando Gamarra] La emergencia sanitaria contin\u00faa vigente, as\u00ed como todas las normas al respecto - 2026\",\"isPartOf\":{\"@id\":\"https:\\\/\\\/webdelmaestrocmf.com\\\/portal\\\/#website\"},\"primaryImageOfPage\":{\"@id\":\"https:\\\/\\\/webdelmaestrocmf.com\\\/portal\\\/fernando-gamarra-la-emergencia-sanitaria-continua-vigente-asi-como-todas-las-normas-al-respecto\\\/#primaryimage\"},\"image\":{\"@id\":\"https:\\\/\\\/webdelmaestrocmf.com\\\/portal\\\/fernando-gamarra-la-emergencia-sanitaria-continua-vigente-asi-como-todas-las-normas-al-respecto\\\/#primaryimage\"},\"thumbnailUrl\":\"https:\\\/\\\/webdelmaestrocmf.com\\\/portal\\\/wp-content\\\/uploads\\\/2022\\\/11\\\/1-3.jpg\",\"datePublished\":\"2022-11-04T14:57:28+00:00\",\"dateModified\":\"2022-11-04T14:58:38+00:00\",\"description\":\"El Decreto Supremo N\u00ba 130-2022-PCM (publicado el 27\u00b710\u00b72022) deroga el DS 016-2022-PCM que declara el Estado de Emergencia...\",\"breadcrumb\":{\"@id\":\"https:\\\/\\\/webdelmaestrocmf.com\\\/portal\\\/fernando-gamarra-la-emergencia-sanitaria-continua-vigente-asi-como-todas-las-normas-al-respecto\\\/#breadcrumb\"},\"inLanguage\":\"es\",\"potentialAction\":[{\"@type\":\"ReadAction\",\"target\":[\"https:\\\/\\\/webdelmaestrocmf.com\\\/portal\\\/fernando-gamarra-la-emergencia-sanitaria-continua-vigente-asi-como-todas-las-normas-al-respecto\\\/\"]}]},{\"@type\":\"ImageObject\",\"inLanguage\":\"es\",\"@id\":\"https:\\\/\\\/webdelmaestrocmf.com\\\/portal\\\/fernando-gamarra-la-emergencia-sanitaria-continua-vigente-asi-como-todas-las-normas-al-respecto\\\/#primaryimage\",\"url\":\"https:\\\/\\\/webdelmaestrocmf.com\\\/portal\\\/wp-content\\\/uploads\\\/2022\\\/11\\\/1-3.jpg\",\"contentUrl\":\"https:\\\/\\\/webdelmaestrocmf.com\\\/portal\\\/wp-content\\\/uploads\\\/2022\\\/11\\\/1-3.jpg\",\"width\":900,\"height\":556},{\"@type\":\"BreadcrumbList\",\"@id\":\"https:\\\/\\\/webdelmaestrocmf.com\\\/portal\\\/fernando-gamarra-la-emergencia-sanitaria-continua-vigente-asi-como-todas-las-normas-al-respecto\\\/#breadcrumb\",\"itemListElement\":[{\"@type\":\"ListItem\",\"position\":1,\"name\":\"Portada\",\"item\":\"https:\\\/\\\/webdelmaestrocmf.com\\\/portal\\\/\"},{\"@type\":\"ListItem\",\"position\":2,\"name\":\"Z-Colaboradores\",\"item\":\"https:\\\/\\\/webdelmaestrocmf.com\\\/portal\\\/category\\\/colaborador\\\/\"},{\"@type\":\"ListItem\",\"position\":3,\"name\":\"Z-Colaborador-Fernando-Gamarra\",\"item\":\"https:\\\/\\\/webdelmaestrocmf.com\\\/portal\\\/category\\\/colaborador\\\/z-colaborador-fernando-gamarra\\\/\"},{\"@type\":\"ListItem\",\"position\":4,\"name\":\"[Fernando Gamarra] La emergencia sanitaria contin\u00faa vigente, as\u00ed como todas las normas al respecto\"}]},{\"@type\":\"WebSite\",\"@id\":\"https:\\\/\\\/webdelmaestrocmf.com\\\/portal\\\/#website\",\"url\":\"https:\\\/\\\/webdelmaestrocmf.com\\\/portal\\\/\",\"name\":\"Web del Maestro CMF\",\"description\":\"Maestros al servicio de la educaci\u00f3n\",\"publisher\":{\"@id\":\"https:\\\/\\\/webdelmaestrocmf.com\\\/portal\\\/#organization\"},\"alternateName\":\"WMCMF\",\"potentialAction\":[{\"@type\":\"SearchAction\",\"target\":{\"@type\":\"EntryPoint\",\"urlTemplate\":\"https:\\\/\\\/webdelmaestrocmf.com\\\/portal\\\/?s={search_term_string}\"},\"query-input\":{\"@type\":\"PropertyValueSpecification\",\"valueRequired\":true,\"valueName\":\"search_term_string\"}}],\"inLanguage\":\"es\"},{\"@type\":\"Organization\",\"@id\":\"https:\\\/\\\/webdelmaestrocmf.com\\\/portal\\\/#organization\",\"name\":\"Web del Maestro CMF\",\"alternateName\":\"WMCMF\",\"url\":\"https:\\\/\\\/webdelmaestrocmf.com\\\/portal\\\/\",\"logo\":{\"@type\":\"ImageObject\",\"inLanguage\":\"es\",\"@id\":\"https:\\\/\\\/webdelmaestrocmf.com\\\/portal\\\/#\\\/schema\\\/logo\\\/image\\\/\",\"url\":\"https:\\\/\\\/webdelmaestrocmf.com\\\/portal\\\/wp-content\\\/uploads\\\/2023\\\/01\\\/logo-wmcmf-2.png\",\"contentUrl\":\"https:\\\/\\\/webdelmaestrocmf.com\\\/portal\\\/wp-content\\\/uploads\\\/2023\\\/01\\\/logo-wmcmf-2.png\",\"width\":200,\"height\":60,\"caption\":\"Web del Maestro CMF\"},\"image\":{\"@id\":\"https:\\\/\\\/webdelmaestrocmf.com\\\/portal\\\/#\\\/schema\\\/logo\\\/image\\\/\"},\"sameAs\":[\"https:\\\/\\\/www.facebook.com\\\/WebdelMaestroCMF\\\/\",\"https:\\\/\\\/x.com\\\/cmf_w\",\"https:\\\/\\\/www.pinterest.com\\\/WMCMF\\\/\",\"https:\\\/\\\/www.linkedin.com\\\/company\\\/web-del-maestro-cmf\\\/\",\"https:\\\/\\\/www.instagram.com\\\/wmcmf\\\/\",\"https:\\\/\\\/www.youtube.com\\\/channel\\\/UCDPSvjbdodE5sHnC3OxutHw\",\"https:\\\/\\\/mastodon.social\\\/@wmcmf\",\"https:\\\/\\\/www.tiktok.com\\\/@webdelmaestrocmf\"]},{\"@type\":\"Person\",\"@id\":\"https:\\\/\\\/webdelmaestrocmf.com\\\/portal\\\/#\\\/schema\\\/person\\\/1072a2ed7bd960df8ef99a551fa35dc5\",\"name\":\"Web del Maestro CMF\",\"image\":{\"@type\":\"ImageObject\",\"inLanguage\":\"es\",\"@id\":\"https:\\\/\\\/secure.gravatar.com\\\/avatar\\\/23291dd5b5ae1077dcff3dbb04c3e02bd28403fa75af6d8787d5e97c5bbbe30b?s=96&d=mm&r=g\",\"url\":\"https:\\\/\\\/secure.gravatar.com\\\/avatar\\\/23291dd5b5ae1077dcff3dbb04c3e02bd28403fa75af6d8787d5e97c5bbbe30b?s=96&d=mm&r=g\",\"contentUrl\":\"https:\\\/\\\/secure.gravatar.com\\\/avatar\\\/23291dd5b5ae1077dcff3dbb04c3e02bd28403fa75af6d8787d5e97c5bbbe30b?s=96&d=mm&r=g\",\"caption\":\"Web del Maestro CMF\"},\"description\":\"Esta Web se cre\u00f3 sin fines de lucro, con fines educativos, cient\u00edficos y acad\u00e9micos, para personas que tengan dificultades y\\\/o inconvenientes en visualizar el material original. El objetivo es entregar recursos, compartir experiencias y materiales que ayuden a los padres de familia, maestros y estudiantes en su actualizaci\u00f3n y formaci\u00f3n permanente, en bien de la Educaci\u00f3n.\",\"sameAs\":[\"http:\\\/\\\/webdelmaestrocmf.com\\\/portal\",\"https:\\\/\\\/www.facebook.com\\\/WebdelMaestroCMF\\\/\",\"https:\\\/\\\/www.instagram.com\\\/wmcmf\\\/\",\"https:\\\/\\\/cl.linkedin.com\\\/company\\\/web-del-maestro-cmf\",\"https:\\\/\\\/www.pinterest.com\\\/WMCMF\\\/publicaciones\\\/\",\"https:\\\/\\\/x.com\\\/cmf_w\",\"https:\\\/\\\/www.youtube.com\\\/@WMCMF\"]}]}<\/script>\n<!-- \/ Yoast SEO plugin. -->","yoast_head_json":{"title":"[Fernando Gamarra] La emergencia sanitaria contin\u00faa vigente, as\u00ed como todas las normas al respecto - 2026","description":"El Decreto Supremo N\u00ba 130-2022-PCM (publicado el 27\u00b710\u00b72022) deroga el DS 016-2022-PCM que declara el Estado de Emergencia...","robots":{"index":"index","follow":"follow","max-snippet":"max-snippet:-1","max-image-preview":"max-image-preview:large","max-video-preview":"max-video-preview:-1"},"canonical":"https:\/\/webdelmaestrocmf.com\/portal\/fernando-gamarra-la-emergencia-sanitaria-continua-vigente-asi-como-todas-las-normas-al-respecto\/","og_locale":"es_ES","og_type":"article","og_title":"[Fernando Gamarra] La emergencia sanitaria contin\u00faa vigente, as\u00ed como todas las normas al respecto - 2026","og_description":"El Decreto Supremo N\u00ba 130-2022-PCM (publicado el 27\u00b710\u00b72022) deroga el DS 016-2022-PCM que declara el Estado de Emergencia...","og_url":"https:\/\/webdelmaestrocmf.com\/portal\/fernando-gamarra-la-emergencia-sanitaria-continua-vigente-asi-como-todas-las-normas-al-respecto\/","og_site_name":"Web del Maestro CMF","article_publisher":"https:\/\/www.facebook.com\/WebdelMaestroCMF\/","article_author":"https:\/\/www.facebook.com\/WebdelMaestroCMF\/","article_published_time":"2022-11-04T14:57:28+00:00","article_modified_time":"2022-11-04T14:58:38+00:00","og_image":[{"width":900,"height":556,"url":"https:\/\/i0.wp.com\/webdelmaestrocmf.com\/portal\/wp-content\/uploads\/2022\/11\/1-3.jpg?fit=900%2C556&ssl=1","type":"image\/jpeg"}],"author":"Web del Maestro CMF","twitter_card":"summary_large_image","twitter_creator":"@cmf_w","twitter_site":"@cmf_w","schema":{"@context":"https:\/\/schema.org","@graph":[{"@type":"ScholarlyArticle","@id":"https:\/\/webdelmaestrocmf.com\/portal\/fernando-gamarra-la-emergencia-sanitaria-continua-vigente-asi-como-todas-las-normas-al-respecto\/#article","isPartOf":{"@id":"https:\/\/webdelmaestrocmf.com\/portal\/fernando-gamarra-la-emergencia-sanitaria-continua-vigente-asi-como-todas-las-normas-al-respecto\/"},"author":{"name":"Web del Maestro CMF","@id":"https:\/\/webdelmaestrocmf.com\/portal\/#\/schema\/person\/1072a2ed7bd960df8ef99a551fa35dc5"},"headline":"[Fernando Gamarra] La emergencia sanitaria contin\u00faa vigente, as\u00ed como todas las normas al respecto","datePublished":"2022-11-04T14:57:28+00:00","dateModified":"2022-11-04T14:58:38+00:00","mainEntityOfPage":{"@id":"https:\/\/webdelmaestrocmf.com\/portal\/fernando-gamarra-la-emergencia-sanitaria-continua-vigente-asi-como-todas-las-normas-al-respecto\/"},"wordCount":1070,"commentCount":0,"publisher":{"@id":"https:\/\/webdelmaestrocmf.com\/portal\/#organization"},"image":{"@id":"https:\/\/webdelmaestrocmf.com\/portal\/fernando-gamarra-la-emergencia-sanitaria-continua-vigente-asi-como-todas-las-normas-al-respecto\/#primaryimage"},"thumbnailUrl":"https:\/\/webdelmaestrocmf.com\/portal\/wp-content\/uploads\/2022\/11\/1-3.jpg","keywords":["contin\u00faa vigente","EMERGENCIA","FERNANDO GAMARRA","sanitaria"],"articleSection":["Z-Colaborador-Fernando-Gamarra","Z-Colaboradores"],"inLanguage":"es","potentialAction":[{"@type":"CommentAction","name":"Comment","target":["https:\/\/webdelmaestrocmf.com\/portal\/fernando-gamarra-la-emergencia-sanitaria-continua-vigente-asi-como-todas-las-normas-al-respecto\/#respond"]}]},{"@type":"WebPage","@id":"https:\/\/webdelmaestrocmf.com\/portal\/fernando-gamarra-la-emergencia-sanitaria-continua-vigente-asi-como-todas-las-normas-al-respecto\/","url":"https:\/\/webdelmaestrocmf.com\/portal\/fernando-gamarra-la-emergencia-sanitaria-continua-vigente-asi-como-todas-las-normas-al-respecto\/","name":"[Fernando Gamarra] La emergencia sanitaria contin\u00faa vigente, as\u00ed como todas las normas al respecto - 2026","isPartOf":{"@id":"https:\/\/webdelmaestrocmf.com\/portal\/#website"},"primaryImageOfPage":{"@id":"https:\/\/webdelmaestrocmf.com\/portal\/fernando-gamarra-la-emergencia-sanitaria-continua-vigente-asi-como-todas-las-normas-al-respecto\/#primaryimage"},"image":{"@id":"https:\/\/webdelmaestrocmf.com\/portal\/fernando-gamarra-la-emergencia-sanitaria-continua-vigente-asi-como-todas-las-normas-al-respecto\/#primaryimage"},"thumbnailUrl":"https:\/\/webdelmaestrocmf.com\/portal\/wp-content\/uploads\/2022\/11\/1-3.jpg","datePublished":"2022-11-04T14:57:28+00:00","dateModified":"2022-11-04T14:58:38+00:00","description":"El Decreto Supremo N\u00ba 130-2022-PCM (publicado el 27\u00b710\u00b72022) deroga el DS 016-2022-PCM que declara el Estado de Emergencia...","breadcrumb":{"@id":"https:\/\/webdelmaestrocmf.com\/portal\/fernando-gamarra-la-emergencia-sanitaria-continua-vigente-asi-como-todas-las-normas-al-respecto\/#breadcrumb"},"inLanguage":"es","potentialAction":[{"@type":"ReadAction","target":["https:\/\/webdelmaestrocmf.com\/portal\/fernando-gamarra-la-emergencia-sanitaria-continua-vigente-asi-como-todas-las-normas-al-respecto\/"]}]},{"@type":"ImageObject","inLanguage":"es","@id":"https:\/\/webdelmaestrocmf.com\/portal\/fernando-gamarra-la-emergencia-sanitaria-continua-vigente-asi-como-todas-las-normas-al-respecto\/#primaryimage","url":"https:\/\/webdelmaestrocmf.com\/portal\/wp-content\/uploads\/2022\/11\/1-3.jpg","contentUrl":"https:\/\/webdelmaestrocmf.com\/portal\/wp-content\/uploads\/2022\/11\/1-3.jpg","width":900,"height":556},{"@type":"BreadcrumbList","@id":"https:\/\/webdelmaestrocmf.com\/portal\/fernando-gamarra-la-emergencia-sanitaria-continua-vigente-asi-como-todas-las-normas-al-respecto\/#breadcrumb","itemListElement":[{"@type":"ListItem","position":1,"name":"Portada","item":"https:\/\/webdelmaestrocmf.com\/portal\/"},{"@type":"ListItem","position":2,"name":"Z-Colaboradores","item":"https:\/\/webdelmaestrocmf.com\/portal\/category\/colaborador\/"},{"@type":"ListItem","position":3,"name":"Z-Colaborador-Fernando-Gamarra","item":"https:\/\/webdelmaestrocmf.com\/portal\/category\/colaborador\/z-colaborador-fernando-gamarra\/"},{"@type":"ListItem","position":4,"name":"[Fernando Gamarra] La emergencia sanitaria contin\u00faa vigente, as\u00ed como todas las normas al respecto"}]},{"@type":"WebSite","@id":"https:\/\/webdelmaestrocmf.com\/portal\/#website","url":"https:\/\/webdelmaestrocmf.com\/portal\/","name":"Web del Maestro CMF","description":"Maestros al servicio de la educaci\u00f3n","publisher":{"@id":"https:\/\/webdelmaestrocmf.com\/portal\/#organization"},"alternateName":"WMCMF","potentialAction":[{"@type":"SearchAction","target":{"@type":"EntryPoint","urlTemplate":"https:\/\/webdelmaestrocmf.com\/portal\/?s={search_term_string}"},"query-input":{"@type":"PropertyValueSpecification","valueRequired":true,"valueName":"search_term_string"}}],"inLanguage":"es"},{"@type":"Organization","@id":"https:\/\/webdelmaestrocmf.com\/portal\/#organization","name":"Web del Maestro CMF","alternateName":"WMCMF","url":"https:\/\/webdelmaestrocmf.com\/portal\/","logo":{"@type":"ImageObject","inLanguage":"es","@id":"https:\/\/webdelmaestrocmf.com\/portal\/#\/schema\/logo\/image\/","url":"https:\/\/webdelmaestrocmf.com\/portal\/wp-content\/uploads\/2023\/01\/logo-wmcmf-2.png","contentUrl":"https:\/\/webdelmaestrocmf.com\/portal\/wp-content\/uploads\/2023\/01\/logo-wmcmf-2.png","width":200,"height":60,"caption":"Web del Maestro CMF"},"image":{"@id":"https:\/\/webdelmaestrocmf.com\/portal\/#\/schema\/logo\/image\/"},"sameAs":["https:\/\/www.facebook.com\/WebdelMaestroCMF\/","https:\/\/x.com\/cmf_w","https:\/\/www.pinterest.com\/WMCMF\/","https:\/\/www.linkedin.com\/company\/web-del-maestro-cmf\/","https:\/\/www.instagram.com\/wmcmf\/","https:\/\/www.youtube.com\/channel\/UCDPSvjbdodE5sHnC3OxutHw","https:\/\/mastodon.social\/@wmcmf","https:\/\/www.tiktok.com\/@webdelmaestrocmf"]},{"@type":"Person","@id":"https:\/\/webdelmaestrocmf.com\/portal\/#\/schema\/person\/1072a2ed7bd960df8ef99a551fa35dc5","name":"Web del Maestro CMF","image":{"@type":"ImageObject","inLanguage":"es","@id":"https:\/\/secure.gravatar.com\/avatar\/23291dd5b5ae1077dcff3dbb04c3e02bd28403fa75af6d8787d5e97c5bbbe30b?s=96&d=mm&r=g","url":"https:\/\/secure.gravatar.com\/avatar\/23291dd5b5ae1077dcff3dbb04c3e02bd28403fa75af6d8787d5e97c5bbbe30b?s=96&d=mm&r=g","contentUrl":"https:\/\/secure.gravatar.com\/avatar\/23291dd5b5ae1077dcff3dbb04c3e02bd28403fa75af6d8787d5e97c5bbbe30b?s=96&d=mm&r=g","caption":"Web del Maestro CMF"},"description":"Esta Web se cre\u00f3 sin fines de lucro, con fines educativos, cient\u00edficos y acad\u00e9micos, para personas que tengan dificultades y\/o inconvenientes en visualizar el material original. El objetivo es entregar recursos, compartir experiencias y materiales que ayuden a los padres de familia, maestros y estudiantes en su actualizaci\u00f3n y formaci\u00f3n permanente, en bien de la Educaci\u00f3n.","sameAs":["http:\/\/webdelmaestrocmf.com\/portal","https:\/\/www.facebook.com\/WebdelMaestroCMF\/","https:\/\/www.instagram.com\/wmcmf\/","https:\/\/cl.linkedin.com\/company\/web-del-maestro-cmf","https:\/\/www.pinterest.com\/WMCMF\/publicaciones\/","https:\/\/x.com\/cmf_w","https:\/\/www.youtube.com\/@WMCMF"]}]}},"jetpack_featured_media_url":"https:\/\/webdelmaestrocmf.com\/portal\/wp-content\/uploads\/2022\/11\/1-3.jpg","jetpack_sharing_enabled":true,"jetpack-related-posts":[{"id":72667,"url":"https:\/\/webdelmaestrocmf.com\/portal\/fernando-gamarra-prorroga-de-la-vigencia-del-trabajo-remoto-y-retorno-a-la-presencialidad-y-o-semipresencialidad-en-instituciones-educativas-en-el-peru\/","url_meta":{"origin":81323,"position":0},"title":"[Fernando Gamarra] Pr\u00f3rroga de la vigencia del trabajo remoto y retorno a la presencialidad y\/o semipresencialidad en instituciones educativas en el Per\u00fa","author":"Web del Maestro CMF","date":"4 enero, 2022","format":false,"excerpt":"\u00baEl DU 115-2021, publicado el jueves 30 de diciembre de 2021, modifica el numeral 2 de la Cuarta Disposici\u00f3n Complementaria Final del DU 026-2020 de la siguiente manera: \u201cEl t\u00edtulo II tiene vigencia para el sector p\u00fablico y el sector privado hasta el 31 de diciembre de 2022\u201d El T\u00edtulo\u2026","rel":"","context":"En \u00abZ-Colaborador-Fernando-Gamarra\u00bb","block_context":{"text":"Z-Colaborador-Fernando-Gamarra","link":"https:\/\/webdelmaestrocmf.com\/portal\/category\/colaborador\/z-colaborador-fernando-gamarra\/"},"img":{"alt_text":"","src":"https:\/\/i0.wp.com\/webdelmaestrocmf.com\/portal\/wp-content\/uploads\/2022\/01\/1-14.jpg?resize=350%2C200&ssl=1","width":350,"height":200,"srcset":"https:\/\/i0.wp.com\/webdelmaestrocmf.com\/portal\/wp-content\/uploads\/2022\/01\/1-14.jpg?resize=350%2C200&ssl=1 1x, https:\/\/i0.wp.com\/webdelmaestrocmf.com\/portal\/wp-content\/uploads\/2022\/01\/1-14.jpg?resize=525%2C300&ssl=1 1.5x, https:\/\/i0.wp.com\/webdelmaestrocmf.com\/portal\/wp-content\/uploads\/2022\/01\/1-14.jpg?resize=700%2C400&ssl=1 2x, https:\/\/i0.wp.com\/webdelmaestrocmf.com\/portal\/wp-content\/uploads\/2022\/01\/1-14.jpg?resize=1050%2C600&ssl=1 3x"},"classes":[]},{"id":78673,"url":"https:\/\/webdelmaestrocmf.com\/portal\/fernando-gamarra-auxiliares-de-educacion-y-el-permiso-por-el-dia-del-maestro\/","url_meta":{"origin":81323,"position":1},"title":"[Fernando Gamarra] Auxiliares de Educaci\u00f3n y el permiso por el D\u00eda del Maestro","author":"Web del Maestro CMF","date":"19 julio, 2022","format":false,"excerpt":"La Segunda Disposici\u00f3n Complementaria, Final y Transitoria de la Ley N\u00ba 29944 regula la situaci\u00f3n jur\u00eddica de los Auxiliares de educaci\u00f3n, pues aqu\u00ed prescribe que los auxiliares de educaci\u00f3n se rigen por dicha ley en todo lo que les corresponda. Siendo as\u00ed, los Auxiliares de Educaci\u00f3n se rigen por las\u2026","rel":"","context":"En \u00abZ-Colaborador-Fernando-Gamarra\u00bb","block_context":{"text":"Z-Colaborador-Fernando-Gamarra","link":"https:\/\/webdelmaestrocmf.com\/portal\/category\/colaborador\/z-colaborador-fernando-gamarra\/"},"img":{"alt_text":"","src":"https:\/\/i0.wp.com\/webdelmaestrocmf.com\/portal\/wp-content\/uploads\/2022\/07\/1c-2.jpg?resize=350%2C200&ssl=1","width":350,"height":200,"srcset":"https:\/\/i0.wp.com\/webdelmaestrocmf.com\/portal\/wp-content\/uploads\/2022\/07\/1c-2.jpg?resize=350%2C200&ssl=1 1x, https:\/\/i0.wp.com\/webdelmaestrocmf.com\/portal\/wp-content\/uploads\/2022\/07\/1c-2.jpg?resize=525%2C300&ssl=1 1.5x, https:\/\/i0.wp.com\/webdelmaestrocmf.com\/portal\/wp-content\/uploads\/2022\/07\/1c-2.jpg?resize=700%2C400&ssl=1 2x"},"classes":[]},{"id":67147,"url":"https:\/\/webdelmaestrocmf.com\/portal\/fernando-gamarra-declaratoria-de-emergencia-del-sistema-educativo-peruano\/","url_meta":{"origin":81323,"position":2},"title":"[Fernando Gamarra] Declaratoria de emergencia del sistema educativo peruano","author":"Web del Maestro CMF","date":"27 agosto, 2021","format":false,"excerpt":"Con el Decreto Supremo N\u00b0 014-2021-MINEDU, el Gobierno dispuso declarar en emergencia\u00a0el Sistema Educativo Peruano a nivel nacional durante el segundo semestre del a\u00f1o 2021 y el primer semestre del a\u00f1o 2022, por los efectos negativos producidos en el Sistema Educativo como consecuencia del brote de la COVID \u201319. A\u2026","rel":"","context":"En \u00abZ-Colaborador-Fernando-Gamarra\u00bb","block_context":{"text":"Z-Colaborador-Fernando-Gamarra","link":"https:\/\/webdelmaestrocmf.com\/portal\/category\/colaborador\/z-colaborador-fernando-gamarra\/"},"img":{"alt_text":"","src":"https:\/\/i0.wp.com\/webdelmaestrocmf.com\/portal\/wp-content\/uploads\/2021\/08\/1-190.jpg?resize=350%2C200&ssl=1","width":350,"height":200,"srcset":"https:\/\/i0.wp.com\/webdelmaestrocmf.com\/portal\/wp-content\/uploads\/2021\/08\/1-190.jpg?resize=350%2C200&ssl=1 1x, https:\/\/i0.wp.com\/webdelmaestrocmf.com\/portal\/wp-content\/uploads\/2021\/08\/1-190.jpg?resize=525%2C300&ssl=1 1.5x, https:\/\/i0.wp.com\/webdelmaestrocmf.com\/portal\/wp-content\/uploads\/2021\/08\/1-190.jpg?resize=700%2C400&ssl=1 2x, https:\/\/i0.wp.com\/webdelmaestrocmf.com\/portal\/wp-content\/uploads\/2021\/08\/1-190.jpg?resize=1050%2C600&ssl=1 3x"},"classes":[]},{"id":63664,"url":"https:\/\/webdelmaestrocmf.com\/portal\/fernando-gamarra-ultima-semana-de-campana-electoral-en-el-peru\/","url_meta":{"origin":81323,"position":3},"title":"[Fernando Gamarra] \u00daltima semana de campa\u00f1a electoral en el Per\u00fa","author":"Web del Maestro CMF","date":"2 junio, 2021","format":false,"excerpt":"En esta \u00faltima semana de campa\u00f1a, los dos candidatos a la presidencia de la Rep\u00fablica deben difundir sus programas de gobierno de la forma m\u00e1s clara y did\u00e1ctica posible para poder fomentar en la poblaci\u00f3n un voto m\u00e1s informado y responsable. Despu\u00e9s del debate es necesario que sigan explicando sus\u2026","rel":"","context":"En \u00abZ-Colaborador-Fernando-Gamarra\u00bb","block_context":{"text":"Z-Colaborador-Fernando-Gamarra","link":"https:\/\/webdelmaestrocmf.com\/portal\/category\/colaborador\/z-colaborador-fernando-gamarra\/"},"img":{"alt_text":"","src":"https:\/\/i0.wp.com\/webdelmaestrocmf.com\/portal\/wp-content\/uploads\/2021\/06\/1.jpg-10.png?resize=350%2C200&ssl=1","width":350,"height":200,"srcset":"https:\/\/i0.wp.com\/webdelmaestrocmf.com\/portal\/wp-content\/uploads\/2021\/06\/1.jpg-10.png?resize=350%2C200&ssl=1 1x, https:\/\/i0.wp.com\/webdelmaestrocmf.com\/portal\/wp-content\/uploads\/2021\/06\/1.jpg-10.png?resize=525%2C300&ssl=1 1.5x, https:\/\/i0.wp.com\/webdelmaestrocmf.com\/portal\/wp-content\/uploads\/2021\/06\/1.jpg-10.png?resize=700%2C400&ssl=1 2x, https:\/\/i0.wp.com\/webdelmaestrocmf.com\/portal\/wp-content\/uploads\/2021\/06\/1.jpg-10.png?resize=1050%2C600&ssl=1 3x"},"classes":[]},{"id":73470,"url":"https:\/\/webdelmaestrocmf.com\/portal\/fernando-gamarra-comision-multisectorial-para-el-retorno-a-clases-2022-en-el-peru-d-s-no-002-2022-minedu\/","url_meta":{"origin":81323,"position":4},"title":"[Fernando Gamarra] Comisi\u00f3n multisectorial para el retorno a clases 2022 en el Per\u00fa (D.S. N\u00ba 002-2022-MINEDU)","author":"Web del Maestro CMF","date":"24 enero, 2022","format":false,"excerpt":"El mi\u00e9rcoles 19 de enero de 2022, se public\u00f3 en el diario el Peruano el D.S. N\u00ba 002-2022-MINEDU, que crea la Comisi\u00f3n Multisectorial de naturaleza permanente denominada \u201cComisi\u00f3n Multisectorial para el retorno a clases 2022 y para el inicio de cada a\u00f1o escolar\u201d con el objeto de que los sectores\u2026","rel":"","context":"En \u00abZ-Colaborador-Fernando-Gamarra\u00bb","block_context":{"text":"Z-Colaborador-Fernando-Gamarra","link":"https:\/\/webdelmaestrocmf.com\/portal\/category\/colaborador\/z-colaborador-fernando-gamarra\/"},"img":{"alt_text":"","src":"https:\/\/i0.wp.com\/webdelmaestrocmf.com\/portal\/wp-content\/uploads\/2022\/01\/1-142.jpg?resize=350%2C200&ssl=1","width":350,"height":200,"srcset":"https:\/\/i0.wp.com\/webdelmaestrocmf.com\/portal\/wp-content\/uploads\/2022\/01\/1-142.jpg?resize=350%2C200&ssl=1 1x, https:\/\/i0.wp.com\/webdelmaestrocmf.com\/portal\/wp-content\/uploads\/2022\/01\/1-142.jpg?resize=525%2C300&ssl=1 1.5x, https:\/\/i0.wp.com\/webdelmaestrocmf.com\/portal\/wp-content\/uploads\/2022\/01\/1-142.jpg?resize=700%2C400&ssl=1 2x, https:\/\/i0.wp.com\/webdelmaestrocmf.com\/portal\/wp-content\/uploads\/2022\/01\/1-142.jpg?resize=1050%2C600&ssl=1 3x"},"classes":[]},{"id":75521,"url":"https:\/\/webdelmaestrocmf.com\/portal\/fernando-gamarra-servicio-educativo-y-rutina-para-el-consumo-de-alimentos-en-el-peru\/","url_meta":{"origin":81323,"position":5},"title":"[Fernando Gamarra] Servicio educativo y rutina para el consumo de alimentos en el Per\u00fa","author":"Web del Maestro CMF","date":"15 marzo, 2022","format":false,"excerpt":"La jornada de trabajo del profesor que ejerce funciones de ense\u00f1anza en aula, en las diferentes modalidades, forma, niveles y ciclos educativos, la cual puede ser lectiva o no lectiva es de 30 horas pedag\u00f3gicas semanal-mensual de 45 minutos cada una, al profesor se le remunera por esas horas. Si\u2026","rel":"","context":"En \u00abZ-Colaborador-Fernando-Gamarra\u00bb","block_context":{"text":"Z-Colaborador-Fernando-Gamarra","link":"https:\/\/webdelmaestrocmf.com\/portal\/category\/colaborador\/z-colaborador-fernando-gamarra\/"},"img":{"alt_text":"","src":"https:\/\/i0.wp.com\/webdelmaestrocmf.com\/portal\/wp-content\/uploads\/2022\/03\/1-18.jpg?resize=350%2C200&ssl=1","width":350,"height":200,"srcset":"https:\/\/i0.wp.com\/webdelmaestrocmf.com\/portal\/wp-content\/uploads\/2022\/03\/1-18.jpg?resize=350%2C200&ssl=1 1x, https:\/\/i0.wp.com\/webdelmaestrocmf.com\/portal\/wp-content\/uploads\/2022\/03\/1-18.jpg?resize=525%2C300&ssl=1 1.5x, https:\/\/i0.wp.com\/webdelmaestrocmf.com\/portal\/wp-content\/uploads\/2022\/03\/1-18.jpg?resize=700%2C400&ssl=1 2x, https:\/\/i0.wp.com\/webdelmaestrocmf.com\/portal\/wp-content\/uploads\/2022\/03\/1-18.jpg?resize=1050%2C600&ssl=1 3x"},"classes":[]}],"_links":{"self":[{"href":"https:\/\/webdelmaestrocmf.com\/portal\/wp-json\/wp\/v2\/posts\/81323","targetHints":{"allow":["GET"]}}],"collection":[{"href":"https:\/\/webdelmaestrocmf.com\/portal\/wp-json\/wp\/v2\/posts"}],"about":[{"href":"https:\/\/webdelmaestrocmf.com\/portal\/wp-json\/wp\/v2\/types\/post"}],"author":[{"embeddable":true,"href":"https:\/\/webdelmaestrocmf.com\/portal\/wp-json\/wp\/v2\/users\/1"}],"replies":[{"embeddable":true,"href":"https:\/\/webdelmaestrocmf.com\/portal\/wp-json\/wp\/v2\/comments?post=81323"}],"version-history":[{"count":0,"href":"https:\/\/webdelmaestrocmf.com\/portal\/wp-json\/wp\/v2\/posts\/81323\/revisions"}],"wp:featuredmedia":[{"embeddable":true,"href":"https:\/\/webdelmaestrocmf.com\/portal\/wp-json\/wp\/v2\/media\/81325"}],"wp:attachment":[{"href":"https:\/\/webdelmaestrocmf.com\/portal\/wp-json\/wp\/v2\/media?parent=81323"}],"wp:term":[{"taxonomy":"category","embeddable":true,"href":"https:\/\/webdelmaestrocmf.com\/portal\/wp-json\/wp\/v2\/categories?post=81323"},{"taxonomy":"post_tag","embeddable":true,"href":"https:\/\/webdelmaestrocmf.com\/portal\/wp-json\/wp\/v2\/tags?post=81323"}],"curies":[{"name":"wp","href":"https:\/\/api.w.org\/{rel}","templated":true}]}}