{"id":81118,"date":"2022-10-19T20:52:41","date_gmt":"2022-10-19T23:52:41","guid":{"rendered":"https:\/\/webdelmaestrocmf.com\/portal\/?p=81118"},"modified":"2025-01-14T13:29:45","modified_gmt":"2025-01-14T16:29:45","slug":"14-estrategias-para-estimular-la-inteligencia-emocional-y-20-dinamicas-para-el-aprendizaje-socio-emocional-en-el-aula","status":"publish","type":"post","link":"https:\/\/webdelmaestrocmf.com\/portal\/14-estrategias-para-estimular-la-inteligencia-emocional-y-20-dinamicas-para-el-aprendizaje-socio-emocional-en-el-aula\/","title":{"rendered":"14 Estrategias para estimular la Inteligencia emocional y 20 din\u00e1micas para el aprendizaje socio-emocional en el aula"},"content":{"rendered":"<p style=\"text-align: justify;\">Desde peque\u00f1o,\u00a0el ser humano aprende por imitaci\u00f3n. Observamos lo que est\u00e1 y a quienes est\u00e1n a nuestro alrededor y copiamos o interiorizamos ciertas actitudes, comportamientos, modelos de conducta.\u00a0<strong>Nuestros familiares, nuestros amigos, nuestros compa\u00f1eros de trabajo o de clase\u2026todos ejercen influencia, de un modo u otro, en la formaci\u00f3n de nuestro yo<\/strong>. As\u00ed, la escuela se convierte, junto a la familia, en uno de los primeros agentes de socializaci\u00f3n.<\/p>\n<p><!--more--><\/p>\n<p style=\"text-align: justify;\">Inteligencia Emocional fue un t\u00e9rmino utilizado por Peter Salovey y John Mayer en 1990, quienes la definen como:\u00a0<strong>\u201cla capacidad de controlar y regular las emociones de uno mismo para resolver los problemas de manera pac\u00edfica, obteniendo un bienestar para s\u00ed mismo y para los dem\u00e1s\u201d<\/strong>.<\/p>\n<h2 style=\"text-align: justify;\">I. C\u00f3mo aplicar la inteligencia emocional en el aula.<\/h2>\n<p style=\"text-align: justify;\">Algunas\u00a0<strong>estrategias<\/strong>\u00a0para estimular el desarrollo de la Inteligencia Emocional en los educandos son:<\/p>\n<p style=\"padding-left: 40px; text-align: justify;\"><strong>1.<\/strong>\u00a0Dejar que los educandos expresen sus sentimientos y emociones y, como adulto, escuchar y expresar las propias. El\u00a0<strong>autoconocimiento y autoconciencia<\/strong>, capacidad de saber qu\u00e9 est\u00e1 pasando en nuestro cuerpo y qu\u00e9 estamos sintiendo, son dos de los pilares fundamentales para desarrollar la Inteligencia Emocional. Se debe estimular la afectividad a trav\u00e9s de la expresi\u00f3n regulada del sentimiento positivo y, m\u00e1s dif\u00edcil a\u00fan, de las emociones negativas.<\/p>\n<p style=\"padding-left: 40px; text-align: justify;\"><strong>2.\u00a0<\/strong>Mostrar que\u00a0<strong>la persona con la que est\u00e1 tratando es importante<\/strong>. A veces las cosas m\u00e1s sencillas de hacer son las que mayor impacto causan en los dem\u00e1s: dar un abrazo, dedicar unos minutos sin mostrar que se est\u00e1 apurado para irse, escuchar con atenci\u00f3n y comprensi\u00f3n.<\/p>\n<p style=\"padding-left: 40px; text-align: justify;\"><strong>3.\u00a0<\/strong>Ense\u00f1ar que en la vida\u00a0<strong>no siempre se puede tener lo que queremos<\/strong>. A veces es posible, aunque es probable que cueste mucho esfuerzo y trabajo. Ense\u00f1arle a los ni\u00f1os a esperar hasta que llegue el momento de tener lo que se quiere y, que mientras tanto, tenemos que seguir viviendo. Otros pilares de la Inteligencia emocional son el\u00a0<strong>autocontrol y el autodominio:\u00a0<\/strong>regular la manifestaci\u00f3n de una emoci\u00f3n y modificar un estado de \u00e1nimo.<\/p>\n<p style=\"padding-left: 40px; text-align: justify;\"><strong>4.<\/strong>\u00a0Ense\u00f1ar que cuando se tiene un problema,\u00a0<strong>lo primero que hay que hacer es reflexionar y luego actuar de una forma pac\u00edfica<\/strong>, sin lastimar a otras personas para solucionar el problema. Ense\u00f1arle al educando c\u00f3mo afrontar emociones negativas como la ira, el enojo, la rabia, etc. Est\u00e1 bien expresar que uno est\u00e1 enojado, siempre y cuando se haga de una manera saludable y sin herirse ni hiriendo a otra persona.<\/p>\n<p style=\"padding-left: 40px; text-align: justify;\"><strong>5.<\/strong>\u00a0La\u00a0<strong>capacidad de automotivarse y de motivar a los dem\u00e1s<\/strong>. Tener la habilidad de despertar en uno mismo y en otras personas la estimulaci\u00f3n para llevar a cabo acciones o tareas est\u00e1 \u00edntimamente ligada al\u00a0<strong>optimismo y autoestima<\/strong>. Un educando que recibe reconocimiento raramente ser\u00e1 agresivo o pesimista.<\/p>\n<p style=\"padding-left: 40px; text-align: justify;\"><strong>6.<\/strong>\u00a0Cuando se reconocen\u00a0las actitudes y acciones positivas\u00a0que tus educandos realizan, tambi\u00e9n\u00a0<strong>se debe se\u00f1alar con firmeza que algo est\u00e1 mal cuando una acci\u00f3n es negativa<\/strong>. Ayuda a los educandos a ponerse en el lugar de la otra persona y a pensar c\u00f3mo se sentir\u00eda \u00e9l en aquella situaci\u00f3n. De esta manera estar\u00e1s favoreciendo el desarrollar\u00a0<strong>la empat\u00eda<\/strong>. Ens\u00e9\u00f1ale a pedir perd\u00f3n. La ense\u00f1anza de habilidades emp\u00e1ticas se logra mostrando a los educandos c\u00f3mo prestar atenci\u00f3n, saber escuchar y comprender los puntos de vista de los dem\u00e1s.<\/p>\n<p style=\"padding-left: 40px; text-align: justify;\"><strong>7.<\/strong>\u00a0En las relaciones sociales, ense\u00f1a a tus educandos que\u00a0<strong>la mejor manera de solucionar conflictos es conversando<\/strong>, no agrediendo ni f\u00edsica ni verbalmente a la otra persona. Una buena charla puede achicar brechas, ense\u00f1arnos a ver las cosas desde otro punto de vista, aprender y aceptar que quiz\u00e1s lo mejor es lo que la otra persona propone. De no ser as\u00ed, ense\u00f1ar a expresar lo que siente para que pueda lograrse la soluci\u00f3n del conflicto. Tambi\u00e9n puedes ense\u00f1ar que su influencia personal puede servir para inspirar a otros a comunicar y expresar lo que sienten.<\/p>\n<p style=\"padding-left: 40px; text-align: justify;\"><strong>8.\u00a0Dialoga con tus educandos<\/strong>. Comentar con ellos temas variados les ayudar\u00e1 a\u00a0<strong>comprender la realidad y a desarrollar el juicio cr\u00edtico<\/strong>.<\/p>\n<p style=\"padding-left: 40px; text-align: justify;\"><strong>9.<\/strong>\u00a0Felicita al educando cada vez que enfrente una emoci\u00f3n negativa de manera adecuada. Adem\u00e1s, ayudar\u00e1 a\u00a0<strong>desarrollar su optimismo y autoestima<\/strong>.<\/p>\n<p style=\"padding-left: 40px; text-align: justify;\"><strong>10.<\/strong>\u00a0No olvides nunca que la mejor manera de ense\u00f1ar y educar es mediante\u00a0<strong>el ejemplo<\/strong>.<\/p>\n<p style=\"padding-left: 40px; text-align: justify;\"><strong>11.<\/strong>\u00a0Como docentes, se debe tratar a los educandos \u201c<strong>como le gustar\u00eda que lo tratasen ellos a uno<\/strong>\u201d, siendo conscientes de c\u00f3mo se controlan las propias emociones y qu\u00e9 actitudes se tienen con los otros, de esta manera, se ense\u00f1a al educando c\u00f3mo desarrollar estas conductas.<\/p>\n<p style=\"padding-left: 40px; text-align: justify;\"><strong>12.<\/strong>\u00a0Se debe tratar con especial \u00e9nfasis la habilidad de\u00a0<strong>resaltar los aspectos positivos por encima de los negativos<\/strong>\u00a0y los objetivos alcanzados antes que las insuficiencias.<\/p>\n<p style=\"padding-left: 40px; text-align: justify;\"><strong>13.\u00a0Reconocer y nombrar las diferentes emociones<\/strong>, realizando ejercicios pr\u00e1cticos para desarrollar la\u00a0<strong>empat\u00eda<\/strong>\u00a0con los compa\u00f1eros de clase, fomentando el\u00a0<strong>di\u00e1logo<\/strong>\u00a0y la\u00a0<strong>apertura<\/strong>\u00a0y, ense\u00f1ar recursos para controlar la ira y la rabia son algunas de las\u00a0<strong>estrategias<\/strong>\u00a0que pueden utilizar los docentes para fortalecer el desarrollo emocional de sus estudiantes.<\/p>\n<p style=\"padding-left: 40px; text-align: justify;\"><strong>14.<\/strong>\u00a0Parte importante del rol del docente es\u00a0<strong>saber captar los distintos mensajes que le transmiten<\/strong>\u00a0sus alumnos y alumnas, respondiendo a sus intereses y necesidades, favoreciendo la comunicaci\u00f3n con ellos y adecuando las estrategias educativas para tratar de integrarlos a todos al proceso de aprendizaje. Las interacciones educador-educando son un espacio socio-emocional ideal para la educaci\u00f3n afectiva\u00a0con actividades cotidianas como:<\/p>\n<ul style=\"text-align: justify;\">\n<li style=\"list-style-type: none;\">\n<ul>\n<li>Contar problemas o intercambiar opiniones y consejos.<\/li>\n<li>Recurrir a la mediaci\u00f3n en la resoluci\u00f3n de conflictos interpersonales entre educandos.<\/li>\n<li>Contar an\u00e9cdotas del propio educador sobre c\u00f3mo resolvi\u00f3 problemas similares a los que pasan los educandos.<\/li>\n<li>Creaci\u00f3n de tareas que permitan vivenciar y aprender sobre los sentimientos humanos como la proyecci\u00f3n de pel\u00edculas, la lectura de poes\u00eda y narraciones, las representaciones teatrales.<\/li>\n<\/ul>\n<\/li>\n<\/ul>\n<p><img loading=\"lazy\" decoding=\"async\" class=\"alignnone size-large wp-image-107488\" src=\"https:\/\/webdelmaestrocmf.com\/portal\/wp-content\/uploads\/2022\/10\/Tabla-comparativa-cerebro-moderno-colores-pastel-A4-4-724x1024.jpg\" alt=\"\" width=\"724\" height=\"1024\" srcset=\"https:\/\/webdelmaestrocmf.com\/portal\/wp-content\/uploads\/2022\/10\/Tabla-comparativa-cerebro-moderno-colores-pastel-A4-4-724x1024.jpg 724w, https:\/\/webdelmaestrocmf.com\/portal\/wp-content\/uploads\/2022\/10\/Tabla-comparativa-cerebro-moderno-colores-pastel-A4-4-212x300.jpg 212w, https:\/\/webdelmaestrocmf.com\/portal\/wp-content\/uploads\/2022\/10\/Tabla-comparativa-cerebro-moderno-colores-pastel-A4-4-768x1086.jpg 768w, https:\/\/webdelmaestrocmf.com\/portal\/wp-content\/uploads\/2022\/10\/Tabla-comparativa-cerebro-moderno-colores-pastel-A4-4-1086x1536.jpg 1086w, https:\/\/webdelmaestrocmf.com\/portal\/wp-content\/uploads\/2022\/10\/Tabla-comparativa-cerebro-moderno-colores-pastel-A4-4-380x537.jpg 380w, https:\/\/webdelmaestrocmf.com\/portal\/wp-content\/uploads\/2022\/10\/Tabla-comparativa-cerebro-moderno-colores-pastel-A4-4-550x778.jpg 550w, https:\/\/webdelmaestrocmf.com\/portal\/wp-content\/uploads\/2022\/10\/Tabla-comparativa-cerebro-moderno-colores-pastel-A4-4-800x1132.jpg 800w, https:\/\/webdelmaestrocmf.com\/portal\/wp-content\/uploads\/2022\/10\/Tabla-comparativa-cerebro-moderno-colores-pastel-A4-4-1160x1641.jpg 1160w, https:\/\/webdelmaestrocmf.com\/portal\/wp-content\/uploads\/2022\/10\/Tabla-comparativa-cerebro-moderno-colores-pastel-A4-4.jpg 1414w\" sizes=\"auto, (max-width: 724px) 100vw, 724px\" \/><\/p>\n<h2 style=\"text-align: justify;\">II. Componentes de la inteligencia emocional.<\/h2>\n<ul style=\"text-align: justify;\">\n<li><strong><u>Conocer las propias emociones.<\/u><\/strong>\u00a0La conciencia de uno mismo es la clave de la inteligencia emocional. Una mayor certidumbre con respecto a nuestras emociones es una buena gu\u00eda para las elecciones vitales.<\/li>\n<li><strong><u>Manejar las emociones.<\/u><\/strong>\u00a0Las personas que saben serenarse y librarse de la ansiedad, irritaci\u00f3n o melancol\u00edas excesivas se recuperan con mayor rapidez de los reveses de la vida.<\/li>\n<li><strong><u>Automotivaci\u00f3n.<\/u><\/strong>\u00a0Las personas que saben controlar la impulsividad y esperar para obtener su recompensa cumplen con sus objetivos y est\u00e1n conformes con sus logros.<\/li>\n<li><strong><u>Empat\u00eda.<\/u><\/strong>\u00a0La capacidad para reconocer las emociones de los dem\u00e1s, saber qu\u00e9 quieren y qu\u00e9 necesitan es la habilidad fundamental para establecer relaciones sociales y v\u00ednculos personales.<\/li>\n<li><strong><u>Manejar las relaciones.<\/u><\/strong>\u00a0Esto significa saber actuar de acuerdo con las emociones de los dem\u00e1s; ayuda a determinar la capacidad de liderazgo y popularidad.<\/li>\n<\/ul>\n<h2 style=\"text-align: justify;\">III. Did\u00e1cticas para trabajar lo emocional en el aula.<\/h2>\n<ul style=\"text-align: justify;\">\n<li>Cualquier contenido que el educador explique debe ser vivido por el educando tambi\u00e9n desde la emoci\u00f3n, no solo como un dato o un conocimiento m\u00e1s.<\/li>\n<li>El uso de\u00a0<strong>fotograf\u00edas y escenas de la vida\u00a0<\/strong>diaria son elementos que provocan con bastante facilidad que emerja el mundo emocional.<\/li>\n<li>El uso del\u00a0<strong>relato, el cuento, la poes\u00eda, las obras literarias,\u00a0<\/strong>en general, est\u00e1n llenas de situaciones emocionales a partir de las cuales se pueden trabajar estos contenidos.<\/li>\n<li>La propuesta de\u00a0<strong>juegos de comunicaci\u00f3n\u00a0<\/strong>y expresi\u00f3n emocional.<\/li>\n<li>Las\u00a0<strong>pel\u00edculas\u00a0<\/strong>que permitan el an\u00e1lisis de las emociones de los personajes y de las sensaciones que provocan en el espectador.<\/li>\n<li>Utilizaci\u00f3n de t\u00e9cnicas de\u00a0<strong>role-playing.<\/strong><\/li>\n<li><strong>Mensajes publicitarios\u00a0<\/strong>como elementos de toma de conciencia, respecto del impacto emocional de las im\u00e1genes.<\/li>\n<li>La\u00a0<strong>m\u00fasica<\/strong>, elemento fundamental que nos ayuda a mirar hacia dentro centrando la atenci\u00f3n en los procesos internos.<\/li>\n<li>La utilizaci\u00f3n del\u00a0<strong>color\u00a0<\/strong>y de la\u00a0<strong>forma.<\/strong><\/li>\n<li>En general, las\u00a0<strong>artes<\/strong>, incluida la\u00a0<strong>danza<\/strong>, proporcionan los medios para expresar los sentimientos y las ideas de maneras creativas y hacen que cualquier experiencia de aprendizaje sea m\u00e1s memorable.<\/li>\n<li>La\u00a0<strong>imaginaci\u00f3n\u00a0<\/strong>es el veh\u00edculo para el descubrimiento, es un motivador por excelencia del aprendizaje, que suscita una emoci\u00f3n b\u00e1sica: la curiosidad.<\/li>\n<li>El\u00a0<strong>aprendizaje cooperativo<\/strong>. Las investigaciones que se han efectuado sobre esta estrategia educativa indican que cuando los educandos aprenden juntos en parejas o en peque\u00f1os grupos, el aprendizaje es m\u00e1s r\u00e1pido, hay mayor retenci\u00f3n y los ni\u00f1os se sienten m\u00e1s positivos respecto a lo que aprenden.<\/li>\n<\/ul>\n<p style=\"text-align: justify;\">Con estas actividades el estudiante descubre la diversidad emocional, fomenta su percepci\u00f3n y comprensi\u00f3n de los sentimientos propios y ajenos, observa c\u00f3mo los sentimientos motivan distintos comportamientos, percibe la transici\u00f3n de un estado emocional a otro (del amor al odio), es consciente de la posibilidad de sentir emociones contrapuestas (sorpresa e ira, felicidad y tristeza) y c\u00f3mo los personajes literarios o de cine resuelven sus conflictos o dilemas personales.<\/p>\n<p style=\"text-align: justify;\">Seguramente con la pr\u00e1ctica se logren trasladar estas formas de tratar y manejar las emociones a la vida cotidiana, aprendiendo a reconocer y comprender los sentimientos de los otros; enfatizando con las emociones de los dem\u00e1s compa\u00f1eros de clase, regulando el estr\u00e9s y malestar, optando por resolver y hacer frente a los problemas sin recurrir a la violencia, en definitiva, ense\u00f1ando a los ni\u00f1os a prevenir comportamientos violentos, desajustados emocionalmente, tanto fuera como dentro del aula.<\/p>\n<p><img loading=\"lazy\" decoding=\"async\" class=\"alignnone size-large wp-image-81119\" src=\"https:\/\/webdelmaestrocmf.com\/portal\/wp-content\/uploads\/2022\/10\/1-40-1024x1024.jpg\" alt=\"\" width=\"1024\" height=\"1024\" srcset=\"https:\/\/webdelmaestrocmf.com\/portal\/wp-content\/uploads\/2022\/10\/1-40-1024x1024.jpg 1024w, https:\/\/webdelmaestrocmf.com\/portal\/wp-content\/uploads\/2022\/10\/1-40-300x300.jpg 300w, https:\/\/webdelmaestrocmf.com\/portal\/wp-content\/uploads\/2022\/10\/1-40-150x150.jpg 150w, https:\/\/webdelmaestrocmf.com\/portal\/wp-content\/uploads\/2022\/10\/1-40-768x768.jpg 768w, https:\/\/webdelmaestrocmf.com\/portal\/wp-content\/uploads\/2022\/10\/1-40-1536x1536.jpg 1536w, https:\/\/webdelmaestrocmf.com\/portal\/wp-content\/uploads\/2022\/10\/1-40-2048x2048.jpg 2048w, https:\/\/webdelmaestrocmf.com\/portal\/wp-content\/uploads\/2022\/10\/1-40-80x80.jpg 80w, https:\/\/webdelmaestrocmf.com\/portal\/wp-content\/uploads\/2022\/10\/1-40-110x110.jpg 110w, https:\/\/webdelmaestrocmf.com\/portal\/wp-content\/uploads\/2022\/10\/1-40-200x200.jpg 200w, https:\/\/webdelmaestrocmf.com\/portal\/wp-content\/uploads\/2022\/10\/1-40-380x380.jpg 380w, https:\/\/webdelmaestrocmf.com\/portal\/wp-content\/uploads\/2022\/10\/1-40-255x255.jpg 255w, https:\/\/webdelmaestrocmf.com\/portal\/wp-content\/uploads\/2022\/10\/1-40-550x550.jpg 550w, https:\/\/webdelmaestrocmf.com\/portal\/wp-content\/uploads\/2022\/10\/1-40-800x800.jpg 800w, https:\/\/webdelmaestrocmf.com\/portal\/wp-content\/uploads\/2022\/10\/1-40-1160x1160.jpg 1160w, https:\/\/webdelmaestrocmf.com\/portal\/wp-content\/uploads\/2022\/10\/1-40-scaled.jpg 2560w\" sizes=\"auto, (max-width: 1024px) 100vw, 1024px\" \/><\/p>\n<h2 class=\"entry-title\" style=\"text-align: left;\"><strong>20 din\u00e1micas para el aprendizaje socio-emocional en el aula<\/strong><\/h2>\n<p style=\"text-align: justify;\">Hoy les proponemos un resumen de din\u00e1micas para trabajar de manera pr\u00e1ctica comptenecias socio-emocionales. Hemos dividido las din\u00e1micas seg\u00fan la competencia; esperamos que sean de utilidad.<\/p>\n<p style=\"text-align: justify;\">Os explicamos en primer lugar por qu\u00e9 el aula deber\u00eda ser tambi\u00e9n un espacio de aprendizaje emocional.<\/p>\n<p style=\"text-align: justify;\"><iframe loading=\"lazy\" title=\"Por qu\u00e9 Educaci\u00f3n emocional en el aula\" src=\"https:\/\/www.youtube.com\/embed\/L_rdfsm2eZc\" width=\"100%\" height=\"400\" frameborder=\"0\" allowfullscreen=\"allowfullscreen\"><span data-mce-type=\"bookmark\" style=\"display: inline-block; width: 0px; overflow: hidden; line-height: 0;\" class=\"mce_SELRES_start\">\ufeff<\/span><\/iframe><\/p>\n<p style=\"text-align: justify;\">Ahora os compartimos din\u00e1micas clasificadas por principales competencias socio-emocionales.<\/p>\n<h2 style=\"text-align: left;\">1. Autoconocimiento<\/h2>\n<p style=\"text-align: justify;\">El autoconocimiento es la habilidad socio-emocional b\u00e1sica es la que sustenta todo el aprendizaje posterior e incluye estas tres grandes \u00e1reas:<\/p>\n<ul style=\"text-align: justify;\">\n<li>La capacidad para reconocer con precisi\u00f3n las emociones y su influencia en el comportamiento.<\/li>\n<li>Incluye la capacidad para EVALUAR las propias Fortalezas y limitaciones.<\/li>\n<li>Trabajo de auto-confianza y pensamiento positivo.<\/li>\n<\/ul>\n<p style=\"text-align: justify;\">Veamos dos din\u00e1micas que os pueden ayudar a fomentarlo:<\/p>\n<p style=\"padding-left: 40px; text-align: justify;\"><strong>1. La Carta<\/strong><\/p>\n<ul style=\"text-align: justify;\">\n<li style=\"list-style-type: none;\">\n<ul>\n<li><strong>Descripci\u00f3n:<\/strong>\u00a0Cada uno se escribir\u00e1 una carta a s\u00ed mismo. Debe parecer que la carta la escribe alguien conocido. En ella se destacan aspectos positivos o negativos, puede incluso contarse alguna an\u00e9cdota e historia en la que salga a la luz algo bueno de \u00e9l mismo.A continuaci\u00f3n las cartas se meter\u00e1n en un buz\u00f3n sin firma ni remitente. En otra sesi\u00f3n y cuando nos conozcamos un poco m\u00e1s (interesante cuando trabajemos la empat\u00eda y autoestima) sacaremos las cartas del buz\u00f3n al azar y entre todos intentaremos firmarla por su verdadero autor. No es necesario que sepamos finalmente quien es el autor.<\/li>\n<li><strong>Observaciones:<\/strong>\u00a0Analizaremos las dificultades o no que encontramos al hablar de nosotros mismos y al destacar nuestras virtudes y defectos.<\/li>\n<li>Etapa: Educaci\u00f3n Primaria<\/li>\n<\/ul>\n<\/li>\n<\/ul>\n<p style=\"padding-left: 40px; text-align: justify;\"><strong>2. El esl\u00f3gan publicitario<\/strong><\/p>\n<ul style=\"text-align: justify;\">\n<li style=\"list-style-type: none;\">\n<ul>\n<li><strong>Descripci\u00f3n:<\/strong>\u00a0Cada uno deber\u00e1 realizar un eslogan publicitario, d\u00e1ndose a conocer y se presentar\u00e1 con \u00e9l colocado a modo de cartel.<\/li>\n<li><strong>Observaciones:<\/strong>\u00a0Reflexionaremos acerca de las posibles dificultades que hemos encontrado a la hora de hacernos publicidad, buscando en nosotros y destacando alguna de nuestras cualidades.<\/li>\n<li>Etapa: Educaci\u00f3n Primaria.<\/li>\n<\/ul>\n<\/li>\n<\/ul>\n<p style=\"padding-left: 40px; text-align: justify;\"><strong>3. Dibuja\u00a0<\/strong><\/p>\n<ul style=\"text-align: justify;\">\n<li style=\"list-style-type: none;\">\n<ul>\n<li><strong>Descripci\u00f3n:<\/strong>\u00a0Les vamos a pedir que se dibujen en un folio sin utilizar formas de figura humana. \u00bfDe qu\u00e9 otra forma podemos definir nuestro Yo? Es probable que en un principio se sientan bloqueados. Nos preguntar\u00e1n, nos pedir\u00e1n que ampliemos la propuesta pero debemos dejar que vayan pensando por s\u00ed mismos c\u00f3mo pueden definir sus cualidades, su personalidad, su estilo sin utilizar para ello el dibujo de una figura humana.Este dibujo en un primer momento lo vamos a explicar a otra persona cualquiera de la clase. Nuestra compa\u00f1era o compa\u00f1ero har\u00e1 la presentaci\u00f3n de nuestro retrato al resto de la clase.<\/li>\n<li><strong>Observaciones:<\/strong>\u00a0\u00a0En la evaluaci\u00f3n lo primero que podemos preguntar es c\u00f3mo se han sentido cuando otra persona habla de ellos mismos. \u00bfEst\u00e1n contentos con el resultado final? \u00bfFaltaba algo? \u00bfSobraba algo?<\/li>\n<\/ul>\n<\/li>\n<\/ul>\n<h2 style=\"text-align: left;\"><strong>2. Autocontrol<\/strong><\/h2>\n<p class=\"p1\" style=\"text-align: justify;\">El autocontrol es la capacidad para regular de manera efectiva las emociones, pensamientos, y comportamientos Incluye:<\/p>\n<ul style=\"text-align: justify;\">\n<li class=\"p1\">La gesti\u00f3n del estr\u00e9s-<\/li>\n<li class=\"p1\">El control de los impulsos.<\/li>\n<li class=\"p1\">La auto-estima<\/li>\n<li class=\"p1\">Capacidad para establecer y trabajar metas personales. (esfuerzo)<\/li>\n<\/ul>\n<p style=\"padding-left: 40px; text-align: justify;\"><strong>1. Me da seguridad que mi clase me conozca (Autoestima)<\/strong><\/p>\n<p class=\"p1\" style=\"padding-left: 40px; text-align: justify;\"><span class=\"s1\">Entregar a cada ni\u00f1o 3 \u00f3 4 folios para que los divida en 8 trozos iguales y los recorte. De esta manera cada ni\u00f1o de la clase tendr\u00e1 tantos papelitos como compa\u00f1eros tiene en su clase.<\/span><\/p>\n<p class=\"p1\" style=\"padding-left: 40px; text-align: justify;\"><span class=\"s1\">Explicar que cada ni\u00f1o va a enviar un mensaje secreto a cada uno de sus compa\u00f1eros. Tendr\u00e1n que escribir en una cara del papelito el nombre del ni\u00f1o al que se lo van a enviar y en la otra alguna cualidad que les guste de esa persona. Al final cada ni\u00f1o o ni\u00f1a habr\u00e1 recibido tantos mensajes como los que ha enviado, que adem\u00e1s deben coincidir con el n\u00famero de alumnos que hay en la clase. Los mensajes pueden ser o no an\u00f3nimos en funci\u00f3n de lo que prefieran los ni\u00f1os.<\/span><\/p>\n<p class=\"p1\" style=\"padding-left: 40px; text-align: justify;\"><em><span class=\"s1\">OBSERVACIONES<\/span><\/em><\/p>\n<p class=\"p1\" style=\"padding-left: 40px; text-align: justify;\"><span class=\"s1\">Cuando todos hayan recibido sus correos y los hayan le\u00eddo, organizar una puesta en com\u00fan para que cada uno mencione aquellos mensajes que m\u00e1s le han llamado la atenci\u00f3n.<\/span><\/p>\n<p class=\"p1\" style=\"padding-left: 40px; text-align: justify;\"><strong>2. El sem\u00e1foro<\/strong><\/p>\n<p class=\"p1\" style=\"padding-left: 40px; text-align: justify;\"><span class=\"s1\">Sentamos a los ni\u00f1os en c\u00edrculo y les entregamos a cada uno un globo rojo, otro amarillo y otro verde. Comenzamos una charla con l@s ni\u00f1@s sobre sus rabietas: c\u00f3mo reaccionan cuando se enfadan, por qu\u00e9 y si consiguen algo as\u00ed. Les decimos que lo mejor que podemos hacer cuando nos enfadamos, en lugar de patalear, es explicar qu\u00e9 es lo que queremos y por qu\u00e9. Vamos a ponerles situaciones que puedan provocarles enfado (por ejemplo, que quieran algo y no se lo compren, que quieran jugar con un juguete con el que quiera jugar otro ni\u00f1o\u2026) y preguntamos c\u00f3mo reaccionan ellos en esos casos. Pedimos a un ni\u00f1o que responda a una situaci\u00f3n. El resto de los alumnos deber\u00e1n valorar su reacci\u00f3n con los globos en funci\u00f3n de si se ha parado a pensar e intenta razonar (globo verde), si dice algo que indique que se empieza a enfadar (debemos complicarle el caso para que reaccione), en este caso, los dem\u00e1s deber\u00e1n mostrar los globos amarillos, que indican percauci\u00f3n, o si grita y patalea, en este caso, los dem\u00e1s mostrar\u00e1n los globos rojos indicando \u201cstop\u201d. Y diremos entre todos como se podr\u00eda reaccionar en estos casos.<\/span><\/p>\n<p style=\"padding-left: 40px; text-align: justify;\"><strong>2. Tiempo fuera en positivo<\/strong><\/p>\n<p style=\"padding-left: 40px; text-align: justify;\">Vamos a dedicar un espacio del aula y le vamos a llamar el \u201cRinc\u00f3n de la Tranquilidad\u201d \u201cEspacio Positivo\u201d \u00f3 cualquier otro nombre que se nos ocurra. Vamos a explicar a los ni\u00f1os que cuando se sientan: enfadados, estresados, nerviosos, con rabia etc. Pueden pedir permiso para ir un ratito al rinc\u00f3n de la tranquilidad.<\/p>\n<p style=\"padding-left: 40px; text-align: justify;\">Ser\u00e1 un espacio que habremos creado entre todos, al principio del curso vamos a pedir a los ni\u00f1os que traigan de cada algo que les haga sentir bien, tranquilos, felices, relajados y que quieran compartir; les explicaremos que haremos un rinc\u00f3n de la tranquilidad y que lo usaremos para calmarnos.<\/p>\n<p style=\"padding-left: 40px; text-align: justify;\">El espacio deber\u00e1 estar \u201cequipado\u201d con los materiales que aporten los ni\u00f1os y el\/la docente se aceptan: juegos, colores, libros, peluches, etc. Antes de montar el rinc\u00f3n vamos a pedir a cada ni\u00f1o que explique por qu\u00e9 ha tra\u00eddo cada objeto y juntos construiremos el rinc\u00f3n.<\/p>\n<p style=\"padding-left: 40px; text-align: justify;\">Y ya estar\u00e1 listo para ser usado, la idea es que cuando nos sintamos mal tengamos un sitio para ir a calmarnos. El Rinc\u00f3n de la tranquilidad llevar\u00e1 un registro de visitas , todos los que pasen por ah\u00ed deber\u00e1n explicar por qu\u00e9 han ido.<\/p>\n<p style=\"padding-left: 40px; text-align: justify;\">Una vez a la semana reflexionaremos en asamblea sobre las visitas al Rinc\u00f3n de la Tranquilidad.<\/p>\n<p style=\"padding-left: 40px; text-align: justify;\">Importante: Nunca ser\u00e1 un castigo ir al Rinc\u00f3n de la tranquilidad sino que los ni\u00f1os deber\u00e1n elegir espont\u00e1neamente ir al rinc\u00f3n para calmarse, podemos sugerir pero no obligar. Sino no funcionar\u00e1 como t\u00e9cnica de auto-control.<\/p>\n<h2 style=\"text-align: left;\"><strong>3. Habilidad de Conciencia Social<\/strong><\/h2>\n<p class=\"p2\" style=\"text-align: justify;\">La conciencia social es la habilidad socio-emocional m\u00e1s amplia. Es una habilidad que a diferencia de las otras dos no trabaja sobre el propio yo sino , la relaci\u00f3n con el entorno. Engloba tres principales \u00e1reas:<\/p>\n<ul style=\"text-align: justify;\">\n<li class=\"p2\">La capacidad para ponerse en el lugar del otro y empatizar con los dem\u00e1s.<\/li>\n<li class=\"p2\">Ser capaz de reconocer y respetar las diferencias entre humanos: culturales, f\u00edsicas, de or\u00edgen etc.<\/li>\n<li class=\"p2\">Entender y seguir las normas sociales y \u00e9ticas de comportamiento.<\/li>\n<\/ul>\n<p style=\"padding-left: 40px; text-align: justify;\"><strong>1. Cambio de siluetas<\/strong><\/p>\n<p class=\"p1\" style=\"padding-left: 40px; text-align: justify;\"><span class=\"s1\">Se distribuye el grupo por parejas, cada pareja con una tizas. Mientras que una persona est\u00e1 tumbada, la otra con la tiza rodea su cuerpo marcando el perfil con precisi\u00f3n.\u00a0<\/span>Al terminar escriben el nombre de la persona perfilada. Hablamos sobre la actividad. C\u00f3mo se realiz\u00f3. C\u00f3mo se sintieron ambas personas. Despu\u00e9s quien dibuj\u00f3 la silueta se mete dentro de ella, se tumba y ambas personas comentan la situaci\u00f3n. Qu\u00e9 sensaciones encuentran. Repiten la actividad a la inversa.<\/p>\n<p class=\"p1\" style=\"padding-left: 40px; text-align: justify;\">Reflexi\u00f3n<\/p>\n<p class=\"p1\" style=\"padding-left: 40px; text-align: justify;\"><span class=\"s1\">\u00bfTe gusta que remarquen tu perfil? \u00bfC\u00f3mo te sientes en el interior de otra persona? \u00bfAlguna vez te has puesto ropa de otra persona? \u00bfHay alg\u00fan perfil igual \u00f3 son todos distintos? \u00bfQu\u00e9 pens\u00e1is?\u00a0<\/span><\/p>\n<p class=\"p1\" style=\"padding-left: 40px; text-align: justify;\">Edad Recomendada: a partir de 7 a\u00f1os<\/p>\n<p class=\"p1\" style=\"padding-left: 40px; text-align: justify;\"><strong>2. Los zapatos de las personas mayores<\/strong><\/p>\n<p class=\"p1\" style=\"padding-left: 40px; text-align: justify;\"><span class=\"s1\">Un d\u00eda mando una nota a casa y les pido que traigan un par de zapatos de una persona mayor de su casa. Han de pedir permiso. Durante un ratito les permito que cada una se ponga esos zapatos, camine con cuidado de no hacerse da\u00f1o, de no estropear los zapatos. \u00bfLlegar\u00e1n a decir algo? Elijo un ni\u00f1o\/a que no sea muy t\u00edmido\/a y la animo a que camine delante del grupo y se imagine que es la persona propietaria de los zapatos. Intentamos repetir esta \u00faltima parte con m\u00e1s ni\u00f1as y ni\u00f1os<\/span><\/p>\n<p class=\"p1\" style=\"padding-left: 40px; text-align: justify;\">\u00bfC\u00f3mo te sientes con los zapatos de otra persona? \u00bfTe gusta sentirte como otra persona? \u00bfC\u00f3mo se siente la otra persona? \u00bfQu\u00e9 cosas hace? \u00bfQu\u00e9 gestos hace? \u00bfEntendemos a las personas mayores? \u00bfEllas os entienden a vosotros?<\/p>\n<h2 style=\"text-align: left;\"><strong>4. Habilidad de Relaci\u00f3n<\/strong><\/h2>\n<p class=\"p1\" style=\"text-align: justify;\">La habilidad e relaci\u00f3n es la capacidad para establecer y mantener relaciones saludables y gratificantes con los dem\u00e1s. Esto incluye:<\/p>\n<ul style=\"text-align: justify;\">\n<li class=\"p1\">La comunicaci\u00f3n clara.<\/li>\n<li class=\"p1\">La escucha activa.<\/li>\n<li class=\"p1\">La capacidad para colaborar.<\/li>\n<li class=\"p1\">La negociaci\u00f3n de conflictos de manera constructiva y buscar y ofrecer ayuda cuando sea necesario.<\/li>\n<\/ul>\n<p class=\"p1\" style=\"padding-left: 40px; text-align: justify;\"><strong>1. Pegatinas de colores<\/strong><\/p>\n<p class=\"p1\" style=\"padding-left: 40px; text-align: justify;\"><span class=\"s1\">Esta din\u00e1mica tiene como objetivo hacer ver lo que significa sentirse exclu\u00eddo del grupo. Se completa con una reflexi\u00f3n en gran grupo<\/span><\/p>\n<ul style=\"text-align: justify;\">\n<li style=\"list-style-type: none;\">\n<ul class=\"ul1\">\n<li class=\"li3\"><span class=\"s1\">Se divide la clase en dos grupos que se colocan de cara a la pared<\/span><\/li>\n<li class=\"li3\"><span class=\"s1\">El profesor\/a pone a cada estudiante una pegatina en la frente de manera que no vean de qu\u00e9 color es. A la mitad le pone un color y a la otra mitad otro, menos a tres o cuatro que les pone pegatinas de colores diferentes del resto de la clase.<\/span><\/li>\n<li class=\"li3\"><span class=\"s1\">A continuaci\u00f3n los alumnos\/as comienzan a caminar por el aula buscando a los que tengan la pegatina del mismo color. Cuando lo encuentran, se dan la mano y siguen buscando. Se formar\u00e1n dos grandes grupos y algunos, evidentemente, se quedar\u00e1n solos.<\/span><\/li>\n<li class=\"li4\"><span class=\"s2\">Nos sentamos todos de nuevo y hacemos un peque\u00f1o debate sobre c\u00f3mo se ha sentido cada uno\/a<\/span><\/li>\n<\/ul>\n<\/li>\n<\/ul>\n<p style=\"padding-left: 40px; text-align: justify;\"><strong>2. Pies atados<\/strong><\/p>\n<p style=\"padding-left: 40px; text-align: justify;\">El juego consiste en hacer parejas y atarles el tobillo izquierdo de una de ellas con el tobillo derecho de la otra para que tengan que ponerse de acuerdo para caminar. La idea es que, a medida que avanza el juego, (y dependiendo de la edad tambi\u00e9n) las parejas se vayan uniendo entre s\u00ed hasta conseguir una hilera enorme con todos los participantes. La persona que dirige la din\u00e1mica debe dar las indicaciones y complicarlas cada vez m\u00e1s: caminar hacia delante, detr\u00e1s, m\u00e1s deprisa, m\u00e1s lento o \u00a1sin hablar!<\/p>\n<p style=\"padding-left: 40px; text-align: justify;\"><b>\u00bfPor qu\u00e9 nos gusta?<\/b>\u00a0Nos encanta porque, adem\u00e1s de ser una din\u00e1mica que trabaja la cohesi\u00f3n de grupo, os asegura unas buenas risas, tanto por parte de los participantes como del que dirige y adem\u00e1s \u00a1es adaptable a todas las edades!<\/p>\n<p style=\"padding-left: 40px; text-align: justify;\"><strong>3. En forma de..<\/strong><\/p>\n<p style=\"padding-left: 40px; text-align: justify;\">En esta din\u00e1mica se hacen dos equipos y se colocan unos enfrente de los otros. Entre todos deben conseguir hacer son su cuerpo la figura que les manda el otro equipo (figuras geom\u00e9tricas, animales, edificios\u2026) La \u00fanica norma es que deben participar todos los jugadores del equipo para hacer una \u00fanica figura.<\/p>\n<p style=\"text-align: justify;\"><strong>\u00bfPor qu\u00e9 nos gusta?<\/strong>\u00a0Es una din\u00e1mica no competitiva porque no gana ni pierde nadie, simplemente, se lo pasan en grande, trabajan la cohesi\u00f3n grupal y cultivan la creatividad.<\/p>\n<h2 style=\"text-align: left;\"><strong>5. Toma de Decisiones Responsable<\/strong><\/h2>\n<p class=\"space_20 clearfix\" style=\"text-align: justify;\">La capacidad para tomar decisiones de manera constructiva y respetuosa sobre el comportamiento personal y la interacci\u00f3n social, basado en :<\/p>\n<ul class=\"ul1\" style=\"text-align: justify;\">\n<li class=\"li2\">Las normas \u00e9ticas y sociales.<\/li>\n<li class=\"li2\">La evaluaci\u00f3n de las consecuencias de las decisiones tomadas propias y para terceros.<\/li>\n<\/ul>\n<p style=\"padding-left: 40px; text-align: justify;\"><strong>1. Dar la vuelta a la s\u00e1bana.\u00a0<\/strong><\/p>\n<p style=\"padding-left: 40px; text-align: justify;\">Colocamos una s\u00e1bana (o trozo de papel grande) en el suelo y se suben encima varias personas de manera que ocupan la mitad del espacio. A continuaci\u00f3n se les pide que den la vuelta a la s\u00e1bana. Habr\u00e1n de ponerla boca a bajo sin salirse de ella.<\/p>\n<p style=\"padding-left: 40px; text-align: justify;\">Analizaremos los diferentes aspectos del proceso de regulaci\u00f3n de los conflictos y especialmente en el proceso de toma de decisiones.<\/p>\n<p style=\"padding-left: 40px; text-align: justify;\">An\u00e1lisis:<\/p>\n<p style=\"padding-left: 40px; text-align: justify;\">Analizamos los problemas habidos, sus causas, sus consecuencias, las diferentes posturas tomadas por cada persona, las diferentes soluciones aportadas.<\/p>\n<p style=\"padding-left: 40px; text-align: justify;\">\u00bfHay personas que destapan los conflictos y personas que se callan? \u00bfCu\u00e1l de las dos cosas se favorecen m\u00e1s en esta sociedad, en la familia, en los centros de ense\u00f1anza? \u00bfTe consideras de las personas que destapan el conflicto o de las que se callan? \u00bfCrees en principio que todos los conflictos pueden tener soluci\u00f3n?<\/p>\n<p style=\"padding-left: 40px; text-align: justify;\">Pedimos que nos cuenten problemas similares que han tenido, c\u00f3mo se desarrollaron, c\u00f3mo se originaron, c\u00f3mo se resolvieron, . . . .<\/p>\n<p style=\"padding-left: 40px; text-align: justify;\">Sugerimos la posibilidad de repetir la actividad tomando algunas decisiones por com\u00fan acuerdo y volviendo a controlar el tiempo.<\/p>\n<p style=\"padding-left: 40px; text-align: justify;\">Repetimos la actividad y volvemos a analizar los resultados de forma similar a como lo hicimos la primera vez. \u00bfQu\u00e9 influye para que unas veces act\u00faes de una manera y otras veces de otra?<\/p>\n<p style=\"padding-left: 40px; text-align: justify;\"><strong>2. La Roca<\/strong><\/p>\n<p style=\"padding-left: 40px; text-align: justify;\"><span class=\"s2\">Esta din\u00e1mica nos presenta una posibilidad de an\u00e1lisis en un proceso de toma de decisiones. La roca se nos presenta como un conflicto que requiere soluciones creativas. Una vez m\u00e1s dejaremos claro que ante un conflicto lo primero que necesitamos es ser capaces de generar m\u00faltiples soluciones y nunca una sola respuesta.<\/span>Se lee el siguiente texto de un cuento de L. Tolstoy:<\/p>\n<p style=\"padding-left: 40px; text-align: justify;\"><span class=\"s2\">\u201cEn el centro de un bonito pueblo exist\u00eda una enorme roca que nadie hab\u00eda sido capaz de destruir. Cierto d\u00eda el alcalde decidi\u00f3 que ya era hora de deshacerse de la piedra. Varios ingenieros propusieron sus ideas. Alguien propuso construir un sistema especial de gr\u00faas que arrastraran la piedra, lo que costar\u00eda 50.000 euros. Otra persona propuso trocearla primero con explosiones controladas de baja potencia lo que reducir\u00eda el costo a 40.000 euros\u201d Se les pide m\u00e1s ideas para evitar el problema de la roca.<\/span><\/p>\n<p style=\"padding-left: 40px; text-align: justify;\"><span class=\"s2\">Se abre un turno de debate en grupos peque\u00f1os tras una reflexi\u00f3n individual de unos pocos minutos. Se intentar\u00e1 alcanzar un consenso entre los grupos para poder decidir cu\u00e1l es la mejor soluci\u00f3n sobre lo que podemos hacer con la roca.<\/span><\/p>\n<h2 style=\"text-align: left;\"><strong><span class=\"s2\">An\u00e1lisis sugerido.<\/span><\/strong><\/h2>\n<p style=\"text-align: justify;\"><span class=\"s2\">Con esta din\u00e1mica se suelen proponer soluciones diversas:<\/span><\/p>\n<ul class=\"ul1\">\n<li class=\"li1\" style=\"text-align: justify;\"><span class=\"s2\">Las que tratan de mejorar la est\u00e9tica o utilidad de la roca: Decorarla, construir toboganes para los ni\u00f1os\u2026<\/span><\/li>\n<li class=\"li1\" style=\"text-align: justify;\"><span class=\"s2\">Las que tratan de destruir s\u00f3lo la parte imprescindible de la roca: Construir un t\u00fanel por debajo<\/span><\/li>\n<li class=\"li1\" style=\"text-align: justify;\"><span class=\"s2\">Las que tratan de implicar a la comunidad: Cada persona del pueblo debe ir con un martillo a romper un trozo de roca. (Con lo que el coste econ\u00f3mico es pr\u00e1cticamente 0)<\/span><\/li>\n<li class=\"li1\" style=\"text-align: justify;\"><span class=\"s2\">Las que intentan obtener beneficios de la roca que financien su ruptura: Vender trozos de roca como los del muro de Berl\u00edn.<\/span><\/li>\n<li class=\"li1\" style=\"text-align: justify;\"><span class=\"s2\">La propuesta por Tolstoy: Cavar un hoyo, sacar la arena y enterrar la roca.<\/span><\/li>\n<li class=\"li1\" style=\"text-align: justify;\"><span class=\"s2\">Nos damos cuenta de que han surgido ideas diversas y creativas que normalmente no son tenidas en cuenta.<\/span><\/li>\n<li class=\"li1\" style=\"text-align: justify;\"><span class=\"s2\">Nos damos cuenta adem\u00e1s de que hemos superado ciertos bloqueos: Por ejemplo normalmente quitar la roca suele llevarnos a pensar en llevarnos la roca no en enterrarla. Tambi\u00e9n muchas personas se preguntan por la base del problema: qu\u00e9 es lo que molesta de la roca y se puede proponer alternativas que embellec\u00edan la roca o la reutilizaban.<\/span><\/li>\n<li class=\"li1\" style=\"text-align: justify;\"><span class=\"s2\">A veces cuando un grupo llega a una soluci\u00f3n que pude ser buena deja de buscar m\u00e1s soluciones aunque probablemente pudiera encontrar otra soluci\u00f3n mejor si siguiera pensando.<\/span><\/li>\n<\/ul>\n<h2 style=\"text-align: left;\"><strong>12 se\u00f1ales de que tienes alta inteligencia emocional<\/strong><\/h2>\n<p style=\"text-align: justify;\">La inteligencia emocional es una habilidad fundamental en nuestras relaciones personales y profesionales, ya que influye en c\u00f3mo entendemos, manejamos y respondemos a nuestras propias emociones y a las de los dem\u00e1s. Este material presenta 12 se\u00f1ales clave de alta inteligencia emocional, ilustrando c\u00f3mo estas habilidades se manifiestan en situaciones cotidianas. Desde escuchar activamente hasta aprender de los errores, estas se\u00f1ales no solo reflejan empat\u00eda y autocontrol, sino tambi\u00e9n la capacidad de construir conexiones significativas y resolver problemas de manera efectiva. Descubrirlas y aplicarlas puede ayudarte a fortalecer tu desarrollo personal y mejorar tu entorno social y profesional.<\/p>\n<ul>\n<li>\n<p style=\"text-align: justify;\"><strong>Haces que los dem\u00e1s se sientan escuchados<\/strong><br \/>\nTienes la capacidad de escuchar activamente a las personas, mostrando empat\u00eda y validando sus sentimientos. Por ejemplo, cuando un amigo te cuenta un problema, repites sus palabras para asegurarte de haber entendido, lo que les hace sentir comprendidos y apoyados.<\/p>\n<\/li>\n<li style=\"text-align: justify;\"><strong>Sabes lo que est\u00e1 bajo tu control<\/strong><br \/>\nEnfrentas los problemas con serenidad, enfoc\u00e1ndote en lo que puedes cambiar en lugar de preocuparte por lo que no puedes controlar. Por ejemplo, si cancelan tu vuelo, en lugar de frustrarte, buscas alternativas y haces nuevos planes.<\/li>\n<li style=\"text-align: justify;\"><strong>Te adue\u00f1as de tus emociones<\/strong><br \/>\nReconoces tus errores emocionales y te responsabilizas de ellos. Si pierdes la paciencia y reaccionas mal, no dudas en disculparte r\u00e1pidamente y aceptar que fue un momento de debilidad.<\/li>\n<li style=\"text-align: justify;\"><strong>Percibes las emociones de los dem\u00e1s<\/strong><br \/>\nEres sensible a los cambios en el comportamiento de quienes te rodean. Por ejemplo, si notas que un compa\u00f1ero de trabajo est\u00e1 m\u00e1s callado de lo normal, muestras inter\u00e9s genuino preguntando si est\u00e1 todo bien.<\/li>\n<li style=\"text-align: justify;\"><strong>Reconoces tus desencadenantes<\/strong><br \/>\nSabes identificar las situaciones o comportamientos que te irritan y los manejas de forma constructiva. Por ejemplo, si te molesta que te interrumpan, hablas del tema calmadamente en lugar de reaccionar impulsivamente.<\/li>\n<li style=\"text-align: justify;\"><strong>Apoyas sin juzgar<\/strong><br \/>\nOfreces ayuda de manera comprensiva, sin se\u00f1alar errores o criticar. Por ejemplo, si un colega admite que cometi\u00f3 un error, le haces sentir que es algo normal y te ofreces a buscar juntos una soluci\u00f3n.<\/li>\n<li style=\"text-align: justify;\"><strong>Sabes cu\u00e1ndo otros necesitan espacio<\/strong><br \/>\nRespetas el tiempo y las emociones de los dem\u00e1s, sin presionarlos para hablar cuando no est\u00e1n listos. Por ejemplo, si un familiar parece molesto, le haces saber que estar\u00e1s disponible cuando quiera conversar.<\/li>\n<li style=\"text-align: justify;\"><strong>Te mantienes calmado bajo estr\u00e9s<\/strong><br \/>\nMantienes la compostura en situaciones tensas, tomando medidas para tranquilizarte antes de actuar. Por ejemplo, en un momento de conflicto, respiras profundo y sugieres una pausa para reflexionar antes de continuar.<\/li>\n<li style=\"text-align: justify;\"><strong>Ayudas sin derribar<\/strong><br \/>\nOfreces cr\u00edticas constructivas en lugar de simplemente se\u00f1alar errores. Por ejemplo, en lugar de decir \u00abesto est\u00e1 mal\u00bb, explicas c\u00f3mo algo puede mejorarse y ofreces sugerencias concretas.<\/li>\n<li style=\"text-align: justify;\"><strong>No tomas las cosas como algo personal<\/strong><br \/>\nTienes la capacidad de interpretar las acciones de los dem\u00e1s sin asumir que son un ataque hacia ti. Por ejemplo, si alguien te habla de forma brusca, consideras que puede estar teniendo un mal d\u00eda en lugar de sentirte ofendido.<\/li>\n<li style=\"text-align: justify;\"><strong>Conectas a las personas<\/strong><br \/>\nTienes una habilidad natural para unir a las personas que tienen intereses en com\u00fan, fomentando relaciones positivas. Por ejemplo, en una reuni\u00f3n social, presentas a dos personas con aficiones similares, creando oportunidades para que interact\u00faen.<\/li>\n<li>\n<p style=\"text-align: justify;\"><strong>Aprendes de los contratiempos<\/strong><br \/>\nEn lugar de dejarte abatir por los fracasos, los utilizas como oportunidades para crecer. Por ejemplo, si rechazan una propuesta tuya, analizas el feedback recibido y lo utilizas para mejorar en el futuro.<\/p>\n<\/li>\n<\/ul>\n<p><strong>Este contenido ha sido publicado originalmente por <a href=\"https:\/\/educrea.cl\/14-estrategias-estimular-la-inteligencia-emocional-aula\/\" target=\"_blank\" rel=\"noopener\">educrea.cl<\/a> y <a href=\"https:\/\/cuentosparacrecer.org\/blog\/20-dinamicas-para-el-aprendizaje-socio-emocional-en-el-aula\/\" target=\"_blank\" rel=\"noopener\">cuentosparacrecer.org<\/a><\/strong><\/p>\n<p style=\"text-align: center;\">Recomendamos a la Comunidad Educativa Digital tener en cuenta que, el enlace y\/o la carpeta en donde est\u00e1n alojados los libros, recursos y\/o materiales, no es administrado por la Web del Maestro CMF, pueda ser que en cuesti\u00f3n de d\u00edas (o seg\u00fan el tiempo transcurrido desde su publicaci\u00f3n), los enlaces no funcionen y el material ya no se encuentre disponible. Gracias por su comprensi\u00f3n.<\/p>\n<h3>ENLACE DE LECTURA:<\/h3>\n<p style=\"text-align: center;\">\u00a1Comparte y as\u00ed m\u00e1s docentes utilizar\u00e1n estos recursos\u00a0gratis! Muchas gracias.<\/p>\n<p style=\"text-align: center;\"><a href=\"https:\/\/mega.nz\/folder\/Gm5QWJCJ#-uQKdc1x61mJ7lMpRJU32A\" target=\"_blank\" rel=\"noopener\">ESTRATEGIAS PARA ESTIMULAR LA INTELIGENCIA EMOCIONAL Y SOCIO-EMOCIONAL<\/a><\/p>\n\t\t<div class=\"pk-inline-posts\">\n\t\t\t\n\t\t\t<div class=\"pk-inline-posts-container pk-inline-posts-template-list\"\n\t\t\t\tdata-columns=\"1\">\n\t\t\t\t\t\t<article id=\"post-30494\" class=\"post-30494 post type-post status-publish format-standard has-post-thumbnail category-inteligencia-emocional-educacion-y-familia category-libros category-pedagogia tag-bellos tag-cuentos tag-educacion tag-emocional cs-entry cs-video-wrap\">\n\t\t\t<div class=\"pk-post-outer\">\n\n\t\t\t\t\t\t\t\t<div class=\"pk-post-inner\">\n\t\t\t\t\t<div class=\"entry-thumbnail\">\n\t\t\t\t\t\t<div class=\"pk-overlay pk-overlay-ratio pk-ratio-landscape\">\n\t\t\t\t\t\t\t<div class=\"pk-overlay-background\">\n\t\t\t\t\t\t\t\t<a href=\"https:\/\/webdelmaestrocmf.com\/portal\/100-bellos-cuentos-de-educacion-emocional-lista-descargable\/\" class=\"pk-overlay-link\">\n\t\t\t\t\t\t\t\t\t<img loading=\"lazy\" decoding=\"async\" width=\"300\" height=\"225\" src=\"https:\/\/webdelmaestrocmf.com\/portal\/wp-content\/uploads\/2020\/04\/Banner-1-portada-imagen-10-1-56-300x225.jpg\" class=\"attachment-pk-thumbnail size-pk-thumbnail wp-post-image\" alt=\"\" \/>\t\t\t\t\t\t\t\t<\/a>\n\t\t\t\t\t\t\t<\/div>\n\t\t\t\t\t\t<\/div>\n\t\t\t\t\t<\/div>\n\t\t\t\t<\/div>\n\t\t\t\t\n\t\t\t\t<div class=\"pk-post-inner\">\n\t\t\t\t\t<header>\n\t\t\t\t\t\t<h3 class=\"pk-title\"><a href=\"https:\/\/webdelmaestrocmf.com\/portal\/100-bellos-cuentos-de-educacion-emocional-lista-descargable\/\" rel=\"bookmark\">600 bellos cuentos sobre educaci\u00f3n emocional<\/a><\/h3>\t\t\t\t\t<\/header><!-- .entry-header -->\n\t\t\t\t<\/div><!-- .post-inner -->\n\n\t\t\t<\/div><!-- .post-outer -->\n\t\t<\/article>\n\t\t\t<article id=\"post-112492\" class=\"post-112492 post type-post status-publish format-standard has-post-thumbnail category-inteligencia-emocional-educacion-y-familia category-pedagogia tag-emocional tag-estres-2 tag-maestro-v tag-razon cs-entry cs-video-wrap\">\n\t\t\t<div class=\"pk-post-outer\">\n\n\t\t\t\t\t\t\t\t<div class=\"pk-post-inner\">\n\t\t\t\t\t<div class=\"entry-thumbnail\">\n\t\t\t\t\t\t<div class=\"pk-overlay pk-overlay-ratio pk-ratio-landscape\">\n\t\t\t\t\t\t\t<div class=\"pk-overlay-background\">\n\t\t\t\t\t\t\t\t<a href=\"https:\/\/webdelmaestrocmf.com\/portal\/cuando-el-estres-apaga-la-razon-lo-que-todo-maestro-debe-saber-sobre-el-control-emocional\/\" class=\"pk-overlay-link\">\n\t\t\t\t\t\t\t\t\t<img loading=\"lazy\" decoding=\"async\" width=\"300\" height=\"225\" src=\"https:\/\/webdelmaestrocmf.com\/portal\/wp-content\/uploads\/2025\/10\/1A-Banner-1-portada-imagen-10-1-copia-7-300x225.jpg\" class=\"attachment-pk-thumbnail size-pk-thumbnail wp-post-image\" alt=\"\" \/>\t\t\t\t\t\t\t\t<\/a>\n\t\t\t\t\t\t\t<\/div>\n\t\t\t\t\t\t<\/div>\n\t\t\t\t\t<\/div>\n\t\t\t\t<\/div>\n\t\t\t\t\n\t\t\t\t<div class=\"pk-post-inner\">\n\t\t\t\t\t<header>\n\t\t\t\t\t\t<h3 class=\"pk-title\"><a href=\"https:\/\/webdelmaestrocmf.com\/portal\/cuando-el-estres-apaga-la-razon-lo-que-todo-maestro-debe-saber-sobre-el-control-emocional\/\" rel=\"bookmark\">Cuando el estr\u00e9s apaga la raz\u00f3n: lo que todo maestro debe saber sobre el control emocional<\/a><\/h3>\t\t\t\t\t<\/header><!-- .entry-header -->\n\t\t\t\t<\/div><!-- .post-inner -->\n\n\t\t\t<\/div><!-- .post-outer -->\n\t\t<\/article>\n\t\t\t<article id=\"post-38696\" class=\"post-38696 post type-post status-publish format-standard has-post-thumbnail category-inteligencia-emocional-educacion-y-familia category-pedagogia tag-deberian tag-emociones tag-grandes tag-lectores tag-profesores tag-volverse cs-entry cs-video-wrap\">\n\t\t\t<div class=\"pk-post-outer\">\n\n\t\t\t\t\t\t\t\t<div class=\"pk-post-inner\">\n\t\t\t\t\t<div class=\"entry-thumbnail\">\n\t\t\t\t\t\t<div class=\"pk-overlay pk-overlay-ratio pk-ratio-landscape\">\n\t\t\t\t\t\t\t<div class=\"pk-overlay-background\">\n\t\t\t\t\t\t\t\t<a href=\"https:\/\/webdelmaestrocmf.com\/portal\/los-profesores-deberian-volverse-grandes-lectores-de-emociones\/\" class=\"pk-overlay-link\">\n\t\t\t\t\t\t\t\t\t<img loading=\"lazy\" decoding=\"async\" width=\"300\" height=\"225\" src=\"https:\/\/webdelmaestrocmf.com\/portal\/wp-content\/uploads\/2023\/05\/B-dibujos-1-8-300x225.webp\" class=\"attachment-pk-thumbnail size-pk-thumbnail wp-post-image\" alt=\"preciso\" \/>\t\t\t\t\t\t\t\t<\/a>\n\t\t\t\t\t\t\t<\/div>\n\t\t\t\t\t\t<\/div>\n\t\t\t\t\t<\/div>\n\t\t\t\t<\/div>\n\t\t\t\t\n\t\t\t\t<div class=\"pk-post-inner\">\n\t\t\t\t\t<header>\n\t\t\t\t\t\t<h3 class=\"pk-title\"><a href=\"https:\/\/webdelmaestrocmf.com\/portal\/los-profesores-deberian-volverse-grandes-lectores-de-emociones\/\" rel=\"bookmark\">Los profesores deber\u00edan volverse grandes lectores de emociones<\/a><\/h3>\t\t\t\t\t<\/header><!-- .entry-header -->\n\t\t\t\t<\/div><!-- .post-inner -->\n\n\t\t\t<\/div><!-- .post-outer -->\n\t\t<\/article>\n\t\t\t\t<\/div>\n\t\t<\/div>\n\t\t\n","protected":false},"excerpt":{"rendered":"Desde peque\u00f1o,\u00a0el ser humano aprende por imitaci\u00f3n. Observamos lo que est\u00e1 y a quienes est\u00e1n a nuestro alrededor&hellip;","protected":false},"author":1,"featured_media":107487,"comment_status":"open","ping_status":"closed","sticky":false,"template":"","format":"standard","meta":{"csco_display_header_overlay":false,"csco_singular_sidebar":"default","csco_page_header_type":"default","csco_page_load_nextpost":"default","csco_post_video_location":[],"csco_post_video_location_hash":"","csco_post_video_url":"","csco_post_video_bg_start_time":0,"csco_post_video_bg_end_time":0,"csco_post_video_bg_volume":false,"_jetpack_memberships_contains_paid_content":false,"footnotes":""},"categories":[599,735],"tags":[77,562,399,1201,624,387,15008],"class_list":{"0":"post-81118","1":"post","2":"type-post","3":"status-publish","4":"format-standard","5":"has-post-thumbnail","7":"category-inteligencia-emocional-educacion-y-familia","8":"category-pedagogia","9":"tag-aprendizaje","10":"tag-dinamicas","11":"tag-emocional","12":"tag-estimular","13":"tag-estrategias","14":"tag-inteligencia","15":"tag-socio-emocional","16":"cs-entry","17":"cs-video-wrap"},"yoast_head":"<!-- This site is optimized with the Yoast SEO plugin v27.5 - https:\/\/yoast.com\/product\/yoast-seo-wordpress\/ -->\n<title>14 Estrategias para estimular la Inteligencia emocional y 20 din\u00e1micas para el aprendizaje socio-emocional en el aula - 2026<\/title>\n<meta name=\"description\" content=\"Inteligencia Emocional fue un t\u00e9rmino utilizado por Peter Salovey y John Mayer en 1990, quienes la definen como:\u00a0\u201cla capacidad de...\" \/>\n<meta name=\"robots\" content=\"index, follow, max-snippet:-1, max-image-preview:large, max-video-preview:-1\" \/>\n<link rel=\"canonical\" href=\"https:\/\/webdelmaestrocmf.com\/portal\/14-estrategias-para-estimular-la-inteligencia-emocional-y-20-dinamicas-para-el-aprendizaje-socio-emocional-en-el-aula\/\" \/>\n<meta property=\"og:locale\" content=\"es_ES\" \/>\n<meta property=\"og:type\" content=\"article\" \/>\n<meta property=\"og:title\" content=\"14 Estrategias para estimular la Inteligencia emocional y 20 din\u00e1micas para el aprendizaje socio-emocional en el aula - 2026\" \/>\n<meta property=\"og:description\" content=\"Inteligencia Emocional fue un t\u00e9rmino utilizado por Peter Salovey y John Mayer en 1990, quienes la definen como:\u00a0\u201cla capacidad de...\" \/>\n<meta property=\"og:url\" content=\"https:\/\/webdelmaestrocmf.com\/portal\/14-estrategias-para-estimular-la-inteligencia-emocional-y-20-dinamicas-para-el-aprendizaje-socio-emocional-en-el-aula\/\" \/>\n<meta property=\"og:site_name\" content=\"Web del Maestro CMF\" \/>\n<meta property=\"article:publisher\" content=\"https:\/\/www.facebook.com\/WebdelMaestroCMF\/\" \/>\n<meta property=\"article:author\" content=\"https:\/\/www.facebook.com\/WebdelMaestroCMF\/\" \/>\n<meta property=\"article:published_time\" content=\"2022-10-19T23:52:41+00:00\" \/>\n<meta property=\"article:modified_time\" content=\"2025-01-14T16:29:45+00:00\" \/>\n<meta property=\"og:image\" content=\"https:\/\/webdelmaestrocmf.com\/portal\/wp-content\/uploads\/2022\/10\/1A-Banner-1-portada-imagen-10-1-19.jpg\" \/>\n\t<meta property=\"og:image:width\" content=\"1024\" \/>\n\t<meta property=\"og:image:height\" content=\"1024\" \/>\n\t<meta property=\"og:image:type\" content=\"image\/jpeg\" \/>\n<meta name=\"author\" content=\"Web del Maestro CMF\" \/>\n<meta name=\"twitter:card\" content=\"summary_large_image\" \/>\n<meta name=\"twitter:creator\" content=\"@cmf_w\" \/>\n<meta name=\"twitter:site\" content=\"@cmf_w\" \/>\n<script type=\"application\/ld+json\" class=\"yoast-schema-graph\">{\"@context\":\"https:\\\/\\\/schema.org\",\"@graph\":[{\"@type\":\"ScholarlyArticle\",\"@id\":\"https:\\\/\\\/webdelmaestrocmf.com\\\/portal\\\/14-estrategias-para-estimular-la-inteligencia-emocional-y-20-dinamicas-para-el-aprendizaje-socio-emocional-en-el-aula\\\/#article\",\"isPartOf\":{\"@id\":\"https:\\\/\\\/webdelmaestrocmf.com\\\/portal\\\/14-estrategias-para-estimular-la-inteligencia-emocional-y-20-dinamicas-para-el-aprendizaje-socio-emocional-en-el-aula\\\/\"},\"author\":{\"name\":\"Web del Maestro CMF\",\"@id\":\"https:\\\/\\\/webdelmaestrocmf.com\\\/portal\\\/#\\\/schema\\\/person\\\/1072a2ed7bd960df8ef99a551fa35dc5\"},\"headline\":\"14 Estrategias para estimular la Inteligencia emocional y 20 din\u00e1micas para el aprendizaje socio-emocional en el aula\",\"datePublished\":\"2022-10-19T23:52:41+00:00\",\"dateModified\":\"2025-01-14T16:29:45+00:00\",\"mainEntityOfPage\":{\"@id\":\"https:\\\/\\\/webdelmaestrocmf.com\\\/portal\\\/14-estrategias-para-estimular-la-inteligencia-emocional-y-20-dinamicas-para-el-aprendizaje-socio-emocional-en-el-aula\\\/\"},\"wordCount\":5019,\"commentCount\":0,\"publisher\":{\"@id\":\"https:\\\/\\\/webdelmaestrocmf.com\\\/portal\\\/#organization\"},\"image\":{\"@id\":\"https:\\\/\\\/webdelmaestrocmf.com\\\/portal\\\/14-estrategias-para-estimular-la-inteligencia-emocional-y-20-dinamicas-para-el-aprendizaje-socio-emocional-en-el-aula\\\/#primaryimage\"},\"thumbnailUrl\":\"https:\\\/\\\/webdelmaestrocmf.com\\\/portal\\\/wp-content\\\/uploads\\\/2022\\\/10\\\/1A-Banner-1-portada-imagen-10-1-19.jpg\",\"keywords\":[\"aprendizaje\",\"Din\u00e1micas\",\"EMOCIONAL\",\"ESTIMULAR\",\"ESTRATEGIAS\",\"INTELIGENCIA\",\"socio-emocional\"],\"articleSection\":[\"Inteligencia Emocional\",\"Recursos\"],\"inLanguage\":\"es\",\"potentialAction\":[{\"@type\":\"CommentAction\",\"name\":\"Comment\",\"target\":[\"https:\\\/\\\/webdelmaestrocmf.com\\\/portal\\\/14-estrategias-para-estimular-la-inteligencia-emocional-y-20-dinamicas-para-el-aprendizaje-socio-emocional-en-el-aula\\\/#respond\"]}]},{\"@type\":\"WebPage\",\"@id\":\"https:\\\/\\\/webdelmaestrocmf.com\\\/portal\\\/14-estrategias-para-estimular-la-inteligencia-emocional-y-20-dinamicas-para-el-aprendizaje-socio-emocional-en-el-aula\\\/\",\"url\":\"https:\\\/\\\/webdelmaestrocmf.com\\\/portal\\\/14-estrategias-para-estimular-la-inteligencia-emocional-y-20-dinamicas-para-el-aprendizaje-socio-emocional-en-el-aula\\\/\",\"name\":\"14 Estrategias para estimular la Inteligencia emocional y 20 din\u00e1micas para el aprendizaje socio-emocional en el aula - 2026\",\"isPartOf\":{\"@id\":\"https:\\\/\\\/webdelmaestrocmf.com\\\/portal\\\/#website\"},\"primaryImageOfPage\":{\"@id\":\"https:\\\/\\\/webdelmaestrocmf.com\\\/portal\\\/14-estrategias-para-estimular-la-inteligencia-emocional-y-20-dinamicas-para-el-aprendizaje-socio-emocional-en-el-aula\\\/#primaryimage\"},\"image\":{\"@id\":\"https:\\\/\\\/webdelmaestrocmf.com\\\/portal\\\/14-estrategias-para-estimular-la-inteligencia-emocional-y-20-dinamicas-para-el-aprendizaje-socio-emocional-en-el-aula\\\/#primaryimage\"},\"thumbnailUrl\":\"https:\\\/\\\/webdelmaestrocmf.com\\\/portal\\\/wp-content\\\/uploads\\\/2022\\\/10\\\/1A-Banner-1-portada-imagen-10-1-19.jpg\",\"datePublished\":\"2022-10-19T23:52:41+00:00\",\"dateModified\":\"2025-01-14T16:29:45+00:00\",\"description\":\"Inteligencia Emocional fue un t\u00e9rmino utilizado por Peter Salovey y John Mayer en 1990, quienes la definen como:\u00a0\u201cla capacidad de...\",\"breadcrumb\":{\"@id\":\"https:\\\/\\\/webdelmaestrocmf.com\\\/portal\\\/14-estrategias-para-estimular-la-inteligencia-emocional-y-20-dinamicas-para-el-aprendizaje-socio-emocional-en-el-aula\\\/#breadcrumb\"},\"inLanguage\":\"es\",\"potentialAction\":[{\"@type\":\"ReadAction\",\"target\":[\"https:\\\/\\\/webdelmaestrocmf.com\\\/portal\\\/14-estrategias-para-estimular-la-inteligencia-emocional-y-20-dinamicas-para-el-aprendizaje-socio-emocional-en-el-aula\\\/\"]}]},{\"@type\":\"ImageObject\",\"inLanguage\":\"es\",\"@id\":\"https:\\\/\\\/webdelmaestrocmf.com\\\/portal\\\/14-estrategias-para-estimular-la-inteligencia-emocional-y-20-dinamicas-para-el-aprendizaje-socio-emocional-en-el-aula\\\/#primaryimage\",\"url\":\"https:\\\/\\\/webdelmaestrocmf.com\\\/portal\\\/wp-content\\\/uploads\\\/2022\\\/10\\\/1A-Banner-1-portada-imagen-10-1-19.jpg\",\"contentUrl\":\"https:\\\/\\\/webdelmaestrocmf.com\\\/portal\\\/wp-content\\\/uploads\\\/2022\\\/10\\\/1A-Banner-1-portada-imagen-10-1-19.jpg\",\"width\":1024,\"height\":1024},{\"@type\":\"BreadcrumbList\",\"@id\":\"https:\\\/\\\/webdelmaestrocmf.com\\\/portal\\\/14-estrategias-para-estimular-la-inteligencia-emocional-y-20-dinamicas-para-el-aprendizaje-socio-emocional-en-el-aula\\\/#breadcrumb\",\"itemListElement\":[{\"@type\":\"ListItem\",\"position\":1,\"name\":\"Portada\",\"item\":\"https:\\\/\\\/webdelmaestrocmf.com\\\/portal\\\/\"},{\"@type\":\"ListItem\",\"position\":2,\"name\":\"Recursos\",\"item\":\"https:\\\/\\\/webdelmaestrocmf.com\\\/portal\\\/category\\\/pedagogia\\\/\"},{\"@type\":\"ListItem\",\"position\":3,\"name\":\"14 Estrategias para estimular la Inteligencia emocional y 20 din\u00e1micas para el aprendizaje socio-emocional en el aula\"}]},{\"@type\":\"WebSite\",\"@id\":\"https:\\\/\\\/webdelmaestrocmf.com\\\/portal\\\/#website\",\"url\":\"https:\\\/\\\/webdelmaestrocmf.com\\\/portal\\\/\",\"name\":\"Web del Maestro CMF\",\"description\":\"Maestros al servicio de la educaci\u00f3n\",\"publisher\":{\"@id\":\"https:\\\/\\\/webdelmaestrocmf.com\\\/portal\\\/#organization\"},\"alternateName\":\"WMCMF\",\"potentialAction\":[{\"@type\":\"SearchAction\",\"target\":{\"@type\":\"EntryPoint\",\"urlTemplate\":\"https:\\\/\\\/webdelmaestrocmf.com\\\/portal\\\/?s={search_term_string}\"},\"query-input\":{\"@type\":\"PropertyValueSpecification\",\"valueRequired\":true,\"valueName\":\"search_term_string\"}}],\"inLanguage\":\"es\"},{\"@type\":\"Organization\",\"@id\":\"https:\\\/\\\/webdelmaestrocmf.com\\\/portal\\\/#organization\",\"name\":\"Web del Maestro CMF\",\"alternateName\":\"WMCMF\",\"url\":\"https:\\\/\\\/webdelmaestrocmf.com\\\/portal\\\/\",\"logo\":{\"@type\":\"ImageObject\",\"inLanguage\":\"es\",\"@id\":\"https:\\\/\\\/webdelmaestrocmf.com\\\/portal\\\/#\\\/schema\\\/logo\\\/image\\\/\",\"url\":\"https:\\\/\\\/webdelmaestrocmf.com\\\/portal\\\/wp-content\\\/uploads\\\/2023\\\/01\\\/logo-wmcmf-2.png\",\"contentUrl\":\"https:\\\/\\\/webdelmaestrocmf.com\\\/portal\\\/wp-content\\\/uploads\\\/2023\\\/01\\\/logo-wmcmf-2.png\",\"width\":200,\"height\":60,\"caption\":\"Web del Maestro CMF\"},\"image\":{\"@id\":\"https:\\\/\\\/webdelmaestrocmf.com\\\/portal\\\/#\\\/schema\\\/logo\\\/image\\\/\"},\"sameAs\":[\"https:\\\/\\\/www.facebook.com\\\/WebdelMaestroCMF\\\/\",\"https:\\\/\\\/x.com\\\/cmf_w\",\"https:\\\/\\\/www.pinterest.com\\\/WMCMF\\\/\",\"https:\\\/\\\/www.linkedin.com\\\/company\\\/web-del-maestro-cmf\\\/\",\"https:\\\/\\\/www.instagram.com\\\/wmcmf\\\/\",\"https:\\\/\\\/www.youtube.com\\\/channel\\\/UCDPSvjbdodE5sHnC3OxutHw\",\"https:\\\/\\\/mastodon.social\\\/@wmcmf\",\"https:\\\/\\\/www.tiktok.com\\\/@webdelmaestrocmf\"]},{\"@type\":\"Person\",\"@id\":\"https:\\\/\\\/webdelmaestrocmf.com\\\/portal\\\/#\\\/schema\\\/person\\\/1072a2ed7bd960df8ef99a551fa35dc5\",\"name\":\"Web del Maestro CMF\",\"image\":{\"@type\":\"ImageObject\",\"inLanguage\":\"es\",\"@id\":\"https:\\\/\\\/secure.gravatar.com\\\/avatar\\\/23291dd5b5ae1077dcff3dbb04c3e02bd28403fa75af6d8787d5e97c5bbbe30b?s=96&d=mm&r=g\",\"url\":\"https:\\\/\\\/secure.gravatar.com\\\/avatar\\\/23291dd5b5ae1077dcff3dbb04c3e02bd28403fa75af6d8787d5e97c5bbbe30b?s=96&d=mm&r=g\",\"contentUrl\":\"https:\\\/\\\/secure.gravatar.com\\\/avatar\\\/23291dd5b5ae1077dcff3dbb04c3e02bd28403fa75af6d8787d5e97c5bbbe30b?s=96&d=mm&r=g\",\"caption\":\"Web del Maestro CMF\"},\"description\":\"Esta Web se cre\u00f3 sin fines de lucro, con fines educativos, cient\u00edficos y acad\u00e9micos, para personas que tengan dificultades y\\\/o inconvenientes en visualizar el material original. El objetivo es entregar recursos, compartir experiencias y materiales que ayuden a los padres de familia, maestros y estudiantes en su actualizaci\u00f3n y formaci\u00f3n permanente, en bien de la Educaci\u00f3n.\",\"sameAs\":[\"http:\\\/\\\/webdelmaestrocmf.com\\\/portal\",\"https:\\\/\\\/www.facebook.com\\\/WebdelMaestroCMF\\\/\",\"https:\\\/\\\/www.instagram.com\\\/wmcmf\\\/\",\"https:\\\/\\\/cl.linkedin.com\\\/company\\\/web-del-maestro-cmf\",\"https:\\\/\\\/www.pinterest.com\\\/WMCMF\\\/publicaciones\\\/\",\"https:\\\/\\\/x.com\\\/cmf_w\",\"https:\\\/\\\/www.youtube.com\\\/@WMCMF\"]}]}<\/script>\n<!-- \/ Yoast SEO plugin. -->","yoast_head_json":{"title":"14 Estrategias para estimular la Inteligencia emocional y 20 din\u00e1micas para el aprendizaje socio-emocional en el aula - 2026","description":"Inteligencia Emocional fue un t\u00e9rmino utilizado por Peter Salovey y John Mayer en 1990, quienes la definen como:\u00a0\u201cla capacidad de...","robots":{"index":"index","follow":"follow","max-snippet":"max-snippet:-1","max-image-preview":"max-image-preview:large","max-video-preview":"max-video-preview:-1"},"canonical":"https:\/\/webdelmaestrocmf.com\/portal\/14-estrategias-para-estimular-la-inteligencia-emocional-y-20-dinamicas-para-el-aprendizaje-socio-emocional-en-el-aula\/","og_locale":"es_ES","og_type":"article","og_title":"14 Estrategias para estimular la Inteligencia emocional y 20 din\u00e1micas para el aprendizaje socio-emocional en el aula - 2026","og_description":"Inteligencia Emocional fue un t\u00e9rmino utilizado por Peter Salovey y John Mayer en 1990, quienes la definen como:\u00a0\u201cla capacidad de...","og_url":"https:\/\/webdelmaestrocmf.com\/portal\/14-estrategias-para-estimular-la-inteligencia-emocional-y-20-dinamicas-para-el-aprendizaje-socio-emocional-en-el-aula\/","og_site_name":"Web del Maestro CMF","article_publisher":"https:\/\/www.facebook.com\/WebdelMaestroCMF\/","article_author":"https:\/\/www.facebook.com\/WebdelMaestroCMF\/","article_published_time":"2022-10-19T23:52:41+00:00","article_modified_time":"2025-01-14T16:29:45+00:00","og_image":[{"width":1024,"height":1024,"url":"https:\/\/webdelmaestrocmf.com\/portal\/wp-content\/uploads\/2022\/10\/1A-Banner-1-portada-imagen-10-1-19.jpg","type":"image\/jpeg"}],"author":"Web del Maestro CMF","twitter_card":"summary_large_image","twitter_creator":"@cmf_w","twitter_site":"@cmf_w","schema":{"@context":"https:\/\/schema.org","@graph":[{"@type":"ScholarlyArticle","@id":"https:\/\/webdelmaestrocmf.com\/portal\/14-estrategias-para-estimular-la-inteligencia-emocional-y-20-dinamicas-para-el-aprendizaje-socio-emocional-en-el-aula\/#article","isPartOf":{"@id":"https:\/\/webdelmaestrocmf.com\/portal\/14-estrategias-para-estimular-la-inteligencia-emocional-y-20-dinamicas-para-el-aprendizaje-socio-emocional-en-el-aula\/"},"author":{"name":"Web del Maestro CMF","@id":"https:\/\/webdelmaestrocmf.com\/portal\/#\/schema\/person\/1072a2ed7bd960df8ef99a551fa35dc5"},"headline":"14 Estrategias para estimular la Inteligencia emocional y 20 din\u00e1micas para el aprendizaje socio-emocional en el aula","datePublished":"2022-10-19T23:52:41+00:00","dateModified":"2025-01-14T16:29:45+00:00","mainEntityOfPage":{"@id":"https:\/\/webdelmaestrocmf.com\/portal\/14-estrategias-para-estimular-la-inteligencia-emocional-y-20-dinamicas-para-el-aprendizaje-socio-emocional-en-el-aula\/"},"wordCount":5019,"commentCount":0,"publisher":{"@id":"https:\/\/webdelmaestrocmf.com\/portal\/#organization"},"image":{"@id":"https:\/\/webdelmaestrocmf.com\/portal\/14-estrategias-para-estimular-la-inteligencia-emocional-y-20-dinamicas-para-el-aprendizaje-socio-emocional-en-el-aula\/#primaryimage"},"thumbnailUrl":"https:\/\/webdelmaestrocmf.com\/portal\/wp-content\/uploads\/2022\/10\/1A-Banner-1-portada-imagen-10-1-19.jpg","keywords":["aprendizaje","Din\u00e1micas","EMOCIONAL","ESTIMULAR","ESTRATEGIAS","INTELIGENCIA","socio-emocional"],"articleSection":["Inteligencia Emocional","Recursos"],"inLanguage":"es","potentialAction":[{"@type":"CommentAction","name":"Comment","target":["https:\/\/webdelmaestrocmf.com\/portal\/14-estrategias-para-estimular-la-inteligencia-emocional-y-20-dinamicas-para-el-aprendizaje-socio-emocional-en-el-aula\/#respond"]}]},{"@type":"WebPage","@id":"https:\/\/webdelmaestrocmf.com\/portal\/14-estrategias-para-estimular-la-inteligencia-emocional-y-20-dinamicas-para-el-aprendizaje-socio-emocional-en-el-aula\/","url":"https:\/\/webdelmaestrocmf.com\/portal\/14-estrategias-para-estimular-la-inteligencia-emocional-y-20-dinamicas-para-el-aprendizaje-socio-emocional-en-el-aula\/","name":"14 Estrategias para estimular la Inteligencia emocional y 20 din\u00e1micas para el aprendizaje socio-emocional en el aula - 2026","isPartOf":{"@id":"https:\/\/webdelmaestrocmf.com\/portal\/#website"},"primaryImageOfPage":{"@id":"https:\/\/webdelmaestrocmf.com\/portal\/14-estrategias-para-estimular-la-inteligencia-emocional-y-20-dinamicas-para-el-aprendizaje-socio-emocional-en-el-aula\/#primaryimage"},"image":{"@id":"https:\/\/webdelmaestrocmf.com\/portal\/14-estrategias-para-estimular-la-inteligencia-emocional-y-20-dinamicas-para-el-aprendizaje-socio-emocional-en-el-aula\/#primaryimage"},"thumbnailUrl":"https:\/\/webdelmaestrocmf.com\/portal\/wp-content\/uploads\/2022\/10\/1A-Banner-1-portada-imagen-10-1-19.jpg","datePublished":"2022-10-19T23:52:41+00:00","dateModified":"2025-01-14T16:29:45+00:00","description":"Inteligencia Emocional fue un t\u00e9rmino utilizado por Peter Salovey y John Mayer en 1990, quienes la definen como:\u00a0\u201cla capacidad de...","breadcrumb":{"@id":"https:\/\/webdelmaestrocmf.com\/portal\/14-estrategias-para-estimular-la-inteligencia-emocional-y-20-dinamicas-para-el-aprendizaje-socio-emocional-en-el-aula\/#breadcrumb"},"inLanguage":"es","potentialAction":[{"@type":"ReadAction","target":["https:\/\/webdelmaestrocmf.com\/portal\/14-estrategias-para-estimular-la-inteligencia-emocional-y-20-dinamicas-para-el-aprendizaje-socio-emocional-en-el-aula\/"]}]},{"@type":"ImageObject","inLanguage":"es","@id":"https:\/\/webdelmaestrocmf.com\/portal\/14-estrategias-para-estimular-la-inteligencia-emocional-y-20-dinamicas-para-el-aprendizaje-socio-emocional-en-el-aula\/#primaryimage","url":"https:\/\/webdelmaestrocmf.com\/portal\/wp-content\/uploads\/2022\/10\/1A-Banner-1-portada-imagen-10-1-19.jpg","contentUrl":"https:\/\/webdelmaestrocmf.com\/portal\/wp-content\/uploads\/2022\/10\/1A-Banner-1-portada-imagen-10-1-19.jpg","width":1024,"height":1024},{"@type":"BreadcrumbList","@id":"https:\/\/webdelmaestrocmf.com\/portal\/14-estrategias-para-estimular-la-inteligencia-emocional-y-20-dinamicas-para-el-aprendizaje-socio-emocional-en-el-aula\/#breadcrumb","itemListElement":[{"@type":"ListItem","position":1,"name":"Portada","item":"https:\/\/webdelmaestrocmf.com\/portal\/"},{"@type":"ListItem","position":2,"name":"Recursos","item":"https:\/\/webdelmaestrocmf.com\/portal\/category\/pedagogia\/"},{"@type":"ListItem","position":3,"name":"14 Estrategias para estimular la Inteligencia emocional y 20 din\u00e1micas para el aprendizaje socio-emocional en el aula"}]},{"@type":"WebSite","@id":"https:\/\/webdelmaestrocmf.com\/portal\/#website","url":"https:\/\/webdelmaestrocmf.com\/portal\/","name":"Web del Maestro CMF","description":"Maestros al servicio de la educaci\u00f3n","publisher":{"@id":"https:\/\/webdelmaestrocmf.com\/portal\/#organization"},"alternateName":"WMCMF","potentialAction":[{"@type":"SearchAction","target":{"@type":"EntryPoint","urlTemplate":"https:\/\/webdelmaestrocmf.com\/portal\/?s={search_term_string}"},"query-input":{"@type":"PropertyValueSpecification","valueRequired":true,"valueName":"search_term_string"}}],"inLanguage":"es"},{"@type":"Organization","@id":"https:\/\/webdelmaestrocmf.com\/portal\/#organization","name":"Web del Maestro CMF","alternateName":"WMCMF","url":"https:\/\/webdelmaestrocmf.com\/portal\/","logo":{"@type":"ImageObject","inLanguage":"es","@id":"https:\/\/webdelmaestrocmf.com\/portal\/#\/schema\/logo\/image\/","url":"https:\/\/webdelmaestrocmf.com\/portal\/wp-content\/uploads\/2023\/01\/logo-wmcmf-2.png","contentUrl":"https:\/\/webdelmaestrocmf.com\/portal\/wp-content\/uploads\/2023\/01\/logo-wmcmf-2.png","width":200,"height":60,"caption":"Web del Maestro CMF"},"image":{"@id":"https:\/\/webdelmaestrocmf.com\/portal\/#\/schema\/logo\/image\/"},"sameAs":["https:\/\/www.facebook.com\/WebdelMaestroCMF\/","https:\/\/x.com\/cmf_w","https:\/\/www.pinterest.com\/WMCMF\/","https:\/\/www.linkedin.com\/company\/web-del-maestro-cmf\/","https:\/\/www.instagram.com\/wmcmf\/","https:\/\/www.youtube.com\/channel\/UCDPSvjbdodE5sHnC3OxutHw","https:\/\/mastodon.social\/@wmcmf","https:\/\/www.tiktok.com\/@webdelmaestrocmf"]},{"@type":"Person","@id":"https:\/\/webdelmaestrocmf.com\/portal\/#\/schema\/person\/1072a2ed7bd960df8ef99a551fa35dc5","name":"Web del Maestro CMF","image":{"@type":"ImageObject","inLanguage":"es","@id":"https:\/\/secure.gravatar.com\/avatar\/23291dd5b5ae1077dcff3dbb04c3e02bd28403fa75af6d8787d5e97c5bbbe30b?s=96&d=mm&r=g","url":"https:\/\/secure.gravatar.com\/avatar\/23291dd5b5ae1077dcff3dbb04c3e02bd28403fa75af6d8787d5e97c5bbbe30b?s=96&d=mm&r=g","contentUrl":"https:\/\/secure.gravatar.com\/avatar\/23291dd5b5ae1077dcff3dbb04c3e02bd28403fa75af6d8787d5e97c5bbbe30b?s=96&d=mm&r=g","caption":"Web del Maestro CMF"},"description":"Esta Web se cre\u00f3 sin fines de lucro, con fines educativos, cient\u00edficos y acad\u00e9micos, para personas que tengan dificultades y\/o inconvenientes en visualizar el material original. El objetivo es entregar recursos, compartir experiencias y materiales que ayuden a los padres de familia, maestros y estudiantes en su actualizaci\u00f3n y formaci\u00f3n permanente, en bien de la Educaci\u00f3n.","sameAs":["http:\/\/webdelmaestrocmf.com\/portal","https:\/\/www.facebook.com\/WebdelMaestroCMF\/","https:\/\/www.instagram.com\/wmcmf\/","https:\/\/cl.linkedin.com\/company\/web-del-maestro-cmf","https:\/\/www.pinterest.com\/WMCMF\/publicaciones\/","https:\/\/x.com\/cmf_w","https:\/\/www.youtube.com\/@WMCMF"]}]}},"jetpack_featured_media_url":"https:\/\/webdelmaestrocmf.com\/portal\/wp-content\/uploads\/2022\/10\/1A-Banner-1-portada-imagen-10-1-19.jpg","jetpack_sharing_enabled":true,"jetpack-related-posts":[{"id":87524,"url":"https:\/\/webdelmaestrocmf.com\/portal\/105-fichas-de-actividades-sobre-educacion-emocional\/","url_meta":{"origin":81118,"position":0},"title":"Fichas de actividades sobre educaci\u00f3n emocional","author":"Web del Maestro CMF","date":"17 abril, 2023","format":false,"excerpt":"En un mundo en constante cambio, la importancia de la educaci\u00f3n emocional se ha vuelto cada vez m\u00e1s evidente. En busca de una mayor comprensi\u00f3n y equilibrio emocional, educadores, padres y cuidadores han recurrido a diversas estrategias para cultivar las habilidades emocionales en los ni\u00f1os y j\u00f3venes. En este contexto,\u2026","rel":"","context":"En \u00abEducaci\u00f3n Emocional\u00bb","block_context":{"text":"Educaci\u00f3n Emocional","link":"https:\/\/webdelmaestrocmf.com\/portal\/category\/pedagogia\/educacion-emocional\/"},"img":{"alt_text":"educaci\u00f3n emocional","src":"https:\/\/i0.wp.com\/webdelmaestrocmf.com\/portal\/wp-content\/uploads\/2023\/04\/A12B3C4D-6-3.jpg?resize=350%2C200&ssl=1","width":350,"height":200,"srcset":"https:\/\/i0.wp.com\/webdelmaestrocmf.com\/portal\/wp-content\/uploads\/2023\/04\/A12B3C4D-6-3.jpg?resize=350%2C200&ssl=1 1x, https:\/\/i0.wp.com\/webdelmaestrocmf.com\/portal\/wp-content\/uploads\/2023\/04\/A12B3C4D-6-3.jpg?resize=525%2C300&ssl=1 1.5x, https:\/\/i0.wp.com\/webdelmaestrocmf.com\/portal\/wp-content\/uploads\/2023\/04\/A12B3C4D-6-3.jpg?resize=700%2C400&ssl=1 2x"},"classes":[]},{"id":40150,"url":"https:\/\/webdelmaestrocmf.com\/portal\/estrategias-para-estimular-la-inteligencia-emocional-en-el-aula-2\/","url_meta":{"origin":81118,"position":1},"title":"Estrategias para estimular la inteligencia emocional","author":"Web del Maestro CMF","date":"9 septiembre, 2019","format":false,"excerpt":"En la complejidad de la formaci\u00f3n integral, la atenci\u00f3n a la inteligencia emocional emerge como un pilar esencial para el desarrollo humano. Este texto se sumerge en la exploraci\u00f3n de estrategias fundamentales con el objetivo de cultivar y potenciar la inteligencia emocional en diversos contextos. La clave reside en reconocer\u2026","rel":"","context":"En \u00abInteligencia Emocional\u00bb","block_context":{"text":"Inteligencia Emocional","link":"https:\/\/webdelmaestrocmf.com\/portal\/category\/pedagogia\/inteligencia-emocional-educacion-y-familia\/"},"img":{"alt_text":"Estrategias inteligencia emocional","src":"https:\/\/i0.wp.com\/webdelmaestrocmf.com\/portal\/wp-content\/uploads\/2019\/09\/A12B3C4D-70.jpg?resize=350%2C200&ssl=1","width":350,"height":200,"srcset":"https:\/\/i0.wp.com\/webdelmaestrocmf.com\/portal\/wp-content\/uploads\/2019\/09\/A12B3C4D-70.jpg?resize=350%2C200&ssl=1 1x, https:\/\/i0.wp.com\/webdelmaestrocmf.com\/portal\/wp-content\/uploads\/2019\/09\/A12B3C4D-70.jpg?resize=525%2C300&ssl=1 1.5x, https:\/\/i0.wp.com\/webdelmaestrocmf.com\/portal\/wp-content\/uploads\/2019\/09\/A12B3C4D-70.jpg?resize=700%2C400&ssl=1 2x"},"classes":[]},{"id":27293,"url":"https:\/\/webdelmaestrocmf.com\/portal\/estrategias-para-estimular-la-inteligencia-emocional-en-el-aula\/","url_meta":{"origin":81118,"position":2},"title":"Estrategias para estimular la inteligencia emocional en el aula","author":"Web del Maestro CMF","date":"5 junio, 2020","format":false,"excerpt":"Existen estudiantes con un dominio de su faceta emocional mucho m\u00e1s desarrollado que otras; sin embargo, pocas veces se estudia su correlaci\u00f3n con la inteligencia l\u00f3gica y anal\u00edtica. Tenemos estudiantes \"brillantes\", capaz de memorizar datos y llegar a resultados acad\u00e9micos excelentes, pero con una vida emocional y sentimental variable; por\u2026","rel":"","context":"En \u00abInteligencia Emocional\u00bb","block_context":{"text":"Inteligencia Emocional","link":"https:\/\/webdelmaestrocmf.com\/portal\/category\/pedagogia\/inteligencia-emocional-educacion-y-familia\/"},"img":{"alt_text":"","src":"https:\/\/i0.wp.com\/webdelmaestrocmf.com\/portal\/wp-content\/uploads\/2020\/06\/1-3.jpg?resize=350%2C200&ssl=1","width":350,"height":200,"srcset":"https:\/\/i0.wp.com\/webdelmaestrocmf.com\/portal\/wp-content\/uploads\/2020\/06\/1-3.jpg?resize=350%2C200&ssl=1 1x, https:\/\/i0.wp.com\/webdelmaestrocmf.com\/portal\/wp-content\/uploads\/2020\/06\/1-3.jpg?resize=525%2C300&ssl=1 1.5x, https:\/\/i0.wp.com\/webdelmaestrocmf.com\/portal\/wp-content\/uploads\/2020\/06\/1-3.jpg?resize=700%2C400&ssl=1 2x"},"classes":[]},{"id":12702,"url":"https:\/\/webdelmaestrocmf.com\/portal\/estrategias-estimular-la-inteligencia-emocional-aula\/","url_meta":{"origin":81118,"position":3},"title":"Estrategias para estimular la inteligencia emocional en el aula","author":"Web del Maestro CMF","date":"27 enero, 2020","format":false,"excerpt":"Inteligencia Emocional fue un t\u00e9rmino utilizado por Peter Salovey y John Mayer en 1990, quienes la definen como: \u201cLa capacidad de controlar y regular las emociones de uno mismo para resolver los problemas de manera pac\u00edfica, obteniendo un bienestar para s\u00ed mismo y para los dem\u00e1s\u201d. Hist\u00f3ricamente, las emociones poco\u2026","rel":"","context":"En \u00abInteligencia Emocional\u00bb","block_context":{"text":"Inteligencia Emocional","link":"https:\/\/webdelmaestrocmf.com\/portal\/category\/pedagogia\/inteligencia-emocional-educacion-y-familia\/"},"img":{"alt_text":"inteligencia emocional","src":"https:\/\/i0.wp.com\/webdelmaestrocmf.com\/portal\/wp-content\/uploads\/2020\/01\/Banner-1-portada-imagen-10-1-20.jpg?resize=350%2C200&ssl=1","width":350,"height":200,"srcset":"https:\/\/i0.wp.com\/webdelmaestrocmf.com\/portal\/wp-content\/uploads\/2020\/01\/Banner-1-portada-imagen-10-1-20.jpg?resize=350%2C200&ssl=1 1x, https:\/\/i0.wp.com\/webdelmaestrocmf.com\/portal\/wp-content\/uploads\/2020\/01\/Banner-1-portada-imagen-10-1-20.jpg?resize=525%2C300&ssl=1 1.5x, https:\/\/i0.wp.com\/webdelmaestrocmf.com\/portal\/wp-content\/uploads\/2020\/01\/Banner-1-portada-imagen-10-1-20.jpg?resize=700%2C400&ssl=1 2x"},"classes":[]},{"id":24337,"url":"https:\/\/webdelmaestrocmf.com\/portal\/14-propuestas-para-trabajar-la-inteligencia-emocional-en-el-aula\/","url_meta":{"origin":81118,"position":4},"title":"Propuestas para trabajar la inteligencia emocional en el aula","author":"Web del Maestro CMF","date":"8 febrero, 2020","format":false,"excerpt":"La\u00a0inteligencia emocional (IE)\u00a0se conoce como la capacidad de\u00a0identificar, comprender y manejar\u00a0las\u00a0emociones, o en otras palabras, la disposici\u00f3n\u00a0que tenemos para tratarnos bien y tratar bien a los dem\u00e1s. De acuerdo\u00a0al blog de educaci\u00f3n Tiching, la\u00a0IE aumenta el bienestar de los alumnos, se\u00a0reducen los conflictos escolares\u00a0para as\u00ed lograr resolverlos de una manera\u2026","rel":"","context":"En \u00abInteligencia Emocional\u00bb","block_context":{"text":"Inteligencia Emocional","link":"https:\/\/webdelmaestrocmf.com\/portal\/category\/pedagogia\/inteligencia-emocional-educacion-y-familia\/"},"img":{"alt_text":"","src":"https:\/\/i0.wp.com\/webdelmaestrocmf.com\/portal\/wp-content\/uploads\/2020\/02\/1-17.jpg?resize=350%2C200&ssl=1","width":350,"height":200,"srcset":"https:\/\/i0.wp.com\/webdelmaestrocmf.com\/portal\/wp-content\/uploads\/2020\/02\/1-17.jpg?resize=350%2C200&ssl=1 1x, https:\/\/i0.wp.com\/webdelmaestrocmf.com\/portal\/wp-content\/uploads\/2020\/02\/1-17.jpg?resize=525%2C300&ssl=1 1.5x, https:\/\/i0.wp.com\/webdelmaestrocmf.com\/portal\/wp-content\/uploads\/2020\/02\/1-17.jpg?resize=700%2C400&ssl=1 2x, https:\/\/i0.wp.com\/webdelmaestrocmf.com\/portal\/wp-content\/uploads\/2020\/02\/1-17.jpg?resize=1050%2C600&ssl=1 3x"},"classes":[]},{"id":56415,"url":"https:\/\/webdelmaestrocmf.com\/portal\/miguel-varela-el-aprendizaje-socio-emocional-y-su-importancia-en-el-entorno-educativo\/","url_meta":{"origin":81118,"position":5},"title":"[Miguel Varela] El aprendizaje socio emocional y su importancia en el entorno educativo","author":"Web del Maestro CMF","date":"27 diciembre, 2020","format":false,"excerpt":"Sin duda alguna, las realidades educativas que han tenido que afrontar y enfrentar, con impactos directos o indirectos, los diferentes escenarios educativos alrededor del mundo y la forma y manera en que se da el encuentro estudiante docente, requiere que se preste atenci\u00f3n a la necesidad y pertinencia del aprendizaje\u2026","rel":"","context":"En \u00abZ-Colaboradores\u00bb","block_context":{"text":"Z-Colaboradores","link":"https:\/\/webdelmaestrocmf.com\/portal\/category\/colaborador\/"},"img":{"alt_text":"","src":"https:\/\/i0.wp.com\/webdelmaestrocmf.com\/portal\/wp-content\/uploads\/2020\/12\/1-copia-74.jpg?resize=350%2C200&ssl=1","width":350,"height":200,"srcset":"https:\/\/i0.wp.com\/webdelmaestrocmf.com\/portal\/wp-content\/uploads\/2020\/12\/1-copia-74.jpg?resize=350%2C200&ssl=1 1x, https:\/\/i0.wp.com\/webdelmaestrocmf.com\/portal\/wp-content\/uploads\/2020\/12\/1-copia-74.jpg?resize=525%2C300&ssl=1 1.5x, https:\/\/i0.wp.com\/webdelmaestrocmf.com\/portal\/wp-content\/uploads\/2020\/12\/1-copia-74.jpg?resize=700%2C400&ssl=1 2x, https:\/\/i0.wp.com\/webdelmaestrocmf.com\/portal\/wp-content\/uploads\/2020\/12\/1-copia-74.jpg?resize=1050%2C600&ssl=1 3x"},"classes":[]}],"_links":{"self":[{"href":"https:\/\/webdelmaestrocmf.com\/portal\/wp-json\/wp\/v2\/posts\/81118","targetHints":{"allow":["GET"]}}],"collection":[{"href":"https:\/\/webdelmaestrocmf.com\/portal\/wp-json\/wp\/v2\/posts"}],"about":[{"href":"https:\/\/webdelmaestrocmf.com\/portal\/wp-json\/wp\/v2\/types\/post"}],"author":[{"embeddable":true,"href":"https:\/\/webdelmaestrocmf.com\/portal\/wp-json\/wp\/v2\/users\/1"}],"replies":[{"embeddable":true,"href":"https:\/\/webdelmaestrocmf.com\/portal\/wp-json\/wp\/v2\/comments?post=81118"}],"version-history":[{"count":0,"href":"https:\/\/webdelmaestrocmf.com\/portal\/wp-json\/wp\/v2\/posts\/81118\/revisions"}],"wp:featuredmedia":[{"embeddable":true,"href":"https:\/\/webdelmaestrocmf.com\/portal\/wp-json\/wp\/v2\/media\/107487"}],"wp:attachment":[{"href":"https:\/\/webdelmaestrocmf.com\/portal\/wp-json\/wp\/v2\/media?parent=81118"}],"wp:term":[{"taxonomy":"category","embeddable":true,"href":"https:\/\/webdelmaestrocmf.com\/portal\/wp-json\/wp\/v2\/categories?post=81118"},{"taxonomy":"post_tag","embeddable":true,"href":"https:\/\/webdelmaestrocmf.com\/portal\/wp-json\/wp\/v2\/tags?post=81118"}],"curies":[{"name":"wp","href":"https:\/\/api.w.org\/{rel}","templated":true}]}}