{"id":81039,"date":"2022-10-17T19:55:36","date_gmt":"2022-10-17T22:55:36","guid":{"rendered":"https:\/\/webdelmaestrocmf.com\/portal\/?p=81039"},"modified":"2023-07-05T10:04:28","modified_gmt":"2023-07-05T14:04:28","slug":"metodo-de-casos-en-la-educacion-basada-en-competencias","status":"publish","type":"post","link":"https:\/\/webdelmaestrocmf.com\/portal\/metodo-de-casos-en-la-educacion-basada-en-competencias\/","title":{"rendered":"M\u00e9todo de casos en la educaci\u00f3n basada en competencias"},"content":{"rendered":"<h5 id=\"yui_3_17_2_1_1666046139436_602\" style=\"text-align: justify;\">Los temas de <strong><a href=\"http:\/\/www.redie.mx\/librosyrevistas\/libros\/competencias_y_educacion.pdf#page=15\" target=\"_blank\" rel=\"noopener\">socioformaci\u00f3n<\/a> <\/strong>y la educaci\u00f3n basada en competencias son claves para la educaci\u00f3n del siglo XXI. Para los profesores como yo, que utilizamos el <strong><a href=\"http:\/\/sitios.itesm.mx\/va\/dide2\/tecnicas_didacticas\/casos\/qes.htm\" target=\"_blank\" rel=\"noopener\">m\u00e9todo de casos<\/a><\/strong> en las clases, es importante descubrir la conexi\u00f3n entre esta t\u00e9cnica y los dos conceptos mencionados. Desde la perspectiva de la socioformaci\u00f3n las competencias son percibidas como una actuaci\u00f3n integral ante los retos del entorno. Esto implica ser capaz de desarrollar y poner en acci\u00f3n diversos saberes como: saber ser, saber convivir, saber hacer y saber conocer <a href=\"https:\/\/issuu.com\/cife\/docs\/e-book_socioformacion_y_competencia\" target=\"_blank\" rel=\"noopener\">(<strong>Tob\u00f3n, 2013)<\/strong><\/a><strong>.<\/strong><\/h5>\n<p><!--more--><\/p>\n<p style=\"text-align: justify;\">El concepto de socioformaci\u00f3n es un enfoque que trata de enfrentar los retos de la sociedad a trav\u00e9s de diversas corrientes y perspectivas. Tiene como base el desarrollo de un proyecto \u00e9tico de vida, la adquisici\u00f3n de competencias para afrontar los desaf\u00edos del contexto, ser capaz de emprender de forma creativa y trabajar colaborativamente.<\/p>\n<div class=\"pk-content-block pk-block-bg pk-block-bg-inverse\" style=\"text-align: justify;\">\u201cYa no podemos hablar tan solo de casos escritos hace 10 a\u00f1os que resuelven problem\u00e1ticas b\u00e1sicas de empresas. Debemos generar casos de estudio enfocados en problemas reales, tangibles y de impacto social.\u201d<\/div>\n<p style=\"text-align: justify;\">En la pr\u00e1ctica, esto implica desarrollar casos de estudio enfocados en problemas reales, tangibles y de impacto social. Un problema que emociona, conmueve, y al ser resuelto ayuda no tan solo a desarrollar competencias en los estudiantes, sino que tambi\u00e9n aporta al desarrollo de la sociedad. El alumno tiene que entender el problema a profundidad, es decir, en lugar de solo leer un caso, se le presenta una situaci\u00f3n compleja con preguntas interesantes que generan reflexi\u00f3n.<\/p>\n<p style=\"text-align: justify;\">Un ejemplo que es relevante mencionar, es el caso que present\u00f3 Sergio Tob\u00f3n sobre la implementaci\u00f3n de la metodolog\u00eda enfocada en un problema complejo. El reto fue lograr la inclusi\u00f3n social de las personas que participan en pandillas y grupos delincuenciales mediante su incorporaci\u00f3n a microempresas. Se trabaj\u00f3 en entender los intereses de dichos grupos,\u00a0 las oportunidades del contexto, y se determinaron las mejores pr\u00e1cticas que han funcionado en otros casos de estudio realizados con similares caracter\u00edsticas para identificar acciones creativas con el fin de lograr impacto y continuidad de la soluci\u00f3n. El trabajo de los alumnos est\u00e1 basado en desarrollar propuestas para apoyar a los miembros de las pandillas para que se reincorporen en la sociedad por medio de sus relaciones laborales con microempresas. La respuesta al problema de la reinserci\u00f3n social no es solo una, por tanto, los alumnos est\u00e1n en la libertad de sugerir varias soluciones que pueden implementarse en equipo con las partes interesadas en resolver la situaci\u00f3n desfavorable.<\/p>\n<div class=\"pk-content-block pk-block-bg pk-block-bg-inverse\" style=\"text-align: justify;\">\u201cEs importante plantear un problema que emocione, conmueva, y al ser resuelto ayude a desarrollar competencias en los estudiantes, pero que tambi\u00e9n aporte al desarrollo de la sociedad.\u201d<\/div>\n<p style=\"text-align: justify;\">En mi clase, utilic\u00e9 este enfoque con el fin de desarrollar en los estudiantes competencias de emprendimiento y an\u00e1lisis estrat\u00e9gico. Para una empresa social en Allende, Guanajuato, identificamos cuatro retos enfocados en estrategias de crecimiento de la empresa con impacto social y desarrollo de agricultura org\u00e1nica. El grupo fue dividido en equipos y a cada uno se le asign\u00f3 alguno los cuatro retos identificados.<\/p>\n<p><img loading=\"lazy\" decoding=\"async\" class=\"alignnone size-full wp-image-81040\" src=\"https:\/\/webdelmaestrocmf.com\/portal\/wp-content\/uploads\/2022\/10\/1-31.jpg\" alt=\"\" width=\"900\" height=\"470\" srcset=\"https:\/\/webdelmaestrocmf.com\/portal\/wp-content\/uploads\/2022\/10\/1-31.jpg 900w, https:\/\/webdelmaestrocmf.com\/portal\/wp-content\/uploads\/2022\/10\/1-31-300x157.jpg 300w, https:\/\/webdelmaestrocmf.com\/portal\/wp-content\/uploads\/2022\/10\/1-31-768x401.jpg 768w, https:\/\/webdelmaestrocmf.com\/portal\/wp-content\/uploads\/2022\/10\/1-31-110x57.jpg 110w, https:\/\/webdelmaestrocmf.com\/portal\/wp-content\/uploads\/2022\/10\/1-31-200x104.jpg 200w, https:\/\/webdelmaestrocmf.com\/portal\/wp-content\/uploads\/2022\/10\/1-31-380x198.jpg 380w, https:\/\/webdelmaestrocmf.com\/portal\/wp-content\/uploads\/2022\/10\/1-31-255x133.jpg 255w, https:\/\/webdelmaestrocmf.com\/portal\/wp-content\/uploads\/2022\/10\/1-31-550x287.jpg 550w, https:\/\/webdelmaestrocmf.com\/portal\/wp-content\/uploads\/2022\/10\/1-31-800x418.jpg 800w\" sizes=\"auto, (max-width: 900px) 100vw, 900px\" \/><\/p>\n<p style=\"text-align: justify;\">Los alumnos visitaron la empresa, con lo cual pudieron entender el contexto, conversar con las partes interesadas de la empresa y as\u00ed crear su propio caso de estudio. En cinco semanas pudieron desarrollar una metodolog\u00eda de an\u00e1lisis estrat\u00e9gico, crear alternativas de soluci\u00f3n, validarlas e implementar aquella que consideraron m\u00e1s factible. Los equipos presentaron sus propuestas al panel de emprendedores, a los inversionistas y a los interesados de la empresa, y recibieron de ellos su respectiva retroalimentaci\u00f3n y comentarios.<\/p>\n<p style=\"text-align: justify;\">Las estrategias m\u00e1s viables para la empresa se est\u00e1n implementado en este momento, y varios de los estudiantes recibieron ofertas para colaborar con la organizaci\u00f3n. Los alumnos pudieron resolver un caso de estudio y aprendieron en la pr\u00e1ctica de sus errores, validaron supuestos y se enfrentaron con retos reales del contexto.<\/p>\n<p style=\"text-align: justify;\">Entendiendo la socioformaci\u00f3n como el marco general para implementar el m\u00e9todo de casos, el m\u00e9todo mismo necesita evolucionar y ser modificado. Ya no podemos hablar tan solo de casos escritos hace 10 a\u00f1os que resuelven problem\u00e1ticas b\u00e1sicas de empresas. Se necesita crear nuevos casos para implementar la educaci\u00f3n basada en competencias desde la perspectiva de la socioformaci\u00f3n. La posibilidad de implementar el pensamiento cr\u00edtico y la capacidad de analizar problemas complejos en el entorno del estudiante, mediante el <a href=\"https:\/\/observatorio.itesm.mx\/edu-bits-blog\/2017\/9\/4\/el-mtodo-del-caso-y-su-media-naranja\">m\u00e9todo de casos<\/a> ayuda en el desarrollo tanto de las competencias transversales como de las disciplinares.<\/p>\n<p style=\"text-align: justify;\">Como docentes necesitamos reflexionar sobre c\u00f3mo modificar las actividades utilizadas en el sal\u00f3n para realmente formar competencias en nuestros alumnos. El <a href=\"https:\/\/observatorio.itesm.mx\/edu-bits-blog\/2017\/9\/4\/el-mtodo-del-caso-y-su-media-naranja\">m\u00e9todo de casos<\/a> tiene todas las caracter\u00edsticas necesarias para ser modificado y utilizado de una forma ejemplar, integrando el enfoque de socioformaci\u00f3n es posible implementar este m\u00e9todo en diferentes \u00e1reas de conocimiento.<\/p>\n<p><strong>Este contenido ha sido publicado originalmente por El Obserbatorio en la siguiente direcci\u00f3n: <a href=\"https:\/\/observatorio.tec.mx\/edu-bits-blog\/metodo-casos-educacion-basada-en-competencias\" target=\"_blank\" rel=\"noopener\">observatorio.tec.mx<\/a><\/strong><\/p>\n<p style=\"text-align: center;\">Recomendamos a la Comunidad Educativa Digital tener en cuenta que, el enlace y\/o la carpeta en donde est\u00e1n alojados los libros, recursos y\/o materiales, no es administrado por la Web del Maestro CMF, pueda ser que en cuesti\u00f3n de d\u00edas (o seg\u00fan el tiempo transcurrido desde su publicaci\u00f3n), los enlaces no funcionen y el material ya no se encuentre disponible. Gracias por su comprensi\u00f3n.<\/p>\n<h3>ENLACE DE LECTURA:<\/h3>\n<p style=\"text-align: center;\">\u00a1Comparte y as\u00ed m\u00e1s docentes utilizar\u00e1n estos recursos\u00a0gratis! Muchas gracias.<\/p>\n<p style=\"text-align: center;\"><span style=\"color: #000000;\"><a style=\"color: #000000;\" href=\"https:\/\/mega.nz\/folder\/q3plVDZC#p1Ru8CtPnms0HOnQmI8phg\" target=\"_blank\" rel=\"noopener\">EL M\u00c9TODO DE CASOS COMO ESTRATEGIA DE ENSE\u00d1ANZA-APRENDIZAJE<\/a><\/span><\/p>\n\t\t<div class=\"pk-inline-posts\">\n\t\t\t\n\t\t\t<div class=\"pk-inline-posts-container pk-inline-posts-template-list\"\n\t\t\t\tdata-columns=\"1\">\n\t\t\t\t\t\t<article id=\"post-118538\" class=\"post-118538 post type-post status-publish format-standard has-post-thumbnail category-descargas-manuales-pdf category-pedagogia category-tea tag-aprendizaje tag-aula tag-crisis-educativa tag-docentes tag-educacion-3 tag-escuela tag-pedagogia-3 tag-reflexion-docente-2 tag-rol-docente tag-sistema-educativo cs-entry cs-video-wrap\">\n\t\t\t<div class=\"pk-post-outer\">\n\n\t\t\t\t\t\t\t\t<div class=\"pk-post-inner\">\n\t\t\t\t\t<div class=\"entry-thumbnail\">\n\t\t\t\t\t\t<div class=\"pk-overlay pk-overlay-ratio pk-ratio-landscape\">\n\t\t\t\t\t\t\t<div class=\"pk-overlay-background\">\n\t\t\t\t\t\t\t\t<a href=\"https:\/\/webdelmaestrocmf.com\/portal\/nuevo-recurso-clave-para-el-aula-descarga-una-lista-de-control-para-la-deteccion-inicial-del-tea-trastorno-del-espectro-autista\/\" class=\"pk-overlay-link\">\n\t\t\t\t\t\t\t\t\t<img loading=\"lazy\" decoding=\"async\" width=\"300\" height=\"225\" src=\"https:\/\/webdelmaestrocmf.com\/portal\/wp-content\/uploads\/2026\/05\/1AA-Banner-1-portada-imagen-10-1-copia-1-300x225.webp\" class=\"attachment-pk-thumbnail size-pk-thumbnail wp-post-image\" alt=\"\" \/>\t\t\t\t\t\t\t\t<\/a>\n\t\t\t\t\t\t\t<\/div>\n\t\t\t\t\t\t<\/div>\n\t\t\t\t\t<\/div>\n\t\t\t\t<\/div>\n\t\t\t\t\n\t\t\t\t<div class=\"pk-post-inner\">\n\t\t\t\t\t<header>\n\t\t\t\t\t\t<h3 class=\"pk-title\"><a href=\"https:\/\/webdelmaestrocmf.com\/portal\/nuevo-recurso-clave-para-el-aula-descarga-una-lista-de-control-para-la-deteccion-inicial-del-tea-trastorno-del-espectro-autista\/\" rel=\"bookmark\">Nuevo recurso clave para el aula: descarga una lista de control para la detecci\u00f3n inicial del TEA (Trastorno del Espectro Autista)<\/a><\/h3>\t\t\t\t\t<\/header><!-- .entry-header -->\n\t\t\t\t<\/div><!-- .post-inner -->\n\n\t\t\t<\/div><!-- .post-outer -->\n\t\t<\/article>\n\t\t\t\t<\/div>\n\t\t<\/div>\n\t\t\n","protected":false},"excerpt":{"rendered":"Los temas de socioformaci\u00f3n y la educaci\u00f3n basada en competencias son claves para la educaci\u00f3n del siglo XXI.&hellip;","protected":false},"author":1,"featured_media":81042,"comment_status":"open","ping_status":"closed","sticky":false,"template":"","format":"standard","meta":{"csco_display_header_overlay":false,"csco_singular_sidebar":"default","csco_page_header_type":"default","csco_page_load_nextpost":"default","csco_post_video_location":[],"csco_post_video_location_hash":"","csco_post_video_url":"","csco_post_video_bg_start_time":0,"csco_post_video_bg_end_time":0,"csco_post_video_bg_volume":false,"_jetpack_memberships_contains_paid_content":false,"footnotes":""},"categories":[2004,735],"tags":[2319,2607,82,55,1229],"class_list":{"0":"post-81039","1":"post","2":"type-post","3":"status-publish","4":"format-standard","5":"has-post-thumbnail","7":"category-descargas-manuales-pdf","8":"category-pedagogia","9":"tag-basada","10":"tag-casos","11":"tag-competencias","12":"tag-educacion","13":"tag-metodo","14":"cs-entry","15":"cs-video-wrap"},"yoast_head":"<!-- This site is optimized with the Yoast SEO plugin v27.5 - https:\/\/yoast.com\/product\/yoast-seo-wordpress\/ -->\n<title>M\u00e9todo de casos en la educaci\u00f3n basada en competencias - 2026<\/title>\n<meta name=\"description\" content=\"Los temas de socioformaci\u00f3n y la educaci\u00f3n basada en competencias son claves para la educaci\u00f3n del siglo XXI. Para los profesores...\" \/>\n<meta name=\"robots\" content=\"index, follow, max-snippet:-1, max-image-preview:large, max-video-preview:-1\" \/>\n<link rel=\"canonical\" href=\"https:\/\/webdelmaestrocmf.com\/portal\/metodo-de-casos-en-la-educacion-basada-en-competencias\/\" \/>\n<meta property=\"og:locale\" content=\"es_ES\" \/>\n<meta property=\"og:type\" content=\"article\" \/>\n<meta property=\"og:title\" content=\"M\u00e9todo de casos en la educaci\u00f3n basada en competencias - 2026\" \/>\n<meta property=\"og:description\" content=\"Los temas de socioformaci\u00f3n y la educaci\u00f3n basada en competencias son claves para la educaci\u00f3n del siglo XXI. Para los profesores...\" \/>\n<meta property=\"og:url\" content=\"https:\/\/webdelmaestrocmf.com\/portal\/metodo-de-casos-en-la-educacion-basada-en-competencias\/\" \/>\n<meta property=\"og:site_name\" content=\"Web del Maestro CMF\" \/>\n<meta property=\"article:publisher\" content=\"https:\/\/www.facebook.com\/WebdelMaestroCMF\/\" \/>\n<meta property=\"article:author\" content=\"https:\/\/www.facebook.com\/WebdelMaestroCMF\/\" \/>\n<meta property=\"article:published_time\" content=\"2022-10-17T22:55:36+00:00\" \/>\n<meta property=\"article:modified_time\" content=\"2023-07-05T14:04:28+00:00\" \/>\n<meta property=\"og:image\" content=\"https:\/\/i0.wp.com\/webdelmaestrocmf.com\/portal\/wp-content\/uploads\/2022\/10\/1-32.jpg?fit=900%2C556&ssl=1\" \/>\n\t<meta property=\"og:image:width\" content=\"900\" \/>\n\t<meta property=\"og:image:height\" content=\"556\" \/>\n\t<meta property=\"og:image:type\" content=\"image\/jpeg\" \/>\n<meta name=\"author\" content=\"Web del Maestro CMF\" \/>\n<meta name=\"twitter:card\" content=\"summary_large_image\" \/>\n<meta name=\"twitter:creator\" content=\"@cmf_w\" \/>\n<meta name=\"twitter:site\" content=\"@cmf_w\" \/>\n<script type=\"application\/ld+json\" class=\"yoast-schema-graph\">{\"@context\":\"https:\\\/\\\/schema.org\",\"@graph\":[{\"@type\":\"ScholarlyArticle\",\"@id\":\"https:\\\/\\\/webdelmaestrocmf.com\\\/portal\\\/metodo-de-casos-en-la-educacion-basada-en-competencias\\\/#article\",\"isPartOf\":{\"@id\":\"https:\\\/\\\/webdelmaestrocmf.com\\\/portal\\\/metodo-de-casos-en-la-educacion-basada-en-competencias\\\/\"},\"author\":{\"name\":\"Web del Maestro CMF\",\"@id\":\"https:\\\/\\\/webdelmaestrocmf.com\\\/portal\\\/#\\\/schema\\\/person\\\/1072a2ed7bd960df8ef99a551fa35dc5\"},\"headline\":\"M\u00e9todo de casos en la educaci\u00f3n basada en competencias\",\"datePublished\":\"2022-10-17T22:55:36+00:00\",\"dateModified\":\"2023-07-05T14:04:28+00:00\",\"mainEntityOfPage\":{\"@id\":\"https:\\\/\\\/webdelmaestrocmf.com\\\/portal\\\/metodo-de-casos-en-la-educacion-basada-en-competencias\\\/\"},\"wordCount\":968,\"commentCount\":0,\"publisher\":{\"@id\":\"https:\\\/\\\/webdelmaestrocmf.com\\\/portal\\\/#organization\"},\"image\":{\"@id\":\"https:\\\/\\\/webdelmaestrocmf.com\\\/portal\\\/metodo-de-casos-en-la-educacion-basada-en-competencias\\\/#primaryimage\"},\"thumbnailUrl\":\"https:\\\/\\\/webdelmaestrocmf.com\\\/portal\\\/wp-content\\\/uploads\\\/2022\\\/10\\\/1-32.jpg\",\"keywords\":[\"BASADA\",\"CASOS\",\"competencias\",\"EDUCACI\u00d3N\",\"M\u00c9TODO\"],\"articleSection\":[\"Descargas Manuales PDF\",\"Recursos\"],\"inLanguage\":\"es\",\"potentialAction\":[{\"@type\":\"CommentAction\",\"name\":\"Comment\",\"target\":[\"https:\\\/\\\/webdelmaestrocmf.com\\\/portal\\\/metodo-de-casos-en-la-educacion-basada-en-competencias\\\/#respond\"]}]},{\"@type\":\"WebPage\",\"@id\":\"https:\\\/\\\/webdelmaestrocmf.com\\\/portal\\\/metodo-de-casos-en-la-educacion-basada-en-competencias\\\/\",\"url\":\"https:\\\/\\\/webdelmaestrocmf.com\\\/portal\\\/metodo-de-casos-en-la-educacion-basada-en-competencias\\\/\",\"name\":\"M\u00e9todo de casos en la educaci\u00f3n basada en competencias - 2026\",\"isPartOf\":{\"@id\":\"https:\\\/\\\/webdelmaestrocmf.com\\\/portal\\\/#website\"},\"primaryImageOfPage\":{\"@id\":\"https:\\\/\\\/webdelmaestrocmf.com\\\/portal\\\/metodo-de-casos-en-la-educacion-basada-en-competencias\\\/#primaryimage\"},\"image\":{\"@id\":\"https:\\\/\\\/webdelmaestrocmf.com\\\/portal\\\/metodo-de-casos-en-la-educacion-basada-en-competencias\\\/#primaryimage\"},\"thumbnailUrl\":\"https:\\\/\\\/webdelmaestrocmf.com\\\/portal\\\/wp-content\\\/uploads\\\/2022\\\/10\\\/1-32.jpg\",\"datePublished\":\"2022-10-17T22:55:36+00:00\",\"dateModified\":\"2023-07-05T14:04:28+00:00\",\"description\":\"Los temas de socioformaci\u00f3n y la educaci\u00f3n basada en competencias son claves para la educaci\u00f3n del siglo XXI. Para los profesores...\",\"breadcrumb\":{\"@id\":\"https:\\\/\\\/webdelmaestrocmf.com\\\/portal\\\/metodo-de-casos-en-la-educacion-basada-en-competencias\\\/#breadcrumb\"},\"inLanguage\":\"es\",\"potentialAction\":[{\"@type\":\"ReadAction\",\"target\":[\"https:\\\/\\\/webdelmaestrocmf.com\\\/portal\\\/metodo-de-casos-en-la-educacion-basada-en-competencias\\\/\"]}]},{\"@type\":\"ImageObject\",\"inLanguage\":\"es\",\"@id\":\"https:\\\/\\\/webdelmaestrocmf.com\\\/portal\\\/metodo-de-casos-en-la-educacion-basada-en-competencias\\\/#primaryimage\",\"url\":\"https:\\\/\\\/webdelmaestrocmf.com\\\/portal\\\/wp-content\\\/uploads\\\/2022\\\/10\\\/1-32.jpg\",\"contentUrl\":\"https:\\\/\\\/webdelmaestrocmf.com\\\/portal\\\/wp-content\\\/uploads\\\/2022\\\/10\\\/1-32.jpg\",\"width\":900,\"height\":556},{\"@type\":\"BreadcrumbList\",\"@id\":\"https:\\\/\\\/webdelmaestrocmf.com\\\/portal\\\/metodo-de-casos-en-la-educacion-basada-en-competencias\\\/#breadcrumb\",\"itemListElement\":[{\"@type\":\"ListItem\",\"position\":1,\"name\":\"Portada\",\"item\":\"https:\\\/\\\/webdelmaestrocmf.com\\\/portal\\\/\"},{\"@type\":\"ListItem\",\"position\":2,\"name\":\"Recursos\",\"item\":\"https:\\\/\\\/webdelmaestrocmf.com\\\/portal\\\/category\\\/pedagogia\\\/\"},{\"@type\":\"ListItem\",\"position\":3,\"name\":\"M\u00e9todo de casos en la educaci\u00f3n basada en competencias\"}]},{\"@type\":\"WebSite\",\"@id\":\"https:\\\/\\\/webdelmaestrocmf.com\\\/portal\\\/#website\",\"url\":\"https:\\\/\\\/webdelmaestrocmf.com\\\/portal\\\/\",\"name\":\"Web del Maestro CMF\",\"description\":\"Maestros al servicio de la educaci\u00f3n\",\"publisher\":{\"@id\":\"https:\\\/\\\/webdelmaestrocmf.com\\\/portal\\\/#organization\"},\"alternateName\":\"WMCMF\",\"potentialAction\":[{\"@type\":\"SearchAction\",\"target\":{\"@type\":\"EntryPoint\",\"urlTemplate\":\"https:\\\/\\\/webdelmaestrocmf.com\\\/portal\\\/?s={search_term_string}\"},\"query-input\":{\"@type\":\"PropertyValueSpecification\",\"valueRequired\":true,\"valueName\":\"search_term_string\"}}],\"inLanguage\":\"es\"},{\"@type\":\"Organization\",\"@id\":\"https:\\\/\\\/webdelmaestrocmf.com\\\/portal\\\/#organization\",\"name\":\"Web del Maestro CMF\",\"alternateName\":\"WMCMF\",\"url\":\"https:\\\/\\\/webdelmaestrocmf.com\\\/portal\\\/\",\"logo\":{\"@type\":\"ImageObject\",\"inLanguage\":\"es\",\"@id\":\"https:\\\/\\\/webdelmaestrocmf.com\\\/portal\\\/#\\\/schema\\\/logo\\\/image\\\/\",\"url\":\"https:\\\/\\\/webdelmaestrocmf.com\\\/portal\\\/wp-content\\\/uploads\\\/2023\\\/01\\\/logo-wmcmf-2.png\",\"contentUrl\":\"https:\\\/\\\/webdelmaestrocmf.com\\\/portal\\\/wp-content\\\/uploads\\\/2023\\\/01\\\/logo-wmcmf-2.png\",\"width\":200,\"height\":60,\"caption\":\"Web del Maestro CMF\"},\"image\":{\"@id\":\"https:\\\/\\\/webdelmaestrocmf.com\\\/portal\\\/#\\\/schema\\\/logo\\\/image\\\/\"},\"sameAs\":[\"https:\\\/\\\/www.facebook.com\\\/WebdelMaestroCMF\\\/\",\"https:\\\/\\\/x.com\\\/cmf_w\",\"https:\\\/\\\/www.pinterest.com\\\/WMCMF\\\/\",\"https:\\\/\\\/www.linkedin.com\\\/company\\\/web-del-maestro-cmf\\\/\",\"https:\\\/\\\/www.instagram.com\\\/wmcmf\\\/\",\"https:\\\/\\\/www.youtube.com\\\/channel\\\/UCDPSvjbdodE5sHnC3OxutHw\",\"https:\\\/\\\/mastodon.social\\\/@wmcmf\",\"https:\\\/\\\/www.tiktok.com\\\/@webdelmaestrocmf\"]},{\"@type\":\"Person\",\"@id\":\"https:\\\/\\\/webdelmaestrocmf.com\\\/portal\\\/#\\\/schema\\\/person\\\/1072a2ed7bd960df8ef99a551fa35dc5\",\"name\":\"Web del Maestro CMF\",\"image\":{\"@type\":\"ImageObject\",\"inLanguage\":\"es\",\"@id\":\"https:\\\/\\\/secure.gravatar.com\\\/avatar\\\/23291dd5b5ae1077dcff3dbb04c3e02bd28403fa75af6d8787d5e97c5bbbe30b?s=96&d=mm&r=g\",\"url\":\"https:\\\/\\\/secure.gravatar.com\\\/avatar\\\/23291dd5b5ae1077dcff3dbb04c3e02bd28403fa75af6d8787d5e97c5bbbe30b?s=96&d=mm&r=g\",\"contentUrl\":\"https:\\\/\\\/secure.gravatar.com\\\/avatar\\\/23291dd5b5ae1077dcff3dbb04c3e02bd28403fa75af6d8787d5e97c5bbbe30b?s=96&d=mm&r=g\",\"caption\":\"Web del Maestro CMF\"},\"description\":\"Esta Web se cre\u00f3 sin fines de lucro, con fines educativos, cient\u00edficos y acad\u00e9micos, para personas que tengan dificultades y\\\/o inconvenientes en visualizar el material original. El objetivo es entregar recursos, compartir experiencias y materiales que ayuden a los padres de familia, maestros y estudiantes en su actualizaci\u00f3n y formaci\u00f3n permanente, en bien de la Educaci\u00f3n.\",\"sameAs\":[\"http:\\\/\\\/webdelmaestrocmf.com\\\/portal\",\"https:\\\/\\\/www.facebook.com\\\/WebdelMaestroCMF\\\/\",\"https:\\\/\\\/www.instagram.com\\\/wmcmf\\\/\",\"https:\\\/\\\/cl.linkedin.com\\\/company\\\/web-del-maestro-cmf\",\"https:\\\/\\\/www.pinterest.com\\\/WMCMF\\\/publicaciones\\\/\",\"https:\\\/\\\/x.com\\\/cmf_w\",\"https:\\\/\\\/www.youtube.com\\\/@WMCMF\"]}]}<\/script>\n<!-- \/ Yoast SEO plugin. -->","yoast_head_json":{"title":"M\u00e9todo de casos en la educaci\u00f3n basada en competencias - 2026","description":"Los temas de socioformaci\u00f3n y la educaci\u00f3n basada en competencias son claves para la educaci\u00f3n del siglo XXI. Para los profesores...","robots":{"index":"index","follow":"follow","max-snippet":"max-snippet:-1","max-image-preview":"max-image-preview:large","max-video-preview":"max-video-preview:-1"},"canonical":"https:\/\/webdelmaestrocmf.com\/portal\/metodo-de-casos-en-la-educacion-basada-en-competencias\/","og_locale":"es_ES","og_type":"article","og_title":"M\u00e9todo de casos en la educaci\u00f3n basada en competencias - 2026","og_description":"Los temas de socioformaci\u00f3n y la educaci\u00f3n basada en competencias son claves para la educaci\u00f3n del siglo XXI. Para los profesores...","og_url":"https:\/\/webdelmaestrocmf.com\/portal\/metodo-de-casos-en-la-educacion-basada-en-competencias\/","og_site_name":"Web del Maestro CMF","article_publisher":"https:\/\/www.facebook.com\/WebdelMaestroCMF\/","article_author":"https:\/\/www.facebook.com\/WebdelMaestroCMF\/","article_published_time":"2022-10-17T22:55:36+00:00","article_modified_time":"2023-07-05T14:04:28+00:00","og_image":[{"width":900,"height":556,"url":"https:\/\/i0.wp.com\/webdelmaestrocmf.com\/portal\/wp-content\/uploads\/2022\/10\/1-32.jpg?fit=900%2C556&ssl=1","type":"image\/jpeg"}],"author":"Web del Maestro CMF","twitter_card":"summary_large_image","twitter_creator":"@cmf_w","twitter_site":"@cmf_w","schema":{"@context":"https:\/\/schema.org","@graph":[{"@type":"ScholarlyArticle","@id":"https:\/\/webdelmaestrocmf.com\/portal\/metodo-de-casos-en-la-educacion-basada-en-competencias\/#article","isPartOf":{"@id":"https:\/\/webdelmaestrocmf.com\/portal\/metodo-de-casos-en-la-educacion-basada-en-competencias\/"},"author":{"name":"Web del Maestro CMF","@id":"https:\/\/webdelmaestrocmf.com\/portal\/#\/schema\/person\/1072a2ed7bd960df8ef99a551fa35dc5"},"headline":"M\u00e9todo de casos en la educaci\u00f3n basada en competencias","datePublished":"2022-10-17T22:55:36+00:00","dateModified":"2023-07-05T14:04:28+00:00","mainEntityOfPage":{"@id":"https:\/\/webdelmaestrocmf.com\/portal\/metodo-de-casos-en-la-educacion-basada-en-competencias\/"},"wordCount":968,"commentCount":0,"publisher":{"@id":"https:\/\/webdelmaestrocmf.com\/portal\/#organization"},"image":{"@id":"https:\/\/webdelmaestrocmf.com\/portal\/metodo-de-casos-en-la-educacion-basada-en-competencias\/#primaryimage"},"thumbnailUrl":"https:\/\/webdelmaestrocmf.com\/portal\/wp-content\/uploads\/2022\/10\/1-32.jpg","keywords":["BASADA","CASOS","competencias","EDUCACI\u00d3N","M\u00c9TODO"],"articleSection":["Descargas Manuales PDF","Recursos"],"inLanguage":"es","potentialAction":[{"@type":"CommentAction","name":"Comment","target":["https:\/\/webdelmaestrocmf.com\/portal\/metodo-de-casos-en-la-educacion-basada-en-competencias\/#respond"]}]},{"@type":"WebPage","@id":"https:\/\/webdelmaestrocmf.com\/portal\/metodo-de-casos-en-la-educacion-basada-en-competencias\/","url":"https:\/\/webdelmaestrocmf.com\/portal\/metodo-de-casos-en-la-educacion-basada-en-competencias\/","name":"M\u00e9todo de casos en la educaci\u00f3n basada en competencias - 2026","isPartOf":{"@id":"https:\/\/webdelmaestrocmf.com\/portal\/#website"},"primaryImageOfPage":{"@id":"https:\/\/webdelmaestrocmf.com\/portal\/metodo-de-casos-en-la-educacion-basada-en-competencias\/#primaryimage"},"image":{"@id":"https:\/\/webdelmaestrocmf.com\/portal\/metodo-de-casos-en-la-educacion-basada-en-competencias\/#primaryimage"},"thumbnailUrl":"https:\/\/webdelmaestrocmf.com\/portal\/wp-content\/uploads\/2022\/10\/1-32.jpg","datePublished":"2022-10-17T22:55:36+00:00","dateModified":"2023-07-05T14:04:28+00:00","description":"Los temas de socioformaci\u00f3n y la educaci\u00f3n basada en competencias son claves para la educaci\u00f3n del siglo XXI. Para los profesores...","breadcrumb":{"@id":"https:\/\/webdelmaestrocmf.com\/portal\/metodo-de-casos-en-la-educacion-basada-en-competencias\/#breadcrumb"},"inLanguage":"es","potentialAction":[{"@type":"ReadAction","target":["https:\/\/webdelmaestrocmf.com\/portal\/metodo-de-casos-en-la-educacion-basada-en-competencias\/"]}]},{"@type":"ImageObject","inLanguage":"es","@id":"https:\/\/webdelmaestrocmf.com\/portal\/metodo-de-casos-en-la-educacion-basada-en-competencias\/#primaryimage","url":"https:\/\/webdelmaestrocmf.com\/portal\/wp-content\/uploads\/2022\/10\/1-32.jpg","contentUrl":"https:\/\/webdelmaestrocmf.com\/portal\/wp-content\/uploads\/2022\/10\/1-32.jpg","width":900,"height":556},{"@type":"BreadcrumbList","@id":"https:\/\/webdelmaestrocmf.com\/portal\/metodo-de-casos-en-la-educacion-basada-en-competencias\/#breadcrumb","itemListElement":[{"@type":"ListItem","position":1,"name":"Portada","item":"https:\/\/webdelmaestrocmf.com\/portal\/"},{"@type":"ListItem","position":2,"name":"Recursos","item":"https:\/\/webdelmaestrocmf.com\/portal\/category\/pedagogia\/"},{"@type":"ListItem","position":3,"name":"M\u00e9todo de casos en la educaci\u00f3n basada en competencias"}]},{"@type":"WebSite","@id":"https:\/\/webdelmaestrocmf.com\/portal\/#website","url":"https:\/\/webdelmaestrocmf.com\/portal\/","name":"Web del Maestro CMF","description":"Maestros al servicio de la educaci\u00f3n","publisher":{"@id":"https:\/\/webdelmaestrocmf.com\/portal\/#organization"},"alternateName":"WMCMF","potentialAction":[{"@type":"SearchAction","target":{"@type":"EntryPoint","urlTemplate":"https:\/\/webdelmaestrocmf.com\/portal\/?s={search_term_string}"},"query-input":{"@type":"PropertyValueSpecification","valueRequired":true,"valueName":"search_term_string"}}],"inLanguage":"es"},{"@type":"Organization","@id":"https:\/\/webdelmaestrocmf.com\/portal\/#organization","name":"Web del Maestro CMF","alternateName":"WMCMF","url":"https:\/\/webdelmaestrocmf.com\/portal\/","logo":{"@type":"ImageObject","inLanguage":"es","@id":"https:\/\/webdelmaestrocmf.com\/portal\/#\/schema\/logo\/image\/","url":"https:\/\/webdelmaestrocmf.com\/portal\/wp-content\/uploads\/2023\/01\/logo-wmcmf-2.png","contentUrl":"https:\/\/webdelmaestrocmf.com\/portal\/wp-content\/uploads\/2023\/01\/logo-wmcmf-2.png","width":200,"height":60,"caption":"Web del Maestro CMF"},"image":{"@id":"https:\/\/webdelmaestrocmf.com\/portal\/#\/schema\/logo\/image\/"},"sameAs":["https:\/\/www.facebook.com\/WebdelMaestroCMF\/","https:\/\/x.com\/cmf_w","https:\/\/www.pinterest.com\/WMCMF\/","https:\/\/www.linkedin.com\/company\/web-del-maestro-cmf\/","https:\/\/www.instagram.com\/wmcmf\/","https:\/\/www.youtube.com\/channel\/UCDPSvjbdodE5sHnC3OxutHw","https:\/\/mastodon.social\/@wmcmf","https:\/\/www.tiktok.com\/@webdelmaestrocmf"]},{"@type":"Person","@id":"https:\/\/webdelmaestrocmf.com\/portal\/#\/schema\/person\/1072a2ed7bd960df8ef99a551fa35dc5","name":"Web del Maestro CMF","image":{"@type":"ImageObject","inLanguage":"es","@id":"https:\/\/secure.gravatar.com\/avatar\/23291dd5b5ae1077dcff3dbb04c3e02bd28403fa75af6d8787d5e97c5bbbe30b?s=96&d=mm&r=g","url":"https:\/\/secure.gravatar.com\/avatar\/23291dd5b5ae1077dcff3dbb04c3e02bd28403fa75af6d8787d5e97c5bbbe30b?s=96&d=mm&r=g","contentUrl":"https:\/\/secure.gravatar.com\/avatar\/23291dd5b5ae1077dcff3dbb04c3e02bd28403fa75af6d8787d5e97c5bbbe30b?s=96&d=mm&r=g","caption":"Web del Maestro CMF"},"description":"Esta Web se cre\u00f3 sin fines de lucro, con fines educativos, cient\u00edficos y acad\u00e9micos, para personas que tengan dificultades y\/o inconvenientes en visualizar el material original. El objetivo es entregar recursos, compartir experiencias y materiales que ayuden a los padres de familia, maestros y estudiantes en su actualizaci\u00f3n y formaci\u00f3n permanente, en bien de la Educaci\u00f3n.","sameAs":["http:\/\/webdelmaestrocmf.com\/portal","https:\/\/www.facebook.com\/WebdelMaestroCMF\/","https:\/\/www.instagram.com\/wmcmf\/","https:\/\/cl.linkedin.com\/company\/web-del-maestro-cmf","https:\/\/www.pinterest.com\/WMCMF\/publicaciones\/","https:\/\/x.com\/cmf_w","https:\/\/www.youtube.com\/@WMCMF"]}]}},"jetpack_featured_media_url":"https:\/\/webdelmaestrocmf.com\/portal\/wp-content\/uploads\/2022\/10\/1-32.jpg","jetpack_sharing_enabled":true,"jetpack-related-posts":[{"id":114369,"url":"https:\/\/webdelmaestrocmf.com\/portal\/el-aprendizaje-situado-frente-a-la-ensenanza-tradicional\/","url_meta":{"origin":81039,"position":0},"title":"El aprendizaje situado frente a la ense\u00f1anza tradicional","author":"Web del Maestro CMF","date":"29 diciembre, 2025","format":false,"excerpt":"El aprendizaje situado se fundamenta en Vygotsky y su teor\u00eda sociocultural, donde entorno social y colaboraci\u00f3n posibilitan adquirir cultura humana.","rel":"","context":"En \u00abAprendizaje situado\u00bb","block_context":{"text":"Aprendizaje situado","link":"https:\/\/webdelmaestrocmf.com\/portal\/category\/pedagogia\/aprendizaje-situado\/"},"img":{"alt_text":"","src":"https:\/\/i0.wp.com\/webdelmaestrocmf.com\/portal\/wp-content\/uploads\/2025\/12\/1A-Banner-1-portada-imagen-10-1-copia-5-2.webp?resize=350%2C200&ssl=1","width":350,"height":200,"srcset":"https:\/\/i0.wp.com\/webdelmaestrocmf.com\/portal\/wp-content\/uploads\/2025\/12\/1A-Banner-1-portada-imagen-10-1-copia-5-2.webp?resize=350%2C200&ssl=1 1x, https:\/\/i0.wp.com\/webdelmaestrocmf.com\/portal\/wp-content\/uploads\/2025\/12\/1A-Banner-1-portada-imagen-10-1-copia-5-2.webp?resize=525%2C300&ssl=1 1.5x, https:\/\/i0.wp.com\/webdelmaestrocmf.com\/portal\/wp-content\/uploads\/2025\/12\/1A-Banner-1-portada-imagen-10-1-copia-5-2.webp?resize=700%2C400&ssl=1 2x"},"classes":[]},{"id":102686,"url":"https:\/\/webdelmaestrocmf.com\/portal\/que-es-ensenar-por-competencias-en-la-educacion-basica\/","url_meta":{"origin":81039,"position":1},"title":"\u00bfQu\u00e9 es ense\u00f1ar por competencias en la Educaci\u00f3n B\u00e1sica?","author":"Web del Maestro CMF","date":"16 enero, 2024","format":false,"excerpt":"Ense\u00f1ar por competencias en la Educaci\u00f3n B\u00e1sica es un enfoque pedag\u00f3gico que busca que los estudiantes desarrollen las capacidades necesarias para enfrentar los desaf\u00edos de la vida cotidiana, tanto en el \u00e1mbito personal como profesional. Este enfoque se basa en la idea de que el aprendizaje debe ser significativo para\u2026","rel":"","context":"En \u00abCompetencias\u00bb","block_context":{"text":"Competencias","link":"https:\/\/webdelmaestrocmf.com\/portal\/category\/pedagogia\/competencias\/"},"img":{"alt_text":"","src":"https:\/\/i0.wp.com\/webdelmaestrocmf.com\/portal\/wp-content\/uploads\/2024\/01\/Banner-1-portada-imagen-10-5.jpg?resize=350%2C200&ssl=1","width":350,"height":200,"srcset":"https:\/\/i0.wp.com\/webdelmaestrocmf.com\/portal\/wp-content\/uploads\/2024\/01\/Banner-1-portada-imagen-10-5.jpg?resize=350%2C200&ssl=1 1x, https:\/\/i0.wp.com\/webdelmaestrocmf.com\/portal\/wp-content\/uploads\/2024\/01\/Banner-1-portada-imagen-10-5.jpg?resize=525%2C300&ssl=1 1.5x, https:\/\/i0.wp.com\/webdelmaestrocmf.com\/portal\/wp-content\/uploads\/2024\/01\/Banner-1-portada-imagen-10-5.jpg?resize=700%2C400&ssl=1 2x"},"classes":[]},{"id":107719,"url":"https:\/\/webdelmaestrocmf.com\/portal\/tendencias-en-educacion-para-este-2025-necesidad-de-transformar-los-metodos-de-ensenanza\/","url_meta":{"origin":81039,"position":2},"title":"Tendencias en educaci\u00f3n para este 2025: necesidad de transformar los m\u00e9todos de ense\u00f1anza","author":"Web del Maestro CMF","date":"27 enero, 2025","format":false,"excerpt":"El informe desarrollado por Guillem Garcia Brustenga y Desir\u00e9e G\u00f3mez Cardosa, del eLearning Innovation Center de la UOC, destaca las principales tendencias educativas previstas para el a\u00f1o 2025. Este trabajo, titulado Tendencias en educaci\u00f3n para 2025, enfatiza la necesidad de transformar los m\u00e9todos de ense\u00f1anza para adaptarse a los retos\u2026","rel":"","context":"En \u00abMetodolog\u00edas\u00bb","block_context":{"text":"Metodolog\u00edas","link":"https:\/\/webdelmaestrocmf.com\/portal\/category\/pedagogia\/metodologias\/"},"img":{"alt_text":"","src":"https:\/\/i0.wp.com\/webdelmaestrocmf.com\/portal\/wp-content\/uploads\/2025\/01\/1A-Banner-1-portada-imagen-10-1-4.jpg?resize=350%2C200&ssl=1","width":350,"height":200,"srcset":"https:\/\/i0.wp.com\/webdelmaestrocmf.com\/portal\/wp-content\/uploads\/2025\/01\/1A-Banner-1-portada-imagen-10-1-4.jpg?resize=350%2C200&ssl=1 1x, https:\/\/i0.wp.com\/webdelmaestrocmf.com\/portal\/wp-content\/uploads\/2025\/01\/1A-Banner-1-portada-imagen-10-1-4.jpg?resize=525%2C300&ssl=1 1.5x, https:\/\/i0.wp.com\/webdelmaestrocmf.com\/portal\/wp-content\/uploads\/2025\/01\/1A-Banner-1-portada-imagen-10-1-4.jpg?resize=700%2C400&ssl=1 2x"},"classes":[]},{"id":88768,"url":"https:\/\/webdelmaestrocmf.com\/portal\/aprendizaje-alternativo-ejemplos-y-estrategias-para-desarrollar-competencias\/","url_meta":{"origin":81039,"position":3},"title":"Aprendizaje Alternativo: Ejemplos y Estrategias para desarrollar competencias","author":"Web del Maestro CMF","date":"9 mayo, 2023","format":false,"excerpt":"El Aprendizaje Alternativo tiene sus ra\u00edces en las teor\u00edas de la educaci\u00f3n progresista que surgieron a finales del siglo XIX y principios del siglo XX, que cuestionaban la educaci\u00f3n tradicional y propugnaban por enfoques m\u00e1s flexibles y adaptativos. Uno de los principales exponentes de la educaci\u00f3n progresista fue el pedagogo\u2026","rel":"","context":"En \u00abAprendizaje Alternativo\u00bb","block_context":{"text":"Aprendizaje Alternativo","link":"https:\/\/webdelmaestrocmf.com\/portal\/category\/pedagogia\/aprendizaje-alternativo\/"},"img":{"alt_text":"","src":"https:\/\/i0.wp.com\/webdelmaestrocmf.com\/portal\/wp-content\/uploads\/2023\/05\/A12B3C4D-71.jpg?resize=350%2C200&ssl=1","width":350,"height":200,"srcset":"https:\/\/i0.wp.com\/webdelmaestrocmf.com\/portal\/wp-content\/uploads\/2023\/05\/A12B3C4D-71.jpg?resize=350%2C200&ssl=1 1x, https:\/\/i0.wp.com\/webdelmaestrocmf.com\/portal\/wp-content\/uploads\/2023\/05\/A12B3C4D-71.jpg?resize=525%2C300&ssl=1 1.5x, https:\/\/i0.wp.com\/webdelmaestrocmf.com\/portal\/wp-content\/uploads\/2023\/05\/A12B3C4D-71.jpg?resize=700%2C400&ssl=1 2x"},"classes":[]},{"id":20494,"url":"https:\/\/webdelmaestrocmf.com\/portal\/hablemos-poco-la-educacion-competencias-los-ambientes-virtuales\/","url_meta":{"origin":81039,"position":4},"title":"[Victor Rawlins] Hablemos un poco sobre la educaci\u00f3n por competencias en los ambientes virtuales","author":"Web del Maestro CMF","date":"10 abril, 2020","format":false,"excerpt":"ANTES de entrar de lleno a la tem\u00e1tica planteada en el presente; veo bien el exponer algunas ideas que nos permitir\u00e1n poner las bases para la comprensi\u00f3n del mismo. Quisiera en este espacio hacer una desconstrucci\u00f3n del tema en 4 elementos claves: Educaci\u00f3n, Competencias, Ambiente y Virtual. Para lo anterior,\u2026","rel":"","context":"En \u00abZ-Colaborador-Victor-Rawlins\u00bb","block_context":{"text":"Z-Colaborador-Victor-Rawlins","link":"https:\/\/webdelmaestrocmf.com\/portal\/category\/colaborador\/z-colaborador-victor-rawlins\/"},"img":{"alt_text":"estilo","src":"https:\/\/i0.wp.com\/webdelmaestrocmf.com\/portal\/wp-content\/uploads\/2020\/01\/3ABC.jpg?resize=350%2C200&ssl=1","width":350,"height":200,"srcset":"https:\/\/i0.wp.com\/webdelmaestrocmf.com\/portal\/wp-content\/uploads\/2020\/01\/3ABC.jpg?resize=350%2C200&ssl=1 1x, https:\/\/i0.wp.com\/webdelmaestrocmf.com\/portal\/wp-content\/uploads\/2020\/01\/3ABC.jpg?resize=525%2C300&ssl=1 1.5x, https:\/\/i0.wp.com\/webdelmaestrocmf.com\/portal\/wp-content\/uploads\/2020\/01\/3ABC.jpg?resize=700%2C400&ssl=1 2x"},"classes":[]},{"id":19369,"url":"https:\/\/webdelmaestrocmf.com\/portal\/educacion-basada-competencias\/","url_meta":{"origin":81039,"position":5},"title":"Libro de Educaci\u00f3n Basada en Competencias (EBC)","author":"Web del Maestro CMF","date":"19 enero, 2024","format":false,"excerpt":"La Educaci\u00f3n Basada en Competencias (EBC) es un enfoque educativo que se centra en el desarrollo de competencias espec\u00edficas en los estudiantes en lugar de simplemente transmitir conocimientos te\u00f3ricos. Las competencias son habilidades pr\u00e1cticas, conocimientos aplicables y capacidades que los estudiantes adquieren a lo largo de su educaci\u00f3n y que\u2026","rel":"","context":"En \u00abAprendizaje competencias\u00bb","block_context":{"text":"Aprendizaje competencias","link":"https:\/\/webdelmaestrocmf.com\/portal\/category\/pedagogia\/aprendizaje-competencias\/"},"img":{"alt_text":"Educaci\u00f3n Basada en Competencias EBC","src":"https:\/\/i0.wp.com\/webdelmaestrocmf.com\/portal\/wp-content\/uploads\/2019\/12\/Banner-1-portada-imagen-10-33.jpg?resize=350%2C200&ssl=1","width":350,"height":200,"srcset":"https:\/\/i0.wp.com\/webdelmaestrocmf.com\/portal\/wp-content\/uploads\/2019\/12\/Banner-1-portada-imagen-10-33.jpg?resize=350%2C200&ssl=1 1x, https:\/\/i0.wp.com\/webdelmaestrocmf.com\/portal\/wp-content\/uploads\/2019\/12\/Banner-1-portada-imagen-10-33.jpg?resize=525%2C300&ssl=1 1.5x, https:\/\/i0.wp.com\/webdelmaestrocmf.com\/portal\/wp-content\/uploads\/2019\/12\/Banner-1-portada-imagen-10-33.jpg?resize=700%2C400&ssl=1 2x"},"classes":[]}],"_links":{"self":[{"href":"https:\/\/webdelmaestrocmf.com\/portal\/wp-json\/wp\/v2\/posts\/81039","targetHints":{"allow":["GET"]}}],"collection":[{"href":"https:\/\/webdelmaestrocmf.com\/portal\/wp-json\/wp\/v2\/posts"}],"about":[{"href":"https:\/\/webdelmaestrocmf.com\/portal\/wp-json\/wp\/v2\/types\/post"}],"author":[{"embeddable":true,"href":"https:\/\/webdelmaestrocmf.com\/portal\/wp-json\/wp\/v2\/users\/1"}],"replies":[{"embeddable":true,"href":"https:\/\/webdelmaestrocmf.com\/portal\/wp-json\/wp\/v2\/comments?post=81039"}],"version-history":[{"count":0,"href":"https:\/\/webdelmaestrocmf.com\/portal\/wp-json\/wp\/v2\/posts\/81039\/revisions"}],"wp:featuredmedia":[{"embeddable":true,"href":"https:\/\/webdelmaestrocmf.com\/portal\/wp-json\/wp\/v2\/media\/81042"}],"wp:attachment":[{"href":"https:\/\/webdelmaestrocmf.com\/portal\/wp-json\/wp\/v2\/media?parent=81039"}],"wp:term":[{"taxonomy":"category","embeddable":true,"href":"https:\/\/webdelmaestrocmf.com\/portal\/wp-json\/wp\/v2\/categories?post=81039"},{"taxonomy":"post_tag","embeddable":true,"href":"https:\/\/webdelmaestrocmf.com\/portal\/wp-json\/wp\/v2\/tags?post=81039"}],"curies":[{"name":"wp","href":"https:\/\/api.w.org\/{rel}","templated":true}]}}