{"id":80863,"date":"2022-10-10T15:30:48","date_gmt":"2022-10-10T18:30:48","guid":{"rendered":"https:\/\/webdelmaestrocmf.com\/portal\/?p=80863"},"modified":"2022-10-10T23:02:02","modified_gmt":"2022-10-11T02:02:02","slug":"julio-cesar-arboleda-la-comprension-y-la-funcion-de-educar","status":"publish","type":"post","link":"https:\/\/webdelmaestrocmf.com\/portal\/julio-cesar-arboleda-la-comprension-y-la-funcion-de-educar\/","title":{"rendered":"[Julio C\u00e9sar Arboleda] La comprensi\u00f3n y la funci\u00f3n de educar"},"content":{"rendered":"<h5 style=\"text-align: justify;\">Las urgencias que impone el mundo del consumo gravan la educaci\u00f3n de\u00a0\u00a0 significados que la desv\u00edan de sus pilares m\u00e1s sentidos, someti\u00e9ndola a otros relacionados con la rentabilidad, la productividad y las neurosis de consumo y ganancia. La perspectiva comprensivo edificadora aboga por concederle a la educaci\u00f3n la significancia que la constituye como actividad por la cual se afirma la vida haciendo obra de vida; por desarrollar la funci\u00f3n de educar, m\u00e1s que con los conocimientos t\u00e9cnicos, competenciales que demanda la educaci\u00f3n en las sociedades compulsivas del rendimiento, con una musculatura de valores, disposiciones, actitudes y consciencia comprensiva y edificante de mundo, de vida integrada, y por extensi\u00f3n, de s\u00ed mismo, que le exige al educador asumir su responsabilidad acogiendo al otro, promoviendo en este y mediante el ejemplo la construcci\u00f3n de conciencia reflexiva y sensible, de sentido de vida, de respeto a la diferencia y a lo distinto, de cuidado y alimento de la vida com\u00fan.<\/h5>\n<p><!--more--><\/p>\n<p style=\"text-align: justify;\">Sin consciencia comprensiva se endeuda la funci\u00f3n de educar. Una mirada fenom\u00e9nica y hermen\u00e9utica revela que esta \u00faltima se corporiza a medida que provee acontecimientos, vivencias experienciales contextualizadas, por las cuales el conocimiento se decanta como saber, como saber que hace, y cobra mayores visos \u00e9ticos cuando deja aflorar experiencias intersubjetivas en las cuales lo comprendido se decanta como hecho por y para la vida. La conciencia comprensiva hace del acto de educar una manera de re-construir significados sensibles de educaci\u00f3n.<\/p>\n<p style=\"text-align: justify;\">La comprensi\u00f3n es el complexo entretejido de fuerzas interdependientes para apropiar, aplicar, generar y usar conocimientos, saberes y fortalezas ps\u00edquicas, no sin el concurso de la reflexi\u00f3n, proceso este que permite alcanzar rasgos de \u00absentencia\u00bb. As\u00ed: La comprensi\u00f3n es el complexo entretejido de fuerzas interdependientes para apropiar, aplicar, generar y usar conocimientos, saberes y fortalezas ps\u00edquicas, no sin el concurso de la reflexi\u00f3n, proceso este que permite alcanzar rasgos de sentiencia (Arboleda, 2010). El proceso educativo, como cualquier otro de la vida social, cobrar\u00eda mayor significado y sentido cuando se agencia de modo comprensivo edificante. En materia de comprensi\u00f3n la apropiaci\u00f3n de conocimiento representa una vivencia psicol\u00f3gica insuficiente para dilucidar un evento o concepto, por lo que ha de dar lugar a nuevas experiencias y reflexiones sumergidas en la operatividad con lo que se sabe.<\/p>\n<p style=\"text-align: justify;\">Tales vivencias intencionales y diferenciales, que se podr\u00edan traducir en el acto deliberado y singular de <em>saber hacer con lo que se sabe,<\/em> son las que definitivamente marcan la comprensi\u00f3n. No hay comprensi\u00f3n sin operatividad situada de las dotaciones cognitivo afectivas, y sin una reflexi\u00f3n que permita construir significados y sentidos en el interregno<a href=\"#_ftn1\" name=\"_ftnref1\">[1]<\/a>. Si la reflexi\u00f3n es sintiente, sensibilizada, si se prefiere humanizada y c\u00f3smica, es decir si logra, m\u00e1s que conducir o imponerse sobre el sentimiento y los afectos, hundirse y fundirse en estos, en particular los sentimientos y actitudes favorables a la vida, y de esa manera marca un punto de inflexi\u00f3n por el cual se configura el acto comprensivo como un asunto edificante, hacedor de vida, entonces configura una comprensi\u00f3n sentida, que devela la concienciaci\u00f3n como un proceso, un evento vitalizante, generoso, que obra vida. Que hace de cada escenario vivencial comprensivo un aqu\u00ed y ahora, un fen\u00f3meno tempo-espacial, por el cual se dignifica al comprendedor, al otro y al complexus de vida humana y pluriversa.<\/p>\n<p style=\"text-align: justify;\">De acuerdo con lo anterior, no basta conocer, es preciso comprender lo que se conoce, y no hay una clara comprensi\u00f3n sin vivencias hacedoras, si no se usa el conocimiento u otros potenciales en situaci\u00f3n, en contexto, reflexionando en el proceso, dando lugar a vivencias intencionales. Con este nivel de vivencias se amplifica la comprensi\u00f3n, en tanto va m\u00e1s all\u00e1 de los enunciados, de las palabras y de la vivencia cognitiva, si el comprendedor avanza desaf\u00edos operativos, situados; y se intensifica si da lugar, por ejemplo, a lo que denominamos <em>vivencias sintientes<\/em>, aquellas en las cuales el comprendedor siente y valora el sentimiento, vibra su saber, sus emociones, reflexiones y dem\u00e1s fasc\u00edculos, al usar uno y otro con sentido de vida, sabi\u00e9ndose (lo que he denominado) <em>\u00f3trico<\/em>, es decir tejedor existente, mejor exis-tiente, un existente sensible, por y para el otro,\u00a0 actor protagonista de existencia,\u00a0 defensor de la vida: justamente cuando senti-piensa, cuando intencionalmente genera escenarios en los que tengan lugar\u00a0 experiencias\u00a0 edificantes no solo para s\u00ed mismo sino para la vida social y planetaria que desea visceralmente afirmar y fortalecer.<\/p>\n<p style=\"text-align: justify;\">La comprensi\u00f3n deriva comprensi\u00f3n edificante cuando los equipajes que precisa, incluido el reflexivo, se ponen consciente y sintientemente a favor de la vida, teji\u00e9ndola; si dan lugar a vivencias expresamente <em>\u00f3tricas<\/em>, de acogencia del otro y de lo otro, fundadas en el respeto y cuidado de la vida. Por la comprensi\u00f3n se esclarece el lenguaje para el comprendedor, se proyecta luces di\u00e1fanas al mundo en su multidiversidad, a las realidades, a los fen\u00f3menos de &#8211;y por&#8211; la existencia; y por el lenguaje comprensivo edificante se vive el significado de la educaci\u00f3n y de la funci\u00f3n de educar. Se hace, se siente. Hilvana vida.<\/p>\n<p style=\"text-align: justify;\">Seg\u00fan hemos expresado, educar para la vida precisa de la escuela la orientaci\u00f3n de escenarios para comprehender sensiblemente la pluridiversidad de la vida, lo que pasa por reconocer y dignificar los territorios como complejo interrelacionado de tierra, de cuerpos, espiritualidades, cosmovisiones y culturas diversas. Donde los agentes educativos se sepan otros y vivan la experiencia de saber ser otro, de acoger al otro en la alteridad.<\/p>\n<p style=\"text-align: justify;\">En efecto, la funci\u00f3n de educar habr\u00eda de promover la formaci\u00f3n de sujetos agentes de acontecimientos por la vida, \u201cfieles\u201d (Badiu, 2003)<a href=\"#_ftn2\" name=\"_ftnref2\">[2]<\/a>, que comprendan (reconozcan y asuman) los eventos y sucesos relevantes del devenir hist\u00f3rico, pero sobre todo que sean capaces de convertir sus subjetivaciones acontecimientales en acciones comprensivo edificantes, y de ese modo enfrentar las posiciones subjetivantes de acontecimientos\u00a0 que en \u00faltima instancia se revelen como incomprensi\u00f3n, agenciadas por los que tambi\u00e9n Badiu denomina \u201csujetos reactivos\u201d o por \u201csujetos oscuros\u201d; el reaccio, autointeresado, que aunque no soslaya la ocurrencia niega el acontecimiento, su fuerza creadora, los posibles que deriven del mismo, es continuista, inamovible\u00a0 de sus propios mundos, huidizo del riesgo acontecial que lo pueda desacomodar de su mismidad; el segundo no niega la acontecimentalidad, es contestatario frente a las nuevas posibilidades que ofrece el acontecer, igualmente casado con su mundo, su paradigma, la verdad que lo mueve o inmoviliza y por las cuales fija todo ajuste al orden pre-acontecial. Contrario a estos dos sujetos, el sujeto \u201cfiel\u201d vuelca sus subjetivaciones al flujo de la vida, actualiza, asume activamente (en lo deseable de modo cr\u00edtico, generativo, es decir comprensivo, propio del sujeto \u201csecundario\u201d) la contingencialidad y las consecuencias posibles o huellas situacionales que motive la acontecimentalidad, tanto como las de su propia actitud abierta, dial\u00f3gica, si cabe progresista. Es deseable que el sujeto conectado al acto de educar en la conciencia de existencia compartida crezca en materia comprensiva para hacer de su sensibilidad frente al mundo obra a favor de la vida integrada.<\/p>\n<p style=\"text-align: justify;\">En este punto la educaci\u00f3n ha de\u00a0co-razonar, ha de promover el desarrollo de desempe\u00f1os\u00a0co-razonadores, de raz\u00f3n sintiente, que conecten al educando con la vida para que aprendan y piensen vivenciando, es decir comprendan, y tambi\u00e9n sientan las comprensiones a fin de que puedan valerse de estas (de los conocimientos, reflexiones, actitudes, valores, habilidades, destrezas, saberes y sus aplicaciones) de modo edificador, con sentido de vida, de manera sintiente, que les permita hacer, o saber ser testimonio, obra de vida, honrar, cuidar, nutrir la vida<a href=\"#_ftn3\" name=\"_ftnref3\">[3]<\/a>.<\/p>\n<ol style=\"text-align: justify;\">\n<li><a href=\"#_ftnref1\" name=\"_ftn1\">[1]<\/a> M\u00e1s adelante se alude al fundamento originario de la comprensi\u00f3n seg\u00fan Heidegger, por el cual el sentido, la comprensi\u00f3n, es t\u00e1cita al devenir humano, es una donaci\u00f3n de la historia, se afirma en las tradiciones: en su acci\u00f3n el hombre ha debido comprender, as\u00ed hoy se desdibuje &#8212; tras el af\u00e1n de vivir mejor, con privilegios&#8211;\u00a0 el sentido hist\u00f3rico, originario del comprender para existir, mejor, para el buen vivir en sinton\u00eda con una existencia m\u00e1s digna, bajo el abrazo de sus existentes humanos y no humanos.<\/li>\n<li><a href=\"#_ftnref2\" name=\"_ftn2\">[2]<\/a> Para Badiu, \u201cel acontecimiento abre un espacio subjetivo en donde se producen, no solamente la figura subjetiva fiel, progresista y veri\u0301dica, sino diferentes figuras, igualmente nuevas, aunque negativas, como la figura reactiva, o incluso lo que yo nombro el sujeto oscuro\u201d (p. 20).<\/li>\n<li><a href=\"#_ftnref3\" name=\"_ftn3\">[3]<\/a> Arboleda JC (2022). Presentaci\u00f3n: El legado de nuestros mayores, formaci\u00f3n y praxis pedag\u00f3gica. bol.redipe [Internet]. 11(08):15-26. Disponible en: https:\/\/revista.redipe.org\/index.php\/1\/article\/view\/1865<\/li>\n<\/ol>\n<p style=\"text-align: justify;\"><strong>CONTIN\u00daA<\/strong><\/p>\n<p style=\"text-align: justify;\">[<em>En la siguiente publicaci\u00f3n se asociar\u00e1 el acto de educar al sentido generativo del lenguaje, para advertirlo como lenguaje edificante<\/em>].<a href=\"#_ftnref1\" name=\"_ftn1\"><\/a><\/p>\n<p style=\"text-align: justify;\"><strong>NOTA DE REDACCI\u00d3N:<\/strong> Este contenido, que compartimos por motivos \u00fanicamente educativos y de formaci\u00f3n permanente, lo hacemos gracias a la generosidad de su autor el profesor Julio C\u00e9sar Arboleda. \u00c9sta es la primera parte de su publicaci\u00f3n en la Revista Bolet\u00edn de la Red iberoamericana de Pedagog\u00eda (01\/09\/2022). En dos pr\u00f3ximos art\u00edculos completaremos el art\u00edculo que usted puede encontrar en este enlace: <a href=\"https:\/\/revista.redipe.org\/index.php\/1\/article\/view\/1878?fbclid=IwAR356bKluBbhX_9QxBBqFLDSW84T4uaqQWVloHACsNUz-DjsVW9C4Q2guc0\" target=\"_blank\" rel=\"noopener\"><strong>APROXIMACI\u00d3N FENOM\u00c9NICO HERMEN\u00c9UTICA A LA FUNCI\u00d3N DE EDUCAR CON SENTIDO COMPRENSIVO EDIFICANTE<\/strong><\/a><\/p>\n<p style=\"text-align: justify;\">La Web del Maestro CMF publica los textos originales proporcionados por su autor, no necesariamente coincide con lo expuesto en el tema, no se hace responsable de las opiniones expresadas, y no promociona ning\u00fan producto, servicio, marca, grupo o empresa. Sugerimos a nuestros lectores conocer la identidad de la fuente o de su autor, para tener mayores elementos de juicio y la pertinencia a su realidad educativa.<\/p>\n<p style=\"text-align: right;\"><strong>REDACCI\u00d3N WEB DEL MAESTRO CMF<\/strong><\/p>\n<table class=\" alignleft\" border=\"0\" width=\"100%\" cellspacing=\"10\" cellpadding=\"10\">\n<tbody>\n<tr>\n<td style=\"text-align: center;\" width=\"30%\"><img loading=\"lazy\" decoding=\"async\" class=\"size-full wp-image-80869 aligncenter\" src=\"https:\/\/webdelmaestrocmf.com\/portal\/wp-content\/uploads\/2022\/10\/1-16.jpg\" alt=\"\" width=\"200\" height=\"200\" srcset=\"https:\/\/webdelmaestrocmf.com\/portal\/wp-content\/uploads\/2022\/10\/1-16.jpg 200w, https:\/\/webdelmaestrocmf.com\/portal\/wp-content\/uploads\/2022\/10\/1-16-150x150.jpg 150w, https:\/\/webdelmaestrocmf.com\/portal\/wp-content\/uploads\/2022\/10\/1-16-80x80.jpg 80w, https:\/\/webdelmaestrocmf.com\/portal\/wp-content\/uploads\/2022\/10\/1-16-110x110.jpg 110w\" sizes=\"auto, (max-width: 200px) 100vw, 200px\" \/><br \/>\n<strong><strong>Autor: <\/strong><\/strong>Julio C\u00e9sar Arboleda, Director Red Iberoamericana de Pedagog\u00eda, <a href=\"mailto:direccion@redipe.org\">direccion@redipe.org<\/a> | <a style=\"font-family: inherit; font-size: inherit;\" href=\"https:\/\/l.facebook.com\/l.php?u=https%3A%2F%2Forcid.org%2F0000-0002-1572-5384%3Ffbclid%3DIwAR2_c3ukmTVnbm2b2wH1IOX4XX-PMivtLP-L1INvqWmD_T-1wNzO_E7F2Pk&amp;h=AT020XeXI469pfhTkoJjUB7mSJ-3pCKiESv4sAY1sYx9ThqWvdWgqDkJTvIb9bMvSmotpcjWoAnvvYeU_brc8tiyTZUQa229897i15g4NuLd18NzfKdQZK6-_KYqD3I7XPyK88wt\" target=\"_blank\" rel=\"noopener\">orcid.org<\/a><br \/>\nProfesor investigador de la Universidad de San Buenaventura.<br \/>\nGrupos de Investigaci\u00f3n: \u201cEducaci\u00f3n y desarrollo humano\u201d USB; \u201cPedagog\u00eda, formaci\u00f3n y conciencia\u201d (PFC); Univ. Aut\u00f3noma de Madrid; Epistemolog\u00eda, pedagog\u00eda y filosof\u00eda, REDIPE.<br \/>\nIniciador de la Perspectiva Comprensivo edificadora de la pedagog\u00eda y el discurso, desde 1995.<br \/>\n<strong>Correo electr\u00f3nico:<\/strong> <a href=\"mailto:j.c.arboleda@hotmail.com\">j.c.arboleda@hotmail.com<\/a><\/td>\n<\/tr>\n<\/tbody>\n<\/table>\n<p style=\"text-align: left;\">.<\/p>\n\n<p style=\"text-align: justify;\"><a href=\"#_ftnref1\" name=\"_ftn1\"><\/a><\/p>\n","protected":false},"excerpt":{"rendered":"Las urgencias que impone el mundo del consumo gravan la educaci\u00f3n de\u00a0\u00a0 significados que la desv\u00edan de sus&hellip;","protected":false},"author":1,"featured_media":80865,"comment_status":"open","ping_status":"closed","sticky":false,"template":"","format":"standard","meta":{"csco_display_header_overlay":false,"csco_singular_sidebar":"default","csco_page_header_type":"default","csco_page_load_nextpost":"default","csco_post_video_location":[],"csco_post_video_location_hash":"","csco_post_video_url":"","csco_post_video_bg_start_time":0,"csco_post_video_bg_end_time":0,"csco_post_video_bg_volume":false,"_jetpack_memberships_contains_paid_content":false,"footnotes":""},"categories":[1790,14992],"tags":[544,236,6062,14993],"class_list":{"0":"post-80863","1":"post","2":"type-post","3":"status-publish","4":"format-standard","5":"has-post-thumbnail","7":"category-colaborador","8":"category-z-colaboradores-julio-cesar-arboleda","9":"tag-comprension","10":"tag-educar","11":"tag-funcion","12":"tag-julio-cesar-arboleda","13":"cs-entry","14":"cs-video-wrap"},"yoast_head":"<!-- This site is optimized with the Yoast SEO plugin v27.5 - https:\/\/yoast.com\/product\/yoast-seo-wordpress\/ -->\n<title>[Julio C\u00e9sar Arboleda] La comprensi\u00f3n y la funci\u00f3n de educar - 2026<\/title>\n<meta name=\"description\" content=\"Las urgencias que impone el mundo del consumo gravan la educaci\u00f3n de\u00a0\u00a0 significados que la desv\u00edan de sus pilares...\" \/>\n<meta name=\"robots\" content=\"index, follow, max-snippet:-1, max-image-preview:large, max-video-preview:-1\" \/>\n<link rel=\"canonical\" href=\"https:\/\/webdelmaestrocmf.com\/portal\/julio-cesar-arboleda-la-comprension-y-la-funcion-de-educar\/\" \/>\n<meta property=\"og:locale\" content=\"es_ES\" \/>\n<meta property=\"og:type\" content=\"article\" \/>\n<meta property=\"og:title\" content=\"[Julio C\u00e9sar Arboleda] La comprensi\u00f3n y la funci\u00f3n de educar - 2026\" \/>\n<meta property=\"og:description\" content=\"Las urgencias que impone el mundo del consumo gravan la educaci\u00f3n de\u00a0\u00a0 significados que la desv\u00edan de sus pilares...\" \/>\n<meta property=\"og:url\" content=\"https:\/\/webdelmaestrocmf.com\/portal\/julio-cesar-arboleda-la-comprension-y-la-funcion-de-educar\/\" \/>\n<meta property=\"og:site_name\" content=\"Web del Maestro CMF\" \/>\n<meta property=\"article:publisher\" content=\"https:\/\/www.facebook.com\/WebdelMaestroCMF\/\" \/>\n<meta property=\"article:author\" content=\"https:\/\/www.facebook.com\/WebdelMaestroCMF\/\" \/>\n<meta property=\"article:published_time\" content=\"2022-10-10T18:30:48+00:00\" \/>\n<meta property=\"article:modified_time\" content=\"2022-10-11T02:02:02+00:00\" \/>\n<meta property=\"og:image\" content=\"https:\/\/i0.wp.com\/webdelmaestrocmf.com\/portal\/wp-content\/uploads\/2022\/10\/1-15.jpg?fit=900%2C556&ssl=1\" \/>\n\t<meta property=\"og:image:width\" content=\"900\" \/>\n\t<meta property=\"og:image:height\" content=\"556\" \/>\n\t<meta property=\"og:image:type\" content=\"image\/jpeg\" \/>\n<meta name=\"author\" content=\"Web del Maestro CMF\" \/>\n<meta name=\"twitter:card\" content=\"summary_large_image\" \/>\n<meta name=\"twitter:creator\" content=\"@cmf_w\" \/>\n<meta name=\"twitter:site\" content=\"@cmf_w\" \/>\n<script type=\"application\/ld+json\" class=\"yoast-schema-graph\">{\"@context\":\"https:\\\/\\\/schema.org\",\"@graph\":[{\"@type\":\"ScholarlyArticle\",\"@id\":\"https:\\\/\\\/webdelmaestrocmf.com\\\/portal\\\/julio-cesar-arboleda-la-comprension-y-la-funcion-de-educar\\\/#article\",\"isPartOf\":{\"@id\":\"https:\\\/\\\/webdelmaestrocmf.com\\\/portal\\\/julio-cesar-arboleda-la-comprension-y-la-funcion-de-educar\\\/\"},\"author\":{\"name\":\"Web del Maestro CMF\",\"@id\":\"https:\\\/\\\/webdelmaestrocmf.com\\\/portal\\\/#\\\/schema\\\/person\\\/1072a2ed7bd960df8ef99a551fa35dc5\"},\"headline\":\"[Julio C\u00e9sar Arboleda] La comprensi\u00f3n y la funci\u00f3n de educar\",\"datePublished\":\"2022-10-10T18:30:48+00:00\",\"dateModified\":\"2022-10-11T02:02:02+00:00\",\"mainEntityOfPage\":{\"@id\":\"https:\\\/\\\/webdelmaestrocmf.com\\\/portal\\\/julio-cesar-arboleda-la-comprension-y-la-funcion-de-educar\\\/\"},\"wordCount\":1741,\"commentCount\":0,\"publisher\":{\"@id\":\"https:\\\/\\\/webdelmaestrocmf.com\\\/portal\\\/#organization\"},\"image\":{\"@id\":\"https:\\\/\\\/webdelmaestrocmf.com\\\/portal\\\/julio-cesar-arboleda-la-comprension-y-la-funcion-de-educar\\\/#primaryimage\"},\"thumbnailUrl\":\"https:\\\/\\\/webdelmaestrocmf.com\\\/portal\\\/wp-content\\\/uploads\\\/2022\\\/10\\\/1-15.jpg\",\"keywords\":[\"comprensi\u00f3n\",\"educar\",\"funci\u00f3n\",\"Julio C\u00e9sar Arboleda\"],\"articleSection\":[\"Z-Colaboradores\",\"Z-Colaboradores-Julio C\u00e9sar Arboleda\"],\"inLanguage\":\"es\",\"potentialAction\":[{\"@type\":\"CommentAction\",\"name\":\"Comment\",\"target\":[\"https:\\\/\\\/webdelmaestrocmf.com\\\/portal\\\/julio-cesar-arboleda-la-comprension-y-la-funcion-de-educar\\\/#respond\"]}]},{\"@type\":\"WebPage\",\"@id\":\"https:\\\/\\\/webdelmaestrocmf.com\\\/portal\\\/julio-cesar-arboleda-la-comprension-y-la-funcion-de-educar\\\/\",\"url\":\"https:\\\/\\\/webdelmaestrocmf.com\\\/portal\\\/julio-cesar-arboleda-la-comprension-y-la-funcion-de-educar\\\/\",\"name\":\"[Julio C\u00e9sar Arboleda] La comprensi\u00f3n y la funci\u00f3n de educar - 2026\",\"isPartOf\":{\"@id\":\"https:\\\/\\\/webdelmaestrocmf.com\\\/portal\\\/#website\"},\"primaryImageOfPage\":{\"@id\":\"https:\\\/\\\/webdelmaestrocmf.com\\\/portal\\\/julio-cesar-arboleda-la-comprension-y-la-funcion-de-educar\\\/#primaryimage\"},\"image\":{\"@id\":\"https:\\\/\\\/webdelmaestrocmf.com\\\/portal\\\/julio-cesar-arboleda-la-comprension-y-la-funcion-de-educar\\\/#primaryimage\"},\"thumbnailUrl\":\"https:\\\/\\\/webdelmaestrocmf.com\\\/portal\\\/wp-content\\\/uploads\\\/2022\\\/10\\\/1-15.jpg\",\"datePublished\":\"2022-10-10T18:30:48+00:00\",\"dateModified\":\"2022-10-11T02:02:02+00:00\",\"description\":\"Las urgencias que impone el mundo del consumo gravan la educaci\u00f3n de\u00a0\u00a0 significados que la desv\u00edan de sus pilares...\",\"breadcrumb\":{\"@id\":\"https:\\\/\\\/webdelmaestrocmf.com\\\/portal\\\/julio-cesar-arboleda-la-comprension-y-la-funcion-de-educar\\\/#breadcrumb\"},\"inLanguage\":\"es\",\"potentialAction\":[{\"@type\":\"ReadAction\",\"target\":[\"https:\\\/\\\/webdelmaestrocmf.com\\\/portal\\\/julio-cesar-arboleda-la-comprension-y-la-funcion-de-educar\\\/\"]}]},{\"@type\":\"ImageObject\",\"inLanguage\":\"es\",\"@id\":\"https:\\\/\\\/webdelmaestrocmf.com\\\/portal\\\/julio-cesar-arboleda-la-comprension-y-la-funcion-de-educar\\\/#primaryimage\",\"url\":\"https:\\\/\\\/webdelmaestrocmf.com\\\/portal\\\/wp-content\\\/uploads\\\/2022\\\/10\\\/1-15.jpg\",\"contentUrl\":\"https:\\\/\\\/webdelmaestrocmf.com\\\/portal\\\/wp-content\\\/uploads\\\/2022\\\/10\\\/1-15.jpg\",\"width\":900,\"height\":556},{\"@type\":\"BreadcrumbList\",\"@id\":\"https:\\\/\\\/webdelmaestrocmf.com\\\/portal\\\/julio-cesar-arboleda-la-comprension-y-la-funcion-de-educar\\\/#breadcrumb\",\"itemListElement\":[{\"@type\":\"ListItem\",\"position\":1,\"name\":\"Portada\",\"item\":\"https:\\\/\\\/webdelmaestrocmf.com\\\/portal\\\/\"},{\"@type\":\"ListItem\",\"position\":2,\"name\":\"Z-Colaboradores\",\"item\":\"https:\\\/\\\/webdelmaestrocmf.com\\\/portal\\\/category\\\/colaborador\\\/\"},{\"@type\":\"ListItem\",\"position\":3,\"name\":\"[Julio C\u00e9sar Arboleda] La comprensi\u00f3n y la funci\u00f3n de educar\"}]},{\"@type\":\"WebSite\",\"@id\":\"https:\\\/\\\/webdelmaestrocmf.com\\\/portal\\\/#website\",\"url\":\"https:\\\/\\\/webdelmaestrocmf.com\\\/portal\\\/\",\"name\":\"Web del Maestro CMF\",\"description\":\"Maestros al servicio de la educaci\u00f3n\",\"publisher\":{\"@id\":\"https:\\\/\\\/webdelmaestrocmf.com\\\/portal\\\/#organization\"},\"alternateName\":\"WMCMF\",\"potentialAction\":[{\"@type\":\"SearchAction\",\"target\":{\"@type\":\"EntryPoint\",\"urlTemplate\":\"https:\\\/\\\/webdelmaestrocmf.com\\\/portal\\\/?s={search_term_string}\"},\"query-input\":{\"@type\":\"PropertyValueSpecification\",\"valueRequired\":true,\"valueName\":\"search_term_string\"}}],\"inLanguage\":\"es\"},{\"@type\":\"Organization\",\"@id\":\"https:\\\/\\\/webdelmaestrocmf.com\\\/portal\\\/#organization\",\"name\":\"Web del Maestro CMF\",\"alternateName\":\"WMCMF\",\"url\":\"https:\\\/\\\/webdelmaestrocmf.com\\\/portal\\\/\",\"logo\":{\"@type\":\"ImageObject\",\"inLanguage\":\"es\",\"@id\":\"https:\\\/\\\/webdelmaestrocmf.com\\\/portal\\\/#\\\/schema\\\/logo\\\/image\\\/\",\"url\":\"https:\\\/\\\/webdelmaestrocmf.com\\\/portal\\\/wp-content\\\/uploads\\\/2023\\\/01\\\/logo-wmcmf-2.png\",\"contentUrl\":\"https:\\\/\\\/webdelmaestrocmf.com\\\/portal\\\/wp-content\\\/uploads\\\/2023\\\/01\\\/logo-wmcmf-2.png\",\"width\":200,\"height\":60,\"caption\":\"Web del Maestro CMF\"},\"image\":{\"@id\":\"https:\\\/\\\/webdelmaestrocmf.com\\\/portal\\\/#\\\/schema\\\/logo\\\/image\\\/\"},\"sameAs\":[\"https:\\\/\\\/www.facebook.com\\\/WebdelMaestroCMF\\\/\",\"https:\\\/\\\/x.com\\\/cmf_w\",\"https:\\\/\\\/www.pinterest.com\\\/WMCMF\\\/\",\"https:\\\/\\\/www.linkedin.com\\\/company\\\/web-del-maestro-cmf\\\/\",\"https:\\\/\\\/www.instagram.com\\\/wmcmf\\\/\",\"https:\\\/\\\/www.youtube.com\\\/channel\\\/UCDPSvjbdodE5sHnC3OxutHw\",\"https:\\\/\\\/mastodon.social\\\/@wmcmf\",\"https:\\\/\\\/www.tiktok.com\\\/@webdelmaestrocmf\"]},{\"@type\":\"Person\",\"@id\":\"https:\\\/\\\/webdelmaestrocmf.com\\\/portal\\\/#\\\/schema\\\/person\\\/1072a2ed7bd960df8ef99a551fa35dc5\",\"name\":\"Web del Maestro CMF\",\"image\":{\"@type\":\"ImageObject\",\"inLanguage\":\"es\",\"@id\":\"https:\\\/\\\/secure.gravatar.com\\\/avatar\\\/23291dd5b5ae1077dcff3dbb04c3e02bd28403fa75af6d8787d5e97c5bbbe30b?s=96&d=mm&r=g\",\"url\":\"https:\\\/\\\/secure.gravatar.com\\\/avatar\\\/23291dd5b5ae1077dcff3dbb04c3e02bd28403fa75af6d8787d5e97c5bbbe30b?s=96&d=mm&r=g\",\"contentUrl\":\"https:\\\/\\\/secure.gravatar.com\\\/avatar\\\/23291dd5b5ae1077dcff3dbb04c3e02bd28403fa75af6d8787d5e97c5bbbe30b?s=96&d=mm&r=g\",\"caption\":\"Web del Maestro CMF\"},\"description\":\"Esta Web se cre\u00f3 sin fines de lucro, con fines educativos, cient\u00edficos y acad\u00e9micos, para personas que tengan dificultades y\\\/o inconvenientes en visualizar el material original. El objetivo es entregar recursos, compartir experiencias y materiales que ayuden a los padres de familia, maestros y estudiantes en su actualizaci\u00f3n y formaci\u00f3n permanente, en bien de la Educaci\u00f3n.\",\"sameAs\":[\"http:\\\/\\\/webdelmaestrocmf.com\\\/portal\",\"https:\\\/\\\/www.facebook.com\\\/WebdelMaestroCMF\\\/\",\"https:\\\/\\\/www.instagram.com\\\/wmcmf\\\/\",\"https:\\\/\\\/cl.linkedin.com\\\/company\\\/web-del-maestro-cmf\",\"https:\\\/\\\/www.pinterest.com\\\/WMCMF\\\/publicaciones\\\/\",\"https:\\\/\\\/x.com\\\/cmf_w\",\"https:\\\/\\\/www.youtube.com\\\/@WMCMF\"]}]}<\/script>\n<!-- \/ Yoast SEO plugin. -->","yoast_head_json":{"title":"[Julio C\u00e9sar Arboleda] La comprensi\u00f3n y la funci\u00f3n de educar - 2026","description":"Las urgencias que impone el mundo del consumo gravan la educaci\u00f3n de\u00a0\u00a0 significados que la desv\u00edan de sus pilares...","robots":{"index":"index","follow":"follow","max-snippet":"max-snippet:-1","max-image-preview":"max-image-preview:large","max-video-preview":"max-video-preview:-1"},"canonical":"https:\/\/webdelmaestrocmf.com\/portal\/julio-cesar-arboleda-la-comprension-y-la-funcion-de-educar\/","og_locale":"es_ES","og_type":"article","og_title":"[Julio C\u00e9sar Arboleda] La comprensi\u00f3n y la funci\u00f3n de educar - 2026","og_description":"Las urgencias que impone el mundo del consumo gravan la educaci\u00f3n de\u00a0\u00a0 significados que la desv\u00edan de sus pilares...","og_url":"https:\/\/webdelmaestrocmf.com\/portal\/julio-cesar-arboleda-la-comprension-y-la-funcion-de-educar\/","og_site_name":"Web del Maestro CMF","article_publisher":"https:\/\/www.facebook.com\/WebdelMaestroCMF\/","article_author":"https:\/\/www.facebook.com\/WebdelMaestroCMF\/","article_published_time":"2022-10-10T18:30:48+00:00","article_modified_time":"2022-10-11T02:02:02+00:00","og_image":[{"width":900,"height":556,"url":"https:\/\/i0.wp.com\/webdelmaestrocmf.com\/portal\/wp-content\/uploads\/2022\/10\/1-15.jpg?fit=900%2C556&ssl=1","type":"image\/jpeg"}],"author":"Web del Maestro CMF","twitter_card":"summary_large_image","twitter_creator":"@cmf_w","twitter_site":"@cmf_w","schema":{"@context":"https:\/\/schema.org","@graph":[{"@type":"ScholarlyArticle","@id":"https:\/\/webdelmaestrocmf.com\/portal\/julio-cesar-arboleda-la-comprension-y-la-funcion-de-educar\/#article","isPartOf":{"@id":"https:\/\/webdelmaestrocmf.com\/portal\/julio-cesar-arboleda-la-comprension-y-la-funcion-de-educar\/"},"author":{"name":"Web del Maestro CMF","@id":"https:\/\/webdelmaestrocmf.com\/portal\/#\/schema\/person\/1072a2ed7bd960df8ef99a551fa35dc5"},"headline":"[Julio C\u00e9sar Arboleda] La comprensi\u00f3n y la funci\u00f3n de educar","datePublished":"2022-10-10T18:30:48+00:00","dateModified":"2022-10-11T02:02:02+00:00","mainEntityOfPage":{"@id":"https:\/\/webdelmaestrocmf.com\/portal\/julio-cesar-arboleda-la-comprension-y-la-funcion-de-educar\/"},"wordCount":1741,"commentCount":0,"publisher":{"@id":"https:\/\/webdelmaestrocmf.com\/portal\/#organization"},"image":{"@id":"https:\/\/webdelmaestrocmf.com\/portal\/julio-cesar-arboleda-la-comprension-y-la-funcion-de-educar\/#primaryimage"},"thumbnailUrl":"https:\/\/webdelmaestrocmf.com\/portal\/wp-content\/uploads\/2022\/10\/1-15.jpg","keywords":["comprensi\u00f3n","educar","funci\u00f3n","Julio C\u00e9sar Arboleda"],"articleSection":["Z-Colaboradores","Z-Colaboradores-Julio C\u00e9sar Arboleda"],"inLanguage":"es","potentialAction":[{"@type":"CommentAction","name":"Comment","target":["https:\/\/webdelmaestrocmf.com\/portal\/julio-cesar-arboleda-la-comprension-y-la-funcion-de-educar\/#respond"]}]},{"@type":"WebPage","@id":"https:\/\/webdelmaestrocmf.com\/portal\/julio-cesar-arboleda-la-comprension-y-la-funcion-de-educar\/","url":"https:\/\/webdelmaestrocmf.com\/portal\/julio-cesar-arboleda-la-comprension-y-la-funcion-de-educar\/","name":"[Julio C\u00e9sar Arboleda] La comprensi\u00f3n y la funci\u00f3n de educar - 2026","isPartOf":{"@id":"https:\/\/webdelmaestrocmf.com\/portal\/#website"},"primaryImageOfPage":{"@id":"https:\/\/webdelmaestrocmf.com\/portal\/julio-cesar-arboleda-la-comprension-y-la-funcion-de-educar\/#primaryimage"},"image":{"@id":"https:\/\/webdelmaestrocmf.com\/portal\/julio-cesar-arboleda-la-comprension-y-la-funcion-de-educar\/#primaryimage"},"thumbnailUrl":"https:\/\/webdelmaestrocmf.com\/portal\/wp-content\/uploads\/2022\/10\/1-15.jpg","datePublished":"2022-10-10T18:30:48+00:00","dateModified":"2022-10-11T02:02:02+00:00","description":"Las urgencias que impone el mundo del consumo gravan la educaci\u00f3n de\u00a0\u00a0 significados que la desv\u00edan de sus pilares...","breadcrumb":{"@id":"https:\/\/webdelmaestrocmf.com\/portal\/julio-cesar-arboleda-la-comprension-y-la-funcion-de-educar\/#breadcrumb"},"inLanguage":"es","potentialAction":[{"@type":"ReadAction","target":["https:\/\/webdelmaestrocmf.com\/portal\/julio-cesar-arboleda-la-comprension-y-la-funcion-de-educar\/"]}]},{"@type":"ImageObject","inLanguage":"es","@id":"https:\/\/webdelmaestrocmf.com\/portal\/julio-cesar-arboleda-la-comprension-y-la-funcion-de-educar\/#primaryimage","url":"https:\/\/webdelmaestrocmf.com\/portal\/wp-content\/uploads\/2022\/10\/1-15.jpg","contentUrl":"https:\/\/webdelmaestrocmf.com\/portal\/wp-content\/uploads\/2022\/10\/1-15.jpg","width":900,"height":556},{"@type":"BreadcrumbList","@id":"https:\/\/webdelmaestrocmf.com\/portal\/julio-cesar-arboleda-la-comprension-y-la-funcion-de-educar\/#breadcrumb","itemListElement":[{"@type":"ListItem","position":1,"name":"Portada","item":"https:\/\/webdelmaestrocmf.com\/portal\/"},{"@type":"ListItem","position":2,"name":"Z-Colaboradores","item":"https:\/\/webdelmaestrocmf.com\/portal\/category\/colaborador\/"},{"@type":"ListItem","position":3,"name":"[Julio C\u00e9sar Arboleda] La comprensi\u00f3n y la funci\u00f3n de educar"}]},{"@type":"WebSite","@id":"https:\/\/webdelmaestrocmf.com\/portal\/#website","url":"https:\/\/webdelmaestrocmf.com\/portal\/","name":"Web del Maestro CMF","description":"Maestros al servicio de la educaci\u00f3n","publisher":{"@id":"https:\/\/webdelmaestrocmf.com\/portal\/#organization"},"alternateName":"WMCMF","potentialAction":[{"@type":"SearchAction","target":{"@type":"EntryPoint","urlTemplate":"https:\/\/webdelmaestrocmf.com\/portal\/?s={search_term_string}"},"query-input":{"@type":"PropertyValueSpecification","valueRequired":true,"valueName":"search_term_string"}}],"inLanguage":"es"},{"@type":"Organization","@id":"https:\/\/webdelmaestrocmf.com\/portal\/#organization","name":"Web del Maestro CMF","alternateName":"WMCMF","url":"https:\/\/webdelmaestrocmf.com\/portal\/","logo":{"@type":"ImageObject","inLanguage":"es","@id":"https:\/\/webdelmaestrocmf.com\/portal\/#\/schema\/logo\/image\/","url":"https:\/\/webdelmaestrocmf.com\/portal\/wp-content\/uploads\/2023\/01\/logo-wmcmf-2.png","contentUrl":"https:\/\/webdelmaestrocmf.com\/portal\/wp-content\/uploads\/2023\/01\/logo-wmcmf-2.png","width":200,"height":60,"caption":"Web del Maestro CMF"},"image":{"@id":"https:\/\/webdelmaestrocmf.com\/portal\/#\/schema\/logo\/image\/"},"sameAs":["https:\/\/www.facebook.com\/WebdelMaestroCMF\/","https:\/\/x.com\/cmf_w","https:\/\/www.pinterest.com\/WMCMF\/","https:\/\/www.linkedin.com\/company\/web-del-maestro-cmf\/","https:\/\/www.instagram.com\/wmcmf\/","https:\/\/www.youtube.com\/channel\/UCDPSvjbdodE5sHnC3OxutHw","https:\/\/mastodon.social\/@wmcmf","https:\/\/www.tiktok.com\/@webdelmaestrocmf"]},{"@type":"Person","@id":"https:\/\/webdelmaestrocmf.com\/portal\/#\/schema\/person\/1072a2ed7bd960df8ef99a551fa35dc5","name":"Web del Maestro CMF","image":{"@type":"ImageObject","inLanguage":"es","@id":"https:\/\/secure.gravatar.com\/avatar\/23291dd5b5ae1077dcff3dbb04c3e02bd28403fa75af6d8787d5e97c5bbbe30b?s=96&d=mm&r=g","url":"https:\/\/secure.gravatar.com\/avatar\/23291dd5b5ae1077dcff3dbb04c3e02bd28403fa75af6d8787d5e97c5bbbe30b?s=96&d=mm&r=g","contentUrl":"https:\/\/secure.gravatar.com\/avatar\/23291dd5b5ae1077dcff3dbb04c3e02bd28403fa75af6d8787d5e97c5bbbe30b?s=96&d=mm&r=g","caption":"Web del Maestro CMF"},"description":"Esta Web se cre\u00f3 sin fines de lucro, con fines educativos, cient\u00edficos y acad\u00e9micos, para personas que tengan dificultades y\/o inconvenientes en visualizar el material original. El objetivo es entregar recursos, compartir experiencias y materiales que ayuden a los padres de familia, maestros y estudiantes en su actualizaci\u00f3n y formaci\u00f3n permanente, en bien de la Educaci\u00f3n.","sameAs":["http:\/\/webdelmaestrocmf.com\/portal","https:\/\/www.facebook.com\/WebdelMaestroCMF\/","https:\/\/www.instagram.com\/wmcmf\/","https:\/\/cl.linkedin.com\/company\/web-del-maestro-cmf","https:\/\/www.pinterest.com\/WMCMF\/publicaciones\/","https:\/\/x.com\/cmf_w","https:\/\/www.youtube.com\/@WMCMF"]}]}},"jetpack_featured_media_url":"https:\/\/webdelmaestrocmf.com\/portal\/wp-content\/uploads\/2022\/10\/1-15.jpg","jetpack_sharing_enabled":true,"jetpack-related-posts":[{"id":104076,"url":"https:\/\/webdelmaestrocmf.com\/portal\/david-auris-julio-verne-y-comprension-lectora-para-el-exito\/","url_meta":{"origin":80863,"position":0},"title":"[David Auris] Julio Verne y comprensi\u00f3n lectora para el \u00e9xito","author":"Web del Maestro CMF","date":"19 febrero, 2024","format":false,"excerpt":"La comprensi\u00f3n lectora es una habilidad cognitiva desarrollada en las aulas que contribuye al \u00e9xito personal. En este proceso formativo irrumpe la literatura cient\u00edfica de Julio Verne, con el prop\u00f3sito de ampliar las fronteras de la mente, gracias a sus aventuras y extraordinarias exploraciones. Las p\u00e1ginas de sus obras preparan\u2026","rel":"","context":"En \u00abZ-Colaborador-David-Auris\u00bb","block_context":{"text":"Z-Colaborador-David-Auris","link":"https:\/\/webdelmaestrocmf.com\/portal\/category\/colaborador\/z-colaborador-david-auris\/"},"img":{"alt_text":"","src":"https:\/\/i0.wp.com\/webdelmaestrocmf.com\/portal\/wp-content\/uploads\/2024\/02\/Banner-1-portada-imagen-10-1-20-1.jpg?resize=350%2C200&ssl=1","width":350,"height":200,"srcset":"https:\/\/i0.wp.com\/webdelmaestrocmf.com\/portal\/wp-content\/uploads\/2024\/02\/Banner-1-portada-imagen-10-1-20-1.jpg?resize=350%2C200&ssl=1 1x, https:\/\/i0.wp.com\/webdelmaestrocmf.com\/portal\/wp-content\/uploads\/2024\/02\/Banner-1-portada-imagen-10-1-20-1.jpg?resize=525%2C300&ssl=1 1.5x, https:\/\/i0.wp.com\/webdelmaestrocmf.com\/portal\/wp-content\/uploads\/2024\/02\/Banner-1-portada-imagen-10-1-20-1.jpg?resize=700%2C400&ssl=1 2x"},"classes":[]},{"id":101365,"url":"https:\/\/webdelmaestrocmf.com\/portal\/david-auris-educacion-y-perspectivas-de-huancavelica-peru\/","url_meta":{"origin":80863,"position":1},"title":"[David Auris] Educaci\u00f3n y perspectivas de Huancavelica, Per\u00fa","author":"Web del Maestro CMF","date":"3 diciembre, 2023","format":false,"excerpt":"La realidad educativa en Huancavelica exhibe un contexto disruptivo que alberga una serie de desaf\u00edos con m\u00e1s respuestas que interrogantes. Esta zona andina, embargada por la inequidad, requiere de una atenci\u00f3n urgente para romper ese c\u00edrculo de la pobreza que solo es pasajero, siempre y cuando se desarrolle el capital\u2026","rel":"","context":"En \u00abZ-Colaborador-David-Auris\u00bb","block_context":{"text":"Z-Colaborador-David-Auris","link":"https:\/\/webdelmaestrocmf.com\/portal\/category\/colaborador\/z-colaborador-david-auris\/"},"img":{"alt_text":"","src":"https:\/\/i0.wp.com\/webdelmaestrocmf.com\/portal\/wp-content\/uploads\/2023\/12\/Huancavelica.jpg?resize=350%2C200&ssl=1","width":350,"height":200,"srcset":"https:\/\/i0.wp.com\/webdelmaestrocmf.com\/portal\/wp-content\/uploads\/2023\/12\/Huancavelica.jpg?resize=350%2C200&ssl=1 1x, https:\/\/i0.wp.com\/webdelmaestrocmf.com\/portal\/wp-content\/uploads\/2023\/12\/Huancavelica.jpg?resize=525%2C300&ssl=1 1.5x, https:\/\/i0.wp.com\/webdelmaestrocmf.com\/portal\/wp-content\/uploads\/2023\/12\/Huancavelica.jpg?resize=700%2C400&ssl=1 2x"},"classes":[]},{"id":114770,"url":"https:\/\/webdelmaestrocmf.com\/portal\/cesar-bona-se-educa-en-casa-y-se-ensena-en-la-escuela-esa-frase-nos-ha-acompanado-siempre-en-educacion-y-yo-creo-que-no-nos-ha-hecho-ningun-bien\/","url_meta":{"origin":80863,"position":2},"title":"C\u00e9sar Bona: \u201cSe educa en casa y se ense\u00f1a en la escuela\u201d, esa frase nos ha acompa\u00f1ado siempre en educaci\u00f3n y yo creo que no nos ha hecho ning\u00fan bien","author":"Web del Maestro CMF","date":"14 enero, 2026","format":false,"excerpt":"Primero, por lo que implica. Porque esa frase, en s\u00ed misma, y fijaos si es sencilla, ha levantado muros invisibles enormes entre las familias y los centros educativos.","rel":"","context":"En \u00abCharlas\u00bb","block_context":{"text":"Charlas","link":"https:\/\/webdelmaestrocmf.com\/portal\/category\/charlas\/"},"img":{"alt_text":"","src":"https:\/\/i0.wp.com\/webdelmaestrocmf.com\/portal\/wp-content\/uploads\/2026\/01\/1AA-Banner-1-portada-imagen-10-1-copia-6.webp?resize=350%2C200&ssl=1","width":350,"height":200,"srcset":"https:\/\/i0.wp.com\/webdelmaestrocmf.com\/portal\/wp-content\/uploads\/2026\/01\/1AA-Banner-1-portada-imagen-10-1-copia-6.webp?resize=350%2C200&ssl=1 1x, https:\/\/i0.wp.com\/webdelmaestrocmf.com\/portal\/wp-content\/uploads\/2026\/01\/1AA-Banner-1-portada-imagen-10-1-copia-6.webp?resize=525%2C300&ssl=1 1.5x, https:\/\/i0.wp.com\/webdelmaestrocmf.com\/portal\/wp-content\/uploads\/2026\/01\/1AA-Banner-1-portada-imagen-10-1-copia-6.webp?resize=700%2C400&ssl=1 2x, https:\/\/i0.wp.com\/webdelmaestrocmf.com\/portal\/wp-content\/uploads\/2026\/01\/1AA-Banner-1-portada-imagen-10-1-copia-6.webp?resize=1050%2C600&ssl=1 3x"},"classes":[]},{"id":106866,"url":"https:\/\/webdelmaestrocmf.com\/portal\/david-auris-que-es-ser-maestro\/","url_meta":{"origin":80863,"position":3},"title":"[David Auris] \u00bfQu\u00e9 es ser Maestro?","author":"Web del Maestro CMF","date":"9 noviembre, 2024","format":false,"excerpt":"Ser maestro es alguien quien cada d\u00eda al intercambiar sus experiencias con los estudiantes aprende conscientemente hasta convertirse en una persona excepcional y esa forma de vivir irradia el destino de sus pupilos. Aunque, reconozcamos que no todos los docentes logran convertirse en maestros de la vida, es pertinente revalorarlos\u2026","rel":"","context":"En \u00abZ-Colaborador-David-Auris\u00bb","block_context":{"text":"Z-Colaborador-David-Auris","link":"https:\/\/webdelmaestrocmf.com\/portal\/category\/colaborador\/z-colaborador-david-auris\/"},"img":{"alt_text":"","src":"https:\/\/i0.wp.com\/webdelmaestrocmf.com\/portal\/wp-content\/uploads\/2024\/11\/Banner-1-portada-imagen-10-1-3.png?resize=350%2C200&ssl=1","width":350,"height":200,"srcset":"https:\/\/i0.wp.com\/webdelmaestrocmf.com\/portal\/wp-content\/uploads\/2024\/11\/Banner-1-portada-imagen-10-1-3.png?resize=350%2C200&ssl=1 1x, https:\/\/i0.wp.com\/webdelmaestrocmf.com\/portal\/wp-content\/uploads\/2024\/11\/Banner-1-portada-imagen-10-1-3.png?resize=525%2C300&ssl=1 1.5x, https:\/\/i0.wp.com\/webdelmaestrocmf.com\/portal\/wp-content\/uploads\/2024\/11\/Banner-1-portada-imagen-10-1-3.png?resize=700%2C400&ssl=1 2x"},"classes":[]},{"id":105550,"url":"https:\/\/webdelmaestrocmf.com\/portal\/david-auris-dia-de-la-madre-en-las-escuelas\/","url_meta":{"origin":80863,"position":4},"title":"[David Auris] D\u00eda de la madre en las escuelas","author":"Web del Maestro CMF","date":"18 mayo, 2024","format":false,"excerpt":"Cada segundo domingo de mayo, al celebrarse el D\u00eda de la Madre en muchos pa\u00edses del mundo, las escuelas se colman de vibrantes alegr\u00edas, discursos de amor y poemas del alma. Sin embargo, \u00bfes factible que este a\u00f1o vayamos m\u00e1s all\u00e1 de los tradicionales homenajes y reconozcamos a las progenitoras\u2026","rel":"","context":"En \u00abZ-Colaborador-David-Auris\u00bb","block_context":{"text":"Z-Colaborador-David-Auris","link":"https:\/\/webdelmaestrocmf.com\/portal\/category\/colaborador\/z-colaborador-david-auris\/"},"img":{"alt_text":"","src":"https:\/\/i0.wp.com\/webdelmaestrocmf.com\/portal\/wp-content\/uploads\/2024\/05\/happy-mothers-day-celebration.png?resize=350%2C200&ssl=1","width":350,"height":200,"srcset":"https:\/\/i0.wp.com\/webdelmaestrocmf.com\/portal\/wp-content\/uploads\/2024\/05\/happy-mothers-day-celebration.png?resize=350%2C200&ssl=1 1x, https:\/\/i0.wp.com\/webdelmaestrocmf.com\/portal\/wp-content\/uploads\/2024\/05\/happy-mothers-day-celebration.png?resize=525%2C300&ssl=1 1.5x, https:\/\/i0.wp.com\/webdelmaestrocmf.com\/portal\/wp-content\/uploads\/2024\/05\/happy-mothers-day-celebration.png?resize=700%2C400&ssl=1 2x, https:\/\/i0.wp.com\/webdelmaestrocmf.com\/portal\/wp-content\/uploads\/2024\/05\/happy-mothers-day-celebration.png?resize=1050%2C600&ssl=1 3x, https:\/\/i0.wp.com\/webdelmaestrocmf.com\/portal\/wp-content\/uploads\/2024\/05\/happy-mothers-day-celebration.png?resize=1400%2C800&ssl=1 4x"},"classes":[]},{"id":107291,"url":"https:\/\/webdelmaestrocmf.com\/portal\/david-auris-pedagogia-de-la-navidad-antesala-inspiradora-al-2025\/","url_meta":{"origin":80863,"position":5},"title":"[David Auris] Pedagog\u00eda de la Navidad: antesala inspiradora al 2025","author":"Web del Maestro CMF","date":"29 diciembre, 2024","format":false,"excerpt":"La Navidad en un hermoso pretexto de solidaridad, perd\u00f3n y autorreflexi\u00f3n, pilares fundamentales de toda familia. El valor del amor y la alegr\u00eda de compartir de manera colaborativa, es clave cultivarlas en las escuelas con el objetivo de formar ni\u00f1os y sociedades m\u00e1s fraternas. Esta pedagog\u00eda navide\u00f1a es una decorada\u2026","rel":"","context":"En \u00abZ-Colaborador-David-Auris\u00bb","block_context":{"text":"Z-Colaborador-David-Auris","link":"https:\/\/webdelmaestrocmf.com\/portal\/category\/colaborador\/z-colaborador-david-auris\/"},"img":{"alt_text":"","src":"https:\/\/i0.wp.com\/webdelmaestrocmf.com\/portal\/wp-content\/uploads\/2024\/12\/Banner-1-portada-imagen-10-1-49.jpg?resize=350%2C200&ssl=1","width":350,"height":200,"srcset":"https:\/\/i0.wp.com\/webdelmaestrocmf.com\/portal\/wp-content\/uploads\/2024\/12\/Banner-1-portada-imagen-10-1-49.jpg?resize=350%2C200&ssl=1 1x, https:\/\/i0.wp.com\/webdelmaestrocmf.com\/portal\/wp-content\/uploads\/2024\/12\/Banner-1-portada-imagen-10-1-49.jpg?resize=525%2C300&ssl=1 1.5x, https:\/\/i0.wp.com\/webdelmaestrocmf.com\/portal\/wp-content\/uploads\/2024\/12\/Banner-1-portada-imagen-10-1-49.jpg?resize=700%2C400&ssl=1 2x"},"classes":[]}],"_links":{"self":[{"href":"https:\/\/webdelmaestrocmf.com\/portal\/wp-json\/wp\/v2\/posts\/80863","targetHints":{"allow":["GET"]}}],"collection":[{"href":"https:\/\/webdelmaestrocmf.com\/portal\/wp-json\/wp\/v2\/posts"}],"about":[{"href":"https:\/\/webdelmaestrocmf.com\/portal\/wp-json\/wp\/v2\/types\/post"}],"author":[{"embeddable":true,"href":"https:\/\/webdelmaestrocmf.com\/portal\/wp-json\/wp\/v2\/users\/1"}],"replies":[{"embeddable":true,"href":"https:\/\/webdelmaestrocmf.com\/portal\/wp-json\/wp\/v2\/comments?post=80863"}],"version-history":[{"count":0,"href":"https:\/\/webdelmaestrocmf.com\/portal\/wp-json\/wp\/v2\/posts\/80863\/revisions"}],"wp:featuredmedia":[{"embeddable":true,"href":"https:\/\/webdelmaestrocmf.com\/portal\/wp-json\/wp\/v2\/media\/80865"}],"wp:attachment":[{"href":"https:\/\/webdelmaestrocmf.com\/portal\/wp-json\/wp\/v2\/media?parent=80863"}],"wp:term":[{"taxonomy":"category","embeddable":true,"href":"https:\/\/webdelmaestrocmf.com\/portal\/wp-json\/wp\/v2\/categories?post=80863"},{"taxonomy":"post_tag","embeddable":true,"href":"https:\/\/webdelmaestrocmf.com\/portal\/wp-json\/wp\/v2\/tags?post=80863"}],"curies":[{"name":"wp","href":"https:\/\/api.w.org\/{rel}","templated":true}]}}