{"id":80778,"date":"2022-10-05T18:54:18","date_gmt":"2022-10-05T21:54:18","guid":{"rendered":"https:\/\/webdelmaestrocmf.com\/portal\/?p=80778"},"modified":"2022-10-06T10:46:24","modified_gmt":"2022-10-06T13:46:24","slug":"dia-internacional-del-maestro-gracias-a-los-maestros-que-apoyaron-la-formacion-academica-de-sus-estudiantes-y-al-uso-de-nuevas-rutas-educativas","status":"publish","type":"post","link":"https:\/\/webdelmaestrocmf.com\/portal\/dia-internacional-del-maestro-gracias-a-los-maestros-que-apoyaron-la-formacion-academica-de-sus-estudiantes-y-al-uso-de-nuevas-rutas-educativas\/","title":{"rendered":"D\u00eda Internacional del Maestro: Gracias a los maestros que apoyaron la formaci\u00f3n acad\u00e9mica de sus estudiantes y al uso de nuevas rutas educativas"},"content":{"rendered":"<h5 style=\"text-align: justify;\">La UNESCO y la Organizaci\u00f3n Internacional del Trabajo (OIT) en 1994 estableci\u00f3 el 05 de octubre para celebrar el D\u00eda Mundial de los Docentes, <strong>con la finalidad y el objetivo de hacer m\u00e1s actual, visible y consciente una de las profesiones m\u00e1s valiosas dentro de la sociedad<\/strong>.<\/h5>\n<p><!--more--><\/p>\n<h5 style=\"text-align: justify;\">Su singular vocaci\u00f3n y su inmensa capacidad creativa en el proceso ense\u00f1anza \u2013 aprendizaje de los estudiantes, de la mano con los padres de familia, durante el tiempo del cierre de las escuelas a causa del Covid 19, ha demostrado su peculiar capacidad y competencia para descubrir nuevas rutas educativas, demostrando que <strong>\u201cense\u00f1ar con autonom\u00eda empodera a los docentes\u201d<\/strong>.<\/h5>\n<h5 style=\"text-align: justify;\">JOHN LEGEND. D\u00cdA INTERNACIONAL DEL MAESTRO 2022 (Original 0\u00b4 56\u201d)<\/h5>\n<p><iframe loading=\"lazy\" title=\"John Legend. D\u00eda internacional del Maestro 2022 Original\" src=\"https:\/\/www.youtube.com\/embed\/G5-mzorttk8\" width=\"100%\" height=\"400\" frameborder=\"0\" allowfullscreen=\"allowfullscreen\"><span data-mce-type=\"bookmark\" style=\"display: inline-block; width: 0px; overflow: hidden; line-height: 0;\" class=\"mce_SELRES_start\">\ufeff<\/span><\/iframe><\/p>\n<p style=\"text-align: justify;\">Dec\u00eda Rabindranath Tagore que \u201cNo es tarea f\u00e1cil dirigir a hombres; empujarlos, en cambio, es muy sencillo\u201d. Y la misi\u00f3n de los educadores es justamente el <strong>tutelar y ayudar a todas las personas a aprender a ser lo que son capaces de ser<\/strong> (cf Hes\u00edodo). A reflexionar, pedir consejo y tomar la mejor decisi\u00f3n con responsabilidad. Por eso, en este D\u00eda Internacional del Docente, queremos agradecer a quienes \u201c<strong>ayudando a los padres en el cumplimiento de su deber y en nombre de la comunidad humana<\/strong>, desempe\u00f1an la funci\u00f3n de educar en las escuelas. Esta vocaci\u00f3n requiere dotes especiales de alma y de coraz\u00f3n, una preparaci\u00f3n cuidados\u00edsima y una facilidad constante para renovarse y adaptarse\u201d (GE, 05).<\/p>\n<p style=\"text-align: justify;\">Publicaci\u00f3n recomendada:<\/p>\n<blockquote class=\"wp-embedded-content\" data-secret=\"U3ntSFklUA\"><p><a href=\"https:\/\/webdelmaestrocmf.com\/portal\/federico-mayor-es-necesario-tener-siempre-presente-la-distincion-entre-educacion-y-capacitacion\/\">Federico Mayor: Es necesario tener siempre presente la distinci\u00f3n entre educaci\u00f3n y capacitaci\u00f3n<\/a><\/p><\/blockquote>\n<p><iframe loading=\"lazy\" class=\"wp-embedded-content\" sandbox=\"allow-scripts\" security=\"restricted\" style=\"position: absolute; clip: rect(1px, 1px, 1px, 1px);\" title=\"\u00abFederico Mayor: Es necesario tener siempre presente la distinci\u00f3n entre educaci\u00f3n y capacitaci\u00f3n\u00bb \u2014 Web del Maestro CMF\" src=\"https:\/\/webdelmaestrocmf.com\/portal\/federico-mayor-es-necesario-tener-siempre-presente-la-distincion-entre-educacion-y-capacitacion\/embed\/#?secret=UgIHtscjKk#?secret=U3ntSFklUA\" data-secret=\"U3ntSFklUA\" width=\"600\" height=\"338\" frameborder=\"0\" marginwidth=\"0\" marginheight=\"0\" scrolling=\"no\"><\/iframe><\/p>\n<p style=\"text-align: justify;\">Ahora, m\u00e1s que ayer, hemos tenido que recurrir a la creatividad y reformular -en algunas partes- <strong>una mejor calidad en la formaci\u00f3n inicial y su formaci\u00f3n permanente<\/strong>, con \u201cun sistema educativo que atraiga y retenga a un personal docente motivado, eficaz, con buena formaci\u00f3n y en el que los hombres y las mujeres est\u00e9n equitativamente representados; &#8230;\u201d, y revalorada su tarea docente, no solo en la poes\u00eda y las bonitas palabras, sino con el respeto a su presencia en las aulas y en las escuelas, con una remuneraci\u00f3n justa y digna, que le entusiasme a abrazar esa vocaci\u00f3n, gusto, proclividad, preferencia, propensi\u00f3n, inclinaci\u00f3n, afici\u00f3n, aptitud, &#8230; al llamado a colaborar con los padres en la tarea de educar a sus hijos, y consolidar la formaci\u00f3n integral. <strong>Si bien la educaci\u00f3n empieza por casa, la escuela es el espacio donde se visualiza lo aprendido en casa.<\/strong> Algunas veces dar clases se vuelve una tarea compleja para los docentes, debido a los diferentes ambientes familiares, por la indisciplina de los ni\u00f1os o porque no comprenden las reglas a seguir de una comunidad como la educativa. Y esto hace urgente el encontrar el camino educativo compartiendo el trabajo de educar, entre la familia y la escuela (cf Nancy Aspajo Aguilar).<\/p>\n<p><img loading=\"lazy\" decoding=\"async\" class=\"alignnone size-full wp-image-80781\" src=\"https:\/\/webdelmaestrocmf.com\/portal\/wp-content\/uploads\/2022\/10\/1a-1.jpg\" alt=\"\" width=\"900\" height=\"470\" srcset=\"https:\/\/webdelmaestrocmf.com\/portal\/wp-content\/uploads\/2022\/10\/1a-1.jpg 900w, https:\/\/webdelmaestrocmf.com\/portal\/wp-content\/uploads\/2022\/10\/1a-1-300x157.jpg 300w, https:\/\/webdelmaestrocmf.com\/portal\/wp-content\/uploads\/2022\/10\/1a-1-768x401.jpg 768w, https:\/\/webdelmaestrocmf.com\/portal\/wp-content\/uploads\/2022\/10\/1a-1-110x57.jpg 110w, https:\/\/webdelmaestrocmf.com\/portal\/wp-content\/uploads\/2022\/10\/1a-1-200x104.jpg 200w, https:\/\/webdelmaestrocmf.com\/portal\/wp-content\/uploads\/2022\/10\/1a-1-380x198.jpg 380w, https:\/\/webdelmaestrocmf.com\/portal\/wp-content\/uploads\/2022\/10\/1a-1-255x133.jpg 255w, https:\/\/webdelmaestrocmf.com\/portal\/wp-content\/uploads\/2022\/10\/1a-1-550x287.jpg 550w, https:\/\/webdelmaestrocmf.com\/portal\/wp-content\/uploads\/2022\/10\/1a-1-800x418.jpg 800w\" sizes=\"auto, (max-width: 900px) 100vw, 900px\" \/><\/p>\n<p style=\"text-align: justify;\">Este 5 de octubre, desde la Web del Maestro CMF, agradecemos al maestro cuyo inevitable desgaste es como la semilla que muere para dar vida, y que solo lo llega a ver (con los a\u00f1os) en la vida de muchos de sus estudiantes egresados; <strong>su trabajo diario en las aulas, en los recesos, en las conversaciones personales, &#8230;\u00a0 es como el agua de la lluvia que no vuelve al cielo sin haber fecundado la tierra<\/strong>. Sobre todo (a pesar de las duras desconsideraciones sociales) siempre tendr\u00e1 la intuici\u00f3n docente para acercarse a sus estudiantes m\u00e1s \u201cdif\u00edciles, m\u00e1s d\u00e9biles, m\u00e1s desfavorecidos\u201d. Y all\u00ed est\u00e1n siempre \u201cal pie del ca\u00f1\u00f3n\u201d, en la primera l\u00ednea y como lo dijo el Cardenal Bergoglio: \u201c<em>Cuando uno mira el desgaste de los docentes en un pacto educativo roto <strong>sin el apoyo de los padres, con sueldos mal pagos que los obligan a tener dos trabajos, con aulas m\u00e1s llenas de lo que ser\u00eda necesario,<\/strong> entonces uno se da cuenta de que realmente all\u00ed hay algo que solucionar, hay una pobreza. Tenemos que reconocer ese trabajo cotidiano de estos hombres y mujeres que se desgastan en el aula en situaciones a veces insuficientes y precarias\u201d.<\/em> (Buenos Aires, 14\/04\/2010). <strong>\u00a1Gracias maestros!<\/strong><\/p>\n<p style=\"text-align: justify;\">Art\u00edculo recomendado:<\/p>\n<blockquote class=\"wp-embedded-content\" data-secret=\"AU5jS8crUA\"><p><a href=\"https:\/\/webdelmaestrocmf.com\/portal\/ante-la-nueva-normalidad-educativa-los-profesores-llegamos-reinventados-y-actualizados\/\">Ante la nueva normalidad educativa, los profesores llegamos reinventados y actualizados<\/a><\/p><\/blockquote>\n<p><iframe loading=\"lazy\" class=\"wp-embedded-content\" sandbox=\"allow-scripts\" security=\"restricted\" style=\"position: absolute; clip: rect(1px, 1px, 1px, 1px);\" title=\"\u00abAnte la nueva normalidad educativa, los profesores llegamos reinventados y actualizados\u00bb \u2014 Web del Maestro CMF\" src=\"https:\/\/webdelmaestrocmf.com\/portal\/ante-la-nueva-normalidad-educativa-los-profesores-llegamos-reinventados-y-actualizados\/embed\/#?secret=vF8FViZaNY#?secret=AU5jS8crUA\" data-secret=\"AU5jS8crUA\" width=\"600\" height=\"338\" frameborder=\"0\" marginwidth=\"0\" marginheight=\"0\" scrolling=\"no\"><\/iframe><\/p>\n<p style=\"text-align: justify;\">Esperamos, y no solo como sue\u00f1os, quimeras, utop\u00edas y buenos deseos, sino como una exigencia social, el que se acabe -de una buena vez-\u00a0 \u201c<strong>la insatisfacci\u00f3n causada por el descenso en la escala social, los bajos salarios, las dif\u00edciles condiciones de la ense\u00f1anza y el aprendizaje y la falta de perspectivas de carrera\u201d, <\/strong>que ha desanimado a muchos o ha logrado que el ejercicio docente se realizado por profesores con deficiente formaci\u00f3n pedag\u00f3gica, conformistas e incapaces de creer en nuevos caminos de aprendizaje<strong>,<\/strong> instalados en su \u201clibrillo de maestrillo\u201d, dispuestos a repetir lo que ordene el gobierno de turno, y a cumplir la transmisi\u00f3n de los conocimientos estipulados en los textos oficiales. Y aunque parecen ser los menos, se ha podido evidenciar que existen -en algunos lugares- durante las clases a distancia.<\/p>\n<p style=\"text-align: justify;\">Art\u00edculo relacionado:<\/p>\n<blockquote class=\"wp-embedded-content\" data-secret=\"UnwzdYUVOo\"><p><a href=\"https:\/\/webdelmaestrocmf.com\/portal\/transformacion-digital-estas-son-las-siete-tendencias-en-educacion-que-emergieron-con-la-pandemia\/\">Transformaci\u00f3n digital: estas son las siete tendencias en educaci\u00f3n que emergieron con la pandemia y que los docentes deben dominar para sus clases presenciales<\/a><\/p><\/blockquote>\n<p><iframe loading=\"lazy\" class=\"wp-embedded-content\" sandbox=\"allow-scripts\" security=\"restricted\" style=\"position: absolute; clip: rect(1px, 1px, 1px, 1px);\" title=\"\u00abTransformaci\u00f3n digital: estas son las siete tendencias en educaci\u00f3n que emergieron con la pandemia y que los docentes deben dominar para sus clases presenciales\u00bb \u2014 Web del Maestro CMF\" src=\"https:\/\/webdelmaestrocmf.com\/portal\/transformacion-digital-estas-son-las-siete-tendencias-en-educacion-que-emergieron-con-la-pandemia\/embed\/#?secret=rYjtFN35UL#?secret=UnwzdYUVOo\" data-secret=\"UnwzdYUVOo\" width=\"600\" height=\"338\" frameborder=\"0\" marginwidth=\"0\" marginheight=\"0\" scrolling=\"no\"><\/iframe><\/p>\n<p style=\"text-align: justify;\">El escritor portugu\u00e9s Jos\u00e9 de Sousa Saramago, premio Nobel de literatura en 1998, considera que <strong>los maestros, por si solos no tienen condiciones para educar,<\/strong> algunas veces debido a que \u201cla familia no educa, no sabe, no puede y entonces transfiere la obligaci\u00f3n de la educaci\u00f3n\u201d, y otras porque lo sistemas educativos de sus pa\u00edses los \u201cencorsetan\u201d y apagaban cualquier entusiasmo por encontrar nuevos itinerario s educativos. \u00a0<strong>Los maestros \u201chacen lo que pueden para educar, pero no pueden ya que la familia dimiti\u00f3 de su obligaci\u00f3<\/strong>n. Por eso, al recordar a los docentes de todo el mundo, que se esforzaron -muchos hasta el sacrificio confidencial y silenciado por su humildad- durante la pandemia, y que ahora han tenido que regresar a las aulas con sistemas educativos obsoletos, con planificaciones elaboradas en los escritorios de las secretarias y ministerios de educaci\u00f3n, y con la desconsideraci\u00f3n social de siempre, luego de la pandemia, podemos decir, sin ning\u00fan temor a equivocarnos que <strong>una de las m\u00e1s grandes contribuciones a la humanidad, durante el cierre de las escuelas, ha sido la desarrollada por los profesores desde sus hogares,<\/strong> en condiciones y con recursos -muchas veces- limitados, comprados, prestados o hechos por ellos, sin preparaci\u00f3n tecnol\u00f3gica digital previa -muchos de ellos- con mucha inventiva para organizar sus clases, y con una filantrop\u00eda -si me permiten decirla- singular y \u00fanica.<\/p>\n<p style=\"text-align: justify;\">Entrevista recomendada:<\/p>\n<blockquote class=\"wp-embedded-content\" data-secret=\"SeV2Ezt6aw\"><p><a href=\"https:\/\/webdelmaestrocmf.com\/portal\/entrevista-a-carmen-fernandez-morante-la-importancia-de-la-formacion-inicial-docente\/\">Carmen Fern\u00e1ndez Morante: La importancia de la formaci\u00f3n inicial docente<\/a><\/p><\/blockquote>\n<p><iframe loading=\"lazy\" class=\"wp-embedded-content\" sandbox=\"allow-scripts\" security=\"restricted\" style=\"position: absolute; clip: rect(1px, 1px, 1px, 1px);\" title=\"\u00abCarmen Fern\u00e1ndez Morante: La importancia de la formaci\u00f3n inicial docente\u00bb \u2014 Web del Maestro CMF\" src=\"https:\/\/webdelmaestrocmf.com\/portal\/entrevista-a-carmen-fernandez-morante-la-importancia-de-la-formacion-inicial-docente\/embed\/#?secret=sj6qoNbBKg#?secret=SeV2Ezt6aw\" data-secret=\"SeV2Ezt6aw\" width=\"600\" height=\"338\" frameborder=\"0\" marginwidth=\"0\" marginheight=\"0\" scrolling=\"no\"><\/iframe><\/p>\n<p style=\"text-align: justify;\">Lamentablemente, -a\u00fan despu\u00e9s del regreso a las clases presenciales-, y habiendo visto su gran tarea con la educaci\u00f3n a distancia, en muchos pa\u00edses del mundo <strong>los profesores han vuelvo a trabajar en infraestructuras ruinosas o insuficientes; con ni\u00f1os mal alimentados, con aulas superpobladas, sin esperanza de ser respetados, escuchados y dialogados sus acuerdos laborales ni las contrataciones del sector educativo.<\/strong> Por eso, el previamente nombrado escritor Saramago nos dice que, <em>\u201clos aut\u00e9nticos h\u00e9roes de nuestros tiempos son los maestros, que son humillados, despreciados, agredidos y que al d\u00eda siguiente vuelven al lugar donde han sido humillados, despreciados y agredidos\u201d. <\/em>Cu\u00e1nto <strong>deseamos que nuestros estudiantes, que ahora est\u00e1n en las aulas, lleguen a ser los l\u00edderes que revaloricen la tarea docente. <\/strong>\u00a1S\u00ed se puede!<\/p>\n<p style=\"text-align: justify;\">Publicaci\u00f3n relacionada:<\/p>\n<blockquote class=\"wp-embedded-content\" data-secret=\"OSXw1szoQR\"><p><a href=\"https:\/\/webdelmaestrocmf.com\/portal\/los-maestros-han-demostrado-su-vocacion-de-servicio-su-creatividad-su-resiliencia-y-su-amor-por-una-tarea-que-no-es-para-cualquiera\/\">Los maestros han demostrado su vocaci\u00f3n de servicio, su creatividad, su resiliencia y su amor por una tarea \u201cque no es para cualquiera\u201d<\/a><\/p><\/blockquote>\n<p><iframe loading=\"lazy\" class=\"wp-embedded-content\" sandbox=\"allow-scripts\" security=\"restricted\" style=\"position: absolute; clip: rect(1px, 1px, 1px, 1px);\" title=\"\u00abLos maestros han demostrado su vocaci\u00f3n de servicio, su creatividad, su resiliencia y su amor por una tarea \u201cque no es para cualquiera\u201d\u00bb \u2014 Web del Maestro CMF\" src=\"https:\/\/webdelmaestrocmf.com\/portal\/los-maestros-han-demostrado-su-vocacion-de-servicio-su-creatividad-su-resiliencia-y-su-amor-por-una-tarea-que-no-es-para-cualquiera\/embed\/#?secret=NANtGZNkL2#?secret=OSXw1szoQR\" data-secret=\"OSXw1szoQR\" width=\"600\" height=\"338\" frameborder=\"0\" marginwidth=\"0\" marginheight=\"0\" scrolling=\"no\"><\/iframe><\/p>\n<p style=\"text-align: justify;\">Ojal\u00e1 que los logros de los nuevos itinerarios educativos, las sonrisas de nuestros estudiantes, la cercan\u00eda de tantos buenos padres de familia y colegas, ahora que hemos vuelto a una nueva normalidad educativa, nos motiven a todos los maestros del mundo, a poner mayor empe\u00f1o en <strong>la preparaci\u00f3n de las clases<\/strong>, <strong>la<\/strong> <strong>b\u00fasqueda del tiempo para la permanente actualizaci\u00f3n<\/strong>; <strong>a seguir aprendiendo de la experiencia de los dem\u00e1s<\/strong>; <strong>a estar convencido de la importancia de aprender el manejo las nuevas TIC y sus recursos; conocer, vigilar y usar debidamente nuestras emociones para tene<\/strong>r <strong>relaciones humanas positivas<\/strong>;&#8230;, y sobre todo sentir que nuestra tarea de maestros no solo es para vivir, sino templar el alma para las dificultades de la vida (cf Pit\u00e1goras), porque en Educaci\u00f3n la \u00faltima palabra no est\u00e1 dicha. A esos educadores hoy, 5 de octubre del 2022, les queremos decir, desde la Web del Maestro CMF: \u00a1GRACIAS MAESTRO!<\/p>\n<p style=\"text-align: justify;\">Nuestra mejor respuesta a este homenaje sugerido a los maestros, es <strong>reconocer no solo su contribuci\u00f3n vital por medio de la educaci\u00f3n y el desarrollo de nuestros futuros ciudadanos y l\u00edderes, sino tambi\u00e9n en revalorizar su tarea<\/strong>, porque sin unos buenos maestros, no pueden surgir aquellos que nos van a liderar en el futuro. Y como exhort\u00f3 el Cardenal Bergoglio a los maestros argentinos: \u201c`<em>Salgan del encierro y vayan y anuncien este modo de vida<\/em>\u00b4. Este modo de vida en que la luz es la que vence; este modo en que <em>no se negocia la luz por un farolito<\/em> as\u00ed nom\u00e1s que deja a su costado espacios de tiniebla. <strong>Anuncien este modo de vida en que la tiniebla no tiene lugar y luchen contra ese cansancio tan habitual que los caracteriza en su vocaci\u00f3n<\/strong> para que cada chico y cada chica abra su coraz\u00f3n a la luz y no le tengan miedo a la luz, aunque les pueda costar algunas dificultades. [&#8230; para que nuestros ni\u00f1os y j\u00f3venes]\u00a0Caminen por la luz, no se dejen seducir por los mercaderes de las tinieblas; abran su coraz\u00f3n a la luz, aunque cueste. <strong>No se dejen encadenar por esas promesas que parecen de libertad y son de opresi\u00f3<\/strong>n; las promesas del gozo fatuo, las promesas de las tinieblas. Sigan adelante. El mundo es de ustedes. V\u00edvanlo en la luz. Y v\u00edvanlo con alegr\u00eda porque el que camina en la luz tiene un coraz\u00f3n alegre\u201d. (22\/04\/2009)<\/p>\n<p style=\"text-align: center;\"><em>\u201cNo tengan miedo de ensuciarse las manos, no tengan miedo, siempre y cuando ese ensuciarse las manos sea para atajar, para contener para hacer crecer el coraz\u00f3n y el alma de un chico que nos es confiada cada d\u00eda\u201d. <\/em>(Jorge Bergoglio 27\/04\/2006).<\/p>\n<p style=\"text-align: right;\"><strong>REDACCI\u00d3N WEB DEL MAESTRO CMF<\/strong><\/p>\n\t\t<div class=\"pk-inline-posts\">\n\t\t\t\n\t\t\t<div class=\"pk-inline-posts-container pk-inline-posts-template-list\"\n\t\t\t\tdata-columns=\"1\">\n\t\t\t\t\t\t<article id=\"post-17756\" class=\"post-17756 post type-post status-publish format-standard has-post-thumbnail category-jamb tag-dia tag-dia-del-trabajo tag-jorge-bergoglio tag-maestros tag-trabajo cs-entry cs-video-wrap\">\n\t\t\t<div class=\"pk-post-outer\">\n\n\t\t\t\t\t\t\t\t<div class=\"pk-post-inner\">\n\t\t\t\t\t<div class=\"entry-thumbnail\">\n\t\t\t\t\t\t<div class=\"pk-overlay pk-overlay-ratio pk-ratio-landscape\">\n\t\t\t\t\t\t\t<div class=\"pk-overlay-background\">\n\t\t\t\t\t\t\t\t<a href=\"https:\/\/webdelmaestrocmf.com\/portal\/dia-del-trabajo-maestros-gracias-lo-hacen\/\" class=\"pk-overlay-link\">\n\t\t\t\t\t\t\t\t\t<img loading=\"lazy\" decoding=\"async\" width=\"300\" height=\"225\" src=\"https:\/\/webdelmaestrocmf.com\/portal\/wp-content\/uploads\/2023\/05\/Banner-1-portada-imagen-10-1-55-300x225.jpg\" class=\"attachment-pk-thumbnail size-pk-thumbnail wp-post-image\" alt=\"d\u00eda del trabajo\" \/>\t\t\t\t\t\t\t\t<\/a>\n\t\t\t\t\t\t\t<\/div>\n\t\t\t\t\t\t<\/div>\n\t\t\t\t\t<\/div>\n\t\t\t\t<\/div>\n\t\t\t\t\n\t\t\t\t<div class=\"pk-post-inner\">\n\t\t\t\t\t<header>\n\t\t\t\t\t\t<h3 class=\"pk-title\"><a href=\"https:\/\/webdelmaestrocmf.com\/portal\/dia-del-trabajo-maestros-gracias-lo-hacen\/\" rel=\"bookmark\">D\u00eda Internacional de los Trabajadores: Maestros, \u00a1gracias por lo que hacen!<\/a><\/h3>\t\t\t\t\t<\/header><!-- .entry-header -->\n\t\t\t\t<\/div><!-- .post-inner -->\n\n\t\t\t<\/div><!-- .post-outer -->\n\t\t<\/article>\n\t\t\t\t<\/div>\n\t\t<\/div>\n\t\t\n","protected":false},"excerpt":{"rendered":"La UNESCO y la Organizaci\u00f3n Internacional del Trabajo (OIT) en 1994 estableci\u00f3 el 05 de octubre para celebrar&hellip;","protected":false},"author":1,"featured_media":80783,"comment_status":"open","ping_status":"closed","sticky":false,"template":"","format":"standard","meta":{"csco_display_header_overlay":false,"csco_singular_sidebar":"default","csco_page_header_type":"default","csco_page_load_nextpost":"default","csco_post_video_location":[],"csco_post_video_location_hash":"","csco_post_video_url":"","csco_post_video_bg_start_time":0,"csco_post_video_bg_end_time":0,"csco_post_video_bg_volume":false,"_jetpack_memberships_contains_paid_content":false,"footnotes":""},"categories":[61],"tags":[1853,2967,216],"class_list":{"0":"post-80778","1":"post","2":"type-post","3":"status-publish","4":"format-standard","5":"has-post-thumbnail","7":"category-jamb","8":"tag-dia","9":"tag-internacional","10":"tag-maestro","11":"cs-entry","12":"cs-video-wrap"},"yoast_head":"<!-- This site is optimized with the Yoast SEO plugin v27.5 - https:\/\/yoast.com\/product\/yoast-seo-wordpress\/ -->\n<title>D\u00eda Internacional del Maestro: Gracias a los maestros que apoyaron la formaci\u00f3n acad\u00e9mica de sus estudiantes y al uso de nuevas rutas educativas - 2026<\/title>\n<meta name=\"description\" content=\"La UNESCO y la Organizaci\u00f3n Internacional del Trabajo (OIT) en 1994 estableci\u00f3 el 05 de octubre para celebrar el D\u00eda Mundial de los...\" \/>\n<meta name=\"robots\" content=\"index, follow, max-snippet:-1, max-image-preview:large, max-video-preview:-1\" \/>\n<link rel=\"canonical\" href=\"https:\/\/webdelmaestrocmf.com\/portal\/dia-internacional-del-maestro-gracias-a-los-maestros-que-apoyaron-la-formacion-academica-de-sus-estudiantes-y-al-uso-de-nuevas-rutas-educativas\/\" \/>\n<meta property=\"og:locale\" content=\"es_ES\" \/>\n<meta property=\"og:type\" content=\"article\" \/>\n<meta property=\"og:title\" content=\"D\u00eda Internacional del Maestro: Gracias a los maestros que apoyaron la formaci\u00f3n acad\u00e9mica de sus estudiantes y al uso de nuevas rutas educativas - 2026\" \/>\n<meta property=\"og:description\" content=\"La UNESCO y la Organizaci\u00f3n Internacional del Trabajo (OIT) en 1994 estableci\u00f3 el 05 de octubre para celebrar el D\u00eda Mundial de los...\" \/>\n<meta property=\"og:url\" content=\"https:\/\/webdelmaestrocmf.com\/portal\/dia-internacional-del-maestro-gracias-a-los-maestros-que-apoyaron-la-formacion-academica-de-sus-estudiantes-y-al-uso-de-nuevas-rutas-educativas\/\" \/>\n<meta property=\"og:site_name\" content=\"Web del Maestro CMF\" \/>\n<meta property=\"article:publisher\" content=\"https:\/\/www.facebook.com\/WebdelMaestroCMF\/\" \/>\n<meta property=\"article:author\" content=\"https:\/\/www.facebook.com\/WebdelMaestroCMF\/\" \/>\n<meta property=\"article:published_time\" content=\"2022-10-05T21:54:18+00:00\" \/>\n<meta property=\"article:modified_time\" content=\"2022-10-06T13:46:24+00:00\" \/>\n<meta property=\"og:image\" content=\"https:\/\/i0.wp.com\/webdelmaestrocmf.com\/portal\/wp-content\/uploads\/2022\/10\/1a-2.jpg?fit=900%2C556&ssl=1\" \/>\n\t<meta property=\"og:image:width\" content=\"900\" \/>\n\t<meta property=\"og:image:height\" content=\"556\" \/>\n\t<meta property=\"og:image:type\" content=\"image\/jpeg\" \/>\n<meta name=\"author\" content=\"Web del Maestro CMF\" \/>\n<meta name=\"twitter:card\" content=\"summary_large_image\" \/>\n<meta name=\"twitter:creator\" content=\"@cmf_w\" \/>\n<meta name=\"twitter:site\" content=\"@cmf_w\" \/>\n<script type=\"application\/ld+json\" class=\"yoast-schema-graph\">{\"@context\":\"https:\\\/\\\/schema.org\",\"@graph\":[{\"@type\":\"ScholarlyArticle\",\"@id\":\"https:\\\/\\\/webdelmaestrocmf.com\\\/portal\\\/dia-internacional-del-maestro-gracias-a-los-maestros-que-apoyaron-la-formacion-academica-de-sus-estudiantes-y-al-uso-de-nuevas-rutas-educativas\\\/#article\",\"isPartOf\":{\"@id\":\"https:\\\/\\\/webdelmaestrocmf.com\\\/portal\\\/dia-internacional-del-maestro-gracias-a-los-maestros-que-apoyaron-la-formacion-academica-de-sus-estudiantes-y-al-uso-de-nuevas-rutas-educativas\\\/\"},\"author\":{\"name\":\"Web del Maestro CMF\",\"@id\":\"https:\\\/\\\/webdelmaestrocmf.com\\\/portal\\\/#\\\/schema\\\/person\\\/1072a2ed7bd960df8ef99a551fa35dc5\"},\"headline\":\"D\u00eda Internacional del Maestro: Gracias a los maestros que apoyaron la formaci\u00f3n acad\u00e9mica de sus estudiantes y al uso de nuevas rutas educativas\",\"datePublished\":\"2022-10-05T21:54:18+00:00\",\"dateModified\":\"2022-10-06T13:46:24+00:00\",\"mainEntityOfPage\":{\"@id\":\"https:\\\/\\\/webdelmaestrocmf.com\\\/portal\\\/dia-internacional-del-maestro-gracias-a-los-maestros-que-apoyaron-la-formacion-academica-de-sus-estudiantes-y-al-uso-de-nuevas-rutas-educativas\\\/\"},\"wordCount\":1713,\"commentCount\":0,\"publisher\":{\"@id\":\"https:\\\/\\\/webdelmaestrocmf.com\\\/portal\\\/#organization\"},\"image\":{\"@id\":\"https:\\\/\\\/webdelmaestrocmf.com\\\/portal\\\/dia-internacional-del-maestro-gracias-a-los-maestros-que-apoyaron-la-formacion-academica-de-sus-estudiantes-y-al-uso-de-nuevas-rutas-educativas\\\/#primaryimage\"},\"thumbnailUrl\":\"https:\\\/\\\/webdelmaestrocmf.com\\\/portal\\\/wp-content\\\/uploads\\\/2022\\\/10\\\/1a-2.jpg\",\"keywords\":[\"DIA\",\"INTERNACIONAL\",\"Maestro\"],\"articleSection\":[\"Yo opino - WMCMF\"],\"inLanguage\":\"es\",\"potentialAction\":[{\"@type\":\"CommentAction\",\"name\":\"Comment\",\"target\":[\"https:\\\/\\\/webdelmaestrocmf.com\\\/portal\\\/dia-internacional-del-maestro-gracias-a-los-maestros-que-apoyaron-la-formacion-academica-de-sus-estudiantes-y-al-uso-de-nuevas-rutas-educativas\\\/#respond\"]}]},{\"@type\":\"WebPage\",\"@id\":\"https:\\\/\\\/webdelmaestrocmf.com\\\/portal\\\/dia-internacional-del-maestro-gracias-a-los-maestros-que-apoyaron-la-formacion-academica-de-sus-estudiantes-y-al-uso-de-nuevas-rutas-educativas\\\/\",\"url\":\"https:\\\/\\\/webdelmaestrocmf.com\\\/portal\\\/dia-internacional-del-maestro-gracias-a-los-maestros-que-apoyaron-la-formacion-academica-de-sus-estudiantes-y-al-uso-de-nuevas-rutas-educativas\\\/\",\"name\":\"D\u00eda Internacional del Maestro: Gracias a los maestros que apoyaron la formaci\u00f3n acad\u00e9mica de sus estudiantes y al uso de nuevas rutas educativas - 2026\",\"isPartOf\":{\"@id\":\"https:\\\/\\\/webdelmaestrocmf.com\\\/portal\\\/#website\"},\"primaryImageOfPage\":{\"@id\":\"https:\\\/\\\/webdelmaestrocmf.com\\\/portal\\\/dia-internacional-del-maestro-gracias-a-los-maestros-que-apoyaron-la-formacion-academica-de-sus-estudiantes-y-al-uso-de-nuevas-rutas-educativas\\\/#primaryimage\"},\"image\":{\"@id\":\"https:\\\/\\\/webdelmaestrocmf.com\\\/portal\\\/dia-internacional-del-maestro-gracias-a-los-maestros-que-apoyaron-la-formacion-academica-de-sus-estudiantes-y-al-uso-de-nuevas-rutas-educativas\\\/#primaryimage\"},\"thumbnailUrl\":\"https:\\\/\\\/webdelmaestrocmf.com\\\/portal\\\/wp-content\\\/uploads\\\/2022\\\/10\\\/1a-2.jpg\",\"datePublished\":\"2022-10-05T21:54:18+00:00\",\"dateModified\":\"2022-10-06T13:46:24+00:00\",\"description\":\"La UNESCO y la Organizaci\u00f3n Internacional del Trabajo (OIT) en 1994 estableci\u00f3 el 05 de octubre para celebrar el D\u00eda Mundial de los...\",\"breadcrumb\":{\"@id\":\"https:\\\/\\\/webdelmaestrocmf.com\\\/portal\\\/dia-internacional-del-maestro-gracias-a-los-maestros-que-apoyaron-la-formacion-academica-de-sus-estudiantes-y-al-uso-de-nuevas-rutas-educativas\\\/#breadcrumb\"},\"inLanguage\":\"es\",\"potentialAction\":[{\"@type\":\"ReadAction\",\"target\":[\"https:\\\/\\\/webdelmaestrocmf.com\\\/portal\\\/dia-internacional-del-maestro-gracias-a-los-maestros-que-apoyaron-la-formacion-academica-de-sus-estudiantes-y-al-uso-de-nuevas-rutas-educativas\\\/\"]}]},{\"@type\":\"ImageObject\",\"inLanguage\":\"es\",\"@id\":\"https:\\\/\\\/webdelmaestrocmf.com\\\/portal\\\/dia-internacional-del-maestro-gracias-a-los-maestros-que-apoyaron-la-formacion-academica-de-sus-estudiantes-y-al-uso-de-nuevas-rutas-educativas\\\/#primaryimage\",\"url\":\"https:\\\/\\\/webdelmaestrocmf.com\\\/portal\\\/wp-content\\\/uploads\\\/2022\\\/10\\\/1a-2.jpg\",\"contentUrl\":\"https:\\\/\\\/webdelmaestrocmf.com\\\/portal\\\/wp-content\\\/uploads\\\/2022\\\/10\\\/1a-2.jpg\",\"width\":900,\"height\":556},{\"@type\":\"BreadcrumbList\",\"@id\":\"https:\\\/\\\/webdelmaestrocmf.com\\\/portal\\\/dia-internacional-del-maestro-gracias-a-los-maestros-que-apoyaron-la-formacion-academica-de-sus-estudiantes-y-al-uso-de-nuevas-rutas-educativas\\\/#breadcrumb\",\"itemListElement\":[{\"@type\":\"ListItem\",\"position\":1,\"name\":\"Portada\",\"item\":\"https:\\\/\\\/webdelmaestrocmf.com\\\/portal\\\/\"},{\"@type\":\"ListItem\",\"position\":2,\"name\":\"Yo opino - WMCMF\",\"item\":\"https:\\\/\\\/webdelmaestrocmf.com\\\/portal\\\/category\\\/jamb\\\/\"},{\"@type\":\"ListItem\",\"position\":3,\"name\":\"D\u00eda Internacional del Maestro: Gracias a los maestros que apoyaron la formaci\u00f3n acad\u00e9mica de sus estudiantes y al uso de nuevas rutas educativas\"}]},{\"@type\":\"WebSite\",\"@id\":\"https:\\\/\\\/webdelmaestrocmf.com\\\/portal\\\/#website\",\"url\":\"https:\\\/\\\/webdelmaestrocmf.com\\\/portal\\\/\",\"name\":\"Web del Maestro CMF\",\"description\":\"Maestros al servicio de la educaci\u00f3n\",\"publisher\":{\"@id\":\"https:\\\/\\\/webdelmaestrocmf.com\\\/portal\\\/#organization\"},\"alternateName\":\"WMCMF\",\"potentialAction\":[{\"@type\":\"SearchAction\",\"target\":{\"@type\":\"EntryPoint\",\"urlTemplate\":\"https:\\\/\\\/webdelmaestrocmf.com\\\/portal\\\/?s={search_term_string}\"},\"query-input\":{\"@type\":\"PropertyValueSpecification\",\"valueRequired\":true,\"valueName\":\"search_term_string\"}}],\"inLanguage\":\"es\"},{\"@type\":\"Organization\",\"@id\":\"https:\\\/\\\/webdelmaestrocmf.com\\\/portal\\\/#organization\",\"name\":\"Web del Maestro CMF\",\"alternateName\":\"WMCMF\",\"url\":\"https:\\\/\\\/webdelmaestrocmf.com\\\/portal\\\/\",\"logo\":{\"@type\":\"ImageObject\",\"inLanguage\":\"es\",\"@id\":\"https:\\\/\\\/webdelmaestrocmf.com\\\/portal\\\/#\\\/schema\\\/logo\\\/image\\\/\",\"url\":\"https:\\\/\\\/webdelmaestrocmf.com\\\/portal\\\/wp-content\\\/uploads\\\/2023\\\/01\\\/logo-wmcmf-2.png\",\"contentUrl\":\"https:\\\/\\\/webdelmaestrocmf.com\\\/portal\\\/wp-content\\\/uploads\\\/2023\\\/01\\\/logo-wmcmf-2.png\",\"width\":200,\"height\":60,\"caption\":\"Web del Maestro CMF\"},\"image\":{\"@id\":\"https:\\\/\\\/webdelmaestrocmf.com\\\/portal\\\/#\\\/schema\\\/logo\\\/image\\\/\"},\"sameAs\":[\"https:\\\/\\\/www.facebook.com\\\/WebdelMaestroCMF\\\/\",\"https:\\\/\\\/x.com\\\/cmf_w\",\"https:\\\/\\\/www.pinterest.com\\\/WMCMF\\\/\",\"https:\\\/\\\/www.linkedin.com\\\/company\\\/web-del-maestro-cmf\\\/\",\"https:\\\/\\\/www.instagram.com\\\/wmcmf\\\/\",\"https:\\\/\\\/www.youtube.com\\\/channel\\\/UCDPSvjbdodE5sHnC3OxutHw\",\"https:\\\/\\\/mastodon.social\\\/@wmcmf\",\"https:\\\/\\\/www.tiktok.com\\\/@webdelmaestrocmf\"]},{\"@type\":\"Person\",\"@id\":\"https:\\\/\\\/webdelmaestrocmf.com\\\/portal\\\/#\\\/schema\\\/person\\\/1072a2ed7bd960df8ef99a551fa35dc5\",\"name\":\"Web del Maestro CMF\",\"image\":{\"@type\":\"ImageObject\",\"inLanguage\":\"es\",\"@id\":\"https:\\\/\\\/secure.gravatar.com\\\/avatar\\\/23291dd5b5ae1077dcff3dbb04c3e02bd28403fa75af6d8787d5e97c5bbbe30b?s=96&d=mm&r=g\",\"url\":\"https:\\\/\\\/secure.gravatar.com\\\/avatar\\\/23291dd5b5ae1077dcff3dbb04c3e02bd28403fa75af6d8787d5e97c5bbbe30b?s=96&d=mm&r=g\",\"contentUrl\":\"https:\\\/\\\/secure.gravatar.com\\\/avatar\\\/23291dd5b5ae1077dcff3dbb04c3e02bd28403fa75af6d8787d5e97c5bbbe30b?s=96&d=mm&r=g\",\"caption\":\"Web del Maestro CMF\"},\"description\":\"Esta Web se cre\u00f3 sin fines de lucro, con fines educativos, cient\u00edficos y acad\u00e9micos, para personas que tengan dificultades y\\\/o inconvenientes en visualizar el material original. El objetivo es entregar recursos, compartir experiencias y materiales que ayuden a los padres de familia, maestros y estudiantes en su actualizaci\u00f3n y formaci\u00f3n permanente, en bien de la Educaci\u00f3n.\",\"sameAs\":[\"http:\\\/\\\/webdelmaestrocmf.com\\\/portal\",\"https:\\\/\\\/www.facebook.com\\\/WebdelMaestroCMF\\\/\",\"https:\\\/\\\/www.instagram.com\\\/wmcmf\\\/\",\"https:\\\/\\\/cl.linkedin.com\\\/company\\\/web-del-maestro-cmf\",\"https:\\\/\\\/www.pinterest.com\\\/WMCMF\\\/publicaciones\\\/\",\"https:\\\/\\\/x.com\\\/cmf_w\",\"https:\\\/\\\/www.youtube.com\\\/@WMCMF\"]}]}<\/script>\n<!-- \/ Yoast SEO plugin. -->","yoast_head_json":{"title":"D\u00eda Internacional del Maestro: Gracias a los maestros que apoyaron la formaci\u00f3n acad\u00e9mica de sus estudiantes y al uso de nuevas rutas educativas - 2026","description":"La UNESCO y la Organizaci\u00f3n Internacional del Trabajo (OIT) en 1994 estableci\u00f3 el 05 de octubre para celebrar el D\u00eda Mundial de los...","robots":{"index":"index","follow":"follow","max-snippet":"max-snippet:-1","max-image-preview":"max-image-preview:large","max-video-preview":"max-video-preview:-1"},"canonical":"https:\/\/webdelmaestrocmf.com\/portal\/dia-internacional-del-maestro-gracias-a-los-maestros-que-apoyaron-la-formacion-academica-de-sus-estudiantes-y-al-uso-de-nuevas-rutas-educativas\/","og_locale":"es_ES","og_type":"article","og_title":"D\u00eda Internacional del Maestro: Gracias a los maestros que apoyaron la formaci\u00f3n acad\u00e9mica de sus estudiantes y al uso de nuevas rutas educativas - 2026","og_description":"La UNESCO y la Organizaci\u00f3n Internacional del Trabajo (OIT) en 1994 estableci\u00f3 el 05 de octubre para celebrar el D\u00eda Mundial de los...","og_url":"https:\/\/webdelmaestrocmf.com\/portal\/dia-internacional-del-maestro-gracias-a-los-maestros-que-apoyaron-la-formacion-academica-de-sus-estudiantes-y-al-uso-de-nuevas-rutas-educativas\/","og_site_name":"Web del Maestro CMF","article_publisher":"https:\/\/www.facebook.com\/WebdelMaestroCMF\/","article_author":"https:\/\/www.facebook.com\/WebdelMaestroCMF\/","article_published_time":"2022-10-05T21:54:18+00:00","article_modified_time":"2022-10-06T13:46:24+00:00","og_image":[{"width":900,"height":556,"url":"https:\/\/i0.wp.com\/webdelmaestrocmf.com\/portal\/wp-content\/uploads\/2022\/10\/1a-2.jpg?fit=900%2C556&ssl=1","type":"image\/jpeg"}],"author":"Web del Maestro CMF","twitter_card":"summary_large_image","twitter_creator":"@cmf_w","twitter_site":"@cmf_w","schema":{"@context":"https:\/\/schema.org","@graph":[{"@type":"ScholarlyArticle","@id":"https:\/\/webdelmaestrocmf.com\/portal\/dia-internacional-del-maestro-gracias-a-los-maestros-que-apoyaron-la-formacion-academica-de-sus-estudiantes-y-al-uso-de-nuevas-rutas-educativas\/#article","isPartOf":{"@id":"https:\/\/webdelmaestrocmf.com\/portal\/dia-internacional-del-maestro-gracias-a-los-maestros-que-apoyaron-la-formacion-academica-de-sus-estudiantes-y-al-uso-de-nuevas-rutas-educativas\/"},"author":{"name":"Web del Maestro CMF","@id":"https:\/\/webdelmaestrocmf.com\/portal\/#\/schema\/person\/1072a2ed7bd960df8ef99a551fa35dc5"},"headline":"D\u00eda Internacional del Maestro: Gracias a los maestros que apoyaron la formaci\u00f3n acad\u00e9mica de sus estudiantes y al uso de nuevas rutas educativas","datePublished":"2022-10-05T21:54:18+00:00","dateModified":"2022-10-06T13:46:24+00:00","mainEntityOfPage":{"@id":"https:\/\/webdelmaestrocmf.com\/portal\/dia-internacional-del-maestro-gracias-a-los-maestros-que-apoyaron-la-formacion-academica-de-sus-estudiantes-y-al-uso-de-nuevas-rutas-educativas\/"},"wordCount":1713,"commentCount":0,"publisher":{"@id":"https:\/\/webdelmaestrocmf.com\/portal\/#organization"},"image":{"@id":"https:\/\/webdelmaestrocmf.com\/portal\/dia-internacional-del-maestro-gracias-a-los-maestros-que-apoyaron-la-formacion-academica-de-sus-estudiantes-y-al-uso-de-nuevas-rutas-educativas\/#primaryimage"},"thumbnailUrl":"https:\/\/webdelmaestrocmf.com\/portal\/wp-content\/uploads\/2022\/10\/1a-2.jpg","keywords":["DIA","INTERNACIONAL","Maestro"],"articleSection":["Yo opino - WMCMF"],"inLanguage":"es","potentialAction":[{"@type":"CommentAction","name":"Comment","target":["https:\/\/webdelmaestrocmf.com\/portal\/dia-internacional-del-maestro-gracias-a-los-maestros-que-apoyaron-la-formacion-academica-de-sus-estudiantes-y-al-uso-de-nuevas-rutas-educativas\/#respond"]}]},{"@type":"WebPage","@id":"https:\/\/webdelmaestrocmf.com\/portal\/dia-internacional-del-maestro-gracias-a-los-maestros-que-apoyaron-la-formacion-academica-de-sus-estudiantes-y-al-uso-de-nuevas-rutas-educativas\/","url":"https:\/\/webdelmaestrocmf.com\/portal\/dia-internacional-del-maestro-gracias-a-los-maestros-que-apoyaron-la-formacion-academica-de-sus-estudiantes-y-al-uso-de-nuevas-rutas-educativas\/","name":"D\u00eda Internacional del Maestro: Gracias a los maestros que apoyaron la formaci\u00f3n acad\u00e9mica de sus estudiantes y al uso de nuevas rutas educativas - 2026","isPartOf":{"@id":"https:\/\/webdelmaestrocmf.com\/portal\/#website"},"primaryImageOfPage":{"@id":"https:\/\/webdelmaestrocmf.com\/portal\/dia-internacional-del-maestro-gracias-a-los-maestros-que-apoyaron-la-formacion-academica-de-sus-estudiantes-y-al-uso-de-nuevas-rutas-educativas\/#primaryimage"},"image":{"@id":"https:\/\/webdelmaestrocmf.com\/portal\/dia-internacional-del-maestro-gracias-a-los-maestros-que-apoyaron-la-formacion-academica-de-sus-estudiantes-y-al-uso-de-nuevas-rutas-educativas\/#primaryimage"},"thumbnailUrl":"https:\/\/webdelmaestrocmf.com\/portal\/wp-content\/uploads\/2022\/10\/1a-2.jpg","datePublished":"2022-10-05T21:54:18+00:00","dateModified":"2022-10-06T13:46:24+00:00","description":"La UNESCO y la Organizaci\u00f3n Internacional del Trabajo (OIT) en 1994 estableci\u00f3 el 05 de octubre para celebrar el D\u00eda Mundial de los...","breadcrumb":{"@id":"https:\/\/webdelmaestrocmf.com\/portal\/dia-internacional-del-maestro-gracias-a-los-maestros-que-apoyaron-la-formacion-academica-de-sus-estudiantes-y-al-uso-de-nuevas-rutas-educativas\/#breadcrumb"},"inLanguage":"es","potentialAction":[{"@type":"ReadAction","target":["https:\/\/webdelmaestrocmf.com\/portal\/dia-internacional-del-maestro-gracias-a-los-maestros-que-apoyaron-la-formacion-academica-de-sus-estudiantes-y-al-uso-de-nuevas-rutas-educativas\/"]}]},{"@type":"ImageObject","inLanguage":"es","@id":"https:\/\/webdelmaestrocmf.com\/portal\/dia-internacional-del-maestro-gracias-a-los-maestros-que-apoyaron-la-formacion-academica-de-sus-estudiantes-y-al-uso-de-nuevas-rutas-educativas\/#primaryimage","url":"https:\/\/webdelmaestrocmf.com\/portal\/wp-content\/uploads\/2022\/10\/1a-2.jpg","contentUrl":"https:\/\/webdelmaestrocmf.com\/portal\/wp-content\/uploads\/2022\/10\/1a-2.jpg","width":900,"height":556},{"@type":"BreadcrumbList","@id":"https:\/\/webdelmaestrocmf.com\/portal\/dia-internacional-del-maestro-gracias-a-los-maestros-que-apoyaron-la-formacion-academica-de-sus-estudiantes-y-al-uso-de-nuevas-rutas-educativas\/#breadcrumb","itemListElement":[{"@type":"ListItem","position":1,"name":"Portada","item":"https:\/\/webdelmaestrocmf.com\/portal\/"},{"@type":"ListItem","position":2,"name":"Yo opino - WMCMF","item":"https:\/\/webdelmaestrocmf.com\/portal\/category\/jamb\/"},{"@type":"ListItem","position":3,"name":"D\u00eda Internacional del Maestro: Gracias a los maestros que apoyaron la formaci\u00f3n acad\u00e9mica de sus estudiantes y al uso de nuevas rutas educativas"}]},{"@type":"WebSite","@id":"https:\/\/webdelmaestrocmf.com\/portal\/#website","url":"https:\/\/webdelmaestrocmf.com\/portal\/","name":"Web del Maestro CMF","description":"Maestros al servicio de la educaci\u00f3n","publisher":{"@id":"https:\/\/webdelmaestrocmf.com\/portal\/#organization"},"alternateName":"WMCMF","potentialAction":[{"@type":"SearchAction","target":{"@type":"EntryPoint","urlTemplate":"https:\/\/webdelmaestrocmf.com\/portal\/?s={search_term_string}"},"query-input":{"@type":"PropertyValueSpecification","valueRequired":true,"valueName":"search_term_string"}}],"inLanguage":"es"},{"@type":"Organization","@id":"https:\/\/webdelmaestrocmf.com\/portal\/#organization","name":"Web del Maestro CMF","alternateName":"WMCMF","url":"https:\/\/webdelmaestrocmf.com\/portal\/","logo":{"@type":"ImageObject","inLanguage":"es","@id":"https:\/\/webdelmaestrocmf.com\/portal\/#\/schema\/logo\/image\/","url":"https:\/\/webdelmaestrocmf.com\/portal\/wp-content\/uploads\/2023\/01\/logo-wmcmf-2.png","contentUrl":"https:\/\/webdelmaestrocmf.com\/portal\/wp-content\/uploads\/2023\/01\/logo-wmcmf-2.png","width":200,"height":60,"caption":"Web del Maestro CMF"},"image":{"@id":"https:\/\/webdelmaestrocmf.com\/portal\/#\/schema\/logo\/image\/"},"sameAs":["https:\/\/www.facebook.com\/WebdelMaestroCMF\/","https:\/\/x.com\/cmf_w","https:\/\/www.pinterest.com\/WMCMF\/","https:\/\/www.linkedin.com\/company\/web-del-maestro-cmf\/","https:\/\/www.instagram.com\/wmcmf\/","https:\/\/www.youtube.com\/channel\/UCDPSvjbdodE5sHnC3OxutHw","https:\/\/mastodon.social\/@wmcmf","https:\/\/www.tiktok.com\/@webdelmaestrocmf"]},{"@type":"Person","@id":"https:\/\/webdelmaestrocmf.com\/portal\/#\/schema\/person\/1072a2ed7bd960df8ef99a551fa35dc5","name":"Web del Maestro CMF","image":{"@type":"ImageObject","inLanguage":"es","@id":"https:\/\/secure.gravatar.com\/avatar\/23291dd5b5ae1077dcff3dbb04c3e02bd28403fa75af6d8787d5e97c5bbbe30b?s=96&d=mm&r=g","url":"https:\/\/secure.gravatar.com\/avatar\/23291dd5b5ae1077dcff3dbb04c3e02bd28403fa75af6d8787d5e97c5bbbe30b?s=96&d=mm&r=g","contentUrl":"https:\/\/secure.gravatar.com\/avatar\/23291dd5b5ae1077dcff3dbb04c3e02bd28403fa75af6d8787d5e97c5bbbe30b?s=96&d=mm&r=g","caption":"Web del Maestro CMF"},"description":"Esta Web se cre\u00f3 sin fines de lucro, con fines educativos, cient\u00edficos y acad\u00e9micos, para personas que tengan dificultades y\/o inconvenientes en visualizar el material original. El objetivo es entregar recursos, compartir experiencias y materiales que ayuden a los padres de familia, maestros y estudiantes en su actualizaci\u00f3n y formaci\u00f3n permanente, en bien de la Educaci\u00f3n.","sameAs":["http:\/\/webdelmaestrocmf.com\/portal","https:\/\/www.facebook.com\/WebdelMaestroCMF\/","https:\/\/www.instagram.com\/wmcmf\/","https:\/\/cl.linkedin.com\/company\/web-del-maestro-cmf","https:\/\/www.pinterest.com\/WMCMF\/publicaciones\/","https:\/\/x.com\/cmf_w","https:\/\/www.youtube.com\/@WMCMF"]}]}},"jetpack_featured_media_url":"https:\/\/webdelmaestrocmf.com\/portal\/wp-content\/uploads\/2022\/10\/1a-2.jpg","jetpack_sharing_enabled":true,"jetpack-related-posts":[{"id":112599,"url":"https:\/\/webdelmaestrocmf.com\/portal\/colombia-lidera-el-ranking-mundial-de-felicidad-docente\/","url_meta":{"origin":80778,"position":0},"title":"Colombia lidera el ranking mundial de felicidad docente","author":"Web del Maestro CMF","date":"14 octubre, 2025","format":false,"excerpt":"Colombia lidera la felicidad docente mundial: nueve de cada diez maestros volver\u00edan a ense\u00f1ar, reflejando bienestar, vocaci\u00f3n y reconocimiento social.","rel":"","context":"En \u00abNoticias Internacionales\u00bb","block_context":{"text":"Noticias Internacionales","link":"https:\/\/webdelmaestrocmf.com\/portal\/category\/noticias-internacionales\/"},"img":{"alt_text":"","src":"https:\/\/i0.wp.com\/webdelmaestrocmf.com\/portal\/wp-content\/uploads\/2025\/10\/1A-Banner-1-portada-imagen-10-1-copia-1-4.jpg?resize=350%2C200&ssl=1","width":350,"height":200,"srcset":"https:\/\/i0.wp.com\/webdelmaestrocmf.com\/portal\/wp-content\/uploads\/2025\/10\/1A-Banner-1-portada-imagen-10-1-copia-1-4.jpg?resize=350%2C200&ssl=1 1x, https:\/\/i0.wp.com\/webdelmaestrocmf.com\/portal\/wp-content\/uploads\/2025\/10\/1A-Banner-1-portada-imagen-10-1-copia-1-4.jpg?resize=525%2C300&ssl=1 1.5x, https:\/\/i0.wp.com\/webdelmaestrocmf.com\/portal\/wp-content\/uploads\/2025\/10\/1A-Banner-1-portada-imagen-10-1-copia-1-4.jpg?resize=700%2C400&ssl=1 2x"},"classes":[]},{"id":32041,"url":"https:\/\/webdelmaestrocmf.com\/portal\/dia-internacional-del-maestro\/","url_meta":{"origin":80778,"position":1},"title":"5 de octubre: D\u00eda internacional del Maestro","author":"Web del Maestro CMF","date":"5 octubre, 2025","format":false,"excerpt":"\u201cSer docente es encender luces donde otros solo ven oscuridad.\u201d","rel":"","context":"En \u00abYo opino - WMCMF\u00bb","block_context":{"text":"Yo opino - WMCMF","link":"https:\/\/webdelmaestrocmf.com\/portal\/category\/jamb\/"},"img":{"alt_text":"","src":"https:\/\/i0.wp.com\/webdelmaestrocmf.com\/portal\/wp-content\/uploads\/2018\/10\/1A-Banner-1-portada-imagen-10-1-copia.webp?resize=350%2C200&ssl=1","width":350,"height":200,"srcset":"https:\/\/i0.wp.com\/webdelmaestrocmf.com\/portal\/wp-content\/uploads\/2018\/10\/1A-Banner-1-portada-imagen-10-1-copia.webp?resize=350%2C200&ssl=1 1x, https:\/\/i0.wp.com\/webdelmaestrocmf.com\/portal\/wp-content\/uploads\/2018\/10\/1A-Banner-1-portada-imagen-10-1-copia.webp?resize=525%2C300&ssl=1 1.5x, https:\/\/i0.wp.com\/webdelmaestrocmf.com\/portal\/wp-content\/uploads\/2018\/10\/1A-Banner-1-portada-imagen-10-1-copia.webp?resize=700%2C400&ssl=1 2x"},"classes":[]},{"id":117990,"url":"https:\/\/webdelmaestrocmf.com\/portal\/maestro-le-da-clases-diarias-a-su-alumno-con-cancer-en-el-hospital-y-su-historia-se-vuelve-viral\/","url_meta":{"origin":80778,"position":2},"title":"Maestro le da clases diarias a su alumno con c\u00e1ncer en el hospital y su historia se vuelve viral","author":"Web del Maestro CMF","date":"19 abril, 2026","format":false,"excerpt":"Un docente contin\u00faa ense\u00f1ando a su alumno hospitalizado, demostrando que la educaci\u00f3n trasciende el aula. Su compromiso sostiene el aprendizaje y fortalece el v\u00ednculo humano en los momentos m\u00e1s dif\u00edciles.","rel":"","context":"En \u00abNoticias Internacionales\u00bb","block_context":{"text":"Noticias Internacionales","link":"https:\/\/webdelmaestrocmf.com\/portal\/category\/noticias-internacionales\/"},"img":{"alt_text":"","src":"https:\/\/i0.wp.com\/webdelmaestrocmf.com\/portal\/wp-content\/uploads\/2026\/04\/1AA-Banner-1-portada-imagen-10-1-copia-1-6.webp?resize=350%2C200&ssl=1","width":350,"height":200,"srcset":"https:\/\/i0.wp.com\/webdelmaestrocmf.com\/portal\/wp-content\/uploads\/2026\/04\/1AA-Banner-1-portada-imagen-10-1-copia-1-6.webp?resize=350%2C200&ssl=1 1x, https:\/\/i0.wp.com\/webdelmaestrocmf.com\/portal\/wp-content\/uploads\/2026\/04\/1AA-Banner-1-portada-imagen-10-1-copia-1-6.webp?resize=525%2C300&ssl=1 1.5x, https:\/\/i0.wp.com\/webdelmaestrocmf.com\/portal\/wp-content\/uploads\/2026\/04\/1AA-Banner-1-portada-imagen-10-1-copia-1-6.webp?resize=700%2C400&ssl=1 2x, https:\/\/i0.wp.com\/webdelmaestrocmf.com\/portal\/wp-content\/uploads\/2026\/04\/1AA-Banner-1-portada-imagen-10-1-copia-1-6.webp?resize=1050%2C600&ssl=1 3x"},"classes":[]},{"id":105351,"url":"https:\/\/webdelmaestrocmf.com\/portal\/como-madre-nos-das-la-vida-como-maestra-nos-ensenas-a-vivirla-plenamente\/","url_meta":{"origin":80778,"position":3},"title":"Como madre nos das la vida, como maestra nos ense\u00f1as a vivirla plenamente","author":"Web del Maestro CMF","date":"7 mayo, 2024","format":false,"excerpt":"Las maestras desempe\u00f1an roles -y no decimos rol- de gu\u00eda, cuidado, cercan\u00eda, orientaci\u00f3n y apoyo emocional de sus estudiantes, que expresan su capacidad natural de adaptarse a las necesidades individuales de los estudiantes, la comprensi\u00f3n de sus emociones y estado de \u00e1nimo para poder brindar un apoyo efectivo y crear\u2026","rel":"","context":"En \u00abYo opino - WMCMF\u00bb","block_context":{"text":"Yo opino - WMCMF","link":"https:\/\/webdelmaestrocmf.com\/portal\/category\/jamb\/"},"img":{"alt_text":"DIA DE LA MADRE","src":"https:\/\/i0.wp.com\/webdelmaestrocmf.com\/portal\/wp-content\/uploads\/2024\/05\/Banner-1-portada-imagen-10-1-83.jpg?resize=350%2C200&ssl=1","width":350,"height":200,"srcset":"https:\/\/i0.wp.com\/webdelmaestrocmf.com\/portal\/wp-content\/uploads\/2024\/05\/Banner-1-portada-imagen-10-1-83.jpg?resize=350%2C200&ssl=1 1x, https:\/\/i0.wp.com\/webdelmaestrocmf.com\/portal\/wp-content\/uploads\/2024\/05\/Banner-1-portada-imagen-10-1-83.jpg?resize=525%2C300&ssl=1 1.5x, https:\/\/i0.wp.com\/webdelmaestrocmf.com\/portal\/wp-content\/uploads\/2024\/05\/Banner-1-portada-imagen-10-1-83.jpg?resize=700%2C400&ssl=1 2x"},"classes":[]},{"id":108354,"url":"https:\/\/webdelmaestrocmf.com\/portal\/todos-los-maestros-son-heroes-pero-los-maestros-rurales-ellos-son-superheroes\/","url_meta":{"origin":80778,"position":4},"title":"Todos los maestros son h\u00e9roes, pero los maestros rurales, ellos, son superh\u00e9roes","author":"Web del Maestro CMF","date":"13 marzo, 2025","format":false,"excerpt":"Cada maestro enfrenta desaf\u00edos enormes: largas jornadas, exigencias burocr\u00e1ticas, presi\u00f3n acad\u00e9mica y la necesidad de innovar constantemente. Sin embargo, hay un grupo que lleva el peso m\u00e1s pesado y, a menudo, es el menos reconocido: los docentes rurales. Un docente rural es aquel que trabaja en zonas alejadas de centros\u2026","rel":"","context":"En \u00abDocentes\u00bb","block_context":{"text":"Docentes","link":"https:\/\/webdelmaestrocmf.com\/portal\/category\/pedagogia\/docentes\/"},"img":{"alt_text":"","src":"https:\/\/i0.wp.com\/webdelmaestrocmf.com\/portal\/wp-content\/uploads\/2025\/03\/1A-Banner-1-portada-imagen-10-1-1-2.jpg?resize=350%2C200&ssl=1","width":350,"height":200,"srcset":"https:\/\/i0.wp.com\/webdelmaestrocmf.com\/portal\/wp-content\/uploads\/2025\/03\/1A-Banner-1-portada-imagen-10-1-1-2.jpg?resize=350%2C200&ssl=1 1x, https:\/\/i0.wp.com\/webdelmaestrocmf.com\/portal\/wp-content\/uploads\/2025\/03\/1A-Banner-1-portada-imagen-10-1-1-2.jpg?resize=525%2C300&ssl=1 1.5x, https:\/\/i0.wp.com\/webdelmaestrocmf.com\/portal\/wp-content\/uploads\/2025\/03\/1A-Banner-1-portada-imagen-10-1-1-2.jpg?resize=700%2C400&ssl=1 2x"},"classes":[]},{"id":115259,"url":"https:\/\/webdelmaestrocmf.com\/portal\/profesora-explica-una-endoscopia-a-sus-alumnos-mientras-se-la-realiza-a-si-misma\/","url_meta":{"origin":80778,"position":5},"title":"Profesora explica una endoscopia a sus alumnos mientras se la realiza a s\u00ed misma","author":"Web del Maestro CMF","date":"10 febrero, 2026","format":false,"excerpt":"Una clase ejemplar nace cuando el docente ense\u00f1a con vocaci\u00f3n, compromiso y ejemplo, transformando la comprensi\u00f3n en aprendizaje profundo y significativo.","rel":"","context":"En \u00abNoticias Internacionales\u00bb","block_context":{"text":"Noticias Internacionales","link":"https:\/\/webdelmaestrocmf.com\/portal\/category\/noticias-internacionales\/"},"img":{"alt_text":"","src":"https:\/\/i0.wp.com\/webdelmaestrocmf.com\/portal\/wp-content\/uploads\/2026\/02\/1A-Banner-1-portada-imagen-10-1-copia-5-1.webp?resize=350%2C200&ssl=1","width":350,"height":200,"srcset":"https:\/\/i0.wp.com\/webdelmaestrocmf.com\/portal\/wp-content\/uploads\/2026\/02\/1A-Banner-1-portada-imagen-10-1-copia-5-1.webp?resize=350%2C200&ssl=1 1x, https:\/\/i0.wp.com\/webdelmaestrocmf.com\/portal\/wp-content\/uploads\/2026\/02\/1A-Banner-1-portada-imagen-10-1-copia-5-1.webp?resize=525%2C300&ssl=1 1.5x, https:\/\/i0.wp.com\/webdelmaestrocmf.com\/portal\/wp-content\/uploads\/2026\/02\/1A-Banner-1-portada-imagen-10-1-copia-5-1.webp?resize=700%2C400&ssl=1 2x"},"classes":[]}],"_links":{"self":[{"href":"https:\/\/webdelmaestrocmf.com\/portal\/wp-json\/wp\/v2\/posts\/80778","targetHints":{"allow":["GET"]}}],"collection":[{"href":"https:\/\/webdelmaestrocmf.com\/portal\/wp-json\/wp\/v2\/posts"}],"about":[{"href":"https:\/\/webdelmaestrocmf.com\/portal\/wp-json\/wp\/v2\/types\/post"}],"author":[{"embeddable":true,"href":"https:\/\/webdelmaestrocmf.com\/portal\/wp-json\/wp\/v2\/users\/1"}],"replies":[{"embeddable":true,"href":"https:\/\/webdelmaestrocmf.com\/portal\/wp-json\/wp\/v2\/comments?post=80778"}],"version-history":[{"count":0,"href":"https:\/\/webdelmaestrocmf.com\/portal\/wp-json\/wp\/v2\/posts\/80778\/revisions"}],"wp:featuredmedia":[{"embeddable":true,"href":"https:\/\/webdelmaestrocmf.com\/portal\/wp-json\/wp\/v2\/media\/80783"}],"wp:attachment":[{"href":"https:\/\/webdelmaestrocmf.com\/portal\/wp-json\/wp\/v2\/media?parent=80778"}],"wp:term":[{"taxonomy":"category","embeddable":true,"href":"https:\/\/webdelmaestrocmf.com\/portal\/wp-json\/wp\/v2\/categories?post=80778"},{"taxonomy":"post_tag","embeddable":true,"href":"https:\/\/webdelmaestrocmf.com\/portal\/wp-json\/wp\/v2\/tags?post=80778"}],"curies":[{"name":"wp","href":"https:\/\/api.w.org\/{rel}","templated":true}]}}