{"id":80757,"date":"2022-10-04T20:08:53","date_gmt":"2022-10-04T23:08:53","guid":{"rendered":"https:\/\/webdelmaestrocmf.com\/portal\/?p=80757"},"modified":"2022-10-05T10:41:28","modified_gmt":"2022-10-05T13:41:28","slug":"paulo-freire-ensenar-exige-rigor-metodico","status":"publish","type":"post","link":"https:\/\/webdelmaestrocmf.com\/portal\/paulo-freire-ensenar-exige-rigor-metodico\/","title":{"rendered":"Paulo Freire: Ense\u00f1ar exige rigor met\u00f3dico"},"content":{"rendered":"<h5 style=\"text-align: justify;\">Por: Paulo Freire: El educador democr\u00e1tico no puede negarse el deber de reforzar, en su pr\u00e1ctica docente, la capacidad cr\u00edtica del educando, su curiosidad, su insumisi\u00f3n. Una de sus tareas primordiales es trabajar con los educandos el rigor met\u00f3dico con que deben \u00abaproximarse\u00bb a los objetos cognoscibles. Y este rigor met\u00f3dico no tiene nada que ver con el discurso \u00abbancario\u00bb meramente transferidor del perfil del objeto o del contenido. Es exactamente en este sentido como ense\u00f1ar no se agota en el \u00abtratamiento\u00bb del objeto o del contenido, hecho superficialmente sino que se extiende a la producci\u00f3n de las condiciones en que es posible aprender cr\u00edticamente.<\/h5>\n<p><!--more--><\/p>\n<p style=\"text-align: justify;\">Y esas condiciones implican o exigen la presencia de educadores y de educandos creadores, instigadores, inquietos, rigurosamente curiosos, humildes y persistentes. Forma parte de las condiciones en que es posible aprender cr\u00edticamente la presuposici\u00f3n, por parte de los educandos, de que el educador ya tuvo o contin\u00faa teniendo experiencia en la producci\u00f3n de ciertos saberes y que \u00e9stos no pueden ser simplemente transferidos a ellos, a los educandos. Por el contrario, en las condiciones del verdadero aprendizaje los educandos se van transformando en sujetos reales de la construcci\u00f3n y de la reconstrucci\u00f3n del saber ense\u00f1ado, al lado del educador, igualmente sujeto del proceso. S\u00f3lo as\u00ed podemos hablar realmente de saber ense\u00f1ado, en que el objeto ense\u00f1ado es aprehendido en su raz\u00f3n de ser y, por lo tanto, aprendido por los educandos.<\/p>\n<p style=\"text-align: justify;\">Se percibe, as\u00ed, la importancia del papel del educador, el m\u00e9rito de la paz con que viva la certeza de que parte de su tarea docente es no s\u00f3lo ense\u00f1ar los contenidos, sino tambi\u00e9n ense\u00f1ar a pensar correctamente. De all\u00ed la imposibilidad de que un profesor se vuelva cr\u00edtico si \u2014mec\u00e1nicamente memorizador\u2014 es mucho m\u00e1s un repetidor cadencioso de frases e ideas inertes que un desafiador.<\/p>\n<p style=\"text-align: justify;\">El intelectual memorizador, que lee horas sin parar, que se domestica ante el texto, con miedo de arriesgarse, habla de sus lecturas casi como si las estuviera recitando de memoria \u2014 no percibe ninguna relaci\u00f3n, cuando realmente existe, entre lo que ley\u00f3 y lo que ocurre en su pa\u00eds, en su ciudad, en su barrio. Repite lo le\u00eddo con precisi\u00f3n pero raramente intenta algo personal. Habla con elegancia de la dial\u00e9ctica pero piensa mecanicistamente. Piensa de manera equivocada. Es como si todos los libros a cuya lectura dedica tanto tiempo no tuvieran nada que ver con la realidad de su mundo. La realidad con la que tienen que ver es la realidad idealizada de una escuela que se vuelve cada vez m\u00e1s un dato all\u00ed, desconectado de lo concreto.<\/p>\n<p><img loading=\"lazy\" decoding=\"async\" class=\"alignnone size-full wp-image-80758\" src=\"https:\/\/webdelmaestrocmf.com\/portal\/wp-content\/uploads\/2022\/10\/1-9.jpg\" alt=\"\" width=\"934\" height=\"578\" srcset=\"https:\/\/webdelmaestrocmf.com\/portal\/wp-content\/uploads\/2022\/10\/1-9.jpg 934w, https:\/\/webdelmaestrocmf.com\/portal\/wp-content\/uploads\/2022\/10\/1-9-300x186.jpg 300w, https:\/\/webdelmaestrocmf.com\/portal\/wp-content\/uploads\/2022\/10\/1-9-768x475.jpg 768w, https:\/\/webdelmaestrocmf.com\/portal\/wp-content\/uploads\/2022\/10\/1-9-110x68.jpg 110w, https:\/\/webdelmaestrocmf.com\/portal\/wp-content\/uploads\/2022\/10\/1-9-200x124.jpg 200w, https:\/\/webdelmaestrocmf.com\/portal\/wp-content\/uploads\/2022\/10\/1-9-380x235.jpg 380w, https:\/\/webdelmaestrocmf.com\/portal\/wp-content\/uploads\/2022\/10\/1-9-255x158.jpg 255w, https:\/\/webdelmaestrocmf.com\/portal\/wp-content\/uploads\/2022\/10\/1-9-550x340.jpg 550w, https:\/\/webdelmaestrocmf.com\/portal\/wp-content\/uploads\/2022\/10\/1-9-800x495.jpg 800w\" sizes=\"auto, (max-width: 934px) 100vw, 934px\" \/><\/p>\n<p style=\"text-align: justify;\">Leer cr\u00edticamente no se hace como si se comprara mercanc\u00eda al mayoreo. Leer veinte libros, treinta libros. La verdadera lectura me compromete de inmediato con el texto que se me entrega y al que me entrego y de cuya comprensi\u00f3n fundamental tambi\u00e9n me vuelvo sujeto. Al leer no estoy en el puro seguimiento de la inteligencia del texto como si ella fuera solamente producci\u00f3n de su autor o de su autora. Por eso mismo, esta forma viciada de leer no tiene nada que ver con el pensar acertadamente y con el ense\u00f1ar acertadamente.<\/p>\n<p style=\"text-align: justify;\">En verdad, s\u00f3lo quien piensa acertadamente puede ense\u00f1ar a pensar acertadamente aun cuando, a veces, piense de manera errada. y una de las condiciones para pensar acertadamente es que no estemos demasiado seguros de nuestras certezas. Es por eso por lo que pensar acertadamente, siempre al Iado de la pureza y necesariamente distante del puritanismo, rigurosamente \u00e9tico y generador de belleza, me parece inconciliable con la desverg\u00fcenza de la arrogancia de quien est\u00e1 lleno o llena de soberbia.<\/p>\n<p style=\"text-align: justify;\">El profesor que piensa acertadamente deja vislumbrar a los educandos que una de las bellezas de nuestra manera de estar en el mundo y con el mundo, como seres hist\u00f3ricos, es la capacidad de, al intervenir en el mundo, conocer el mundo. Pero, hist\u00f3rico como nosotros, nuestro conocimiento del mundo tiene historicidad.<\/p>\n<p style=\"text-align: justify;\">Al ser producido, el nuevo conocimiento supera a otro que fue nuevo antes y envejeci\u00f3 y se \u00abdispone\u00bb a ser sobrepasado ma\u00f1ana por otro. De all\u00ed que sea tan importante conocer el conocimiento existente cuanto saber que estamos abiertos y aptos para la producci\u00f3n del conocimiento a\u00fan no existente. Ense\u00f1ar, aprender e investigar lidian con esos dos momentos del ciclo gnoseol\u00f3gico: aquel en el que se ense\u00f1a y se aprende el conocimiento ya existente y aquel en el que se trabaja la producci\u00f3n del conocimiento a\u00fan no existente. La \u00abdodiscencia\u00bb \u2014docencia-discencia\u2014 y la investigaci\u00f3n, indivisibles, son as\u00ed pr\u00e1cticas requeridas por estos momentos del ciclo gnoseol\u00f3gico.<\/p>\n<p style=\"text-align: justify;\">Recomendamos a la Comunidad Educativa Digital tener en cuenta que, el enlace y\/o la carpeta en donde est\u00e1n alojados los libros, recursos y\/o materiales, no es administrado por la Web del Maestro CMF, pueda ser que en cuesti\u00f3n de d\u00edas (o seg\u00fan el tiempo transcurrido desde su publicaci\u00f3n), los enlaces no funcionen y el material ya no se encuentre disponible. Gracias por su comprensi\u00f3n.<\/p>\n<h3>ENLACE DE LECTURA:<\/h3>\n<p style=\"text-align: center;\">\u00a1Comparte y as\u00ed m\u00e1s docentes utilizar\u00e1n estos recursos\u00a0gratis! Muchas gracias.<\/p>\n<p style=\"text-align: center;\"><span style=\"color: #000000;\"><a style=\"color: #000000;\" href=\"https:\/\/mega.nz\/folder\/W7IQRRCR#v1Srz3bdvAswcaggwGA9Gg\" target=\"_blank\" rel=\"noopener\">ENSE\u00d1AR EXIGE RIGOR MET\u00d3DICO <\/a><\/span><\/p>\n\t\t<div class=\"pk-inline-posts\">\n\t\t\t\n\t\t\t<div class=\"pk-inline-posts-container pk-inline-posts-template-list\"\n\t\t\t\tdata-columns=\"1\">\n\t\t\t\t\t\t<article id=\"post-118051\" class=\"post-118051 post type-post status-publish format-standard has-post-thumbnail category-lectoescritura category-leer category-libros category-pedagogia tag-aula tag-comprension-lectora tag-creatividad tag-dia-del-libro tag-docentes tag-fichas-educativas tag-lectura tag-manualidades tag-material-didactico tag-recursos-educativos cs-entry cs-video-wrap\">\n\t\t\t<div class=\"pk-post-outer\">\n\n\t\t\t\t\t\t\t\t<div class=\"pk-post-inner\">\n\t\t\t\t\t<div class=\"entry-thumbnail\">\n\t\t\t\t\t\t<div class=\"pk-overlay pk-overlay-ratio pk-ratio-landscape\">\n\t\t\t\t\t\t\t<div class=\"pk-overlay-background\">\n\t\t\t\t\t\t\t\t<a href=\"https:\/\/webdelmaestrocmf.com\/portal\/dia-del-libro-23-de-abril-descarga-las-actividades-recursos-fichas-manualidades-y-materiales-motivadores-para-transformar-la-lectura-en-el-aula\/\" class=\"pk-overlay-link\">\n\t\t\t\t\t\t\t\t\t<img loading=\"lazy\" decoding=\"async\" width=\"300\" height=\"225\" src=\"https:\/\/webdelmaestrocmf.com\/portal\/wp-content\/uploads\/2026\/04\/1AA-Banner-1-portada-imagen-10-1-copia-23-300x225.webp\" class=\"attachment-pk-thumbnail size-pk-thumbnail wp-post-image\" alt=\"\" \/>\t\t\t\t\t\t\t\t<\/a>\n\t\t\t\t\t\t\t<\/div>\n\t\t\t\t\t\t<\/div>\n\t\t\t\t\t<\/div>\n\t\t\t\t<\/div>\n\t\t\t\t\n\t\t\t\t<div class=\"pk-post-inner\">\n\t\t\t\t\t<header>\n\t\t\t\t\t\t<h3 class=\"pk-title\"><a href=\"https:\/\/webdelmaestrocmf.com\/portal\/dia-del-libro-23-de-abril-descarga-las-actividades-recursos-fichas-manualidades-y-materiales-motivadores-para-transformar-la-lectura-en-el-aula\/\" rel=\"bookmark\">D\u00eda del Libro (23 de abril): Descarga las actividades, recursos, fichas, manualidades, materiales y pulseras motivadores para transformar la lectura en el aula<\/a><\/h3>\t\t\t\t\t<\/header><!-- .entry-header -->\n\t\t\t\t<\/div><!-- .post-inner -->\n\n\t\t\t<\/div><!-- .post-outer -->\n\t\t<\/article>\n\t\t\t\t<\/div>\n\t\t<\/div>\n\t\t\n","protected":false},"excerpt":{"rendered":"Por: Paulo Freire: El educador democr\u00e1tico no puede negarse el deber de reforzar, en su pr\u00e1ctica docente, la&hellip;","protected":false},"author":1,"featured_media":80760,"comment_status":"open","ping_status":"closed","sticky":false,"template":"","format":"standard","meta":{"csco_display_header_overlay":false,"csco_singular_sidebar":"default","csco_page_header_type":"default","csco_page_load_nextpost":"default","csco_post_video_location":[],"csco_post_video_location_hash":"","csco_post_video_url":"","csco_post_video_bg_start_time":0,"csco_post_video_bg_end_time":0,"csco_post_video_bg_volume":false,"_jetpack_memberships_contains_paid_content":false,"footnotes":""},"categories":[504,735],"tags":[51,4309,14982,689,14981],"class_list":{"0":"post-80757","1":"post","2":"type-post","3":"status-publish","4":"format-standard","5":"has-post-thumbnail","7":"category-libros","8":"category-pedagogia","9":"tag-ensenar","10":"tag-exige","11":"tag-metodico","12":"tag-paulo-freire","13":"tag-rigor","14":"cs-entry","15":"cs-video-wrap"},"yoast_head":"<!-- This site is optimized with the Yoast SEO plugin v27.5 - https:\/\/yoast.com\/product\/yoast-seo-wordpress\/ -->\n<title>Paulo Freire: Ense\u00f1ar exige rigor met\u00f3dico - 2026<\/title>\n<meta name=\"description\" content=\"Por: Paulo Freire: El educador democr\u00e1tico no puede negarse el deber de reforzar, en su pr\u00e1ctica docente, la capacidad cr\u00edtica del...\" \/>\n<meta name=\"robots\" content=\"index, follow, max-snippet:-1, max-image-preview:large, max-video-preview:-1\" \/>\n<link rel=\"canonical\" href=\"https:\/\/webdelmaestrocmf.com\/portal\/paulo-freire-ensenar-exige-rigor-metodico\/\" \/>\n<meta property=\"og:locale\" content=\"es_ES\" \/>\n<meta property=\"og:type\" content=\"article\" \/>\n<meta property=\"og:title\" content=\"Paulo Freire: Ense\u00f1ar exige rigor met\u00f3dico - 2026\" \/>\n<meta property=\"og:description\" content=\"Por: Paulo Freire: El educador democr\u00e1tico no puede negarse el deber de reforzar, en su pr\u00e1ctica docente, la capacidad cr\u00edtica del...\" \/>\n<meta property=\"og:url\" content=\"https:\/\/webdelmaestrocmf.com\/portal\/paulo-freire-ensenar-exige-rigor-metodico\/\" \/>\n<meta property=\"og:site_name\" content=\"Web del Maestro CMF\" \/>\n<meta property=\"article:publisher\" content=\"https:\/\/www.facebook.com\/WebdelMaestroCMF\/\" \/>\n<meta property=\"article:author\" content=\"https:\/\/www.facebook.com\/WebdelMaestroCMF\/\" \/>\n<meta property=\"article:published_time\" content=\"2022-10-04T23:08:53+00:00\" \/>\n<meta property=\"article:modified_time\" content=\"2022-10-05T13:41:28+00:00\" \/>\n<meta property=\"og:image\" content=\"https:\/\/i0.wp.com\/webdelmaestrocmf.com\/portal\/wp-content\/uploads\/2022\/10\/1-10.jpg?fit=900%2C556&ssl=1\" \/>\n\t<meta property=\"og:image:width\" content=\"900\" \/>\n\t<meta property=\"og:image:height\" content=\"556\" \/>\n\t<meta property=\"og:image:type\" content=\"image\/jpeg\" \/>\n<meta name=\"author\" content=\"Web del Maestro CMF\" \/>\n<meta name=\"twitter:card\" content=\"summary_large_image\" \/>\n<meta name=\"twitter:creator\" content=\"@cmf_w\" \/>\n<meta name=\"twitter:site\" content=\"@cmf_w\" \/>\n<script type=\"application\/ld+json\" class=\"yoast-schema-graph\">{\"@context\":\"https:\\\/\\\/schema.org\",\"@graph\":[{\"@type\":\"ScholarlyArticle\",\"@id\":\"https:\\\/\\\/webdelmaestrocmf.com\\\/portal\\\/paulo-freire-ensenar-exige-rigor-metodico\\\/#article\",\"isPartOf\":{\"@id\":\"https:\\\/\\\/webdelmaestrocmf.com\\\/portal\\\/paulo-freire-ensenar-exige-rigor-metodico\\\/\"},\"author\":{\"name\":\"Web del Maestro CMF\",\"@id\":\"https:\\\/\\\/webdelmaestrocmf.com\\\/portal\\\/#\\\/schema\\\/person\\\/1072a2ed7bd960df8ef99a551fa35dc5\"},\"headline\":\"Paulo Freire: Ense\u00f1ar exige rigor met\u00f3dico\",\"datePublished\":\"2022-10-04T23:08:53+00:00\",\"dateModified\":\"2022-10-05T13:41:28+00:00\",\"mainEntityOfPage\":{\"@id\":\"https:\\\/\\\/webdelmaestrocmf.com\\\/portal\\\/paulo-freire-ensenar-exige-rigor-metodico\\\/\"},\"wordCount\":918,\"commentCount\":1,\"publisher\":{\"@id\":\"https:\\\/\\\/webdelmaestrocmf.com\\\/portal\\\/#organization\"},\"image\":{\"@id\":\"https:\\\/\\\/webdelmaestrocmf.com\\\/portal\\\/paulo-freire-ensenar-exige-rigor-metodico\\\/#primaryimage\"},\"thumbnailUrl\":\"https:\\\/\\\/webdelmaestrocmf.com\\\/portal\\\/wp-content\\\/uploads\\\/2022\\\/10\\\/1-10.jpg\",\"keywords\":[\"ENSE\u00d1AR\",\"EXIGE\",\"met\u00f3dico\",\"PAULO FREIRE\",\"rigor\"],\"articleSection\":[\"Libros\",\"Recursos\"],\"inLanguage\":\"es\",\"potentialAction\":[{\"@type\":\"CommentAction\",\"name\":\"Comment\",\"target\":[\"https:\\\/\\\/webdelmaestrocmf.com\\\/portal\\\/paulo-freire-ensenar-exige-rigor-metodico\\\/#respond\"]}]},{\"@type\":\"WebPage\",\"@id\":\"https:\\\/\\\/webdelmaestrocmf.com\\\/portal\\\/paulo-freire-ensenar-exige-rigor-metodico\\\/\",\"url\":\"https:\\\/\\\/webdelmaestrocmf.com\\\/portal\\\/paulo-freire-ensenar-exige-rigor-metodico\\\/\",\"name\":\"Paulo Freire: Ense\u00f1ar exige rigor met\u00f3dico - 2026\",\"isPartOf\":{\"@id\":\"https:\\\/\\\/webdelmaestrocmf.com\\\/portal\\\/#website\"},\"primaryImageOfPage\":{\"@id\":\"https:\\\/\\\/webdelmaestrocmf.com\\\/portal\\\/paulo-freire-ensenar-exige-rigor-metodico\\\/#primaryimage\"},\"image\":{\"@id\":\"https:\\\/\\\/webdelmaestrocmf.com\\\/portal\\\/paulo-freire-ensenar-exige-rigor-metodico\\\/#primaryimage\"},\"thumbnailUrl\":\"https:\\\/\\\/webdelmaestrocmf.com\\\/portal\\\/wp-content\\\/uploads\\\/2022\\\/10\\\/1-10.jpg\",\"datePublished\":\"2022-10-04T23:08:53+00:00\",\"dateModified\":\"2022-10-05T13:41:28+00:00\",\"description\":\"Por: Paulo Freire: El educador democr\u00e1tico no puede negarse el deber de reforzar, en su pr\u00e1ctica docente, la capacidad cr\u00edtica del...\",\"breadcrumb\":{\"@id\":\"https:\\\/\\\/webdelmaestrocmf.com\\\/portal\\\/paulo-freire-ensenar-exige-rigor-metodico\\\/#breadcrumb\"},\"inLanguage\":\"es\",\"potentialAction\":[{\"@type\":\"ReadAction\",\"target\":[\"https:\\\/\\\/webdelmaestrocmf.com\\\/portal\\\/paulo-freire-ensenar-exige-rigor-metodico\\\/\"]}]},{\"@type\":\"ImageObject\",\"inLanguage\":\"es\",\"@id\":\"https:\\\/\\\/webdelmaestrocmf.com\\\/portal\\\/paulo-freire-ensenar-exige-rigor-metodico\\\/#primaryimage\",\"url\":\"https:\\\/\\\/webdelmaestrocmf.com\\\/portal\\\/wp-content\\\/uploads\\\/2022\\\/10\\\/1-10.jpg\",\"contentUrl\":\"https:\\\/\\\/webdelmaestrocmf.com\\\/portal\\\/wp-content\\\/uploads\\\/2022\\\/10\\\/1-10.jpg\",\"width\":900,\"height\":556},{\"@type\":\"BreadcrumbList\",\"@id\":\"https:\\\/\\\/webdelmaestrocmf.com\\\/portal\\\/paulo-freire-ensenar-exige-rigor-metodico\\\/#breadcrumb\",\"itemListElement\":[{\"@type\":\"ListItem\",\"position\":1,\"name\":\"Portada\",\"item\":\"https:\\\/\\\/webdelmaestrocmf.com\\\/portal\\\/\"},{\"@type\":\"ListItem\",\"position\":2,\"name\":\"Recursos\",\"item\":\"https:\\\/\\\/webdelmaestrocmf.com\\\/portal\\\/category\\\/pedagogia\\\/\"},{\"@type\":\"ListItem\",\"position\":3,\"name\":\"Paulo Freire: Ense\u00f1ar exige rigor met\u00f3dico\"}]},{\"@type\":\"WebSite\",\"@id\":\"https:\\\/\\\/webdelmaestrocmf.com\\\/portal\\\/#website\",\"url\":\"https:\\\/\\\/webdelmaestrocmf.com\\\/portal\\\/\",\"name\":\"Web del Maestro CMF\",\"description\":\"Maestros al servicio de la educaci\u00f3n\",\"publisher\":{\"@id\":\"https:\\\/\\\/webdelmaestrocmf.com\\\/portal\\\/#organization\"},\"alternateName\":\"WMCMF\",\"potentialAction\":[{\"@type\":\"SearchAction\",\"target\":{\"@type\":\"EntryPoint\",\"urlTemplate\":\"https:\\\/\\\/webdelmaestrocmf.com\\\/portal\\\/?s={search_term_string}\"},\"query-input\":{\"@type\":\"PropertyValueSpecification\",\"valueRequired\":true,\"valueName\":\"search_term_string\"}}],\"inLanguage\":\"es\"},{\"@type\":\"Organization\",\"@id\":\"https:\\\/\\\/webdelmaestrocmf.com\\\/portal\\\/#organization\",\"name\":\"Web del Maestro CMF\",\"alternateName\":\"WMCMF\",\"url\":\"https:\\\/\\\/webdelmaestrocmf.com\\\/portal\\\/\",\"logo\":{\"@type\":\"ImageObject\",\"inLanguage\":\"es\",\"@id\":\"https:\\\/\\\/webdelmaestrocmf.com\\\/portal\\\/#\\\/schema\\\/logo\\\/image\\\/\",\"url\":\"https:\\\/\\\/webdelmaestrocmf.com\\\/portal\\\/wp-content\\\/uploads\\\/2023\\\/01\\\/logo-wmcmf-2.png\",\"contentUrl\":\"https:\\\/\\\/webdelmaestrocmf.com\\\/portal\\\/wp-content\\\/uploads\\\/2023\\\/01\\\/logo-wmcmf-2.png\",\"width\":200,\"height\":60,\"caption\":\"Web del Maestro CMF\"},\"image\":{\"@id\":\"https:\\\/\\\/webdelmaestrocmf.com\\\/portal\\\/#\\\/schema\\\/logo\\\/image\\\/\"},\"sameAs\":[\"https:\\\/\\\/www.facebook.com\\\/WebdelMaestroCMF\\\/\",\"https:\\\/\\\/x.com\\\/cmf_w\",\"https:\\\/\\\/www.pinterest.com\\\/WMCMF\\\/\",\"https:\\\/\\\/www.linkedin.com\\\/company\\\/web-del-maestro-cmf\\\/\",\"https:\\\/\\\/www.instagram.com\\\/wmcmf\\\/\",\"https:\\\/\\\/www.youtube.com\\\/channel\\\/UCDPSvjbdodE5sHnC3OxutHw\",\"https:\\\/\\\/mastodon.social\\\/@wmcmf\",\"https:\\\/\\\/www.tiktok.com\\\/@webdelmaestrocmf\"]},{\"@type\":\"Person\",\"@id\":\"https:\\\/\\\/webdelmaestrocmf.com\\\/portal\\\/#\\\/schema\\\/person\\\/1072a2ed7bd960df8ef99a551fa35dc5\",\"name\":\"Web del Maestro CMF\",\"image\":{\"@type\":\"ImageObject\",\"inLanguage\":\"es\",\"@id\":\"https:\\\/\\\/secure.gravatar.com\\\/avatar\\\/23291dd5b5ae1077dcff3dbb04c3e02bd28403fa75af6d8787d5e97c5bbbe30b?s=96&d=mm&r=g\",\"url\":\"https:\\\/\\\/secure.gravatar.com\\\/avatar\\\/23291dd5b5ae1077dcff3dbb04c3e02bd28403fa75af6d8787d5e97c5bbbe30b?s=96&d=mm&r=g\",\"contentUrl\":\"https:\\\/\\\/secure.gravatar.com\\\/avatar\\\/23291dd5b5ae1077dcff3dbb04c3e02bd28403fa75af6d8787d5e97c5bbbe30b?s=96&d=mm&r=g\",\"caption\":\"Web del Maestro CMF\"},\"description\":\"Esta Web se cre\u00f3 sin fines de lucro, con fines educativos, cient\u00edficos y acad\u00e9micos, para personas que tengan dificultades y\\\/o inconvenientes en visualizar el material original. El objetivo es entregar recursos, compartir experiencias y materiales que ayuden a los padres de familia, maestros y estudiantes en su actualizaci\u00f3n y formaci\u00f3n permanente, en bien de la Educaci\u00f3n.\",\"sameAs\":[\"http:\\\/\\\/webdelmaestrocmf.com\\\/portal\",\"https:\\\/\\\/www.facebook.com\\\/WebdelMaestroCMF\\\/\",\"https:\\\/\\\/www.instagram.com\\\/wmcmf\\\/\",\"https:\\\/\\\/cl.linkedin.com\\\/company\\\/web-del-maestro-cmf\",\"https:\\\/\\\/www.pinterest.com\\\/WMCMF\\\/publicaciones\\\/\",\"https:\\\/\\\/x.com\\\/cmf_w\",\"https:\\\/\\\/www.youtube.com\\\/@WMCMF\"]}]}<\/script>\n<!-- \/ Yoast SEO plugin. -->","yoast_head_json":{"title":"Paulo Freire: Ense\u00f1ar exige rigor met\u00f3dico - 2026","description":"Por: Paulo Freire: El educador democr\u00e1tico no puede negarse el deber de reforzar, en su pr\u00e1ctica docente, la capacidad cr\u00edtica del...","robots":{"index":"index","follow":"follow","max-snippet":"max-snippet:-1","max-image-preview":"max-image-preview:large","max-video-preview":"max-video-preview:-1"},"canonical":"https:\/\/webdelmaestrocmf.com\/portal\/paulo-freire-ensenar-exige-rigor-metodico\/","og_locale":"es_ES","og_type":"article","og_title":"Paulo Freire: Ense\u00f1ar exige rigor met\u00f3dico - 2026","og_description":"Por: Paulo Freire: El educador democr\u00e1tico no puede negarse el deber de reforzar, en su pr\u00e1ctica docente, la capacidad cr\u00edtica del...","og_url":"https:\/\/webdelmaestrocmf.com\/portal\/paulo-freire-ensenar-exige-rigor-metodico\/","og_site_name":"Web del Maestro CMF","article_publisher":"https:\/\/www.facebook.com\/WebdelMaestroCMF\/","article_author":"https:\/\/www.facebook.com\/WebdelMaestroCMF\/","article_published_time":"2022-10-04T23:08:53+00:00","article_modified_time":"2022-10-05T13:41:28+00:00","og_image":[{"width":900,"height":556,"url":"https:\/\/i0.wp.com\/webdelmaestrocmf.com\/portal\/wp-content\/uploads\/2022\/10\/1-10.jpg?fit=900%2C556&ssl=1","type":"image\/jpeg"}],"author":"Web del Maestro CMF","twitter_card":"summary_large_image","twitter_creator":"@cmf_w","twitter_site":"@cmf_w","schema":{"@context":"https:\/\/schema.org","@graph":[{"@type":"ScholarlyArticle","@id":"https:\/\/webdelmaestrocmf.com\/portal\/paulo-freire-ensenar-exige-rigor-metodico\/#article","isPartOf":{"@id":"https:\/\/webdelmaestrocmf.com\/portal\/paulo-freire-ensenar-exige-rigor-metodico\/"},"author":{"name":"Web del Maestro CMF","@id":"https:\/\/webdelmaestrocmf.com\/portal\/#\/schema\/person\/1072a2ed7bd960df8ef99a551fa35dc5"},"headline":"Paulo Freire: Ense\u00f1ar exige rigor met\u00f3dico","datePublished":"2022-10-04T23:08:53+00:00","dateModified":"2022-10-05T13:41:28+00:00","mainEntityOfPage":{"@id":"https:\/\/webdelmaestrocmf.com\/portal\/paulo-freire-ensenar-exige-rigor-metodico\/"},"wordCount":918,"commentCount":1,"publisher":{"@id":"https:\/\/webdelmaestrocmf.com\/portal\/#organization"},"image":{"@id":"https:\/\/webdelmaestrocmf.com\/portal\/paulo-freire-ensenar-exige-rigor-metodico\/#primaryimage"},"thumbnailUrl":"https:\/\/webdelmaestrocmf.com\/portal\/wp-content\/uploads\/2022\/10\/1-10.jpg","keywords":["ENSE\u00d1AR","EXIGE","met\u00f3dico","PAULO FREIRE","rigor"],"articleSection":["Libros","Recursos"],"inLanguage":"es","potentialAction":[{"@type":"CommentAction","name":"Comment","target":["https:\/\/webdelmaestrocmf.com\/portal\/paulo-freire-ensenar-exige-rigor-metodico\/#respond"]}]},{"@type":"WebPage","@id":"https:\/\/webdelmaestrocmf.com\/portal\/paulo-freire-ensenar-exige-rigor-metodico\/","url":"https:\/\/webdelmaestrocmf.com\/portal\/paulo-freire-ensenar-exige-rigor-metodico\/","name":"Paulo Freire: Ense\u00f1ar exige rigor met\u00f3dico - 2026","isPartOf":{"@id":"https:\/\/webdelmaestrocmf.com\/portal\/#website"},"primaryImageOfPage":{"@id":"https:\/\/webdelmaestrocmf.com\/portal\/paulo-freire-ensenar-exige-rigor-metodico\/#primaryimage"},"image":{"@id":"https:\/\/webdelmaestrocmf.com\/portal\/paulo-freire-ensenar-exige-rigor-metodico\/#primaryimage"},"thumbnailUrl":"https:\/\/webdelmaestrocmf.com\/portal\/wp-content\/uploads\/2022\/10\/1-10.jpg","datePublished":"2022-10-04T23:08:53+00:00","dateModified":"2022-10-05T13:41:28+00:00","description":"Por: Paulo Freire: El educador democr\u00e1tico no puede negarse el deber de reforzar, en su pr\u00e1ctica docente, la capacidad cr\u00edtica del...","breadcrumb":{"@id":"https:\/\/webdelmaestrocmf.com\/portal\/paulo-freire-ensenar-exige-rigor-metodico\/#breadcrumb"},"inLanguage":"es","potentialAction":[{"@type":"ReadAction","target":["https:\/\/webdelmaestrocmf.com\/portal\/paulo-freire-ensenar-exige-rigor-metodico\/"]}]},{"@type":"ImageObject","inLanguage":"es","@id":"https:\/\/webdelmaestrocmf.com\/portal\/paulo-freire-ensenar-exige-rigor-metodico\/#primaryimage","url":"https:\/\/webdelmaestrocmf.com\/portal\/wp-content\/uploads\/2022\/10\/1-10.jpg","contentUrl":"https:\/\/webdelmaestrocmf.com\/portal\/wp-content\/uploads\/2022\/10\/1-10.jpg","width":900,"height":556},{"@type":"BreadcrumbList","@id":"https:\/\/webdelmaestrocmf.com\/portal\/paulo-freire-ensenar-exige-rigor-metodico\/#breadcrumb","itemListElement":[{"@type":"ListItem","position":1,"name":"Portada","item":"https:\/\/webdelmaestrocmf.com\/portal\/"},{"@type":"ListItem","position":2,"name":"Recursos","item":"https:\/\/webdelmaestrocmf.com\/portal\/category\/pedagogia\/"},{"@type":"ListItem","position":3,"name":"Paulo Freire: Ense\u00f1ar exige rigor met\u00f3dico"}]},{"@type":"WebSite","@id":"https:\/\/webdelmaestrocmf.com\/portal\/#website","url":"https:\/\/webdelmaestrocmf.com\/portal\/","name":"Web del Maestro CMF","description":"Maestros al servicio de la educaci\u00f3n","publisher":{"@id":"https:\/\/webdelmaestrocmf.com\/portal\/#organization"},"alternateName":"WMCMF","potentialAction":[{"@type":"SearchAction","target":{"@type":"EntryPoint","urlTemplate":"https:\/\/webdelmaestrocmf.com\/portal\/?s={search_term_string}"},"query-input":{"@type":"PropertyValueSpecification","valueRequired":true,"valueName":"search_term_string"}}],"inLanguage":"es"},{"@type":"Organization","@id":"https:\/\/webdelmaestrocmf.com\/portal\/#organization","name":"Web del Maestro CMF","alternateName":"WMCMF","url":"https:\/\/webdelmaestrocmf.com\/portal\/","logo":{"@type":"ImageObject","inLanguage":"es","@id":"https:\/\/webdelmaestrocmf.com\/portal\/#\/schema\/logo\/image\/","url":"https:\/\/webdelmaestrocmf.com\/portal\/wp-content\/uploads\/2023\/01\/logo-wmcmf-2.png","contentUrl":"https:\/\/webdelmaestrocmf.com\/portal\/wp-content\/uploads\/2023\/01\/logo-wmcmf-2.png","width":200,"height":60,"caption":"Web del Maestro CMF"},"image":{"@id":"https:\/\/webdelmaestrocmf.com\/portal\/#\/schema\/logo\/image\/"},"sameAs":["https:\/\/www.facebook.com\/WebdelMaestroCMF\/","https:\/\/x.com\/cmf_w","https:\/\/www.pinterest.com\/WMCMF\/","https:\/\/www.linkedin.com\/company\/web-del-maestro-cmf\/","https:\/\/www.instagram.com\/wmcmf\/","https:\/\/www.youtube.com\/channel\/UCDPSvjbdodE5sHnC3OxutHw","https:\/\/mastodon.social\/@wmcmf","https:\/\/www.tiktok.com\/@webdelmaestrocmf"]},{"@type":"Person","@id":"https:\/\/webdelmaestrocmf.com\/portal\/#\/schema\/person\/1072a2ed7bd960df8ef99a551fa35dc5","name":"Web del Maestro CMF","image":{"@type":"ImageObject","inLanguage":"es","@id":"https:\/\/secure.gravatar.com\/avatar\/23291dd5b5ae1077dcff3dbb04c3e02bd28403fa75af6d8787d5e97c5bbbe30b?s=96&d=mm&r=g","url":"https:\/\/secure.gravatar.com\/avatar\/23291dd5b5ae1077dcff3dbb04c3e02bd28403fa75af6d8787d5e97c5bbbe30b?s=96&d=mm&r=g","contentUrl":"https:\/\/secure.gravatar.com\/avatar\/23291dd5b5ae1077dcff3dbb04c3e02bd28403fa75af6d8787d5e97c5bbbe30b?s=96&d=mm&r=g","caption":"Web del Maestro CMF"},"description":"Esta Web se cre\u00f3 sin fines de lucro, con fines educativos, cient\u00edficos y acad\u00e9micos, para personas que tengan dificultades y\/o inconvenientes en visualizar el material original. El objetivo es entregar recursos, compartir experiencias y materiales que ayuden a los padres de familia, maestros y estudiantes en su actualizaci\u00f3n y formaci\u00f3n permanente, en bien de la Educaci\u00f3n.","sameAs":["http:\/\/webdelmaestrocmf.com\/portal","https:\/\/www.facebook.com\/WebdelMaestroCMF\/","https:\/\/www.instagram.com\/wmcmf\/","https:\/\/cl.linkedin.com\/company\/web-del-maestro-cmf","https:\/\/www.pinterest.com\/WMCMF\/publicaciones\/","https:\/\/x.com\/cmf_w","https:\/\/www.youtube.com\/@WMCMF"]}]}},"jetpack_featured_media_url":"https:\/\/webdelmaestrocmf.com\/portal\/wp-content\/uploads\/2022\/10\/1-10.jpg","jetpack_sharing_enabled":true,"jetpack-related-posts":[{"id":65121,"url":"https:\/\/webdelmaestrocmf.com\/portal\/paulo-freire-no-puedo-criticar-por-pura-envidia-por-pura-rabia-o-simplemente-para-hacerme-presente\/","url_meta":{"origin":80757,"position":0},"title":"Paulo Freire: No puedo criticar por pura envidia, por pura rabia o simplemente para hacerme presente","author":"Web del Maestro CMF","date":"21 mayo, 2022","format":false,"excerpt":"Por: Paulo Freire El derecho a criticar y el deber, al criticar, de no faltar a la verdad para apoyar nuestra cr\u00edtica es un imperativo \u00e9tico de la m\u00e1s alta importancia en el proceso de aprendizaje de nuestra democracia. Es preciso aceptar la cr\u00edtica seria, fundada, que recibimos, por un\u2026","rel":"","context":"En \u00abNoticias\u00bb","block_context":{"text":"Noticias","link":"https:\/\/webdelmaestrocmf.com\/portal\/category\/pedagogia\/noticias-pedagogia\/"},"img":{"alt_text":"","src":"https:\/\/i0.wp.com\/webdelmaestrocmf.com\/portal\/wp-content\/uploads\/2021\/07\/1-84.jpeg?resize=350%2C200&ssl=1","width":350,"height":200,"srcset":"https:\/\/i0.wp.com\/webdelmaestrocmf.com\/portal\/wp-content\/uploads\/2021\/07\/1-84.jpeg?resize=350%2C200&ssl=1 1x, https:\/\/i0.wp.com\/webdelmaestrocmf.com\/portal\/wp-content\/uploads\/2021\/07\/1-84.jpeg?resize=525%2C300&ssl=1 1.5x, https:\/\/i0.wp.com\/webdelmaestrocmf.com\/portal\/wp-content\/uploads\/2021\/07\/1-84.jpeg?resize=700%2C400&ssl=1 2x, https:\/\/i0.wp.com\/webdelmaestrocmf.com\/portal\/wp-content\/uploads\/2021\/07\/1-84.jpeg?resize=1050%2C600&ssl=1 3x"},"classes":[]},{"id":80432,"url":"https:\/\/webdelmaestrocmf.com\/portal\/paulo-freire-ensenar-exige-la-aprehension-de-la-realidad\/","url_meta":{"origin":80757,"position":1},"title":"Paulo Freire: Ense\u00f1ar exige la aprehensi\u00f3n de la realidad","author":"Web del Maestro CMF","date":"19 septiembre, 2022","format":false,"excerpt":"Por: Paulo Freire. Otro saber fundamental para la pr\u00e1ctica educativa es el que se refiere a su naturaleza. Como profesor necesito moverme con claridad en mi pr\u00e1ctica. Necesito conocer las diferentes dimensiones que caracterizan la esencia de la pr\u00e1ctica, lo que me puede hacer m\u00e1s seguro de mi propio desempe\u00f1o.\u2026","rel":"","context":"En \u00abLibros\u00bb","block_context":{"text":"Libros","link":"https:\/\/webdelmaestrocmf.com\/portal\/category\/pedagogia\/libros\/"},"img":{"alt_text":"","src":"https:\/\/i0.wp.com\/webdelmaestrocmf.com\/portal\/wp-content\/uploads\/2022\/09\/2..jpg?resize=350%2C200&ssl=1","width":350,"height":200,"srcset":"https:\/\/i0.wp.com\/webdelmaestrocmf.com\/portal\/wp-content\/uploads\/2022\/09\/2..jpg?resize=350%2C200&ssl=1 1x, https:\/\/i0.wp.com\/webdelmaestrocmf.com\/portal\/wp-content\/uploads\/2022\/09\/2..jpg?resize=525%2C300&ssl=1 1.5x, https:\/\/i0.wp.com\/webdelmaestrocmf.com\/portal\/wp-content\/uploads\/2022\/09\/2..jpg?resize=700%2C400&ssl=1 2x"},"classes":[]},{"id":84830,"url":"https:\/\/webdelmaestrocmf.com\/portal\/que-es-ensenar-paulo-freire\/","url_meta":{"origin":80757,"position":2},"title":"\u00bfQu\u00e9 es ense\u00f1ar? | Paulo Freire","author":"Web del Maestro CMF","date":"26 febrero, 2023","format":false,"excerpt":"Para Paulo Freire, ense\u00f1ar es desafiar a los estudiantes a que piensen su pr\u00e1ctica desde la pr\u00e1ctica social. Esto significa que ense\u00f1ar tiene que ver con la unidad dial\u00e9ctica pr\u00e1ctica-teor\u00eda. Freire tambi\u00e9n dijo que ense\u00f1ar no es transferir conocimientos sino crear las condiciones para su producci\u00f3n o construcci\u00f3n. Para Freire,\u2026","rel":"","context":"En \u00abDocentes\u00bb","block_context":{"text":"Docentes","link":"https:\/\/webdelmaestrocmf.com\/portal\/category\/pedagogia\/docentes\/"},"img":{"alt_text":"","src":"https:\/\/i0.wp.com\/webdelmaestrocmf.com\/portal\/wp-content\/uploads\/2023\/02\/3ABC-7.jpg?resize=350%2C200&ssl=1","width":350,"height":200,"srcset":"https:\/\/i0.wp.com\/webdelmaestrocmf.com\/portal\/wp-content\/uploads\/2023\/02\/3ABC-7.jpg?resize=350%2C200&ssl=1 1x, https:\/\/i0.wp.com\/webdelmaestrocmf.com\/portal\/wp-content\/uploads\/2023\/02\/3ABC-7.jpg?resize=525%2C300&ssl=1 1.5x, https:\/\/i0.wp.com\/webdelmaestrocmf.com\/portal\/wp-content\/uploads\/2023\/02\/3ABC-7.jpg?resize=700%2C400&ssl=1 2x"},"classes":[]},{"id":64195,"url":"https:\/\/webdelmaestrocmf.com\/portal\/alexander-ortiz-educar-es-amar-y-conversar-evocando-a-freire\/","url_meta":{"origin":80757,"position":3},"title":"[Alexander Ortiz] Educar es amar y conversar: evocando a Freire","author":"Web del Maestro CMF","date":"21 junio, 2021","format":false,"excerpt":"La escuela es una organizaci\u00f3n humana que tiene una alta capacidad de aprendizaje, debe tener tambi\u00e9n la voluntad de aplicar dicha capacidad y disfrutar ese proceso de aprender. Sin embargo, algunos profesores han ca\u00eddo en una desmotivaci\u00f3n y una pasividad sin l\u00edmites que los paraliza en su cotidianidad rutinizada. Existe\u2026","rel":"","context":"En \u00abZ-Colaboradores\u00bb","block_context":{"text":"Z-Colaboradores","link":"https:\/\/webdelmaestrocmf.com\/portal\/category\/colaborador\/"},"img":{"alt_text":"","src":"https:\/\/i0.wp.com\/webdelmaestrocmf.com\/portal\/wp-content\/uploads\/2021\/06\/1-copia-22.jpg?resize=350%2C200&ssl=1","width":350,"height":200,"srcset":"https:\/\/i0.wp.com\/webdelmaestrocmf.com\/portal\/wp-content\/uploads\/2021\/06\/1-copia-22.jpg?resize=350%2C200&ssl=1 1x, https:\/\/i0.wp.com\/webdelmaestrocmf.com\/portal\/wp-content\/uploads\/2021\/06\/1-copia-22.jpg?resize=525%2C300&ssl=1 1.5x, https:\/\/i0.wp.com\/webdelmaestrocmf.com\/portal\/wp-content\/uploads\/2021\/06\/1-copia-22.jpg?resize=700%2C400&ssl=1 2x, https:\/\/i0.wp.com\/webdelmaestrocmf.com\/portal\/wp-content\/uploads\/2021\/06\/1-copia-22.jpg?resize=1050%2C600&ssl=1 3x"},"classes":[]},{"id":85863,"url":"https:\/\/webdelmaestrocmf.com\/portal\/paulo-freire-y-el-pensamiento-critico-palabra-y-accion-en-la-pedagogia\/","url_meta":{"origin":80757,"position":4},"title":"Paulo Freire y el pensamiento cr\u00edtico: Palabra y acci\u00f3n en la pedagog\u00eda","author":"Web del Maestro CMF","date":"19 marzo, 2023","format":false,"excerpt":"El pensamiento cr\u00edtico y la educaci\u00f3n liberadora han estado presentes en el modelo educativo de diversas instituciones latinoamericanas desde la segunda mitad del siglo pasado, sin embargo, en la actualidad a\u00fan son muchas las interrogantes con relaci\u00f3n al mismo. Por ello, desde la revisi\u00f3n de diversas fuentes de informaci\u00f3n se\u2026","rel":"","context":"En \u00abPensamiento critico\u00bb","block_context":{"text":"Pensamiento critico","link":"https:\/\/webdelmaestrocmf.com\/portal\/category\/pedagogia\/pensamiento-critico\/"},"img":{"alt_text":"Paulo Freire","src":"https:\/\/i0.wp.com\/webdelmaestrocmf.com\/portal\/wp-content\/uploads\/2023\/03\/A12B3C4D-19.jpg?resize=350%2C200&ssl=1","width":350,"height":200,"srcset":"https:\/\/i0.wp.com\/webdelmaestrocmf.com\/portal\/wp-content\/uploads\/2023\/03\/A12B3C4D-19.jpg?resize=350%2C200&ssl=1 1x, https:\/\/i0.wp.com\/webdelmaestrocmf.com\/portal\/wp-content\/uploads\/2023\/03\/A12B3C4D-19.jpg?resize=525%2C300&ssl=1 1.5x, https:\/\/i0.wp.com\/webdelmaestrocmf.com\/portal\/wp-content\/uploads\/2023\/03\/A12B3C4D-19.jpg?resize=700%2C400&ssl=1 2x"},"classes":[]},{"id":77321,"url":"https:\/\/webdelmaestrocmf.com\/portal\/3-libros-de-paulo-freire-que-todo-docente-debiera-leer\/","url_meta":{"origin":80757,"position":5},"title":"Libros de Paulo Freire que todo docente debiera leer","author":"Web del Maestro CMF","date":"18 febrero, 2024","format":false,"excerpt":"A 20 a\u00f1os de la muerte de Paulo Freire queremos invitarte a reflexionar sobre la importancia del\u00a0 rol docente a trav\u00e9s de su gran legado: sus escritos. \u00a0En esta oportunidad hemos escogido cuatro libros que, a nuestro juicio, todo docente debiera leer. Un d\u00eda como hoy, muri\u00f3 en S\u00e3o Paulo\u2026","rel":"","context":"En \u00abLibros\u00bb","block_context":{"text":"Libros","link":"https:\/\/webdelmaestrocmf.com\/portal\/category\/pedagogia\/libros\/"},"img":{"alt_text":"PAULO FREIRE","src":"https:\/\/i0.wp.com\/webdelmaestrocmf.com\/portal\/wp-content\/uploads\/2022\/06\/Banner-1-portada-imagen-10-1-3.jpg?resize=350%2C200&ssl=1","width":350,"height":200,"srcset":"https:\/\/i0.wp.com\/webdelmaestrocmf.com\/portal\/wp-content\/uploads\/2022\/06\/Banner-1-portada-imagen-10-1-3.jpg?resize=350%2C200&ssl=1 1x, https:\/\/i0.wp.com\/webdelmaestrocmf.com\/portal\/wp-content\/uploads\/2022\/06\/Banner-1-portada-imagen-10-1-3.jpg?resize=525%2C300&ssl=1 1.5x, https:\/\/i0.wp.com\/webdelmaestrocmf.com\/portal\/wp-content\/uploads\/2022\/06\/Banner-1-portada-imagen-10-1-3.jpg?resize=700%2C400&ssl=1 2x"},"classes":[]}],"_links":{"self":[{"href":"https:\/\/webdelmaestrocmf.com\/portal\/wp-json\/wp\/v2\/posts\/80757","targetHints":{"allow":["GET"]}}],"collection":[{"href":"https:\/\/webdelmaestrocmf.com\/portal\/wp-json\/wp\/v2\/posts"}],"about":[{"href":"https:\/\/webdelmaestrocmf.com\/portal\/wp-json\/wp\/v2\/types\/post"}],"author":[{"embeddable":true,"href":"https:\/\/webdelmaestrocmf.com\/portal\/wp-json\/wp\/v2\/users\/1"}],"replies":[{"embeddable":true,"href":"https:\/\/webdelmaestrocmf.com\/portal\/wp-json\/wp\/v2\/comments?post=80757"}],"version-history":[{"count":0,"href":"https:\/\/webdelmaestrocmf.com\/portal\/wp-json\/wp\/v2\/posts\/80757\/revisions"}],"wp:featuredmedia":[{"embeddable":true,"href":"https:\/\/webdelmaestrocmf.com\/portal\/wp-json\/wp\/v2\/media\/80760"}],"wp:attachment":[{"href":"https:\/\/webdelmaestrocmf.com\/portal\/wp-json\/wp\/v2\/media?parent=80757"}],"wp:term":[{"taxonomy":"category","embeddable":true,"href":"https:\/\/webdelmaestrocmf.com\/portal\/wp-json\/wp\/v2\/categories?post=80757"},{"taxonomy":"post_tag","embeddable":true,"href":"https:\/\/webdelmaestrocmf.com\/portal\/wp-json\/wp\/v2\/tags?post=80757"}],"curies":[{"name":"wp","href":"https:\/\/api.w.org\/{rel}","templated":true}]}}