{"id":80610,"date":"2022-09-26T20:30:00","date_gmt":"2022-09-26T23:30:00","guid":{"rendered":"https:\/\/webdelmaestrocmf.com\/portal\/?p=80610"},"modified":"2022-11-20T12:48:22","modified_gmt":"2022-11-20T15:48:22","slug":"profesores-ayudemos-a-lograr-los-suenos-de-nuestros-alumnos-como-un-docente-puede-cambiar-la-vida-de-sus-alumnos","status":"publish","type":"post","link":"https:\/\/webdelmaestrocmf.com\/portal\/profesores-ayudemos-a-lograr-los-suenos-de-nuestros-alumnos-como-un-docente-puede-cambiar-la-vida-de-sus-alumnos\/","title":{"rendered":"Profesores, ayudemos a lograr los sue\u00f1os de nuestros alumnos: C\u00f3mo un docente puede cambiar la vida de sus alumnos"},"content":{"rendered":"<h5 style=\"text-align: justify;\" data-mrf-recirculation=\"links-parrafos\">Todos recordamos a muchos de los profesores con los que hemos compartido aula. A algunos, de forma positiva y con afecto y a otros con reproches o malestar.\u00a0<b>La relaci\u00f3n entre profesor y alumno es un vinculo potencialmente inspirador que puede orientar, reforzar y sacar lo mejor de cada ni\u00f1o.\u00a0<\/b>Son muchos los profesores que conocen del papel tan importante que ocupan en la vida de sus alumnos y act\u00faan desde el privilegio y la responsabilidad que supone. Algunos aspectos que podemos tener en cuenta en el ejercicio profesional son:<\/h5>\n<p><!--more--><\/p>\n<h5 style=\"text-align: justify;\" data-mrf-recirculation=\"links-parrafos\">Educadores como modelo<\/h5>\n<p style=\"text-align: justify;\" data-mrf-recirculation=\"links-parrafos\">Las actuaciones de los profesores son un referente para los escolares. Los alumnos perciben lo que hacen y dicen los profesores y tienden a imitarlos. La influencia es muy amplia, va desde el modo de relacionarse, las actitudes, los valores, la interpretaci\u00f3n emocional de situaciones, etc.<\/p>\n<p style=\"text-align: justify;\" data-mrf-recirculation=\"links-parrafos\">Los maestros son conscientes de esto y utilizan el modelado (proceso de aprendizaje a trav\u00e9s de la observaci\u00f3n, en el que la conducta de un sujeto, act\u00faa como est\u00edmulo para generar conductas, pensamientos o actitudes semejantes, en otras personas que observan su actuaci\u00f3n) como m\u00e9todo para ense\u00f1ar nuevos contenidos, pero\u00a0<b>\u00bfqu\u00e9 sucede con aquellas cosas que estamos transmitiendo de manera no intencional?<\/b><\/p>\n<p style=\"text-align: justify;\" data-mrf-recirculation=\"links-parrafos\">Por ejemplo, si me cuesta admitir mis errores, trasmitir\u00e9 sin quererlo, que equivocarse es algo negativo. Aunque de manera consciente considere que es normal equivocarse, puede que con mi comportamiento est\u00e9 transmitiendo otro mensaje.<\/p>\n<p style=\"text-align: justify;\" data-mrf-recirculation=\"links-parrafos\">Es recomendable que los profesores puedan pedir ayuda a un profesional si se encuentran con alg\u00fan aspecto m\u00e1s dif\u00edcil de manejarPero\u00a0<b>los profesores son personas, y como todos tienen derecho y necesidad de equivocarse.\u00a0<\/b>Por ello, es importante que puedan desarrollar una adecuada capacidad de introspecci\u00f3n y reflexi\u00f3n, que les permita darse cuenta de ello y trabajarlo. Como en el ejemplo anterior, para integrar el error como parte del proceso de aprendizaje. Pero no s\u00f3lo de forma te\u00f3rica, sino adapt\u00e1ndolo a su realidad cotidiana, para despu\u00e9s transmitirlo de forma espont\u00e1nea a sus alumnos.<\/p>\n<p style=\"text-align: justify;\" data-mrf-recirculation=\"links-parrafos\">Es recomendable que los profesores puedan pedir ayuda a un profesional si se encuentran con alg\u00fan aspecto m\u00e1s dif\u00edcil de manejar. Ya que el progreso en el manejo de sus emociones y pensamientos va a repercutir de forma positiva tanto en su labor docente como en su vida personal.<\/p>\n<h5 style=\"text-align: justify;\" data-mrf-recirculation=\"links-parrafos\">El ambiente del aula<\/h5>\n<p style=\"text-align: justify;\" data-mrf-recirculation=\"links-parrafos\">Existen dos realidades educativas desde las que crear esta convivencia, una m\u00e1s explicita, que englobar\u00eda el discurso del profesor y las actividades programadas. Y otra impl\u00edcita, que es el entorno que envuelve las relaciones que se establecen en el aula, en la medida en que en \u00e9ste impera la comprensi\u00f3n, el respeto, la confianza, la comunicaci\u00f3n, el reconocimiento, la sinceridad y la cooperaci\u00f3n. Adem\u00e1s, permite a los ni\u00f1os ser ellos mismos y exponerse de forma segura.<\/p>\n<p style=\"text-align: justify;\" data-mrf-recirculation=\"links-parrafos\"><b>Este contexto de seguridad facilita que los ni\u00f1os se sientan c\u00f3modos mostrando sus dudas,\u00a0<\/b>dando opiniones, contando cosas de si mismos, etc. Desde la tranquilidad y la autenticidad, con la relevancia que esto tiene para la construcci\u00f3n de su personalidad, la imagen de si mismos y de los dem\u00e1s.<\/p>\n<h5 style=\"text-align: justify;\" data-mrf-recirculation=\"links-parrafos\">Educaci\u00f3n congruente y personalizada<\/h5>\n<p style=\"text-align: justify;\" data-mrf-recirculation=\"links-parrafos\"><b>Es importante que el profesor, como el resto de personas de referencia para el ni\u00f1o, transmita los mensajes de forma congruente desde los diferentes canales<\/b>.<\/p>\n<p style=\"text-align: justify;\" data-mrf-recirculation=\"links-parrafos\">Lo que decimos (de forma verbal y no verbal), como lo decimos, lo que hacemos, c\u00f3mo lo hacemos.<\/p>\n<p style=\"text-align: justify;\" data-mrf-recirculation=\"links-parrafos\">Pero no se trata s\u00f3lo de coherencia entre nuestro discurso y nuestras actuaciones, si no de adaptarnos a las necesidades de cada alumno. Podemos ense\u00f1ar una misma cosa de muchas formas, y son muchos los medios y materiales que tenemos a nuestro alcance para poder trabajar aspectos emocionales con los alumnos.<\/p>\n<p style=\"text-align: justify;\" data-mrf-recirculation=\"links-parrafos\">Como plantean ya muchos autores<b>, existen m\u00faltiples y diferentes formas de aprender, y es aquel que dedica su vida a la ense\u00f1anza el que ha de encontrar la m\u00e1s beneficiosa para cada alumno<\/b>. Aquella que le lleve a sacar el mejor partido de sus capacidades. El educador necesita adaptar la ense\u00f1anza al educando, personaliz\u00e1ndola.<\/p>\n<p data-mrf-recirculation=\"links-parrafos\"><img loading=\"lazy\" decoding=\"async\" class=\"alignnone size-full wp-image-80615\" src=\"https:\/\/webdelmaestrocmf.com\/portal\/wp-content\/uploads\/2022\/09\/1-69.jpg\" alt=\"\" width=\"900\" height=\"470\" srcset=\"https:\/\/webdelmaestrocmf.com\/portal\/wp-content\/uploads\/2022\/09\/1-69.jpg 900w, https:\/\/webdelmaestrocmf.com\/portal\/wp-content\/uploads\/2022\/09\/1-69-300x157.jpg 300w, https:\/\/webdelmaestrocmf.com\/portal\/wp-content\/uploads\/2022\/09\/1-69-768x401.jpg 768w, https:\/\/webdelmaestrocmf.com\/portal\/wp-content\/uploads\/2022\/09\/1-69-110x57.jpg 110w, https:\/\/webdelmaestrocmf.com\/portal\/wp-content\/uploads\/2022\/09\/1-69-200x104.jpg 200w, https:\/\/webdelmaestrocmf.com\/portal\/wp-content\/uploads\/2022\/09\/1-69-380x198.jpg 380w, https:\/\/webdelmaestrocmf.com\/portal\/wp-content\/uploads\/2022\/09\/1-69-255x133.jpg 255w, https:\/\/webdelmaestrocmf.com\/portal\/wp-content\/uploads\/2022\/09\/1-69-550x287.jpg 550w, https:\/\/webdelmaestrocmf.com\/portal\/wp-content\/uploads\/2022\/09\/1-69-800x418.jpg 800w\" sizes=\"auto, (max-width: 900px) 100vw, 900px\" \/><\/p>\n<h5 style=\"text-align: justify;\" data-mrf-recirculation=\"links-parrafos\">Relaci\u00f3n con la familia<\/h5>\n<p style=\"text-align: justify;\" data-mrf-recirculation=\"links-parrafos\">En ocasiones, este puede ser un tema complicado. Pero el ni\u00f1o todav\u00eda es una persona dependiente, que se desarrolla dentro de un sistema familiar concreto que es, quitando situaciones especiales, el mejor para \u00e9l, porque es el suyo, el \u00fanico que tiene.<\/p>\n<p style=\"text-align: justify;\" data-mrf-recirculation=\"links-parrafos\"><b>Tanto padres como profesores son figuras de referencia para el ni\u00f1o<\/b>, y por ello tenemos la responsabilidad de educar de forma conjunta. Ser\u00eda \u201craro\u201d pedirles a los ni\u00f1os que sean ellos los que hagan el esfuerzo de aunar nuestros criterios u obligarles a que convivan con posiciones encontradas.<\/p>\n<p style=\"text-align: justify;\" data-mrf-recirculation=\"links-parrafos\">Los ni\u00f1os peque\u00f1os necesitan que el adulto se adapte a sus necesidades, ritmos y modosNecesitamos ayudar al ni\u00f1o a que se desarrolle de manera adecuada y pueda dar lo mejor de s\u00ed, tanto en casa como en el colegio.<\/p>\n<p style=\"text-align: justify;\" data-mrf-recirculation=\"links-parrafos\">Como adultos con un objetivo com\u00fan, ambos agentes sociales debemos, en la medida de lo posible,\u00a0<b>dialogar hasta llegar a un consenso efectivo<\/b>, desde el que poder cooperar, para dar la mejor educaci\u00f3n a los ni\u00f1os.<\/p>\n<p style=\"text-align: justify;\" data-mrf-recirculation=\"links-parrafos\">La comunicaci\u00f3n fluida entre el tutor y los padres es el mejor medio para ello. Muchos colegios lo llevan a la pr\u00e1ctica a trav\u00e9s de agendas, Internet o tutor\u00edas frecuentes. Adem\u00e1s, los profesores, como expertos en el desarrollo y el aprendizaje infanto-juvenil,\u00a0<b>pueden orientar a los padres ante algunas dudas que estos puedan tener sobre maneras de ayudar a estudiar<\/b>, cuando es mejor realizar cambios, etc.<\/p>\n<h5 style=\"text-align: justify;\" data-mrf-recirculation=\"links-parrafos\">Evoluci\u00f3n del v\u00ednculo<\/h5>\n<p style=\"text-align: justify;\" data-mrf-recirculation=\"links-parrafos\">En nuestro pa\u00eds, actualmente los ni\u00f1os se integran en el sistema educativo siendo a\u00fan muy peque\u00f1os, lo que hace necesario que l<b>os maestros y profesores atiendan necesidades que en otros momentos corresponder\u00edan a los padres<\/b>.<\/p>\n<p style=\"text-align: justify;\" data-mrf-recirculation=\"links-parrafos\">Los ni\u00f1os peque\u00f1os necesitan que el adulto se adapte a sus necesidades, ritmos y modos, desde la disponibilidad, eficacia y sensibilidad que proporcionan un vinculo seguro.<\/p>\n<p style=\"text-align: justify;\" data-mrf-recirculation=\"links-parrafos\">De este modo,<b>\u00a0<\/b>es importante que los profesores, sobretodo en las primeras etapas, que en su mayor\u00eda son muy calidos, cuenten con<b>\u00a0las habilidades necesarias para proporcionar al ni\u00f1o el contexto adecuado para desarrollarse de forma funcional<\/b>.<\/p>\n<p style=\"text-align: justify;\" data-mrf-recirculation=\"links-parrafos\"><b>A medida que los ni\u00f1os crecen, sus necesidades vinculares van cambiando<\/b>. En los primeros a\u00f1os de primaria, el ni\u00f1o necesita sentirse comprendido, escuchado y aceptado (igual que antes), pero las muestras de afecto pueden espaciarse o ser menos intensas, dando lugar a un mayor apoyo y capacitaci\u00f3n para realizar las tareas de forma aut\u00f3noma.<\/p>\n<p style=\"text-align: justify;\" data-mrf-recirculation=\"links-parrafos\">Diferentes estudios, como el realizado en 2000 por\u00a0<b>Howes<\/b>,\u00a0<b>Phillipsen\u00a0<\/b>y\u00a0<b>Peisner-Feinberg<\/b>, muestran que la calidad de las interacciones que establecen los ni\u00f1os con los primeros profesores influyen sobre las relaciones que establan con los profesores de cursos posteriores.<\/p>\n<p style=\"text-align: justify;\" data-mrf-recirculation=\"links-parrafos\">Los profesores necesitan contar con recursos que les permitan atender a los alumnos sin descuidarseEn ocasiones resulta muy costoso para el profesor atender la singularidad de cada ni\u00f1o (de la veintena o treintena que tiene en el aula), cubrir los objetivos curriculares y tener en cuenta el resto de dimensiones del ser humano (emocional, valores, creatividad, etc). Pero el ni\u00f1o es un ser complejo, dentro del que todas la \u00e1reas mencionadas confluyen y se interrelacionan, por lo que los progresos de cada una se ver\u00e1n reflejados en las dem\u00e1s.<\/p>\n<p style=\"text-align: justify;\" data-mrf-recirculation=\"links-parrafos\">En un estudio realizado hace dos a\u00f1os por\u00a0<b>Moreno<\/b>, se observa que aquellos ni\u00f1os que mantienen relaciones m\u00e1s arm\u00f3nicas y seguras con los profesores, son m\u00e1s receptivos a los est\u00edmulos cognitivos.<\/p>\n<h5 style=\"text-align: justify;\" data-mrf-recirculation=\"links-parrafos\">Contribuciones de los profesores para favorecer la seguridad emocional en la escuela:<\/h5>\n<ul>\n<li style=\"text-align: justify;\" data-mrf-recirculation=\"links-parrafos\">El profesorado debe tomar conciencia de la relevancia de su papel como modelo para el ni\u00f1o.<\/li>\n<li style=\"text-align: justify;\" data-mrf-recirculation=\"links-parrafos\">La reflexi\u00f3n de los profesores sobre las expectativas propias y sus estilos de relaci\u00f3n con el alumnado ayudan a la mejora y el ajuste de ambos.<\/li>\n<li style=\"text-align: justify;\" data-mrf-recirculation=\"links-parrafos\">Los profesores necesitan crear <b>un ambiente c\u00e1lido y acogedor<\/b>, en el que los ni\u00f1os se sientan seguros y en el que se atiendan sus necesidades.<\/li>\n<li style=\"text-align: justify;\" data-mrf-recirculation=\"links-parrafos\">Las interacciones profesor-alumno <b>deben caracterizarse por la sensibilidad, disponibilidad y coherencia<\/b>.<\/li>\n<li style=\"text-align: justify;\" data-mrf-recirculation=\"links-parrafos\">Los profesores pueden ayudar a que los ni\u00f1os construyan una imagen positiva de si mismos. Reforz\u00e1ndoles, generando expectativas de logro adecuadas y facilitando que el menor se sienta aceptado.<\/li>\n<li style=\"text-align: justify;\" data-mrf-recirculation=\"links-parrafos\">Es importante que se respete el ritmo de adaptaci\u00f3n y aprendizaje de cada menor.<\/li>\n<li style=\"text-align: justify;\" data-mrf-recirculation=\"links-parrafos\">Los ni\u00f1os necesitan que familia y escuela trabajen de forma conjunta, para ofrecerles una mejor educaci\u00f3n.<\/li>\n<li style=\"text-align: justify;\" data-mrf-recirculation=\"links-parrafos\">Y para poder realizar todas estas tareas tan importantes y complejas de manera adecuada, <b>el profesor necesita cuidarse<\/b>. Es un trabajo de mucha responsabilidad, en ocasiones no reconocido y en el que los resultados no siempre son observables a corto plazo. Por lo que los profesores necesitan contar con recursos que les permitan atender a los alumnos sin descuidarse.<\/li>\n<\/ul>\n<p><strong>Este contenido ha sido publicado originalmente por ACV en la siguiente direcci\u00f3n: <a href=\"https:\/\/blogs.elconfidencial.com\/alma-corazon-vida\/relacion-padres-e-hijos\/2012-10-25\/como-un-profesor-puede-cambiar-la-vida-de-sus-alumnos_588339\/\" target=\"_blank\" rel=\"noopener\">blogs.elconfidencial.com<\/a><\/strong><\/p>\n\t\t<div class=\"pk-inline-posts\">\n\t\t\t\n\t\t\t<div class=\"pk-inline-posts-container pk-inline-posts-template-list\"\n\t\t\t\tdata-columns=\"1\">\n\t\t\t\t\t\t<article id=\"post-28153\" class=\"post-28153 post type-post status-publish format-standard has-post-thumbnail category-consejos category-docentes category-pedagogia tag-adaptacion-a-diversidad tag-adaptacion-curricular tag-aprendizaje-activo tag-clases tag-diseno-curricular tag-diseno-de-actividades tag-diseno-de-lecciones tag-diseno-de-unidades-didacticas tag-eficiente tag-enfoque-centrado-en-el-estudiante tag-estrategias-de-ensenanza tag-estrategias-de-ensenanza-efectiva tag-estrategias-de-instruccion tag-estrategias-de-participacion tag-evaluacion-autentica tag-evaluacion-del-aprendizaje tag-evaluacion-formativa tag-evaluacion-sumativa tag-instruccion-diferenciada tag-manera tag-medicion-del-progreso tag-metodologia-educativa tag-motivacion-del-estudiante tag-objetivos-de-aprendizaje tag-planificacion-a-corto-plazo tag-planificacion-a-largo-plazo tag-planificacion-de-clases tag-planificar tag-recursos-didacticos tag-retroalimentacion-formativa tag-secuencia-didactica tag-taxonomia-de-bloom tag-tecnicas-de-organizacion tag-uso-de-tecnologia-educativa cs-entry cs-video-wrap\">\n\t\t\t<div class=\"pk-post-outer\">\n\n\t\t\t\t\t\t\t\t<div class=\"pk-post-inner\">\n\t\t\t\t\t<div class=\"entry-thumbnail\">\n\t\t\t\t\t\t<div class=\"pk-overlay pk-overlay-ratio pk-ratio-landscape\">\n\t\t\t\t\t\t\t<div class=\"pk-overlay-background\">\n\t\t\t\t\t\t\t\t<a href=\"https:\/\/webdelmaestrocmf.com\/portal\/como-planificar-las-clases-de-manera-eficiente\/\" class=\"pk-overlay-link\">\n\t\t\t\t\t\t\t\t\t<img loading=\"lazy\" decoding=\"async\" width=\"300\" height=\"225\" src=\"https:\/\/webdelmaestrocmf.com\/portal\/wp-content\/uploads\/2026\/02\/1AA-Banner-1-portada-imagen-10-1-copia-16-300x225.webp\" class=\"attachment-pk-thumbnail size-pk-thumbnail wp-post-image\" alt=\"\" \/>\t\t\t\t\t\t\t\t<\/a>\n\t\t\t\t\t\t\t<\/div>\n\t\t\t\t\t\t<\/div>\n\t\t\t\t\t<\/div>\n\t\t\t\t<\/div>\n\t\t\t\t\n\t\t\t\t<div class=\"pk-post-inner\">\n\t\t\t\t\t<header>\n\t\t\t\t\t\t<h3 class=\"pk-title\"><a href=\"https:\/\/webdelmaestrocmf.com\/portal\/como-planificar-las-clases-de-manera-eficiente\/\" rel=\"bookmark\">C\u00f3mo planificar las clases de manera eficiente: descarga las mejores plantillas de planificaci\u00f3n de clases<\/a><\/h3>\t\t\t\t\t<\/header><!-- .entry-header -->\n\t\t\t\t<\/div><!-- .post-inner -->\n\n\t\t\t<\/div><!-- .post-outer -->\n\t\t<\/article>\n\t\t\t\t<\/div>\n\t\t<\/div>\n\t\t\n","protected":false},"excerpt":{"rendered":"Todos recordamos a muchos de los profesores con los que hemos compartido aula. A algunos, de forma positiva&hellip;","protected":false},"author":1,"featured_media":80614,"comment_status":"open","ping_status":"closed","sticky":false,"template":"","format":"standard","meta":{"csco_display_header_overlay":false,"csco_singular_sidebar":"default","csco_page_header_type":"default","csco_page_load_nextpost":"default","csco_post_video_location":[],"csco_post_video_location_hash":"","csco_post_video_url":"","csco_post_video_bg_start_time":0,"csco_post_video_bg_end_time":0,"csco_post_video_bg_volume":false,"_jetpack_memberships_contains_paid_content":false,"footnotes":""},"categories":[570,735],"tags":[299,1624,52,62,1015],"class_list":{"0":"post-80610","1":"post","2":"type-post","3":"status-publish","4":"format-standard","5":"has-post-thumbnail","7":"category-docentes","8":"category-pedagogia","9":"tag-alumnos","10":"tag-cambiar","11":"tag-docente","12":"tag-profesores","13":"tag-vida","14":"cs-entry","15":"cs-video-wrap"},"yoast_head":"<!-- This site is optimized with the Yoast SEO plugin v27.5 - https:\/\/yoast.com\/product\/yoast-seo-wordpress\/ -->\n<title>Profesores, ayudemos a lograr los sue\u00f1os de nuestros alumnos: C\u00f3mo un docente puede cambiar la vida de sus alumnos - 2026<\/title>\n<meta name=\"description\" content=\"Todos recordamos a muchos de los profesores con los que hemos compartido aula. A algunos, de forma positiva y con afecto...\" \/>\n<meta name=\"robots\" content=\"index, follow, max-snippet:-1, max-image-preview:large, max-video-preview:-1\" \/>\n<link rel=\"canonical\" href=\"https:\/\/webdelmaestrocmf.com\/portal\/profesores-ayudemos-a-lograr-los-suenos-de-nuestros-alumnos-como-un-docente-puede-cambiar-la-vida-de-sus-alumnos\/\" \/>\n<meta property=\"og:locale\" content=\"es_ES\" \/>\n<meta property=\"og:type\" content=\"article\" \/>\n<meta property=\"og:title\" content=\"Profesores, ayudemos a lograr los sue\u00f1os de nuestros alumnos: C\u00f3mo un docente puede cambiar la vida de sus alumnos - 2026\" \/>\n<meta property=\"og:description\" content=\"Todos recordamos a muchos de los profesores con los que hemos compartido aula. A algunos, de forma positiva y con afecto...\" \/>\n<meta property=\"og:url\" content=\"https:\/\/webdelmaestrocmf.com\/portal\/profesores-ayudemos-a-lograr-los-suenos-de-nuestros-alumnos-como-un-docente-puede-cambiar-la-vida-de-sus-alumnos\/\" \/>\n<meta property=\"og:site_name\" content=\"Web del Maestro CMF\" \/>\n<meta property=\"article:publisher\" content=\"https:\/\/www.facebook.com\/WebdelMaestroCMF\/\" \/>\n<meta property=\"article:author\" content=\"https:\/\/www.facebook.com\/WebdelMaestroCMF\/\" \/>\n<meta property=\"article:published_time\" content=\"2022-09-26T23:30:00+00:00\" \/>\n<meta property=\"article:modified_time\" content=\"2022-11-20T15:48:22+00:00\" \/>\n<meta property=\"og:image\" content=\"https:\/\/i0.wp.com\/webdelmaestrocmf.com\/portal\/wp-content\/uploads\/2022\/09\/1-68.jpg?fit=900%2C556&ssl=1\" \/>\n\t<meta property=\"og:image:width\" content=\"900\" \/>\n\t<meta property=\"og:image:height\" content=\"556\" \/>\n\t<meta property=\"og:image:type\" content=\"image\/jpeg\" \/>\n<meta name=\"author\" content=\"Web del Maestro CMF\" \/>\n<meta name=\"twitter:card\" content=\"summary_large_image\" \/>\n<meta name=\"twitter:creator\" content=\"@cmf_w\" \/>\n<meta name=\"twitter:site\" content=\"@cmf_w\" \/>\n<script type=\"application\/ld+json\" class=\"yoast-schema-graph\">{\"@context\":\"https:\\\/\\\/schema.org\",\"@graph\":[{\"@type\":\"ScholarlyArticle\",\"@id\":\"https:\\\/\\\/webdelmaestrocmf.com\\\/portal\\\/profesores-ayudemos-a-lograr-los-suenos-de-nuestros-alumnos-como-un-docente-puede-cambiar-la-vida-de-sus-alumnos\\\/#article\",\"isPartOf\":{\"@id\":\"https:\\\/\\\/webdelmaestrocmf.com\\\/portal\\\/profesores-ayudemos-a-lograr-los-suenos-de-nuestros-alumnos-como-un-docente-puede-cambiar-la-vida-de-sus-alumnos\\\/\"},\"author\":{\"name\":\"Web del Maestro CMF\",\"@id\":\"https:\\\/\\\/webdelmaestrocmf.com\\\/portal\\\/#\\\/schema\\\/person\\\/1072a2ed7bd960df8ef99a551fa35dc5\"},\"headline\":\"Profesores, ayudemos a lograr los sue\u00f1os de nuestros alumnos: C\u00f3mo un docente puede cambiar la vida de sus alumnos\",\"datePublished\":\"2022-09-26T23:30:00+00:00\",\"dateModified\":\"2022-11-20T15:48:22+00:00\",\"mainEntityOfPage\":{\"@id\":\"https:\\\/\\\/webdelmaestrocmf.com\\\/portal\\\/profesores-ayudemos-a-lograr-los-suenos-de-nuestros-alumnos-como-un-docente-puede-cambiar-la-vida-de-sus-alumnos\\\/\"},\"wordCount\":1553,\"commentCount\":0,\"publisher\":{\"@id\":\"https:\\\/\\\/webdelmaestrocmf.com\\\/portal\\\/#organization\"},\"image\":{\"@id\":\"https:\\\/\\\/webdelmaestrocmf.com\\\/portal\\\/profesores-ayudemos-a-lograr-los-suenos-de-nuestros-alumnos-como-un-docente-puede-cambiar-la-vida-de-sus-alumnos\\\/#primaryimage\"},\"thumbnailUrl\":\"https:\\\/\\\/webdelmaestrocmf.com\\\/portal\\\/wp-content\\\/uploads\\\/2022\\\/09\\\/1-68.jpg\",\"keywords\":[\"alumnos\",\"CAMBIAR\",\"DOCENTE\",\"profesores\",\"vida\"],\"articleSection\":[\"Docentes\",\"Recursos\"],\"inLanguage\":\"es\",\"potentialAction\":[{\"@type\":\"CommentAction\",\"name\":\"Comment\",\"target\":[\"https:\\\/\\\/webdelmaestrocmf.com\\\/portal\\\/profesores-ayudemos-a-lograr-los-suenos-de-nuestros-alumnos-como-un-docente-puede-cambiar-la-vida-de-sus-alumnos\\\/#respond\"]}]},{\"@type\":\"WebPage\",\"@id\":\"https:\\\/\\\/webdelmaestrocmf.com\\\/portal\\\/profesores-ayudemos-a-lograr-los-suenos-de-nuestros-alumnos-como-un-docente-puede-cambiar-la-vida-de-sus-alumnos\\\/\",\"url\":\"https:\\\/\\\/webdelmaestrocmf.com\\\/portal\\\/profesores-ayudemos-a-lograr-los-suenos-de-nuestros-alumnos-como-un-docente-puede-cambiar-la-vida-de-sus-alumnos\\\/\",\"name\":\"Profesores, ayudemos a lograr los sue\u00f1os de nuestros alumnos: C\u00f3mo un docente puede cambiar la vida de sus alumnos - 2026\",\"isPartOf\":{\"@id\":\"https:\\\/\\\/webdelmaestrocmf.com\\\/portal\\\/#website\"},\"primaryImageOfPage\":{\"@id\":\"https:\\\/\\\/webdelmaestrocmf.com\\\/portal\\\/profesores-ayudemos-a-lograr-los-suenos-de-nuestros-alumnos-como-un-docente-puede-cambiar-la-vida-de-sus-alumnos\\\/#primaryimage\"},\"image\":{\"@id\":\"https:\\\/\\\/webdelmaestrocmf.com\\\/portal\\\/profesores-ayudemos-a-lograr-los-suenos-de-nuestros-alumnos-como-un-docente-puede-cambiar-la-vida-de-sus-alumnos\\\/#primaryimage\"},\"thumbnailUrl\":\"https:\\\/\\\/webdelmaestrocmf.com\\\/portal\\\/wp-content\\\/uploads\\\/2022\\\/09\\\/1-68.jpg\",\"datePublished\":\"2022-09-26T23:30:00+00:00\",\"dateModified\":\"2022-11-20T15:48:22+00:00\",\"description\":\"Todos recordamos a muchos de los profesores con los que hemos compartido aula. A algunos, de forma positiva y con afecto...\",\"breadcrumb\":{\"@id\":\"https:\\\/\\\/webdelmaestrocmf.com\\\/portal\\\/profesores-ayudemos-a-lograr-los-suenos-de-nuestros-alumnos-como-un-docente-puede-cambiar-la-vida-de-sus-alumnos\\\/#breadcrumb\"},\"inLanguage\":\"es\",\"potentialAction\":[{\"@type\":\"ReadAction\",\"target\":[\"https:\\\/\\\/webdelmaestrocmf.com\\\/portal\\\/profesores-ayudemos-a-lograr-los-suenos-de-nuestros-alumnos-como-un-docente-puede-cambiar-la-vida-de-sus-alumnos\\\/\"]}]},{\"@type\":\"ImageObject\",\"inLanguage\":\"es\",\"@id\":\"https:\\\/\\\/webdelmaestrocmf.com\\\/portal\\\/profesores-ayudemos-a-lograr-los-suenos-de-nuestros-alumnos-como-un-docente-puede-cambiar-la-vida-de-sus-alumnos\\\/#primaryimage\",\"url\":\"https:\\\/\\\/webdelmaestrocmf.com\\\/portal\\\/wp-content\\\/uploads\\\/2022\\\/09\\\/1-68.jpg\",\"contentUrl\":\"https:\\\/\\\/webdelmaestrocmf.com\\\/portal\\\/wp-content\\\/uploads\\\/2022\\\/09\\\/1-68.jpg\",\"width\":900,\"height\":556},{\"@type\":\"BreadcrumbList\",\"@id\":\"https:\\\/\\\/webdelmaestrocmf.com\\\/portal\\\/profesores-ayudemos-a-lograr-los-suenos-de-nuestros-alumnos-como-un-docente-puede-cambiar-la-vida-de-sus-alumnos\\\/#breadcrumb\",\"itemListElement\":[{\"@type\":\"ListItem\",\"position\":1,\"name\":\"Portada\",\"item\":\"https:\\\/\\\/webdelmaestrocmf.com\\\/portal\\\/\"},{\"@type\":\"ListItem\",\"position\":2,\"name\":\"Recursos\",\"item\":\"https:\\\/\\\/webdelmaestrocmf.com\\\/portal\\\/category\\\/pedagogia\\\/\"},{\"@type\":\"ListItem\",\"position\":3,\"name\":\"Profesores, ayudemos a lograr los sue\u00f1os de nuestros alumnos: C\u00f3mo un docente puede cambiar la vida de sus alumnos\"}]},{\"@type\":\"WebSite\",\"@id\":\"https:\\\/\\\/webdelmaestrocmf.com\\\/portal\\\/#website\",\"url\":\"https:\\\/\\\/webdelmaestrocmf.com\\\/portal\\\/\",\"name\":\"Web del Maestro CMF\",\"description\":\"Maestros al servicio de la educaci\u00f3n\",\"publisher\":{\"@id\":\"https:\\\/\\\/webdelmaestrocmf.com\\\/portal\\\/#organization\"},\"alternateName\":\"WMCMF\",\"potentialAction\":[{\"@type\":\"SearchAction\",\"target\":{\"@type\":\"EntryPoint\",\"urlTemplate\":\"https:\\\/\\\/webdelmaestrocmf.com\\\/portal\\\/?s={search_term_string}\"},\"query-input\":{\"@type\":\"PropertyValueSpecification\",\"valueRequired\":true,\"valueName\":\"search_term_string\"}}],\"inLanguage\":\"es\"},{\"@type\":\"Organization\",\"@id\":\"https:\\\/\\\/webdelmaestrocmf.com\\\/portal\\\/#organization\",\"name\":\"Web del Maestro CMF\",\"alternateName\":\"WMCMF\",\"url\":\"https:\\\/\\\/webdelmaestrocmf.com\\\/portal\\\/\",\"logo\":{\"@type\":\"ImageObject\",\"inLanguage\":\"es\",\"@id\":\"https:\\\/\\\/webdelmaestrocmf.com\\\/portal\\\/#\\\/schema\\\/logo\\\/image\\\/\",\"url\":\"https:\\\/\\\/webdelmaestrocmf.com\\\/portal\\\/wp-content\\\/uploads\\\/2023\\\/01\\\/logo-wmcmf-2.png\",\"contentUrl\":\"https:\\\/\\\/webdelmaestrocmf.com\\\/portal\\\/wp-content\\\/uploads\\\/2023\\\/01\\\/logo-wmcmf-2.png\",\"width\":200,\"height\":60,\"caption\":\"Web del Maestro CMF\"},\"image\":{\"@id\":\"https:\\\/\\\/webdelmaestrocmf.com\\\/portal\\\/#\\\/schema\\\/logo\\\/image\\\/\"},\"sameAs\":[\"https:\\\/\\\/www.facebook.com\\\/WebdelMaestroCMF\\\/\",\"https:\\\/\\\/x.com\\\/cmf_w\",\"https:\\\/\\\/www.pinterest.com\\\/WMCMF\\\/\",\"https:\\\/\\\/www.linkedin.com\\\/company\\\/web-del-maestro-cmf\\\/\",\"https:\\\/\\\/www.instagram.com\\\/wmcmf\\\/\",\"https:\\\/\\\/www.youtube.com\\\/channel\\\/UCDPSvjbdodE5sHnC3OxutHw\",\"https:\\\/\\\/mastodon.social\\\/@wmcmf\",\"https:\\\/\\\/www.tiktok.com\\\/@webdelmaestrocmf\"]},{\"@type\":\"Person\",\"@id\":\"https:\\\/\\\/webdelmaestrocmf.com\\\/portal\\\/#\\\/schema\\\/person\\\/1072a2ed7bd960df8ef99a551fa35dc5\",\"name\":\"Web del Maestro CMF\",\"image\":{\"@type\":\"ImageObject\",\"inLanguage\":\"es\",\"@id\":\"https:\\\/\\\/secure.gravatar.com\\\/avatar\\\/23291dd5b5ae1077dcff3dbb04c3e02bd28403fa75af6d8787d5e97c5bbbe30b?s=96&d=mm&r=g\",\"url\":\"https:\\\/\\\/secure.gravatar.com\\\/avatar\\\/23291dd5b5ae1077dcff3dbb04c3e02bd28403fa75af6d8787d5e97c5bbbe30b?s=96&d=mm&r=g\",\"contentUrl\":\"https:\\\/\\\/secure.gravatar.com\\\/avatar\\\/23291dd5b5ae1077dcff3dbb04c3e02bd28403fa75af6d8787d5e97c5bbbe30b?s=96&d=mm&r=g\",\"caption\":\"Web del Maestro CMF\"},\"description\":\"Esta Web se cre\u00f3 sin fines de lucro, con fines educativos, cient\u00edficos y acad\u00e9micos, para personas que tengan dificultades y\\\/o inconvenientes en visualizar el material original. El objetivo es entregar recursos, compartir experiencias y materiales que ayuden a los padres de familia, maestros y estudiantes en su actualizaci\u00f3n y formaci\u00f3n permanente, en bien de la Educaci\u00f3n.\",\"sameAs\":[\"http:\\\/\\\/webdelmaestrocmf.com\\\/portal\",\"https:\\\/\\\/www.facebook.com\\\/WebdelMaestroCMF\\\/\",\"https:\\\/\\\/www.instagram.com\\\/wmcmf\\\/\",\"https:\\\/\\\/cl.linkedin.com\\\/company\\\/web-del-maestro-cmf\",\"https:\\\/\\\/www.pinterest.com\\\/WMCMF\\\/publicaciones\\\/\",\"https:\\\/\\\/x.com\\\/cmf_w\",\"https:\\\/\\\/www.youtube.com\\\/@WMCMF\"]}]}<\/script>\n<!-- \/ Yoast SEO plugin. -->","yoast_head_json":{"title":"Profesores, ayudemos a lograr los sue\u00f1os de nuestros alumnos: C\u00f3mo un docente puede cambiar la vida de sus alumnos - 2026","description":"Todos recordamos a muchos de los profesores con los que hemos compartido aula. A algunos, de forma positiva y con afecto...","robots":{"index":"index","follow":"follow","max-snippet":"max-snippet:-1","max-image-preview":"max-image-preview:large","max-video-preview":"max-video-preview:-1"},"canonical":"https:\/\/webdelmaestrocmf.com\/portal\/profesores-ayudemos-a-lograr-los-suenos-de-nuestros-alumnos-como-un-docente-puede-cambiar-la-vida-de-sus-alumnos\/","og_locale":"es_ES","og_type":"article","og_title":"Profesores, ayudemos a lograr los sue\u00f1os de nuestros alumnos: C\u00f3mo un docente puede cambiar la vida de sus alumnos - 2026","og_description":"Todos recordamos a muchos de los profesores con los que hemos compartido aula. A algunos, de forma positiva y con afecto...","og_url":"https:\/\/webdelmaestrocmf.com\/portal\/profesores-ayudemos-a-lograr-los-suenos-de-nuestros-alumnos-como-un-docente-puede-cambiar-la-vida-de-sus-alumnos\/","og_site_name":"Web del Maestro CMF","article_publisher":"https:\/\/www.facebook.com\/WebdelMaestroCMF\/","article_author":"https:\/\/www.facebook.com\/WebdelMaestroCMF\/","article_published_time":"2022-09-26T23:30:00+00:00","article_modified_time":"2022-11-20T15:48:22+00:00","og_image":[{"width":900,"height":556,"url":"https:\/\/i0.wp.com\/webdelmaestrocmf.com\/portal\/wp-content\/uploads\/2022\/09\/1-68.jpg?fit=900%2C556&ssl=1","type":"image\/jpeg"}],"author":"Web del Maestro CMF","twitter_card":"summary_large_image","twitter_creator":"@cmf_w","twitter_site":"@cmf_w","schema":{"@context":"https:\/\/schema.org","@graph":[{"@type":"ScholarlyArticle","@id":"https:\/\/webdelmaestrocmf.com\/portal\/profesores-ayudemos-a-lograr-los-suenos-de-nuestros-alumnos-como-un-docente-puede-cambiar-la-vida-de-sus-alumnos\/#article","isPartOf":{"@id":"https:\/\/webdelmaestrocmf.com\/portal\/profesores-ayudemos-a-lograr-los-suenos-de-nuestros-alumnos-como-un-docente-puede-cambiar-la-vida-de-sus-alumnos\/"},"author":{"name":"Web del Maestro CMF","@id":"https:\/\/webdelmaestrocmf.com\/portal\/#\/schema\/person\/1072a2ed7bd960df8ef99a551fa35dc5"},"headline":"Profesores, ayudemos a lograr los sue\u00f1os de nuestros alumnos: C\u00f3mo un docente puede cambiar la vida de sus alumnos","datePublished":"2022-09-26T23:30:00+00:00","dateModified":"2022-11-20T15:48:22+00:00","mainEntityOfPage":{"@id":"https:\/\/webdelmaestrocmf.com\/portal\/profesores-ayudemos-a-lograr-los-suenos-de-nuestros-alumnos-como-un-docente-puede-cambiar-la-vida-de-sus-alumnos\/"},"wordCount":1553,"commentCount":0,"publisher":{"@id":"https:\/\/webdelmaestrocmf.com\/portal\/#organization"},"image":{"@id":"https:\/\/webdelmaestrocmf.com\/portal\/profesores-ayudemos-a-lograr-los-suenos-de-nuestros-alumnos-como-un-docente-puede-cambiar-la-vida-de-sus-alumnos\/#primaryimage"},"thumbnailUrl":"https:\/\/webdelmaestrocmf.com\/portal\/wp-content\/uploads\/2022\/09\/1-68.jpg","keywords":["alumnos","CAMBIAR","DOCENTE","profesores","vida"],"articleSection":["Docentes","Recursos"],"inLanguage":"es","potentialAction":[{"@type":"CommentAction","name":"Comment","target":["https:\/\/webdelmaestrocmf.com\/portal\/profesores-ayudemos-a-lograr-los-suenos-de-nuestros-alumnos-como-un-docente-puede-cambiar-la-vida-de-sus-alumnos\/#respond"]}]},{"@type":"WebPage","@id":"https:\/\/webdelmaestrocmf.com\/portal\/profesores-ayudemos-a-lograr-los-suenos-de-nuestros-alumnos-como-un-docente-puede-cambiar-la-vida-de-sus-alumnos\/","url":"https:\/\/webdelmaestrocmf.com\/portal\/profesores-ayudemos-a-lograr-los-suenos-de-nuestros-alumnos-como-un-docente-puede-cambiar-la-vida-de-sus-alumnos\/","name":"Profesores, ayudemos a lograr los sue\u00f1os de nuestros alumnos: C\u00f3mo un docente puede cambiar la vida de sus alumnos - 2026","isPartOf":{"@id":"https:\/\/webdelmaestrocmf.com\/portal\/#website"},"primaryImageOfPage":{"@id":"https:\/\/webdelmaestrocmf.com\/portal\/profesores-ayudemos-a-lograr-los-suenos-de-nuestros-alumnos-como-un-docente-puede-cambiar-la-vida-de-sus-alumnos\/#primaryimage"},"image":{"@id":"https:\/\/webdelmaestrocmf.com\/portal\/profesores-ayudemos-a-lograr-los-suenos-de-nuestros-alumnos-como-un-docente-puede-cambiar-la-vida-de-sus-alumnos\/#primaryimage"},"thumbnailUrl":"https:\/\/webdelmaestrocmf.com\/portal\/wp-content\/uploads\/2022\/09\/1-68.jpg","datePublished":"2022-09-26T23:30:00+00:00","dateModified":"2022-11-20T15:48:22+00:00","description":"Todos recordamos a muchos de los profesores con los que hemos compartido aula. A algunos, de forma positiva y con afecto...","breadcrumb":{"@id":"https:\/\/webdelmaestrocmf.com\/portal\/profesores-ayudemos-a-lograr-los-suenos-de-nuestros-alumnos-como-un-docente-puede-cambiar-la-vida-de-sus-alumnos\/#breadcrumb"},"inLanguage":"es","potentialAction":[{"@type":"ReadAction","target":["https:\/\/webdelmaestrocmf.com\/portal\/profesores-ayudemos-a-lograr-los-suenos-de-nuestros-alumnos-como-un-docente-puede-cambiar-la-vida-de-sus-alumnos\/"]}]},{"@type":"ImageObject","inLanguage":"es","@id":"https:\/\/webdelmaestrocmf.com\/portal\/profesores-ayudemos-a-lograr-los-suenos-de-nuestros-alumnos-como-un-docente-puede-cambiar-la-vida-de-sus-alumnos\/#primaryimage","url":"https:\/\/webdelmaestrocmf.com\/portal\/wp-content\/uploads\/2022\/09\/1-68.jpg","contentUrl":"https:\/\/webdelmaestrocmf.com\/portal\/wp-content\/uploads\/2022\/09\/1-68.jpg","width":900,"height":556},{"@type":"BreadcrumbList","@id":"https:\/\/webdelmaestrocmf.com\/portal\/profesores-ayudemos-a-lograr-los-suenos-de-nuestros-alumnos-como-un-docente-puede-cambiar-la-vida-de-sus-alumnos\/#breadcrumb","itemListElement":[{"@type":"ListItem","position":1,"name":"Portada","item":"https:\/\/webdelmaestrocmf.com\/portal\/"},{"@type":"ListItem","position":2,"name":"Recursos","item":"https:\/\/webdelmaestrocmf.com\/portal\/category\/pedagogia\/"},{"@type":"ListItem","position":3,"name":"Profesores, ayudemos a lograr los sue\u00f1os de nuestros alumnos: C\u00f3mo un docente puede cambiar la vida de sus alumnos"}]},{"@type":"WebSite","@id":"https:\/\/webdelmaestrocmf.com\/portal\/#website","url":"https:\/\/webdelmaestrocmf.com\/portal\/","name":"Web del Maestro CMF","description":"Maestros al servicio de la educaci\u00f3n","publisher":{"@id":"https:\/\/webdelmaestrocmf.com\/portal\/#organization"},"alternateName":"WMCMF","potentialAction":[{"@type":"SearchAction","target":{"@type":"EntryPoint","urlTemplate":"https:\/\/webdelmaestrocmf.com\/portal\/?s={search_term_string}"},"query-input":{"@type":"PropertyValueSpecification","valueRequired":true,"valueName":"search_term_string"}}],"inLanguage":"es"},{"@type":"Organization","@id":"https:\/\/webdelmaestrocmf.com\/portal\/#organization","name":"Web del Maestro CMF","alternateName":"WMCMF","url":"https:\/\/webdelmaestrocmf.com\/portal\/","logo":{"@type":"ImageObject","inLanguage":"es","@id":"https:\/\/webdelmaestrocmf.com\/portal\/#\/schema\/logo\/image\/","url":"https:\/\/webdelmaestrocmf.com\/portal\/wp-content\/uploads\/2023\/01\/logo-wmcmf-2.png","contentUrl":"https:\/\/webdelmaestrocmf.com\/portal\/wp-content\/uploads\/2023\/01\/logo-wmcmf-2.png","width":200,"height":60,"caption":"Web del Maestro CMF"},"image":{"@id":"https:\/\/webdelmaestrocmf.com\/portal\/#\/schema\/logo\/image\/"},"sameAs":["https:\/\/www.facebook.com\/WebdelMaestroCMF\/","https:\/\/x.com\/cmf_w","https:\/\/www.pinterest.com\/WMCMF\/","https:\/\/www.linkedin.com\/company\/web-del-maestro-cmf\/","https:\/\/www.instagram.com\/wmcmf\/","https:\/\/www.youtube.com\/channel\/UCDPSvjbdodE5sHnC3OxutHw","https:\/\/mastodon.social\/@wmcmf","https:\/\/www.tiktok.com\/@webdelmaestrocmf"]},{"@type":"Person","@id":"https:\/\/webdelmaestrocmf.com\/portal\/#\/schema\/person\/1072a2ed7bd960df8ef99a551fa35dc5","name":"Web del Maestro CMF","image":{"@type":"ImageObject","inLanguage":"es","@id":"https:\/\/secure.gravatar.com\/avatar\/23291dd5b5ae1077dcff3dbb04c3e02bd28403fa75af6d8787d5e97c5bbbe30b?s=96&d=mm&r=g","url":"https:\/\/secure.gravatar.com\/avatar\/23291dd5b5ae1077dcff3dbb04c3e02bd28403fa75af6d8787d5e97c5bbbe30b?s=96&d=mm&r=g","contentUrl":"https:\/\/secure.gravatar.com\/avatar\/23291dd5b5ae1077dcff3dbb04c3e02bd28403fa75af6d8787d5e97c5bbbe30b?s=96&d=mm&r=g","caption":"Web del Maestro CMF"},"description":"Esta Web se cre\u00f3 sin fines de lucro, con fines educativos, cient\u00edficos y acad\u00e9micos, para personas que tengan dificultades y\/o inconvenientes en visualizar el material original. El objetivo es entregar recursos, compartir experiencias y materiales que ayuden a los padres de familia, maestros y estudiantes en su actualizaci\u00f3n y formaci\u00f3n permanente, en bien de la Educaci\u00f3n.","sameAs":["http:\/\/webdelmaestrocmf.com\/portal","https:\/\/www.facebook.com\/WebdelMaestroCMF\/","https:\/\/www.instagram.com\/wmcmf\/","https:\/\/cl.linkedin.com\/company\/web-del-maestro-cmf","https:\/\/www.pinterest.com\/WMCMF\/publicaciones\/","https:\/\/x.com\/cmf_w","https:\/\/www.youtube.com\/@WMCMF"]}]}},"jetpack_featured_media_url":"https:\/\/webdelmaestrocmf.com\/portal\/wp-content\/uploads\/2022\/09\/1-68.jpg","jetpack_sharing_enabled":true,"jetpack-related-posts":[{"id":104265,"url":"https:\/\/webdelmaestrocmf.com\/portal\/el-profesor-inolvidable-vs-el-profesor-intrascendente\/","url_meta":{"origin":80610,"position":0},"title":"El profesor inolvidable vs el profesor intrascendente","author":"Web del Maestro CMF","date":"24 febrero, 2024","format":false,"excerpt":"En la vida de todo estudiante, hay profesores que dejan una huella imborrable, mientras que otros son r\u00e1pidamente olvidados. Esta distinci\u00f3n fundamental radica en la capacidad del docente para conectar con sus alumnos, inspirarlos y motivarlos a aprender. En este art\u00edculo, analizaremos las caracter\u00edsticas que definen a un profesor inolvidable\u2026","rel":"","context":"En \u00abDocentes\u00bb","block_context":{"text":"Docentes","link":"https:\/\/webdelmaestrocmf.com\/portal\/category\/pedagogia\/docentes\/"},"img":{"alt_text":"","src":"https:\/\/i0.wp.com\/webdelmaestrocmf.com\/portal\/wp-content\/uploads\/2024\/02\/Banner-1-podddrtada-imagen-10-1.jpg?resize=350%2C200&ssl=1","width":350,"height":200,"srcset":"https:\/\/i0.wp.com\/webdelmaestrocmf.com\/portal\/wp-content\/uploads\/2024\/02\/Banner-1-podddrtada-imagen-10-1.jpg?resize=350%2C200&ssl=1 1x, https:\/\/i0.wp.com\/webdelmaestrocmf.com\/portal\/wp-content\/uploads\/2024\/02\/Banner-1-podddrtada-imagen-10-1.jpg?resize=525%2C300&ssl=1 1.5x, https:\/\/i0.wp.com\/webdelmaestrocmf.com\/portal\/wp-content\/uploads\/2024\/02\/Banner-1-podddrtada-imagen-10-1.jpg?resize=700%2C400&ssl=1 2x"},"classes":[]},{"id":105881,"url":"https:\/\/webdelmaestrocmf.com\/portal\/corazon-de-nino-una-pelicula-imprescindible-para-docentes\/","url_meta":{"origin":80610,"position":1},"title":"Coraz\u00f3n de Ni\u00f1o: una pel\u00edcula imprescindible para Docentes","author":"Web del Maestro CMF","date":"5 junio, 2024","format":false,"excerpt":"Coraz\u00f3n de Ni\u00f1o, la pel\u00edcula mexicana de 1963 dirigida por Julio Bracho y protagonizada por Ignacio L\u00f3pez Tarso, es una obra maestra del cine latinoamericano que ofrece valiosas lecciones para alumnos, padres y profesores. Basada en la novela \"Cuore\" de Edmondo De Amicis, la cinta narra la historia de un\u2026","rel":"","context":"En \u00abPel\u00edculas\u00bb","block_context":{"text":"Pel\u00edculas","link":"https:\/\/webdelmaestrocmf.com\/portal\/category\/pedagogia\/peliculas\/"},"img":{"alt_text":"","src":"https:\/\/i0.wp.com\/webdelmaestrocmf.com\/portal\/wp-content\/uploads\/2024\/06\/Banner-1-portada-imagen-10-1-2024-06-05T201218.024.jpg?resize=350%2C200&ssl=1","width":350,"height":200,"srcset":"https:\/\/i0.wp.com\/webdelmaestrocmf.com\/portal\/wp-content\/uploads\/2024\/06\/Banner-1-portada-imagen-10-1-2024-06-05T201218.024.jpg?resize=350%2C200&ssl=1 1x, https:\/\/i0.wp.com\/webdelmaestrocmf.com\/portal\/wp-content\/uploads\/2024\/06\/Banner-1-portada-imagen-10-1-2024-06-05T201218.024.jpg?resize=525%2C300&ssl=1 1.5x, https:\/\/i0.wp.com\/webdelmaestrocmf.com\/portal\/wp-content\/uploads\/2024\/06\/Banner-1-portada-imagen-10-1-2024-06-05T201218.024.jpg?resize=700%2C400&ssl=1 2x"},"classes":[]},{"id":103215,"url":"https:\/\/webdelmaestrocmf.com\/portal\/frases-de-alumnos-que-afectan-al-docente\/","url_meta":{"origin":80610,"position":2},"title":"Actitudes negativas de alumnos que afectan al docente","author":"Web del Maestro CMF","date":"29 enero, 2024","format":false,"excerpt":"La relaci\u00f3n entre los alumnos y los profesores es fundamental para el \u00e9xito de la educaci\u00f3n. Cuando los alumnos y los profesores se respetan mutuamente, es m\u00e1s probable que se produzca un aprendizaje efectivo. Sin embargo, hay ciertas frases o actitudes de algunos alumnos que pueden causar una mala impresi\u00f3n\u2026","rel":"","context":"En \u00abEstudiantes\u00bb","block_context":{"text":"Estudiantes","link":"https:\/\/webdelmaestrocmf.com\/portal\/category\/pedagogia\/estudiantes\/"},"img":{"alt_text":"","src":"https:\/\/i0.wp.com\/webdelmaestrocmf.com\/portal\/wp-content\/uploads\/2024\/01\/Banner-1-portada-imagen-10-25.jpg?resize=350%2C200&ssl=1","width":350,"height":200,"srcset":"https:\/\/i0.wp.com\/webdelmaestrocmf.com\/portal\/wp-content\/uploads\/2024\/01\/Banner-1-portada-imagen-10-25.jpg?resize=350%2C200&ssl=1 1x, https:\/\/i0.wp.com\/webdelmaestrocmf.com\/portal\/wp-content\/uploads\/2024\/01\/Banner-1-portada-imagen-10-25.jpg?resize=525%2C300&ssl=1 1.5x, https:\/\/i0.wp.com\/webdelmaestrocmf.com\/portal\/wp-content\/uploads\/2024\/01\/Banner-1-portada-imagen-10-25.jpg?resize=700%2C400&ssl=1 2x"},"classes":[]},{"id":103972,"url":"https:\/\/webdelmaestrocmf.com\/portal\/estas-son-las-13-cualidades-de-los-maestros-de-alto-impacto\/","url_meta":{"origin":80610,"position":3},"title":"Estas son las 13 cualidades de los Maestros de alto impacto","author":"Web del Maestro CMF","date":"17 febrero, 2024","format":false,"excerpt":"La docencia no es solo una profesi\u00f3n, es un arte. Un arte que requiere pasi\u00f3n, compromiso y una constante b\u00fasqueda de la excelencia. Un buen docente no solo imparte conocimientos, sino que inspira, motiva y transforma vidas. En este art\u00edculo, exploraremos las cualidades que definen a un docente excepcional, c\u00f3mo\u2026","rel":"","context":"En \u00abCualidades caracter\u00edsticas habilidades\u00bb","block_context":{"text":"Cualidades caracter\u00edsticas habilidades","link":"https:\/\/webdelmaestrocmf.com\/portal\/category\/pedagogia\/cualidades-caracteristicas-habilidades\/"},"img":{"alt_text":"","src":"https:\/\/i0.wp.com\/webdelmaestrocmf.com\/portal\/wp-content\/uploads\/2024\/02\/Banner-1-portada-imagen-10-1-5-2.jpg?resize=350%2C200&ssl=1","width":350,"height":200,"srcset":"https:\/\/i0.wp.com\/webdelmaestrocmf.com\/portal\/wp-content\/uploads\/2024\/02\/Banner-1-portada-imagen-10-1-5-2.jpg?resize=350%2C200&ssl=1 1x, https:\/\/i0.wp.com\/webdelmaestrocmf.com\/portal\/wp-content\/uploads\/2024\/02\/Banner-1-portada-imagen-10-1-5-2.jpg?resize=525%2C300&ssl=1 1.5x, https:\/\/i0.wp.com\/webdelmaestrocmf.com\/portal\/wp-content\/uploads\/2024\/02\/Banner-1-portada-imagen-10-1-5-2.jpg?resize=700%2C400&ssl=1 2x"},"classes":[]},{"id":114566,"url":"https:\/\/webdelmaestrocmf.com\/portal\/un-alumno-le-escribe-una-carta-de-agradecimiento-a-su-profesor-yo-valoro-mucho-el-esfuerzo-y-la-paciencia-con-la-cual-me-ha-ensenado\/","url_meta":{"origin":80610,"position":4},"title":"Un alumno le escribe una carta de agradecimiento a su profesor: \u201cYo valoro mucho el esfuerzo y la paciencia con la cual me ha ense\u00f1ado\u201d","author":"Web del Maestro CMF","date":"6 enero, 2026","format":false,"excerpt":"Una carta de agradecimiento revela el impacto profundo de un docente cuando ense\u00f1ar transforma la forma de aprender y de pensar.","rel":"","context":"En \u00abBienestar docente\u00bb","block_context":{"text":"Bienestar docente","link":"https:\/\/webdelmaestrocmf.com\/portal\/category\/pedagogia\/bienestar-docente\/"},"img":{"alt_text":"","src":"https:\/\/i0.wp.com\/webdelmaestrocmf.com\/portal\/wp-content\/uploads\/2026\/01\/1A-Banner-1-portada-imagen-10-1-copia-4-1.webp?resize=350%2C200&ssl=1","width":350,"height":200,"srcset":"https:\/\/i0.wp.com\/webdelmaestrocmf.com\/portal\/wp-content\/uploads\/2026\/01\/1A-Banner-1-portada-imagen-10-1-copia-4-1.webp?resize=350%2C200&ssl=1 1x, https:\/\/i0.wp.com\/webdelmaestrocmf.com\/portal\/wp-content\/uploads\/2026\/01\/1A-Banner-1-portada-imagen-10-1-copia-4-1.webp?resize=525%2C300&ssl=1 1.5x, https:\/\/i0.wp.com\/webdelmaestrocmf.com\/portal\/wp-content\/uploads\/2026\/01\/1A-Banner-1-portada-imagen-10-1-copia-4-1.webp?resize=700%2C400&ssl=1 2x"},"classes":[]},{"id":105178,"url":"https:\/\/webdelmaestrocmf.com\/portal\/para-ser-profesor-se-debe-tener-vocacion-resiliencia-y-resistencia\/","url_meta":{"origin":80610,"position":5},"title":"Para ser maestro se deben tener tres cosas: vocaci\u00f3n, resiliencia y resistencia","author":"Web del Maestro CMF","date":"28 abril, 2024","format":false,"excerpt":"Nos dirigimos a ustedes para reflexionar sobre tres cualidades esenciales para el ejercicio exitoso de la docencia: vocaci\u00f3n, resiliencia y resistencia. Ser docente no se trata solo de impartir conocimientos, sino de inspirar, motivar y guiar a nuestros estudiantes en su camino de aprendizaje. Requiere de una pasi\u00f3n profunda por\u2026","rel":"","context":"En \u00abDocentes\u00bb","block_context":{"text":"Docentes","link":"https:\/\/webdelmaestrocmf.com\/portal\/category\/pedagogia\/docentes\/"},"img":{"alt_text":"vocaci\u00f3n resiliencia resistencia","src":"https:\/\/i0.wp.com\/webdelmaestrocmf.com\/portal\/wp-content\/uploads\/2024\/04\/Banner-1-portada-imagen-10-1-47.jpg?resize=350%2C200&ssl=1","width":350,"height":200,"srcset":"https:\/\/i0.wp.com\/webdelmaestrocmf.com\/portal\/wp-content\/uploads\/2024\/04\/Banner-1-portada-imagen-10-1-47.jpg?resize=350%2C200&ssl=1 1x, https:\/\/i0.wp.com\/webdelmaestrocmf.com\/portal\/wp-content\/uploads\/2024\/04\/Banner-1-portada-imagen-10-1-47.jpg?resize=525%2C300&ssl=1 1.5x, https:\/\/i0.wp.com\/webdelmaestrocmf.com\/portal\/wp-content\/uploads\/2024\/04\/Banner-1-portada-imagen-10-1-47.jpg?resize=700%2C400&ssl=1 2x"},"classes":[]}],"_links":{"self":[{"href":"https:\/\/webdelmaestrocmf.com\/portal\/wp-json\/wp\/v2\/posts\/80610","targetHints":{"allow":["GET"]}}],"collection":[{"href":"https:\/\/webdelmaestrocmf.com\/portal\/wp-json\/wp\/v2\/posts"}],"about":[{"href":"https:\/\/webdelmaestrocmf.com\/portal\/wp-json\/wp\/v2\/types\/post"}],"author":[{"embeddable":true,"href":"https:\/\/webdelmaestrocmf.com\/portal\/wp-json\/wp\/v2\/users\/1"}],"replies":[{"embeddable":true,"href":"https:\/\/webdelmaestrocmf.com\/portal\/wp-json\/wp\/v2\/comments?post=80610"}],"version-history":[{"count":0,"href":"https:\/\/webdelmaestrocmf.com\/portal\/wp-json\/wp\/v2\/posts\/80610\/revisions"}],"wp:featuredmedia":[{"embeddable":true,"href":"https:\/\/webdelmaestrocmf.com\/portal\/wp-json\/wp\/v2\/media\/80614"}],"wp:attachment":[{"href":"https:\/\/webdelmaestrocmf.com\/portal\/wp-json\/wp\/v2\/media?parent=80610"}],"wp:term":[{"taxonomy":"category","embeddable":true,"href":"https:\/\/webdelmaestrocmf.com\/portal\/wp-json\/wp\/v2\/categories?post=80610"},{"taxonomy":"post_tag","embeddable":true,"href":"https:\/\/webdelmaestrocmf.com\/portal\/wp-json\/wp\/v2\/tags?post=80610"}],"curies":[{"name":"wp","href":"https:\/\/api.w.org\/{rel}","templated":true}]}}