{"id":80313,"date":"2022-09-15T14:22:48","date_gmt":"2022-09-15T17:22:48","guid":{"rendered":"https:\/\/webdelmaestrocmf.com\/portal\/?p=80313"},"modified":"2022-09-15T21:48:54","modified_gmt":"2022-09-16T00:48:54","slug":"john-jairo-rincon-la-unificacion-de-criterios-pedagogicos-la-tarea-educativa-de-la-escuela-claretiana","status":"publish","type":"post","link":"https:\/\/webdelmaestrocmf.com\/portal\/john-jairo-rincon-la-unificacion-de-criterios-pedagogicos-la-tarea-educativa-de-la-escuela-claretiana\/","title":{"rendered":"[John Jairo Rinc\u00f3n] La unificaci\u00f3n de criterios pedag\u00f3gicos: la tarea educativa de la escuela claretiana"},"content":{"rendered":"<h5 style=\"text-align: justify;\">Dice el Papa Francisco (2013) que este es el momento para que como cristianos nos preguntemos por la tarea que nos convoca en este mundo, bajo la consigna de vencer toda angustia espiritual que agobia a la persona de fe, para as\u00ed hacerle frente a los tiempos que marcan el devenir de presente siglo. Si analizamos atentamente sus palabras, est\u00e1 m\u00e1s que claro que el maestro por antonomasia est\u00e1 llamado a preguntarse por su labor como educador, y m\u00e1s cuando se abren espacios pedag\u00f3gicos y espirituales para que se cualifique y, por ende, forme a los que lo acompa\u00f1an en su d\u00eda a d\u00eda.<\/h5>\n<p><!--more--><\/p>\n<p style=\"text-align: justify;\">Bajo ese prop\u00f3sito, muy aterrizado para lo que es educar, es necesario decir que despu\u00e9s del II Congreso de Educadores Claretianos de Am\u00e9rica \u2013que, dicho sea de paso, se realiz\u00f3 exitosamente en Argentina durante cinco d\u00edas de trabajo disciplinado\u2013, uno debe preguntarse criteriosamente por lo que en \u00e9l se desarroll\u00f3. Por eso no se puede decir otra cosa que el buen maestro sabe escuchar, comparte experiencias con sus pares y directivos, no tanto para hacer triviales comparaciones entre un sinf\u00edn de pr\u00e1cticas educativas, sino para enriquecer su quehacer diario con las diversas narrativas pedag\u00f3gicas del continente.<\/p>\n<p style=\"text-align: justify;\">Sin lugar a dudas qued\u00f3 muy presente en todos los asistentes el hecho de respetar los siete compromisos del Papa Francisco para un pacto educativo global. En este sentido, es deber del maestro claretiano incorporar estos pilares en toda acci\u00f3n que vincule la ense\u00f1anza, para de esta forma contrarrestar toda la inequidad que reina en el presente siglo, una \u00e9poca marcada por el consumismo desmedido que se opone a la vida solidaria que el Santo Padre propone.<\/p>\n<p style=\"text-align: justify;\">Este quiere que cuidemos el planeta, nuestra casa com\u00fan; que escuchemos atentamente a nuestros j\u00f3venes, sin dejar de lado la inclusi\u00f3n y el respeto por la mujer; que el acto de ense\u00f1ar se manifieste con amor, respetando siempre las diferencias y la dignidad del que se busca educar; que la familia se vincule a este acto educativo, siendo ella el primer referente social; y que se cree una conciencia econ\u00f3mica en donde el ser humano no se cosifique, sino que pueda vivir sin que se lo excluya o se lo descarte en medio de la rutina de las sociedades capitalistas.<\/p>\n<p style=\"text-align: justify;\">Es decir, Francisco quiere que vivamos conscientemente, tal cual como Jes\u00fas nos ense\u00f1\u00f3 con su ejemplo de vida. Hoy nos pide que como comunidad claretiana mantengamos ese carisma que nos define a donde sea, pero siempre orientando nuestra escuela hacia la aplicaci\u00f3n innegociable de estos siete compromisos, que no nos dicen otra cosa que hay que renovar todas las pr\u00e1cticas educativas globalizadas, porque promueven en su af\u00e1n econ\u00f3mico la individualidad y dejan de lado la colectividad.<\/p>\n<p style=\"text-align: justify;\">Sabiendo todo esto solamente queda la tarea de unificar los criterios que definen a la escuela claretiana, para que en ella se recojan todas particularidades y experiencias que acompa\u00f1an a las instituciones que la representan. Es que son muchas las formas de educar con el mismo sentir misionero, pero sin que se las haya ajustado a un proyecto realmente unificado.<\/p>\n<p style=\"text-align: justify;\">No se puede desconocer que esta tarea de unificar criterio en cierto modo ya se la adelant\u00f3, cuando en el congreso se abord\u00f3 el Pacto Educativo Global. Sin embargo, es necesario que cuando se construya un documento definitivo se tengan en cuenta los saberes de las distintas escuelas claretianas, con el fin de que nuestro sentir educativo se vea permeado por las realidades que acompa\u00f1an a la educaci\u00f3n latinoamericana.<\/p>\n<p style=\"text-align: justify;\">Esta unificaci\u00f3n de criterios nos debe llevar a aterrizar m\u00e1s la practica pedag\u00f3gica, cristalizada en las aulas con un carisma que sobrevive en espont\u00e1neamente, pero que exige que en nuestros planes de estudio se mantenga vivo como evidencia de un esp\u00edritu misional. En otras palabras, se debe transversalizar la espiritualidad cristiana en toda estrategia pedag\u00f3gica que se emplee en pro del cambio social que desea el Papa Francisco.<\/p>\n<p style=\"text-align: justify;\">En conclusi\u00f3n, se puede decir que el II Congreso de Educadores Claretianos de Am\u00e9rica sirvi\u00f3 para comprender el verdadero papel de la escuela como espacio de convergencia social. Tambi\u00e9n sirvi\u00f3 para escuchar las propuestas de todos los educadores claretianos, que hoy cuentan con las herramientas para encaminar espiritualmente a sus estudiantes, ni\u00f1os y j\u00f3venes que est\u00e1n pidiendo a gritos una propuesta educativa que los libere de la vor\u00e1gine de un mundo que propone el sin sentido, la desesperanza y la locura materialista que margina al que no logra encajar en sus estilos de vida.<\/p>\n<p style=\"text-align: justify;\"><strong>Referencias bibliogr\u00e1ficas<\/strong><\/p>\n<ul>\n<li style=\"text-align: justify;\">Bergoglio, Jorge M. (2013). <em>Educar Elegir, la vida<\/em>. Editorial Claretiana.<\/li>\n<\/ul>\n<p style=\"text-align: justify;\"><strong>NOTA DE REDACCI\u00d3N:<\/strong> La Web del Maestro CMF publica los textos e im\u00e1genes originales de su autor, no necesariamente coincide con lo expuesto en el tema, no se hace responsable de las opiniones expresadas, y no promociona ning\u00fan producto, servicio, marca o empresa. Sugerimos a nuestros lectores conocer la identidad de la fuente o de su autor o autores, para tener mayores elementos de juicio y la pertinencia a su realidad educativa.<\/p>\n<table class=\" alignleft\" border=\"0\" width=\"100%\" cellspacing=\"10\" cellpadding=\"10\">\n<tbody>\n<tr>\n<td style=\"text-align: center;\" width=\"30%\"><strong><img loading=\"lazy\" decoding=\"async\" class=\"size-full wp-image-80317 aligncenter\" src=\"https:\/\/webdelmaestrocmf.com\/portal\/wp-content\/uploads\/2022\/09\/1-48.jpg\" alt=\"\" width=\"200\" height=\"200\" srcset=\"https:\/\/webdelmaestrocmf.com\/portal\/wp-content\/uploads\/2022\/09\/1-48.jpg 200w, https:\/\/webdelmaestrocmf.com\/portal\/wp-content\/uploads\/2022\/09\/1-48-150x150.jpg 150w, https:\/\/webdelmaestrocmf.com\/portal\/wp-content\/uploads\/2022\/09\/1-48-80x80.jpg 80w, https:\/\/webdelmaestrocmf.com\/portal\/wp-content\/uploads\/2022\/09\/1-48-110x110.jpg 110w\" sizes=\"auto, (max-width: 200px) 100vw, 200px\" \/><br \/>\nAutor: John Jairo Rinc\u00f3n Cort\u00e9s. <\/strong><br \/>\n<strong>Estudios<\/strong>: Licenciado en Literatura de la Universidad del Valle, Especialista en Aplicaci\u00f3n de TIC para la Ense\u00f1anza y Magister en Tecnolog\u00edas Digitales Aplicadas a la Educaci\u00f3n de la Universidad Santander UDES.<br \/>\n<strong>Experiencia Laboral:<\/strong> 10 a\u00f1os en el mundo de la educaci\u00f3n, y actualmente es Coordinador de Convivencia del Colegio Claretiano Santa Dorotea de la provincia Colombia-Venezuela.<br \/>\n<strong>E-mail:<\/strong> <a href=\"mailto:johnjairorincon@gmail.com\">johnjairorincon@gmail.com<\/a><\/td>\n<\/tr>\n<\/tbody>\n<\/table>\n\t\t<div class=\"pk-inline-posts\">\n\t\t\t\n\t\t\t<div class=\"pk-inline-posts-container pk-inline-posts-template-list\"\n\t\t\t\tdata-columns=\"1\">\n\t\t\t\t\t\t<article id=\"post-80593\" class=\"post-80593 post type-post status-publish format-standard has-post-thumbnail category-colaborador category-z-colaboraldores-john-jairo-rincon tag-habilidades tag-informacion tag-investigativas tag-john-jairo-rincon tag-mundo cs-entry cs-video-wrap\">\n\t\t\t<div class=\"pk-post-outer\">\n\n\t\t\t\t\t\t\t\t<div class=\"pk-post-inner\">\n\t\t\t\t\t<div class=\"entry-thumbnail\">\n\t\t\t\t\t\t<div class=\"pk-overlay pk-overlay-ratio pk-ratio-landscape\">\n\t\t\t\t\t\t\t<div class=\"pk-overlay-background\">\n\t\t\t\t\t\t\t\t<a href=\"https:\/\/webdelmaestrocmf.com\/portal\/john-jairo-rincon-las-habilidades-investigativas-en-el-mundo-de-la-informacion\/\" class=\"pk-overlay-link\">\n\t\t\t\t\t\t\t\t\t<img loading=\"lazy\" decoding=\"async\" width=\"300\" height=\"225\" src=\"https:\/\/webdelmaestrocmf.com\/portal\/wp-content\/uploads\/2022\/09\/1-65-300x225.jpg\" class=\"attachment-pk-thumbnail size-pk-thumbnail wp-post-image\" alt=\"\" \/>\t\t\t\t\t\t\t\t<\/a>\n\t\t\t\t\t\t\t<\/div>\n\t\t\t\t\t\t<\/div>\n\t\t\t\t\t<\/div>\n\t\t\t\t<\/div>\n\t\t\t\t\n\t\t\t\t<div class=\"pk-post-inner\">\n\t\t\t\t\t<header>\n\t\t\t\t\t\t<h3 class=\"pk-title\"><a href=\"https:\/\/webdelmaestrocmf.com\/portal\/john-jairo-rincon-las-habilidades-investigativas-en-el-mundo-de-la-informacion\/\" rel=\"bookmark\">[John Jairo Rinc\u00f3n] Las habilidades investigativas en el mundo de la informaci\u00f3n<\/a><\/h3>\t\t\t\t\t<\/header><!-- .entry-header -->\n\t\t\t\t<\/div><!-- .post-inner -->\n\n\t\t\t<\/div><!-- .post-outer -->\n\t\t<\/article>\n\t\t\t\t<\/div>\n\t\t<\/div>\n\t\t\n","protected":false},"excerpt":{"rendered":"Dice el Papa Francisco (2013) que este es el momento para que como cristianos nos preguntemos por la&hellip;","protected":false},"author":1,"featured_media":80315,"comment_status":"open","ping_status":"closed","sticky":false,"template":"","format":"standard","meta":{"csco_display_header_overlay":false,"csco_singular_sidebar":"default","csco_page_header_type":"default","csco_page_load_nextpost":"default","csco_post_video_location":[],"csco_post_video_location_hash":"","csco_post_video_url":"","csco_post_video_bg_start_time":0,"csco_post_video_bg_end_time":0,"csco_post_video_bg_volume":false,"_jetpack_memberships_contains_paid_content":false,"footnotes":""},"categories":[1790,14950],"tags":[14953,4182,220,228,14951,2153,1253,14952],"class_list":{"0":"post-80313","1":"post","2":"type-post","3":"status-publish","4":"format-standard","5":"has-post-thumbnail","7":"category-colaborador","8":"category-z-colaboraldores-john-jairo-rincon","9":"tag-claretiana","10":"tag-criterios","11":"tag-educativa","12":"tag-escuela","13":"tag-john-jairo-rincon","14":"tag-pedagogicos","15":"tag-tarea","16":"tag-unificacion","17":"cs-entry","18":"cs-video-wrap"},"yoast_head":"<!-- This site is optimized with the Yoast SEO plugin v27.5 - https:\/\/yoast.com\/product\/yoast-seo-wordpress\/ -->\n<title>[John Jairo Rinc\u00f3n] La unificaci\u00f3n de criterios pedag\u00f3gicos: la tarea educativa de la escuela claretiana - 2026<\/title>\n<meta name=\"description\" content=\"Dice el Papa Francisco (2013) que este es el momento para que como cristianos nos preguntemos por la tarea que nos convoca en...\" \/>\n<meta name=\"robots\" content=\"index, follow, max-snippet:-1, max-image-preview:large, max-video-preview:-1\" \/>\n<link rel=\"canonical\" href=\"https:\/\/webdelmaestrocmf.com\/portal\/john-jairo-rincon-la-unificacion-de-criterios-pedagogicos-la-tarea-educativa-de-la-escuela-claretiana\/\" \/>\n<meta property=\"og:locale\" content=\"es_ES\" \/>\n<meta property=\"og:type\" content=\"article\" \/>\n<meta property=\"og:title\" content=\"[John Jairo Rinc\u00f3n] La unificaci\u00f3n de criterios pedag\u00f3gicos: la tarea educativa de la escuela claretiana - 2026\" \/>\n<meta property=\"og:description\" content=\"Dice el Papa Francisco (2013) que este es el momento para que como cristianos nos preguntemos por la tarea que nos convoca en...\" \/>\n<meta property=\"og:url\" content=\"https:\/\/webdelmaestrocmf.com\/portal\/john-jairo-rincon-la-unificacion-de-criterios-pedagogicos-la-tarea-educativa-de-la-escuela-claretiana\/\" \/>\n<meta property=\"og:site_name\" content=\"Web del Maestro CMF\" \/>\n<meta property=\"article:publisher\" content=\"https:\/\/www.facebook.com\/WebdelMaestroCMF\/\" \/>\n<meta property=\"article:author\" content=\"https:\/\/www.facebook.com\/WebdelMaestroCMF\/\" \/>\n<meta property=\"article:published_time\" content=\"2022-09-15T17:22:48+00:00\" \/>\n<meta property=\"article:modified_time\" content=\"2022-09-16T00:48:54+00:00\" \/>\n<meta property=\"og:image\" content=\"https:\/\/i0.wp.com\/webdelmaestrocmf.com\/portal\/wp-content\/uploads\/2022\/09\/1-47.jpg?fit=900%2C556&ssl=1\" \/>\n\t<meta property=\"og:image:width\" content=\"900\" \/>\n\t<meta property=\"og:image:height\" content=\"556\" \/>\n\t<meta property=\"og:image:type\" content=\"image\/jpeg\" \/>\n<meta name=\"author\" content=\"Web del Maestro CMF\" \/>\n<meta name=\"twitter:card\" content=\"summary_large_image\" \/>\n<meta name=\"twitter:creator\" content=\"@cmf_w\" \/>\n<meta name=\"twitter:site\" content=\"@cmf_w\" \/>\n<script type=\"application\/ld+json\" class=\"yoast-schema-graph\">{\"@context\":\"https:\\\/\\\/schema.org\",\"@graph\":[{\"@type\":\"ScholarlyArticle\",\"@id\":\"https:\\\/\\\/webdelmaestrocmf.com\\\/portal\\\/john-jairo-rincon-la-unificacion-de-criterios-pedagogicos-la-tarea-educativa-de-la-escuela-claretiana\\\/#article\",\"isPartOf\":{\"@id\":\"https:\\\/\\\/webdelmaestrocmf.com\\\/portal\\\/john-jairo-rincon-la-unificacion-de-criterios-pedagogicos-la-tarea-educativa-de-la-escuela-claretiana\\\/\"},\"author\":{\"name\":\"Web del Maestro CMF\",\"@id\":\"https:\\\/\\\/webdelmaestrocmf.com\\\/portal\\\/#\\\/schema\\\/person\\\/1072a2ed7bd960df8ef99a551fa35dc5\"},\"headline\":\"[John Jairo Rinc\u00f3n] La unificaci\u00f3n de criterios pedag\u00f3gicos: la tarea educativa de la escuela claretiana\",\"datePublished\":\"2022-09-15T17:22:48+00:00\",\"dateModified\":\"2022-09-16T00:48:54+00:00\",\"mainEntityOfPage\":{\"@id\":\"https:\\\/\\\/webdelmaestrocmf.com\\\/portal\\\/john-jairo-rincon-la-unificacion-de-criterios-pedagogicos-la-tarea-educativa-de-la-escuela-claretiana\\\/\"},\"wordCount\":963,\"commentCount\":0,\"publisher\":{\"@id\":\"https:\\\/\\\/webdelmaestrocmf.com\\\/portal\\\/#organization\"},\"image\":{\"@id\":\"https:\\\/\\\/webdelmaestrocmf.com\\\/portal\\\/john-jairo-rincon-la-unificacion-de-criterios-pedagogicos-la-tarea-educativa-de-la-escuela-claretiana\\\/#primaryimage\"},\"thumbnailUrl\":\"https:\\\/\\\/webdelmaestrocmf.com\\\/portal\\\/wp-content\\\/uploads\\\/2022\\\/09\\\/1-47.jpg\",\"keywords\":[\"claretiana\",\"CRITERIOS\",\"EDUCATIVA\",\"escuela\",\"John Jairo Rinc\u00f3n\",\"PEDAG\u00d3GICOS\",\"TAREA\",\"unificaci\u00f3n\"],\"articleSection\":[\"Z-Colaboradores\",\"Z-Colaboraldores-John Jairo Rinc\u00f3n\"],\"inLanguage\":\"es\",\"potentialAction\":[{\"@type\":\"CommentAction\",\"name\":\"Comment\",\"target\":[\"https:\\\/\\\/webdelmaestrocmf.com\\\/portal\\\/john-jairo-rincon-la-unificacion-de-criterios-pedagogicos-la-tarea-educativa-de-la-escuela-claretiana\\\/#respond\"]}]},{\"@type\":\"WebPage\",\"@id\":\"https:\\\/\\\/webdelmaestrocmf.com\\\/portal\\\/john-jairo-rincon-la-unificacion-de-criterios-pedagogicos-la-tarea-educativa-de-la-escuela-claretiana\\\/\",\"url\":\"https:\\\/\\\/webdelmaestrocmf.com\\\/portal\\\/john-jairo-rincon-la-unificacion-de-criterios-pedagogicos-la-tarea-educativa-de-la-escuela-claretiana\\\/\",\"name\":\"[John Jairo Rinc\u00f3n] La unificaci\u00f3n de criterios pedag\u00f3gicos: la tarea educativa de la escuela claretiana - 2026\",\"isPartOf\":{\"@id\":\"https:\\\/\\\/webdelmaestrocmf.com\\\/portal\\\/#website\"},\"primaryImageOfPage\":{\"@id\":\"https:\\\/\\\/webdelmaestrocmf.com\\\/portal\\\/john-jairo-rincon-la-unificacion-de-criterios-pedagogicos-la-tarea-educativa-de-la-escuela-claretiana\\\/#primaryimage\"},\"image\":{\"@id\":\"https:\\\/\\\/webdelmaestrocmf.com\\\/portal\\\/john-jairo-rincon-la-unificacion-de-criterios-pedagogicos-la-tarea-educativa-de-la-escuela-claretiana\\\/#primaryimage\"},\"thumbnailUrl\":\"https:\\\/\\\/webdelmaestrocmf.com\\\/portal\\\/wp-content\\\/uploads\\\/2022\\\/09\\\/1-47.jpg\",\"datePublished\":\"2022-09-15T17:22:48+00:00\",\"dateModified\":\"2022-09-16T00:48:54+00:00\",\"description\":\"Dice el Papa Francisco (2013) que este es el momento para que como cristianos nos preguntemos por la tarea que nos convoca en...\",\"breadcrumb\":{\"@id\":\"https:\\\/\\\/webdelmaestrocmf.com\\\/portal\\\/john-jairo-rincon-la-unificacion-de-criterios-pedagogicos-la-tarea-educativa-de-la-escuela-claretiana\\\/#breadcrumb\"},\"inLanguage\":\"es\",\"potentialAction\":[{\"@type\":\"ReadAction\",\"target\":[\"https:\\\/\\\/webdelmaestrocmf.com\\\/portal\\\/john-jairo-rincon-la-unificacion-de-criterios-pedagogicos-la-tarea-educativa-de-la-escuela-claretiana\\\/\"]}]},{\"@type\":\"ImageObject\",\"inLanguage\":\"es\",\"@id\":\"https:\\\/\\\/webdelmaestrocmf.com\\\/portal\\\/john-jairo-rincon-la-unificacion-de-criterios-pedagogicos-la-tarea-educativa-de-la-escuela-claretiana\\\/#primaryimage\",\"url\":\"https:\\\/\\\/webdelmaestrocmf.com\\\/portal\\\/wp-content\\\/uploads\\\/2022\\\/09\\\/1-47.jpg\",\"contentUrl\":\"https:\\\/\\\/webdelmaestrocmf.com\\\/portal\\\/wp-content\\\/uploads\\\/2022\\\/09\\\/1-47.jpg\",\"width\":900,\"height\":556},{\"@type\":\"BreadcrumbList\",\"@id\":\"https:\\\/\\\/webdelmaestrocmf.com\\\/portal\\\/john-jairo-rincon-la-unificacion-de-criterios-pedagogicos-la-tarea-educativa-de-la-escuela-claretiana\\\/#breadcrumb\",\"itemListElement\":[{\"@type\":\"ListItem\",\"position\":1,\"name\":\"Portada\",\"item\":\"https:\\\/\\\/webdelmaestrocmf.com\\\/portal\\\/\"},{\"@type\":\"ListItem\",\"position\":2,\"name\":\"Z-Colaboradores\",\"item\":\"https:\\\/\\\/webdelmaestrocmf.com\\\/portal\\\/category\\\/colaborador\\\/\"},{\"@type\":\"ListItem\",\"position\":3,\"name\":\"[John Jairo Rinc\u00f3n] La unificaci\u00f3n de criterios pedag\u00f3gicos: la tarea educativa de la escuela claretiana\"}]},{\"@type\":\"WebSite\",\"@id\":\"https:\\\/\\\/webdelmaestrocmf.com\\\/portal\\\/#website\",\"url\":\"https:\\\/\\\/webdelmaestrocmf.com\\\/portal\\\/\",\"name\":\"Web del Maestro CMF\",\"description\":\"Maestros al servicio de la educaci\u00f3n\",\"publisher\":{\"@id\":\"https:\\\/\\\/webdelmaestrocmf.com\\\/portal\\\/#organization\"},\"alternateName\":\"WMCMF\",\"potentialAction\":[{\"@type\":\"SearchAction\",\"target\":{\"@type\":\"EntryPoint\",\"urlTemplate\":\"https:\\\/\\\/webdelmaestrocmf.com\\\/portal\\\/?s={search_term_string}\"},\"query-input\":{\"@type\":\"PropertyValueSpecification\",\"valueRequired\":true,\"valueName\":\"search_term_string\"}}],\"inLanguage\":\"es\"},{\"@type\":\"Organization\",\"@id\":\"https:\\\/\\\/webdelmaestrocmf.com\\\/portal\\\/#organization\",\"name\":\"Web del Maestro CMF\",\"alternateName\":\"WMCMF\",\"url\":\"https:\\\/\\\/webdelmaestrocmf.com\\\/portal\\\/\",\"logo\":{\"@type\":\"ImageObject\",\"inLanguage\":\"es\",\"@id\":\"https:\\\/\\\/webdelmaestrocmf.com\\\/portal\\\/#\\\/schema\\\/logo\\\/image\\\/\",\"url\":\"https:\\\/\\\/webdelmaestrocmf.com\\\/portal\\\/wp-content\\\/uploads\\\/2023\\\/01\\\/logo-wmcmf-2.png\",\"contentUrl\":\"https:\\\/\\\/webdelmaestrocmf.com\\\/portal\\\/wp-content\\\/uploads\\\/2023\\\/01\\\/logo-wmcmf-2.png\",\"width\":200,\"height\":60,\"caption\":\"Web del Maestro CMF\"},\"image\":{\"@id\":\"https:\\\/\\\/webdelmaestrocmf.com\\\/portal\\\/#\\\/schema\\\/logo\\\/image\\\/\"},\"sameAs\":[\"https:\\\/\\\/www.facebook.com\\\/WebdelMaestroCMF\\\/\",\"https:\\\/\\\/x.com\\\/cmf_w\",\"https:\\\/\\\/www.pinterest.com\\\/WMCMF\\\/\",\"https:\\\/\\\/www.linkedin.com\\\/company\\\/web-del-maestro-cmf\\\/\",\"https:\\\/\\\/www.instagram.com\\\/wmcmf\\\/\",\"https:\\\/\\\/www.youtube.com\\\/channel\\\/UCDPSvjbdodE5sHnC3OxutHw\",\"https:\\\/\\\/mastodon.social\\\/@wmcmf\",\"https:\\\/\\\/www.tiktok.com\\\/@webdelmaestrocmf\"]},{\"@type\":\"Person\",\"@id\":\"https:\\\/\\\/webdelmaestrocmf.com\\\/portal\\\/#\\\/schema\\\/person\\\/1072a2ed7bd960df8ef99a551fa35dc5\",\"name\":\"Web del Maestro CMF\",\"image\":{\"@type\":\"ImageObject\",\"inLanguage\":\"es\",\"@id\":\"https:\\\/\\\/secure.gravatar.com\\\/avatar\\\/23291dd5b5ae1077dcff3dbb04c3e02bd28403fa75af6d8787d5e97c5bbbe30b?s=96&d=mm&r=g\",\"url\":\"https:\\\/\\\/secure.gravatar.com\\\/avatar\\\/23291dd5b5ae1077dcff3dbb04c3e02bd28403fa75af6d8787d5e97c5bbbe30b?s=96&d=mm&r=g\",\"contentUrl\":\"https:\\\/\\\/secure.gravatar.com\\\/avatar\\\/23291dd5b5ae1077dcff3dbb04c3e02bd28403fa75af6d8787d5e97c5bbbe30b?s=96&d=mm&r=g\",\"caption\":\"Web del Maestro CMF\"},\"description\":\"Esta Web se cre\u00f3 sin fines de lucro, con fines educativos, cient\u00edficos y acad\u00e9micos, para personas que tengan dificultades y\\\/o inconvenientes en visualizar el material original. El objetivo es entregar recursos, compartir experiencias y materiales que ayuden a los padres de familia, maestros y estudiantes en su actualizaci\u00f3n y formaci\u00f3n permanente, en bien de la Educaci\u00f3n.\",\"sameAs\":[\"http:\\\/\\\/webdelmaestrocmf.com\\\/portal\",\"https:\\\/\\\/www.facebook.com\\\/WebdelMaestroCMF\\\/\",\"https:\\\/\\\/www.instagram.com\\\/wmcmf\\\/\",\"https:\\\/\\\/cl.linkedin.com\\\/company\\\/web-del-maestro-cmf\",\"https:\\\/\\\/www.pinterest.com\\\/WMCMF\\\/publicaciones\\\/\",\"https:\\\/\\\/x.com\\\/cmf_w\",\"https:\\\/\\\/www.youtube.com\\\/@WMCMF\"]}]}<\/script>\n<!-- \/ Yoast SEO plugin. -->","yoast_head_json":{"title":"[John Jairo Rinc\u00f3n] La unificaci\u00f3n de criterios pedag\u00f3gicos: la tarea educativa de la escuela claretiana - 2026","description":"Dice el Papa Francisco (2013) que este es el momento para que como cristianos nos preguntemos por la tarea que nos convoca en...","robots":{"index":"index","follow":"follow","max-snippet":"max-snippet:-1","max-image-preview":"max-image-preview:large","max-video-preview":"max-video-preview:-1"},"canonical":"https:\/\/webdelmaestrocmf.com\/portal\/john-jairo-rincon-la-unificacion-de-criterios-pedagogicos-la-tarea-educativa-de-la-escuela-claretiana\/","og_locale":"es_ES","og_type":"article","og_title":"[John Jairo Rinc\u00f3n] La unificaci\u00f3n de criterios pedag\u00f3gicos: la tarea educativa de la escuela claretiana - 2026","og_description":"Dice el Papa Francisco (2013) que este es el momento para que como cristianos nos preguntemos por la tarea que nos convoca en...","og_url":"https:\/\/webdelmaestrocmf.com\/portal\/john-jairo-rincon-la-unificacion-de-criterios-pedagogicos-la-tarea-educativa-de-la-escuela-claretiana\/","og_site_name":"Web del Maestro CMF","article_publisher":"https:\/\/www.facebook.com\/WebdelMaestroCMF\/","article_author":"https:\/\/www.facebook.com\/WebdelMaestroCMF\/","article_published_time":"2022-09-15T17:22:48+00:00","article_modified_time":"2022-09-16T00:48:54+00:00","og_image":[{"width":900,"height":556,"url":"https:\/\/i0.wp.com\/webdelmaestrocmf.com\/portal\/wp-content\/uploads\/2022\/09\/1-47.jpg?fit=900%2C556&ssl=1","type":"image\/jpeg"}],"author":"Web del Maestro CMF","twitter_card":"summary_large_image","twitter_creator":"@cmf_w","twitter_site":"@cmf_w","schema":{"@context":"https:\/\/schema.org","@graph":[{"@type":"ScholarlyArticle","@id":"https:\/\/webdelmaestrocmf.com\/portal\/john-jairo-rincon-la-unificacion-de-criterios-pedagogicos-la-tarea-educativa-de-la-escuela-claretiana\/#article","isPartOf":{"@id":"https:\/\/webdelmaestrocmf.com\/portal\/john-jairo-rincon-la-unificacion-de-criterios-pedagogicos-la-tarea-educativa-de-la-escuela-claretiana\/"},"author":{"name":"Web del Maestro CMF","@id":"https:\/\/webdelmaestrocmf.com\/portal\/#\/schema\/person\/1072a2ed7bd960df8ef99a551fa35dc5"},"headline":"[John Jairo Rinc\u00f3n] La unificaci\u00f3n de criterios pedag\u00f3gicos: la tarea educativa de la escuela claretiana","datePublished":"2022-09-15T17:22:48+00:00","dateModified":"2022-09-16T00:48:54+00:00","mainEntityOfPage":{"@id":"https:\/\/webdelmaestrocmf.com\/portal\/john-jairo-rincon-la-unificacion-de-criterios-pedagogicos-la-tarea-educativa-de-la-escuela-claretiana\/"},"wordCount":963,"commentCount":0,"publisher":{"@id":"https:\/\/webdelmaestrocmf.com\/portal\/#organization"},"image":{"@id":"https:\/\/webdelmaestrocmf.com\/portal\/john-jairo-rincon-la-unificacion-de-criterios-pedagogicos-la-tarea-educativa-de-la-escuela-claretiana\/#primaryimage"},"thumbnailUrl":"https:\/\/webdelmaestrocmf.com\/portal\/wp-content\/uploads\/2022\/09\/1-47.jpg","keywords":["claretiana","CRITERIOS","EDUCATIVA","escuela","John Jairo Rinc\u00f3n","PEDAG\u00d3GICOS","TAREA","unificaci\u00f3n"],"articleSection":["Z-Colaboradores","Z-Colaboraldores-John Jairo Rinc\u00f3n"],"inLanguage":"es","potentialAction":[{"@type":"CommentAction","name":"Comment","target":["https:\/\/webdelmaestrocmf.com\/portal\/john-jairo-rincon-la-unificacion-de-criterios-pedagogicos-la-tarea-educativa-de-la-escuela-claretiana\/#respond"]}]},{"@type":"WebPage","@id":"https:\/\/webdelmaestrocmf.com\/portal\/john-jairo-rincon-la-unificacion-de-criterios-pedagogicos-la-tarea-educativa-de-la-escuela-claretiana\/","url":"https:\/\/webdelmaestrocmf.com\/portal\/john-jairo-rincon-la-unificacion-de-criterios-pedagogicos-la-tarea-educativa-de-la-escuela-claretiana\/","name":"[John Jairo Rinc\u00f3n] La unificaci\u00f3n de criterios pedag\u00f3gicos: la tarea educativa de la escuela claretiana - 2026","isPartOf":{"@id":"https:\/\/webdelmaestrocmf.com\/portal\/#website"},"primaryImageOfPage":{"@id":"https:\/\/webdelmaestrocmf.com\/portal\/john-jairo-rincon-la-unificacion-de-criterios-pedagogicos-la-tarea-educativa-de-la-escuela-claretiana\/#primaryimage"},"image":{"@id":"https:\/\/webdelmaestrocmf.com\/portal\/john-jairo-rincon-la-unificacion-de-criterios-pedagogicos-la-tarea-educativa-de-la-escuela-claretiana\/#primaryimage"},"thumbnailUrl":"https:\/\/webdelmaestrocmf.com\/portal\/wp-content\/uploads\/2022\/09\/1-47.jpg","datePublished":"2022-09-15T17:22:48+00:00","dateModified":"2022-09-16T00:48:54+00:00","description":"Dice el Papa Francisco (2013) que este es el momento para que como cristianos nos preguntemos por la tarea que nos convoca en...","breadcrumb":{"@id":"https:\/\/webdelmaestrocmf.com\/portal\/john-jairo-rincon-la-unificacion-de-criterios-pedagogicos-la-tarea-educativa-de-la-escuela-claretiana\/#breadcrumb"},"inLanguage":"es","potentialAction":[{"@type":"ReadAction","target":["https:\/\/webdelmaestrocmf.com\/portal\/john-jairo-rincon-la-unificacion-de-criterios-pedagogicos-la-tarea-educativa-de-la-escuela-claretiana\/"]}]},{"@type":"ImageObject","inLanguage":"es","@id":"https:\/\/webdelmaestrocmf.com\/portal\/john-jairo-rincon-la-unificacion-de-criterios-pedagogicos-la-tarea-educativa-de-la-escuela-claretiana\/#primaryimage","url":"https:\/\/webdelmaestrocmf.com\/portal\/wp-content\/uploads\/2022\/09\/1-47.jpg","contentUrl":"https:\/\/webdelmaestrocmf.com\/portal\/wp-content\/uploads\/2022\/09\/1-47.jpg","width":900,"height":556},{"@type":"BreadcrumbList","@id":"https:\/\/webdelmaestrocmf.com\/portal\/john-jairo-rincon-la-unificacion-de-criterios-pedagogicos-la-tarea-educativa-de-la-escuela-claretiana\/#breadcrumb","itemListElement":[{"@type":"ListItem","position":1,"name":"Portada","item":"https:\/\/webdelmaestrocmf.com\/portal\/"},{"@type":"ListItem","position":2,"name":"Z-Colaboradores","item":"https:\/\/webdelmaestrocmf.com\/portal\/category\/colaborador\/"},{"@type":"ListItem","position":3,"name":"[John Jairo Rinc\u00f3n] La unificaci\u00f3n de criterios pedag\u00f3gicos: la tarea educativa de la escuela claretiana"}]},{"@type":"WebSite","@id":"https:\/\/webdelmaestrocmf.com\/portal\/#website","url":"https:\/\/webdelmaestrocmf.com\/portal\/","name":"Web del Maestro CMF","description":"Maestros al servicio de la educaci\u00f3n","publisher":{"@id":"https:\/\/webdelmaestrocmf.com\/portal\/#organization"},"alternateName":"WMCMF","potentialAction":[{"@type":"SearchAction","target":{"@type":"EntryPoint","urlTemplate":"https:\/\/webdelmaestrocmf.com\/portal\/?s={search_term_string}"},"query-input":{"@type":"PropertyValueSpecification","valueRequired":true,"valueName":"search_term_string"}}],"inLanguage":"es"},{"@type":"Organization","@id":"https:\/\/webdelmaestrocmf.com\/portal\/#organization","name":"Web del Maestro CMF","alternateName":"WMCMF","url":"https:\/\/webdelmaestrocmf.com\/portal\/","logo":{"@type":"ImageObject","inLanguage":"es","@id":"https:\/\/webdelmaestrocmf.com\/portal\/#\/schema\/logo\/image\/","url":"https:\/\/webdelmaestrocmf.com\/portal\/wp-content\/uploads\/2023\/01\/logo-wmcmf-2.png","contentUrl":"https:\/\/webdelmaestrocmf.com\/portal\/wp-content\/uploads\/2023\/01\/logo-wmcmf-2.png","width":200,"height":60,"caption":"Web del Maestro CMF"},"image":{"@id":"https:\/\/webdelmaestrocmf.com\/portal\/#\/schema\/logo\/image\/"},"sameAs":["https:\/\/www.facebook.com\/WebdelMaestroCMF\/","https:\/\/x.com\/cmf_w","https:\/\/www.pinterest.com\/WMCMF\/","https:\/\/www.linkedin.com\/company\/web-del-maestro-cmf\/","https:\/\/www.instagram.com\/wmcmf\/","https:\/\/www.youtube.com\/channel\/UCDPSvjbdodE5sHnC3OxutHw","https:\/\/mastodon.social\/@wmcmf","https:\/\/www.tiktok.com\/@webdelmaestrocmf"]},{"@type":"Person","@id":"https:\/\/webdelmaestrocmf.com\/portal\/#\/schema\/person\/1072a2ed7bd960df8ef99a551fa35dc5","name":"Web del Maestro CMF","image":{"@type":"ImageObject","inLanguage":"es","@id":"https:\/\/secure.gravatar.com\/avatar\/23291dd5b5ae1077dcff3dbb04c3e02bd28403fa75af6d8787d5e97c5bbbe30b?s=96&d=mm&r=g","url":"https:\/\/secure.gravatar.com\/avatar\/23291dd5b5ae1077dcff3dbb04c3e02bd28403fa75af6d8787d5e97c5bbbe30b?s=96&d=mm&r=g","contentUrl":"https:\/\/secure.gravatar.com\/avatar\/23291dd5b5ae1077dcff3dbb04c3e02bd28403fa75af6d8787d5e97c5bbbe30b?s=96&d=mm&r=g","caption":"Web del Maestro CMF"},"description":"Esta Web se cre\u00f3 sin fines de lucro, con fines educativos, cient\u00edficos y acad\u00e9micos, para personas que tengan dificultades y\/o inconvenientes en visualizar el material original. El objetivo es entregar recursos, compartir experiencias y materiales que ayuden a los padres de familia, maestros y estudiantes en su actualizaci\u00f3n y formaci\u00f3n permanente, en bien de la Educaci\u00f3n.","sameAs":["http:\/\/webdelmaestrocmf.com\/portal","https:\/\/www.facebook.com\/WebdelMaestroCMF\/","https:\/\/www.instagram.com\/wmcmf\/","https:\/\/cl.linkedin.com\/company\/web-del-maestro-cmf","https:\/\/www.pinterest.com\/WMCMF\/publicaciones\/","https:\/\/x.com\/cmf_w","https:\/\/www.youtube.com\/@WMCMF"]}]}},"jetpack_featured_media_url":"https:\/\/webdelmaestrocmf.com\/portal\/wp-content\/uploads\/2022\/09\/1-47.jpg","jetpack_sharing_enabled":true,"jetpack-related-posts":[{"id":80593,"url":"https:\/\/webdelmaestrocmf.com\/portal\/john-jairo-rincon-las-habilidades-investigativas-en-el-mundo-de-la-informacion\/","url_meta":{"origin":80313,"position":0},"title":"[John Jairo Rinc\u00f3n] Las habilidades investigativas en el mundo de la informaci\u00f3n","author":"Web del Maestro CMF","date":"26 septiembre, 2022","format":false,"excerpt":"El ser humano, haciendo un recuento de su desarrollo intelectual, ha pasado por varias etapas de la comunicaci\u00f3n. Cada una de ellas lo ha acercado al conocimiento, como resultado de su \u00e9poca o de su momento hist\u00f3rico. En alg\u00fan momento de su vida, por ejemplo, prim\u00f3 en su d\u00eda a\u2026","rel":"","context":"En \u00abZ-Colaboradores\u00bb","block_context":{"text":"Z-Colaboradores","link":"https:\/\/webdelmaestrocmf.com\/portal\/category\/colaborador\/"},"img":{"alt_text":"","src":"https:\/\/i0.wp.com\/webdelmaestrocmf.com\/portal\/wp-content\/uploads\/2022\/09\/1-65.jpg?resize=350%2C200&ssl=1","width":350,"height":200,"srcset":"https:\/\/i0.wp.com\/webdelmaestrocmf.com\/portal\/wp-content\/uploads\/2022\/09\/1-65.jpg?resize=350%2C200&ssl=1 1x, https:\/\/i0.wp.com\/webdelmaestrocmf.com\/portal\/wp-content\/uploads\/2022\/09\/1-65.jpg?resize=525%2C300&ssl=1 1.5x, https:\/\/i0.wp.com\/webdelmaestrocmf.com\/portal\/wp-content\/uploads\/2022\/09\/1-65.jpg?resize=700%2C400&ssl=1 2x"},"classes":[]},{"id":33018,"url":"https:\/\/webdelmaestrocmf.com\/portal\/proyecto-educativo-cmf-construccion-y-estructuracion-educativa-en-congo\/","url_meta":{"origin":80313,"position":1},"title":"[PROYECTO EDUCATIVO CMF] CONSTRUCCI\u00d3N Y ESTRUCTURACI\u00d3N EDUCATIVA EN CONGO","author":"Web del Maestro CMF","date":"14 noviembre, 2018","format":false,"excerpt":"Siete Colegios Claretianos de la Provincia de Santiago (Espa\u00f1a), van a trabajar juntos en una misma campa\u00f1a: \u201cSomos Misioneros Claretianos en \u00c1frica\u201d. Una campa\u00f1a que tiene como semilla un proyecto de desarrollo, que pretende acercar, a cada una de estas siete comunidades educativas espa\u00f1olas, a una realidad concreta de ni\u00f1os\u2026","rel":"","context":"En \u00abINTER\u00c9S\u00bb","block_context":{"text":"INTER\u00c9S","link":"https:\/\/webdelmaestrocmf.com\/portal\/category\/noticias-educacion\/"},"img":{"alt_text":"","src":"https:\/\/i0.wp.com\/webdelmaestrocmf.com\/portal\/wp-content\/uploads\/2018\/11\/1-20.jpg?resize=350%2C200&ssl=1","width":350,"height":200,"srcset":"https:\/\/i0.wp.com\/webdelmaestrocmf.com\/portal\/wp-content\/uploads\/2018\/11\/1-20.jpg?resize=350%2C200&ssl=1 1x, https:\/\/i0.wp.com\/webdelmaestrocmf.com\/portal\/wp-content\/uploads\/2018\/11\/1-20.jpg?resize=525%2C300&ssl=1 1.5x, https:\/\/i0.wp.com\/webdelmaestrocmf.com\/portal\/wp-content\/uploads\/2018\/11\/1-20.jpg?resize=700%2C400&ssl=1 2x, https:\/\/i0.wp.com\/webdelmaestrocmf.com\/portal\/wp-content\/uploads\/2018\/11\/1-20.jpg?resize=1050%2C600&ssl=1 3x"},"classes":[]},{"id":35575,"url":"https:\/\/webdelmaestrocmf.com\/portal\/cinco-colegios-claret-cmf-entre-los-100-mejores-colegios-de-espana\/","url_meta":{"origin":80313,"position":2},"title":"Cinco colegios Claret (CMF) entre los 100 mejores colegios de Espa\u00f1a","author":"Web del Maestro CMF","date":"9 marzo, 2019","format":false,"excerpt":"Seg\u00fan la publicaci\u00f3n del diario El Mundo (Espa\u00f1a) se hace conocer \"Los 100 mejores colegios\" de Espa\u00f1a, fruto de un an\u00e1lisis pormenorizado de m\u00e1s de un millar de escuelas siguiendo 27 criterios. Estos colegios han logrado los puntajes m\u00e1s altos luego de una evaluaci\u00f3n en tres puntos o \u00e1reas de\u2026","rel":"","context":"En \u00abComunicados\u00bb","block_context":{"text":"Comunicados","link":"https:\/\/webdelmaestrocmf.com\/portal\/category\/cmf\/"},"img":{"alt_text":"","src":"https:\/\/i0.wp.com\/webdelmaestrocmf.com\/portal\/wp-content\/uploads\/2019\/03\/1-21.jpg?resize=350%2C200&ssl=1","width":350,"height":200,"srcset":"https:\/\/i0.wp.com\/webdelmaestrocmf.com\/portal\/wp-content\/uploads\/2019\/03\/1-21.jpg?resize=350%2C200&ssl=1 1x, https:\/\/i0.wp.com\/webdelmaestrocmf.com\/portal\/wp-content\/uploads\/2019\/03\/1-21.jpg?resize=525%2C300&ssl=1 1.5x, https:\/\/i0.wp.com\/webdelmaestrocmf.com\/portal\/wp-content\/uploads\/2019\/03\/1-21.jpg?resize=700%2C400&ssl=1 2x, https:\/\/i0.wp.com\/webdelmaestrocmf.com\/portal\/wp-content\/uploads\/2019\/03\/1-21.jpg?resize=1050%2C600&ssl=1 3x"},"classes":[]},{"id":114162,"url":"https:\/\/webdelmaestrocmf.com\/portal\/madre-de-familia-le-pide-a-la-maestra-que-deje-de-enviarle-mucha-tarea-a-su-hija-asi-no-va-a-aprender-se-va-a-fastidiar\/","url_meta":{"origin":80313,"position":3},"title":"Madre de familia le pide a la maestra que deje de enviarle mucha tarea a su hija: \u201cAs\u00ed no va a aprender, se va a fastidiar\u201d","author":"Web del Maestro CMF","date":"17 diciembre, 2025","format":false,"excerpt":"Cuando la familia cuestiona la tarea sin contexto, se debilita la autoridad docente y se perjudica la responsabilidad y autonom\u00eda del alumno.","rel":"","context":"En \u00abNoticias Internacionales\u00bb","block_context":{"text":"Noticias Internacionales","link":"https:\/\/webdelmaestrocmf.com\/portal\/category\/noticias-internacionales\/"},"img":{"alt_text":"","src":"https:\/\/i0.wp.com\/webdelmaestrocmf.com\/portal\/wp-content\/uploads\/2025\/12\/1A-Banner-1-portada-imagen-10-1-copia-8-1.webp?resize=350%2C200&ssl=1","width":350,"height":200,"srcset":"https:\/\/i0.wp.com\/webdelmaestrocmf.com\/portal\/wp-content\/uploads\/2025\/12\/1A-Banner-1-portada-imagen-10-1-copia-8-1.webp?resize=350%2C200&ssl=1 1x, https:\/\/i0.wp.com\/webdelmaestrocmf.com\/portal\/wp-content\/uploads\/2025\/12\/1A-Banner-1-portada-imagen-10-1-copia-8-1.webp?resize=525%2C300&ssl=1 1.5x, https:\/\/i0.wp.com\/webdelmaestrocmf.com\/portal\/wp-content\/uploads\/2025\/12\/1A-Banner-1-portada-imagen-10-1-copia-8-1.webp?resize=700%2C400&ssl=1 2x"},"classes":[]},{"id":113589,"url":"https:\/\/webdelmaestrocmf.com\/portal\/papa-leon-xiv-las-tecnologias-deben-servir-a-la-persona-no-sustituirla-enriquecer-el-proceso-de-aprendizaje-las-relaciones-y-las-comunidades-educar-es-una-tarea-de-amor-que-se-transmite-de-genera\/","url_meta":{"origin":80313,"position":4},"title":"Papa Le\u00f3n XIV: Las tecnolog\u00edas deben servir a la persona, no sustituirla; enriquecer el proceso de aprendizaje, las relaciones y las comunidades. Educar es una tarea de amor que se transmite de generaci\u00f3n en generaci\u00f3n","author":"Web del Maestro CMF","date":"23 noviembre, 2025","format":false,"excerpt":"La educaci\u00f3n cristiana integra fe, raz\u00f3n y comunidad; la tecnolog\u00eda acompa\u00f1a, no sustituye, transmitiendo amor y esperanza generacional.","rel":"","context":"En \u00abMundo cart\u00f3lico\u00bb","block_context":{"text":"Mundo cart\u00f3lico","link":"https:\/\/webdelmaestrocmf.com\/portal\/category\/pastoral\/"},"img":{"alt_text":"","src":"https:\/\/i0.wp.com\/webdelmaestrocmf.com\/portal\/wp-content\/uploads\/2025\/11\/1A-Banner-1-portada-imagen-10-1-copia-17.webp?resize=350%2C200&ssl=1","width":350,"height":200,"srcset":"https:\/\/i0.wp.com\/webdelmaestrocmf.com\/portal\/wp-content\/uploads\/2025\/11\/1A-Banner-1-portada-imagen-10-1-copia-17.webp?resize=350%2C200&ssl=1 1x, https:\/\/i0.wp.com\/webdelmaestrocmf.com\/portal\/wp-content\/uploads\/2025\/11\/1A-Banner-1-portada-imagen-10-1-copia-17.webp?resize=525%2C300&ssl=1 1.5x, https:\/\/i0.wp.com\/webdelmaestrocmf.com\/portal\/wp-content\/uploads\/2025\/11\/1A-Banner-1-portada-imagen-10-1-copia-17.webp?resize=700%2C400&ssl=1 2x"},"classes":[]},{"id":15895,"url":"https:\/\/webdelmaestrocmf.com\/portal\/integracion-las-tics-la-ensenanza\/","url_meta":{"origin":80313,"position":5},"title":"Integraci\u00f3n de las TICS a la ense\u00f1anza &#8211; Infograf\u00eda","author":"Web del Maestro CMF","date":"11 marzo, 2017","format":false,"excerpt":"Es beneficioso tener un tiempo leer para aportes como \u00e9stos, pues, aunque son largos y acreditados; lo m\u00e1s importante es socializarlos en la comunidad educativa que se valora de actualizada. Como nos dice el documento que compartimos, con fines \u00fanicamente educativos \u2013 pastorales, ya no podemos dejar para despu\u00e9s, las\u2026","rel":"","context":"En \u00abRecursos\u00bb","block_context":{"text":"Recursos","link":"https:\/\/webdelmaestrocmf.com\/portal\/category\/pedagogia\/"},"img":{"alt_text":"","src":"https:\/\/i0.wp.com\/webdelmaestrocmf.com\/portal\/wp-content\/uploads\/2022\/01\/1-51.jpg?resize=350%2C200&ssl=1","width":350,"height":200,"srcset":"https:\/\/i0.wp.com\/webdelmaestrocmf.com\/portal\/wp-content\/uploads\/2022\/01\/1-51.jpg?resize=350%2C200&ssl=1 1x, https:\/\/i0.wp.com\/webdelmaestrocmf.com\/portal\/wp-content\/uploads\/2022\/01\/1-51.jpg?resize=525%2C300&ssl=1 1.5x, https:\/\/i0.wp.com\/webdelmaestrocmf.com\/portal\/wp-content\/uploads\/2022\/01\/1-51.jpg?resize=700%2C400&ssl=1 2x, https:\/\/i0.wp.com\/webdelmaestrocmf.com\/portal\/wp-content\/uploads\/2022\/01\/1-51.jpg?resize=1050%2C600&ssl=1 3x"},"classes":[]}],"_links":{"self":[{"href":"https:\/\/webdelmaestrocmf.com\/portal\/wp-json\/wp\/v2\/posts\/80313","targetHints":{"allow":["GET"]}}],"collection":[{"href":"https:\/\/webdelmaestrocmf.com\/portal\/wp-json\/wp\/v2\/posts"}],"about":[{"href":"https:\/\/webdelmaestrocmf.com\/portal\/wp-json\/wp\/v2\/types\/post"}],"author":[{"embeddable":true,"href":"https:\/\/webdelmaestrocmf.com\/portal\/wp-json\/wp\/v2\/users\/1"}],"replies":[{"embeddable":true,"href":"https:\/\/webdelmaestrocmf.com\/portal\/wp-json\/wp\/v2\/comments?post=80313"}],"version-history":[{"count":0,"href":"https:\/\/webdelmaestrocmf.com\/portal\/wp-json\/wp\/v2\/posts\/80313\/revisions"}],"wp:featuredmedia":[{"embeddable":true,"href":"https:\/\/webdelmaestrocmf.com\/portal\/wp-json\/wp\/v2\/media\/80315"}],"wp:attachment":[{"href":"https:\/\/webdelmaestrocmf.com\/portal\/wp-json\/wp\/v2\/media?parent=80313"}],"wp:term":[{"taxonomy":"category","embeddable":true,"href":"https:\/\/webdelmaestrocmf.com\/portal\/wp-json\/wp\/v2\/categories?post=80313"},{"taxonomy":"post_tag","embeddable":true,"href":"https:\/\/webdelmaestrocmf.com\/portal\/wp-json\/wp\/v2\/tags?post=80313"}],"curies":[{"name":"wp","href":"https:\/\/api.w.org\/{rel}","templated":true}]}}