{"id":80216,"date":"2022-09-11T20:31:41","date_gmt":"2022-09-11T23:31:41","guid":{"rendered":"https:\/\/webdelmaestrocmf.com\/portal\/?p=80216"},"modified":"2025-12-28T00:34:14","modified_gmt":"2025-12-28T03:34:14","slug":"rebeca-anijovich-como-sabemos-que-nuestros-estudiantes-estan-aprendiendo","status":"publish","type":"post","link":"https:\/\/webdelmaestrocmf.com\/portal\/rebeca-anijovich-como-sabemos-que-nuestros-estudiantes-estan-aprendiendo\/","title":{"rendered":"Rebeca Anijovich: \u00bfC\u00f3mo sabemos que nuestros estudiantes est\u00e1n aprendiendo?"},"content":{"rendered":"\n<p>La primera charla estuvo a cargo de la mag\u00edster Rebeca Anijovich y fue titulada como \u00ab\u00bfC\u00f3mo sabemos que nuestros estudiantes est\u00e1n aprendiendo?&#8230;\u00bb. Fue apreciada en vivo por interesados de distintos lugares del pa\u00eds y Latinoam\u00e9rica. Luego, las reproducciones llegaron a superar las 54 mil vistas.<\/p>\n\n\n\n<!--more-->\n\n\n\n<p>El Instituto del Rosario, comenz\u00f3 a desarrollar un Ciclo de Conferencias gratuitas para la formaci\u00f3n docente. El objetivo del mismo es ofrecer capacitaciones para docentes.<\/p>\n\n\n\n<p>El Nivel Superior del Instituto del Rosario comenz\u00f3 con el proyecto de formaci\u00f3n docente en el 2019, apuntando a la mejora de las pr\u00e1cticas y en ese marco se plantearon l\u00edneas de acci\u00f3n prioritarias, como evaluaci\u00f3n formativa y retroalimentaci\u00f3n. El 2020, reconfigur\u00f3 el mapa de trabajo docente, por lo que se decidi\u00f3 abrir a la comunidad docente este proyecto. Brindando herramientas para aprender, comunicar y ser docente en el contexto de la pandemia.<\/p>\n\n\n\n<p>El Ciclo inici\u00f3 con la conferencia de la mag\u00edster<strong>&nbsp;Rebeca Anijovich<\/strong>, titulada como \u00ab\u00bfC\u00f3mo sabemos que nuestros estudiantes est\u00e1n aprendiendo? Evaluar procesos y retroalimentar sin presencialidad\u00bb<em>.&nbsp;<\/em>Este evento, cont\u00f3 con la asistencia virtual de m\u00e1s de 14 mil espectadores de distintas partes del pa\u00eds y de Latinoam\u00e9rica. Horas despu\u00e9s, la charla del Instituto registr\u00f3&nbsp; m\u00e1s 54 mil reproducciones.<\/p>\n\n\n\n<figure class=\"wp-block-image\"><img loading=\"lazy\" decoding=\"async\" width=\"1024\" height=\"576\" src=\"https:\/\/webdelmaestrocmf.com\/portal\/wp-content\/uploads\/2022\/09\/57b5cf055d604.webp\" alt=\"Rebeca Anijovich\" class=\"wp-image-96932\" srcset=\"https:\/\/webdelmaestrocmf.com\/portal\/wp-content\/uploads\/2022\/09\/57b5cf055d604.webp 1024w, https:\/\/webdelmaestrocmf.com\/portal\/wp-content\/uploads\/2022\/09\/57b5cf055d604-300x169.webp 300w, https:\/\/webdelmaestrocmf.com\/portal\/wp-content\/uploads\/2022\/09\/57b5cf055d604-768x432.webp 768w, https:\/\/webdelmaestrocmf.com\/portal\/wp-content\/uploads\/2022\/09\/57b5cf055d604-380x214.webp 380w, https:\/\/webdelmaestrocmf.com\/portal\/wp-content\/uploads\/2022\/09\/57b5cf055d604-550x309.webp 550w, https:\/\/webdelmaestrocmf.com\/portal\/wp-content\/uploads\/2022\/09\/57b5cf055d604-800x450.webp 800w\" sizes=\"auto, (max-width: 1024px) 100vw, 1024px\" \/><\/figure>\n\n\n\n<p><\/p>\n\n\n\n<h5 class=\"wp-block-heading\">La importancia de la empat\u00eda<\/h5>\n\n\n\n<p>Anijovich es profesora en Ciencias de la Educaci\u00f3n y Psicolog\u00eda del Instituto Nacional del Profesorado Joaqu\u00edn V. Gonz\u00e1lez. Es especialista y mag\u00edster en Formaci\u00f3n de Formadores de la Universidad de Buenos Aires.<\/p>\n\n\n\n<p>Actualmente, est\u00e1 a cargo de las c\u00e1tedras de Observaci\u00f3n y Pr\u00e1ctica y Residencia Docente en el Profesorado de Ciencias Jur\u00eddicas de la UBA. Es tutora de los cursos en l\u00ednea de Ense\u00f1anza para la Comprensi\u00f3n, de la Escuela de Educaci\u00f3n de Harvard, y docente invitada en la Universidad de San Andr\u00e9s. Al mismo tiempo, es codirectora del Post\u00edtulo de Actualizaci\u00f3n Acad\u00e9mica en \u201cLos nuevos desaf\u00edos de la docencia\u201d, de la Escuela de Educaci\u00f3n de la Universidad de San Andr\u00e9s.<\/p>\n\n\n\n<p>Hacia el final, la disertante remarc\u00f3 la importancia de la empat\u00eda, \u00abesa capacidad de ponernos en el lugar del otro, la importancia de no perder el v\u00ednculo con el estudiante, ese v\u00ednculo es el que le permite al estudiante aprender, organizarse, pero sobre todo entender el contexto que estamos viviendo. La retroalimentaci\u00f3n se vuelve tan importante en el entorno virtual, para poder darle contenci\u00f3n del alumno\u00bb. \u00abLa empat\u00eda\u00bb, dijo Anijovich, \u00abes decirle al alumno \u00a1aqu\u00ed estoy!\u00bb<em>.<\/em><\/p>\n\n\n\n<p>A continuaci\u00f3n les dejamos con la charla completa que realiz\u00f3 la profesora Rebeca Anijovich sobre \u00bfC\u00f3mo sabemos que nuestros estudiantes est\u00e1n aprendiendo?. Esperamos que les sea de utilidad.<\/p>\n\n\n\n<p><iframe loading=\"lazy\" title=\"Rebeca Anijovich \u00bfC\u00f3mo sabemos que nuestros estudiantes est\u00e1n aprendiendo?\" src=\"https:\/\/www.youtube.com\/embed\/UAqQbeus2dc\" width=\"100%\" height=\"400\" frameborder=\"0\" allowfullscreen=\"allowfullscreen\"><span data-mce-type=\"bookmark\" style=\"display: inline-block; width: 0px; overflow: hidden; line-height: 0;\" class=\"mce_SELRES_start\">\ufeff<\/span><\/iframe><\/p>\n\n\n\n<p><strong>Este contenido ha sido publicado originalmente por El Diario en la siguiente direcci\u00f3n: <a href=\"https:\/\/www.eldiariocba.com.ar\/villa-nueva\/2022\/9\/11\/fotos-inicio-el-campeonato-nacional-de-asadores-la-estaca-80194.html\" target=\"_blank\" rel=\"noopener\">eldiariocba.com.ar<\/a><\/strong><\/p>\n\n\n\t\t<div class=\"pk-inline-posts\">\n\t\t\t\n\t\t\t<div class=\"pk-inline-posts-container pk-inline-posts-template-list\"\n\t\t\t\tdata-columns=\"1\">\n\t\t\t\t\t\t<article id=\"post-118510\" class=\"post-118510 post type-post status-publish format-standard has-post-thumbnail category-entrevistas category-noticias tag-aprendizaje tag-aula tag-docentes tag-educacion-2 tag-estudiantes tag-filosofia-2 tag-formacion-2 tag-inteligencia tag-jose-antonio-marina tag-pedagogia-2 tag-pensamiento-critico-2 cs-entry cs-video-wrap\">\n\t\t\t<div class=\"pk-post-outer\">\n\n\t\t\t\t\t\t\t\t<div class=\"pk-post-inner\">\n\t\t\t\t\t<div class=\"entry-thumbnail\">\n\t\t\t\t\t\t<div class=\"pk-overlay pk-overlay-ratio pk-ratio-landscape\">\n\t\t\t\t\t\t\t<div class=\"pk-overlay-background\">\n\t\t\t\t\t\t\t\t<a href=\"https:\/\/webdelmaestrocmf.com\/portal\/jose-antonio-marina-si-no-teneis-pensamiento-critico-o-si-no-hay-pensamiento-critico-la-manipulacion-va-a-ser-muy-sencilla\/\" class=\"pk-overlay-link\">\n\t\t\t\t\t\t\t\t\t<img loading=\"lazy\" decoding=\"async\" width=\"300\" height=\"225\" src=\"https:\/\/webdelmaestrocmf.com\/portal\/wp-content\/uploads\/2026\/04\/1AA-Banner-1-portada-imagen-10-1-copia-5-6-300x225.webp\" class=\"attachment-pk-thumbnail size-pk-thumbnail wp-post-image\" alt=\"\" \/>\t\t\t\t\t\t\t\t<\/a>\n\t\t\t\t\t\t\t<\/div>\n\t\t\t\t\t\t<\/div>\n\t\t\t\t\t<\/div>\n\t\t\t\t<\/div>\n\t\t\t\t\n\t\t\t\t<div class=\"pk-post-inner\">\n\t\t\t\t\t<header>\n\t\t\t\t\t\t<h3 class=\"pk-title\"><a href=\"https:\/\/webdelmaestrocmf.com\/portal\/jose-antonio-marina-si-no-teneis-pensamiento-critico-o-si-no-hay-pensamiento-critico-la-manipulacion-va-a-ser-muy-sencilla\/\" rel=\"bookmark\">Jos\u00e9 Antonio Marina: Si no ten\u00e9is pensamiento cr\u00edtico, o si no hay pensamiento cr\u00edtico, la manipulaci\u00f3n va a ser muy sencilla<\/a><\/h3>\t\t\t\t\t<\/header><!-- .entry-header -->\n\t\t\t\t<\/div><!-- .post-inner -->\n\n\t\t\t<\/div><!-- .post-outer -->\n\t\t<\/article>\n\t\t\t<article id=\"post-113504\" class=\"post-113504 post type-post status-publish format-standard has-post-thumbnail category-entrevistas category-noticias tag-alumno tag-begona-ibarrola-2 tag-desmotivado tag-vago cs-entry cs-video-wrap\">\n\t\t\t<div class=\"pk-post-outer\">\n\n\t\t\t\t\t\t\t\t<div class=\"pk-post-inner\">\n\t\t\t\t\t<div class=\"entry-thumbnail\">\n\t\t\t\t\t\t<div class=\"pk-overlay pk-overlay-ratio pk-ratio-landscape\">\n\t\t\t\t\t\t\t<div class=\"pk-overlay-background\">\n\t\t\t\t\t\t\t\t<a href=\"https:\/\/webdelmaestrocmf.com\/portal\/begona-ibarrola-debemos-distinguir-entre-un-alumno-verdaderamente-vago-y-uno-que-esta-desmotivado-porque-anticipa-el-fracaso\/\" class=\"pk-overlay-link\">\n\t\t\t\t\t\t\t\t\t<img loading=\"lazy\" decoding=\"async\" width=\"300\" height=\"225\" src=\"https:\/\/webdelmaestrocmf.com\/portal\/wp-content\/uploads\/2025\/11\/1AA-Banner-1-portada-imagen-10-1-copia-3-300x225.webp\" class=\"attachment-pk-thumbnail size-pk-thumbnail wp-post-image\" alt=\"\" \/>\t\t\t\t\t\t\t\t<\/a>\n\t\t\t\t\t\t\t<\/div>\n\t\t\t\t\t\t<\/div>\n\t\t\t\t\t<\/div>\n\t\t\t\t<\/div>\n\t\t\t\t\n\t\t\t\t<div class=\"pk-post-inner\">\n\t\t\t\t\t<header>\n\t\t\t\t\t\t<h3 class=\"pk-title\"><a href=\"https:\/\/webdelmaestrocmf.com\/portal\/begona-ibarrola-debemos-distinguir-entre-un-alumno-verdaderamente-vago-y-uno-que-esta-desmotivado-porque-anticipa-el-fracaso\/\" rel=\"bookmark\">Bego\u00f1a Ibarrola: Debemos distinguir entre un alumno verdaderamente vago y uno que est\u00e1 desmotivado porque anticipa el fracaso<\/a><\/h3>\t\t\t\t\t<\/header><!-- .entry-header -->\n\t\t\t\t<\/div><!-- .post-inner -->\n\n\t\t\t<\/div><!-- .post-outer -->\n\t\t<\/article>\n\t\t\t<article id=\"post-118480\" class=\"post-118480 post type-post status-publish format-standard has-post-thumbnail category-entrevistas category-noticias tag-aprendizaje tag-autonomia-3 tag-desarrollo tag-docentes tag-educacion-2 tag-ensenanza-2 tag-escuela tag-infancia tag-juego tag-pedagogia-2 cs-entry cs-video-wrap\">\n\t\t\t<div class=\"pk-post-outer\">\n\n\t\t\t\t\t\t\t\t<div class=\"pk-post-inner\">\n\t\t\t\t\t<div class=\"entry-thumbnail\">\n\t\t\t\t\t\t<div class=\"pk-overlay pk-overlay-ratio pk-ratio-landscape\">\n\t\t\t\t\t\t\t<div class=\"pk-overlay-background\">\n\t\t\t\t\t\t\t\t<a href=\"https:\/\/webdelmaestrocmf.com\/portal\/francesco-tonucci-hoy-la-escuela-esta-asumiendo-un-error-fatal-que-es-hacer-mas-un-papel-de-ninera-que-de-estructura-educativa\/\" class=\"pk-overlay-link\">\n\t\t\t\t\t\t\t\t\t<img loading=\"lazy\" decoding=\"async\" width=\"300\" height=\"225\" src=\"https:\/\/webdelmaestrocmf.com\/portal\/wp-content\/uploads\/2026\/04\/1AA-Banner-1-portada-imagen-10-1-copia-2-9-300x225.webp\" class=\"attachment-pk-thumbnail size-pk-thumbnail wp-post-image\" alt=\"\" \/>\t\t\t\t\t\t\t\t<\/a>\n\t\t\t\t\t\t\t<\/div>\n\t\t\t\t\t\t<\/div>\n\t\t\t\t\t<\/div>\n\t\t\t\t<\/div>\n\t\t\t\t\n\t\t\t\t<div class=\"pk-post-inner\">\n\t\t\t\t\t<header>\n\t\t\t\t\t\t<h3 class=\"pk-title\"><a href=\"https:\/\/webdelmaestrocmf.com\/portal\/francesco-tonucci-hoy-la-escuela-esta-asumiendo-un-error-fatal-que-es-hacer-mas-un-papel-de-ninera-que-de-estructura-educativa\/\" rel=\"bookmark\">Francesco Tonucci: Hoy la escuela est\u00e1 asumiendo un error fatal que es hacer m\u00e1s un papel de ni\u00f1era que de estructura educativa<\/a><\/h3>\t\t\t\t\t<\/header><!-- .entry-header -->\n\t\t\t\t<\/div><!-- .post-inner -->\n\n\t\t\t<\/div><!-- .post-outer -->\n\t\t<\/article>\n\t\t\t\t<\/div>\n\t\t<\/div>\n\t\t\n","protected":false},"excerpt":{"rendered":"La primera charla estuvo a cargo de la mag\u00edster Rebeca Anijovich y fue titulada como \u00ab\u00bfC\u00f3mo sabemos que&hellip;","protected":false},"author":1,"featured_media":89580,"comment_status":"open","ping_status":"closed","sticky":false,"template":"","format":"standard","meta":{"csco_display_header_overlay":false,"csco_singular_sidebar":"disabled","csco_page_header_type":"large","csco_page_load_nextpost":"default","csco_post_video_location":[],"csco_post_video_location_hash":"","csco_post_video_url":"","csco_post_video_bg_start_time":0,"csco_post_video_bg_end_time":0,"csco_post_video_bg_volume":false,"_jetpack_memberships_contains_paid_content":false,"footnotes":""},"categories":[48,47],"tags":[2836,96,3122,14945,14946],"class_list":{"0":"post-80216","1":"post","2":"type-post","3":"status-publish","4":"format-standard","5":"has-post-thumbnail","7":"category-entrevistas","8":"category-noticias","9":"tag-aprendiendo","10":"tag-estudiantes","11":"tag-nuestros","12":"tag-rebeca-anijovich","13":"tag-sabemos","14":"cs-entry","15":"cs-video-wrap"},"yoast_head":"<!-- This site is optimized with the Yoast SEO plugin v27.5 - https:\/\/yoast.com\/product\/yoast-seo-wordpress\/ -->\n<title>Rebeca Anijovich: \u00bfC\u00f3mo sabemos que nuestros estudiantes est\u00e1n aprendiendo? - 2026<\/title>\n<meta name=\"description\" content=\"\u00bfC\u00f3mo sabemos que nuestros estudiantes est\u00e1n aprendiendo?...&quot;. Fue apreciada en vivo por interesados de distintos lugares del pa\u00eds...\" \/>\n<meta name=\"robots\" content=\"index, follow, max-snippet:-1, max-image-preview:large, max-video-preview:-1\" \/>\n<link rel=\"canonical\" href=\"https:\/\/webdelmaestrocmf.com\/portal\/rebeca-anijovich-como-sabemos-que-nuestros-estudiantes-estan-aprendiendo\/\" \/>\n<meta property=\"og:locale\" content=\"es_ES\" \/>\n<meta property=\"og:type\" content=\"article\" \/>\n<meta property=\"og:title\" content=\"Rebeca Anijovich: \u00bfC\u00f3mo sabemos que nuestros estudiantes est\u00e1n aprendiendo? - 2026\" \/>\n<meta property=\"og:description\" content=\"\u00bfC\u00f3mo sabemos que nuestros estudiantes est\u00e1n aprendiendo?...&quot;. Fue apreciada en vivo por interesados de distintos lugares del pa\u00eds...\" \/>\n<meta property=\"og:url\" content=\"https:\/\/webdelmaestrocmf.com\/portal\/rebeca-anijovich-como-sabemos-que-nuestros-estudiantes-estan-aprendiendo\/\" \/>\n<meta property=\"og:site_name\" content=\"Web del Maestro CMF\" \/>\n<meta property=\"article:publisher\" content=\"https:\/\/www.facebook.com\/WebdelMaestroCMF\/\" \/>\n<meta property=\"article:author\" content=\"https:\/\/www.facebook.com\/WebdelMaestroCMF\/\" \/>\n<meta property=\"article:published_time\" content=\"2022-09-11T23:31:41+00:00\" \/>\n<meta property=\"article:modified_time\" content=\"2025-12-28T03:34:14+00:00\" \/>\n<meta property=\"og:image\" content=\"https:\/\/webdelmaestrocmf.com\/portal\/wp-content\/uploads\/2022\/09\/1-3.jpeg\" \/>\n\t<meta property=\"og:image:width\" content=\"900\" \/>\n\t<meta property=\"og:image:height\" content=\"469\" \/>\n\t<meta property=\"og:image:type\" content=\"image\/jpeg\" \/>\n<meta name=\"author\" content=\"Web del Maestro CMF\" \/>\n<meta name=\"twitter:card\" content=\"summary_large_image\" \/>\n<meta name=\"twitter:creator\" content=\"@cmf_w\" \/>\n<meta name=\"twitter:site\" content=\"@cmf_w\" \/>\n<script type=\"application\/ld+json\" class=\"yoast-schema-graph\">{\"@context\":\"https:\\\/\\\/schema.org\",\"@graph\":[{\"@type\":\"ScholarlyArticle\",\"@id\":\"https:\\\/\\\/webdelmaestrocmf.com\\\/portal\\\/rebeca-anijovich-como-sabemos-que-nuestros-estudiantes-estan-aprendiendo\\\/#article\",\"isPartOf\":{\"@id\":\"https:\\\/\\\/webdelmaestrocmf.com\\\/portal\\\/rebeca-anijovich-como-sabemos-que-nuestros-estudiantes-estan-aprendiendo\\\/\"},\"author\":{\"name\":\"Web del Maestro CMF\",\"@id\":\"https:\\\/\\\/webdelmaestrocmf.com\\\/portal\\\/#\\\/schema\\\/person\\\/1072a2ed7bd960df8ef99a551fa35dc5\"},\"headline\":\"Rebeca Anijovich: \u00bfC\u00f3mo sabemos que nuestros estudiantes est\u00e1n aprendiendo?\",\"datePublished\":\"2022-09-11T23:31:41+00:00\",\"dateModified\":\"2025-12-28T03:34:14+00:00\",\"mainEntityOfPage\":{\"@id\":\"https:\\\/\\\/webdelmaestrocmf.com\\\/portal\\\/rebeca-anijovich-como-sabemos-que-nuestros-estudiantes-estan-aprendiendo\\\/\"},\"wordCount\":501,\"commentCount\":0,\"publisher\":{\"@id\":\"https:\\\/\\\/webdelmaestrocmf.com\\\/portal\\\/#organization\"},\"image\":{\"@id\":\"https:\\\/\\\/webdelmaestrocmf.com\\\/portal\\\/rebeca-anijovich-como-sabemos-que-nuestros-estudiantes-estan-aprendiendo\\\/#primaryimage\"},\"thumbnailUrl\":\"https:\\\/\\\/webdelmaestrocmf.com\\\/portal\\\/wp-content\\\/uploads\\\/2022\\\/09\\\/1-3.jpeg\",\"keywords\":[\"APRENDIENDO\",\"estudiantes\",\"NUESTROS\",\"Rebeca Anijovich\",\"sabemos\"],\"articleSection\":[\"Entrevistas\",\"Noticias\"],\"inLanguage\":\"es\",\"potentialAction\":[{\"@type\":\"CommentAction\",\"name\":\"Comment\",\"target\":[\"https:\\\/\\\/webdelmaestrocmf.com\\\/portal\\\/rebeca-anijovich-como-sabemos-que-nuestros-estudiantes-estan-aprendiendo\\\/#respond\"]}]},{\"@type\":\"WebPage\",\"@id\":\"https:\\\/\\\/webdelmaestrocmf.com\\\/portal\\\/rebeca-anijovich-como-sabemos-que-nuestros-estudiantes-estan-aprendiendo\\\/\",\"url\":\"https:\\\/\\\/webdelmaestrocmf.com\\\/portal\\\/rebeca-anijovich-como-sabemos-que-nuestros-estudiantes-estan-aprendiendo\\\/\",\"name\":\"Rebeca Anijovich: \u00bfC\u00f3mo sabemos que nuestros estudiantes est\u00e1n aprendiendo? - 2026\",\"isPartOf\":{\"@id\":\"https:\\\/\\\/webdelmaestrocmf.com\\\/portal\\\/#website\"},\"primaryImageOfPage\":{\"@id\":\"https:\\\/\\\/webdelmaestrocmf.com\\\/portal\\\/rebeca-anijovich-como-sabemos-que-nuestros-estudiantes-estan-aprendiendo\\\/#primaryimage\"},\"image\":{\"@id\":\"https:\\\/\\\/webdelmaestrocmf.com\\\/portal\\\/rebeca-anijovich-como-sabemos-que-nuestros-estudiantes-estan-aprendiendo\\\/#primaryimage\"},\"thumbnailUrl\":\"https:\\\/\\\/webdelmaestrocmf.com\\\/portal\\\/wp-content\\\/uploads\\\/2022\\\/09\\\/1-3.jpeg\",\"datePublished\":\"2022-09-11T23:31:41+00:00\",\"dateModified\":\"2025-12-28T03:34:14+00:00\",\"description\":\"\u00bfC\u00f3mo sabemos que nuestros estudiantes est\u00e1n aprendiendo?...\\\". Fue apreciada en vivo por interesados de distintos lugares del pa\u00eds...\",\"breadcrumb\":{\"@id\":\"https:\\\/\\\/webdelmaestrocmf.com\\\/portal\\\/rebeca-anijovich-como-sabemos-que-nuestros-estudiantes-estan-aprendiendo\\\/#breadcrumb\"},\"inLanguage\":\"es\",\"potentialAction\":[{\"@type\":\"ReadAction\",\"target\":[\"https:\\\/\\\/webdelmaestrocmf.com\\\/portal\\\/rebeca-anijovich-como-sabemos-que-nuestros-estudiantes-estan-aprendiendo\\\/\"]}]},{\"@type\":\"ImageObject\",\"inLanguage\":\"es\",\"@id\":\"https:\\\/\\\/webdelmaestrocmf.com\\\/portal\\\/rebeca-anijovich-como-sabemos-que-nuestros-estudiantes-estan-aprendiendo\\\/#primaryimage\",\"url\":\"https:\\\/\\\/webdelmaestrocmf.com\\\/portal\\\/wp-content\\\/uploads\\\/2022\\\/09\\\/1-3.jpeg\",\"contentUrl\":\"https:\\\/\\\/webdelmaestrocmf.com\\\/portal\\\/wp-content\\\/uploads\\\/2022\\\/09\\\/1-3.jpeg\",\"width\":900,\"height\":469,\"caption\":\"Rebeca Anijovich\"},{\"@type\":\"BreadcrumbList\",\"@id\":\"https:\\\/\\\/webdelmaestrocmf.com\\\/portal\\\/rebeca-anijovich-como-sabemos-que-nuestros-estudiantes-estan-aprendiendo\\\/#breadcrumb\",\"itemListElement\":[{\"@type\":\"ListItem\",\"position\":1,\"name\":\"Portada\",\"item\":\"https:\\\/\\\/webdelmaestrocmf.com\\\/portal\\\/\"},{\"@type\":\"ListItem\",\"position\":2,\"name\":\"Noticias\",\"item\":\"https:\\\/\\\/webdelmaestrocmf.com\\\/portal\\\/category\\\/noticias\\\/\"},{\"@type\":\"ListItem\",\"position\":3,\"name\":\"Rebeca Anijovich: \u00bfC\u00f3mo sabemos que nuestros estudiantes est\u00e1n aprendiendo?\"}]},{\"@type\":\"WebSite\",\"@id\":\"https:\\\/\\\/webdelmaestrocmf.com\\\/portal\\\/#website\",\"url\":\"https:\\\/\\\/webdelmaestrocmf.com\\\/portal\\\/\",\"name\":\"Web del Maestro CMF\",\"description\":\"Maestros al servicio de la educaci\u00f3n\",\"publisher\":{\"@id\":\"https:\\\/\\\/webdelmaestrocmf.com\\\/portal\\\/#organization\"},\"alternateName\":\"WMCMF\",\"potentialAction\":[{\"@type\":\"SearchAction\",\"target\":{\"@type\":\"EntryPoint\",\"urlTemplate\":\"https:\\\/\\\/webdelmaestrocmf.com\\\/portal\\\/?s={search_term_string}\"},\"query-input\":{\"@type\":\"PropertyValueSpecification\",\"valueRequired\":true,\"valueName\":\"search_term_string\"}}],\"inLanguage\":\"es\"},{\"@type\":\"Organization\",\"@id\":\"https:\\\/\\\/webdelmaestrocmf.com\\\/portal\\\/#organization\",\"name\":\"Web del Maestro CMF\",\"alternateName\":\"WMCMF\",\"url\":\"https:\\\/\\\/webdelmaestrocmf.com\\\/portal\\\/\",\"logo\":{\"@type\":\"ImageObject\",\"inLanguage\":\"es\",\"@id\":\"https:\\\/\\\/webdelmaestrocmf.com\\\/portal\\\/#\\\/schema\\\/logo\\\/image\\\/\",\"url\":\"https:\\\/\\\/webdelmaestrocmf.com\\\/portal\\\/wp-content\\\/uploads\\\/2023\\\/01\\\/logo-wmcmf-2.png\",\"contentUrl\":\"https:\\\/\\\/webdelmaestrocmf.com\\\/portal\\\/wp-content\\\/uploads\\\/2023\\\/01\\\/logo-wmcmf-2.png\",\"width\":200,\"height\":60,\"caption\":\"Web del Maestro CMF\"},\"image\":{\"@id\":\"https:\\\/\\\/webdelmaestrocmf.com\\\/portal\\\/#\\\/schema\\\/logo\\\/image\\\/\"},\"sameAs\":[\"https:\\\/\\\/www.facebook.com\\\/WebdelMaestroCMF\\\/\",\"https:\\\/\\\/x.com\\\/cmf_w\",\"https:\\\/\\\/www.pinterest.com\\\/WMCMF\\\/\",\"https:\\\/\\\/www.linkedin.com\\\/company\\\/web-del-maestro-cmf\\\/\",\"https:\\\/\\\/www.instagram.com\\\/wmcmf\\\/\",\"https:\\\/\\\/www.youtube.com\\\/channel\\\/UCDPSvjbdodE5sHnC3OxutHw\",\"https:\\\/\\\/mastodon.social\\\/@wmcmf\",\"https:\\\/\\\/www.tiktok.com\\\/@webdelmaestrocmf\"]},{\"@type\":\"Person\",\"@id\":\"https:\\\/\\\/webdelmaestrocmf.com\\\/portal\\\/#\\\/schema\\\/person\\\/1072a2ed7bd960df8ef99a551fa35dc5\",\"name\":\"Web del Maestro CMF\",\"image\":{\"@type\":\"ImageObject\",\"inLanguage\":\"es\",\"@id\":\"https:\\\/\\\/secure.gravatar.com\\\/avatar\\\/23291dd5b5ae1077dcff3dbb04c3e02bd28403fa75af6d8787d5e97c5bbbe30b?s=96&d=mm&r=g\",\"url\":\"https:\\\/\\\/secure.gravatar.com\\\/avatar\\\/23291dd5b5ae1077dcff3dbb04c3e02bd28403fa75af6d8787d5e97c5bbbe30b?s=96&d=mm&r=g\",\"contentUrl\":\"https:\\\/\\\/secure.gravatar.com\\\/avatar\\\/23291dd5b5ae1077dcff3dbb04c3e02bd28403fa75af6d8787d5e97c5bbbe30b?s=96&d=mm&r=g\",\"caption\":\"Web del Maestro CMF\"},\"description\":\"Esta Web se cre\u00f3 sin fines de lucro, con fines educativos, cient\u00edficos y acad\u00e9micos, para personas que tengan dificultades y\\\/o inconvenientes en visualizar el material original. El objetivo es entregar recursos, compartir experiencias y materiales que ayuden a los padres de familia, maestros y estudiantes en su actualizaci\u00f3n y formaci\u00f3n permanente, en bien de la Educaci\u00f3n.\",\"sameAs\":[\"http:\\\/\\\/webdelmaestrocmf.com\\\/portal\",\"https:\\\/\\\/www.facebook.com\\\/WebdelMaestroCMF\\\/\",\"https:\\\/\\\/www.instagram.com\\\/wmcmf\\\/\",\"https:\\\/\\\/cl.linkedin.com\\\/company\\\/web-del-maestro-cmf\",\"https:\\\/\\\/www.pinterest.com\\\/WMCMF\\\/publicaciones\\\/\",\"https:\\\/\\\/x.com\\\/cmf_w\",\"https:\\\/\\\/www.youtube.com\\\/@WMCMF\"]}]}<\/script>\n<!-- \/ Yoast SEO plugin. -->","yoast_head_json":{"title":"Rebeca Anijovich: \u00bfC\u00f3mo sabemos que nuestros estudiantes est\u00e1n aprendiendo? - 2026","description":"\u00bfC\u00f3mo sabemos que nuestros estudiantes est\u00e1n aprendiendo?...\". Fue apreciada en vivo por interesados de distintos lugares del pa\u00eds...","robots":{"index":"index","follow":"follow","max-snippet":"max-snippet:-1","max-image-preview":"max-image-preview:large","max-video-preview":"max-video-preview:-1"},"canonical":"https:\/\/webdelmaestrocmf.com\/portal\/rebeca-anijovich-como-sabemos-que-nuestros-estudiantes-estan-aprendiendo\/","og_locale":"es_ES","og_type":"article","og_title":"Rebeca Anijovich: \u00bfC\u00f3mo sabemos que nuestros estudiantes est\u00e1n aprendiendo? - 2026","og_description":"\u00bfC\u00f3mo sabemos que nuestros estudiantes est\u00e1n aprendiendo?...\". Fue apreciada en vivo por interesados de distintos lugares del pa\u00eds...","og_url":"https:\/\/webdelmaestrocmf.com\/portal\/rebeca-anijovich-como-sabemos-que-nuestros-estudiantes-estan-aprendiendo\/","og_site_name":"Web del Maestro CMF","article_publisher":"https:\/\/www.facebook.com\/WebdelMaestroCMF\/","article_author":"https:\/\/www.facebook.com\/WebdelMaestroCMF\/","article_published_time":"2022-09-11T23:31:41+00:00","article_modified_time":"2025-12-28T03:34:14+00:00","og_image":[{"width":900,"height":469,"url":"https:\/\/webdelmaestrocmf.com\/portal\/wp-content\/uploads\/2022\/09\/1-3.jpeg","type":"image\/jpeg"}],"author":"Web del Maestro CMF","twitter_card":"summary_large_image","twitter_creator":"@cmf_w","twitter_site":"@cmf_w","schema":{"@context":"https:\/\/schema.org","@graph":[{"@type":"ScholarlyArticle","@id":"https:\/\/webdelmaestrocmf.com\/portal\/rebeca-anijovich-como-sabemos-que-nuestros-estudiantes-estan-aprendiendo\/#article","isPartOf":{"@id":"https:\/\/webdelmaestrocmf.com\/portal\/rebeca-anijovich-como-sabemos-que-nuestros-estudiantes-estan-aprendiendo\/"},"author":{"name":"Web del Maestro CMF","@id":"https:\/\/webdelmaestrocmf.com\/portal\/#\/schema\/person\/1072a2ed7bd960df8ef99a551fa35dc5"},"headline":"Rebeca Anijovich: \u00bfC\u00f3mo sabemos que nuestros estudiantes est\u00e1n aprendiendo?","datePublished":"2022-09-11T23:31:41+00:00","dateModified":"2025-12-28T03:34:14+00:00","mainEntityOfPage":{"@id":"https:\/\/webdelmaestrocmf.com\/portal\/rebeca-anijovich-como-sabemos-que-nuestros-estudiantes-estan-aprendiendo\/"},"wordCount":501,"commentCount":0,"publisher":{"@id":"https:\/\/webdelmaestrocmf.com\/portal\/#organization"},"image":{"@id":"https:\/\/webdelmaestrocmf.com\/portal\/rebeca-anijovich-como-sabemos-que-nuestros-estudiantes-estan-aprendiendo\/#primaryimage"},"thumbnailUrl":"https:\/\/webdelmaestrocmf.com\/portal\/wp-content\/uploads\/2022\/09\/1-3.jpeg","keywords":["APRENDIENDO","estudiantes","NUESTROS","Rebeca Anijovich","sabemos"],"articleSection":["Entrevistas","Noticias"],"inLanguage":"es","potentialAction":[{"@type":"CommentAction","name":"Comment","target":["https:\/\/webdelmaestrocmf.com\/portal\/rebeca-anijovich-como-sabemos-que-nuestros-estudiantes-estan-aprendiendo\/#respond"]}]},{"@type":"WebPage","@id":"https:\/\/webdelmaestrocmf.com\/portal\/rebeca-anijovich-como-sabemos-que-nuestros-estudiantes-estan-aprendiendo\/","url":"https:\/\/webdelmaestrocmf.com\/portal\/rebeca-anijovich-como-sabemos-que-nuestros-estudiantes-estan-aprendiendo\/","name":"Rebeca Anijovich: \u00bfC\u00f3mo sabemos que nuestros estudiantes est\u00e1n aprendiendo? - 2026","isPartOf":{"@id":"https:\/\/webdelmaestrocmf.com\/portal\/#website"},"primaryImageOfPage":{"@id":"https:\/\/webdelmaestrocmf.com\/portal\/rebeca-anijovich-como-sabemos-que-nuestros-estudiantes-estan-aprendiendo\/#primaryimage"},"image":{"@id":"https:\/\/webdelmaestrocmf.com\/portal\/rebeca-anijovich-como-sabemos-que-nuestros-estudiantes-estan-aprendiendo\/#primaryimage"},"thumbnailUrl":"https:\/\/webdelmaestrocmf.com\/portal\/wp-content\/uploads\/2022\/09\/1-3.jpeg","datePublished":"2022-09-11T23:31:41+00:00","dateModified":"2025-12-28T03:34:14+00:00","description":"\u00bfC\u00f3mo sabemos que nuestros estudiantes est\u00e1n aprendiendo?...\". Fue apreciada en vivo por interesados de distintos lugares del pa\u00eds...","breadcrumb":{"@id":"https:\/\/webdelmaestrocmf.com\/portal\/rebeca-anijovich-como-sabemos-que-nuestros-estudiantes-estan-aprendiendo\/#breadcrumb"},"inLanguage":"es","potentialAction":[{"@type":"ReadAction","target":["https:\/\/webdelmaestrocmf.com\/portal\/rebeca-anijovich-como-sabemos-que-nuestros-estudiantes-estan-aprendiendo\/"]}]},{"@type":"ImageObject","inLanguage":"es","@id":"https:\/\/webdelmaestrocmf.com\/portal\/rebeca-anijovich-como-sabemos-que-nuestros-estudiantes-estan-aprendiendo\/#primaryimage","url":"https:\/\/webdelmaestrocmf.com\/portal\/wp-content\/uploads\/2022\/09\/1-3.jpeg","contentUrl":"https:\/\/webdelmaestrocmf.com\/portal\/wp-content\/uploads\/2022\/09\/1-3.jpeg","width":900,"height":469,"caption":"Rebeca Anijovich"},{"@type":"BreadcrumbList","@id":"https:\/\/webdelmaestrocmf.com\/portal\/rebeca-anijovich-como-sabemos-que-nuestros-estudiantes-estan-aprendiendo\/#breadcrumb","itemListElement":[{"@type":"ListItem","position":1,"name":"Portada","item":"https:\/\/webdelmaestrocmf.com\/portal\/"},{"@type":"ListItem","position":2,"name":"Noticias","item":"https:\/\/webdelmaestrocmf.com\/portal\/category\/noticias\/"},{"@type":"ListItem","position":3,"name":"Rebeca Anijovich: \u00bfC\u00f3mo sabemos que nuestros estudiantes est\u00e1n aprendiendo?"}]},{"@type":"WebSite","@id":"https:\/\/webdelmaestrocmf.com\/portal\/#website","url":"https:\/\/webdelmaestrocmf.com\/portal\/","name":"Web del Maestro CMF","description":"Maestros al servicio de la educaci\u00f3n","publisher":{"@id":"https:\/\/webdelmaestrocmf.com\/portal\/#organization"},"alternateName":"WMCMF","potentialAction":[{"@type":"SearchAction","target":{"@type":"EntryPoint","urlTemplate":"https:\/\/webdelmaestrocmf.com\/portal\/?s={search_term_string}"},"query-input":{"@type":"PropertyValueSpecification","valueRequired":true,"valueName":"search_term_string"}}],"inLanguage":"es"},{"@type":"Organization","@id":"https:\/\/webdelmaestrocmf.com\/portal\/#organization","name":"Web del Maestro CMF","alternateName":"WMCMF","url":"https:\/\/webdelmaestrocmf.com\/portal\/","logo":{"@type":"ImageObject","inLanguage":"es","@id":"https:\/\/webdelmaestrocmf.com\/portal\/#\/schema\/logo\/image\/","url":"https:\/\/webdelmaestrocmf.com\/portal\/wp-content\/uploads\/2023\/01\/logo-wmcmf-2.png","contentUrl":"https:\/\/webdelmaestrocmf.com\/portal\/wp-content\/uploads\/2023\/01\/logo-wmcmf-2.png","width":200,"height":60,"caption":"Web del Maestro CMF"},"image":{"@id":"https:\/\/webdelmaestrocmf.com\/portal\/#\/schema\/logo\/image\/"},"sameAs":["https:\/\/www.facebook.com\/WebdelMaestroCMF\/","https:\/\/x.com\/cmf_w","https:\/\/www.pinterest.com\/WMCMF\/","https:\/\/www.linkedin.com\/company\/web-del-maestro-cmf\/","https:\/\/www.instagram.com\/wmcmf\/","https:\/\/www.youtube.com\/channel\/UCDPSvjbdodE5sHnC3OxutHw","https:\/\/mastodon.social\/@wmcmf","https:\/\/www.tiktok.com\/@webdelmaestrocmf"]},{"@type":"Person","@id":"https:\/\/webdelmaestrocmf.com\/portal\/#\/schema\/person\/1072a2ed7bd960df8ef99a551fa35dc5","name":"Web del Maestro CMF","image":{"@type":"ImageObject","inLanguage":"es","@id":"https:\/\/secure.gravatar.com\/avatar\/23291dd5b5ae1077dcff3dbb04c3e02bd28403fa75af6d8787d5e97c5bbbe30b?s=96&d=mm&r=g","url":"https:\/\/secure.gravatar.com\/avatar\/23291dd5b5ae1077dcff3dbb04c3e02bd28403fa75af6d8787d5e97c5bbbe30b?s=96&d=mm&r=g","contentUrl":"https:\/\/secure.gravatar.com\/avatar\/23291dd5b5ae1077dcff3dbb04c3e02bd28403fa75af6d8787d5e97c5bbbe30b?s=96&d=mm&r=g","caption":"Web del Maestro CMF"},"description":"Esta Web se cre\u00f3 sin fines de lucro, con fines educativos, cient\u00edficos y acad\u00e9micos, para personas que tengan dificultades y\/o inconvenientes en visualizar el material original. El objetivo es entregar recursos, compartir experiencias y materiales que ayuden a los padres de familia, maestros y estudiantes en su actualizaci\u00f3n y formaci\u00f3n permanente, en bien de la Educaci\u00f3n.","sameAs":["http:\/\/webdelmaestrocmf.com\/portal","https:\/\/www.facebook.com\/WebdelMaestroCMF\/","https:\/\/www.instagram.com\/wmcmf\/","https:\/\/cl.linkedin.com\/company\/web-del-maestro-cmf","https:\/\/www.pinterest.com\/WMCMF\/publicaciones\/","https:\/\/x.com\/cmf_w","https:\/\/www.youtube.com\/@WMCMF"]}]}},"jetpack_featured_media_url":"https:\/\/webdelmaestrocmf.com\/portal\/wp-content\/uploads\/2022\/09\/1-3.jpeg","jetpack_sharing_enabled":true,"jetpack-related-posts":[{"id":41776,"url":"https:\/\/webdelmaestrocmf.com\/portal\/rebeca-anijovich-la-escuela-debe-propiciar-el-desarrollo-de-un-estudiante-autonomo-con-capacidad-para-trabajar-junto-con-otros\/","url_meta":{"origin":80216,"position":0},"title":"Rebeca Anijovich: La escuela debe propiciar el desarrollo de un estudiante aut\u00f3nomo, con capacidad para trabajar junto con otros","author":"Web del Maestro CMF","date":"2 enero, 2023","format":false,"excerpt":"Profesora en Psicolog\u00eda y Ciencias de la Educaci\u00f3n, especializada en Formaci\u00f3n de Formadores por la Universidad de Buenos Aires (Argentina), Rebeca Anijovich, tambi\u00e9n ha estudiado un Posgrado en Dise\u00f1o de Materiales Did\u00e1cticos en Entornos Virtuales de Aprendizaje en la Universidad Oberta de Catalunya (Espa\u00f1a). Actualmente dirige su tarea a la\u2026","rel":"","context":"En \u00abEntrevistas\u00bb","block_context":{"text":"Entrevistas","link":"https:\/\/webdelmaestrocmf.com\/portal\/category\/noticias\/entrevistas\/"},"img":{"alt_text":"Rebeca Anijovich","src":"https:\/\/i0.wp.com\/webdelmaestrocmf.com\/portal\/wp-content\/uploads\/2023\/01\/A12B3C4D.jpg?resize=350%2C200&ssl=1","width":350,"height":200,"srcset":"https:\/\/i0.wp.com\/webdelmaestrocmf.com\/portal\/wp-content\/uploads\/2023\/01\/A12B3C4D.jpg?resize=350%2C200&ssl=1 1x, https:\/\/i0.wp.com\/webdelmaestrocmf.com\/portal\/wp-content\/uploads\/2023\/01\/A12B3C4D.jpg?resize=525%2C300&ssl=1 1.5x, https:\/\/i0.wp.com\/webdelmaestrocmf.com\/portal\/wp-content\/uploads\/2023\/01\/A12B3C4D.jpg?resize=700%2C400&ssl=1 2x"},"classes":[]},{"id":86795,"url":"https:\/\/webdelmaestrocmf.com\/portal\/rebeca-anijovich-es-necesario-revisar-no-solo-como-se-evalua-sino-tambien-como-se-ensena\/","url_meta":{"origin":80216,"position":1},"title":"Rebeca Anijovich: Es necesario revisar no solo c\u00f3mo se eval\u00faa, sino tambi\u00e9n c\u00f3mo se ense\u00f1a","author":"Web del Maestro CMF","date":"7 abril, 2023","format":false,"excerpt":"Rebeca Anijovich es Especialista y Magister en Formaci\u00f3n de Formadores y Titular en la Licenciatura de Educaci\u00f3n en la Universidad de San Andr\u00e9s, Titular en la Maestr\u00eda en Educaci\u00f3n en la Universidad de San Andr\u00e9s. Adem\u00e1s, es Codirectora del Postitulo de Actualizaci\u00f3n Acad\u00e9mica en la Universidad de San Andr\u00e9s y\u2026","rel":"","context":"En \u00abEntrevistas\u00bb","block_context":{"text":"Entrevistas","link":"https:\/\/webdelmaestrocmf.com\/portal\/category\/noticias\/entrevistas\/"},"img":{"alt_text":"Rebeca Anijovich","src":"https:\/\/i0.wp.com\/webdelmaestrocmf.com\/portal\/wp-content\/uploads\/2023\/04\/A12B3C4D-8.jpg?resize=350%2C200&ssl=1","width":350,"height":200,"srcset":"https:\/\/i0.wp.com\/webdelmaestrocmf.com\/portal\/wp-content\/uploads\/2023\/04\/A12B3C4D-8.jpg?resize=350%2C200&ssl=1 1x, https:\/\/i0.wp.com\/webdelmaestrocmf.com\/portal\/wp-content\/uploads\/2023\/04\/A12B3C4D-8.jpg?resize=525%2C300&ssl=1 1.5x, https:\/\/i0.wp.com\/webdelmaestrocmf.com\/portal\/wp-content\/uploads\/2023\/04\/A12B3C4D-8.jpg?resize=700%2C400&ssl=1 2x"},"classes":[]},{"id":96387,"url":"https:\/\/webdelmaestrocmf.com\/portal\/como-incorporar-eficazmente-los-principios-de-retroalimentacion-de-rebeca-anijovich-en-nuestros-entornos-educativos\/","url_meta":{"origin":80216,"position":2},"title":"C\u00f3mo aplicar la retroalimentaci\u00f3n de Rebeca Anijovich","author":"Web del Maestro CMF","date":"14 febrero, 2024","format":false,"excerpt":"La retroalimentaci\u00f3n es una piedra angular en el proceso de ense\u00f1anza y aprendizaje. Proporciona a los estudiantes informaci\u00f3n valiosa sobre su desempe\u00f1o y les ayuda a avanzar en su comprensi\u00f3n y habilidades. Rebeca Anijovich, una experta destacada en el campo de la educaci\u00f3n y la evaluaci\u00f3n, ha desarrollado un enfoque\u2026","rel":"","context":"En \u00abRecursos\u00bb","block_context":{"text":"Recursos","link":"https:\/\/webdelmaestrocmf.com\/portal\/category\/pedagogia\/"},"img":{"alt_text":"retroalimentaci\u00f3n","src":"https:\/\/i0.wp.com\/webdelmaestrocmf.com\/portal\/wp-content\/uploads\/2023\/10\/Banner-1-portada-imagen-10-1-15.jpg?resize=350%2C200&ssl=1","width":350,"height":200,"srcset":"https:\/\/i0.wp.com\/webdelmaestrocmf.com\/portal\/wp-content\/uploads\/2023\/10\/Banner-1-portada-imagen-10-1-15.jpg?resize=350%2C200&ssl=1 1x, https:\/\/i0.wp.com\/webdelmaestrocmf.com\/portal\/wp-content\/uploads\/2023\/10\/Banner-1-portada-imagen-10-1-15.jpg?resize=525%2C300&ssl=1 1.5x, https:\/\/i0.wp.com\/webdelmaestrocmf.com\/portal\/wp-content\/uploads\/2023\/10\/Banner-1-portada-imagen-10-1-15.jpg?resize=700%2C400&ssl=1 2x"},"classes":[]},{"id":59219,"url":"https:\/\/webdelmaestrocmf.com\/portal\/capacitacion-docente-estrategias-de-retroalimentacion-sugerencias-para-su-desarrollo-en-un-contexto-a-distancia\/","url_meta":{"origin":80216,"position":3},"title":"Capacitaci\u00f3n docente: Estrategias de retroalimentaci\u00f3n, sugerencias para su desarrollo en un contexto a distancia","author":"Web del Maestro CMF","date":"11 febrero, 2021","format":false,"excerpt":"Uso de tecnolog\u00eda digital para mejorar el proceso de aprendizaje, incorporando sistemas que faciliten la retroalimentaci\u00f3n efectiva y oportuna para el estudiante. Esta capacitaci\u00f3n docente tiene como objetivo entregar a los profesores fundamentos te\u00f3ricos de los Procesos de evaluaci\u00f3n y Retroalimentaci\u00f3n, en contextos de educaci\u00f3n a distancia y presencial, y\u2026","rel":"","context":"En \u00abCursos\u00bb","block_context":{"text":"Cursos","link":"https:\/\/webdelmaestrocmf.com\/portal\/category\/cursos\/"},"img":{"alt_text":"","src":"https:\/\/i0.wp.com\/webdelmaestrocmf.com\/portal\/wp-content\/uploads\/2021\/02\/1-copia-38.jpg?resize=350%2C200&ssl=1","width":350,"height":200,"srcset":"https:\/\/i0.wp.com\/webdelmaestrocmf.com\/portal\/wp-content\/uploads\/2021\/02\/1-copia-38.jpg?resize=350%2C200&ssl=1 1x, https:\/\/i0.wp.com\/webdelmaestrocmf.com\/portal\/wp-content\/uploads\/2021\/02\/1-copia-38.jpg?resize=525%2C300&ssl=1 1.5x, https:\/\/i0.wp.com\/webdelmaestrocmf.com\/portal\/wp-content\/uploads\/2021\/02\/1-copia-38.jpg?resize=700%2C400&ssl=1 2x, https:\/\/i0.wp.com\/webdelmaestrocmf.com\/portal\/wp-content\/uploads\/2021\/02\/1-copia-38.jpg?resize=1050%2C600&ssl=1 3x"},"classes":[]},{"id":76400,"url":"https:\/\/webdelmaestrocmf.com\/portal\/la-retroalimentacion-formativa-en-la-mediacion-docente\/","url_meta":{"origin":80216,"position":4},"title":"La retroalimentaci\u00f3n formativa en la mediaci\u00f3n docente","author":"Web del Maestro CMF","date":"7 febrero, 2026","format":false,"excerpt":"La retroalimentaci\u00f3n, es uno de etapas m\u00e1s importantes dentro del proceso pedag\u00f3gico. Consiste en\u00a0devolver al estudiante informaci\u00f3n que describa sus logros o progresos\u00a0en relaci\u00f3n con los niveles esperados para cada competencia,\u00a0otorg\u00e1ndole un valor a lo realizado y no en brindar elogios o cr\u00edticas\u00a0sin sustento que no orienten sus esfuerzos con\u2026","rel":"","context":"En \u00abRecursos\u00bb","block_context":{"text":"Recursos","link":"https:\/\/webdelmaestrocmf.com\/portal\/category\/pedagogia\/"},"img":{"alt_text":"retroalimentaci\u00f3n","src":"https:\/\/i0.wp.com\/webdelmaestrocmf.com\/portal\/wp-content\/uploads\/2022\/04\/Banner-1-portada-imagen-10-1-29.jpg?resize=350%2C200&ssl=1","width":350,"height":200,"srcset":"https:\/\/i0.wp.com\/webdelmaestrocmf.com\/portal\/wp-content\/uploads\/2022\/04\/Banner-1-portada-imagen-10-1-29.jpg?resize=350%2C200&ssl=1 1x, https:\/\/i0.wp.com\/webdelmaestrocmf.com\/portal\/wp-content\/uploads\/2022\/04\/Banner-1-portada-imagen-10-1-29.jpg?resize=525%2C300&ssl=1 1.5x, https:\/\/i0.wp.com\/webdelmaestrocmf.com\/portal\/wp-content\/uploads\/2022\/04\/Banner-1-portada-imagen-10-1-29.jpg?resize=700%2C400&ssl=1 2x"},"classes":[]},{"id":47578,"url":"https:\/\/webdelmaestrocmf.com\/portal\/orientaciones-para-la-retroalimentacion-en-un-contexto-de-educacion-a-distancia-descargue-el-pdf\/","url_meta":{"origin":80216,"position":5},"title":"La \u00abRetroalimentaci\u00f3n\u00bb en un contexto de educaci\u00f3n a distancia","author":"Web del Maestro CMF","date":"2 junio, 2020","format":false,"excerpt":"la \"retroalimentaci\u00f3n\" emerge como un pilar fundamental para el \u00e9xito acad\u00e9mico y el desarrollo continuo de los estudiantes. En este contexto, la retroalimentaci\u00f3n no solo se presenta como un medio evaluativo, sino como una herramienta pedag\u00f3gica crucial que nutre el proceso de aprendizaje. Estimados maestros y maestras, en un contexto\u2026","rel":"","context":"En \u00abDescargas Manuales PDF\u00bb","block_context":{"text":"Descargas Manuales PDF","link":"https:\/\/webdelmaestrocmf.com\/portal\/category\/pedagogia\/descargas-manuales-pdf\/"},"img":{"alt_text":"","src":"https:\/\/i0.wp.com\/webdelmaestrocmf.com\/portal\/wp-content\/uploads\/2020\/06\/2-5.jpg?resize=350%2C200&ssl=1","width":350,"height":200,"srcset":"https:\/\/i0.wp.com\/webdelmaestrocmf.com\/portal\/wp-content\/uploads\/2020\/06\/2-5.jpg?resize=350%2C200&ssl=1 1x, https:\/\/i0.wp.com\/webdelmaestrocmf.com\/portal\/wp-content\/uploads\/2020\/06\/2-5.jpg?resize=525%2C300&ssl=1 1.5x, https:\/\/i0.wp.com\/webdelmaestrocmf.com\/portal\/wp-content\/uploads\/2020\/06\/2-5.jpg?resize=700%2C400&ssl=1 2x, https:\/\/i0.wp.com\/webdelmaestrocmf.com\/portal\/wp-content\/uploads\/2020\/06\/2-5.jpg?resize=1050%2C600&ssl=1 3x"},"classes":[]}],"_links":{"self":[{"href":"https:\/\/webdelmaestrocmf.com\/portal\/wp-json\/wp\/v2\/posts\/80216","targetHints":{"allow":["GET"]}}],"collection":[{"href":"https:\/\/webdelmaestrocmf.com\/portal\/wp-json\/wp\/v2\/posts"}],"about":[{"href":"https:\/\/webdelmaestrocmf.com\/portal\/wp-json\/wp\/v2\/types\/post"}],"author":[{"embeddable":true,"href":"https:\/\/webdelmaestrocmf.com\/portal\/wp-json\/wp\/v2\/users\/1"}],"replies":[{"embeddable":true,"href":"https:\/\/webdelmaestrocmf.com\/portal\/wp-json\/wp\/v2\/comments?post=80216"}],"version-history":[{"count":1,"href":"https:\/\/webdelmaestrocmf.com\/portal\/wp-json\/wp\/v2\/posts\/80216\/revisions"}],"predecessor-version":[{"id":114340,"href":"https:\/\/webdelmaestrocmf.com\/portal\/wp-json\/wp\/v2\/posts\/80216\/revisions\/114340"}],"wp:featuredmedia":[{"embeddable":true,"href":"https:\/\/webdelmaestrocmf.com\/portal\/wp-json\/wp\/v2\/media\/89580"}],"wp:attachment":[{"href":"https:\/\/webdelmaestrocmf.com\/portal\/wp-json\/wp\/v2\/media?parent=80216"}],"wp:term":[{"taxonomy":"category","embeddable":true,"href":"https:\/\/webdelmaestrocmf.com\/portal\/wp-json\/wp\/v2\/categories?post=80216"},{"taxonomy":"post_tag","embeddable":true,"href":"https:\/\/webdelmaestrocmf.com\/portal\/wp-json\/wp\/v2\/tags?post=80216"}],"curies":[{"name":"wp","href":"https:\/\/api.w.org\/{rel}","templated":true}]}}