{"id":79833,"date":"2024-02-10T21:00:35","date_gmt":"2024-02-11T00:00:35","guid":{"rendered":"https:\/\/webdelmaestrocmf.com\/portal\/?p=79833"},"modified":"2024-02-11T07:37:52","modified_gmt":"2024-02-11T10:37:52","slug":"ficha-personal-del-alumno-control-de-asistencia-tutorias-y-registro-de-evaluacion","status":"publish","type":"post","link":"https:\/\/webdelmaestrocmf.com\/portal\/ficha-personal-del-alumno-control-de-asistencia-tutorias-y-registro-de-evaluacion\/","title":{"rendered":"Ficha personal del alumno, Control de asistencia, Tutor\u00edas y Registro de evaluaci\u00f3n"},"content":{"rendered":"<p style=\"text-align: justify;\" data-iceapw=\"51\" data-iceapc=\"1\"><strong>En el din\u00e1mico mundo educativo actual, la optimizaci\u00f3n de recursos y la personalizaci\u00f3n del aprendizaje son fundamentales para garantizar el \u00e9xito acad\u00e9mico de cada estudiante. En este contexto, la ficha personal del alumno emerge como una herramienta esencial, dise\u00f1ada para recopilar y gestionar informaci\u00f3n crucial que permite a los docentes, padres y estudiantes colaborar de manera efectiva en el proceso educativo. <\/strong><!--more--><\/p>\n<p style=\"text-align: justify;\" data-iceapw=\"51\" data-iceapc=\"1\">En este art\u00edculo, exploraremos en profundidad la importancia y funcionalidad de la ficha personal del alumno, destacando c\u00f3mo esta herramienta puede transformar la experiencia educativa y mejorar los resultados acad\u00e9micos.<\/p>\n<h2 style=\"text-align: left;\">Una herramienta integral para el seguimiento acad\u00e9mico<\/h2>\n<p style=\"text-align: justify;\">La ficha personal del estudiante no es simplemente un documento m\u00e1s en el arsenal de herramientas educativas, sino m\u00e1s bien una herramienta integral dise\u00f1ada para facilitar el seguimiento y la gesti\u00f3n de la informaci\u00f3n relevante tanto para el estudiante como para los docentes y los padres. En este art\u00edculo, exploraremos c\u00f3mo esta ficha personal puede optimizar la gesti\u00f3n educativa y mejorar la experiencia de aprendizaje para todos los involucrados.<\/p>\n<h2 style=\"text-align: left;\"><strong>Recopilaci\u00f3n de informaci\u00f3n crucial<\/strong><\/h2>\n<p style=\"text-align: justify;\">La ficha personal del alumno abarca una amplia gama de datos, desde informaci\u00f3n personal y m\u00e9dica hasta detalles acad\u00e9micos y familiares. Este documento no solo incluye los datos del estudiante, sino tambi\u00e9n los datos del tutor y los padres o encargados del ni\u00f1o. Con la posibilidad de adjuntar la foto de cada estudiante, esta ficha se convierte en una representaci\u00f3n completa de la identidad y contexto de cada individuo en el entorno educativo.<\/p>\n<h2 style=\"text-align: left;\"><strong>Prop\u00f3sito y objetivo<\/strong><\/h2>\n<p style=\"text-align: justify;\">El prop\u00f3sito fundamental de la ficha personal del alumno es recopilar informaci\u00f3n integral que pueda ser utilizada para mejorar la atenci\u00f3n educativa individualizada. Desde el seguimiento de la asistencia hasta el progreso acad\u00e9mico en distintas \u00e1reas tem\u00e1ticas, esta herramienta proporciona una visi\u00f3n hol\u00edstica del desempe\u00f1o y las necesidades de cada alumno. Adem\u00e1s, facilita la identificaci\u00f3n de \u00e1reas de mejora y la implementaci\u00f3n de estrategias personalizadas para apoyar el \u00e9xito acad\u00e9mico.<\/p>\n<h2 style=\"text-align: justify;\"><strong>Eficiencia y facilidad de uso<\/strong><\/h2>\n<p style=\"text-align: justify;\">Una de las caracter\u00edsticas sobresalientes de la ficha personal es su capacidad para almacenar una gran cantidad de informaci\u00f3n en un espacio reducido. Gracias a la estructura clara y concisa de cada apartado, completar la ficha requiere poco tiempo y esfuerzo por parte del docente. Adem\u00e1s, la utilizaci\u00f3n de f\u00f3rmulas matem\u00e1ticas para calcular medias aritm\u00e9ticas agiliza el proceso de evaluaci\u00f3n y seguimiento del rendimiento acad\u00e9mico del estudiante.<\/p>\n<h2 style=\"text-align: left;\"><strong>Adaptabilidad tecnol\u00f3gica<\/strong><\/h2>\n<p style=\"text-align: justify;\">La ficha personal del alumno se adapta tanto al entorno digital como al formato en papel, lo que la hace accesible para una amplia variedad de usuarios. Los docentes pueden optar por utilizar la versi\u00f3n digital para actualizar constantemente los datos sin preocuparse por errores o correcciones. Por otro lado, aquellos que prefieran el formato tradicional en papel tambi\u00e9n pueden beneficiarse de esta herramienta sin necesidad de tecnolog\u00eda avanzada.<\/p>\n<h2 style=\"text-align: left;\"><strong>Conclusi\u00f3n<\/strong><\/h2>\n<p style=\"text-align: justify;\">En resumen, la ficha personal del alumno emerge como una herramienta invaluable en el \u00e1mbito educativo, permitiendo una gesti\u00f3n eficiente de la informaci\u00f3n y una atenci\u00f3n individualizada para cada estudiante. Su capacidad para recopilar datos relevantes y facilitar el seguimiento acad\u00e9mico la convierte en un recurso imprescindible para docentes, padres y estudiantes por igual. Al integrar esta herramienta en el proceso educativo, se abre la puerta a una experiencia de aprendizaje m\u00e1s efectiva y significativa para todos los involucrados.<\/p>\n<p style=\"text-align: center;\">Recomendamos a la Comunidad Educativa Digital tener en cuenta que, el enlace y\/o la carpeta en donde est\u00e1n alojados los libros, recursos y\/o materiales, no es administrado por la Web del Maestro CMF, pueda ser que en cuesti\u00f3n de d\u00edas (o seg\u00fan el tiempo transcurrido desde su publicaci\u00f3n), los enlaces no funcionen y el material ya no se encuentre disponible. Gracias por su comprensi\u00f3n.<\/p>\n<p style=\"text-align: center;\">ENLACE DE LECTURA: 1. <a href=\"https:\/\/drive.google.com\/drive\/folders\/15a5yjsBNGwBFXxD3YOXrCSkeTKqgXYG_?usp=sharing\" target=\"_blank\" rel=\"noopener noreferrer\">TODOS LOS DOCUMENTOS PARA DESCARGAR EN DOS BLOQUES<\/a> | 2. <a href=\"https:\/\/mega.nz\/folder\/zuhExQKC#IyNSDAL_YQWYLS6niiYClg\" target=\"_blank\" rel=\"noopener noreferrer\">FICHA PERSONAL DEL ESTUDIANTE<\/a> | 3. <a href=\"https:\/\/mega.nz\/#F!jnQ1nY4a!F5GMzcrBRw1P6vj-Y40SxA\" target=\"_blank\" rel=\"noopener noreferrer\">FICHA PERSONAL DEL ESTUDIANTE<\/a><\/p>\n\t\t<div class=\"pk-inline-posts\">\n\t\t\t\n\t\t\t<div class=\"pk-inline-posts-container pk-inline-posts-template-list\"\n\t\t\t\tdata-columns=\"1\">\n\t\t\t\t\t\t<article id=\"post-101267\" class=\"post-101267 post type-post status-publish format-standard has-post-thumbnail category-calculo category-descargas-manuales-pdf category-pedagogia tag-calculo tag-desarrollar tag-guia tag-mental tag-ninos cs-entry cs-video-wrap\">\n\t\t\t<div class=\"pk-post-outer\">\n\n\t\t\t\t\t\t\t\t<div class=\"pk-post-inner\">\n\t\t\t\t\t<div class=\"entry-thumbnail\">\n\t\t\t\t\t\t<div class=\"pk-overlay pk-overlay-ratio pk-ratio-landscape\">\n\t\t\t\t\t\t\t<div class=\"pk-overlay-background\">\n\t\t\t\t\t\t\t\t<a href=\"https:\/\/webdelmaestrocmf.com\/portal\/guia-para-desarrollar-el-calculo-mental-en-ninos\/\" class=\"pk-overlay-link\">\n\t\t\t\t\t\t\t\t\t<img loading=\"lazy\" decoding=\"async\" width=\"300\" height=\"225\" src=\"https:\/\/webdelmaestrocmf.com\/portal\/wp-content\/uploads\/2023\/11\/1AA-Banner-1-portada-imagen-10-1-copia-1-300x225.webp\" class=\"attachment-pk-thumbnail size-pk-thumbnail wp-post-image\" alt=\"\" \/>\t\t\t\t\t\t\t\t<\/a>\n\t\t\t\t\t\t\t<\/div>\n\t\t\t\t\t\t<\/div>\n\t\t\t\t\t<\/div>\n\t\t\t\t<\/div>\n\t\t\t\t\n\t\t\t\t<div class=\"pk-post-inner\">\n\t\t\t\t\t<header>\n\t\t\t\t\t\t<h3 class=\"pk-title\"><a href=\"https:\/\/webdelmaestrocmf.com\/portal\/guia-para-desarrollar-el-calculo-mental-en-ninos\/\" rel=\"bookmark\">Gu\u00eda pr\u00e1ctica para desarrollar el c\u00e1lculo mental en ni\u00f1os: descarga los tres cuadernillos de c\u00e1lculo mental<\/a><\/h3>\t\t\t\t\t<\/header><!-- .entry-header -->\n\t\t\t\t<\/div><!-- .post-inner -->\n\n\t\t\t<\/div><!-- .post-outer -->\n\t\t<\/article>\n\t\t\t<article id=\"post-95551\" class=\"post-95551 post type-post status-publish format-standard has-post-thumbnail category-deficit-de-atencion category-descargas-manuales-pdf category-pedagogia tag-actividades-al-aire-libre tag-actividades-en-casa tag-actividades-escolares tag-ambiente-de-aprendizaje tag-atencion tag-atencion-plena tag-comprension-lectora tag-concentracion tag-desarrollo-cognitivo tag-educacion tag-ejercicios-de-atencion tag-ejercicios-de-respiracion tag-estrategias-educativas tag-habilidades-de-atencio tag-herramientas-visuales tag-juegos-de-atencion tag-juegos-de-mesa tag-lectura-conjunta tag-limitar-tiempo-de-pantalla tag-mindfulness tag-ninos-distraidos tag-organizacion tag-pausas-activas tag-rompecabezas tag-rutinas tag-tareas-domesticas tag-tdah tag-tecnicas-de-concentracion tag-tiempo-de-silencio cs-entry cs-video-wrap\">\n\t\t\t<div class=\"pk-post-outer\">\n\n\t\t\t\t\t\t\t\t<div class=\"pk-post-inner\">\n\t\t\t\t\t<div class=\"entry-thumbnail\">\n\t\t\t\t\t\t<div class=\"pk-overlay pk-overlay-ratio pk-ratio-landscape\">\n\t\t\t\t\t\t\t<div class=\"pk-overlay-background\">\n\t\t\t\t\t\t\t\t<a href=\"https:\/\/webdelmaestrocmf.com\/portal\/como-educar-a-ninos-distraidos-o-despistados-que-se-puede-hacer-en-clase\/\" class=\"pk-overlay-link\">\n\t\t\t\t\t\t\t\t\t<img loading=\"lazy\" decoding=\"async\" width=\"300\" height=\"225\" src=\"https:\/\/webdelmaestrocmf.com\/portal\/wp-content\/uploads\/2023\/09\/1A-Banner-1-portada-imagen-10-1-copia-1-300x225.jpg\" class=\"attachment-pk-thumbnail size-pk-thumbnail wp-post-image\" alt=\"\" \/>\t\t\t\t\t\t\t\t<\/a>\n\t\t\t\t\t\t\t<\/div>\n\t\t\t\t\t\t<\/div>\n\t\t\t\t\t<\/div>\n\t\t\t\t<\/div>\n\t\t\t\t\n\t\t\t\t<div class=\"pk-post-inner\">\n\t\t\t\t\t<header>\n\t\t\t\t\t\t<h3 class=\"pk-title\"><a href=\"https:\/\/webdelmaestrocmf.com\/portal\/como-educar-a-ninos-distraidos-o-despistados-que-se-puede-hacer-en-clase\/\" rel=\"bookmark\">C\u00f3mo educar a ni\u00f1os distra\u00eddos o despistados. \u00bfQu\u00e9 se puede hacer en clase? Descarga las 80 actividades para trabajar la atenci\u00f3n en clases<\/a><\/h3>\t\t\t\t\t<\/header><!-- .entry-header -->\n\t\t\t\t<\/div><!-- .post-inner -->\n\n\t\t\t<\/div><!-- .post-outer -->\n\t\t<\/article>\n\t\t\t<article id=\"post-20592\" class=\"post-20592 post type-post status-publish format-standard has-post-thumbnail category-descarga category-descargas-manuales-pdf category-estres category-pedagogia tag-docentes tag-educadores tag-guia tag-mindfulness tag-practica cs-entry cs-video-wrap\">\n\t\t\t<div class=\"pk-post-outer\">\n\n\t\t\t\t\t\t\t\t<div class=\"pk-post-inner\">\n\t\t\t\t\t<div class=\"entry-thumbnail\">\n\t\t\t\t\t\t<div class=\"pk-overlay pk-overlay-ratio pk-ratio-landscape\">\n\t\t\t\t\t\t\t<div class=\"pk-overlay-background\">\n\t\t\t\t\t\t\t\t<a href=\"https:\/\/webdelmaestrocmf.com\/portal\/mindfulness-guia-practica-docentes-educadores\/\" class=\"pk-overlay-link\">\n\t\t\t\t\t\t\t\t\t<img loading=\"lazy\" decoding=\"async\" width=\"300\" height=\"225\" src=\"https:\/\/webdelmaestrocmf.com\/portal\/wp-content\/uploads\/2020\/03\/1AA-Banner-1-portada-imagen-10-1-copia-4-300x225.webp\" class=\"attachment-pk-thumbnail size-pk-thumbnail wp-post-image\" alt=\"\" \/>\t\t\t\t\t\t\t\t<\/a>\n\t\t\t\t\t\t\t<\/div>\n\t\t\t\t\t\t<\/div>\n\t\t\t\t\t<\/div>\n\t\t\t\t<\/div>\n\t\t\t\t\n\t\t\t\t<div class=\"pk-post-inner\">\n\t\t\t\t\t<header>\n\t\t\t\t\t\t<h3 class=\"pk-title\"><a href=\"https:\/\/webdelmaestrocmf.com\/portal\/mindfulness-guia-practica-docentes-educadores\/\" rel=\"bookmark\">Mindfulness: Gu\u00eda pr\u00e1ctica para docentes y educadores<\/a><\/h3>\t\t\t\t\t<\/header><!-- .entry-header -->\n\t\t\t\t<\/div><!-- .post-inner -->\n\n\t\t\t<\/div><!-- .post-outer -->\n\t\t<\/article>\n\t\t\t\t<\/div>\n\t\t<\/div>\n\t\t\n","protected":false},"excerpt":{"rendered":"En el din\u00e1mico mundo educativo actual, la optimizaci\u00f3n de recursos y la personalizaci\u00f3n del aprendizaje son fundamentales para&hellip;","protected":false},"author":1,"featured_media":103666,"comment_status":"open","ping_status":"closed","sticky":false,"template":"","format":"standard","meta":{"csco_display_header_overlay":false,"csco_singular_sidebar":"default","csco_page_header_type":"default","csco_page_load_nextpost":"default","csco_post_video_location":[],"csco_post_video_location_hash":"","csco_post_video_url":"","csco_post_video_bg_start_time":0,"csco_post_video_bg_end_time":0,"csco_post_video_bg_volume":false,"_jetpack_memberships_contains_paid_content":false,"footnotes":""},"categories":[2004,735],"tags":[288,2088,3398,915,14928,6885],"class_list":{"0":"post-79833","1":"post","2":"type-post","3":"status-publish","4":"format-standard","5":"has-post-thumbnail","7":"category-descargas-manuales-pdf","8":"category-pedagogia","9":"tag-alumno","10":"tag-control-de-asistencia","11":"tag-ficha","12":"tag-personal","13":"tag-registro-de-evaluacion","14":"tag-tutorias","15":"cs-entry","16":"cs-video-wrap"},"yoast_head":"<!-- This site is optimized with the Yoast SEO plugin v27.5 - https:\/\/yoast.com\/product\/yoast-seo-wordpress\/ -->\n<title>Ficha personal del alumno, Control de asistencia, Tutor\u00edas y Registro de evaluaci\u00f3n - 2026<\/title>\n<meta name=\"description\" content=\"Estimados docentes\u00a0en esta oportunidad les dejamos este interesante\u00a0material LA FICHA PERSONAL DEL ESTUDIANTE, en la cual podr\u00e1n...\" \/>\n<meta name=\"robots\" content=\"index, follow, max-snippet:-1, max-image-preview:large, max-video-preview:-1\" \/>\n<link rel=\"canonical\" href=\"https:\/\/webdelmaestrocmf.com\/portal\/ficha-personal-del-alumno-control-de-asistencia-tutorias-y-registro-de-evaluacion\/\" \/>\n<meta property=\"og:locale\" content=\"es_ES\" \/>\n<meta property=\"og:type\" content=\"article\" \/>\n<meta property=\"og:title\" content=\"Ficha personal del alumno, Control de asistencia, Tutor\u00edas y Registro de evaluaci\u00f3n - 2026\" \/>\n<meta property=\"og:description\" content=\"Estimados docentes\u00a0en esta oportunidad les dejamos este interesante\u00a0material LA FICHA PERSONAL DEL ESTUDIANTE, en la cual podr\u00e1n...\" \/>\n<meta property=\"og:url\" content=\"https:\/\/webdelmaestrocmf.com\/portal\/ficha-personal-del-alumno-control-de-asistencia-tutorias-y-registro-de-evaluacion\/\" \/>\n<meta property=\"og:site_name\" content=\"Web del Maestro CMF\" \/>\n<meta property=\"article:publisher\" content=\"https:\/\/www.facebook.com\/WebdelMaestroCMF\/\" \/>\n<meta property=\"article:author\" content=\"https:\/\/www.facebook.com\/WebdelMaestroCMF\/\" \/>\n<meta property=\"article:published_time\" content=\"2024-02-11T00:00:35+00:00\" \/>\n<meta property=\"article:modified_time\" content=\"2024-02-11T10:37:52+00:00\" \/>\n<meta property=\"og:image\" content=\"https:\/\/webdelmaestrocmf.com\/portal\/wp-content\/uploads\/2022\/08\/Banner-1-portada-imagen-10-1-2.jpg\" \/>\n\t<meta property=\"og:image:width\" content=\"1024\" \/>\n\t<meta property=\"og:image:height\" content=\"1024\" \/>\n\t<meta property=\"og:image:type\" content=\"image\/jpeg\" \/>\n<meta name=\"author\" content=\"Web del Maestro CMF\" \/>\n<meta name=\"twitter:card\" content=\"summary_large_image\" \/>\n<meta name=\"twitter:creator\" content=\"@cmf_w\" \/>\n<meta name=\"twitter:site\" content=\"@cmf_w\" \/>\n<script type=\"application\/ld+json\" class=\"yoast-schema-graph\">{\"@context\":\"https:\\\/\\\/schema.org\",\"@graph\":[{\"@type\":\"ScholarlyArticle\",\"@id\":\"https:\\\/\\\/webdelmaestrocmf.com\\\/portal\\\/ficha-personal-del-alumno-control-de-asistencia-tutorias-y-registro-de-evaluacion\\\/#article\",\"isPartOf\":{\"@id\":\"https:\\\/\\\/webdelmaestrocmf.com\\\/portal\\\/ficha-personal-del-alumno-control-de-asistencia-tutorias-y-registro-de-evaluacion\\\/\"},\"author\":{\"name\":\"Web del Maestro CMF\",\"@id\":\"https:\\\/\\\/webdelmaestrocmf.com\\\/portal\\\/#\\\/schema\\\/person\\\/1072a2ed7bd960df8ef99a551fa35dc5\"},\"headline\":\"Ficha personal del alumno, Control de asistencia, Tutor\u00edas y Registro de evaluaci\u00f3n\",\"datePublished\":\"2024-02-11T00:00:35+00:00\",\"dateModified\":\"2024-02-11T10:37:52+00:00\",\"mainEntityOfPage\":{\"@id\":\"https:\\\/\\\/webdelmaestrocmf.com\\\/portal\\\/ficha-personal-del-alumno-control-de-asistencia-tutorias-y-registro-de-evaluacion\\\/\"},\"wordCount\":706,\"commentCount\":0,\"publisher\":{\"@id\":\"https:\\\/\\\/webdelmaestrocmf.com\\\/portal\\\/#organization\"},\"image\":{\"@id\":\"https:\\\/\\\/webdelmaestrocmf.com\\\/portal\\\/ficha-personal-del-alumno-control-de-asistencia-tutorias-y-registro-de-evaluacion\\\/#primaryimage\"},\"thumbnailUrl\":\"https:\\\/\\\/webdelmaestrocmf.com\\\/portal\\\/wp-content\\\/uploads\\\/2022\\\/08\\\/Banner-1-portada-imagen-10-1-2.jpg\",\"keywords\":[\"alumno\",\"Control de Asistencia\",\"FICHA\",\"personal\",\"registro de evaluaci\u00f3n\",\"Tutor\u00edas\"],\"articleSection\":[\"Descargas Manuales PDF\",\"Recursos\"],\"inLanguage\":\"es\",\"potentialAction\":[{\"@type\":\"CommentAction\",\"name\":\"Comment\",\"target\":[\"https:\\\/\\\/webdelmaestrocmf.com\\\/portal\\\/ficha-personal-del-alumno-control-de-asistencia-tutorias-y-registro-de-evaluacion\\\/#respond\"]}]},{\"@type\":\"WebPage\",\"@id\":\"https:\\\/\\\/webdelmaestrocmf.com\\\/portal\\\/ficha-personal-del-alumno-control-de-asistencia-tutorias-y-registro-de-evaluacion\\\/\",\"url\":\"https:\\\/\\\/webdelmaestrocmf.com\\\/portal\\\/ficha-personal-del-alumno-control-de-asistencia-tutorias-y-registro-de-evaluacion\\\/\",\"name\":\"Ficha personal del alumno, Control de asistencia, Tutor\u00edas y Registro de evaluaci\u00f3n - 2026\",\"isPartOf\":{\"@id\":\"https:\\\/\\\/webdelmaestrocmf.com\\\/portal\\\/#website\"},\"primaryImageOfPage\":{\"@id\":\"https:\\\/\\\/webdelmaestrocmf.com\\\/portal\\\/ficha-personal-del-alumno-control-de-asistencia-tutorias-y-registro-de-evaluacion\\\/#primaryimage\"},\"image\":{\"@id\":\"https:\\\/\\\/webdelmaestrocmf.com\\\/portal\\\/ficha-personal-del-alumno-control-de-asistencia-tutorias-y-registro-de-evaluacion\\\/#primaryimage\"},\"thumbnailUrl\":\"https:\\\/\\\/webdelmaestrocmf.com\\\/portal\\\/wp-content\\\/uploads\\\/2022\\\/08\\\/Banner-1-portada-imagen-10-1-2.jpg\",\"datePublished\":\"2024-02-11T00:00:35+00:00\",\"dateModified\":\"2024-02-11T10:37:52+00:00\",\"description\":\"Estimados docentes\u00a0en esta oportunidad les dejamos este interesante\u00a0material LA FICHA PERSONAL DEL ESTUDIANTE, en la cual podr\u00e1n...\",\"breadcrumb\":{\"@id\":\"https:\\\/\\\/webdelmaestrocmf.com\\\/portal\\\/ficha-personal-del-alumno-control-de-asistencia-tutorias-y-registro-de-evaluacion\\\/#breadcrumb\"},\"inLanguage\":\"es\",\"potentialAction\":[{\"@type\":\"ReadAction\",\"target\":[\"https:\\\/\\\/webdelmaestrocmf.com\\\/portal\\\/ficha-personal-del-alumno-control-de-asistencia-tutorias-y-registro-de-evaluacion\\\/\"]}]},{\"@type\":\"ImageObject\",\"inLanguage\":\"es\",\"@id\":\"https:\\\/\\\/webdelmaestrocmf.com\\\/portal\\\/ficha-personal-del-alumno-control-de-asistencia-tutorias-y-registro-de-evaluacion\\\/#primaryimage\",\"url\":\"https:\\\/\\\/webdelmaestrocmf.com\\\/portal\\\/wp-content\\\/uploads\\\/2022\\\/08\\\/Banner-1-portada-imagen-10-1-2.jpg\",\"contentUrl\":\"https:\\\/\\\/webdelmaestrocmf.com\\\/portal\\\/wp-content\\\/uploads\\\/2022\\\/08\\\/Banner-1-portada-imagen-10-1-2.jpg\",\"width\":1024,\"height\":1024,\"caption\":\"Una Herramienta Integral para el Seguimiento Acad\u00e9mico La ficha personal del estudiante no es simplemente un documento m\u00e1s en el arsenal de herramientas educativas, sino m\u00e1s bien una herramienta integral dise\u00f1ada para facilitar el seguimiento y la gesti\u00f3n de la informaci\u00f3n relevante tanto para el estudiante como para los docentes y los padres. En este art\u00edculo, exploraremos c\u00f3mo esta ficha personal puede optimizar la gesti\u00f3n educativa y mejorar la experiencia de aprendizaje para todos los involucrados. Recopilaci\u00f3n de Informaci\u00f3n Crucial La ficha personal del alumno abarca una amplia gama de datos, desde informaci\u00f3n personal y m\u00e9dica hasta detalles acad\u00e9micos y familiares. Este documento no solo incluye los datos del estudiante, sino tambi\u00e9n los datos del tutor y los padres o encargados del ni\u00f1o. Con la posibilidad de adjuntar la foto de cada estudiante, esta ficha se convierte en una representaci\u00f3n completa de la identidad y contexto de cada individuo en el entorno educativo. Prop\u00f3sito y Objetivo El prop\u00f3sito fundamental de la ficha personal del alumno es recopilar informaci\u00f3n integral que pueda ser utilizada para mejorar la atenci\u00f3n educativa individualizada. Desde el seguimiento de la asistencia hasta el progreso acad\u00e9mico en distintas \u00e1reas tem\u00e1ticas, esta herramienta proporciona una visi\u00f3n hol\u00edstica del desempe\u00f1o y las necesidades de cada alumno. Adem\u00e1s, facilita la identificaci\u00f3n de \u00e1reas de mejora y la implementaci\u00f3n de estrategias personalizadas para apoyar el \u00e9xito acad\u00e9mico. Eficiencia y Facilidad de Uso Una de las caracter\u00edsticas sobresalientes de la ficha personal es su capacidad para almacenar una gran cantidad de informaci\u00f3n en un espacio reducido. Gracias a la estructura clara y concisa de cada apartado, completar la ficha requiere poco tiempo y esfuerzo por parte del docente. Adem\u00e1s, la utilizaci\u00f3n de f\u00f3rmulas matem\u00e1ticas para calcular medias aritm\u00e9ticas agiliza el proceso de evaluaci\u00f3n y seguimiento del rendimiento acad\u00e9mico del estudiante. Adaptabilidad Tecnol\u00f3gica La ficha personal del alumno se adapta tanto al entorno digital como al formato en papel, lo que la hace accesible para una amplia variedad de usuarios. Los docentes pueden optar por utilizar la versi\u00f3n digital para actualizar constantemente los datos sin preocuparse por errores o correcciones. Por otro lado, aquellos que prefieran el formato tradicional en papel tambi\u00e9n pueden beneficiarse de esta herramienta sin necesidad de tecnolog\u00eda avanzada. Conclusi\u00f3n En resumen, la ficha personal del alumno emerge como una herramienta invaluable en el \u00e1mbito educativo, permitiendo una gesti\u00f3n eficiente de la informaci\u00f3n y una atenci\u00f3n individualizada para cada estudiante. Su capacidad para recopilar datos relevantes y facilitar el seguimiento acad\u00e9mico la convierte en un recurso imprescindible para docentes, padres y estudiantes por igual. Al integrar esta herramienta en el proceso educativo, se abre la puerta a una experiencia de aprendizaje m\u00e1s efectiva y significativa para todos los involucrados\"},{\"@type\":\"BreadcrumbList\",\"@id\":\"https:\\\/\\\/webdelmaestrocmf.com\\\/portal\\\/ficha-personal-del-alumno-control-de-asistencia-tutorias-y-registro-de-evaluacion\\\/#breadcrumb\",\"itemListElement\":[{\"@type\":\"ListItem\",\"position\":1,\"name\":\"Portada\",\"item\":\"https:\\\/\\\/webdelmaestrocmf.com\\\/portal\\\/\"},{\"@type\":\"ListItem\",\"position\":2,\"name\":\"Recursos\",\"item\":\"https:\\\/\\\/webdelmaestrocmf.com\\\/portal\\\/category\\\/pedagogia\\\/\"},{\"@type\":\"ListItem\",\"position\":3,\"name\":\"Ficha personal del alumno, Control de asistencia, Tutor\u00edas y Registro de evaluaci\u00f3n\"}]},{\"@type\":\"WebSite\",\"@id\":\"https:\\\/\\\/webdelmaestrocmf.com\\\/portal\\\/#website\",\"url\":\"https:\\\/\\\/webdelmaestrocmf.com\\\/portal\\\/\",\"name\":\"Web del Maestro CMF\",\"description\":\"Maestros al servicio de la educaci\u00f3n\",\"publisher\":{\"@id\":\"https:\\\/\\\/webdelmaestrocmf.com\\\/portal\\\/#organization\"},\"alternateName\":\"WMCMF\",\"potentialAction\":[{\"@type\":\"SearchAction\",\"target\":{\"@type\":\"EntryPoint\",\"urlTemplate\":\"https:\\\/\\\/webdelmaestrocmf.com\\\/portal\\\/?s={search_term_string}\"},\"query-input\":{\"@type\":\"PropertyValueSpecification\",\"valueRequired\":true,\"valueName\":\"search_term_string\"}}],\"inLanguage\":\"es\"},{\"@type\":\"Organization\",\"@id\":\"https:\\\/\\\/webdelmaestrocmf.com\\\/portal\\\/#organization\",\"name\":\"Web del Maestro CMF\",\"alternateName\":\"WMCMF\",\"url\":\"https:\\\/\\\/webdelmaestrocmf.com\\\/portal\\\/\",\"logo\":{\"@type\":\"ImageObject\",\"inLanguage\":\"es\",\"@id\":\"https:\\\/\\\/webdelmaestrocmf.com\\\/portal\\\/#\\\/schema\\\/logo\\\/image\\\/\",\"url\":\"https:\\\/\\\/webdelmaestrocmf.com\\\/portal\\\/wp-content\\\/uploads\\\/2023\\\/01\\\/logo-wmcmf-2.png\",\"contentUrl\":\"https:\\\/\\\/webdelmaestrocmf.com\\\/portal\\\/wp-content\\\/uploads\\\/2023\\\/01\\\/logo-wmcmf-2.png\",\"width\":200,\"height\":60,\"caption\":\"Web del Maestro CMF\"},\"image\":{\"@id\":\"https:\\\/\\\/webdelmaestrocmf.com\\\/portal\\\/#\\\/schema\\\/logo\\\/image\\\/\"},\"sameAs\":[\"https:\\\/\\\/www.facebook.com\\\/WebdelMaestroCMF\\\/\",\"https:\\\/\\\/x.com\\\/cmf_w\",\"https:\\\/\\\/www.pinterest.com\\\/WMCMF\\\/\",\"https:\\\/\\\/www.linkedin.com\\\/company\\\/web-del-maestro-cmf\\\/\",\"https:\\\/\\\/www.instagram.com\\\/wmcmf\\\/\",\"https:\\\/\\\/www.youtube.com\\\/channel\\\/UCDPSvjbdodE5sHnC3OxutHw\",\"https:\\\/\\\/mastodon.social\\\/@wmcmf\",\"https:\\\/\\\/www.tiktok.com\\\/@webdelmaestrocmf\"]},{\"@type\":\"Person\",\"@id\":\"https:\\\/\\\/webdelmaestrocmf.com\\\/portal\\\/#\\\/schema\\\/person\\\/1072a2ed7bd960df8ef99a551fa35dc5\",\"name\":\"Web del Maestro CMF\",\"image\":{\"@type\":\"ImageObject\",\"inLanguage\":\"es\",\"@id\":\"https:\\\/\\\/secure.gravatar.com\\\/avatar\\\/23291dd5b5ae1077dcff3dbb04c3e02bd28403fa75af6d8787d5e97c5bbbe30b?s=96&d=mm&r=g\",\"url\":\"https:\\\/\\\/secure.gravatar.com\\\/avatar\\\/23291dd5b5ae1077dcff3dbb04c3e02bd28403fa75af6d8787d5e97c5bbbe30b?s=96&d=mm&r=g\",\"contentUrl\":\"https:\\\/\\\/secure.gravatar.com\\\/avatar\\\/23291dd5b5ae1077dcff3dbb04c3e02bd28403fa75af6d8787d5e97c5bbbe30b?s=96&d=mm&r=g\",\"caption\":\"Web del Maestro CMF\"},\"description\":\"Esta Web se cre\u00f3 sin fines de lucro, con fines educativos, cient\u00edficos y acad\u00e9micos, para personas que tengan dificultades y\\\/o inconvenientes en visualizar el material original. El objetivo es entregar recursos, compartir experiencias y materiales que ayuden a los padres de familia, maestros y estudiantes en su actualizaci\u00f3n y formaci\u00f3n permanente, en bien de la Educaci\u00f3n.\",\"sameAs\":[\"http:\\\/\\\/webdelmaestrocmf.com\\\/portal\",\"https:\\\/\\\/www.facebook.com\\\/WebdelMaestroCMF\\\/\",\"https:\\\/\\\/www.instagram.com\\\/wmcmf\\\/\",\"https:\\\/\\\/cl.linkedin.com\\\/company\\\/web-del-maestro-cmf\",\"https:\\\/\\\/www.pinterest.com\\\/WMCMF\\\/publicaciones\\\/\",\"https:\\\/\\\/x.com\\\/cmf_w\",\"https:\\\/\\\/www.youtube.com\\\/@WMCMF\"]}]}<\/script>\n<!-- \/ Yoast SEO plugin. -->","yoast_head_json":{"title":"Ficha personal del alumno, Control de asistencia, Tutor\u00edas y Registro de evaluaci\u00f3n - 2026","description":"Estimados docentes\u00a0en esta oportunidad les dejamos este interesante\u00a0material LA FICHA PERSONAL DEL ESTUDIANTE, en la cual podr\u00e1n...","robots":{"index":"index","follow":"follow","max-snippet":"max-snippet:-1","max-image-preview":"max-image-preview:large","max-video-preview":"max-video-preview:-1"},"canonical":"https:\/\/webdelmaestrocmf.com\/portal\/ficha-personal-del-alumno-control-de-asistencia-tutorias-y-registro-de-evaluacion\/","og_locale":"es_ES","og_type":"article","og_title":"Ficha personal del alumno, Control de asistencia, Tutor\u00edas y Registro de evaluaci\u00f3n - 2026","og_description":"Estimados docentes\u00a0en esta oportunidad les dejamos este interesante\u00a0material LA FICHA PERSONAL DEL ESTUDIANTE, en la cual podr\u00e1n...","og_url":"https:\/\/webdelmaestrocmf.com\/portal\/ficha-personal-del-alumno-control-de-asistencia-tutorias-y-registro-de-evaluacion\/","og_site_name":"Web del Maestro CMF","article_publisher":"https:\/\/www.facebook.com\/WebdelMaestroCMF\/","article_author":"https:\/\/www.facebook.com\/WebdelMaestroCMF\/","article_published_time":"2024-02-11T00:00:35+00:00","article_modified_time":"2024-02-11T10:37:52+00:00","og_image":[{"width":1024,"height":1024,"url":"https:\/\/webdelmaestrocmf.com\/portal\/wp-content\/uploads\/2022\/08\/Banner-1-portada-imagen-10-1-2.jpg","type":"image\/jpeg"}],"author":"Web del Maestro CMF","twitter_card":"summary_large_image","twitter_creator":"@cmf_w","twitter_site":"@cmf_w","schema":{"@context":"https:\/\/schema.org","@graph":[{"@type":"ScholarlyArticle","@id":"https:\/\/webdelmaestrocmf.com\/portal\/ficha-personal-del-alumno-control-de-asistencia-tutorias-y-registro-de-evaluacion\/#article","isPartOf":{"@id":"https:\/\/webdelmaestrocmf.com\/portal\/ficha-personal-del-alumno-control-de-asistencia-tutorias-y-registro-de-evaluacion\/"},"author":{"name":"Web del Maestro CMF","@id":"https:\/\/webdelmaestrocmf.com\/portal\/#\/schema\/person\/1072a2ed7bd960df8ef99a551fa35dc5"},"headline":"Ficha personal del alumno, Control de asistencia, Tutor\u00edas y Registro de evaluaci\u00f3n","datePublished":"2024-02-11T00:00:35+00:00","dateModified":"2024-02-11T10:37:52+00:00","mainEntityOfPage":{"@id":"https:\/\/webdelmaestrocmf.com\/portal\/ficha-personal-del-alumno-control-de-asistencia-tutorias-y-registro-de-evaluacion\/"},"wordCount":706,"commentCount":0,"publisher":{"@id":"https:\/\/webdelmaestrocmf.com\/portal\/#organization"},"image":{"@id":"https:\/\/webdelmaestrocmf.com\/portal\/ficha-personal-del-alumno-control-de-asistencia-tutorias-y-registro-de-evaluacion\/#primaryimage"},"thumbnailUrl":"https:\/\/webdelmaestrocmf.com\/portal\/wp-content\/uploads\/2022\/08\/Banner-1-portada-imagen-10-1-2.jpg","keywords":["alumno","Control de Asistencia","FICHA","personal","registro de evaluaci\u00f3n","Tutor\u00edas"],"articleSection":["Descargas Manuales PDF","Recursos"],"inLanguage":"es","potentialAction":[{"@type":"CommentAction","name":"Comment","target":["https:\/\/webdelmaestrocmf.com\/portal\/ficha-personal-del-alumno-control-de-asistencia-tutorias-y-registro-de-evaluacion\/#respond"]}]},{"@type":"WebPage","@id":"https:\/\/webdelmaestrocmf.com\/portal\/ficha-personal-del-alumno-control-de-asistencia-tutorias-y-registro-de-evaluacion\/","url":"https:\/\/webdelmaestrocmf.com\/portal\/ficha-personal-del-alumno-control-de-asistencia-tutorias-y-registro-de-evaluacion\/","name":"Ficha personal del alumno, Control de asistencia, Tutor\u00edas y Registro de evaluaci\u00f3n - 2026","isPartOf":{"@id":"https:\/\/webdelmaestrocmf.com\/portal\/#website"},"primaryImageOfPage":{"@id":"https:\/\/webdelmaestrocmf.com\/portal\/ficha-personal-del-alumno-control-de-asistencia-tutorias-y-registro-de-evaluacion\/#primaryimage"},"image":{"@id":"https:\/\/webdelmaestrocmf.com\/portal\/ficha-personal-del-alumno-control-de-asistencia-tutorias-y-registro-de-evaluacion\/#primaryimage"},"thumbnailUrl":"https:\/\/webdelmaestrocmf.com\/portal\/wp-content\/uploads\/2022\/08\/Banner-1-portada-imagen-10-1-2.jpg","datePublished":"2024-02-11T00:00:35+00:00","dateModified":"2024-02-11T10:37:52+00:00","description":"Estimados docentes\u00a0en esta oportunidad les dejamos este interesante\u00a0material LA FICHA PERSONAL DEL ESTUDIANTE, en la cual podr\u00e1n...","breadcrumb":{"@id":"https:\/\/webdelmaestrocmf.com\/portal\/ficha-personal-del-alumno-control-de-asistencia-tutorias-y-registro-de-evaluacion\/#breadcrumb"},"inLanguage":"es","potentialAction":[{"@type":"ReadAction","target":["https:\/\/webdelmaestrocmf.com\/portal\/ficha-personal-del-alumno-control-de-asistencia-tutorias-y-registro-de-evaluacion\/"]}]},{"@type":"ImageObject","inLanguage":"es","@id":"https:\/\/webdelmaestrocmf.com\/portal\/ficha-personal-del-alumno-control-de-asistencia-tutorias-y-registro-de-evaluacion\/#primaryimage","url":"https:\/\/webdelmaestrocmf.com\/portal\/wp-content\/uploads\/2022\/08\/Banner-1-portada-imagen-10-1-2.jpg","contentUrl":"https:\/\/webdelmaestrocmf.com\/portal\/wp-content\/uploads\/2022\/08\/Banner-1-portada-imagen-10-1-2.jpg","width":1024,"height":1024,"caption":"Una Herramienta Integral para el Seguimiento Acad\u00e9mico La ficha personal del estudiante no es simplemente un documento m\u00e1s en el arsenal de herramientas educativas, sino m\u00e1s bien una herramienta integral dise\u00f1ada para facilitar el seguimiento y la gesti\u00f3n de la informaci\u00f3n relevante tanto para el estudiante como para los docentes y los padres. En este art\u00edculo, exploraremos c\u00f3mo esta ficha personal puede optimizar la gesti\u00f3n educativa y mejorar la experiencia de aprendizaje para todos los involucrados. Recopilaci\u00f3n de Informaci\u00f3n Crucial La ficha personal del alumno abarca una amplia gama de datos, desde informaci\u00f3n personal y m\u00e9dica hasta detalles acad\u00e9micos y familiares. Este documento no solo incluye los datos del estudiante, sino tambi\u00e9n los datos del tutor y los padres o encargados del ni\u00f1o. Con la posibilidad de adjuntar la foto de cada estudiante, esta ficha se convierte en una representaci\u00f3n completa de la identidad y contexto de cada individuo en el entorno educativo. Prop\u00f3sito y Objetivo El prop\u00f3sito fundamental de la ficha personal del alumno es recopilar informaci\u00f3n integral que pueda ser utilizada para mejorar la atenci\u00f3n educativa individualizada. Desde el seguimiento de la asistencia hasta el progreso acad\u00e9mico en distintas \u00e1reas tem\u00e1ticas, esta herramienta proporciona una visi\u00f3n hol\u00edstica del desempe\u00f1o y las necesidades de cada alumno. Adem\u00e1s, facilita la identificaci\u00f3n de \u00e1reas de mejora y la implementaci\u00f3n de estrategias personalizadas para apoyar el \u00e9xito acad\u00e9mico. Eficiencia y Facilidad de Uso Una de las caracter\u00edsticas sobresalientes de la ficha personal es su capacidad para almacenar una gran cantidad de informaci\u00f3n en un espacio reducido. Gracias a la estructura clara y concisa de cada apartado, completar la ficha requiere poco tiempo y esfuerzo por parte del docente. Adem\u00e1s, la utilizaci\u00f3n de f\u00f3rmulas matem\u00e1ticas para calcular medias aritm\u00e9ticas agiliza el proceso de evaluaci\u00f3n y seguimiento del rendimiento acad\u00e9mico del estudiante. Adaptabilidad Tecnol\u00f3gica La ficha personal del alumno se adapta tanto al entorno digital como al formato en papel, lo que la hace accesible para una amplia variedad de usuarios. Los docentes pueden optar por utilizar la versi\u00f3n digital para actualizar constantemente los datos sin preocuparse por errores o correcciones. Por otro lado, aquellos que prefieran el formato tradicional en papel tambi\u00e9n pueden beneficiarse de esta herramienta sin necesidad de tecnolog\u00eda avanzada. Conclusi\u00f3n En resumen, la ficha personal del alumno emerge como una herramienta invaluable en el \u00e1mbito educativo, permitiendo una gesti\u00f3n eficiente de la informaci\u00f3n y una atenci\u00f3n individualizada para cada estudiante. Su capacidad para recopilar datos relevantes y facilitar el seguimiento acad\u00e9mico la convierte en un recurso imprescindible para docentes, padres y estudiantes por igual. Al integrar esta herramienta en el proceso educativo, se abre la puerta a una experiencia de aprendizaje m\u00e1s efectiva y significativa para todos los involucrados"},{"@type":"BreadcrumbList","@id":"https:\/\/webdelmaestrocmf.com\/portal\/ficha-personal-del-alumno-control-de-asistencia-tutorias-y-registro-de-evaluacion\/#breadcrumb","itemListElement":[{"@type":"ListItem","position":1,"name":"Portada","item":"https:\/\/webdelmaestrocmf.com\/portal\/"},{"@type":"ListItem","position":2,"name":"Recursos","item":"https:\/\/webdelmaestrocmf.com\/portal\/category\/pedagogia\/"},{"@type":"ListItem","position":3,"name":"Ficha personal del alumno, Control de asistencia, Tutor\u00edas y Registro de evaluaci\u00f3n"}]},{"@type":"WebSite","@id":"https:\/\/webdelmaestrocmf.com\/portal\/#website","url":"https:\/\/webdelmaestrocmf.com\/portal\/","name":"Web del Maestro CMF","description":"Maestros al servicio de la educaci\u00f3n","publisher":{"@id":"https:\/\/webdelmaestrocmf.com\/portal\/#organization"},"alternateName":"WMCMF","potentialAction":[{"@type":"SearchAction","target":{"@type":"EntryPoint","urlTemplate":"https:\/\/webdelmaestrocmf.com\/portal\/?s={search_term_string}"},"query-input":{"@type":"PropertyValueSpecification","valueRequired":true,"valueName":"search_term_string"}}],"inLanguage":"es"},{"@type":"Organization","@id":"https:\/\/webdelmaestrocmf.com\/portal\/#organization","name":"Web del Maestro CMF","alternateName":"WMCMF","url":"https:\/\/webdelmaestrocmf.com\/portal\/","logo":{"@type":"ImageObject","inLanguage":"es","@id":"https:\/\/webdelmaestrocmf.com\/portal\/#\/schema\/logo\/image\/","url":"https:\/\/webdelmaestrocmf.com\/portal\/wp-content\/uploads\/2023\/01\/logo-wmcmf-2.png","contentUrl":"https:\/\/webdelmaestrocmf.com\/portal\/wp-content\/uploads\/2023\/01\/logo-wmcmf-2.png","width":200,"height":60,"caption":"Web del Maestro CMF"},"image":{"@id":"https:\/\/webdelmaestrocmf.com\/portal\/#\/schema\/logo\/image\/"},"sameAs":["https:\/\/www.facebook.com\/WebdelMaestroCMF\/","https:\/\/x.com\/cmf_w","https:\/\/www.pinterest.com\/WMCMF\/","https:\/\/www.linkedin.com\/company\/web-del-maestro-cmf\/","https:\/\/www.instagram.com\/wmcmf\/","https:\/\/www.youtube.com\/channel\/UCDPSvjbdodE5sHnC3OxutHw","https:\/\/mastodon.social\/@wmcmf","https:\/\/www.tiktok.com\/@webdelmaestrocmf"]},{"@type":"Person","@id":"https:\/\/webdelmaestrocmf.com\/portal\/#\/schema\/person\/1072a2ed7bd960df8ef99a551fa35dc5","name":"Web del Maestro CMF","image":{"@type":"ImageObject","inLanguage":"es","@id":"https:\/\/secure.gravatar.com\/avatar\/23291dd5b5ae1077dcff3dbb04c3e02bd28403fa75af6d8787d5e97c5bbbe30b?s=96&d=mm&r=g","url":"https:\/\/secure.gravatar.com\/avatar\/23291dd5b5ae1077dcff3dbb04c3e02bd28403fa75af6d8787d5e97c5bbbe30b?s=96&d=mm&r=g","contentUrl":"https:\/\/secure.gravatar.com\/avatar\/23291dd5b5ae1077dcff3dbb04c3e02bd28403fa75af6d8787d5e97c5bbbe30b?s=96&d=mm&r=g","caption":"Web del Maestro CMF"},"description":"Esta Web se cre\u00f3 sin fines de lucro, con fines educativos, cient\u00edficos y acad\u00e9micos, para personas que tengan dificultades y\/o inconvenientes en visualizar el material original. El objetivo es entregar recursos, compartir experiencias y materiales que ayuden a los padres de familia, maestros y estudiantes en su actualizaci\u00f3n y formaci\u00f3n permanente, en bien de la Educaci\u00f3n.","sameAs":["http:\/\/webdelmaestrocmf.com\/portal","https:\/\/www.facebook.com\/WebdelMaestroCMF\/","https:\/\/www.instagram.com\/wmcmf\/","https:\/\/cl.linkedin.com\/company\/web-del-maestro-cmf","https:\/\/www.pinterest.com\/WMCMF\/publicaciones\/","https:\/\/x.com\/cmf_w","https:\/\/www.youtube.com\/@WMCMF"]}]}},"jetpack_featured_media_url":"https:\/\/webdelmaestrocmf.com\/portal\/wp-content\/uploads\/2022\/08\/Banner-1-portada-imagen-10-1-2.jpg","jetpack_sharing_enabled":true,"jetpack-related-posts":[{"id":102154,"url":"https:\/\/webdelmaestrocmf.com\/portal\/documentos-que-todo-docente-debe-tener\/","url_meta":{"origin":79833,"position":0},"title":"Documentos que todo docente debe tener","author":"Web del Maestro CMF","date":"15 enero, 2024","format":false,"excerpt":"En el universo desafiante de la ense\u00f1anza, la planificaci\u00f3n efectiva y la organizaci\u00f3n son claves. Este a\u00f1o, destacamos documentos esenciales que todo docente necesita. Desde modelos de actas hasta formatos de experiencias de aprendizaje, estas herramientas simplifican la gesti\u00f3n educativa. Al final de este art\u00edculo, encontrar\u00e1 enlaces de descarga para\u2026","rel":"","context":"En \u00abDescargas Manuales PDF\u00bb","block_context":{"text":"Descargas Manuales PDF","link":"https:\/\/webdelmaestrocmf.com\/portal\/category\/pedagogia\/descargas-manuales-pdf\/"},"img":{"alt_text":"Documentos que todo docente debe tener","src":"https:\/\/i0.wp.com\/webdelmaestrocmf.com\/portal\/wp-content\/uploads\/2024\/01\/Banner-1-portada-imagen-10-20.jpg?resize=350%2C200&ssl=1","width":350,"height":200,"srcset":"https:\/\/i0.wp.com\/webdelmaestrocmf.com\/portal\/wp-content\/uploads\/2024\/01\/Banner-1-portada-imagen-10-20.jpg?resize=350%2C200&ssl=1 1x, https:\/\/i0.wp.com\/webdelmaestrocmf.com\/portal\/wp-content\/uploads\/2024\/01\/Banner-1-portada-imagen-10-20.jpg?resize=525%2C300&ssl=1 1.5x, https:\/\/i0.wp.com\/webdelmaestrocmf.com\/portal\/wp-content\/uploads\/2024\/01\/Banner-1-portada-imagen-10-20.jpg?resize=700%2C400&ssl=1 2x"},"classes":[]},{"id":26689,"url":"https:\/\/webdelmaestrocmf.com\/portal\/ficha-personal-del-estudiante-5-modelos-editables-en-word-y-pdf\/","url_meta":{"origin":79833,"position":1},"title":"Ficha personal del estudiante: modelos editables para todos los niveles","author":"Web del Maestro CMF","date":"5 agosto, 2020","format":false,"excerpt":"La finalidad de esta Ficha personal del estudiante (Ficha Personal es la recogida de informaci\u00f3n del alumno\/a) tanto en aspectos personales (m\u00e9dicos y familiares), como acad\u00e9micos (faltas de asistencia, resultados de las distintas unidades did\u00e1cticas o temas, elaboraci\u00f3n de trabajos, y las recuperaciones en evaluaciones negativas, as\u00ed como del grado\u2026","rel":"","context":"En \u00abDescargas Manuales PDF\u00bb","block_context":{"text":"Descargas Manuales PDF","link":"https:\/\/webdelmaestrocmf.com\/portal\/category\/pedagogia\/descargas-manuales-pdf\/"},"img":{"alt_text":"ficha personal del estudiante","src":"https:\/\/i0.wp.com\/webdelmaestrocmf.com\/portal\/wp-content\/uploads\/2018\/02\/1-53.jpg?resize=350%2C200&ssl=1","width":350,"height":200,"srcset":"https:\/\/i0.wp.com\/webdelmaestrocmf.com\/portal\/wp-content\/uploads\/2018\/02\/1-53.jpg?resize=350%2C200&ssl=1 1x, https:\/\/i0.wp.com\/webdelmaestrocmf.com\/portal\/wp-content\/uploads\/2018\/02\/1-53.jpg?resize=525%2C300&ssl=1 1.5x, https:\/\/i0.wp.com\/webdelmaestrocmf.com\/portal\/wp-content\/uploads\/2018\/02\/1-53.jpg?resize=700%2C400&ssl=1 2x, https:\/\/i0.wp.com\/webdelmaestrocmf.com\/portal\/wp-content\/uploads\/2018\/02\/1-53.jpg?resize=1050%2C600&ssl=1 3x"},"classes":[]},{"id":105371,"url":"https:\/\/webdelmaestrocmf.com\/portal\/ficha-de-informacion-del-docente\/","url_meta":{"origin":79833,"position":2},"title":"Ficha de informaci\u00f3n del docente","author":"Web del Maestro CMF","date":"7 mayo, 2024","format":false,"excerpt":"La Ficha de informaci\u00f3n del docente es un documento fundamental para la gesti\u00f3n y organizaci\u00f3n del personal docente en instituciones educativas. Su funci\u00f3n principal es recopilar informaci\u00f3n relevante sobre cada profesor, permitiendo a las autoridades educativas tener una visi\u00f3n completa de sus antecedentes acad\u00e9micos, experiencia laboral, habilidades, formaci\u00f3n pedag\u00f3gica y\u2026","rel":"","context":"En \u00abDocentes\u00bb","block_context":{"text":"Docentes","link":"https:\/\/webdelmaestrocmf.com\/portal\/category\/pedagogia\/docentes\/"},"img":{"alt_text":"","src":"https:\/\/i0.wp.com\/webdelmaestrocmf.com\/portal\/wp-content\/uploads\/2024\/05\/Banner-1-portada-imagen-10-1-88.jpg?resize=350%2C200&ssl=1","width":350,"height":200,"srcset":"https:\/\/i0.wp.com\/webdelmaestrocmf.com\/portal\/wp-content\/uploads\/2024\/05\/Banner-1-portada-imagen-10-1-88.jpg?resize=350%2C200&ssl=1 1x, https:\/\/i0.wp.com\/webdelmaestrocmf.com\/portal\/wp-content\/uploads\/2024\/05\/Banner-1-portada-imagen-10-1-88.jpg?resize=525%2C300&ssl=1 1.5x, https:\/\/i0.wp.com\/webdelmaestrocmf.com\/portal\/wp-content\/uploads\/2024\/05\/Banner-1-portada-imagen-10-1-88.jpg?resize=700%2C400&ssl=1 2x"},"classes":[]},{"id":112240,"url":"https:\/\/webdelmaestrocmf.com\/portal\/descarga-el-recurso-mi-registro-diario-de-emociones\/","url_meta":{"origin":79833,"position":3},"title":"Descarga el recurso: \u00abMi registro diario de emociones\u00bb y \u00abMejora tu comunicaci\u00f3n con el modelo de los cinco dedos\u00bb","author":"Web del Maestro CMF","date":"27 marzo, 2026","format":false,"excerpt":"El documento MI REGISTRO DIARIO DE EMOCIONES ayuda a los estudiantes a identificar, expresar y gestionar sus emociones, fortaleciendo su bienestar y aprendizaje.","rel":"","context":"En \u00abEmociones\u00bb","block_context":{"text":"Emociones","link":"https:\/\/webdelmaestrocmf.com\/portal\/category\/pedagogia\/emociones\/"},"img":{"alt_text":"","src":"https:\/\/i0.wp.com\/webdelmaestrocmf.com\/portal\/wp-content\/uploads\/2025\/09\/1A-Banner-1-portada-imagen-10-1-copia-3.jpg?resize=350%2C200&ssl=1","width":350,"height":200,"srcset":"https:\/\/i0.wp.com\/webdelmaestrocmf.com\/portal\/wp-content\/uploads\/2025\/09\/1A-Banner-1-portada-imagen-10-1-copia-3.jpg?resize=350%2C200&ssl=1 1x, https:\/\/i0.wp.com\/webdelmaestrocmf.com\/portal\/wp-content\/uploads\/2025\/09\/1A-Banner-1-portada-imagen-10-1-copia-3.jpg?resize=525%2C300&ssl=1 1.5x, https:\/\/i0.wp.com\/webdelmaestrocmf.com\/portal\/wp-content\/uploads\/2025\/09\/1A-Banner-1-portada-imagen-10-1-copia-3.jpg?resize=700%2C400&ssl=1 2x"},"classes":[]},{"id":117144,"url":"https:\/\/webdelmaestrocmf.com\/portal\/el-valor-de-las-fichas-educativas-en-la-gestion-docente-y-el-seguimiento-integral-del-estudiante\/","url_meta":{"origin":79833,"position":4},"title":"El valor de las fichas educativas en la gesti\u00f3n docente y el seguimiento integral del estudiante","author":"Web del Maestro CMF","date":"30 marzo, 2026","format":false,"excerpt":"Las fichas educativas permiten organizar, evidenciar y mejorar el seguimiento del estudiante y la gesti\u00f3n docente, facilitando decisiones pedag\u00f3gicas oportunas, fortaleciendo la comunicaci\u00f3n con las familias y promoviendo la responsabilidad compartida.","rel":"","context":"En \u00abDescarga\u00bb","block_context":{"text":"Descarga","link":"https:\/\/webdelmaestrocmf.com\/portal\/category\/descarga\/"},"img":{"alt_text":"","src":"https:\/\/i0.wp.com\/webdelmaestrocmf.com\/portal\/wp-content\/uploads\/2026\/03\/1AA-Banner-1-portada-imagen-10-1-copia-1-5.webp?resize=350%2C200&ssl=1","width":350,"height":200,"srcset":"https:\/\/i0.wp.com\/webdelmaestrocmf.com\/portal\/wp-content\/uploads\/2026\/03\/1AA-Banner-1-portada-imagen-10-1-copia-1-5.webp?resize=350%2C200&ssl=1 1x, https:\/\/i0.wp.com\/webdelmaestrocmf.com\/portal\/wp-content\/uploads\/2026\/03\/1AA-Banner-1-portada-imagen-10-1-copia-1-5.webp?resize=525%2C300&ssl=1 1.5x, https:\/\/i0.wp.com\/webdelmaestrocmf.com\/portal\/wp-content\/uploads\/2026\/03\/1AA-Banner-1-portada-imagen-10-1-copia-1-5.webp?resize=700%2C400&ssl=1 2x, https:\/\/i0.wp.com\/webdelmaestrocmf.com\/portal\/wp-content\/uploads\/2026\/03\/1AA-Banner-1-portada-imagen-10-1-copia-1-5.webp?resize=1050%2C600&ssl=1 3x"},"classes":[]},{"id":84194,"url":"https:\/\/webdelmaestrocmf.com\/portal\/cuaderno-y-agenda-del-docente-completo-para-imprimir\/","url_meta":{"origin":79833,"position":5},"title":"Agenda \/ Cuaderno del Docente 2026: planificaci\u00f3n de clases y planificador diario, gratuito y listo para imprimir","author":"Web del Maestro CMF","date":"18 enero, 2026","format":false,"excerpt":"Cuaderno docente PDF con horarios, agenda, fichas de alumnos, planificaci\u00f3n semanal y recursos para organizar clases, comunicaci\u00f3n familiar y actividades.","rel":"","context":"En \u00abDescargas Manuales PDF\u00bb","block_context":{"text":"Descargas Manuales PDF","link":"https:\/\/webdelmaestrocmf.com\/portal\/category\/pedagogia\/descargas-manuales-pdf\/"},"img":{"alt_text":"","src":"https:\/\/i0.wp.com\/webdelmaestrocmf.com\/portal\/wp-content\/uploads\/2025\/11\/1A-Banner-1-portada-imagen-10-1-copia-1-8.webp?resize=350%2C200&ssl=1","width":350,"height":200,"srcset":"https:\/\/i0.wp.com\/webdelmaestrocmf.com\/portal\/wp-content\/uploads\/2025\/11\/1A-Banner-1-portada-imagen-10-1-copia-1-8.webp?resize=350%2C200&ssl=1 1x, https:\/\/i0.wp.com\/webdelmaestrocmf.com\/portal\/wp-content\/uploads\/2025\/11\/1A-Banner-1-portada-imagen-10-1-copia-1-8.webp?resize=525%2C300&ssl=1 1.5x, https:\/\/i0.wp.com\/webdelmaestrocmf.com\/portal\/wp-content\/uploads\/2025\/11\/1A-Banner-1-portada-imagen-10-1-copia-1-8.webp?resize=700%2C400&ssl=1 2x"},"classes":[]}],"_links":{"self":[{"href":"https:\/\/webdelmaestrocmf.com\/portal\/wp-json\/wp\/v2\/posts\/79833","targetHints":{"allow":["GET"]}}],"collection":[{"href":"https:\/\/webdelmaestrocmf.com\/portal\/wp-json\/wp\/v2\/posts"}],"about":[{"href":"https:\/\/webdelmaestrocmf.com\/portal\/wp-json\/wp\/v2\/types\/post"}],"author":[{"embeddable":true,"href":"https:\/\/webdelmaestrocmf.com\/portal\/wp-json\/wp\/v2\/users\/1"}],"replies":[{"embeddable":true,"href":"https:\/\/webdelmaestrocmf.com\/portal\/wp-json\/wp\/v2\/comments?post=79833"}],"version-history":[{"count":0,"href":"https:\/\/webdelmaestrocmf.com\/portal\/wp-json\/wp\/v2\/posts\/79833\/revisions"}],"wp:featuredmedia":[{"embeddable":true,"href":"https:\/\/webdelmaestrocmf.com\/portal\/wp-json\/wp\/v2\/media\/103666"}],"wp:attachment":[{"href":"https:\/\/webdelmaestrocmf.com\/portal\/wp-json\/wp\/v2\/media?parent=79833"}],"wp:term":[{"taxonomy":"category","embeddable":true,"href":"https:\/\/webdelmaestrocmf.com\/portal\/wp-json\/wp\/v2\/categories?post=79833"},{"taxonomy":"post_tag","embeddable":true,"href":"https:\/\/webdelmaestrocmf.com\/portal\/wp-json\/wp\/v2\/tags?post=79833"}],"curies":[{"name":"wp","href":"https:\/\/api.w.org\/{rel}","templated":true}]}}