{"id":79489,"date":"2022-08-16T20:11:48","date_gmt":"2022-08-17T00:11:48","guid":{"rendered":"https:\/\/webdelmaestrocmf.com\/portal\/?p=79489"},"modified":"2022-08-17T10:06:08","modified_gmt":"2022-08-17T14:06:08","slug":"como-formular-proyectos-de-clase-efectivos","status":"publish","type":"post","link":"https:\/\/webdelmaestrocmf.com\/portal\/como-formular-proyectos-de-clase-efectivos\/","title":{"rendered":"C\u00f3mo formular Proyectos de Clase Efectivos"},"content":{"rendered":"<h5 align=\"justify\">Contar con estrategias pedag\u00f3gicas, que permitan al docente utilizar el potencial transformador de las TIC para mejorar el aprendizaje de sus estudiantes, es uno de los aspectos fundamentales que plantea el\u00a0<strong>modelo MiTIC@\u00a0<\/strong>en el componente<strong> \u00abDocentes de otras \u00e1reas\u00bb.<\/strong> En este modelo se hace hincapi\u00e9 en una de las competencias b\u00e1sicas que debe tener cualquier docente: estar en capacidad de formular proyectos de clase motivadores, activos y colaborativos, integrando en estos las TIC con los enfoques que le aportan las pedagog\u00edas actuales.<\/h5>\n<p><!--more--><\/p>\n<p align=\"justify\">Sin embargo, a pesar de que es fundamental que los \u00abDocentes de \u00c1rea\u00bb tengan claridad respecto a las oportunidades que ofrecen las TIC para enriquecer sus ambientes de aprendizaje, el proceso ser\u00e1 exitoso en la medida en que se inicie por dise\u00f1ar el proyecto de aula con actividades de aprendizaje que contribuyan a alcanzar los logros propuestos en este. Cumplido lo anterior, la atenci\u00f3n puede ahora centrarse en la\u00a0<a href=\"http:\/\/www.eduteka.org\/SeleccionRecursosDigitales.php\" target=\"_blank\" rel=\"noopener\">selecci\u00f3n de los recursos digitales<\/a> que los enriquezcan.<\/p>\n<p align=\"justify\"><img loading=\"lazy\" decoding=\"async\" class=\"alignnone wp-image-79490\" src=\"https:\/\/webdelmaestrocmf.com\/portal\/wp-content\/uploads\/2022\/08\/image003-1.png\" alt=\"\" width=\"699\" height=\"421\" srcset=\"https:\/\/webdelmaestrocmf.com\/portal\/wp-content\/uploads\/2022\/08\/image003-1.png 392w, https:\/\/webdelmaestrocmf.com\/portal\/wp-content\/uploads\/2022\/08\/image003-1-300x181.png 300w, https:\/\/webdelmaestrocmf.com\/portal\/wp-content\/uploads\/2022\/08\/image003-1-110x66.png 110w, https:\/\/webdelmaestrocmf.com\/portal\/wp-content\/uploads\/2022\/08\/image003-1-200x120.png 200w, https:\/\/webdelmaestrocmf.com\/portal\/wp-content\/uploads\/2022\/08\/image003-1-380x229.png 380w, https:\/\/webdelmaestrocmf.com\/portal\/wp-content\/uploads\/2022\/08\/image003-1-255x154.png 255w\" sizes=\"auto, (max-width: 699px) 100vw, 699px\" \/><\/p>\n<p align=\"justify\">Con frecuencia, el proceso anterior se invierte, pues los docentes caen en la tentaci\u00f3n de acomodar, muchas veces a contramano, una actividad de aprendizaje a un recurso digital que les resulta muy atractivo.<\/p>\n<p align=\"justify\">En este orden de ideas, resulta conveniente tener en cuenta que una de las formas m\u00e1s efectivas de la relaci\u00f3n docente &#8211; estudiante, es la cimentada en el modelo de aprendizaje activo, id\u00f3neo para dise\u00f1ar e implementar proyectos de clase con participaci\u00f3n din\u00e1mica de los estudiantes [1]. Este modelo se enfoca en la construcci\u00f3n activa y significativa de conocimiento; las actividades del aula se centran en el estudiante; el docente funge como gu\u00eda, colaborador y formulador de preguntas clave; se promueve la construcci\u00f3n de relaciones entre conocimientos previos y nuevos; y el \u00e9xito se demuestra con la calidad de la comprensi\u00f3n [2].<\/p>\n<p align=\"justify\">Por otra parte, la creatividad, como factor clave para la innovaci\u00f3n, entr\u00f3 ya a formar parte de las prioridades de los sistemas educativos de varios pa\u00edses. Es as\u00ed como en la reformulaci\u00f3n del 2008, de los Est\u00e1ndares Nacionales Estadounidenses de TIC para Estudiantes (<a href=\"http:\/\/www.eduteka.org\/modulos\/11\/335\/59\/1\" target=\"_blank\" rel=\"noopener\">NETS-S<\/a>), la creatividad no solo juega un papel destacado, sino que encabeza, bajo el t\u00edtulo \u00abCreatividad e Innovaci\u00f3n\u00bb, la primera de las seis categor\u00edas que los conforman. Las Instituciones educativas tienen el reto enorme de generar las estrategias adecuadas para que los estudiantes se desarrollen como pensadores creativos y, por ende, innovadores [3].<\/p>\n<h5 style=\"text-align: left;\" align=\"justify\">C\u00d3MO PLANTEAR PROYECTOS DE CLASE ENFOCADOS A DESARROLLAR CREATIVIDAD Y HABILIDADES DE SOLUCI\u00d3N DE PROBLEMAS<\/h5>\n<p align=\"justify\">Tal como se mencion\u00f3 en p\u00e1rrafos anteriores, dise\u00f1ar actividades de aprendizaje que contribuyan a alcanzar los logros propuestos en un proyecto de clase, es una competencia fundamental para cualquier docente. Pero hacerlo de manera que estas actividades ayuden a desarrollar la creatividad y la habilidad para solucionar problemas, tiene un merito mayor. Planear clases de corte activo, es tarea esencial mediante la cual los docentes definen una hoja de ruta de las actividades que van a desarrollar en el aula con sus estudiantes, para alcanzar uno o m\u00e1s de los objetivos de aprendizaje establecidos.<\/p>\n<p align=\"justify\">Por esto, es sumamente importante planear y plantear con anticipaci\u00f3n los Proyectos de Clase, evitando as\u00ed improvisaciones. Cabe anotar sin embargo, que esta planeaci\u00f3n es solo una gu\u00eda flexible, que puede variar para acomodarse a las circunstancias que se presenten durante el trabajo en el aula.<\/p>\n<p align=\"justify\">Habitualmente, cuando planean unaaluaci\u00f3n con el cual se valorar\u00e1 tanto el proceso llevado a cabo por los estudiantes al realizar el proyecto de clase, como el resultado del mismo.<\/p>\n<p align=\"justify\">De todos los factores anteriores, el\u00a0<strong>dise\u00f1o de actividades<\/strong>, ofrece al docente la oportunidad de innovar y de plantear tareas que motiven a los estudiantes a comprometerse con un aprendizaje significativo.<\/p>\n<p align=\"justify\"><img loading=\"lazy\" decoding=\"async\" class=\"size-full wp-image-79491 aligncenter\" src=\"https:\/\/webdelmaestrocmf.com\/portal\/wp-content\/uploads\/2022\/08\/1-42.jpg\" alt=\"\" width=\"276\" height=\"729\" srcset=\"https:\/\/webdelmaestrocmf.com\/portal\/wp-content\/uploads\/2022\/08\/1-42.jpg 276w, https:\/\/webdelmaestrocmf.com\/portal\/wp-content\/uploads\/2022\/08\/1-42-114x300.jpg 114w, https:\/\/webdelmaestrocmf.com\/portal\/wp-content\/uploads\/2022\/08\/1-42-110x291.jpg 110w, https:\/\/webdelmaestrocmf.com\/portal\/wp-content\/uploads\/2022\/08\/1-42-200x528.jpg 200w, https:\/\/webdelmaestrocmf.com\/portal\/wp-content\/uploads\/2022\/08\/1-42-255x674.jpg 255w\" sizes=\"auto, (max-width: 276px) 100vw, 276px\" \/><\/p>\n<h5 class=\"Estilo1\" align=\"center\">DISE\u00d1O DE ACTIVIDADES DE CLASE<\/h5>\n<p align=\"justify\">A continuaci\u00f3n se plantean dos estrategias para enriquecer el dise\u00f1o de actividades de clase: Espiral del pensamiento creativo y Soluci\u00f3n de problemas. Enmarc\u00e1ndolas en estas, las actividades adquieren para los estudiantes un tono innovador e interesante; permitiendo adem\u00e1s que durante su desarrollo y, en algunos casos, se\u00a0<a href=\"http:\/\/www.eduteka.org\/SeleccionRecursosDigitales.php\" target=\"_blank\" rel=\"noopener\">integren f\u00e1cilmente las TIC<\/a>.<\/p>\n<h5 class=\"Estilo1\" align=\"center\">LA ESPIRAL DEL PENSAMIENTO CREATIVO<\/h5>\n<p align=\"justify\">La Espiral de la Creatividad fue propuesta por el Dr. Mitchel Resnick, director del grupo de investigaci\u00f3n \u00ab<a target=\"_blank\" rel=\"noopener\" media=\"\">Lifelong Kindergarten<\/a>\u00bb del\u00a0<a target=\"_blank\" rel=\"noopener\" media=\"\">Laboratorio de Medios de MIT<\/a>\u00a0(MIT Media Lab). La espiral es un proceso iterativo en el cual el estudiante imagina lo que quiere hacer; crea un proyecto basado en sus ideas; juega luego con sus ideas y creaciones; las comparte con otros y, finalmente, reflexiona sobre sus experiencias para volver a iniciar el ciclo, imaginando nuevas ideas y proyectos. Este proceso puede repetirse nuevamente, creando una espiral de mejoramiento continuo [4].<\/p>\n<p align=\"center\"><img loading=\"lazy\" decoding=\"async\" class=\"alignnone size-full wp-image-79492\" src=\"https:\/\/webdelmaestrocmf.com\/portal\/wp-content\/uploads\/2022\/08\/image003-2.png\" alt=\"\" width=\"398\" height=\"346\" srcset=\"https:\/\/webdelmaestrocmf.com\/portal\/wp-content\/uploads\/2022\/08\/image003-2.png 398w, https:\/\/webdelmaestrocmf.com\/portal\/wp-content\/uploads\/2022\/08\/image003-2-300x261.png 300w, https:\/\/webdelmaestrocmf.com\/portal\/wp-content\/uploads\/2022\/08\/image003-2-110x96.png 110w, https:\/\/webdelmaestrocmf.com\/portal\/wp-content\/uploads\/2022\/08\/image003-2-200x174.png 200w, https:\/\/webdelmaestrocmf.com\/portal\/wp-content\/uploads\/2022\/08\/image003-2-380x330.png 380w, https:\/\/webdelmaestrocmf.com\/portal\/wp-content\/uploads\/2022\/08\/image003-2-255x222.png 255w\" sizes=\"auto, (max-width: 398px) 100vw, 398px\" \/><br \/>\nEspiral de la Creatividad<\/p>\n<p align=\"justify\">Plantear actividades de aula, enmarc\u00e1ndolas en esta estrategia, facilita al docente formular problemas a sus estudiantes para que imaginen y propongan diferentes alternativas de soluci\u00f3n. Posteriormente, ellos desarrollan la alternativa de soluci\u00f3n que seleccionaron, experimentan con ella, la comparten con toda la clase y reciben retroalimentaci\u00f3n, tanto del profesor como de sus compa\u00f1eros. Esta retroalimentaci\u00f3n debe generar una reflexi\u00f3n sobre su propuesta inicial de soluci\u00f3n, para corregirla o enriquecerla, si fuere necesario.<\/p>\n<p align=\"justify\">En los siguientes ejemplos se muestra c\u00f3mo aplicar la Espiral de la Creatividad en actividades de Ciencias Naturales y Matem\u00e1ticas:<\/p>\n<h5>Proyecto ciencias naturales<\/h5>\n<p><iframe loading=\"lazy\" src=\"https:\/\/www.slideshare.net\/slideshow\/embed_code\/10030634\" width=\"100%\" height=\"400\" frameborder=\"0\" marginwidth=\"0\" marginheight=\"0\" scrolling=\"no\" data-mce-fragment=\"1\"><span data-mce-type=\"bookmark\" style=\"display: inline-block; width: 0px; overflow: hidden; line-height: 0;\" class=\"mce_SELRES_start\">\ufeff<\/span><\/iframe><\/p>\n<p>La Fotos\u00edntesis<\/p>\n<h5>EJEMPLO: PROCESO DE FOTOS\u00cdNTESIS, GRADO 4\u00b0<\/h5>\n<p align=\"justify\"><strong>Imaginar:<\/strong>\u00a0\u00bfC\u00f3mo crees que se alimentan las plantas? Los estudiantes dan diferentes respuestas con base en sus conocimientos previos. El docente comparte los conceptos cient\u00edficos relacionados con la fotos\u00edntesis (clorofila, rayos ultravioleta, bi\u00f3xido de carbono, partes de la hoja, estomas, etc).<br \/>\n<strong>Crear y Jugar:<\/strong>\u00a0Utilizando el programa MS Paint, el estudiante ilustra en una l\u00e1mina el proceso de la fotos\u00edntesis, seg\u00fan su comprensi\u00f3n de lo visto en clase. Adicionalmente, asociado a esta l\u00e1mina, inventar\u00e1 un cuento sobre el proceso de alimentaci\u00f3n de las plantas.<br \/>\n<strong>Compartir:<\/strong>\u00a0En parejas, los estudiantes intercambian sus ilustraciones a trav\u00e9s del correo electr\u00f3nico. Cada quien, dar\u00e1 a su pareja una opini\u00f3n, enfocada a que la lamina realmente represente el proceso de alimentaci\u00f3n de una planta.<br \/>\n<strong>Reflexionar:<\/strong>\u00a0Al finalizar, se hace una mesa redonda en la que cada estudiante tenga la oportunidad de demostrar la comprensi\u00f3n alcanzada sobre los conceptos y procesos de la fotos\u00edntesis.<br \/>\n<strong>Imaginar:<\/strong>\u00a0\u00bfC\u00f3mo ocurre la fotos\u00edntesis en las plantas seg\u00fan su tama\u00f1o?<br \/>\n<em>(Actividad planteada por la docente Elizabeth Malte, IE Harold Eder, Palmira, Colombia).<\/em><\/p>\n<p>C\u00f3mo aplicar la espiral de la creatividad fraccionarios (matem\u00e1ticas)<\/p>\n<p><iframe loading=\"lazy\" src=\"https:\/\/www.slideshare.net\/slideshow\/embed_code\/10030657\" width=\"100%\" height=\"400\" frameborder=\"0\" marginwidth=\"0\" marginheight=\"0\" scrolling=\"no\" data-mce-fragment=\"1\"><span data-mce-type=\"bookmark\" style=\"display: inline-block; width: 0px; overflow: hidden; line-height: 0;\" class=\"mce_SELRES_start\">\ufeff<\/span><\/iframe><\/p>\n<p>Fraccionarios<\/p>\n<h5>EJEMPLO: FRACCIONARIOS, GRADO 4\u00b0<\/h5>\n<p align=\"justify\"><strong>Imaginar:<\/strong>\u00a0Los estudiantes imaginan que se encuentran en una fiesta de cumplea\u00f1os en la que todos participan animadamente y deben repartir equitativamente una torta.<br \/>\n<strong>Crear:<\/strong>\u00a0Los estudiantes deben crear, mediante dibujos, las posibilidades de repartir la torta de forma que todos los asistentes reciban una porci\u00f3n igual.<br \/>\n<strong>Jugar:<\/strong>\u00a0Los estudiantes se divierten repartiendo los pedazos de pastel imaginarios entre los asistentes a la fiesta. Para hacerlo, deben utilizar t\u00e9rminos fraccionarios, por ejemplo: un decimo o dos octavos de la torta, esto depender\u00e1 del n\u00famero de partes en que acuerden dividirla.<br \/>\n<strong>Compartir:<\/strong>\u00a0Los estudiantes compartir\u00e1n con el resto de compa\u00f1eros los conocimientos que, con la actividad, han construido sobre fraccionarios.<br \/>\n<strong>Reflexionar:<\/strong>\u00a0Los estudiantes, de manera individual y colectiva, explican conceptos de n\u00fameros fraccionarios y los relacionan con la actividad realizada durante la clase.<br \/>\n<strong>Imaginar:\u00a0<\/strong>Los estudiantes imaginan otros contextos en los cuales se utilicen n\u00fameros fraccionarios.<br \/>\n<em>(Actividad planteada por las docentes Leidy Jhoana Tello G\u00f3mez &amp; Miryam Viviana Guevara Garc\u00eda, IE Semilla de la Esperanza, Palmira, Colombia).<\/em><\/p>\n<h5 align=\"justify\">EJEMPLO: SISTEMA DIGESTIVO, GRADO 2\u00b0<\/h5>\n<p align=\"justify\"><strong>Imaginar:<\/strong>\u00a0Los estudiantes imaginan c\u00f3mo funciona el sistema digestivo de los seres humanos y lo expresan mediante una lluvia de ideas.<br \/>\n<strong>Crear:<\/strong>\u00a0A cada estudiante se le asigna el nombre de un alimento y se le pide que, con plastilina y sobre cartulina, explique el proceso de lo que sucede con ese alimento en el sistema digestivo de una persona.<br \/>\n<strong>Jugar:<\/strong>\u00a0Se muestra a los estudiantes un rompecabezas del sistema digestivo, buscando reforzar y facilitar el tema visto. Se escriben en el tablero los nombres de los \u00f3rganos que conforman el sistema digestivo y el estudiante ubicar\u00e1 en el rompecabezas los nombres de los \u00f3rganos correspondientes.<br \/>\n<strong>Compartir:<\/strong>\u00a0A partir de los conceptos vistos en clase, los estudiantes, al comer o ingerir algo, socializan sus experiencias; el docente gu\u00eda esta socializaci\u00f3n y complementa el tema presentado.<br \/>\n<strong>Reflexionar:<\/strong>\u00a0Los estudiantes autocalifican el trabajo realizado por ellos, reconociendo debilidades y fortalezas respecto al tema.<br \/>\n<strong>Imaginar:<\/strong>\u00a0A partir de las debilidades y las fortalezas identificadas, el docente plantea una nueva pregunta.<br \/>\n<em>(Actividad planteada por los docentes Liliana Ceballos &amp; Angela Cruz &amp; Oneida Ruiz &amp; Iv\u00e1n Mu\u00f1oz; Instituto Nuestra Se\u00f1ora de la Asunci\u00f3n, Cali, Colombia).<\/em><\/p>\n<h5 align=\"justify\">RESUMIENDO&#8230;<\/h5>\n<p align=\"justify\">En los tres ejemplos anteriores, se inicia con un periodo de tiempo para imaginar, lo que permite al docente identificar los pre-saberes de los estudiantes sobre el tema a tratar. Este punto de partida es importante pues pone en evidencia si la actividad planeada est\u00e1 acorde con el nivel de conocimiento que tienen en la actualidad sus estudiantes en ese tema o, si debe redise\u00f1arla. Desafortunadamente, muchas veces no se cuenta con ese espacio y el docente se limita a ense\u00f1ar nuevos contenidos sin validar los pre-saberes de los estudiantes.<\/p>\n<p align=\"justify\">Tanto Crear como Jugar, permiten que el estudiante pueda construir sus propios conceptos en el desarrollo de las actividades. De esta manera, el estudiante demostrar\u00e1 que tan claro tiene los conceptos y se convierte en personaje importante dentro del aula, pues hace propuestas e interact\u00faa con sus saberes.<\/p>\n<p align=\"justify\">El tiempo de Reflexi\u00f3n, es un espacio que todos los docentes deber\u00edan establecer en sus actividades de aula, ya que es all\u00ed donde no solo se eval\u00faa qu\u00e9 aprendieron sus estudiantes, sino, c\u00f3mo lo aprendieron. Esto abre campo a la reflexi\u00f3n tanto de los estudiantes respecto a sus aprendizajes, como de los docentes respecto a c\u00f3mo mejorar las actividades de aula que propongan en el futuro.<\/p>\n<p align=\"justify\">Es claro que la Reflexi\u00f3n no debe necesariamente ser el punto final de una actividad, pues si se pide a los estudiantes que imaginen nuevamente, puede aprovecharse ese espacio para profundizar en los temas que se acaban de tratar. Los elementos que conforman la Espiral de la Creatividad deben considerarse seriamente al planear una actividad de clase ya que estos no solo la hacen m\u00e1s atractiva, sino que enriquecen la forma en que los estudiantes aprenden y aplican los saberes construidos. Find info about all Dark Net markets using only the verified original URL of Darknet Markets. All Dark Net markets active urls stored at\u00a0<a href=\"https:\/\/darknetonion.com\/\" target=\"_blank\" rel=\"noopener\">Darknet Markets<\/a><\/p>\n<h5 align=\"justify\">SOLUCI\u00d3N DE PROBLEMAS<\/h5>\n<p align=\"justify\">Otra estrategia para plantear actividades de clase consiste en el \u00abCiclo para la soluci\u00f3n de problemas\u00bb propuesto por George Polya (1957) [5]. Por soluci\u00f3n de problemas entendemos \u00abencontrar y utilizar unos medios y unas estrategias de soluci\u00f3n en una situaci\u00f3n en la que se debe alcanzar una meta.<\/p>\n<p align=\"justify\">Seg\u00fan Polya, en la soluci\u00f3n de un problema intervienen cuatro operaciones mentales: 1) Entender el problema; 2) Trazar un plan (para resolverlo); 3) Ejecutar el plan (resolver el problema); 4) Revisarlo (asegurarse que la soluci\u00f3n es la apropiada) [6]. Estas operaciones las aplican los estudiantes de manera flexible; queriendo decir que estos pasos no se trabajan necesariamente en una secuencia lineal.<\/p>\n<p align=\"center\"><img loading=\"lazy\" decoding=\"async\" class=\"alignnone wp-image-79493\" src=\"https:\/\/webdelmaestrocmf.com\/portal\/wp-content\/uploads\/2022\/08\/image003-3.png\" alt=\"\" width=\"584\" height=\"330\" srcset=\"https:\/\/webdelmaestrocmf.com\/portal\/wp-content\/uploads\/2022\/08\/image003-3.png 329w, https:\/\/webdelmaestrocmf.com\/portal\/wp-content\/uploads\/2022\/08\/image003-3-300x170.png 300w, https:\/\/webdelmaestrocmf.com\/portal\/wp-content\/uploads\/2022\/08\/image003-3-110x62.png 110w, https:\/\/webdelmaestrocmf.com\/portal\/wp-content\/uploads\/2022\/08\/image003-3-200x113.png 200w, https:\/\/webdelmaestrocmf.com\/portal\/wp-content\/uploads\/2022\/08\/image003-3-255x144.png 255w\" sizes=\"auto, (max-width: 584px) 100vw, 584px\" \/><\/p>\n<p align=\"center\">Operaciones mentales plantadas por Polya para solucionar problemas.<\/p>\n<p align=\"justify\">Como se observa en la figura anterior, cuando el estudiante entiende el problema, procede a trazar un plan para solucionarlo; sin embargo, puede devolverse y leerlo nuevamente si considera que su comprensi\u00f3n del problema no es la adecuada. Lo anterior indica que esta estrategia de soluci\u00f3n de problemas es flexible y din\u00e1mica.<\/p>\n<p align=\"justify\">Una vez el estudiante traza un plan de soluci\u00f3n, lo socializa con el resto de la clase. Despu\u00e9s de recibir retroalimentaci\u00f3n tanto del docente como de sus compa\u00f1eros, procede a ejecutarlo. Finalmente, el estudiante revisa la soluci\u00f3n implementada y reflexiona sobre ella para mejorarla o enriquecerla.<\/p>\n<h5 align=\"justify\">EJEMPLO: MOVIMIENTO PARAB\u00d3LICO, GRADO 10\u00b0<\/h5>\n<p align=\"justify\"><strong>Tarea:<\/strong>\u00a0Crear una simulaci\u00f3n digital, de un objeto que realice un movimiento con trayectoria parab\u00f3lica. Antes de crear la simulaci\u00f3n, se pide a los estudiantes realizar los siguientes pasos:<br \/>\n<strong>Entender el problema:<\/strong>\u00a0Tener claridad sobre qu\u00e9 es el movimiento parab\u00f3lico y qu\u00e9 objetos realizan ese tipo de movimiento.<br \/>\n<strong>Trazar un plan:<\/strong>\u00a0Crear un diagrama de flujo de esa simulaci\u00f3n digital. Socializar su diagrama con la clase y recibir retroalimentaci\u00f3n para enriquecerlo o corregirlo, si fuera necesario.<br \/>\n<strong>Ejecutar el plan:<\/strong>\u00a0Traducir el diagrama de flujo a un lenguaje de programaci\u00f3n en el computador. Por ejemplo, Scratch.<br \/>\n<strong>Revisar:<\/strong>\u00a0Verificar que la simulaci\u00f3n funcione correctamente y compartirla con los compa\u00f1eros para mejorarla o enriquecerla.<br \/>\n<em>(Actividad planteada por los docentes Jhonny Cabezas Ort\u00edz &amp; Ricardo Flori\u00e1n &amp; Aydee Murillo Hinestroza, IE Antonio Lizarazo, Palmira, Colombia)<\/em>.<\/p>\n<h5>EJEMPLO: FRACCIONARIOS, GRADO 4\u00b0<\/h5>\n<p align=\"justify\">Nota: M\u00e1s arriba, en este mismo documento, este problema se encuadr\u00f3 dentro de la Espiral de la Creatividad; ahora, lo enmarcamos dentro de la Soluci\u00f3n de problemas<br \/>\n<strong>Problema:\u00a0<\/strong>Se requiere repartir una torta en cantidades iguales a un n\u00famero determinado de personas.<br \/>\n<strong>Entender el problema:<\/strong>\u00a0Leer y comprender el problema que se est\u00e1 planteando. Tener claridad sobre los resultados esperados, los datos disponibles, las restricciones y los procesos necesarios para darle soluci\u00f3n.<br \/>\n<strong>Trazar un Plan:<\/strong>\u00a0planear como repartir la torta, teniendo en cuenta tanto la cantidad de personas (datos disponibles), como las operaciones matem\u00e1ticas (procesos) que podr\u00edan usarse para repartir la torta en cantidades iguales (restricciones).<br \/>\n<strong>Ejecutar el plan:<\/strong>\u00a0realizar las operaciones matem\u00e1ticas identificadas, teniendo en cuenta los datos disponibles, las restricciones y los resultados esperados.<br \/>\n<strong>Revisar:<\/strong>\u00a0Verificar que la torta se pudo repartir en partes iguales, si no fue as\u00ed, volver a trazar un nuevo plan y ejecutarlo.<br \/>\n<em>(Actividad planteada por las docentes Leidy Jhoana Tello G\u00f3mez &amp; Miryam Viviana Guevara Garc\u00eda, IE Semilla de la Esperanza, Palmira, Colombia).<\/em><\/p>\n<h5 align=\"justify\">EJEMPLO: OPERACIONES B\u00c1SICAS EN MATEM\u00c1TICAS, GRADO 5\u00b0<\/h5>\n<p align=\"justify\"><strong>Problema:<\/strong>\u00a0Utilizar Scratch para crear una Calculadora de operaciones b\u00e1sicas (+, -, \/, *) entre dos n\u00fameros.<br \/>\n<strong>Entender el problema:<\/strong>\u00a0Leer y comprender el problema que se plantea. Tener claridad sobre los resultados esperados, los datos disponibles, las restricciones y los procesos necesarios para darle soluci\u00f3n.<br \/>\n<strong>Trazar un Plan:<\/strong>\u00a0Analizar el problema y escribir en seudoc\u00f3digo los algoritmos para ejecutar las operaciones b\u00e1sicas y definir los objetos\/escenario que se necesitar\u00edan. Elaborar un diagrama de flujo con estos.<br \/>\n<strong>Ejecutar el plan:<\/strong>\u00a0Elaborar la calculadora en Scratch, teniendo en cuenta los resultados esperados y las restricciones dadas en el problema.<br \/>\n<strong>Revisar:<\/strong>\u00a0Operar la calculadora y realizar varias operaciones para verificar el correcto funcionamiento de esta. Asegurarse que cumpla con lo planteado inicialmente en el problema, de lo contrario, analizar qu\u00e9 provoc\u00f3 la falla y corregirla.<br \/>\n<em>(Actividad planteada por los docentes Mar\u00eda Elena Gaspar &amp; Raquel Villalba &amp; Juan Camilo L\u00f3pez Garc\u00eda, Instituto Nuestra Se\u00f1ora de la Asunci\u00f3n, Cali, Colombia).<\/em><\/p>\n<h5 align=\"justify\">RESUMIENDO&#8230;<\/h5>\n<p align=\"justify\">La construcci\u00f3n de actividades enmarcadas en la metodolog\u00eda de Soluci\u00f3n de Problemas, plasmada en los tres \u00faltimos ejemplos, permite definir espacios que ubiquen al estudiante en el papel de protagonista de su propio aprendizaje. Trazar un Plan despu\u00e9s de entender un problema dado, posibilita que estos asuman posturas cr\u00edticas frente a la soluci\u00f3n de los problemas propuestos por el docente. Es importante tener en cuenta que estos pasos son c\u00edclicos, pero flexibles. Es decir, el docente debe permitir que los estudiantes puedan ir y volver entre cada paso, para encontrar la soluci\u00f3n correcta.<\/p>\n<p align=\"justify\">Cuando el docente trabaja con esta estrategia, tambi\u00e9n debe tener en cuenta que los m\u00e9todos de evaluaci\u00f3n tradicionales no son los m\u00e1s adecuados. Por eso se hace necesario evaluar continuamente a lo largo de todo el proceso y no enfocarse solamente en el resultado final.<\/p>\n<p align=\"justify\">La metodolog\u00eda de Polya permite al estudiante reflexionar constantemente sobre lo que est\u00e1 aprendiendo, pues no solo debe trazar un plan y ejecutarlo, sino tambi\u00e9n comprobar y revisar si lo planeado es lo correcto. Esta metodolog\u00eda, al igual que la Espiral, permite desarrollar en los estudiantes adem\u00e1s la creatividad y habilidades de trabajo en equipo.<\/p>\n<h5 class=\"Estilo1\">CONCLUSI\u00d3N<\/h5>\n<p align=\"justify\">Tanto la Soluci\u00f3n de Problemas de Polya como la Espiral de la Creatividad de Resnick son estrategias que enriquecen el dise\u00f1o de actividades de aula por cuanto marcan una ruta clara de aprendizaje para los estudiantes. Ambas proponen pasos (reflexi\u00f3n y revisi\u00f3n) que promueven que estos aprendan con mayor profundidad los diferentes temas que se abordan con estos enfoques.<\/p>\n<p align=\"justify\">La evaluaci\u00f3n es otro factor importante que se enriquece al utilizar cualquiera de estas dos estrategias. Esta se puede dise\u00f1ar para cada uno de los pasos, lo que la convierte en una valoraci\u00f3n aut\u00e9ntica realizada a lo largo de todo el proceso y no solo enfocada en el producto final.<\/p>\n<p align=\"justify\">En resumen, ambas estrategias permiten al docente:<\/p>\n<ul>\n<li>Definir una ruta de aprendizaje clara, en la que el estudiante participe activamente y cumpla con los pasos formulados durante la actividad.<\/li>\n<li>Dise\u00f1ar evaluaciones aut\u00e9nticas que den cuenta de todo el proceso llevado a cabo por el estudiante, adem\u00e1s del producto final.<\/li>\n<li>Abrir espacios de reflexi\u00f3n que permitan al estudiante enriquecer y mejorar los aprendizajes alcanzados durante la actividad.<\/li>\n<li>Formular actividades en las cuales los estudiantes participan activamente logrando aprendizajes m\u00e1s profundos.<\/li>\n<\/ul>\n<h5>NOTAS DEL EDITOR:<\/h5>\n<ul>\n<li><strong>[1]<\/strong>\u00a0<a href=\"http:\/\/www.eduteka.org\/modulos\/8\/234\/132\/1\" target=\"_blank\" rel=\"noopener\">MiTIC@, modelo para integrar las TIC al curr\u00edculo escolar<\/a>; Docentes de otras \u00e1reas. Eduteka.<\/li>\n<li><strong>[2]<\/strong>\u00a0Roblyer, M., Edwards, J., y Harrilnk, M. (1997) \u00abIntegrating Educational Technology into Teaching\u00bb Prentice Hall, Columbus, Ohio, EEUU.<\/li>\n<li><strong>[3]<\/strong>\u00a0Una de las razones para que la creatividad se hubiese convertido en tema prioritario es que tiene un alto impacto en la generaci\u00f3n de riqueza por parte de las empresas de la Sociedad de la Creatividad. La creatividad reemplaz\u00f3 las materias primas como fuente fundamental de crecimiento econ\u00f3mico. Para tener \u00e9xito en esta nueva Sociedad, las regiones deben desarrollar, atraer y retener a personas talentosas y creativas que generen innovaciones (Banaji, Shakuntal &amp; Burn, Andrew (2006):\u00a0<a target=\"_blank\" rel=\"noopener\">The rhetorics of creativity<\/a>: a review of the literature. Centre for the Study of Children, Youth and Media, Institute of Education (University of London), Londres. Consulta en l\u00ednea: Creative Partnership, Enero 29, 2012; citado por Juan Carlos L\u00f3pez en\u00a0<a href=\"http:\/\/www.eduteka.org\/GuiaAlgoritmos.php\" target=\"_blank\" rel=\"noopener\">Algoritmos y Programaci\u00f3n, Gu\u00eda para docentes<\/a>).<\/li>\n<li><strong>[4]<\/strong>\u00a0<a href=\"http:\/\/www.eduteka.org\/ScratchResnickCreatividad.php\" target=\"_blank\" rel=\"noopener\">Sembrando las semillas para una sociedad m\u00e1s creativa<\/a>: Michael Resnick, phD, director del Lifelong Kindergarten , Laboratorio de Medios de MIT, propone la espiral del pensamiento creativo para que los estudiantes imaginen lo que quieren hacer; creen un proyecto basado en sus ideas; jueguen con estas y con las creaciones resultantes; compartan con otros y reflexionen sobre todo el proceso.<\/li>\n<li><strong>[5]<\/strong>\u00a0A parte de Polya, existen otras concepciones para resolver problemas. Por ejemplo: Ensayo y error; Iluminaci\u00f3n (Wallas, 1921); heuristica (Bransford y Stein, 1984); algoritmos; procesamiento de informaci\u00f3n (Newell y Simon, 1972); an\u00e1lisis de medios y fines; razonamiento anal\u00f3gico; lluvia de ideas (Mayer, 1992); sistemas de producci\u00f3n (Anderson, 1990); Pensamiento lateral (de Bono, 1970); y otras. Sin embargo, destacamos en este documento el m\u00e9todo de Polya, que si bien es cierto tiene m\u00e1s de 50 a\u00f1os, a\u00fan le resulta interesante y f\u00e1cil de aplicar para muchos docentes.<\/li>\n<li><strong>[6]<\/strong>\u00a0Sugerencias propuestas a los estudiantes para llegar a la soluci\u00f3n de un problema matem\u00e1tico [D\u00edaz Pulecio, Laura Jeannette (1993): Recreo matem\u00e1tico 5, cuaderno de actividades; Editorial Voluntad, Bogot\u00e1. \/ Melo R., Clara Esther (2001); Dominios 5, matem\u00e1ticas para b\u00e1sica primaria; Editorial Escuelas del Futuro, Bogot\u00e1.]:<\/li>\n<\/ul>\n<h5>1. COMPRENDER EL PROBLEMA<\/h5>\n<ul>\n<li>Leer el problema varias veces<\/li>\n<li>Establecer los datos del problema<\/li>\n<li>Aclarar lo que se va a resolver (\u00bfCu\u00e1l es la pregunta?)<\/li>\n<li>Precisar el resultado que se desea lograr<\/li>\n<li>Determinar la inc\u00f3gnita del problema<\/li>\n<li>Organizar la informaci\u00f3n<\/li>\n<li>Agrupar los datos en categor\u00edas<\/li>\n<li>Trazar una figura o diagrama.<\/li>\n<\/ul>\n<h5>2. HACER EL PLAN<\/h5>\n<ul>\n<li>Escoger y decidir las operaciones a efectuar.<\/li>\n<li>Eliminar los datos in\u00fatiles.<\/li>\n<li>Descomponer el problema en otros m\u00e1s peque\u00f1os.<\/li>\n<\/ul>\n<h5>3. EJECUTAR EL PLAN (Resolver)<\/h5>\n<ul>\n<li>Ejecutar en detalle cada operaci\u00f3n.<\/li>\n<li>Simplificar antes de calcular.<\/li>\n<li>Realizar un dibujo o diagrama<\/li>\n<\/ul>\n<h5>4. ANALIZAR LA SOLUCI\u00d3N (Revisar)<\/h5>\n<ul>\n<li>Dar una respuesta completa<\/li>\n<li>Hallar el mismo resultado de otra manera.<\/li>\n<li>Verificar por apreciaci\u00f3n que la respuesta es adecuada.<\/li>\n<\/ul>\n<p style=\"text-align: justify;\">Documento elaborado por Eduteka con base en experiencias de cualificaci\u00f3n docente llevadas a cabo por la Fundaci\u00f3n Gabriel Piedrahita Uribe en las Instituciones Educativas: a) INSA (Cali); b) Antonio Lizarazo (Palmira); Harold Eder (Palmira); y, Semilla de la Esperanza (Palmira).<\/p>\n<p><strong>Este contenido ha sido publicado originalmente por EDUTEKA en la siguiente direcci\u00f3n: <a href=\"https:\/\/eduteka.icesi.edu.co\/articulos\/Plantear_Actividades_Aula\" target=\"_blank\" rel=\"noopener\">eduteka.icesi.edu.com<\/a><\/strong><\/p>\n\t\t<div class=\"pk-inline-posts\">\n\t\t\t\n\t\t\t<div class=\"pk-inline-posts-container pk-inline-posts-template-list\"\n\t\t\t\tdata-columns=\"1\">\n\t\t\t\t\t\t<article id=\"post-28153\" class=\"post-28153 post type-post status-publish format-standard has-post-thumbnail category-consejos category-docentes category-pedagogia tag-adaptacion-a-diversidad tag-adaptacion-curricular tag-aprendizaje-activo tag-clases tag-diseno-curricular tag-diseno-de-actividades tag-diseno-de-lecciones tag-diseno-de-unidades-didacticas tag-eficiente tag-enfoque-centrado-en-el-estudiante tag-estrategias-de-ensenanza tag-estrategias-de-ensenanza-efectiva tag-estrategias-de-instruccion tag-estrategias-de-participacion tag-evaluacion-autentica tag-evaluacion-del-aprendizaje tag-evaluacion-formativa tag-evaluacion-sumativa tag-instruccion-diferenciada tag-manera tag-medicion-del-progreso tag-metodologia-educativa tag-motivacion-del-estudiante tag-objetivos-de-aprendizaje tag-planificacion-a-corto-plazo tag-planificacion-a-largo-plazo tag-planificacion-de-clases tag-planificar tag-recursos-didacticos tag-retroalimentacion-formativa tag-secuencia-didactica tag-taxonomia-de-bloom tag-tecnicas-de-organizacion tag-uso-de-tecnologia-educativa cs-entry cs-video-wrap\">\n\t\t\t<div class=\"pk-post-outer\">\n\n\t\t\t\t\t\t\t\t<div class=\"pk-post-inner\">\n\t\t\t\t\t<div class=\"entry-thumbnail\">\n\t\t\t\t\t\t<div class=\"pk-overlay pk-overlay-ratio pk-ratio-landscape\">\n\t\t\t\t\t\t\t<div class=\"pk-overlay-background\">\n\t\t\t\t\t\t\t\t<a href=\"https:\/\/webdelmaestrocmf.com\/portal\/como-planificar-las-clases-de-manera-eficiente\/\" class=\"pk-overlay-link\">\n\t\t\t\t\t\t\t\t\t<img loading=\"lazy\" decoding=\"async\" width=\"300\" height=\"225\" src=\"https:\/\/webdelmaestrocmf.com\/portal\/wp-content\/uploads\/2026\/02\/1AA-Banner-1-portada-imagen-10-1-copia-16-300x225.webp\" class=\"attachment-pk-thumbnail size-pk-thumbnail wp-post-image\" alt=\"\" \/>\t\t\t\t\t\t\t\t<\/a>\n\t\t\t\t\t\t\t<\/div>\n\t\t\t\t\t\t<\/div>\n\t\t\t\t\t<\/div>\n\t\t\t\t<\/div>\n\t\t\t\t\n\t\t\t\t<div class=\"pk-post-inner\">\n\t\t\t\t\t<header>\n\t\t\t\t\t\t<h3 class=\"pk-title\"><a href=\"https:\/\/webdelmaestrocmf.com\/portal\/como-planificar-las-clases-de-manera-eficiente\/\" rel=\"bookmark\">C\u00f3mo planificar las clases de manera eficiente: descarga las mejores plantillas de planificaci\u00f3n de clases<\/a><\/h3>\t\t\t\t\t<\/header><!-- .entry-header -->\n\t\t\t\t<\/div><!-- .post-inner -->\n\n\t\t\t<\/div><!-- .post-outer -->\n\t\t<\/article>\n\t\t\t\t<\/div>\n\t\t<\/div>\n\t\t\n","protected":false},"excerpt":{"rendered":"Contar con estrategias pedag\u00f3gicas, que permitan al docente utilizar el potencial transformador de las TIC para mejorar el&hellip;","protected":false},"author":1,"featured_media":79499,"comment_status":"open","ping_status":"closed","sticky":false,"template":"","format":"standard","meta":{"csco_display_header_overlay":false,"csco_singular_sidebar":"default","csco_page_header_type":"default","csco_page_load_nextpost":"default","csco_post_video_location":[],"csco_post_video_location_hash":"","csco_post_video_url":"","csco_post_video_bg_start_time":0,"csco_post_video_bg_end_time":0,"csco_post_video_bg_volume":false,"_jetpack_memberships_contains_paid_content":false,"footnotes":""},"categories":[570,735],"tags":[692,2665,3513,2976,1660],"class_list":{"0":"post-79489","1":"post","2":"type-post","3":"status-publish","4":"format-standard","5":"has-post-thumbnail","7":"category-docentes","8":"category-pedagogia","9":"tag-clase","10":"tag-como","11":"tag-efectivos","12":"tag-formular","13":"tag-proyectos","14":"cs-entry","15":"cs-video-wrap"},"yoast_head":"<!-- This site is optimized with the Yoast SEO plugin v27.5 - https:\/\/yoast.com\/product\/yoast-seo-wordpress\/ -->\n<title>C\u00f3mo formular Proyectos de Clase Efectivos - 2026<\/title>\n<meta name=\"description\" content=\"Contar con estrategias pedag\u00f3gicas, que permitan al docente utilizar el potencial transformador de las TIC para mejorar el...\" \/>\n<meta name=\"robots\" content=\"index, follow, max-snippet:-1, max-image-preview:large, max-video-preview:-1\" \/>\n<link rel=\"canonical\" href=\"https:\/\/webdelmaestrocmf.com\/portal\/como-formular-proyectos-de-clase-efectivos\/\" \/>\n<meta property=\"og:locale\" content=\"es_ES\" \/>\n<meta property=\"og:type\" content=\"article\" \/>\n<meta property=\"og:title\" content=\"C\u00f3mo formular Proyectos de Clase Efectivos - 2026\" \/>\n<meta property=\"og:description\" content=\"Contar con estrategias pedag\u00f3gicas, que permitan al docente utilizar el potencial transformador de las TIC para mejorar el...\" \/>\n<meta property=\"og:url\" content=\"https:\/\/webdelmaestrocmf.com\/portal\/como-formular-proyectos-de-clase-efectivos\/\" \/>\n<meta property=\"og:site_name\" content=\"Web del Maestro CMF\" \/>\n<meta property=\"article:publisher\" content=\"https:\/\/www.facebook.com\/WebdelMaestroCMF\/\" \/>\n<meta property=\"article:author\" content=\"https:\/\/www.facebook.com\/WebdelMaestroCMF\/\" \/>\n<meta property=\"article:published_time\" content=\"2022-08-17T00:11:48+00:00\" \/>\n<meta property=\"article:modified_time\" content=\"2022-08-17T14:06:08+00:00\" \/>\n<meta property=\"og:image\" content=\"https:\/\/i0.wp.com\/webdelmaestrocmf.com\/portal\/wp-content\/uploads\/2022\/08\/1-44.jpg?fit=900%2C556&ssl=1\" \/>\n\t<meta property=\"og:image:width\" content=\"900\" \/>\n\t<meta property=\"og:image:height\" content=\"556\" \/>\n\t<meta property=\"og:image:type\" content=\"image\/jpeg\" \/>\n<meta name=\"author\" content=\"Web del Maestro CMF\" \/>\n<meta name=\"twitter:card\" content=\"summary_large_image\" \/>\n<meta name=\"twitter:creator\" content=\"@cmf_w\" \/>\n<meta name=\"twitter:site\" content=\"@cmf_w\" \/>\n<script type=\"application\/ld+json\" class=\"yoast-schema-graph\">{\"@context\":\"https:\\\/\\\/schema.org\",\"@graph\":[{\"@type\":\"ScholarlyArticle\",\"@id\":\"https:\\\/\\\/webdelmaestrocmf.com\\\/portal\\\/como-formular-proyectos-de-clase-efectivos\\\/#article\",\"isPartOf\":{\"@id\":\"https:\\\/\\\/webdelmaestrocmf.com\\\/portal\\\/como-formular-proyectos-de-clase-efectivos\\\/\"},\"author\":{\"name\":\"Web del Maestro CMF\",\"@id\":\"https:\\\/\\\/webdelmaestrocmf.com\\\/portal\\\/#\\\/schema\\\/person\\\/1072a2ed7bd960df8ef99a551fa35dc5\"},\"headline\":\"C\u00f3mo formular Proyectos de Clase Efectivos\",\"datePublished\":\"2022-08-17T00:11:48+00:00\",\"dateModified\":\"2022-08-17T14:06:08+00:00\",\"mainEntityOfPage\":{\"@id\":\"https:\\\/\\\/webdelmaestrocmf.com\\\/portal\\\/como-formular-proyectos-de-clase-efectivos\\\/\"},\"wordCount\":3506,\"commentCount\":1,\"publisher\":{\"@id\":\"https:\\\/\\\/webdelmaestrocmf.com\\\/portal\\\/#organization\"},\"image\":{\"@id\":\"https:\\\/\\\/webdelmaestrocmf.com\\\/portal\\\/como-formular-proyectos-de-clase-efectivos\\\/#primaryimage\"},\"thumbnailUrl\":\"https:\\\/\\\/webdelmaestrocmf.com\\\/portal\\\/wp-content\\\/uploads\\\/2022\\\/08\\\/1-44.jpg\",\"keywords\":[\"CLASE\",\"C\u00d3MO\",\"EFECTIVOS\",\"FORMULAR\",\"proyectos\"],\"articleSection\":[\"Docentes\",\"Recursos\"],\"inLanguage\":\"es\",\"potentialAction\":[{\"@type\":\"CommentAction\",\"name\":\"Comment\",\"target\":[\"https:\\\/\\\/webdelmaestrocmf.com\\\/portal\\\/como-formular-proyectos-de-clase-efectivos\\\/#respond\"]}]},{\"@type\":\"WebPage\",\"@id\":\"https:\\\/\\\/webdelmaestrocmf.com\\\/portal\\\/como-formular-proyectos-de-clase-efectivos\\\/\",\"url\":\"https:\\\/\\\/webdelmaestrocmf.com\\\/portal\\\/como-formular-proyectos-de-clase-efectivos\\\/\",\"name\":\"C\u00f3mo formular Proyectos de Clase Efectivos - 2026\",\"isPartOf\":{\"@id\":\"https:\\\/\\\/webdelmaestrocmf.com\\\/portal\\\/#website\"},\"primaryImageOfPage\":{\"@id\":\"https:\\\/\\\/webdelmaestrocmf.com\\\/portal\\\/como-formular-proyectos-de-clase-efectivos\\\/#primaryimage\"},\"image\":{\"@id\":\"https:\\\/\\\/webdelmaestrocmf.com\\\/portal\\\/como-formular-proyectos-de-clase-efectivos\\\/#primaryimage\"},\"thumbnailUrl\":\"https:\\\/\\\/webdelmaestrocmf.com\\\/portal\\\/wp-content\\\/uploads\\\/2022\\\/08\\\/1-44.jpg\",\"datePublished\":\"2022-08-17T00:11:48+00:00\",\"dateModified\":\"2022-08-17T14:06:08+00:00\",\"description\":\"Contar con estrategias pedag\u00f3gicas, que permitan al docente utilizar el potencial transformador de las TIC para mejorar el...\",\"breadcrumb\":{\"@id\":\"https:\\\/\\\/webdelmaestrocmf.com\\\/portal\\\/como-formular-proyectos-de-clase-efectivos\\\/#breadcrumb\"},\"inLanguage\":\"es\",\"potentialAction\":[{\"@type\":\"ReadAction\",\"target\":[\"https:\\\/\\\/webdelmaestrocmf.com\\\/portal\\\/como-formular-proyectos-de-clase-efectivos\\\/\"]}]},{\"@type\":\"ImageObject\",\"inLanguage\":\"es\",\"@id\":\"https:\\\/\\\/webdelmaestrocmf.com\\\/portal\\\/como-formular-proyectos-de-clase-efectivos\\\/#primaryimage\",\"url\":\"https:\\\/\\\/webdelmaestrocmf.com\\\/portal\\\/wp-content\\\/uploads\\\/2022\\\/08\\\/1-44.jpg\",\"contentUrl\":\"https:\\\/\\\/webdelmaestrocmf.com\\\/portal\\\/wp-content\\\/uploads\\\/2022\\\/08\\\/1-44.jpg\",\"width\":900,\"height\":556},{\"@type\":\"BreadcrumbList\",\"@id\":\"https:\\\/\\\/webdelmaestrocmf.com\\\/portal\\\/como-formular-proyectos-de-clase-efectivos\\\/#breadcrumb\",\"itemListElement\":[{\"@type\":\"ListItem\",\"position\":1,\"name\":\"Portada\",\"item\":\"https:\\\/\\\/webdelmaestrocmf.com\\\/portal\\\/\"},{\"@type\":\"ListItem\",\"position\":2,\"name\":\"Recursos\",\"item\":\"https:\\\/\\\/webdelmaestrocmf.com\\\/portal\\\/category\\\/pedagogia\\\/\"},{\"@type\":\"ListItem\",\"position\":3,\"name\":\"C\u00f3mo formular Proyectos de Clase Efectivos\"}]},{\"@type\":\"WebSite\",\"@id\":\"https:\\\/\\\/webdelmaestrocmf.com\\\/portal\\\/#website\",\"url\":\"https:\\\/\\\/webdelmaestrocmf.com\\\/portal\\\/\",\"name\":\"Web del Maestro CMF\",\"description\":\"Maestros al servicio de la educaci\u00f3n\",\"publisher\":{\"@id\":\"https:\\\/\\\/webdelmaestrocmf.com\\\/portal\\\/#organization\"},\"alternateName\":\"WMCMF\",\"potentialAction\":[{\"@type\":\"SearchAction\",\"target\":{\"@type\":\"EntryPoint\",\"urlTemplate\":\"https:\\\/\\\/webdelmaestrocmf.com\\\/portal\\\/?s={search_term_string}\"},\"query-input\":{\"@type\":\"PropertyValueSpecification\",\"valueRequired\":true,\"valueName\":\"search_term_string\"}}],\"inLanguage\":\"es\"},{\"@type\":\"Organization\",\"@id\":\"https:\\\/\\\/webdelmaestrocmf.com\\\/portal\\\/#organization\",\"name\":\"Web del Maestro CMF\",\"alternateName\":\"WMCMF\",\"url\":\"https:\\\/\\\/webdelmaestrocmf.com\\\/portal\\\/\",\"logo\":{\"@type\":\"ImageObject\",\"inLanguage\":\"es\",\"@id\":\"https:\\\/\\\/webdelmaestrocmf.com\\\/portal\\\/#\\\/schema\\\/logo\\\/image\\\/\",\"url\":\"https:\\\/\\\/webdelmaestrocmf.com\\\/portal\\\/wp-content\\\/uploads\\\/2023\\\/01\\\/logo-wmcmf-2.png\",\"contentUrl\":\"https:\\\/\\\/webdelmaestrocmf.com\\\/portal\\\/wp-content\\\/uploads\\\/2023\\\/01\\\/logo-wmcmf-2.png\",\"width\":200,\"height\":60,\"caption\":\"Web del Maestro CMF\"},\"image\":{\"@id\":\"https:\\\/\\\/webdelmaestrocmf.com\\\/portal\\\/#\\\/schema\\\/logo\\\/image\\\/\"},\"sameAs\":[\"https:\\\/\\\/www.facebook.com\\\/WebdelMaestroCMF\\\/\",\"https:\\\/\\\/x.com\\\/cmf_w\",\"https:\\\/\\\/www.pinterest.com\\\/WMCMF\\\/\",\"https:\\\/\\\/www.linkedin.com\\\/company\\\/web-del-maestro-cmf\\\/\",\"https:\\\/\\\/www.instagram.com\\\/wmcmf\\\/\",\"https:\\\/\\\/www.youtube.com\\\/channel\\\/UCDPSvjbdodE5sHnC3OxutHw\",\"https:\\\/\\\/mastodon.social\\\/@wmcmf\",\"https:\\\/\\\/www.tiktok.com\\\/@webdelmaestrocmf\"]},{\"@type\":\"Person\",\"@id\":\"https:\\\/\\\/webdelmaestrocmf.com\\\/portal\\\/#\\\/schema\\\/person\\\/1072a2ed7bd960df8ef99a551fa35dc5\",\"name\":\"Web del Maestro CMF\",\"image\":{\"@type\":\"ImageObject\",\"inLanguage\":\"es\",\"@id\":\"https:\\\/\\\/secure.gravatar.com\\\/avatar\\\/23291dd5b5ae1077dcff3dbb04c3e02bd28403fa75af6d8787d5e97c5bbbe30b?s=96&d=mm&r=g\",\"url\":\"https:\\\/\\\/secure.gravatar.com\\\/avatar\\\/23291dd5b5ae1077dcff3dbb04c3e02bd28403fa75af6d8787d5e97c5bbbe30b?s=96&d=mm&r=g\",\"contentUrl\":\"https:\\\/\\\/secure.gravatar.com\\\/avatar\\\/23291dd5b5ae1077dcff3dbb04c3e02bd28403fa75af6d8787d5e97c5bbbe30b?s=96&d=mm&r=g\",\"caption\":\"Web del Maestro CMF\"},\"description\":\"Esta Web se cre\u00f3 sin fines de lucro, con fines educativos, cient\u00edficos y acad\u00e9micos, para personas que tengan dificultades y\\\/o inconvenientes en visualizar el material original. El objetivo es entregar recursos, compartir experiencias y materiales que ayuden a los padres de familia, maestros y estudiantes en su actualizaci\u00f3n y formaci\u00f3n permanente, en bien de la Educaci\u00f3n.\",\"sameAs\":[\"http:\\\/\\\/webdelmaestrocmf.com\\\/portal\",\"https:\\\/\\\/www.facebook.com\\\/WebdelMaestroCMF\\\/\",\"https:\\\/\\\/www.instagram.com\\\/wmcmf\\\/\",\"https:\\\/\\\/cl.linkedin.com\\\/company\\\/web-del-maestro-cmf\",\"https:\\\/\\\/www.pinterest.com\\\/WMCMF\\\/publicaciones\\\/\",\"https:\\\/\\\/x.com\\\/cmf_w\",\"https:\\\/\\\/www.youtube.com\\\/@WMCMF\"]}]}<\/script>\n<!-- \/ Yoast SEO plugin. -->","yoast_head_json":{"title":"C\u00f3mo formular Proyectos de Clase Efectivos - 2026","description":"Contar con estrategias pedag\u00f3gicas, que permitan al docente utilizar el potencial transformador de las TIC para mejorar el...","robots":{"index":"index","follow":"follow","max-snippet":"max-snippet:-1","max-image-preview":"max-image-preview:large","max-video-preview":"max-video-preview:-1"},"canonical":"https:\/\/webdelmaestrocmf.com\/portal\/como-formular-proyectos-de-clase-efectivos\/","og_locale":"es_ES","og_type":"article","og_title":"C\u00f3mo formular Proyectos de Clase Efectivos - 2026","og_description":"Contar con estrategias pedag\u00f3gicas, que permitan al docente utilizar el potencial transformador de las TIC para mejorar el...","og_url":"https:\/\/webdelmaestrocmf.com\/portal\/como-formular-proyectos-de-clase-efectivos\/","og_site_name":"Web del Maestro CMF","article_publisher":"https:\/\/www.facebook.com\/WebdelMaestroCMF\/","article_author":"https:\/\/www.facebook.com\/WebdelMaestroCMF\/","article_published_time":"2022-08-17T00:11:48+00:00","article_modified_time":"2022-08-17T14:06:08+00:00","og_image":[{"width":900,"height":556,"url":"https:\/\/i0.wp.com\/webdelmaestrocmf.com\/portal\/wp-content\/uploads\/2022\/08\/1-44.jpg?fit=900%2C556&ssl=1","type":"image\/jpeg"}],"author":"Web del Maestro CMF","twitter_card":"summary_large_image","twitter_creator":"@cmf_w","twitter_site":"@cmf_w","schema":{"@context":"https:\/\/schema.org","@graph":[{"@type":"ScholarlyArticle","@id":"https:\/\/webdelmaestrocmf.com\/portal\/como-formular-proyectos-de-clase-efectivos\/#article","isPartOf":{"@id":"https:\/\/webdelmaestrocmf.com\/portal\/como-formular-proyectos-de-clase-efectivos\/"},"author":{"name":"Web del Maestro CMF","@id":"https:\/\/webdelmaestrocmf.com\/portal\/#\/schema\/person\/1072a2ed7bd960df8ef99a551fa35dc5"},"headline":"C\u00f3mo formular Proyectos de Clase Efectivos","datePublished":"2022-08-17T00:11:48+00:00","dateModified":"2022-08-17T14:06:08+00:00","mainEntityOfPage":{"@id":"https:\/\/webdelmaestrocmf.com\/portal\/como-formular-proyectos-de-clase-efectivos\/"},"wordCount":3506,"commentCount":1,"publisher":{"@id":"https:\/\/webdelmaestrocmf.com\/portal\/#organization"},"image":{"@id":"https:\/\/webdelmaestrocmf.com\/portal\/como-formular-proyectos-de-clase-efectivos\/#primaryimage"},"thumbnailUrl":"https:\/\/webdelmaestrocmf.com\/portal\/wp-content\/uploads\/2022\/08\/1-44.jpg","keywords":["CLASE","C\u00d3MO","EFECTIVOS","FORMULAR","proyectos"],"articleSection":["Docentes","Recursos"],"inLanguage":"es","potentialAction":[{"@type":"CommentAction","name":"Comment","target":["https:\/\/webdelmaestrocmf.com\/portal\/como-formular-proyectos-de-clase-efectivos\/#respond"]}]},{"@type":"WebPage","@id":"https:\/\/webdelmaestrocmf.com\/portal\/como-formular-proyectos-de-clase-efectivos\/","url":"https:\/\/webdelmaestrocmf.com\/portal\/como-formular-proyectos-de-clase-efectivos\/","name":"C\u00f3mo formular Proyectos de Clase Efectivos - 2026","isPartOf":{"@id":"https:\/\/webdelmaestrocmf.com\/portal\/#website"},"primaryImageOfPage":{"@id":"https:\/\/webdelmaestrocmf.com\/portal\/como-formular-proyectos-de-clase-efectivos\/#primaryimage"},"image":{"@id":"https:\/\/webdelmaestrocmf.com\/portal\/como-formular-proyectos-de-clase-efectivos\/#primaryimage"},"thumbnailUrl":"https:\/\/webdelmaestrocmf.com\/portal\/wp-content\/uploads\/2022\/08\/1-44.jpg","datePublished":"2022-08-17T00:11:48+00:00","dateModified":"2022-08-17T14:06:08+00:00","description":"Contar con estrategias pedag\u00f3gicas, que permitan al docente utilizar el potencial transformador de las TIC para mejorar el...","breadcrumb":{"@id":"https:\/\/webdelmaestrocmf.com\/portal\/como-formular-proyectos-de-clase-efectivos\/#breadcrumb"},"inLanguage":"es","potentialAction":[{"@type":"ReadAction","target":["https:\/\/webdelmaestrocmf.com\/portal\/como-formular-proyectos-de-clase-efectivos\/"]}]},{"@type":"ImageObject","inLanguage":"es","@id":"https:\/\/webdelmaestrocmf.com\/portal\/como-formular-proyectos-de-clase-efectivos\/#primaryimage","url":"https:\/\/webdelmaestrocmf.com\/portal\/wp-content\/uploads\/2022\/08\/1-44.jpg","contentUrl":"https:\/\/webdelmaestrocmf.com\/portal\/wp-content\/uploads\/2022\/08\/1-44.jpg","width":900,"height":556},{"@type":"BreadcrumbList","@id":"https:\/\/webdelmaestrocmf.com\/portal\/como-formular-proyectos-de-clase-efectivos\/#breadcrumb","itemListElement":[{"@type":"ListItem","position":1,"name":"Portada","item":"https:\/\/webdelmaestrocmf.com\/portal\/"},{"@type":"ListItem","position":2,"name":"Recursos","item":"https:\/\/webdelmaestrocmf.com\/portal\/category\/pedagogia\/"},{"@type":"ListItem","position":3,"name":"C\u00f3mo formular Proyectos de Clase Efectivos"}]},{"@type":"WebSite","@id":"https:\/\/webdelmaestrocmf.com\/portal\/#website","url":"https:\/\/webdelmaestrocmf.com\/portal\/","name":"Web del Maestro CMF","description":"Maestros al servicio de la educaci\u00f3n","publisher":{"@id":"https:\/\/webdelmaestrocmf.com\/portal\/#organization"},"alternateName":"WMCMF","potentialAction":[{"@type":"SearchAction","target":{"@type":"EntryPoint","urlTemplate":"https:\/\/webdelmaestrocmf.com\/portal\/?s={search_term_string}"},"query-input":{"@type":"PropertyValueSpecification","valueRequired":true,"valueName":"search_term_string"}}],"inLanguage":"es"},{"@type":"Organization","@id":"https:\/\/webdelmaestrocmf.com\/portal\/#organization","name":"Web del Maestro CMF","alternateName":"WMCMF","url":"https:\/\/webdelmaestrocmf.com\/portal\/","logo":{"@type":"ImageObject","inLanguage":"es","@id":"https:\/\/webdelmaestrocmf.com\/portal\/#\/schema\/logo\/image\/","url":"https:\/\/webdelmaestrocmf.com\/portal\/wp-content\/uploads\/2023\/01\/logo-wmcmf-2.png","contentUrl":"https:\/\/webdelmaestrocmf.com\/portal\/wp-content\/uploads\/2023\/01\/logo-wmcmf-2.png","width":200,"height":60,"caption":"Web del Maestro CMF"},"image":{"@id":"https:\/\/webdelmaestrocmf.com\/portal\/#\/schema\/logo\/image\/"},"sameAs":["https:\/\/www.facebook.com\/WebdelMaestroCMF\/","https:\/\/x.com\/cmf_w","https:\/\/www.pinterest.com\/WMCMF\/","https:\/\/www.linkedin.com\/company\/web-del-maestro-cmf\/","https:\/\/www.instagram.com\/wmcmf\/","https:\/\/www.youtube.com\/channel\/UCDPSvjbdodE5sHnC3OxutHw","https:\/\/mastodon.social\/@wmcmf","https:\/\/www.tiktok.com\/@webdelmaestrocmf"]},{"@type":"Person","@id":"https:\/\/webdelmaestrocmf.com\/portal\/#\/schema\/person\/1072a2ed7bd960df8ef99a551fa35dc5","name":"Web del Maestro CMF","image":{"@type":"ImageObject","inLanguage":"es","@id":"https:\/\/secure.gravatar.com\/avatar\/23291dd5b5ae1077dcff3dbb04c3e02bd28403fa75af6d8787d5e97c5bbbe30b?s=96&d=mm&r=g","url":"https:\/\/secure.gravatar.com\/avatar\/23291dd5b5ae1077dcff3dbb04c3e02bd28403fa75af6d8787d5e97c5bbbe30b?s=96&d=mm&r=g","contentUrl":"https:\/\/secure.gravatar.com\/avatar\/23291dd5b5ae1077dcff3dbb04c3e02bd28403fa75af6d8787d5e97c5bbbe30b?s=96&d=mm&r=g","caption":"Web del Maestro CMF"},"description":"Esta Web se cre\u00f3 sin fines de lucro, con fines educativos, cient\u00edficos y acad\u00e9micos, para personas que tengan dificultades y\/o inconvenientes en visualizar el material original. El objetivo es entregar recursos, compartir experiencias y materiales que ayuden a los padres de familia, maestros y estudiantes en su actualizaci\u00f3n y formaci\u00f3n permanente, en bien de la Educaci\u00f3n.","sameAs":["http:\/\/webdelmaestrocmf.com\/portal","https:\/\/www.facebook.com\/WebdelMaestroCMF\/","https:\/\/www.instagram.com\/wmcmf\/","https:\/\/cl.linkedin.com\/company\/web-del-maestro-cmf","https:\/\/www.pinterest.com\/WMCMF\/publicaciones\/","https:\/\/x.com\/cmf_w","https:\/\/www.youtube.com\/@WMCMF"]}]}},"jetpack_featured_media_url":"https:\/\/webdelmaestrocmf.com\/portal\/wp-content\/uploads\/2022\/08\/1-44.jpg","jetpack_sharing_enabled":true,"jetpack-related-posts":[{"id":106940,"url":"https:\/\/webdelmaestrocmf.com\/portal\/que-es-un-analisis-foda-y-por-que-es-importante-para-los-docentes\/","url_meta":{"origin":79489,"position":0},"title":"\u00bfQu\u00e9 es un an\u00e1lisis FODA y por qu\u00e9 es importante para los docentes?","author":"Web del Maestro CMF","date":"15 noviembre, 2024","format":false,"excerpt":"El an\u00e1lisis FODA es una herramienta fundamental en cualquier \u00e1mbito, y la docencia no es la excepci\u00f3n. Este instrumento nos permite identificar fortalezas, oportunidades, debilidades y amenazas, lo que a su vez facilita la toma de decisiones estrat\u00e9gicas para mejorar nuestra pr\u00e1ctica educativa. Un an\u00e1lisis FODA es una matriz que\u2026","rel":"","context":"En \u00abDescargas Manuales PDF\u00bb","block_context":{"text":"Descargas Manuales PDF","link":"https:\/\/webdelmaestrocmf.com\/portal\/category\/pedagogia\/descargas-manuales-pdf\/"},"img":{"alt_text":"","src":"https:\/\/i0.wp.com\/webdelmaestrocmf.com\/portal\/wp-content\/uploads\/2024\/11\/Banner-1-portada-imagen-10-1-9.jpg?resize=350%2C200&ssl=1","width":350,"height":200,"srcset":"https:\/\/i0.wp.com\/webdelmaestrocmf.com\/portal\/wp-content\/uploads\/2024\/11\/Banner-1-portada-imagen-10-1-9.jpg?resize=350%2C200&ssl=1 1x, https:\/\/i0.wp.com\/webdelmaestrocmf.com\/portal\/wp-content\/uploads\/2024\/11\/Banner-1-portada-imagen-10-1-9.jpg?resize=525%2C300&ssl=1 1.5x, https:\/\/i0.wp.com\/webdelmaestrocmf.com\/portal\/wp-content\/uploads\/2024\/11\/Banner-1-portada-imagen-10-1-9.jpg?resize=700%2C400&ssl=1 2x"},"classes":[]},{"id":111600,"url":"https:\/\/webdelmaestrocmf.com\/portal\/6-claves-para-desarrollar-el-pensamiento-critico-en-el-aula-segun-la-taxonomia-de-bloom\/","url_meta":{"origin":79489,"position":1},"title":"6 claves para desarrollar el pensamiento cr\u00edtico en el aula seg\u00fan la taxonom\u00eda de Bloom","author":"Web del Maestro CMF","date":"29 julio, 2025","format":false,"excerpt":"Una gu\u00eda pr\u00e1ctica para que los docentes desarrollen habilidades cognitivas y pensamiento cr\u00edtico en sus estudiantes, paso a paso.","rel":"","context":"En \u00abPensamiento critico\u00bb","block_context":{"text":"Pensamiento critico","link":"https:\/\/webdelmaestrocmf.com\/portal\/category\/pedagogia\/pensamiento-critico\/"},"img":{"alt_text":"","src":"https:\/\/i0.wp.com\/webdelmaestrocmf.com\/portal\/wp-content\/uploads\/2025\/07\/1A-Banner-1-portada-imagen-10-1-copia-2-1.webp?resize=350%2C200&ssl=1","width":350,"height":200,"srcset":"https:\/\/i0.wp.com\/webdelmaestrocmf.com\/portal\/wp-content\/uploads\/2025\/07\/1A-Banner-1-portada-imagen-10-1-copia-2-1.webp?resize=350%2C200&ssl=1 1x, https:\/\/i0.wp.com\/webdelmaestrocmf.com\/portal\/wp-content\/uploads\/2025\/07\/1A-Banner-1-portada-imagen-10-1-copia-2-1.webp?resize=525%2C300&ssl=1 1.5x, https:\/\/i0.wp.com\/webdelmaestrocmf.com\/portal\/wp-content\/uploads\/2025\/07\/1A-Banner-1-portada-imagen-10-1-copia-2-1.webp?resize=700%2C400&ssl=1 2x"},"classes":[]},{"id":108140,"url":"https:\/\/webdelmaestrocmf.com\/portal\/integracion-de-las-tic-en-el-aula-modelo-samr-y-taxonomia-de-bloom\/","url_meta":{"origin":79489,"position":2},"title":"Integraci\u00f3n de las TIC en el aula: Modelo SAMR y taxonom\u00eda de Bloom","author":"Web del Maestro CMF","date":"27 febrero, 2025","format":false,"excerpt":"En la era digital, la educaci\u00f3n ha experimentado una transformaci\u00f3n significativa, impulsada por la tecnolog\u00eda. Para optimizar su uso en el aula, el Modelo SAMR, creado por Rub\u00e9n Puentedura, proporciona una estructura que permite evaluar y mejorar la integraci\u00f3n de las TIC en la ense\u00f1anza. A su vez, la Taxonom\u00eda\u2026","rel":"","context":"En \u00abRecursos\u00bb","block_context":{"text":"Recursos","link":"https:\/\/webdelmaestrocmf.com\/portal\/category\/pedagogia\/"},"img":{"alt_text":"","src":"https:\/\/i0.wp.com\/webdelmaestrocmf.com\/portal\/wp-content\/uploads\/2025\/02\/1A-Banner-1-portada-imagen-10-1-99.jpg?resize=350%2C200&ssl=1","width":350,"height":200,"srcset":"https:\/\/i0.wp.com\/webdelmaestrocmf.com\/portal\/wp-content\/uploads\/2025\/02\/1A-Banner-1-portada-imagen-10-1-99.jpg?resize=350%2C200&ssl=1 1x, https:\/\/i0.wp.com\/webdelmaestrocmf.com\/portal\/wp-content\/uploads\/2025\/02\/1A-Banner-1-portada-imagen-10-1-99.jpg?resize=525%2C300&ssl=1 1.5x, https:\/\/i0.wp.com\/webdelmaestrocmf.com\/portal\/wp-content\/uploads\/2025\/02\/1A-Banner-1-portada-imagen-10-1-99.jpg?resize=700%2C400&ssl=1 2x"},"classes":[]},{"id":108338,"url":"https:\/\/webdelmaestrocmf.com\/portal\/la-inteligencia-artificial-generativa-en-la-docencia-una-guia-esencial-para-docentes\/","url_meta":{"origin":79489,"position":3},"title":"La Inteligencia Artificial generativa en la docencia: una gu\u00eda esencial para docentes","author":"Web del Maestro CMF","date":"10 julio, 2025","format":false,"excerpt":"La Inteligencia Artificial Generativa ya est\u00e1 transformando la educaci\u00f3n: ahorra tiempo al docente, personaliza el aprendizaje y prepara a los estudiantes para un futuro donde la IA ser\u00e1 clave","rel":"","context":"En \u00abIA\u00bb","block_context":{"text":"IA","link":"https:\/\/webdelmaestrocmf.com\/portal\/category\/tecnologia\/ia\/"},"img":{"alt_text":"","src":"https:\/\/i0.wp.com\/webdelmaestrocmf.com\/portal\/wp-content\/uploads\/2025\/03\/1A-Banner-1-portada-imagen-10-1-3-1.jpg?resize=350%2C200&ssl=1","width":350,"height":200,"srcset":"https:\/\/i0.wp.com\/webdelmaestrocmf.com\/portal\/wp-content\/uploads\/2025\/03\/1A-Banner-1-portada-imagen-10-1-3-1.jpg?resize=350%2C200&ssl=1 1x, https:\/\/i0.wp.com\/webdelmaestrocmf.com\/portal\/wp-content\/uploads\/2025\/03\/1A-Banner-1-portada-imagen-10-1-3-1.jpg?resize=525%2C300&ssl=1 1.5x, https:\/\/i0.wp.com\/webdelmaestrocmf.com\/portal\/wp-content\/uploads\/2025\/03\/1A-Banner-1-portada-imagen-10-1-3-1.jpg?resize=700%2C400&ssl=1 2x"},"classes":[]},{"id":105290,"url":"https:\/\/webdelmaestrocmf.com\/portal\/preguntas-abiertas-y-poderosas-dentro-del-aula\/","url_meta":{"origin":79489,"position":4},"title":"Preguntas abiertas y \u00abpoderosas\u00bb dentro del aula","author":"Web del Maestro CMF","date":"6 octubre, 2024","format":false,"excerpt":"Las preguntas son el coraz\u00f3n del proceso de ense\u00f1anza y aprendizaje. A trav\u00e9s de ellas, los docentes pueden guiar a sus alumnos hacia la comprensi\u00f3n de conceptos, el desarrollo del pensamiento cr\u00edtico y la expresi\u00f3n de sus ideas. Sin embargo, no todas las preguntas son creadas iguales. En este art\u00edculo,\u2026","rel":"","context":"En \u00abDescargas Manuales PDF\u00bb","block_context":{"text":"Descargas Manuales PDF","link":"https:\/\/webdelmaestrocmf.com\/portal\/category\/pedagogia\/descargas-manuales-pdf\/"},"img":{"alt_text":"","src":"https:\/\/i0.wp.com\/webdelmaestrocmf.com\/portal\/wp-content\/uploads\/2024\/05\/Banner-1-portada-imagen-10-1-70.jpg?resize=350%2C200&ssl=1","width":350,"height":200,"srcset":"https:\/\/i0.wp.com\/webdelmaestrocmf.com\/portal\/wp-content\/uploads\/2024\/05\/Banner-1-portada-imagen-10-1-70.jpg?resize=350%2C200&ssl=1 1x, https:\/\/i0.wp.com\/webdelmaestrocmf.com\/portal\/wp-content\/uploads\/2024\/05\/Banner-1-portada-imagen-10-1-70.jpg?resize=525%2C300&ssl=1 1.5x, https:\/\/i0.wp.com\/webdelmaestrocmf.com\/portal\/wp-content\/uploads\/2024\/05\/Banner-1-portada-imagen-10-1-70.jpg?resize=700%2C400&ssl=1 2x"},"classes":[]},{"id":103694,"url":"https:\/\/webdelmaestrocmf.com\/portal\/3-plantillas-de-carpeta-pedagogica-para-educacion-primaria\/","url_meta":{"origin":79489,"position":5},"title":"3 plantillas de Carpeta Pedag\u00f3gica para Educaci\u00f3n Primaria","author":"Web del Maestro CMF","date":"11 febrero, 2024","format":false,"excerpt":"La carpeta pedag\u00f3gica es un instrumento fundamental para la planificaci\u00f3n y organizaci\u00f3n del proceso educativo en el nivel primario. Se trata de un repositorio que re\u00fane informaci\u00f3n vital sobre la planificaci\u00f3n curricular, las estrategias de ense\u00f1anza, el seguimiento del aprendizaje de los alumnos y la evaluaci\u00f3n de su progreso. Esta\u2026","rel":"","context":"En \u00abCarpeta\u00bb","block_context":{"text":"Carpeta","link":"https:\/\/webdelmaestrocmf.com\/portal\/category\/pedagogia\/carpeta\/"},"img":{"alt_text":"carpeta pedag\u00f3gica primaria","src":"https:\/\/i0.wp.com\/webdelmaestrocmf.com\/portal\/wp-content\/uploads\/2024\/02\/Banner-1-portada-imagen-10-1-11.jpg?resize=350%2C200&ssl=1","width":350,"height":200,"srcset":"https:\/\/i0.wp.com\/webdelmaestrocmf.com\/portal\/wp-content\/uploads\/2024\/02\/Banner-1-portada-imagen-10-1-11.jpg?resize=350%2C200&ssl=1 1x, https:\/\/i0.wp.com\/webdelmaestrocmf.com\/portal\/wp-content\/uploads\/2024\/02\/Banner-1-portada-imagen-10-1-11.jpg?resize=525%2C300&ssl=1 1.5x, https:\/\/i0.wp.com\/webdelmaestrocmf.com\/portal\/wp-content\/uploads\/2024\/02\/Banner-1-portada-imagen-10-1-11.jpg?resize=700%2C400&ssl=1 2x"},"classes":[]}],"_links":{"self":[{"href":"https:\/\/webdelmaestrocmf.com\/portal\/wp-json\/wp\/v2\/posts\/79489","targetHints":{"allow":["GET"]}}],"collection":[{"href":"https:\/\/webdelmaestrocmf.com\/portal\/wp-json\/wp\/v2\/posts"}],"about":[{"href":"https:\/\/webdelmaestrocmf.com\/portal\/wp-json\/wp\/v2\/types\/post"}],"author":[{"embeddable":true,"href":"https:\/\/webdelmaestrocmf.com\/portal\/wp-json\/wp\/v2\/users\/1"}],"replies":[{"embeddable":true,"href":"https:\/\/webdelmaestrocmf.com\/portal\/wp-json\/wp\/v2\/comments?post=79489"}],"version-history":[{"count":0,"href":"https:\/\/webdelmaestrocmf.com\/portal\/wp-json\/wp\/v2\/posts\/79489\/revisions"}],"wp:featuredmedia":[{"embeddable":true,"href":"https:\/\/webdelmaestrocmf.com\/portal\/wp-json\/wp\/v2\/media\/79499"}],"wp:attachment":[{"href":"https:\/\/webdelmaestrocmf.com\/portal\/wp-json\/wp\/v2\/media?parent=79489"}],"wp:term":[{"taxonomy":"category","embeddable":true,"href":"https:\/\/webdelmaestrocmf.com\/portal\/wp-json\/wp\/v2\/categories?post=79489"},{"taxonomy":"post_tag","embeddable":true,"href":"https:\/\/webdelmaestrocmf.com\/portal\/wp-json\/wp\/v2\/tags?post=79489"}],"curies":[{"name":"wp","href":"https:\/\/api.w.org\/{rel}","templated":true}]}}