{"id":79483,"date":"2022-08-16T18:12:36","date_gmt":"2022-08-16T22:12:36","guid":{"rendered":"https:\/\/webdelmaestrocmf.com\/portal\/?p=79483"},"modified":"2022-08-16T18:16:23","modified_gmt":"2022-08-16T22:16:23","slug":"como-peru-logro-convertirse-en-potencia-mundial-del-ajedrez-escolar","status":"publish","type":"post","link":"https:\/\/webdelmaestrocmf.com\/portal\/como-peru-logro-convertirse-en-potencia-mundial-del-ajedrez-escolar\/","title":{"rendered":"C\u00f3mo Per\u00fa logr\u00f3 convertirse en potencia mundial del ajedrez escolar"},"content":{"rendered":"<div class=\"bbc-19j92fr ebmt73l0\" dir=\"ltr\">\n<h5 class=\"bbc-hhl7in e17g058b0\" dir=\"ltr\" style=\"text-align: justify;\">\u00abPer\u00fa es como Brasil en el f\u00fatbol\u00bb, asegura satisfecho Jaime Ortega, presidente de la Federaci\u00f3n Peruana de Ajedrez.<\/h5>\n<\/div>\n<p><!--more--><\/p>\n<h5 class=\"bbc-hhl7in e17g058b0\" dir=\"ltr\" style=\"text-align: justify;\">\u00abEl rival que se enfrenta a un peruano sabe que lo va a tener muy dif\u00edcil\u00bb.<\/h5>\n<h5 class=\"bbc-19j92fr ebmt73l0\" dir=\"ltr\" style=\"text-align: justify;\">Un pa\u00eds obsesionado con el f\u00fatbol y en el que no clasificarse para el Mundial de Qatar se vivi\u00f3 casi como una tragedia nacional, consigui\u00f3 en otro campeonato mundial un \u00e9xito que avala la afirmaci\u00f3n de Ortega.<\/h5>\n<div class=\"bbc-19j92fr ebmt73l0\" dir=\"ltr\">\n<p class=\"bbc-hhl7in e17g058b0\" dir=\"ltr\" style=\"text-align: justify;\">Fue el Mundial de ajedrez escolar celebrado en Panam\u00e1 el pasado junio, donde Per\u00fa se impuso al resto de naciones participantes.<\/p>\n<div class=\"bbc-19j92fr ebmt73l0\" dir=\"ltr\" style=\"text-align: justify;\">\n<p class=\"bbc-hhl7in e17g058b0\" dir=\"ltr\">En un torneo con medio millar de participantes procedentes de 37 pa\u00edses del mundo, Per\u00fa lider\u00f3 con siete medallas, tres de ellas de oro, en las once categor\u00edas en disputa.<\/p>\n<\/div>\n<div class=\"bbc-1n4f7vm ebmt73l0\" dir=\"ltr\">\n<section class=\"bbc-1tuvzyv etbfg571\" role=\"region\" data-e2e=\"recommendations-heading\" aria-labelledby=\"recommendations-heading\">\n<div class=\"bbc-bjn8wh eveec6k2\">\n<div class=\"bbc-19j92fr ebmt73l0\" dir=\"ltr\" style=\"text-align: justify;\">\n<p class=\"bbc-hhl7in e17g058b0\" dir=\"ltr\">El resultado confirma la tendencia de los \u00faltimos a\u00f1os, en los que ajedrecistas ni\u00f1os y adolescentes han confirmado a su pa\u00eds como potencia a batir en el ajedrez escolar.<\/p>\n<\/div>\n<div class=\"bbc-19j92fr ebmt73l0\" dir=\"ltr\" style=\"text-align: justify;\">\n<p class=\"bbc-hhl7in e17g058b0\" dir=\"ltr\">Un \u00e9xito que contrasta con las carencias de la educaci\u00f3n denunciadas durante a\u00f1os por expertos y familias en Per\u00fa, que en 2018 ocup\u00f3 el puesto 64 de 77 pa\u00edses en la prueba PISA que realiza la Organizaci\u00f3n para la Cooperaci\u00f3n y el Desarrollo Econ\u00f3mico (OCDE) para evaluar las capacidades de los escolares.<\/p>\n<\/div>\n<div class=\"bbc-19j92fr ebmt73l0\" dir=\"ltr\" style=\"text-align: justify;\">\n<p class=\"bbc-hhl7in e17g058b0\" dir=\"ltr\">\u00bfA qu\u00e9 se debe entonces el \u00e9xito del ajedrez escolar peruano?<\/p>\n<\/div>\n<div class=\"bbc-19j92fr ebmt73l0\" dir=\"ltr\" style=\"text-align: justify;\">\n<h5 id=\"El-gran-maestro-rusoperuano\" class=\"bbc-1f03ibc eglt09e0\" tabindex=\"-1\">El gran maestro ruso-peruano<\/h5>\n<\/div>\n<div class=\"bbc-19j92fr ebmt73l0\" dir=\"ltr\" style=\"text-align: justify;\">\n<p class=\"bbc-hhl7in e17g058b0\" dir=\"ltr\">El ajedrez se usa con fines educativos en muchos de los pa\u00edses m\u00e1s avanzados del mundo porque fomenta la capacidad de concentraci\u00f3n, analisis y c\u00e1lculo, y la inteligencia de los estudiantes que lo practican.<\/p>\n<\/div>\n<div class=\"bbc-19j92fr ebmt73l0\" dir=\"ltr\" style=\"text-align: justify;\">\n<p class=\"bbc-hhl7in e17g058b0\" dir=\"ltr\">En las \u00faltimas d\u00e9cadas, muchos colegios peruanos lo han venido convirtiendo en una materia escolar m\u00e1s.<\/p>\n<\/div>\n<div class=\"bbc-19j92fr ebmt73l0\" dir=\"ltr\">\n<p class=\"bbc-hhl7in e17g058b0\" dir=\"ltr\" style=\"text-align: justify;\">Pero seg\u00fan Jaime Ortega, fue hacia comienzos del siglo XXI cuando la Federaci\u00f3n decidi\u00f3 contratar al gran maestro ruso-peruano\u00a0<b>Georgui Casta\u00f1eda<\/b>\u00a0como entrenador de ajedrecistas infantiles y juveniles. Pasado un tiempo, su labor comenz\u00f3 a cristalizar en una brillante generaci\u00f3n de campeones escolares en Per\u00fa.<\/p>\n<div class=\"bbc-19j92fr ebmt73l0\" dir=\"ltr\" style=\"text-align: justify;\">\n<p class=\"bbc-hhl7in e17g058b0\" dir=\"ltr\">\u00ab\u00c9l les ense\u00f1o las t\u00e9cnicas y el conocimiento acumulado y sistematizado durante a\u00f1os por la escuela rusa y eso posibilit\u00f3 que surgieran figuras como los hermanos Jorge y Deysi Cori\u00bb.<\/p>\n<\/div>\n<div class=\"bbc-19j92fr ebmt73l0\" dir=\"ltr\">\n<p class=\"bbc-hhl7in e17g058b0\" dir=\"ltr\" style=\"text-align: justify;\">Los\u00a0<b>hermanos Cori<\/b>, hoy grandes maestros, la mayor clasificaci\u00f3n que concede la Federaci\u00f3n Internacional de Ajedrez, fueron campeones mundiales escolares en Singapur en 2009. Otros nombres, como los de Fiorella Contreras o Jos\u00e9 Eduardo Mart\u00ednez Alc\u00e1ntara, se sumaron m\u00e1s tarde.<\/p>\n<p dir=\"ltr\"><img loading=\"lazy\" decoding=\"async\" class=\"alignnone wp-image-79486\" src=\"https:\/\/webdelmaestrocmf.com\/portal\/wp-content\/uploads\/2022\/08\/1-40.jpg\" alt=\"\" width=\"798\" height=\"449\" srcset=\"https:\/\/webdelmaestrocmf.com\/portal\/wp-content\/uploads\/2022\/08\/1-40.jpg 645w, https:\/\/webdelmaestrocmf.com\/portal\/wp-content\/uploads\/2022\/08\/1-40-300x169.jpg 300w, https:\/\/webdelmaestrocmf.com\/portal\/wp-content\/uploads\/2022\/08\/1-40-110x62.jpg 110w, https:\/\/webdelmaestrocmf.com\/portal\/wp-content\/uploads\/2022\/08\/1-40-200x113.jpg 200w, https:\/\/webdelmaestrocmf.com\/portal\/wp-content\/uploads\/2022\/08\/1-40-380x214.jpg 380w, https:\/\/webdelmaestrocmf.com\/portal\/wp-content\/uploads\/2022\/08\/1-40-255x144.jpg 255w, https:\/\/webdelmaestrocmf.com\/portal\/wp-content\/uploads\/2022\/08\/1-40-550x310.jpg 550w\" sizes=\"auto, (max-width: 798px) 100vw, 798px\" \/><\/p>\n<div class=\"bbc-19j92fr ebmt73l0\" dir=\"ltr\" style=\"text-align: justify;\">\n<h5 id=\"Las-estrellas-de-Panam\u00e1\" class=\"bbc-1f03ibc eglt09e0\" tabindex=\"-1\">Las estrellas de Panam\u00e1<\/h5>\n<\/div>\n<div class=\"bbc-19j92fr ebmt73l0\" dir=\"ltr\" style=\"text-align: justify;\">\n<p class=\"bbc-hhl7in e17g058b0\" dir=\"ltr\">El \u00faltimo Mundial en junio confirm\u00f3 la hegemon\u00eda y satisfizo las expectativas de los responsables del ajedrez peruano. \u00abHab\u00edamos tenido ya campeones escolares, pero nunca antes tantas medallas como en Panam\u00e1\u00bb.<\/p>\n<\/div>\n<div class=\"bbc-19j92fr ebmt73l0\" dir=\"ltr\" style=\"text-align: justify;\">\n<p class=\"bbc-hhl7in e17g058b0\" dir=\"ltr\"><b>Una de las estrellas de la cita paname\u00f1a fue la peque\u00f1a Adamaris Machaca<\/b>, que con sus nueve a\u00f1os reci\u00e9n cumplidos se maneja como pez en el agua en los tableros y asegura disfrutar jugando \u00aba la ofensiva y tambi\u00e9n en posicional\u00bb. Ya puede presumir de ser campeona del mundo.<\/p>\n<\/div>\n<div class=\"bbc-19j92fr ebmt73l0\" dir=\"ltr\" style=\"text-align: justify;\">\n<p class=\"bbc-hhl7in e17g058b0\" dir=\"ltr\">Se impuso en la categor\u00eda sub-9 femenina a duras competidoras como Tselmuun Ider, de Mongolia, y subi\u00f3 a lo m\u00e1s alto del podio. \u00abFue muy emocionante\u00bb, le dijo a BBC Mundo.<\/p>\n<\/div>\n<div class=\"bbc-19j92fr ebmt73l0\" dir=\"ltr\" style=\"text-align: justify;\">\n<p class=\"bbc-hhl7in e17g058b0\" dir=\"ltr\">All\u00ed para felicitarla estaba Luz, su madre, profesora en un colegio p\u00fablico, que tuvo que pedir un pr\u00e9stamo para costear el viaje a Panam\u00e1 a ver a su hija triunfar.<\/p>\n<\/div>\n<div class=\"bbc-19j92fr ebmt73l0\" dir=\"ltr\" style=\"text-align: justify;\">\n<p class=\"bbc-hhl7in e17g058b0\" dir=\"ltr\">\u00abTuvimos que pedir el dinero y fue un momento bastante cr\u00edtico para mi familia, pero el logro de Adamaris est\u00e1 ah\u00ed y es un orgullo gigante\u00bb, cont\u00f3 Luz.<\/p>\n<\/div>\n<div class=\"bbc-19j92fr ebmt73l0\" dir=\"ltr\" style=\"text-align: justify;\">\n<p class=\"bbc-hhl7in e17g058b0\" dir=\"ltr\">Otra de las campeonas de Panam\u00e1 fue\u00a0<b>Kate Azumi Bravo<\/b>, que se llev\u00f3 el oro en el sub-15 femenino. Seg\u00fan cuenta, lo suyo es puro gen competitivo. \u00abEmpec\u00e9 a jugar en mi colegio anterior porque quer\u00eda ganarle a una compa\u00f1era para ser yo la que representara a mi sal\u00f3n en el torneo escolar\u00bb.<\/p>\n<\/div>\n<div class=\"bbc-19j92fr ebmt73l0\" dir=\"ltr\" style=\"text-align: justify;\">\n<p class=\"bbc-hhl7in e17g058b0\" dir=\"ltr\">Despu\u00e9s de eso, un profesor la anim\u00f3 a participar en torneos y as\u00ed comenz\u00f3 una carrera en la que el apoyo de su padre, taxista, y su madre, empleada en el kiosko de un colegio, ha sido un pilar imprescindible.<\/p>\n<\/div>\n<div class=\"bbc-19j92fr ebmt73l0\" dir=\"ltr\" style=\"text-align: justify;\">\n<p class=\"bbc-hhl7in e17g058b0\" dir=\"ltr\">\u00abMi familia me apoya siempre, econ\u00f3micamente, y anim\u00e1ndome a luchar hasta el final\u00bb, afirma.<\/p>\n<\/div>\n<div class=\"bbc-19j92fr ebmt73l0\" dir=\"ltr\" style=\"text-align: justify;\">\n<p class=\"bbc-hhl7in e17g058b0\" dir=\"ltr\">Su pr\u00f3ximo reto ser\u00e1n las Olimpiadas de Ajedrez en la ciudad india de Chennai, donde participar\u00e1 como integrante de la selecci\u00f3n peruana en la m\u00e1xima categor\u00eda, ya con los adultos. Tal es el ritmo de su talento y progresi\u00f3n.<\/p>\n<\/div>\n<div class=\"bbc-19j92fr ebmt73l0\" dir=\"ltr\" style=\"text-align: justify;\">\n<p class=\"bbc-hhl7in e17g058b0\" dir=\"ltr\">En el mundo de los mayores extra\u00f1ar\u00e1 algo. El coste del viaje impedir\u00e1 que sus padres la acompa\u00f1en en la cita de la India.<\/p>\n<\/div>\n<div class=\"bbc-19j92fr ebmt73l0\" dir=\"ltr\" style=\"text-align: justify;\">\n<h5 id=\"Los-retos-pendientes\" class=\"bbc-1f03ibc eglt09e0\" tabindex=\"-1\">Los retos pendientes<\/h5>\n<\/div>\n<div class=\"bbc-19j92fr ebmt73l0\" dir=\"ltr\" style=\"text-align: justify;\">\n<p class=\"bbc-hhl7in e17g058b0\" dir=\"ltr\">Tanto los padres como los responsables de la Federaci\u00f3n se\u00f1alan que el \u00e9xito de los j\u00f3venes hubiera sido imposible sin el apoyo de las familias.<\/p>\n<\/div>\n<div class=\"bbc-19j92fr ebmt73l0\" dir=\"ltr\" style=\"text-align: justify;\">\n<p class=\"bbc-hhl7in e17g058b0\" dir=\"ltr\">Luz, la madre de Adamaris, lamenta: \u00abTenemos que cubrir todos los gastos, los viajes, los entrenadores\u2026 todo\u00bb. Y en lugares alejados de Lima, como el cerro de Cuzco en el que ellas viven, viajar resulta todav\u00eda m\u00e1s dif\u00edcil.<\/p>\n<\/div>\n<div class=\"bbc-19j92fr ebmt73l0\" dir=\"ltr\" style=\"text-align: justify;\">\n<p class=\"bbc-hhl7in e17g058b0\" dir=\"ltr\">\u00abPara que la ni\u00f1a compita tenemos que hacer un gran esfuerzo econ\u00f3mico\u00bb.<\/p>\n<\/div>\n<div class=\"bbc-19j92fr ebmt73l0\" dir=\"ltr\" style=\"text-align: justify;\">\n<p class=\"bbc-hhl7in e17g058b0\" dir=\"ltr\">El otro motor que impulsa el \u00e9xito del ajedrez escolar peruano son los colegios que fomentan la pr\u00e1ctica competitiva y formativa de este deporte.<\/p>\n<\/div>\n<div class=\"bbc-19j92fr ebmt73l0\" dir=\"ltr\" style=\"text-align: justify;\">\n<p class=\"bbc-hhl7in e17g058b0\" dir=\"ltr\">Los m\u00e1s destacados son centros privados, el vivero del que han salido la mayor\u00eda de peque\u00f1os campeones de Per\u00fa. Los p\u00fablicos no han tenido hasta ahora un protagonismo similar.<\/p>\n<\/div>\n<div class=\"bbc-19j92fr ebmt73l0\" dir=\"ltr\" style=\"text-align: justify;\">\n<p class=\"bbc-hhl7in e17g058b0\" dir=\"ltr\">\u00abQueremos llevar el ajedrez a todos los lugares del pa\u00eds y para eso estamos abiertos tambi\u00e9n a colaborar con el gobierno\u00bb, indica Rodri C\u00e1rdenas, portavoz de la Federaci\u00f3n.<\/p>\n<\/div>\n<div class=\"bbc-19j92fr ebmt73l0\" dir=\"ltr\" style=\"text-align: justify;\">\n<p class=\"bbc-hhl7in e17g058b0\" dir=\"ltr\">\u00abApenas hay apoyo al ajedrez a pesar de que es la disciplina que mas \u00e9xitos le ha dado a Per\u00fa\u00bb, a\u00f1ade.<\/p>\n<\/div>\n<div class=\"bbc-19j92fr ebmt73l0\" dir=\"ltr\">\n<p class=\"bbc-hhl7in e17g058b0\" dir=\"ltr\" style=\"text-align: justify;\">El pr\u00f3ximo Panamericano escolar, que se celebrar\u00e1 en Bolivia en octubre, ser\u00e1 una nueva oportunidad para asistir al \u00e9xito del ajedrez escolar peruano.<\/p>\n<p><strong>Este contenido ha sido publicado originalmente por BBC News Mundo en la siguiente direcci\u00f3n: <a href=\"https:\/\/www.bbc.com\/mundo\/noticias-america-latina-62273879\" target=\"_blank\" rel=\"noopener\">bbc.com<\/a><\/strong><\/p>\n\t\t<div class=\"pk-inline-posts\">\n\t\t\t\n\t\t\t<div class=\"pk-inline-posts-container pk-inline-posts-template-list\"\n\t\t\t\tdata-columns=\"1\">\n\t\t\t\t\t\t<article id=\"post-114355\" class=\"post-114355 post type-post status-publish format-standard has-post-thumbnail category-docentes category-noticias-pedagogia category-pedagogia tag-derechos-del-nino tag-docentes-en-redes-sociales tag-educacion-responsable tag-etica-docente tag-legislacion-educativa tag-privacidad-infantil tag-profesores-influencers tag-proteccion-de-datos tag-uso-de-imagen cs-entry cs-video-wrap\">\n\t\t\t<div class=\"pk-post-outer\">\n\n\t\t\t\t\t\t\t\t<div class=\"pk-post-inner\">\n\t\t\t\t\t<div class=\"entry-thumbnail\">\n\t\t\t\t\t\t<div class=\"pk-overlay pk-overlay-ratio pk-ratio-landscape\">\n\t\t\t\t\t\t\t<div class=\"pk-overlay-background\">\n\t\t\t\t\t\t\t\t<a href=\"https:\/\/webdelmaestrocmf.com\/portal\/atencion-profesores-tiktokers-por-que-no-pueden-usar-imagenes-fotos-de-sus-estudiantes-en-redes-sociales-personales\/\" class=\"pk-overlay-link\">\n\t\t\t\t\t\t\t\t\t<img loading=\"lazy\" decoding=\"async\" width=\"300\" height=\"225\" src=\"https:\/\/webdelmaestrocmf.com\/portal\/wp-content\/uploads\/2025\/12\/1A-Banner-1-portada-imagen-10-1-copia-1-18-300x225.webp\" class=\"attachment-pk-thumbnail size-pk-thumbnail wp-post-image\" alt=\"\" \/>\t\t\t\t\t\t\t\t<\/a>\n\t\t\t\t\t\t\t<\/div>\n\t\t\t\t\t\t<\/div>\n\t\t\t\t\t<\/div>\n\t\t\t\t<\/div>\n\t\t\t\t\n\t\t\t\t<div class=\"pk-post-inner\">\n\t\t\t\t\t<header>\n\t\t\t\t\t\t<h3 class=\"pk-title\"><a href=\"https:\/\/webdelmaestrocmf.com\/portal\/atencion-profesores-tiktokers-por-que-no-pueden-usar-imagenes-fotos-de-sus-estudiantes-en-redes-sociales-personales\/\" rel=\"bookmark\">Atenci\u00f3n, profesores tiktokers: por qu\u00e9 no pueden usar im\u00e1genes (fotos) de sus estudiantes en redes sociales personales<\/a><\/h3>\t\t\t\t\t<\/header><!-- .entry-header -->\n\t\t\t\t<\/div><!-- .post-inner -->\n\n\t\t\t<\/div><!-- .post-outer -->\n\t\t<\/article>\n\t\t\t\t<\/div>\n\t\t<\/div>\n\t\t\n<\/div>\n<\/div>\n<\/div>\n<\/div>\n<\/section>\n<\/div>\n<\/div>\n","protected":false},"excerpt":{"rendered":"\u00abPer\u00fa es como Brasil en el f\u00fatbol\u00bb, asegura satisfecho Jaime Ortega, presidente de la Federaci\u00f3n Peruana de Ajedrez.","protected":false},"author":1,"featured_media":79488,"comment_status":"open","ping_status":"closed","sticky":false,"template":"","format":"standard","meta":{"csco_display_header_overlay":false,"csco_singular_sidebar":"default","csco_page_header_type":"default","csco_page_load_nextpost":"default","csco_post_video_location":[],"csco_post_video_location_hash":"","csco_post_video_url":"","csco_post_video_bg_start_time":0,"csco_post_video_bg_end_time":0,"csco_post_video_bg_volume":false,"_jetpack_memberships_contains_paid_content":false,"footnotes":""},"categories":[5375,735],"tags":[2177,13924,608,2241,1996,169,4006],"class_list":{"0":"post-79483","1":"post","2":"type-post","3":"status-publish","4":"format-standard","5":"has-post-thumbnail","7":"category-noticias-pedagogia","8":"category-pedagogia","9":"tag-ajedrez","10":"tag-convertirse","11":"tag-escolar","12":"tag-logro","13":"tag-mundial","14":"tag-peru","15":"tag-potencia","16":"cs-entry","17":"cs-video-wrap"},"yoast_head":"<!-- This site is optimized with the Yoast SEO plugin v27.5 - https:\/\/yoast.com\/product\/yoast-seo-wordpress\/ -->\n<title>C\u00f3mo Per\u00fa logr\u00f3 convertirse en potencia mundial del ajedrez escolar - 2026<\/title>\n<meta name=\"description\" content=\"Comunidad de Maestros, Docentes y Profesores, en donde encontrar\u00e1s material, informaci\u00f3n y noticias del \u00e1mbito nacional y mundial.\" \/>\n<meta name=\"robots\" content=\"index, follow, max-snippet:-1, max-image-preview:large, max-video-preview:-1\" \/>\n<link rel=\"canonical\" href=\"https:\/\/webdelmaestrocmf.com\/portal\/como-peru-logro-convertirse-en-potencia-mundial-del-ajedrez-escolar\/\" \/>\n<meta property=\"og:locale\" content=\"es_ES\" \/>\n<meta property=\"og:type\" content=\"article\" \/>\n<meta property=\"og:title\" content=\"C\u00f3mo Per\u00fa logr\u00f3 convertirse en potencia mundial del ajedrez escolar - 2026\" \/>\n<meta property=\"og:description\" content=\"Comunidad de Maestros, Docentes y Profesores, en donde encontrar\u00e1s material, informaci\u00f3n y noticias del \u00e1mbito nacional y mundial.\" \/>\n<meta property=\"og:url\" content=\"https:\/\/webdelmaestrocmf.com\/portal\/como-peru-logro-convertirse-en-potencia-mundial-del-ajedrez-escolar\/\" \/>\n<meta property=\"og:site_name\" content=\"Web del Maestro CMF\" \/>\n<meta property=\"article:publisher\" content=\"https:\/\/www.facebook.com\/WebdelMaestroCMF\/\" \/>\n<meta property=\"article:author\" content=\"https:\/\/www.facebook.com\/WebdelMaestroCMF\/\" \/>\n<meta property=\"article:published_time\" content=\"2022-08-16T22:12:36+00:00\" \/>\n<meta property=\"article:modified_time\" content=\"2022-08-16T22:16:23+00:00\" \/>\n<meta property=\"og:image\" content=\"https:\/\/i0.wp.com\/webdelmaestrocmf.com\/portal\/wp-content\/uploads\/2022\/08\/1-41.jpg?fit=900%2C556&ssl=1\" \/>\n\t<meta property=\"og:image:width\" content=\"900\" \/>\n\t<meta property=\"og:image:height\" content=\"556\" \/>\n\t<meta property=\"og:image:type\" content=\"image\/jpeg\" \/>\n<meta name=\"author\" content=\"Web del Maestro CMF\" \/>\n<meta name=\"twitter:card\" content=\"summary_large_image\" \/>\n<meta name=\"twitter:creator\" content=\"@cmf_w\" \/>\n<meta name=\"twitter:site\" content=\"@cmf_w\" \/>\n<script type=\"application\/ld+json\" class=\"yoast-schema-graph\">{\"@context\":\"https:\\\/\\\/schema.org\",\"@graph\":[{\"@type\":\"ScholarlyArticle\",\"@id\":\"https:\\\/\\\/webdelmaestrocmf.com\\\/portal\\\/como-peru-logro-convertirse-en-potencia-mundial-del-ajedrez-escolar\\\/#article\",\"isPartOf\":{\"@id\":\"https:\\\/\\\/webdelmaestrocmf.com\\\/portal\\\/como-peru-logro-convertirse-en-potencia-mundial-del-ajedrez-escolar\\\/\"},\"author\":{\"name\":\"Web del Maestro CMF\",\"@id\":\"https:\\\/\\\/webdelmaestrocmf.com\\\/portal\\\/#\\\/schema\\\/person\\\/1072a2ed7bd960df8ef99a551fa35dc5\"},\"headline\":\"C\u00f3mo Per\u00fa logr\u00f3 convertirse en potencia mundial del ajedrez escolar\",\"datePublished\":\"2022-08-16T22:12:36+00:00\",\"dateModified\":\"2022-08-16T22:16:23+00:00\",\"mainEntityOfPage\":{\"@id\":\"https:\\\/\\\/webdelmaestrocmf.com\\\/portal\\\/como-peru-logro-convertirse-en-potencia-mundial-del-ajedrez-escolar\\\/\"},\"wordCount\":1035,\"commentCount\":0,\"publisher\":{\"@id\":\"https:\\\/\\\/webdelmaestrocmf.com\\\/portal\\\/#organization\"},\"image\":{\"@id\":\"https:\\\/\\\/webdelmaestrocmf.com\\\/portal\\\/como-peru-logro-convertirse-en-potencia-mundial-del-ajedrez-escolar\\\/#primaryimage\"},\"thumbnailUrl\":\"https:\\\/\\\/webdelmaestrocmf.com\\\/portal\\\/wp-content\\\/uploads\\\/2022\\\/08\\\/1-41.jpg\",\"keywords\":[\"AJEDREZ\",\"convertirse\",\"ESCOLAR\",\"LOGRO\",\"MUNDIAL\",\"Per\u00fa\",\"POTENCIA\"],\"articleSection\":[\"Noticias\",\"Recursos\"],\"inLanguage\":\"es\",\"potentialAction\":[{\"@type\":\"CommentAction\",\"name\":\"Comment\",\"target\":[\"https:\\\/\\\/webdelmaestrocmf.com\\\/portal\\\/como-peru-logro-convertirse-en-potencia-mundial-del-ajedrez-escolar\\\/#respond\"]}]},{\"@type\":\"WebPage\",\"@id\":\"https:\\\/\\\/webdelmaestrocmf.com\\\/portal\\\/como-peru-logro-convertirse-en-potencia-mundial-del-ajedrez-escolar\\\/\",\"url\":\"https:\\\/\\\/webdelmaestrocmf.com\\\/portal\\\/como-peru-logro-convertirse-en-potencia-mundial-del-ajedrez-escolar\\\/\",\"name\":\"C\u00f3mo Per\u00fa logr\u00f3 convertirse en potencia mundial del ajedrez escolar - 2026\",\"isPartOf\":{\"@id\":\"https:\\\/\\\/webdelmaestrocmf.com\\\/portal\\\/#website\"},\"primaryImageOfPage\":{\"@id\":\"https:\\\/\\\/webdelmaestrocmf.com\\\/portal\\\/como-peru-logro-convertirse-en-potencia-mundial-del-ajedrez-escolar\\\/#primaryimage\"},\"image\":{\"@id\":\"https:\\\/\\\/webdelmaestrocmf.com\\\/portal\\\/como-peru-logro-convertirse-en-potencia-mundial-del-ajedrez-escolar\\\/#primaryimage\"},\"thumbnailUrl\":\"https:\\\/\\\/webdelmaestrocmf.com\\\/portal\\\/wp-content\\\/uploads\\\/2022\\\/08\\\/1-41.jpg\",\"datePublished\":\"2022-08-16T22:12:36+00:00\",\"dateModified\":\"2022-08-16T22:16:23+00:00\",\"description\":\"Comunidad de Maestros, Docentes y Profesores, en donde encontrar\u00e1s material, informaci\u00f3n y noticias del \u00e1mbito nacional y mundial.\",\"breadcrumb\":{\"@id\":\"https:\\\/\\\/webdelmaestrocmf.com\\\/portal\\\/como-peru-logro-convertirse-en-potencia-mundial-del-ajedrez-escolar\\\/#breadcrumb\"},\"inLanguage\":\"es\",\"potentialAction\":[{\"@type\":\"ReadAction\",\"target\":[\"https:\\\/\\\/webdelmaestrocmf.com\\\/portal\\\/como-peru-logro-convertirse-en-potencia-mundial-del-ajedrez-escolar\\\/\"]}]},{\"@type\":\"ImageObject\",\"inLanguage\":\"es\",\"@id\":\"https:\\\/\\\/webdelmaestrocmf.com\\\/portal\\\/como-peru-logro-convertirse-en-potencia-mundial-del-ajedrez-escolar\\\/#primaryimage\",\"url\":\"https:\\\/\\\/webdelmaestrocmf.com\\\/portal\\\/wp-content\\\/uploads\\\/2022\\\/08\\\/1-41.jpg\",\"contentUrl\":\"https:\\\/\\\/webdelmaestrocmf.com\\\/portal\\\/wp-content\\\/uploads\\\/2022\\\/08\\\/1-41.jpg\",\"width\":900,\"height\":556},{\"@type\":\"BreadcrumbList\",\"@id\":\"https:\\\/\\\/webdelmaestrocmf.com\\\/portal\\\/como-peru-logro-convertirse-en-potencia-mundial-del-ajedrez-escolar\\\/#breadcrumb\",\"itemListElement\":[{\"@type\":\"ListItem\",\"position\":1,\"name\":\"Portada\",\"item\":\"https:\\\/\\\/webdelmaestrocmf.com\\\/portal\\\/\"},{\"@type\":\"ListItem\",\"position\":2,\"name\":\"Recursos\",\"item\":\"https:\\\/\\\/webdelmaestrocmf.com\\\/portal\\\/category\\\/pedagogia\\\/\"},{\"@type\":\"ListItem\",\"position\":3,\"name\":\"C\u00f3mo Per\u00fa logr\u00f3 convertirse en potencia mundial del ajedrez escolar\"}]},{\"@type\":\"WebSite\",\"@id\":\"https:\\\/\\\/webdelmaestrocmf.com\\\/portal\\\/#website\",\"url\":\"https:\\\/\\\/webdelmaestrocmf.com\\\/portal\\\/\",\"name\":\"Web del Maestro CMF\",\"description\":\"Maestros al servicio de la educaci\u00f3n\",\"publisher\":{\"@id\":\"https:\\\/\\\/webdelmaestrocmf.com\\\/portal\\\/#organization\"},\"alternateName\":\"WMCMF\",\"potentialAction\":[{\"@type\":\"SearchAction\",\"target\":{\"@type\":\"EntryPoint\",\"urlTemplate\":\"https:\\\/\\\/webdelmaestrocmf.com\\\/portal\\\/?s={search_term_string}\"},\"query-input\":{\"@type\":\"PropertyValueSpecification\",\"valueRequired\":true,\"valueName\":\"search_term_string\"}}],\"inLanguage\":\"es\"},{\"@type\":\"Organization\",\"@id\":\"https:\\\/\\\/webdelmaestrocmf.com\\\/portal\\\/#organization\",\"name\":\"Web del Maestro CMF\",\"alternateName\":\"WMCMF\",\"url\":\"https:\\\/\\\/webdelmaestrocmf.com\\\/portal\\\/\",\"logo\":{\"@type\":\"ImageObject\",\"inLanguage\":\"es\",\"@id\":\"https:\\\/\\\/webdelmaestrocmf.com\\\/portal\\\/#\\\/schema\\\/logo\\\/image\\\/\",\"url\":\"https:\\\/\\\/webdelmaestrocmf.com\\\/portal\\\/wp-content\\\/uploads\\\/2023\\\/01\\\/logo-wmcmf-2.png\",\"contentUrl\":\"https:\\\/\\\/webdelmaestrocmf.com\\\/portal\\\/wp-content\\\/uploads\\\/2023\\\/01\\\/logo-wmcmf-2.png\",\"width\":200,\"height\":60,\"caption\":\"Web del Maestro CMF\"},\"image\":{\"@id\":\"https:\\\/\\\/webdelmaestrocmf.com\\\/portal\\\/#\\\/schema\\\/logo\\\/image\\\/\"},\"sameAs\":[\"https:\\\/\\\/www.facebook.com\\\/WebdelMaestroCMF\\\/\",\"https:\\\/\\\/x.com\\\/cmf_w\",\"https:\\\/\\\/www.pinterest.com\\\/WMCMF\\\/\",\"https:\\\/\\\/www.linkedin.com\\\/company\\\/web-del-maestro-cmf\\\/\",\"https:\\\/\\\/www.instagram.com\\\/wmcmf\\\/\",\"https:\\\/\\\/www.youtube.com\\\/channel\\\/UCDPSvjbdodE5sHnC3OxutHw\",\"https:\\\/\\\/mastodon.social\\\/@wmcmf\",\"https:\\\/\\\/www.tiktok.com\\\/@webdelmaestrocmf\"]},{\"@type\":\"Person\",\"@id\":\"https:\\\/\\\/webdelmaestrocmf.com\\\/portal\\\/#\\\/schema\\\/person\\\/1072a2ed7bd960df8ef99a551fa35dc5\",\"name\":\"Web del Maestro CMF\",\"image\":{\"@type\":\"ImageObject\",\"inLanguage\":\"es\",\"@id\":\"https:\\\/\\\/secure.gravatar.com\\\/avatar\\\/23291dd5b5ae1077dcff3dbb04c3e02bd28403fa75af6d8787d5e97c5bbbe30b?s=96&d=mm&r=g\",\"url\":\"https:\\\/\\\/secure.gravatar.com\\\/avatar\\\/23291dd5b5ae1077dcff3dbb04c3e02bd28403fa75af6d8787d5e97c5bbbe30b?s=96&d=mm&r=g\",\"contentUrl\":\"https:\\\/\\\/secure.gravatar.com\\\/avatar\\\/23291dd5b5ae1077dcff3dbb04c3e02bd28403fa75af6d8787d5e97c5bbbe30b?s=96&d=mm&r=g\",\"caption\":\"Web del Maestro CMF\"},\"description\":\"Esta Web se cre\u00f3 sin fines de lucro, con fines educativos, cient\u00edficos y acad\u00e9micos, para personas que tengan dificultades y\\\/o inconvenientes en visualizar el material original. El objetivo es entregar recursos, compartir experiencias y materiales que ayuden a los padres de familia, maestros y estudiantes en su actualizaci\u00f3n y formaci\u00f3n permanente, en bien de la Educaci\u00f3n.\",\"sameAs\":[\"http:\\\/\\\/webdelmaestrocmf.com\\\/portal\",\"https:\\\/\\\/www.facebook.com\\\/WebdelMaestroCMF\\\/\",\"https:\\\/\\\/www.instagram.com\\\/wmcmf\\\/\",\"https:\\\/\\\/cl.linkedin.com\\\/company\\\/web-del-maestro-cmf\",\"https:\\\/\\\/www.pinterest.com\\\/WMCMF\\\/publicaciones\\\/\",\"https:\\\/\\\/x.com\\\/cmf_w\",\"https:\\\/\\\/www.youtube.com\\\/@WMCMF\"]}]}<\/script>\n<!-- \/ Yoast SEO plugin. -->","yoast_head_json":{"title":"C\u00f3mo Per\u00fa logr\u00f3 convertirse en potencia mundial del ajedrez escolar - 2026","description":"Comunidad de Maestros, Docentes y Profesores, en donde encontrar\u00e1s material, informaci\u00f3n y noticias del \u00e1mbito nacional y mundial.","robots":{"index":"index","follow":"follow","max-snippet":"max-snippet:-1","max-image-preview":"max-image-preview:large","max-video-preview":"max-video-preview:-1"},"canonical":"https:\/\/webdelmaestrocmf.com\/portal\/como-peru-logro-convertirse-en-potencia-mundial-del-ajedrez-escolar\/","og_locale":"es_ES","og_type":"article","og_title":"C\u00f3mo Per\u00fa logr\u00f3 convertirse en potencia mundial del ajedrez escolar - 2026","og_description":"Comunidad de Maestros, Docentes y Profesores, en donde encontrar\u00e1s material, informaci\u00f3n y noticias del \u00e1mbito nacional y mundial.","og_url":"https:\/\/webdelmaestrocmf.com\/portal\/como-peru-logro-convertirse-en-potencia-mundial-del-ajedrez-escolar\/","og_site_name":"Web del Maestro CMF","article_publisher":"https:\/\/www.facebook.com\/WebdelMaestroCMF\/","article_author":"https:\/\/www.facebook.com\/WebdelMaestroCMF\/","article_published_time":"2022-08-16T22:12:36+00:00","article_modified_time":"2022-08-16T22:16:23+00:00","og_image":[{"width":900,"height":556,"url":"https:\/\/i0.wp.com\/webdelmaestrocmf.com\/portal\/wp-content\/uploads\/2022\/08\/1-41.jpg?fit=900%2C556&ssl=1","type":"image\/jpeg"}],"author":"Web del Maestro CMF","twitter_card":"summary_large_image","twitter_creator":"@cmf_w","twitter_site":"@cmf_w","schema":{"@context":"https:\/\/schema.org","@graph":[{"@type":"ScholarlyArticle","@id":"https:\/\/webdelmaestrocmf.com\/portal\/como-peru-logro-convertirse-en-potencia-mundial-del-ajedrez-escolar\/#article","isPartOf":{"@id":"https:\/\/webdelmaestrocmf.com\/portal\/como-peru-logro-convertirse-en-potencia-mundial-del-ajedrez-escolar\/"},"author":{"name":"Web del Maestro CMF","@id":"https:\/\/webdelmaestrocmf.com\/portal\/#\/schema\/person\/1072a2ed7bd960df8ef99a551fa35dc5"},"headline":"C\u00f3mo Per\u00fa logr\u00f3 convertirse en potencia mundial del ajedrez escolar","datePublished":"2022-08-16T22:12:36+00:00","dateModified":"2022-08-16T22:16:23+00:00","mainEntityOfPage":{"@id":"https:\/\/webdelmaestrocmf.com\/portal\/como-peru-logro-convertirse-en-potencia-mundial-del-ajedrez-escolar\/"},"wordCount":1035,"commentCount":0,"publisher":{"@id":"https:\/\/webdelmaestrocmf.com\/portal\/#organization"},"image":{"@id":"https:\/\/webdelmaestrocmf.com\/portal\/como-peru-logro-convertirse-en-potencia-mundial-del-ajedrez-escolar\/#primaryimage"},"thumbnailUrl":"https:\/\/webdelmaestrocmf.com\/portal\/wp-content\/uploads\/2022\/08\/1-41.jpg","keywords":["AJEDREZ","convertirse","ESCOLAR","LOGRO","MUNDIAL","Per\u00fa","POTENCIA"],"articleSection":["Noticias","Recursos"],"inLanguage":"es","potentialAction":[{"@type":"CommentAction","name":"Comment","target":["https:\/\/webdelmaestrocmf.com\/portal\/como-peru-logro-convertirse-en-potencia-mundial-del-ajedrez-escolar\/#respond"]}]},{"@type":"WebPage","@id":"https:\/\/webdelmaestrocmf.com\/portal\/como-peru-logro-convertirse-en-potencia-mundial-del-ajedrez-escolar\/","url":"https:\/\/webdelmaestrocmf.com\/portal\/como-peru-logro-convertirse-en-potencia-mundial-del-ajedrez-escolar\/","name":"C\u00f3mo Per\u00fa logr\u00f3 convertirse en potencia mundial del ajedrez escolar - 2026","isPartOf":{"@id":"https:\/\/webdelmaestrocmf.com\/portal\/#website"},"primaryImageOfPage":{"@id":"https:\/\/webdelmaestrocmf.com\/portal\/como-peru-logro-convertirse-en-potencia-mundial-del-ajedrez-escolar\/#primaryimage"},"image":{"@id":"https:\/\/webdelmaestrocmf.com\/portal\/como-peru-logro-convertirse-en-potencia-mundial-del-ajedrez-escolar\/#primaryimage"},"thumbnailUrl":"https:\/\/webdelmaestrocmf.com\/portal\/wp-content\/uploads\/2022\/08\/1-41.jpg","datePublished":"2022-08-16T22:12:36+00:00","dateModified":"2022-08-16T22:16:23+00:00","description":"Comunidad de Maestros, Docentes y Profesores, en donde encontrar\u00e1s material, informaci\u00f3n y noticias del \u00e1mbito nacional y mundial.","breadcrumb":{"@id":"https:\/\/webdelmaestrocmf.com\/portal\/como-peru-logro-convertirse-en-potencia-mundial-del-ajedrez-escolar\/#breadcrumb"},"inLanguage":"es","potentialAction":[{"@type":"ReadAction","target":["https:\/\/webdelmaestrocmf.com\/portal\/como-peru-logro-convertirse-en-potencia-mundial-del-ajedrez-escolar\/"]}]},{"@type":"ImageObject","inLanguage":"es","@id":"https:\/\/webdelmaestrocmf.com\/portal\/como-peru-logro-convertirse-en-potencia-mundial-del-ajedrez-escolar\/#primaryimage","url":"https:\/\/webdelmaestrocmf.com\/portal\/wp-content\/uploads\/2022\/08\/1-41.jpg","contentUrl":"https:\/\/webdelmaestrocmf.com\/portal\/wp-content\/uploads\/2022\/08\/1-41.jpg","width":900,"height":556},{"@type":"BreadcrumbList","@id":"https:\/\/webdelmaestrocmf.com\/portal\/como-peru-logro-convertirse-en-potencia-mundial-del-ajedrez-escolar\/#breadcrumb","itemListElement":[{"@type":"ListItem","position":1,"name":"Portada","item":"https:\/\/webdelmaestrocmf.com\/portal\/"},{"@type":"ListItem","position":2,"name":"Recursos","item":"https:\/\/webdelmaestrocmf.com\/portal\/category\/pedagogia\/"},{"@type":"ListItem","position":3,"name":"C\u00f3mo Per\u00fa logr\u00f3 convertirse en potencia mundial del ajedrez escolar"}]},{"@type":"WebSite","@id":"https:\/\/webdelmaestrocmf.com\/portal\/#website","url":"https:\/\/webdelmaestrocmf.com\/portal\/","name":"Web del Maestro CMF","description":"Maestros al servicio de la educaci\u00f3n","publisher":{"@id":"https:\/\/webdelmaestrocmf.com\/portal\/#organization"},"alternateName":"WMCMF","potentialAction":[{"@type":"SearchAction","target":{"@type":"EntryPoint","urlTemplate":"https:\/\/webdelmaestrocmf.com\/portal\/?s={search_term_string}"},"query-input":{"@type":"PropertyValueSpecification","valueRequired":true,"valueName":"search_term_string"}}],"inLanguage":"es"},{"@type":"Organization","@id":"https:\/\/webdelmaestrocmf.com\/portal\/#organization","name":"Web del Maestro CMF","alternateName":"WMCMF","url":"https:\/\/webdelmaestrocmf.com\/portal\/","logo":{"@type":"ImageObject","inLanguage":"es","@id":"https:\/\/webdelmaestrocmf.com\/portal\/#\/schema\/logo\/image\/","url":"https:\/\/webdelmaestrocmf.com\/portal\/wp-content\/uploads\/2023\/01\/logo-wmcmf-2.png","contentUrl":"https:\/\/webdelmaestrocmf.com\/portal\/wp-content\/uploads\/2023\/01\/logo-wmcmf-2.png","width":200,"height":60,"caption":"Web del Maestro CMF"},"image":{"@id":"https:\/\/webdelmaestrocmf.com\/portal\/#\/schema\/logo\/image\/"},"sameAs":["https:\/\/www.facebook.com\/WebdelMaestroCMF\/","https:\/\/x.com\/cmf_w","https:\/\/www.pinterest.com\/WMCMF\/","https:\/\/www.linkedin.com\/company\/web-del-maestro-cmf\/","https:\/\/www.instagram.com\/wmcmf\/","https:\/\/www.youtube.com\/channel\/UCDPSvjbdodE5sHnC3OxutHw","https:\/\/mastodon.social\/@wmcmf","https:\/\/www.tiktok.com\/@webdelmaestrocmf"]},{"@type":"Person","@id":"https:\/\/webdelmaestrocmf.com\/portal\/#\/schema\/person\/1072a2ed7bd960df8ef99a551fa35dc5","name":"Web del Maestro CMF","image":{"@type":"ImageObject","inLanguage":"es","@id":"https:\/\/secure.gravatar.com\/avatar\/23291dd5b5ae1077dcff3dbb04c3e02bd28403fa75af6d8787d5e97c5bbbe30b?s=96&d=mm&r=g","url":"https:\/\/secure.gravatar.com\/avatar\/23291dd5b5ae1077dcff3dbb04c3e02bd28403fa75af6d8787d5e97c5bbbe30b?s=96&d=mm&r=g","contentUrl":"https:\/\/secure.gravatar.com\/avatar\/23291dd5b5ae1077dcff3dbb04c3e02bd28403fa75af6d8787d5e97c5bbbe30b?s=96&d=mm&r=g","caption":"Web del Maestro CMF"},"description":"Esta Web se cre\u00f3 sin fines de lucro, con fines educativos, cient\u00edficos y acad\u00e9micos, para personas que tengan dificultades y\/o inconvenientes en visualizar el material original. El objetivo es entregar recursos, compartir experiencias y materiales que ayuden a los padres de familia, maestros y estudiantes en su actualizaci\u00f3n y formaci\u00f3n permanente, en bien de la Educaci\u00f3n.","sameAs":["http:\/\/webdelmaestrocmf.com\/portal","https:\/\/www.facebook.com\/WebdelMaestroCMF\/","https:\/\/www.instagram.com\/wmcmf\/","https:\/\/cl.linkedin.com\/company\/web-del-maestro-cmf","https:\/\/www.pinterest.com\/WMCMF\/publicaciones\/","https:\/\/x.com\/cmf_w","https:\/\/www.youtube.com\/@WMCMF"]}]}},"jetpack_featured_media_url":"https:\/\/webdelmaestrocmf.com\/portal\/wp-content\/uploads\/2022\/08\/1-41.jpg","jetpack_sharing_enabled":true,"jetpack-related-posts":[{"id":61999,"url":"https:\/\/webdelmaestrocmf.com\/portal\/crean-red-social-para-aprender-y-jugar-ajedrez\/","url_meta":{"origin":79483,"position":0},"title":"Crean red social para aprender y jugar ajedrez","author":"Web del Maestro CMF","date":"20 abril, 2021","format":false,"excerpt":"La plataforma permite que usuarios de todas partes del mundo interact\u00faen y aprendan a pulir sus habilidades. El seis veces campe\u00f3n mundial de ajedrez,\u00a0Garry Kasparov, lanz\u00f3 una innovadora plataforma\u00a0social dedicada al\u00a0ajedrez. El nombre de esta es\u00a0Kasparovchess\u00a0y busca formar una comunidad social de jugadores que aprendan, jueguen e interact\u00faen entre ellos.\u2026","rel":"","context":"En \u00abRedes Sociales\u00bb","block_context":{"text":"Redes Sociales","link":"https:\/\/webdelmaestrocmf.com\/portal\/category\/tecnologia\/redes-sociales\/"},"img":{"alt_text":"","src":"https:\/\/i0.wp.com\/webdelmaestrocmf.com\/portal\/wp-content\/uploads\/2021\/04\/1-83.jpg?resize=350%2C200&ssl=1","width":350,"height":200,"srcset":"https:\/\/i0.wp.com\/webdelmaestrocmf.com\/portal\/wp-content\/uploads\/2021\/04\/1-83.jpg?resize=350%2C200&ssl=1 1x, https:\/\/i0.wp.com\/webdelmaestrocmf.com\/portal\/wp-content\/uploads\/2021\/04\/1-83.jpg?resize=525%2C300&ssl=1 1.5x, https:\/\/i0.wp.com\/webdelmaestrocmf.com\/portal\/wp-content\/uploads\/2021\/04\/1-83.jpg?resize=700%2C400&ssl=1 2x, https:\/\/i0.wp.com\/webdelmaestrocmf.com\/portal\/wp-content\/uploads\/2021\/04\/1-83.jpg?resize=1050%2C600&ssl=1 3x"},"classes":[]},{"id":78971,"url":"https:\/\/webdelmaestrocmf.com\/portal\/david-auris-educacion-y-peruanidad\/","url_meta":{"origin":79483,"position":1},"title":"[David Auris] Educaci\u00f3n y peruanidad","author":"Web del Maestro CMF","date":"30 julio, 2022","format":false,"excerpt":"Identidad y peruanidad son indisolubles como una moneda, vigorizada por la educaci\u00f3n que fusiona nuestra herencia cultural y modernidad, para asegurar el porvenir como naci\u00f3n intercultural y tecnol\u00f3gica, capaz de aportar y enriquecer la cultura mundial cada vez m\u00e1s fusionado y competitivo, pues peruanidad no solo es celebraci\u00f3n sino es\u2026","rel":"","context":"En \u00abZ-Colaborador-David-Auris\u00bb","block_context":{"text":"Z-Colaborador-David-Auris","link":"https:\/\/webdelmaestrocmf.com\/portal\/category\/colaborador\/z-colaborador-david-auris\/"},"img":{"alt_text":"","src":"https:\/\/i0.wp.com\/webdelmaestrocmf.com\/portal\/wp-content\/uploads\/2022\/07\/1a-35.jpg?resize=350%2C200&ssl=1","width":350,"height":200,"srcset":"https:\/\/i0.wp.com\/webdelmaestrocmf.com\/portal\/wp-content\/uploads\/2022\/07\/1a-35.jpg?resize=350%2C200&ssl=1 1x, https:\/\/i0.wp.com\/webdelmaestrocmf.com\/portal\/wp-content\/uploads\/2022\/07\/1a-35.jpg?resize=525%2C300&ssl=1 1.5x, https:\/\/i0.wp.com\/webdelmaestrocmf.com\/portal\/wp-content\/uploads\/2022\/07\/1a-35.jpg?resize=700%2C400&ssl=1 2x"},"classes":[]},{"id":107275,"url":"https:\/\/webdelmaestrocmf.com\/portal\/leontxo-garcia-el-ajedrez-ayuda-en-las-matematicas-y-en-la-comprension-lectora\/","url_meta":{"origin":79483,"position":2},"title":"Leontxo Garc\u00eda: El ajedrez ayuda en las matem\u00e1ticas y en la comprensi\u00f3n lectora","author":"Web del Maestro CMF","date":"16 julio, 2025","format":false,"excerpt":"En una sociedad donde pensar ha dejado de estar de moda y el pensamiento superficial gana terreno, el ajedrez se presenta como una alternativa poderosa para ense\u00f1ar que razonar, reflexionar y planificar no solo es \u00fatil, sino tambi\u00e9n divertido.","rel":"","context":"En \u00abEntrevistas\u00bb","block_context":{"text":"Entrevistas","link":"https:\/\/webdelmaestrocmf.com\/portal\/category\/noticias\/entrevistas\/"},"img":{"alt_text":"","src":"https:\/\/i0.wp.com\/webdelmaestrocmf.com\/portal\/wp-content\/uploads\/2024\/12\/Banner-1-portada-imagen-10-1-46.jpg?resize=350%2C200&ssl=1","width":350,"height":200,"srcset":"https:\/\/i0.wp.com\/webdelmaestrocmf.com\/portal\/wp-content\/uploads\/2024\/12\/Banner-1-portada-imagen-10-1-46.jpg?resize=350%2C200&ssl=1 1x, https:\/\/i0.wp.com\/webdelmaestrocmf.com\/portal\/wp-content\/uploads\/2024\/12\/Banner-1-portada-imagen-10-1-46.jpg?resize=525%2C300&ssl=1 1.5x, https:\/\/i0.wp.com\/webdelmaestrocmf.com\/portal\/wp-content\/uploads\/2024\/12\/Banner-1-portada-imagen-10-1-46.jpg?resize=700%2C400&ssl=1 2x"},"classes":[]},{"id":18272,"url":"https:\/\/webdelmaestrocmf.com\/portal\/ajedrez-mejora-las-facultades-espaciales-numericas-organizativas\/","url_meta":{"origin":79483,"position":3},"title":"Jugar ajedrez podr\u00eda hacerte mejor estudiante, mejorar tus facultades espaciales, num\u00e9ricas y organizativas","author":"Web del Maestro CMF","date":"15 enero, 2020","format":false,"excerpt":"La experiencia del juego del ajedrez \u201ccomo herramienta transversal e interdisciplinar en horario lectivo en m\u00e1s de 300 escuelas\u201d en Espa\u00f1a, con un 80% de los docentes implicados que est\u00e1n satisfechos o muy satisfechos, comparando a los alumnos de ajedrez educativo con los de un grupo control, nos lleva a\u2026","rel":"","context":"En \u00abJuegos\u00bb","block_context":{"text":"Juegos","link":"https:\/\/webdelmaestrocmf.com\/portal\/category\/pedagogia\/juegos\/"},"img":{"alt_text":"","src":"https:\/\/i0.wp.com\/webdelmaestrocmf.com\/portal\/wp-content\/uploads\/2019\/05\/1-4.jpeg?resize=350%2C200&ssl=1","width":350,"height":200,"srcset":"https:\/\/i0.wp.com\/webdelmaestrocmf.com\/portal\/wp-content\/uploads\/2019\/05\/1-4.jpeg?resize=350%2C200&ssl=1 1x, https:\/\/i0.wp.com\/webdelmaestrocmf.com\/portal\/wp-content\/uploads\/2019\/05\/1-4.jpeg?resize=525%2C300&ssl=1 1.5x, https:\/\/i0.wp.com\/webdelmaestrocmf.com\/portal\/wp-content\/uploads\/2019\/05\/1-4.jpeg?resize=700%2C400&ssl=1 2x, https:\/\/i0.wp.com\/webdelmaestrocmf.com\/portal\/wp-content\/uploads\/2019\/05\/1-4.jpeg?resize=1050%2C600&ssl=1 3x"},"classes":[]},{"id":99487,"url":"https:\/\/webdelmaestrocmf.com\/portal\/david-auris-educacion-futbol-e-identidad-nacional\/","url_meta":{"origin":79483,"position":4},"title":"[David Auris] Educaci\u00f3n, f\u00fatbol e identidad nacional","author":"Web del Maestro CMF","date":"7 noviembre, 2023","format":false,"excerpt":"A pesar de que no es considerado un s\u00edmbolo nacional como una bandera o un escudo, el f\u00fatbol es un s\u00edmbolo de aut\u00e9ntico espect\u00e1culo centrado en las emociones de las personas. Gracias a sus juegos dram\u00e1ticos e impredecible y sus intensos duelos en el campo verdoso, cada gol arranca un\u2026","rel":"","context":"En \u00abZ-Colaborador-David-Auris\u00bb","block_context":{"text":"Z-Colaborador-David-Auris","link":"https:\/\/webdelmaestrocmf.com\/portal\/category\/colaborador\/z-colaborador-david-auris\/"},"img":{"alt_text":"","src":"https:\/\/i0.wp.com\/webdelmaestrocmf.com\/portal\/wp-content\/uploads\/2023\/11\/A12B3C4D-8-1.jpg?resize=350%2C200&ssl=1","width":350,"height":200,"srcset":"https:\/\/i0.wp.com\/webdelmaestrocmf.com\/portal\/wp-content\/uploads\/2023\/11\/A12B3C4D-8-1.jpg?resize=350%2C200&ssl=1 1x, https:\/\/i0.wp.com\/webdelmaestrocmf.com\/portal\/wp-content\/uploads\/2023\/11\/A12B3C4D-8-1.jpg?resize=525%2C300&ssl=1 1.5x, https:\/\/i0.wp.com\/webdelmaestrocmf.com\/portal\/wp-content\/uploads\/2023\/11\/A12B3C4D-8-1.jpg?resize=700%2C400&ssl=1 2x"},"classes":[]},{"id":104707,"url":"https:\/\/webdelmaestrocmf.com\/portal\/descarga-el-calendario-civico-escolar-2024-fechas-segun-el-minedu\/","url_meta":{"origin":79483,"position":5},"title":"Descarga el Calendario C\u00edvico Escolar 2024: Fechas seg\u00fan el Minedu","author":"Web del Maestro CMF","date":"7 marzo, 2024","format":false,"excerpt":"El Calendario C\u00edvico Escolar 2024 es una herramienta fundamental para que los estudiantes de Per\u00fa conozcan y comprendan la historia del pa\u00eds y del mundo. Este documento, publicado por el Ministerio de Educaci\u00f3n (Minedu), establece las fechas m\u00e1s importantes del a\u00f1o para conmemorar acontecimientos relevantes, tanto nacionales como internacionales. El\u2026","rel":"","context":"En \u00abCalendario\u00bb","block_context":{"text":"Calendario","link":"https:\/\/webdelmaestrocmf.com\/portal\/category\/pedagogia\/calendario\/"},"img":{"alt_text":"","src":"https:\/\/i0.wp.com\/webdelmaestrocmf.com\/portal\/wp-content\/uploads\/2024\/03\/Banner-1-portada-imagen-10-1-17.jpg?resize=350%2C200&ssl=1","width":350,"height":200,"srcset":"https:\/\/i0.wp.com\/webdelmaestrocmf.com\/portal\/wp-content\/uploads\/2024\/03\/Banner-1-portada-imagen-10-1-17.jpg?resize=350%2C200&ssl=1 1x, https:\/\/i0.wp.com\/webdelmaestrocmf.com\/portal\/wp-content\/uploads\/2024\/03\/Banner-1-portada-imagen-10-1-17.jpg?resize=525%2C300&ssl=1 1.5x, https:\/\/i0.wp.com\/webdelmaestrocmf.com\/portal\/wp-content\/uploads\/2024\/03\/Banner-1-portada-imagen-10-1-17.jpg?resize=700%2C400&ssl=1 2x"},"classes":[]}],"_links":{"self":[{"href":"https:\/\/webdelmaestrocmf.com\/portal\/wp-json\/wp\/v2\/posts\/79483","targetHints":{"allow":["GET"]}}],"collection":[{"href":"https:\/\/webdelmaestrocmf.com\/portal\/wp-json\/wp\/v2\/posts"}],"about":[{"href":"https:\/\/webdelmaestrocmf.com\/portal\/wp-json\/wp\/v2\/types\/post"}],"author":[{"embeddable":true,"href":"https:\/\/webdelmaestrocmf.com\/portal\/wp-json\/wp\/v2\/users\/1"}],"replies":[{"embeddable":true,"href":"https:\/\/webdelmaestrocmf.com\/portal\/wp-json\/wp\/v2\/comments?post=79483"}],"version-history":[{"count":0,"href":"https:\/\/webdelmaestrocmf.com\/portal\/wp-json\/wp\/v2\/posts\/79483\/revisions"}],"wp:featuredmedia":[{"embeddable":true,"href":"https:\/\/webdelmaestrocmf.com\/portal\/wp-json\/wp\/v2\/media\/79488"}],"wp:attachment":[{"href":"https:\/\/webdelmaestrocmf.com\/portal\/wp-json\/wp\/v2\/media?parent=79483"}],"wp:term":[{"taxonomy":"category","embeddable":true,"href":"https:\/\/webdelmaestrocmf.com\/portal\/wp-json\/wp\/v2\/categories?post=79483"},{"taxonomy":"post_tag","embeddable":true,"href":"https:\/\/webdelmaestrocmf.com\/portal\/wp-json\/wp\/v2\/tags?post=79483"}],"curies":[{"name":"wp","href":"https:\/\/api.w.org\/{rel}","templated":true}]}}