{"id":79450,"date":"2022-08-15T20:30:57","date_gmt":"2022-08-16T00:30:57","guid":{"rendered":"https:\/\/webdelmaestrocmf.com\/portal\/?p=79450"},"modified":"2022-08-15T20:32:09","modified_gmt":"2022-08-16T00:32:09","slug":"estudio-sugiere-que-tocar-un-instrumento-podria-aumentar-hasta-3-puntos-el-coeficiente-intelectual-en-menores","status":"publish","type":"post","link":"https:\/\/webdelmaestrocmf.com\/portal\/estudio-sugiere-que-tocar-un-instrumento-podria-aumentar-hasta-3-puntos-el-coeficiente-intelectual-en-menores\/","title":{"rendered":"Estudio sugiere que tocar un instrumento podr\u00eda aumentar hasta 3 puntos el coeficiente intelectual en menores"},"content":{"rendered":"<h5 style=\"text-align: justify;\">Un estudio realizado en la Universidad de Granada, Espa\u00f1a, concluy\u00f3 que tocar un instrumento llegar\u00eda a aumentar el coeficiente intelectual de ni\u00f1os y adolescentes hasta 3 puntos.<\/h5>\n<p><!--more--><\/p>\n<h5 style=\"text-align: justify;\"><a href=\"https:\/\/www.sciencedirect.com\/science\/article\/pii\/S1747938X22000057\" target=\"_blank\" rel=\"noopener\">\u201cPlease don&#8217;t stop the music\u201d<\/a>\u00a0se titula el estudio publicado en la revista Educational Research Review. Esta es una de las m\u00e1s importantes del mundo en el \u00e1mbito de las Ciencias de la Educaci\u00f3n.<\/h5>\n<p style=\"text-align: justify;\">Los investigadores cuantificaron la magnitud de los cambios cognitivos que aporta la pr\u00e1ctica musical. As\u00ed, revelaron que tocar un instrumento puede beneficiar un amplio n\u00famero de capacidades mentales, como la memoria y la atenci\u00f3n.<\/p>\n<h5 style=\"text-align: justify;\">Resultados del estudio<\/h5>\n<p style=\"text-align: justify;\">El trabajo, adem\u00e1s, ofrece otros resultados interesantes. En primer lugar, el efecto de la\u00a0m\u00fasica\u00a0parece ser mayor cuanto menor sea la edad de la persona cuando comienza a tocar el instrumento y cuanto menor sea su estado de desarrollo cognitivo en el momento inicial. As\u00ed, los cerebros m\u00e1s j\u00f3venes y con mayor margen de mejora son los que podr\u00edan beneficiarse m\u00e1s. De hecho, el meta an\u00e1lisis observ\u00f3 un mayor impacto de la pr\u00e1ctica musical en los ni\u00f1os de ambientes m\u00e1s desfavorecidos.<\/p>\n<p style=\"text-align: justify;\">Tambi\u00e9n los autores encuentran que no todas las actividades musicales producen estas mejoras. Esto es algo que se ha observado con otras actividades con potencial cognitivo: \u201cno todo vale\u201d; es decir, no todas las versiones de esa actividad influyen de la misma manera. En el caso de la m\u00fasica, la evidencia con videojuegos musicales (como el famoso Guitar Hero) o simplemente con escuchar m\u00fasica o no hacerlo no parece ser tan clara.<\/p>\n<p style=\"text-align: justify;\">\u201cParece que la capacidad estimuladora de aprender a leer partituras y lenguaje musical, sincronizar movimientos de manos y dedos, coordinarse con otras personas en la interpretaci\u00f3n de una obra, y mucho m\u00e1s, son claves para este efecto\u201d, apuntan los autores.<\/p>\n<blockquote class=\"twitter-tweet\">\n<p dir=\"ltr\" lang=\"es\">\ud83c\udfbb Tocar un instrumento musical podr\u00eda aumentar hasta tres puntos el cociente intelectual de los ni\u00f1os<\/p>\n<p>\u2139\ufe0f <a href=\"https:\/\/t.co\/t8lra7B4WT\">https:\/\/t.co\/t8lra7B4WT<\/a> <a href=\"https:\/\/t.co\/ZpEZyLQd9u\">pic.twitter.com\/ZpEZyLQd9u<\/a><\/p>\n<p>\u2014 Universidad Granada (@CanalUGR) <a href=\"https:\/\/twitter.com\/CanalUGR\/status\/1512074465726795778?ref_src=twsrc%5Etfw\">April 7, 2022<\/a><\/p><\/blockquote>\n<p style=\"text-align: justify;\"><script async src=\"https:\/\/platform.twitter.com\/widgets.js\" charset=\"utf-8\"><\/script><\/p>\n<h5 style=\"text-align: justify;\">Cuanto m\u00e1s j\u00f3venes, mejor<\/h5>\n<p style=\"text-align: justify;\">El estudio ofrece, adem\u00e1s, otros resultados interesantes. El efecto de la m\u00fasica parece ser mayor cuanto menor sea la edad de la persona que comienza a aprender a tocar el instrumento. Tambi\u00e9n cuanto menor sea su estado de desarrollo cognitivo en ese momento. Es por ello que los cerebros m\u00e1s j\u00f3venes, y especialmente en ni\u00f1os de entornos m\u00e1s desfavorecidos, se beneficiar\u00edan m\u00e1s de la actividad.<\/p>\n<p><img loading=\"lazy\" decoding=\"async\" class=\"alignnone size-full wp-image-79453\" src=\"https:\/\/webdelmaestrocmf.com\/portal\/wp-content\/uploads\/2022\/08\/1-39.jpg\" alt=\"\" width=\"900\" height=\"470\" srcset=\"https:\/\/webdelmaestrocmf.com\/portal\/wp-content\/uploads\/2022\/08\/1-39.jpg 900w, https:\/\/webdelmaestrocmf.com\/portal\/wp-content\/uploads\/2022\/08\/1-39-300x157.jpg 300w, https:\/\/webdelmaestrocmf.com\/portal\/wp-content\/uploads\/2022\/08\/1-39-768x401.jpg 768w, https:\/\/webdelmaestrocmf.com\/portal\/wp-content\/uploads\/2022\/08\/1-39-110x57.jpg 110w, https:\/\/webdelmaestrocmf.com\/portal\/wp-content\/uploads\/2022\/08\/1-39-200x104.jpg 200w, https:\/\/webdelmaestrocmf.com\/portal\/wp-content\/uploads\/2022\/08\/1-39-380x198.jpg 380w, https:\/\/webdelmaestrocmf.com\/portal\/wp-content\/uploads\/2022\/08\/1-39-255x133.jpg 255w, https:\/\/webdelmaestrocmf.com\/portal\/wp-content\/uploads\/2022\/08\/1-39-550x287.jpg 550w, https:\/\/webdelmaestrocmf.com\/portal\/wp-content\/uploads\/2022\/08\/1-39-800x418.jpg 800w\" sizes=\"auto, (max-width: 900px) 100vw, 900px\" \/><\/p>\n<p style=\"text-align: justify;\">Asimismo, los cient\u00edficos advierten que no todas las actividades relacionadas con la m\u00fasica tienen estos efectos. Jugar a videojuegos basados en la m\u00fasica, como Guitar Hero, o escuchar m\u00fasica podr\u00edan no tener los mismos beneficios. Estas actividades se diferencian as\u00ed de tocar un instrumento, donde entra en juego otro tipo de aprendizaje, como leer partituras, coordinarse con otros instrumentos a la hora de interpretar una obra, o sincronizar los movimientos de las manos y los dedos.<\/p>\n<p><strong>Este contenido ha sido publicado originalmente por Concierto en la siguiente direcci\u00f3n: <a href=\"https:\/\/www.concierto.cl\/2022\/04\/estudio-dice-que-tocar-un-instrumento-podria-aumentar-hasta-3-puntos-el-coeficiente-intelectual-en-menores\/\" target=\"_blank\" rel=\"noopener\">concierto.cl<\/a><\/strong><\/p>\n\t\t<div class=\"pk-inline-posts\">\n\t\t\t\n\t\t\t<div class=\"pk-inline-posts-container pk-inline-posts-template-list\"\n\t\t\t\tdata-columns=\"1\">\n\t\t\t\t\t\t<article id=\"post-114355\" class=\"post-114355 post type-post status-publish format-standard has-post-thumbnail category-docentes category-noticias-pedagogia category-pedagogia tag-derechos-del-nino tag-docentes-en-redes-sociales tag-educacion-responsable tag-etica-docente tag-legislacion-educativa tag-privacidad-infantil tag-profesores-influencers tag-proteccion-de-datos tag-uso-de-imagen cs-entry cs-video-wrap\">\n\t\t\t<div class=\"pk-post-outer\">\n\n\t\t\t\t\t\t\t\t<div class=\"pk-post-inner\">\n\t\t\t\t\t<div class=\"entry-thumbnail\">\n\t\t\t\t\t\t<div class=\"pk-overlay pk-overlay-ratio pk-ratio-landscape\">\n\t\t\t\t\t\t\t<div class=\"pk-overlay-background\">\n\t\t\t\t\t\t\t\t<a href=\"https:\/\/webdelmaestrocmf.com\/portal\/atencion-profesores-tiktokers-por-que-no-pueden-usar-imagenes-fotos-de-sus-estudiantes-en-redes-sociales-personales\/\" class=\"pk-overlay-link\">\n\t\t\t\t\t\t\t\t\t<img loading=\"lazy\" decoding=\"async\" width=\"300\" height=\"225\" src=\"https:\/\/webdelmaestrocmf.com\/portal\/wp-content\/uploads\/2025\/12\/1A-Banner-1-portada-imagen-10-1-copia-1-18-300x225.webp\" class=\"attachment-pk-thumbnail size-pk-thumbnail wp-post-image\" alt=\"\" \/>\t\t\t\t\t\t\t\t<\/a>\n\t\t\t\t\t\t\t<\/div>\n\t\t\t\t\t\t<\/div>\n\t\t\t\t\t<\/div>\n\t\t\t\t<\/div>\n\t\t\t\t\n\t\t\t\t<div class=\"pk-post-inner\">\n\t\t\t\t\t<header>\n\t\t\t\t\t\t<h3 class=\"pk-title\"><a href=\"https:\/\/webdelmaestrocmf.com\/portal\/atencion-profesores-tiktokers-por-que-no-pueden-usar-imagenes-fotos-de-sus-estudiantes-en-redes-sociales-personales\/\" rel=\"bookmark\">Atenci\u00f3n, profesores tiktokers: por qu\u00e9 no pueden usar im\u00e1genes (fotos) de sus estudiantes en redes sociales personales<\/a><\/h3>\t\t\t\t\t<\/header><!-- .entry-header -->\n\t\t\t\t<\/div><!-- .post-inner -->\n\n\t\t\t<\/div><!-- .post-outer -->\n\t\t<\/article>\n\t\t\t\t<\/div>\n\t\t<\/div>\n\t\t\n","protected":false},"excerpt":{"rendered":"Un estudio realizado en la Universidad de Granada, Espa\u00f1a, concluy\u00f3 que tocar un instrumento llegar\u00eda a aumentar el&hellip;","protected":false},"author":1,"featured_media":79452,"comment_status":"open","ping_status":"closed","sticky":false,"template":"","format":"standard","meta":{"csco_display_header_overlay":false,"csco_singular_sidebar":"default","csco_page_header_type":"default","csco_page_load_nextpost":"default","csco_post_video_location":[],"csco_post_video_location_hash":"","csco_post_video_url":"","csco_post_video_bg_start_time":0,"csco_post_video_bg_end_time":0,"csco_post_video_bg_volume":false,"_jetpack_memberships_contains_paid_content":false,"footnotes":""},"categories":[3514,5375,735],"tags":[14912,6151,3235,1271,3518,652,6003,6647,14911,3556],"class_list":{"0":"post-79450","1":"post","2":"type-post","3":"status-publish","4":"format-standard","5":"has-post-thumbnail","7":"category-musica","8":"category-noticias-pedagogia","9":"category-pedagogia","10":"tag-3-puntos","11":"tag-aumentar","12":"tag-coeficiente","13":"tag-estudio","14":"tag-instrumento","15":"tag-intelectual","16":"tag-menores","17":"tag-podria","18":"tag-sugiere","19":"tag-tocar","20":"cs-entry","21":"cs-video-wrap"},"yoast_head":"<!-- This site is optimized with the Yoast SEO plugin v27.5 - https:\/\/yoast.com\/product\/yoast-seo-wordpress\/ -->\n<title>Estudio sugiere que tocar un instrumento podr\u00eda aumentar hasta 3 puntos el coeficiente intelectual en menores - 2026<\/title>\n<meta name=\"description\" content=\"Un estudio realizado en la Universidad de Granada, Espa\u00f1a, concluy\u00f3 que tocar un instrumento llegar\u00eda a aumentar el coeficiente...\" \/>\n<meta name=\"robots\" content=\"index, follow, max-snippet:-1, max-image-preview:large, max-video-preview:-1\" \/>\n<link rel=\"canonical\" href=\"https:\/\/webdelmaestrocmf.com\/portal\/estudio-sugiere-que-tocar-un-instrumento-podria-aumentar-hasta-3-puntos-el-coeficiente-intelectual-en-menores\/\" \/>\n<meta property=\"og:locale\" content=\"es_ES\" \/>\n<meta property=\"og:type\" content=\"article\" \/>\n<meta property=\"og:title\" content=\"Estudio sugiere que tocar un instrumento podr\u00eda aumentar hasta 3 puntos el coeficiente intelectual en menores - 2026\" \/>\n<meta property=\"og:description\" content=\"Un estudio realizado en la Universidad de Granada, Espa\u00f1a, concluy\u00f3 que tocar un instrumento llegar\u00eda a aumentar el coeficiente...\" \/>\n<meta property=\"og:url\" content=\"https:\/\/webdelmaestrocmf.com\/portal\/estudio-sugiere-que-tocar-un-instrumento-podria-aumentar-hasta-3-puntos-el-coeficiente-intelectual-en-menores\/\" \/>\n<meta property=\"og:site_name\" content=\"Web del Maestro CMF\" \/>\n<meta property=\"article:publisher\" content=\"https:\/\/www.facebook.com\/WebdelMaestroCMF\/\" \/>\n<meta property=\"article:author\" content=\"https:\/\/www.facebook.com\/WebdelMaestroCMF\/\" \/>\n<meta property=\"article:published_time\" content=\"2022-08-16T00:30:57+00:00\" \/>\n<meta property=\"article:modified_time\" content=\"2022-08-16T00:32:09+00:00\" \/>\n<meta property=\"og:image\" content=\"https:\/\/i0.wp.com\/webdelmaestrocmf.com\/portal\/wp-content\/uploads\/2022\/08\/1-38.jpg?fit=900%2C556&ssl=1\" \/>\n\t<meta property=\"og:image:width\" content=\"900\" \/>\n\t<meta property=\"og:image:height\" content=\"556\" \/>\n\t<meta property=\"og:image:type\" content=\"image\/jpeg\" \/>\n<meta name=\"author\" content=\"Web del Maestro CMF\" \/>\n<meta name=\"twitter:card\" content=\"summary_large_image\" \/>\n<meta name=\"twitter:creator\" content=\"@cmf_w\" \/>\n<meta name=\"twitter:site\" content=\"@cmf_w\" \/>\n<script type=\"application\/ld+json\" class=\"yoast-schema-graph\">{\"@context\":\"https:\\\/\\\/schema.org\",\"@graph\":[{\"@type\":\"ScholarlyArticle\",\"@id\":\"https:\\\/\\\/webdelmaestrocmf.com\\\/portal\\\/estudio-sugiere-que-tocar-un-instrumento-podria-aumentar-hasta-3-puntos-el-coeficiente-intelectual-en-menores\\\/#article\",\"isPartOf\":{\"@id\":\"https:\\\/\\\/webdelmaestrocmf.com\\\/portal\\\/estudio-sugiere-que-tocar-un-instrumento-podria-aumentar-hasta-3-puntos-el-coeficiente-intelectual-en-menores\\\/\"},\"author\":{\"name\":\"Web del Maestro CMF\",\"@id\":\"https:\\\/\\\/webdelmaestrocmf.com\\\/portal\\\/#\\\/schema\\\/person\\\/1072a2ed7bd960df8ef99a551fa35dc5\"},\"headline\":\"Estudio sugiere que tocar un instrumento podr\u00eda aumentar hasta 3 puntos el coeficiente intelectual en menores\",\"datePublished\":\"2022-08-16T00:30:57+00:00\",\"dateModified\":\"2022-08-16T00:32:09+00:00\",\"mainEntityOfPage\":{\"@id\":\"https:\\\/\\\/webdelmaestrocmf.com\\\/portal\\\/estudio-sugiere-que-tocar-un-instrumento-podria-aumentar-hasta-3-puntos-el-coeficiente-intelectual-en-menores\\\/\"},\"wordCount\":542,\"commentCount\":0,\"publisher\":{\"@id\":\"https:\\\/\\\/webdelmaestrocmf.com\\\/portal\\\/#organization\"},\"image\":{\"@id\":\"https:\\\/\\\/webdelmaestrocmf.com\\\/portal\\\/estudio-sugiere-que-tocar-un-instrumento-podria-aumentar-hasta-3-puntos-el-coeficiente-intelectual-en-menores\\\/#primaryimage\"},\"thumbnailUrl\":\"https:\\\/\\\/webdelmaestrocmf.com\\\/portal\\\/wp-content\\\/uploads\\\/2022\\\/08\\\/1-38.jpg\",\"keywords\":[\"3 puntos\",\"aumentar\",\"COEFICIENTE\",\"ESTUDIO\",\"INSTRUMENTO\",\"INTELECTUAL\",\"menores\",\"podr\u00eda\",\"sugiere\",\"TOCAR\"],\"articleSection\":[\"M\u00fasica\",\"Noticias\",\"Recursos\"],\"inLanguage\":\"es\",\"potentialAction\":[{\"@type\":\"CommentAction\",\"name\":\"Comment\",\"target\":[\"https:\\\/\\\/webdelmaestrocmf.com\\\/portal\\\/estudio-sugiere-que-tocar-un-instrumento-podria-aumentar-hasta-3-puntos-el-coeficiente-intelectual-en-menores\\\/#respond\"]}]},{\"@type\":\"WebPage\",\"@id\":\"https:\\\/\\\/webdelmaestrocmf.com\\\/portal\\\/estudio-sugiere-que-tocar-un-instrumento-podria-aumentar-hasta-3-puntos-el-coeficiente-intelectual-en-menores\\\/\",\"url\":\"https:\\\/\\\/webdelmaestrocmf.com\\\/portal\\\/estudio-sugiere-que-tocar-un-instrumento-podria-aumentar-hasta-3-puntos-el-coeficiente-intelectual-en-menores\\\/\",\"name\":\"Estudio sugiere que tocar un instrumento podr\u00eda aumentar hasta 3 puntos el coeficiente intelectual en menores - 2026\",\"isPartOf\":{\"@id\":\"https:\\\/\\\/webdelmaestrocmf.com\\\/portal\\\/#website\"},\"primaryImageOfPage\":{\"@id\":\"https:\\\/\\\/webdelmaestrocmf.com\\\/portal\\\/estudio-sugiere-que-tocar-un-instrumento-podria-aumentar-hasta-3-puntos-el-coeficiente-intelectual-en-menores\\\/#primaryimage\"},\"image\":{\"@id\":\"https:\\\/\\\/webdelmaestrocmf.com\\\/portal\\\/estudio-sugiere-que-tocar-un-instrumento-podria-aumentar-hasta-3-puntos-el-coeficiente-intelectual-en-menores\\\/#primaryimage\"},\"thumbnailUrl\":\"https:\\\/\\\/webdelmaestrocmf.com\\\/portal\\\/wp-content\\\/uploads\\\/2022\\\/08\\\/1-38.jpg\",\"datePublished\":\"2022-08-16T00:30:57+00:00\",\"dateModified\":\"2022-08-16T00:32:09+00:00\",\"description\":\"Un estudio realizado en la Universidad de Granada, Espa\u00f1a, concluy\u00f3 que tocar un instrumento llegar\u00eda a aumentar el coeficiente...\",\"breadcrumb\":{\"@id\":\"https:\\\/\\\/webdelmaestrocmf.com\\\/portal\\\/estudio-sugiere-que-tocar-un-instrumento-podria-aumentar-hasta-3-puntos-el-coeficiente-intelectual-en-menores\\\/#breadcrumb\"},\"inLanguage\":\"es\",\"potentialAction\":[{\"@type\":\"ReadAction\",\"target\":[\"https:\\\/\\\/webdelmaestrocmf.com\\\/portal\\\/estudio-sugiere-que-tocar-un-instrumento-podria-aumentar-hasta-3-puntos-el-coeficiente-intelectual-en-menores\\\/\"]}]},{\"@type\":\"ImageObject\",\"inLanguage\":\"es\",\"@id\":\"https:\\\/\\\/webdelmaestrocmf.com\\\/portal\\\/estudio-sugiere-que-tocar-un-instrumento-podria-aumentar-hasta-3-puntos-el-coeficiente-intelectual-en-menores\\\/#primaryimage\",\"url\":\"https:\\\/\\\/webdelmaestrocmf.com\\\/portal\\\/wp-content\\\/uploads\\\/2022\\\/08\\\/1-38.jpg\",\"contentUrl\":\"https:\\\/\\\/webdelmaestrocmf.com\\\/portal\\\/wp-content\\\/uploads\\\/2022\\\/08\\\/1-38.jpg\",\"width\":900,\"height\":556},{\"@type\":\"BreadcrumbList\",\"@id\":\"https:\\\/\\\/webdelmaestrocmf.com\\\/portal\\\/estudio-sugiere-que-tocar-un-instrumento-podria-aumentar-hasta-3-puntos-el-coeficiente-intelectual-en-menores\\\/#breadcrumb\",\"itemListElement\":[{\"@type\":\"ListItem\",\"position\":1,\"name\":\"Portada\",\"item\":\"https:\\\/\\\/webdelmaestrocmf.com\\\/portal\\\/\"},{\"@type\":\"ListItem\",\"position\":2,\"name\":\"Recursos\",\"item\":\"https:\\\/\\\/webdelmaestrocmf.com\\\/portal\\\/category\\\/pedagogia\\\/\"},{\"@type\":\"ListItem\",\"position\":3,\"name\":\"Estudio sugiere que tocar un instrumento podr\u00eda aumentar hasta 3 puntos el coeficiente intelectual en menores\"}]},{\"@type\":\"WebSite\",\"@id\":\"https:\\\/\\\/webdelmaestrocmf.com\\\/portal\\\/#website\",\"url\":\"https:\\\/\\\/webdelmaestrocmf.com\\\/portal\\\/\",\"name\":\"Web del Maestro CMF\",\"description\":\"Maestros al servicio de la educaci\u00f3n\",\"publisher\":{\"@id\":\"https:\\\/\\\/webdelmaestrocmf.com\\\/portal\\\/#organization\"},\"alternateName\":\"WMCMF\",\"potentialAction\":[{\"@type\":\"SearchAction\",\"target\":{\"@type\":\"EntryPoint\",\"urlTemplate\":\"https:\\\/\\\/webdelmaestrocmf.com\\\/portal\\\/?s={search_term_string}\"},\"query-input\":{\"@type\":\"PropertyValueSpecification\",\"valueRequired\":true,\"valueName\":\"search_term_string\"}}],\"inLanguage\":\"es\"},{\"@type\":\"Organization\",\"@id\":\"https:\\\/\\\/webdelmaestrocmf.com\\\/portal\\\/#organization\",\"name\":\"Web del Maestro CMF\",\"alternateName\":\"WMCMF\",\"url\":\"https:\\\/\\\/webdelmaestrocmf.com\\\/portal\\\/\",\"logo\":{\"@type\":\"ImageObject\",\"inLanguage\":\"es\",\"@id\":\"https:\\\/\\\/webdelmaestrocmf.com\\\/portal\\\/#\\\/schema\\\/logo\\\/image\\\/\",\"url\":\"https:\\\/\\\/webdelmaestrocmf.com\\\/portal\\\/wp-content\\\/uploads\\\/2023\\\/01\\\/logo-wmcmf-2.png\",\"contentUrl\":\"https:\\\/\\\/webdelmaestrocmf.com\\\/portal\\\/wp-content\\\/uploads\\\/2023\\\/01\\\/logo-wmcmf-2.png\",\"width\":200,\"height\":60,\"caption\":\"Web del Maestro CMF\"},\"image\":{\"@id\":\"https:\\\/\\\/webdelmaestrocmf.com\\\/portal\\\/#\\\/schema\\\/logo\\\/image\\\/\"},\"sameAs\":[\"https:\\\/\\\/www.facebook.com\\\/WebdelMaestroCMF\\\/\",\"https:\\\/\\\/x.com\\\/cmf_w\",\"https:\\\/\\\/www.pinterest.com\\\/WMCMF\\\/\",\"https:\\\/\\\/www.linkedin.com\\\/company\\\/web-del-maestro-cmf\\\/\",\"https:\\\/\\\/www.instagram.com\\\/wmcmf\\\/\",\"https:\\\/\\\/www.youtube.com\\\/channel\\\/UCDPSvjbdodE5sHnC3OxutHw\",\"https:\\\/\\\/mastodon.social\\\/@wmcmf\",\"https:\\\/\\\/www.tiktok.com\\\/@webdelmaestrocmf\"]},{\"@type\":\"Person\",\"@id\":\"https:\\\/\\\/webdelmaestrocmf.com\\\/portal\\\/#\\\/schema\\\/person\\\/1072a2ed7bd960df8ef99a551fa35dc5\",\"name\":\"Web del Maestro CMF\",\"image\":{\"@type\":\"ImageObject\",\"inLanguage\":\"es\",\"@id\":\"https:\\\/\\\/secure.gravatar.com\\\/avatar\\\/23291dd5b5ae1077dcff3dbb04c3e02bd28403fa75af6d8787d5e97c5bbbe30b?s=96&d=mm&r=g\",\"url\":\"https:\\\/\\\/secure.gravatar.com\\\/avatar\\\/23291dd5b5ae1077dcff3dbb04c3e02bd28403fa75af6d8787d5e97c5bbbe30b?s=96&d=mm&r=g\",\"contentUrl\":\"https:\\\/\\\/secure.gravatar.com\\\/avatar\\\/23291dd5b5ae1077dcff3dbb04c3e02bd28403fa75af6d8787d5e97c5bbbe30b?s=96&d=mm&r=g\",\"caption\":\"Web del Maestro CMF\"},\"description\":\"Esta Web se cre\u00f3 sin fines de lucro, con fines educativos, cient\u00edficos y acad\u00e9micos, para personas que tengan dificultades y\\\/o inconvenientes en visualizar el material original. El objetivo es entregar recursos, compartir experiencias y materiales que ayuden a los padres de familia, maestros y estudiantes en su actualizaci\u00f3n y formaci\u00f3n permanente, en bien de la Educaci\u00f3n.\",\"sameAs\":[\"http:\\\/\\\/webdelmaestrocmf.com\\\/portal\",\"https:\\\/\\\/www.facebook.com\\\/WebdelMaestroCMF\\\/\",\"https:\\\/\\\/www.instagram.com\\\/wmcmf\\\/\",\"https:\\\/\\\/cl.linkedin.com\\\/company\\\/web-del-maestro-cmf\",\"https:\\\/\\\/www.pinterest.com\\\/WMCMF\\\/publicaciones\\\/\",\"https:\\\/\\\/x.com\\\/cmf_w\",\"https:\\\/\\\/www.youtube.com\\\/@WMCMF\"]}]}<\/script>\n<!-- \/ Yoast SEO plugin. -->","yoast_head_json":{"title":"Estudio sugiere que tocar un instrumento podr\u00eda aumentar hasta 3 puntos el coeficiente intelectual en menores - 2026","description":"Un estudio realizado en la Universidad de Granada, Espa\u00f1a, concluy\u00f3 que tocar un instrumento llegar\u00eda a aumentar el coeficiente...","robots":{"index":"index","follow":"follow","max-snippet":"max-snippet:-1","max-image-preview":"max-image-preview:large","max-video-preview":"max-video-preview:-1"},"canonical":"https:\/\/webdelmaestrocmf.com\/portal\/estudio-sugiere-que-tocar-un-instrumento-podria-aumentar-hasta-3-puntos-el-coeficiente-intelectual-en-menores\/","og_locale":"es_ES","og_type":"article","og_title":"Estudio sugiere que tocar un instrumento podr\u00eda aumentar hasta 3 puntos el coeficiente intelectual en menores - 2026","og_description":"Un estudio realizado en la Universidad de Granada, Espa\u00f1a, concluy\u00f3 que tocar un instrumento llegar\u00eda a aumentar el coeficiente...","og_url":"https:\/\/webdelmaestrocmf.com\/portal\/estudio-sugiere-que-tocar-un-instrumento-podria-aumentar-hasta-3-puntos-el-coeficiente-intelectual-en-menores\/","og_site_name":"Web del Maestro CMF","article_publisher":"https:\/\/www.facebook.com\/WebdelMaestroCMF\/","article_author":"https:\/\/www.facebook.com\/WebdelMaestroCMF\/","article_published_time":"2022-08-16T00:30:57+00:00","article_modified_time":"2022-08-16T00:32:09+00:00","og_image":[{"width":900,"height":556,"url":"https:\/\/i0.wp.com\/webdelmaestrocmf.com\/portal\/wp-content\/uploads\/2022\/08\/1-38.jpg?fit=900%2C556&ssl=1","type":"image\/jpeg"}],"author":"Web del Maestro CMF","twitter_card":"summary_large_image","twitter_creator":"@cmf_w","twitter_site":"@cmf_w","schema":{"@context":"https:\/\/schema.org","@graph":[{"@type":"ScholarlyArticle","@id":"https:\/\/webdelmaestrocmf.com\/portal\/estudio-sugiere-que-tocar-un-instrumento-podria-aumentar-hasta-3-puntos-el-coeficiente-intelectual-en-menores\/#article","isPartOf":{"@id":"https:\/\/webdelmaestrocmf.com\/portal\/estudio-sugiere-que-tocar-un-instrumento-podria-aumentar-hasta-3-puntos-el-coeficiente-intelectual-en-menores\/"},"author":{"name":"Web del Maestro CMF","@id":"https:\/\/webdelmaestrocmf.com\/portal\/#\/schema\/person\/1072a2ed7bd960df8ef99a551fa35dc5"},"headline":"Estudio sugiere que tocar un instrumento podr\u00eda aumentar hasta 3 puntos el coeficiente intelectual en menores","datePublished":"2022-08-16T00:30:57+00:00","dateModified":"2022-08-16T00:32:09+00:00","mainEntityOfPage":{"@id":"https:\/\/webdelmaestrocmf.com\/portal\/estudio-sugiere-que-tocar-un-instrumento-podria-aumentar-hasta-3-puntos-el-coeficiente-intelectual-en-menores\/"},"wordCount":542,"commentCount":0,"publisher":{"@id":"https:\/\/webdelmaestrocmf.com\/portal\/#organization"},"image":{"@id":"https:\/\/webdelmaestrocmf.com\/portal\/estudio-sugiere-que-tocar-un-instrumento-podria-aumentar-hasta-3-puntos-el-coeficiente-intelectual-en-menores\/#primaryimage"},"thumbnailUrl":"https:\/\/webdelmaestrocmf.com\/portal\/wp-content\/uploads\/2022\/08\/1-38.jpg","keywords":["3 puntos","aumentar","COEFICIENTE","ESTUDIO","INSTRUMENTO","INTELECTUAL","menores","podr\u00eda","sugiere","TOCAR"],"articleSection":["M\u00fasica","Noticias","Recursos"],"inLanguage":"es","potentialAction":[{"@type":"CommentAction","name":"Comment","target":["https:\/\/webdelmaestrocmf.com\/portal\/estudio-sugiere-que-tocar-un-instrumento-podria-aumentar-hasta-3-puntos-el-coeficiente-intelectual-en-menores\/#respond"]}]},{"@type":"WebPage","@id":"https:\/\/webdelmaestrocmf.com\/portal\/estudio-sugiere-que-tocar-un-instrumento-podria-aumentar-hasta-3-puntos-el-coeficiente-intelectual-en-menores\/","url":"https:\/\/webdelmaestrocmf.com\/portal\/estudio-sugiere-que-tocar-un-instrumento-podria-aumentar-hasta-3-puntos-el-coeficiente-intelectual-en-menores\/","name":"Estudio sugiere que tocar un instrumento podr\u00eda aumentar hasta 3 puntos el coeficiente intelectual en menores - 2026","isPartOf":{"@id":"https:\/\/webdelmaestrocmf.com\/portal\/#website"},"primaryImageOfPage":{"@id":"https:\/\/webdelmaestrocmf.com\/portal\/estudio-sugiere-que-tocar-un-instrumento-podria-aumentar-hasta-3-puntos-el-coeficiente-intelectual-en-menores\/#primaryimage"},"image":{"@id":"https:\/\/webdelmaestrocmf.com\/portal\/estudio-sugiere-que-tocar-un-instrumento-podria-aumentar-hasta-3-puntos-el-coeficiente-intelectual-en-menores\/#primaryimage"},"thumbnailUrl":"https:\/\/webdelmaestrocmf.com\/portal\/wp-content\/uploads\/2022\/08\/1-38.jpg","datePublished":"2022-08-16T00:30:57+00:00","dateModified":"2022-08-16T00:32:09+00:00","description":"Un estudio realizado en la Universidad de Granada, Espa\u00f1a, concluy\u00f3 que tocar un instrumento llegar\u00eda a aumentar el coeficiente...","breadcrumb":{"@id":"https:\/\/webdelmaestrocmf.com\/portal\/estudio-sugiere-que-tocar-un-instrumento-podria-aumentar-hasta-3-puntos-el-coeficiente-intelectual-en-menores\/#breadcrumb"},"inLanguage":"es","potentialAction":[{"@type":"ReadAction","target":["https:\/\/webdelmaestrocmf.com\/portal\/estudio-sugiere-que-tocar-un-instrumento-podria-aumentar-hasta-3-puntos-el-coeficiente-intelectual-en-menores\/"]}]},{"@type":"ImageObject","inLanguage":"es","@id":"https:\/\/webdelmaestrocmf.com\/portal\/estudio-sugiere-que-tocar-un-instrumento-podria-aumentar-hasta-3-puntos-el-coeficiente-intelectual-en-menores\/#primaryimage","url":"https:\/\/webdelmaestrocmf.com\/portal\/wp-content\/uploads\/2022\/08\/1-38.jpg","contentUrl":"https:\/\/webdelmaestrocmf.com\/portal\/wp-content\/uploads\/2022\/08\/1-38.jpg","width":900,"height":556},{"@type":"BreadcrumbList","@id":"https:\/\/webdelmaestrocmf.com\/portal\/estudio-sugiere-que-tocar-un-instrumento-podria-aumentar-hasta-3-puntos-el-coeficiente-intelectual-en-menores\/#breadcrumb","itemListElement":[{"@type":"ListItem","position":1,"name":"Portada","item":"https:\/\/webdelmaestrocmf.com\/portal\/"},{"@type":"ListItem","position":2,"name":"Recursos","item":"https:\/\/webdelmaestrocmf.com\/portal\/category\/pedagogia\/"},{"@type":"ListItem","position":3,"name":"Estudio sugiere que tocar un instrumento podr\u00eda aumentar hasta 3 puntos el coeficiente intelectual en menores"}]},{"@type":"WebSite","@id":"https:\/\/webdelmaestrocmf.com\/portal\/#website","url":"https:\/\/webdelmaestrocmf.com\/portal\/","name":"Web del Maestro CMF","description":"Maestros al servicio de la educaci\u00f3n","publisher":{"@id":"https:\/\/webdelmaestrocmf.com\/portal\/#organization"},"alternateName":"WMCMF","potentialAction":[{"@type":"SearchAction","target":{"@type":"EntryPoint","urlTemplate":"https:\/\/webdelmaestrocmf.com\/portal\/?s={search_term_string}"},"query-input":{"@type":"PropertyValueSpecification","valueRequired":true,"valueName":"search_term_string"}}],"inLanguage":"es"},{"@type":"Organization","@id":"https:\/\/webdelmaestrocmf.com\/portal\/#organization","name":"Web del Maestro CMF","alternateName":"WMCMF","url":"https:\/\/webdelmaestrocmf.com\/portal\/","logo":{"@type":"ImageObject","inLanguage":"es","@id":"https:\/\/webdelmaestrocmf.com\/portal\/#\/schema\/logo\/image\/","url":"https:\/\/webdelmaestrocmf.com\/portal\/wp-content\/uploads\/2023\/01\/logo-wmcmf-2.png","contentUrl":"https:\/\/webdelmaestrocmf.com\/portal\/wp-content\/uploads\/2023\/01\/logo-wmcmf-2.png","width":200,"height":60,"caption":"Web del Maestro CMF"},"image":{"@id":"https:\/\/webdelmaestrocmf.com\/portal\/#\/schema\/logo\/image\/"},"sameAs":["https:\/\/www.facebook.com\/WebdelMaestroCMF\/","https:\/\/x.com\/cmf_w","https:\/\/www.pinterest.com\/WMCMF\/","https:\/\/www.linkedin.com\/company\/web-del-maestro-cmf\/","https:\/\/www.instagram.com\/wmcmf\/","https:\/\/www.youtube.com\/channel\/UCDPSvjbdodE5sHnC3OxutHw","https:\/\/mastodon.social\/@wmcmf","https:\/\/www.tiktok.com\/@webdelmaestrocmf"]},{"@type":"Person","@id":"https:\/\/webdelmaestrocmf.com\/portal\/#\/schema\/person\/1072a2ed7bd960df8ef99a551fa35dc5","name":"Web del Maestro CMF","image":{"@type":"ImageObject","inLanguage":"es","@id":"https:\/\/secure.gravatar.com\/avatar\/23291dd5b5ae1077dcff3dbb04c3e02bd28403fa75af6d8787d5e97c5bbbe30b?s=96&d=mm&r=g","url":"https:\/\/secure.gravatar.com\/avatar\/23291dd5b5ae1077dcff3dbb04c3e02bd28403fa75af6d8787d5e97c5bbbe30b?s=96&d=mm&r=g","contentUrl":"https:\/\/secure.gravatar.com\/avatar\/23291dd5b5ae1077dcff3dbb04c3e02bd28403fa75af6d8787d5e97c5bbbe30b?s=96&d=mm&r=g","caption":"Web del Maestro CMF"},"description":"Esta Web se cre\u00f3 sin fines de lucro, con fines educativos, cient\u00edficos y acad\u00e9micos, para personas que tengan dificultades y\/o inconvenientes en visualizar el material original. El objetivo es entregar recursos, compartir experiencias y materiales que ayuden a los padres de familia, maestros y estudiantes en su actualizaci\u00f3n y formaci\u00f3n permanente, en bien de la Educaci\u00f3n.","sameAs":["http:\/\/webdelmaestrocmf.com\/portal","https:\/\/www.facebook.com\/WebdelMaestroCMF\/","https:\/\/www.instagram.com\/wmcmf\/","https:\/\/cl.linkedin.com\/company\/web-del-maestro-cmf","https:\/\/www.pinterest.com\/WMCMF\/publicaciones\/","https:\/\/x.com\/cmf_w","https:\/\/www.youtube.com\/@WMCMF"]}]}},"jetpack_featured_media_url":"https:\/\/webdelmaestrocmf.com\/portal\/wp-content\/uploads\/2022\/08\/1-38.jpg","jetpack_sharing_enabled":true,"jetpack-related-posts":[{"id":61069,"url":"https:\/\/webdelmaestrocmf.com\/portal\/michel-desmurget-el-tiempo-que-se-pasa-ante-una-pantalla-por-motivos-recreativos-retrasa-la-maduracion-anatomica-y-funcional-del-cerebro\/","url_meta":{"origin":79450,"position":0},"title":"Michel Desmurget: El tiempo que se pasa ante una pantalla por motivos recreativos retrasa la maduraci\u00f3n anat\u00f3mica y funcional del cerebro","author":"Web del Maestro CMF","date":"27 marzo, 2021","format":false,"excerpt":"El doctor en neurociencia y director de investigaci\u00f3n en el Instituto Nacional de la Salud y la Investigaci\u00f3n M\u00e9dica de Francia Michel Desmurget (Lyon, 1965), ha escrito el libro \u201cLa f\u00e1brica de cretinos digitales\u201d en el que advierte sobre los peligros de los dispositivos digitales en ni\u00f1os y adolescentes, y\u2026","rel":"","context":"En \u00abEntrevistas\u00bb","block_context":{"text":"Entrevistas","link":"https:\/\/webdelmaestrocmf.com\/portal\/category\/noticias\/entrevistas\/"},"img":{"alt_text":"","src":"https:\/\/i0.wp.com\/webdelmaestrocmf.com\/portal\/wp-content\/uploads\/2021\/03\/2-10.jpg?resize=350%2C200&ssl=1","width":350,"height":200,"srcset":"https:\/\/i0.wp.com\/webdelmaestrocmf.com\/portal\/wp-content\/uploads\/2021\/03\/2-10.jpg?resize=350%2C200&ssl=1 1x, https:\/\/i0.wp.com\/webdelmaestrocmf.com\/portal\/wp-content\/uploads\/2021\/03\/2-10.jpg?resize=525%2C300&ssl=1 1.5x, https:\/\/i0.wp.com\/webdelmaestrocmf.com\/portal\/wp-content\/uploads\/2021\/03\/2-10.jpg?resize=700%2C400&ssl=1 2x, https:\/\/i0.wp.com\/webdelmaestrocmf.com\/portal\/wp-content\/uploads\/2021\/03\/2-10.jpg?resize=1050%2C600&ssl=1 3x"},"classes":[]},{"id":8770,"url":"https:\/\/webdelmaestrocmf.com\/portal\/12-beneficios-de-la-musica-en-el-cerebro-de-los-ninos-recomendado\/","url_meta":{"origin":79450,"position":1},"title":"La m\u00fasica y el desarrollo cerebral infantil","author":"Web del Maestro CMF","date":"24 noviembre, 2021","format":false,"excerpt":"La m\u00fasica es pr\u00e1cticamente indispensable en nuestras vidas. Estamos rodeados continuamente por melod\u00edas y canciones, y hacemos bien. La m\u00fasica es un medio de expresi\u00f3n universal que tiene numerosos efectos positivos en el ser humano, especialmente durante sus primeros a\u00f1os. Desde que nacemos, afecta a nuestro cerebro y, durante los\u2026","rel":"","context":"En \u00abM\u00fasica\u00bb","block_context":{"text":"M\u00fasica","link":"https:\/\/webdelmaestrocmf.com\/portal\/category\/pedagogia\/musica\/"},"img":{"alt_text":"","src":"https:\/\/i0.wp.com\/webdelmaestrocmf.com\/portal\/wp-content\/uploads\/2019\/08\/1QfER-1.jpg?resize=350%2C200&ssl=1","width":350,"height":200,"srcset":"https:\/\/i0.wp.com\/webdelmaestrocmf.com\/portal\/wp-content\/uploads\/2019\/08\/1QfER-1.jpg?resize=350%2C200&ssl=1 1x, https:\/\/i0.wp.com\/webdelmaestrocmf.com\/portal\/wp-content\/uploads\/2019\/08\/1QfER-1.jpg?resize=525%2C300&ssl=1 1.5x, https:\/\/i0.wp.com\/webdelmaestrocmf.com\/portal\/wp-content\/uploads\/2019\/08\/1QfER-1.jpg?resize=700%2C400&ssl=1 2x, https:\/\/i0.wp.com\/webdelmaestrocmf.com\/portal\/wp-content\/uploads\/2019\/08\/1QfER-1.jpg?resize=1050%2C600&ssl=1 3x"},"classes":[]},{"id":85728,"url":"https:\/\/webdelmaestrocmf.com\/portal\/la-simplificacion-del-lenguaje-por-que-baja-el-coeficiente-intelectual\/","url_meta":{"origin":79450,"position":2},"title":"La simplificaci\u00f3n del lenguaje \u00bfPor qu\u00e9 baja el cociente intelectual?","author":"Web del Maestro CMF","date":"15 marzo, 2023","format":false,"excerpt":"Diversos estudios realizados en Dinamarca, Reino Unido, Francia, Holanda o Finlandia encontraron en los \u00faltimos a\u00f1os que los puntajes de cociente de inteligencia (IQ, por sus siglas en ingl\u00e9s) en las poblaciones analizadas hab\u00edan disminuido considerablemente en comparaci\u00f3n con generaciones anteriores. Un reciente estudio realizado por el Centro de Investigaci\u00f3n\u2026","rel":"","context":"En \u00abNoticias\u00bb","block_context":{"text":"Noticias","link":"https:\/\/webdelmaestrocmf.com\/portal\/category\/pedagogia\/noticias-pedagogia\/"},"img":{"alt_text":"","src":"https:\/\/i0.wp.com\/webdelmaestrocmf.com\/portal\/wp-content\/uploads\/2023\/03\/A12B3C4D-10.jpg?resize=350%2C200&ssl=1","width":350,"height":200,"srcset":"https:\/\/i0.wp.com\/webdelmaestrocmf.com\/portal\/wp-content\/uploads\/2023\/03\/A12B3C4D-10.jpg?resize=350%2C200&ssl=1 1x, https:\/\/i0.wp.com\/webdelmaestrocmf.com\/portal\/wp-content\/uploads\/2023\/03\/A12B3C4D-10.jpg?resize=525%2C300&ssl=1 1.5x, https:\/\/i0.wp.com\/webdelmaestrocmf.com\/portal\/wp-content\/uploads\/2023\/03\/A12B3C4D-10.jpg?resize=700%2C400&ssl=1 2x"},"classes":[]},{"id":24986,"url":"https:\/\/webdelmaestrocmf.com\/portal\/los-test-que-miden-el-coeficiente-intelectual-no-sirven\/","url_meta":{"origin":79450,"position":3},"title":"Howard Gardner: Los test que miden el coeficiente intelectual, no sirven","author":"Web del Maestro CMF","date":"8 febrero, 2022","format":false,"excerpt":"La interpretaci\u00f3n de los test de inteligencia ha cambiado mucho en las \u00faltimas d\u00e9cadas. Frente a la tradicional clasificaci\u00f3n de las personas seg\u00fan sus resultados, actualmente los psic\u00f3logos conciben la inteligencia como algo global, a lo que denominan inteligencias m\u00faltiples; una persona no es una cifra. El WISC y el\u2026","rel":"","context":"En \u00abEntrevistas\u00bb","block_context":{"text":"Entrevistas","link":"https:\/\/webdelmaestrocmf.com\/portal\/category\/noticias\/entrevistas\/"},"img":{"alt_text":"","src":"https:\/\/i0.wp.com\/webdelmaestrocmf.com\/portal\/wp-content\/uploads\/2018\/01\/2-19.jpg?resize=350%2C200&ssl=1","width":350,"height":200,"srcset":"https:\/\/i0.wp.com\/webdelmaestrocmf.com\/portal\/wp-content\/uploads\/2018\/01\/2-19.jpg?resize=350%2C200&ssl=1 1x, https:\/\/i0.wp.com\/webdelmaestrocmf.com\/portal\/wp-content\/uploads\/2018\/01\/2-19.jpg?resize=525%2C300&ssl=1 1.5x, https:\/\/i0.wp.com\/webdelmaestrocmf.com\/portal\/wp-content\/uploads\/2018\/01\/2-19.jpg?resize=700%2C400&ssl=1 2x, https:\/\/i0.wp.com\/webdelmaestrocmf.com\/portal\/wp-content\/uploads\/2018\/01\/2-19.jpg?resize=1050%2C600&ssl=1 3x"},"classes":[]},{"id":40040,"url":"https:\/\/webdelmaestrocmf.com\/portal\/resumen-del-libro-la-practica-de-la-inteligencia-emocional-daniel-goleman\/","url_meta":{"origin":79450,"position":4},"title":"Resumen del libro \u00abLa pr\u00e1ctica de la inteligencia emocional\u00bb &#8211; Daniel Goleman","author":"Web del Maestro CMF","date":"6 septiembre, 2019","format":false,"excerpt":"Goleman\u00a0es uno de los psic\u00f3logos m\u00e1s famosos de los \u00faltimos a\u00f1os, debido al best-seller internacional de su libro:\u00a0Inteligencia Emocional (1995). A pesar de que el concepto de inteligencia emocional aparece en la literatura gracias a los psic\u00f3logos americanos Peter Salovey y John Mayer en el a\u00f1o 1990, fue Goleman quien,\u2026","rel":"","context":"En \u00abLibros\u00bb","block_context":{"text":"Libros","link":"https:\/\/webdelmaestrocmf.com\/portal\/category\/pedagogia\/libros\/"},"img":{"alt_text":"","src":"https:\/\/i0.wp.com\/webdelmaestrocmf.com\/portal\/wp-content\/uploads\/2019\/09\/1-17.jpg?resize=350%2C200&ssl=1","width":350,"height":200,"srcset":"https:\/\/i0.wp.com\/webdelmaestrocmf.com\/portal\/wp-content\/uploads\/2019\/09\/1-17.jpg?resize=350%2C200&ssl=1 1x, https:\/\/i0.wp.com\/webdelmaestrocmf.com\/portal\/wp-content\/uploads\/2019\/09\/1-17.jpg?resize=525%2C300&ssl=1 1.5x, https:\/\/i0.wp.com\/webdelmaestrocmf.com\/portal\/wp-content\/uploads\/2019\/09\/1-17.jpg?resize=700%2C400&ssl=1 2x, https:\/\/i0.wp.com\/webdelmaestrocmf.com\/portal\/wp-content\/uploads\/2019\/09\/1-17.jpg?resize=1050%2C600&ssl=1 3x"},"classes":[]},{"id":46776,"url":"https:\/\/webdelmaestrocmf.com\/portal\/jack-ma-la-mejor-manera-de-ayudar-a-los-ninos-es-ayudar-a-sus-maestros\/","url_meta":{"origin":79450,"position":5},"title":"Jack Ma: La mejor manera de ayudar a los ni\u00f1os es ayudar a sus maestros","author":"Web del Maestro CMF","date":"22 octubre, 2024","format":false,"excerpt":"La empresaria y periodista espa\u00f1ola Elena Cu\u00e9 (1972) \u200b entrevist\u00f3 para el diario ABC (Blogs) al profesor chino Jack Ma (1964), quien cre\u00f3 la empresa de tecnolog\u00eda m\u00e1s grande de China: Alibaba, ahora conocida como el \"Amazon de Oriente\". Ma opina que \u201cla mejor manera de ayudar a los ni\u00f1os\u2026","rel":"","context":"En \u00abEntrevistas\u00bb","block_context":{"text":"Entrevistas","link":"https:\/\/webdelmaestrocmf.com\/portal\/category\/noticias\/entrevistas\/"},"img":{"alt_text":"","src":"https:\/\/i0.wp.com\/webdelmaestrocmf.com\/portal\/wp-content\/uploads\/2020\/12\/Banner-1-portada-imagen-10-1-49.jpg?resize=350%2C200&ssl=1","width":350,"height":200,"srcset":"https:\/\/i0.wp.com\/webdelmaestrocmf.com\/portal\/wp-content\/uploads\/2020\/12\/Banner-1-portada-imagen-10-1-49.jpg?resize=350%2C200&ssl=1 1x, https:\/\/i0.wp.com\/webdelmaestrocmf.com\/portal\/wp-content\/uploads\/2020\/12\/Banner-1-portada-imagen-10-1-49.jpg?resize=525%2C300&ssl=1 1.5x, https:\/\/i0.wp.com\/webdelmaestrocmf.com\/portal\/wp-content\/uploads\/2020\/12\/Banner-1-portada-imagen-10-1-49.jpg?resize=700%2C400&ssl=1 2x"},"classes":[]}],"_links":{"self":[{"href":"https:\/\/webdelmaestrocmf.com\/portal\/wp-json\/wp\/v2\/posts\/79450","targetHints":{"allow":["GET"]}}],"collection":[{"href":"https:\/\/webdelmaestrocmf.com\/portal\/wp-json\/wp\/v2\/posts"}],"about":[{"href":"https:\/\/webdelmaestrocmf.com\/portal\/wp-json\/wp\/v2\/types\/post"}],"author":[{"embeddable":true,"href":"https:\/\/webdelmaestrocmf.com\/portal\/wp-json\/wp\/v2\/users\/1"}],"replies":[{"embeddable":true,"href":"https:\/\/webdelmaestrocmf.com\/portal\/wp-json\/wp\/v2\/comments?post=79450"}],"version-history":[{"count":0,"href":"https:\/\/webdelmaestrocmf.com\/portal\/wp-json\/wp\/v2\/posts\/79450\/revisions"}],"wp:featuredmedia":[{"embeddable":true,"href":"https:\/\/webdelmaestrocmf.com\/portal\/wp-json\/wp\/v2\/media\/79452"}],"wp:attachment":[{"href":"https:\/\/webdelmaestrocmf.com\/portal\/wp-json\/wp\/v2\/media?parent=79450"}],"wp:term":[{"taxonomy":"category","embeddable":true,"href":"https:\/\/webdelmaestrocmf.com\/portal\/wp-json\/wp\/v2\/categories?post=79450"},{"taxonomy":"post_tag","embeddable":true,"href":"https:\/\/webdelmaestrocmf.com\/portal\/wp-json\/wp\/v2\/tags?post=79450"}],"curies":[{"name":"wp","href":"https:\/\/api.w.org\/{rel}","templated":true}]}}