{"id":79070,"date":"2022-08-03T14:17:29","date_gmt":"2022-08-03T18:17:29","guid":{"rendered":"https:\/\/webdelmaestrocmf.com\/portal\/?p=79070"},"modified":"2022-08-03T14:17:29","modified_gmt":"2022-08-03T18:17:29","slug":"baul-del-docente-amor-a-la-patria-como-ensenarlo","status":"publish","type":"post","link":"https:\/\/webdelmaestrocmf.com\/portal\/baul-del-docente-amor-a-la-patria-como-ensenarlo\/","title":{"rendered":"[Ba\u00fal del docente] Amor a la patria: \u00bfC\u00f3mo ense\u00f1arlo?"},"content":{"rendered":"<h5 style=\"text-align: justify;\">Estimados docentes: Nada m\u00e1s conmovedor durante las fiestas patrias de cualquier pa\u00eds que ver a un conjunto de ni\u00f1os y ni\u00f1as, alumnos de colegio, entonando a voz en cuello el himno nacional, la canci\u00f3n que identifica a su naci\u00f3n. Este aprendizaje, inicialmente memor\u00edstico, es el comienzo de un camino hacia la consolidaci\u00f3n de uno de los valores fundamentales para la formaci\u00f3n integral de un ciudadano de bien: el amor a la patria.<\/h5>\n<p><!--more--><\/p>\n<h5 style=\"text-align: justify;\">AMOR POR LA PATRIA (09\u00b4 49\u201d)<\/h5>\n<p><iframe loading=\"lazy\" title=\"Amor por la patria - Francisca Lemme Plaghos - Clubes TED-Ed\" src=\"https:\/\/www.youtube.com\/embed\/JiCvZr0gNTQ\" width=\"100%\" height=\"400\" frameborder=\"0\" allowfullscreen=\"allowfullscreen\"><span data-mce-type=\"bookmark\" style=\"display: inline-block; width: 0px; overflow: hidden; line-height: 0;\" class=\"mce_SELRES_start\">\ufeff<\/span><\/iframe><\/p>\n<p style=\"text-align: justify;\">En estos tiempos de globalizaci\u00f3n y desaparici\u00f3n de fronteras, donde cientos de artistas influyentes -no hablo de superficiales \u201cinfluencers\u201d- han establecido el concepto de \u201cciudadano del mundo\u201d como parte de un individuo nuevo, de mente abierta que no se circunscribe a la pertenencia a un solo pa\u00eds, hablar de profundos amores a la patria suena anacr\u00f3nico, desfasado.<\/p>\n<p style=\"text-align: justify;\">Si un pol\u00edtico, por ejemplo, aparece en televisi\u00f3n diciendo que hasta en sue\u00f1os ve una patria libre y solidaria, que su pecho se hincha de emoci\u00f3n cuando piensa en su pa\u00eds y que dar\u00eda la vida por \u00e9l, lo que genera en el p\u00fablico es un alt\u00edsimo nivel de desconfianza. Salvo que sea alguien con formaci\u00f3n castrense o policial (y esto tampoco es garant\u00eda al 100%), el patriotismo parece haber desaparecido.<\/p>\n<p style=\"text-align: justify;\">Por eso es bueno preguntarnos qu\u00e9 buscamos cuando emprendemos la tarea de formar a las nuevas generaciones esta noci\u00f3n y sentimiento de \u201camor por la patria\u201d. \u00bfFormar futuros soldados o construir personas de bien que cuiden su ciudad, sus plazas y avenidas, que admiren a sus m\u00fasicos, artistas, que respeten y conozcan sus lugares emblem\u00e1ticos, que no crezcan pensando que volverse un pol\u00edtico, un empresario o una estrella de far\u00e1ndula sin escr\u00fapulos es v\u00e1lido para obtener riqueza o estatus social?<\/p>\n<p style=\"text-align: justify;\"><strong>LECTURA RECOMENDADA<\/strong><\/p>\n<ul>\n<li><a href=\"https:\/\/www.rosario-conicet.gov.ar\/noticias\/item\/1354-ensenanza-y-patriotismo-la-evolucion-en-las-aulas-de-la-mirada-sobre-san-martin-a-lo-largo-del-tiempo-el-valor-de-sumar-a-la-historia-patria-elementos-reflexivos\" target=\"_blank\" rel=\"noopener\">ENSE\u00d1ANZA Y PATRIOTISMO: LA EVOLUCI\u00d3N EN LAS AULAS<\/a><\/li>\n<li><a href=\"https:\/\/www.rosario-conicet.gov.ar\/noticias\/item\/1354-ensenanza-y-patriotismo-la-evolucion-en-las-aulas-de-la-mirada-sobre-san-martin-a-lo-largo-del-tiempo-el-valor-de-sumar-a-la-historia-patria-elementos-reflexivos\" target=\"_blank\" rel=\"noopener\">ROSARIO.GOV.AR<\/a><\/li>\n<\/ul>\n<h5 style=\"text-align: justify;\">EL DATO<\/h5>\n<ul style=\"text-align: justify;\">\n<li>Cada vez que llegan estas fechas de Fiestas Patrias, sobreviene un tema que a muchos nos lleva a la reflexi\u00f3n e incluso al debate: \u00bfC\u00f3mo se debe ense\u00f1ar a los ni\u00f1os y j\u00f3venes el amor a la Patria? \u00bfEs positivo infundir sentimientos patri\u00f3ticos en los alumnos? \u00bfEs posible darles esta ense\u00f1anza, a pesar de que hay carencias y dificultades que muchas veces nos limitan en la jornada diaria?<\/li>\n<li>Otro punto a resaltar es que nuestros alumnos deben aprender que el amor a la Patria se expresa en cada cosa que hacemos en nuestro d\u00eda a d\u00eda. Si somos honestos, si trabajamos con dedicaci\u00f3n desde el puesto que tengamos, si somos solidarios y cuidamos nuestro patrimonio, estamos amando al Per\u00fa incluso m\u00e1s que cuando lo decimos o lo evidenciamos con carteles, banderines o afiches que dicen Te Amo Per\u00fa en internet.<\/li>\n<li>Los maestros peruanos que amamos y hacemos respetar a nuestro pa\u00eds, lo hacemos con las armas m\u00e1s sublimes, que son la educaci\u00f3n y el progreso. Porque sabemos lo que significa querer al suelo que nos vio nacer somos comprensivos con las personas de otras nacionalidades, no alimentamos odios, ni incitamos a la violencia, ense\u00f1amos a nuestros ni\u00f1os a dejar en alto el nombre del Per\u00fa.<\/li>\n<\/ul>\n<h5 style=\"text-align: justify;\">FUENTE<\/h5>\n<ul>\n<li style=\"text-align: justify;\"><a href=\"https:\/\/blog.derrama.org.pe\/reflexiones-magisteriales-ensenar-amor-la-patria\/\" target=\"_blank\" rel=\"noopener\">\u00bfC\u00d3MO ENSE\u00d1AR PATRIOTISMO EN LA ESCUELA?<\/a><\/li>\n<li style=\"text-align: justify;\"><a href=\"https:\/\/blog.derrama.org.pe\/reflexiones-magisteriales-ensenar-amor-la-patria\/\" target=\"_blank\" rel=\"noopener\">BLOG DERRAMA MAGISTERIAL (PER\u00da)<\/a><\/li>\n<\/ul>\n<p style=\"text-align: justify;\"><strong>NOTA DE REDACCI\u00d3N<\/strong>: La Web del Maestro CMF publica los textos originales de su autor, no necesariamente coincide con lo expuesto en el tema, no se hace responsable de las opiniones expresadas, y no promociona ning\u00fan producto, servicio, marca o empresa. Sugerimos a nuestros lectores conocer la identidad de la fuente o de su autor o autores, para tener mayores elementos de juicio y la pertinencia a su realidad educativa.<\/p>\n<table class=\" alignleft\" border=\"0\" width=\"100%\" cellspacing=\"10\" cellpadding=\"10\">\n<tbody>\n<tr>\n<td style=\"text-align: center;\" width=\"30%\"><strong><img loading=\"lazy\" decoding=\"async\" class=\"size-full wp-image-62269 aligncenter\" src=\"https:\/\/webdelmaestrocmf.com\/portal\/wp-content\/uploads\/2021\/04\/1-136.jpg\" alt=\"\" width=\"200\" height=\"200\" srcset=\"https:\/\/webdelmaestrocmf.com\/portal\/wp-content\/uploads\/2021\/04\/1-136.jpg 200w, https:\/\/webdelmaestrocmf.com\/portal\/wp-content\/uploads\/2021\/04\/1-136-150x150.jpg 150w, https:\/\/webdelmaestrocmf.com\/portal\/wp-content\/uploads\/2021\/04\/1-136-80x80.jpg 80w, https:\/\/webdelmaestrocmf.com\/portal\/wp-content\/uploads\/2021\/04\/1-136-110x110.jpg 110w, https:\/\/webdelmaestrocmf.com\/portal\/wp-content\/uploads\/2021\/04\/1-136-160x160.jpg 160w\" sizes=\"auto, (max-width: 200px) 100vw, 200px\" \/><\/strong><br \/>\nEste art\u00edculo ha sido publicado en el blog Ba\u00fal del Docente, portal de recursos educativos de la Derrama Magisterial del Per\u00fa, y lo puede encontrar en este enlace: <a href=\"https:\/\/bauldocente.pe\/\" target=\"_blank\" rel=\"noopener\"><strong>BLOG BA\u00daL DEL DOCENTE<\/strong><\/a>.<br \/>\nY este es el enlace del Profesor <strong>Jorge Luis Tineo Rendon: <\/strong><a href=\"mailto:jtineo@derrama.org.pe\">jtineo@derrama.org.pe<\/a>.<strong><br \/>\n<\/strong><\/td>\n<\/tr>\n<\/tbody>\n<\/table>\n<p style=\"text-align: left;\">.<\/p>\n\t\t<div class=\"pk-inline-posts\">\n\t\t\t\n\t\t\t<div class=\"pk-inline-posts-container pk-inline-posts-template-list\"\n\t\t\t\tdata-columns=\"1\">\n\t\t\t\t\t\t<article id=\"post-31801\" class=\"post-31801 post type-post status-publish format-standard has-post-thumbnail category-inteligencias-multiples category-pedagogia tag-aula tag-estrategias-clave tag-guia-para-docentes tag-inteligencias tag-inteligencias-multiples tag-inteligencias-multiples-en-el-aula tag-multiples cs-entry cs-video-wrap\">\n\t\t\t<div class=\"pk-post-outer\">\n\n\t\t\t\t\t\t\t\t<div class=\"pk-post-inner\">\n\t\t\t\t\t<div class=\"entry-thumbnail\">\n\t\t\t\t\t\t<div class=\"pk-overlay pk-overlay-ratio pk-ratio-landscape\">\n\t\t\t\t\t\t\t<div class=\"pk-overlay-background\">\n\t\t\t\t\t\t\t\t<a href=\"https:\/\/webdelmaestrocmf.com\/portal\/guia-para-docentes-las-inteligencias-multiples-en-el-aula\/\" class=\"pk-overlay-link\">\n\t\t\t\t\t\t\t\t\t<img loading=\"lazy\" decoding=\"async\" width=\"300\" height=\"225\" src=\"https:\/\/webdelmaestrocmf.com\/portal\/wp-content\/uploads\/2020\/11\/Banner-1-portada-imagen-10-1-15-300x225.jpg\" class=\"attachment-pk-thumbnail size-pk-thumbnail wp-post-image\" alt=\"inteligencias m\u00faltiples\" \/>\t\t\t\t\t\t\t\t<\/a>\n\t\t\t\t\t\t\t<\/div>\n\t\t\t\t\t\t<\/div>\n\t\t\t\t\t<\/div>\n\t\t\t\t<\/div>\n\t\t\t\t\n\t\t\t\t<div class=\"pk-post-inner\">\n\t\t\t\t\t<header>\n\t\t\t\t\t\t<h3 class=\"pk-title\"><a href=\"https:\/\/webdelmaestrocmf.com\/portal\/guia-para-docentes-las-inteligencias-multiples-en-el-aula\/\" rel=\"bookmark\">Gu\u00eda para docentes sobre las inteligencias m\u00faltiples en el aula<\/a><\/h3>\t\t\t\t\t<\/header><!-- .entry-header -->\n\t\t\t\t<\/div><!-- .post-inner -->\n\n\t\t\t<\/div><!-- .post-outer -->\n\t\t<\/article>\n\t\t\t\t<\/div>\n\t\t<\/div>\n\t\t\n","protected":false},"excerpt":{"rendered":"Estimados docentes: Nada m\u00e1s conmovedor durante las fiestas patrias de cualquier pa\u00eds que ver a un conjunto de&hellip;","protected":false},"author":1,"featured_media":79072,"comment_status":"open","ping_status":"closed","sticky":false,"template":"","format":"standard","meta":{"csco_display_header_overlay":false,"csco_singular_sidebar":"default","csco_page_header_type":"default","csco_page_load_nextpost":"default","csco_post_video_location":[],"csco_post_video_location_hash":"","csco_post_video_url":"","csco_post_video_bg_start_time":0,"csco_post_video_bg_end_time":0,"csco_post_video_bg_volume":false,"_jetpack_memberships_contains_paid_content":false,"footnotes":""},"categories":[735,6829],"tags":[175,6867,14900,14899],"class_list":{"0":"post-79070","1":"post","2":"type-post","3":"status-publish","4":"format-standard","5":"has-post-thumbnail","7":"category-pedagogia","8":"category-z-colaboradores-baul-del-docente","9":"tag-amor","10":"tag-baul-del-docente","11":"tag-ensenarlo","12":"tag-patria","13":"cs-entry","14":"cs-video-wrap"},"yoast_head":"<!-- This site is optimized with the Yoast SEO plugin v27.5 - https:\/\/yoast.com\/product\/yoast-seo-wordpress\/ -->\n<title>[Ba\u00fal del docente] Amor a la patria: \u00bfC\u00f3mo ense\u00f1arlo? - 2026<\/title>\n<meta name=\"description\" content=\"Estimados docentes: Nada m\u00e1s conmovedor durante las fiestas patrias de cualquier pa\u00eds que ver a un conjunto de ni\u00f1os y ni\u00f1as...\" \/>\n<meta name=\"robots\" content=\"index, follow, max-snippet:-1, max-image-preview:large, max-video-preview:-1\" \/>\n<link rel=\"canonical\" href=\"https:\/\/webdelmaestrocmf.com\/portal\/baul-del-docente-amor-a-la-patria-como-ensenarlo\/\" \/>\n<meta property=\"og:locale\" content=\"es_ES\" \/>\n<meta property=\"og:type\" content=\"article\" \/>\n<meta property=\"og:title\" content=\"[Ba\u00fal del docente] Amor a la patria: \u00bfC\u00f3mo ense\u00f1arlo? - 2026\" \/>\n<meta property=\"og:description\" content=\"Estimados docentes: Nada m\u00e1s conmovedor durante las fiestas patrias de cualquier pa\u00eds que ver a un conjunto de ni\u00f1os y ni\u00f1as...\" \/>\n<meta property=\"og:url\" content=\"https:\/\/webdelmaestrocmf.com\/portal\/baul-del-docente-amor-a-la-patria-como-ensenarlo\/\" \/>\n<meta property=\"og:site_name\" content=\"Web del Maestro CMF\" \/>\n<meta property=\"article:publisher\" content=\"https:\/\/www.facebook.com\/WebdelMaestroCMF\/\" \/>\n<meta property=\"article:author\" content=\"https:\/\/www.facebook.com\/WebdelMaestroCMF\/\" \/>\n<meta property=\"article:published_time\" content=\"2022-08-03T18:17:29+00:00\" \/>\n<meta property=\"og:image\" content=\"https:\/\/i0.wp.com\/webdelmaestrocmf.com\/portal\/wp-content\/uploads\/2022\/08\/1-9.jpg?fit=900%2C556&ssl=1\" \/>\n\t<meta property=\"og:image:width\" content=\"900\" \/>\n\t<meta property=\"og:image:height\" content=\"556\" \/>\n\t<meta property=\"og:image:type\" content=\"image\/jpeg\" \/>\n<meta name=\"author\" content=\"Web del Maestro CMF\" \/>\n<meta name=\"twitter:card\" content=\"summary_large_image\" \/>\n<meta name=\"twitter:creator\" content=\"@cmf_w\" \/>\n<meta name=\"twitter:site\" content=\"@cmf_w\" \/>\n<script type=\"application\/ld+json\" class=\"yoast-schema-graph\">{\"@context\":\"https:\\\/\\\/schema.org\",\"@graph\":[{\"@type\":\"ScholarlyArticle\",\"@id\":\"https:\\\/\\\/webdelmaestrocmf.com\\\/portal\\\/baul-del-docente-amor-a-la-patria-como-ensenarlo\\\/#article\",\"isPartOf\":{\"@id\":\"https:\\\/\\\/webdelmaestrocmf.com\\\/portal\\\/baul-del-docente-amor-a-la-patria-como-ensenarlo\\\/\"},\"author\":{\"name\":\"Web del Maestro CMF\",\"@id\":\"https:\\\/\\\/webdelmaestrocmf.com\\\/portal\\\/#\\\/schema\\\/person\\\/1072a2ed7bd960df8ef99a551fa35dc5\"},\"headline\":\"[Ba\u00fal del docente] Amor a la patria: \u00bfC\u00f3mo ense\u00f1arlo?\",\"datePublished\":\"2022-08-03T18:17:29+00:00\",\"mainEntityOfPage\":{\"@id\":\"https:\\\/\\\/webdelmaestrocmf.com\\\/portal\\\/baul-del-docente-amor-a-la-patria-como-ensenarlo\\\/\"},\"wordCount\":701,\"commentCount\":0,\"publisher\":{\"@id\":\"https:\\\/\\\/webdelmaestrocmf.com\\\/portal\\\/#organization\"},\"image\":{\"@id\":\"https:\\\/\\\/webdelmaestrocmf.com\\\/portal\\\/baul-del-docente-amor-a-la-patria-como-ensenarlo\\\/#primaryimage\"},\"thumbnailUrl\":\"https:\\\/\\\/webdelmaestrocmf.com\\\/portal\\\/wp-content\\\/uploads\\\/2022\\\/08\\\/1-9.jpg\",\"keywords\":[\"Amor\",\"Ba\u00fal del Docente\",\"ense\u00f1arlo\",\"patria\"],\"articleSection\":[\"Recursos\",\"Z-Colaboradores-Ba\u00fal-del-Docente\"],\"inLanguage\":\"es\",\"potentialAction\":[{\"@type\":\"CommentAction\",\"name\":\"Comment\",\"target\":[\"https:\\\/\\\/webdelmaestrocmf.com\\\/portal\\\/baul-del-docente-amor-a-la-patria-como-ensenarlo\\\/#respond\"]}]},{\"@type\":\"WebPage\",\"@id\":\"https:\\\/\\\/webdelmaestrocmf.com\\\/portal\\\/baul-del-docente-amor-a-la-patria-como-ensenarlo\\\/\",\"url\":\"https:\\\/\\\/webdelmaestrocmf.com\\\/portal\\\/baul-del-docente-amor-a-la-patria-como-ensenarlo\\\/\",\"name\":\"[Ba\u00fal del docente] Amor a la patria: \u00bfC\u00f3mo ense\u00f1arlo? - 2026\",\"isPartOf\":{\"@id\":\"https:\\\/\\\/webdelmaestrocmf.com\\\/portal\\\/#website\"},\"primaryImageOfPage\":{\"@id\":\"https:\\\/\\\/webdelmaestrocmf.com\\\/portal\\\/baul-del-docente-amor-a-la-patria-como-ensenarlo\\\/#primaryimage\"},\"image\":{\"@id\":\"https:\\\/\\\/webdelmaestrocmf.com\\\/portal\\\/baul-del-docente-amor-a-la-patria-como-ensenarlo\\\/#primaryimage\"},\"thumbnailUrl\":\"https:\\\/\\\/webdelmaestrocmf.com\\\/portal\\\/wp-content\\\/uploads\\\/2022\\\/08\\\/1-9.jpg\",\"datePublished\":\"2022-08-03T18:17:29+00:00\",\"description\":\"Estimados docentes: Nada m\u00e1s conmovedor durante las fiestas patrias de cualquier pa\u00eds que ver a un conjunto de ni\u00f1os y ni\u00f1as...\",\"breadcrumb\":{\"@id\":\"https:\\\/\\\/webdelmaestrocmf.com\\\/portal\\\/baul-del-docente-amor-a-la-patria-como-ensenarlo\\\/#breadcrumb\"},\"inLanguage\":\"es\",\"potentialAction\":[{\"@type\":\"ReadAction\",\"target\":[\"https:\\\/\\\/webdelmaestrocmf.com\\\/portal\\\/baul-del-docente-amor-a-la-patria-como-ensenarlo\\\/\"]}]},{\"@type\":\"ImageObject\",\"inLanguage\":\"es\",\"@id\":\"https:\\\/\\\/webdelmaestrocmf.com\\\/portal\\\/baul-del-docente-amor-a-la-patria-como-ensenarlo\\\/#primaryimage\",\"url\":\"https:\\\/\\\/webdelmaestrocmf.com\\\/portal\\\/wp-content\\\/uploads\\\/2022\\\/08\\\/1-9.jpg\",\"contentUrl\":\"https:\\\/\\\/webdelmaestrocmf.com\\\/portal\\\/wp-content\\\/uploads\\\/2022\\\/08\\\/1-9.jpg\",\"width\":900,\"height\":556},{\"@type\":\"BreadcrumbList\",\"@id\":\"https:\\\/\\\/webdelmaestrocmf.com\\\/portal\\\/baul-del-docente-amor-a-la-patria-como-ensenarlo\\\/#breadcrumb\",\"itemListElement\":[{\"@type\":\"ListItem\",\"position\":1,\"name\":\"Portada\",\"item\":\"https:\\\/\\\/webdelmaestrocmf.com\\\/portal\\\/\"},{\"@type\":\"ListItem\",\"position\":2,\"name\":\"Recursos\",\"item\":\"https:\\\/\\\/webdelmaestrocmf.com\\\/portal\\\/category\\\/pedagogia\\\/\"},{\"@type\":\"ListItem\",\"position\":3,\"name\":\"[Ba\u00fal del docente] Amor a la patria: \u00bfC\u00f3mo ense\u00f1arlo?\"}]},{\"@type\":\"WebSite\",\"@id\":\"https:\\\/\\\/webdelmaestrocmf.com\\\/portal\\\/#website\",\"url\":\"https:\\\/\\\/webdelmaestrocmf.com\\\/portal\\\/\",\"name\":\"Web del Maestro CMF\",\"description\":\"Maestros al servicio de la educaci\u00f3n\",\"publisher\":{\"@id\":\"https:\\\/\\\/webdelmaestrocmf.com\\\/portal\\\/#organization\"},\"alternateName\":\"WMCMF\",\"potentialAction\":[{\"@type\":\"SearchAction\",\"target\":{\"@type\":\"EntryPoint\",\"urlTemplate\":\"https:\\\/\\\/webdelmaestrocmf.com\\\/portal\\\/?s={search_term_string}\"},\"query-input\":{\"@type\":\"PropertyValueSpecification\",\"valueRequired\":true,\"valueName\":\"search_term_string\"}}],\"inLanguage\":\"es\"},{\"@type\":\"Organization\",\"@id\":\"https:\\\/\\\/webdelmaestrocmf.com\\\/portal\\\/#organization\",\"name\":\"Web del Maestro CMF\",\"alternateName\":\"WMCMF\",\"url\":\"https:\\\/\\\/webdelmaestrocmf.com\\\/portal\\\/\",\"logo\":{\"@type\":\"ImageObject\",\"inLanguage\":\"es\",\"@id\":\"https:\\\/\\\/webdelmaestrocmf.com\\\/portal\\\/#\\\/schema\\\/logo\\\/image\\\/\",\"url\":\"https:\\\/\\\/webdelmaestrocmf.com\\\/portal\\\/wp-content\\\/uploads\\\/2023\\\/01\\\/logo-wmcmf-2.png\",\"contentUrl\":\"https:\\\/\\\/webdelmaestrocmf.com\\\/portal\\\/wp-content\\\/uploads\\\/2023\\\/01\\\/logo-wmcmf-2.png\",\"width\":200,\"height\":60,\"caption\":\"Web del Maestro CMF\"},\"image\":{\"@id\":\"https:\\\/\\\/webdelmaestrocmf.com\\\/portal\\\/#\\\/schema\\\/logo\\\/image\\\/\"},\"sameAs\":[\"https:\\\/\\\/www.facebook.com\\\/WebdelMaestroCMF\\\/\",\"https:\\\/\\\/x.com\\\/cmf_w\",\"https:\\\/\\\/www.pinterest.com\\\/WMCMF\\\/\",\"https:\\\/\\\/www.linkedin.com\\\/company\\\/web-del-maestro-cmf\\\/\",\"https:\\\/\\\/www.instagram.com\\\/wmcmf\\\/\",\"https:\\\/\\\/www.youtube.com\\\/channel\\\/UCDPSvjbdodE5sHnC3OxutHw\",\"https:\\\/\\\/mastodon.social\\\/@wmcmf\",\"https:\\\/\\\/www.tiktok.com\\\/@webdelmaestrocmf\"]},{\"@type\":\"Person\",\"@id\":\"https:\\\/\\\/webdelmaestrocmf.com\\\/portal\\\/#\\\/schema\\\/person\\\/1072a2ed7bd960df8ef99a551fa35dc5\",\"name\":\"Web del Maestro CMF\",\"image\":{\"@type\":\"ImageObject\",\"inLanguage\":\"es\",\"@id\":\"https:\\\/\\\/secure.gravatar.com\\\/avatar\\\/23291dd5b5ae1077dcff3dbb04c3e02bd28403fa75af6d8787d5e97c5bbbe30b?s=96&d=mm&r=g\",\"url\":\"https:\\\/\\\/secure.gravatar.com\\\/avatar\\\/23291dd5b5ae1077dcff3dbb04c3e02bd28403fa75af6d8787d5e97c5bbbe30b?s=96&d=mm&r=g\",\"contentUrl\":\"https:\\\/\\\/secure.gravatar.com\\\/avatar\\\/23291dd5b5ae1077dcff3dbb04c3e02bd28403fa75af6d8787d5e97c5bbbe30b?s=96&d=mm&r=g\",\"caption\":\"Web del Maestro CMF\"},\"description\":\"Esta Web se cre\u00f3 sin fines de lucro, con fines educativos, cient\u00edficos y acad\u00e9micos, para personas que tengan dificultades y\\\/o inconvenientes en visualizar el material original. El objetivo es entregar recursos, compartir experiencias y materiales que ayuden a los padres de familia, maestros y estudiantes en su actualizaci\u00f3n y formaci\u00f3n permanente, en bien de la Educaci\u00f3n.\",\"sameAs\":[\"http:\\\/\\\/webdelmaestrocmf.com\\\/portal\",\"https:\\\/\\\/www.facebook.com\\\/WebdelMaestroCMF\\\/\",\"https:\\\/\\\/www.instagram.com\\\/wmcmf\\\/\",\"https:\\\/\\\/cl.linkedin.com\\\/company\\\/web-del-maestro-cmf\",\"https:\\\/\\\/www.pinterest.com\\\/WMCMF\\\/publicaciones\\\/\",\"https:\\\/\\\/x.com\\\/cmf_w\",\"https:\\\/\\\/www.youtube.com\\\/@WMCMF\"]}]}<\/script>\n<!-- \/ Yoast SEO plugin. -->","yoast_head_json":{"title":"[Ba\u00fal del docente] Amor a la patria: \u00bfC\u00f3mo ense\u00f1arlo? - 2026","description":"Estimados docentes: Nada m\u00e1s conmovedor durante las fiestas patrias de cualquier pa\u00eds que ver a un conjunto de ni\u00f1os y ni\u00f1as...","robots":{"index":"index","follow":"follow","max-snippet":"max-snippet:-1","max-image-preview":"max-image-preview:large","max-video-preview":"max-video-preview:-1"},"canonical":"https:\/\/webdelmaestrocmf.com\/portal\/baul-del-docente-amor-a-la-patria-como-ensenarlo\/","og_locale":"es_ES","og_type":"article","og_title":"[Ba\u00fal del docente] Amor a la patria: \u00bfC\u00f3mo ense\u00f1arlo? - 2026","og_description":"Estimados docentes: Nada m\u00e1s conmovedor durante las fiestas patrias de cualquier pa\u00eds que ver a un conjunto de ni\u00f1os y ni\u00f1as...","og_url":"https:\/\/webdelmaestrocmf.com\/portal\/baul-del-docente-amor-a-la-patria-como-ensenarlo\/","og_site_name":"Web del Maestro CMF","article_publisher":"https:\/\/www.facebook.com\/WebdelMaestroCMF\/","article_author":"https:\/\/www.facebook.com\/WebdelMaestroCMF\/","article_published_time":"2022-08-03T18:17:29+00:00","og_image":[{"width":900,"height":556,"url":"https:\/\/i0.wp.com\/webdelmaestrocmf.com\/portal\/wp-content\/uploads\/2022\/08\/1-9.jpg?fit=900%2C556&ssl=1","type":"image\/jpeg"}],"author":"Web del Maestro CMF","twitter_card":"summary_large_image","twitter_creator":"@cmf_w","twitter_site":"@cmf_w","schema":{"@context":"https:\/\/schema.org","@graph":[{"@type":"ScholarlyArticle","@id":"https:\/\/webdelmaestrocmf.com\/portal\/baul-del-docente-amor-a-la-patria-como-ensenarlo\/#article","isPartOf":{"@id":"https:\/\/webdelmaestrocmf.com\/portal\/baul-del-docente-amor-a-la-patria-como-ensenarlo\/"},"author":{"name":"Web del Maestro CMF","@id":"https:\/\/webdelmaestrocmf.com\/portal\/#\/schema\/person\/1072a2ed7bd960df8ef99a551fa35dc5"},"headline":"[Ba\u00fal del docente] Amor a la patria: \u00bfC\u00f3mo ense\u00f1arlo?","datePublished":"2022-08-03T18:17:29+00:00","mainEntityOfPage":{"@id":"https:\/\/webdelmaestrocmf.com\/portal\/baul-del-docente-amor-a-la-patria-como-ensenarlo\/"},"wordCount":701,"commentCount":0,"publisher":{"@id":"https:\/\/webdelmaestrocmf.com\/portal\/#organization"},"image":{"@id":"https:\/\/webdelmaestrocmf.com\/portal\/baul-del-docente-amor-a-la-patria-como-ensenarlo\/#primaryimage"},"thumbnailUrl":"https:\/\/webdelmaestrocmf.com\/portal\/wp-content\/uploads\/2022\/08\/1-9.jpg","keywords":["Amor","Ba\u00fal del Docente","ense\u00f1arlo","patria"],"articleSection":["Recursos","Z-Colaboradores-Ba\u00fal-del-Docente"],"inLanguage":"es","potentialAction":[{"@type":"CommentAction","name":"Comment","target":["https:\/\/webdelmaestrocmf.com\/portal\/baul-del-docente-amor-a-la-patria-como-ensenarlo\/#respond"]}]},{"@type":"WebPage","@id":"https:\/\/webdelmaestrocmf.com\/portal\/baul-del-docente-amor-a-la-patria-como-ensenarlo\/","url":"https:\/\/webdelmaestrocmf.com\/portal\/baul-del-docente-amor-a-la-patria-como-ensenarlo\/","name":"[Ba\u00fal del docente] Amor a la patria: \u00bfC\u00f3mo ense\u00f1arlo? - 2026","isPartOf":{"@id":"https:\/\/webdelmaestrocmf.com\/portal\/#website"},"primaryImageOfPage":{"@id":"https:\/\/webdelmaestrocmf.com\/portal\/baul-del-docente-amor-a-la-patria-como-ensenarlo\/#primaryimage"},"image":{"@id":"https:\/\/webdelmaestrocmf.com\/portal\/baul-del-docente-amor-a-la-patria-como-ensenarlo\/#primaryimage"},"thumbnailUrl":"https:\/\/webdelmaestrocmf.com\/portal\/wp-content\/uploads\/2022\/08\/1-9.jpg","datePublished":"2022-08-03T18:17:29+00:00","description":"Estimados docentes: Nada m\u00e1s conmovedor durante las fiestas patrias de cualquier pa\u00eds que ver a un conjunto de ni\u00f1os y ni\u00f1as...","breadcrumb":{"@id":"https:\/\/webdelmaestrocmf.com\/portal\/baul-del-docente-amor-a-la-patria-como-ensenarlo\/#breadcrumb"},"inLanguage":"es","potentialAction":[{"@type":"ReadAction","target":["https:\/\/webdelmaestrocmf.com\/portal\/baul-del-docente-amor-a-la-patria-como-ensenarlo\/"]}]},{"@type":"ImageObject","inLanguage":"es","@id":"https:\/\/webdelmaestrocmf.com\/portal\/baul-del-docente-amor-a-la-patria-como-ensenarlo\/#primaryimage","url":"https:\/\/webdelmaestrocmf.com\/portal\/wp-content\/uploads\/2022\/08\/1-9.jpg","contentUrl":"https:\/\/webdelmaestrocmf.com\/portal\/wp-content\/uploads\/2022\/08\/1-9.jpg","width":900,"height":556},{"@type":"BreadcrumbList","@id":"https:\/\/webdelmaestrocmf.com\/portal\/baul-del-docente-amor-a-la-patria-como-ensenarlo\/#breadcrumb","itemListElement":[{"@type":"ListItem","position":1,"name":"Portada","item":"https:\/\/webdelmaestrocmf.com\/portal\/"},{"@type":"ListItem","position":2,"name":"Recursos","item":"https:\/\/webdelmaestrocmf.com\/portal\/category\/pedagogia\/"},{"@type":"ListItem","position":3,"name":"[Ba\u00fal del docente] Amor a la patria: \u00bfC\u00f3mo ense\u00f1arlo?"}]},{"@type":"WebSite","@id":"https:\/\/webdelmaestrocmf.com\/portal\/#website","url":"https:\/\/webdelmaestrocmf.com\/portal\/","name":"Web del Maestro CMF","description":"Maestros al servicio de la educaci\u00f3n","publisher":{"@id":"https:\/\/webdelmaestrocmf.com\/portal\/#organization"},"alternateName":"WMCMF","potentialAction":[{"@type":"SearchAction","target":{"@type":"EntryPoint","urlTemplate":"https:\/\/webdelmaestrocmf.com\/portal\/?s={search_term_string}"},"query-input":{"@type":"PropertyValueSpecification","valueRequired":true,"valueName":"search_term_string"}}],"inLanguage":"es"},{"@type":"Organization","@id":"https:\/\/webdelmaestrocmf.com\/portal\/#organization","name":"Web del Maestro CMF","alternateName":"WMCMF","url":"https:\/\/webdelmaestrocmf.com\/portal\/","logo":{"@type":"ImageObject","inLanguage":"es","@id":"https:\/\/webdelmaestrocmf.com\/portal\/#\/schema\/logo\/image\/","url":"https:\/\/webdelmaestrocmf.com\/portal\/wp-content\/uploads\/2023\/01\/logo-wmcmf-2.png","contentUrl":"https:\/\/webdelmaestrocmf.com\/portal\/wp-content\/uploads\/2023\/01\/logo-wmcmf-2.png","width":200,"height":60,"caption":"Web del Maestro CMF"},"image":{"@id":"https:\/\/webdelmaestrocmf.com\/portal\/#\/schema\/logo\/image\/"},"sameAs":["https:\/\/www.facebook.com\/WebdelMaestroCMF\/","https:\/\/x.com\/cmf_w","https:\/\/www.pinterest.com\/WMCMF\/","https:\/\/www.linkedin.com\/company\/web-del-maestro-cmf\/","https:\/\/www.instagram.com\/wmcmf\/","https:\/\/www.youtube.com\/channel\/UCDPSvjbdodE5sHnC3OxutHw","https:\/\/mastodon.social\/@wmcmf","https:\/\/www.tiktok.com\/@webdelmaestrocmf"]},{"@type":"Person","@id":"https:\/\/webdelmaestrocmf.com\/portal\/#\/schema\/person\/1072a2ed7bd960df8ef99a551fa35dc5","name":"Web del Maestro CMF","image":{"@type":"ImageObject","inLanguage":"es","@id":"https:\/\/secure.gravatar.com\/avatar\/23291dd5b5ae1077dcff3dbb04c3e02bd28403fa75af6d8787d5e97c5bbbe30b?s=96&d=mm&r=g","url":"https:\/\/secure.gravatar.com\/avatar\/23291dd5b5ae1077dcff3dbb04c3e02bd28403fa75af6d8787d5e97c5bbbe30b?s=96&d=mm&r=g","contentUrl":"https:\/\/secure.gravatar.com\/avatar\/23291dd5b5ae1077dcff3dbb04c3e02bd28403fa75af6d8787d5e97c5bbbe30b?s=96&d=mm&r=g","caption":"Web del Maestro CMF"},"description":"Esta Web se cre\u00f3 sin fines de lucro, con fines educativos, cient\u00edficos y acad\u00e9micos, para personas que tengan dificultades y\/o inconvenientes en visualizar el material original. El objetivo es entregar recursos, compartir experiencias y materiales que ayuden a los padres de familia, maestros y estudiantes en su actualizaci\u00f3n y formaci\u00f3n permanente, en bien de la Educaci\u00f3n.","sameAs":["http:\/\/webdelmaestrocmf.com\/portal","https:\/\/www.facebook.com\/WebdelMaestroCMF\/","https:\/\/www.instagram.com\/wmcmf\/","https:\/\/cl.linkedin.com\/company\/web-del-maestro-cmf","https:\/\/www.pinterest.com\/WMCMF\/publicaciones\/","https:\/\/x.com\/cmf_w","https:\/\/www.youtube.com\/@WMCMF"]}]}},"jetpack_featured_media_url":"https:\/\/webdelmaestrocmf.com\/portal\/wp-content\/uploads\/2022\/08\/1-9.jpg","jetpack_sharing_enabled":true,"jetpack-related-posts":[{"id":64247,"url":"https:\/\/webdelmaestrocmf.com\/portal\/baul-del-docente-educacion-civica-la-necesitamos\/","url_meta":{"origin":79070,"position":0},"title":"[Ba\u00fal del Docente] Educaci\u00f3n C\u00edvica: \u00bfLa necesitamos?","author":"Web del Maestro CMF","date":"22 junio, 2021","format":false,"excerpt":"Estimados docentes: La respuesta definitiva es S\u00cd. La Educaci\u00f3n C\u00edvica \u2013que puede denominarse tambi\u00e9n educaci\u00f3n ciudadana, \u00e9tica, moral o una combinaci\u00f3n de todas- es una de las materias inherentes al concepto de educaci\u00f3n para la vida, tan vigente en nuestras \u00e9pocas. Hablar de aprender a aprender, o del aprendizaje continuo\u2026","rel":"","context":"En \u00abZ-Colaboradores\u00bb","block_context":{"text":"Z-Colaboradores","link":"https:\/\/webdelmaestrocmf.com\/portal\/category\/colaborador\/"},"img":{"alt_text":"","src":"https:\/\/i0.wp.com\/webdelmaestrocmf.com\/portal\/wp-content\/uploads\/2021\/06\/1-copia-25.jpg?resize=350%2C200&ssl=1","width":350,"height":200,"srcset":"https:\/\/i0.wp.com\/webdelmaestrocmf.com\/portal\/wp-content\/uploads\/2021\/06\/1-copia-25.jpg?resize=350%2C200&ssl=1 1x, https:\/\/i0.wp.com\/webdelmaestrocmf.com\/portal\/wp-content\/uploads\/2021\/06\/1-copia-25.jpg?resize=525%2C300&ssl=1 1.5x, https:\/\/i0.wp.com\/webdelmaestrocmf.com\/portal\/wp-content\/uploads\/2021\/06\/1-copia-25.jpg?resize=700%2C400&ssl=1 2x, https:\/\/i0.wp.com\/webdelmaestrocmf.com\/portal\/wp-content\/uploads\/2021\/06\/1-copia-25.jpg?resize=1050%2C600&ssl=1 3x"},"classes":[]},{"id":65946,"url":"https:\/\/webdelmaestrocmf.com\/portal\/baul-del-docente-bicentenario-del-peru-mas-alla-de-las-fechas\/","url_meta":{"origin":79070,"position":1},"title":"[Ba\u00fal del Docente] Bicentenario del Per\u00fa: M\u00e1s all\u00e1 de las fechas","author":"Web del Maestro CMF","date":"30 julio, 2021","format":false,"excerpt":"Estimados docentes: El paso 28 de julio, el Per\u00fa celebr\u00f3 el Bicentenario de su independencia de Espa\u00f1a, producida en 1821. EsTe mismo a\u00f1o, siete pa\u00edses centroamericanos y uno europeo, tambi\u00e9n celebran sus primeros 200 a\u00f1os de vida republicana: Rep\u00fablica Dominicana (27 de febrero), Costa Rica, El Salvador, Guatemala, Nicaragua, Honduras\u2026","rel":"","context":"En \u00abZ-Colaboradores\u00bb","block_context":{"text":"Z-Colaboradores","link":"https:\/\/webdelmaestrocmf.com\/portal\/category\/colaborador\/"},"img":{"alt_text":"","src":"https:\/\/i0.wp.com\/webdelmaestrocmf.com\/portal\/wp-content\/uploads\/2021\/07\/1-194.jpg?resize=350%2C200&ssl=1","width":350,"height":200,"srcset":"https:\/\/i0.wp.com\/webdelmaestrocmf.com\/portal\/wp-content\/uploads\/2021\/07\/1-194.jpg?resize=350%2C200&ssl=1 1x, https:\/\/i0.wp.com\/webdelmaestrocmf.com\/portal\/wp-content\/uploads\/2021\/07\/1-194.jpg?resize=525%2C300&ssl=1 1.5x, https:\/\/i0.wp.com\/webdelmaestrocmf.com\/portal\/wp-content\/uploads\/2021\/07\/1-194.jpg?resize=700%2C400&ssl=1 2x, https:\/\/i0.wp.com\/webdelmaestrocmf.com\/portal\/wp-content\/uploads\/2021\/07\/1-194.jpg?resize=1050%2C600&ssl=1 3x"},"classes":[]},{"id":104289,"url":"https:\/\/webdelmaestrocmf.com\/portal\/baul-del-docente-el-amor-en-tiempos-de-internet-y-redes\/","url_meta":{"origin":79070,"position":2},"title":"[Ba\u00fal del Docente] El amor en tiempos de internet y redes","author":"Web del Maestro CMF","date":"25 febrero, 2024","format":false,"excerpt":"Estimados docentes: Uno de los aspectos m\u00e1s delicados y trascendentales, para los docentes de Secundaria -e inclusive, en las \u00faltimas d\u00e9cadas, en el nivel Primaria tambi\u00e9n con mucha m\u00e1s fuerza que antes- es aprender a lidiar con las penas amorosas de sus alumnos. Ya sea que est\u00e9n trabajando en instituciones\u2026","rel":"","context":"En \u00abZ-Colaboradores\u00bb","block_context":{"text":"Z-Colaboradores","link":"https:\/\/webdelmaestrocmf.com\/portal\/category\/colaborador\/"},"img":{"alt_text":"","src":"https:\/\/i0.wp.com\/webdelmaestrocmf.com\/portal\/wp-content\/uploads\/2024\/02\/Banner-1-portada-imagen-10-1-51.jpg?resize=350%2C200&ssl=1","width":350,"height":200,"srcset":"https:\/\/i0.wp.com\/webdelmaestrocmf.com\/portal\/wp-content\/uploads\/2024\/02\/Banner-1-portada-imagen-10-1-51.jpg?resize=350%2C200&ssl=1 1x, https:\/\/i0.wp.com\/webdelmaestrocmf.com\/portal\/wp-content\/uploads\/2024\/02\/Banner-1-portada-imagen-10-1-51.jpg?resize=525%2C300&ssl=1 1.5x, https:\/\/i0.wp.com\/webdelmaestrocmf.com\/portal\/wp-content\/uploads\/2024\/02\/Banner-1-portada-imagen-10-1-51.jpg?resize=700%2C400&ssl=1 2x"},"classes":[]},{"id":104286,"url":"https:\/\/webdelmaestrocmf.com\/portal\/baul-del-docente-aprendizajes-indispensables-el-amor-y-la-amistad\/","url_meta":{"origin":79070,"position":3},"title":"[Ba\u00fal del Docente] Aprendizajes indispensables: El amor y la amistad","author":"Web del Maestro CMF","date":"25 febrero, 2024","format":false,"excerpt":"Estimados docentes: Desde ni\u00f1os, estamos expuestos a relaciones sociales en grupo. En casa, con nuestros hermanos y hermanas, mayores y\/o menores, y los primos contempor\u00e1neos. Anta\u00f1o, cuando las familias viv\u00edan en barrios, frente a parques, en quintas o casas pertenecientes a urbanizaciones, tambi\u00e9n hab\u00eda una socializaci\u00f3n permanente (eso ya no\u2026","rel":"","context":"En \u00abZ-Colaboradores\u00bb","block_context":{"text":"Z-Colaboradores","link":"https:\/\/webdelmaestrocmf.com\/portal\/category\/colaborador\/"},"img":{"alt_text":"","src":"https:\/\/i0.wp.com\/webdelmaestrocmf.com\/portal\/wp-content\/uploads\/2024\/02\/Banner-1-portada-imagen-10-1-50.jpg?resize=350%2C200&ssl=1","width":350,"height":200,"srcset":"https:\/\/i0.wp.com\/webdelmaestrocmf.com\/portal\/wp-content\/uploads\/2024\/02\/Banner-1-portada-imagen-10-1-50.jpg?resize=350%2C200&ssl=1 1x, https:\/\/i0.wp.com\/webdelmaestrocmf.com\/portal\/wp-content\/uploads\/2024\/02\/Banner-1-portada-imagen-10-1-50.jpg?resize=525%2C300&ssl=1 1.5x, https:\/\/i0.wp.com\/webdelmaestrocmf.com\/portal\/wp-content\/uploads\/2024\/02\/Banner-1-portada-imagen-10-1-50.jpg?resize=700%2C400&ssl=1 2x"},"classes":[]},{"id":95653,"url":"https:\/\/webdelmaestrocmf.com\/portal\/baul-del-docente-simbolismos-de-la-primavera\/","url_meta":{"origin":79070,"position":4},"title":"[Ba\u00fal del Docente] Simbolismos de la primavera","author":"Web del Maestro CMF","date":"23 septiembre, 2023","format":false,"excerpt":"Estimados docentes: La primavera, con su renacimiento anual, es una estaci\u00f3n llena de simbolismo y oportunidades para estimular la mente de nuestros alumnos. M\u00e1s all\u00e1 del aumento de las temperaturas y las flores en flor, la primavera representa la esperanza, el crecimiento y la renovaci\u00f3n. Como maestros, tenemos la oportunidad\u2026","rel":"","context":"En \u00abZ-Colaboradores\u00bb","block_context":{"text":"Z-Colaboradores","link":"https:\/\/webdelmaestrocmf.com\/portal\/category\/colaborador\/"},"img":{"alt_text":"","src":"https:\/\/i0.wp.com\/webdelmaestrocmf.com\/portal\/wp-content\/uploads\/2023\/09\/A12B3C4D-10-3.jpg?resize=350%2C200&ssl=1","width":350,"height":200,"srcset":"https:\/\/i0.wp.com\/webdelmaestrocmf.com\/portal\/wp-content\/uploads\/2023\/09\/A12B3C4D-10-3.jpg?resize=350%2C200&ssl=1 1x, https:\/\/i0.wp.com\/webdelmaestrocmf.com\/portal\/wp-content\/uploads\/2023\/09\/A12B3C4D-10-3.jpg?resize=525%2C300&ssl=1 1.5x, https:\/\/i0.wp.com\/webdelmaestrocmf.com\/portal\/wp-content\/uploads\/2023\/09\/A12B3C4D-10-3.jpg?resize=700%2C400&ssl=1 2x"},"classes":[]},{"id":74550,"url":"https:\/\/webdelmaestrocmf.com\/portal\/baul-del-docente-educacion-financiera-importancia-del-ahorro\/","url_meta":{"origin":79070,"position":5},"title":"[Ba\u00fal del Docente] Educaci\u00f3n financiera: Importancia del ahorro","author":"Web del Maestro CMF","date":"21 febrero, 2022","format":false,"excerpt":"Estimados docentes: Nuestros pa\u00edses ven el ahorro como una cuesti\u00f3n de minor\u00edas, debido a que son pocas las poblaciones que no viven al d\u00eda, econ\u00f3micamente hablando, o incluso superando apenas la llamada \u201cl\u00ednea de la pobreza\u201d que suelen analizar las empresas dedicadas a estudiar la evoluci\u00f3n econ\u00f3mica y laboral de\u2026","rel":"","context":"En \u00abZ-Colaboradores\u00bb","block_context":{"text":"Z-Colaboradores","link":"https:\/\/webdelmaestrocmf.com\/portal\/category\/colaborador\/"},"img":{"alt_text":"","src":"https:\/\/i0.wp.com\/webdelmaestrocmf.com\/portal\/wp-content\/uploads\/2022\/02\/1acb-22.jpg?resize=350%2C200&ssl=1","width":350,"height":200,"srcset":"https:\/\/i0.wp.com\/webdelmaestrocmf.com\/portal\/wp-content\/uploads\/2022\/02\/1acb-22.jpg?resize=350%2C200&ssl=1 1x, https:\/\/i0.wp.com\/webdelmaestrocmf.com\/portal\/wp-content\/uploads\/2022\/02\/1acb-22.jpg?resize=525%2C300&ssl=1 1.5x, https:\/\/i0.wp.com\/webdelmaestrocmf.com\/portal\/wp-content\/uploads\/2022\/02\/1acb-22.jpg?resize=700%2C400&ssl=1 2x, https:\/\/i0.wp.com\/webdelmaestrocmf.com\/portal\/wp-content\/uploads\/2022\/02\/1acb-22.jpg?resize=1050%2C600&ssl=1 3x"},"classes":[]}],"_links":{"self":[{"href":"https:\/\/webdelmaestrocmf.com\/portal\/wp-json\/wp\/v2\/posts\/79070","targetHints":{"allow":["GET"]}}],"collection":[{"href":"https:\/\/webdelmaestrocmf.com\/portal\/wp-json\/wp\/v2\/posts"}],"about":[{"href":"https:\/\/webdelmaestrocmf.com\/portal\/wp-json\/wp\/v2\/types\/post"}],"author":[{"embeddable":true,"href":"https:\/\/webdelmaestrocmf.com\/portal\/wp-json\/wp\/v2\/users\/1"}],"replies":[{"embeddable":true,"href":"https:\/\/webdelmaestrocmf.com\/portal\/wp-json\/wp\/v2\/comments?post=79070"}],"version-history":[{"count":0,"href":"https:\/\/webdelmaestrocmf.com\/portal\/wp-json\/wp\/v2\/posts\/79070\/revisions"}],"wp:featuredmedia":[{"embeddable":true,"href":"https:\/\/webdelmaestrocmf.com\/portal\/wp-json\/wp\/v2\/media\/79072"}],"wp:attachment":[{"href":"https:\/\/webdelmaestrocmf.com\/portal\/wp-json\/wp\/v2\/media?parent=79070"}],"wp:term":[{"taxonomy":"category","embeddable":true,"href":"https:\/\/webdelmaestrocmf.com\/portal\/wp-json\/wp\/v2\/categories?post=79070"},{"taxonomy":"post_tag","embeddable":true,"href":"https:\/\/webdelmaestrocmf.com\/portal\/wp-json\/wp\/v2\/tags?post=79070"}],"curies":[{"name":"wp","href":"https:\/\/api.w.org\/{rel}","templated":true}]}}