{"id":78878,"date":"2022-07-26T20:05:53","date_gmt":"2022-07-27T00:05:53","guid":{"rendered":"https:\/\/webdelmaestrocmf.com\/portal\/?p=78878"},"modified":"2023-05-24T12:37:30","modified_gmt":"2023-05-24T16:37:30","slug":"cuando-los-maestros-ganen-mas-que-las-estrellas-del-futbol-iremos-hacia-un-mundo-mejor","status":"publish","type":"post","link":"https:\/\/webdelmaestrocmf.com\/portal\/cuando-los-maestros-ganen-mas-que-las-estrellas-del-futbol-iremos-hacia-un-mundo-mejor\/","title":{"rendered":"Cuando los maestros ganen m\u00e1s que las estrellas del f\u00fatbol iremos hacia un mundo mejor"},"content":{"rendered":"<h5 style=\"text-align: justify;\">La remuneraci\u00f3n de los docentes es un tema relevante en el \u00e1mbito educativo y social. Si bien es cierto que los salarios de los docentes en muchos pa\u00edses no reflejan la importancia y el impacto de su labor, establecer una comparaci\u00f3n directa entre los ingresos de los maestros y las estrellas del f\u00fatbol puede ser complicado. Los salarios en el deporte profesional, especialmente en el f\u00fatbol, son determinados por una serie de factores, incluyendo la demanda del mercado, contratos publicitarios y otros ingresos asociados. Por otro lado, la remuneraci\u00f3n de los docentes depende de diversas variables, como el presupuesto destinado a la educaci\u00f3n y las pol\u00edticas salariales adoptadas por los gobiernos.<\/h5>\n<p><!--more--><\/p>\n<p style=\"text-align: justify;\">Es importante reconocer que mejorar los salarios de los docentes es una meta deseable, ya que esto podr\u00eda atraer a m\u00e1s personas talentosas y comprometidas a la profesi\u00f3n docente, y ayudar a retener a los profesionales experimentados. Un salario justo y competitivo para los docentes podr\u00eda contribuir a elevar la calidad de la educaci\u00f3n, alentar la dedicaci\u00f3n y mejorar la motivaci\u00f3n de los maestros.<\/p>\n<p style=\"text-align: justify;\">Sin embargo, alcanzar un mundo mejor no se reduce \u00fanicamente a equiparar los salarios entre distintas profesiones. Tambi\u00e9n es necesario abordar otros desaf\u00edos relacionados con la educaci\u00f3n, como la inversi\u00f3n en infraestructura, recursos pedag\u00f3gicos, formaci\u00f3n docente continua, equidad educativa y respeto por los derechos laborales de los maestros. Adem\u00e1s, es fundamental reconocer y valorar la importancia de la educaci\u00f3n en s\u00ed misma, independientemente de las diferencias salariales.<\/p>\n<p style=\"text-align: justify;\">La remuneraci\u00f3n de los docentes es un aspecto relevante a considerar en la b\u00fasqueda de una educaci\u00f3n de calidad y un mundo mejor. Sin embargo, lograrlo implica abordar de manera integral y sist\u00e9mica los desaf\u00edos educativos, fomentando pol\u00edticas que valoren y respalden la labor de los maestros, y promoviendo la inversi\u00f3n adecuada en el sistema educativo en su conjunto.<\/p>\n<p style=\"text-align: justify;\"><strong>Emilio Calatayud<\/strong> se licenci\u00f3 en Derecho en la Universidad de Deusto, y se inici\u00f3 la carrera judicial, fue destinado primero a Tenerife y m\u00e1s tarde a Granada, donde alcanz\u00f3 el grado de magistrado. Es titular del Juzgado de Menores de Granada y decano de los juzgados de esta ciudad que ha suscitado mucha pol\u00e9mica siempre por\u00a0dictar sentencias basadas<strong>\u00a0en la educaci\u00f3n y trabajo social<\/strong> en lugar de la privaci\u00f3n de libertad.<\/p>\n<p style=\"text-align: justify;\">Algunos de los ejemplos de sus sentencias m\u00e1s pol\u00e9micas son: impartir\u00a0<strong>1000 horas de clases de inform\u00e1tica<\/strong>\u00a0a estudiantes a un joven que hab\u00eda\u00a0<strong>crackeado\u00a0varias empresas\u00a0<\/strong>granadinas provocando da\u00f1os por 2000 euros,\u00a0100 horas de\u00a0<strong>servicio a la comunidad patrullando<\/strong>\u00a0junto a un polic\u00eda local por haber\u00a0<strong>conducido temerariamente y sin licencia\u00a0<\/strong>o<strong>\u00a050<\/strong>\u00a0<strong>horas<\/strong>\u00a0<strong>dibujando un\u00a0c\u00f3mic\u00a0<\/strong>de 15 p\u00e1ginas, en el que cuenta\u00a0<strong>la causa por la que le condenaban<\/strong>.<\/p>\n<p style=\"text-align: justify;\">Ha publicado libros sobre sus propias sentencias, calificadas de ejemplares y educativas.<\/p>\n<p style=\"text-align: justify;\">Es esta oportunidad queremos compartir con fines \u00fanicamente educativos la siguiente publicaci\u00f3n, donde el juez Emilio Calatayud de 64 a\u00f1os comenta sobre la amistad entre docentes y alumnos.<\/p>\n<p style=\"text-align: justify;\">Esperamos que el siguiente comentario, corto pero muy significativo, sirva de reflexi\u00f3n para los docentes, las autoridades educativas y las familias.<\/p>\n<div class=\"pk-content-block pk-block-bg pk-block-bg-inverse\" style=\"text-align: center;\">\u00abBuenas, soy Emilio Calatayud. Si queremos tener un mundo mejor, debemos empezar a hacer mejor las cosas. Eso no se improvisa. Cuando, por ejemplo, los maestros ganen m\u00e1s que las estrellas de f\u00fatbol iremos hacia un mundo mejor. Es una locura, dir\u00e1n algunos. Bendita locura digo yo.\u00bb<\/div>\n<div><img loading=\"lazy\" decoding=\"async\" class=\"alignnone size-full wp-image-89359\" src=\"https:\/\/webdelmaestrocmf.com\/portal\/wp-content\/uploads\/2022\/07\/ZA12B3C4hD-87.jpg\" alt=\"\" width=\"700\" height=\"365\" srcset=\"https:\/\/webdelmaestrocmf.com\/portal\/wp-content\/uploads\/2022\/07\/ZA12B3C4hD-87.jpg 700w, https:\/\/webdelmaestrocmf.com\/portal\/wp-content\/uploads\/2022\/07\/ZA12B3C4hD-87-300x156.jpg 300w, https:\/\/webdelmaestrocmf.com\/portal\/wp-content\/uploads\/2022\/07\/ZA12B3C4hD-87-110x57.jpg 110w, https:\/\/webdelmaestrocmf.com\/portal\/wp-content\/uploads\/2022\/07\/ZA12B3C4hD-87-200x104.jpg 200w, https:\/\/webdelmaestrocmf.com\/portal\/wp-content\/uploads\/2022\/07\/ZA12B3C4hD-87-380x198.jpg 380w, https:\/\/webdelmaestrocmf.com\/portal\/wp-content\/uploads\/2022\/07\/ZA12B3C4hD-87-255x133.jpg 255w, https:\/\/webdelmaestrocmf.com\/portal\/wp-content\/uploads\/2022\/07\/ZA12B3C4hD-87-550x287.jpg 550w\" sizes=\"auto, (max-width: 700px) 100vw, 700px\" \/><\/div>\n<p>Estos son otros art\u00edculos del Juez de menores Emilio Calatayud.<\/p>\n<p><iframe loading=\"lazy\" class=\"wakeletEmbed\" style=\"border: none;\" src=\"https:\/\/embed.wakelet.com\/wakes\/cVM05UkiTLqCw5C8kRQ2-\/list?hide-cover=1&amp;hide-description=1\" width=\"100%\" height=\"760px\"><\/iframe><!-- Please only call https:\/\/embed-assets.wakelet.com\/wakelet-embed.js once per page --><script src=\"https:\/\/embed-assets.wakelet.com\/wakelet-embed.js\" charset=\"UTF-8\"><\/script><\/p>\n<p><strong>Este contenido ha sido publicado originalmente por Emilio Calatayud en la siguiente direcci\u00f3n: <a href=\"https:\/\/www.granadablogs.com\/juezcalatayud\/2022\/07\/un-maestro-no-puede-ser-el-colega-de-sus-alumnos-ni-tampoco-su-tiktoker-tiene-que-ser-su-maestro\/?fbclid=IwAR2O5d1HM3rDYBfZ0Lf5rPlXAEwtD7Z1Wm5w5zxJzN6sj2p20lkzZde1_E4\" target=\"_blank\" rel=\"noopener\">granadablogs.com<\/a><\/strong><\/p>\n\t\t<div class=\"pk-inline-posts\">\n\t\t\t\n\t\t\t<div class=\"pk-inline-posts-container pk-inline-posts-template-list\"\n\t\t\t\tdata-columns=\"1\">\n\t\t\t\t\t\t<article id=\"post-114355\" class=\"post-114355 post type-post status-publish format-standard has-post-thumbnail category-docentes category-noticias-pedagogia category-pedagogia tag-derechos-del-nino tag-docentes-en-redes-sociales tag-educacion-responsable tag-etica-docente tag-legislacion-educativa tag-privacidad-infantil tag-profesores-influencers tag-proteccion-de-datos tag-uso-de-imagen cs-entry cs-video-wrap\">\n\t\t\t<div class=\"pk-post-outer\">\n\n\t\t\t\t\t\t\t\t<div class=\"pk-post-inner\">\n\t\t\t\t\t<div class=\"entry-thumbnail\">\n\t\t\t\t\t\t<div class=\"pk-overlay pk-overlay-ratio pk-ratio-landscape\">\n\t\t\t\t\t\t\t<div class=\"pk-overlay-background\">\n\t\t\t\t\t\t\t\t<a href=\"https:\/\/webdelmaestrocmf.com\/portal\/atencion-profesores-tiktokers-por-que-no-pueden-usar-imagenes-fotos-de-sus-estudiantes-en-redes-sociales-personales\/\" class=\"pk-overlay-link\">\n\t\t\t\t\t\t\t\t\t<img loading=\"lazy\" decoding=\"async\" width=\"300\" height=\"225\" src=\"https:\/\/webdelmaestrocmf.com\/portal\/wp-content\/uploads\/2025\/12\/1A-Banner-1-portada-imagen-10-1-copia-1-18-300x225.webp\" class=\"attachment-pk-thumbnail size-pk-thumbnail wp-post-image\" alt=\"\" \/>\t\t\t\t\t\t\t\t<\/a>\n\t\t\t\t\t\t\t<\/div>\n\t\t\t\t\t\t<\/div>\n\t\t\t\t\t<\/div>\n\t\t\t\t<\/div>\n\t\t\t\t\n\t\t\t\t<div class=\"pk-post-inner\">\n\t\t\t\t\t<header>\n\t\t\t\t\t\t<h3 class=\"pk-title\"><a href=\"https:\/\/webdelmaestrocmf.com\/portal\/atencion-profesores-tiktokers-por-que-no-pueden-usar-imagenes-fotos-de-sus-estudiantes-en-redes-sociales-personales\/\" rel=\"bookmark\">Atenci\u00f3n, profesores tiktokers: por qu\u00e9 no pueden usar im\u00e1genes (fotos) de sus estudiantes en redes sociales personales<\/a><\/h3>\t\t\t\t\t<\/header><!-- .entry-header -->\n\t\t\t\t<\/div><!-- .post-inner -->\n\n\t\t\t<\/div><!-- .post-outer -->\n\t\t<\/article>\n\t\t\t\t<\/div>\n\t\t<\/div>\n\t\t\n","protected":false},"excerpt":{"rendered":"La remuneraci\u00f3n de los docentes es un tema relevante en el \u00e1mbito educativo y social. Si bien es&hellip;","protected":false},"author":1,"featured_media":78882,"comment_status":"open","ping_status":"closed","sticky":false,"template":"","format":"standard","meta":{"csco_display_header_overlay":false,"csco_singular_sidebar":"default","csco_page_header_type":"default","csco_page_load_nextpost":"default","csco_post_video_location":[],"csco_post_video_location_hash":"","csco_post_video_url":"","csco_post_video_bg_start_time":0,"csco_post_video_bg_end_time":0,"csco_post_video_bg_volume":false,"_jetpack_memberships_contains_paid_content":false,"footnotes":""},"categories":[5375,735],"tags":[4470,2266,14890,14891,190,1719,201],"class_list":{"0":"post-78878","1":"post","2":"type-post","3":"status-publish","4":"format-standard","5":"has-post-thumbnail","7":"category-noticias-pedagogia","8":"category-pedagogia","9":"tag-estrellas","10":"tag-futbol","11":"tag-ganen","12":"tag-iremos","13":"tag-maestros","14":"tag-mejor","15":"tag-mundo","16":"cs-entry","17":"cs-video-wrap"},"yoast_head":"<!-- This site is optimized with the Yoast SEO plugin v27.5 - https:\/\/yoast.com\/product\/yoast-seo-wordpress\/ -->\n<title>Cuando los maestros ganen m\u00e1s que las estrellas del f\u00fatbol iremos hacia un mundo mejor - 2026<\/title>\n<meta name=\"description\" content=\"Comunidad de Maestros, Docentes y Profesores, en donde encontrar\u00e1s material, informaci\u00f3n y noticias del \u00e1mbito nacional y mundial.\" \/>\n<meta name=\"robots\" content=\"index, follow, max-snippet:-1, max-image-preview:large, max-video-preview:-1\" \/>\n<link rel=\"canonical\" href=\"https:\/\/webdelmaestrocmf.com\/portal\/cuando-los-maestros-ganen-mas-que-las-estrellas-del-futbol-iremos-hacia-un-mundo-mejor\/\" \/>\n<meta property=\"og:locale\" content=\"es_ES\" \/>\n<meta property=\"og:type\" content=\"article\" \/>\n<meta property=\"og:title\" content=\"Cuando los maestros ganen m\u00e1s que las estrellas del f\u00fatbol iremos hacia un mundo mejor - 2026\" \/>\n<meta property=\"og:description\" content=\"Comunidad de Maestros, Docentes y Profesores, en donde encontrar\u00e1s material, informaci\u00f3n y noticias del \u00e1mbito nacional y mundial.\" \/>\n<meta property=\"og:url\" content=\"https:\/\/webdelmaestrocmf.com\/portal\/cuando-los-maestros-ganen-mas-que-las-estrellas-del-futbol-iremos-hacia-un-mundo-mejor\/\" \/>\n<meta property=\"og:site_name\" content=\"Web del Maestro CMF\" \/>\n<meta property=\"article:publisher\" content=\"https:\/\/www.facebook.com\/WebdelMaestroCMF\/\" \/>\n<meta property=\"article:author\" content=\"https:\/\/www.facebook.com\/WebdelMaestroCMF\/\" \/>\n<meta property=\"article:published_time\" content=\"2022-07-27T00:05:53+00:00\" \/>\n<meta property=\"article:modified_time\" content=\"2023-05-24T16:37:30+00:00\" \/>\n<meta property=\"og:image\" content=\"https:\/\/i0.wp.com\/webdelmaestrocmf.com\/portal\/wp-content\/uploads\/2022\/07\/Sans-titre-3.jpg?fit=900%2C556&ssl=1\" \/>\n\t<meta property=\"og:image:width\" content=\"900\" \/>\n\t<meta property=\"og:image:height\" content=\"556\" \/>\n\t<meta property=\"og:image:type\" content=\"image\/jpeg\" \/>\n<meta name=\"author\" content=\"Web del Maestro CMF\" \/>\n<meta name=\"twitter:card\" content=\"summary_large_image\" \/>\n<meta name=\"twitter:creator\" content=\"@cmf_w\" \/>\n<meta name=\"twitter:site\" content=\"@cmf_w\" \/>\n<script type=\"application\/ld+json\" class=\"yoast-schema-graph\">{\"@context\":\"https:\\\/\\\/schema.org\",\"@graph\":[{\"@type\":\"ScholarlyArticle\",\"@id\":\"https:\\\/\\\/webdelmaestrocmf.com\\\/portal\\\/cuando-los-maestros-ganen-mas-que-las-estrellas-del-futbol-iremos-hacia-un-mundo-mejor\\\/#article\",\"isPartOf\":{\"@id\":\"https:\\\/\\\/webdelmaestrocmf.com\\\/portal\\\/cuando-los-maestros-ganen-mas-que-las-estrellas-del-futbol-iremos-hacia-un-mundo-mejor\\\/\"},\"author\":{\"name\":\"Web del Maestro CMF\",\"@id\":\"https:\\\/\\\/webdelmaestrocmf.com\\\/portal\\\/#\\\/schema\\\/person\\\/1072a2ed7bd960df8ef99a551fa35dc5\"},\"headline\":\"Cuando los maestros ganen m\u00e1s que las estrellas del f\u00fatbol iremos hacia un mundo mejor\",\"datePublished\":\"2022-07-27T00:05:53+00:00\",\"dateModified\":\"2023-05-24T16:37:30+00:00\",\"mainEntityOfPage\":{\"@id\":\"https:\\\/\\\/webdelmaestrocmf.com\\\/portal\\\/cuando-los-maestros-ganen-mas-que-las-estrellas-del-futbol-iremos-hacia-un-mundo-mejor\\\/\"},\"wordCount\":642,\"commentCount\":3,\"publisher\":{\"@id\":\"https:\\\/\\\/webdelmaestrocmf.com\\\/portal\\\/#organization\"},\"image\":{\"@id\":\"https:\\\/\\\/webdelmaestrocmf.com\\\/portal\\\/cuando-los-maestros-ganen-mas-que-las-estrellas-del-futbol-iremos-hacia-un-mundo-mejor\\\/#primaryimage\"},\"thumbnailUrl\":\"https:\\\/\\\/webdelmaestrocmf.com\\\/portal\\\/wp-content\\\/uploads\\\/2022\\\/07\\\/Sans-titre-3.jpg\",\"keywords\":[\"Estrellas\",\"F\u00daTBOL\",\"ganen\",\"iremos\",\"Maestros\",\"MEJOR\",\"Mundo\"],\"articleSection\":[\"Noticias\",\"Recursos\"],\"inLanguage\":\"es\",\"potentialAction\":[{\"@type\":\"CommentAction\",\"name\":\"Comment\",\"target\":[\"https:\\\/\\\/webdelmaestrocmf.com\\\/portal\\\/cuando-los-maestros-ganen-mas-que-las-estrellas-del-futbol-iremos-hacia-un-mundo-mejor\\\/#respond\"]}]},{\"@type\":\"WebPage\",\"@id\":\"https:\\\/\\\/webdelmaestrocmf.com\\\/portal\\\/cuando-los-maestros-ganen-mas-que-las-estrellas-del-futbol-iremos-hacia-un-mundo-mejor\\\/\",\"url\":\"https:\\\/\\\/webdelmaestrocmf.com\\\/portal\\\/cuando-los-maestros-ganen-mas-que-las-estrellas-del-futbol-iremos-hacia-un-mundo-mejor\\\/\",\"name\":\"Cuando los maestros ganen m\u00e1s que las estrellas del f\u00fatbol iremos hacia un mundo mejor - 2026\",\"isPartOf\":{\"@id\":\"https:\\\/\\\/webdelmaestrocmf.com\\\/portal\\\/#website\"},\"primaryImageOfPage\":{\"@id\":\"https:\\\/\\\/webdelmaestrocmf.com\\\/portal\\\/cuando-los-maestros-ganen-mas-que-las-estrellas-del-futbol-iremos-hacia-un-mundo-mejor\\\/#primaryimage\"},\"image\":{\"@id\":\"https:\\\/\\\/webdelmaestrocmf.com\\\/portal\\\/cuando-los-maestros-ganen-mas-que-las-estrellas-del-futbol-iremos-hacia-un-mundo-mejor\\\/#primaryimage\"},\"thumbnailUrl\":\"https:\\\/\\\/webdelmaestrocmf.com\\\/portal\\\/wp-content\\\/uploads\\\/2022\\\/07\\\/Sans-titre-3.jpg\",\"datePublished\":\"2022-07-27T00:05:53+00:00\",\"dateModified\":\"2023-05-24T16:37:30+00:00\",\"description\":\"Comunidad de Maestros, Docentes y Profesores, en donde encontrar\u00e1s material, informaci\u00f3n y noticias del \u00e1mbito nacional y mundial.\",\"breadcrumb\":{\"@id\":\"https:\\\/\\\/webdelmaestrocmf.com\\\/portal\\\/cuando-los-maestros-ganen-mas-que-las-estrellas-del-futbol-iremos-hacia-un-mundo-mejor\\\/#breadcrumb\"},\"inLanguage\":\"es\",\"potentialAction\":[{\"@type\":\"ReadAction\",\"target\":[\"https:\\\/\\\/webdelmaestrocmf.com\\\/portal\\\/cuando-los-maestros-ganen-mas-que-las-estrellas-del-futbol-iremos-hacia-un-mundo-mejor\\\/\"]}]},{\"@type\":\"ImageObject\",\"inLanguage\":\"es\",\"@id\":\"https:\\\/\\\/webdelmaestrocmf.com\\\/portal\\\/cuando-los-maestros-ganen-mas-que-las-estrellas-del-futbol-iremos-hacia-un-mundo-mejor\\\/#primaryimage\",\"url\":\"https:\\\/\\\/webdelmaestrocmf.com\\\/portal\\\/wp-content\\\/uploads\\\/2022\\\/07\\\/Sans-titre-3.jpg\",\"contentUrl\":\"https:\\\/\\\/webdelmaestrocmf.com\\\/portal\\\/wp-content\\\/uploads\\\/2022\\\/07\\\/Sans-titre-3.jpg\",\"width\":900,\"height\":556},{\"@type\":\"BreadcrumbList\",\"@id\":\"https:\\\/\\\/webdelmaestrocmf.com\\\/portal\\\/cuando-los-maestros-ganen-mas-que-las-estrellas-del-futbol-iremos-hacia-un-mundo-mejor\\\/#breadcrumb\",\"itemListElement\":[{\"@type\":\"ListItem\",\"position\":1,\"name\":\"Portada\",\"item\":\"https:\\\/\\\/webdelmaestrocmf.com\\\/portal\\\/\"},{\"@type\":\"ListItem\",\"position\":2,\"name\":\"Recursos\",\"item\":\"https:\\\/\\\/webdelmaestrocmf.com\\\/portal\\\/category\\\/pedagogia\\\/\"},{\"@type\":\"ListItem\",\"position\":3,\"name\":\"Cuando los maestros ganen m\u00e1s que las estrellas del f\u00fatbol iremos hacia un mundo mejor\"}]},{\"@type\":\"WebSite\",\"@id\":\"https:\\\/\\\/webdelmaestrocmf.com\\\/portal\\\/#website\",\"url\":\"https:\\\/\\\/webdelmaestrocmf.com\\\/portal\\\/\",\"name\":\"Web del Maestro CMF\",\"description\":\"Maestros al servicio de la educaci\u00f3n\",\"publisher\":{\"@id\":\"https:\\\/\\\/webdelmaestrocmf.com\\\/portal\\\/#organization\"},\"alternateName\":\"WMCMF\",\"potentialAction\":[{\"@type\":\"SearchAction\",\"target\":{\"@type\":\"EntryPoint\",\"urlTemplate\":\"https:\\\/\\\/webdelmaestrocmf.com\\\/portal\\\/?s={search_term_string}\"},\"query-input\":{\"@type\":\"PropertyValueSpecification\",\"valueRequired\":true,\"valueName\":\"search_term_string\"}}],\"inLanguage\":\"es\"},{\"@type\":\"Organization\",\"@id\":\"https:\\\/\\\/webdelmaestrocmf.com\\\/portal\\\/#organization\",\"name\":\"Web del Maestro CMF\",\"alternateName\":\"WMCMF\",\"url\":\"https:\\\/\\\/webdelmaestrocmf.com\\\/portal\\\/\",\"logo\":{\"@type\":\"ImageObject\",\"inLanguage\":\"es\",\"@id\":\"https:\\\/\\\/webdelmaestrocmf.com\\\/portal\\\/#\\\/schema\\\/logo\\\/image\\\/\",\"url\":\"https:\\\/\\\/webdelmaestrocmf.com\\\/portal\\\/wp-content\\\/uploads\\\/2023\\\/01\\\/logo-wmcmf-2.png\",\"contentUrl\":\"https:\\\/\\\/webdelmaestrocmf.com\\\/portal\\\/wp-content\\\/uploads\\\/2023\\\/01\\\/logo-wmcmf-2.png\",\"width\":200,\"height\":60,\"caption\":\"Web del Maestro CMF\"},\"image\":{\"@id\":\"https:\\\/\\\/webdelmaestrocmf.com\\\/portal\\\/#\\\/schema\\\/logo\\\/image\\\/\"},\"sameAs\":[\"https:\\\/\\\/www.facebook.com\\\/WebdelMaestroCMF\\\/\",\"https:\\\/\\\/x.com\\\/cmf_w\",\"https:\\\/\\\/www.pinterest.com\\\/WMCMF\\\/\",\"https:\\\/\\\/www.linkedin.com\\\/company\\\/web-del-maestro-cmf\\\/\",\"https:\\\/\\\/www.instagram.com\\\/wmcmf\\\/\",\"https:\\\/\\\/www.youtube.com\\\/channel\\\/UCDPSvjbdodE5sHnC3OxutHw\",\"https:\\\/\\\/mastodon.social\\\/@wmcmf\",\"https:\\\/\\\/www.tiktok.com\\\/@webdelmaestrocmf\"]},{\"@type\":\"Person\",\"@id\":\"https:\\\/\\\/webdelmaestrocmf.com\\\/portal\\\/#\\\/schema\\\/person\\\/1072a2ed7bd960df8ef99a551fa35dc5\",\"name\":\"Web del Maestro CMF\",\"image\":{\"@type\":\"ImageObject\",\"inLanguage\":\"es\",\"@id\":\"https:\\\/\\\/secure.gravatar.com\\\/avatar\\\/23291dd5b5ae1077dcff3dbb04c3e02bd28403fa75af6d8787d5e97c5bbbe30b?s=96&d=mm&r=g\",\"url\":\"https:\\\/\\\/secure.gravatar.com\\\/avatar\\\/23291dd5b5ae1077dcff3dbb04c3e02bd28403fa75af6d8787d5e97c5bbbe30b?s=96&d=mm&r=g\",\"contentUrl\":\"https:\\\/\\\/secure.gravatar.com\\\/avatar\\\/23291dd5b5ae1077dcff3dbb04c3e02bd28403fa75af6d8787d5e97c5bbbe30b?s=96&d=mm&r=g\",\"caption\":\"Web del Maestro CMF\"},\"description\":\"Esta Web se cre\u00f3 sin fines de lucro, con fines educativos, cient\u00edficos y acad\u00e9micos, para personas que tengan dificultades y\\\/o inconvenientes en visualizar el material original. El objetivo es entregar recursos, compartir experiencias y materiales que ayuden a los padres de familia, maestros y estudiantes en su actualizaci\u00f3n y formaci\u00f3n permanente, en bien de la Educaci\u00f3n.\",\"sameAs\":[\"http:\\\/\\\/webdelmaestrocmf.com\\\/portal\",\"https:\\\/\\\/www.facebook.com\\\/WebdelMaestroCMF\\\/\",\"https:\\\/\\\/www.instagram.com\\\/wmcmf\\\/\",\"https:\\\/\\\/cl.linkedin.com\\\/company\\\/web-del-maestro-cmf\",\"https:\\\/\\\/www.pinterest.com\\\/WMCMF\\\/publicaciones\\\/\",\"https:\\\/\\\/x.com\\\/cmf_w\",\"https:\\\/\\\/www.youtube.com\\\/@WMCMF\"]}]}<\/script>\n<!-- \/ Yoast SEO plugin. -->","yoast_head_json":{"title":"Cuando los maestros ganen m\u00e1s que las estrellas del f\u00fatbol iremos hacia un mundo mejor - 2026","description":"Comunidad de Maestros, Docentes y Profesores, en donde encontrar\u00e1s material, informaci\u00f3n y noticias del \u00e1mbito nacional y mundial.","robots":{"index":"index","follow":"follow","max-snippet":"max-snippet:-1","max-image-preview":"max-image-preview:large","max-video-preview":"max-video-preview:-1"},"canonical":"https:\/\/webdelmaestrocmf.com\/portal\/cuando-los-maestros-ganen-mas-que-las-estrellas-del-futbol-iremos-hacia-un-mundo-mejor\/","og_locale":"es_ES","og_type":"article","og_title":"Cuando los maestros ganen m\u00e1s que las estrellas del f\u00fatbol iremos hacia un mundo mejor - 2026","og_description":"Comunidad de Maestros, Docentes y Profesores, en donde encontrar\u00e1s material, informaci\u00f3n y noticias del \u00e1mbito nacional y mundial.","og_url":"https:\/\/webdelmaestrocmf.com\/portal\/cuando-los-maestros-ganen-mas-que-las-estrellas-del-futbol-iremos-hacia-un-mundo-mejor\/","og_site_name":"Web del Maestro CMF","article_publisher":"https:\/\/www.facebook.com\/WebdelMaestroCMF\/","article_author":"https:\/\/www.facebook.com\/WebdelMaestroCMF\/","article_published_time":"2022-07-27T00:05:53+00:00","article_modified_time":"2023-05-24T16:37:30+00:00","og_image":[{"width":900,"height":556,"url":"https:\/\/i0.wp.com\/webdelmaestrocmf.com\/portal\/wp-content\/uploads\/2022\/07\/Sans-titre-3.jpg?fit=900%2C556&ssl=1","type":"image\/jpeg"}],"author":"Web del Maestro CMF","twitter_card":"summary_large_image","twitter_creator":"@cmf_w","twitter_site":"@cmf_w","schema":{"@context":"https:\/\/schema.org","@graph":[{"@type":"ScholarlyArticle","@id":"https:\/\/webdelmaestrocmf.com\/portal\/cuando-los-maestros-ganen-mas-que-las-estrellas-del-futbol-iremos-hacia-un-mundo-mejor\/#article","isPartOf":{"@id":"https:\/\/webdelmaestrocmf.com\/portal\/cuando-los-maestros-ganen-mas-que-las-estrellas-del-futbol-iremos-hacia-un-mundo-mejor\/"},"author":{"name":"Web del Maestro CMF","@id":"https:\/\/webdelmaestrocmf.com\/portal\/#\/schema\/person\/1072a2ed7bd960df8ef99a551fa35dc5"},"headline":"Cuando los maestros ganen m\u00e1s que las estrellas del f\u00fatbol iremos hacia un mundo mejor","datePublished":"2022-07-27T00:05:53+00:00","dateModified":"2023-05-24T16:37:30+00:00","mainEntityOfPage":{"@id":"https:\/\/webdelmaestrocmf.com\/portal\/cuando-los-maestros-ganen-mas-que-las-estrellas-del-futbol-iremos-hacia-un-mundo-mejor\/"},"wordCount":642,"commentCount":3,"publisher":{"@id":"https:\/\/webdelmaestrocmf.com\/portal\/#organization"},"image":{"@id":"https:\/\/webdelmaestrocmf.com\/portal\/cuando-los-maestros-ganen-mas-que-las-estrellas-del-futbol-iremos-hacia-un-mundo-mejor\/#primaryimage"},"thumbnailUrl":"https:\/\/webdelmaestrocmf.com\/portal\/wp-content\/uploads\/2022\/07\/Sans-titre-3.jpg","keywords":["Estrellas","F\u00daTBOL","ganen","iremos","Maestros","MEJOR","Mundo"],"articleSection":["Noticias","Recursos"],"inLanguage":"es","potentialAction":[{"@type":"CommentAction","name":"Comment","target":["https:\/\/webdelmaestrocmf.com\/portal\/cuando-los-maestros-ganen-mas-que-las-estrellas-del-futbol-iremos-hacia-un-mundo-mejor\/#respond"]}]},{"@type":"WebPage","@id":"https:\/\/webdelmaestrocmf.com\/portal\/cuando-los-maestros-ganen-mas-que-las-estrellas-del-futbol-iremos-hacia-un-mundo-mejor\/","url":"https:\/\/webdelmaestrocmf.com\/portal\/cuando-los-maestros-ganen-mas-que-las-estrellas-del-futbol-iremos-hacia-un-mundo-mejor\/","name":"Cuando los maestros ganen m\u00e1s que las estrellas del f\u00fatbol iremos hacia un mundo mejor - 2026","isPartOf":{"@id":"https:\/\/webdelmaestrocmf.com\/portal\/#website"},"primaryImageOfPage":{"@id":"https:\/\/webdelmaestrocmf.com\/portal\/cuando-los-maestros-ganen-mas-que-las-estrellas-del-futbol-iremos-hacia-un-mundo-mejor\/#primaryimage"},"image":{"@id":"https:\/\/webdelmaestrocmf.com\/portal\/cuando-los-maestros-ganen-mas-que-las-estrellas-del-futbol-iremos-hacia-un-mundo-mejor\/#primaryimage"},"thumbnailUrl":"https:\/\/webdelmaestrocmf.com\/portal\/wp-content\/uploads\/2022\/07\/Sans-titre-3.jpg","datePublished":"2022-07-27T00:05:53+00:00","dateModified":"2023-05-24T16:37:30+00:00","description":"Comunidad de Maestros, Docentes y Profesores, en donde encontrar\u00e1s material, informaci\u00f3n y noticias del \u00e1mbito nacional y mundial.","breadcrumb":{"@id":"https:\/\/webdelmaestrocmf.com\/portal\/cuando-los-maestros-ganen-mas-que-las-estrellas-del-futbol-iremos-hacia-un-mundo-mejor\/#breadcrumb"},"inLanguage":"es","potentialAction":[{"@type":"ReadAction","target":["https:\/\/webdelmaestrocmf.com\/portal\/cuando-los-maestros-ganen-mas-que-las-estrellas-del-futbol-iremos-hacia-un-mundo-mejor\/"]}]},{"@type":"ImageObject","inLanguage":"es","@id":"https:\/\/webdelmaestrocmf.com\/portal\/cuando-los-maestros-ganen-mas-que-las-estrellas-del-futbol-iremos-hacia-un-mundo-mejor\/#primaryimage","url":"https:\/\/webdelmaestrocmf.com\/portal\/wp-content\/uploads\/2022\/07\/Sans-titre-3.jpg","contentUrl":"https:\/\/webdelmaestrocmf.com\/portal\/wp-content\/uploads\/2022\/07\/Sans-titre-3.jpg","width":900,"height":556},{"@type":"BreadcrumbList","@id":"https:\/\/webdelmaestrocmf.com\/portal\/cuando-los-maestros-ganen-mas-que-las-estrellas-del-futbol-iremos-hacia-un-mundo-mejor\/#breadcrumb","itemListElement":[{"@type":"ListItem","position":1,"name":"Portada","item":"https:\/\/webdelmaestrocmf.com\/portal\/"},{"@type":"ListItem","position":2,"name":"Recursos","item":"https:\/\/webdelmaestrocmf.com\/portal\/category\/pedagogia\/"},{"@type":"ListItem","position":3,"name":"Cuando los maestros ganen m\u00e1s que las estrellas del f\u00fatbol iremos hacia un mundo mejor"}]},{"@type":"WebSite","@id":"https:\/\/webdelmaestrocmf.com\/portal\/#website","url":"https:\/\/webdelmaestrocmf.com\/portal\/","name":"Web del Maestro CMF","description":"Maestros al servicio de la educaci\u00f3n","publisher":{"@id":"https:\/\/webdelmaestrocmf.com\/portal\/#organization"},"alternateName":"WMCMF","potentialAction":[{"@type":"SearchAction","target":{"@type":"EntryPoint","urlTemplate":"https:\/\/webdelmaestrocmf.com\/portal\/?s={search_term_string}"},"query-input":{"@type":"PropertyValueSpecification","valueRequired":true,"valueName":"search_term_string"}}],"inLanguage":"es"},{"@type":"Organization","@id":"https:\/\/webdelmaestrocmf.com\/portal\/#organization","name":"Web del Maestro CMF","alternateName":"WMCMF","url":"https:\/\/webdelmaestrocmf.com\/portal\/","logo":{"@type":"ImageObject","inLanguage":"es","@id":"https:\/\/webdelmaestrocmf.com\/portal\/#\/schema\/logo\/image\/","url":"https:\/\/webdelmaestrocmf.com\/portal\/wp-content\/uploads\/2023\/01\/logo-wmcmf-2.png","contentUrl":"https:\/\/webdelmaestrocmf.com\/portal\/wp-content\/uploads\/2023\/01\/logo-wmcmf-2.png","width":200,"height":60,"caption":"Web del Maestro CMF"},"image":{"@id":"https:\/\/webdelmaestrocmf.com\/portal\/#\/schema\/logo\/image\/"},"sameAs":["https:\/\/www.facebook.com\/WebdelMaestroCMF\/","https:\/\/x.com\/cmf_w","https:\/\/www.pinterest.com\/WMCMF\/","https:\/\/www.linkedin.com\/company\/web-del-maestro-cmf\/","https:\/\/www.instagram.com\/wmcmf\/","https:\/\/www.youtube.com\/channel\/UCDPSvjbdodE5sHnC3OxutHw","https:\/\/mastodon.social\/@wmcmf","https:\/\/www.tiktok.com\/@webdelmaestrocmf"]},{"@type":"Person","@id":"https:\/\/webdelmaestrocmf.com\/portal\/#\/schema\/person\/1072a2ed7bd960df8ef99a551fa35dc5","name":"Web del Maestro CMF","image":{"@type":"ImageObject","inLanguage":"es","@id":"https:\/\/secure.gravatar.com\/avatar\/23291dd5b5ae1077dcff3dbb04c3e02bd28403fa75af6d8787d5e97c5bbbe30b?s=96&d=mm&r=g","url":"https:\/\/secure.gravatar.com\/avatar\/23291dd5b5ae1077dcff3dbb04c3e02bd28403fa75af6d8787d5e97c5bbbe30b?s=96&d=mm&r=g","contentUrl":"https:\/\/secure.gravatar.com\/avatar\/23291dd5b5ae1077dcff3dbb04c3e02bd28403fa75af6d8787d5e97c5bbbe30b?s=96&d=mm&r=g","caption":"Web del Maestro CMF"},"description":"Esta Web se cre\u00f3 sin fines de lucro, con fines educativos, cient\u00edficos y acad\u00e9micos, para personas que tengan dificultades y\/o inconvenientes en visualizar el material original. El objetivo es entregar recursos, compartir experiencias y materiales que ayuden a los padres de familia, maestros y estudiantes en su actualizaci\u00f3n y formaci\u00f3n permanente, en bien de la Educaci\u00f3n.","sameAs":["http:\/\/webdelmaestrocmf.com\/portal","https:\/\/www.facebook.com\/WebdelMaestroCMF\/","https:\/\/www.instagram.com\/wmcmf\/","https:\/\/cl.linkedin.com\/company\/web-del-maestro-cmf","https:\/\/www.pinterest.com\/WMCMF\/publicaciones\/","https:\/\/x.com\/cmf_w","https:\/\/www.youtube.com\/@WMCMF"]}]}},"jetpack_featured_media_url":"https:\/\/webdelmaestrocmf.com\/portal\/wp-content\/uploads\/2022\/07\/Sans-titre-3.jpg","jetpack_sharing_enabled":true,"jetpack-related-posts":[{"id":113865,"url":"https:\/\/webdelmaestrocmf.com\/portal\/segun-la-ocde-los-maestros-de-primaria-en-espana-ganan-50-130-euros-brutos-al-ano-y-los-profesores-de-secundaria-56-190-euros\/","url_meta":{"origin":78878,"position":0},"title":"Seg\u00fan la OCDE, los maestros de primaria en Espa\u00f1a ganan 50.130 euros brutos al a\u00f1o y los profesores de secundaria 56.190 euros","author":"Web del Maestro CMF","date":"8 diciembre, 2025","format":false,"excerpt":"Un an\u00e1lisis serio revela cu\u00e1nto ganan realmente los docentes espa\u00f1oles y qu\u00e9 lecciones aporta esta brecha salarial para la educaci\u00f3n latinoamericana.","rel":"","context":"En \u00abNoticias Internacionales\u00bb","block_context":{"text":"Noticias Internacionales","link":"https:\/\/webdelmaestrocmf.com\/portal\/category\/noticias-internacionales\/"},"img":{"alt_text":"","src":"https:\/\/i0.wp.com\/webdelmaestrocmf.com\/portal\/wp-content\/uploads\/2025\/12\/1A-Banner-1-portada-imagen-10-1-copia-7.webp?resize=350%2C200&ssl=1","width":350,"height":200,"srcset":"https:\/\/i0.wp.com\/webdelmaestrocmf.com\/portal\/wp-content\/uploads\/2025\/12\/1A-Banner-1-portada-imagen-10-1-copia-7.webp?resize=350%2C200&ssl=1 1x, https:\/\/i0.wp.com\/webdelmaestrocmf.com\/portal\/wp-content\/uploads\/2025\/12\/1A-Banner-1-portada-imagen-10-1-copia-7.webp?resize=525%2C300&ssl=1 1.5x, https:\/\/i0.wp.com\/webdelmaestrocmf.com\/portal\/wp-content\/uploads\/2025\/12\/1A-Banner-1-portada-imagen-10-1-copia-7.webp?resize=700%2C400&ssl=1 2x"},"classes":[]},{"id":106780,"url":"https:\/\/webdelmaestrocmf.com\/portal\/baul-del-docente-aprendizajes-indispensables-el-futbol\/","url_meta":{"origin":78878,"position":1},"title":"[Ba\u00fal del docente] Aprendizajes indispensables: El f\u00fatbol","author":"Web del Maestro CMF","date":"29 octubre, 2024","format":false,"excerpt":"Estimados docentes: Lo conocemos mundialmente como \u201cEl Deporte Rey\u201d por su extendida popularidad y la enorme convocatoria que generan sus eventos, personajes principales, equipos e influencia comercial. Ni\u00f1os y ni\u00f1as, de todas las edades, tienen en el f\u00fatbol su primer acercamiento a la actividad deportiva, m\u00e1s que el atletismo, la\u2026","rel":"","context":"En \u00abZ-Colaboradores-Ba\u00fal-del-Docente\u00bb","block_context":{"text":"Z-Colaboradores-Ba\u00fal-del-Docente","link":"https:\/\/webdelmaestrocmf.com\/portal\/category\/colaborador\/z-colaboradores-baul-del-docente\/"},"img":{"alt_text":"","src":"https:\/\/i0.wp.com\/webdelmaestrocmf.com\/portal\/wp-content\/uploads\/2024\/10\/Banner-1-portada-imagen-10-1-11.jpg?resize=350%2C200&ssl=1","width":350,"height":200,"srcset":"https:\/\/i0.wp.com\/webdelmaestrocmf.com\/portal\/wp-content\/uploads\/2024\/10\/Banner-1-portada-imagen-10-1-11.jpg?resize=350%2C200&ssl=1 1x, https:\/\/i0.wp.com\/webdelmaestrocmf.com\/portal\/wp-content\/uploads\/2024\/10\/Banner-1-portada-imagen-10-1-11.jpg?resize=525%2C300&ssl=1 1.5x, https:\/\/i0.wp.com\/webdelmaestrocmf.com\/portal\/wp-content\/uploads\/2024\/10\/Banner-1-portada-imagen-10-1-11.jpg?resize=700%2C400&ssl=1 2x"},"classes":[]},{"id":117555,"url":"https:\/\/webdelmaestrocmf.com\/portal\/descarga-las-fichas-de-leyendas-del-futbol-y-desarrolla-la-comprension-lectora-en-tus-alumnos\/","url_meta":{"origin":78878,"position":2},"title":"Descarga las fichas de \u201cLeyendas del f\u00fatbol\u201d y desarrolla la comprensi\u00f3n lectora en tus alumnos","author":"Web del Maestro CMF","date":"9 abril, 2026","format":false,"excerpt":"El uso del f\u00fatbol en el aula permite motivar a los estudiantes, desarrollar la comprensi\u00f3n lectora en distintos niveles y fomentar el pensamiento cr\u00edtico mediante textos significativos y cercanos a sus intereses.","rel":"","context":"En \u00abComprensi\u00f3n lectora\u00bb","block_context":{"text":"Comprensi\u00f3n lectora","link":"https:\/\/webdelmaestrocmf.com\/portal\/category\/pedagogia\/comprension-lectora\/"},"img":{"alt_text":"","src":"https:\/\/i0.wp.com\/webdelmaestrocmf.com\/portal\/wp-content\/uploads\/2026\/04\/1AA-Banner-1-portada-imagen-10-1-copia-8.webp?resize=350%2C200&ssl=1","width":350,"height":200,"srcset":"https:\/\/i0.wp.com\/webdelmaestrocmf.com\/portal\/wp-content\/uploads\/2026\/04\/1AA-Banner-1-portada-imagen-10-1-copia-8.webp?resize=350%2C200&ssl=1 1x, https:\/\/i0.wp.com\/webdelmaestrocmf.com\/portal\/wp-content\/uploads\/2026\/04\/1AA-Banner-1-portada-imagen-10-1-copia-8.webp?resize=525%2C300&ssl=1 1.5x, https:\/\/i0.wp.com\/webdelmaestrocmf.com\/portal\/wp-content\/uploads\/2026\/04\/1AA-Banner-1-portada-imagen-10-1-copia-8.webp?resize=700%2C400&ssl=1 2x, https:\/\/i0.wp.com\/webdelmaestrocmf.com\/portal\/wp-content\/uploads\/2026\/04\/1AA-Banner-1-portada-imagen-10-1-copia-8.webp?resize=1050%2C600&ssl=1 3x"},"classes":[]},{"id":112482,"url":"https:\/\/webdelmaestrocmf.com\/portal\/renuncie-a-ser-maestra-de-primaria-y-hoy-soy-feliz\/","url_meta":{"origin":78878,"position":3},"title":"Renunci\u00e9 a ser maestra. Amaba ense\u00f1ar, pero el desgaste, el bajo salario y la falta de apoyo me hicieron elegir mi salud, mi paz y empezar de nuevo. \u00a1Y hoy soy feliz !","author":"Web del Maestro CMF","date":"6 octubre, 2025","format":false,"excerpt":"Renunciar a la docencia no es rendirse, es sobrevivir a un sistema que desgasta. Cuando ense\u00f1ar deja de ser sostenible, irse no es fracaso: es recuperar dignidad y bienestar personal.","rel":"","context":"En \u00abRecursos\u00bb","block_context":{"text":"Recursos","link":"https:\/\/webdelmaestrocmf.com\/portal\/category\/pedagogia\/"},"img":{"alt_text":"","src":"https:\/\/i0.wp.com\/webdelmaestrocmf.com\/portal\/wp-content\/uploads\/2025\/10\/1AA-Banner-1-portada-imagen-10-1-copia-4.webp?resize=350%2C200&ssl=1","width":350,"height":200,"srcset":"https:\/\/i0.wp.com\/webdelmaestrocmf.com\/portal\/wp-content\/uploads\/2025\/10\/1AA-Banner-1-portada-imagen-10-1-copia-4.webp?resize=350%2C200&ssl=1 1x, https:\/\/i0.wp.com\/webdelmaestrocmf.com\/portal\/wp-content\/uploads\/2025\/10\/1AA-Banner-1-portada-imagen-10-1-copia-4.webp?resize=525%2C300&ssl=1 1.5x, https:\/\/i0.wp.com\/webdelmaestrocmf.com\/portal\/wp-content\/uploads\/2025\/10\/1AA-Banner-1-portada-imagen-10-1-copia-4.webp?resize=700%2C400&ssl=1 2x, https:\/\/i0.wp.com\/webdelmaestrocmf.com\/portal\/wp-content\/uploads\/2025\/10\/1AA-Banner-1-portada-imagen-10-1-copia-4.webp?resize=1050%2C600&ssl=1 3x"},"classes":[]},{"id":77593,"url":"https:\/\/webdelmaestrocmf.com\/portal\/baul-del-docente-el-futbol-pasion-de-multitudes\/","url_meta":{"origin":78878,"position":4},"title":"[Ba\u00fal del Docente] El F\u00fatbol: pasi\u00f3n de multitudes","author":"Web del Maestro CMF","date":"15 junio, 2022","format":false,"excerpt":"Estimados docentes: Entre todos los deportes colectivos, el f\u00fatbol es el m\u00e1s popular del mundo, una realidad que no puede negarse. Se ve en las calles de todo pa\u00eds cuando juega su selecci\u00f3n, en el espacio que reciben las noticias relacionadas al futbol en peri\u00f3dicos y en la televisi\u00f3n, comparada\u2026","rel":"","context":"En \u00abZ-Colaboradores\u00bb","block_context":{"text":"Z-Colaboradores","link":"https:\/\/webdelmaestrocmf.com\/portal\/category\/colaborador\/"},"img":{"alt_text":"","src":"https:\/\/i0.wp.com\/webdelmaestrocmf.com\/portal\/wp-content\/uploads\/2022\/06\/1-43.jpg?resize=350%2C200&ssl=1","width":350,"height":200,"srcset":"https:\/\/i0.wp.com\/webdelmaestrocmf.com\/portal\/wp-content\/uploads\/2022\/06\/1-43.jpg?resize=350%2C200&ssl=1 1x, https:\/\/i0.wp.com\/webdelmaestrocmf.com\/portal\/wp-content\/uploads\/2022\/06\/1-43.jpg?resize=525%2C300&ssl=1 1.5x, https:\/\/i0.wp.com\/webdelmaestrocmf.com\/portal\/wp-content\/uploads\/2022\/06\/1-43.jpg?resize=700%2C400&ssl=1 2x, https:\/\/i0.wp.com\/webdelmaestrocmf.com\/portal\/wp-content\/uploads\/2022\/06\/1-43.jpg?resize=1050%2C600&ssl=1 3x"},"classes":[]},{"id":117458,"url":"https:\/\/webdelmaestrocmf.com\/portal\/matematicas-con-sentido-descarga-las-fichas-de-matematicas-y-futbol\/","url_meta":{"origin":78878,"position":5},"title":"Matem\u00e1ticas con sentido: Descarga las fichas de matem\u00e1ticas y f\u00fatbol","author":"Web del Maestro CMF","date":"8 abril, 2026","format":false,"excerpt":"Recurso educativo que integra f\u00fatbol y matem\u00e1ticas con fichas listas para usar. Desarrolla c\u00e1lculo mental, razonamiento l\u00f3gico y motivaci\u00f3n estudiantil, facilitando clases din\u00e1micas, pr\u00e1cticas y significativas desde el primer momento.","rel":"","context":"En \u00abDescarga\u00bb","block_context":{"text":"Descarga","link":"https:\/\/webdelmaestrocmf.com\/portal\/category\/descarga\/"},"img":{"alt_text":"","src":"https:\/\/i0.wp.com\/webdelmaestrocmf.com\/portal\/wp-content\/uploads\/2026\/04\/1AA-Banner-1-portada-imagen-10-1-copia-3.webp?resize=350%2C200&ssl=1","width":350,"height":200,"srcset":"https:\/\/i0.wp.com\/webdelmaestrocmf.com\/portal\/wp-content\/uploads\/2026\/04\/1AA-Banner-1-portada-imagen-10-1-copia-3.webp?resize=350%2C200&ssl=1 1x, https:\/\/i0.wp.com\/webdelmaestrocmf.com\/portal\/wp-content\/uploads\/2026\/04\/1AA-Banner-1-portada-imagen-10-1-copia-3.webp?resize=525%2C300&ssl=1 1.5x, https:\/\/i0.wp.com\/webdelmaestrocmf.com\/portal\/wp-content\/uploads\/2026\/04\/1AA-Banner-1-portada-imagen-10-1-copia-3.webp?resize=700%2C400&ssl=1 2x, https:\/\/i0.wp.com\/webdelmaestrocmf.com\/portal\/wp-content\/uploads\/2026\/04\/1AA-Banner-1-portada-imagen-10-1-copia-3.webp?resize=1050%2C600&ssl=1 3x"},"classes":[]}],"_links":{"self":[{"href":"https:\/\/webdelmaestrocmf.com\/portal\/wp-json\/wp\/v2\/posts\/78878","targetHints":{"allow":["GET"]}}],"collection":[{"href":"https:\/\/webdelmaestrocmf.com\/portal\/wp-json\/wp\/v2\/posts"}],"about":[{"href":"https:\/\/webdelmaestrocmf.com\/portal\/wp-json\/wp\/v2\/types\/post"}],"author":[{"embeddable":true,"href":"https:\/\/webdelmaestrocmf.com\/portal\/wp-json\/wp\/v2\/users\/1"}],"replies":[{"embeddable":true,"href":"https:\/\/webdelmaestrocmf.com\/portal\/wp-json\/wp\/v2\/comments?post=78878"}],"version-history":[{"count":0,"href":"https:\/\/webdelmaestrocmf.com\/portal\/wp-json\/wp\/v2\/posts\/78878\/revisions"}],"wp:featuredmedia":[{"embeddable":true,"href":"https:\/\/webdelmaestrocmf.com\/portal\/wp-json\/wp\/v2\/media\/78882"}],"wp:attachment":[{"href":"https:\/\/webdelmaestrocmf.com\/portal\/wp-json\/wp\/v2\/media?parent=78878"}],"wp:term":[{"taxonomy":"category","embeddable":true,"href":"https:\/\/webdelmaestrocmf.com\/portal\/wp-json\/wp\/v2\/categories?post=78878"},{"taxonomy":"post_tag","embeddable":true,"href":"https:\/\/webdelmaestrocmf.com\/portal\/wp-json\/wp\/v2\/tags?post=78878"}],"curies":[{"name":"wp","href":"https:\/\/api.w.org\/{rel}","templated":true}]}}