{"id":78847,"date":"2022-07-24T22:23:09","date_gmt":"2022-07-25T02:23:09","guid":{"rendered":"https:\/\/webdelmaestrocmf.com\/portal\/?p=78847"},"modified":"2022-08-07T22:05:51","modified_gmt":"2022-08-08T02:05:51","slug":"edna-iturralde-en-mi-pais-las-maestras-y-maestros-son-los-abanderados-de-la-lectura","status":"publish","type":"post","link":"https:\/\/webdelmaestrocmf.com\/portal\/edna-iturralde-en-mi-pais-las-maestras-y-maestros-son-los-abanderados-de-la-lectura\/","title":{"rendered":"Edna Iturralde: En mi pa\u00eds, las maestras y maestros son los abanderados de la lectura"},"content":{"rendered":"<h5 style=\"text-align: justify;\">Edna Iturralde De Howitt (Quito, Ecuador 1948) es una escritora de literatura infantil y juvenil, novela hist\u00f3rica y pionera de la etnohistoria narrativa ecuatoriana. Es considerada hito de la literatura infantil y juvenil del Ecuador, pues sus cualidades literarias se manifestaron cuando era estudiante de quinto grado, escribi\u00f3 una comedia que sus compa\u00f1eras representaron ante los ni\u00f1os de la primaria. Ha escrito m\u00e1s de 60 libros y ha sido ganadora de la XXIV edici\u00f3n del Premio Cervantes Chico de Literatura Infantil y Juvenil 2020. (cf Wikipedia)<\/h5>\n<p><!--more--><\/p>\n<h5 style=\"text-align: justify;\">\u201cIturralde fund\u00f3 y dirigi\u00f3 la revista infantil La Cometa, ejerci\u00f3 de profesora de Escritura Creativa en la Universidad San Francisco de Quito y es, adem\u00e1s, fundadora de la Academia de Literatura Infantil y Juvenil del Ecuador y de la Uni\u00f3n de Escritores de Literatura Infantil. Ha sido nominada hasta en tres ocasiones para el prestigioso Premio Internacional ALMA y acaba de recibir el Premio Cervantes Chico. Su acercamiento a la multiculturalidad, a la historia y a las problem\u00e1ticas sociales y ambientales de Latinoam\u00e9rica hacen de ella un referente de las letras hispanas\u201d.<\/h5>\n<p style=\"text-align: justify;\">Gracias a la publicaci\u00f3n Aprendemos Juntos 2030 del BBVA y El Pa\u00eds (Espa\u00f1a), BBVA, compartimos con fines \u00fanicamente educativos y de formaci\u00f3n permanente, partes del di\u00e1logo entre la escritora Edna Iturralde y el concejal del Ayuntamiento de Henares (Espa\u00f1a) Jos\u00e9 Arjona. Ellos mantienen un di\u00e1logo por cerca de media hora sobre la importancia de la lectura, la etnohistoria narrativa, la tolerancia, la importancia de la conectividad para la educaci\u00f3n, y su experiencia al recibir el premio Cervantes 2020.<\/p>\n<p style=\"text-align: justify;\">En esta publicaci\u00f3n compartimos los enlaces del video completo y el momento m\u00e1s destacado, as\u00ed como partes del di\u00e1logo, que <strong>recomendamos leer \u00edntegramente en el t\u00edtulo que indicamos al final del art\u00edculo<\/strong>. Es nuestro prop\u00f3sito que esta publicaci\u00f3n sea una invitaci\u00f3n a seguir entusiasmados en nuestra formaci\u00f3n permanente, conociendo los aportes y la experiencia de especialistas cercanos al mundo educativo. Hacemos presente que las letras en negritas y cursivas son nuestras.<\/p>\n<h5 style=\"text-align: left;\">JOS\u00c9 ARJONA: &#8230; con m\u00e1s de sesenta libros publicados para ni\u00f1os y j\u00f3venes, \u00bfc\u00f3mo los atrapas para que les gusten tanto tus historias?<\/h5>\n<p style=\"text-align: justify;\"><strong>EDNA ITURRALDE<\/strong>: \u201c[&#8230;] Soy una persona muy lectora y eso tambi\u00e9n lo utilizo como experiencia para mi escritura. Tengo algunos temas, algunas tem\u00e1ticas en mis libros. Bueno, la principal, por la que soy m\u00e1s conocida, es la <strong>etnohistoria narrativa<\/strong>, la multiculturalidad. <strong>Tengo tambi\u00e9n de magia, ecologismo, social, temas sociales. <\/strong>[&#8230;] en Latinoam\u00e9rica existen m\u00e1s de un mill\u00f3n de ni\u00f1os en la calle. Y entonces, yo quise darles vida, hacerles conocer, que la gente abra los ojos y que conozca sobre este tema. [&#8230;] <strong>quiero ser un puente entre las etnias,<\/strong> entre las nacionalidades que existen en mi pa\u00eds, para que nos conozcamos, no para ser diferentes. Lo que yo quiero es acercamiento, porque <strong>lo que se conoce, se respeta, y lo que se respeta, se ama<\/strong>\u201d.<\/p>\n<p style=\"text-align: justify;\">Publicaci\u00f3n recomendada:<\/p>\n<p><iframe loading=\"lazy\" class=\"wp-embedded-content\" title=\"\u00abNo hay otro modo de apropiarte de palabras nuevas si no es leyendo\u00bb \u2014 Web del Maestro CMF\" src=\"https:\/\/webdelmaestrocmf.com\/portal\/no-hay-otro-modo-de-apropiarte-de-palabras-nuevas-si-no-es-leyendo\/embed\/#?secret=nJZBHRDFk4\" width=\"100%\" height=\"270\" frameborder=\"0\" marginwidth=\"0\" marginheight=\"0\" scrolling=\"no\" sandbox=\"allow-scripts\" data-secret=\"nJZBHRDFk4\"><span data-mce-type=\"bookmark\" style=\"display: inline-block; width: 0px; overflow: hidden; line-height: 0;\" class=\"mce_SELRES_start\">\ufeff<\/span><\/iframe><script type=\"text\/javascript\">\n\/*! This file is auto-generated *\/\n!function(c,l){\"use strict\";var e=!1,o=!1;if(l.querySelector)if(c.addEventListener)e=!0;if(c.wp=c.wp||{},c.wp.receiveEmbedMessage);else if(c.wp.receiveEmbedMessage=function(e){var t=e.data;if(!t);else if(!(t.secret||t.message||t.value));else if(\/[^a-zA-Z0-9]\/.test(t.secret));else{for(var r,s,a,i=l.querySelectorAll('iframe[data-secret=\"'+t.secret+'\"]'),n=l.querySelectorAll('blockquote[data-secret=\"'+t.secret+'\"]'),o=0;o<n.length;o++)n[o].style.display=\"none\";for(o=0;o<i.length;o++)if(r=i[o],e.source!==r.contentWindow);else{if(r.removeAttribute(\"style\"),\"height\"===t.message){if(1e3<(s=parseInt(t.value,10)))s=1e3;else if(~~s<200)s=200;r.height=s}if(\"link\"===t.message)if(s=l.createElement(\"a\"),a=l.createElement(\"a\"),s.href=r.getAttribute(\"src\"),a.href=t.value,a.host===s.host)if(l.activeElement===r)c.top.location.href=t.value}}},e)c.addEventListener(\"message\",c.wp.receiveEmbedMessage,!1),l.addEventListener(\"DOMContentLoaded\",t,!1),c.addEventListener(\"load\",t,!1);function t(){if(o);else{o=!0;for(var e,t,r,s=-1!==navigator.appVersion.indexOf(\"MSIE 10\"),a=!!navigator.userAgent.match(\/Trident.*rv:11\\.\/),i=l.querySelectorAll(\"iframe.wp-embedded-content\"),n=0;n<i.length;n++){if(!(r=(t=i[n]).getAttribute(\"data-secret\")))r=Math.random().toString(36).substr(2,10),t.src+=\"#?secret=\"+r,t.setAttribute(\"data-secret\",r);if(s||a)(e=t.cloneNode(!0)).removeAttribute(\"security\"),t.parentNode.replaceChild(e,t);t.contentWindow.postMessage({message:\"ready\",secret:r},\"*\")}}}}(window,document);\n<\/script><\/p>\n<h5 style=\"text-align: left;\">JOS\u00c9 ARJONA: ... ahondando en el tema de la tolerancia, [...] \u00bfCrees que la lectura, la literatura, la conversaci\u00f3n, las palabras, ayudan a que este valor sea fundamental entre nuestros ni\u00f1os y j\u00f3venes?<\/h5>\n<p style=\"text-align: justify;\"><strong>EDNA ITURRALDE<\/strong>: \u201c[...] Yo tendr\u00eda momentos en que los muchachos pueden utilizar el m\u00f3vil y momentos en que se lo quitar\u00eda. Porque si t\u00fa vas a un restaurante, t\u00fa ves que est\u00e1 una familia con pap\u00e1, mam\u00e1, tres hijos\u2026 y todos est\u00e1n viendo el m\u00f3vil, y nadie est\u00e1 conversando. Entonces, verdaderamente <strong>me parece que se ha perdido el h\u00e1bito de la conversaci\u00f3n y vivimos unos mundos completamente solitarios<\/strong>. Mira, la lectura es sumamente importante. Cuando los padres se sientan a leer con sus hijos, cuando son peque\u00f1os, esa intimidad que hay y que no se ve <strong>cortada por tantos artefactos t\u00e9cnicos que existen\u2026<\/strong> Eso de que en una escuela la maestra, <strong>el maestro lee con sus alumnos, ese es un acercamiento, es maravilloso.<\/strong> Y eso no deber\u00eda perderse. [...] para combatir el individualismo es esa <strong>lectura compartida<\/strong>. Es esa lectura que deber\u00eda, en mi opini\u00f3n, pues deber\u00eda existir, porque la lectura se compart\u00eda, hace much\u00edsimos a\u00f1os. <strong>La gente se reun\u00eda para escuchar a alguien leer <\/strong>[...] pero muchas veces no tenemos la oportunidad, o no damos oportunidad a los ni\u00f1os de que escuchen la lectura\u201d.<\/p>\n<h5 style=\"text-align: left;\">LAS HISTORIAS SON GRANDES PUENTES PARA ACERCAR CULTURAS (MOMENTO DESTACADO 06\u00b4 03\u201d)<\/h5>\n<p><iframe loading=\"lazy\" title=\"Las historias son grandes puentes para acercar culturas. Edna Iturralde, escritora\" src=\"https:\/\/www.youtube.com\/embed\/9ktVJ6x-no8\" width=\"100%\" height=\"400\" frameborder=\"0\" allowfullscreen=\"allowfullscreen\"><span data-mce-type=\"bookmark\" style=\"display: inline-block; width: 0px; overflow: hidden; line-height: 0;\" class=\"mce_SELRES_start\">\ufeff<\/span><\/iframe><\/p>\n<h5 style=\"text-align: left;\">JOS\u00c9 ARJONA: ... \u00bfc\u00f3mo armas las historias? \u00bfD\u00f3nde sacas los personajes? \u00bfC\u00f3mo desarrollas las historias? \u00bfC\u00f3mo inventas tan bien?<\/h5>\n<p style=\"text-align: justify;\"><strong>EDNA ITURRALDE<\/strong>: \u201cMira, el secreto que tengo\u2026 A ver, \u00bfcu\u00e1l es mi secreto? \u00bfMi entusiasmo, mi pasi\u00f3n por escribir? No s\u00e9. Es una pasi\u00f3n que me llega, que me llena, que me llena. <strong>Yo adoro escribir, me encanta. El secreto es que nunca hago un borrador. Nunca he hecho un borrador<\/strong>. Me siento delante de\u2026 ustedes lo llaman ordenador, nosotros decimos computadora. Me siento delante y empiezo a escribir. Y claro, los libros de los cuales he tenido que hacer mucha investigaci\u00f3n, pues tengo alrededor m\u00edo lo que se trata: si son libros ecol\u00f3gicos, pues de <strong>los animales, los bosques, toda la informaci\u00f3n que yo podr\u00eda necesitar, que es real.<\/strong> Pero <strong>la parte de imaginaci\u00f3n yo me voy y muchas veces no s\u00e9 qu\u00e9 voy a comenzar, c\u00f3mo voy a comenzar.<\/strong> [...] No s\u00e9, me puedo imaginar que es como una m\u00fasica que vas a escribir. [...] \u201d.<\/p>\n<h5 style=\"text-align: left;\">JOS\u00c9 ARJONA: ... Cu\u00e9ntanos c\u00f3mo podemos, desde las clases y desde las familias, motivar no s\u00f3lo para la lectura, sino que los ni\u00f1os aprendan la importancia de tambi\u00e9n saber escribir.<\/h5>\n<p style=\"text-align: justify;\"><strong>EDNA ITURRALDE<\/strong>: [...] Mira, la mejor manera de motivar a los ni\u00f1os a la lectura es muy sencilla: hay que darles libros. <strong>Si no das libros a los ni\u00f1os, los ni\u00f1os no van a ser lectores.<\/strong> Y temo contarte que, por lo menos <strong>en mi pa\u00eds, las maestras y maestros son los abanderados de la lectura <\/strong>y muchas veces los padres de familia no est\u00e1n tan interesados en comprar libros. Y menos en formar peque\u00f1as <strong>bibliotecas en la casa.<\/strong> Pero son los maestros y maestras los que lo hacen, porque <strong>sin libros definitivamente no hay lectores<\/strong>. Y yo creo que cuando se lee, aunque no te guste, aunque al adulto no le guste la lectura, <strong>debe leer con entusiasmo<\/strong>. Yo <strong>he conversado a veces con maestras que me han dicho: \u201cEs que yo no puedo hacer voces\u201d.<\/strong> Pues no importa no hacer voces, eso no importa. Lo importante es quedarte calladito de que no te gusta la lectura, jam\u00e1s decir eso y <strong>leer con entusiasmo<\/strong>. Eso es primordial. Y dar libros a los ni\u00f1os. [...] Si no les das libros, si no les das el h\u00e1bito de la lectura, porque la lectura es un h\u00e1bito, que, si bien es cierto, <strong>es mejor desde m\u00e1s temprana edad<\/strong>, pero si no han comenzado a m\u00e1s temprana edad, <strong>en cualquier momento se puede obtener un h\u00e1bito,<\/strong> pero alguien tiene que ayudar. [...] es muy posible para los ni\u00f1os escribir y hacerlo con much\u00edsimo gusto. [...] yo les aconsejo a ellos escribir todos los d\u00edas, aunque sea un pedacito. [...] inv\u00e9ntate un diario. Inv\u00e9ntate. Dices lo que t\u00fa quieras que te haya sucedido: que ibas caminando por la acera y de repente te ca\u00edste en un agujero y que apareciste en otro pa\u00eds, o cualquier cosa. Y despu\u00e9s poner: \u201cContinuar\u00e1 al d\u00eda siguiente\u201d. Y al d\u00eda siguiente contin\u00faas otra vez, un p\u00e1rrafo, y luego poco a poco tendr\u00e1s un cuentito. As\u00ed, de esa manera, pues yo creo que tambi\u00e9n <strong>escribir ser\u00eda un h\u00e1bito que puede entrarle a los ni\u00f1os con much\u00edsimo gusto, siempre y cuando se los apoye.<\/strong> Pero aqu\u00ed hay una cosa, un secreto a voces: que <strong>no hay c\u00f3mo ser escritor sin ser lector<\/strong>. Eso es imposible, eso no se puede\u201d.<\/p>\n<p style=\"text-align: justify;\">Publicaci\u00f3n recomendada:<\/p>\n<p><iframe loading=\"lazy\" class=\"wp-embedded-content\" title=\"\u00abEn las escuelas tienen una lista de lectura aburrid\u00edsima, pasada de moda\u00bb \u2014 Web del Maestro CMF\" src=\"https:\/\/webdelmaestrocmf.com\/portal\/en-las-escuelas-tienen-una-lista-de-lectura-aburridisima-pasada-de-moda\/embed\/#?secret=M3MILYrzDZ\" width=\"100%\" height=\"270\" frameborder=\"0\" marginwidth=\"0\" marginheight=\"0\" scrolling=\"no\" sandbox=\"allow-scripts\" data-secret=\"M3MILYrzDZ\"><span data-mce-type=\"bookmark\" style=\"display: inline-block; width: 0px; overflow: hidden; line-height: 0;\" class=\"mce_SELRES_start\">\ufeff<\/span><\/iframe><script type=\"text\/javascript\">\n\/*! This file is auto-generated *\/\n!function(c,l){\"use strict\";var e=!1,o=!1;if(l.querySelector)if(c.addEventListener)e=!0;if(c.wp=c.wp||{},c.wp.receiveEmbedMessage);else if(c.wp.receiveEmbedMessage=function(e){var t=e.data;if(!t);else if(!(t.secret||t.message||t.value));else if(\/[^a-zA-Z0-9]\/.test(t.secret));else{for(var r,s,a,i=l.querySelectorAll('iframe[data-secret=\"'+t.secret+'\"]'),n=l.querySelectorAll('blockquote[data-secret=\"'+t.secret+'\"]'),o=0;o<n.length;o++)n[o].style.display=\"none\";for(o=0;o<i.length;o++)if(r=i[o],e.source!==r.contentWindow);else{if(r.removeAttribute(\"style\"),\"height\"===t.message){if(1e3<(s=parseInt(t.value,10)))s=1e3;else if(~~s<200)s=200;r.height=s}if(\"link\"===t.message)if(s=l.createElement(\"a\"),a=l.createElement(\"a\"),s.href=r.getAttribute(\"src\"),a.href=t.value,a.host===s.host)if(l.activeElement===r)c.top.location.href=t.value}}},e)c.addEventListener(\"message\",c.wp.receiveEmbedMessage,!1),l.addEventListener(\"DOMContentLoaded\",t,!1),c.addEventListener(\"load\",t,!1);function t(){if(o);else{o=!0;for(var e,t,r,s=-1!==navigator.appVersion.indexOf(\"MSIE 10\"),a=!!navigator.userAgent.match(\/Trident.*rv:11\\.\/),i=l.querySelectorAll(\"iframe.wp-embedded-content\"),n=0;n<i.length;n++){if(!(r=(t=i[n]).getAttribute(\"data-secret\")))r=Math.random().toString(36).substr(2,10),t.src+=\"#?secret=\"+r,t.setAttribute(\"data-secret\",r);if(s||a)(e=t.cloneNode(!0)).removeAttribute(\"security\"),t.parentNode.replaceChild(e,t);t.contentWindow.postMessage({message:\"ready\",secret:r},\"*\")}}}}(window,document);\n<\/script><\/p>\n<h5 style=\"text-align: left;\">JOS\u00c9 ARJONA: ... Vivimos, y est\u00e1s escribiendo para una generaci\u00f3n, ni\u00f1os y j\u00f3venes, que van a tener el reto de cuidar y proteger este medio ambiente. \u00bfC\u00f3mo la literatura, la literatura que escribes, puede ayudarlos?<\/h5>\n<p style=\"text-align: justify;\"><strong>EDNA ITURRALDE<\/strong>: \u201cBueno, t\u00fa sabes que les va a inspirar, les va a hacer conocer. <strong>Sin conocer las cosas, pues no se puede ayudar<\/strong>. Tienes que conocer el problema para poderlo ayudar. Yo tengo un libro sobre los animales en peligro de extinci\u00f3n, que se llama \u2018Un d\u00eda m\u00e1s y otras historias\u2019. Y no veas c\u00f3mo <strong>ha ayudado a los ni\u00f1os a comprender tantas cosas que no sabemos y a dolerse, justamente, de los animales que est\u00e1n en peligro de extinci\u00f3n.<\/strong> Y nuevamente libros como \u2018Cuentos del Yasun\u00ed\u2019 o \u2018Verde fue mi selva\u2019 o \u2018Mar\u00eda Manglar\u2019 son libros en los que se trata <strong>qu\u00e9 sucede cuando hay derrames de petr\u00f3leo en los r\u00edos<\/strong>, qu\u00e9 sucede cuando hay <strong>tala de \u00e1rboles<\/strong> y no solamente est\u00e1n en peligro de extinci\u00f3n los animalitos y la vegetaci\u00f3n, sino que tambi\u00e9n est\u00e1n en peligro de extinci\u00f3n los seres que viven ah\u00ed\u201d.<\/p>\n<h5 style=\"text-align: left;\">LITERATURA PARA UN MUNDO M\u00c1S SOSTENIBLE Y TOLERANTE (ENTREVISTA COMPLETA\u00a0 30\u00b4 11\u201d)<\/h5>\n<p><iframe loading=\"lazy\" title=\"V. Completa. Literatura para un mundo m\u00e1s sostenible y tolerante. Edna Iturralde, escritora\" src=\"https:\/\/www.youtube.com\/embed\/1_qL7i4I0tg\" width=\"100%\" height=\"400\" frameborder=\"0\" allowfullscreen=\"allowfullscreen\"><span data-mce-type=\"bookmark\" style=\"display: inline-block; width: 0px; overflow: hidden; line-height: 0;\" class=\"mce_SELRES_start\">\ufeff<\/span><\/iframe><\/p>\n<h5 style=\"text-align: left;\">JOS\u00c9 ARJONA: ... Y ya que has estado en Alcal\u00e1 de Henares, \u00bfqu\u00e9 conoces de nuestro escritor, Cervantes y El Quijote? Y \u00bfc\u00f3mo puede ser un recurso importante para los ni\u00f1os y los j\u00f3venes?<\/h5>\n<p style=\"text-align: justify;\"><strong>EDNA ITURRALDE<\/strong>: \u201c[...] yo me siento absolutamente feliz de haber recibido este premio. Me siento sumamente honrada, estoy encantada. Y yo hab\u00eda contado una peque\u00f1a an\u00e9cdota de, justamente, esta uni\u00f3n entre Iberoam\u00e9rica y\u2026 en Iberoam\u00e9rica, entre el continente americano y Espa\u00f1a. [...] <strong>El Quijote, que es un personaje que yo lo amo.<\/strong> Y tambi\u00e9n sobre los malos tiempos que ahora estamos viviendo, tambi\u00e9n hay un pasaje esperanzador en que le dice a Sancho tambi\u00e9n: \u201cMalos tiempos hemos pasado, pero\u2026\u201d, m\u00e1s o menos dice: \u201cBuenos, mejores vendr\u00e1n\u201d. Entonces\u2026 Pues s\u00ed\u201d.<\/p>\n<p style=\"text-align: justify;\">Publicaci\u00f3n relacionada:<\/p>\n<p style=\"text-align: justify;\"><iframe loading=\"lazy\" class=\"wp-embedded-content\" title=\"\u00abEmilia Ferreiro: Si los docentes no leen, son incapaces de transmitir el placer de la lectura\u00bb \u2014 Web del Maestro CMF\" src=\"https:\/\/webdelmaestrocmf.com\/portal\/si-los-docentes-no-leen-son-incapaces-de-transmitir-el-placer-de-la-lectura\/embed\/#?secret=80l3vLrqRy\" width=\"100%\" height=\"270\" frameborder=\"0\" marginwidth=\"0\" marginheight=\"0\" scrolling=\"no\" sandbox=\"allow-scripts\" data-secret=\"80l3vLrqRy\"><span data-mce-type=\"bookmark\" style=\"display: inline-block; width: 0px; overflow: hidden; line-height: 0;\" class=\"mce_SELRES_start\">\ufeff<\/span><\/iframe><script type=\"text\/javascript\">\n\/*! This file is auto-generated *\/\n!function(c,l){\"use strict\";var e=!1,o=!1;if(l.querySelector)if(c.addEventListener)e=!0;if(c.wp=c.wp||{},c.wp.receiveEmbedMessage);else if(c.wp.receiveEmbedMessage=function(e){var t=e.data;if(!t);else if(!(t.secret||t.message||t.value));else if(\/[^a-zA-Z0-9]\/.test(t.secret));else{for(var r,s,a,i=l.querySelectorAll('iframe[data-secret=\"'+t.secret+'\"]'),n=l.querySelectorAll('blockquote[data-secret=\"'+t.secret+'\"]'),o=0;o<n.length;o++)n[o].style.display=\"none\";for(o=0;o<i.length;o++)if(r=i[o],e.source!==r.contentWindow);else{if(r.removeAttribute(\"style\"),\"height\"===t.message){if(1e3<(s=parseInt(t.value,10)))s=1e3;else if(~~s<200)s=200;r.height=s}if(\"link\"===t.message)if(s=l.createElement(\"a\"),a=l.createElement(\"a\"),s.href=r.getAttribute(\"src\"),a.href=t.value,a.host===s.host)if(l.activeElement===r)c.top.location.href=t.value}}},e)c.addEventListener(\"message\",c.wp.receiveEmbedMessage,!1),l.addEventListener(\"DOMContentLoaded\",t,!1),c.addEventListener(\"load\",t,!1);function t(){if(o);else{o=!0;for(var e,t,r,s=-1!==navigator.appVersion.indexOf(\"MSIE 10\"),a=!!navigator.userAgent.match(\/Trident.*rv:11\\.\/),i=l.querySelectorAll(\"iframe.wp-embedded-content\"),n=0;n<i.length;n++){if(!(r=(t=i[n]).getAttribute(\"data-secret\")))r=Math.random().toString(36).substr(2,10),t.src+=\"#?secret=\"+r,t.setAttribute(\"data-secret\",r);if(s||a)(e=t.cloneNode(!0)).removeAttribute(\"security\"),t.parentNode.replaceChild(e,t);t.contentWindow.postMessage({message:\"ready\",secret:r},\"*\")}}}}(window,document);\n<\/script><\/p>\n<p style=\"text-align: justify;\"><strong>JOS\u00c9 ARJONA: \u00bfC\u00f3mo es para ti de importante la educaci\u00f3n?<\/strong><\/p>\n<p style=\"text-align: justify;\"><strong>EDNA ITURRALDE<\/strong>: \u201cBueno, <strong>para m\u00ed es important\u00edsima la educaci\u00f3n<\/strong> y verdaderamente que me duele mucho saber\u2026 He visto los n\u00fameros, que durante la pandemia\u2026 Hay doscientos millones de estudiantes en Latinoam\u00e9rica, y <strong>durante la pandemia<\/strong> veintiocho millones de ni\u00f1os y ni\u00f1as, pues <strong>ha sido cero su educaci\u00f3n.<\/strong> Ha bajado la educaci\u00f3n, porque ha sido muy dif\u00edcil mantenerla en la casa, especialmente en Latinoam\u00e9rica, especialmente en pa\u00edses como el m\u00edo, donde no todo el mundo tiene Internet, no todo el mundo tiene un tel\u00e9fono celular o m\u00f3vil. Entonces, es muy complicado. Y en otras partes tambi\u00e9n, que la gente tiene que acercarse para poder tener un wifi y poder seguir las clases. Pues para m\u00ed <strong>la educaci\u00f3n es lo m\u00e1s importante y es un derecho que tienen los ni\u00f1os y las ni\u00f1as del mundo, a la educaci\u00f3n.<\/strong> Es un derecho. Y entonces me parece sumamente importante todo lo que podamos hacer en referencia a la educaci\u00f3n. <strong>Todo lo que se pueda hacer se queda corto con la importancia que tiene la educaci\u00f3n<\/strong>\u201d.<\/p>\n<h5 style=\"text-align: left;\">JOS\u00c9 ARJONA: ... \u00bfcrees que necesitamos la literatura y la lectura m\u00e1s de lo que pens\u00e1bamos?<\/h5>\n<p style=\"text-align: justify;\"><strong>EDNA ITURRALDE<\/strong>: \u201cBueno, ustedes aqu\u00ed s\u00ed. Me parece maravilloso, he escuchado ayer, justamente cuando recib\u00ed el premio, escuch\u00e9 a una madre de familia, <strong>escuch\u00e9 a unos maestros hablar, lo importante que ha sido aqu\u00ed en Espa\u00f1a la lectura,<\/strong> c\u00f3mo crecieron los lectores. Y les felicito. Me parece algo verdaderamente maravilloso\u201d.<\/p>\n<h5 style=\"text-align: left;\">JOS\u00c9 ARJONA: ... en tus cuentos destacas sobremanera, de la importancia de ser tolerante con el otro, del valor de la tolerancia entre unos y otros.<\/h5>\n<p style=\"text-align: justify;\"><strong>EDNA ITURRALDE:<\/strong> \u201cDe poderse poner en los zapatos del otro, como se dice vulgarmente. <strong>La tolerancia es uno de los valores m\u00e1s importantes para lograr la paz<\/strong>. Y la paz, como t\u00fa sabes, es lo que hace crecer al mundo. Es lo que debemos a los ni\u00f1os, es lo que debemos dejar a los ni\u00f1os y ni\u00f1as del mundo. O tratar por lo menos de dejar una paz. Y es a trav\u00e9s de la tolerancia\u201d.<\/p>\n<p style=\"text-align: justify;\">La transcripci\u00f3n completa de este di\u00e1logo, que sugerimos leer, lo encontrar\u00e1 en este enlace<strong>:<\/strong> <a href=\"https:\/\/aprendemosjuntos.elpais.com\/especial\/las-historias-son-grandes-puentes-para-acercar-culturas\/\" target=\"_blank\" rel=\"noopener\"><strong>LAS HISTORIAS SON GRANDES PUENTES PARA ACERCAR CULTURAS<\/strong><\/a><\/p>\n<p style=\"text-align: justify;\">Esta publicaci\u00f3n corresponde a<a href=\"http:\/\/webdelmaestrocmf.com\/portal\/serie-de-videos-aprendamos-juntos-para-sumar-por-la-educacion\/\" target=\"_blank\" rel=\"noopener\"><strong> SERIE DE VIDEOS: APRENDAMOS JUNTOS, PARA SUMAR POR LA EDUCACI\u00d3N<\/strong><\/a><\/p>\n<p style=\"text-align: center;\">\u201cMe gusta escribir sobre todos los temas. Mi \u00faltimo libro publicado \u2018El puente de los coyotes\u2019, de Santillana, trata sobre la inmigraci\u00f3n de los j\u00f3venes en El Salvador, empujados por las pandillas\u201d. (17\/05\/2020)<\/p>\n<p style=\"text-align: justify;\"><strong>NOTA DE REDACCI\u00d3N:<\/strong> Las ideas y opiniones expresadas en este di\u00e1logo, no son necesariamente las de la Web del Maestro CMF, y no comprometen en modo alguno sus pol\u00edticas de formaci\u00f3n permanente y revalorizaci\u00f3n de la tarea docente. Sugerimos a nuestros lectores conocer la identidad de su autor, para tener mayores elementos de juicio y la pertinencia que ayude a su reflexi\u00f3n desde su realidad educativa.<\/p>\n<p style=\"text-align: right;\"><strong>REDACCI\u00d3N WEB DEL MAESTRO CMF<\/strong><\/p>\n\t\t<div class=\"pk-inline-posts\">\n\t\t\t\n\t\t\t<div class=\"pk-inline-posts-container pk-inline-posts-template-list\"\n\t\t\t\tdata-columns=\"1\">\n\t\t\t\t\t\t<article id=\"post-95717\" class=\"post-95717 post type-post status-publish format-video has-post-thumbnail category-charlas tag-aprendamos-juntos tag-aprendemos-juntos-2030 tag-aprender tag-aprendizaje tag-bbva tag-calificacion-por-notas tag-cerebro tag-compresion tag-descanso tag-dislexia tag-dormir tag-entrevista tag-error tag-escritura tag-fonologia tag-lectura tag-lenguaje-oral tag-matematica tag-memoria tag-neurociencia tag-neurona tag-para-sumar-por-la-educacion tag-pensamiento tag-sinapsis tag-stanislas-dehaene tag-sueno tag-tecnologia tag-videos post_format-post-format-video cs-entry cs-video-wrap\">\n\t\t\t<div class=\"pk-post-outer\">\n\n\t\t\t\t\t\t\t\t<div class=\"pk-post-inner\">\n\t\t\t\t\t<div class=\"entry-thumbnail\">\n\t\t\t\t\t\t<div class=\"pk-overlay pk-overlay-ratio pk-ratio-landscape\">\n\t\t\t\t\t\t\t<div class=\"pk-overlay-background\">\n\t\t\t\t\t\t\t\t<a href=\"https:\/\/webdelmaestrocmf.com\/portal\/stanislas-dehaene-el-mayor-talento-de-un-profesor-es-ser-capaz-de-dirigir-la-atencion-del-alumno-hacia-el-nivel-correcto\/\" class=\"pk-overlay-link\">\n\t\t\t\t\t\t\t\t\t<img loading=\"lazy\" decoding=\"async\" width=\"300\" height=\"225\" src=\"https:\/\/webdelmaestrocmf.com\/portal\/wp-content\/uploads\/2024\/02\/1AA-Banner-1-portada-imagen-10-1-copia-300x225.webp\" class=\"attachment-pk-thumbnail size-pk-thumbnail wp-post-image\" alt=\"\" \/>\t\t\t\t\t\t\t\t<\/a>\n\t\t\t\t\t\t\t<\/div>\n\t\t\t\t\t\t<\/div>\n\t\t\t\t\t<\/div>\n\t\t\t\t<\/div>\n\t\t\t\t\n\t\t\t\t<div class=\"pk-post-inner\">\n\t\t\t\t\t<header>\n\t\t\t\t\t\t<h3 class=\"pk-title\"><a href=\"https:\/\/webdelmaestrocmf.com\/portal\/stanislas-dehaene-el-mayor-talento-de-un-profesor-es-ser-capaz-de-dirigir-la-atencion-del-alumno-hacia-el-nivel-correcto\/\" rel=\"bookmark\">Stanislas Dehaene: El mayor talento de un profesor es ser capaz de dirigir la atenci\u00f3n del alumno, hacia el nivel correcto<\/a><\/h3>\t\t\t\t\t<\/header><!-- .entry-header -->\n\t\t\t\t<\/div><!-- .post-inner -->\n\n\t\t\t<\/div><!-- .post-outer -->\n\t\t<\/article>\n\t\t\t\t<\/div>\n\t\t<\/div>\n\t\t\n","protected":false},"excerpt":{"rendered":"Edna Iturralde De Howitt (Quito, Ecuador 1948) es una escritora de literatura infantil y juvenil, novela hist\u00f3rica y&hellip;","protected":false},"author":1,"featured_media":79212,"comment_status":"open","ping_status":"closed","sticky":false,"template":"","format":"video","meta":{"csco_display_header_overlay":false,"csco_singular_sidebar":"disabled","csco_page_header_type":"standard","csco_page_load_nextpost":"default","csco_post_video_location":[],"csco_post_video_location_hash":"","csco_post_video_url":"","csco_post_video_bg_start_time":0,"csco_post_video_bg_end_time":0,"csco_post_video_bg_volume":false,"_jetpack_memberships_contains_paid_content":false,"footnotes":""},"categories":[3453],"tags":[1652,3461,14886,1899,14887,5805,284,14888,406,14180,3612,4863,3544,14885,5076,2773],"class_list":{"0":"post-78847","1":"post","2":"type-post","3":"status-publish","4":"format-video","5":"has-post-thumbnail","7":"category-charlas","8":"tag-america-latina","9":"tag-aprendamos-juntos","10":"tag-aprendemos-juntos-2030","11":"tag-comunicacion","12":"tag-edana-iturralde","13":"tag-educacion-a-distancia","14":"tag-entrevista","15":"tag-etnohistoria-narrativa","16":"tag-lectura","17":"tag-linguistica","18":"tag-medio-ambiente","19":"tag-pandemia","20":"tag-para-sumar-por-la-educacion","21":"tag-seccion-bbva","22":"tag-tolerancia","23":"tag-videos","24":"post_format-post-format-video","25":"cs-entry","26":"cs-video-wrap"},"yoast_head":"<!-- This site is optimized with the Yoast SEO plugin v27.5 - https:\/\/yoast.com\/product\/yoast-seo-wordpress\/ -->\n<title>Edna Iturralde: En mi pa\u00eds, las maestras y maestros son los abanderados de la lectura - 2026<\/title>\n<meta name=\"description\" content=\"Comunidad de Maestros, Docentes y Profesores, en donde encontrar\u00e1s material, informaci\u00f3n y noticias del \u00e1mbito nacional y mundial.\" \/>\n<meta name=\"robots\" content=\"index, follow, max-snippet:-1, max-image-preview:large, max-video-preview:-1\" \/>\n<link rel=\"canonical\" href=\"https:\/\/webdelmaestrocmf.com\/portal\/edna-iturralde-en-mi-pais-las-maestras-y-maestros-son-los-abanderados-de-la-lectura\/\" \/>\n<meta property=\"og:locale\" content=\"es_ES\" \/>\n<meta property=\"og:type\" content=\"article\" \/>\n<meta property=\"og:title\" content=\"Edna Iturralde: En mi pa\u00eds, las maestras y maestros son los abanderados de la lectura - 2026\" \/>\n<meta property=\"og:description\" content=\"Comunidad de Maestros, Docentes y Profesores, en donde encontrar\u00e1s material, informaci\u00f3n y noticias del \u00e1mbito nacional y mundial.\" \/>\n<meta property=\"og:url\" content=\"https:\/\/webdelmaestrocmf.com\/portal\/edna-iturralde-en-mi-pais-las-maestras-y-maestros-son-los-abanderados-de-la-lectura\/\" \/>\n<meta property=\"og:site_name\" content=\"Web del Maestro CMF\" \/>\n<meta property=\"article:publisher\" content=\"https:\/\/www.facebook.com\/WebdelMaestroCMF\/\" \/>\n<meta property=\"article:author\" content=\"https:\/\/www.facebook.com\/WebdelMaestroCMF\/\" \/>\n<meta property=\"article:published_time\" content=\"2022-07-25T02:23:09+00:00\" \/>\n<meta property=\"article:modified_time\" content=\"2022-08-08T02:05:51+00:00\" \/>\n<meta property=\"og:image\" content=\"https:\/\/i0.wp.com\/webdelmaestrocmf.com\/portal\/wp-content\/uploads\/2022\/07\/1a-41.jpg?fit=1100%2C680&ssl=1\" \/>\n\t<meta property=\"og:image:width\" content=\"1100\" \/>\n\t<meta property=\"og:image:height\" content=\"680\" \/>\n\t<meta property=\"og:image:type\" content=\"image\/jpeg\" \/>\n<meta name=\"author\" content=\"Web del Maestro CMF\" \/>\n<meta name=\"twitter:card\" content=\"summary_large_image\" \/>\n<meta name=\"twitter:creator\" content=\"@cmf_w\" \/>\n<meta name=\"twitter:site\" content=\"@cmf_w\" \/>\n<script type=\"application\/ld+json\" class=\"yoast-schema-graph\">{\"@context\":\"https:\\\/\\\/schema.org\",\"@graph\":[{\"@type\":\"ScholarlyArticle\",\"@id\":\"https:\\\/\\\/webdelmaestrocmf.com\\\/portal\\\/edna-iturralde-en-mi-pais-las-maestras-y-maestros-son-los-abanderados-de-la-lectura\\\/#article\",\"isPartOf\":{\"@id\":\"https:\\\/\\\/webdelmaestrocmf.com\\\/portal\\\/edna-iturralde-en-mi-pais-las-maestras-y-maestros-son-los-abanderados-de-la-lectura\\\/\"},\"author\":{\"name\":\"Web del Maestro CMF\",\"@id\":\"https:\\\/\\\/webdelmaestrocmf.com\\\/portal\\\/#\\\/schema\\\/person\\\/1072a2ed7bd960df8ef99a551fa35dc5\"},\"headline\":\"Edna Iturralde: En mi pa\u00eds, las maestras y maestros son los abanderados de la lectura\",\"datePublished\":\"2022-07-25T02:23:09+00:00\",\"dateModified\":\"2022-08-08T02:05:51+00:00\",\"mainEntityOfPage\":{\"@id\":\"https:\\\/\\\/webdelmaestrocmf.com\\\/portal\\\/edna-iturralde-en-mi-pais-las-maestras-y-maestros-son-los-abanderados-de-la-lectura\\\/\"},\"wordCount\":2263,\"commentCount\":2,\"publisher\":{\"@id\":\"https:\\\/\\\/webdelmaestrocmf.com\\\/portal\\\/#organization\"},\"image\":{\"@id\":\"https:\\\/\\\/webdelmaestrocmf.com\\\/portal\\\/edna-iturralde-en-mi-pais-las-maestras-y-maestros-son-los-abanderados-de-la-lectura\\\/#primaryimage\"},\"thumbnailUrl\":\"https:\\\/\\\/webdelmaestrocmf.com\\\/portal\\\/wp-content\\\/uploads\\\/2022\\\/07\\\/1a-41.jpg\",\"keywords\":[\"AM\u00c9RICA LATINA\",\"APRENDAMOS JUNTOS\",\"Aprendemos juntos 2030\",\"COMUNICACI\u00d3N\",\"Edana Iturralde\",\"Educaci\u00f3n a distancia\",\"Entrevista\",\"Etnohistoria narrativa\",\"lectura\",\"LING\u00dc\u00cdSTICA\",\"MEDIO AMBIENTE\",\"pandemia\",\"PARA SUMAR POR LA EDUCACI\u00d3N\",\"SECCI\u00d3N BBVA\",\"tolerancia\",\"VIDEOS\"],\"articleSection\":[\"Charlas\"],\"inLanguage\":\"es\",\"potentialAction\":[{\"@type\":\"CommentAction\",\"name\":\"Comment\",\"target\":[\"https:\\\/\\\/webdelmaestrocmf.com\\\/portal\\\/edna-iturralde-en-mi-pais-las-maestras-y-maestros-son-los-abanderados-de-la-lectura\\\/#respond\"]}]},{\"@type\":\"WebPage\",\"@id\":\"https:\\\/\\\/webdelmaestrocmf.com\\\/portal\\\/edna-iturralde-en-mi-pais-las-maestras-y-maestros-son-los-abanderados-de-la-lectura\\\/\",\"url\":\"https:\\\/\\\/webdelmaestrocmf.com\\\/portal\\\/edna-iturralde-en-mi-pais-las-maestras-y-maestros-son-los-abanderados-de-la-lectura\\\/\",\"name\":\"Edna Iturralde: En mi pa\u00eds, las maestras y maestros son los abanderados de la lectura - 2026\",\"isPartOf\":{\"@id\":\"https:\\\/\\\/webdelmaestrocmf.com\\\/portal\\\/#website\"},\"primaryImageOfPage\":{\"@id\":\"https:\\\/\\\/webdelmaestrocmf.com\\\/portal\\\/edna-iturralde-en-mi-pais-las-maestras-y-maestros-son-los-abanderados-de-la-lectura\\\/#primaryimage\"},\"image\":{\"@id\":\"https:\\\/\\\/webdelmaestrocmf.com\\\/portal\\\/edna-iturralde-en-mi-pais-las-maestras-y-maestros-son-los-abanderados-de-la-lectura\\\/#primaryimage\"},\"thumbnailUrl\":\"https:\\\/\\\/webdelmaestrocmf.com\\\/portal\\\/wp-content\\\/uploads\\\/2022\\\/07\\\/1a-41.jpg\",\"datePublished\":\"2022-07-25T02:23:09+00:00\",\"dateModified\":\"2022-08-08T02:05:51+00:00\",\"description\":\"Comunidad de Maestros, Docentes y Profesores, en donde encontrar\u00e1s material, informaci\u00f3n y noticias del \u00e1mbito nacional y mundial.\",\"breadcrumb\":{\"@id\":\"https:\\\/\\\/webdelmaestrocmf.com\\\/portal\\\/edna-iturralde-en-mi-pais-las-maestras-y-maestros-son-los-abanderados-de-la-lectura\\\/#breadcrumb\"},\"inLanguage\":\"es\",\"potentialAction\":[{\"@type\":\"ReadAction\",\"target\":[\"https:\\\/\\\/webdelmaestrocmf.com\\\/portal\\\/edna-iturralde-en-mi-pais-las-maestras-y-maestros-son-los-abanderados-de-la-lectura\\\/\"]}]},{\"@type\":\"ImageObject\",\"inLanguage\":\"es\",\"@id\":\"https:\\\/\\\/webdelmaestrocmf.com\\\/portal\\\/edna-iturralde-en-mi-pais-las-maestras-y-maestros-son-los-abanderados-de-la-lectura\\\/#primaryimage\",\"url\":\"https:\\\/\\\/webdelmaestrocmf.com\\\/portal\\\/wp-content\\\/uploads\\\/2022\\\/07\\\/1a-41.jpg\",\"contentUrl\":\"https:\\\/\\\/webdelmaestrocmf.com\\\/portal\\\/wp-content\\\/uploads\\\/2022\\\/07\\\/1a-41.jpg\",\"width\":1100,\"height\":680},{\"@type\":\"BreadcrumbList\",\"@id\":\"https:\\\/\\\/webdelmaestrocmf.com\\\/portal\\\/edna-iturralde-en-mi-pais-las-maestras-y-maestros-son-los-abanderados-de-la-lectura\\\/#breadcrumb\",\"itemListElement\":[{\"@type\":\"ListItem\",\"position\":1,\"name\":\"Portada\",\"item\":\"https:\\\/\\\/webdelmaestrocmf.com\\\/portal\\\/\"},{\"@type\":\"ListItem\",\"position\":2,\"name\":\"Charlas\",\"item\":\"https:\\\/\\\/webdelmaestrocmf.com\\\/portal\\\/category\\\/charlas\\\/\"},{\"@type\":\"ListItem\",\"position\":3,\"name\":\"Edna Iturralde: En mi pa\u00eds, las maestras y maestros son los abanderados de la lectura\"}]},{\"@type\":\"WebSite\",\"@id\":\"https:\\\/\\\/webdelmaestrocmf.com\\\/portal\\\/#website\",\"url\":\"https:\\\/\\\/webdelmaestrocmf.com\\\/portal\\\/\",\"name\":\"Web del Maestro CMF\",\"description\":\"Maestros al servicio de la educaci\u00f3n\",\"publisher\":{\"@id\":\"https:\\\/\\\/webdelmaestrocmf.com\\\/portal\\\/#organization\"},\"alternateName\":\"WMCMF\",\"potentialAction\":[{\"@type\":\"SearchAction\",\"target\":{\"@type\":\"EntryPoint\",\"urlTemplate\":\"https:\\\/\\\/webdelmaestrocmf.com\\\/portal\\\/?s={search_term_string}\"},\"query-input\":{\"@type\":\"PropertyValueSpecification\",\"valueRequired\":true,\"valueName\":\"search_term_string\"}}],\"inLanguage\":\"es\"},{\"@type\":\"Organization\",\"@id\":\"https:\\\/\\\/webdelmaestrocmf.com\\\/portal\\\/#organization\",\"name\":\"Web del Maestro CMF\",\"alternateName\":\"WMCMF\",\"url\":\"https:\\\/\\\/webdelmaestrocmf.com\\\/portal\\\/\",\"logo\":{\"@type\":\"ImageObject\",\"inLanguage\":\"es\",\"@id\":\"https:\\\/\\\/webdelmaestrocmf.com\\\/portal\\\/#\\\/schema\\\/logo\\\/image\\\/\",\"url\":\"https:\\\/\\\/webdelmaestrocmf.com\\\/portal\\\/wp-content\\\/uploads\\\/2023\\\/01\\\/logo-wmcmf-2.png\",\"contentUrl\":\"https:\\\/\\\/webdelmaestrocmf.com\\\/portal\\\/wp-content\\\/uploads\\\/2023\\\/01\\\/logo-wmcmf-2.png\",\"width\":200,\"height\":60,\"caption\":\"Web del Maestro CMF\"},\"image\":{\"@id\":\"https:\\\/\\\/webdelmaestrocmf.com\\\/portal\\\/#\\\/schema\\\/logo\\\/image\\\/\"},\"sameAs\":[\"https:\\\/\\\/www.facebook.com\\\/WebdelMaestroCMF\\\/\",\"https:\\\/\\\/x.com\\\/cmf_w\",\"https:\\\/\\\/www.pinterest.com\\\/WMCMF\\\/\",\"https:\\\/\\\/www.linkedin.com\\\/company\\\/web-del-maestro-cmf\\\/\",\"https:\\\/\\\/www.instagram.com\\\/wmcmf\\\/\",\"https:\\\/\\\/www.youtube.com\\\/channel\\\/UCDPSvjbdodE5sHnC3OxutHw\",\"https:\\\/\\\/mastodon.social\\\/@wmcmf\",\"https:\\\/\\\/www.tiktok.com\\\/@webdelmaestrocmf\"]},{\"@type\":\"Person\",\"@id\":\"https:\\\/\\\/webdelmaestrocmf.com\\\/portal\\\/#\\\/schema\\\/person\\\/1072a2ed7bd960df8ef99a551fa35dc5\",\"name\":\"Web del Maestro CMF\",\"image\":{\"@type\":\"ImageObject\",\"inLanguage\":\"es\",\"@id\":\"https:\\\/\\\/secure.gravatar.com\\\/avatar\\\/23291dd5b5ae1077dcff3dbb04c3e02bd28403fa75af6d8787d5e97c5bbbe30b?s=96&d=mm&r=g\",\"url\":\"https:\\\/\\\/secure.gravatar.com\\\/avatar\\\/23291dd5b5ae1077dcff3dbb04c3e02bd28403fa75af6d8787d5e97c5bbbe30b?s=96&d=mm&r=g\",\"contentUrl\":\"https:\\\/\\\/secure.gravatar.com\\\/avatar\\\/23291dd5b5ae1077dcff3dbb04c3e02bd28403fa75af6d8787d5e97c5bbbe30b?s=96&d=mm&r=g\",\"caption\":\"Web del Maestro CMF\"},\"description\":\"Esta Web se cre\u00f3 sin fines de lucro, con fines educativos, cient\u00edficos y acad\u00e9micos, para personas que tengan dificultades y\\\/o inconvenientes en visualizar el material original. El objetivo es entregar recursos, compartir experiencias y materiales que ayuden a los padres de familia, maestros y estudiantes en su actualizaci\u00f3n y formaci\u00f3n permanente, en bien de la Educaci\u00f3n.\",\"sameAs\":[\"http:\\\/\\\/webdelmaestrocmf.com\\\/portal\",\"https:\\\/\\\/www.facebook.com\\\/WebdelMaestroCMF\\\/\",\"https:\\\/\\\/www.instagram.com\\\/wmcmf\\\/\",\"https:\\\/\\\/cl.linkedin.com\\\/company\\\/web-del-maestro-cmf\",\"https:\\\/\\\/www.pinterest.com\\\/WMCMF\\\/publicaciones\\\/\",\"https:\\\/\\\/x.com\\\/cmf_w\",\"https:\\\/\\\/www.youtube.com\\\/@WMCMF\"]}]}<\/script>\n<!-- \/ Yoast SEO plugin. -->","yoast_head_json":{"title":"Edna Iturralde: En mi pa\u00eds, las maestras y maestros son los abanderados de la lectura - 2026","description":"Comunidad de Maestros, Docentes y Profesores, en donde encontrar\u00e1s material, informaci\u00f3n y noticias del \u00e1mbito nacional y mundial.","robots":{"index":"index","follow":"follow","max-snippet":"max-snippet:-1","max-image-preview":"max-image-preview:large","max-video-preview":"max-video-preview:-1"},"canonical":"https:\/\/webdelmaestrocmf.com\/portal\/edna-iturralde-en-mi-pais-las-maestras-y-maestros-son-los-abanderados-de-la-lectura\/","og_locale":"es_ES","og_type":"article","og_title":"Edna Iturralde: En mi pa\u00eds, las maestras y maestros son los abanderados de la lectura - 2026","og_description":"Comunidad de Maestros, Docentes y Profesores, en donde encontrar\u00e1s material, informaci\u00f3n y noticias del \u00e1mbito nacional y mundial.","og_url":"https:\/\/webdelmaestrocmf.com\/portal\/edna-iturralde-en-mi-pais-las-maestras-y-maestros-son-los-abanderados-de-la-lectura\/","og_site_name":"Web del Maestro CMF","article_publisher":"https:\/\/www.facebook.com\/WebdelMaestroCMF\/","article_author":"https:\/\/www.facebook.com\/WebdelMaestroCMF\/","article_published_time":"2022-07-25T02:23:09+00:00","article_modified_time":"2022-08-08T02:05:51+00:00","og_image":[{"width":1100,"height":680,"url":"https:\/\/i0.wp.com\/webdelmaestrocmf.com\/portal\/wp-content\/uploads\/2022\/07\/1a-41.jpg?fit=1100%2C680&ssl=1","type":"image\/jpeg"}],"author":"Web del Maestro CMF","twitter_card":"summary_large_image","twitter_creator":"@cmf_w","twitter_site":"@cmf_w","schema":{"@context":"https:\/\/schema.org","@graph":[{"@type":"ScholarlyArticle","@id":"https:\/\/webdelmaestrocmf.com\/portal\/edna-iturralde-en-mi-pais-las-maestras-y-maestros-son-los-abanderados-de-la-lectura\/#article","isPartOf":{"@id":"https:\/\/webdelmaestrocmf.com\/portal\/edna-iturralde-en-mi-pais-las-maestras-y-maestros-son-los-abanderados-de-la-lectura\/"},"author":{"name":"Web del Maestro CMF","@id":"https:\/\/webdelmaestrocmf.com\/portal\/#\/schema\/person\/1072a2ed7bd960df8ef99a551fa35dc5"},"headline":"Edna Iturralde: En mi pa\u00eds, las maestras y maestros son los abanderados de la lectura","datePublished":"2022-07-25T02:23:09+00:00","dateModified":"2022-08-08T02:05:51+00:00","mainEntityOfPage":{"@id":"https:\/\/webdelmaestrocmf.com\/portal\/edna-iturralde-en-mi-pais-las-maestras-y-maestros-son-los-abanderados-de-la-lectura\/"},"wordCount":2263,"commentCount":2,"publisher":{"@id":"https:\/\/webdelmaestrocmf.com\/portal\/#organization"},"image":{"@id":"https:\/\/webdelmaestrocmf.com\/portal\/edna-iturralde-en-mi-pais-las-maestras-y-maestros-son-los-abanderados-de-la-lectura\/#primaryimage"},"thumbnailUrl":"https:\/\/webdelmaestrocmf.com\/portal\/wp-content\/uploads\/2022\/07\/1a-41.jpg","keywords":["AM\u00c9RICA LATINA","APRENDAMOS JUNTOS","Aprendemos juntos 2030","COMUNICACI\u00d3N","Edana Iturralde","Educaci\u00f3n a distancia","Entrevista","Etnohistoria narrativa","lectura","LING\u00dc\u00cdSTICA","MEDIO AMBIENTE","pandemia","PARA SUMAR POR LA EDUCACI\u00d3N","SECCI\u00d3N BBVA","tolerancia","VIDEOS"],"articleSection":["Charlas"],"inLanguage":"es","potentialAction":[{"@type":"CommentAction","name":"Comment","target":["https:\/\/webdelmaestrocmf.com\/portal\/edna-iturralde-en-mi-pais-las-maestras-y-maestros-son-los-abanderados-de-la-lectura\/#respond"]}]},{"@type":"WebPage","@id":"https:\/\/webdelmaestrocmf.com\/portal\/edna-iturralde-en-mi-pais-las-maestras-y-maestros-son-los-abanderados-de-la-lectura\/","url":"https:\/\/webdelmaestrocmf.com\/portal\/edna-iturralde-en-mi-pais-las-maestras-y-maestros-son-los-abanderados-de-la-lectura\/","name":"Edna Iturralde: En mi pa\u00eds, las maestras y maestros son los abanderados de la lectura - 2026","isPartOf":{"@id":"https:\/\/webdelmaestrocmf.com\/portal\/#website"},"primaryImageOfPage":{"@id":"https:\/\/webdelmaestrocmf.com\/portal\/edna-iturralde-en-mi-pais-las-maestras-y-maestros-son-los-abanderados-de-la-lectura\/#primaryimage"},"image":{"@id":"https:\/\/webdelmaestrocmf.com\/portal\/edna-iturralde-en-mi-pais-las-maestras-y-maestros-son-los-abanderados-de-la-lectura\/#primaryimage"},"thumbnailUrl":"https:\/\/webdelmaestrocmf.com\/portal\/wp-content\/uploads\/2022\/07\/1a-41.jpg","datePublished":"2022-07-25T02:23:09+00:00","dateModified":"2022-08-08T02:05:51+00:00","description":"Comunidad de Maestros, Docentes y Profesores, en donde encontrar\u00e1s material, informaci\u00f3n y noticias del \u00e1mbito nacional y mundial.","breadcrumb":{"@id":"https:\/\/webdelmaestrocmf.com\/portal\/edna-iturralde-en-mi-pais-las-maestras-y-maestros-son-los-abanderados-de-la-lectura\/#breadcrumb"},"inLanguage":"es","potentialAction":[{"@type":"ReadAction","target":["https:\/\/webdelmaestrocmf.com\/portal\/edna-iturralde-en-mi-pais-las-maestras-y-maestros-son-los-abanderados-de-la-lectura\/"]}]},{"@type":"ImageObject","inLanguage":"es","@id":"https:\/\/webdelmaestrocmf.com\/portal\/edna-iturralde-en-mi-pais-las-maestras-y-maestros-son-los-abanderados-de-la-lectura\/#primaryimage","url":"https:\/\/webdelmaestrocmf.com\/portal\/wp-content\/uploads\/2022\/07\/1a-41.jpg","contentUrl":"https:\/\/webdelmaestrocmf.com\/portal\/wp-content\/uploads\/2022\/07\/1a-41.jpg","width":1100,"height":680},{"@type":"BreadcrumbList","@id":"https:\/\/webdelmaestrocmf.com\/portal\/edna-iturralde-en-mi-pais-las-maestras-y-maestros-son-los-abanderados-de-la-lectura\/#breadcrumb","itemListElement":[{"@type":"ListItem","position":1,"name":"Portada","item":"https:\/\/webdelmaestrocmf.com\/portal\/"},{"@type":"ListItem","position":2,"name":"Charlas","item":"https:\/\/webdelmaestrocmf.com\/portal\/category\/charlas\/"},{"@type":"ListItem","position":3,"name":"Edna Iturralde: En mi pa\u00eds, las maestras y maestros son los abanderados de la lectura"}]},{"@type":"WebSite","@id":"https:\/\/webdelmaestrocmf.com\/portal\/#website","url":"https:\/\/webdelmaestrocmf.com\/portal\/","name":"Web del Maestro CMF","description":"Maestros al servicio de la educaci\u00f3n","publisher":{"@id":"https:\/\/webdelmaestrocmf.com\/portal\/#organization"},"alternateName":"WMCMF","potentialAction":[{"@type":"SearchAction","target":{"@type":"EntryPoint","urlTemplate":"https:\/\/webdelmaestrocmf.com\/portal\/?s={search_term_string}"},"query-input":{"@type":"PropertyValueSpecification","valueRequired":true,"valueName":"search_term_string"}}],"inLanguage":"es"},{"@type":"Organization","@id":"https:\/\/webdelmaestrocmf.com\/portal\/#organization","name":"Web del Maestro CMF","alternateName":"WMCMF","url":"https:\/\/webdelmaestrocmf.com\/portal\/","logo":{"@type":"ImageObject","inLanguage":"es","@id":"https:\/\/webdelmaestrocmf.com\/portal\/#\/schema\/logo\/image\/","url":"https:\/\/webdelmaestrocmf.com\/portal\/wp-content\/uploads\/2023\/01\/logo-wmcmf-2.png","contentUrl":"https:\/\/webdelmaestrocmf.com\/portal\/wp-content\/uploads\/2023\/01\/logo-wmcmf-2.png","width":200,"height":60,"caption":"Web del Maestro CMF"},"image":{"@id":"https:\/\/webdelmaestrocmf.com\/portal\/#\/schema\/logo\/image\/"},"sameAs":["https:\/\/www.facebook.com\/WebdelMaestroCMF\/","https:\/\/x.com\/cmf_w","https:\/\/www.pinterest.com\/WMCMF\/","https:\/\/www.linkedin.com\/company\/web-del-maestro-cmf\/","https:\/\/www.instagram.com\/wmcmf\/","https:\/\/www.youtube.com\/channel\/UCDPSvjbdodE5sHnC3OxutHw","https:\/\/mastodon.social\/@wmcmf","https:\/\/www.tiktok.com\/@webdelmaestrocmf"]},{"@type":"Person","@id":"https:\/\/webdelmaestrocmf.com\/portal\/#\/schema\/person\/1072a2ed7bd960df8ef99a551fa35dc5","name":"Web del Maestro CMF","image":{"@type":"ImageObject","inLanguage":"es","@id":"https:\/\/secure.gravatar.com\/avatar\/23291dd5b5ae1077dcff3dbb04c3e02bd28403fa75af6d8787d5e97c5bbbe30b?s=96&d=mm&r=g","url":"https:\/\/secure.gravatar.com\/avatar\/23291dd5b5ae1077dcff3dbb04c3e02bd28403fa75af6d8787d5e97c5bbbe30b?s=96&d=mm&r=g","contentUrl":"https:\/\/secure.gravatar.com\/avatar\/23291dd5b5ae1077dcff3dbb04c3e02bd28403fa75af6d8787d5e97c5bbbe30b?s=96&d=mm&r=g","caption":"Web del Maestro CMF"},"description":"Esta Web se cre\u00f3 sin fines de lucro, con fines educativos, cient\u00edficos y acad\u00e9micos, para personas que tengan dificultades y\/o inconvenientes en visualizar el material original. El objetivo es entregar recursos, compartir experiencias y materiales que ayuden a los padres de familia, maestros y estudiantes en su actualizaci\u00f3n y formaci\u00f3n permanente, en bien de la Educaci\u00f3n.","sameAs":["http:\/\/webdelmaestrocmf.com\/portal","https:\/\/www.facebook.com\/WebdelMaestroCMF\/","https:\/\/www.instagram.com\/wmcmf\/","https:\/\/cl.linkedin.com\/company\/web-del-maestro-cmf","https:\/\/www.pinterest.com\/WMCMF\/publicaciones\/","https:\/\/x.com\/cmf_w","https:\/\/www.youtube.com\/@WMCMF"]}]}},"jetpack_featured_media_url":"https:\/\/webdelmaestrocmf.com\/portal\/wp-content\/uploads\/2022\/07\/1a-41.jpg","jetpack_sharing_enabled":true,"jetpack-related-posts":[{"id":87823,"url":"https:\/\/webdelmaestrocmf.com\/portal\/los-nietos-son-un-sueno-cumplido-para-los-abuelos\/","url_meta":{"origin":78847,"position":0},"title":"Los nietos son un sue\u00f1o cumplido para los abuelos","author":"Web del Maestro CMF","date":"19 abril, 2023","format":"video","excerpt":"La escritora y profesora\u00a0espa\u00f1ola Carmen Guaita Fern\u00e1ndez\u00a0(C\u00e1diz, 1960), especializada en ensayos sobre \u00e9tica y educaci\u00f3n, es Licenciada en Filosof\u00eda, especialista en Ciencias Sociales y en Pedagog\u00eda Terap\u00e9utica. Ha sido profesora de la ense\u00f1anza p\u00fablica durante veintitr\u00e9s a\u00f1os. En la actualidad es vicepresidenta del sindicato de profesores ANPE, miembro de la\u2026","rel":"","context":"En \u00abAdolescente\u00bb","block_context":{"text":"Adolescente","link":"https:\/\/webdelmaestrocmf.com\/portal\/category\/adolescente\/"},"img":{"alt_text":"","src":"https:\/\/i0.wp.com\/webdelmaestrocmf.com\/portal\/wp-content\/uploads\/2023\/04\/A12B3C4D-26.jpg?resize=350%2C200&ssl=1","width":350,"height":200,"srcset":"https:\/\/i0.wp.com\/webdelmaestrocmf.com\/portal\/wp-content\/uploads\/2023\/04\/A12B3C4D-26.jpg?resize=350%2C200&ssl=1 1x, https:\/\/i0.wp.com\/webdelmaestrocmf.com\/portal\/wp-content\/uploads\/2023\/04\/A12B3C4D-26.jpg?resize=525%2C300&ssl=1 1.5x, https:\/\/i0.wp.com\/webdelmaestrocmf.com\/portal\/wp-content\/uploads\/2023\/04\/A12B3C4D-26.jpg?resize=700%2C400&ssl=1 2x"},"classes":[]},{"id":53238,"url":"https:\/\/webdelmaestrocmf.com\/portal\/cientos-de-libros-infantiles-y-juveniles-gratuitos-por-categorias-edades-recursos-temas-etc\/","url_meta":{"origin":78847,"position":1},"title":"Cientos de libros infantiles y juveniles gratuitos por categor\u00edas, edades, recursos, temas, etc","author":"Web del Maestro CMF","date":"22 septiembre, 2022","format":false,"excerpt":"El proyecto educativo, WeebleBooks est\u00e1 orientado al desarrollo de la lectura como una actividad clave para los estudiantes (y por supuesto para los educadores), ofreciendo de forma atractiva, moderna y sin barreras econ\u00f3micas o geogr\u00e1ficas, de forma gratuita en versi\u00f3n digital, libros que pueden usarse en casa o en la\u2026","rel":"","context":"En \u00abLibros\u00bb","block_context":{"text":"Libros","link":"https:\/\/webdelmaestrocmf.com\/portal\/category\/pedagogia\/libros\/"},"img":{"alt_text":"","src":"https:\/\/i0.wp.com\/webdelmaestrocmf.com\/portal\/wp-content\/uploads\/2020\/10\/1-95.jpg?resize=350%2C200&ssl=1","width":350,"height":200,"srcset":"https:\/\/i0.wp.com\/webdelmaestrocmf.com\/portal\/wp-content\/uploads\/2020\/10\/1-95.jpg?resize=350%2C200&ssl=1 1x, https:\/\/i0.wp.com\/webdelmaestrocmf.com\/portal\/wp-content\/uploads\/2020\/10\/1-95.jpg?resize=525%2C300&ssl=1 1.5x, https:\/\/i0.wp.com\/webdelmaestrocmf.com\/portal\/wp-content\/uploads\/2020\/10\/1-95.jpg?resize=700%2C400&ssl=1 2x, https:\/\/i0.wp.com\/webdelmaestrocmf.com\/portal\/wp-content\/uploads\/2020\/10\/1-95.jpg?resize=1050%2C600&ssl=1 3x"},"classes":[]},{"id":33937,"url":"https:\/\/webdelmaestrocmf.com\/portal\/proyecto-educativo-que-promueve-y-potencia-la-empatia-y-la-habilidad-de-la-escucha\/","url_meta":{"origin":78847,"position":2},"title":"Proyecto educativo que promueve y potencia la empat\u00eda y la habilidad de la escucha","author":"Web del Maestro CMF","date":"25 diciembre, 2021","format":false,"excerpt":"Los profesores de literatura, comprometidos con lo que hacen, quiz\u00e1 coincidan con el profesor Andrew Simmons, quien afirma que a los estudiantes que no les gusta escribir ensayos les podr\u00eda gustar la poes\u00eda, por \u201cla escasez de reglas fijas y su afinidad con el rap. Para estos estudiantes, la poes\u00eda\u2026","rel":"","context":"En \u00abYo opino - WMCMF\u00bb","block_context":{"text":"Yo opino - WMCMF","link":"https:\/\/webdelmaestrocmf.com\/portal\/category\/jamb\/"},"img":{"alt_text":"","src":"https:\/\/i0.wp.com\/webdelmaestrocmf.com\/portal\/wp-content\/uploads\/2021\/12\/1-EWQ-3.jpg?resize=350%2C200&ssl=1","width":350,"height":200,"srcset":"https:\/\/i0.wp.com\/webdelmaestrocmf.com\/portal\/wp-content\/uploads\/2021\/12\/1-EWQ-3.jpg?resize=350%2C200&ssl=1 1x, https:\/\/i0.wp.com\/webdelmaestrocmf.com\/portal\/wp-content\/uploads\/2021\/12\/1-EWQ-3.jpg?resize=525%2C300&ssl=1 1.5x, https:\/\/i0.wp.com\/webdelmaestrocmf.com\/portal\/wp-content\/uploads\/2021\/12\/1-EWQ-3.jpg?resize=700%2C400&ssl=1 2x, https:\/\/i0.wp.com\/webdelmaestrocmf.com\/portal\/wp-content\/uploads\/2021\/12\/1-EWQ-3.jpg?resize=1050%2C600&ssl=1 3x"},"classes":[]},{"id":88432,"url":"https:\/\/webdelmaestrocmf.com\/portal\/andres-calero-la-comprension-lectora-deternima-el-futuro-academico-y-personal-de-los-ninos\/","url_meta":{"origin":78847,"position":3},"title":"Andr\u00e9s Calero: La comprensi\u00f3n lectora determina el futuro acad\u00e9mico y personal de los ni\u00f1os","author":"Web del Maestro CMF","date":"3 mayo, 2023","format":false,"excerpt":"El profesor Andr\u00e9s Calero Guisado ha ejercido su tara docente en las aulas de educaci\u00f3n primaria en Madrid (Espa\u00f1a) y en el Instituto Ca\u00f1ada Blanch de Londres (Inglaterra), adem\u00e1s de haber colaborado en la capacitaci\u00f3n de equipos de orientaci\u00f3n educativa y psicopedag\u00f3gica. Es autor de libros y art\u00edculos sobre desarrollo\u2026","rel":"","context":"En \u00abEntrevistas\u00bb","block_context":{"text":"Entrevistas","link":"https:\/\/webdelmaestrocmf.com\/portal\/category\/noticias\/entrevistas\/"},"img":{"alt_text":"Andr\u00e9s Calero","src":"https:\/\/i0.wp.com\/webdelmaestrocmf.com\/portal\/wp-content\/uploads\/2023\/05\/A12B3C4D-26.jpg?resize=350%2C200&ssl=1","width":350,"height":200,"srcset":"https:\/\/i0.wp.com\/webdelmaestrocmf.com\/portal\/wp-content\/uploads\/2023\/05\/A12B3C4D-26.jpg?resize=350%2C200&ssl=1 1x, https:\/\/i0.wp.com\/webdelmaestrocmf.com\/portal\/wp-content\/uploads\/2023\/05\/A12B3C4D-26.jpg?resize=525%2C300&ssl=1 1.5x, https:\/\/i0.wp.com\/webdelmaestrocmf.com\/portal\/wp-content\/uploads\/2023\/05\/A12B3C4D-26.jpg?resize=700%2C400&ssl=1 2x"},"classes":[]},{"id":80034,"url":"https:\/\/webdelmaestrocmf.com\/portal\/12-lecturas-imprescindibles-para-tus-hijos-en-cada-etapa-escolar\/","url_meta":{"origin":78847,"position":4},"title":"12 lecturas imprescindibles para tus hijos en cada etapa escolar","author":"Web del Maestro CMF","date":"11 diciembre, 2022","format":false,"excerpt":"Realizar una\u00a0buena selecci\u00f3n de las lecturas que ofrecemos a nuestros hijos\u00a0es clave para que estos se animen a iniciarse en el\u00a0h\u00e1bito lector. Deben conseguir engancharles, que mantengan su atenci\u00f3n, que traten temas que resulten de su inter\u00e9s y, sobre todo, con contenidos adecuados a su edad. Sin embargo, hay una\u2026","rel":"","context":"En \u00abLibros\u00bb","block_context":{"text":"Libros","link":"https:\/\/webdelmaestrocmf.com\/portal\/category\/pedagogia\/libros\/"},"img":{"alt_text":"","src":"https:\/\/i0.wp.com\/webdelmaestrocmf.com\/portal\/wp-content\/uploads\/2022\/09\/1-23.jpg?resize=350%2C200&ssl=1","width":350,"height":200,"srcset":"https:\/\/i0.wp.com\/webdelmaestrocmf.com\/portal\/wp-content\/uploads\/2022\/09\/1-23.jpg?resize=350%2C200&ssl=1 1x, https:\/\/i0.wp.com\/webdelmaestrocmf.com\/portal\/wp-content\/uploads\/2022\/09\/1-23.jpg?resize=525%2C300&ssl=1 1.5x, https:\/\/i0.wp.com\/webdelmaestrocmf.com\/portal\/wp-content\/uploads\/2022\/09\/1-23.jpg?resize=700%2C400&ssl=1 2x"},"classes":[]},{"id":43947,"url":"https:\/\/webdelmaestrocmf.com\/portal\/ayuda-docente-paquete-de-guias-gratuitas-para-complementar-las-principales-asignaturas-en-los-niveles-de-inicial-primaria-y-secundaria\/","url_meta":{"origin":78847,"position":5},"title":"Ayuda docente: Paquete de gu\u00edas gratuitas para complementar las principales asignaturas en los niveles de Inicial, Primaria y Secundaria","author":"Web del Maestro CMF","date":"24 abril, 2020","format":false,"excerpt":"Sabemos lo importante que es la Actualizaci\u00f3n y Fortalecimiento Curricular de la educaci\u00f3n y el conocer nuevas herramientas que nos permitan integrar los ejes de aprendizaje y articular las destrezas con criterios que enriquezcan nuestro desempe\u00f1o docente. Y un gran recurso para alcanzar esas metas son las gu\u00edas docentes, como\u2026","rel":"","context":"En \u00abYo opino - WMCMF\u00bb","block_context":{"text":"Yo opino - WMCMF","link":"https:\/\/webdelmaestrocmf.com\/portal\/category\/jamb\/"},"img":{"alt_text":"","src":"https:\/\/i0.wp.com\/webdelmaestrocmf.com\/portal\/wp-content\/uploads\/2020\/02\/2-4.jpg?resize=350%2C200&ssl=1","width":350,"height":200,"srcset":"https:\/\/i0.wp.com\/webdelmaestrocmf.com\/portal\/wp-content\/uploads\/2020\/02\/2-4.jpg?resize=350%2C200&ssl=1 1x, https:\/\/i0.wp.com\/webdelmaestrocmf.com\/portal\/wp-content\/uploads\/2020\/02\/2-4.jpg?resize=525%2C300&ssl=1 1.5x, https:\/\/i0.wp.com\/webdelmaestrocmf.com\/portal\/wp-content\/uploads\/2020\/02\/2-4.jpg?resize=700%2C400&ssl=1 2x, https:\/\/i0.wp.com\/webdelmaestrocmf.com\/portal\/wp-content\/uploads\/2020\/02\/2-4.jpg?resize=1050%2C600&ssl=1 3x"},"classes":[]}],"_links":{"self":[{"href":"https:\/\/webdelmaestrocmf.com\/portal\/wp-json\/wp\/v2\/posts\/78847","targetHints":{"allow":["GET"]}}],"collection":[{"href":"https:\/\/webdelmaestrocmf.com\/portal\/wp-json\/wp\/v2\/posts"}],"about":[{"href":"https:\/\/webdelmaestrocmf.com\/portal\/wp-json\/wp\/v2\/types\/post"}],"author":[{"embeddable":true,"href":"https:\/\/webdelmaestrocmf.com\/portal\/wp-json\/wp\/v2\/users\/1"}],"replies":[{"embeddable":true,"href":"https:\/\/webdelmaestrocmf.com\/portal\/wp-json\/wp\/v2\/comments?post=78847"}],"version-history":[{"count":0,"href":"https:\/\/webdelmaestrocmf.com\/portal\/wp-json\/wp\/v2\/posts\/78847\/revisions"}],"wp:featuredmedia":[{"embeddable":true,"href":"https:\/\/webdelmaestrocmf.com\/portal\/wp-json\/wp\/v2\/media\/79212"}],"wp:attachment":[{"href":"https:\/\/webdelmaestrocmf.com\/portal\/wp-json\/wp\/v2\/media?parent=78847"}],"wp:term":[{"taxonomy":"category","embeddable":true,"href":"https:\/\/webdelmaestrocmf.com\/portal\/wp-json\/wp\/v2\/categories?post=78847"},{"taxonomy":"post_tag","embeddable":true,"href":"https:\/\/webdelmaestrocmf.com\/portal\/wp-json\/wp\/v2\/tags?post=78847"}],"curies":[{"name":"wp","href":"https:\/\/api.w.org\/{rel}","templated":true}]}}