{"id":7884,"date":"2020-11-11T20:39:49","date_gmt":"2020-11-11T23:39:49","guid":{"rendered":"http:\/\/webdelmaestrocmf.com\/inicio\/?p=7884"},"modified":"2020-11-12T11:44:16","modified_gmt":"2020-11-12T14:44:16","slug":"5-libros-que-todo-docente-deberia-leer","status":"publish","type":"post","link":"https:\/\/webdelmaestrocmf.com\/portal\/5-libros-que-todo-docente-deberia-leer\/","title":{"rendered":"30 libros que los docentes deber\u00edamos leer ahora"},"content":{"rendered":"<h5 class=\"_d97\" style=\"text-align: justify;\"><span class=\"_5yl5\">Una de las razones b\u00e1sicas, por la cual recomendamos la lectura de \u201cEl Proyecto Facebook y la Posuniversidad\u201d, \u201cEnse\u00f1ar a nativos digitales\u201d, \u201cPadres brillantes, maestros fascinantes, \u201crEDUvolution hacer la revoluci\u00f3n en la educaci\u00f3n\u201d y \u201cEducaci\u00f3n expandida\u201d, es la formaci\u00f3n permanente y el consolidar los aprendizajes iniciales de acuerdo al avance pedag\u00f3gico y did\u00e1ctico, que exige la educaci\u00f3n hoy. <\/span><\/h5>\n<p class=\"_d97\" style=\"text-align: justify;\"><span class=\"_5yl5\">El Portal Educativo 10, dedicado a la Educaci\u00f3n, ha publicado este art\u00edculo que nosotros compartimos con fines \u00fanicamente educativos \u2013 pastorales.<\/span><\/p>\n<p class=\"_d97\" style=\"text-align: justify;\">\u00abPuede visualizarlos en estos enlaces que podr\u00edan tener restricciones de las normas de Derecho de Autor.\u00bb<\/p>\n<p><!--more--><\/p>\n<h2 style=\"text-align: left;\">Cinco libros que los docentes deber\u00edamos leer ahora<\/h2>\n<p style=\"text-align: justify;\">Para todo docente es muy importante seguir aprendiendo, esta recopilaci\u00f3n de 5 libros es de suma importancia para el profesorado.<\/p>\n<p style=\"text-align: justify;\">Con su lectura, ser\u00e1 posible ampliar sus conocimientos, adquirir nuevas t\u00e9cnicas y metodolog\u00edas de trabajo\u00a0 y recopilar ideas para poner en pr\u00e1ctica en las aulas, el objetivo en general es mejorar el rendimiento de nuestros alumnos.<\/p>\n<h5 style=\"text-align: justify;\"><strong>1.\u00a0El proyecto Facebook y la posuniversidad de Alejando Piscitelli<\/strong><\/h5>\n<p style=\"text-align: justify;\">En el 2009, la Universidad de Buenos Aires puso\u00a0en marcha el \u201cproyecto Facebook\u201d con el \u00fanico objetivo de construir y formar un entorno colaborativo y abierto de educaci\u00f3n.<\/p>\n<ul>\n<li><a href=\"https:\/\/www.amazon.com\/-\/es\/ALEJANDRO-PISCITELLI\/dp\/9871496044\" target=\"_blank\" rel=\"noopener noreferrer\">Enlace de compra<\/a><\/li>\n<li><a href=\"http:\/\/www.codajic.org\/sites\/www.codajic.org\/files\/El%20Proyecto%20Facebook.pdf\" target=\"_blank\" rel=\"noopener noreferrer\">Enlace de lectura<\/a><\/li>\n<\/ul>\n<h5><strong>2. Ense\u00f1ar a ser nativos Digitales de Marc Prensky<br \/>\n<\/strong><\/h5>\n<p style=\"text-align: justify;\">Prensky, es un reconocido gur\u00fa en el \u00e1mbito de las estrategias de educaci\u00f3n, y en esta obra nos habla sobre la tecnolog\u00eda y las formas de calmar los temores que algunos padres y docentes tienen cuando se enfrentan a ella.<\/p>\n<ul>\n<li><a href=\"https:\/\/www.amazon.com\/-\/es\/Marc-Prensky\/dp\/846755228X\/ref=sr_1_fkmr0_1?__mk_es_US=%C3%85M%C3%85%C5%BD%C3%95%C3%91&amp;keywords=teach+to+be+native+prensky+marc+digital&amp;qid=1581886589&amp;s=books&amp;sr=1-1-fkmr0\" target=\"_blank\" rel=\"noopener noreferrer\">Enlace de compra<\/a><\/li>\n<li><a href=\"https:\/\/www.redalyc.org\/pdf\/155\/15537098002.pdf\" target=\"_blank\" rel=\"noopener noreferrer\">Enlace de lectura<\/a><\/li>\n<\/ul>\n<h5><strong>3. Padres Brillantes, maestros fascinantes de Augusto Cury<br \/>\n<\/strong><\/h5>\n<p style=\"text-align: justify;\">En el presente libro, se ha convertido en una referencia muy destacada en pa\u00edses como Portugal y Brasil, y en \u00e9l se hablan diversas situaciones que tratan de responder a la pregunta de educar en la excelencia.<\/p>\n<ul>\n<li><a href=\"https:\/\/www.amazon.com\/-\/es\/Augusto-Jorge-Cury\/dp\/840806360X\/ref=sr_1_fkmr1_1?__mk_es_US=%C3%85M%C3%85%C5%BD%C3%95%C3%91&amp;keywords=3.+Padres+Brillantes%2C+maestros+fascinantes+de+Augusto+Cury&amp;qid=1581886638&amp;s=books&amp;sr=1-1-fkmr1\" target=\"_blank\" rel=\"noopener noreferrer\">Enlace de compra<\/a><\/li>\n<li><a href=\"http:\/\/www.codajic.org\/sites\/www.codajic.org\/files\/padres_brillantes_maestros_facinantes.pdf\" target=\"_blank\" rel=\"noopener noreferrer\">Enlace de lectura<\/a><\/li>\n<\/ul>\n<h5><strong>4. rEDUvolution Hacer la revoluci\u00f3n en la educaci\u00f3n de Mar\u00eda Acaso<br \/>\n<\/strong><\/h5>\n<p style=\"text-align: justify;\">La autora es una profesora de educaci\u00f3n art\u00edstica en la Universidad Complutense de Madrid y miembro colectivo \u201cPedagog\u00edas Invisibles\u201d, ella nos propone iniciar la revoluci\u00f3n educativa a trav\u00e9s de 5 ejes; cambiar la din\u00e1mica de poder, habitar el aula, pasar del simulacro a la experiencia y dejar de evaluar para pasar a investigar.<\/p>\n<ul>\n<li><a href=\"https:\/\/www.amazon.com\/-\/es\/Mar%C3%ADa-Acaso-ebook\/dp\/B00F590NJY\/ref=sr_1_fkmr0_1?__mk_es_US=%C3%85M%C3%85%C5%BD%C3%95%C3%91&amp;keywords=4.+the+revolution+reduvolution+education+case+maria&amp;qid=1581886676&amp;s=books&amp;sr=1-1-fkmr0\" target=\"_blank\" rel=\"noopener noreferrer\">Enlace de compra<\/a><\/li>\n<li><a href=\"https:\/\/aprendizajesparalelos.files.wordpress.com\/2016\/09\/converted_file_23f511c5_converted.pdf\" target=\"_blank\" rel=\"noopener noreferrer\">Enlace de lectura<\/a><\/li>\n<\/ul>\n<h5><strong>5. La educaci\u00f3n expandida<br \/>\n<\/strong><\/h5>\n<p style=\"text-align: justify;\">La educaci\u00f3n puede suceder en cualquier momento y en cualquier lugar, se basa en la informaci\u00f3n recopilada de las actividades realizadas, la metodolog\u00eda y los procesos utilizados.<\/p>\n<p><img loading=\"lazy\" decoding=\"async\" class=\"alignnone wp-image-54446\" src=\"https:\/\/webdelmaestrocmf.com\/portal\/wp-content\/uploads\/2020\/02\/1-9.png\" alt=\"\" width=\"774\" height=\"516\" srcset=\"https:\/\/webdelmaestrocmf.com\/portal\/wp-content\/uploads\/2020\/02\/1-9.png 600w, https:\/\/webdelmaestrocmf.com\/portal\/wp-content\/uploads\/2020\/02\/1-9-300x200.png 300w, https:\/\/webdelmaestrocmf.com\/portal\/wp-content\/uploads\/2020\/02\/1-9-110x73.png 110w, https:\/\/webdelmaestrocmf.com\/portal\/wp-content\/uploads\/2020\/02\/1-9-200x133.png 200w, https:\/\/webdelmaestrocmf.com\/portal\/wp-content\/uploads\/2020\/02\/1-9-380x253.png 380w, https:\/\/webdelmaestrocmf.com\/portal\/wp-content\/uploads\/2020\/02\/1-9-255x170.png 255w, https:\/\/webdelmaestrocmf.com\/portal\/wp-content\/uploads\/2020\/02\/1-9-550x367.png 550w, https:\/\/webdelmaestrocmf.com\/portal\/wp-content\/uploads\/2020\/02\/1-9-220x147.png 220w, https:\/\/webdelmaestrocmf.com\/portal\/wp-content\/uploads\/2020\/02\/1-9-400x267.png 400w, https:\/\/webdelmaestrocmf.com\/portal\/wp-content\/uploads\/2020\/02\/1-9-510x340.png 510w\" sizes=\"auto, (max-width: 774px) 100vw, 774px\" \/><\/p>\n<p style=\"text-align: justify;\">Portal Educativo trae a ustedes estos magn\u00edficos libros que todo docente deber\u00eda leer, la recopilaci\u00f3n se ha hecho de una manera minuciosa para que sea de su agrado y pueda ayudar mucho en sacar el mayor rendimiento de nuestros alumnos.<\/p>\n<p style=\"text-align: justify;\">Esperamos que le sea de utilidad. No olvide de comentar sus experiencias y compartir esta entrada con su comunidad virtual,\u00a0as\u00ed m\u00e1s docentes utilizar\u00e1n estos recursos de forma gratuita. \u00a0Muchas gracias.<\/p>\n<ul>\n<li><a href=\"https:\/\/www.traficantes.net\/libros\/educaci%C3%B3n-expandida\" target=\"_blank\" rel=\"noopener noreferrer\">Enlace de compra<\/a><\/li>\n<li><a href=\"http:\/\/www.zemos98.org\/descargas\/educacion_expandida-ZEMOS98.pdf\" target=\"_blank\" rel=\"noopener noreferrer\">Enlace de lectura<\/a><\/li>\n<\/ul>\n<div class=\"td-number-and-title\">\n<h5><span class=\"td-sml-current-item-title\"><strong>6. Neuroeducaci\u00f3n<\/strong><\/span><\/h5>\n<\/div>\n<p style=\"text-align: justify;\">En el futuro las pol\u00edticas educativas, los planes de estudio o incluso las edificaciones escolares se basar\u00e1n en la neuroeducaci\u00f3n. A medida que sabemos m\u00e1s sobre el funcionamiento del cerebro, podremos aplicarlo en el aula. La neurociencia ha demostrado que la emoci\u00f3n, la curiosidad y la atenci\u00f3n son elementos claves para el aprendizaje y ello encaja perfectamente con la revoluci\u00f3n metodol\u00f3gica que poco a poco se ve en los centros escolares.<\/p>\n<ul>\n<li><a href=\"https:\/\/www.amazon.com\/-\/es\/F-Mora-Teruel\/dp\/8491047808\/ref=sr_1_1?__mk_es_US=%C3%85M%C3%85%C5%BD%C3%95%C3%91&amp;keywords=neuroeducacion&amp;qid=1581886926&amp;sr=8-1\" target=\"_blank\" rel=\"noopener noreferrer\">Enlace de compra<\/a><\/li>\n<li><a href=\"http:\/\/www.info.upv.es\/jo\/2014\/documentos\/4.Neuroeducaci%C3%B3n%20y%20cerebro.pdf\" target=\"_blank\" rel=\"noopener noreferrer\">Enlace de lectura<\/a><\/li>\n<\/ul>\n<h5><strong>7. Los 7 h\u00e1bitos de ni\u00f1os felices<\/strong><\/h5>\n<p style=\"text-align: justify;\">El mundo es cada vez m\u00e1s ca\u00f3tico y eso requerir\u00e1 personas con unos\u00a0h\u00e1bitos\u00a0bien adquiridos que afronten con\u00a0equilibrio toda la avalancha de cambios. Hay centros que trabajan estos siete h\u00e1bitos con sus alumnos y lo relacionan con la educaci\u00f3n emocional con resultados muy positivos.<\/p>\n<ul>\n<li><a href=\"https:\/\/www.amazon.com\/-\/es\/Sean-Covey\/dp\/849801400X\/ref=sr_1_1?__mk_es_US=%C3%85M%C3%85%C5%BD%C3%95%C3%91&amp;keywords=libro+Los+7+h%C3%A1bitos+de+ni%C3%B1os+felices&amp;qid=1581887102&amp;sr=8-1\" target=\"_blank\" rel=\"noopener noreferrer\">Enlace de compra<\/a><\/li>\n<li><a href=\"https:\/\/ietafurlaspalmas.files.wordpress.com\/2014\/10\/3-cuentos-los-7-habitos-de-los-nic3b1os-felices-lider-en-mc3ad-1.pdf\" target=\"_blank\" rel=\"noopener noreferrer\">Enlace de lectura<\/a><\/li>\n<\/ul>\n<p><a href=\"http:\/\/educacion.editorialaces.com\/categoria_portfolio\/pl-2020-docentes\/\" target=\"_blank\" rel=\"noopener noreferrer\"><img loading=\"lazy\" decoding=\"async\" class=\"alignnone size-full wp-image-44390\" src=\"https:\/\/webdelmaestrocmf.com\/portal\/wp-content\/uploads\/2020\/02\/2-17.jpg\" alt=\"\" width=\"1100\" height=\"680\" srcset=\"https:\/\/webdelmaestrocmf.com\/portal\/wp-content\/uploads\/2020\/02\/2-17.jpg 1100w, https:\/\/webdelmaestrocmf.com\/portal\/wp-content\/uploads\/2020\/02\/2-17-300x185.jpg 300w, https:\/\/webdelmaestrocmf.com\/portal\/wp-content\/uploads\/2020\/02\/2-17-1024x633.jpg 1024w, https:\/\/webdelmaestrocmf.com\/portal\/wp-content\/uploads\/2020\/02\/2-17-768x475.jpg 768w, https:\/\/webdelmaestrocmf.com\/portal\/wp-content\/uploads\/2020\/02\/2-17-110x68.jpg 110w, https:\/\/webdelmaestrocmf.com\/portal\/wp-content\/uploads\/2020\/02\/2-17-200x124.jpg 200w, https:\/\/webdelmaestrocmf.com\/portal\/wp-content\/uploads\/2020\/02\/2-17-380x235.jpg 380w, https:\/\/webdelmaestrocmf.com\/portal\/wp-content\/uploads\/2020\/02\/2-17-255x158.jpg 255w, https:\/\/webdelmaestrocmf.com\/portal\/wp-content\/uploads\/2020\/02\/2-17-550x340.jpg 550w, https:\/\/webdelmaestrocmf.com\/portal\/wp-content\/uploads\/2020\/02\/2-17-800x495.jpg 800w\" sizes=\"auto, (max-width: 1100px) 100vw, 1100px\" \/><\/a><\/p>\n<h5><strong>8. Una mochila para el universo<\/strong><\/h5>\n<p style=\"text-align: justify;\">Siempre que hablamos de aprendizaje emocional, nos acabamos refiriendo a los alumnos, pero no olvidemos que los docentes est\u00e1n sujetos a unas grandes presiones emocionales a diario que pueden hacer perder el equilibrio y muchas veces hacen mimetizar comportamientos de los alumnos. Sin equilibrio emocional un profesor no puede dar clase ni relacionarse con sus compa\u00f1eros de una forma sana. Reconocerlo, conocerlo y trabajarlo es parte de la formaci\u00f3n del docente como profesional.<\/p>\n<ul>\n<li><a href=\"https:\/\/www.amazon.com\/-\/es\/ELSA-PUNSET\/dp\/8423346722\/ref=sr_1_1?__mk_es_US=%C3%85M%C3%85%C5%BD%C3%95%C3%91&amp;keywords=libro+Una+mochila+para+el+universo&amp;qid=1581887173&amp;sr=8-1\" target=\"_blank\" rel=\"noopener noreferrer\">Enlace de compra<\/a><\/li>\n<li><a href=\"http:\/\/api.ning.com\/files\/lfASdeYLW4eVUkWQQ1ZVzTSzU1UojVDn-uwK9VsYH8w3zWySGJGfaCTi8Cusd08LIz7w5Qv1opCmSVrPLoTG7HnD2sTt6ITQ\/unamochilaparaeluniverso2.pdf\" target=\"_blank\" rel=\"noopener noreferrer\">Enlace de lectura<\/a><\/li>\n<\/ul>\n<div class=\"td-number-and-title\">\n<h5><span class=\"td-sml-current-item-title\"><strong>9. Hacia una nueva cultura de aprendizaje<\/strong><\/span><\/h5>\n<\/div>\n<p style=\"text-align: justify;\">Sus autores hablan del necesario cambio en la educaci\u00f3n e impulsan a imaginar un futuro de aprendizaje que est\u00e1 m\u00e1s cerca de lo que pensamos.<\/p>\n<ul>\n<li><a href=\"https:\/\/www.amazon.com\/-\/es\/Douglas-Thomas\/dp\/1456458884\/ref=sr_1_1?__mk_es_US=%C3%85M%C3%85%C5%BD%C3%95%C3%91&amp;keywords=book+a+new+culture+of+learning&amp;qid=1581887282&amp;sr=8-1\" target=\"_blank\" rel=\"noopener noreferrer\">Enlace de compra<\/a><\/li>\n<li>Enlace de lectura<\/li>\n<\/ul>\n<div class=\"td-number-and-title\">\n<h5><span class=\"td-sml-current-item-title\"><strong>10. El elemento (Descubrir tu pasi\u00f3n lo cambia todo)<\/strong><\/span><\/h5>\n<\/div>\n<p style=\"text-align: justify;\">All\u00ed donde confluyen las cosas que te encanta hacer y las que se te dan bien. \u00c9ste es el punto de encuentro entre las aptitudes naturales y las inclinaciones personales. Un libro fundamental para tomar conciencia de la necesidad de una educaci\u00f3n personalizada.<\/p>\n<ul>\n<li><a href=\"https:\/\/www.amazon.com\/-\/es\/dp\/B00L5L1HP0\/ref=sr_1_1?__mk_es_US=%C3%85M%C3%85%C5%BD%C3%95%C3%91&amp;keywords=libro+El+elemento&amp;qid=1581887468&amp;sr=8-1\" target=\"_blank\" rel=\"noopener noreferrer\">Enlace de compra<\/a><\/li>\n<li><a href=\"https:\/\/www.academia.edu\/9591244\/Libro_Ken_Robinson_El_Elemento\" target=\"_blank\" rel=\"noopener noreferrer\">Enlace de lectura<\/a><\/li>\n<\/ul>\n<h5>11. Aprendizaje emocionante: Neurociencia para el aula.\u00a0\u00a0Autora: Bego\u00f1a Ibarrola<\/h5>\n<div>\n<p style=\"text-align: justify;\">Desde hace algunos a\u00f1os, los neur\u00f3logos se est\u00e1n introduciendo en el mundo de la Pedagog\u00eda intentando demostrar y convencer al profesorado de que el cerebro de sus alumnos, \u00f3rgano responsable de su aprendizaje, debe ser estudiado y comprendido para garantizar una mejora en el proceso educativo. El profesorado no suele tener acceso a este tipo de informaci\u00f3n sobre el funcionamiento cerebral de sus alumnos y tampoco conoce c\u00f3mo utilizar recursos emocionantes que favorezcan un aprendizaje para toda la vida. Por este motivo precisa tener conocimientos b\u00e1sicos sobre el mundo emocional, tanto el personal como el de sus aprendices, factores ambos que van a incidir con toda seguridad sobre su bienestar docente a la vez que le permitir\u00e1 transformar sus estrategias educativas y optimizar el aprendizaje de los alumnos. Ese es el objetivo fundamental de esta obra, acercar al docente los descubrimientos m\u00e1s significativos de la Neurociencia de una forma sencilla y pr\u00e1ctica.<\/p>\n<ul>\n<li><b>Ver en:\u00a0<a href=\"https:\/\/www.amazon.es\/gp\/product\/B00IOUW664\/ref=as_li_tf_tl?ie=UTF8&amp;camp=3626&amp;creative=24790&amp;creativeASIN=B00IOUW664&amp;linkCode=as2&amp;tag=unaexperi200f-21\" target=\"_blank\" rel=\"nofollow noopener noreferrer\">Amazon Espa\u00f1a<\/a><img loading=\"lazy\" decoding=\"async\" class=\"error\" src=\"https:\/\/ir-es.amazon-adsystem.com\/e\/ir?t=unaexperi200f-21&amp;l=as2&amp;o=30&amp;a=B00IOUW664\" alt=\"\" width=\"1\" height=\"1\" border=\"0\" data-lazy-src=\"https:\/\/ir-es.amazon-adsystem.com\/e\/ir?t=unaexperi200f-21&amp;l=as2&amp;o=30&amp;a=B00IOUW664\" data-was-processed=\"true\" \/><\/b><\/li>\n<\/ul>\n<\/div>\n<h5><span id=\"2_Carta_a_los_nuevos_maestros_Autores_Palou_Juli_y_Jaime_Cela\" class=\"ez-toc-section\"><\/span>12. Carta a los nuevos maestros. Autores: Palou Juli y Jaime Cela.<\/h5>\n<div>\n<p style=\"text-align: justify;\">Este libro tal como lo indica su t\u00edtulo, una carta que los autores dirigen a todas las personas que quieren ser maestros. Por la manera distendida y a la vez profunda con la que se tratan los diferentes temas, la lectura de este texto tambi\u00e9n es muy recomendable para los maestros con experiencia y para todas las personas interesadas en la educaci\u00f3n. Los autores pasan revista a los puntos m\u00e1s destacados del ejercicio de esta profesi\u00f3n tan apasionante y compleja, y analizan cu\u00e1les son los elementos que deben estar presentes en toda acci\u00f3n educativa.<\/p>\n<ul>\n<li><b>Ver en:<\/b>\u00a0<a href=\"https:\/\/www.amazon.com\/gp\/product\/8449316863\/ref=as_li_tl?ie=UTF8&amp;camp=1789&amp;creative=9325&amp;creativeASIN=8449316863&amp;linkCode=as2&amp;tag=unaexperienci-20&amp;linkId=5258dbd0b6532e38989f75290de1afa8\" target=\"_blank\" rel=\"nofollow noopener noreferrer\">Amazon.com<\/a><img loading=\"lazy\" decoding=\"async\" class=\"error\" src=\"https:\/\/ir-na.amazon-adsystem.com\/e\/ir?t=unaexperienci-20&amp;l=am2&amp;o=1&amp;a=8449316863\" alt=\"\" width=\"1\" height=\"1\" border=\"0\" data-lazy-src=\"https:\/\/ir-na.amazon-adsystem.com\/e\/ir?t=unaexperienci-20&amp;l=am2&amp;o=1&amp;a=8449316863\" data-was-processed=\"true\" \/>\u00a0\/\u00a0<a href=\"https:\/\/www.amazon.es\/gp\/product\/8449316863\/ref=as_li_tf_tl?ie=UTF8&amp;camp=3626&amp;creative=24790&amp;creativeASIN=8449316863&amp;linkCode=as2&amp;tag=unaexperi200f-21\" target=\"_blank\" rel=\"nofollow noopener noreferrer\">Amazon Espa\u00f1a<\/a><img loading=\"lazy\" decoding=\"async\" class=\"error\" src=\"https:\/\/ir-es.amazon-adsystem.com\/e\/ir?t=unaexperi200f-21&amp;l=as2&amp;o=30&amp;a=8449316863\" alt=\"\" width=\"1\" height=\"1\" border=\"0\" data-lazy-src=\"https:\/\/ir-es.amazon-adsystem.com\/e\/ir?t=unaexperi200f-21&amp;l=as2&amp;o=30&amp;a=8449316863\" data-was-processed=\"true\" \/><\/li>\n<\/ul>\n<\/div>\n<h5><span id=\"3_Crear_hoy_la_escuela_del_manana_Autor_Richard_Gerver\" class=\"ez-toc-section\"><\/span>13. Crear hoy la escuela del ma\u00f1ana.\u00a0\u00a0Autor: Richard Gerver<\/h5>\n<div>\n<p style=\"text-align: justify;\">Richard Gerver presenta su perspectiva sobre las fuerzas m\u00e1s amplias que contribuyen a moldear la educaci\u00f3n en estos primeros a\u00f1os del siglo XXI. Sobre este tel\u00f3n de fondo, describe exactamente c\u00f3mo \u00e9l y su equipo transformaron una escuela en decadencia en Inglaterra, y vieron c\u00f3mo en unos pocos a\u00f1os evolucionaba desde el abandono y la desesperanza hasta alcanzar el \u00e9xito a nivel local y el aplauso internacional.<\/p>\n<ul>\n<li><span id=\"Ver_en_Amazon_Espana_4_Creer_en_la_educacion_Autora_Victoria_Camps\" class=\"ez-toc-section\"><\/span><b>Ver en:\u00a0<\/b><a href=\"https:\/\/www.amazon.es\/gp\/product\/8467556536\/ref=as_li_tf_tl?ie=UTF8&amp;camp=3626&amp;creative=24790&amp;creativeASIN=8467556536&amp;linkCode=as2&amp;tag=unaexperi200f-21\" target=\"_blank\" rel=\"nofollow noopener noreferrer\">Amazon Espa\u00f1a<\/a><b><br \/>\n<\/b><\/li>\n<\/ul>\n<h5>14. Creer en la educaci\u00f3n.\u00a0\u00a0Autora: Victoria Camps<\/h5>\n<div>\n<p style=\"text-align: justify;\">La idea que atraviesa este l\u00facido ensayo est\u00e1 contenida en su t\u00edtulo:<i>\u00a0el problema fundamental que tiene la educaci\u00f3n en nuestros d\u00edas es la falta de fe<\/i>. La educaci\u00f3n ha perdido el norte, ha ca\u00eddo en la indefinici\u00f3n y ha olvidado su objetivo fundamental: la formaci\u00f3n de la personalidad. Una formaci\u00f3n que corresponde, sobre todo, a la familia, pero tambi\u00e9n a la escuela, a los medios de comunicaci\u00f3n, al espacio p\u00fablico en todas sus manifestaciones. Urge, por tanto, volver a valores como el respeto, la convivencia, el esfuerzo, la equidad o la utilizaci\u00f3n razonable de la libertad. Es necesario recuperar el buen sentido de conceptos como autoridad, norma, esfuerzo, disciplina o tolerancia. Y, por encima de todo, hay que cambiar de perspectiva, eliminar t\u00f3picos y asumir que estos valores, estas actitudes, se pueden y deben ense\u00f1ar.<\/p>\n<ul>\n<li><b>Ver\u00a0<\/b>en:\u00a0<a href=\"https:\/\/www.amazon.com\/gp\/product\/B00IPPBB28\/ref=as_li_tl?ie=UTF8&amp;camp=1789&amp;creative=9325&amp;creativeASIN=B00IPPBB28&amp;linkCode=as2&amp;tag=unaexperienci-20&amp;linkId=fe20e07bf96c9e92270b12e6e6eae527\" target=\"_blank\" rel=\"nofollow noopener noreferrer\">Amazon.com<\/a><img loading=\"lazy\" decoding=\"async\" class=\"error\" src=\"https:\/\/ir-na.amazon-adsystem.com\/e\/ir?t=unaexperienci-20&amp;l=am2&amp;o=1&amp;a=B00IPPBB28\" alt=\"\" width=\"1\" height=\"1\" border=\"0\" data-lazy-src=\"https:\/\/ir-na.amazon-adsystem.com\/e\/ir?t=unaexperienci-20&amp;l=am2&amp;o=1&amp;a=B00IPPBB28\" data-was-processed=\"true\" \/>\u00a0\/\u00a0<a href=\"https:\/\/www.amazon.es\/gp\/product\/8499424570\/ref=as_li_tf_tl?ie=UTF8&amp;camp=3626&amp;creative=24790&amp;creativeASIN=8499424570&amp;linkCode=as2&amp;tag=unaexperi200f-21\" target=\"_blank\" rel=\"nofollow noopener noreferrer\">Amazon Espa\u00f1a<\/a><img loading=\"lazy\" decoding=\"async\" class=\"error\" src=\"https:\/\/ir-es.amazon-adsystem.com\/e\/ir?t=unaexperi200f-21&amp;l=as2&amp;o=30&amp;a=8499424570\" alt=\"\" width=\"1\" height=\"1\" border=\"0\" data-lazy-src=\"https:\/\/ir-es.amazon-adsystem.com\/e\/ir?t=unaexperi200f-21&amp;l=as2&amp;o=30&amp;a=8499424570\" data-was-processed=\"true\" \/><\/li>\n<\/ul>\n<h5><span id=\"5_Dale_la_vuelta_a_tu_clase_Autor_Jonathan_Bergmann\" class=\"ez-toc-section\"><\/span>15. Dale la vuelta a tu clase. Autor: Jonathan Bergmann<\/h5>\n<p style=\"text-align: justify;\">Los impulsores de esta metodolog\u00eda educativa llegaron a ella al plantearse estas preguntas: \u00bfC\u00f3mo puede un solo profesor personalizar la educaci\u00f3n de tantos estudiantes? \u00bfC\u00f3mo puede asegurarse de que cada alumno aprende, cuando hay tantas metas y objetivos que alcanzar? \u00bfQu\u00e9 pasar\u00eda si grab\u00e1ramos nuestras exposiciones, los alumnos vieran el v\u00eddeo como tarea y luego dedic\u00e1ramos todo el tiempo de la clase a ayudarlos con los conceptos que no entienden? De este modo naci\u00f3 la \u201cclase al rev\u00e9s\u201d, que centra la atenci\u00f3n en cada alumno y su propio ritmo de aprendizaje.<\/p>\n<ul>\n<li>Ver en: A<a href=\"https:\/\/www.amazon.com\/gp\/product\/8467561181\/ref=as_li_tl?ie=UTF8&amp;camp=1789&amp;creative=9325&amp;creativeASIN=8467561181&amp;linkCode=as2&amp;tag=unaexperienci-20&amp;linkId=d45d9981cf691521d8f12e050cb742ae\" target=\"_blank\" rel=\"nofollow noopener noreferrer\">mazon.com<\/a>\u00a0<img loading=\"lazy\" decoding=\"async\" class=\"error\" src=\"https:\/\/ir-na.amazon-adsystem.com\/e\/ir?t=unaexperienci-20&amp;l=am2&amp;o=1&amp;a=8467561181\" alt=\"\" width=\"1\" height=\"1\" border=\"0\" data-lazy-src=\"https:\/\/ir-na.amazon-adsystem.com\/e\/ir?t=unaexperienci-20&amp;l=am2&amp;o=1&amp;a=8467561181\" data-was-processed=\"true\" \/>\/\u00a0<a href=\"https:\/\/www.amazon.es\/gp\/product\/8467561181\/ref=as_li_tf_tl?ie=UTF8&amp;camp=3626&amp;creative=24790&amp;creativeASIN=8467561181&amp;linkCode=as2&amp;tag=unaexperi200f-21\" target=\"_blank\" rel=\"nofollow noopener noreferrer\">Amazon Espa\u00f1a<\/a><img loading=\"lazy\" decoding=\"async\" class=\"error\" src=\"https:\/\/ir-es.amazon-adsystem.com\/e\/ir?t=unaexperi200f-21&amp;l=as2&amp;o=30&amp;a=8467561181\" alt=\"\" width=\"1\" height=\"1\" border=\"0\" data-lazy-src=\"https:\/\/ir-es.amazon-adsystem.com\/e\/ir?t=unaexperi200f-21&amp;l=as2&amp;o=30&amp;a=8467561181\" data-was-processed=\"true\" \/><\/li>\n<\/ul>\n<h5><span id=\"6_Educar_con_corazon_Autor_Jose_Maria_Toro\" class=\"ez-toc-section\"><\/span>16. Educar con co-raz\u00f3n. Autor: Jos\u00e9 Mar\u00eda Toro<\/h5>\n<\/div>\n<\/div>\n<div>\n<p style=\"text-align: justify;\">En los diversos espacios educativos, y m\u00e1s concretamente en las escuelas, hay mucha m\u00e1s \u201ccabeza\u201d que \u201ccoraz\u00f3n, \u00a0mucha m\u00e1s \u201cmente\u201d que \u201ccuerpo\u201d, mucha m\u00e1s \u201cciencia\u201d que \u201carte\u201d, mucho m\u00e1s \u201ctrabajo\u201d que\u201d\u2018vida\u201d, muchos m\u00e1s \u201cejercicios\u201d que \u201cexperiencias\u201d\u2026 mucha m\u00e1s pesadumbre y aburrimiento que alegr\u00eda y entusiasmo. \u201cCo-raz\u00f3n\u201d es reivindicar para la educaci\u00f3n un coraz\u00f3n que no est\u00e1 re\u00f1ido con la raz\u00f3n sino que la contiene y trasciende. No es un libro de recursos ni, mucho menos, un recetario de actividades\u2026 porque, no lo olvides, querido educador o educadora, el recurso por excelencia eres t\u00fa.<\/p>\n<ul>\n<li>Ver en:\u00a0<a href=\"https:\/\/www.amazon.com\/gp\/product\/8433020110\/ref=as_li_tl?ie=UTF8&amp;camp=1789&amp;creative=9325&amp;creativeASIN=8433020110&amp;linkCode=as2&amp;tag=unaexperienci-20&amp;linkId=a6307424385ae5dc2ef20b834be4c794\" target=\"_blank\" rel=\"nofollow noopener noreferrer\">Amazon.com<\/a><img loading=\"lazy\" decoding=\"async\" class=\"error\" src=\"https:\/\/ir-na.amazon-adsystem.com\/e\/ir?t=unaexperienci-20&amp;l=am2&amp;o=1&amp;a=8433020110\" alt=\"\" width=\"1\" height=\"1\" border=\"0\" data-lazy-src=\"https:\/\/ir-na.amazon-adsystem.com\/e\/ir?t=unaexperienci-20&amp;l=am2&amp;o=1&amp;a=8433020110\" data-was-processed=\"true\" \/>\u00a0\/\u00a0<a href=\"https:\/\/www.amazon.es\/gp\/product\/8433020110\/ref=as_li_tf_tl?ie=UTF8&amp;camp=3626&amp;creative=24790&amp;creativeASIN=8433020110&amp;linkCode=as2&amp;tag=unaexperi200f-21\" target=\"_blank\" rel=\"nofollow noopener noreferrer\">Amazon Espa\u00f1a<\/a><img loading=\"lazy\" decoding=\"async\" class=\"error\" src=\"https:\/\/ir-es.amazon-adsystem.com\/e\/ir?t=unaexperi200f-21&amp;l=as2&amp;o=30&amp;a=8433020110\" alt=\"\" width=\"1\" height=\"1\" border=\"0\" data-lazy-src=\"https:\/\/ir-es.amazon-adsystem.com\/e\/ir?t=unaexperi200f-21&amp;l=as2&amp;o=30&amp;a=8433020110\" data-was-processed=\"true\" \/><\/li>\n<\/ul>\n<h5><span id=\"7_Ensenar_a_nativos_digitales_Autor_Marc_Prensky\" class=\"ez-toc-section\"><\/span>17. Ense\u00f1ar a nativos digitales. Autor: Marc Prensky<b><br \/>\n<\/b><\/h5>\n<\/div>\n<div>\n<p style=\"text-align: justify;\">Marc Prensky, que acu\u00f1\u00f3 los t\u00e9rminos \u201cnativos digitales\u201d e \u201cinmigrantes digitales\u201d, presenta un intuitivo e innovador modelo de pedagog\u00eda de la coasociaci\u00f3n, en el que los alumnos, nativos digitales, se especializan en la b\u00fasqueda y presentaci\u00f3n de contenidos a trav\u00e9s de la tecnolog\u00eda. Y los profesores, inmigrantes digitales, se especializan en guiar a los estudiantes, proporcion\u00e1ndoles preguntas y contextos, dise\u00f1ando el proceso de aprendizaje y garantizando su calidad.<\/p>\n<ul>\n<li>Ver en:\u00a0<a href=\"https:\/\/www.amazon.com\/gp\/product\/B00BHL8JX6\/ref=as_li_tl?ie=UTF8&amp;camp=1789&amp;creative=9325&amp;creativeASIN=B00BHL8JX6&amp;linkCode=as2&amp;tag=unaexperienci-20&amp;linkId=e357ac78564fba8e88f69d336784c47c\" target=\"_blank\" rel=\"nofollow noopener noreferrer\">Amazon.com<\/a>\u00a0\/<img loading=\"lazy\" decoding=\"async\" class=\"error\" src=\"https:\/\/ir-na.amazon-adsystem.com\/e\/ir?t=unaexperienci-20&amp;l=am2&amp;o=1&amp;a=B00BHL8JX6\" alt=\"\" width=\"1\" height=\"1\" border=\"0\" data-lazy-src=\"https:\/\/ir-na.amazon-adsystem.com\/e\/ir?t=unaexperienci-20&amp;l=am2&amp;o=1&amp;a=B00BHL8JX6\" data-was-processed=\"true\" \/>\u00a0<a href=\"https:\/\/www.amazon.es\/gp\/product\/846755228X\/ref=as_li_tf_tl?ie=UTF8&amp;camp=3626&amp;creative=24790&amp;creativeASIN=846755228X&amp;linkCode=as2&amp;tag=unaexperi200f-21\" target=\"_blank\" rel=\"nofollow noopener noreferrer\">\u00a0Amazon Espa\u00f1<\/a><img loading=\"lazy\" decoding=\"async\" class=\"error\" src=\"https:\/\/ir-es.amazon-adsystem.com\/e\/ir?t=unaexperi200f-21&amp;l=as2&amp;o=30&amp;a=846755228X\" alt=\"\" width=\"1\" height=\"1\" border=\"0\" data-lazy-src=\"https:\/\/ir-es.amazon-adsystem.com\/e\/ir?t=unaexperi200f-21&amp;l=as2&amp;o=30&amp;a=846755228X\" data-was-processed=\"true\" \/><\/li>\n<\/ul>\n<\/div>\n<div>\n<div>\n<h5><span id=\"8_Ensenar_bien_es_un_arte_Sugerencias_para_principiantes_Autor_Alan_Haigh\" class=\"ez-toc-section\"><\/span>18. Ense\u00f1ar bien es un arte: Sugerencias para principiantes. Autor: Alan Haigh<\/h5>\n<\/div>\n<\/div>\n<div style=\"text-align: justify;\">Este libro, breve y sencillo, fruto de la larga y rica experiencia del autor, propone algunas ideas \u00a0claves, en las que se apoya la tarea de ense\u00f1ar y aprender, expresadas con un lenguaje corriente y f\u00e1cilmente comprensible. Estas \u201cIdeas b\u00e1sicas\u201d, se pueden aplicar tanto a la ense\u00f1anza de alumnos de todas las edades como a la preparaci\u00f3n del profesorado. Su lectura proporcionar\u00e1 a los futuros educadores, o a quienes se inician como principiantes en la tarea de ense\u00f1ar, las habilidades necesarias para ense\u00f1ar a sus alumnos a que aprendan a pensar. Poniendo en pr\u00e1ctica los consejos que aporta, podr\u00e1n comprender mejor en qu\u00e9 consiste ense\u00f1ar y en qu\u00e9 consiste aprender; y conseguir\u00e1n que los alumnos disfruten y valoren su educaci\u00f3n, adquieran autoconfianza y autoestima, y desarrollen un aprendizaje aut\u00f3nomo a lo largo de toda su vida.<\/div>\n<ul>\n<li>Ver en:\u00a0<a href=\"https:\/\/www.amazon.com\/gp\/product\/8427716419\/ref=as_li_tl?ie=UTF8&amp;camp=1789&amp;creative=9325&amp;creativeASIN=8427716419&amp;linkCode=as2&amp;tag=unaexperienci-20&amp;linkId=eff29527481e4921773bee0cc5bc6032\" target=\"_blank\" rel=\"nofollow noopener noreferrer\">Amazon.com<\/a>\u00a0\/<img loading=\"lazy\" decoding=\"async\" class=\"error\" src=\"https:\/\/ir-na.amazon-adsystem.com\/e\/ir?t=unaexperienci-20&amp;l=am2&amp;o=1&amp;a=8427716419\" alt=\"\" width=\"1\" height=\"1\" border=\"0\" data-lazy-src=\"https:\/\/ir-na.amazon-adsystem.com\/e\/ir?t=unaexperienci-20&amp;l=am2&amp;o=1&amp;a=8427716419\" data-was-processed=\"true\" \/><a href=\"https:\/\/www.amazon.es\/gp\/product\/8427716419\/ref=as_li_tf_tl?ie=UTF8&amp;camp=3626&amp;creative=24790&amp;creativeASIN=8427716419&amp;linkCode=as2&amp;tag=unaexperi200f-21\" target=\"_blank\" rel=\"nofollow noopener noreferrer\">Amazon Espa\u00f1a<\/a><\/li>\n<\/ul>\n<h5><span id=\"9_Escuelas_creativas_La_revolucion_que_esta_tranformando_la_educacion_Autor_Ken_Robinson\" class=\"ez-toc-section\"><\/span>19. Escuelas creativas. La revoluci\u00f3n que est\u00e1 tranformando la educaci\u00f3n. Autor: Ken Robinson<\/h5>\n<div>\n<p style=\"text-align: justify;\">En una \u00e9poca en la que los procesos de evaluaci\u00f3n se estandarizan, las escuelas pasan por momentos dif\u00edciles y tanto estudiantes como educadores sufren una presi\u00f3n enorme, Robinson nos ofrece soluciones pr\u00e1cticas para terminar con el caduco sistema educativo actual heredado de la Revoluci\u00f3n Industrial. Para lograrlo, propone darle a la educaci\u00f3n un enfoque personalizado. Sugiere aprovechar el potencial de los recursos tecnol\u00f3gicos y profesionales disponibles y fomentar as\u00ed la participaci\u00f3n de los estudiantes para que pierdan el miedo a equivocarse, desarrollen su pasi\u00f3n por aprender y su creatividad, y est\u00e9n preparados para afrontar los retos que les depare el futuro. Repleto de an\u00e9cdotas, casos, investigaciones y consejos de profesionales pioneros en el tema,<i>\u00a0Escuelas creativas<\/i>\u00a0apasionar\u00e1 a cualquier interesado en la educaci\u00f3n, porque le har\u00e1 replantearse muchas ideas preconcebidas y le ayudar\u00e1 a reflexionar sobre cu\u00e1l es realmente el verdadero sentido de la educaci\u00f3n en el siglo XXI.<\/p>\n<\/div>\n<ul>\n<li><span id=\"Ver_en_Amazon_com_\/_Amazon_Espana_10_Ideas_creActivas_para_educar_Autor_Enrique_Sanchez_Rivas\" class=\"ez-toc-section\"><\/span>Ver en:\u00a0<a href=\"https:\/\/www.amazon.com\/gp\/product\/1101910801\/ref=as_li_tl?ie=UTF8&amp;camp=1789&amp;creative=9325&amp;creativeASIN=1101910801&amp;linkCode=as2&amp;tag=unaexperienci-20&amp;linkId=692d9152c90a3531c8679fb30d31fdfb\" target=\"_blank\" rel=\"nofollow noopener noreferrer\">Amazon.com<\/a>\u00a0\/\u00a0<a href=\"https:\/\/www.amazon.es\/gp\/product\/8466335048\/ref=as_li_tf_tl?ie=UTF8&amp;camp=3626&amp;creative=24790&amp;creativeASIN=8466335048&amp;linkCode=as2&amp;tag=unaexperi200f-21\" target=\"_blank\" rel=\"nofollow noopener noreferrer\">Amazon Espa\u00f1a<\/a><\/li>\n<\/ul>\n<h5>20. Ideas creActivas para educar. Autor: Enrique S\u00e1nchez Rivas<\/h5>\n<div>\n<p style=\"text-align: justify;\">Un profesor le pregunt\u00f3 a un ni\u00f1o de siete a\u00f1os qu\u00e9 ten\u00eda que saber para educar. El peque\u00f1o respondi\u00f3: \u201cM\u00e1s que yo\u201d. Para educar tenemos que saber m\u00e1s, pero \u00bflengua o matem\u00e1ticas? Este tipo de conocimiento lo necesitas para formar. Para educar tienes que saber m\u00e1s pedagog\u00eda, y no es algo que se ense\u00f1e habitualmente. El libro muestra las teor\u00edas m\u00e1s relevantes de esta ciencia a trav\u00e9s de an\u00e9cdotas, ejemplos y reflexiones fruto del trabajo diario en la escuela. Cada experiencia relatada conduce a un conocimiento pr\u00e1ctico y propone estrategias diferentes a las habituales para usar en casa o en clase: ideas creativas, generadas y contrastadas en situaciones reales; pensadas para una educaci\u00f3n activa, para ser utilizadas (no solo para ser le\u00eddas). De ah\u00ed el juego de palabras que sirve de t\u00edtulo: creActivas.<\/p>\n<\/div>\n<ul>\n<li>Ver en:\u00a0<a href=\"https:\/\/www.amazon.com\/gp\/product\/8497007913\/ref=as_li_tl?ie=UTF8&amp;camp=1789&amp;creative=9325&amp;creativeASIN=8497007913&amp;linkCode=as2&amp;tag=unaexperienci-20&amp;linkId=fe2c074505d6810ee88170deae662e88\" target=\"_blank\" rel=\"nofollow noopener noreferrer\">Amazon.com<\/a><img loading=\"lazy\" decoding=\"async\" class=\"error\" src=\"https:\/\/ir-na.amazon-adsystem.com\/e\/ir?t=unaexperienci-20&amp;l=am2&amp;o=1&amp;a=8497007913\" alt=\"\" width=\"1\" height=\"1\" border=\"0\" data-lazy-src=\"https:\/\/ir-na.amazon-adsystem.com\/e\/ir?t=unaexperienci-20&amp;l=am2&amp;o=1&amp;a=8497007913\" data-was-processed=\"true\" \/>\u00a0\/\u00a0<a href=\"https:\/\/www.amazon.es\/gp\/product\/8497007913\/ref=as_li_tf_tl?ie=UTF8&amp;camp=3626&amp;creative=24790&amp;creativeASIN=8497007913&amp;linkCode=as2&amp;tag=unaexperi200f-21\" target=\"_blank\" rel=\"nofollow noopener noreferrer\">Amazon Espa\u00f1a<\/a><\/li>\n<\/ul>\n<h5><span id=\"11_La_nueva_educacion_Retos_y_desafios_de_un_maestro_de_hoy_Autor_Cesar_Bona\" class=\"ez-toc-section\"><\/span>21. La nueva educaci\u00f3n. Retos y desaf\u00edos de un maestro de hoy.\u00a0\u00a0Autor: C\u00e9sar Bona<\/h5>\n<div style=\"text-align: justify;\">C\u00e9sar Bona, uno de los cincuenta mejores maestros del mundo seg\u00fan el Global Teacher\u00a0Prize, nos aclara en este libro que ser maestro no es acomodar a los alumnos a unos planes de estudio: todo educador debe adaptarse al motor imparable y entusiasmado de un ni\u00f1o. Hay que motivarles, estimular su creatividad y aguijonear su curiosidad; porque los ni\u00f1os no son solo los adultos del ma\u00f1ana: son habitantes del presente. En primera persona, C\u00e9sar Bona relata an\u00e9cdotas, nos cuenta los momentos clave en su vida que le convirtieron en el maestro que es en la actualidad, y nos muestra que la metodolog\u00eda de ense\u00f1anza m\u00e1s efectiva es implicarse con los alumnos. Porque el educador es un ser privilegiado, que puede impartir y compartir sus conocimientos en tribu.<\/div>\n<ul>\n<li>Ver en:\u00a0<a href=\"https:\/\/www.amazon.com\/gp\/product\/B012BN3VQI\/ref=as_li_tl?ie=UTF8&amp;camp=1789&amp;creative=9325&amp;creativeASIN=B012BN3VQI&amp;linkCode=as2&amp;tag=unaexperienci-20&amp;linkId=dd8993d6def954ff64ad756eb5287e7f\" target=\"_blank\" rel=\"nofollow noopener noreferrer\">Amazon.com<\/a><img loading=\"lazy\" decoding=\"async\" class=\"error\" src=\"https:\/\/ir-na.amazon-adsystem.com\/e\/ir?t=unaexperienci-20&amp;l=am2&amp;o=1&amp;a=B012BN3VQI\" alt=\"\" width=\"1\" height=\"1\" border=\"0\" data-lazy-src=\"https:\/\/ir-na.amazon-adsystem.com\/e\/ir?t=unaexperienci-20&amp;l=am2&amp;o=1&amp;a=B012BN3VQI\" data-was-processed=\"true\" \/>\u00a0\/\u00a0<a href=\"https:\/\/www.amazon.es\/gp\/product\/B012BN3VQI\/ref=as_li_tf_tl?ie=UTF8&amp;camp=3626&amp;creative=24790&amp;creativeASIN=B012BN3VQI&amp;linkCode=as2&amp;tag=unaexperi200f-21\" target=\"_blank\" rel=\"nofollow noopener noreferrer\">Amazon Espa\u00f1a<\/a><\/li>\n<\/ul>\n<h5><span id=\"12_Mindfulness_Para_Ensenar_Y_Aprender_Autores_Deborah_Schoeberlein_y_Suki_Sheth\" class=\"ez-toc-section\"><\/span>22. Mindfulness Para Ense\u00f1ar Y Aprender. Autores: Deborah Schoeberlein y Suki Sheth<\/h5>\n<div style=\"text-align: justify;\">Los mejores profesores son profesores plenamente atentos, conscientes de s\u00ed mismos y sintonizan con sus alumnos. La ense\u00f1anza con atenci\u00f3n plena, o mindfulness, fomenta una comunidad pedag\u00f3gica en la que los alumnos florecen en lo acad\u00e9mico, en lo emocional y lo social, y los profesores avanzan como profesionales y como personas. Ense\u00f1ando la atenci\u00f3n plena directamente a los alumnos se incrementan los efectos de la presencia del profesor, entrenando a los j\u00f3venes para que ejerciten por s\u00ed mismos habilidades de atenci\u00f3n sencillas, pr\u00e1cticas y universales. Estos dos planteamientos se refuerzan mutuamente y benefician a todos en el aula. La atenci\u00f3n plena o mindfulness es una manera consciente e intencionada de sintonizar con lo que est\u00e1 pasando dentro de nosotros y a nuestro alrededor. Este planteamiento concreto de lo que es prestar atenci\u00f3n y de pulir la consciencia mejora el enfoque mental y el rendimiento acad\u00e9mico, lo que a la vez refuerza diversas habilidades que contribuyen al equilibrio emocional.<\/div>\n<div>\n<ul>\n<li>Ver en:\u00a0<a href=\"https:\/\/www.amazon.com\/gp\/product\/8495973820\/ref=as_li_tl?ie=UTF8&amp;camp=1789&amp;creative=9325&amp;creativeASIN=8495973820&amp;linkCode=as2&amp;tag=unaexperienci-20&amp;linkId=3b7a038326f43f99dc652e7642bcc263\" target=\"_blank\" rel=\"nofollow noopener noreferrer\">Amazon.com<\/a><img loading=\"lazy\" decoding=\"async\" class=\"error\" src=\"https:\/\/ir-na.amazon-adsystem.com\/e\/ir?t=unaexperienci-20&amp;l=am2&amp;o=1&amp;a=8495973820\" alt=\"\" width=\"1\" height=\"1\" border=\"0\" data-lazy-src=\"https:\/\/ir-na.amazon-adsystem.com\/e\/ir?t=unaexperienci-20&amp;l=am2&amp;o=1&amp;a=8495973820\" data-was-processed=\"true\" \/>\u00a0\/\u00a0<a href=\"https:\/\/www.amazon.es\/gp\/product\/8495973820\/ref=as_li_tf_tl?ie=UTF8&amp;camp=3626&amp;creative=24790&amp;creativeASIN=8495973820&amp;linkCode=as2&amp;tag=unaexperi200f-21\" target=\"_blank\" rel=\"nofollow noopener noreferrer\">Amazon Espa\u00f1a<\/a><\/li>\n<\/ul>\n<\/div>\n<h5><span id=\"13_Pedagogias_del_siglo_XXI_Alternativas_para_la_innovacion_educativa_Autor_Jaume_Carbonell_Sebarroja\" class=\"ez-toc-section\"><\/span>23. Pedagog\u00edas del siglo XXI. Alternativas para la innovaci\u00f3n educativa. Autor: Jaume Carbonell Sebarroja<\/h5>\n<div>\n<p style=\"text-align: justify;\">\u00bfCu\u00e1les son las pedagog\u00edas alternativas que est\u00e1n marcando el rumbo de la innovaci\u00f3n educativa? \u00bfCu\u00e1les son sus referentes, se\u00f1as de identidad y experiencias m\u00e1s emblem\u00e1ticas? \u00bfQu\u00e9 aportan y qu\u00e9 cr\u00edticas suscitan? En cada cap\u00edtulo de este libro se trata de dar respuesta a estos interrogantes. Se habla de las pedagog\u00edas no institucionales: de lo que se aprende en la escuela y fuera de ella; de la escuela inclusiva y del trabajo cooperativo; de las pedagog\u00edas cr\u00edticas; de la perspectiva sist\u00e9mica; del conocimiento integrado y de los proyectos de trabajo; de las pedagog\u00edas no directivas y las escuelas libres; de la educaci\u00f3n lenta, serena y sostenible, y de las aportaciones de las diversas inteligencias.<\/p>\n<\/div>\n<div>\n<ul>\n<li>Ver en:\u00a0<a href=\"https:\/\/www.amazon.com\/gp\/product\/B01N8T42GJ\/ref=as_li_tl?ie=UTF8&amp;camp=1789&amp;creative=9325&amp;creativeASIN=B01N8T42GJ&amp;linkCode=as2&amp;tag=unaexperienci-20&amp;linkId=44067466a1f0963bfbe407c001b9904e\" target=\"_blank\" rel=\"nofollow noopener noreferrer\">Amazon.com<\/a><img loading=\"lazy\" decoding=\"async\" class=\"error\" src=\"https:\/\/ir-na.amazon-adsystem.com\/e\/ir?t=unaexperienci-20&amp;l=am2&amp;o=1&amp;a=B01N8T42GJ\" alt=\"\" width=\"1\" height=\"1\" border=\"0\" data-lazy-src=\"https:\/\/ir-na.amazon-adsystem.com\/e\/ir?t=unaexperienci-20&amp;l=am2&amp;o=1&amp;a=B01N8T42GJ\" data-was-processed=\"true\" \/>\u00a0 \/\u00a0<a href=\"https:\/\/www.amazon.es\/gp\/product\/8499216218\/ref=as_li_tf_tl?ie=UTF8&amp;camp=3626&amp;creative=24790&amp;creativeASIN=8499216218&amp;linkCode=as2&amp;tag=unaexperi200f-21\" target=\"_blank\" rel=\"nofollow noopener noreferrer\">Amazon Espa\u00f1a<\/a><\/li>\n<\/ul>\n<\/div>\n<h5><span id=\"14_Propuestas_Para_Una_Escuela_En_El_Siglo_XXI_Autor_Fernando_Trujillo_Saez\" class=\"ez-toc-section\"><\/span>24. Propuestas Para Una Escuela En El Siglo XXI. Autor: Fernando Trujillo S\u00e1ez<\/h5>\n<div>\n<p style=\"text-align: justify;\">En educaci\u00f3n se vive un momento de cambio que obliga a estar alerta y preparados. Algunos cambios son positivos, otros no, pero todos son ambiguos y no es f\u00e1cil ver hacia d\u00f3nde conducen. Este libro somete a una mirada cr\u00edtica y proactiva muchas de las grandes cuestiones de la escuela contempor\u00e1nea y propone l\u00edneas de actuaci\u00f3n concretas a trav\u00e9s de una colecci\u00f3n de textos sobre la escuela inclusiva, la interculturalidad, las competencias b\u00e1sicas, la ense\u00f1anza de lenguas o el uso de las tecnolog\u00edas de la informaci\u00f3n y la comunicaci\u00f3n. Porque, seg\u00fan sostiene el autor, es necesaria una escuela mejor, m\u00e1s radical, m\u00e1s expandida, m\u00e1s entroncada con la vida de los estudiantes y la sociedad.<\/p>\n<\/div>\n<div>\n<ul>\n<li>Ver en:\u00a0<a href=\"https:\/\/www.amazon.com\/gp\/product\/8483197715\/ref=as_li_tl?ie=UTF8&amp;camp=1789&amp;creative=9325&amp;creativeASIN=8483197715&amp;linkCode=as2&amp;tag=unaexperienci-20&amp;linkId=c95e33865c6845b496f85ec1e02c2d0e\" target=\"_blank\" rel=\"nofollow noopener noreferrer\">Amazon.com<\/a><img loading=\"lazy\" decoding=\"async\" class=\"error\" src=\"https:\/\/ir-na.amazon-adsystem.com\/e\/ir?t=unaexperienci-20&amp;l=am2&amp;o=1&amp;a=8483197715\" alt=\"\" width=\"1\" height=\"1\" border=\"0\" data-lazy-src=\"https:\/\/ir-na.amazon-adsystem.com\/e\/ir?t=unaexperienci-20&amp;l=am2&amp;o=1&amp;a=8483197715\" data-was-processed=\"true\" \/>\u00a0\/\u00a0<a href=\"https:\/\/www.amazon.es\/gp\/product\/8483197715\/ref=as_li_tf_tl?ie=UTF8&amp;camp=3626&amp;creative=24790&amp;creativeASIN=8483197715&amp;linkCode=as2&amp;tag=unaexperi200f-21\" target=\"_blank\" rel=\"nofollow noopener noreferrer\">Amazon Espa\u00f1a<\/a><\/li>\n<\/ul>\n<\/div>\n<h5><span id=\"15_Reduvolution_Hacer_revolucion_en_la_educacion_Autora_Maria_Acaso\" class=\"ez-toc-section\"><\/span>25. Reduvolution. Hacer revoluci\u00f3n en la educaci\u00f3n. Autora: Mar\u00eda Acaso<\/h5>\n<div>\n<p style=\"text-align: justify;\">Mientras que todo se transforma, el mundo de la educaci\u00f3n permanece igual, anclado en un paradigma m\u00e1s cercano al siglo XIX y a la producci\u00f3n industrial que a las din\u00e1micas propias del siglo XXI. Es necesario que iniciemos la #rEDUvolution o, lo que desde hace alg\u00fan tiempo se conoce como la revoluci\u00f3n educativa. Escrito con un lenguaje directo y nada acad\u00e9mico, en rEDUvolution encontrar\u00e1s un texto donde el lenguaje visual aporta tanto conocimiento como el lenguaje escrito. Asimismo, se incluyen una serie de propuestas que pretenden provocar el siempre dif\u00edcil paso de la teor\u00eda a la pr\u00e1ctica mediante la participaci\u00f3n del lector o lectora en el propio libro.<\/p>\n<ul>\n<li>Ver en:\u00a0<a href=\"https:\/\/www.amazon.com\/gp\/product\/B00F590NJY\/ref=as_li_tl?ie=UTF8&amp;camp=1789&amp;creative=9325&amp;creativeASIN=B00F590NJY&amp;linkCode=as2&amp;tag=unaexperienci-20&amp;linkId=6c2c91297c90b54d07d5e1fb53f1c267\" target=\"_blank\" rel=\"nofollow noopener noreferrer\">Amazon.com<\/a><img loading=\"lazy\" decoding=\"async\" class=\"error\" src=\"https:\/\/ir-na.amazon-adsystem.com\/e\/ir?t=unaexperienci-20&amp;l=am2&amp;o=1&amp;a=B00F590NJY\" alt=\"\" width=\"1\" height=\"1\" border=\"0\" data-lazy-src=\"https:\/\/ir-na.amazon-adsystem.com\/e\/ir?t=unaexperienci-20&amp;l=am2&amp;o=1&amp;a=B00F590NJY\" data-was-processed=\"true\" \/>\u00a0\/\u00a0<a href=\"https:\/\/www.amazon.es\/gp\/product\/B00F590NJY\/ref=as_li_tf_tl?ie=UTF8&amp;camp=3626&amp;creative=24790&amp;creativeASIN=B00F590NJY&amp;linkCode=as2&amp;tag=unaexperi200f-21\" target=\"_blank\" rel=\"nofollow noopener noreferrer\">Amazon Espa\u00f1a<\/a><\/li>\n<\/ul>\n<\/div>\n<p><strong>Este contenido ha sido publicado originalmente por Portal Educativo\u00a0en la\u00a0siguiente direcci\u00f3n:\u00a0<a href=\"http:\/\/portaleducativo10.com\/\" target=\"_blank\" rel=\"noopener noreferrer\">portaleducativo10.com<\/a>\u00a0y adaptado por WMCMF<\/strong><\/p>\n\t\t<div class=\"pk-inline-posts\">\n\t\t\t\n\t\t\t<div class=\"pk-inline-posts-container pk-inline-posts-template-list\"\n\t\t\t\tdata-columns=\"1\">\n\t\t\t\t\t\t<article id=\"post-118051\" class=\"post-118051 post type-post status-publish format-standard has-post-thumbnail category-lectoescritura category-leer category-libros category-pedagogia tag-aula tag-comprension-lectora tag-creatividad tag-dia-del-libro tag-docentes tag-fichas-educativas tag-lectura tag-manualidades tag-material-didactico tag-recursos-educativos cs-entry cs-video-wrap\">\n\t\t\t<div class=\"pk-post-outer\">\n\n\t\t\t\t\t\t\t\t<div class=\"pk-post-inner\">\n\t\t\t\t\t<div class=\"entry-thumbnail\">\n\t\t\t\t\t\t<div class=\"pk-overlay pk-overlay-ratio pk-ratio-landscape\">\n\t\t\t\t\t\t\t<div class=\"pk-overlay-background\">\n\t\t\t\t\t\t\t\t<a href=\"https:\/\/webdelmaestrocmf.com\/portal\/dia-del-libro-23-de-abril-descarga-las-actividades-recursos-fichas-manualidades-y-materiales-motivadores-para-transformar-la-lectura-en-el-aula\/\" class=\"pk-overlay-link\">\n\t\t\t\t\t\t\t\t\t<img loading=\"lazy\" decoding=\"async\" width=\"300\" height=\"225\" src=\"https:\/\/webdelmaestrocmf.com\/portal\/wp-content\/uploads\/2026\/04\/1AA-Banner-1-portada-imagen-10-1-copia-23-300x225.webp\" class=\"attachment-pk-thumbnail size-pk-thumbnail wp-post-image\" alt=\"\" \/>\t\t\t\t\t\t\t\t<\/a>\n\t\t\t\t\t\t\t<\/div>\n\t\t\t\t\t\t<\/div>\n\t\t\t\t\t<\/div>\n\t\t\t\t<\/div>\n\t\t\t\t\n\t\t\t\t<div class=\"pk-post-inner\">\n\t\t\t\t\t<header>\n\t\t\t\t\t\t<h3 class=\"pk-title\"><a href=\"https:\/\/webdelmaestrocmf.com\/portal\/dia-del-libro-23-de-abril-descarga-las-actividades-recursos-fichas-manualidades-y-materiales-motivadores-para-transformar-la-lectura-en-el-aula\/\" rel=\"bookmark\">D\u00eda del Libro (23 de abril): Descarga las actividades, recursos, fichas, manualidades, materiales y pulseras motivadores para transformar la lectura en el aula<\/a><\/h3>\t\t\t\t\t<\/header><!-- .entry-header -->\n\t\t\t\t<\/div><!-- .post-inner -->\n\n\t\t\t<\/div><!-- .post-outer -->\n\t\t<\/article>\n\t\t\t\t<\/div>\n\t\t<\/div>\n\t\t\n","protected":false},"excerpt":{"rendered":"Una de las razones b\u00e1sicas, por la cual recomendamos la lectura de \u201cEl Proyecto Facebook y la Posuniversidad\u201d,&hellip;","protected":false},"author":1,"featured_media":54448,"comment_status":"open","ping_status":"open","sticky":false,"template":"","format":"standard","meta":{"csco_display_header_overlay":false,"csco_singular_sidebar":"default","csco_page_header_type":"default","csco_page_load_nextpost":"default","csco_post_video_location":[],"csco_post_video_location_hash":"","csco_post_video_url":"","csco_post_video_bg_start_time":0,"csco_post_video_bg_end_time":0,"csco_post_video_bg_volume":false,"_jetpack_memberships_contains_paid_content":false,"footnotes":""},"categories":[139,504,735],"tags":[627,52,628,629],"class_list":{"0":"post-7884","1":"post","2":"type-post","3":"status-publish","4":"format-standard","5":"has-post-thumbnail","7":"category-visitadas","8":"category-libros","9":"category-pedagogia","10":"tag-5-libros","11":"tag-docente","12":"tag-leer","13":"tag-libros","14":"cs-entry","15":"cs-video-wrap"},"yoast_head":"<!-- This site is optimized with the Yoast SEO plugin v27.5 - https:\/\/yoast.com\/product\/yoast-seo-wordpress\/ -->\n<title>Diez libros que los docentes deber\u00edamos leer ahora<\/title>\n<meta name=\"description\" content=\"Para todo docente es muy importante seguir aprendiendo, esta recopilaci\u00f3n de 5 libros es de suma importancia para el profesorado.\" \/>\n<meta name=\"robots\" content=\"index, follow, max-snippet:-1, max-image-preview:large, max-video-preview:-1\" \/>\n<link rel=\"canonical\" href=\"https:\/\/webdelmaestrocmf.com\/portal\/5-libros-que-todo-docente-deberia-leer\/\" \/>\n<meta property=\"og:locale\" content=\"es_ES\" \/>\n<meta property=\"og:type\" content=\"article\" \/>\n<meta property=\"og:title\" content=\"Diez libros que los docentes deber\u00edamos leer ahora\" \/>\n<meta property=\"og:description\" content=\"Para todo docente es muy importante seguir aprendiendo, esta recopilaci\u00f3n de 5 libros es de suma importancia para el profesorado.\" \/>\n<meta property=\"og:url\" content=\"https:\/\/webdelmaestrocmf.com\/portal\/5-libros-que-todo-docente-deberia-leer\/\" \/>\n<meta property=\"og:site_name\" content=\"Web del Maestro CMF\" \/>\n<meta property=\"article:publisher\" content=\"https:\/\/www.facebook.com\/WebdelMaestroCMF\/\" \/>\n<meta property=\"article:author\" content=\"https:\/\/www.facebook.com\/WebdelMaestroCMF\/\" \/>\n<meta property=\"article:published_time\" content=\"2020-11-11T23:39:49+00:00\" \/>\n<meta property=\"article:modified_time\" content=\"2020-11-12T14:44:16+00:00\" \/>\n<meta property=\"og:image\" content=\"https:\/\/i0.wp.com\/webdelmaestrocmf.com\/portal\/wp-content\/uploads\/2020\/02\/1-31.jpeg?fit=1100%2C680&ssl=1\" \/>\n\t<meta property=\"og:image:width\" content=\"1100\" \/>\n\t<meta property=\"og:image:height\" content=\"680\" \/>\n\t<meta property=\"og:image:type\" content=\"image\/jpeg\" \/>\n<meta name=\"author\" content=\"Web del Maestro CMF\" \/>\n<meta name=\"twitter:card\" content=\"summary_large_image\" \/>\n<meta name=\"twitter:creator\" content=\"@cmf_w\" \/>\n<meta name=\"twitter:site\" content=\"@cmf_w\" \/>\n<script type=\"application\/ld+json\" class=\"yoast-schema-graph\">{\"@context\":\"https:\\\/\\\/schema.org\",\"@graph\":[{\"@type\":\"ScholarlyArticle\",\"@id\":\"https:\\\/\\\/webdelmaestrocmf.com\\\/portal\\\/5-libros-que-todo-docente-deberia-leer\\\/#article\",\"isPartOf\":{\"@id\":\"https:\\\/\\\/webdelmaestrocmf.com\\\/portal\\\/5-libros-que-todo-docente-deberia-leer\\\/\"},\"author\":{\"name\":\"Web del Maestro CMF\",\"@id\":\"https:\\\/\\\/webdelmaestrocmf.com\\\/portal\\\/#\\\/schema\\\/person\\\/1072a2ed7bd960df8ef99a551fa35dc5\"},\"headline\":\"30 libros que los docentes deber\u00edamos leer ahora\",\"datePublished\":\"2020-11-11T23:39:49+00:00\",\"dateModified\":\"2020-11-12T14:44:16+00:00\",\"mainEntityOfPage\":{\"@id\":\"https:\\\/\\\/webdelmaestrocmf.com\\\/portal\\\/5-libros-que-todo-docente-deberia-leer\\\/\"},\"wordCount\":3077,\"commentCount\":2,\"publisher\":{\"@id\":\"https:\\\/\\\/webdelmaestrocmf.com\\\/portal\\\/#organization\"},\"image\":{\"@id\":\"https:\\\/\\\/webdelmaestrocmf.com\\\/portal\\\/5-libros-que-todo-docente-deberia-leer\\\/#primaryimage\"},\"thumbnailUrl\":\"https:\\\/\\\/webdelmaestrocmf.com\\\/portal\\\/wp-content\\\/uploads\\\/2020\\\/02\\\/1-31.jpeg\",\"keywords\":[\"5 LIBROS\",\"DOCENTE\",\"LEER\",\"Libros\"],\"articleSection\":[\"Las m\u00e1s vistas\",\"Libros\",\"Recursos\"],\"inLanguage\":\"es\",\"potentialAction\":[{\"@type\":\"CommentAction\",\"name\":\"Comment\",\"target\":[\"https:\\\/\\\/webdelmaestrocmf.com\\\/portal\\\/5-libros-que-todo-docente-deberia-leer\\\/#respond\"]}]},{\"@type\":\"WebPage\",\"@id\":\"https:\\\/\\\/webdelmaestrocmf.com\\\/portal\\\/5-libros-que-todo-docente-deberia-leer\\\/\",\"url\":\"https:\\\/\\\/webdelmaestrocmf.com\\\/portal\\\/5-libros-que-todo-docente-deberia-leer\\\/\",\"name\":\"Diez libros que los docentes deber\u00edamos leer ahora\",\"isPartOf\":{\"@id\":\"https:\\\/\\\/webdelmaestrocmf.com\\\/portal\\\/#website\"},\"primaryImageOfPage\":{\"@id\":\"https:\\\/\\\/webdelmaestrocmf.com\\\/portal\\\/5-libros-que-todo-docente-deberia-leer\\\/#primaryimage\"},\"image\":{\"@id\":\"https:\\\/\\\/webdelmaestrocmf.com\\\/portal\\\/5-libros-que-todo-docente-deberia-leer\\\/#primaryimage\"},\"thumbnailUrl\":\"https:\\\/\\\/webdelmaestrocmf.com\\\/portal\\\/wp-content\\\/uploads\\\/2020\\\/02\\\/1-31.jpeg\",\"datePublished\":\"2020-11-11T23:39:49+00:00\",\"dateModified\":\"2020-11-12T14:44:16+00:00\",\"description\":\"Para todo docente es muy importante seguir aprendiendo, esta recopilaci\u00f3n de 5 libros es de suma importancia para el profesorado.\",\"breadcrumb\":{\"@id\":\"https:\\\/\\\/webdelmaestrocmf.com\\\/portal\\\/5-libros-que-todo-docente-deberia-leer\\\/#breadcrumb\"},\"inLanguage\":\"es\",\"potentialAction\":[{\"@type\":\"ReadAction\",\"target\":[\"https:\\\/\\\/webdelmaestrocmf.com\\\/portal\\\/5-libros-que-todo-docente-deberia-leer\\\/\"]}]},{\"@type\":\"ImageObject\",\"inLanguage\":\"es\",\"@id\":\"https:\\\/\\\/webdelmaestrocmf.com\\\/portal\\\/5-libros-que-todo-docente-deberia-leer\\\/#primaryimage\",\"url\":\"https:\\\/\\\/webdelmaestrocmf.com\\\/portal\\\/wp-content\\\/uploads\\\/2020\\\/02\\\/1-31.jpeg\",\"contentUrl\":\"https:\\\/\\\/webdelmaestrocmf.com\\\/portal\\\/wp-content\\\/uploads\\\/2020\\\/02\\\/1-31.jpeg\",\"width\":1100,\"height\":680},{\"@type\":\"BreadcrumbList\",\"@id\":\"https:\\\/\\\/webdelmaestrocmf.com\\\/portal\\\/5-libros-que-todo-docente-deberia-leer\\\/#breadcrumb\",\"itemListElement\":[{\"@type\":\"ListItem\",\"position\":1,\"name\":\"Portada\",\"item\":\"https:\\\/\\\/webdelmaestrocmf.com\\\/portal\\\/\"},{\"@type\":\"ListItem\",\"position\":2,\"name\":\"Recursos\",\"item\":\"https:\\\/\\\/webdelmaestrocmf.com\\\/portal\\\/category\\\/pedagogia\\\/\"},{\"@type\":\"ListItem\",\"position\":3,\"name\":\"30 libros que los docentes deber\u00edamos leer ahora\"}]},{\"@type\":\"WebSite\",\"@id\":\"https:\\\/\\\/webdelmaestrocmf.com\\\/portal\\\/#website\",\"url\":\"https:\\\/\\\/webdelmaestrocmf.com\\\/portal\\\/\",\"name\":\"Web del Maestro CMF\",\"description\":\"Maestros al servicio de la educaci\u00f3n\",\"publisher\":{\"@id\":\"https:\\\/\\\/webdelmaestrocmf.com\\\/portal\\\/#organization\"},\"alternateName\":\"WMCMF\",\"potentialAction\":[{\"@type\":\"SearchAction\",\"target\":{\"@type\":\"EntryPoint\",\"urlTemplate\":\"https:\\\/\\\/webdelmaestrocmf.com\\\/portal\\\/?s={search_term_string}\"},\"query-input\":{\"@type\":\"PropertyValueSpecification\",\"valueRequired\":true,\"valueName\":\"search_term_string\"}}],\"inLanguage\":\"es\"},{\"@type\":\"Organization\",\"@id\":\"https:\\\/\\\/webdelmaestrocmf.com\\\/portal\\\/#organization\",\"name\":\"Web del Maestro CMF\",\"alternateName\":\"WMCMF\",\"url\":\"https:\\\/\\\/webdelmaestrocmf.com\\\/portal\\\/\",\"logo\":{\"@type\":\"ImageObject\",\"inLanguage\":\"es\",\"@id\":\"https:\\\/\\\/webdelmaestrocmf.com\\\/portal\\\/#\\\/schema\\\/logo\\\/image\\\/\",\"url\":\"https:\\\/\\\/webdelmaestrocmf.com\\\/portal\\\/wp-content\\\/uploads\\\/2023\\\/01\\\/logo-wmcmf-2.png\",\"contentUrl\":\"https:\\\/\\\/webdelmaestrocmf.com\\\/portal\\\/wp-content\\\/uploads\\\/2023\\\/01\\\/logo-wmcmf-2.png\",\"width\":200,\"height\":60,\"caption\":\"Web del Maestro CMF\"},\"image\":{\"@id\":\"https:\\\/\\\/webdelmaestrocmf.com\\\/portal\\\/#\\\/schema\\\/logo\\\/image\\\/\"},\"sameAs\":[\"https:\\\/\\\/www.facebook.com\\\/WebdelMaestroCMF\\\/\",\"https:\\\/\\\/x.com\\\/cmf_w\",\"https:\\\/\\\/www.pinterest.com\\\/WMCMF\\\/\",\"https:\\\/\\\/www.linkedin.com\\\/company\\\/web-del-maestro-cmf\\\/\",\"https:\\\/\\\/www.instagram.com\\\/wmcmf\\\/\",\"https:\\\/\\\/www.youtube.com\\\/channel\\\/UCDPSvjbdodE5sHnC3OxutHw\",\"https:\\\/\\\/mastodon.social\\\/@wmcmf\",\"https:\\\/\\\/www.tiktok.com\\\/@webdelmaestrocmf\"]},{\"@type\":\"Person\",\"@id\":\"https:\\\/\\\/webdelmaestrocmf.com\\\/portal\\\/#\\\/schema\\\/person\\\/1072a2ed7bd960df8ef99a551fa35dc5\",\"name\":\"Web del Maestro CMF\",\"image\":{\"@type\":\"ImageObject\",\"inLanguage\":\"es\",\"@id\":\"https:\\\/\\\/secure.gravatar.com\\\/avatar\\\/23291dd5b5ae1077dcff3dbb04c3e02bd28403fa75af6d8787d5e97c5bbbe30b?s=96&d=mm&r=g\",\"url\":\"https:\\\/\\\/secure.gravatar.com\\\/avatar\\\/23291dd5b5ae1077dcff3dbb04c3e02bd28403fa75af6d8787d5e97c5bbbe30b?s=96&d=mm&r=g\",\"contentUrl\":\"https:\\\/\\\/secure.gravatar.com\\\/avatar\\\/23291dd5b5ae1077dcff3dbb04c3e02bd28403fa75af6d8787d5e97c5bbbe30b?s=96&d=mm&r=g\",\"caption\":\"Web del Maestro CMF\"},\"description\":\"Esta Web se cre\u00f3 sin fines de lucro, con fines educativos, cient\u00edficos y acad\u00e9micos, para personas que tengan dificultades y\\\/o inconvenientes en visualizar el material original. El objetivo es entregar recursos, compartir experiencias y materiales que ayuden a los padres de familia, maestros y estudiantes en su actualizaci\u00f3n y formaci\u00f3n permanente, en bien de la Educaci\u00f3n.\",\"sameAs\":[\"http:\\\/\\\/webdelmaestrocmf.com\\\/portal\",\"https:\\\/\\\/www.facebook.com\\\/WebdelMaestroCMF\\\/\",\"https:\\\/\\\/www.instagram.com\\\/wmcmf\\\/\",\"https:\\\/\\\/cl.linkedin.com\\\/company\\\/web-del-maestro-cmf\",\"https:\\\/\\\/www.pinterest.com\\\/WMCMF\\\/publicaciones\\\/\",\"https:\\\/\\\/x.com\\\/cmf_w\",\"https:\\\/\\\/www.youtube.com\\\/@WMCMF\"]}]}<\/script>\n<!-- \/ Yoast SEO plugin. -->","yoast_head_json":{"title":"Diez libros que los docentes deber\u00edamos leer ahora","description":"Para todo docente es muy importante seguir aprendiendo, esta recopilaci\u00f3n de 5 libros es de suma importancia para el profesorado.","robots":{"index":"index","follow":"follow","max-snippet":"max-snippet:-1","max-image-preview":"max-image-preview:large","max-video-preview":"max-video-preview:-1"},"canonical":"https:\/\/webdelmaestrocmf.com\/portal\/5-libros-que-todo-docente-deberia-leer\/","og_locale":"es_ES","og_type":"article","og_title":"Diez libros que los docentes deber\u00edamos leer ahora","og_description":"Para todo docente es muy importante seguir aprendiendo, esta recopilaci\u00f3n de 5 libros es de suma importancia para el profesorado.","og_url":"https:\/\/webdelmaestrocmf.com\/portal\/5-libros-que-todo-docente-deberia-leer\/","og_site_name":"Web del Maestro CMF","article_publisher":"https:\/\/www.facebook.com\/WebdelMaestroCMF\/","article_author":"https:\/\/www.facebook.com\/WebdelMaestroCMF\/","article_published_time":"2020-11-11T23:39:49+00:00","article_modified_time":"2020-11-12T14:44:16+00:00","og_image":[{"width":1100,"height":680,"url":"https:\/\/i0.wp.com\/webdelmaestrocmf.com\/portal\/wp-content\/uploads\/2020\/02\/1-31.jpeg?fit=1100%2C680&ssl=1","type":"image\/jpeg"}],"author":"Web del Maestro CMF","twitter_card":"summary_large_image","twitter_creator":"@cmf_w","twitter_site":"@cmf_w","schema":{"@context":"https:\/\/schema.org","@graph":[{"@type":"ScholarlyArticle","@id":"https:\/\/webdelmaestrocmf.com\/portal\/5-libros-que-todo-docente-deberia-leer\/#article","isPartOf":{"@id":"https:\/\/webdelmaestrocmf.com\/portal\/5-libros-que-todo-docente-deberia-leer\/"},"author":{"name":"Web del Maestro CMF","@id":"https:\/\/webdelmaestrocmf.com\/portal\/#\/schema\/person\/1072a2ed7bd960df8ef99a551fa35dc5"},"headline":"30 libros que los docentes deber\u00edamos leer ahora","datePublished":"2020-11-11T23:39:49+00:00","dateModified":"2020-11-12T14:44:16+00:00","mainEntityOfPage":{"@id":"https:\/\/webdelmaestrocmf.com\/portal\/5-libros-que-todo-docente-deberia-leer\/"},"wordCount":3077,"commentCount":2,"publisher":{"@id":"https:\/\/webdelmaestrocmf.com\/portal\/#organization"},"image":{"@id":"https:\/\/webdelmaestrocmf.com\/portal\/5-libros-que-todo-docente-deberia-leer\/#primaryimage"},"thumbnailUrl":"https:\/\/webdelmaestrocmf.com\/portal\/wp-content\/uploads\/2020\/02\/1-31.jpeg","keywords":["5 LIBROS","DOCENTE","LEER","Libros"],"articleSection":["Las m\u00e1s vistas","Libros","Recursos"],"inLanguage":"es","potentialAction":[{"@type":"CommentAction","name":"Comment","target":["https:\/\/webdelmaestrocmf.com\/portal\/5-libros-que-todo-docente-deberia-leer\/#respond"]}]},{"@type":"WebPage","@id":"https:\/\/webdelmaestrocmf.com\/portal\/5-libros-que-todo-docente-deberia-leer\/","url":"https:\/\/webdelmaestrocmf.com\/portal\/5-libros-que-todo-docente-deberia-leer\/","name":"Diez libros que los docentes deber\u00edamos leer ahora","isPartOf":{"@id":"https:\/\/webdelmaestrocmf.com\/portal\/#website"},"primaryImageOfPage":{"@id":"https:\/\/webdelmaestrocmf.com\/portal\/5-libros-que-todo-docente-deberia-leer\/#primaryimage"},"image":{"@id":"https:\/\/webdelmaestrocmf.com\/portal\/5-libros-que-todo-docente-deberia-leer\/#primaryimage"},"thumbnailUrl":"https:\/\/webdelmaestrocmf.com\/portal\/wp-content\/uploads\/2020\/02\/1-31.jpeg","datePublished":"2020-11-11T23:39:49+00:00","dateModified":"2020-11-12T14:44:16+00:00","description":"Para todo docente es muy importante seguir aprendiendo, esta recopilaci\u00f3n de 5 libros es de suma importancia para el profesorado.","breadcrumb":{"@id":"https:\/\/webdelmaestrocmf.com\/portal\/5-libros-que-todo-docente-deberia-leer\/#breadcrumb"},"inLanguage":"es","potentialAction":[{"@type":"ReadAction","target":["https:\/\/webdelmaestrocmf.com\/portal\/5-libros-que-todo-docente-deberia-leer\/"]}]},{"@type":"ImageObject","inLanguage":"es","@id":"https:\/\/webdelmaestrocmf.com\/portal\/5-libros-que-todo-docente-deberia-leer\/#primaryimage","url":"https:\/\/webdelmaestrocmf.com\/portal\/wp-content\/uploads\/2020\/02\/1-31.jpeg","contentUrl":"https:\/\/webdelmaestrocmf.com\/portal\/wp-content\/uploads\/2020\/02\/1-31.jpeg","width":1100,"height":680},{"@type":"BreadcrumbList","@id":"https:\/\/webdelmaestrocmf.com\/portal\/5-libros-que-todo-docente-deberia-leer\/#breadcrumb","itemListElement":[{"@type":"ListItem","position":1,"name":"Portada","item":"https:\/\/webdelmaestrocmf.com\/portal\/"},{"@type":"ListItem","position":2,"name":"Recursos","item":"https:\/\/webdelmaestrocmf.com\/portal\/category\/pedagogia\/"},{"@type":"ListItem","position":3,"name":"30 libros que los docentes deber\u00edamos leer ahora"}]},{"@type":"WebSite","@id":"https:\/\/webdelmaestrocmf.com\/portal\/#website","url":"https:\/\/webdelmaestrocmf.com\/portal\/","name":"Web del Maestro CMF","description":"Maestros al servicio de la educaci\u00f3n","publisher":{"@id":"https:\/\/webdelmaestrocmf.com\/portal\/#organization"},"alternateName":"WMCMF","potentialAction":[{"@type":"SearchAction","target":{"@type":"EntryPoint","urlTemplate":"https:\/\/webdelmaestrocmf.com\/portal\/?s={search_term_string}"},"query-input":{"@type":"PropertyValueSpecification","valueRequired":true,"valueName":"search_term_string"}}],"inLanguage":"es"},{"@type":"Organization","@id":"https:\/\/webdelmaestrocmf.com\/portal\/#organization","name":"Web del Maestro CMF","alternateName":"WMCMF","url":"https:\/\/webdelmaestrocmf.com\/portal\/","logo":{"@type":"ImageObject","inLanguage":"es","@id":"https:\/\/webdelmaestrocmf.com\/portal\/#\/schema\/logo\/image\/","url":"https:\/\/webdelmaestrocmf.com\/portal\/wp-content\/uploads\/2023\/01\/logo-wmcmf-2.png","contentUrl":"https:\/\/webdelmaestrocmf.com\/portal\/wp-content\/uploads\/2023\/01\/logo-wmcmf-2.png","width":200,"height":60,"caption":"Web del Maestro CMF"},"image":{"@id":"https:\/\/webdelmaestrocmf.com\/portal\/#\/schema\/logo\/image\/"},"sameAs":["https:\/\/www.facebook.com\/WebdelMaestroCMF\/","https:\/\/x.com\/cmf_w","https:\/\/www.pinterest.com\/WMCMF\/","https:\/\/www.linkedin.com\/company\/web-del-maestro-cmf\/","https:\/\/www.instagram.com\/wmcmf\/","https:\/\/www.youtube.com\/channel\/UCDPSvjbdodE5sHnC3OxutHw","https:\/\/mastodon.social\/@wmcmf","https:\/\/www.tiktok.com\/@webdelmaestrocmf"]},{"@type":"Person","@id":"https:\/\/webdelmaestrocmf.com\/portal\/#\/schema\/person\/1072a2ed7bd960df8ef99a551fa35dc5","name":"Web del Maestro CMF","image":{"@type":"ImageObject","inLanguage":"es","@id":"https:\/\/secure.gravatar.com\/avatar\/23291dd5b5ae1077dcff3dbb04c3e02bd28403fa75af6d8787d5e97c5bbbe30b?s=96&d=mm&r=g","url":"https:\/\/secure.gravatar.com\/avatar\/23291dd5b5ae1077dcff3dbb04c3e02bd28403fa75af6d8787d5e97c5bbbe30b?s=96&d=mm&r=g","contentUrl":"https:\/\/secure.gravatar.com\/avatar\/23291dd5b5ae1077dcff3dbb04c3e02bd28403fa75af6d8787d5e97c5bbbe30b?s=96&d=mm&r=g","caption":"Web del Maestro CMF"},"description":"Esta Web se cre\u00f3 sin fines de lucro, con fines educativos, cient\u00edficos y acad\u00e9micos, para personas que tengan dificultades y\/o inconvenientes en visualizar el material original. El objetivo es entregar recursos, compartir experiencias y materiales que ayuden a los padres de familia, maestros y estudiantes en su actualizaci\u00f3n y formaci\u00f3n permanente, en bien de la Educaci\u00f3n.","sameAs":["http:\/\/webdelmaestrocmf.com\/portal","https:\/\/www.facebook.com\/WebdelMaestroCMF\/","https:\/\/www.instagram.com\/wmcmf\/","https:\/\/cl.linkedin.com\/company\/web-del-maestro-cmf","https:\/\/www.pinterest.com\/WMCMF\/publicaciones\/","https:\/\/x.com\/cmf_w","https:\/\/www.youtube.com\/@WMCMF"]}]}},"jetpack_featured_media_url":"https:\/\/webdelmaestrocmf.com\/portal\/wp-content\/uploads\/2020\/02\/1-31.jpeg","jetpack_sharing_enabled":true,"jetpack-related-posts":[{"id":101774,"url":"https:\/\/webdelmaestrocmf.com\/portal\/los-mejores-libros-sobre-educacion-para-docentes\/","url_meta":{"origin":7884,"position":0},"title":"Los mejores libros sobre educaci\u00f3n para docentes","author":"Web del Maestro CMF","date":"18 febrero, 2024","format":false,"excerpt":"La educaci\u00f3n es un campo en constante evoluci\u00f3n, y los docentes desempe\u00f1an un papel crucial en la formaci\u00f3n de las mentes j\u00f3venes. Mantenerse actualizado y buscar nuevas perspectivas es esencial para ofrecer una ense\u00f1anza efectiva y significativa. Es por eso que preparamos este art\u00edculo de los mejores libros sobre educaci\u00f3n.\u2026","rel":"","context":"En \u00abLeer\u00bb","block_context":{"text":"Leer","link":"https:\/\/webdelmaestrocmf.com\/portal\/category\/pedagogia\/leer\/"},"img":{"alt_text":"libros","src":"https:\/\/i0.wp.com\/webdelmaestrocmf.com\/portal\/wp-content\/uploads\/2023\/12\/Banner-1-portada-imagen-10-1-2.jpg?resize=350%2C200&ssl=1","width":350,"height":200,"srcset":"https:\/\/i0.wp.com\/webdelmaestrocmf.com\/portal\/wp-content\/uploads\/2023\/12\/Banner-1-portada-imagen-10-1-2.jpg?resize=350%2C200&ssl=1 1x, https:\/\/i0.wp.com\/webdelmaestrocmf.com\/portal\/wp-content\/uploads\/2023\/12\/Banner-1-portada-imagen-10-1-2.jpg?resize=525%2C300&ssl=1 1.5x, https:\/\/i0.wp.com\/webdelmaestrocmf.com\/portal\/wp-content\/uploads\/2023\/12\/Banner-1-portada-imagen-10-1-2.jpg?resize=700%2C400&ssl=1 2x"},"classes":[]},{"id":108739,"url":"https:\/\/webdelmaestrocmf.com\/portal\/libro-para-docentes-steam-y-el-futuro-del-aprendizaje-con-ia-descarga-gratuita-pdf\/","url_meta":{"origin":7884,"position":1},"title":"Libro para docentes: STEAM y el futuro del aprendizaje con IA | Descarga gratuita PDF","author":"Web del Maestro CMF","date":"13 abril, 2025","format":false,"excerpt":"En un mundo donde la educaci\u00f3n tradicional ya no responde a las demandas del presente, surge una propuesta audaz y transformadora: el enfoque STEAM combinado con la Inteligencia Artificial (IA). El libro \u201cSTEAM y el futuro del aprendizaje con IA. Metodolog\u00edas disruptivas para desarrollar habilidades del siglo XXI\u201d es una\u2026","rel":"","context":"En \u00abLibros\u00bb","block_context":{"text":"Libros","link":"https:\/\/webdelmaestrocmf.com\/portal\/category\/pedagogia\/libros\/"},"img":{"alt_text":"","src":"https:\/\/i0.wp.com\/webdelmaestrocmf.com\/portal\/wp-content\/uploads\/2025\/04\/1A-Banner-1-portada-imagen-10-1-57.jpg?resize=350%2C200&ssl=1","width":350,"height":200,"srcset":"https:\/\/i0.wp.com\/webdelmaestrocmf.com\/portal\/wp-content\/uploads\/2025\/04\/1A-Banner-1-portada-imagen-10-1-57.jpg?resize=350%2C200&ssl=1 1x, https:\/\/i0.wp.com\/webdelmaestrocmf.com\/portal\/wp-content\/uploads\/2025\/04\/1A-Banner-1-portada-imagen-10-1-57.jpg?resize=525%2C300&ssl=1 1.5x, https:\/\/i0.wp.com\/webdelmaestrocmf.com\/portal\/wp-content\/uploads\/2025\/04\/1A-Banner-1-portada-imagen-10-1-57.jpg?resize=700%2C400&ssl=1 2x"},"classes":[]},{"id":114885,"url":"https:\/\/webdelmaestrocmf.com\/portal\/descarga-el-libro-academico-estrategias-e-investigaciones-desde-la-didactica-e-innovacion\/","url_meta":{"origin":7884,"position":2},"title":"Descarga el libro acad\u00e9mico Estrategias e investigaciones desde la did\u00e1ctica e innovaci\u00f3n","author":"Web del Maestro CMF","date":"20 enero, 2026","format":false,"excerpt":"Libro acad\u00e9mico imprescindible para docentes, con investigaciones, estrategias did\u00e1cticas e innovaci\u00f3n educativa, disponible para descarga gratuita al final del art\u00edculo.","rel":"","context":"En \u00abLibros\u00bb","block_context":{"text":"Libros","link":"https:\/\/webdelmaestrocmf.com\/portal\/category\/pedagogia\/libros\/"},"img":{"alt_text":"","src":"https:\/\/i0.wp.com\/webdelmaestrocmf.com\/portal\/wp-content\/uploads\/2026\/01\/1A-Banner-1-portada-imagen-10-1-copia-3-5.webp?resize=350%2C200&ssl=1","width":350,"height":200,"srcset":"https:\/\/i0.wp.com\/webdelmaestrocmf.com\/portal\/wp-content\/uploads\/2026\/01\/1A-Banner-1-portada-imagen-10-1-copia-3-5.webp?resize=350%2C200&ssl=1 1x, https:\/\/i0.wp.com\/webdelmaestrocmf.com\/portal\/wp-content\/uploads\/2026\/01\/1A-Banner-1-portada-imagen-10-1-copia-3-5.webp?resize=525%2C300&ssl=1 1.5x, https:\/\/i0.wp.com\/webdelmaestrocmf.com\/portal\/wp-content\/uploads\/2026\/01\/1A-Banner-1-portada-imagen-10-1-copia-3-5.webp?resize=700%2C400&ssl=1 2x"},"classes":[]},{"id":104124,"url":"https:\/\/webdelmaestrocmf.com\/portal\/libro-para-docentes-evaluar-con-el-corazon\/","url_meta":{"origin":7884,"position":3},"title":"Libro para docentes: Evaluar con el coraz\u00f3n","author":"Web del Maestro CMF","date":"20 febrero, 2024","format":false,"excerpt":"La evaluaci\u00f3n educativa ha sido tradicionalmente vista como un proceso t\u00e9cnico y objetivo, centrado en la medici\u00f3n de los resultados del aprendizaje. Sin embargo, en los \u00faltimos a\u00f1os ha surgido una corriente de pensamiento que aboga por una visi\u00f3n m\u00e1s humana y cr\u00edtica de la evaluaci\u00f3n. En este art\u00edculo, se\u2026","rel":"","context":"En \u00abLibros\u00bb","block_context":{"text":"Libros","link":"https:\/\/webdelmaestrocmf.com\/portal\/category\/pedagogia\/libros\/"},"img":{"alt_text":"","src":"https:\/\/i0.wp.com\/webdelmaestrocmf.com\/portal\/wp-content\/uploads\/2024\/02\/Banner-1-portada-imagen-10-1-12-2.jpg?resize=350%2C200&ssl=1","width":350,"height":200,"srcset":"https:\/\/i0.wp.com\/webdelmaestrocmf.com\/portal\/wp-content\/uploads\/2024\/02\/Banner-1-portada-imagen-10-1-12-2.jpg?resize=350%2C200&ssl=1 1x, https:\/\/i0.wp.com\/webdelmaestrocmf.com\/portal\/wp-content\/uploads\/2024\/02\/Banner-1-portada-imagen-10-1-12-2.jpg?resize=525%2C300&ssl=1 1.5x, https:\/\/i0.wp.com\/webdelmaestrocmf.com\/portal\/wp-content\/uploads\/2024\/02\/Banner-1-portada-imagen-10-1-12-2.jpg?resize=700%2C400&ssl=1 2x"},"classes":[]},{"id":107950,"url":"https:\/\/webdelmaestrocmf.com\/portal\/seis-libros-gratuitos-para-docentes-como-integrar-la-ia-en-la-educacion\/","url_meta":{"origin":7884,"position":4},"title":"Seis libros gratuitos para docentes: C\u00f3mo integrar la IA en la educaci\u00f3n","author":"Web del Maestro CMF","date":"11 febrero, 2025","format":false,"excerpt":"La educaci\u00f3n est\u00e1 atravesando un punto de inflexi\u00f3n. La inteligencia artificial no reemplazar\u00e1 a los docentes, pero s\u00ed transformar\u00e1 la forma en que se ense\u00f1a y aprende. En este escenario, quienes logren integrar la IA de manera estrat\u00e9gica marcar\u00e1n la diferencia en la educaci\u00f3n del futuro. Conscientes de esta realidad,\u2026","rel":"","context":"En \u00abLibros\u00bb","block_context":{"text":"Libros","link":"https:\/\/webdelmaestrocmf.com\/portal\/category\/pedagogia\/libros\/"},"img":{"alt_text":"","src":"https:\/\/i0.wp.com\/webdelmaestrocmf.com\/portal\/wp-content\/uploads\/2025\/02\/1A-Banner-1-portada-imagen-10-1-66.jpg?resize=350%2C200&ssl=1","width":350,"height":200,"srcset":"https:\/\/i0.wp.com\/webdelmaestrocmf.com\/portal\/wp-content\/uploads\/2025\/02\/1A-Banner-1-portada-imagen-10-1-66.jpg?resize=350%2C200&ssl=1 1x, https:\/\/i0.wp.com\/webdelmaestrocmf.com\/portal\/wp-content\/uploads\/2025\/02\/1A-Banner-1-portada-imagen-10-1-66.jpg?resize=525%2C300&ssl=1 1.5x, https:\/\/i0.wp.com\/webdelmaestrocmf.com\/portal\/wp-content\/uploads\/2025\/02\/1A-Banner-1-portada-imagen-10-1-66.jpg?resize=700%2C400&ssl=1 2x"},"classes":[]},{"id":102159,"url":"https:\/\/webdelmaestrocmf.com\/portal\/inger-inkvest-como-puede-ser-responsable-el-docente-si-se-le-quita-la-autoridad-para-organizar-el-trabajo\/","url_meta":{"origin":7884,"position":5},"title":"Inger Enkvist: \u00bfC\u00f3mo puede ser responsable el docente si se le quita la autoridad para organizar el trabajo?","author":"Web del Maestro CMF","date":"9 abril, 2026","format":false,"excerpt":"Sin autoridad para organizar el aula, el docente queda desarmado. La exigencia sin herramientas solo ahuyenta a los mejores.","rel":"","context":"En \u00abEntrevistas\u00bb","block_context":{"text":"Entrevistas","link":"https:\/\/webdelmaestrocmf.com\/portal\/category\/noticias\/entrevistas\/"},"img":{"alt_text":"","src":"https:\/\/i0.wp.com\/webdelmaestrocmf.com\/portal\/wp-content\/uploads\/2024\/01\/1A-Banner-1-portada-imagen-10-1-copia-7.webp?resize=350%2C200&ssl=1","width":350,"height":200,"srcset":"https:\/\/i0.wp.com\/webdelmaestrocmf.com\/portal\/wp-content\/uploads\/2024\/01\/1A-Banner-1-portada-imagen-10-1-copia-7.webp?resize=350%2C200&ssl=1 1x, https:\/\/i0.wp.com\/webdelmaestrocmf.com\/portal\/wp-content\/uploads\/2024\/01\/1A-Banner-1-portada-imagen-10-1-copia-7.webp?resize=525%2C300&ssl=1 1.5x, https:\/\/i0.wp.com\/webdelmaestrocmf.com\/portal\/wp-content\/uploads\/2024\/01\/1A-Banner-1-portada-imagen-10-1-copia-7.webp?resize=700%2C400&ssl=1 2x"},"classes":[]}],"_links":{"self":[{"href":"https:\/\/webdelmaestrocmf.com\/portal\/wp-json\/wp\/v2\/posts\/7884","targetHints":{"allow":["GET"]}}],"collection":[{"href":"https:\/\/webdelmaestrocmf.com\/portal\/wp-json\/wp\/v2\/posts"}],"about":[{"href":"https:\/\/webdelmaestrocmf.com\/portal\/wp-json\/wp\/v2\/types\/post"}],"author":[{"embeddable":true,"href":"https:\/\/webdelmaestrocmf.com\/portal\/wp-json\/wp\/v2\/users\/1"}],"replies":[{"embeddable":true,"href":"https:\/\/webdelmaestrocmf.com\/portal\/wp-json\/wp\/v2\/comments?post=7884"}],"version-history":[{"count":0,"href":"https:\/\/webdelmaestrocmf.com\/portal\/wp-json\/wp\/v2\/posts\/7884\/revisions"}],"wp:featuredmedia":[{"embeddable":true,"href":"https:\/\/webdelmaestrocmf.com\/portal\/wp-json\/wp\/v2\/media\/54448"}],"wp:attachment":[{"href":"https:\/\/webdelmaestrocmf.com\/portal\/wp-json\/wp\/v2\/media?parent=7884"}],"wp:term":[{"taxonomy":"category","embeddable":true,"href":"https:\/\/webdelmaestrocmf.com\/portal\/wp-json\/wp\/v2\/categories?post=7884"},{"taxonomy":"post_tag","embeddable":true,"href":"https:\/\/webdelmaestrocmf.com\/portal\/wp-json\/wp\/v2\/tags?post=7884"}],"curies":[{"name":"wp","href":"https:\/\/api.w.org\/{rel}","templated":true}]}}