{"id":78720,"date":"2022-11-05T22:10:46","date_gmt":"2022-11-06T01:10:46","guid":{"rendered":"https:\/\/webdelmaestrocmf.com\/portal\/?p=78720"},"modified":"2022-11-20T14:05:23","modified_gmt":"2022-11-20T17:05:23","slug":"comunicacion-asertiva-en-el-aula-por-que-es-necesaria-como-ser-asertivo-en-la-escuela","status":"publish","type":"post","link":"https:\/\/webdelmaestrocmf.com\/portal\/comunicacion-asertiva-en-el-aula-por-que-es-necesaria-como-ser-asertivo-en-la-escuela\/","title":{"rendered":"Comunicaci\u00f3n Asertiva en el aula: \u00bfPor qu\u00e9 es necesaria? \u00bfC\u00f3mo ser asertivo en la escuela?"},"content":{"rendered":"<h5 style=\"text-align: justify;\">La Comunicaci\u00f3n Asertiva es un estilo de comunicaci\u00f3n en el cual se expresan sentimientos, pensamientos, opiniones y creencias de una manera respetuosa, clara y honesta. Aunque no es algo natural para todos, la asertividad es una habilidad que se puede ense\u00f1ar a los ni\u00f1os y ni\u00f1as. Y al desarrollar esta forma de comunicaci\u00f3n, les permitir\u00e1 a ellos defenderse a s\u00ed mismos, as\u00ed como desarrollar su capacidad de recuperaci\u00f3n.<\/h5>\n<p><!--more--><\/p>\n<p style=\"text-align: justify;\">Sin embargo, el hogar y la escuela a menudo refuerzan el comportamiento poco asertivo, por lo que es necesario concientizar a los estudiantes siempre sea posible sobre lo necesario que es aplicar la asertividad en el entorno escolar.<\/p>\n<h5 style=\"text-align: justify;\">\u00bfPor qu\u00e9 es necesaria?<\/h5>\n<p style=\"text-align: justify;\">Muchas veces, en las escuelas se experimentan climas escolares de inconformidad causadas por una mala comunicaci\u00f3n entre docentes y alumnos. En ocasiones, las formas de expresarse no son las m\u00e1s adecuadas, pese a que el respeto puede estar presente.<\/p>\n<p style=\"text-align: justify;\">Por otra parte, la indisciplina es un problema relacionado, puesto que muchas veces depende de la forma en que los docentes manejan los conflictos y las diversas situaciones negativas para el alumno. Para cambiar esto, es importante desarrollar actividades de Comunicaci\u00f3n Asertiva dentro de la comunidad escolar, puesto que es fundamental para el rendimiento como para la retenci\u00f3n escolar.<\/p>\n<h5 style=\"text-align: justify;\">\u00bfC\u00f3mo ser asertivo en la escuela?<\/h5>\n<p style=\"text-align: justify;\">Una adecuada Comunicaci\u00f3n Asertiva, en t\u00e9rminos generales, se caracteriza por el hecho de que nada o casi nada se da por supuesto en la conversaci\u00f3n. Por otra parte, tambi\u00e9n es importante que se fomente una cultura democr\u00e1tica, estar abierto al di\u00e1logo y a la comprensi\u00f3n de las personas.<\/p>\n<p style=\"text-align: justify;\">Por parte del docente, el tutor o el profesor, se recomienda ser claro, directo y comprensible, saber gestionar situaciones conflictivas y problem\u00e1ticos y ser capaz de reflexionar sobre sus propias estrategias y ser capaz de modificarlas.<\/p>\n<p style=\"text-align: justify;\">La Comunicaci\u00f3n Asertiva en la escuela y en el aula puede llevarse a cabo con pr\u00e1cticas tales como:<\/p>\n<ul style=\"text-align: justify;\">\n<li><a href=\"https:\/\/webdelmaestrocmf.com\/portal\/que-es-el-metodo-de-escucha-activa-en-que-consiste-y-cuales-son-sus-beneficios\/\" target=\"_blank\" rel=\"noopener\">Escuchar activamente<\/a> y demostrar a la otra persona que le prestamos atenci\u00f3n y le entendemos.<\/li>\n<li>Decir lo que pensamos, sentimos u opinamos.<\/li>\n<li>Decir lo que queremos que ocurra.<\/li>\n<li>Hacer referencia a las normas y a los derechos propios.<\/li>\n<li>Hablar en primera persona.<\/li>\n<li>Aprender a decir que no y a saber aceptar las negativas.<\/li>\n<li>Saber aceptar las cr\u00edticas<\/li>\n<\/ul>\n<p><img loading=\"lazy\" decoding=\"async\" class=\"alignnone size-large wp-image-78721\" src=\"https:\/\/webdelmaestrocmf.com\/portal\/wp-content\/uploads\/2022\/07\/1a-907x1024.png\" alt=\"\" width=\"907\" height=\"1024\" srcset=\"https:\/\/webdelmaestrocmf.com\/portal\/wp-content\/uploads\/2022\/07\/1a-907x1024.png 907w, https:\/\/webdelmaestrocmf.com\/portal\/wp-content\/uploads\/2022\/07\/1a-266x300.png 266w, https:\/\/webdelmaestrocmf.com\/portal\/wp-content\/uploads\/2022\/07\/1a-768x867.png 768w, https:\/\/webdelmaestrocmf.com\/portal\/wp-content\/uploads\/2022\/07\/1a-110x124.png 110w, https:\/\/webdelmaestrocmf.com\/portal\/wp-content\/uploads\/2022\/07\/1a-200x226.png 200w, https:\/\/webdelmaestrocmf.com\/portal\/wp-content\/uploads\/2022\/07\/1a-380x429.png 380w, https:\/\/webdelmaestrocmf.com\/portal\/wp-content\/uploads\/2022\/07\/1a-255x288.png 255w, https:\/\/webdelmaestrocmf.com\/portal\/wp-content\/uploads\/2022\/07\/1a-300x339.png 300w, https:\/\/webdelmaestrocmf.com\/portal\/wp-content\/uploads\/2022\/07\/1a-550x621.png 550w, https:\/\/webdelmaestrocmf.com\/portal\/wp-content\/uploads\/2022\/07\/1a-800x903.png 800w, https:\/\/webdelmaestrocmf.com\/portal\/wp-content\/uploads\/2022\/07\/1a.png 1062w\" sizes=\"auto, (max-width: 907px) 100vw, 907px\" \/><\/p>\n<h5 style=\"text-align: justify;\">Bullying y Asertividad<\/h5>\n<p style=\"text-align: justify;\">Si hablamos del contexto que rodea a los ni\u00f1os y j\u00f3venes v\u00edctimas de bullying, la comunicaci\u00f3n asertiva es el punto intermedio esencial entre una respuesta agresiva que intensifica la hostilidad de un acosador y una respuesta pasiva que proyecta una gran debilidad.<\/p>\n<p style=\"text-align: justify;\">Los ni\u00f1os que intimidan a menudo escogen a v\u00edctimas que creen que no se defender\u00e1n por s\u00ed mismos. Cuanto m\u00e1s un agresor confirme que puede escoger su objetivo sin control, m\u00e1s lo har\u00e1. Es por eso que una respuesta asertiva es tan efectiva para contrarrestar la intimidaci\u00f3n; el ni\u00f1o que domina la comunicaci\u00f3n asertiva demuestra que los ataques de un bravuc\u00f3n ser\u00e1n respondidos de una manera justa, pero formidable. Encontrando que su objetivo es demasiado poderoso para provocar, el mat\u00f3n a menudo sigue adelante.<\/p>\n<p><iframe loading=\"lazy\" title=\"YouTube video player\" src=\"https:\/\/www.youtube.com\/embed\/cIuGso0EHis\" width=\"100%\" height=\"400\" frameborder=\"0\" allowfullscreen=\"allowfullscreen\"><span data-mce-type=\"bookmark\" style=\"display: inline-block; width: 0px; overflow: hidden; line-height: 0;\" class=\"mce_SELRES_start\">\ufeff<\/span><\/iframe><\/p>\n<p><strong>Este contenido ha sido publicado originalmente por Todo sobre Comunicaci\u00f3n en la siguiente direcci\u00f3n: <a href=\"https:\/\/todosobrecomunicacion.com\/la-comunicacion-asertiva-en-la-escuela-y-en-el-aula\/\" target=\"_blank\" rel=\"noopener\">todosobrecomunicacion.com<\/a> | Autor:\u00a0 Todo sobre comunicaci\u00f3n<\/strong><\/p>\n<p style=\"text-align: center;\">Recomendamos a la Comunidad Educativa Digital tener en cuenta que, el enlace y\/o la carpeta en donde est\u00e1n alojados los libros, recursos y\/o materiales, no es administrado por la Web del Maestro CMF, pueda ser que en cuesti\u00f3n de d\u00edas (o seg\u00fan el tiempo transcurrido desde su publicaci\u00f3n), los enlaces no funcionen y el material ya no se encuentre disponible. Gracias por su comprensi\u00f3n.<\/p>\n<h3>ENLACE DE LECTURA:<\/h3>\n<p style=\"text-align: center;\">\u00a1Comparte y as\u00ed m\u00e1s docentes utilizar\u00e1n estos recursos\u00a0gratis! Muchas gracias.<\/p>\n<p style=\"text-align: center;\"><span style=\"color: #000000;\"><a style=\"color: #000000;\" href=\"https:\/\/mega.nz\/folder\/j2YGmSCa#K8VHJna64tIwvjO9thpqlw\" target=\"_blank\" rel=\"noopener\">LA COMUNICACI\u00d3N ASERTIVA: UN M\u00c9TODO DE ESTIMULACI\u00d3N EN LA FORMACI\u00d3N DEL PROFESIONAL PEDAG\u00d3GICO<\/a><\/span><\/p>\n\t\t<div class=\"pk-inline-posts\">\n\t\t\t\n\t\t\t<div class=\"pk-inline-posts-container pk-inline-posts-template-list\"\n\t\t\t\tdata-columns=\"1\">\n\t\t\t\t\t\t<article id=\"post-41113\" class=\"post-41113 post type-post status-publish format-standard has-post-thumbnail category-comunicacion category-educacion-y-familia category-padres category-pedagogia category-violencia tag-hijos tag-maestros tag-padres tag-respeto cs-entry cs-video-wrap\">\n\t\t\t<div class=\"pk-post-outer\">\n\n\t\t\t\t\t\t\t\t<div class=\"pk-post-inner\">\n\t\t\t\t\t<div class=\"entry-thumbnail\">\n\t\t\t\t\t\t<div class=\"pk-overlay pk-overlay-ratio pk-ratio-landscape\">\n\t\t\t\t\t\t\t<div class=\"pk-overlay-background\">\n\t\t\t\t\t\t\t\t<a href=\"https:\/\/webdelmaestrocmf.com\/portal\/si-los-padres-de-familia-no-respetan-a-los-maestros-mucho-menos-lo-haran-sus-hijos\/\" class=\"pk-overlay-link\">\n\t\t\t\t\t\t\t\t\t<img loading=\"lazy\" decoding=\"async\" width=\"300\" height=\"225\" src=\"https:\/\/webdelmaestrocmf.com\/portal\/wp-content\/uploads\/2024\/07\/1AA-Banner-1-portada-imagen-10-1-copia-300x225.jpg\" class=\"attachment-pk-thumbnail size-pk-thumbnail wp-post-image\" alt=\"\" \/>\t\t\t\t\t\t\t\t<\/a>\n\t\t\t\t\t\t\t<\/div>\n\t\t\t\t\t\t<\/div>\n\t\t\t\t\t<\/div>\n\t\t\t\t<\/div>\n\t\t\t\t\n\t\t\t\t<div class=\"pk-post-inner\">\n\t\t\t\t\t<header>\n\t\t\t\t\t\t<h3 class=\"pk-title\"><a href=\"https:\/\/webdelmaestrocmf.com\/portal\/si-los-padres-de-familia-no-respetan-a-los-maestros-mucho-menos-lo-haran-sus-hijos\/\" rel=\"bookmark\">Si los padres de familia no respetan a los maestros, mucho menos lo har\u00e1n sus hijos<\/a><\/h3>\t\t\t\t\t<\/header><!-- .entry-header -->\n\t\t\t\t<\/div><!-- .post-inner -->\n\n\t\t\t<\/div><!-- .post-outer -->\n\t\t<\/article>\n\t\t\t\t<\/div>\n\t\t<\/div>\n\t\t\n","protected":false},"excerpt":{"rendered":"La Comunicaci\u00f3n Asertiva es un estilo de comunicaci\u00f3n en el cual se expresan sentimientos, pensamientos, opiniones y creencias&hellip;","protected":false},"author":1,"featured_media":78724,"comment_status":"open","ping_status":"closed","sticky":false,"template":"","format":"standard","meta":{"csco_display_header_overlay":false,"csco_singular_sidebar":"default","csco_page_header_type":"default","csco_page_load_nextpost":"default","csco_post_video_location":[],"csco_post_video_location_hash":"","csco_post_video_url":"","csco_post_video_bg_start_time":0,"csco_post_video_bg_end_time":0,"csco_post_video_bg_volume":false,"_jetpack_memberships_contains_paid_content":false,"footnotes":""},"categories":[623,735],"tags":[14875,596,1899],"class_list":{"0":"post-78720","1":"post","2":"type-post","3":"status-publish","4":"format-standard","5":"has-post-thumbnail","7":"category-comunicacion","8":"category-pedagogia","9":"tag-asertiva","10":"tag-aula","11":"tag-comunicacion","12":"cs-entry","13":"cs-video-wrap"},"yoast_head":"<!-- This site is optimized with the Yoast SEO plugin v27.5 - https:\/\/yoast.com\/product\/yoast-seo-wordpress\/ -->\n<title>Comunicaci\u00f3n Asertiva en el aula: \u00bfPor qu\u00e9 es necesaria? \u00bfC\u00f3mo ser asertivo en la escuela? - 2026<\/title>\n<meta name=\"description\" content=\"La Comunicaci\u00f3n Asertiva es un estilo de comunicaci\u00f3n en el cual se expresan sentimientos, pensamientos, opiniones...\" \/>\n<meta name=\"robots\" content=\"index, follow, max-snippet:-1, max-image-preview:large, max-video-preview:-1\" \/>\n<link rel=\"canonical\" href=\"https:\/\/webdelmaestrocmf.com\/portal\/comunicacion-asertiva-en-el-aula-por-que-es-necesaria-como-ser-asertivo-en-la-escuela\/\" \/>\n<meta property=\"og:locale\" content=\"es_ES\" \/>\n<meta property=\"og:type\" content=\"article\" \/>\n<meta property=\"og:title\" content=\"Comunicaci\u00f3n Asertiva en el aula: \u00bfPor qu\u00e9 es necesaria? \u00bfC\u00f3mo ser asertivo en la escuela? - 2026\" \/>\n<meta property=\"og:description\" content=\"La Comunicaci\u00f3n Asertiva es un estilo de comunicaci\u00f3n en el cual se expresan sentimientos, pensamientos, opiniones...\" \/>\n<meta property=\"og:url\" content=\"https:\/\/webdelmaestrocmf.com\/portal\/comunicacion-asertiva-en-el-aula-por-que-es-necesaria-como-ser-asertivo-en-la-escuela\/\" \/>\n<meta property=\"og:site_name\" content=\"Web del Maestro CMF\" \/>\n<meta property=\"article:publisher\" content=\"https:\/\/www.facebook.com\/WebdelMaestroCMF\/\" \/>\n<meta property=\"article:author\" content=\"https:\/\/www.facebook.com\/WebdelMaestroCMF\/\" \/>\n<meta property=\"article:published_time\" content=\"2022-11-06T01:10:46+00:00\" \/>\n<meta property=\"article:modified_time\" content=\"2022-11-20T17:05:23+00:00\" \/>\n<meta property=\"og:image\" content=\"https:\/\/i0.wp.com\/webdelmaestrocmf.com\/portal\/wp-content\/uploads\/2022\/07\/Portada-Plataforma_CA.jpg?fit=900%2C556&ssl=1\" \/>\n\t<meta property=\"og:image:width\" content=\"900\" \/>\n\t<meta property=\"og:image:height\" content=\"556\" \/>\n\t<meta property=\"og:image:type\" content=\"image\/jpeg\" \/>\n<meta name=\"author\" content=\"Web del Maestro CMF\" \/>\n<meta name=\"twitter:card\" content=\"summary_large_image\" \/>\n<meta name=\"twitter:creator\" content=\"@cmf_w\" \/>\n<meta name=\"twitter:site\" content=\"@cmf_w\" \/>\n<script type=\"application\/ld+json\" class=\"yoast-schema-graph\">{\"@context\":\"https:\\\/\\\/schema.org\",\"@graph\":[{\"@type\":\"ScholarlyArticle\",\"@id\":\"https:\\\/\\\/webdelmaestrocmf.com\\\/portal\\\/comunicacion-asertiva-en-el-aula-por-que-es-necesaria-como-ser-asertivo-en-la-escuela\\\/#article\",\"isPartOf\":{\"@id\":\"https:\\\/\\\/webdelmaestrocmf.com\\\/portal\\\/comunicacion-asertiva-en-el-aula-por-que-es-necesaria-como-ser-asertivo-en-la-escuela\\\/\"},\"author\":{\"name\":\"Web del Maestro CMF\",\"@id\":\"https:\\\/\\\/webdelmaestrocmf.com\\\/portal\\\/#\\\/schema\\\/person\\\/1072a2ed7bd960df8ef99a551fa35dc5\"},\"headline\":\"Comunicaci\u00f3n Asertiva en el aula: \u00bfPor qu\u00e9 es necesaria? \u00bfC\u00f3mo ser asertivo en la escuela?\",\"datePublished\":\"2022-11-06T01:10:46+00:00\",\"dateModified\":\"2022-11-20T17:05:23+00:00\",\"mainEntityOfPage\":{\"@id\":\"https:\\\/\\\/webdelmaestrocmf.com\\\/portal\\\/comunicacion-asertiva-en-el-aula-por-que-es-necesaria-como-ser-asertivo-en-la-escuela\\\/\"},\"wordCount\":689,\"commentCount\":1,\"publisher\":{\"@id\":\"https:\\\/\\\/webdelmaestrocmf.com\\\/portal\\\/#organization\"},\"image\":{\"@id\":\"https:\\\/\\\/webdelmaestrocmf.com\\\/portal\\\/comunicacion-asertiva-en-el-aula-por-que-es-necesaria-como-ser-asertivo-en-la-escuela\\\/#primaryimage\"},\"thumbnailUrl\":\"https:\\\/\\\/webdelmaestrocmf.com\\\/portal\\\/wp-content\\\/uploads\\\/2022\\\/07\\\/Portada-Plataforma_CA.jpg\",\"keywords\":[\"Asertiva\",\"aula\",\"COMUNICACI\u00d3N\"],\"articleSection\":[\"Comunicaci\u00f3n\",\"Recursos\"],\"inLanguage\":\"es\",\"potentialAction\":[{\"@type\":\"CommentAction\",\"name\":\"Comment\",\"target\":[\"https:\\\/\\\/webdelmaestrocmf.com\\\/portal\\\/comunicacion-asertiva-en-el-aula-por-que-es-necesaria-como-ser-asertivo-en-la-escuela\\\/#respond\"]}]},{\"@type\":\"WebPage\",\"@id\":\"https:\\\/\\\/webdelmaestrocmf.com\\\/portal\\\/comunicacion-asertiva-en-el-aula-por-que-es-necesaria-como-ser-asertivo-en-la-escuela\\\/\",\"url\":\"https:\\\/\\\/webdelmaestrocmf.com\\\/portal\\\/comunicacion-asertiva-en-el-aula-por-que-es-necesaria-como-ser-asertivo-en-la-escuela\\\/\",\"name\":\"Comunicaci\u00f3n Asertiva en el aula: \u00bfPor qu\u00e9 es necesaria? \u00bfC\u00f3mo ser asertivo en la escuela? - 2026\",\"isPartOf\":{\"@id\":\"https:\\\/\\\/webdelmaestrocmf.com\\\/portal\\\/#website\"},\"primaryImageOfPage\":{\"@id\":\"https:\\\/\\\/webdelmaestrocmf.com\\\/portal\\\/comunicacion-asertiva-en-el-aula-por-que-es-necesaria-como-ser-asertivo-en-la-escuela\\\/#primaryimage\"},\"image\":{\"@id\":\"https:\\\/\\\/webdelmaestrocmf.com\\\/portal\\\/comunicacion-asertiva-en-el-aula-por-que-es-necesaria-como-ser-asertivo-en-la-escuela\\\/#primaryimage\"},\"thumbnailUrl\":\"https:\\\/\\\/webdelmaestrocmf.com\\\/portal\\\/wp-content\\\/uploads\\\/2022\\\/07\\\/Portada-Plataforma_CA.jpg\",\"datePublished\":\"2022-11-06T01:10:46+00:00\",\"dateModified\":\"2022-11-20T17:05:23+00:00\",\"description\":\"La Comunicaci\u00f3n Asertiva es un estilo de comunicaci\u00f3n en el cual se expresan sentimientos, pensamientos, opiniones...\",\"breadcrumb\":{\"@id\":\"https:\\\/\\\/webdelmaestrocmf.com\\\/portal\\\/comunicacion-asertiva-en-el-aula-por-que-es-necesaria-como-ser-asertivo-en-la-escuela\\\/#breadcrumb\"},\"inLanguage\":\"es\",\"potentialAction\":[{\"@type\":\"ReadAction\",\"target\":[\"https:\\\/\\\/webdelmaestrocmf.com\\\/portal\\\/comunicacion-asertiva-en-el-aula-por-que-es-necesaria-como-ser-asertivo-en-la-escuela\\\/\"]}]},{\"@type\":\"ImageObject\",\"inLanguage\":\"es\",\"@id\":\"https:\\\/\\\/webdelmaestrocmf.com\\\/portal\\\/comunicacion-asertiva-en-el-aula-por-que-es-necesaria-como-ser-asertivo-en-la-escuela\\\/#primaryimage\",\"url\":\"https:\\\/\\\/webdelmaestrocmf.com\\\/portal\\\/wp-content\\\/uploads\\\/2022\\\/07\\\/Portada-Plataforma_CA.jpg\",\"contentUrl\":\"https:\\\/\\\/webdelmaestrocmf.com\\\/portal\\\/wp-content\\\/uploads\\\/2022\\\/07\\\/Portada-Plataforma_CA.jpg\",\"width\":900,\"height\":556},{\"@type\":\"BreadcrumbList\",\"@id\":\"https:\\\/\\\/webdelmaestrocmf.com\\\/portal\\\/comunicacion-asertiva-en-el-aula-por-que-es-necesaria-como-ser-asertivo-en-la-escuela\\\/#breadcrumb\",\"itemListElement\":[{\"@type\":\"ListItem\",\"position\":1,\"name\":\"Portada\",\"item\":\"https:\\\/\\\/webdelmaestrocmf.com\\\/portal\\\/\"},{\"@type\":\"ListItem\",\"position\":2,\"name\":\"Recursos\",\"item\":\"https:\\\/\\\/webdelmaestrocmf.com\\\/portal\\\/category\\\/pedagogia\\\/\"},{\"@type\":\"ListItem\",\"position\":3,\"name\":\"Comunicaci\u00f3n Asertiva en el aula: \u00bfPor qu\u00e9 es necesaria? \u00bfC\u00f3mo ser asertivo en la escuela?\"}]},{\"@type\":\"WebSite\",\"@id\":\"https:\\\/\\\/webdelmaestrocmf.com\\\/portal\\\/#website\",\"url\":\"https:\\\/\\\/webdelmaestrocmf.com\\\/portal\\\/\",\"name\":\"Web del Maestro CMF\",\"description\":\"Maestros al servicio de la educaci\u00f3n\",\"publisher\":{\"@id\":\"https:\\\/\\\/webdelmaestrocmf.com\\\/portal\\\/#organization\"},\"alternateName\":\"WMCMF\",\"potentialAction\":[{\"@type\":\"SearchAction\",\"target\":{\"@type\":\"EntryPoint\",\"urlTemplate\":\"https:\\\/\\\/webdelmaestrocmf.com\\\/portal\\\/?s={search_term_string}\"},\"query-input\":{\"@type\":\"PropertyValueSpecification\",\"valueRequired\":true,\"valueName\":\"search_term_string\"}}],\"inLanguage\":\"es\"},{\"@type\":\"Organization\",\"@id\":\"https:\\\/\\\/webdelmaestrocmf.com\\\/portal\\\/#organization\",\"name\":\"Web del Maestro CMF\",\"alternateName\":\"WMCMF\",\"url\":\"https:\\\/\\\/webdelmaestrocmf.com\\\/portal\\\/\",\"logo\":{\"@type\":\"ImageObject\",\"inLanguage\":\"es\",\"@id\":\"https:\\\/\\\/webdelmaestrocmf.com\\\/portal\\\/#\\\/schema\\\/logo\\\/image\\\/\",\"url\":\"https:\\\/\\\/webdelmaestrocmf.com\\\/portal\\\/wp-content\\\/uploads\\\/2023\\\/01\\\/logo-wmcmf-2.png\",\"contentUrl\":\"https:\\\/\\\/webdelmaestrocmf.com\\\/portal\\\/wp-content\\\/uploads\\\/2023\\\/01\\\/logo-wmcmf-2.png\",\"width\":200,\"height\":60,\"caption\":\"Web del Maestro CMF\"},\"image\":{\"@id\":\"https:\\\/\\\/webdelmaestrocmf.com\\\/portal\\\/#\\\/schema\\\/logo\\\/image\\\/\"},\"sameAs\":[\"https:\\\/\\\/www.facebook.com\\\/WebdelMaestroCMF\\\/\",\"https:\\\/\\\/x.com\\\/cmf_w\",\"https:\\\/\\\/www.pinterest.com\\\/WMCMF\\\/\",\"https:\\\/\\\/www.linkedin.com\\\/company\\\/web-del-maestro-cmf\\\/\",\"https:\\\/\\\/www.instagram.com\\\/wmcmf\\\/\",\"https:\\\/\\\/www.youtube.com\\\/channel\\\/UCDPSvjbdodE5sHnC3OxutHw\",\"https:\\\/\\\/mastodon.social\\\/@wmcmf\",\"https:\\\/\\\/www.tiktok.com\\\/@webdelmaestrocmf\"]},{\"@type\":\"Person\",\"@id\":\"https:\\\/\\\/webdelmaestrocmf.com\\\/portal\\\/#\\\/schema\\\/person\\\/1072a2ed7bd960df8ef99a551fa35dc5\",\"name\":\"Web del Maestro CMF\",\"image\":{\"@type\":\"ImageObject\",\"inLanguage\":\"es\",\"@id\":\"https:\\\/\\\/secure.gravatar.com\\\/avatar\\\/23291dd5b5ae1077dcff3dbb04c3e02bd28403fa75af6d8787d5e97c5bbbe30b?s=96&d=mm&r=g\",\"url\":\"https:\\\/\\\/secure.gravatar.com\\\/avatar\\\/23291dd5b5ae1077dcff3dbb04c3e02bd28403fa75af6d8787d5e97c5bbbe30b?s=96&d=mm&r=g\",\"contentUrl\":\"https:\\\/\\\/secure.gravatar.com\\\/avatar\\\/23291dd5b5ae1077dcff3dbb04c3e02bd28403fa75af6d8787d5e97c5bbbe30b?s=96&d=mm&r=g\",\"caption\":\"Web del Maestro CMF\"},\"description\":\"Esta Web se cre\u00f3 sin fines de lucro, con fines educativos, cient\u00edficos y acad\u00e9micos, para personas que tengan dificultades y\\\/o inconvenientes en visualizar el material original. El objetivo es entregar recursos, compartir experiencias y materiales que ayuden a los padres de familia, maestros y estudiantes en su actualizaci\u00f3n y formaci\u00f3n permanente, en bien de la Educaci\u00f3n.\",\"sameAs\":[\"http:\\\/\\\/webdelmaestrocmf.com\\\/portal\",\"https:\\\/\\\/www.facebook.com\\\/WebdelMaestroCMF\\\/\",\"https:\\\/\\\/www.instagram.com\\\/wmcmf\\\/\",\"https:\\\/\\\/cl.linkedin.com\\\/company\\\/web-del-maestro-cmf\",\"https:\\\/\\\/www.pinterest.com\\\/WMCMF\\\/publicaciones\\\/\",\"https:\\\/\\\/x.com\\\/cmf_w\",\"https:\\\/\\\/www.youtube.com\\\/@WMCMF\"]}]}<\/script>\n<!-- \/ Yoast SEO plugin. -->","yoast_head_json":{"title":"Comunicaci\u00f3n Asertiva en el aula: \u00bfPor qu\u00e9 es necesaria? \u00bfC\u00f3mo ser asertivo en la escuela? - 2026","description":"La Comunicaci\u00f3n Asertiva es un estilo de comunicaci\u00f3n en el cual se expresan sentimientos, pensamientos, opiniones...","robots":{"index":"index","follow":"follow","max-snippet":"max-snippet:-1","max-image-preview":"max-image-preview:large","max-video-preview":"max-video-preview:-1"},"canonical":"https:\/\/webdelmaestrocmf.com\/portal\/comunicacion-asertiva-en-el-aula-por-que-es-necesaria-como-ser-asertivo-en-la-escuela\/","og_locale":"es_ES","og_type":"article","og_title":"Comunicaci\u00f3n Asertiva en el aula: \u00bfPor qu\u00e9 es necesaria? \u00bfC\u00f3mo ser asertivo en la escuela? - 2026","og_description":"La Comunicaci\u00f3n Asertiva es un estilo de comunicaci\u00f3n en el cual se expresan sentimientos, pensamientos, opiniones...","og_url":"https:\/\/webdelmaestrocmf.com\/portal\/comunicacion-asertiva-en-el-aula-por-que-es-necesaria-como-ser-asertivo-en-la-escuela\/","og_site_name":"Web del Maestro CMF","article_publisher":"https:\/\/www.facebook.com\/WebdelMaestroCMF\/","article_author":"https:\/\/www.facebook.com\/WebdelMaestroCMF\/","article_published_time":"2022-11-06T01:10:46+00:00","article_modified_time":"2022-11-20T17:05:23+00:00","og_image":[{"width":900,"height":556,"url":"https:\/\/i0.wp.com\/webdelmaestrocmf.com\/portal\/wp-content\/uploads\/2022\/07\/Portada-Plataforma_CA.jpg?fit=900%2C556&ssl=1","type":"image\/jpeg"}],"author":"Web del Maestro CMF","twitter_card":"summary_large_image","twitter_creator":"@cmf_w","twitter_site":"@cmf_w","schema":{"@context":"https:\/\/schema.org","@graph":[{"@type":"ScholarlyArticle","@id":"https:\/\/webdelmaestrocmf.com\/portal\/comunicacion-asertiva-en-el-aula-por-que-es-necesaria-como-ser-asertivo-en-la-escuela\/#article","isPartOf":{"@id":"https:\/\/webdelmaestrocmf.com\/portal\/comunicacion-asertiva-en-el-aula-por-que-es-necesaria-como-ser-asertivo-en-la-escuela\/"},"author":{"name":"Web del Maestro CMF","@id":"https:\/\/webdelmaestrocmf.com\/portal\/#\/schema\/person\/1072a2ed7bd960df8ef99a551fa35dc5"},"headline":"Comunicaci\u00f3n Asertiva en el aula: \u00bfPor qu\u00e9 es necesaria? \u00bfC\u00f3mo ser asertivo en la escuela?","datePublished":"2022-11-06T01:10:46+00:00","dateModified":"2022-11-20T17:05:23+00:00","mainEntityOfPage":{"@id":"https:\/\/webdelmaestrocmf.com\/portal\/comunicacion-asertiva-en-el-aula-por-que-es-necesaria-como-ser-asertivo-en-la-escuela\/"},"wordCount":689,"commentCount":1,"publisher":{"@id":"https:\/\/webdelmaestrocmf.com\/portal\/#organization"},"image":{"@id":"https:\/\/webdelmaestrocmf.com\/portal\/comunicacion-asertiva-en-el-aula-por-que-es-necesaria-como-ser-asertivo-en-la-escuela\/#primaryimage"},"thumbnailUrl":"https:\/\/webdelmaestrocmf.com\/portal\/wp-content\/uploads\/2022\/07\/Portada-Plataforma_CA.jpg","keywords":["Asertiva","aula","COMUNICACI\u00d3N"],"articleSection":["Comunicaci\u00f3n","Recursos"],"inLanguage":"es","potentialAction":[{"@type":"CommentAction","name":"Comment","target":["https:\/\/webdelmaestrocmf.com\/portal\/comunicacion-asertiva-en-el-aula-por-que-es-necesaria-como-ser-asertivo-en-la-escuela\/#respond"]}]},{"@type":"WebPage","@id":"https:\/\/webdelmaestrocmf.com\/portal\/comunicacion-asertiva-en-el-aula-por-que-es-necesaria-como-ser-asertivo-en-la-escuela\/","url":"https:\/\/webdelmaestrocmf.com\/portal\/comunicacion-asertiva-en-el-aula-por-que-es-necesaria-como-ser-asertivo-en-la-escuela\/","name":"Comunicaci\u00f3n Asertiva en el aula: \u00bfPor qu\u00e9 es necesaria? \u00bfC\u00f3mo ser asertivo en la escuela? - 2026","isPartOf":{"@id":"https:\/\/webdelmaestrocmf.com\/portal\/#website"},"primaryImageOfPage":{"@id":"https:\/\/webdelmaestrocmf.com\/portal\/comunicacion-asertiva-en-el-aula-por-que-es-necesaria-como-ser-asertivo-en-la-escuela\/#primaryimage"},"image":{"@id":"https:\/\/webdelmaestrocmf.com\/portal\/comunicacion-asertiva-en-el-aula-por-que-es-necesaria-como-ser-asertivo-en-la-escuela\/#primaryimage"},"thumbnailUrl":"https:\/\/webdelmaestrocmf.com\/portal\/wp-content\/uploads\/2022\/07\/Portada-Plataforma_CA.jpg","datePublished":"2022-11-06T01:10:46+00:00","dateModified":"2022-11-20T17:05:23+00:00","description":"La Comunicaci\u00f3n Asertiva es un estilo de comunicaci\u00f3n en el cual se expresan sentimientos, pensamientos, opiniones...","breadcrumb":{"@id":"https:\/\/webdelmaestrocmf.com\/portal\/comunicacion-asertiva-en-el-aula-por-que-es-necesaria-como-ser-asertivo-en-la-escuela\/#breadcrumb"},"inLanguage":"es","potentialAction":[{"@type":"ReadAction","target":["https:\/\/webdelmaestrocmf.com\/portal\/comunicacion-asertiva-en-el-aula-por-que-es-necesaria-como-ser-asertivo-en-la-escuela\/"]}]},{"@type":"ImageObject","inLanguage":"es","@id":"https:\/\/webdelmaestrocmf.com\/portal\/comunicacion-asertiva-en-el-aula-por-que-es-necesaria-como-ser-asertivo-en-la-escuela\/#primaryimage","url":"https:\/\/webdelmaestrocmf.com\/portal\/wp-content\/uploads\/2022\/07\/Portada-Plataforma_CA.jpg","contentUrl":"https:\/\/webdelmaestrocmf.com\/portal\/wp-content\/uploads\/2022\/07\/Portada-Plataforma_CA.jpg","width":900,"height":556},{"@type":"BreadcrumbList","@id":"https:\/\/webdelmaestrocmf.com\/portal\/comunicacion-asertiva-en-el-aula-por-que-es-necesaria-como-ser-asertivo-en-la-escuela\/#breadcrumb","itemListElement":[{"@type":"ListItem","position":1,"name":"Portada","item":"https:\/\/webdelmaestrocmf.com\/portal\/"},{"@type":"ListItem","position":2,"name":"Recursos","item":"https:\/\/webdelmaestrocmf.com\/portal\/category\/pedagogia\/"},{"@type":"ListItem","position":3,"name":"Comunicaci\u00f3n Asertiva en el aula: \u00bfPor qu\u00e9 es necesaria? \u00bfC\u00f3mo ser asertivo en la escuela?"}]},{"@type":"WebSite","@id":"https:\/\/webdelmaestrocmf.com\/portal\/#website","url":"https:\/\/webdelmaestrocmf.com\/portal\/","name":"Web del Maestro CMF","description":"Maestros al servicio de la educaci\u00f3n","publisher":{"@id":"https:\/\/webdelmaestrocmf.com\/portal\/#organization"},"alternateName":"WMCMF","potentialAction":[{"@type":"SearchAction","target":{"@type":"EntryPoint","urlTemplate":"https:\/\/webdelmaestrocmf.com\/portal\/?s={search_term_string}"},"query-input":{"@type":"PropertyValueSpecification","valueRequired":true,"valueName":"search_term_string"}}],"inLanguage":"es"},{"@type":"Organization","@id":"https:\/\/webdelmaestrocmf.com\/portal\/#organization","name":"Web del Maestro CMF","alternateName":"WMCMF","url":"https:\/\/webdelmaestrocmf.com\/portal\/","logo":{"@type":"ImageObject","inLanguage":"es","@id":"https:\/\/webdelmaestrocmf.com\/portal\/#\/schema\/logo\/image\/","url":"https:\/\/webdelmaestrocmf.com\/portal\/wp-content\/uploads\/2023\/01\/logo-wmcmf-2.png","contentUrl":"https:\/\/webdelmaestrocmf.com\/portal\/wp-content\/uploads\/2023\/01\/logo-wmcmf-2.png","width":200,"height":60,"caption":"Web del Maestro CMF"},"image":{"@id":"https:\/\/webdelmaestrocmf.com\/portal\/#\/schema\/logo\/image\/"},"sameAs":["https:\/\/www.facebook.com\/WebdelMaestroCMF\/","https:\/\/x.com\/cmf_w","https:\/\/www.pinterest.com\/WMCMF\/","https:\/\/www.linkedin.com\/company\/web-del-maestro-cmf\/","https:\/\/www.instagram.com\/wmcmf\/","https:\/\/www.youtube.com\/channel\/UCDPSvjbdodE5sHnC3OxutHw","https:\/\/mastodon.social\/@wmcmf","https:\/\/www.tiktok.com\/@webdelmaestrocmf"]},{"@type":"Person","@id":"https:\/\/webdelmaestrocmf.com\/portal\/#\/schema\/person\/1072a2ed7bd960df8ef99a551fa35dc5","name":"Web del Maestro CMF","image":{"@type":"ImageObject","inLanguage":"es","@id":"https:\/\/secure.gravatar.com\/avatar\/23291dd5b5ae1077dcff3dbb04c3e02bd28403fa75af6d8787d5e97c5bbbe30b?s=96&d=mm&r=g","url":"https:\/\/secure.gravatar.com\/avatar\/23291dd5b5ae1077dcff3dbb04c3e02bd28403fa75af6d8787d5e97c5bbbe30b?s=96&d=mm&r=g","contentUrl":"https:\/\/secure.gravatar.com\/avatar\/23291dd5b5ae1077dcff3dbb04c3e02bd28403fa75af6d8787d5e97c5bbbe30b?s=96&d=mm&r=g","caption":"Web del Maestro CMF"},"description":"Esta Web se cre\u00f3 sin fines de lucro, con fines educativos, cient\u00edficos y acad\u00e9micos, para personas que tengan dificultades y\/o inconvenientes en visualizar el material original. El objetivo es entregar recursos, compartir experiencias y materiales que ayuden a los padres de familia, maestros y estudiantes en su actualizaci\u00f3n y formaci\u00f3n permanente, en bien de la Educaci\u00f3n.","sameAs":["http:\/\/webdelmaestrocmf.com\/portal","https:\/\/www.facebook.com\/WebdelMaestroCMF\/","https:\/\/www.instagram.com\/wmcmf\/","https:\/\/cl.linkedin.com\/company\/web-del-maestro-cmf","https:\/\/www.pinterest.com\/WMCMF\/publicaciones\/","https:\/\/x.com\/cmf_w","https:\/\/www.youtube.com\/@WMCMF"]}]}},"jetpack_featured_media_url":"https:\/\/webdelmaestrocmf.com\/portal\/wp-content\/uploads\/2022\/07\/Portada-Plataforma_CA.jpg","jetpack_sharing_enabled":true,"jetpack-related-posts":[{"id":85925,"url":"https:\/\/webdelmaestrocmf.com\/portal\/como-ser-un-docente-asertivo-empatico-y-como-trabajarlos-en-nuestras-clases\/","url_meta":{"origin":78720,"position":0},"title":"C\u00f3mo ser un docente asertivo, emp\u00e1tico y c\u00f3mo aplicarlo","author":"Web del Maestro CMF","date":"23 abril, 2024","format":false,"excerpt":"La asertividad puede calificarse como un tipo de comunicaci\u00f3n \u201cideal\u201d entre dos personas o un colectivo. En ella se transmite la informaci\u00f3n de forma efectiva y firme pero\u00a0sin recurrir a la imposici\u00f3n, la agresividad ni los gritos.\u00a0Por eso, es un modelo muy recomendable para implementar dentro de un aula. L\u00f3gicamente\u2026","rel":"","context":"En \u00abDocentes\u00bb","block_context":{"text":"Docentes","link":"https:\/\/webdelmaestrocmf.com\/portal\/category\/pedagogia\/docentes\/"},"img":{"alt_text":"docente asertivo","src":"https:\/\/i0.wp.com\/webdelmaestrocmf.com\/portal\/wp-content\/uploads\/2023\/03\/Banner-1-portada-imagen-10-1-31.jpg?resize=350%2C200&ssl=1","width":350,"height":200,"srcset":"https:\/\/i0.wp.com\/webdelmaestrocmf.com\/portal\/wp-content\/uploads\/2023\/03\/Banner-1-portada-imagen-10-1-31.jpg?resize=350%2C200&ssl=1 1x, https:\/\/i0.wp.com\/webdelmaestrocmf.com\/portal\/wp-content\/uploads\/2023\/03\/Banner-1-portada-imagen-10-1-31.jpg?resize=525%2C300&ssl=1 1.5x, https:\/\/i0.wp.com\/webdelmaestrocmf.com\/portal\/wp-content\/uploads\/2023\/03\/Banner-1-portada-imagen-10-1-31.jpg?resize=700%2C400&ssl=1 2x"},"classes":[]},{"id":34885,"url":"https:\/\/webdelmaestrocmf.com\/portal\/a-ninguna-persona-le-sienta-bien-que-le-impongan-las-cosas-que-le-exijan\/","url_meta":{"origin":78720,"position":1},"title":"A NINGUNA PERSONA LE SIENTA BIEN QUE LE IMPONGAN LAS COSAS, QUE LE EXIJAN","author":"Web del Maestro CMF","date":"21 enero, 2019","format":false,"excerpt":"La licenciada en Psicolog\u00eda Pilar de la Torre estudi\u00f3 en la Universidad Complutense de Madrid (Espa\u00f1a) y es psicoterapeuta gest\u00e1ltica certificada por la Escuela Madrile\u00f1a de Terapia Gestalt, la \u00c9cole Parisienne de Gestalt y el Institut Belge de Gestalt-Th\u00e9rapie. En la actualidad desarrolla su actividad en el \u00e1mbito de la\u2026","rel":"","context":"En \u00abCharlas\u00bb","block_context":{"text":"Charlas","link":"https:\/\/webdelmaestrocmf.com\/portal\/category\/charlas\/"},"img":{"alt_text":"","src":"https:\/\/i0.wp.com\/webdelmaestrocmf.com\/portal\/wp-content\/uploads\/2019\/01\/1-38.jpg?resize=350%2C200&ssl=1","width":350,"height":200,"srcset":"https:\/\/i0.wp.com\/webdelmaestrocmf.com\/portal\/wp-content\/uploads\/2019\/01\/1-38.jpg?resize=350%2C200&ssl=1 1x, https:\/\/i0.wp.com\/webdelmaestrocmf.com\/portal\/wp-content\/uploads\/2019\/01\/1-38.jpg?resize=525%2C300&ssl=1 1.5x, https:\/\/i0.wp.com\/webdelmaestrocmf.com\/portal\/wp-content\/uploads\/2019\/01\/1-38.jpg?resize=700%2C400&ssl=1 2x, https:\/\/i0.wp.com\/webdelmaestrocmf.com\/portal\/wp-content\/uploads\/2019\/01\/1-38.jpg?resize=1050%2C600&ssl=1 3x"},"classes":[]},{"id":16707,"url":"https:\/\/webdelmaestrocmf.com\/portal\/3-recomendaciones-desarrollar-mejores-habilidades-comunicacion-confianza\/","url_meta":{"origin":78720,"position":2},"title":"3 recomendaciones para desarrollar mejores habilidades de comunicaci\u00f3n y confianza","author":"Web del Maestro CMF","date":"4 abril, 2017","format":false,"excerpt":"Euroresidentes TV: \u00a1pasen y vean! es un canal con muchas y variadas tem\u00e1ticas y ha colgado el video: \u201cTres claves para superar el miedo de hablar en p\u00fablico\u201d con Andrea M\u00e9ndez. Nosotros compartimos este recurso, con fines \u00fanicamente educativos \u2013 pastorales, porque desde siempre ha sido y es una habilidad\u2026","rel":"","context":"En \u00abNoticias\u00bb","block_context":{"text":"Noticias","link":"https:\/\/webdelmaestrocmf.com\/portal\/category\/pedagogia\/noticias-pedagogia\/"},"img":{"alt_text":"comunicaci\u00f3n","src":"https:\/\/i0.wp.com\/webdelmaestrocmf.com\/portal\/wp-content\/uploads\/2017\/04\/A12B3C4D-2.jpg?resize=350%2C200&ssl=1","width":350,"height":200,"srcset":"https:\/\/i0.wp.com\/webdelmaestrocmf.com\/portal\/wp-content\/uploads\/2017\/04\/A12B3C4D-2.jpg?resize=350%2C200&ssl=1 1x, https:\/\/i0.wp.com\/webdelmaestrocmf.com\/portal\/wp-content\/uploads\/2017\/04\/A12B3C4D-2.jpg?resize=525%2C300&ssl=1 1.5x, https:\/\/i0.wp.com\/webdelmaestrocmf.com\/portal\/wp-content\/uploads\/2017\/04\/A12B3C4D-2.jpg?resize=700%2C400&ssl=1 2x"},"classes":[]},{"id":44443,"url":"https:\/\/webdelmaestrocmf.com\/portal\/no-hay-convivencia-sin-respeto-no-hay-buena-comunicacion-sin-respeto\/","url_meta":{"origin":78720,"position":3},"title":"No hay convivencia sin respeto, no hay buena comunicaci\u00f3n sin respeto","author":"Web del Maestro CMF","date":"18 febrero, 2020","format":"video","excerpt":"Laura Rojas-Marcos (1970) naci\u00f3 en Nueva York (USA), estudi\u00f3 Humanidades en la Universidad de la Sorbona de Par\u00eds (Francia), Licenciatura en Psicolog\u00eda en la Universidad de Nueva York (USA) y M\u00e1ster en Psicolog\u00eda por la Universidad Albert Einstein de Yeshiva (El Salvador). Ha trabajado en el Hospital Bellevue de la\u2026","rel":"","context":"En \u00abCharlas\u00bb","block_context":{"text":"Charlas","link":"https:\/\/webdelmaestrocmf.com\/portal\/category\/charlas\/"},"img":{"alt_text":"","src":"https:\/\/i0.wp.com\/webdelmaestrocmf.com\/portal\/wp-content\/uploads\/2020\/02\/1-41.jpg?resize=350%2C200&ssl=1","width":350,"height":200,"srcset":"https:\/\/i0.wp.com\/webdelmaestrocmf.com\/portal\/wp-content\/uploads\/2020\/02\/1-41.jpg?resize=350%2C200&ssl=1 1x, https:\/\/i0.wp.com\/webdelmaestrocmf.com\/portal\/wp-content\/uploads\/2020\/02\/1-41.jpg?resize=525%2C300&ssl=1 1.5x, https:\/\/i0.wp.com\/webdelmaestrocmf.com\/portal\/wp-content\/uploads\/2020\/02\/1-41.jpg?resize=700%2C400&ssl=1 2x, https:\/\/i0.wp.com\/webdelmaestrocmf.com\/portal\/wp-content\/uploads\/2020\/02\/1-41.jpg?resize=1050%2C600&ssl=1 3x"},"classes":[]},{"id":6163,"url":"https:\/\/webdelmaestrocmf.com\/portal\/violencia-en-el-hogar-educando-a-ninos-sanos-y-no-violentos\/","url_meta":{"origin":78720,"position":4},"title":"Violencia en la familia: obst\u00e1culos para criar ni\u00f1os sanos y no violentos","author":"Web del Maestro CMF","date":"3 septiembre, 2019","format":false,"excerpt":"La violencia en el hogar es un patr\u00f3n de conducta amenazante o violenta, combinado con otros tipos de maltrato. Este patr\u00f3n de conducta se usa para controlar a otra persona. El maltratador puede estar casado con la persona que est\u00e1 maltratando, o pueden vivir juntos, o estar en una relaci\u00f3n\u2026","rel":"","context":"En \u00abBienestar Familiar\u00bb","block_context":{"text":"Bienestar Familiar","link":"https:\/\/webdelmaestrocmf.com\/portal\/category\/pedagogia\/bienestar-familiar\/"},"img":{"alt_text":"","src":"https:\/\/i0.wp.com\/webdelmaestrocmf.com\/portal\/wp-content\/uploads\/2019\/09\/1A-Banner-1-portada-imagen-10-1-10.jpg?resize=350%2C200&ssl=1","width":350,"height":200,"srcset":"https:\/\/i0.wp.com\/webdelmaestrocmf.com\/portal\/wp-content\/uploads\/2019\/09\/1A-Banner-1-portada-imagen-10-1-10.jpg?resize=350%2C200&ssl=1 1x, https:\/\/i0.wp.com\/webdelmaestrocmf.com\/portal\/wp-content\/uploads\/2019\/09\/1A-Banner-1-portada-imagen-10-1-10.jpg?resize=525%2C300&ssl=1 1.5x, https:\/\/i0.wp.com\/webdelmaestrocmf.com\/portal\/wp-content\/uploads\/2019\/09\/1A-Banner-1-portada-imagen-10-1-10.jpg?resize=700%2C400&ssl=1 2x"},"classes":[]},{"id":82634,"url":"https:\/\/webdelmaestrocmf.com\/portal\/claves-para-manejar-las-conductas-disruptivas-en-el-aula\/","url_meta":{"origin":78720,"position":5},"title":"Claves para manejar las conductas disruptivas en el aula","author":"Web del Maestro CMF","date":"10 enero, 2023","format":false,"excerpt":"Cuando hablamos de\u00a0conductas disruptivas\u00a0nos referimos a incumplimiento de normas,\u00a0desobediencia, ignorancia de los l\u00edmites\u2026, pero de forma ocasional, es decir, nunca hasta el punto de sobrepasar la gravedad suficiente como para ser adecuado diagnosticar un trastorno. Ahora bien, aunque no sea suficiente como para diagnosticar, tenemos que prestarle atenci\u00f3n, pues la\u2026","rel":"","context":"En \u00abDescargas Manuales PDF\u00bb","block_context":{"text":"Descargas Manuales PDF","link":"https:\/\/webdelmaestrocmf.com\/portal\/category\/pedagogia\/descargas-manuales-pdf\/"},"img":{"alt_text":"","src":"https:\/\/i0.wp.com\/webdelmaestrocmf.com\/portal\/wp-content\/uploads\/2023\/01\/1-15.jpeg?resize=350%2C200&ssl=1","width":350,"height":200,"srcset":"https:\/\/i0.wp.com\/webdelmaestrocmf.com\/portal\/wp-content\/uploads\/2023\/01\/1-15.jpeg?resize=350%2C200&ssl=1 1x, https:\/\/i0.wp.com\/webdelmaestrocmf.com\/portal\/wp-content\/uploads\/2023\/01\/1-15.jpeg?resize=525%2C300&ssl=1 1.5x, https:\/\/i0.wp.com\/webdelmaestrocmf.com\/portal\/wp-content\/uploads\/2023\/01\/1-15.jpeg?resize=700%2C400&ssl=1 2x"},"classes":[]}],"_links":{"self":[{"href":"https:\/\/webdelmaestrocmf.com\/portal\/wp-json\/wp\/v2\/posts\/78720","targetHints":{"allow":["GET"]}}],"collection":[{"href":"https:\/\/webdelmaestrocmf.com\/portal\/wp-json\/wp\/v2\/posts"}],"about":[{"href":"https:\/\/webdelmaestrocmf.com\/portal\/wp-json\/wp\/v2\/types\/post"}],"author":[{"embeddable":true,"href":"https:\/\/webdelmaestrocmf.com\/portal\/wp-json\/wp\/v2\/users\/1"}],"replies":[{"embeddable":true,"href":"https:\/\/webdelmaestrocmf.com\/portal\/wp-json\/wp\/v2\/comments?post=78720"}],"version-history":[{"count":0,"href":"https:\/\/webdelmaestrocmf.com\/portal\/wp-json\/wp\/v2\/posts\/78720\/revisions"}],"wp:featuredmedia":[{"embeddable":true,"href":"https:\/\/webdelmaestrocmf.com\/portal\/wp-json\/wp\/v2\/media\/78724"}],"wp:attachment":[{"href":"https:\/\/webdelmaestrocmf.com\/portal\/wp-json\/wp\/v2\/media?parent=78720"}],"wp:term":[{"taxonomy":"category","embeddable":true,"href":"https:\/\/webdelmaestrocmf.com\/portal\/wp-json\/wp\/v2\/categories?post=78720"},{"taxonomy":"post_tag","embeddable":true,"href":"https:\/\/webdelmaestrocmf.com\/portal\/wp-json\/wp\/v2\/tags?post=78720"}],"curies":[{"name":"wp","href":"https:\/\/api.w.org\/{rel}","templated":true}]}}