{"id":78509,"date":"2022-11-16T22:00:20","date_gmt":"2022-11-17T01:00:20","guid":{"rendered":"https:\/\/webdelmaestrocmf.com\/portal\/?p=78509"},"modified":"2022-11-17T16:26:53","modified_gmt":"2022-11-17T19:26:53","slug":"estamos-preparados-para-la-educacion-inclusiva-sabemos-detectar-y-derivar-los-casos","status":"publish","type":"post","link":"https:\/\/webdelmaestrocmf.com\/portal\/estamos-preparados-para-la-educacion-inclusiva-sabemos-detectar-y-derivar-los-casos\/","title":{"rendered":"\u00bfEstamos preparados para la educaci\u00f3n inclusiva? \u00bfSabemos detectar y derivar los casos?"},"content":{"rendered":"<h5 style=\"text-align: justify;\">Un reciente fallo in\u00e9dito a favor de la implementaci\u00f3n de la educaci\u00f3n inclusiva por parte del Gobierno porte\u00f1o pone en evidencia los tantos obst\u00e1culos y barreras que enfrentan las personas con discapacidad y sus familias. Por qu\u00e9 necesitamos avanzar hacia una educaci\u00f3n inclusiva de calidad.<\/h5>\n<p><!--more--><\/p>\n<h5 style=\"text-align: justify;\">El rechazo constante que enfrentan las familias de personas con discapacidad en el \u00e1mbito educativo se manifest\u00f3 en un \u00faltimo fallo mediante el cual la Justicia de la Ciudad de Buenos Aires orden\u00f3 al Gobierno porte\u00f1o la implementaci\u00f3n de medidas para terminar con la discriminaci\u00f3n de las personas con discapacidad en escuelas privadas. Fue con el objetivo de evitar los rechazos de inscripci\u00f3n por motivos de discapacidad en el contexto de un amparo colectivo iniciado en 2019 desde la Asociaci\u00f3n Civil por la Igualdad y la Justicia (ACIJ), con el asesoramiento de la Cl\u00ednica Jur\u00eddica del Centro de Derechos Humanos (CDH) de la Facultad de Derecho de la UBA.<\/h5>\n<p style=\"text-align: justify;\">\u201cNo tenemos vacante\u201d, \u201cno estamos preparados\u201d son algunas de las excusas que las escuelas regulares ponen ante la incorporaci\u00f3n de alumnos con discapacidad. A\u00fan vinculada a la \u201ceducaci\u00f3n especial\u201d, la inclusi\u00f3n escolar de las personas con discapacidad es uno de los m\u00e1s grandes desaf\u00edos que tenemos como sociedad. Anclado en una conceptualizaci\u00f3n desde la falla y la falencia, pareciera predominar un modelo, avalado por el Estado hist\u00f3ricamente, que invita a la segregaci\u00f3n y aislamiento m\u00e1s que a la inclusi\u00f3n y a la convivencia. Incluso desde su nombre el cual desde su concepto de \u201cespecial\u201d manifiesta una connotaci\u00f3n separatista pues las personas con discapacidad no somos de ning\u00fan modo \u201cespeciales\u201d ni formamos parte de otro mundo. Por el contrario, vivimos en el mismo que todas las personas. As\u00ed es que la educaci\u00f3n es siempre especial en tanto cada alumno o alumna lo es sin importar su condici\u00f3n o circunstancias. Por eso, hablamos de una apuesta hist\u00f3rica que deber\u00edamos revisar y redefinir en un contexto donde hablar de diversidad resulta ser moneda corriente.<\/p>\n<p style=\"text-align: justify;\">Sin duda, el debate vigente tiene que ver con una nueva \u00f3ptica centrada, por un lado, en el derecho de todas las personas a la educaci\u00f3n, incluyendo a las personas con discapacidad quienes la mayor\u00eda de las veces no lo ven garantizado especialmente a la hora de buscar vacante en cualquier escuela. Sin embargo, esto se expresa en el art\u00edculo 24 de la Convenci\u00f3n sobre los Derechos de las Personas con Discapacidad la cual adem\u00e1s obliga a los Estados partes a respetar, proteger y garantizar la educaci\u00f3n inclusiva y de calidad para todas las personas sin distinci\u00f3n. Entonces, hablar de educaci\u00f3n inclusiva supone ofrecer los ajustes y apoyos necesarios, atender las singularidades y necesidades del alumnado, que no es de ning\u00fan modo \u201cespecial\u201d sino que solamente requiere de diferentes y particulares formas de abordarlo.<\/p>\n<p><img loading=\"lazy\" decoding=\"async\" class=\"alignnone wp-image-78510 size-full\" src=\"https:\/\/webdelmaestrocmf.com\/portal\/wp-content\/uploads\/2022\/07\/1a-25-e1657839964983.jpg\" alt=\"\" width=\"786\" height=\"462\" srcset=\"https:\/\/webdelmaestrocmf.com\/portal\/wp-content\/uploads\/2022\/07\/1a-25-e1657839964983.jpg 786w, https:\/\/webdelmaestrocmf.com\/portal\/wp-content\/uploads\/2022\/07\/1a-25-e1657839964983-300x176.jpg 300w, https:\/\/webdelmaestrocmf.com\/portal\/wp-content\/uploads\/2022\/07\/1a-25-e1657839964983-768x451.jpg 768w, https:\/\/webdelmaestrocmf.com\/portal\/wp-content\/uploads\/2022\/07\/1a-25-e1657839964983-110x65.jpg 110w, https:\/\/webdelmaestrocmf.com\/portal\/wp-content\/uploads\/2022\/07\/1a-25-e1657839964983-200x118.jpg 200w, https:\/\/webdelmaestrocmf.com\/portal\/wp-content\/uploads\/2022\/07\/1a-25-e1657839964983-380x223.jpg 380w, https:\/\/webdelmaestrocmf.com\/portal\/wp-content\/uploads\/2022\/07\/1a-25-e1657839964983-255x150.jpg 255w, https:\/\/webdelmaestrocmf.com\/portal\/wp-content\/uploads\/2022\/07\/1a-25-e1657839964983-550x323.jpg 550w\" sizes=\"auto, (max-width: 786px) 100vw, 786px\" \/><\/p>\n<p style=\"text-align: justify;\">Por otro lado, cabe plantearnos: \u00bfel modelo de educaci\u00f3n inclusiva implica dejar atr\u00e1s la especificidad y el gran apoyo para todas las personas con discapacidad que brinda la llamada \u201cEducaci\u00f3n especial\u201d? \u00bfEstamos preparados para afrontar los recursos econ\u00f3micos, la formaci\u00f3n, los apoyos necesarios que implica apostar a una plena educaci\u00f3n inclusiva? Claramente trabajar para que as\u00ed sea es un deber y responsabilidad de todos principalmente del Estado. Para lograrlo, hace falta el intercambio, brindar nuevas propuestas educativas, evaluar pol\u00edticas de formaci\u00f3n y capacitaci\u00f3n que promuevan la inclusi\u00f3n.<\/p>\n<p style=\"text-align: justify;\">Algo es seguro. Y es el gran beneficio que implica para la sociedad entera adentrarnos en un modelo de educaci\u00f3n inclusiva que contemple al alumno con discapacidad como parte de la diversidad, atendiendo a sus necesidades y apoyos. Eliminando etiquetas y prejuicios (\u201cno puede\u201d, \u201cno va a llegar\u201d, \u201cno le da\u201d), asumiendo sus ritmos y tiempos mientras que facilitamos la convivencia con otros ni\u00f1os a trav\u00e9s de diferentes propuestas educativas. Una propuesta que enriquece formando ni\u00f1os y ni\u00f1as m\u00e1s humanos, solidarios y emp\u00e1ticos as\u00ed como adultos m\u00e1s responsables y comprometidos con la diversidad.<\/p>\n<p style=\"text-align: justify;\">Ser\u00e1, entonces, la comunidad educativa la que deber\u00e1 adaptar el entorno al alumno con discapacidad con acompa\u00f1amiento, y no al rev\u00e9s, para que el sistema verdaderamente pueda alojar a la persona, contenerla y brindarle oportunidades reales de inclusi\u00f3n y aprendizaje. \u00danicamente concibiendo al alumno con discapacidad como una persona que es sujeto de derechos, y no como una falla o problema, podremos garantizar una educaci\u00f3n de calidad para todas las personas.<\/p>\n<p><strong>Este contenido ha sido publicado originalmente por \u00c1mbito en la siguiente direcci\u00f3n: <a href=\"https:\/\/www.ambito.com\/opiniones\/educacion\/estamos-preparados-la-inclusiva-n5481832?fbclid=IwAR2GQMDy5vOF6TXaKBKcOPoxAZsrBxHVHQ204KaayD0N7rkOejAwSEWax90\" target=\"_blank\" rel=\"noopener\">ambito.com<\/a> | Por\u00a0Daniela Aza<\/strong><\/p>\n\n","protected":false},"excerpt":{"rendered":"Un reciente fallo in\u00e9dito a favor de la implementaci\u00f3n de la educaci\u00f3n inclusiva por parte del Gobierno porte\u00f1o&hellip;","protected":false},"author":1,"featured_media":78513,"comment_status":"open","ping_status":"closed","sticky":false,"template":"","format":"standard","meta":{"csco_display_header_overlay":false,"csco_singular_sidebar":"default","csco_page_header_type":"default","csco_page_load_nextpost":"default","csco_post_video_location":[],"csco_post_video_location_hash":"","csco_post_video_url":"","csco_post_video_bg_start_time":0,"csco_post_video_bg_end_time":0,"csco_post_video_bg_volume":false,"_jetpack_memberships_contains_paid_content":false,"footnotes":""},"categories":[14864,735],"tags":[2607,6648,14528,55,3336,2187],"class_list":{"0":"post-78509","1":"post","2":"type-post","3":"status-publish","4":"format-standard","5":"has-post-thumbnail","7":"category-educacion-inclusiva","8":"category-pedagogia","9":"tag-casos","10":"tag-derivar","11":"tag-detectar","12":"tag-educacion","13":"tag-inclusiva","14":"tag-preparados","15":"cs-entry","16":"cs-video-wrap"},"yoast_head":"<!-- This site is optimized with the Yoast SEO plugin v27.5 - https:\/\/yoast.com\/product\/yoast-seo-wordpress\/ -->\n<title>\u00bfEstamos preparados para la educaci\u00f3n inclusiva? \u00bfSabemos detectar y derivar los casos? - 2026<\/title>\n<meta name=\"description\" content=\"Un reciente fallo in\u00e9dito a favor de la implementaci\u00f3n de la educaci\u00f3n inclusiva por parte del Gobierno porte\u00f1o pone en evidencia...\" \/>\n<meta name=\"robots\" content=\"index, follow, max-snippet:-1, max-image-preview:large, max-video-preview:-1\" \/>\n<link rel=\"canonical\" href=\"https:\/\/webdelmaestrocmf.com\/portal\/estamos-preparados-para-la-educacion-inclusiva-sabemos-detectar-y-derivar-los-casos\/\" \/>\n<meta property=\"og:locale\" content=\"es_ES\" \/>\n<meta property=\"og:type\" content=\"article\" \/>\n<meta property=\"og:title\" content=\"\u00bfEstamos preparados para la educaci\u00f3n inclusiva? \u00bfSabemos detectar y derivar los casos? - 2026\" \/>\n<meta property=\"og:description\" content=\"Un reciente fallo in\u00e9dito a favor de la implementaci\u00f3n de la educaci\u00f3n inclusiva por parte del Gobierno porte\u00f1o pone en evidencia...\" \/>\n<meta property=\"og:url\" content=\"https:\/\/webdelmaestrocmf.com\/portal\/estamos-preparados-para-la-educacion-inclusiva-sabemos-detectar-y-derivar-los-casos\/\" \/>\n<meta property=\"og:site_name\" content=\"Web del Maestro CMF\" \/>\n<meta property=\"article:publisher\" content=\"https:\/\/www.facebook.com\/WebdelMaestroCMF\/\" \/>\n<meta property=\"article:author\" content=\"https:\/\/www.facebook.com\/WebdelMaestroCMF\/\" \/>\n<meta property=\"article:published_time\" content=\"2022-11-17T01:00:20+00:00\" \/>\n<meta property=\"article:modified_time\" content=\"2022-11-17T19:26:53+00:00\" \/>\n<meta property=\"og:image\" content=\"https:\/\/i0.wp.com\/webdelmaestrocmf.com\/portal\/wp-content\/uploads\/2022\/07\/1a-26.jpg?fit=900%2C556&ssl=1\" \/>\n\t<meta property=\"og:image:width\" content=\"900\" \/>\n\t<meta property=\"og:image:height\" content=\"556\" \/>\n\t<meta property=\"og:image:type\" content=\"image\/jpeg\" \/>\n<meta name=\"author\" content=\"Web del Maestro CMF\" \/>\n<meta name=\"twitter:card\" content=\"summary_large_image\" \/>\n<meta name=\"twitter:creator\" content=\"@cmf_w\" \/>\n<meta name=\"twitter:site\" content=\"@cmf_w\" \/>\n<script type=\"application\/ld+json\" class=\"yoast-schema-graph\">{\"@context\":\"https:\\\/\\\/schema.org\",\"@graph\":[{\"@type\":\"ScholarlyArticle\",\"@id\":\"https:\\\/\\\/webdelmaestrocmf.com\\\/portal\\\/estamos-preparados-para-la-educacion-inclusiva-sabemos-detectar-y-derivar-los-casos\\\/#article\",\"isPartOf\":{\"@id\":\"https:\\\/\\\/webdelmaestrocmf.com\\\/portal\\\/estamos-preparados-para-la-educacion-inclusiva-sabemos-detectar-y-derivar-los-casos\\\/\"},\"author\":{\"name\":\"Web del Maestro CMF\",\"@id\":\"https:\\\/\\\/webdelmaestrocmf.com\\\/portal\\\/#\\\/schema\\\/person\\\/1072a2ed7bd960df8ef99a551fa35dc5\"},\"headline\":\"\u00bfEstamos preparados para la educaci\u00f3n inclusiva? \u00bfSabemos detectar y derivar los casos?\",\"datePublished\":\"2022-11-17T01:00:20+00:00\",\"dateModified\":\"2022-11-17T19:26:53+00:00\",\"mainEntityOfPage\":{\"@id\":\"https:\\\/\\\/webdelmaestrocmf.com\\\/portal\\\/estamos-preparados-para-la-educacion-inclusiva-sabemos-detectar-y-derivar-los-casos\\\/\"},\"wordCount\":802,\"commentCount\":0,\"publisher\":{\"@id\":\"https:\\\/\\\/webdelmaestrocmf.com\\\/portal\\\/#organization\"},\"image\":{\"@id\":\"https:\\\/\\\/webdelmaestrocmf.com\\\/portal\\\/estamos-preparados-para-la-educacion-inclusiva-sabemos-detectar-y-derivar-los-casos\\\/#primaryimage\"},\"thumbnailUrl\":\"https:\\\/\\\/webdelmaestrocmf.com\\\/portal\\\/wp-content\\\/uploads\\\/2022\\\/07\\\/1a-26.jpg\",\"keywords\":[\"CASOS\",\"derivar\",\"detectar\",\"EDUCACI\u00d3N\",\"INCLUSIVA\",\"PREPARADOS\"],\"articleSection\":[\"Educaci\u00f3n inclusiva\",\"Recursos\"],\"inLanguage\":\"es\",\"potentialAction\":[{\"@type\":\"CommentAction\",\"name\":\"Comment\",\"target\":[\"https:\\\/\\\/webdelmaestrocmf.com\\\/portal\\\/estamos-preparados-para-la-educacion-inclusiva-sabemos-detectar-y-derivar-los-casos\\\/#respond\"]}]},{\"@type\":\"WebPage\",\"@id\":\"https:\\\/\\\/webdelmaestrocmf.com\\\/portal\\\/estamos-preparados-para-la-educacion-inclusiva-sabemos-detectar-y-derivar-los-casos\\\/\",\"url\":\"https:\\\/\\\/webdelmaestrocmf.com\\\/portal\\\/estamos-preparados-para-la-educacion-inclusiva-sabemos-detectar-y-derivar-los-casos\\\/\",\"name\":\"\u00bfEstamos preparados para la educaci\u00f3n inclusiva? \u00bfSabemos detectar y derivar los casos? - 2026\",\"isPartOf\":{\"@id\":\"https:\\\/\\\/webdelmaestrocmf.com\\\/portal\\\/#website\"},\"primaryImageOfPage\":{\"@id\":\"https:\\\/\\\/webdelmaestrocmf.com\\\/portal\\\/estamos-preparados-para-la-educacion-inclusiva-sabemos-detectar-y-derivar-los-casos\\\/#primaryimage\"},\"image\":{\"@id\":\"https:\\\/\\\/webdelmaestrocmf.com\\\/portal\\\/estamos-preparados-para-la-educacion-inclusiva-sabemos-detectar-y-derivar-los-casos\\\/#primaryimage\"},\"thumbnailUrl\":\"https:\\\/\\\/webdelmaestrocmf.com\\\/portal\\\/wp-content\\\/uploads\\\/2022\\\/07\\\/1a-26.jpg\",\"datePublished\":\"2022-11-17T01:00:20+00:00\",\"dateModified\":\"2022-11-17T19:26:53+00:00\",\"description\":\"Un reciente fallo in\u00e9dito a favor de la implementaci\u00f3n de la educaci\u00f3n inclusiva por parte del Gobierno porte\u00f1o pone en evidencia...\",\"breadcrumb\":{\"@id\":\"https:\\\/\\\/webdelmaestrocmf.com\\\/portal\\\/estamos-preparados-para-la-educacion-inclusiva-sabemos-detectar-y-derivar-los-casos\\\/#breadcrumb\"},\"inLanguage\":\"es\",\"potentialAction\":[{\"@type\":\"ReadAction\",\"target\":[\"https:\\\/\\\/webdelmaestrocmf.com\\\/portal\\\/estamos-preparados-para-la-educacion-inclusiva-sabemos-detectar-y-derivar-los-casos\\\/\"]}]},{\"@type\":\"ImageObject\",\"inLanguage\":\"es\",\"@id\":\"https:\\\/\\\/webdelmaestrocmf.com\\\/portal\\\/estamos-preparados-para-la-educacion-inclusiva-sabemos-detectar-y-derivar-los-casos\\\/#primaryimage\",\"url\":\"https:\\\/\\\/webdelmaestrocmf.com\\\/portal\\\/wp-content\\\/uploads\\\/2022\\\/07\\\/1a-26.jpg\",\"contentUrl\":\"https:\\\/\\\/webdelmaestrocmf.com\\\/portal\\\/wp-content\\\/uploads\\\/2022\\\/07\\\/1a-26.jpg\",\"width\":900,\"height\":556},{\"@type\":\"BreadcrumbList\",\"@id\":\"https:\\\/\\\/webdelmaestrocmf.com\\\/portal\\\/estamos-preparados-para-la-educacion-inclusiva-sabemos-detectar-y-derivar-los-casos\\\/#breadcrumb\",\"itemListElement\":[{\"@type\":\"ListItem\",\"position\":1,\"name\":\"Portada\",\"item\":\"https:\\\/\\\/webdelmaestrocmf.com\\\/portal\\\/\"},{\"@type\":\"ListItem\",\"position\":2,\"name\":\"Recursos\",\"item\":\"https:\\\/\\\/webdelmaestrocmf.com\\\/portal\\\/category\\\/pedagogia\\\/\"},{\"@type\":\"ListItem\",\"position\":3,\"name\":\"\u00bfEstamos preparados para la educaci\u00f3n inclusiva? \u00bfSabemos detectar y derivar los casos?\"}]},{\"@type\":\"WebSite\",\"@id\":\"https:\\\/\\\/webdelmaestrocmf.com\\\/portal\\\/#website\",\"url\":\"https:\\\/\\\/webdelmaestrocmf.com\\\/portal\\\/\",\"name\":\"Web del Maestro CMF\",\"description\":\"Maestros al servicio de la educaci\u00f3n\",\"publisher\":{\"@id\":\"https:\\\/\\\/webdelmaestrocmf.com\\\/portal\\\/#organization\"},\"alternateName\":\"WMCMF\",\"potentialAction\":[{\"@type\":\"SearchAction\",\"target\":{\"@type\":\"EntryPoint\",\"urlTemplate\":\"https:\\\/\\\/webdelmaestrocmf.com\\\/portal\\\/?s={search_term_string}\"},\"query-input\":{\"@type\":\"PropertyValueSpecification\",\"valueRequired\":true,\"valueName\":\"search_term_string\"}}],\"inLanguage\":\"es\"},{\"@type\":\"Organization\",\"@id\":\"https:\\\/\\\/webdelmaestrocmf.com\\\/portal\\\/#organization\",\"name\":\"Web del Maestro CMF\",\"alternateName\":\"WMCMF\",\"url\":\"https:\\\/\\\/webdelmaestrocmf.com\\\/portal\\\/\",\"logo\":{\"@type\":\"ImageObject\",\"inLanguage\":\"es\",\"@id\":\"https:\\\/\\\/webdelmaestrocmf.com\\\/portal\\\/#\\\/schema\\\/logo\\\/image\\\/\",\"url\":\"https:\\\/\\\/webdelmaestrocmf.com\\\/portal\\\/wp-content\\\/uploads\\\/2023\\\/01\\\/logo-wmcmf-2.png\",\"contentUrl\":\"https:\\\/\\\/webdelmaestrocmf.com\\\/portal\\\/wp-content\\\/uploads\\\/2023\\\/01\\\/logo-wmcmf-2.png\",\"width\":200,\"height\":60,\"caption\":\"Web del Maestro CMF\"},\"image\":{\"@id\":\"https:\\\/\\\/webdelmaestrocmf.com\\\/portal\\\/#\\\/schema\\\/logo\\\/image\\\/\"},\"sameAs\":[\"https:\\\/\\\/www.facebook.com\\\/WebdelMaestroCMF\\\/\",\"https:\\\/\\\/x.com\\\/cmf_w\",\"https:\\\/\\\/www.pinterest.com\\\/WMCMF\\\/\",\"https:\\\/\\\/www.linkedin.com\\\/company\\\/web-del-maestro-cmf\\\/\",\"https:\\\/\\\/www.instagram.com\\\/wmcmf\\\/\",\"https:\\\/\\\/www.youtube.com\\\/channel\\\/UCDPSvjbdodE5sHnC3OxutHw\",\"https:\\\/\\\/mastodon.social\\\/@wmcmf\",\"https:\\\/\\\/www.tiktok.com\\\/@webdelmaestrocmf\"]},{\"@type\":\"Person\",\"@id\":\"https:\\\/\\\/webdelmaestrocmf.com\\\/portal\\\/#\\\/schema\\\/person\\\/1072a2ed7bd960df8ef99a551fa35dc5\",\"name\":\"Web del Maestro CMF\",\"image\":{\"@type\":\"ImageObject\",\"inLanguage\":\"es\",\"@id\":\"https:\\\/\\\/secure.gravatar.com\\\/avatar\\\/23291dd5b5ae1077dcff3dbb04c3e02bd28403fa75af6d8787d5e97c5bbbe30b?s=96&d=mm&r=g\",\"url\":\"https:\\\/\\\/secure.gravatar.com\\\/avatar\\\/23291dd5b5ae1077dcff3dbb04c3e02bd28403fa75af6d8787d5e97c5bbbe30b?s=96&d=mm&r=g\",\"contentUrl\":\"https:\\\/\\\/secure.gravatar.com\\\/avatar\\\/23291dd5b5ae1077dcff3dbb04c3e02bd28403fa75af6d8787d5e97c5bbbe30b?s=96&d=mm&r=g\",\"caption\":\"Web del Maestro CMF\"},\"description\":\"Esta Web se cre\u00f3 sin fines de lucro, con fines educativos, cient\u00edficos y acad\u00e9micos, para personas que tengan dificultades y\\\/o inconvenientes en visualizar el material original. El objetivo es entregar recursos, compartir experiencias y materiales que ayuden a los padres de familia, maestros y estudiantes en su actualizaci\u00f3n y formaci\u00f3n permanente, en bien de la Educaci\u00f3n.\",\"sameAs\":[\"http:\\\/\\\/webdelmaestrocmf.com\\\/portal\",\"https:\\\/\\\/www.facebook.com\\\/WebdelMaestroCMF\\\/\",\"https:\\\/\\\/www.instagram.com\\\/wmcmf\\\/\",\"https:\\\/\\\/cl.linkedin.com\\\/company\\\/web-del-maestro-cmf\",\"https:\\\/\\\/www.pinterest.com\\\/WMCMF\\\/publicaciones\\\/\",\"https:\\\/\\\/x.com\\\/cmf_w\",\"https:\\\/\\\/www.youtube.com\\\/@WMCMF\"]}]}<\/script>\n<!-- \/ Yoast SEO plugin. -->","yoast_head_json":{"title":"\u00bfEstamos preparados para la educaci\u00f3n inclusiva? \u00bfSabemos detectar y derivar los casos? - 2026","description":"Un reciente fallo in\u00e9dito a favor de la implementaci\u00f3n de la educaci\u00f3n inclusiva por parte del Gobierno porte\u00f1o pone en evidencia...","robots":{"index":"index","follow":"follow","max-snippet":"max-snippet:-1","max-image-preview":"max-image-preview:large","max-video-preview":"max-video-preview:-1"},"canonical":"https:\/\/webdelmaestrocmf.com\/portal\/estamos-preparados-para-la-educacion-inclusiva-sabemos-detectar-y-derivar-los-casos\/","og_locale":"es_ES","og_type":"article","og_title":"\u00bfEstamos preparados para la educaci\u00f3n inclusiva? \u00bfSabemos detectar y derivar los casos? - 2026","og_description":"Un reciente fallo in\u00e9dito a favor de la implementaci\u00f3n de la educaci\u00f3n inclusiva por parte del Gobierno porte\u00f1o pone en evidencia...","og_url":"https:\/\/webdelmaestrocmf.com\/portal\/estamos-preparados-para-la-educacion-inclusiva-sabemos-detectar-y-derivar-los-casos\/","og_site_name":"Web del Maestro CMF","article_publisher":"https:\/\/www.facebook.com\/WebdelMaestroCMF\/","article_author":"https:\/\/www.facebook.com\/WebdelMaestroCMF\/","article_published_time":"2022-11-17T01:00:20+00:00","article_modified_time":"2022-11-17T19:26:53+00:00","og_image":[{"width":900,"height":556,"url":"https:\/\/i0.wp.com\/webdelmaestrocmf.com\/portal\/wp-content\/uploads\/2022\/07\/1a-26.jpg?fit=900%2C556&ssl=1","type":"image\/jpeg"}],"author":"Web del Maestro CMF","twitter_card":"summary_large_image","twitter_creator":"@cmf_w","twitter_site":"@cmf_w","schema":{"@context":"https:\/\/schema.org","@graph":[{"@type":"ScholarlyArticle","@id":"https:\/\/webdelmaestrocmf.com\/portal\/estamos-preparados-para-la-educacion-inclusiva-sabemos-detectar-y-derivar-los-casos\/#article","isPartOf":{"@id":"https:\/\/webdelmaestrocmf.com\/portal\/estamos-preparados-para-la-educacion-inclusiva-sabemos-detectar-y-derivar-los-casos\/"},"author":{"name":"Web del Maestro CMF","@id":"https:\/\/webdelmaestrocmf.com\/portal\/#\/schema\/person\/1072a2ed7bd960df8ef99a551fa35dc5"},"headline":"\u00bfEstamos preparados para la educaci\u00f3n inclusiva? \u00bfSabemos detectar y derivar los casos?","datePublished":"2022-11-17T01:00:20+00:00","dateModified":"2022-11-17T19:26:53+00:00","mainEntityOfPage":{"@id":"https:\/\/webdelmaestrocmf.com\/portal\/estamos-preparados-para-la-educacion-inclusiva-sabemos-detectar-y-derivar-los-casos\/"},"wordCount":802,"commentCount":0,"publisher":{"@id":"https:\/\/webdelmaestrocmf.com\/portal\/#organization"},"image":{"@id":"https:\/\/webdelmaestrocmf.com\/portal\/estamos-preparados-para-la-educacion-inclusiva-sabemos-detectar-y-derivar-los-casos\/#primaryimage"},"thumbnailUrl":"https:\/\/webdelmaestrocmf.com\/portal\/wp-content\/uploads\/2022\/07\/1a-26.jpg","keywords":["CASOS","derivar","detectar","EDUCACI\u00d3N","INCLUSIVA","PREPARADOS"],"articleSection":["Educaci\u00f3n inclusiva","Recursos"],"inLanguage":"es","potentialAction":[{"@type":"CommentAction","name":"Comment","target":["https:\/\/webdelmaestrocmf.com\/portal\/estamos-preparados-para-la-educacion-inclusiva-sabemos-detectar-y-derivar-los-casos\/#respond"]}]},{"@type":"WebPage","@id":"https:\/\/webdelmaestrocmf.com\/portal\/estamos-preparados-para-la-educacion-inclusiva-sabemos-detectar-y-derivar-los-casos\/","url":"https:\/\/webdelmaestrocmf.com\/portal\/estamos-preparados-para-la-educacion-inclusiva-sabemos-detectar-y-derivar-los-casos\/","name":"\u00bfEstamos preparados para la educaci\u00f3n inclusiva? \u00bfSabemos detectar y derivar los casos? - 2026","isPartOf":{"@id":"https:\/\/webdelmaestrocmf.com\/portal\/#website"},"primaryImageOfPage":{"@id":"https:\/\/webdelmaestrocmf.com\/portal\/estamos-preparados-para-la-educacion-inclusiva-sabemos-detectar-y-derivar-los-casos\/#primaryimage"},"image":{"@id":"https:\/\/webdelmaestrocmf.com\/portal\/estamos-preparados-para-la-educacion-inclusiva-sabemos-detectar-y-derivar-los-casos\/#primaryimage"},"thumbnailUrl":"https:\/\/webdelmaestrocmf.com\/portal\/wp-content\/uploads\/2022\/07\/1a-26.jpg","datePublished":"2022-11-17T01:00:20+00:00","dateModified":"2022-11-17T19:26:53+00:00","description":"Un reciente fallo in\u00e9dito a favor de la implementaci\u00f3n de la educaci\u00f3n inclusiva por parte del Gobierno porte\u00f1o pone en evidencia...","breadcrumb":{"@id":"https:\/\/webdelmaestrocmf.com\/portal\/estamos-preparados-para-la-educacion-inclusiva-sabemos-detectar-y-derivar-los-casos\/#breadcrumb"},"inLanguage":"es","potentialAction":[{"@type":"ReadAction","target":["https:\/\/webdelmaestrocmf.com\/portal\/estamos-preparados-para-la-educacion-inclusiva-sabemos-detectar-y-derivar-los-casos\/"]}]},{"@type":"ImageObject","inLanguage":"es","@id":"https:\/\/webdelmaestrocmf.com\/portal\/estamos-preparados-para-la-educacion-inclusiva-sabemos-detectar-y-derivar-los-casos\/#primaryimage","url":"https:\/\/webdelmaestrocmf.com\/portal\/wp-content\/uploads\/2022\/07\/1a-26.jpg","contentUrl":"https:\/\/webdelmaestrocmf.com\/portal\/wp-content\/uploads\/2022\/07\/1a-26.jpg","width":900,"height":556},{"@type":"BreadcrumbList","@id":"https:\/\/webdelmaestrocmf.com\/portal\/estamos-preparados-para-la-educacion-inclusiva-sabemos-detectar-y-derivar-los-casos\/#breadcrumb","itemListElement":[{"@type":"ListItem","position":1,"name":"Portada","item":"https:\/\/webdelmaestrocmf.com\/portal\/"},{"@type":"ListItem","position":2,"name":"Recursos","item":"https:\/\/webdelmaestrocmf.com\/portal\/category\/pedagogia\/"},{"@type":"ListItem","position":3,"name":"\u00bfEstamos preparados para la educaci\u00f3n inclusiva? \u00bfSabemos detectar y derivar los casos?"}]},{"@type":"WebSite","@id":"https:\/\/webdelmaestrocmf.com\/portal\/#website","url":"https:\/\/webdelmaestrocmf.com\/portal\/","name":"Web del Maestro CMF","description":"Maestros al servicio de la educaci\u00f3n","publisher":{"@id":"https:\/\/webdelmaestrocmf.com\/portal\/#organization"},"alternateName":"WMCMF","potentialAction":[{"@type":"SearchAction","target":{"@type":"EntryPoint","urlTemplate":"https:\/\/webdelmaestrocmf.com\/portal\/?s={search_term_string}"},"query-input":{"@type":"PropertyValueSpecification","valueRequired":true,"valueName":"search_term_string"}}],"inLanguage":"es"},{"@type":"Organization","@id":"https:\/\/webdelmaestrocmf.com\/portal\/#organization","name":"Web del Maestro CMF","alternateName":"WMCMF","url":"https:\/\/webdelmaestrocmf.com\/portal\/","logo":{"@type":"ImageObject","inLanguage":"es","@id":"https:\/\/webdelmaestrocmf.com\/portal\/#\/schema\/logo\/image\/","url":"https:\/\/webdelmaestrocmf.com\/portal\/wp-content\/uploads\/2023\/01\/logo-wmcmf-2.png","contentUrl":"https:\/\/webdelmaestrocmf.com\/portal\/wp-content\/uploads\/2023\/01\/logo-wmcmf-2.png","width":200,"height":60,"caption":"Web del Maestro CMF"},"image":{"@id":"https:\/\/webdelmaestrocmf.com\/portal\/#\/schema\/logo\/image\/"},"sameAs":["https:\/\/www.facebook.com\/WebdelMaestroCMF\/","https:\/\/x.com\/cmf_w","https:\/\/www.pinterest.com\/WMCMF\/","https:\/\/www.linkedin.com\/company\/web-del-maestro-cmf\/","https:\/\/www.instagram.com\/wmcmf\/","https:\/\/www.youtube.com\/channel\/UCDPSvjbdodE5sHnC3OxutHw","https:\/\/mastodon.social\/@wmcmf","https:\/\/www.tiktok.com\/@webdelmaestrocmf"]},{"@type":"Person","@id":"https:\/\/webdelmaestrocmf.com\/portal\/#\/schema\/person\/1072a2ed7bd960df8ef99a551fa35dc5","name":"Web del Maestro CMF","image":{"@type":"ImageObject","inLanguage":"es","@id":"https:\/\/secure.gravatar.com\/avatar\/23291dd5b5ae1077dcff3dbb04c3e02bd28403fa75af6d8787d5e97c5bbbe30b?s=96&d=mm&r=g","url":"https:\/\/secure.gravatar.com\/avatar\/23291dd5b5ae1077dcff3dbb04c3e02bd28403fa75af6d8787d5e97c5bbbe30b?s=96&d=mm&r=g","contentUrl":"https:\/\/secure.gravatar.com\/avatar\/23291dd5b5ae1077dcff3dbb04c3e02bd28403fa75af6d8787d5e97c5bbbe30b?s=96&d=mm&r=g","caption":"Web del Maestro CMF"},"description":"Esta Web se cre\u00f3 sin fines de lucro, con fines educativos, cient\u00edficos y acad\u00e9micos, para personas que tengan dificultades y\/o inconvenientes en visualizar el material original. El objetivo es entregar recursos, compartir experiencias y materiales que ayuden a los padres de familia, maestros y estudiantes en su actualizaci\u00f3n y formaci\u00f3n permanente, en bien de la Educaci\u00f3n.","sameAs":["http:\/\/webdelmaestrocmf.com\/portal","https:\/\/www.facebook.com\/WebdelMaestroCMF\/","https:\/\/www.instagram.com\/wmcmf\/","https:\/\/cl.linkedin.com\/company\/web-del-maestro-cmf","https:\/\/www.pinterest.com\/WMCMF\/publicaciones\/","https:\/\/x.com\/cmf_w","https:\/\/www.youtube.com\/@WMCMF"]}]}},"jetpack_featured_media_url":"https:\/\/webdelmaestrocmf.com\/portal\/wp-content\/uploads\/2022\/07\/1a-26.jpg","jetpack_sharing_enabled":true,"jetpack-related-posts":[{"id":50681,"url":"https:\/\/webdelmaestrocmf.com\/portal\/educacion-a-distancia-inclusiva-con-planes-de-aprendizaje-accesibles-adaptados-e-individualizados\/","url_meta":{"origin":78509,"position":0},"title":"Educaci\u00f3n a Distancia Inclusiva con planes de aprendizaje accesibles, adaptados e individualizados","author":"Web del Maestro CMF","date":"31 agosto, 2020","format":false,"excerpt":"El Programa de Acci\u00f3n Mundial para las Personas con Discapacidad (GLAD, por sus siglas en ingl\u00e9s), hace un llamado a garantizar el derecho a la educaci\u00f3n de los educandos discapacitados en este tiempo de emergencia educativa a causa del Covid 19, y nos llama a reducir las desigualdades que parecen\u2026","rel":"","context":"En \u00abYo opino - WMCMF\u00bb","block_context":{"text":"Yo opino - WMCMF","link":"https:\/\/webdelmaestrocmf.com\/portal\/category\/jamb\/"},"img":{"alt_text":"","src":"https:\/\/i0.wp.com\/webdelmaestrocmf.com\/portal\/wp-content\/uploads\/2020\/08\/1-copia-76.jpg?resize=350%2C200&ssl=1","width":350,"height":200,"srcset":"https:\/\/i0.wp.com\/webdelmaestrocmf.com\/portal\/wp-content\/uploads\/2020\/08\/1-copia-76.jpg?resize=350%2C200&ssl=1 1x, https:\/\/i0.wp.com\/webdelmaestrocmf.com\/portal\/wp-content\/uploads\/2020\/08\/1-copia-76.jpg?resize=525%2C300&ssl=1 1.5x, https:\/\/i0.wp.com\/webdelmaestrocmf.com\/portal\/wp-content\/uploads\/2020\/08\/1-copia-76.jpg?resize=700%2C400&ssl=1 2x, https:\/\/i0.wp.com\/webdelmaestrocmf.com\/portal\/wp-content\/uploads\/2020\/08\/1-copia-76.jpg?resize=1050%2C600&ssl=1 3x"},"classes":[]},{"id":74479,"url":"https:\/\/webdelmaestrocmf.com\/portal\/importancia-de-conocer-y-saber-detectar-las-primeras-senales-del-trastorno-o-discapacidad-para-el-aprendizaje-los-conceptos-de-discapacidad-deficiencia-y-minusvalia-y-su-tratamiento-en-la-escuela\/","url_meta":{"origin":78509,"position":1},"title":"Importancia de conocer y saber detectar las primeras se\u00f1ales del trastorno o discapacidad para el aprendizaje, los conceptos de discapacidad, deficiencia y minusval\u00eda, y su tratamiento en la escuela","author":"Web del Maestro CMF","date":"19 febrero, 2022","format":false,"excerpt":"Es muy posible que durante nuestra formaci\u00f3n inicial docente hemos estudiado los llamados trastornos del aprendizaje o discapacidades espec\u00edficas del aprendizaje, aunque a decir de mi experiencia, no recuerdo una especial insistencia te\u00f3rica o pr\u00e1ctica sobre este tema. Pero lo que s\u00ed he ido aprendiendo en \u201clas batallas diarias\u201d en\u2026","rel":"","context":"En \u00abYo opino - WMCMF\u00bb","block_context":{"text":"Yo opino - WMCMF","link":"https:\/\/webdelmaestrocmf.com\/portal\/category\/jamb\/"},"img":{"alt_text":"","src":"https:\/\/i0.wp.com\/webdelmaestrocmf.com\/portal\/wp-content\/uploads\/2022\/02\/1acb-11.jpg?resize=350%2C200&ssl=1","width":350,"height":200,"srcset":"https:\/\/i0.wp.com\/webdelmaestrocmf.com\/portal\/wp-content\/uploads\/2022\/02\/1acb-11.jpg?resize=350%2C200&ssl=1 1x, https:\/\/i0.wp.com\/webdelmaestrocmf.com\/portal\/wp-content\/uploads\/2022\/02\/1acb-11.jpg?resize=525%2C300&ssl=1 1.5x, https:\/\/i0.wp.com\/webdelmaestrocmf.com\/portal\/wp-content\/uploads\/2022\/02\/1acb-11.jpg?resize=700%2C400&ssl=1 2x, https:\/\/i0.wp.com\/webdelmaestrocmf.com\/portal\/wp-content\/uploads\/2022\/02\/1acb-11.jpg?resize=1050%2C600&ssl=1 3x"},"classes":[]},{"id":98782,"url":"https:\/\/webdelmaestrocmf.com\/portal\/estrategias-para-eliminar-las-barreras-para-el-aprendizaje-y-la-participacion-bap\/","url_meta":{"origin":78509,"position":2},"title":"Estrategias para eliminar las barreras para el aprendizaje y la participaci\u00f3n (BAP)","author":"Web del Maestro CMF","date":"28 octubre, 2023","format":false,"excerpt":"En el vasto mundo de la educaci\u00f3n, donde cada estudiante es \u00fanico y enfrenta desaf\u00edos y oportunidades diversos, es esencial abordar las barreras para el aprendizaje y la participaci\u00f3n (BAP) con determinaci\u00f3n y comprensi\u00f3n. Estas barreras pueden manifestarse de diversas formas, ya sea en la forma de obst\u00e1culos personales, ambientales\u2026","rel":"","context":"En \u00abBarreras para el Aprendizaje y la Participaci\u00f3n\u00bb","block_context":{"text":"Barreras para el Aprendizaje y la Participaci\u00f3n","link":"https:\/\/webdelmaestrocmf.com\/portal\/category\/pedagogia\/barreras-para-el-aprendizaje-y-la-participacion\/"},"img":{"alt_text":"Ejemplos de BAP barreras para el aprendizaje y la participaci\u00f3n","src":"https:\/\/i0.wp.com\/webdelmaestrocmf.com\/portal\/wp-content\/uploads\/2023\/10\/A12B3C4D-48.jpg?resize=350%2C200&ssl=1","width":350,"height":200,"srcset":"https:\/\/i0.wp.com\/webdelmaestrocmf.com\/portal\/wp-content\/uploads\/2023\/10\/A12B3C4D-48.jpg?resize=350%2C200&ssl=1 1x, https:\/\/i0.wp.com\/webdelmaestrocmf.com\/portal\/wp-content\/uploads\/2023\/10\/A12B3C4D-48.jpg?resize=525%2C300&ssl=1 1.5x, https:\/\/i0.wp.com\/webdelmaestrocmf.com\/portal\/wp-content\/uploads\/2023\/10\/A12B3C4D-48.jpg?resize=700%2C400&ssl=1 2x"},"classes":[]},{"id":94246,"url":"https:\/\/webdelmaestrocmf.com\/portal\/hay-diferencia-entre-la-educacion-integradora-y-la-educacion-inclusiva-usted-que-opina\/","url_meta":{"origin":78509,"position":3},"title":"\u00bfHay diferencia entre la educaci\u00f3n integradora y la educaci\u00f3n inclusiva? Usted \u00bfqu\u00e9 opina?","author":"Web del Maestro CMF","date":"13 julio, 2025","format":false,"excerpt":"La inclusi\u00f3n no es un favor, es un derecho. Una escuela verdaderamente inclusiva adapta su cultura, sus m\u00e9todos y su estructura para que nadie quede fuera del aprendizaje ni de la comunidad","rel":"","context":"En \u00abYo opino - WMCMF\u00bb","block_context":{"text":"Yo opino - WMCMF","link":"https:\/\/webdelmaestrocmf.com\/portal\/category\/jamb\/"},"img":{"alt_text":"","src":"https:\/\/i0.wp.com\/webdelmaestrocmf.com\/portal\/wp-content\/uploads\/2023\/09\/Banner-1-portada-imagen-10-1-2024-06-28T201137.338.jpg?resize=350%2C200&ssl=1","width":350,"height":200,"srcset":"https:\/\/i0.wp.com\/webdelmaestrocmf.com\/portal\/wp-content\/uploads\/2023\/09\/Banner-1-portada-imagen-10-1-2024-06-28T201137.338.jpg?resize=350%2C200&ssl=1 1x, https:\/\/i0.wp.com\/webdelmaestrocmf.com\/portal\/wp-content\/uploads\/2023\/09\/Banner-1-portada-imagen-10-1-2024-06-28T201137.338.jpg?resize=525%2C300&ssl=1 1.5x, https:\/\/i0.wp.com\/webdelmaestrocmf.com\/portal\/wp-content\/uploads\/2023\/09\/Banner-1-portada-imagen-10-1-2024-06-28T201137.338.jpg?resize=700%2C400&ssl=1 2x"},"classes":[]},{"id":55694,"url":"https:\/\/webdelmaestrocmf.com\/portal\/papa-francisco-sobre-la-inclusion-real-de-las-personas-con-discapacidad\/","url_meta":{"origin":78509,"position":4},"title":"Papa Francisco: Sobre la inclusi\u00f3n real de las personas con discapacidad","author":"Web del Maestro CMF","date":"7 diciembre, 2020","format":false,"excerpt":"La Asamblea General de las Naciones Unidas en 1992 instituy\u00f3 el 03 de diciembre como D\u00eda Internacional de las Personas con Discapacidad, y la UNESCO ha propuesto algunas estrategias para la inclusi\u00f3n que faciliten la realizaci\u00f3n plena y completa de los derechos humanos de todas las personas que presentan alguna\u2026","rel":"","context":"En \u00abMundo cart\u00f3lico\u00bb","block_context":{"text":"Mundo cart\u00f3lico","link":"https:\/\/webdelmaestrocmf.com\/portal\/category\/pastoral\/"},"img":{"alt_text":"","src":"https:\/\/i0.wp.com\/webdelmaestrocmf.com\/portal\/wp-content\/uploads\/2020\/12\/1-copia-21.jpg?resize=350%2C200&ssl=1","width":350,"height":200,"srcset":"https:\/\/i0.wp.com\/webdelmaestrocmf.com\/portal\/wp-content\/uploads\/2020\/12\/1-copia-21.jpg?resize=350%2C200&ssl=1 1x, https:\/\/i0.wp.com\/webdelmaestrocmf.com\/portal\/wp-content\/uploads\/2020\/12\/1-copia-21.jpg?resize=525%2C300&ssl=1 1.5x, https:\/\/i0.wp.com\/webdelmaestrocmf.com\/portal\/wp-content\/uploads\/2020\/12\/1-copia-21.jpg?resize=700%2C400&ssl=1 2x, https:\/\/i0.wp.com\/webdelmaestrocmf.com\/portal\/wp-content\/uploads\/2020\/12\/1-copia-21.jpg?resize=1050%2C600&ssl=1 3x"},"classes":[]},{"id":98522,"url":"https:\/\/webdelmaestrocmf.com\/portal\/como-identificar-las-barreras-para-el-aprendizaje-y-la-participacion-bap\/","url_meta":{"origin":78509,"position":5},"title":"C\u00f3mo identificar las Barreras para el Aprendizaje y la Participaci\u00f3n (BAP)","author":"Web del Maestro CMF","date":"25 octubre, 2023","format":false,"excerpt":"La promoci\u00f3n de la educaci\u00f3n inclusiva es un imperativo en la sociedad actual. Para lograrlo, es esencial abordar y superar las Barreras para el Aprendizaje y la Participaci\u00f3n (BAP) que pueden limitar el acceso a la educaci\u00f3n y la participaci\u00f3n plena en el entorno escolar. Estas barreras, que pueden manifestarse\u2026","rel":"","context":"En \u00abBarreras para el Aprendizaje y la Participaci\u00f3n\u00bb","block_context":{"text":"Barreras para el Aprendizaje y la Participaci\u00f3n","link":"https:\/\/webdelmaestrocmf.com\/portal\/category\/pedagogia\/barreras-para-el-aprendizaje-y-la-participacion\/"},"img":{"alt_text":"Barreras para el Aprendizaje y la Participaci\u00f3n","src":"https:\/\/i0.wp.com\/webdelmaestrocmf.com\/portal\/wp-content\/uploads\/2023\/10\/A12B3C4D-39-1.jpg?resize=350%2C200&ssl=1","width":350,"height":200,"srcset":"https:\/\/i0.wp.com\/webdelmaestrocmf.com\/portal\/wp-content\/uploads\/2023\/10\/A12B3C4D-39-1.jpg?resize=350%2C200&ssl=1 1x, https:\/\/i0.wp.com\/webdelmaestrocmf.com\/portal\/wp-content\/uploads\/2023\/10\/A12B3C4D-39-1.jpg?resize=525%2C300&ssl=1 1.5x, https:\/\/i0.wp.com\/webdelmaestrocmf.com\/portal\/wp-content\/uploads\/2023\/10\/A12B3C4D-39-1.jpg?resize=700%2C400&ssl=1 2x"},"classes":[]}],"_links":{"self":[{"href":"https:\/\/webdelmaestrocmf.com\/portal\/wp-json\/wp\/v2\/posts\/78509","targetHints":{"allow":["GET"]}}],"collection":[{"href":"https:\/\/webdelmaestrocmf.com\/portal\/wp-json\/wp\/v2\/posts"}],"about":[{"href":"https:\/\/webdelmaestrocmf.com\/portal\/wp-json\/wp\/v2\/types\/post"}],"author":[{"embeddable":true,"href":"https:\/\/webdelmaestrocmf.com\/portal\/wp-json\/wp\/v2\/users\/1"}],"replies":[{"embeddable":true,"href":"https:\/\/webdelmaestrocmf.com\/portal\/wp-json\/wp\/v2\/comments?post=78509"}],"version-history":[{"count":0,"href":"https:\/\/webdelmaestrocmf.com\/portal\/wp-json\/wp\/v2\/posts\/78509\/revisions"}],"wp:featuredmedia":[{"embeddable":true,"href":"https:\/\/webdelmaestrocmf.com\/portal\/wp-json\/wp\/v2\/media\/78513"}],"wp:attachment":[{"href":"https:\/\/webdelmaestrocmf.com\/portal\/wp-json\/wp\/v2\/media?parent=78509"}],"wp:term":[{"taxonomy":"category","embeddable":true,"href":"https:\/\/webdelmaestrocmf.com\/portal\/wp-json\/wp\/v2\/categories?post=78509"},{"taxonomy":"post_tag","embeddable":true,"href":"https:\/\/webdelmaestrocmf.com\/portal\/wp-json\/wp\/v2\/tags?post=78509"}],"curies":[{"name":"wp","href":"https:\/\/api.w.org\/{rel}","templated":true}]}}