{"id":78231,"date":"2022-07-07T18:19:56","date_gmt":"2022-07-07T22:19:56","guid":{"rendered":"https:\/\/webdelmaestrocmf.com\/portal\/?p=78231"},"modified":"2022-07-08T10:16:52","modified_gmt":"2022-07-08T14:16:52","slug":"estas-son-las-seis-emociones-universales-asco-miedo-sorpresa-alegria-ira-y-tristeza","status":"publish","type":"post","link":"https:\/\/webdelmaestrocmf.com\/portal\/estas-son-las-seis-emociones-universales-asco-miedo-sorpresa-alegria-ira-y-tristeza\/","title":{"rendered":"Estas son las seis emociones universales: asco, miedo, sorpresa, alegr\u00eda, ira y tristeza"},"content":{"rendered":"<h5 style=\"text-align: justify;\">\u00bfAlguna vez has visto un comercial que te haya conmovido y te haya hecho llorar? \u00bfO alguno que te haya causado enojo por una injusticia sobre la que hablara? El ser humano es un ser emocional dominado por sus sentimientos y emociones, m\u00e1s que por la raz\u00f3n. Al\u00a0<strong>manejar estas emociones podemos lograr que un individuo asocie el consumo de un producto determinado con el agrado y la satisfacci\u00f3n.<\/strong><\/h5>\n<p><!--more--><\/p>\n<h5 style=\"text-align: justify;\">Es por eso que muchas empresas desarrollan sus contenidos en base a alguna emoci\u00f3n con la que buscan conectarse con las personas para crear una fidelidad de marca o cerrar una venta.<\/h5>\n<p style=\"text-align: justify;\">Dentro de este contexto, el Neuromarketing gestiona el valor de la oferta de un producto o servicio a trav\u00e9s de la creaci\u00f3n de vivencias emocionales de comunicaci\u00f3n y consumo gratificantes para el comprador\/usuario pertinentes a la marca.<\/p>\n<h5 style=\"text-align: justify;\">De d\u00f3nde surgen las emociones universales<\/h5>\n<p style=\"text-align: justify;\">Se han identificado seis emociones universales, esto significa que son comunes a todos los seres humanos, sin importar g\u00e9nero, origen \u00e9tnico, ubicaci\u00f3n geogr\u00e1fica, cultura, idioma, etc. \u00c9stas son:\u00a0<strong>asco, miedo, sorpresa, alegr\u00eda, enfado y tristeza.<\/strong><\/p>\n<p style=\"text-align: justify;\">Estas emociones\u00a0<a href=\"https:\/\/es.wikipedia.org\/wiki\/Paul_Ekman\" target=\"_blank\" rel=\"noopener\">fueron identificadas por Paul Ekman<\/a>, qui\u00e9n las se\u00f1alaba como el producto de un proceso evolutivo, una respuesta a los retos ecol\u00f3gicos a los que se enfrentaban nuestros ancestros. Se trata de algo tan primitivo, que se encuentra incrustado profundamente en nuestros circuitos neurol\u00f3gicos.<\/p>\n<p style=\"text-align: justify;\">Es decir que no existen emociones \u00abbuenas o malas\u00bb ya que todas son necesarias para la supervivencia del ser humano. Cada emoci\u00f3n activa un circuito neuronal espec\u00edfico de forma innata, autom\u00e1tica y r\u00e1pida.<\/p>\n<p style=\"text-align: justify;\">En este sentido, podr\u00edamos decir que tienen diferentes funciones:<\/p>\n<ul style=\"text-align: justify;\">\n<li><strong>Asco<\/strong>: nos produce rechazo hacia aquello que tenemos delante.<\/li>\n<li><strong>Miedo<\/strong>: tendemos hacia la protecci\u00f3n. El miedo produce respuestas adaptivas y soluciones al problema de la supervivencia.<\/li>\n<li><strong>Sorpresa<\/strong>: ayuda a orientarnos frente a la nueva situaci\u00f3n.<\/li>\n<li><strong>Alegr\u00eda<\/strong>: nos impulsa a reproducir aquel suceso que nos hace sentir bien.<\/li>\n<li><strong>Enfado o enojo<\/strong>: nos ayuda a poner l\u00edmites frente algo que consideramos incorrecto o injusto.<\/li>\n<li><strong>Tristeza<\/strong>: nos motiva hacia una nueva reintegraci\u00f3n personal, a cerrar ciclos de personas, etapas o sucesos que atravesamos.<\/li>\n<\/ul>\n<h5 style=\"text-align: justify;\">Las emociones en acci\u00f3n<\/h5>\n<p style=\"text-align: justify;\">Imaginemos que un d\u00eda abres uno de los armarios de la cocina y dentro ves una serpiente. De seguro no esperabas que estuviera all\u00ed.<\/p>\n<p style=\"text-align: justify;\">Lo m\u00e1s probable es que tu primera reacci\u00f3n sea dar un salto hacia atr\u00e1s o cerrar el armario con un portazo r\u00e1pido y agresivo. Tu rostro estar\u00e1 rojo y caliente, te sentir\u00e1s en alerta y, aunque no lo sepas con certeza, tu cuerpo estar\u00e1 tenso y preparado para reaccionar de inmediato ante cualquier otro impulso.<\/p>\n<p style=\"text-align: justify;\">Esta respuesta r\u00e1pida es resultado del miedo, es cognitivamente casi impenetrable. Es decir, que no se trata de algo que sucede completamente de forma inconsciente e incontrolable. Se parece m\u00e1s a una reacci\u00f3n que a una acci\u00f3n deliberada.<\/p>\n<p style=\"text-align: justify;\">Hay una teor\u00eda psicol\u00f3gica que apunta a que\u00a0<strong>las emociones b\u00e1sicas funcionan como materia prima para construir emociones m\u00e1s complejas.<\/strong>\u00a0Otras teor\u00edas dicen que en lugar de ello, las emociones m\u00e1s complejas son amalgamas de emociones b\u00e1sicas y cogniciones.<\/p>\n<p style=\"text-align: justify;\"><img loading=\"lazy\" decoding=\"async\" class=\"aligncenter wp-image-78232 size-full\" src=\"https:\/\/webdelmaestrocmf.com\/portal\/wp-content\/uploads\/2022\/07\/1-7.jpg\" alt=\"\" width=\"564\" height=\"564\" srcset=\"https:\/\/webdelmaestrocmf.com\/portal\/wp-content\/uploads\/2022\/07\/1-7.jpg 564w, https:\/\/webdelmaestrocmf.com\/portal\/wp-content\/uploads\/2022\/07\/1-7-300x300.jpg 300w, https:\/\/webdelmaestrocmf.com\/portal\/wp-content\/uploads\/2022\/07\/1-7-150x150.jpg 150w, https:\/\/webdelmaestrocmf.com\/portal\/wp-content\/uploads\/2022\/07\/1-7-80x80.jpg 80w, https:\/\/webdelmaestrocmf.com\/portal\/wp-content\/uploads\/2022\/07\/1-7-110x110.jpg 110w, https:\/\/webdelmaestrocmf.com\/portal\/wp-content\/uploads\/2022\/07\/1-7-200x200.jpg 200w, https:\/\/webdelmaestrocmf.com\/portal\/wp-content\/uploads\/2022\/07\/1-7-380x380.jpg 380w, https:\/\/webdelmaestrocmf.com\/portal\/wp-content\/uploads\/2022\/07\/1-7-255x255.jpg 255w, https:\/\/webdelmaestrocmf.com\/portal\/wp-content\/uploads\/2022\/07\/1-7-550x550.jpg 550w\" sizes=\"auto, (max-width: 564px) 100vw, 564px\" \/><\/p>\n<h5 style=\"text-align: justify;\">\u00bfQu\u00e9 papel juega la cultura en las emociones?<\/h5>\n<p style=\"text-align: justify;\">Si bien las emociones universales son comunes a todos los seres humanos, tambi\u00e9n est\u00e1n sujetas al condicionamiento cultural.<\/p>\n<p style=\"text-align: justify;\">Por ejemplo, cuando un ni\u00f1o teme haber fallado en las respuestas de una evaluaci\u00f3n escolar, es en gran medida por el valor que su cultura y micro cultura le ha dado al \u00e9xito acad\u00e9mico.<\/p>\n<p style=\"text-align: justify;\">De igual manera, sentir alegr\u00eda ante el infortunio de alguien a quien despreciamos tampoco es una emoci\u00f3n com\u00fan a todas las personas en todo momento. Tampoco lo es el sentimientos de amor rom\u00e1ntico, que por ejemplo, en el libro de Madame Bovary es descubierto por su protagonista a trav\u00e9s de m\u00faltiples libros y lecturas, no le era algo inherente.<\/p>\n<p style=\"text-align: justify;\">Es as\u00ed como las marcas, a trav\u00e9s del neuromarketing, pueden apelar a las emociones universales, haci\u00e9ndolas m\u00e1s eficientes con elementos culturales. Es por eso tan importante que est\u00e9n enteradas del contexto en el que vive su p\u00fablico objetivo para desarrollar campa\u00f1as efectivas.<\/p>\n<p style=\"text-align: justify;\">\u00bfDe qu\u00e9 forma tu marca apela a estas emociones universales? Dentro de tu cultura, \u00bfQu\u00e9 podr\u00eda desencadenar la alegr\u00eda o sorpresa de tus clientes? D\u00e9janos tu comentario.<\/p>\n<p><strong>Este contenido ha sido publicado originalmente por Neuromarketing en la siguiente direcci\u00f3n: <a href=\"http:\/\/neuromarketing.la\/\" target=\"_blank\" rel=\"noopener\">neuromarketing.la<\/a> | Autor: <a class=\"vcard author\" href=\"https:\/\/neuromarketing.la\/author\/jreyes\/\" rel=\"author\"><span class=\"fn\">Jennifer R<\/span><\/a><span class=\"fn\">e<\/span><a class=\"vcard author\" href=\"https:\/\/neuromarketing.la\/author\/jreyes\/\" rel=\"author\"><span class=\"fn\">yes<\/span><\/a><\/strong><\/p>\n<p style=\"text-align: center;\">Recomendamos a la Comunidad Educativa Digital tener en cuenta que, el enlace y\/o la carpeta en donde est\u00e1n alojados los libros, recursos y\/o materiales, no es administrado por la Web del Maestro CMF, pueda ser que en cuesti\u00f3n de d\u00edas (o seg\u00fan el tiempo transcurrido desde su publicaci\u00f3n), los enlaces no funcionen y el material ya no se encuentre disponible. Gracias por su comprensi\u00f3n.<\/p>\n<h3>ENLACE DE LECTURA:<\/h3>\n<p style=\"text-align: center;\">\u00a1Comparte y as\u00ed m\u00e1s docentes utilizar\u00e1n estos recursos\u00a0gratis! Muchas gracias.<\/p>\n<p style=\"text-align: center;\"><span style=\"color: #000000;\"><a style=\"color: #000000;\" href=\"https:\/\/mega.nz\/folder\/664whaTL#zpejcSI9QvKUKFJu7rWEng\" target=\"_blank\" rel=\"noopener\">LAS EMOCIONES<\/a><\/span><\/p>\n\t\t<div class=\"pk-inline-posts\">\n\t\t\t\n\t\t\t<div class=\"pk-inline-posts-container pk-inline-posts-template-list\"\n\t\t\t\tdata-columns=\"1\">\n\t\t\t\t\t\t<article id=\"post-117803\" class=\"post-117803 post type-post status-publish format-standard has-post-thumbnail category-descarga category-emociones category-pedagogia tag-aprendizaje-ludico-2 tag-aula-innovadora tag-docentes tag-educacion-emocional-3 tag-estrategias-didacticas-2 tag-inteligencia-emocional tag-juego-educativo tag-powerpoint-educativo tag-recursos-educativos cs-entry cs-video-wrap\">\n\t\t\t<div class=\"pk-post-outer\">\n\n\t\t\t\t\t\t\t\t<div class=\"pk-post-inner\">\n\t\t\t\t\t<div class=\"entry-thumbnail\">\n\t\t\t\t\t\t<div class=\"pk-overlay pk-overlay-ratio pk-ratio-landscape\">\n\t\t\t\t\t\t\t<div class=\"pk-overlay-background\">\n\t\t\t\t\t\t\t\t<a href=\"https:\/\/webdelmaestrocmf.com\/portal\/descarga-el-juego-educativo-interactivo-desafios-intensamente-en-powerpoint-para-trabajar-las-emociones-incluye-una-consola-con-4-dinamicas-ludicas-y-didacticas\/\" class=\"pk-overlay-link\">\n\t\t\t\t\t\t\t\t\t<img loading=\"lazy\" decoding=\"async\" width=\"300\" height=\"225\" src=\"https:\/\/webdelmaestrocmf.com\/portal\/wp-content\/uploads\/2026\/04\/1AA-Banner-1-portada-imagen-10-1-copia-18-300x225.webp\" class=\"attachment-pk-thumbnail size-pk-thumbnail wp-post-image\" alt=\"\" \/>\t\t\t\t\t\t\t\t<\/a>\n\t\t\t\t\t\t\t<\/div>\n\t\t\t\t\t\t<\/div>\n\t\t\t\t\t<\/div>\n\t\t\t\t<\/div>\n\t\t\t\t\n\t\t\t\t<div class=\"pk-post-inner\">\n\t\t\t\t\t<header>\n\t\t\t\t\t\t<h3 class=\"pk-title\"><a href=\"https:\/\/webdelmaestrocmf.com\/portal\/descarga-el-juego-educativo-interactivo-desafios-intensamente-en-powerpoint-para-trabajar-las-emociones-incluye-una-consola-con-4-dinamicas-ludicas-y-didacticas\/\" rel=\"bookmark\">Descarga el Juego Educativo Interactivo \u201cDesaf\u00edos Intensamente\u201d en PowerPoint para trabajar las emociones: incluye una consola con 4 din\u00e1micas l\u00fadicas y did\u00e1cticas<\/a><\/h3>\t\t\t\t\t<\/header><!-- .entry-header -->\n\t\t\t\t<\/div><!-- .post-inner -->\n\n\t\t\t<\/div><!-- .post-outer -->\n\t\t<\/article>\n\t\t\t\t<\/div>\n\t\t<\/div>\n\t\t\n","protected":false},"excerpt":{"rendered":"\u00bfAlguna vez has visto un comercial que te haya conmovido y te haya hecho llorar? \u00bfO alguno que&hellip;","protected":false},"author":1,"featured_media":78234,"comment_status":"open","ping_status":"closed","sticky":false,"template":"","format":"standard","meta":{"csco_display_header_overlay":false,"csco_singular_sidebar":"default","csco_page_header_type":"default","csco_page_load_nextpost":"default","csco_post_video_location":[],"csco_post_video_location_hash":"","csco_post_video_url":"","csco_post_video_bg_start_time":0,"csco_post_video_bg_end_time":0,"csco_post_video_bg_volume":false,"_jetpack_memberships_contains_paid_content":false,"footnotes":""},"categories":[3900,735],"tags":[1339,14852,276,2674,1466,2498,13702,6766,14851],"class_list":{"0":"post-78231","1":"post","2":"type-post","3":"status-publish","4":"format-standard","5":"has-post-thumbnail","7":"category-emociones","8":"category-pedagogia","9":"tag-alegria","10":"tag-asco","11":"tag-emociones","12":"tag-ira","13":"tag-miedo","14":"tag-seis","15":"tag-sorpresa","16":"tag-tristeza","17":"tag-universales","18":"cs-entry","19":"cs-video-wrap"},"yoast_head":"<!-- This site is optimized with the Yoast SEO plugin v27.5 - https:\/\/yoast.com\/product\/yoast-seo-wordpress\/ -->\n<title>Estas son las seis emociones universales: asco, miedo, sorpresa, alegr\u00eda, ira y tristeza - 2026<\/title>\n<meta name=\"description\" content=\"Es por eso que muchas empresas desarrollan sus contenidos en base a alguna emoci\u00f3n con la que buscan conectarse con las personas para...\" \/>\n<meta name=\"robots\" content=\"index, follow, max-snippet:-1, max-image-preview:large, max-video-preview:-1\" \/>\n<link rel=\"canonical\" href=\"https:\/\/webdelmaestrocmf.com\/portal\/estas-son-las-seis-emociones-universales-asco-miedo-sorpresa-alegria-ira-y-tristeza\/\" \/>\n<meta property=\"og:locale\" content=\"es_ES\" \/>\n<meta property=\"og:type\" content=\"article\" \/>\n<meta property=\"og:title\" content=\"Estas son las seis emociones universales: asco, miedo, sorpresa, alegr\u00eda, ira y tristeza - 2026\" \/>\n<meta property=\"og:description\" content=\"Es por eso que muchas empresas desarrollan sus contenidos en base a alguna emoci\u00f3n con la que buscan conectarse con las personas para...\" \/>\n<meta property=\"og:url\" content=\"https:\/\/webdelmaestrocmf.com\/portal\/estas-son-las-seis-emociones-universales-asco-miedo-sorpresa-alegria-ira-y-tristeza\/\" \/>\n<meta property=\"og:site_name\" content=\"Web del Maestro CMF\" \/>\n<meta property=\"article:publisher\" content=\"https:\/\/www.facebook.com\/WebdelMaestroCMF\/\" \/>\n<meta property=\"article:author\" content=\"https:\/\/www.facebook.com\/WebdelMaestroCMF\/\" \/>\n<meta property=\"article:published_time\" content=\"2022-07-07T22:19:56+00:00\" \/>\n<meta property=\"article:modified_time\" content=\"2022-07-08T14:16:52+00:00\" \/>\n<meta property=\"og:image\" content=\"https:\/\/i0.wp.com\/webdelmaestrocmf.com\/portal\/wp-content\/uploads\/2022\/07\/1-8.jpg?fit=900%2C556&ssl=1\" \/>\n\t<meta property=\"og:image:width\" content=\"900\" \/>\n\t<meta property=\"og:image:height\" content=\"556\" \/>\n\t<meta property=\"og:image:type\" content=\"image\/jpeg\" \/>\n<meta name=\"author\" content=\"Web del Maestro CMF\" \/>\n<meta name=\"twitter:card\" content=\"summary_large_image\" \/>\n<meta name=\"twitter:creator\" content=\"@cmf_w\" \/>\n<meta name=\"twitter:site\" content=\"@cmf_w\" \/>\n<script type=\"application\/ld+json\" class=\"yoast-schema-graph\">{\"@context\":\"https:\\\/\\\/schema.org\",\"@graph\":[{\"@type\":\"ScholarlyArticle\",\"@id\":\"https:\\\/\\\/webdelmaestrocmf.com\\\/portal\\\/estas-son-las-seis-emociones-universales-asco-miedo-sorpresa-alegria-ira-y-tristeza\\\/#article\",\"isPartOf\":{\"@id\":\"https:\\\/\\\/webdelmaestrocmf.com\\\/portal\\\/estas-son-las-seis-emociones-universales-asco-miedo-sorpresa-alegria-ira-y-tristeza\\\/\"},\"author\":{\"name\":\"Web del Maestro CMF\",\"@id\":\"https:\\\/\\\/webdelmaestrocmf.com\\\/portal\\\/#\\\/schema\\\/person\\\/1072a2ed7bd960df8ef99a551fa35dc5\"},\"headline\":\"Estas son las seis emociones universales: asco, miedo, sorpresa, alegr\u00eda, ira y tristeza\",\"datePublished\":\"2022-07-07T22:19:56+00:00\",\"dateModified\":\"2022-07-08T14:16:52+00:00\",\"mainEntityOfPage\":{\"@id\":\"https:\\\/\\\/webdelmaestrocmf.com\\\/portal\\\/estas-son-las-seis-emociones-universales-asco-miedo-sorpresa-alegria-ira-y-tristeza\\\/\"},\"wordCount\":885,\"commentCount\":1,\"publisher\":{\"@id\":\"https:\\\/\\\/webdelmaestrocmf.com\\\/portal\\\/#organization\"},\"image\":{\"@id\":\"https:\\\/\\\/webdelmaestrocmf.com\\\/portal\\\/estas-son-las-seis-emociones-universales-asco-miedo-sorpresa-alegria-ira-y-tristeza\\\/#primaryimage\"},\"thumbnailUrl\":\"https:\\\/\\\/webdelmaestrocmf.com\\\/portal\\\/wp-content\\\/uploads\\\/2022\\\/07\\\/1-8.jpg\",\"keywords\":[\"alegr\u00eda\",\"asco\",\"EMOCIONES\",\"ira\",\"MIEDO\",\"Seis\",\"sorpresa\",\"tristeza\",\"universales\"],\"articleSection\":[\"Emociones\",\"Recursos\"],\"inLanguage\":\"es\",\"potentialAction\":[{\"@type\":\"CommentAction\",\"name\":\"Comment\",\"target\":[\"https:\\\/\\\/webdelmaestrocmf.com\\\/portal\\\/estas-son-las-seis-emociones-universales-asco-miedo-sorpresa-alegria-ira-y-tristeza\\\/#respond\"]}]},{\"@type\":\"WebPage\",\"@id\":\"https:\\\/\\\/webdelmaestrocmf.com\\\/portal\\\/estas-son-las-seis-emociones-universales-asco-miedo-sorpresa-alegria-ira-y-tristeza\\\/\",\"url\":\"https:\\\/\\\/webdelmaestrocmf.com\\\/portal\\\/estas-son-las-seis-emociones-universales-asco-miedo-sorpresa-alegria-ira-y-tristeza\\\/\",\"name\":\"Estas son las seis emociones universales: asco, miedo, sorpresa, alegr\u00eda, ira y tristeza - 2026\",\"isPartOf\":{\"@id\":\"https:\\\/\\\/webdelmaestrocmf.com\\\/portal\\\/#website\"},\"primaryImageOfPage\":{\"@id\":\"https:\\\/\\\/webdelmaestrocmf.com\\\/portal\\\/estas-son-las-seis-emociones-universales-asco-miedo-sorpresa-alegria-ira-y-tristeza\\\/#primaryimage\"},\"image\":{\"@id\":\"https:\\\/\\\/webdelmaestrocmf.com\\\/portal\\\/estas-son-las-seis-emociones-universales-asco-miedo-sorpresa-alegria-ira-y-tristeza\\\/#primaryimage\"},\"thumbnailUrl\":\"https:\\\/\\\/webdelmaestrocmf.com\\\/portal\\\/wp-content\\\/uploads\\\/2022\\\/07\\\/1-8.jpg\",\"datePublished\":\"2022-07-07T22:19:56+00:00\",\"dateModified\":\"2022-07-08T14:16:52+00:00\",\"description\":\"Es por eso que muchas empresas desarrollan sus contenidos en base a alguna emoci\u00f3n con la que buscan conectarse con las personas para...\",\"breadcrumb\":{\"@id\":\"https:\\\/\\\/webdelmaestrocmf.com\\\/portal\\\/estas-son-las-seis-emociones-universales-asco-miedo-sorpresa-alegria-ira-y-tristeza\\\/#breadcrumb\"},\"inLanguage\":\"es\",\"potentialAction\":[{\"@type\":\"ReadAction\",\"target\":[\"https:\\\/\\\/webdelmaestrocmf.com\\\/portal\\\/estas-son-las-seis-emociones-universales-asco-miedo-sorpresa-alegria-ira-y-tristeza\\\/\"]}]},{\"@type\":\"ImageObject\",\"inLanguage\":\"es\",\"@id\":\"https:\\\/\\\/webdelmaestrocmf.com\\\/portal\\\/estas-son-las-seis-emociones-universales-asco-miedo-sorpresa-alegria-ira-y-tristeza\\\/#primaryimage\",\"url\":\"https:\\\/\\\/webdelmaestrocmf.com\\\/portal\\\/wp-content\\\/uploads\\\/2022\\\/07\\\/1-8.jpg\",\"contentUrl\":\"https:\\\/\\\/webdelmaestrocmf.com\\\/portal\\\/wp-content\\\/uploads\\\/2022\\\/07\\\/1-8.jpg\",\"width\":900,\"height\":556},{\"@type\":\"BreadcrumbList\",\"@id\":\"https:\\\/\\\/webdelmaestrocmf.com\\\/portal\\\/estas-son-las-seis-emociones-universales-asco-miedo-sorpresa-alegria-ira-y-tristeza\\\/#breadcrumb\",\"itemListElement\":[{\"@type\":\"ListItem\",\"position\":1,\"name\":\"Portada\",\"item\":\"https:\\\/\\\/webdelmaestrocmf.com\\\/portal\\\/\"},{\"@type\":\"ListItem\",\"position\":2,\"name\":\"Recursos\",\"item\":\"https:\\\/\\\/webdelmaestrocmf.com\\\/portal\\\/category\\\/pedagogia\\\/\"},{\"@type\":\"ListItem\",\"position\":3,\"name\":\"Estas son las seis emociones universales: asco, miedo, sorpresa, alegr\u00eda, ira y tristeza\"}]},{\"@type\":\"WebSite\",\"@id\":\"https:\\\/\\\/webdelmaestrocmf.com\\\/portal\\\/#website\",\"url\":\"https:\\\/\\\/webdelmaestrocmf.com\\\/portal\\\/\",\"name\":\"Web del Maestro CMF\",\"description\":\"Maestros al servicio de la educaci\u00f3n\",\"publisher\":{\"@id\":\"https:\\\/\\\/webdelmaestrocmf.com\\\/portal\\\/#organization\"},\"alternateName\":\"WMCMF\",\"potentialAction\":[{\"@type\":\"SearchAction\",\"target\":{\"@type\":\"EntryPoint\",\"urlTemplate\":\"https:\\\/\\\/webdelmaestrocmf.com\\\/portal\\\/?s={search_term_string}\"},\"query-input\":{\"@type\":\"PropertyValueSpecification\",\"valueRequired\":true,\"valueName\":\"search_term_string\"}}],\"inLanguage\":\"es\"},{\"@type\":\"Organization\",\"@id\":\"https:\\\/\\\/webdelmaestrocmf.com\\\/portal\\\/#organization\",\"name\":\"Web del Maestro CMF\",\"alternateName\":\"WMCMF\",\"url\":\"https:\\\/\\\/webdelmaestrocmf.com\\\/portal\\\/\",\"logo\":{\"@type\":\"ImageObject\",\"inLanguage\":\"es\",\"@id\":\"https:\\\/\\\/webdelmaestrocmf.com\\\/portal\\\/#\\\/schema\\\/logo\\\/image\\\/\",\"url\":\"https:\\\/\\\/webdelmaestrocmf.com\\\/portal\\\/wp-content\\\/uploads\\\/2023\\\/01\\\/logo-wmcmf-2.png\",\"contentUrl\":\"https:\\\/\\\/webdelmaestrocmf.com\\\/portal\\\/wp-content\\\/uploads\\\/2023\\\/01\\\/logo-wmcmf-2.png\",\"width\":200,\"height\":60,\"caption\":\"Web del Maestro CMF\"},\"image\":{\"@id\":\"https:\\\/\\\/webdelmaestrocmf.com\\\/portal\\\/#\\\/schema\\\/logo\\\/image\\\/\"},\"sameAs\":[\"https:\\\/\\\/www.facebook.com\\\/WebdelMaestroCMF\\\/\",\"https:\\\/\\\/x.com\\\/cmf_w\",\"https:\\\/\\\/www.pinterest.com\\\/WMCMF\\\/\",\"https:\\\/\\\/www.linkedin.com\\\/company\\\/web-del-maestro-cmf\\\/\",\"https:\\\/\\\/www.instagram.com\\\/wmcmf\\\/\",\"https:\\\/\\\/www.youtube.com\\\/channel\\\/UCDPSvjbdodE5sHnC3OxutHw\",\"https:\\\/\\\/mastodon.social\\\/@wmcmf\",\"https:\\\/\\\/www.tiktok.com\\\/@webdelmaestrocmf\"]},{\"@type\":\"Person\",\"@id\":\"https:\\\/\\\/webdelmaestrocmf.com\\\/portal\\\/#\\\/schema\\\/person\\\/1072a2ed7bd960df8ef99a551fa35dc5\",\"name\":\"Web del Maestro CMF\",\"image\":{\"@type\":\"ImageObject\",\"inLanguage\":\"es\",\"@id\":\"https:\\\/\\\/secure.gravatar.com\\\/avatar\\\/23291dd5b5ae1077dcff3dbb04c3e02bd28403fa75af6d8787d5e97c5bbbe30b?s=96&d=mm&r=g\",\"url\":\"https:\\\/\\\/secure.gravatar.com\\\/avatar\\\/23291dd5b5ae1077dcff3dbb04c3e02bd28403fa75af6d8787d5e97c5bbbe30b?s=96&d=mm&r=g\",\"contentUrl\":\"https:\\\/\\\/secure.gravatar.com\\\/avatar\\\/23291dd5b5ae1077dcff3dbb04c3e02bd28403fa75af6d8787d5e97c5bbbe30b?s=96&d=mm&r=g\",\"caption\":\"Web del Maestro CMF\"},\"description\":\"Esta Web se cre\u00f3 sin fines de lucro, con fines educativos, cient\u00edficos y acad\u00e9micos, para personas que tengan dificultades y\\\/o inconvenientes en visualizar el material original. El objetivo es entregar recursos, compartir experiencias y materiales que ayuden a los padres de familia, maestros y estudiantes en su actualizaci\u00f3n y formaci\u00f3n permanente, en bien de la Educaci\u00f3n.\",\"sameAs\":[\"http:\\\/\\\/webdelmaestrocmf.com\\\/portal\",\"https:\\\/\\\/www.facebook.com\\\/WebdelMaestroCMF\\\/\",\"https:\\\/\\\/www.instagram.com\\\/wmcmf\\\/\",\"https:\\\/\\\/cl.linkedin.com\\\/company\\\/web-del-maestro-cmf\",\"https:\\\/\\\/www.pinterest.com\\\/WMCMF\\\/publicaciones\\\/\",\"https:\\\/\\\/x.com\\\/cmf_w\",\"https:\\\/\\\/www.youtube.com\\\/@WMCMF\"]}]}<\/script>\n<!-- \/ Yoast SEO plugin. -->","yoast_head_json":{"title":"Estas son las seis emociones universales: asco, miedo, sorpresa, alegr\u00eda, ira y tristeza - 2026","description":"Es por eso que muchas empresas desarrollan sus contenidos en base a alguna emoci\u00f3n con la que buscan conectarse con las personas para...","robots":{"index":"index","follow":"follow","max-snippet":"max-snippet:-1","max-image-preview":"max-image-preview:large","max-video-preview":"max-video-preview:-1"},"canonical":"https:\/\/webdelmaestrocmf.com\/portal\/estas-son-las-seis-emociones-universales-asco-miedo-sorpresa-alegria-ira-y-tristeza\/","og_locale":"es_ES","og_type":"article","og_title":"Estas son las seis emociones universales: asco, miedo, sorpresa, alegr\u00eda, ira y tristeza - 2026","og_description":"Es por eso que muchas empresas desarrollan sus contenidos en base a alguna emoci\u00f3n con la que buscan conectarse con las personas para...","og_url":"https:\/\/webdelmaestrocmf.com\/portal\/estas-son-las-seis-emociones-universales-asco-miedo-sorpresa-alegria-ira-y-tristeza\/","og_site_name":"Web del Maestro CMF","article_publisher":"https:\/\/www.facebook.com\/WebdelMaestroCMF\/","article_author":"https:\/\/www.facebook.com\/WebdelMaestroCMF\/","article_published_time":"2022-07-07T22:19:56+00:00","article_modified_time":"2022-07-08T14:16:52+00:00","og_image":[{"width":900,"height":556,"url":"https:\/\/i0.wp.com\/webdelmaestrocmf.com\/portal\/wp-content\/uploads\/2022\/07\/1-8.jpg?fit=900%2C556&ssl=1","type":"image\/jpeg"}],"author":"Web del Maestro CMF","twitter_card":"summary_large_image","twitter_creator":"@cmf_w","twitter_site":"@cmf_w","schema":{"@context":"https:\/\/schema.org","@graph":[{"@type":"ScholarlyArticle","@id":"https:\/\/webdelmaestrocmf.com\/portal\/estas-son-las-seis-emociones-universales-asco-miedo-sorpresa-alegria-ira-y-tristeza\/#article","isPartOf":{"@id":"https:\/\/webdelmaestrocmf.com\/portal\/estas-son-las-seis-emociones-universales-asco-miedo-sorpresa-alegria-ira-y-tristeza\/"},"author":{"name":"Web del Maestro CMF","@id":"https:\/\/webdelmaestrocmf.com\/portal\/#\/schema\/person\/1072a2ed7bd960df8ef99a551fa35dc5"},"headline":"Estas son las seis emociones universales: asco, miedo, sorpresa, alegr\u00eda, ira y tristeza","datePublished":"2022-07-07T22:19:56+00:00","dateModified":"2022-07-08T14:16:52+00:00","mainEntityOfPage":{"@id":"https:\/\/webdelmaestrocmf.com\/portal\/estas-son-las-seis-emociones-universales-asco-miedo-sorpresa-alegria-ira-y-tristeza\/"},"wordCount":885,"commentCount":1,"publisher":{"@id":"https:\/\/webdelmaestrocmf.com\/portal\/#organization"},"image":{"@id":"https:\/\/webdelmaestrocmf.com\/portal\/estas-son-las-seis-emociones-universales-asco-miedo-sorpresa-alegria-ira-y-tristeza\/#primaryimage"},"thumbnailUrl":"https:\/\/webdelmaestrocmf.com\/portal\/wp-content\/uploads\/2022\/07\/1-8.jpg","keywords":["alegr\u00eda","asco","EMOCIONES","ira","MIEDO","Seis","sorpresa","tristeza","universales"],"articleSection":["Emociones","Recursos"],"inLanguage":"es","potentialAction":[{"@type":"CommentAction","name":"Comment","target":["https:\/\/webdelmaestrocmf.com\/portal\/estas-son-las-seis-emociones-universales-asco-miedo-sorpresa-alegria-ira-y-tristeza\/#respond"]}]},{"@type":"WebPage","@id":"https:\/\/webdelmaestrocmf.com\/portal\/estas-son-las-seis-emociones-universales-asco-miedo-sorpresa-alegria-ira-y-tristeza\/","url":"https:\/\/webdelmaestrocmf.com\/portal\/estas-son-las-seis-emociones-universales-asco-miedo-sorpresa-alegria-ira-y-tristeza\/","name":"Estas son las seis emociones universales: asco, miedo, sorpresa, alegr\u00eda, ira y tristeza - 2026","isPartOf":{"@id":"https:\/\/webdelmaestrocmf.com\/portal\/#website"},"primaryImageOfPage":{"@id":"https:\/\/webdelmaestrocmf.com\/portal\/estas-son-las-seis-emociones-universales-asco-miedo-sorpresa-alegria-ira-y-tristeza\/#primaryimage"},"image":{"@id":"https:\/\/webdelmaestrocmf.com\/portal\/estas-son-las-seis-emociones-universales-asco-miedo-sorpresa-alegria-ira-y-tristeza\/#primaryimage"},"thumbnailUrl":"https:\/\/webdelmaestrocmf.com\/portal\/wp-content\/uploads\/2022\/07\/1-8.jpg","datePublished":"2022-07-07T22:19:56+00:00","dateModified":"2022-07-08T14:16:52+00:00","description":"Es por eso que muchas empresas desarrollan sus contenidos en base a alguna emoci\u00f3n con la que buscan conectarse con las personas para...","breadcrumb":{"@id":"https:\/\/webdelmaestrocmf.com\/portal\/estas-son-las-seis-emociones-universales-asco-miedo-sorpresa-alegria-ira-y-tristeza\/#breadcrumb"},"inLanguage":"es","potentialAction":[{"@type":"ReadAction","target":["https:\/\/webdelmaestrocmf.com\/portal\/estas-son-las-seis-emociones-universales-asco-miedo-sorpresa-alegria-ira-y-tristeza\/"]}]},{"@type":"ImageObject","inLanguage":"es","@id":"https:\/\/webdelmaestrocmf.com\/portal\/estas-son-las-seis-emociones-universales-asco-miedo-sorpresa-alegria-ira-y-tristeza\/#primaryimage","url":"https:\/\/webdelmaestrocmf.com\/portal\/wp-content\/uploads\/2022\/07\/1-8.jpg","contentUrl":"https:\/\/webdelmaestrocmf.com\/portal\/wp-content\/uploads\/2022\/07\/1-8.jpg","width":900,"height":556},{"@type":"BreadcrumbList","@id":"https:\/\/webdelmaestrocmf.com\/portal\/estas-son-las-seis-emociones-universales-asco-miedo-sorpresa-alegria-ira-y-tristeza\/#breadcrumb","itemListElement":[{"@type":"ListItem","position":1,"name":"Portada","item":"https:\/\/webdelmaestrocmf.com\/portal\/"},{"@type":"ListItem","position":2,"name":"Recursos","item":"https:\/\/webdelmaestrocmf.com\/portal\/category\/pedagogia\/"},{"@type":"ListItem","position":3,"name":"Estas son las seis emociones universales: asco, miedo, sorpresa, alegr\u00eda, ira y tristeza"}]},{"@type":"WebSite","@id":"https:\/\/webdelmaestrocmf.com\/portal\/#website","url":"https:\/\/webdelmaestrocmf.com\/portal\/","name":"Web del Maestro CMF","description":"Maestros al servicio de la educaci\u00f3n","publisher":{"@id":"https:\/\/webdelmaestrocmf.com\/portal\/#organization"},"alternateName":"WMCMF","potentialAction":[{"@type":"SearchAction","target":{"@type":"EntryPoint","urlTemplate":"https:\/\/webdelmaestrocmf.com\/portal\/?s={search_term_string}"},"query-input":{"@type":"PropertyValueSpecification","valueRequired":true,"valueName":"search_term_string"}}],"inLanguage":"es"},{"@type":"Organization","@id":"https:\/\/webdelmaestrocmf.com\/portal\/#organization","name":"Web del Maestro CMF","alternateName":"WMCMF","url":"https:\/\/webdelmaestrocmf.com\/portal\/","logo":{"@type":"ImageObject","inLanguage":"es","@id":"https:\/\/webdelmaestrocmf.com\/portal\/#\/schema\/logo\/image\/","url":"https:\/\/webdelmaestrocmf.com\/portal\/wp-content\/uploads\/2023\/01\/logo-wmcmf-2.png","contentUrl":"https:\/\/webdelmaestrocmf.com\/portal\/wp-content\/uploads\/2023\/01\/logo-wmcmf-2.png","width":200,"height":60,"caption":"Web del Maestro CMF"},"image":{"@id":"https:\/\/webdelmaestrocmf.com\/portal\/#\/schema\/logo\/image\/"},"sameAs":["https:\/\/www.facebook.com\/WebdelMaestroCMF\/","https:\/\/x.com\/cmf_w","https:\/\/www.pinterest.com\/WMCMF\/","https:\/\/www.linkedin.com\/company\/web-del-maestro-cmf\/","https:\/\/www.instagram.com\/wmcmf\/","https:\/\/www.youtube.com\/channel\/UCDPSvjbdodE5sHnC3OxutHw","https:\/\/mastodon.social\/@wmcmf","https:\/\/www.tiktok.com\/@webdelmaestrocmf"]},{"@type":"Person","@id":"https:\/\/webdelmaestrocmf.com\/portal\/#\/schema\/person\/1072a2ed7bd960df8ef99a551fa35dc5","name":"Web del Maestro CMF","image":{"@type":"ImageObject","inLanguage":"es","@id":"https:\/\/secure.gravatar.com\/avatar\/23291dd5b5ae1077dcff3dbb04c3e02bd28403fa75af6d8787d5e97c5bbbe30b?s=96&d=mm&r=g","url":"https:\/\/secure.gravatar.com\/avatar\/23291dd5b5ae1077dcff3dbb04c3e02bd28403fa75af6d8787d5e97c5bbbe30b?s=96&d=mm&r=g","contentUrl":"https:\/\/secure.gravatar.com\/avatar\/23291dd5b5ae1077dcff3dbb04c3e02bd28403fa75af6d8787d5e97c5bbbe30b?s=96&d=mm&r=g","caption":"Web del Maestro CMF"},"description":"Esta Web se cre\u00f3 sin fines de lucro, con fines educativos, cient\u00edficos y acad\u00e9micos, para personas que tengan dificultades y\/o inconvenientes en visualizar el material original. El objetivo es entregar recursos, compartir experiencias y materiales que ayuden a los padres de familia, maestros y estudiantes en su actualizaci\u00f3n y formaci\u00f3n permanente, en bien de la Educaci\u00f3n.","sameAs":["http:\/\/webdelmaestrocmf.com\/portal","https:\/\/www.facebook.com\/WebdelMaestroCMF\/","https:\/\/www.instagram.com\/wmcmf\/","https:\/\/cl.linkedin.com\/company\/web-del-maestro-cmf","https:\/\/www.pinterest.com\/WMCMF\/publicaciones\/","https:\/\/x.com\/cmf_w","https:\/\/www.youtube.com\/@WMCMF"]}]}},"jetpack_featured_media_url":"https:\/\/webdelmaestrocmf.com\/portal\/wp-content\/uploads\/2022\/07\/1-8.jpg","jetpack_sharing_enabled":true,"jetpack-related-posts":[{"id":72182,"url":"https:\/\/webdelmaestrocmf.com\/portal\/mi-diario-de-las-emociones\/","url_meta":{"origin":78231,"position":0},"title":"Mi Diario de las Emociones","author":"Web del Maestro CMF","date":"20 diciembre, 2021","format":false,"excerpt":"Les presentamos unas maravillosas fichas educativas para trabajar la educaci\u00f3n socioemocional con los ni\u00f1os.\u00a0Las actividades educativas de inteligencia emocional\u00a0ayuda a los peque\u00f1os a comprender, interpretar y asimilar cada una de sus propias emociones. Investigaciones neurol\u00f3gicas recientes han evidenciado que las emociones juegan un papel crucial en nuestras vidas, y que\u2026","rel":"","context":"En \u00abEmociones\u00bb","block_context":{"text":"Emociones","link":"https:\/\/webdelmaestrocmf.com\/portal\/category\/pedagogia\/emociones\/"},"img":{"alt_text":"","src":"https:\/\/i0.wp.com\/webdelmaestrocmf.com\/portal\/wp-content\/uploads\/2021\/12\/1-30.jpg?resize=350%2C200&ssl=1","width":350,"height":200,"srcset":"https:\/\/i0.wp.com\/webdelmaestrocmf.com\/portal\/wp-content\/uploads\/2021\/12\/1-30.jpg?resize=350%2C200&ssl=1 1x, https:\/\/i0.wp.com\/webdelmaestrocmf.com\/portal\/wp-content\/uploads\/2021\/12\/1-30.jpg?resize=525%2C300&ssl=1 1.5x, https:\/\/i0.wp.com\/webdelmaestrocmf.com\/portal\/wp-content\/uploads\/2021\/12\/1-30.jpg?resize=700%2C400&ssl=1 2x, https:\/\/i0.wp.com\/webdelmaestrocmf.com\/portal\/wp-content\/uploads\/2021\/12\/1-30.jpg?resize=1050%2C600&ssl=1 3x"},"classes":[]},{"id":73932,"url":"https:\/\/webdelmaestrocmf.com\/portal\/que-es-y-como-funciona-la-rueda-de-las-emociones\/","url_meta":{"origin":78231,"position":1},"title":"Qu\u00e9 es y c\u00f3mo funciona la Rueda de las Emociones | Incluye ficha de actividad","author":"Web del Maestro CMF","date":"24 mayo, 2024","format":false,"excerpt":"No cabe duda que el d\u00eda a d\u00eda es como la rueda de las emociones, a diario las experimentamos, pero no siempre las comprendemos. En los \u00faltimos a\u00f1os, los cient\u00edficos parecen haber dejado atr\u00e1s el\u00a0culto a la inteligencia intelectual, para estudiar las emociones con especial inter\u00e9s. Y es que, anteriormente,\u2026","rel":"","context":"En \u00abEmociones\u00bb","block_context":{"text":"Emociones","link":"https:\/\/webdelmaestrocmf.com\/portal\/category\/pedagogia\/emociones\/"},"img":{"alt_text":"","src":"https:\/\/i0.wp.com\/webdelmaestrocmf.com\/portal\/wp-content\/uploads\/2022\/02\/Banner-1-portada-imagen-10-1-2024-05-24T013147.861.jpg?resize=350%2C200&ssl=1","width":350,"height":200,"srcset":"https:\/\/i0.wp.com\/webdelmaestrocmf.com\/portal\/wp-content\/uploads\/2022\/02\/Banner-1-portada-imagen-10-1-2024-05-24T013147.861.jpg?resize=350%2C200&ssl=1 1x, https:\/\/i0.wp.com\/webdelmaestrocmf.com\/portal\/wp-content\/uploads\/2022\/02\/Banner-1-portada-imagen-10-1-2024-05-24T013147.861.jpg?resize=525%2C300&ssl=1 1.5x, https:\/\/i0.wp.com\/webdelmaestrocmf.com\/portal\/wp-content\/uploads\/2022\/02\/Banner-1-portada-imagen-10-1-2024-05-24T013147.861.jpg?resize=700%2C400&ssl=1 2x"},"classes":[]},{"id":47162,"url":"https:\/\/webdelmaestrocmf.com\/portal\/tabla-periodica-de-lasemociones-gran-formato\/","url_meta":{"origin":78231,"position":2},"title":"Tabla peri\u00f3dica de las emociones","author":"Web del Maestro CMF","date":"13 noviembre, 2024","format":false,"excerpt":"\u201cViviendo emociones\u201d\u00a0es una\u00a0gu\u00eda b\u00e1sica\u00a0para desenvolverse en el apasionante mundo de las emociones. Parte de una premisa clara;\u00a0las emociones son energ\u00eda humana,\u00a0por tanto, ni se crean ni se destruyen; solo se transforman. La gu\u00eda se compone del \u201cManifiesto de las emociones\u201d,\u00a0un documento que proporciona unas pinceladas clave para usar la emoci\u00f3n\u2026","rel":"","context":"En \u00abInteligencia Emocional\u00bb","block_context":{"text":"Inteligencia Emocional","link":"https:\/\/webdelmaestrocmf.com\/portal\/category\/pedagogia\/inteligencia-emocional-educacion-y-familia\/"},"img":{"alt_text":"","src":"https:\/\/i0.wp.com\/webdelmaestrocmf.com\/portal\/wp-content\/uploads\/2020\/05\/Banner-1-portada-imagen-10-1-5.jpg?resize=350%2C200&ssl=1","width":350,"height":200,"srcset":"https:\/\/i0.wp.com\/webdelmaestrocmf.com\/portal\/wp-content\/uploads\/2020\/05\/Banner-1-portada-imagen-10-1-5.jpg?resize=350%2C200&ssl=1 1x, https:\/\/i0.wp.com\/webdelmaestrocmf.com\/portal\/wp-content\/uploads\/2020\/05\/Banner-1-portada-imagen-10-1-5.jpg?resize=525%2C300&ssl=1 1.5x, https:\/\/i0.wp.com\/webdelmaestrocmf.com\/portal\/wp-content\/uploads\/2020\/05\/Banner-1-portada-imagen-10-1-5.jpg?resize=700%2C400&ssl=1 2x"},"classes":[]},{"id":38057,"url":"https:\/\/webdelmaestrocmf.com\/portal\/tabla-periodica-de-las-emociones-gran-formato\/","url_meta":{"origin":78231,"position":3},"title":"Tabla peri\u00f3dica de las emociones en gran formato","author":"Web del Maestro CMF","date":"25 octubre, 2024","format":false,"excerpt":"\u201cViviendo emociones\u201d\u00a0es una\u00a0gu\u00eda b\u00e1sica\u00a0para desenvolverse en el apasionante mundo de las emociones. Parte de una premisa clara;\u00a0las emociones son energ\u00eda humana, por tanto, ni se crean ni se destruyen; solo se transforman.\u00a0La gu\u00eda se compone del \u201cManifiesto de las emociones\u201d,\u00a0un documento que proporciona unas pinceladas clave para usar la emoci\u00f3n\u2026","rel":"","context":"En \u00abEmociones\u00bb","block_context":{"text":"Emociones","link":"https:\/\/webdelmaestrocmf.com\/portal\/category\/pedagogia\/emociones\/"},"img":{"alt_text":"","src":"https:\/\/i0.wp.com\/webdelmaestrocmf.com\/portal\/wp-content\/uploads\/2020\/07\/Banner-1-portada-imagen-10-1-4-1.jpg?resize=350%2C200&ssl=1","width":350,"height":200,"srcset":"https:\/\/i0.wp.com\/webdelmaestrocmf.com\/portal\/wp-content\/uploads\/2020\/07\/Banner-1-portada-imagen-10-1-4-1.jpg?resize=350%2C200&ssl=1 1x, https:\/\/i0.wp.com\/webdelmaestrocmf.com\/portal\/wp-content\/uploads\/2020\/07\/Banner-1-portada-imagen-10-1-4-1.jpg?resize=525%2C300&ssl=1 1.5x, https:\/\/i0.wp.com\/webdelmaestrocmf.com\/portal\/wp-content\/uploads\/2020\/07\/Banner-1-portada-imagen-10-1-4-1.jpg?resize=700%2C400&ssl=1 2x"},"classes":[]},{"id":32615,"url":"https:\/\/webdelmaestrocmf.com\/portal\/proyecto-educativo-para-que-los-estudiantes-regulen-sus-emociones\/","url_meta":{"origin":78231,"position":4},"title":"Proyecto Educativo para que los estudiantes regulen sus emociones","author":"Web del Maestro CMF","date":"30 octubre, 2018","format":false,"excerpt":"El presente trabajo \"Aprendiendo a Sentir: Proyecto sobre las emociones\" que compartimos con fines educativos fue elaborado por la profesora Rosa Ortega-Villaiz\u00e1n Abad y publicado en la plataforma de la\u00a0Universidad Internacional de La Rioja Facultad de Educaci\u00f3n. El siguiente proyecto educativo se revisaron los principales modelos te\u00f3ricos sobre la Educaci\u00f3n\u2026","rel":"","context":"En \u00abDescargas Manuales PDF\u00bb","block_context":{"text":"Descargas Manuales PDF","link":"https:\/\/webdelmaestrocmf.com\/portal\/category\/pedagogia\/descargas-manuales-pdf\/"},"img":{"alt_text":"","src":"https:\/\/i0.wp.com\/webdelmaestrocmf.com\/portal\/wp-content\/uploads\/2019\/11\/1-39.jpg?resize=350%2C200&ssl=1","width":350,"height":200,"srcset":"https:\/\/i0.wp.com\/webdelmaestrocmf.com\/portal\/wp-content\/uploads\/2019\/11\/1-39.jpg?resize=350%2C200&ssl=1 1x, https:\/\/i0.wp.com\/webdelmaestrocmf.com\/portal\/wp-content\/uploads\/2019\/11\/1-39.jpg?resize=525%2C300&ssl=1 1.5x, https:\/\/i0.wp.com\/webdelmaestrocmf.com\/portal\/wp-content\/uploads\/2019\/11\/1-39.jpg?resize=700%2C400&ssl=1 2x, https:\/\/i0.wp.com\/webdelmaestrocmf.com\/portal\/wp-content\/uploads\/2019\/11\/1-39.jpg?resize=1050%2C600&ssl=1 3x"},"classes":[]},{"id":74406,"url":"https:\/\/webdelmaestrocmf.com\/portal\/trabaja-y-potencia-las-emociones-en-el-aula-con-las-siguientes-peliculas-porque-con-una-buena-base-emocional-el-aprendizaje-esta-garantizado\/","url_meta":{"origin":78231,"position":5},"title":"\u00a1Trabaja y potencia las emociones en el aula con las siguientes pel\u00edculas, porque con una buena base emocional, el aprendizaje est\u00e1 garantizado!","author":"Web del Maestro CMF","date":"17 febrero, 2022","format":false,"excerpt":"Gracias a diversos autores y\u00a0estudios cient\u00edficos, se ha demostrado que\u00a0la inteligencia emocional es muy importante para el desarrollo integral de los ni\u00f1os.\u00a0Por ello, en los \u00faltimos a\u00f1os, se ha puesto de manifiesto la necesidad de ense\u00f1ar a identificar las emociones, a analizarlas, a gestionarlas, etc., para mejorar, no solo el\u2026","rel":"","context":"En \u00abPel\u00edculas\u00bb","block_context":{"text":"Pel\u00edculas","link":"https:\/\/webdelmaestrocmf.com\/portal\/category\/pedagogia\/peliculas\/"},"img":{"alt_text":"","src":"https:\/\/i0.wp.com\/webdelmaestrocmf.com\/portal\/wp-content\/uploads\/2022\/02\/1ab-5.jpg?resize=350%2C200&ssl=1","width":350,"height":200,"srcset":"https:\/\/i0.wp.com\/webdelmaestrocmf.com\/portal\/wp-content\/uploads\/2022\/02\/1ab-5.jpg?resize=350%2C200&ssl=1 1x, https:\/\/i0.wp.com\/webdelmaestrocmf.com\/portal\/wp-content\/uploads\/2022\/02\/1ab-5.jpg?resize=525%2C300&ssl=1 1.5x, https:\/\/i0.wp.com\/webdelmaestrocmf.com\/portal\/wp-content\/uploads\/2022\/02\/1ab-5.jpg?resize=700%2C400&ssl=1 2x, https:\/\/i0.wp.com\/webdelmaestrocmf.com\/portal\/wp-content\/uploads\/2022\/02\/1ab-5.jpg?resize=1050%2C600&ssl=1 3x"},"classes":[]}],"_links":{"self":[{"href":"https:\/\/webdelmaestrocmf.com\/portal\/wp-json\/wp\/v2\/posts\/78231","targetHints":{"allow":["GET"]}}],"collection":[{"href":"https:\/\/webdelmaestrocmf.com\/portal\/wp-json\/wp\/v2\/posts"}],"about":[{"href":"https:\/\/webdelmaestrocmf.com\/portal\/wp-json\/wp\/v2\/types\/post"}],"author":[{"embeddable":true,"href":"https:\/\/webdelmaestrocmf.com\/portal\/wp-json\/wp\/v2\/users\/1"}],"replies":[{"embeddable":true,"href":"https:\/\/webdelmaestrocmf.com\/portal\/wp-json\/wp\/v2\/comments?post=78231"}],"version-history":[{"count":0,"href":"https:\/\/webdelmaestrocmf.com\/portal\/wp-json\/wp\/v2\/posts\/78231\/revisions"}],"wp:featuredmedia":[{"embeddable":true,"href":"https:\/\/webdelmaestrocmf.com\/portal\/wp-json\/wp\/v2\/media\/78234"}],"wp:attachment":[{"href":"https:\/\/webdelmaestrocmf.com\/portal\/wp-json\/wp\/v2\/media?parent=78231"}],"wp:term":[{"taxonomy":"category","embeddable":true,"href":"https:\/\/webdelmaestrocmf.com\/portal\/wp-json\/wp\/v2\/categories?post=78231"},{"taxonomy":"post_tag","embeddable":true,"href":"https:\/\/webdelmaestrocmf.com\/portal\/wp-json\/wp\/v2\/tags?post=78231"}],"curies":[{"name":"wp","href":"https:\/\/api.w.org\/{rel}","templated":true}]}}