{"id":78074,"date":"2025-04-11T18:40:41","date_gmt":"2025-04-11T22:40:41","guid":{"rendered":"https:\/\/webdelmaestrocmf.com\/portal\/?p=78074"},"modified":"2025-09-26T16:25:16","modified_gmt":"2025-09-26T19:25:16","slug":"historia-de-la-educacion-y-la-pedagogia","status":"publish","type":"post","link":"https:\/\/webdelmaestrocmf.com\/portal\/historia-de-la-educacion-y-la-pedagogia\/","title":{"rendered":"Historia de la Educaci\u00f3n y la Pedagog\u00eda: Libro para docentes y estudiantes de pedagog\u00eda"},"content":{"rendered":"\n<p>Lorenzo Luzuriaga, la pedagog\u00eda es la&nbsp;ciencia&nbsp;de la educaci\u00f3n, una ciencia aut\u00f3noma, dentro de las ciencias del esp\u00edritu, que tiene una parte art\u00edstica, una parte t\u00e9cnica, una parte te\u00f3rica y una parte filos\u00f3fica y que estudia la educaci\u00f3n desde el punto de vista descriptivo.<\/p>\n\n\n\n<!--more-->\n\n\n\n<p>Lorenzo Luzuriaga Medina (1889-1959) fue un maestro y pedagogo espa\u00f1ol, tambi\u00e9n tom\u00f3 partido dentro de la pol\u00edtica a favor de la educaci\u00f3n. Adem\u00e1s, fue uno de los principales activistas para la instauraci\u00f3n en Espa\u00f1a del movimiento Escuela Nueva que estuvo en contra de la ense\u00f1anza tradicional.<\/p>\n\n\n\n<p>Luzuriaga desarroll\u00f3 su obra enfocada en el avance de la educaci\u00f3n en su pa\u00eds, y en la lucha por lograr establecer una innovaci\u00f3n y renovaci\u00f3n en el sistema educativo. Uno de sus trabajos m\u00e1s destacados fue La escuela unificada, el cual pretendi\u00f3 acoplar a una sociedad tal vez dividida.<\/p>\n\n\n\n<div style=\"width: 100%;\">\n<div style=\"position: relative; padding-bottom: 56.25%; padding-top: 0; height: 0;\"><iframe loading=\"lazy\" style=\"position: absolute; top: 0; left: 0; width: 100%; height: 100%;\" title=\"LINEA DEL TIEMPO DE LA PEDAGOGIA\" src=\"https:\/\/view.genially.com\/628f93d59c3fae0018d914b8\" width=\"1200px\" height=\"675px\" frameborder=\"0\" scrolling=\"yes\" allowfullscreen=\"allowfullscreen\"><\/iframe><\/div>\n<\/div>\n\n\n\n<p>Una buena parte de la obra literaria, pedag\u00f3gica e intelectual de Lorenzo Luzuriaga se dio en el exilio. Eso se debi\u00f3 a que, como muchos intelectuales espa\u00f1oles, se sinti\u00f3 amenazado tras el estallido de la Guerra Civil en 1936, de esos a\u00f1os fue su t\u00edtulo Historia de la educaci\u00f3n p\u00fablica.<\/p>\n\n\n\n<iframe loading=\"lazy\" src=\"https:\/\/drive.google.com\/file\/d\/1i2zhPGCAPVL4dhTF9n-CBtEcmrnrh16u\/preview\" width=\"100%\" height=\"480\" allow=\"autoplay\"><\/iframe>\n\n\n\n<p class=\"has-text-align-center\">Recomendamos a la Comunidad Educativa Digital tener en cuenta que, el enlace y\/o la carpeta en donde est\u00e1n alojados los libros, recursos y\/o materiales, no es administrado por la Web del Maestro CMF, pueda ser que en cuesti\u00f3n de d\u00edas (o seg\u00fan el tiempo transcurrido desde su publicaci\u00f3n), los enlaces no funcionen y el material ya no se encuentre disponible. Gracias por su comprensi\u00f3n.<\/p>\n\n\n\n<h3 class=\"wp-block-heading\">ENLACE DE LECTURA:<\/h3>\n\n\n\n<p class=\"has-text-align-center\">\u00a1Comparte y as\u00ed m\u00e1s docentes utilizar\u00e1n estos recursos&nbsp;gratis! Muchas gracias.<\/p>\n\n\n\n<p class=\"has-text-align-center\"><a href=\"https:\/\/drive.google.com\/file\/d\/1i2zhPGCAPVL4dhTF9n-CBtEcmrnrh16u\/view?fbclid=IwAR0zaZ6U8DPOZKxSveg-1K8m_gtw1uyTSSl8Fs2pLkvO48-ovpaBHYA_fa0\" target=\"_blank\" rel=\"noopener\">HISTORIA DE LA EDUCACI\u00d3N Y LA PEDAGOG\u00cdA<\/a><\/p>\n\n\n\t\t<div class=\"pk-inline-posts\">\n\t\t\t\n\t\t\t<div class=\"pk-inline-posts-container pk-inline-posts-template-list\"\n\t\t\t\tdata-columns=\"1\">\n\t\t\t\t\t\t<article id=\"post-118051\" class=\"post-118051 post type-post status-publish format-standard has-post-thumbnail category-lectoescritura category-leer category-libros category-pedagogia tag-aula tag-comprension-lectora tag-creatividad tag-dia-del-libro tag-docentes tag-fichas-educativas tag-lectura tag-manualidades tag-material-didactico tag-recursos-educativos cs-entry cs-video-wrap\">\n\t\t\t<div class=\"pk-post-outer\">\n\n\t\t\t\t\t\t\t\t<div class=\"pk-post-inner\">\n\t\t\t\t\t<div class=\"entry-thumbnail\">\n\t\t\t\t\t\t<div class=\"pk-overlay pk-overlay-ratio pk-ratio-landscape\">\n\t\t\t\t\t\t\t<div class=\"pk-overlay-background\">\n\t\t\t\t\t\t\t\t<a href=\"https:\/\/webdelmaestrocmf.com\/portal\/dia-del-libro-23-de-abril-descarga-las-actividades-recursos-fichas-manualidades-y-materiales-motivadores-para-transformar-la-lectura-en-el-aula\/\" class=\"pk-overlay-link\">\n\t\t\t\t\t\t\t\t\t<img loading=\"lazy\" decoding=\"async\" width=\"300\" height=\"225\" src=\"https:\/\/webdelmaestrocmf.com\/portal\/wp-content\/uploads\/2026\/04\/1AA-Banner-1-portada-imagen-10-1-copia-23-300x225.webp\" class=\"attachment-pk-thumbnail size-pk-thumbnail wp-post-image\" alt=\"\" \/>\t\t\t\t\t\t\t\t<\/a>\n\t\t\t\t\t\t\t<\/div>\n\t\t\t\t\t\t<\/div>\n\t\t\t\t\t<\/div>\n\t\t\t\t<\/div>\n\t\t\t\t\n\t\t\t\t<div class=\"pk-post-inner\">\n\t\t\t\t\t<header>\n\t\t\t\t\t\t<h3 class=\"pk-title\"><a href=\"https:\/\/webdelmaestrocmf.com\/portal\/dia-del-libro-23-de-abril-descarga-las-actividades-recursos-fichas-manualidades-y-materiales-motivadores-para-transformar-la-lectura-en-el-aula\/\" rel=\"bookmark\">D\u00eda del Libro (23 de abril): Descarga las actividades, recursos, fichas, manualidades, materiales y pulseras motivadores para transformar la lectura en el aula<\/a><\/h3>\t\t\t\t\t<\/header><!-- .entry-header -->\n\t\t\t\t<\/div><!-- .post-inner -->\n\n\t\t\t<\/div><!-- .post-outer -->\n\t\t<\/article>\n\t\t\t<article id=\"post-118127\" class=\"post-118127 post type-post status-publish format-standard has-post-thumbnail category-descarga category-libros category-pedagogia tag-aula tag-docentes tag-educacion-2 tag-evaluacion-2 tag-formacion-docente tag-innovacion-2 tag-inteligencia-artificial tag-planificacion-3 tag-recursos-educativos tag-tecnologia-educativa-2 cs-entry cs-video-wrap\">\n\t\t\t<div class=\"pk-post-outer\">\n\n\t\t\t\t\t\t\t\t<div class=\"pk-post-inner\">\n\t\t\t\t\t<div class=\"entry-thumbnail\">\n\t\t\t\t\t\t<div class=\"pk-overlay pk-overlay-ratio pk-ratio-landscape\">\n\t\t\t\t\t\t\t<div class=\"pk-overlay-background\">\n\t\t\t\t\t\t\t\t<a href=\"https:\/\/webdelmaestrocmf.com\/portal\/guia-completa-de-claude-que-es-esta-guia-y-por-que-es-relevante-para-los-docentes\/\" class=\"pk-overlay-link\">\n\t\t\t\t\t\t\t\t\t<img loading=\"lazy\" decoding=\"async\" width=\"300\" height=\"225\" src=\"https:\/\/webdelmaestrocmf.com\/portal\/wp-content\/uploads\/2026\/04\/1AA-Banner-1-portada-imagen-10-1-copia-32-300x225.webp\" class=\"attachment-pk-thumbnail size-pk-thumbnail wp-post-image\" alt=\"\" \/>\t\t\t\t\t\t\t\t<\/a>\n\t\t\t\t\t\t\t<\/div>\n\t\t\t\t\t\t<\/div>\n\t\t\t\t\t<\/div>\n\t\t\t\t<\/div>\n\t\t\t\t\n\t\t\t\t<div class=\"pk-post-inner\">\n\t\t\t\t\t<header>\n\t\t\t\t\t\t<h3 class=\"pk-title\"><a href=\"https:\/\/webdelmaestrocmf.com\/portal\/guia-completa-de-claude-que-es-esta-guia-y-por-que-es-relevante-para-los-docentes\/\" rel=\"bookmark\">Descarga la gu\u00eda completa de Claude en PDF: \u00bfQu\u00e9 es esta gu\u00eda y por qu\u00e9 es relevante para los docentes?<\/a><\/h3>\t\t\t\t\t<\/header><!-- .entry-header -->\n\t\t\t\t<\/div><!-- .post-inner -->\n\n\t\t\t<\/div><!-- .post-outer -->\n\t\t<\/article>\n\t\t\t<article id=\"post-98052\" class=\"post-98052 post type-post status-publish format-standard has-post-thumbnail category-educacion-emocional category-libros category-pedagogia tag-aula tag-beneficios-de-la-educacion-emocional tag-como-ensenar-educacion-emocional tag-educacion-emocional tag-educacion-emocional-en-el-aula tag-educacion-emocional-en-primaria tag-secundaria cs-entry cs-video-wrap\">\n\t\t\t<div class=\"pk-post-outer\">\n\n\t\t\t\t\t\t\t\t<div class=\"pk-post-inner\">\n\t\t\t\t\t<div class=\"entry-thumbnail\">\n\t\t\t\t\t\t<div class=\"pk-overlay pk-overlay-ratio pk-ratio-landscape\">\n\t\t\t\t\t\t\t<div class=\"pk-overlay-background\">\n\t\t\t\t\t\t\t\t<a href=\"https:\/\/webdelmaestrocmf.com\/portal\/educacion-emocional-por-que-es-importante-y-como-implementarla-en-primaria-y-secundaria\/\" class=\"pk-overlay-link\">\n\t\t\t\t\t\t\t\t\t<img loading=\"lazy\" decoding=\"async\" width=\"300\" height=\"225\" src=\"https:\/\/webdelmaestrocmf.com\/portal\/wp-content\/uploads\/2026\/03\/1AA-Banner-1-portada-imagen-10-1-copia-1-6-300x225.webp\" class=\"attachment-pk-thumbnail size-pk-thumbnail wp-post-image\" alt=\"\" \/>\t\t\t\t\t\t\t\t<\/a>\n\t\t\t\t\t\t\t<\/div>\n\t\t\t\t\t\t<\/div>\n\t\t\t\t\t<\/div>\n\t\t\t\t<\/div>\n\t\t\t\t\n\t\t\t\t<div class=\"pk-post-inner\">\n\t\t\t\t\t<header>\n\t\t\t\t\t\t<h3 class=\"pk-title\"><a href=\"https:\/\/webdelmaestrocmf.com\/portal\/educacion-emocional-por-que-es-importante-y-como-implementarla-en-primaria-y-secundaria\/\" rel=\"bookmark\">Educaci\u00f3n emocional: descarga el cuaderno de regulaci\u00f3n emocional para primaria, herramientas pr\u00e1cticas para secundaria y una gu\u00eda completa para el docente<\/a><\/h3>\t\t\t\t\t<\/header><!-- .entry-header -->\n\t\t\t\t<\/div><!-- .post-inner -->\n\n\t\t\t<\/div><!-- .post-outer -->\n\t\t<\/article>\n\t\t\t\t<\/div>\n\t\t<\/div>\n\t\t\n","protected":false},"excerpt":{"rendered":"Lorenzo Luzuriaga, la pedagog\u00eda es la&nbsp;ciencia&nbsp;de la educaci\u00f3n, una ciencia aut\u00f3noma, dentro de las ciencias del esp\u00edritu, que&hellip;","protected":false},"author":1,"featured_media":108734,"comment_status":"open","ping_status":"closed","sticky":false,"template":"","format":"standard","meta":{"csco_display_header_overlay":false,"csco_singular_sidebar":"default","csco_page_header_type":"default","csco_page_load_nextpost":"default","csco_post_video_location":[],"csco_post_video_location_hash":"","csco_post_video_url":"","csco_post_video_bg_start_time":0,"csco_post_video_bg_end_time":0,"csco_post_video_bg_volume":false,"_jetpack_memberships_contains_paid_content":false,"footnotes":""},"categories":[504,735],"tags":[55,1759,1589],"class_list":{"0":"post-78074","1":"post","2":"type-post","3":"status-publish","4":"format-standard","5":"has-post-thumbnail","7":"category-libros","8":"category-pedagogia","9":"tag-educacion","10":"tag-historia","11":"tag-pedagogia","12":"cs-entry","13":"cs-video-wrap"},"yoast_head":"<!-- This site is optimized with the Yoast SEO plugin v27.5 - https:\/\/yoast.com\/product\/yoast-seo-wordpress\/ -->\n<title>Historia de la Educaci\u00f3n y la Pedagog\u00eda: Libro para docentes y estudiantes de pedagog\u00eda - 2026<\/title>\n<meta name=\"description\" content=\"Lorenzo Luzuriaga, la pedagog\u00eda es la\u00a0ciencia\u00a0de la educaci\u00f3n, una ciencia aut\u00f3noma, dentro de las ciencias del esp\u00edritu, que tiene una...\" \/>\n<meta name=\"robots\" content=\"index, follow, max-snippet:-1, max-image-preview:large, max-video-preview:-1\" \/>\n<link rel=\"canonical\" href=\"https:\/\/webdelmaestrocmf.com\/portal\/historia-de-la-educacion-y-la-pedagogia\/\" \/>\n<meta property=\"og:locale\" content=\"es_ES\" \/>\n<meta property=\"og:type\" content=\"article\" \/>\n<meta property=\"og:title\" content=\"Historia de la Educaci\u00f3n y la Pedagog\u00eda: Libro para docentes y estudiantes de pedagog\u00eda - 2026\" \/>\n<meta property=\"og:description\" content=\"Lorenzo Luzuriaga, la pedagog\u00eda es la\u00a0ciencia\u00a0de la educaci\u00f3n, una ciencia aut\u00f3noma, dentro de las ciencias del esp\u00edritu, que tiene una...\" \/>\n<meta property=\"og:url\" content=\"https:\/\/webdelmaestrocmf.com\/portal\/historia-de-la-educacion-y-la-pedagogia\/\" \/>\n<meta property=\"og:site_name\" content=\"Web del Maestro CMF\" \/>\n<meta property=\"article:publisher\" content=\"https:\/\/www.facebook.com\/WebdelMaestroCMF\/\" \/>\n<meta property=\"article:author\" content=\"https:\/\/www.facebook.com\/WebdelMaestroCMF\/\" \/>\n<meta property=\"article:published_time\" content=\"2025-04-11T22:40:41+00:00\" \/>\n<meta property=\"article:modified_time\" content=\"2025-09-26T19:25:16+00:00\" \/>\n<meta property=\"og:image\" content=\"https:\/\/webdelmaestrocmf.com\/portal\/wp-content\/uploads\/2022\/12\/1A-Banner-1-portada-imagen-10-1-54.jpg\" \/>\n\t<meta property=\"og:image:width\" content=\"1024\" \/>\n\t<meta property=\"og:image:height\" content=\"1024\" \/>\n\t<meta property=\"og:image:type\" content=\"image\/jpeg\" \/>\n<meta name=\"author\" content=\"Web del Maestro CMF\" \/>\n<meta name=\"twitter:card\" content=\"summary_large_image\" \/>\n<meta name=\"twitter:creator\" content=\"@cmf_w\" \/>\n<meta name=\"twitter:site\" content=\"@cmf_w\" \/>\n<script type=\"application\/ld+json\" class=\"yoast-schema-graph\">{\"@context\":\"https:\\\/\\\/schema.org\",\"@graph\":[{\"@type\":\"ScholarlyArticle\",\"@id\":\"https:\\\/\\\/webdelmaestrocmf.com\\\/portal\\\/historia-de-la-educacion-y-la-pedagogia\\\/#article\",\"isPartOf\":{\"@id\":\"https:\\\/\\\/webdelmaestrocmf.com\\\/portal\\\/historia-de-la-educacion-y-la-pedagogia\\\/\"},\"author\":{\"name\":\"Web del Maestro CMF\",\"@id\":\"https:\\\/\\\/webdelmaestrocmf.com\\\/portal\\\/#\\\/schema\\\/person\\\/1072a2ed7bd960df8ef99a551fa35dc5\"},\"headline\":\"Historia de la Educaci\u00f3n y la Pedagog\u00eda: Libro para docentes y estudiantes de pedagog\u00eda\",\"datePublished\":\"2025-04-11T22:40:41+00:00\",\"dateModified\":\"2025-09-26T19:25:16+00:00\",\"mainEntityOfPage\":{\"@id\":\"https:\\\/\\\/webdelmaestrocmf.com\\\/portal\\\/historia-de-la-educacion-y-la-pedagogia\\\/\"},\"wordCount\":337,\"commentCount\":0,\"publisher\":{\"@id\":\"https:\\\/\\\/webdelmaestrocmf.com\\\/portal\\\/#organization\"},\"image\":{\"@id\":\"https:\\\/\\\/webdelmaestrocmf.com\\\/portal\\\/historia-de-la-educacion-y-la-pedagogia\\\/#primaryimage\"},\"thumbnailUrl\":\"https:\\\/\\\/webdelmaestrocmf.com\\\/portal\\\/wp-content\\\/uploads\\\/2022\\\/12\\\/1A-Banner-1-portada-imagen-10-1-54.jpg\",\"keywords\":[\"EDUCACI\u00d3N\",\"HISTORIA\",\"PEDAGOG\u00cdA\"],\"articleSection\":[\"Libros\",\"Recursos\"],\"inLanguage\":\"es\",\"potentialAction\":[{\"@type\":\"CommentAction\",\"name\":\"Comment\",\"target\":[\"https:\\\/\\\/webdelmaestrocmf.com\\\/portal\\\/historia-de-la-educacion-y-la-pedagogia\\\/#respond\"]}]},{\"@type\":\"WebPage\",\"@id\":\"https:\\\/\\\/webdelmaestrocmf.com\\\/portal\\\/historia-de-la-educacion-y-la-pedagogia\\\/\",\"url\":\"https:\\\/\\\/webdelmaestrocmf.com\\\/portal\\\/historia-de-la-educacion-y-la-pedagogia\\\/\",\"name\":\"Historia de la Educaci\u00f3n y la Pedagog\u00eda: Libro para docentes y estudiantes de pedagog\u00eda - 2026\",\"isPartOf\":{\"@id\":\"https:\\\/\\\/webdelmaestrocmf.com\\\/portal\\\/#website\"},\"primaryImageOfPage\":{\"@id\":\"https:\\\/\\\/webdelmaestrocmf.com\\\/portal\\\/historia-de-la-educacion-y-la-pedagogia\\\/#primaryimage\"},\"image\":{\"@id\":\"https:\\\/\\\/webdelmaestrocmf.com\\\/portal\\\/historia-de-la-educacion-y-la-pedagogia\\\/#primaryimage\"},\"thumbnailUrl\":\"https:\\\/\\\/webdelmaestrocmf.com\\\/portal\\\/wp-content\\\/uploads\\\/2022\\\/12\\\/1A-Banner-1-portada-imagen-10-1-54.jpg\",\"datePublished\":\"2025-04-11T22:40:41+00:00\",\"dateModified\":\"2025-09-26T19:25:16+00:00\",\"description\":\"Lorenzo Luzuriaga, la pedagog\u00eda es la\u00a0ciencia\u00a0de la educaci\u00f3n, una ciencia aut\u00f3noma, dentro de las ciencias del esp\u00edritu, que tiene una...\",\"breadcrumb\":{\"@id\":\"https:\\\/\\\/webdelmaestrocmf.com\\\/portal\\\/historia-de-la-educacion-y-la-pedagogia\\\/#breadcrumb\"},\"inLanguage\":\"es\",\"potentialAction\":[{\"@type\":\"ReadAction\",\"target\":[\"https:\\\/\\\/webdelmaestrocmf.com\\\/portal\\\/historia-de-la-educacion-y-la-pedagogia\\\/\"]}]},{\"@type\":\"ImageObject\",\"inLanguage\":\"es\",\"@id\":\"https:\\\/\\\/webdelmaestrocmf.com\\\/portal\\\/historia-de-la-educacion-y-la-pedagogia\\\/#primaryimage\",\"url\":\"https:\\\/\\\/webdelmaestrocmf.com\\\/portal\\\/wp-content\\\/uploads\\\/2022\\\/12\\\/1A-Banner-1-portada-imagen-10-1-54.jpg\",\"contentUrl\":\"https:\\\/\\\/webdelmaestrocmf.com\\\/portal\\\/wp-content\\\/uploads\\\/2022\\\/12\\\/1A-Banner-1-portada-imagen-10-1-54.jpg\",\"width\":1024,\"height\":1024},{\"@type\":\"BreadcrumbList\",\"@id\":\"https:\\\/\\\/webdelmaestrocmf.com\\\/portal\\\/historia-de-la-educacion-y-la-pedagogia\\\/#breadcrumb\",\"itemListElement\":[{\"@type\":\"ListItem\",\"position\":1,\"name\":\"Portada\",\"item\":\"https:\\\/\\\/webdelmaestrocmf.com\\\/portal\\\/\"},{\"@type\":\"ListItem\",\"position\":2,\"name\":\"Recursos\",\"item\":\"https:\\\/\\\/webdelmaestrocmf.com\\\/portal\\\/category\\\/pedagogia\\\/\"},{\"@type\":\"ListItem\",\"position\":3,\"name\":\"Historia de la Educaci\u00f3n y la Pedagog\u00eda: Libro para docentes y estudiantes de pedagog\u00eda\"}]},{\"@type\":\"WebSite\",\"@id\":\"https:\\\/\\\/webdelmaestrocmf.com\\\/portal\\\/#website\",\"url\":\"https:\\\/\\\/webdelmaestrocmf.com\\\/portal\\\/\",\"name\":\"Web del Maestro CMF\",\"description\":\"Maestros al servicio de la educaci\u00f3n\",\"publisher\":{\"@id\":\"https:\\\/\\\/webdelmaestrocmf.com\\\/portal\\\/#organization\"},\"alternateName\":\"WMCMF\",\"potentialAction\":[{\"@type\":\"SearchAction\",\"target\":{\"@type\":\"EntryPoint\",\"urlTemplate\":\"https:\\\/\\\/webdelmaestrocmf.com\\\/portal\\\/?s={search_term_string}\"},\"query-input\":{\"@type\":\"PropertyValueSpecification\",\"valueRequired\":true,\"valueName\":\"search_term_string\"}}],\"inLanguage\":\"es\"},{\"@type\":\"Organization\",\"@id\":\"https:\\\/\\\/webdelmaestrocmf.com\\\/portal\\\/#organization\",\"name\":\"Web del Maestro CMF\",\"alternateName\":\"WMCMF\",\"url\":\"https:\\\/\\\/webdelmaestrocmf.com\\\/portal\\\/\",\"logo\":{\"@type\":\"ImageObject\",\"inLanguage\":\"es\",\"@id\":\"https:\\\/\\\/webdelmaestrocmf.com\\\/portal\\\/#\\\/schema\\\/logo\\\/image\\\/\",\"url\":\"https:\\\/\\\/webdelmaestrocmf.com\\\/portal\\\/wp-content\\\/uploads\\\/2023\\\/01\\\/logo-wmcmf-2.png\",\"contentUrl\":\"https:\\\/\\\/webdelmaestrocmf.com\\\/portal\\\/wp-content\\\/uploads\\\/2023\\\/01\\\/logo-wmcmf-2.png\",\"width\":200,\"height\":60,\"caption\":\"Web del Maestro CMF\"},\"image\":{\"@id\":\"https:\\\/\\\/webdelmaestrocmf.com\\\/portal\\\/#\\\/schema\\\/logo\\\/image\\\/\"},\"sameAs\":[\"https:\\\/\\\/www.facebook.com\\\/WebdelMaestroCMF\\\/\",\"https:\\\/\\\/x.com\\\/cmf_w\",\"https:\\\/\\\/www.pinterest.com\\\/WMCMF\\\/\",\"https:\\\/\\\/www.linkedin.com\\\/company\\\/web-del-maestro-cmf\\\/\",\"https:\\\/\\\/www.instagram.com\\\/wmcmf\\\/\",\"https:\\\/\\\/www.youtube.com\\\/channel\\\/UCDPSvjbdodE5sHnC3OxutHw\",\"https:\\\/\\\/mastodon.social\\\/@wmcmf\",\"https:\\\/\\\/www.tiktok.com\\\/@webdelmaestrocmf\"]},{\"@type\":\"Person\",\"@id\":\"https:\\\/\\\/webdelmaestrocmf.com\\\/portal\\\/#\\\/schema\\\/person\\\/1072a2ed7bd960df8ef99a551fa35dc5\",\"name\":\"Web del Maestro CMF\",\"image\":{\"@type\":\"ImageObject\",\"inLanguage\":\"es\",\"@id\":\"https:\\\/\\\/secure.gravatar.com\\\/avatar\\\/23291dd5b5ae1077dcff3dbb04c3e02bd28403fa75af6d8787d5e97c5bbbe30b?s=96&d=mm&r=g\",\"url\":\"https:\\\/\\\/secure.gravatar.com\\\/avatar\\\/23291dd5b5ae1077dcff3dbb04c3e02bd28403fa75af6d8787d5e97c5bbbe30b?s=96&d=mm&r=g\",\"contentUrl\":\"https:\\\/\\\/secure.gravatar.com\\\/avatar\\\/23291dd5b5ae1077dcff3dbb04c3e02bd28403fa75af6d8787d5e97c5bbbe30b?s=96&d=mm&r=g\",\"caption\":\"Web del Maestro CMF\"},\"description\":\"Esta Web se cre\u00f3 sin fines de lucro, con fines educativos, cient\u00edficos y acad\u00e9micos, para personas que tengan dificultades y\\\/o inconvenientes en visualizar el material original. El objetivo es entregar recursos, compartir experiencias y materiales que ayuden a los padres de familia, maestros y estudiantes en su actualizaci\u00f3n y formaci\u00f3n permanente, en bien de la Educaci\u00f3n.\",\"sameAs\":[\"http:\\\/\\\/webdelmaestrocmf.com\\\/portal\",\"https:\\\/\\\/www.facebook.com\\\/WebdelMaestroCMF\\\/\",\"https:\\\/\\\/www.instagram.com\\\/wmcmf\\\/\",\"https:\\\/\\\/cl.linkedin.com\\\/company\\\/web-del-maestro-cmf\",\"https:\\\/\\\/www.pinterest.com\\\/WMCMF\\\/publicaciones\\\/\",\"https:\\\/\\\/x.com\\\/cmf_w\",\"https:\\\/\\\/www.youtube.com\\\/@WMCMF\"]}]}<\/script>\n<!-- \/ Yoast SEO plugin. -->","yoast_head_json":{"title":"Historia de la Educaci\u00f3n y la Pedagog\u00eda: Libro para docentes y estudiantes de pedagog\u00eda - 2026","description":"Lorenzo Luzuriaga, la pedagog\u00eda es la\u00a0ciencia\u00a0de la educaci\u00f3n, una ciencia aut\u00f3noma, dentro de las ciencias del esp\u00edritu, que tiene una...","robots":{"index":"index","follow":"follow","max-snippet":"max-snippet:-1","max-image-preview":"max-image-preview:large","max-video-preview":"max-video-preview:-1"},"canonical":"https:\/\/webdelmaestrocmf.com\/portal\/historia-de-la-educacion-y-la-pedagogia\/","og_locale":"es_ES","og_type":"article","og_title":"Historia de la Educaci\u00f3n y la Pedagog\u00eda: Libro para docentes y estudiantes de pedagog\u00eda - 2026","og_description":"Lorenzo Luzuriaga, la pedagog\u00eda es la\u00a0ciencia\u00a0de la educaci\u00f3n, una ciencia aut\u00f3noma, dentro de las ciencias del esp\u00edritu, que tiene una...","og_url":"https:\/\/webdelmaestrocmf.com\/portal\/historia-de-la-educacion-y-la-pedagogia\/","og_site_name":"Web del Maestro CMF","article_publisher":"https:\/\/www.facebook.com\/WebdelMaestroCMF\/","article_author":"https:\/\/www.facebook.com\/WebdelMaestroCMF\/","article_published_time":"2025-04-11T22:40:41+00:00","article_modified_time":"2025-09-26T19:25:16+00:00","og_image":[{"width":1024,"height":1024,"url":"https:\/\/webdelmaestrocmf.com\/portal\/wp-content\/uploads\/2022\/12\/1A-Banner-1-portada-imagen-10-1-54.jpg","type":"image\/jpeg"}],"author":"Web del Maestro CMF","twitter_card":"summary_large_image","twitter_creator":"@cmf_w","twitter_site":"@cmf_w","schema":{"@context":"https:\/\/schema.org","@graph":[{"@type":"ScholarlyArticle","@id":"https:\/\/webdelmaestrocmf.com\/portal\/historia-de-la-educacion-y-la-pedagogia\/#article","isPartOf":{"@id":"https:\/\/webdelmaestrocmf.com\/portal\/historia-de-la-educacion-y-la-pedagogia\/"},"author":{"name":"Web del Maestro CMF","@id":"https:\/\/webdelmaestrocmf.com\/portal\/#\/schema\/person\/1072a2ed7bd960df8ef99a551fa35dc5"},"headline":"Historia de la Educaci\u00f3n y la Pedagog\u00eda: Libro para docentes y estudiantes de pedagog\u00eda","datePublished":"2025-04-11T22:40:41+00:00","dateModified":"2025-09-26T19:25:16+00:00","mainEntityOfPage":{"@id":"https:\/\/webdelmaestrocmf.com\/portal\/historia-de-la-educacion-y-la-pedagogia\/"},"wordCount":337,"commentCount":0,"publisher":{"@id":"https:\/\/webdelmaestrocmf.com\/portal\/#organization"},"image":{"@id":"https:\/\/webdelmaestrocmf.com\/portal\/historia-de-la-educacion-y-la-pedagogia\/#primaryimage"},"thumbnailUrl":"https:\/\/webdelmaestrocmf.com\/portal\/wp-content\/uploads\/2022\/12\/1A-Banner-1-portada-imagen-10-1-54.jpg","keywords":["EDUCACI\u00d3N","HISTORIA","PEDAGOG\u00cdA"],"articleSection":["Libros","Recursos"],"inLanguage":"es","potentialAction":[{"@type":"CommentAction","name":"Comment","target":["https:\/\/webdelmaestrocmf.com\/portal\/historia-de-la-educacion-y-la-pedagogia\/#respond"]}]},{"@type":"WebPage","@id":"https:\/\/webdelmaestrocmf.com\/portal\/historia-de-la-educacion-y-la-pedagogia\/","url":"https:\/\/webdelmaestrocmf.com\/portal\/historia-de-la-educacion-y-la-pedagogia\/","name":"Historia de la Educaci\u00f3n y la Pedagog\u00eda: Libro para docentes y estudiantes de pedagog\u00eda - 2026","isPartOf":{"@id":"https:\/\/webdelmaestrocmf.com\/portal\/#website"},"primaryImageOfPage":{"@id":"https:\/\/webdelmaestrocmf.com\/portal\/historia-de-la-educacion-y-la-pedagogia\/#primaryimage"},"image":{"@id":"https:\/\/webdelmaestrocmf.com\/portal\/historia-de-la-educacion-y-la-pedagogia\/#primaryimage"},"thumbnailUrl":"https:\/\/webdelmaestrocmf.com\/portal\/wp-content\/uploads\/2022\/12\/1A-Banner-1-portada-imagen-10-1-54.jpg","datePublished":"2025-04-11T22:40:41+00:00","dateModified":"2025-09-26T19:25:16+00:00","description":"Lorenzo Luzuriaga, la pedagog\u00eda es la\u00a0ciencia\u00a0de la educaci\u00f3n, una ciencia aut\u00f3noma, dentro de las ciencias del esp\u00edritu, que tiene una...","breadcrumb":{"@id":"https:\/\/webdelmaestrocmf.com\/portal\/historia-de-la-educacion-y-la-pedagogia\/#breadcrumb"},"inLanguage":"es","potentialAction":[{"@type":"ReadAction","target":["https:\/\/webdelmaestrocmf.com\/portal\/historia-de-la-educacion-y-la-pedagogia\/"]}]},{"@type":"ImageObject","inLanguage":"es","@id":"https:\/\/webdelmaestrocmf.com\/portal\/historia-de-la-educacion-y-la-pedagogia\/#primaryimage","url":"https:\/\/webdelmaestrocmf.com\/portal\/wp-content\/uploads\/2022\/12\/1A-Banner-1-portada-imagen-10-1-54.jpg","contentUrl":"https:\/\/webdelmaestrocmf.com\/portal\/wp-content\/uploads\/2022\/12\/1A-Banner-1-portada-imagen-10-1-54.jpg","width":1024,"height":1024},{"@type":"BreadcrumbList","@id":"https:\/\/webdelmaestrocmf.com\/portal\/historia-de-la-educacion-y-la-pedagogia\/#breadcrumb","itemListElement":[{"@type":"ListItem","position":1,"name":"Portada","item":"https:\/\/webdelmaestrocmf.com\/portal\/"},{"@type":"ListItem","position":2,"name":"Recursos","item":"https:\/\/webdelmaestrocmf.com\/portal\/category\/pedagogia\/"},{"@type":"ListItem","position":3,"name":"Historia de la Educaci\u00f3n y la Pedagog\u00eda: Libro para docentes y estudiantes de pedagog\u00eda"}]},{"@type":"WebSite","@id":"https:\/\/webdelmaestrocmf.com\/portal\/#website","url":"https:\/\/webdelmaestrocmf.com\/portal\/","name":"Web del Maestro CMF","description":"Maestros al servicio de la educaci\u00f3n","publisher":{"@id":"https:\/\/webdelmaestrocmf.com\/portal\/#organization"},"alternateName":"WMCMF","potentialAction":[{"@type":"SearchAction","target":{"@type":"EntryPoint","urlTemplate":"https:\/\/webdelmaestrocmf.com\/portal\/?s={search_term_string}"},"query-input":{"@type":"PropertyValueSpecification","valueRequired":true,"valueName":"search_term_string"}}],"inLanguage":"es"},{"@type":"Organization","@id":"https:\/\/webdelmaestrocmf.com\/portal\/#organization","name":"Web del Maestro CMF","alternateName":"WMCMF","url":"https:\/\/webdelmaestrocmf.com\/portal\/","logo":{"@type":"ImageObject","inLanguage":"es","@id":"https:\/\/webdelmaestrocmf.com\/portal\/#\/schema\/logo\/image\/","url":"https:\/\/webdelmaestrocmf.com\/portal\/wp-content\/uploads\/2023\/01\/logo-wmcmf-2.png","contentUrl":"https:\/\/webdelmaestrocmf.com\/portal\/wp-content\/uploads\/2023\/01\/logo-wmcmf-2.png","width":200,"height":60,"caption":"Web del Maestro CMF"},"image":{"@id":"https:\/\/webdelmaestrocmf.com\/portal\/#\/schema\/logo\/image\/"},"sameAs":["https:\/\/www.facebook.com\/WebdelMaestroCMF\/","https:\/\/x.com\/cmf_w","https:\/\/www.pinterest.com\/WMCMF\/","https:\/\/www.linkedin.com\/company\/web-del-maestro-cmf\/","https:\/\/www.instagram.com\/wmcmf\/","https:\/\/www.youtube.com\/channel\/UCDPSvjbdodE5sHnC3OxutHw","https:\/\/mastodon.social\/@wmcmf","https:\/\/www.tiktok.com\/@webdelmaestrocmf"]},{"@type":"Person","@id":"https:\/\/webdelmaestrocmf.com\/portal\/#\/schema\/person\/1072a2ed7bd960df8ef99a551fa35dc5","name":"Web del Maestro CMF","image":{"@type":"ImageObject","inLanguage":"es","@id":"https:\/\/secure.gravatar.com\/avatar\/23291dd5b5ae1077dcff3dbb04c3e02bd28403fa75af6d8787d5e97c5bbbe30b?s=96&d=mm&r=g","url":"https:\/\/secure.gravatar.com\/avatar\/23291dd5b5ae1077dcff3dbb04c3e02bd28403fa75af6d8787d5e97c5bbbe30b?s=96&d=mm&r=g","contentUrl":"https:\/\/secure.gravatar.com\/avatar\/23291dd5b5ae1077dcff3dbb04c3e02bd28403fa75af6d8787d5e97c5bbbe30b?s=96&d=mm&r=g","caption":"Web del Maestro CMF"},"description":"Esta Web se cre\u00f3 sin fines de lucro, con fines educativos, cient\u00edficos y acad\u00e9micos, para personas que tengan dificultades y\/o inconvenientes en visualizar el material original. El objetivo es entregar recursos, compartir experiencias y materiales que ayuden a los padres de familia, maestros y estudiantes en su actualizaci\u00f3n y formaci\u00f3n permanente, en bien de la Educaci\u00f3n.","sameAs":["http:\/\/webdelmaestrocmf.com\/portal","https:\/\/www.facebook.com\/WebdelMaestroCMF\/","https:\/\/www.instagram.com\/wmcmf\/","https:\/\/cl.linkedin.com\/company\/web-del-maestro-cmf","https:\/\/www.pinterest.com\/WMCMF\/publicaciones\/","https:\/\/x.com\/cmf_w","https:\/\/www.youtube.com\/@WMCMF"]}]}},"jetpack_featured_media_url":"https:\/\/webdelmaestrocmf.com\/portal\/wp-content\/uploads\/2022\/12\/1A-Banner-1-portada-imagen-10-1-54.jpg","jetpack_sharing_enabled":true,"jetpack-related-posts":[{"id":110484,"url":"https:\/\/webdelmaestrocmf.com\/portal\/libro-para-docentes-teoria-y-educacion-una-mirada-critica-a-la-pedagogia-desde-la-epistemologia-y-la-ontologia\/","url_meta":{"origin":78074,"position":0},"title":"Libro para docentes \u00abTeor\u00eda y educaci\u00f3n: una mirada cr\u00edtica a la pedagog\u00eda desde la epistemolog\u00eda y la ontolog\u00eda\u00bb","author":"Web del Maestro CMF","date":"25 junio, 2025","format":false,"excerpt":"Una obra fundamental para repensar la pedagog\u00eda desde sus ra\u00edces filos\u00f3ficas y afrontar los desaf\u00edos educativos del presente","rel":"","context":"En \u00abDescarga\u00bb","block_context":{"text":"Descarga","link":"https:\/\/webdelmaestrocmf.com\/portal\/category\/descarga\/"},"img":{"alt_text":"","src":"https:\/\/i0.wp.com\/webdelmaestrocmf.com\/portal\/wp-content\/uploads\/2025\/06\/1A-Banner-1-portada-imagen-10-1-copia-8.webp?resize=350%2C200&ssl=1","width":350,"height":200,"srcset":"https:\/\/i0.wp.com\/webdelmaestrocmf.com\/portal\/wp-content\/uploads\/2025\/06\/1A-Banner-1-portada-imagen-10-1-copia-8.webp?resize=350%2C200&ssl=1 1x, https:\/\/i0.wp.com\/webdelmaestrocmf.com\/portal\/wp-content\/uploads\/2025\/06\/1A-Banner-1-portada-imagen-10-1-copia-8.webp?resize=525%2C300&ssl=1 1.5x, https:\/\/i0.wp.com\/webdelmaestrocmf.com\/portal\/wp-content\/uploads\/2025\/06\/1A-Banner-1-portada-imagen-10-1-copia-8.webp?resize=700%2C400&ssl=1 2x"},"classes":[]},{"id":107233,"url":"https:\/\/webdelmaestrocmf.com\/portal\/tipos-de-pedagogias-modernas-relevancia-y-el-rol-del-docente-moderno\/","url_meta":{"origin":78074,"position":1},"title":"Tipos de pedagog\u00edas, relevancia y el rol del docente moderno","author":"Web del Maestro CMF","date":"26 diciembre, 2024","format":false,"excerpt":"La pedagog\u00eda es la ciencia social que investiga y estudia las t\u00e9cnicas centradas en la educaci\u00f3n y la ense\u00f1anza. El objetivo principal de esta disciplina es optimizar y sistematizar m\u00e9todos educativos para mejorarlos, desarrollar el potencial humano y facilitar la trasmisi\u00f3n de conocimientos, valores, cultura o tradiciones. Su aplicaci\u00f3n es\u2026","rel":"","context":"En \u00abPedagog\u00eda\u00bb","block_context":{"text":"Pedagog\u00eda","link":"https:\/\/webdelmaestrocmf.com\/portal\/category\/pedagogia\/pedagogia-pedagogia\/"},"img":{"alt_text":"","src":"https:\/\/i0.wp.com\/webdelmaestrocmf.com\/portal\/wp-content\/uploads\/2024\/12\/Banner-1-portada-imagen-10-1-36.jpg?resize=350%2C200&ssl=1","width":350,"height":200,"srcset":"https:\/\/i0.wp.com\/webdelmaestrocmf.com\/portal\/wp-content\/uploads\/2024\/12\/Banner-1-portada-imagen-10-1-36.jpg?resize=350%2C200&ssl=1 1x, https:\/\/i0.wp.com\/webdelmaestrocmf.com\/portal\/wp-content\/uploads\/2024\/12\/Banner-1-portada-imagen-10-1-36.jpg?resize=525%2C300&ssl=1 1.5x, https:\/\/i0.wp.com\/webdelmaestrocmf.com\/portal\/wp-content\/uploads\/2024\/12\/Banner-1-portada-imagen-10-1-36.jpg?resize=700%2C400&ssl=1 2x"},"classes":[]},{"id":49667,"url":"https:\/\/webdelmaestrocmf.com\/portal\/historia-de-la-pedagogia-de-abbagnano-y-visalberghi\/","url_meta":{"origin":78074,"position":2},"title":"Historia de la pedagog\u00eda de Abbagnano y Visalberghi","author":"Web del Maestro CMF","date":"2 agosto, 2020","format":false,"excerpt":"Abbagnano y Visalberghi\u00a0abordan el problema educativo de manera coincidente con el planteamiento del problema hist\u00f3rico de la g\u00e9nesis del pensamiento occidental, ya que resultan claras las relaciones entre el fondo cultural y social, las teor\u00edas filos\u00f3ficas y pedag\u00f3gicas y la efectiva praxis educativa de los diversos periodos considerados por los\u2026","rel":"","context":"En \u00abHistoria\u00bb","block_context":{"text":"Historia","link":"https:\/\/webdelmaestrocmf.com\/portal\/category\/pedagogia\/historia\/"},"img":{"alt_text":"","src":"https:\/\/i0.wp.com\/webdelmaestrocmf.com\/portal\/wp-content\/uploads\/2020\/08\/1-6.jpg?resize=350%2C200&ssl=1","width":350,"height":200,"srcset":"https:\/\/i0.wp.com\/webdelmaestrocmf.com\/portal\/wp-content\/uploads\/2020\/08\/1-6.jpg?resize=350%2C200&ssl=1 1x, https:\/\/i0.wp.com\/webdelmaestrocmf.com\/portal\/wp-content\/uploads\/2020\/08\/1-6.jpg?resize=525%2C300&ssl=1 1.5x, https:\/\/i0.wp.com\/webdelmaestrocmf.com\/portal\/wp-content\/uploads\/2020\/08\/1-6.jpg?resize=700%2C400&ssl=1 2x, https:\/\/i0.wp.com\/webdelmaestrocmf.com\/portal\/wp-content\/uploads\/2020\/08\/1-6.jpg?resize=1050%2C600&ssl=1 3x"},"classes":[]},{"id":86238,"url":"https:\/\/webdelmaestrocmf.com\/portal\/principales-ramas-de-la-pedagogia\/","url_meta":{"origin":78074,"position":3},"title":"Principales ramas de la pedagog\u00eda","author":"Web del Maestro CMF","date":"25 marzo, 2023","format":false,"excerpt":"La pedagog\u00eda es la ciencia que estudia la educaci\u00f3n y el objeto principal de su estudio es la educaci\u00f3n como un fen\u00f3meno sociocultural, por lo cual existen conocimientos de otras ciencias que ayudan a comprender el concepto de educaci\u00f3n, como por ejemplo, la historia, la psicolog\u00eda, la sociolog\u00eda, la pol\u00edtica,\u2026","rel":"","context":"En \u00abPedagog\u00eda\u00bb","block_context":{"text":"Pedagog\u00eda","link":"https:\/\/webdelmaestrocmf.com\/portal\/category\/pedagogia\/pedagogia-pedagogia\/"},"img":{"alt_text":"","src":"https:\/\/i0.wp.com\/webdelmaestrocmf.com\/portal\/wp-content\/uploads\/2023\/03\/A12B3C4D-42.jpg?resize=350%2C200&ssl=1","width":350,"height":200,"srcset":"https:\/\/i0.wp.com\/webdelmaestrocmf.com\/portal\/wp-content\/uploads\/2023\/03\/A12B3C4D-42.jpg?resize=350%2C200&ssl=1 1x, https:\/\/i0.wp.com\/webdelmaestrocmf.com\/portal\/wp-content\/uploads\/2023\/03\/A12B3C4D-42.jpg?resize=525%2C300&ssl=1 1.5x, https:\/\/i0.wp.com\/webdelmaestrocmf.com\/portal\/wp-content\/uploads\/2023\/03\/A12B3C4D-42.jpg?resize=700%2C400&ssl=1 2x"},"classes":[]},{"id":107827,"url":"https:\/\/webdelmaestrocmf.com\/portal\/ciencias-agogicas-entendiendo-la-evolucion-del-aprendizaje-desde-la-infancia-hasta-la-vejez\/","url_meta":{"origin":78074,"position":4},"title":"Ciencias Ag\u00f3gicas: entendiendo la evoluci\u00f3n del aprendizaje desde la infancia hasta la vejez","author":"Web del Maestro CMF","date":"3 febrero, 2025","format":false,"excerpt":"La educaci\u00f3n no es un proceso est\u00e1tico ni uniforme; cada etapa de la vida requiere estrategias y enfoques pedag\u00f3gicos espec\u00edficos. En este contexto, las ciencias ag\u00f3gicas surgen como un conjunto de disciplinas que estudian y aplican los procesos de ense\u00f1anza y aprendizaje de acuerdo con las diferentes etapas del desarrollo\u2026","rel":"","context":"En \u00abPedagog\u00eda\u00bb","block_context":{"text":"Pedagog\u00eda","link":"https:\/\/webdelmaestrocmf.com\/portal\/category\/pedagogia\/pedagogia-pedagogia\/"},"img":{"alt_text":"","src":"https:\/\/i0.wp.com\/webdelmaestrocmf.com\/portal\/wp-content\/uploads\/2025\/02\/1A-Banner-1-portada-imagen-10-1.jpg?resize=350%2C200&ssl=1","width":350,"height":200,"srcset":"https:\/\/i0.wp.com\/webdelmaestrocmf.com\/portal\/wp-content\/uploads\/2025\/02\/1A-Banner-1-portada-imagen-10-1.jpg?resize=350%2C200&ssl=1 1x, https:\/\/i0.wp.com\/webdelmaestrocmf.com\/portal\/wp-content\/uploads\/2025\/02\/1A-Banner-1-portada-imagen-10-1.jpg?resize=525%2C300&ssl=1 1.5x, https:\/\/i0.wp.com\/webdelmaestrocmf.com\/portal\/wp-content\/uploads\/2025\/02\/1A-Banner-1-portada-imagen-10-1.jpg?resize=700%2C400&ssl=1 2x"},"classes":[]},{"id":14127,"url":"https:\/\/webdelmaestrocmf.com\/portal\/historia-la-pedagogia-desde-platon-la-actualidad-gratis\/","url_meta":{"origin":78074,"position":5},"title":"Historia de la Pedagog\u00eda, desde Plat\u00f3n hasta la actualidad","author":"Web del Maestro CMF","date":"16 enero, 2024","format":false,"excerpt":"La historia de la pedagog\u00eda es un fascinante viaje a lo largo de los siglos, que nos permite explorar la evoluci\u00f3n de las pr\u00e1cticas educativas desde la antigua Grecia hasta nuestros d\u00edas. Desde los ideales filos\u00f3ficos de Plat\u00f3n, que sentaron las bases para la educaci\u00f3n occidental, hasta las innovaciones pedag\u00f3gicas\u2026","rel":"","context":"En \u00abLibros\u00bb","block_context":{"text":"Libros","link":"https:\/\/webdelmaestrocmf.com\/portal\/category\/pedagogia\/libros\/"},"img":{"alt_text":"","src":"https:\/\/i0.wp.com\/webdelmaestrocmf.com\/portal\/wp-content\/uploads\/2019\/01\/Banner-1-portada-imagen-10-4.jpg?resize=350%2C200&ssl=1","width":350,"height":200,"srcset":"https:\/\/i0.wp.com\/webdelmaestrocmf.com\/portal\/wp-content\/uploads\/2019\/01\/Banner-1-portada-imagen-10-4.jpg?resize=350%2C200&ssl=1 1x, https:\/\/i0.wp.com\/webdelmaestrocmf.com\/portal\/wp-content\/uploads\/2019\/01\/Banner-1-portada-imagen-10-4.jpg?resize=525%2C300&ssl=1 1.5x, https:\/\/i0.wp.com\/webdelmaestrocmf.com\/portal\/wp-content\/uploads\/2019\/01\/Banner-1-portada-imagen-10-4.jpg?resize=700%2C400&ssl=1 2x"},"classes":[]}],"_links":{"self":[{"href":"https:\/\/webdelmaestrocmf.com\/portal\/wp-json\/wp\/v2\/posts\/78074","targetHints":{"allow":["GET"]}}],"collection":[{"href":"https:\/\/webdelmaestrocmf.com\/portal\/wp-json\/wp\/v2\/posts"}],"about":[{"href":"https:\/\/webdelmaestrocmf.com\/portal\/wp-json\/wp\/v2\/types\/post"}],"author":[{"embeddable":true,"href":"https:\/\/webdelmaestrocmf.com\/portal\/wp-json\/wp\/v2\/users\/1"}],"replies":[{"embeddable":true,"href":"https:\/\/webdelmaestrocmf.com\/portal\/wp-json\/wp\/v2\/comments?post=78074"}],"version-history":[{"count":2,"href":"https:\/\/webdelmaestrocmf.com\/portal\/wp-json\/wp\/v2\/posts\/78074\/revisions"}],"predecessor-version":[{"id":112321,"href":"https:\/\/webdelmaestrocmf.com\/portal\/wp-json\/wp\/v2\/posts\/78074\/revisions\/112321"}],"wp:featuredmedia":[{"embeddable":true,"href":"https:\/\/webdelmaestrocmf.com\/portal\/wp-json\/wp\/v2\/media\/108734"}],"wp:attachment":[{"href":"https:\/\/webdelmaestrocmf.com\/portal\/wp-json\/wp\/v2\/media?parent=78074"}],"wp:term":[{"taxonomy":"category","embeddable":true,"href":"https:\/\/webdelmaestrocmf.com\/portal\/wp-json\/wp\/v2\/categories?post=78074"},{"taxonomy":"post_tag","embeddable":true,"href":"https:\/\/webdelmaestrocmf.com\/portal\/wp-json\/wp\/v2\/tags?post=78074"}],"curies":[{"name":"wp","href":"https:\/\/api.w.org\/{rel}","templated":true}]}}