{"id":77991,"date":"2022-06-27T14:05:47","date_gmt":"2022-06-27T18:05:47","guid":{"rendered":"https:\/\/webdelmaestrocmf.com\/portal\/?p=77991"},"modified":"2022-06-27T14:07:19","modified_gmt":"2022-06-27T18:07:19","slug":"david-auris-educacion-y-redes-sociales","status":"publish","type":"post","link":"https:\/\/webdelmaestrocmf.com\/portal\/david-auris-educacion-y-redes-sociales\/","title":{"rendered":"[David Auris] Educaci\u00f3n y redes sociales"},"content":{"rendered":"<h5 style=\"text-align: justify;\">Amable cibernauta y curioso habitante del ciberespacio \u00bfTe gustar\u00eda conocer mi huella digital? \u00a0Entonces, b\u00fascame en las redes sociales y sabr\u00e1s si consumo o produzco contenidos en esta \u00e9poca hiperconectada de inteligencia artificial.<\/h5>\n<p><!--more--><\/p>\n<h5 style=\"text-align: justify;\">Extra\u00f1a forma de empezar un art\u00edculo, \u00bfverdad? \u00bfAcaso no buscamos seguidores en Facebook o Instagram? Lo hacemos a diario y cu\u00e1nto dar\u00edamos por m\u00e1s<em> likes<\/em>. Los informes sostienen que, 60% de la poblaci\u00f3n mundial viven atrapados en las redes, con el objetivo de interactuar y socializar, comparten asuntos personales, sociales, entretenimientos, opiniones y sinti\u00e9ndose especiales aspiran gloria virtual en la interminable autopista de la internet.<\/h5>\n<p style=\"text-align: justify;\">Echando una mirada a este ecosistema digital, comprobamos una impresionante masa de consumidores de informaci\u00f3n y salta la interrogante: \u00bfC\u00f3mo convertir estas vigorosas redes sociales en aliados de la educaci\u00f3n, para potenciar el aprendizaje innovador y producir contenidos de alto impacto? Los expertos plantean, involucrar esta poderosa herramienta en el ambiente educativo, llamada educaci\u00f3n abierta productiva.<\/p>\n<p style=\"text-align: justify;\">En ese sentido, es imprescindible que las redes sociales asuman estatus de asignatura formativa, para alfabetizar acad\u00e9micamente a los nativos digitales y aprendan buscar informaciones relevantes y logren empoderar sus habilidades cognitivas y solidarias, erigiendo su marca personal en esta extraordinaria revoluci\u00f3n virtual.<\/p>\n<p style=\"text-align: justify;\">Asimismo, estas redes sociales al ser comunidades activas, el educador est\u00e1 obligado a motivar el cultivo de habilidades blandas que nos permita una grata convivencia intercultural a trav\u00e9s de producci\u00f3n de contenidos solidarios.<\/p>\n<p style=\"text-align: justify;\">Siguiendo esta l\u00ednea acad\u00e9mica, m\u00e1s all\u00e1 de consumir y compartir discursos ajenos relevantes, desde las aulas incentivemos a la comunidad del aprendizaje, producir y compartir contenidos propios de alto impacto, destinados a liderar e innovar nuestra realidad mundial.<\/p>\n<p style=\"text-align: justify;\">Adem\u00e1s, sabemos desde la psicolog\u00eda, el ser humano aprende m\u00e1s cuando crea, por lo que estimulemos a investigar en red, producir frases motivadoras, proponer ideas innovadoras y soluciones creativas a problemas sociales, buscando aportar al desarrollo sostenido.<\/p>\n<p style=\"text-align: justify;\">Por ejemplo, en Facebook, los estudiantes pueden editar videos originales y acompa\u00f1ado de una leyenda atractiva compartirlo, para impregnar su identidad digital. De esta manera amplia su creatividad y mejora sus habilidades comunicativas, necesarias para una convivencia global.<\/p>\n<p style=\"text-align: justify;\">En suma, las redes sociales acompa\u00f1ados por la maquinaria pedag\u00f3gica, potencian el aprendizaje aut\u00f3nomo, colaborativo, creativo, haciendo de los estudiantes, importantes emprendedores y productores de contenidos de alto impacto para una vida mejor.<\/p>\n<p style=\"text-align: justify;\"><strong>NOTA DE REDACCI\u00d3N:<\/strong> La Web del Maestro CMF publica los textos originales de su autor, no necesariamente coincide con lo expuesto en el tema, no se hace responsable de las opiniones expresadas, y no promociona ning\u00fan producto, servicio, marca o empresa. Sugerimos a nuestros lectores conocer la identidad de la fuente o de su autor, para tener mayores elementos de juicio y la pertinencia a su realidad educativa.<\/p>\n<table class=\" alignleft\" border=\"0\" width=\"100%\" cellspacing=\"10\" cellpadding=\"10\">\n<tbody>\n<tr>\n<td style=\"text-align: center;\" width=\"30%\"><strong><img loading=\"lazy\" decoding=\"async\" class=\"size-full wp-image-77193 aligncenter\" src=\"https:\/\/webdelmaestrocmf.com\/portal\/wp-content\/uploads\/2022\/05\/0-1.jpg\" alt=\"\" width=\"200\" height=\"200\" srcset=\"https:\/\/webdelmaestrocmf.com\/portal\/wp-content\/uploads\/2022\/05\/0-1.jpg 200w, https:\/\/webdelmaestrocmf.com\/portal\/wp-content\/uploads\/2022\/05\/0-1-150x150.jpg 150w, https:\/\/webdelmaestrocmf.com\/portal\/wp-content\/uploads\/2022\/05\/0-1-80x80.jpg 80w, https:\/\/webdelmaestrocmf.com\/portal\/wp-content\/uploads\/2022\/05\/0-1-110x110.jpg 110w\" sizes=\"auto, (max-width: 200px) 100vw, 200px\" \/><br \/>\nAutor: <\/strong>David Auris Villegas (Per\u00fa, 1975) Escritor, pedagogo, editor, columnista, profesor universitario y te\u00f3rico de la pedagog\u00eda \u00e9tica, educaci\u00f3n ciudadana, cultura de paz. <strong><br \/>\nExperiencia laboral:<\/strong> Licenciado en educaci\u00f3n por la Universidad Nacional Mayor de San Marcos y m\u00e1ster en educaci\u00f3n por la Universidad de la Habana. Ha sido profesor capacitador en la Universidad Nacional Mayor de San Marcos y profesor de posgrado en varias universidades peruanas. Ha publicado: <em>\u201cCuentos de medianoche\u201d, \u201cMa\u00f1ana al despertar piensa en m\u00ed\u201d, \u00abEstrategias did\u00e1cticas de comprensi\u00f3n lectora para la vida\u00bb, \u00abC\u00f3mo redactar art\u00edculos cient\u00edficos\u00bb <\/em>y<em> \u201cMinicuentos para so\u00f1ar\u201d<\/em>. Antologado en: <em>A Orillas del r\u00edo Ichu<\/em> y en, <em>Palabras sin fronteras, fronteras sin palabras, <\/em>y ha aparecido en las revistas: <em>La Tortuga Ecuestre<\/em>, <em>N\u00e9mesis<\/em> y <em>Entre par\u00e9ntesis<\/em>. Publica sus art\u00edculos pedag\u00f3gicos cada semana en varios portales del mundo. <strong><br \/>\nCorreo electr\u00f3nico: <\/strong><a href=\"mailto:davidauris@gmail.com\">davidauris@gmail.com<\/a><br \/>\n<strong>Cuenta de Facebook:<\/strong> <a href=\"https:\/\/www.facebook.com\/david.aurisvillegas.77\" target=\"_blank\" rel=\"noopener noreferrer\">david.aurisvillegas.77<\/a><\/td>\n<\/tr>\n<\/tbody>\n<\/table>\n<p style=\"text-align: left;\">.<\/p>\n\t\t<div class=\"pk-inline-posts\">\n\t\t\t\n\t\t\t<div class=\"pk-inline-posts-container pk-inline-posts-template-list\"\n\t\t\t\tdata-columns=\"1\">\n\t\t\t\t\t\t<article id=\"post-112061\" class=\"post-112061 post type-post status-publish format-standard has-post-thumbnail category-z-colaborador-david-auris category-colaborador tag-funcionarios tag-pedagogia tag-perversos cs-entry cs-video-wrap\">\n\t\t\t<div class=\"pk-post-outer\">\n\n\t\t\t\t\t\t\t\t<div class=\"pk-post-inner\">\n\t\t\t\t\t<div class=\"entry-thumbnail\">\n\t\t\t\t\t\t<div class=\"pk-overlay pk-overlay-ratio pk-ratio-landscape\">\n\t\t\t\t\t\t\t<div class=\"pk-overlay-background\">\n\t\t\t\t\t\t\t\t<a href=\"https:\/\/webdelmaestrocmf.com\/portal\/david-auris-poderosa-pedagogia-de-los-perversos-funcionarios-y-politicos-peruanos-2\/\" class=\"pk-overlay-link\">\n\t\t\t\t\t\t\t\t\t<img loading=\"lazy\" decoding=\"async\" width=\"300\" height=\"225\" src=\"https:\/\/webdelmaestrocmf.com\/portal\/wp-content\/uploads\/2025\/09\/1A-Banner-1-portada-imagen-10-1-copia-2025-09-11T183111.574-300x225.webp\" class=\"attachment-pk-thumbnail size-pk-thumbnail wp-post-image\" alt=\"\" \/>\t\t\t\t\t\t\t\t<\/a>\n\t\t\t\t\t\t\t<\/div>\n\t\t\t\t\t\t<\/div>\n\t\t\t\t\t<\/div>\n\t\t\t\t<\/div>\n\t\t\t\t\n\t\t\t\t<div class=\"pk-post-inner\">\n\t\t\t\t\t<header>\n\t\t\t\t\t\t<h3 class=\"pk-title\"><a href=\"https:\/\/webdelmaestrocmf.com\/portal\/david-auris-poderosa-pedagogia-de-los-perversos-funcionarios-y-politicos-peruanos-2\/\" rel=\"bookmark\">[David Auris] Poderosa pedagog\u00eda de los perversos funcionarios y pol\u00edticos peruanos\u00a0<\/a><\/h3>\t\t\t\t\t<\/header><!-- .entry-header -->\n\t\t\t\t<\/div><!-- .post-inner -->\n\n\t\t\t<\/div><!-- .post-outer -->\n\t\t<\/article>\n\t\t\t\t<\/div>\n\t\t<\/div>\n\t\t\n","protected":false},"excerpt":{"rendered":"Amable cibernauta y curioso habitante del ciberespacio \u00bfTe gustar\u00eda conocer mi huella digital? \u00a0Entonces, b\u00fascame en las redes&hellip;","protected":false},"author":1,"featured_media":77995,"comment_status":"open","ping_status":"closed","sticky":false,"template":"","format":"standard","meta":{"csco_display_header_overlay":false,"csco_singular_sidebar":"default","csco_page_header_type":"default","csco_page_load_nextpost":"default","csco_post_video_location":[],"csco_post_video_location_hash":"","csco_post_video_url":"","csco_post_video_bg_start_time":0,"csco_post_video_bg_end_time":0,"csco_post_video_bg_volume":false,"_jetpack_memberships_contains_paid_content":false,"footnotes":""},"categories":[5341,1790],"tags":[55,876,877],"class_list":{"0":"post-77991","1":"post","2":"type-post","3":"status-publish","4":"format-standard","5":"has-post-thumbnail","7":"category-z-colaborador-david-auris","8":"category-colaborador","9":"tag-educacion","10":"tag-redes","11":"tag-sociales","12":"cs-entry","13":"cs-video-wrap"},"yoast_head":"<!-- This site is optimized with the Yoast SEO plugin v27.4 - https:\/\/yoast.com\/product\/yoast-seo-wordpress\/ -->\n<title>[David Auris] Educaci\u00f3n y redes sociales - 2026<\/title>\n<meta name=\"description\" content=\"Amable cibernauta y curioso habitante del ciberespacio \u00bfTe gustar\u00eda conocer mi huella digital? \u00a0Entonces, b\u00fascame en las redes...\" \/>\n<meta name=\"robots\" content=\"index, follow, max-snippet:-1, max-image-preview:large, max-video-preview:-1\" \/>\n<link rel=\"canonical\" href=\"https:\/\/webdelmaestrocmf.com\/portal\/david-auris-educacion-y-redes-sociales\/\" \/>\n<meta property=\"og:locale\" content=\"es_ES\" \/>\n<meta property=\"og:type\" content=\"article\" \/>\n<meta property=\"og:title\" content=\"[David Auris] Educaci\u00f3n y redes sociales - 2026\" \/>\n<meta property=\"og:description\" content=\"Amable cibernauta y curioso habitante del ciberespacio \u00bfTe gustar\u00eda conocer mi huella digital? \u00a0Entonces, b\u00fascame en las redes...\" \/>\n<meta property=\"og:url\" content=\"https:\/\/webdelmaestrocmf.com\/portal\/david-auris-educacion-y-redes-sociales\/\" \/>\n<meta property=\"og:site_name\" content=\"Web del Maestro CMF\" \/>\n<meta property=\"article:publisher\" content=\"https:\/\/www.facebook.com\/WebdelMaestroCMF\/\" \/>\n<meta property=\"article:author\" content=\"https:\/\/www.facebook.com\/WebdelMaestroCMF\/\" \/>\n<meta property=\"article:published_time\" content=\"2022-06-27T18:05:47+00:00\" \/>\n<meta property=\"article:modified_time\" content=\"2022-06-27T18:07:19+00:00\" \/>\n<meta property=\"og:image\" content=\"https:\/\/i0.wp.com\/webdelmaestrocmf.com\/portal\/wp-content\/uploads\/2022\/06\/1a-11.jpg?fit=900%2C556&ssl=1\" \/>\n\t<meta property=\"og:image:width\" content=\"900\" \/>\n\t<meta property=\"og:image:height\" content=\"556\" \/>\n\t<meta property=\"og:image:type\" content=\"image\/jpeg\" \/>\n<meta name=\"author\" content=\"Web del Maestro CMF\" \/>\n<meta name=\"twitter:card\" content=\"summary_large_image\" \/>\n<meta name=\"twitter:creator\" content=\"@cmf_w\" \/>\n<meta name=\"twitter:site\" content=\"@cmf_w\" \/>\n<meta name=\"twitter:label1\" content=\"Escrito por\" \/>\n\t<meta name=\"twitter:data1\" content=\"Web del Maestro CMF\" \/>\n\t<meta name=\"twitter:label2\" content=\"Tiempo de lectura\" \/>\n\t<meta name=\"twitter:data2\" content=\"3 minutos\" \/>\n<script type=\"application\/ld+json\" class=\"yoast-schema-graph\">{\"@context\":\"https:\\\/\\\/schema.org\",\"@graph\":[{\"@type\":\"ScholarlyArticle\",\"@id\":\"https:\\\/\\\/webdelmaestrocmf.com\\\/portal\\\/david-auris-educacion-y-redes-sociales\\\/#article\",\"isPartOf\":{\"@id\":\"https:\\\/\\\/webdelmaestrocmf.com\\\/portal\\\/david-auris-educacion-y-redes-sociales\\\/\"},\"author\":{\"name\":\"Web del Maestro CMF\",\"@id\":\"https:\\\/\\\/webdelmaestrocmf.com\\\/portal\\\/#\\\/schema\\\/person\\\/1072a2ed7bd960df8ef99a551fa35dc5\"},\"headline\":\"[David Auris] Educaci\u00f3n y redes sociales\",\"datePublished\":\"2022-06-27T18:05:47+00:00\",\"dateModified\":\"2022-06-27T18:07:19+00:00\",\"mainEntityOfPage\":{\"@id\":\"https:\\\/\\\/webdelmaestrocmf.com\\\/portal\\\/david-auris-educacion-y-redes-sociales\\\/\"},\"wordCount\":642,\"commentCount\":0,\"publisher\":{\"@id\":\"https:\\\/\\\/webdelmaestrocmf.com\\\/portal\\\/#organization\"},\"image\":{\"@id\":\"https:\\\/\\\/webdelmaestrocmf.com\\\/portal\\\/david-auris-educacion-y-redes-sociales\\\/#primaryimage\"},\"thumbnailUrl\":\"https:\\\/\\\/webdelmaestrocmf.com\\\/portal\\\/wp-content\\\/uploads\\\/2022\\\/06\\\/1a-11.jpg\",\"keywords\":[\"EDUCACI\u00d3N\",\"REDES\",\"SOCIALES\"],\"articleSection\":[\"Z-Colaborador-David-Auris\",\"Z-Colaboradores\"],\"inLanguage\":\"es\",\"potentialAction\":[{\"@type\":\"CommentAction\",\"name\":\"Comment\",\"target\":[\"https:\\\/\\\/webdelmaestrocmf.com\\\/portal\\\/david-auris-educacion-y-redes-sociales\\\/#respond\"]}]},{\"@type\":\"WebPage\",\"@id\":\"https:\\\/\\\/webdelmaestrocmf.com\\\/portal\\\/david-auris-educacion-y-redes-sociales\\\/\",\"url\":\"https:\\\/\\\/webdelmaestrocmf.com\\\/portal\\\/david-auris-educacion-y-redes-sociales\\\/\",\"name\":\"[David Auris] Educaci\u00f3n y redes sociales - 2026\",\"isPartOf\":{\"@id\":\"https:\\\/\\\/webdelmaestrocmf.com\\\/portal\\\/#website\"},\"primaryImageOfPage\":{\"@id\":\"https:\\\/\\\/webdelmaestrocmf.com\\\/portal\\\/david-auris-educacion-y-redes-sociales\\\/#primaryimage\"},\"image\":{\"@id\":\"https:\\\/\\\/webdelmaestrocmf.com\\\/portal\\\/david-auris-educacion-y-redes-sociales\\\/#primaryimage\"},\"thumbnailUrl\":\"https:\\\/\\\/webdelmaestrocmf.com\\\/portal\\\/wp-content\\\/uploads\\\/2022\\\/06\\\/1a-11.jpg\",\"datePublished\":\"2022-06-27T18:05:47+00:00\",\"dateModified\":\"2022-06-27T18:07:19+00:00\",\"description\":\"Amable cibernauta y curioso habitante del ciberespacio \u00bfTe gustar\u00eda conocer mi huella digital? \u00a0Entonces, b\u00fascame en las redes...\",\"breadcrumb\":{\"@id\":\"https:\\\/\\\/webdelmaestrocmf.com\\\/portal\\\/david-auris-educacion-y-redes-sociales\\\/#breadcrumb\"},\"inLanguage\":\"es\",\"potentialAction\":[{\"@type\":\"ReadAction\",\"target\":[\"https:\\\/\\\/webdelmaestrocmf.com\\\/portal\\\/david-auris-educacion-y-redes-sociales\\\/\"]}]},{\"@type\":\"ImageObject\",\"inLanguage\":\"es\",\"@id\":\"https:\\\/\\\/webdelmaestrocmf.com\\\/portal\\\/david-auris-educacion-y-redes-sociales\\\/#primaryimage\",\"url\":\"https:\\\/\\\/webdelmaestrocmf.com\\\/portal\\\/wp-content\\\/uploads\\\/2022\\\/06\\\/1a-11.jpg\",\"contentUrl\":\"https:\\\/\\\/webdelmaestrocmf.com\\\/portal\\\/wp-content\\\/uploads\\\/2022\\\/06\\\/1a-11.jpg\",\"width\":900,\"height\":556},{\"@type\":\"BreadcrumbList\",\"@id\":\"https:\\\/\\\/webdelmaestrocmf.com\\\/portal\\\/david-auris-educacion-y-redes-sociales\\\/#breadcrumb\",\"itemListElement\":[{\"@type\":\"ListItem\",\"position\":1,\"name\":\"Portada\",\"item\":\"https:\\\/\\\/webdelmaestrocmf.com\\\/portal\\\/\"},{\"@type\":\"ListItem\",\"position\":2,\"name\":\"Z-Colaboradores\",\"item\":\"https:\\\/\\\/webdelmaestrocmf.com\\\/portal\\\/category\\\/colaborador\\\/\"},{\"@type\":\"ListItem\",\"position\":3,\"name\":\"[David Auris] Educaci\u00f3n y redes sociales\"}]},{\"@type\":\"WebSite\",\"@id\":\"https:\\\/\\\/webdelmaestrocmf.com\\\/portal\\\/#website\",\"url\":\"https:\\\/\\\/webdelmaestrocmf.com\\\/portal\\\/\",\"name\":\"Web del Maestro CMF\",\"description\":\"Maestros al servicio de la educaci\u00f3n\",\"publisher\":{\"@id\":\"https:\\\/\\\/webdelmaestrocmf.com\\\/portal\\\/#organization\"},\"alternateName\":\"WMCMF\",\"potentialAction\":[{\"@type\":\"SearchAction\",\"target\":{\"@type\":\"EntryPoint\",\"urlTemplate\":\"https:\\\/\\\/webdelmaestrocmf.com\\\/portal\\\/?s={search_term_string}\"},\"query-input\":{\"@type\":\"PropertyValueSpecification\",\"valueRequired\":true,\"valueName\":\"search_term_string\"}}],\"inLanguage\":\"es\"},{\"@type\":\"Organization\",\"@id\":\"https:\\\/\\\/webdelmaestrocmf.com\\\/portal\\\/#organization\",\"name\":\"Web del Maestro CMF\",\"alternateName\":\"WMCMF\",\"url\":\"https:\\\/\\\/webdelmaestrocmf.com\\\/portal\\\/\",\"logo\":{\"@type\":\"ImageObject\",\"inLanguage\":\"es\",\"@id\":\"https:\\\/\\\/webdelmaestrocmf.com\\\/portal\\\/#\\\/schema\\\/logo\\\/image\\\/\",\"url\":\"https:\\\/\\\/webdelmaestrocmf.com\\\/portal\\\/wp-content\\\/uploads\\\/2023\\\/01\\\/logo-wmcmf-2.png\",\"contentUrl\":\"https:\\\/\\\/webdelmaestrocmf.com\\\/portal\\\/wp-content\\\/uploads\\\/2023\\\/01\\\/logo-wmcmf-2.png\",\"width\":200,\"height\":60,\"caption\":\"Web del Maestro CMF\"},\"image\":{\"@id\":\"https:\\\/\\\/webdelmaestrocmf.com\\\/portal\\\/#\\\/schema\\\/logo\\\/image\\\/\"},\"sameAs\":[\"https:\\\/\\\/www.facebook.com\\\/WebdelMaestroCMF\\\/\",\"https:\\\/\\\/x.com\\\/cmf_w\",\"https:\\\/\\\/www.pinterest.com\\\/WMCMF\\\/\",\"https:\\\/\\\/www.linkedin.com\\\/company\\\/web-del-maestro-cmf\\\/\",\"https:\\\/\\\/www.instagram.com\\\/wmcmf\\\/\",\"https:\\\/\\\/www.youtube.com\\\/channel\\\/UCDPSvjbdodE5sHnC3OxutHw\",\"https:\\\/\\\/mastodon.social\\\/@wmcmf\",\"https:\\\/\\\/www.tiktok.com\\\/@webdelmaestrocmf\"]},{\"@type\":\"Person\",\"@id\":\"https:\\\/\\\/webdelmaestrocmf.com\\\/portal\\\/#\\\/schema\\\/person\\\/1072a2ed7bd960df8ef99a551fa35dc5\",\"name\":\"Web del Maestro CMF\",\"image\":{\"@type\":\"ImageObject\",\"inLanguage\":\"es\",\"@id\":\"https:\\\/\\\/secure.gravatar.com\\\/avatar\\\/23291dd5b5ae1077dcff3dbb04c3e02bd28403fa75af6d8787d5e97c5bbbe30b?s=96&d=mm&r=g\",\"url\":\"https:\\\/\\\/secure.gravatar.com\\\/avatar\\\/23291dd5b5ae1077dcff3dbb04c3e02bd28403fa75af6d8787d5e97c5bbbe30b?s=96&d=mm&r=g\",\"contentUrl\":\"https:\\\/\\\/secure.gravatar.com\\\/avatar\\\/23291dd5b5ae1077dcff3dbb04c3e02bd28403fa75af6d8787d5e97c5bbbe30b?s=96&d=mm&r=g\",\"caption\":\"Web del Maestro CMF\"},\"description\":\"Esta Web se cre\u00f3 sin fines de lucro, con fines educativos, cient\u00edficos y acad\u00e9micos, para personas que tengan dificultades y\\\/o inconvenientes en visualizar el material original. El objetivo es entregar recursos, compartir experiencias y materiales que ayuden a los padres de familia, maestros y estudiantes en su actualizaci\u00f3n y formaci\u00f3n permanente, en bien de la Educaci\u00f3n.\",\"sameAs\":[\"http:\\\/\\\/webdelmaestrocmf.com\\\/portal\",\"https:\\\/\\\/www.facebook.com\\\/WebdelMaestroCMF\\\/\",\"https:\\\/\\\/www.instagram.com\\\/wmcmf\\\/\",\"https:\\\/\\\/cl.linkedin.com\\\/company\\\/web-del-maestro-cmf\",\"https:\\\/\\\/www.pinterest.com\\\/WMCMF\\\/publicaciones\\\/\",\"https:\\\/\\\/x.com\\\/cmf_w\",\"https:\\\/\\\/www.youtube.com\\\/@WMCMF\"]}]}<\/script>\n<!-- \/ Yoast SEO plugin. -->","yoast_head_json":{"title":"[David Auris] Educaci\u00f3n y redes sociales - 2026","description":"Amable cibernauta y curioso habitante del ciberespacio \u00bfTe gustar\u00eda conocer mi huella digital? \u00a0Entonces, b\u00fascame en las redes...","robots":{"index":"index","follow":"follow","max-snippet":"max-snippet:-1","max-image-preview":"max-image-preview:large","max-video-preview":"max-video-preview:-1"},"canonical":"https:\/\/webdelmaestrocmf.com\/portal\/david-auris-educacion-y-redes-sociales\/","og_locale":"es_ES","og_type":"article","og_title":"[David Auris] Educaci\u00f3n y redes sociales - 2026","og_description":"Amable cibernauta y curioso habitante del ciberespacio \u00bfTe gustar\u00eda conocer mi huella digital? \u00a0Entonces, b\u00fascame en las redes...","og_url":"https:\/\/webdelmaestrocmf.com\/portal\/david-auris-educacion-y-redes-sociales\/","og_site_name":"Web del Maestro CMF","article_publisher":"https:\/\/www.facebook.com\/WebdelMaestroCMF\/","article_author":"https:\/\/www.facebook.com\/WebdelMaestroCMF\/","article_published_time":"2022-06-27T18:05:47+00:00","article_modified_time":"2022-06-27T18:07:19+00:00","og_image":[{"width":900,"height":556,"url":"https:\/\/i0.wp.com\/webdelmaestrocmf.com\/portal\/wp-content\/uploads\/2022\/06\/1a-11.jpg?fit=900%2C556&ssl=1","type":"image\/jpeg"}],"author":"Web del Maestro CMF","twitter_card":"summary_large_image","twitter_creator":"@cmf_w","twitter_site":"@cmf_w","twitter_misc":{"Escrito por":"Web del Maestro CMF","Tiempo de lectura":"3 minutos"},"schema":{"@context":"https:\/\/schema.org","@graph":[{"@type":"ScholarlyArticle","@id":"https:\/\/webdelmaestrocmf.com\/portal\/david-auris-educacion-y-redes-sociales\/#article","isPartOf":{"@id":"https:\/\/webdelmaestrocmf.com\/portal\/david-auris-educacion-y-redes-sociales\/"},"author":{"name":"Web del Maestro CMF","@id":"https:\/\/webdelmaestrocmf.com\/portal\/#\/schema\/person\/1072a2ed7bd960df8ef99a551fa35dc5"},"headline":"[David Auris] Educaci\u00f3n y redes sociales","datePublished":"2022-06-27T18:05:47+00:00","dateModified":"2022-06-27T18:07:19+00:00","mainEntityOfPage":{"@id":"https:\/\/webdelmaestrocmf.com\/portal\/david-auris-educacion-y-redes-sociales\/"},"wordCount":642,"commentCount":0,"publisher":{"@id":"https:\/\/webdelmaestrocmf.com\/portal\/#organization"},"image":{"@id":"https:\/\/webdelmaestrocmf.com\/portal\/david-auris-educacion-y-redes-sociales\/#primaryimage"},"thumbnailUrl":"https:\/\/webdelmaestrocmf.com\/portal\/wp-content\/uploads\/2022\/06\/1a-11.jpg","keywords":["EDUCACI\u00d3N","REDES","SOCIALES"],"articleSection":["Z-Colaborador-David-Auris","Z-Colaboradores"],"inLanguage":"es","potentialAction":[{"@type":"CommentAction","name":"Comment","target":["https:\/\/webdelmaestrocmf.com\/portal\/david-auris-educacion-y-redes-sociales\/#respond"]}]},{"@type":"WebPage","@id":"https:\/\/webdelmaestrocmf.com\/portal\/david-auris-educacion-y-redes-sociales\/","url":"https:\/\/webdelmaestrocmf.com\/portal\/david-auris-educacion-y-redes-sociales\/","name":"[David Auris] Educaci\u00f3n y redes sociales - 2026","isPartOf":{"@id":"https:\/\/webdelmaestrocmf.com\/portal\/#website"},"primaryImageOfPage":{"@id":"https:\/\/webdelmaestrocmf.com\/portal\/david-auris-educacion-y-redes-sociales\/#primaryimage"},"image":{"@id":"https:\/\/webdelmaestrocmf.com\/portal\/david-auris-educacion-y-redes-sociales\/#primaryimage"},"thumbnailUrl":"https:\/\/webdelmaestrocmf.com\/portal\/wp-content\/uploads\/2022\/06\/1a-11.jpg","datePublished":"2022-06-27T18:05:47+00:00","dateModified":"2022-06-27T18:07:19+00:00","description":"Amable cibernauta y curioso habitante del ciberespacio \u00bfTe gustar\u00eda conocer mi huella digital? \u00a0Entonces, b\u00fascame en las redes...","breadcrumb":{"@id":"https:\/\/webdelmaestrocmf.com\/portal\/david-auris-educacion-y-redes-sociales\/#breadcrumb"},"inLanguage":"es","potentialAction":[{"@type":"ReadAction","target":["https:\/\/webdelmaestrocmf.com\/portal\/david-auris-educacion-y-redes-sociales\/"]}]},{"@type":"ImageObject","inLanguage":"es","@id":"https:\/\/webdelmaestrocmf.com\/portal\/david-auris-educacion-y-redes-sociales\/#primaryimage","url":"https:\/\/webdelmaestrocmf.com\/portal\/wp-content\/uploads\/2022\/06\/1a-11.jpg","contentUrl":"https:\/\/webdelmaestrocmf.com\/portal\/wp-content\/uploads\/2022\/06\/1a-11.jpg","width":900,"height":556},{"@type":"BreadcrumbList","@id":"https:\/\/webdelmaestrocmf.com\/portal\/david-auris-educacion-y-redes-sociales\/#breadcrumb","itemListElement":[{"@type":"ListItem","position":1,"name":"Portada","item":"https:\/\/webdelmaestrocmf.com\/portal\/"},{"@type":"ListItem","position":2,"name":"Z-Colaboradores","item":"https:\/\/webdelmaestrocmf.com\/portal\/category\/colaborador\/"},{"@type":"ListItem","position":3,"name":"[David Auris] Educaci\u00f3n y redes sociales"}]},{"@type":"WebSite","@id":"https:\/\/webdelmaestrocmf.com\/portal\/#website","url":"https:\/\/webdelmaestrocmf.com\/portal\/","name":"Web del Maestro CMF","description":"Maestros al servicio de la educaci\u00f3n","publisher":{"@id":"https:\/\/webdelmaestrocmf.com\/portal\/#organization"},"alternateName":"WMCMF","potentialAction":[{"@type":"SearchAction","target":{"@type":"EntryPoint","urlTemplate":"https:\/\/webdelmaestrocmf.com\/portal\/?s={search_term_string}"},"query-input":{"@type":"PropertyValueSpecification","valueRequired":true,"valueName":"search_term_string"}}],"inLanguage":"es"},{"@type":"Organization","@id":"https:\/\/webdelmaestrocmf.com\/portal\/#organization","name":"Web del Maestro CMF","alternateName":"WMCMF","url":"https:\/\/webdelmaestrocmf.com\/portal\/","logo":{"@type":"ImageObject","inLanguage":"es","@id":"https:\/\/webdelmaestrocmf.com\/portal\/#\/schema\/logo\/image\/","url":"https:\/\/webdelmaestrocmf.com\/portal\/wp-content\/uploads\/2023\/01\/logo-wmcmf-2.png","contentUrl":"https:\/\/webdelmaestrocmf.com\/portal\/wp-content\/uploads\/2023\/01\/logo-wmcmf-2.png","width":200,"height":60,"caption":"Web del Maestro CMF"},"image":{"@id":"https:\/\/webdelmaestrocmf.com\/portal\/#\/schema\/logo\/image\/"},"sameAs":["https:\/\/www.facebook.com\/WebdelMaestroCMF\/","https:\/\/x.com\/cmf_w","https:\/\/www.pinterest.com\/WMCMF\/","https:\/\/www.linkedin.com\/company\/web-del-maestro-cmf\/","https:\/\/www.instagram.com\/wmcmf\/","https:\/\/www.youtube.com\/channel\/UCDPSvjbdodE5sHnC3OxutHw","https:\/\/mastodon.social\/@wmcmf","https:\/\/www.tiktok.com\/@webdelmaestrocmf"]},{"@type":"Person","@id":"https:\/\/webdelmaestrocmf.com\/portal\/#\/schema\/person\/1072a2ed7bd960df8ef99a551fa35dc5","name":"Web del Maestro CMF","image":{"@type":"ImageObject","inLanguage":"es","@id":"https:\/\/secure.gravatar.com\/avatar\/23291dd5b5ae1077dcff3dbb04c3e02bd28403fa75af6d8787d5e97c5bbbe30b?s=96&d=mm&r=g","url":"https:\/\/secure.gravatar.com\/avatar\/23291dd5b5ae1077dcff3dbb04c3e02bd28403fa75af6d8787d5e97c5bbbe30b?s=96&d=mm&r=g","contentUrl":"https:\/\/secure.gravatar.com\/avatar\/23291dd5b5ae1077dcff3dbb04c3e02bd28403fa75af6d8787d5e97c5bbbe30b?s=96&d=mm&r=g","caption":"Web del Maestro CMF"},"description":"Esta Web se cre\u00f3 sin fines de lucro, con fines educativos, cient\u00edficos y acad\u00e9micos, para personas que tengan dificultades y\/o inconvenientes en visualizar el material original. El objetivo es entregar recursos, compartir experiencias y materiales que ayuden a los padres de familia, maestros y estudiantes en su actualizaci\u00f3n y formaci\u00f3n permanente, en bien de la Educaci\u00f3n.","sameAs":["http:\/\/webdelmaestrocmf.com\/portal","https:\/\/www.facebook.com\/WebdelMaestroCMF\/","https:\/\/www.instagram.com\/wmcmf\/","https:\/\/cl.linkedin.com\/company\/web-del-maestro-cmf","https:\/\/www.pinterest.com\/WMCMF\/publicaciones\/","https:\/\/x.com\/cmf_w","https:\/\/www.youtube.com\/@WMCMF"]}]}},"jetpack_featured_media_url":"https:\/\/webdelmaestrocmf.com\/portal\/wp-content\/uploads\/2022\/06\/1a-11.jpg","jetpack_sharing_enabled":true,"jetpack-related-posts":[{"id":111240,"url":"https:\/\/webdelmaestrocmf.com\/portal\/david-auris-retos-del-maestro-universitario\/","url_meta":{"origin":77991,"position":0},"title":"[David Auris] Retos del maestro universitario","author":"Web del Maestro CMF","date":"15 julio, 2025","format":false,"excerpt":"La revoluci\u00f3n tecnol\u00f3gica est\u00e1 impactando profundamente en el \u00e1mbito educativo, donde incluso el m\u00e1s m\u00ednimo traspi\u00e9 de un profesor universitario puede inundar las redes sociales, erosionando su vida profesional. En consecuencia, el mero dominio de su campo, el manejo de las TICs y las habilidades did\u00e1cticas ya no son suficientes.\u2026","rel":"","context":"En \u00abZ-Colaborador-David-Auris\u00bb","block_context":{"text":"Z-Colaborador-David-Auris","link":"https:\/\/webdelmaestrocmf.com\/portal\/category\/colaborador\/z-colaborador-david-auris\/"},"img":{"alt_text":"","src":"https:\/\/i0.wp.com\/webdelmaestrocmf.com\/portal\/wp-content\/uploads\/2025\/07\/1A-Banner-1-portada-imagen-10-1-copia-54.webp?resize=350%2C200&ssl=1","width":350,"height":200,"srcset":"https:\/\/i0.wp.com\/webdelmaestrocmf.com\/portal\/wp-content\/uploads\/2025\/07\/1A-Banner-1-portada-imagen-10-1-copia-54.webp?resize=350%2C200&ssl=1 1x, https:\/\/i0.wp.com\/webdelmaestrocmf.com\/portal\/wp-content\/uploads\/2025\/07\/1A-Banner-1-portada-imagen-10-1-copia-54.webp?resize=525%2C300&ssl=1 1.5x, https:\/\/i0.wp.com\/webdelmaestrocmf.com\/portal\/wp-content\/uploads\/2025\/07\/1A-Banner-1-portada-imagen-10-1-copia-54.webp?resize=700%2C400&ssl=1 2x"},"classes":[]},{"id":104073,"url":"https:\/\/webdelmaestrocmf.com\/portal\/david-auris-dia-internacional-de-la-educacion-y-cultura-de-paz\/","url_meta":{"origin":77991,"position":1},"title":"[David Auris] D\u00eda Internacional de la educaci\u00f3n y cultura de paz","author":"Web del Maestro CMF","date":"19 febrero, 2024","format":false,"excerpt":"En nuestro h\u00e1bitat contempor\u00e1neo e interconectado, las fronteras dig\u00edtales han desaparecido, sin embargo, es sorprendente ver que el odio hacia al pr\u00f3jimo se erige en una poderosa muralla a lo largo y ancho del planeta, alimentado por individuos incapaces de respetar al otro. Esta animadversi\u00f3n es una pandemia que corroe\u2026","rel":"","context":"En \u00abZ-Colaborador-David-Auris\u00bb","block_context":{"text":"Z-Colaborador-David-Auris","link":"https:\/\/webdelmaestrocmf.com\/portal\/category\/colaborador\/z-colaborador-david-auris\/"},"img":{"alt_text":"David Auris","src":"https:\/\/i0.wp.com\/webdelmaestrocmf.com\/portal\/wp-content\/uploads\/2024\/02\/Banner-1-portada-imagen-10-1-19-1.jpg?resize=350%2C200&ssl=1","width":350,"height":200,"srcset":"https:\/\/i0.wp.com\/webdelmaestrocmf.com\/portal\/wp-content\/uploads\/2024\/02\/Banner-1-portada-imagen-10-1-19-1.jpg?resize=350%2C200&ssl=1 1x, https:\/\/i0.wp.com\/webdelmaestrocmf.com\/portal\/wp-content\/uploads\/2024\/02\/Banner-1-portada-imagen-10-1-19-1.jpg?resize=525%2C300&ssl=1 1.5x, https:\/\/i0.wp.com\/webdelmaestrocmf.com\/portal\/wp-content\/uploads\/2024\/02\/Banner-1-portada-imagen-10-1-19-1.jpg?resize=700%2C400&ssl=1 2x"},"classes":[]},{"id":95658,"url":"https:\/\/webdelmaestrocmf.com\/portal\/david-auris-educacion-de-la-juventud-y-dia-internacional-de-la-paz\/","url_meta":{"origin":77991,"position":2},"title":"[David Auris] Educaci\u00f3n de la juventud y D\u00eda Internacional de la Paz","author":"Web del Maestro CMF","date":"23 septiembre, 2023","format":false,"excerpt":"En un cosmos caracterizado por la violencia, la b\u00fasqueda de la paz es un objetivo com\u00fan entre las personas que luchan por una vida mejor, que, por cierto, constituyen la mayor\u00eda de los ocho mil millones de habitantes. Los j\u00f3venes son atacados desde muchos frentes con mensajes violentos de todo\u2026","rel":"","context":"En \u00abZ-Colaborador-David-Auris\u00bb","block_context":{"text":"Z-Colaborador-David-Auris","link":"https:\/\/webdelmaestrocmf.com\/portal\/category\/colaborador\/z-colaborador-david-auris\/"},"img":{"alt_text":"","src":"https:\/\/i0.wp.com\/webdelmaestrocmf.com\/portal\/wp-content\/uploads\/2023\/09\/A12B3C4D-11-3.jpg?resize=350%2C200&ssl=1","width":350,"height":200,"srcset":"https:\/\/i0.wp.com\/webdelmaestrocmf.com\/portal\/wp-content\/uploads\/2023\/09\/A12B3C4D-11-3.jpg?resize=350%2C200&ssl=1 1x, https:\/\/i0.wp.com\/webdelmaestrocmf.com\/portal\/wp-content\/uploads\/2023\/09\/A12B3C4D-11-3.jpg?resize=525%2C300&ssl=1 1.5x, https:\/\/i0.wp.com\/webdelmaestrocmf.com\/portal\/wp-content\/uploads\/2023\/09\/A12B3C4D-11-3.jpg?resize=700%2C400&ssl=1 2x"},"classes":[]},{"id":106777,"url":"https:\/\/webdelmaestrocmf.com\/portal\/david-auris-educacion-inclusiva-y-equidad\/","url_meta":{"origin":77991,"position":3},"title":"[David Auris] Educaci\u00f3n inclusiva y equidad","author":"Web del Maestro CMF","date":"29 octubre, 2024","format":false,"excerpt":"En pleno siglo XXI, donde el poder del conocimiento innovador es un \u00edcono de desarrollo, ocho millones de adultos peruanos no han culminado su educaci\u00f3n secundaria. Este espantoso dato, desnuda nuestra descomunal exclusi\u00f3n, a pesar de que, en todos los foros mundiales, se plantea la importancia de la educaci\u00f3n como\u2026","rel":"","context":"En \u00abZ-Colaborador-David-Auris\u00bb","block_context":{"text":"Z-Colaborador-David-Auris","link":"https:\/\/webdelmaestrocmf.com\/portal\/category\/colaborador\/z-colaborador-david-auris\/"},"img":{"alt_text":"","src":"https:\/\/i0.wp.com\/webdelmaestrocmf.com\/portal\/wp-content\/uploads\/2024\/10\/Banner-1-portada-imagen-10-1-10.jpg?resize=350%2C200&ssl=1","width":350,"height":200,"srcset":"https:\/\/i0.wp.com\/webdelmaestrocmf.com\/portal\/wp-content\/uploads\/2024\/10\/Banner-1-portada-imagen-10-1-10.jpg?resize=350%2C200&ssl=1 1x, https:\/\/i0.wp.com\/webdelmaestrocmf.com\/portal\/wp-content\/uploads\/2024\/10\/Banner-1-portada-imagen-10-1-10.jpg?resize=525%2C300&ssl=1 1.5x, https:\/\/i0.wp.com\/webdelmaestrocmf.com\/portal\/wp-content\/uploads\/2024\/10\/Banner-1-portada-imagen-10-1-10.jpg?resize=700%2C400&ssl=1 2x"},"classes":[]},{"id":105550,"url":"https:\/\/webdelmaestrocmf.com\/portal\/david-auris-dia-de-la-madre-en-las-escuelas\/","url_meta":{"origin":77991,"position":4},"title":"[David Auris] D\u00eda de la madre en las escuelas","author":"Web del Maestro CMF","date":"18 mayo, 2024","format":false,"excerpt":"Cada segundo domingo de mayo, al celebrarse el D\u00eda de la Madre en muchos pa\u00edses del mundo, las escuelas se colman de vibrantes alegr\u00edas, discursos de amor y poemas del alma. Sin embargo, \u00bfes factible que este a\u00f1o vayamos m\u00e1s all\u00e1 de los tradicionales homenajes y reconozcamos a las progenitoras\u2026","rel":"","context":"En \u00abZ-Colaborador-David-Auris\u00bb","block_context":{"text":"Z-Colaborador-David-Auris","link":"https:\/\/webdelmaestrocmf.com\/portal\/category\/colaborador\/z-colaborador-david-auris\/"},"img":{"alt_text":"","src":"https:\/\/i0.wp.com\/webdelmaestrocmf.com\/portal\/wp-content\/uploads\/2024\/05\/happy-mothers-day-celebration.png?resize=350%2C200&ssl=1","width":350,"height":200,"srcset":"https:\/\/i0.wp.com\/webdelmaestrocmf.com\/portal\/wp-content\/uploads\/2024\/05\/happy-mothers-day-celebration.png?resize=350%2C200&ssl=1 1x, https:\/\/i0.wp.com\/webdelmaestrocmf.com\/portal\/wp-content\/uploads\/2024\/05\/happy-mothers-day-celebration.png?resize=525%2C300&ssl=1 1.5x, https:\/\/i0.wp.com\/webdelmaestrocmf.com\/portal\/wp-content\/uploads\/2024\/05\/happy-mothers-day-celebration.png?resize=700%2C400&ssl=1 2x, https:\/\/i0.wp.com\/webdelmaestrocmf.com\/portal\/wp-content\/uploads\/2024\/05\/happy-mothers-day-celebration.png?resize=1050%2C600&ssl=1 3x, https:\/\/i0.wp.com\/webdelmaestrocmf.com\/portal\/wp-content\/uploads\/2024\/05\/happy-mothers-day-celebration.png?resize=1400%2C800&ssl=1 4x"},"classes":[]},{"id":104292,"url":"https:\/\/webdelmaestrocmf.com\/portal\/david-auris-educacion-basica-para-una-justicia-social\/","url_meta":{"origin":77991,"position":5},"title":"[David Auris] Educaci\u00f3n b\u00e1sica para una justicia social","author":"Web del Maestro CMF","date":"25 febrero, 2024","format":false,"excerpt":"Sin equidad en la educaci\u00f3n, no existe justicia social. No se trata de ideolog\u00edas pol\u00edticas. Se trata de desarrollar el capital humano, con el prop\u00f3sito de establecer una sociedad m\u00e1s sostenida que el mundo de hoy exige. La lucha por la justicia social desde la educaci\u00f3n requiere un compromiso colectivo,\u2026","rel":"","context":"En \u00abRecursos\u00bb","block_context":{"text":"Recursos","link":"https:\/\/webdelmaestrocmf.com\/portal\/category\/pedagogia\/"},"img":{"alt_text":"","src":"https:\/\/i0.wp.com\/webdelmaestrocmf.com\/portal\/wp-content\/uploads\/2024\/02\/Banner-1-portada-imagen-10-1-52.jpg?resize=350%2C200&ssl=1","width":350,"height":200,"srcset":"https:\/\/i0.wp.com\/webdelmaestrocmf.com\/portal\/wp-content\/uploads\/2024\/02\/Banner-1-portada-imagen-10-1-52.jpg?resize=350%2C200&ssl=1 1x, https:\/\/i0.wp.com\/webdelmaestrocmf.com\/portal\/wp-content\/uploads\/2024\/02\/Banner-1-portada-imagen-10-1-52.jpg?resize=525%2C300&ssl=1 1.5x, https:\/\/i0.wp.com\/webdelmaestrocmf.com\/portal\/wp-content\/uploads\/2024\/02\/Banner-1-portada-imagen-10-1-52.jpg?resize=700%2C400&ssl=1 2x"},"classes":[]}],"_links":{"self":[{"href":"https:\/\/webdelmaestrocmf.com\/portal\/wp-json\/wp\/v2\/posts\/77991","targetHints":{"allow":["GET"]}}],"collection":[{"href":"https:\/\/webdelmaestrocmf.com\/portal\/wp-json\/wp\/v2\/posts"}],"about":[{"href":"https:\/\/webdelmaestrocmf.com\/portal\/wp-json\/wp\/v2\/types\/post"}],"author":[{"embeddable":true,"href":"https:\/\/webdelmaestrocmf.com\/portal\/wp-json\/wp\/v2\/users\/1"}],"replies":[{"embeddable":true,"href":"https:\/\/webdelmaestrocmf.com\/portal\/wp-json\/wp\/v2\/comments?post=77991"}],"version-history":[{"count":0,"href":"https:\/\/webdelmaestrocmf.com\/portal\/wp-json\/wp\/v2\/posts\/77991\/revisions"}],"wp:featuredmedia":[{"embeddable":true,"href":"https:\/\/webdelmaestrocmf.com\/portal\/wp-json\/wp\/v2\/media\/77995"}],"wp:attachment":[{"href":"https:\/\/webdelmaestrocmf.com\/portal\/wp-json\/wp\/v2\/media?parent=77991"}],"wp:term":[{"taxonomy":"category","embeddable":true,"href":"https:\/\/webdelmaestrocmf.com\/portal\/wp-json\/wp\/v2\/categories?post=77991"},{"taxonomy":"post_tag","embeddable":true,"href":"https:\/\/webdelmaestrocmf.com\/portal\/wp-json\/wp\/v2\/tags?post=77991"}],"curies":[{"name":"wp","href":"https:\/\/api.w.org\/{rel}","templated":true}]}}