{"id":77564,"date":"2022-06-14T19:49:05","date_gmt":"2022-06-14T23:49:05","guid":{"rendered":"https:\/\/webdelmaestrocmf.com\/portal\/?p=77564"},"modified":"2026-03-12T20:44:19","modified_gmt":"2026-03-12T23:44:19","slug":"99-frases-del-papa-francisco-sobre-la-sabiduria-de-la-vejez-y-el-descarte-de-los-ancianos","status":"publish","type":"post","link":"https:\/\/webdelmaestrocmf.com\/portal\/99-frases-del-papa-francisco-sobre-la-sabiduria-de-la-vejez-y-el-descarte-de-los-ancianos\/","title":{"rendered":"99 frases del Papa Francisco sobre la sabidur\u00eda de la vejez y el descarte de los ancianos"},"content":{"rendered":"<p style=\"text-align: justify;\">Con ocasi\u00f3n del D\u00eda Mundial de Toma de Conciencia del Abuso y Maltrato en la Vejez, instituida por Asamblea General de las Naciones Unidas en el a\u00f1o 2006, como una necesaria reflexi\u00f3n social, que debe comenzar en las familias y las escuelas, con el fin de lograr que cada d\u00eda m\u00e1s personas mayores tengan derecho a una vida digna, libre de toda forma de abuso, que pueda poner en peligro su salud y bienestar, y considerando que \u00a0la ancianidad no es un tiempo in\u00fatil en el que nuestros adultos mayores se hacen a un lado, abandonando los remos en la barca, sino que es una estaci\u00f3n para seguir dando frutos\u201d (cf Papa Francisco); hemos elaborado esta publicaci\u00f3n, que ojal\u00e1 sea \u00fatil los educadores que crean conveniente escuchar y reflexionar este tema desde el magisterio del Papa Francisco.<\/p>\n<p><!--more--><\/p>\n<p style=\"text-align: justify;\">Las frases compartidas han sido <strong>extra\u00eddas de las audiencias generales sobre la vejez<\/strong>, pronunciadas por el Papa Francisco entre el 23 de febrero y el 08 de junio (Santa Sede), con un especial llamado a la sociedad para que sepamos acercarnos a los ancianos con respeto, descubrir su especial dignidad y sepamos que son una fuente de sabidur\u00eda a la cual recurrir.<\/p>\n<h5 style=\"text-align: justify;\">EL RESPETO A LOS ANCIANOS (01\u00b4 39\u201d)<\/h5>\n<p><iframe loading=\"lazy\" title=\"YouTube video player\" src=\"https:\/\/www.youtube.com\/embed\/MGzP1y6hgL8\" width=\"100%\" height=\"400\" frameborder=\"0\" allowfullscreen=\"allowfullscreen\"><span data-mce-type=\"bookmark\" style=\"display: inline-block; width: 0px; overflow: hidden; line-height: 0;\" class=\"mce_SELRES_start\">\ufeff<\/span><\/iframe><\/p>\n<p style=\"text-align: justify;\">El cuidado de los ancianos es un desaf\u00edo para nuestra cultura en que los abuelos tienen derecho a so\u00f1ar, y para que la humanidad no pierda \u201cla memoria de la que son portadores los mayores, porque somos hijos de esa historia, y <strong>sin ra\u00edces nos marchitaremos<\/strong>. Ellos nos han custodiado a lo largo de las etapas de nuestro crecimiento, <strong>ahora nos toca a nosotros<\/strong> custodiar su vida, aligerar sus dificultades, estar atentos a sus necesidades, crear las condiciones para que se les faciliten sus tareas diarias y no se sientan solos\u201d (Papa Francisco 25\/07\/2021).<\/p>\n<ol style=\"text-align: justify;\">\n<li>Los ancianos: \u201cnunca hemos sido tan numerosos en la historia humana\u201d.<\/li>\n<\/ol>\n<ol style=\"text-align: justify;\" start=\"2\">\n<li>\u201cEl <strong>riesgo de ser descartados<\/strong> [los ancianos] es a\u00fan m\u00e1s frecuente: nunca tan numerosos como ahora, nunca el riesgo como ahora de ser descartados\u201d.<\/li>\n<\/ol>\n<ol style=\"text-align: justify;\" start=\"3\">\n<li>\u201cLos ancianos son <strong>vistos a menudo como \u00abun peso\u00bb<\/strong>\u201d.<\/li>\n<\/ol>\n<ol style=\"text-align: justify;\" start=\"4\">\n<li>\u201cEn la dram\u00e1tica primera fase de <strong>la pandemia<\/strong> fueron ellos [los ancianos] los que pagaron el precio m\u00e1s alto. Ya <strong>eran la parte m\u00e1s d\u00e9bil y descuidada<\/strong>: no los mir\u00e1bamos demasiado en vida, <strong>ni siquiera los vimos morir<\/strong>\u201d.<\/li>\n<\/ol>\n<ol style=\"text-align: justify;\" start=\"5\">\n<li>\u201cNos preguntamos: \u00bfhay amistad, <strong>hay alianza entre las diferentes edades de la vida<\/strong> o prevalecen la separaci\u00f3n y el descarte?\u201d<\/li>\n<\/ol>\n<ol style=\"text-align: justify;\" start=\"6\">\n<li>\u201cLa cultura dominante tiene como <strong>modelo \u00fanico el joven-adulto<\/strong>, es decir un individuo hecho a s\u00ed mismo que permanece siempre joven\u201d.<\/li>\n<\/ol>\n<ol style=\"text-align: justify;\" start=\"7\">\n<li>\u201cLa exaltaci\u00f3n de la juventud como \u00fanica edad digna de encarnar el ideal humano, unida al desprecio de la vejez vista como fragilidad, como degradaci\u00f3n o discapacidad, ha sido el <strong>icono dominante de los totalitarismos del siglo XX<\/strong>. \u00bfHemos olvidado esto?\u201d<\/li>\n<\/ol>\n<ol style=\"text-align: justify;\" start=\"8\">\n<li>\u201c\u00bfQuiz\u00e1 los ancianos deben pedir perd\u00f3n por su obstinaci\u00f3n a sobrevivir a costa de los dem\u00e1s? \u00bfO <strong>pueden ser honrados<\/strong> por los dones que llevan al sentido de la vida de todos?\u201d<\/li>\n<\/ol>\n<ol style=\"text-align: justify;\" start=\"9\">\n<li>\u201cEn las culturas llamadas \u201cdesarrolladas\u201d\u2014 la vejez tiene poca incidencia. \u00bfPor qu\u00e9? Porque es considerada <strong>una edad que no tiene contenidos especiales que ofrecer, ni significados propios que vivir<\/strong>. Adem\u00e1s, hay una falta de est\u00edmulo por parte de la gente para buscarlos, y falta la educaci\u00f3n de la comunidad para reconocerlos\u201d.<\/li>\n<\/ol>\n<ol style=\"text-align: justify;\" start=\"10\">\n<li>Para algunos planes sociales \u201cel anciano, la anciana <strong>son material de descarte<\/strong>: en esta cultura del descarte, los ancianos entran como material de descarte\u201d.<\/li>\n<\/ol>\n<ol style=\"text-align: justify;\" start=\"11\">\n<li>\u201cLa juventud es hermosa, pero <strong>la eterna juventud es una alucinaci\u00f3n<\/strong> muy peligrosa\u201d.<\/li>\n<\/ol>\n<ol style=\"text-align: justify;\" start=\"12\">\n<li>\u201cSer ancianos es tan importante \u2014y hermoso\u2014 como ser j\u00f3venes\u201d.<\/li>\n<\/ol>\n<ol style=\"text-align: justify;\" start=\"13\">\n<li>\u201cCuando los ancianos <strong>comunican sus sue\u00f1os<\/strong>, los j\u00f3venes ven bien lo que deben hacer\u201d.<\/li>\n<\/ol>\n<ol style=\"text-align: justify;\" start=\"14\">\n<li>\u201cA <strong>los j\u00f3venes que ya no interrogan los sue\u00f1os de los ancianos<\/strong>, meti\u00e9ndose de cabeza en visiones que no van m\u00e1s all\u00e1 de sus narices, les costar\u00e1 llevar su presente y soportar su futuro\u201d.<\/li>\n<\/ol>\n<ol style=\"text-align: justify;\" start=\"15\">\n<li>\u201cSi los abuelos se repliegan en sus melancol\u00edas, <strong>los j\u00f3venes se encorvar\u00e1n a\u00fan m\u00e1s en su smartphone<\/strong>. La pantalla puede incluso permanecer encendida, pero la vida se apaga antes de tiempo\u201d.<\/li>\n<\/ol>\n<ol style=\"text-align: justify;\" start=\"16\">\n<li>\u201cLos ancianos tienen recursos de vida ya vivida a los cuales pueden recurrir en todo momento. [&#8230;] Ante los sue\u00f1os de los ancianos, \u00bfqu\u00e9 har\u00e1n los j\u00f3venes?\u201d<\/li>\n<\/ol>\n<ol style=\"text-align: justify;\" start=\"17\">\n<li>\u201cLa sabidur\u00eda del largo camino que acompa\u00f1a la vejez a su despedida <strong>debe ser vivida como un don del sentido de la vida,<\/strong> no consumida como inercia de su supervivencia\u201d.<\/li>\n<\/ol>\n<ol style=\"text-align: justify;\" start=\"18\">\n<li>\u201cLa vejez, si no es restituida a la <strong>dignidad de una vida humanamente digna<\/strong>, est\u00e1 destinada a cerrarse en un abatimiento que quita amor a todos\u201d.<\/li>\n<\/ol>\n<ol style=\"text-align: justify;\" start=\"19\">\n<li>\u201cLa vejez <strong>es un don para todas las edades de la vida<\/strong>. Es un don de madurez, de sabidur\u00eda\u201d.<\/li>\n<\/ol>\n<ol style=\"text-align: justify;\" start=\"20\">\n<li>\u201cLa Palabra de Dios nos ayudar\u00e1 a discernir el sentido y el valor de la vejez\u201d.<\/li>\n<\/ol>\n<ol style=\"text-align: justify;\" start=\"21\">\n<li>\u201cLo importante no es solo que el anciano ocupe el lugar de sabidur\u00eda que tiene, de historia vivida en la sociedad, sino tambi\u00e9n <strong>que haya un coloquio<\/strong>, que hable con los j\u00f3venes\u201d.<\/li>\n<\/ol>\n<ol style=\"text-align: justify;\" start=\"22\">\n<li>\u201cLos j\u00f3venes deben hablar con los ancianos, y los ancianos con los j\u00f3venes. Y <strong>este puente ser\u00e1 la transmisi\u00f3n de la sabidur\u00eda<\/strong> en la humanidad\u201d.<\/li>\n<\/ol>\n<ol style=\"text-align: justify;\" start=\"23\">\n<li>\u201cTodo lo hermoso que tiene una sociedad est\u00e1 en relaci\u00f3n con <strong>las ra\u00edces de los ancianos<\/strong>\u201d.<\/li>\n<\/ol>\n<ol style=\"text-align: justify;\" start=\"24\">\n<li>\u201cEl anciano <strong>no es un material de descarte<\/strong>: es una bendici\u00f3n para la sociedad\u201d. (23\/02\/2022)<\/li>\n<\/ol>\n<ol style=\"text-align: justify;\" start=\"25\">\n<li>\u201cLa vejez, ciertamente, impone ritmos m\u00e1s lentos: pero no son solo tiempos de inercia. La medida de estos ritmos abre, para todos, espacios de sentido de la vida desconocidos para la obsesi\u00f3n de la velocidad. <strong>Perder el contacto con los ritmos lentos de la vejez<\/strong> cierra estos espacios para todos\u201d.<\/li>\n<\/ol>\n<ol style=\"text-align: justify;\" start=\"26\">\n<li>\u201cUn joven que no est\u00e1 <strong>vinculado a sus ra\u00edces,<\/strong> que son los abuelos, no recibe la fuerza \u2014como el \u00e1rbol tiene la fuerza de las ra\u00edces\u2014 y crece mal, crece enfermo, crece sin referencias. Por eso es necesario buscar, como <strong>una exigencia humana<\/strong>, el di\u00e1logo entre las generaciones\u201d.<\/li>\n<\/ol>\n<ol style=\"text-align: justify;\" start=\"27\">\n<li>\u201cLa ciudad moderna tiende a ser <strong>hostil con los ancianos<\/strong> (y no por casualidad tambi\u00e9n lo es con los ni\u00f1os)\u201d.<\/li>\n<\/ol>\n<ol style=\"text-align: justify;\" start=\"28\">\n<li>\u201cEsta sociedad que <strong>tiene este esp\u00edritu del descarte<\/strong> y descarta tantos ni\u00f1os no queridos, descarta a los ancianos: los descarta, no sirven y los pone en una residencia para ancianos, ingresados\u2026\u201d.<\/li>\n<\/ol>\n<ol style=\"text-align: justify;\" start=\"29\">\n<li>\u201cCuando t\u00fa vuelves a casa y est\u00e1 el abuelo o la abuela que quiz\u00e1 no razona bien o, no s\u00e9, ha perdido un poco la capacidad de hablar, y t\u00fa est\u00e1s con \u00e9l o con ella, t\u00fa \u00abpierdes tiempo\u00bb, pero <strong>este \u00abperder tiempo\u00bb fortalece la familia humana<\/strong>. Es necesario gastar tiempo \u2014un tiempo que no es rentable\u2014 con los ni\u00f1os y con los ancianos, porque ellos nos dan otra capacidad de ver la vida\u201d.<\/li>\n<\/ol>\n<ol style=\"text-align: justify;\" start=\"30\">\n<li>\u201cLos ritmos de la vejez son un recurso indispensable para captar el sentido de la vida marcada por el tiempo. <strong>Los ancianos tienen sus ritmos,<\/strong> pero son ritmos que nos ayudan\u201d.<\/li>\n<\/ol>\n<ol style=\"text-align: justify;\" start=\"31\">\n<li>\u201cUna sociedad <strong>donde los ancianos no hablan <\/strong>con los j\u00f3venes, los j\u00f3venes no hablan con los ancianos, los adultos no hablan con los ancianos ni con los j\u00f3venes, es <strong>una sociedad est\u00e9ril, sin futuro, una sociedad que no mira al horizonte<\/strong>, sino que se mira a s\u00ed misma. Y se queda sola\u201d. (02\/03\/2022).<\/li>\n<\/ol>\n<ol style=\"text-align: justify;\" start=\"32\">\n<li>\u201cLa vejez est\u00e1 en condiciones de captar el enga\u00f1o de [la] normalizaci\u00f3n de <strong>una vida obsesionada por el disfrute y vac\u00eda de interioridad:<\/strong> vida sin pensamiento, sin sacrificio, sin interioridad, sin belleza, sin verdad, sin justicia, sin amor: esto es todo corrupci\u00f3n\u201d.<\/li>\n<\/ol>\n<ol style=\"text-align: justify;\" start=\"33\">\n<li>\u201cLa sensibilidad especial de nosotros ancianos, de la edad anciana por las atenciones, <strong>los pensamientos y los afectos que nos hacen m\u00e1s humanos,<\/strong> deber\u00eda volver a ser una vocaci\u00f3n para muchos\u201d.<\/li>\n<\/ol>\n<ol style=\"text-align: justify;\" start=\"34\">\n<li>\u201cLa sabidur\u00eda de los ancianos es muy necesaria, hoy, <strong>para ir contra la corrupci\u00f3n.<\/strong> Las nuevas generaciones esperan de nosotros los mayores, de nosotros ancianos una <strong>palabra que sea profec\u00eda<\/strong>, que abra las puertas a nuevas perspectivas fuera de este mundo despreocupado de la corrupci\u00f3n, de la costumbre de las cosas corruptas\u201d.<\/li>\n<\/ol>\n<ol style=\"text-align: justify;\" start=\"35\">\n<li>\u201cHay algo feo, <strong>cuando los ancianos no han madurado<\/strong> y se vuelven mayores con las mismas costumbres corruptas de los j\u00f3venes\u201d.<\/li>\n<\/ol>\n<ol style=\"text-align: justify;\" start=\"36\">\n<li>\u201cNosotros ancianos <strong>debemos cuidar de los j\u00f3venes, de los ni\u00f1os que est\u00e1n en peligro.<\/strong> [&#8230;] no olvidemos que tenemos la posibilidad de la sabidur\u00eda, de decir a los otros: \u00abMira, este camino de corrupci\u00f3n no lleva a nada\u00bb. Nosotros <strong>debemos ser como el buen vino<\/strong> que al final envejecido puede dar un mensaje bueno y no malo\u201d.<\/li>\n<\/ol>\n<ol style=\"text-align: justify;\" start=\"37\">\n<li>Los ancianos \u201ctienen <strong>la responsabilidad de denunciar la corrupci\u00f3n humana<\/strong> en la que se vive y en la que va adelante este modo de vivir de relativismo, totalmente relativo, como si todo fuera l\u00edcito\u201d.<\/li>\n<\/ol>\n<ol style=\"text-align: justify;\" start=\"38\">\n<li>\u201cEl mundo lo necesita, necesita <strong>j\u00f3venes fuertes<\/strong>, que vayan adelante, y <strong>ancianos sabios<\/strong>\u201d. (16\/03\/2022).<\/li>\n<\/ol>\n<ol style=\"text-align: justify;\" start=\"39\">\n<li>\u201cLos ancianos ven la historia y transmiten la historia. Una vejez a la cual le es concedida esta lucidez <strong>es un don valioso para la pr\u00f3xima generaci\u00f3n<\/strong>\u201d.<\/li>\n<\/ol>\n<ol style=\"text-align: justify;\" start=\"40\">\n<li>\u201cEsta civilizaci\u00f3n nueva tiene la idea de que los ancianos son material de descarte, los ancianos deben ser descartados<strong>. \u00a1Esto es una brutalidad!<\/strong> No, no es as\u00ed\u201d.<\/li>\n<\/ol>\n<ol style=\"text-align: justify;\" start=\"41\">\n<li>\u201cUn anciano que ha vivido mucho, y obtiene el <strong>don de un l\u00facido y apasionado testimonio de su historia,<\/strong> es una bendici\u00f3n insustituible. \u00bfSomos capaces de reconocer y de honrar este don de los ancianos? [&#8230;] Y <strong>esto no se aprende ni en los libros ni de otra manera<\/strong>, se aprende as\u00ed, transmiti\u00e9ndola de abuelos a nietos. Y esto es insustituible\u201d.<\/li>\n<\/ol>\n<ol style=\"text-align: justify;\" start=\"42\">\n<li>Los ancianos \u201c<strong>son la memoria viva de un pueblo <\/strong>y los j\u00f3venes y los ni\u00f1os deben escuchar a los abuelos\u201d.<\/li>\n<\/ol>\n<ol style=\"text-align: justify;\" start=\"43\">\n<li>\u201cSer leal es contar la historia como es, y solamente la puede contar bien quien la ha vivido. Por esto <strong>es muy importante escuchar a los ancianos<\/strong>, escuchar a los abuelos, es importante <strong>que los ni\u00f1os hablen con ellos<\/strong>\u201d.<\/li>\n<\/ol>\n<ol style=\"text-align: justify;\" start=\"44\">\n<li>\u201cEs muy importante el di\u00e1logo en una familia, <strong>el di\u00e1logo de los ni\u00f1os con los abuelos<\/strong> que son aquellos que tienen la sabidur\u00eda de la fe\u201d. (23\/03\/2022)<\/li>\n<\/ol>\n<ol style=\"text-align: justify;\" start=\"45\">\n<li>\u201cLa vejez debilita, de una manera u otra, la sensibilidad del cuerpo: uno es m\u00e1s ciego, otro m\u00e1s sordo\u2026 Sin embargo, <strong>una vejez que se ha ejercitado en la espera de la visita de Dios no perder\u00e1 su paso<\/strong>: es m\u00e1s, estar\u00e1 tambi\u00e9n m\u00e1s preparada a acogerla, tendr\u00e1 m\u00e1s sensibilidad para acoger al Se\u00f1or cuando pasa\u201d.<\/li>\n<\/ol>\n<ol style=\"text-align: justify;\" start=\"46\">\n<li>\u201cHoy m\u00e1s que nunca necesitamos esto: <strong>necesitamos una vejez dotada de sentidos espirituales vivos <\/strong>y capaz de reconocer los signos de Dios, es m\u00e1s, el Signo de Dios\u201d.<\/li>\n<\/ol>\n<ol style=\"text-align: justify;\" start=\"47\">\n<li>\u201c<em>La anestesia de los sentidos espirituales<\/em> \u2014y esto es feo\u2014 <strong>la anestesia de los sentidos espirituales, en la excitaci\u00f3n y en el entumecimiento de los corporales<\/strong>, es un s\u00edndrome generalizado en una sociedad que cultiva la ilusi\u00f3n de la eterna juventud, y su rasgo m\u00e1s peligroso est\u00e1 en el hecho de que esta es mayoritariamente inconsciente\u201d.<\/li>\n<\/ol>\n<ol style=\"text-align: justify;\" start=\"48\">\n<li>\u201cEs muy importante ir donde los ancianos, <strong>es muy importante escucharlos<\/strong>. Es muy importante hablar con ellos, porque tiene lugar este intercambio de civilizaci\u00f3n, este intercambio de madurez entre j\u00f3venes y ancianos. Y as\u00ed, nuestra civilizaci\u00f3n va hacia delante de forma madura\u201d.<\/li>\n<\/ol>\n<ol style=\"text-align: justify;\" start=\"50\">\n<li>\u201cLa vejez que ha cultivado <strong>la sensibilidad del alma apaga toda envidia<\/strong> entre las generaciones, todo resentimiento, &#8230;\u201d.<\/li>\n<li>\u201cLa sensibilidad espiritual de la edad anciana <strong>es capaz de abatir la competici\u00f3n y el conflicto entre las generaciones<\/strong> de forma cre\u00edble y definitiva\u201d. (30\/03\/2022)<\/li>\n<\/ol>\n<h5 style=\"text-align: justify;\">LA VIOLENCIA CONTRA LOS ANCIANOS ES INHUMANA (04\u00b4 28\u201d)<\/h5>\n<p><iframe loading=\"lazy\" title=\"YouTube video player\" src=\"https:\/\/www.youtube.com\/embed\/Cf5AB-JbzRE\" width=\"100%\" height=\"400\" frameborder=\"0\" allowfullscreen=\"allowfullscreen\"><span data-mce-type=\"bookmark\" style=\"display: inline-block; width: 0px; overflow: hidden; line-height: 0;\" class=\"mce_SELRES_start\">\ufeff<\/span><\/iframe><\/p>\n<ol style=\"text-align: justify;\" start=\"51\">\n<li>\u201cLas experiencias de <strong>nuestra fragilidad<\/strong>, frente a las situaciones dram\u00e1ticas \u2014a veces tr\u00e1gicas\u2014 de la vida, pueden suceder en todo tiempo de la existencia. Sin embargo, en la edad anciana estas pueden suscitar menos impresi\u00f3n e inducir en los otros una especie de h\u00e1bito, incluso de molestia\u201d.<\/li>\n<li>\u201cEl camino <strong>de honrar a las personas que nos han precedido<\/strong> empieza aqu\u00ed: honrar a los ancianos\u201d.<\/li>\n<li>\u201c<em>Honor<\/em> es una buena palabra para enmarcar este \u00e1mbito de <strong>restituci\u00f3n del amor<\/strong> que concierne a la edad anciana\u201d.<\/li>\n<li>\u201cHoy hemos descubierto el t\u00e9rmino \u00abdignidad\u00bb, para indicar <strong>el valor del respeto y del cuidado de la vida de todos<\/strong>. Dignidad, aqu\u00ed, equivale sustancialmente al honor: honrar al padre y a la madre, honrar a los ancianos y reconocer la dignidad que tienen\u201d.<\/li>\n<li>\u201cMuchas veces <strong>pensamos que los ancianos son el descarte o los ponemos nosotros en el descarte<\/strong>; se desprecia a los ancianos y se descartan de la vida, dej\u00e1ndoles de lado\u201d.<\/li>\n<li>El \u201cdesprecio, que deshonra al anciano, en realidad nos deshonra a todos nosotros. <strong>Si yo deshonro al anciano me deshonro a m\u00ed mismo<\/strong>\u201d.<\/li>\n<li>\u201cMe permito aconsejar a los padres: por favor, <strong>acerquen a los hijos, a los ni\u00f1os, a los hijos j\u00f3venes a los ancianos, <\/strong>acercarles siempre. Y cuando el anciano est\u00e1 enfermo, un poco fuera de s\u00ed, acercarles siempre: que sepan que esta es nuestra carne, que esto es lo que ha hecho que nosotros estemos aqu\u00ed ahora. Por favor, no alejar a los ancianos\u201d.<\/li>\n<li>\u201cPensar que los ancianos son material de descarte, &#8230; <strong>es un pecado grave<\/strong>\u201d.<\/li>\n<li>\u201cCustodien a los ancianos. Y si pierden la cabeza, cust\u00f3dienlos tambi\u00e9n porque <strong>son la presencia de la historia, la presencia de mi familia, <\/strong>y gracias a ellos yo estoy aqu\u00ed, lo podemos decir todos\u201d.<\/li>\n<li>\u201cCustodiar a los ancianos, <strong>no es una cuesti\u00f3n de cosm\u00e9ticos ni de cirug\u00eda pl\u00e1stica, no.<\/strong> M\u00e1s bien es una cuesti\u00f3n de honor, que debe transformar la educaci\u00f3n de los j\u00f3venes respecto a la vida y a sus fases\u201d. (20\/04\/2022)<\/li>\n<li>\u201cPor favor, que los j\u00f3venes <strong>hablen con los abuelos<\/strong>, que los j\u00f3venes hablen con los ancianos, que los ancianos hablen con los j\u00f3venes. Este puente debemos restablecerlo fuerte, <strong>hay ah\u00ed una corriente de salvaci\u00f3n, de felicidad<\/strong>\u201d. (27\/04\/2022)<\/li>\n<li>\u201c<strong>No cambiaremos la fe por unos cuantos d\u00edas tranquilos<\/strong>, [demostremos] con mucha humildad y firmeza, precisamente en nuestra vejez, que creer no es algo \u201cde viejos\u201d, sino que es algo de vida\u201d.<\/li>\n<li>\u201cMiremos, por favor, a los j\u00f3venes. Ellos nos miran, no olvidemos esto. [&#8230;] y <strong>nuestra coherencia puede abriles un camino de vida bell\u00edsimo<\/strong>. Sin embargo, una eventual hipocres\u00eda har\u00e1 mucho mal\u201d. (04\/05\/2022)<\/li>\n<li>\u201cHay un compromiso, gozoso y cansado, de cuidar a los nietos, y <strong>hoy los abuelos tienen un rol muy grande en la familia <\/strong>para ayudar a crecer a los nietos\u201d.<\/li>\n<li>\u201cPara los abuelos, una parte importante de su vocaci\u00f3n es <strong>sostener a los hijos en la educaci\u00f3n de los ni\u00f1os<\/strong>. Los peque\u00f1os aprenden la fuerza de la ternura y el respeto por la fragilidad: lecciones insustituibles, que con los abuelos son m\u00e1s f\u00e1ciles de impartir y de recibir\u201d.<\/li>\n<li>\u201cLos abuelos, por su parte, aprenden que <strong>la ternura y la fragilidad no son solo signos de la decadencia<\/strong>: para los j\u00f3venes, son pasajes que hacen humano el futuro\u201d.<\/li>\n<li>\u201cCuando se piensa en la herencia, a veces pensamos en los <em>bienes<\/em>, y no en el <em>bien<\/em> que se ha hecho en la vejez y que ha sido sembrado, ese bien que <strong>es la mejor herencia que nosotros podemos dejar<\/strong>\u201d.<\/li>\n<li>\u201cComo ancianos, se pierde un poco la vista, pero <strong>la mirada interior se hace m\u00e1s penetrante: se ve con el coraz\u00f3n<\/strong>. Uno se vuelve capaz de ver cosas que antes se le escapaban. Los ancianos saben mirar y saben ver&#8230;\u201d.<\/li>\n<li>\u201c<strong>El Se\u00f1or no encomienda sus talentos solo a los j\u00f3venes y a los fuertes<\/strong>; tiene para todos, a medida de cada uno, tambi\u00e9n para los ancianos\u201d.<\/li>\n<li>\u201cLa vida de nuestras comunidades debe saber <strong>disfrutar de los talentos y de los carismas de tantos ancianos<\/strong>, que para el registro est\u00e1n ya jubilados, pero que son una riqueza que hay que valorar\u201d.<\/li>\n<li>\u201cY as\u00ed yo quisiera que fueran nuestras abuelas [como Ruth]. Todas as\u00ed: valientes, sabias y <strong>que nos dejen la herencia no del dinero, sino la herencia de la sabidur\u00eda<\/strong>, sembrada en sus nietos\u201d. (11\/05\/2022)<\/li>\n<li>\u201cMiremos a los ancianos, miremos a los viejos, las viejas, las viejitas; <strong>mir\u00e9moslos con amor, miremos su experiencia personal<\/strong>. Ellos han sufrido mucho en la vida, han aprendido mucho en la vida, han pasado muchas, pero al final tienen esta paz, una paz \u2014yo dir\u00eda\u2014 casi m\u00edstica, es decir la paz del encuentro con Dios, &#8230;\u201d. (18\/05\/2022)<\/li>\n<li>\u201cLa vejez hace casi inevitable este <strong>encuentro con el desencanto<\/strong>. El desencanto, en la vejez, viene\u201d.<\/li>\n<li>\u201c<em>La resistencia de la vejez a los efectos desmoralizantes de este desencanto<\/em> es decisiva: si los ancianos, que ya han visto de todo, <strong>conservan intacta <em>su pasi\u00f3n por la justicia<\/em><\/strong>, entonces hay <em>esperanza <\/em>para el <em>amor<\/em>, y tambi\u00e9n para <em>la fe<\/em>\u201d.<\/li>\n<li>\u201c<strong>La \u00ab<em>acedia\u00bb <\/em><\/strong>[&#8230;] es una de las tentaciones de todos, tambi\u00e9n de los ancianos, es de todos. <strong>No es simplemente pereza<\/strong>: no, es m\u00e1s. <strong>No es simplemente depresi\u00f3n<\/strong>: no. M\u00e1s bien, la acedia es la rendici\u00f3n al conocimiento del mundo sin m\u00e1s pasi\u00f3n por la justicia y la acci\u00f3n consecuente\u201d.<\/li>\n<li>\u201c\u00a1<em>Los ancianos <strong>llenos de sabidur\u00eda y humor<\/strong><\/em> hacen mucho bien a los j\u00f3venes! Los salvan de la tentaci\u00f3n de un conocimiento del mundo triste y sin sabidur\u00eda de la vida\u201d. (25\/05\/2022)<\/li>\n<li>\u201cEn esta sociedad del descarte, esta cultura del descarte, los ancianos <strong>son dejados de lado y sufren <\/strong>[&#8230;] no faltan quienes se aprovechan de la edad del anciano, para enga\u00f1arlo<strong>, para intimidarlo de mil maneras<\/strong>. [&#8230;] son <strong>enga\u00f1ados sin escr\u00fapulos<\/strong> para apoderarse de sus ahorros; o que quedan <strong>desprotegidos o abandonados sin cuidados<\/strong>; u ofendidos por formas de desprecio e intimidadas para que renuncien a sus derechos\u201d.<\/li>\n<li>\u201cLos ancianos descartados, <strong>abandonados en las residencias<\/strong>, sin que los hijos vayan a visitarles o si van, van pocas veces al a\u00f1o. El anciano puesto en el rinc\u00f3n de la existencia\u201d.<\/li>\n<li>\u201cToda la sociedad debe apresurarse a atender a sus ancianos \u2014 <strong>\u00a1son el tesoro!<\/strong> \u2014 cada vez m\u00e1s numerosos, y a menudo tambi\u00e9n m\u00e1s abandonados\u201d.<\/li>\n<li>\u201cCuando o\u00edmos hablar de ancianos que son despojados de su autonom\u00eda, de su seguridad, incluso de su hogar, entendemos que <strong>la ambivalencia de la sociedad actual en relaci\u00f3n con la edad anciana no es un problema de emergencias puntuales<\/strong>, sino un rasgo de esa cultura del descarte que envenena el mundo en el que vivimos\u201d.<\/li>\n<li>\u201cLa vejez no solo pierde su dignidad, sino que se pone en duda incluso que merezca continuar. As\u00ed, todos <strong>estamos tentados de esconder nuestra propia vulnerabilidad, esconder nuestra enfermedad, nuestra edad y nuestra vejez<\/strong>, porque tememos que sean la antesala de nuestra p\u00e9rdida de dignidad\u201d.<\/li>\n<li>\u201c\u00bfPor qu\u00e9 la civilizaci\u00f3n moderna, tan avanzada y eficiente, <strong>se siente tan inc\u00f3moda con la enfermedad y la vejez,<\/strong> esconde la enfermedad, esconde la vejez?\u201d.<\/li>\n<li>\u201c\u00bfY por qu\u00e9 la pol\u00edtica, que se muestra tan comprometida con definir <strong>los l\u00edmites de una supervivencia digna<\/strong>, al mismo tiempo es insensible a la dignidad de una convivencia afectuosa con los ancianos y los enfermos?\u201d<\/li>\n<li>\u201cLos ancianos, por su debilidad, <strong>pueden ense\u00f1ar a los que viven otras edades <\/strong>de la vida que todos necesitamos abandonarnos en el Se\u00f1or, invocar su ayuda\u201d.<\/li>\n<li>\u201cEn este sentido, todos <strong>debemos aprender de la vejez<\/strong>: s\u00ed, hay un don en ser anciano entendido como abandonarse al cuidado de los dem\u00e1s, empezando por Dios mismo\u201d.<\/li>\n<li>\u201cNo esconder la vejez, <strong>no esconder las fragilidades de la vejez<\/strong>. Esta es una ense\u00f1anza para todos nosotros\u201d.<\/li>\n<li>\u201c<strong>La marginaci\u00f3n de los ancianos<\/strong> tanto conceptual como pr\u00e1ctica corrompe todas las etapas de la vida, no s\u00f3lo la de la ancianidad\u201d.<\/li>\n<li>\u201cRecuerda que tambi\u00e9n <strong>t\u00fa ser\u00e1s anciano o anciana<\/strong>. La vejez viene para todos\u201d.<\/li>\n<li>Los ancianos \u201cson la memoria de la familia, la memoria de la humanidad, la memoria del pa\u00eds. <strong>[Debemos] custodiar los ancianos que son sabidur\u00eda<\/strong>\u201d. (01\/06\/2022)<\/li>\n<li>\u201cNuestra \u00e9poca y nuestra cultura, que muestran una preocupante tendencia a <strong>considerar el nacimiento de un hijo como una simple cuesti\u00f3n de producci\u00f3n y de reproducci\u00f3n biol\u00f3gica<\/strong> del ser humano, cultivan el mito de la eterna juventud como la obsesi\u00f3n \u2014desesperada\u2014 de una carne incorruptible\u201d.<\/li>\n<li>\u201c<strong>Confundir el bienestar con la alimentaci\u00f3n del mito de la eterna juventud<\/strong>. Se hace mucho para tener de nuevo siempre esta juventud: muchos maquillajes, muchas operaciones quir\u00fargicas para parecer m\u00e1s j\u00f3venes\u201d.<\/li>\n<li>\u201c<strong>Las arrugas son un s\u00edmbolo<\/strong> de la experiencia, un s\u00edmbolo de la vida, un s\u00edmbolo de la madurez, un s\u00edmbolo de haber hecho un camino\u201d.<\/li>\n<li>\u201cLa vejez <strong>es la condici\u00f3n, concedida a muchos de nosotros<\/strong>, en la cual el milagro de este nacimiento de lo alto puede ser asimilado \u00edntimamente y hecho cre\u00edble para la comunidad humana: no comunica nostalgia del nacimiento en el tiempo, sino amor por el destino final\u201d.<\/li>\n<li>\u201cEl viejo camina hacia adelante, <strong>el viejo camina hacia el destino,<\/strong> hacia el cielo de Dios, el viejo camina con su sabidur\u00eda vivida durante la vida\u201d.<\/li>\n<li>\u201cLa vejez, pues, <strong>es un tiempo especial para librar el futuro de la ilusi\u00f3n tecnocr\u00e1tica<\/strong> de una supervivencia biol\u00f3gica y rob\u00f3tica, &#8230;\u201d.<\/li>\n<li>\u201cObserven a un abuelo o una abuela c\u00f3mo miran a los nietos, c\u00f3mo acarician a los nietos: <strong>esa ternura, libre de toda prueba humana, que ha vencido las pruebas humanas<\/strong> y es capaz de dar gratuitamente el amor, la cercan\u00eda amorosa del uno por los otros\u201d.<\/li>\n<li>\u201cLos ancianos son los mensajeros del futuro, los ancianos <strong>son los mensajeros de la ternura,<\/strong> los ancianos son los mensajeros de la sabidur\u00eda de una vida vivida\u201d. (08\/06\/2022)<\/li>\n<li>\u201cCuiden la familia. Cuiden la naturaleza. Cuiden a los ni\u00f1os. Cuiden a los viejos\u201d.<\/li>\n<li>\u201cHay una eutanasia escondida; es decir, no se cuida a los ancianos. Pero tambi\u00e9n hay una eutanasia cultural: no se les deja hablar ni actuar\u201d. (15\/03\/2013)<\/li>\n<\/ol>\n<p style=\"text-align: justify;\">Esperamos que estos 99 pensamientos se completen con el 100 que cada uno quiera agregar o quiz\u00e1 fruto del di\u00e1logo con sus estudiantes y padres de familia. Una mayor conciencia del valor de nuestros adultos mayores nos permitir\u00e1 ser capaces de respetar sus derechos humanos que son tan incondicionales como los nuestros. Ha llegado <strong>la oportunidad de revisar, fortalecer y reavivar<\/strong> nuestro aprecio por aquellos que han avanzado en a\u00f1os, y a los cuales les debemos la sociedad en la vivimos hoy. <em>\u201cUna civilizaci\u00f3n moderna solo puede merecer tal nombre si conserva la tradici\u00f3n de honrar, respetar y proteger a los ancianos de la sociedad\u201d<\/em> (Ban Ki-moon).<\/p>\n<p style=\"text-align: center;\">Recordemos que todos podemos llegar a envejecer, y ese proceso \u201c<em>es como escalar una gran monta\u00f1a: mientras se sube las fuerzas disminuyen, pero la mirada es m\u00e1s libre, la vista m\u00e1s amplia y serena<\/em>\u201d (Ingmar Bergman) y que \u201c<em>una bella ancianidad es, ordinariamente, la recompensa de una bella vida<\/em>\u201d (Pit\u00e1goras), porque a veces en el silencio de la noche, todos los recuerdos nos son devueltos con la plenitud de una canci\u00f3n de infancia, pues \u201c<em>en la soledad, nadie escapa a los recuerdos<\/em>\u201c (Antoine de Saint-Exup\u00e9ry).<\/p>\n<p style=\"text-align: right;\"><strong>REDACCI\u00d3N WEB DEL MASTRO CMF<\/strong><\/p>\n\t\t<div class=\"pk-inline-posts\">\n\t\t\t\n\t\t\t<div class=\"pk-inline-posts-container pk-inline-posts-template-list\"\n\t\t\t\tdata-columns=\"1\">\n\t\t\t\t\t\t<article id=\"post-117434\" class=\"post-117434 post type-post status-publish format-standard has-post-thumbnail category-entrevistas category-iglesia-catolica category-pastoral category-noticias tag-aprendizaje tag-docencia tag-educacion-humanista tag-educacion-superior-2 tag-formacion-integral-2 tag-liderazgo tag-papa-francisco tag-pedagogia-3 tag-universidad tag-valores cs-entry cs-video-wrap\">\n\t\t\t<div class=\"pk-post-outer\">\n\n\t\t\t\t\t\t\t\t<div class=\"pk-post-inner\">\n\t\t\t\t\t<div class=\"entry-thumbnail\">\n\t\t\t\t\t\t<div class=\"pk-overlay pk-overlay-ratio pk-ratio-landscape\">\n\t\t\t\t\t\t\t<div class=\"pk-overlay-background\">\n\t\t\t\t\t\t\t\t<a href=\"https:\/\/webdelmaestrocmf.com\/portal\/cual-es-la-mision-de-la-universidad-segun-el-papa-francisco-formar-personas-completas-no-solo-profesionales\/\" class=\"pk-overlay-link\">\n\t\t\t\t\t\t\t\t\t<img loading=\"lazy\" decoding=\"async\" width=\"300\" height=\"225\" src=\"https:\/\/webdelmaestrocmf.com\/portal\/wp-content\/uploads\/2026\/04\/1-3-300x225.webp\" class=\"attachment-pk-thumbnail size-pk-thumbnail wp-post-image\" alt=\"\" \/>\t\t\t\t\t\t\t\t<\/a>\n\t\t\t\t\t\t\t<\/div>\n\t\t\t\t\t\t<\/div>\n\t\t\t\t\t<\/div>\n\t\t\t\t<\/div>\n\t\t\t\t\n\t\t\t\t<div class=\"pk-post-inner\">\n\t\t\t\t\t<header>\n\t\t\t\t\t\t<h3 class=\"pk-title\"><a href=\"https:\/\/webdelmaestrocmf.com\/portal\/cual-es-la-mision-de-la-universidad-segun-el-papa-francisco-formar-personas-completas-no-solo-profesionales\/\" rel=\"bookmark\">Cu\u00e1l es la misi\u00f3n de la universidad seg\u00fan el Papa Francisco: formar personas completas, no solo profesionales<\/a><\/h3>\t\t\t\t\t<\/header><!-- .entry-header -->\n\t\t\t\t<\/div><!-- .post-inner -->\n\n\t\t\t<\/div><!-- .post-outer -->\n\t\t<\/article>\n\t\t\t\t<\/div>\n\t\t<\/div>\n\t\t\n","protected":false},"excerpt":{"rendered":"Con ocasi\u00f3n del D\u00eda Mundial de Toma de Conciencia del Abuso y Maltrato en la Vejez, instituida por&hellip;","protected":false},"author":1,"featured_media":77565,"comment_status":"open","ping_status":"closed","sticky":false,"template":"","format":"standard","meta":{"csco_display_header_overlay":false,"csco_singular_sidebar":"default","csco_page_header_type":"default","csco_page_load_nextpost":"default","csco_post_video_location":[],"csco_post_video_location_hash":"","csco_post_video_url":"","csco_post_video_bg_start_time":0,"csco_post_video_bg_end_time":0,"csco_post_video_bg_volume":false,"_jetpack_memberships_contains_paid_content":false,"footnotes":""},"categories":[430,431],"tags":[973,14828,1363,1374,880,4658,6505],"class_list":{"0":"post-77564","1":"post","2":"type-post","3":"status-publish","4":"format-standard","5":"has-post-thumbnail","7":"category-iglesia-catolica","8":"category-pastoral","9":"tag-ancianos","10":"tag-descarte","11":"tag-francisco","12":"tag-frases","13":"tag-papa","14":"tag-sabiduria","15":"tag-vejez","16":"cs-entry","17":"cs-video-wrap"},"yoast_head":"<!-- This site is optimized with the Yoast SEO plugin v27.5 - https:\/\/yoast.com\/product\/yoast-seo-wordpress\/ -->\n<title>99 frases del Papa Francisco sobre la sabidur\u00eda de la vejez y el descarte de los ancianos - 2026<\/title>\n<meta name=\"description\" content=\"Comunidad de Maestros, Docentes y Profesores, en donde encontrar\u00e1s material, informaci\u00f3n y noticias del \u00e1mbito nacional y mundial.\" \/>\n<meta name=\"robots\" content=\"index, follow, max-snippet:-1, max-image-preview:large, max-video-preview:-1\" \/>\n<link rel=\"canonical\" href=\"https:\/\/webdelmaestrocmf.com\/portal\/99-frases-del-papa-francisco-sobre-la-sabiduria-de-la-vejez-y-el-descarte-de-los-ancianos\/\" \/>\n<meta property=\"og:locale\" content=\"es_ES\" \/>\n<meta property=\"og:type\" content=\"article\" \/>\n<meta property=\"og:title\" content=\"99 frases del Papa Francisco sobre la sabidur\u00eda de la vejez y el descarte de los ancianos - 2026\" \/>\n<meta property=\"og:description\" content=\"Comunidad de Maestros, Docentes y Profesores, en donde encontrar\u00e1s material, informaci\u00f3n y noticias del \u00e1mbito nacional y mundial.\" \/>\n<meta property=\"og:url\" content=\"https:\/\/webdelmaestrocmf.com\/portal\/99-frases-del-papa-francisco-sobre-la-sabiduria-de-la-vejez-y-el-descarte-de-los-ancianos\/\" \/>\n<meta property=\"og:site_name\" content=\"Web del Maestro CMF\" \/>\n<meta property=\"article:publisher\" content=\"https:\/\/www.facebook.com\/WebdelMaestroCMF\/\" \/>\n<meta property=\"article:author\" content=\"https:\/\/www.facebook.com\/WebdelMaestroCMF\/\" \/>\n<meta property=\"article:published_time\" content=\"2022-06-14T23:49:05+00:00\" \/>\n<meta property=\"article:modified_time\" content=\"2026-03-12T23:44:19+00:00\" \/>\n<meta property=\"og:image\" content=\"https:\/\/webdelmaestrocmf.com\/portal\/wp-content\/uploads\/2022\/06\/1-39.jpg\" \/>\n\t<meta property=\"og:image:width\" content=\"1100\" \/>\n\t<meta property=\"og:image:height\" content=\"680\" \/>\n\t<meta property=\"og:image:type\" content=\"image\/jpeg\" \/>\n<meta name=\"author\" content=\"Web del Maestro CMF\" \/>\n<meta name=\"twitter:card\" content=\"summary_large_image\" \/>\n<meta name=\"twitter:creator\" content=\"@cmf_w\" \/>\n<meta name=\"twitter:site\" content=\"@cmf_w\" \/>\n<script type=\"application\/ld+json\" class=\"yoast-schema-graph\">{\"@context\":\"https:\\\/\\\/schema.org\",\"@graph\":[{\"@type\":\"ScholarlyArticle\",\"@id\":\"https:\\\/\\\/webdelmaestrocmf.com\\\/portal\\\/99-frases-del-papa-francisco-sobre-la-sabiduria-de-la-vejez-y-el-descarte-de-los-ancianos\\\/#article\",\"isPartOf\":{\"@id\":\"https:\\\/\\\/webdelmaestrocmf.com\\\/portal\\\/99-frases-del-papa-francisco-sobre-la-sabiduria-de-la-vejez-y-el-descarte-de-los-ancianos\\\/\"},\"author\":{\"name\":\"Web del Maestro CMF\",\"@id\":\"https:\\\/\\\/webdelmaestrocmf.com\\\/portal\\\/#\\\/schema\\\/person\\\/1072a2ed7bd960df8ef99a551fa35dc5\"},\"headline\":\"99 frases del Papa Francisco sobre la sabidur\u00eda de la vejez y el descarte de los ancianos\",\"datePublished\":\"2022-06-14T23:49:05+00:00\",\"dateModified\":\"2026-03-12T23:44:19+00:00\",\"mainEntityOfPage\":{\"@id\":\"https:\\\/\\\/webdelmaestrocmf.com\\\/portal\\\/99-frases-del-papa-francisco-sobre-la-sabiduria-de-la-vejez-y-el-descarte-de-los-ancianos\\\/\"},\"wordCount\":3928,\"commentCount\":0,\"publisher\":{\"@id\":\"https:\\\/\\\/webdelmaestrocmf.com\\\/portal\\\/#organization\"},\"image\":{\"@id\":\"https:\\\/\\\/webdelmaestrocmf.com\\\/portal\\\/99-frases-del-papa-francisco-sobre-la-sabiduria-de-la-vejez-y-el-descarte-de-los-ancianos\\\/#primaryimage\"},\"thumbnailUrl\":\"https:\\\/\\\/webdelmaestrocmf.com\\\/portal\\\/wp-content\\\/uploads\\\/2022\\\/06\\\/1-39.jpg\",\"keywords\":[\"ANCIANOS\",\"descarte\",\"Francisco\",\"frases\",\"pap\u00e1\",\"sabidur\u00eda\",\"VEJEZ\"],\"articleSection\":[\"Igles\u00eda Cat\u00f3lica\",\"Mundo cart\u00f3lico\"],\"inLanguage\":\"es\",\"potentialAction\":[{\"@type\":\"CommentAction\",\"name\":\"Comment\",\"target\":[\"https:\\\/\\\/webdelmaestrocmf.com\\\/portal\\\/99-frases-del-papa-francisco-sobre-la-sabiduria-de-la-vejez-y-el-descarte-de-los-ancianos\\\/#respond\"]}]},{\"@type\":\"WebPage\",\"@id\":\"https:\\\/\\\/webdelmaestrocmf.com\\\/portal\\\/99-frases-del-papa-francisco-sobre-la-sabiduria-de-la-vejez-y-el-descarte-de-los-ancianos\\\/\",\"url\":\"https:\\\/\\\/webdelmaestrocmf.com\\\/portal\\\/99-frases-del-papa-francisco-sobre-la-sabiduria-de-la-vejez-y-el-descarte-de-los-ancianos\\\/\",\"name\":\"99 frases del Papa Francisco sobre la sabidur\u00eda de la vejez y el descarte de los ancianos - 2026\",\"isPartOf\":{\"@id\":\"https:\\\/\\\/webdelmaestrocmf.com\\\/portal\\\/#website\"},\"primaryImageOfPage\":{\"@id\":\"https:\\\/\\\/webdelmaestrocmf.com\\\/portal\\\/99-frases-del-papa-francisco-sobre-la-sabiduria-de-la-vejez-y-el-descarte-de-los-ancianos\\\/#primaryimage\"},\"image\":{\"@id\":\"https:\\\/\\\/webdelmaestrocmf.com\\\/portal\\\/99-frases-del-papa-francisco-sobre-la-sabiduria-de-la-vejez-y-el-descarte-de-los-ancianos\\\/#primaryimage\"},\"thumbnailUrl\":\"https:\\\/\\\/webdelmaestrocmf.com\\\/portal\\\/wp-content\\\/uploads\\\/2022\\\/06\\\/1-39.jpg\",\"datePublished\":\"2022-06-14T23:49:05+00:00\",\"dateModified\":\"2026-03-12T23:44:19+00:00\",\"description\":\"Comunidad de Maestros, Docentes y Profesores, en donde encontrar\u00e1s material, informaci\u00f3n y noticias del \u00e1mbito nacional y mundial.\",\"breadcrumb\":{\"@id\":\"https:\\\/\\\/webdelmaestrocmf.com\\\/portal\\\/99-frases-del-papa-francisco-sobre-la-sabiduria-de-la-vejez-y-el-descarte-de-los-ancianos\\\/#breadcrumb\"},\"inLanguage\":\"es\",\"potentialAction\":[{\"@type\":\"ReadAction\",\"target\":[\"https:\\\/\\\/webdelmaestrocmf.com\\\/portal\\\/99-frases-del-papa-francisco-sobre-la-sabiduria-de-la-vejez-y-el-descarte-de-los-ancianos\\\/\"]}]},{\"@type\":\"ImageObject\",\"inLanguage\":\"es\",\"@id\":\"https:\\\/\\\/webdelmaestrocmf.com\\\/portal\\\/99-frases-del-papa-francisco-sobre-la-sabiduria-de-la-vejez-y-el-descarte-de-los-ancianos\\\/#primaryimage\",\"url\":\"https:\\\/\\\/webdelmaestrocmf.com\\\/portal\\\/wp-content\\\/uploads\\\/2022\\\/06\\\/1-39.jpg\",\"contentUrl\":\"https:\\\/\\\/webdelmaestrocmf.com\\\/portal\\\/wp-content\\\/uploads\\\/2022\\\/06\\\/1-39.jpg\",\"width\":1100,\"height\":680},{\"@type\":\"BreadcrumbList\",\"@id\":\"https:\\\/\\\/webdelmaestrocmf.com\\\/portal\\\/99-frases-del-papa-francisco-sobre-la-sabiduria-de-la-vejez-y-el-descarte-de-los-ancianos\\\/#breadcrumb\",\"itemListElement\":[{\"@type\":\"ListItem\",\"position\":1,\"name\":\"Portada\",\"item\":\"https:\\\/\\\/webdelmaestrocmf.com\\\/portal\\\/\"},{\"@type\":\"ListItem\",\"position\":2,\"name\":\"Mundo cart\u00f3lico\",\"item\":\"https:\\\/\\\/webdelmaestrocmf.com\\\/portal\\\/category\\\/pastoral\\\/\"},{\"@type\":\"ListItem\",\"position\":3,\"name\":\"99 frases del Papa Francisco sobre la sabidur\u00eda de la vejez y el descarte de los ancianos\"}]},{\"@type\":\"WebSite\",\"@id\":\"https:\\\/\\\/webdelmaestrocmf.com\\\/portal\\\/#website\",\"url\":\"https:\\\/\\\/webdelmaestrocmf.com\\\/portal\\\/\",\"name\":\"Web del Maestro CMF\",\"description\":\"Maestros al servicio de la educaci\u00f3n\",\"publisher\":{\"@id\":\"https:\\\/\\\/webdelmaestrocmf.com\\\/portal\\\/#organization\"},\"alternateName\":\"WMCMF\",\"potentialAction\":[{\"@type\":\"SearchAction\",\"target\":{\"@type\":\"EntryPoint\",\"urlTemplate\":\"https:\\\/\\\/webdelmaestrocmf.com\\\/portal\\\/?s={search_term_string}\"},\"query-input\":{\"@type\":\"PropertyValueSpecification\",\"valueRequired\":true,\"valueName\":\"search_term_string\"}}],\"inLanguage\":\"es\"},{\"@type\":\"Organization\",\"@id\":\"https:\\\/\\\/webdelmaestrocmf.com\\\/portal\\\/#organization\",\"name\":\"Web del Maestro CMF\",\"alternateName\":\"WMCMF\",\"url\":\"https:\\\/\\\/webdelmaestrocmf.com\\\/portal\\\/\",\"logo\":{\"@type\":\"ImageObject\",\"inLanguage\":\"es\",\"@id\":\"https:\\\/\\\/webdelmaestrocmf.com\\\/portal\\\/#\\\/schema\\\/logo\\\/image\\\/\",\"url\":\"https:\\\/\\\/webdelmaestrocmf.com\\\/portal\\\/wp-content\\\/uploads\\\/2023\\\/01\\\/logo-wmcmf-2.png\",\"contentUrl\":\"https:\\\/\\\/webdelmaestrocmf.com\\\/portal\\\/wp-content\\\/uploads\\\/2023\\\/01\\\/logo-wmcmf-2.png\",\"width\":200,\"height\":60,\"caption\":\"Web del Maestro CMF\"},\"image\":{\"@id\":\"https:\\\/\\\/webdelmaestrocmf.com\\\/portal\\\/#\\\/schema\\\/logo\\\/image\\\/\"},\"sameAs\":[\"https:\\\/\\\/www.facebook.com\\\/WebdelMaestroCMF\\\/\",\"https:\\\/\\\/x.com\\\/cmf_w\",\"https:\\\/\\\/www.pinterest.com\\\/WMCMF\\\/\",\"https:\\\/\\\/www.linkedin.com\\\/company\\\/web-del-maestro-cmf\\\/\",\"https:\\\/\\\/www.instagram.com\\\/wmcmf\\\/\",\"https:\\\/\\\/www.youtube.com\\\/channel\\\/UCDPSvjbdodE5sHnC3OxutHw\",\"https:\\\/\\\/mastodon.social\\\/@wmcmf\",\"https:\\\/\\\/www.tiktok.com\\\/@webdelmaestrocmf\"]},{\"@type\":\"Person\",\"@id\":\"https:\\\/\\\/webdelmaestrocmf.com\\\/portal\\\/#\\\/schema\\\/person\\\/1072a2ed7bd960df8ef99a551fa35dc5\",\"name\":\"Web del Maestro CMF\",\"image\":{\"@type\":\"ImageObject\",\"inLanguage\":\"es\",\"@id\":\"https:\\\/\\\/secure.gravatar.com\\\/avatar\\\/23291dd5b5ae1077dcff3dbb04c3e02bd28403fa75af6d8787d5e97c5bbbe30b?s=96&d=mm&r=g\",\"url\":\"https:\\\/\\\/secure.gravatar.com\\\/avatar\\\/23291dd5b5ae1077dcff3dbb04c3e02bd28403fa75af6d8787d5e97c5bbbe30b?s=96&d=mm&r=g\",\"contentUrl\":\"https:\\\/\\\/secure.gravatar.com\\\/avatar\\\/23291dd5b5ae1077dcff3dbb04c3e02bd28403fa75af6d8787d5e97c5bbbe30b?s=96&d=mm&r=g\",\"caption\":\"Web del Maestro CMF\"},\"description\":\"Esta Web se cre\u00f3 sin fines de lucro, con fines educativos, cient\u00edficos y acad\u00e9micos, para personas que tengan dificultades y\\\/o inconvenientes en visualizar el material original. El objetivo es entregar recursos, compartir experiencias y materiales que ayuden a los padres de familia, maestros y estudiantes en su actualizaci\u00f3n y formaci\u00f3n permanente, en bien de la Educaci\u00f3n.\",\"sameAs\":[\"http:\\\/\\\/webdelmaestrocmf.com\\\/portal\",\"https:\\\/\\\/www.facebook.com\\\/WebdelMaestroCMF\\\/\",\"https:\\\/\\\/www.instagram.com\\\/wmcmf\\\/\",\"https:\\\/\\\/cl.linkedin.com\\\/company\\\/web-del-maestro-cmf\",\"https:\\\/\\\/www.pinterest.com\\\/WMCMF\\\/publicaciones\\\/\",\"https:\\\/\\\/x.com\\\/cmf_w\",\"https:\\\/\\\/www.youtube.com\\\/@WMCMF\"]}]}<\/script>\n<!-- \/ Yoast SEO plugin. -->","yoast_head_json":{"title":"99 frases del Papa Francisco sobre la sabidur\u00eda de la vejez y el descarte de los ancianos - 2026","description":"Comunidad de Maestros, Docentes y Profesores, en donde encontrar\u00e1s material, informaci\u00f3n y noticias del \u00e1mbito nacional y mundial.","robots":{"index":"index","follow":"follow","max-snippet":"max-snippet:-1","max-image-preview":"max-image-preview:large","max-video-preview":"max-video-preview:-1"},"canonical":"https:\/\/webdelmaestrocmf.com\/portal\/99-frases-del-papa-francisco-sobre-la-sabiduria-de-la-vejez-y-el-descarte-de-los-ancianos\/","og_locale":"es_ES","og_type":"article","og_title":"99 frases del Papa Francisco sobre la sabidur\u00eda de la vejez y el descarte de los ancianos - 2026","og_description":"Comunidad de Maestros, Docentes y Profesores, en donde encontrar\u00e1s material, informaci\u00f3n y noticias del \u00e1mbito nacional y mundial.","og_url":"https:\/\/webdelmaestrocmf.com\/portal\/99-frases-del-papa-francisco-sobre-la-sabiduria-de-la-vejez-y-el-descarte-de-los-ancianos\/","og_site_name":"Web del Maestro CMF","article_publisher":"https:\/\/www.facebook.com\/WebdelMaestroCMF\/","article_author":"https:\/\/www.facebook.com\/WebdelMaestroCMF\/","article_published_time":"2022-06-14T23:49:05+00:00","article_modified_time":"2026-03-12T23:44:19+00:00","og_image":[{"width":1100,"height":680,"url":"https:\/\/webdelmaestrocmf.com\/portal\/wp-content\/uploads\/2022\/06\/1-39.jpg","type":"image\/jpeg"}],"author":"Web del Maestro CMF","twitter_card":"summary_large_image","twitter_creator":"@cmf_w","twitter_site":"@cmf_w","schema":{"@context":"https:\/\/schema.org","@graph":[{"@type":"ScholarlyArticle","@id":"https:\/\/webdelmaestrocmf.com\/portal\/99-frases-del-papa-francisco-sobre-la-sabiduria-de-la-vejez-y-el-descarte-de-los-ancianos\/#article","isPartOf":{"@id":"https:\/\/webdelmaestrocmf.com\/portal\/99-frases-del-papa-francisco-sobre-la-sabiduria-de-la-vejez-y-el-descarte-de-los-ancianos\/"},"author":{"name":"Web del Maestro CMF","@id":"https:\/\/webdelmaestrocmf.com\/portal\/#\/schema\/person\/1072a2ed7bd960df8ef99a551fa35dc5"},"headline":"99 frases del Papa Francisco sobre la sabidur\u00eda de la vejez y el descarte de los ancianos","datePublished":"2022-06-14T23:49:05+00:00","dateModified":"2026-03-12T23:44:19+00:00","mainEntityOfPage":{"@id":"https:\/\/webdelmaestrocmf.com\/portal\/99-frases-del-papa-francisco-sobre-la-sabiduria-de-la-vejez-y-el-descarte-de-los-ancianos\/"},"wordCount":3928,"commentCount":0,"publisher":{"@id":"https:\/\/webdelmaestrocmf.com\/portal\/#organization"},"image":{"@id":"https:\/\/webdelmaestrocmf.com\/portal\/99-frases-del-papa-francisco-sobre-la-sabiduria-de-la-vejez-y-el-descarte-de-los-ancianos\/#primaryimage"},"thumbnailUrl":"https:\/\/webdelmaestrocmf.com\/portal\/wp-content\/uploads\/2022\/06\/1-39.jpg","keywords":["ANCIANOS","descarte","Francisco","frases","pap\u00e1","sabidur\u00eda","VEJEZ"],"articleSection":["Igles\u00eda Cat\u00f3lica","Mundo cart\u00f3lico"],"inLanguage":"es","potentialAction":[{"@type":"CommentAction","name":"Comment","target":["https:\/\/webdelmaestrocmf.com\/portal\/99-frases-del-papa-francisco-sobre-la-sabiduria-de-la-vejez-y-el-descarte-de-los-ancianos\/#respond"]}]},{"@type":"WebPage","@id":"https:\/\/webdelmaestrocmf.com\/portal\/99-frases-del-papa-francisco-sobre-la-sabiduria-de-la-vejez-y-el-descarte-de-los-ancianos\/","url":"https:\/\/webdelmaestrocmf.com\/portal\/99-frases-del-papa-francisco-sobre-la-sabiduria-de-la-vejez-y-el-descarte-de-los-ancianos\/","name":"99 frases del Papa Francisco sobre la sabidur\u00eda de la vejez y el descarte de los ancianos - 2026","isPartOf":{"@id":"https:\/\/webdelmaestrocmf.com\/portal\/#website"},"primaryImageOfPage":{"@id":"https:\/\/webdelmaestrocmf.com\/portal\/99-frases-del-papa-francisco-sobre-la-sabiduria-de-la-vejez-y-el-descarte-de-los-ancianos\/#primaryimage"},"image":{"@id":"https:\/\/webdelmaestrocmf.com\/portal\/99-frases-del-papa-francisco-sobre-la-sabiduria-de-la-vejez-y-el-descarte-de-los-ancianos\/#primaryimage"},"thumbnailUrl":"https:\/\/webdelmaestrocmf.com\/portal\/wp-content\/uploads\/2022\/06\/1-39.jpg","datePublished":"2022-06-14T23:49:05+00:00","dateModified":"2026-03-12T23:44:19+00:00","description":"Comunidad de Maestros, Docentes y Profesores, en donde encontrar\u00e1s material, informaci\u00f3n y noticias del \u00e1mbito nacional y mundial.","breadcrumb":{"@id":"https:\/\/webdelmaestrocmf.com\/portal\/99-frases-del-papa-francisco-sobre-la-sabiduria-de-la-vejez-y-el-descarte-de-los-ancianos\/#breadcrumb"},"inLanguage":"es","potentialAction":[{"@type":"ReadAction","target":["https:\/\/webdelmaestrocmf.com\/portal\/99-frases-del-papa-francisco-sobre-la-sabiduria-de-la-vejez-y-el-descarte-de-los-ancianos\/"]}]},{"@type":"ImageObject","inLanguage":"es","@id":"https:\/\/webdelmaestrocmf.com\/portal\/99-frases-del-papa-francisco-sobre-la-sabiduria-de-la-vejez-y-el-descarte-de-los-ancianos\/#primaryimage","url":"https:\/\/webdelmaestrocmf.com\/portal\/wp-content\/uploads\/2022\/06\/1-39.jpg","contentUrl":"https:\/\/webdelmaestrocmf.com\/portal\/wp-content\/uploads\/2022\/06\/1-39.jpg","width":1100,"height":680},{"@type":"BreadcrumbList","@id":"https:\/\/webdelmaestrocmf.com\/portal\/99-frases-del-papa-francisco-sobre-la-sabiduria-de-la-vejez-y-el-descarte-de-los-ancianos\/#breadcrumb","itemListElement":[{"@type":"ListItem","position":1,"name":"Portada","item":"https:\/\/webdelmaestrocmf.com\/portal\/"},{"@type":"ListItem","position":2,"name":"Mundo cart\u00f3lico","item":"https:\/\/webdelmaestrocmf.com\/portal\/category\/pastoral\/"},{"@type":"ListItem","position":3,"name":"99 frases del Papa Francisco sobre la sabidur\u00eda de la vejez y el descarte de los ancianos"}]},{"@type":"WebSite","@id":"https:\/\/webdelmaestrocmf.com\/portal\/#website","url":"https:\/\/webdelmaestrocmf.com\/portal\/","name":"Web del Maestro CMF","description":"Maestros al servicio de la educaci\u00f3n","publisher":{"@id":"https:\/\/webdelmaestrocmf.com\/portal\/#organization"},"alternateName":"WMCMF","potentialAction":[{"@type":"SearchAction","target":{"@type":"EntryPoint","urlTemplate":"https:\/\/webdelmaestrocmf.com\/portal\/?s={search_term_string}"},"query-input":{"@type":"PropertyValueSpecification","valueRequired":true,"valueName":"search_term_string"}}],"inLanguage":"es"},{"@type":"Organization","@id":"https:\/\/webdelmaestrocmf.com\/portal\/#organization","name":"Web del Maestro CMF","alternateName":"WMCMF","url":"https:\/\/webdelmaestrocmf.com\/portal\/","logo":{"@type":"ImageObject","inLanguage":"es","@id":"https:\/\/webdelmaestrocmf.com\/portal\/#\/schema\/logo\/image\/","url":"https:\/\/webdelmaestrocmf.com\/portal\/wp-content\/uploads\/2023\/01\/logo-wmcmf-2.png","contentUrl":"https:\/\/webdelmaestrocmf.com\/portal\/wp-content\/uploads\/2023\/01\/logo-wmcmf-2.png","width":200,"height":60,"caption":"Web del Maestro CMF"},"image":{"@id":"https:\/\/webdelmaestrocmf.com\/portal\/#\/schema\/logo\/image\/"},"sameAs":["https:\/\/www.facebook.com\/WebdelMaestroCMF\/","https:\/\/x.com\/cmf_w","https:\/\/www.pinterest.com\/WMCMF\/","https:\/\/www.linkedin.com\/company\/web-del-maestro-cmf\/","https:\/\/www.instagram.com\/wmcmf\/","https:\/\/www.youtube.com\/channel\/UCDPSvjbdodE5sHnC3OxutHw","https:\/\/mastodon.social\/@wmcmf","https:\/\/www.tiktok.com\/@webdelmaestrocmf"]},{"@type":"Person","@id":"https:\/\/webdelmaestrocmf.com\/portal\/#\/schema\/person\/1072a2ed7bd960df8ef99a551fa35dc5","name":"Web del Maestro CMF","image":{"@type":"ImageObject","inLanguage":"es","@id":"https:\/\/secure.gravatar.com\/avatar\/23291dd5b5ae1077dcff3dbb04c3e02bd28403fa75af6d8787d5e97c5bbbe30b?s=96&d=mm&r=g","url":"https:\/\/secure.gravatar.com\/avatar\/23291dd5b5ae1077dcff3dbb04c3e02bd28403fa75af6d8787d5e97c5bbbe30b?s=96&d=mm&r=g","contentUrl":"https:\/\/secure.gravatar.com\/avatar\/23291dd5b5ae1077dcff3dbb04c3e02bd28403fa75af6d8787d5e97c5bbbe30b?s=96&d=mm&r=g","caption":"Web del Maestro CMF"},"description":"Esta Web se cre\u00f3 sin fines de lucro, con fines educativos, cient\u00edficos y acad\u00e9micos, para personas que tengan dificultades y\/o inconvenientes en visualizar el material original. El objetivo es entregar recursos, compartir experiencias y materiales que ayuden a los padres de familia, maestros y estudiantes en su actualizaci\u00f3n y formaci\u00f3n permanente, en bien de la Educaci\u00f3n.","sameAs":["http:\/\/webdelmaestrocmf.com\/portal","https:\/\/www.facebook.com\/WebdelMaestroCMF\/","https:\/\/www.instagram.com\/wmcmf\/","https:\/\/cl.linkedin.com\/company\/web-del-maestro-cmf","https:\/\/www.pinterest.com\/WMCMF\/publicaciones\/","https:\/\/x.com\/cmf_w","https:\/\/www.youtube.com\/@WMCMF"]}]}},"jetpack_featured_media_url":"https:\/\/webdelmaestrocmf.com\/portal\/wp-content\/uploads\/2022\/06\/1-39.jpg","jetpack_sharing_enabled":true,"jetpack-related-posts":[{"id":77963,"url":"https:\/\/webdelmaestrocmf.com\/portal\/papa-francisco-dios-nos-guarde-de-esa-religiosidad-moralista-y-de-esa-religiosidad-de-preceptos\/","url_meta":{"origin":77564,"position":0},"title":"Papa Francisco: Dios nos guarde de esa religiosidad moralista y de esa religiosidad de preceptos","author":"Web del Maestro CMF","date":"26 junio, 2022","format":false,"excerpt":"El Papa Francisco en su catequesis de los jueves y dentro sus reflexiones sobre la vejez, \u201cdijo que todo cristiano tiene un \u201cderecho de protesta\u201d a Dios que puede ejercer de modo leg\u00edtimo. El mismo que todo hijo tiene ante un padre. [...] Como ejemplo el Papa puso a la\u2026","rel":"","context":"En \u00abMundo cart\u00f3lico\u00bb","block_context":{"text":"Mundo cart\u00f3lico","link":"https:\/\/webdelmaestrocmf.com\/portal\/category\/pastoral\/"},"img":{"alt_text":"","src":"https:\/\/i0.wp.com\/webdelmaestrocmf.com\/portal\/wp-content\/uploads\/2022\/06\/1a-9.jpg?resize=350%2C200&ssl=1","width":350,"height":200,"srcset":"https:\/\/i0.wp.com\/webdelmaestrocmf.com\/portal\/wp-content\/uploads\/2022\/06\/1a-9.jpg?resize=350%2C200&ssl=1 1x, https:\/\/i0.wp.com\/webdelmaestrocmf.com\/portal\/wp-content\/uploads\/2022\/06\/1a-9.jpg?resize=525%2C300&ssl=1 1.5x, https:\/\/i0.wp.com\/webdelmaestrocmf.com\/portal\/wp-content\/uploads\/2022\/06\/1a-9.jpg?resize=700%2C400&ssl=1 2x"},"classes":[]},{"id":77597,"url":"https:\/\/webdelmaestrocmf.com\/portal\/dia-mundial-de-la-toma-de-conciencia-del-abuso-y-maltrato-en-la-vejez\/","url_meta":{"origin":77564,"position":1},"title":"D\u00eda mundial de la toma de conciencia del abuso y maltrato en la vejez","author":"Web del Maestro CMF","date":"15 junio, 2022","format":false,"excerpt":"El 15 de junio la Asamblea General de las Naciones Unidas, en el a\u00f1o 2006, lo instituy\u00f3 como el D\u00eda Mundial de Toma de Conciencia del Abuso y Maltrato en la Vejez, y que este a\u00f1o coincide con el primer a\u00f1o de la \u201cD\u00e9cada de las Naciones Unidas para el\u2026","rel":"","context":"En \u00abYo opino - WMCMF\u00bb","block_context":{"text":"Yo opino - WMCMF","link":"https:\/\/webdelmaestrocmf.com\/portal\/category\/jamb\/"},"img":{"alt_text":"","src":"https:\/\/i0.wp.com\/webdelmaestrocmf.com\/portal\/wp-content\/uploads\/2022\/06\/1-44.jpg?resize=350%2C200&ssl=1","width":350,"height":200,"srcset":"https:\/\/i0.wp.com\/webdelmaestrocmf.com\/portal\/wp-content\/uploads\/2022\/06\/1-44.jpg?resize=350%2C200&ssl=1 1x, https:\/\/i0.wp.com\/webdelmaestrocmf.com\/portal\/wp-content\/uploads\/2022\/06\/1-44.jpg?resize=525%2C300&ssl=1 1.5x, https:\/\/i0.wp.com\/webdelmaestrocmf.com\/portal\/wp-content\/uploads\/2022\/06\/1-44.jpg?resize=700%2C400&ssl=1 2x, https:\/\/i0.wp.com\/webdelmaestrocmf.com\/portal\/wp-content\/uploads\/2022\/06\/1-44.jpg?resize=1050%2C600&ssl=1 3x"},"classes":[]},{"id":46473,"url":"https:\/\/webdelmaestrocmf.com\/portal\/papa-francisco-reza-por-los-ancianos-que-tienen-miedo-a-morir-solos-por-la-pandemia\/","url_meta":{"origin":77564,"position":2},"title":"Papa Francisco reza por los ancianos que tienen miedo a morir solos por la pandemia","author":"Web del Maestro CMF","date":"15 abril, 2020","format":false,"excerpt":"El Papa Francisco encomend\u00f3 su Misa diaria en Casa Santa Marta por los ancianos, especialmente por quienes est\u00e1n aislados o en casas de reposo. Papa Francisco: \u201cEllos tienen miedo, miedo de morir solos. Sienten esta pandemia como algo agresivo para ellos. Ellos son nuestras ra\u00edces, nuestra historia. Ellos nos han\u2026","rel":"","context":"En \u00abMundo cart\u00f3lico\u00bb","block_context":{"text":"Mundo cart\u00f3lico","link":"https:\/\/webdelmaestrocmf.com\/portal\/category\/pastoral\/"},"img":{"alt_text":"","src":"https:\/\/i0.wp.com\/webdelmaestrocmf.com\/portal\/wp-content\/uploads\/2020\/04\/4-10.jpg?resize=350%2C200&ssl=1","width":350,"height":200,"srcset":"https:\/\/i0.wp.com\/webdelmaestrocmf.com\/portal\/wp-content\/uploads\/2020\/04\/4-10.jpg?resize=350%2C200&ssl=1 1x, https:\/\/i0.wp.com\/webdelmaestrocmf.com\/portal\/wp-content\/uploads\/2020\/04\/4-10.jpg?resize=525%2C300&ssl=1 1.5x, https:\/\/i0.wp.com\/webdelmaestrocmf.com\/portal\/wp-content\/uploads\/2020\/04\/4-10.jpg?resize=700%2C400&ssl=1 2x, https:\/\/i0.wp.com\/webdelmaestrocmf.com\/portal\/wp-content\/uploads\/2020\/04\/4-10.jpg?resize=1050%2C600&ssl=1 3x"},"classes":[]},{"id":108761,"url":"https:\/\/webdelmaestrocmf.com\/portal\/fallece-el-papa-francisco-a-los-88-anos-de-edad\/","url_meta":{"origin":77564,"position":3},"title":"Fallece el Papa Francisco a los 88 a\u00f1os de edad","author":"Web del Maestro CMF","date":"21 abril, 2025","format":false,"excerpt":"El Papa Francisco ha fallecido a las 7.35 horas de este lunes a los 88 a\u00f1os de edad. As\u00ed lo ha contado desde Roma, la corresponsal de COPE, Eva Fern\u00e1ndez. El fallecimiento se ha producido horas despu\u00e9s de verle por \u00faltima vez en la Plaza de San Pedro saludando desde\u2026","rel":"","context":"En \u00abMundo cart\u00f3lico\u00bb","block_context":{"text":"Mundo cart\u00f3lico","link":"https:\/\/webdelmaestrocmf.com\/portal\/category\/pastoral\/"},"img":{"alt_text":"","src":"https:\/\/i0.wp.com\/webdelmaestrocmf.com\/portal\/wp-content\/uploads\/2025\/04\/1A-Banner-1-portada-imagen-10-1-7.jpg?resize=350%2C200&ssl=1","width":350,"height":200,"srcset":"https:\/\/i0.wp.com\/webdelmaestrocmf.com\/portal\/wp-content\/uploads\/2025\/04\/1A-Banner-1-portada-imagen-10-1-7.jpg?resize=350%2C200&ssl=1 1x, https:\/\/i0.wp.com\/webdelmaestrocmf.com\/portal\/wp-content\/uploads\/2025\/04\/1A-Banner-1-portada-imagen-10-1-7.jpg?resize=525%2C300&ssl=1 1.5x, https:\/\/i0.wp.com\/webdelmaestrocmf.com\/portal\/wp-content\/uploads\/2025\/04\/1A-Banner-1-portada-imagen-10-1-7.jpg?resize=700%2C400&ssl=1 2x"},"classes":[]},{"id":87827,"url":"https:\/\/webdelmaestrocmf.com\/portal\/papa-francisco-escucha-una-y-otra-vez-los-consejos-de-los-mas-ancianos-para-escribir-paginas-nuevas\/","url_meta":{"origin":77564,"position":4},"title":"Papa Francisco: Escucha una y otra vez los consejos de los m\u00e1s ancianos para escribir p\u00e1ginas nuevas","author":"Web del Maestro CMF","date":"22 abril, 2023","format":false,"excerpt":"El Papa Francisco aconsej\u00f3 a los j\u00f3venes durante su visita a Canad\u00e1 que, lo que han heredado de los antepasados, de su pueblo, de sus padres, de su historia,\u00a0 deben trabajar para gan\u00e1rselo y poseerlo, y todos \u201clos necesitamos, necesitamos su creatividad, sus sue\u00f1os y su valent\u00eda, su simpat\u00eda y\u2026","rel":"","context":"En \u00abMundo cart\u00f3lico\u00bb","block_context":{"text":"Mundo cart\u00f3lico","link":"https:\/\/webdelmaestrocmf.com\/portal\/category\/pastoral\/"},"img":{"alt_text":"","src":"https:\/\/i0.wp.com\/webdelmaestrocmf.com\/portal\/wp-content\/uploads\/2023\/04\/A12B3C4D-22.jpg?resize=350%2C200&ssl=1","width":350,"height":200,"srcset":"https:\/\/i0.wp.com\/webdelmaestrocmf.com\/portal\/wp-content\/uploads\/2023\/04\/A12B3C4D-22.jpg?resize=350%2C200&ssl=1 1x, https:\/\/i0.wp.com\/webdelmaestrocmf.com\/portal\/wp-content\/uploads\/2023\/04\/A12B3C4D-22.jpg?resize=525%2C300&ssl=1 1.5x, https:\/\/i0.wp.com\/webdelmaestrocmf.com\/portal\/wp-content\/uploads\/2023\/04\/A12B3C4D-22.jpg?resize=700%2C400&ssl=1 2x"},"classes":[]},{"id":87823,"url":"https:\/\/webdelmaestrocmf.com\/portal\/los-nietos-son-un-sueno-cumplido-para-los-abuelos\/","url_meta":{"origin":77564,"position":5},"title":"Los nietos son un sue\u00f1o cumplido para los abuelos","author":"Web del Maestro CMF","date":"19 abril, 2023","format":"video","excerpt":"La escritora y profesora\u00a0espa\u00f1ola Carmen Guaita Fern\u00e1ndez\u00a0(C\u00e1diz, 1960), especializada en ensayos sobre \u00e9tica y educaci\u00f3n, es Licenciada en Filosof\u00eda, especialista en Ciencias Sociales y en Pedagog\u00eda Terap\u00e9utica. Ha sido profesora de la ense\u00f1anza p\u00fablica durante veintitr\u00e9s a\u00f1os. En la actualidad es vicepresidenta del sindicato de profesores ANPE, miembro de la\u2026","rel":"","context":"En \u00abAdolescente\u00bb","block_context":{"text":"Adolescente","link":"https:\/\/webdelmaestrocmf.com\/portal\/category\/adolescente\/"},"img":{"alt_text":"","src":"https:\/\/i0.wp.com\/webdelmaestrocmf.com\/portal\/wp-content\/uploads\/2023\/04\/A12B3C4D-26.jpg?resize=350%2C200&ssl=1","width":350,"height":200,"srcset":"https:\/\/i0.wp.com\/webdelmaestrocmf.com\/portal\/wp-content\/uploads\/2023\/04\/A12B3C4D-26.jpg?resize=350%2C200&ssl=1 1x, https:\/\/i0.wp.com\/webdelmaestrocmf.com\/portal\/wp-content\/uploads\/2023\/04\/A12B3C4D-26.jpg?resize=525%2C300&ssl=1 1.5x, https:\/\/i0.wp.com\/webdelmaestrocmf.com\/portal\/wp-content\/uploads\/2023\/04\/A12B3C4D-26.jpg?resize=700%2C400&ssl=1 2x"},"classes":[]}],"_links":{"self":[{"href":"https:\/\/webdelmaestrocmf.com\/portal\/wp-json\/wp\/v2\/posts\/77564","targetHints":{"allow":["GET"]}}],"collection":[{"href":"https:\/\/webdelmaestrocmf.com\/portal\/wp-json\/wp\/v2\/posts"}],"about":[{"href":"https:\/\/webdelmaestrocmf.com\/portal\/wp-json\/wp\/v2\/types\/post"}],"author":[{"embeddable":true,"href":"https:\/\/webdelmaestrocmf.com\/portal\/wp-json\/wp\/v2\/users\/1"}],"replies":[{"embeddable":true,"href":"https:\/\/webdelmaestrocmf.com\/portal\/wp-json\/wp\/v2\/comments?post=77564"}],"version-history":[{"count":1,"href":"https:\/\/webdelmaestrocmf.com\/portal\/wp-json\/wp\/v2\/posts\/77564\/revisions"}],"predecessor-version":[{"id":116386,"href":"https:\/\/webdelmaestrocmf.com\/portal\/wp-json\/wp\/v2\/posts\/77564\/revisions\/116386"}],"wp:featuredmedia":[{"embeddable":true,"href":"https:\/\/webdelmaestrocmf.com\/portal\/wp-json\/wp\/v2\/media\/77565"}],"wp:attachment":[{"href":"https:\/\/webdelmaestrocmf.com\/portal\/wp-json\/wp\/v2\/media?parent=77564"}],"wp:term":[{"taxonomy":"category","embeddable":true,"href":"https:\/\/webdelmaestrocmf.com\/portal\/wp-json\/wp\/v2\/categories?post=77564"},{"taxonomy":"post_tag","embeddable":true,"href":"https:\/\/webdelmaestrocmf.com\/portal\/wp-json\/wp\/v2\/tags?post=77564"}],"curies":[{"name":"wp","href":"https:\/\/api.w.org\/{rel}","templated":true}]}}