{"id":77548,"date":"2022-06-14T15:11:15","date_gmt":"2022-06-14T19:11:15","guid":{"rendered":"https:\/\/webdelmaestrocmf.com\/portal\/?p=77548"},"modified":"2022-06-14T23:09:22","modified_gmt":"2022-06-15T03:09:22","slug":"david-auris-pedagogia-del-dialogo-propositivo-en-cumbre-de-las-americas","status":"publish","type":"post","link":"https:\/\/webdelmaestrocmf.com\/portal\/david-auris-pedagogia-del-dialogo-propositivo-en-cumbre-de-las-americas\/","title":{"rendered":"[David Auris] Pedagog\u00eda del di\u00e1logo propositivo en Cumbre de las Am\u00e9ricas"},"content":{"rendered":"<h5 style=\"text-align: justify;\">Con la pandemia como tel\u00f3n de fondo, en medio de fricciones ideol\u00f3gicas, ausencias presidenciales que revelan fr\u00e1gil compromiso continental y pomposos discursos, ha concluido la IX Cumbre de las Am\u00e9ricas en Estado Unidos, apremiando una pedagog\u00eda del di\u00e1logo propositivo y viable, para afrontar problemas sociales con estrategias consensuadas.<\/h5>\n<p style=\"text-align: justify;\"><!--more--><\/p>\n<h5 style=\"text-align: justify;\">Este foro democr\u00e1tico impulsado en 1994, por el ex presidente estadounidense Clinton, suele ejecutarse cada tres a\u00f1os. Su objetivo es promover la democracia y solucionar problemas desde la colectividad, ahora, apelan al lema, \u201cConstruyendo un futuro sostenible, resiliente y equitativo\u201d.<\/h5>\n<p style=\"text-align: justify;\">En esta l\u00ednea, la Carta Interamericana, ha de aplicarse, impulsando equidad y solidaridad con el objetivo de consolidar esa ambivalencia democracia, resaltada por Brian Winter, como signo distintivo de convivencia intercultural.<\/p>\n<p style=\"text-align: justify;\">Entonces, \u00bfC\u00f3mo fomentar creatividad y resiliencia para sobreponernos a inesperadas pandemias y cambios paradigm\u00e1ticos? Para afrontar con \u00e9xito, los gobiernos est\u00e1n obligados asumir la tarea de mejorar la educaci\u00f3n e impulsar tecnolog\u00edas que aseguren protagonismo mundial y masificar acceso a internet, desde Alaska a Tierra de Fuego, como justica social a mil millones de habitantes.<\/p>\n<p style=\"text-align: justify;\">En el terreno econ\u00f3mico, los l\u00edderes olvidaron trazar estrategias reales, conducentes al desarrollo sostenible de la regi\u00f3n, como la transferencia tecnol\u00f3gica a cambio de biodiversidad. Andr\u00e9s Oppenheimer, resalta la oportunidad de oro para Am\u00e9rica Latina debido a la coyuntura mundial que, los gobernantes son incapaces de advertir cegados por egos y celos ideol\u00f3gicos y pol\u00edticos.<\/p>\n<p style=\"text-align: justify;\">Y para la foto, los migrantes protestaron contra EEUU. Al respecto Joe Biden dijo, ninguna naci\u00f3n debe asumir sola esta responsabilidad. Sin embargo, es licito preguntarse, \u00bfpor qu\u00e9 no protestan contra gobiernos de sus pa\u00edses? Son responsables de la migraci\u00f3n ilegal, dictaduras como Venezuela y Centroam\u00e9rica, quienes generan millones de desplazados que, a partir de la Declaraci\u00f3n de los \u00c1ngeles, cada gobierno impulsar\u00e1 pol\u00edticas de equidad, inclusi\u00f3n, oportunidad laboral y seguridad social.<\/p>\n<p style=\"text-align: justify;\">Asimismo, esta Cumbre desliz\u00f3 estrategias sostenibles de biodiversidad y desaf\u00edos al cambio clim\u00e1tico con energ\u00edas renovables, apoyados por pol\u00edticas vinculantes, centrado en la econom\u00eda verde. Adem\u00e1s, resulta clave, desarrollar pol\u00edticas de anticorrupci\u00f3n, seguridad ciudadana y lucha frontal contra el narcotr\u00e1fico. Teniendo como aliado a la educaci\u00f3n, promovamos leyes globales, capaces de juzgar en Argentina delitos cometidos en Brasil, por citar un ejemplo.<\/p>\n<p style=\"text-align: justify;\">En conclusi\u00f3n, desde Cumbre de las Am\u00e9ricas no provoquemos debates ideol\u00f3gicos, sino, propiciemos espacios de propuesta pedag\u00f3gica y consolidemos nuestra democracia regional, para instituir una s\u00f3lida Am\u00e9rica, desarrollada, tecnol\u00f3gica y fraterna, redibujando oportunidades de desarrollo personal sin la necesidad de migrar a la fuerza.<\/p>\n<h5 style=\"text-align: justify;\">FUENTE:<\/h5>\n<ul style=\"text-align: justify;\">\n<li>EN MEDIO DE LA CONTROVERSIA INICI\u00d3 LA IX CUMBRE DE LAS AM\u00c9RICAS EN EE. UU. <a href=\"https:\/\/www.youtube.com\/watch?v=AWA_qqyYkWw\" target=\"_blank\" rel=\"noopener\">youtube.com<\/a><\/li>\n<li>LA CUMBRE DE LAS AM\u00c9RICAS: \u00bfUNA OPORTUNIDAD PERDIDA? <a href=\"https:\/\/www.youtube.com\/watch?v=RE3N9k1IUEk&amp;t=658s\" target=\"_blank\" rel=\"noopener\">youtube.com<\/a><\/li>\n<li>RAFAEL ROJAS. LA FALSA GRIETA DE LA CUMBRE DE LAS AM\u00c9RICAS. <a href=\"https:\/\/www.washingtonpost.com\/es\/post-opinion\/2022\/06\/09\/cumbre-de-las-americas-2022-paises-participantes-cuba-mexico-amlo-biden\/\" target=\"_blank\" rel=\"noopener\">washingtonpost.com<\/a><\/li>\n<\/ul>\n<p style=\"text-align: justify;\"><strong>NOTA DE REDACCI\u00d3N:<\/strong> La Web del Maestro CMF publica los textos originales de su autor, no necesariamente coincide con lo expuesto en el tema, no se hace responsable de las opiniones expresadas, y no promociona ning\u00fan producto, servicio, marca o empresa. Sugerimos a nuestros lectores conocer la identidad de la fuente o de su autor, para tener mayores elementos de juicio y la pertinencia a su realidad educativa.<\/p>\n<table class=\" alignleft\" border=\"0\" width=\"100%\" cellspacing=\"10\" cellpadding=\"10\">\n<tbody>\n<tr>\n<td style=\"text-align: center;\" width=\"30%\"><strong><img loading=\"lazy\" decoding=\"async\" class=\"size-full wp-image-77193 aligncenter\" src=\"https:\/\/webdelmaestrocmf.com\/portal\/wp-content\/uploads\/2022\/05\/0-1.jpg\" alt=\"\" width=\"200\" height=\"200\" srcset=\"https:\/\/webdelmaestrocmf.com\/portal\/wp-content\/uploads\/2022\/05\/0-1.jpg 200w, https:\/\/webdelmaestrocmf.com\/portal\/wp-content\/uploads\/2022\/05\/0-1-150x150.jpg 150w, https:\/\/webdelmaestrocmf.com\/portal\/wp-content\/uploads\/2022\/05\/0-1-80x80.jpg 80w, https:\/\/webdelmaestrocmf.com\/portal\/wp-content\/uploads\/2022\/05\/0-1-110x110.jpg 110w\" sizes=\"auto, (max-width: 200px) 100vw, 200px\" \/><br \/>\nAutor: <\/strong>David Auris Villegas (Per\u00fa, 1975) Escritor, pedagogo, editor, columnista, profesor universitario y te\u00f3rico de la pedagog\u00eda \u00e9tica, educaci\u00f3n ciudadana, cultura de paz. <strong><br \/>\nExperiencia laboral:<\/strong> Licenciado en educaci\u00f3n por la Universidad Nacional Mayor de San Marcos y m\u00e1ster en educaci\u00f3n por la Universidad de la Habana. Ha sido profesor capacitador en la Universidad Nacional Mayor de San Marcos y profesor de posgrado en varias universidades peruanas. Ha publicado: <em>\u201cCuentos de medianoche\u201d, \u201cMa\u00f1ana al despertar piensa en m\u00ed\u201d, \u00abEstrategias did\u00e1cticas de comprensi\u00f3n lectora para la vida\u00bb, \u00abC\u00f3mo redactar art\u00edculos cient\u00edficos\u00bb <\/em>y<em> \u201cMinicuentos para so\u00f1ar\u201d<\/em>. Antologado en: <em>A Orillas del r\u00edo Ichu<\/em> y en, <em>Palabras sin fronteras, fronteras sin palabras, <\/em>y ha aparecido en las revistas: <em>La Tortuga Ecuestre<\/em>, <em>N\u00e9mesis<\/em> y <em>Entre par\u00e9ntesis<\/em>. Publica sus art\u00edculos pedag\u00f3gicos cada semana en varios portales del mundo. <strong><br \/>\nCorreo electr\u00f3nico: <\/strong><a href=\"mailto:davidauris@gmail.com\">davidauris@gmail.com<\/a><br \/>\n<strong>Cuenta de Facebook:<\/strong> <a href=\"https:\/\/www.facebook.com\/david.aurisvillegas.77\" target=\"_blank\" rel=\"noopener noreferrer\">david.aurisvillegas.77<\/a><\/td>\n<\/tr>\n<\/tbody>\n<\/table>\n<p style=\"text-align: left;\">.<\/p>\n\t\t<div class=\"pk-inline-posts\">\n\t\t\t\n\t\t\t<div class=\"pk-inline-posts-container pk-inline-posts-template-list\"\n\t\t\t\tdata-columns=\"1\">\n\t\t\t\t\t\t<article id=\"post-112061\" class=\"post-112061 post type-post status-publish format-standard has-post-thumbnail category-z-colaborador-david-auris category-colaborador tag-funcionarios tag-pedagogia tag-perversos cs-entry cs-video-wrap\">\n\t\t\t<div class=\"pk-post-outer\">\n\n\t\t\t\t\t\t\t\t<div class=\"pk-post-inner\">\n\t\t\t\t\t<div class=\"entry-thumbnail\">\n\t\t\t\t\t\t<div class=\"pk-overlay pk-overlay-ratio pk-ratio-landscape\">\n\t\t\t\t\t\t\t<div class=\"pk-overlay-background\">\n\t\t\t\t\t\t\t\t<a href=\"https:\/\/webdelmaestrocmf.com\/portal\/david-auris-poderosa-pedagogia-de-los-perversos-funcionarios-y-politicos-peruanos-2\/\" class=\"pk-overlay-link\">\n\t\t\t\t\t\t\t\t\t<img loading=\"lazy\" decoding=\"async\" width=\"300\" height=\"225\" src=\"https:\/\/webdelmaestrocmf.com\/portal\/wp-content\/uploads\/2025\/09\/1A-Banner-1-portada-imagen-10-1-copia-2025-09-11T183111.574-300x225.webp\" class=\"attachment-pk-thumbnail size-pk-thumbnail wp-post-image\" alt=\"\" \/>\t\t\t\t\t\t\t\t<\/a>\n\t\t\t\t\t\t\t<\/div>\n\t\t\t\t\t\t<\/div>\n\t\t\t\t\t<\/div>\n\t\t\t\t<\/div>\n\t\t\t\t\n\t\t\t\t<div class=\"pk-post-inner\">\n\t\t\t\t\t<header>\n\t\t\t\t\t\t<h3 class=\"pk-title\"><a href=\"https:\/\/webdelmaestrocmf.com\/portal\/david-auris-poderosa-pedagogia-de-los-perversos-funcionarios-y-politicos-peruanos-2\/\" rel=\"bookmark\">[David Auris] Poderosa pedagog\u00eda de los perversos funcionarios y pol\u00edticos peruanos\u00a0<\/a><\/h3>\t\t\t\t\t<\/header><!-- .entry-header -->\n\t\t\t\t<\/div><!-- .post-inner -->\n\n\t\t\t<\/div><!-- .post-outer -->\n\t\t<\/article>\n\t\t\t\t<\/div>\n\t\t<\/div>\n\t\t\n","protected":false},"excerpt":{"rendered":"Con la pandemia como tel\u00f3n de fondo, en medio de fricciones ideol\u00f3gicas, ausencias presidenciales que revelan fr\u00e1gil compromiso&hellip;","protected":false},"author":1,"featured_media":77549,"comment_status":"open","ping_status":"closed","sticky":false,"template":"","format":"standard","meta":{"csco_display_header_overlay":false,"csco_singular_sidebar":"default","csco_page_header_type":"default","csco_page_load_nextpost":"default","csco_post_video_location":[],"csco_post_video_location_hash":"","csco_post_video_url":"","csco_post_video_bg_start_time":0,"csco_post_video_bg_end_time":0,"csco_post_video_bg_volume":false,"_jetpack_memberships_contains_paid_content":false,"footnotes":""},"categories":[5341,1790],"tags":[14827,14826,5342,217,1589,14825],"class_list":{"0":"post-77548","1":"post","2":"type-post","3":"status-publish","4":"format-standard","5":"has-post-thumbnail","7":"category-z-colaborador-david-auris","8":"category-colaborador","9":"tag-americas","10":"tag-cumbre","11":"tag-david-auris","12":"tag-dialogo","13":"tag-pedagogia","14":"tag-propositivo","15":"cs-entry","16":"cs-video-wrap"},"yoast_head":"<!-- This site is optimized with the Yoast SEO plugin v27.5 - https:\/\/yoast.com\/product\/yoast-seo-wordpress\/ -->\n<title>[David Auris] Pedagog\u00eda del di\u00e1logo propositivo en Cumbre de las Am\u00e9ricas - 2026<\/title>\n<meta name=\"description\" content=\"Con la pandemia como tel\u00f3n de fondo, en medio de fricciones ideol\u00f3gicas, ausencias presidenciales que revelan fr\u00e1gil compromiso...\" \/>\n<meta name=\"robots\" content=\"index, follow, max-snippet:-1, max-image-preview:large, max-video-preview:-1\" \/>\n<link rel=\"canonical\" href=\"https:\/\/webdelmaestrocmf.com\/portal\/david-auris-pedagogia-del-dialogo-propositivo-en-cumbre-de-las-americas\/\" \/>\n<meta property=\"og:locale\" content=\"es_ES\" \/>\n<meta property=\"og:type\" content=\"article\" \/>\n<meta property=\"og:title\" content=\"[David Auris] Pedagog\u00eda del di\u00e1logo propositivo en Cumbre de las Am\u00e9ricas - 2026\" \/>\n<meta property=\"og:description\" content=\"Con la pandemia como tel\u00f3n de fondo, en medio de fricciones ideol\u00f3gicas, ausencias presidenciales que revelan fr\u00e1gil compromiso...\" \/>\n<meta property=\"og:url\" content=\"https:\/\/webdelmaestrocmf.com\/portal\/david-auris-pedagogia-del-dialogo-propositivo-en-cumbre-de-las-americas\/\" \/>\n<meta property=\"og:site_name\" content=\"Web del Maestro CMF\" \/>\n<meta property=\"article:publisher\" content=\"https:\/\/www.facebook.com\/WebdelMaestroCMF\/\" \/>\n<meta property=\"article:author\" content=\"https:\/\/www.facebook.com\/WebdelMaestroCMF\/\" \/>\n<meta property=\"article:published_time\" content=\"2022-06-14T19:11:15+00:00\" \/>\n<meta property=\"article:modified_time\" content=\"2022-06-15T03:09:22+00:00\" \/>\n<meta property=\"og:image\" content=\"https:\/\/i0.wp.com\/webdelmaestrocmf.com\/portal\/wp-content\/uploads\/2022\/06\/1-33.jpg?fit=1100%2C680&ssl=1\" \/>\n\t<meta property=\"og:image:width\" content=\"1100\" \/>\n\t<meta property=\"og:image:height\" content=\"680\" \/>\n\t<meta property=\"og:image:type\" content=\"image\/jpeg\" \/>\n<meta name=\"author\" content=\"Web del Maestro CMF\" \/>\n<meta name=\"twitter:card\" content=\"summary_large_image\" \/>\n<meta name=\"twitter:creator\" content=\"@cmf_w\" \/>\n<meta name=\"twitter:site\" content=\"@cmf_w\" \/>\n<script type=\"application\/ld+json\" class=\"yoast-schema-graph\">{\"@context\":\"https:\\\/\\\/schema.org\",\"@graph\":[{\"@type\":\"ScholarlyArticle\",\"@id\":\"https:\\\/\\\/webdelmaestrocmf.com\\\/portal\\\/david-auris-pedagogia-del-dialogo-propositivo-en-cumbre-de-las-americas\\\/#article\",\"isPartOf\":{\"@id\":\"https:\\\/\\\/webdelmaestrocmf.com\\\/portal\\\/david-auris-pedagogia-del-dialogo-propositivo-en-cumbre-de-las-americas\\\/\"},\"author\":{\"name\":\"Web del Maestro CMF\",\"@id\":\"https:\\\/\\\/webdelmaestrocmf.com\\\/portal\\\/#\\\/schema\\\/person\\\/1072a2ed7bd960df8ef99a551fa35dc5\"},\"headline\":\"[David Auris] Pedagog\u00eda del di\u00e1logo propositivo en Cumbre de las Am\u00e9ricas\",\"datePublished\":\"2022-06-14T19:11:15+00:00\",\"dateModified\":\"2022-06-15T03:09:22+00:00\",\"mainEntityOfPage\":{\"@id\":\"https:\\\/\\\/webdelmaestrocmf.com\\\/portal\\\/david-auris-pedagogia-del-dialogo-propositivo-en-cumbre-de-las-americas\\\/\"},\"wordCount\":742,\"commentCount\":0,\"publisher\":{\"@id\":\"https:\\\/\\\/webdelmaestrocmf.com\\\/portal\\\/#organization\"},\"image\":{\"@id\":\"https:\\\/\\\/webdelmaestrocmf.com\\\/portal\\\/david-auris-pedagogia-del-dialogo-propositivo-en-cumbre-de-las-americas\\\/#primaryimage\"},\"thumbnailUrl\":\"https:\\\/\\\/webdelmaestrocmf.com\\\/portal\\\/wp-content\\\/uploads\\\/2022\\\/06\\\/1-33.jpg\",\"keywords\":[\"Am\u00e9ricas\",\"Cumbre\",\"David Auris\",\"DIALOGO\",\"PEDAGOG\u00cdA\",\"propositivo\"],\"articleSection\":[\"Z-Colaborador-David-Auris\",\"Z-Colaboradores\"],\"inLanguage\":\"es\",\"potentialAction\":[{\"@type\":\"CommentAction\",\"name\":\"Comment\",\"target\":[\"https:\\\/\\\/webdelmaestrocmf.com\\\/portal\\\/david-auris-pedagogia-del-dialogo-propositivo-en-cumbre-de-las-americas\\\/#respond\"]}]},{\"@type\":\"WebPage\",\"@id\":\"https:\\\/\\\/webdelmaestrocmf.com\\\/portal\\\/david-auris-pedagogia-del-dialogo-propositivo-en-cumbre-de-las-americas\\\/\",\"url\":\"https:\\\/\\\/webdelmaestrocmf.com\\\/portal\\\/david-auris-pedagogia-del-dialogo-propositivo-en-cumbre-de-las-americas\\\/\",\"name\":\"[David Auris] Pedagog\u00eda del di\u00e1logo propositivo en Cumbre de las Am\u00e9ricas - 2026\",\"isPartOf\":{\"@id\":\"https:\\\/\\\/webdelmaestrocmf.com\\\/portal\\\/#website\"},\"primaryImageOfPage\":{\"@id\":\"https:\\\/\\\/webdelmaestrocmf.com\\\/portal\\\/david-auris-pedagogia-del-dialogo-propositivo-en-cumbre-de-las-americas\\\/#primaryimage\"},\"image\":{\"@id\":\"https:\\\/\\\/webdelmaestrocmf.com\\\/portal\\\/david-auris-pedagogia-del-dialogo-propositivo-en-cumbre-de-las-americas\\\/#primaryimage\"},\"thumbnailUrl\":\"https:\\\/\\\/webdelmaestrocmf.com\\\/portal\\\/wp-content\\\/uploads\\\/2022\\\/06\\\/1-33.jpg\",\"datePublished\":\"2022-06-14T19:11:15+00:00\",\"dateModified\":\"2022-06-15T03:09:22+00:00\",\"description\":\"Con la pandemia como tel\u00f3n de fondo, en medio de fricciones ideol\u00f3gicas, ausencias presidenciales que revelan fr\u00e1gil compromiso...\",\"breadcrumb\":{\"@id\":\"https:\\\/\\\/webdelmaestrocmf.com\\\/portal\\\/david-auris-pedagogia-del-dialogo-propositivo-en-cumbre-de-las-americas\\\/#breadcrumb\"},\"inLanguage\":\"es\",\"potentialAction\":[{\"@type\":\"ReadAction\",\"target\":[\"https:\\\/\\\/webdelmaestrocmf.com\\\/portal\\\/david-auris-pedagogia-del-dialogo-propositivo-en-cumbre-de-las-americas\\\/\"]}]},{\"@type\":\"ImageObject\",\"inLanguage\":\"es\",\"@id\":\"https:\\\/\\\/webdelmaestrocmf.com\\\/portal\\\/david-auris-pedagogia-del-dialogo-propositivo-en-cumbre-de-las-americas\\\/#primaryimage\",\"url\":\"https:\\\/\\\/webdelmaestrocmf.com\\\/portal\\\/wp-content\\\/uploads\\\/2022\\\/06\\\/1-33.jpg\",\"contentUrl\":\"https:\\\/\\\/webdelmaestrocmf.com\\\/portal\\\/wp-content\\\/uploads\\\/2022\\\/06\\\/1-33.jpg\",\"width\":1100,\"height\":680},{\"@type\":\"BreadcrumbList\",\"@id\":\"https:\\\/\\\/webdelmaestrocmf.com\\\/portal\\\/david-auris-pedagogia-del-dialogo-propositivo-en-cumbre-de-las-americas\\\/#breadcrumb\",\"itemListElement\":[{\"@type\":\"ListItem\",\"position\":1,\"name\":\"Portada\",\"item\":\"https:\\\/\\\/webdelmaestrocmf.com\\\/portal\\\/\"},{\"@type\":\"ListItem\",\"position\":2,\"name\":\"Z-Colaboradores\",\"item\":\"https:\\\/\\\/webdelmaestrocmf.com\\\/portal\\\/category\\\/colaborador\\\/\"},{\"@type\":\"ListItem\",\"position\":3,\"name\":\"[David Auris] Pedagog\u00eda del di\u00e1logo propositivo en Cumbre de las Am\u00e9ricas\"}]},{\"@type\":\"WebSite\",\"@id\":\"https:\\\/\\\/webdelmaestrocmf.com\\\/portal\\\/#website\",\"url\":\"https:\\\/\\\/webdelmaestrocmf.com\\\/portal\\\/\",\"name\":\"Web del Maestro CMF\",\"description\":\"Maestros al servicio de la educaci\u00f3n\",\"publisher\":{\"@id\":\"https:\\\/\\\/webdelmaestrocmf.com\\\/portal\\\/#organization\"},\"alternateName\":\"WMCMF\",\"potentialAction\":[{\"@type\":\"SearchAction\",\"target\":{\"@type\":\"EntryPoint\",\"urlTemplate\":\"https:\\\/\\\/webdelmaestrocmf.com\\\/portal\\\/?s={search_term_string}\"},\"query-input\":{\"@type\":\"PropertyValueSpecification\",\"valueRequired\":true,\"valueName\":\"search_term_string\"}}],\"inLanguage\":\"es\"},{\"@type\":\"Organization\",\"@id\":\"https:\\\/\\\/webdelmaestrocmf.com\\\/portal\\\/#organization\",\"name\":\"Web del Maestro CMF\",\"alternateName\":\"WMCMF\",\"url\":\"https:\\\/\\\/webdelmaestrocmf.com\\\/portal\\\/\",\"logo\":{\"@type\":\"ImageObject\",\"inLanguage\":\"es\",\"@id\":\"https:\\\/\\\/webdelmaestrocmf.com\\\/portal\\\/#\\\/schema\\\/logo\\\/image\\\/\",\"url\":\"https:\\\/\\\/webdelmaestrocmf.com\\\/portal\\\/wp-content\\\/uploads\\\/2023\\\/01\\\/logo-wmcmf-2.png\",\"contentUrl\":\"https:\\\/\\\/webdelmaestrocmf.com\\\/portal\\\/wp-content\\\/uploads\\\/2023\\\/01\\\/logo-wmcmf-2.png\",\"width\":200,\"height\":60,\"caption\":\"Web del Maestro CMF\"},\"image\":{\"@id\":\"https:\\\/\\\/webdelmaestrocmf.com\\\/portal\\\/#\\\/schema\\\/logo\\\/image\\\/\"},\"sameAs\":[\"https:\\\/\\\/www.facebook.com\\\/WebdelMaestroCMF\\\/\",\"https:\\\/\\\/x.com\\\/cmf_w\",\"https:\\\/\\\/www.pinterest.com\\\/WMCMF\\\/\",\"https:\\\/\\\/www.linkedin.com\\\/company\\\/web-del-maestro-cmf\\\/\",\"https:\\\/\\\/www.instagram.com\\\/wmcmf\\\/\",\"https:\\\/\\\/www.youtube.com\\\/channel\\\/UCDPSvjbdodE5sHnC3OxutHw\",\"https:\\\/\\\/mastodon.social\\\/@wmcmf\",\"https:\\\/\\\/www.tiktok.com\\\/@webdelmaestrocmf\"]},{\"@type\":\"Person\",\"@id\":\"https:\\\/\\\/webdelmaestrocmf.com\\\/portal\\\/#\\\/schema\\\/person\\\/1072a2ed7bd960df8ef99a551fa35dc5\",\"name\":\"Web del Maestro CMF\",\"image\":{\"@type\":\"ImageObject\",\"inLanguage\":\"es\",\"@id\":\"https:\\\/\\\/secure.gravatar.com\\\/avatar\\\/23291dd5b5ae1077dcff3dbb04c3e02bd28403fa75af6d8787d5e97c5bbbe30b?s=96&d=mm&r=g\",\"url\":\"https:\\\/\\\/secure.gravatar.com\\\/avatar\\\/23291dd5b5ae1077dcff3dbb04c3e02bd28403fa75af6d8787d5e97c5bbbe30b?s=96&d=mm&r=g\",\"contentUrl\":\"https:\\\/\\\/secure.gravatar.com\\\/avatar\\\/23291dd5b5ae1077dcff3dbb04c3e02bd28403fa75af6d8787d5e97c5bbbe30b?s=96&d=mm&r=g\",\"caption\":\"Web del Maestro CMF\"},\"description\":\"Esta Web se cre\u00f3 sin fines de lucro, con fines educativos, cient\u00edficos y acad\u00e9micos, para personas que tengan dificultades y\\\/o inconvenientes en visualizar el material original. El objetivo es entregar recursos, compartir experiencias y materiales que ayuden a los padres de familia, maestros y estudiantes en su actualizaci\u00f3n y formaci\u00f3n permanente, en bien de la Educaci\u00f3n.\",\"sameAs\":[\"http:\\\/\\\/webdelmaestrocmf.com\\\/portal\",\"https:\\\/\\\/www.facebook.com\\\/WebdelMaestroCMF\\\/\",\"https:\\\/\\\/www.instagram.com\\\/wmcmf\\\/\",\"https:\\\/\\\/cl.linkedin.com\\\/company\\\/web-del-maestro-cmf\",\"https:\\\/\\\/www.pinterest.com\\\/WMCMF\\\/publicaciones\\\/\",\"https:\\\/\\\/x.com\\\/cmf_w\",\"https:\\\/\\\/www.youtube.com\\\/@WMCMF\"]}]}<\/script>\n<!-- \/ Yoast SEO plugin. -->","yoast_head_json":{"title":"[David Auris] Pedagog\u00eda del di\u00e1logo propositivo en Cumbre de las Am\u00e9ricas - 2026","description":"Con la pandemia como tel\u00f3n de fondo, en medio de fricciones ideol\u00f3gicas, ausencias presidenciales que revelan fr\u00e1gil compromiso...","robots":{"index":"index","follow":"follow","max-snippet":"max-snippet:-1","max-image-preview":"max-image-preview:large","max-video-preview":"max-video-preview:-1"},"canonical":"https:\/\/webdelmaestrocmf.com\/portal\/david-auris-pedagogia-del-dialogo-propositivo-en-cumbre-de-las-americas\/","og_locale":"es_ES","og_type":"article","og_title":"[David Auris] Pedagog\u00eda del di\u00e1logo propositivo en Cumbre de las Am\u00e9ricas - 2026","og_description":"Con la pandemia como tel\u00f3n de fondo, en medio de fricciones ideol\u00f3gicas, ausencias presidenciales que revelan fr\u00e1gil compromiso...","og_url":"https:\/\/webdelmaestrocmf.com\/portal\/david-auris-pedagogia-del-dialogo-propositivo-en-cumbre-de-las-americas\/","og_site_name":"Web del Maestro CMF","article_publisher":"https:\/\/www.facebook.com\/WebdelMaestroCMF\/","article_author":"https:\/\/www.facebook.com\/WebdelMaestroCMF\/","article_published_time":"2022-06-14T19:11:15+00:00","article_modified_time":"2022-06-15T03:09:22+00:00","og_image":[{"width":1100,"height":680,"url":"https:\/\/i0.wp.com\/webdelmaestrocmf.com\/portal\/wp-content\/uploads\/2022\/06\/1-33.jpg?fit=1100%2C680&ssl=1","type":"image\/jpeg"}],"author":"Web del Maestro CMF","twitter_card":"summary_large_image","twitter_creator":"@cmf_w","twitter_site":"@cmf_w","schema":{"@context":"https:\/\/schema.org","@graph":[{"@type":"ScholarlyArticle","@id":"https:\/\/webdelmaestrocmf.com\/portal\/david-auris-pedagogia-del-dialogo-propositivo-en-cumbre-de-las-americas\/#article","isPartOf":{"@id":"https:\/\/webdelmaestrocmf.com\/portal\/david-auris-pedagogia-del-dialogo-propositivo-en-cumbre-de-las-americas\/"},"author":{"name":"Web del Maestro CMF","@id":"https:\/\/webdelmaestrocmf.com\/portal\/#\/schema\/person\/1072a2ed7bd960df8ef99a551fa35dc5"},"headline":"[David Auris] Pedagog\u00eda del di\u00e1logo propositivo en Cumbre de las Am\u00e9ricas","datePublished":"2022-06-14T19:11:15+00:00","dateModified":"2022-06-15T03:09:22+00:00","mainEntityOfPage":{"@id":"https:\/\/webdelmaestrocmf.com\/portal\/david-auris-pedagogia-del-dialogo-propositivo-en-cumbre-de-las-americas\/"},"wordCount":742,"commentCount":0,"publisher":{"@id":"https:\/\/webdelmaestrocmf.com\/portal\/#organization"},"image":{"@id":"https:\/\/webdelmaestrocmf.com\/portal\/david-auris-pedagogia-del-dialogo-propositivo-en-cumbre-de-las-americas\/#primaryimage"},"thumbnailUrl":"https:\/\/webdelmaestrocmf.com\/portal\/wp-content\/uploads\/2022\/06\/1-33.jpg","keywords":["Am\u00e9ricas","Cumbre","David Auris","DIALOGO","PEDAGOG\u00cdA","propositivo"],"articleSection":["Z-Colaborador-David-Auris","Z-Colaboradores"],"inLanguage":"es","potentialAction":[{"@type":"CommentAction","name":"Comment","target":["https:\/\/webdelmaestrocmf.com\/portal\/david-auris-pedagogia-del-dialogo-propositivo-en-cumbre-de-las-americas\/#respond"]}]},{"@type":"WebPage","@id":"https:\/\/webdelmaestrocmf.com\/portal\/david-auris-pedagogia-del-dialogo-propositivo-en-cumbre-de-las-americas\/","url":"https:\/\/webdelmaestrocmf.com\/portal\/david-auris-pedagogia-del-dialogo-propositivo-en-cumbre-de-las-americas\/","name":"[David Auris] Pedagog\u00eda del di\u00e1logo propositivo en Cumbre de las Am\u00e9ricas - 2026","isPartOf":{"@id":"https:\/\/webdelmaestrocmf.com\/portal\/#website"},"primaryImageOfPage":{"@id":"https:\/\/webdelmaestrocmf.com\/portal\/david-auris-pedagogia-del-dialogo-propositivo-en-cumbre-de-las-americas\/#primaryimage"},"image":{"@id":"https:\/\/webdelmaestrocmf.com\/portal\/david-auris-pedagogia-del-dialogo-propositivo-en-cumbre-de-las-americas\/#primaryimage"},"thumbnailUrl":"https:\/\/webdelmaestrocmf.com\/portal\/wp-content\/uploads\/2022\/06\/1-33.jpg","datePublished":"2022-06-14T19:11:15+00:00","dateModified":"2022-06-15T03:09:22+00:00","description":"Con la pandemia como tel\u00f3n de fondo, en medio de fricciones ideol\u00f3gicas, ausencias presidenciales que revelan fr\u00e1gil compromiso...","breadcrumb":{"@id":"https:\/\/webdelmaestrocmf.com\/portal\/david-auris-pedagogia-del-dialogo-propositivo-en-cumbre-de-las-americas\/#breadcrumb"},"inLanguage":"es","potentialAction":[{"@type":"ReadAction","target":["https:\/\/webdelmaestrocmf.com\/portal\/david-auris-pedagogia-del-dialogo-propositivo-en-cumbre-de-las-americas\/"]}]},{"@type":"ImageObject","inLanguage":"es","@id":"https:\/\/webdelmaestrocmf.com\/portal\/david-auris-pedagogia-del-dialogo-propositivo-en-cumbre-de-las-americas\/#primaryimage","url":"https:\/\/webdelmaestrocmf.com\/portal\/wp-content\/uploads\/2022\/06\/1-33.jpg","contentUrl":"https:\/\/webdelmaestrocmf.com\/portal\/wp-content\/uploads\/2022\/06\/1-33.jpg","width":1100,"height":680},{"@type":"BreadcrumbList","@id":"https:\/\/webdelmaestrocmf.com\/portal\/david-auris-pedagogia-del-dialogo-propositivo-en-cumbre-de-las-americas\/#breadcrumb","itemListElement":[{"@type":"ListItem","position":1,"name":"Portada","item":"https:\/\/webdelmaestrocmf.com\/portal\/"},{"@type":"ListItem","position":2,"name":"Z-Colaboradores","item":"https:\/\/webdelmaestrocmf.com\/portal\/category\/colaborador\/"},{"@type":"ListItem","position":3,"name":"[David Auris] Pedagog\u00eda del di\u00e1logo propositivo en Cumbre de las Am\u00e9ricas"}]},{"@type":"WebSite","@id":"https:\/\/webdelmaestrocmf.com\/portal\/#website","url":"https:\/\/webdelmaestrocmf.com\/portal\/","name":"Web del Maestro CMF","description":"Maestros al servicio de la educaci\u00f3n","publisher":{"@id":"https:\/\/webdelmaestrocmf.com\/portal\/#organization"},"alternateName":"WMCMF","potentialAction":[{"@type":"SearchAction","target":{"@type":"EntryPoint","urlTemplate":"https:\/\/webdelmaestrocmf.com\/portal\/?s={search_term_string}"},"query-input":{"@type":"PropertyValueSpecification","valueRequired":true,"valueName":"search_term_string"}}],"inLanguage":"es"},{"@type":"Organization","@id":"https:\/\/webdelmaestrocmf.com\/portal\/#organization","name":"Web del Maestro CMF","alternateName":"WMCMF","url":"https:\/\/webdelmaestrocmf.com\/portal\/","logo":{"@type":"ImageObject","inLanguage":"es","@id":"https:\/\/webdelmaestrocmf.com\/portal\/#\/schema\/logo\/image\/","url":"https:\/\/webdelmaestrocmf.com\/portal\/wp-content\/uploads\/2023\/01\/logo-wmcmf-2.png","contentUrl":"https:\/\/webdelmaestrocmf.com\/portal\/wp-content\/uploads\/2023\/01\/logo-wmcmf-2.png","width":200,"height":60,"caption":"Web del Maestro CMF"},"image":{"@id":"https:\/\/webdelmaestrocmf.com\/portal\/#\/schema\/logo\/image\/"},"sameAs":["https:\/\/www.facebook.com\/WebdelMaestroCMF\/","https:\/\/x.com\/cmf_w","https:\/\/www.pinterest.com\/WMCMF\/","https:\/\/www.linkedin.com\/company\/web-del-maestro-cmf\/","https:\/\/www.instagram.com\/wmcmf\/","https:\/\/www.youtube.com\/channel\/UCDPSvjbdodE5sHnC3OxutHw","https:\/\/mastodon.social\/@wmcmf","https:\/\/www.tiktok.com\/@webdelmaestrocmf"]},{"@type":"Person","@id":"https:\/\/webdelmaestrocmf.com\/portal\/#\/schema\/person\/1072a2ed7bd960df8ef99a551fa35dc5","name":"Web del Maestro CMF","image":{"@type":"ImageObject","inLanguage":"es","@id":"https:\/\/secure.gravatar.com\/avatar\/23291dd5b5ae1077dcff3dbb04c3e02bd28403fa75af6d8787d5e97c5bbbe30b?s=96&d=mm&r=g","url":"https:\/\/secure.gravatar.com\/avatar\/23291dd5b5ae1077dcff3dbb04c3e02bd28403fa75af6d8787d5e97c5bbbe30b?s=96&d=mm&r=g","contentUrl":"https:\/\/secure.gravatar.com\/avatar\/23291dd5b5ae1077dcff3dbb04c3e02bd28403fa75af6d8787d5e97c5bbbe30b?s=96&d=mm&r=g","caption":"Web del Maestro CMF"},"description":"Esta Web se cre\u00f3 sin fines de lucro, con fines educativos, cient\u00edficos y acad\u00e9micos, para personas que tengan dificultades y\/o inconvenientes en visualizar el material original. El objetivo es entregar recursos, compartir experiencias y materiales que ayuden a los padres de familia, maestros y estudiantes en su actualizaci\u00f3n y formaci\u00f3n permanente, en bien de la Educaci\u00f3n.","sameAs":["http:\/\/webdelmaestrocmf.com\/portal","https:\/\/www.facebook.com\/WebdelMaestroCMF\/","https:\/\/www.instagram.com\/wmcmf\/","https:\/\/cl.linkedin.com\/company\/web-del-maestro-cmf","https:\/\/www.pinterest.com\/WMCMF\/publicaciones\/","https:\/\/x.com\/cmf_w","https:\/\/www.youtube.com\/@WMCMF"]}]}},"jetpack_featured_media_url":"https:\/\/webdelmaestrocmf.com\/portal\/wp-content\/uploads\/2022\/06\/1-33.jpg","jetpack_sharing_enabled":true,"jetpack-related-posts":[{"id":92201,"url":"https:\/\/webdelmaestrocmf.com\/portal\/david-auris-pedagogia-del-dialogo-intercultural-para-resolver-los-problemas-sociales-del-peru\/","url_meta":{"origin":77548,"position":0},"title":"[David Auris] Pedagog\u00eda del di\u00e1logo intercultural para resolver los problemas sociales del Per\u00fa","author":"Web del Maestro CMF","date":"14 agosto, 2023","format":false,"excerpt":"Como profesor, desde mi vereda pedag\u00f3gica, observo una espantosa incapacidad de dialogar para resolver los problemas del Per\u00fa, lo que ha contribuido a profundizar las brechas sociales y perpetuar los conflictos. La polarizaci\u00f3n pol\u00edtica, la ausencia de empat\u00eda y las posiciones inflexibles dificultan la consecuci\u00f3n de acuerdos significativos entre el\u2026","rel":"","context":"En \u00abZ-Colaborador-David-Auris\u00bb","block_context":{"text":"Z-Colaborador-David-Auris","link":"https:\/\/webdelmaestrocmf.com\/portal\/category\/colaborador\/z-colaborador-david-auris\/"},"img":{"alt_text":"Pedagog\u00eda","src":"https:\/\/i0.wp.com\/webdelmaestrocmf.com\/portal\/wp-content\/uploads\/2023\/08\/A12B3C4D-55.jpg?resize=350%2C200&ssl=1","width":350,"height":200,"srcset":"https:\/\/i0.wp.com\/webdelmaestrocmf.com\/portal\/wp-content\/uploads\/2023\/08\/A12B3C4D-55.jpg?resize=350%2C200&ssl=1 1x, https:\/\/i0.wp.com\/webdelmaestrocmf.com\/portal\/wp-content\/uploads\/2023\/08\/A12B3C4D-55.jpg?resize=525%2C300&ssl=1 1.5x, https:\/\/i0.wp.com\/webdelmaestrocmf.com\/portal\/wp-content\/uploads\/2023\/08\/A12B3C4D-55.jpg?resize=700%2C400&ssl=1 2x"},"classes":[]},{"id":101865,"url":"https:\/\/webdelmaestrocmf.com\/portal\/david-auris-educacion-ambiental-y-cumbre-del-clima-cop28\/","url_meta":{"origin":77548,"position":1},"title":"[David Auris] Educaci\u00f3n ambiental y Cumbre del clima COP28","author":"Web del Maestro CMF","date":"26 diciembre, 2023","format":false,"excerpt":"El cambio clim\u00e1tico, provocado por el excesivo consumo de carbono por parte de los pa\u00edses m\u00e1s industrializados, pone en peligro la existencia de la humanidad. Con el prop\u00f3sito de prevenir esta posible cat\u00e1strofe, adem\u00e1s de los compromisos y financiamientos, se requiere una innovaci\u00f3n en la forma en que educamos a\u2026","rel":"","context":"En \u00abZ-Colaborador-David-Auris\u00bb","block_context":{"text":"Z-Colaborador-David-Auris","link":"https:\/\/webdelmaestrocmf.com\/portal\/category\/colaborador\/z-colaborador-david-auris\/"},"img":{"alt_text":"","src":"https:\/\/i0.wp.com\/webdelmaestrocmf.com\/portal\/wp-content\/uploads\/2023\/12\/Educacion-ambiental.jpg?resize=350%2C200&ssl=1","width":350,"height":200,"srcset":"https:\/\/i0.wp.com\/webdelmaestrocmf.com\/portal\/wp-content\/uploads\/2023\/12\/Educacion-ambiental.jpg?resize=350%2C200&ssl=1 1x, https:\/\/i0.wp.com\/webdelmaestrocmf.com\/portal\/wp-content\/uploads\/2023\/12\/Educacion-ambiental.jpg?resize=525%2C300&ssl=1 1.5x, https:\/\/i0.wp.com\/webdelmaestrocmf.com\/portal\/wp-content\/uploads\/2023\/12\/Educacion-ambiental.jpg?resize=700%2C400&ssl=1 2x"},"classes":[]},{"id":102781,"url":"https:\/\/webdelmaestrocmf.com\/portal\/david-auris-el-congreso-peruano-y-pedagogia-de-la-inequidad\/","url_meta":{"origin":77548,"position":2},"title":"[David Auris] El Congreso peruano y pedagog\u00eda de la inequidad","author":"Web del Maestro CMF","date":"18 enero, 2024","format":false,"excerpt":"La pavorosa ignorancia de la realidad peruana y una limitada visi\u00f3n de desarrollo sostenido por parte de la mayor\u00eda de los congresistas, junto con su rid\u00edculo patrimonio moral, han estropeado la imagen del Congreso de la Rep\u00fablica. Estos legisladores, lejos de coliderar el destino del pa\u00eds y ser referentes de\u2026","rel":"","context":"En \u00abZ-Colaborador-David-Auris\u00bb","block_context":{"text":"Z-Colaborador-David-Auris","link":"https:\/\/webdelmaestrocmf.com\/portal\/category\/colaborador\/z-colaborador-david-auris\/"},"img":{"alt_text":"inequidad","src":"https:\/\/i0.wp.com\/webdelmaestrocmf.com\/portal\/wp-content\/uploads\/2024\/01\/Banner-1-portada-imagen-10-28.jpg?resize=350%2C200&ssl=1","width":350,"height":200,"srcset":"https:\/\/i0.wp.com\/webdelmaestrocmf.com\/portal\/wp-content\/uploads\/2024\/01\/Banner-1-portada-imagen-10-28.jpg?resize=350%2C200&ssl=1 1x, https:\/\/i0.wp.com\/webdelmaestrocmf.com\/portal\/wp-content\/uploads\/2024\/01\/Banner-1-portada-imagen-10-28.jpg?resize=525%2C300&ssl=1 1.5x, https:\/\/i0.wp.com\/webdelmaestrocmf.com\/portal\/wp-content\/uploads\/2024\/01\/Banner-1-portada-imagen-10-28.jpg?resize=700%2C400&ssl=1 2x"},"classes":[]},{"id":90538,"url":"https:\/\/webdelmaestrocmf.com\/portal\/david-auris-educacion-universitaria-como-factor-de-equidad-en-america-latina\/","url_meta":{"origin":77548,"position":3},"title":"[David Auris] Educaci\u00f3n universitaria como factor de equidad en Am\u00e9rica Latina","author":"Web del Maestro CMF","date":"14 julio, 2023","format":false,"excerpt":"Como Latinoamericano, a veces me siento extraviado en un extenso continente biodiverso y heterog\u00e9neo, enfrentado a diversos desaf\u00edos por la equidad como norte de progreso. En esa inquebrantable lucha, la educaci\u00f3n universitaria se convierte en una poderosa herramienta, para eliminar el nudo de la disparidad y abrir las oportunidades hacia\u2026","rel":"","context":"En \u00abZ-Colaborador-David-Auris\u00bb","block_context":{"text":"Z-Colaborador-David-Auris","link":"https:\/\/webdelmaestrocmf.com\/portal\/category\/colaborador\/z-colaborador-david-auris\/"},"img":{"alt_text":"","src":"https:\/\/i0.wp.com\/webdelmaestrocmf.com\/portal\/wp-content\/uploads\/2023\/07\/A12B3C4D-30.jpg?resize=350%2C200&ssl=1","width":350,"height":200,"srcset":"https:\/\/i0.wp.com\/webdelmaestrocmf.com\/portal\/wp-content\/uploads\/2023\/07\/A12B3C4D-30.jpg?resize=350%2C200&ssl=1 1x, https:\/\/i0.wp.com\/webdelmaestrocmf.com\/portal\/wp-content\/uploads\/2023\/07\/A12B3C4D-30.jpg?resize=525%2C300&ssl=1 1.5x, https:\/\/i0.wp.com\/webdelmaestrocmf.com\/portal\/wp-content\/uploads\/2023\/07\/A12B3C4D-30.jpg?resize=700%2C400&ssl=1 2x"},"classes":[]},{"id":107291,"url":"https:\/\/webdelmaestrocmf.com\/portal\/david-auris-pedagogia-de-la-navidad-antesala-inspiradora-al-2025\/","url_meta":{"origin":77548,"position":4},"title":"[David Auris] Pedagog\u00eda de la Navidad: antesala inspiradora al 2025","author":"Web del Maestro CMF","date":"29 diciembre, 2024","format":false,"excerpt":"La Navidad en un hermoso pretexto de solidaridad, perd\u00f3n y autorreflexi\u00f3n, pilares fundamentales de toda familia. El valor del amor y la alegr\u00eda de compartir de manera colaborativa, es clave cultivarlas en las escuelas con el objetivo de formar ni\u00f1os y sociedades m\u00e1s fraternas. Esta pedagog\u00eda navide\u00f1a es una decorada\u2026","rel":"","context":"En \u00abZ-Colaborador-David-Auris\u00bb","block_context":{"text":"Z-Colaborador-David-Auris","link":"https:\/\/webdelmaestrocmf.com\/portal\/category\/colaborador\/z-colaborador-david-auris\/"},"img":{"alt_text":"","src":"https:\/\/i0.wp.com\/webdelmaestrocmf.com\/portal\/wp-content\/uploads\/2024\/12\/Banner-1-portada-imagen-10-1-49.jpg?resize=350%2C200&ssl=1","width":350,"height":200,"srcset":"https:\/\/i0.wp.com\/webdelmaestrocmf.com\/portal\/wp-content\/uploads\/2024\/12\/Banner-1-portada-imagen-10-1-49.jpg?resize=350%2C200&ssl=1 1x, https:\/\/i0.wp.com\/webdelmaestrocmf.com\/portal\/wp-content\/uploads\/2024\/12\/Banner-1-portada-imagen-10-1-49.jpg?resize=525%2C300&ssl=1 1.5x, https:\/\/i0.wp.com\/webdelmaestrocmf.com\/portal\/wp-content\/uploads\/2024\/12\/Banner-1-portada-imagen-10-1-49.jpg?resize=700%2C400&ssl=1 2x"},"classes":[]},{"id":79419,"url":"https:\/\/webdelmaestrocmf.com\/portal\/david-auris-batalla-de-junin-y-pedagogia-solidaria\/","url_meta":{"origin":77548,"position":5},"title":"[David Auris] Batalla de Jun\u00edn y pedagog\u00eda solidaria","author":"Web del Maestro CMF","date":"15 agosto, 2022","format":false,"excerpt":"Como profesor empe\u00f1ado a construir una s\u00f3lida Am\u00e9rica, desde Alaska a Tierra de Fuego, gracias a la educaci\u00f3n solidaria, cada 6 de agosto, al imaginar aquella \u00e9pica batalla de Jun\u00edn, me emociona hasta las l\u00e1grimas e invito a los estudiantes, consolidar la unidad peruana y americana en memoria de la\u2026","rel":"","context":"En \u00abZ-Colaborador-David-Auris\u00bb","block_context":{"text":"Z-Colaborador-David-Auris","link":"https:\/\/webdelmaestrocmf.com\/portal\/category\/colaborador\/z-colaborador-david-auris\/"},"img":{"alt_text":"","src":"https:\/\/i0.wp.com\/webdelmaestrocmf.com\/portal\/wp-content\/uploads\/2022\/08\/1-30.jpg?resize=350%2C200&ssl=1","width":350,"height":200,"srcset":"https:\/\/i0.wp.com\/webdelmaestrocmf.com\/portal\/wp-content\/uploads\/2022\/08\/1-30.jpg?resize=350%2C200&ssl=1 1x, https:\/\/i0.wp.com\/webdelmaestrocmf.com\/portal\/wp-content\/uploads\/2022\/08\/1-30.jpg?resize=525%2C300&ssl=1 1.5x, https:\/\/i0.wp.com\/webdelmaestrocmf.com\/portal\/wp-content\/uploads\/2022\/08\/1-30.jpg?resize=700%2C400&ssl=1 2x"},"classes":[]}],"_links":{"self":[{"href":"https:\/\/webdelmaestrocmf.com\/portal\/wp-json\/wp\/v2\/posts\/77548","targetHints":{"allow":["GET"]}}],"collection":[{"href":"https:\/\/webdelmaestrocmf.com\/portal\/wp-json\/wp\/v2\/posts"}],"about":[{"href":"https:\/\/webdelmaestrocmf.com\/portal\/wp-json\/wp\/v2\/types\/post"}],"author":[{"embeddable":true,"href":"https:\/\/webdelmaestrocmf.com\/portal\/wp-json\/wp\/v2\/users\/1"}],"replies":[{"embeddable":true,"href":"https:\/\/webdelmaestrocmf.com\/portal\/wp-json\/wp\/v2\/comments?post=77548"}],"version-history":[{"count":0,"href":"https:\/\/webdelmaestrocmf.com\/portal\/wp-json\/wp\/v2\/posts\/77548\/revisions"}],"wp:featuredmedia":[{"embeddable":true,"href":"https:\/\/webdelmaestrocmf.com\/portal\/wp-json\/wp\/v2\/media\/77549"}],"wp:attachment":[{"href":"https:\/\/webdelmaestrocmf.com\/portal\/wp-json\/wp\/v2\/media?parent=77548"}],"wp:term":[{"taxonomy":"category","embeddable":true,"href":"https:\/\/webdelmaestrocmf.com\/portal\/wp-json\/wp\/v2\/categories?post=77548"},{"taxonomy":"post_tag","embeddable":true,"href":"https:\/\/webdelmaestrocmf.com\/portal\/wp-json\/wp\/v2\/tags?post=77548"}],"curies":[{"name":"wp","href":"https:\/\/api.w.org\/{rel}","templated":true}]}}