{"id":77397,"date":"2022-06-08T15:50:53","date_gmt":"2022-06-08T19:50:53","guid":{"rendered":"https:\/\/webdelmaestrocmf.com\/portal\/?p=77397"},"modified":"2022-06-08T15:52:24","modified_gmt":"2022-06-08T19:52:24","slug":"gustavo-preiti-me-tomo-una-licencia","status":"publish","type":"post","link":"https:\/\/webdelmaestrocmf.com\/portal\/gustavo-preiti-me-tomo-una-licencia\/","title":{"rendered":"[Gustavo Preiti] \u00a1Me tomo una licencia!"},"content":{"rendered":"<h5 style=\"text-align: justify;\">Veamos el siguiente di\u00e1logo entre docentes del nivel primario, luego de haber dado la salida de los alumnos del turno ma\u00f1ana:<\/h5>\n<p><!--more--><\/p>\n<h5 style=\"text-align: justify;\"><strong>Maestra de 4\u00b0A:<\/strong> \u00a1Qu\u00e9 locura de ma\u00f1ana!<\/h5>\n<h5 style=\"text-align: justify;\"><strong>Maestra de 3\u00b0B:<\/strong> Si, la de hoy, la de ayer, las de la semana pasada\u2026<\/h5>\n<h5 style=\"text-align: justify;\"><strong>Maestra de 4\u00b0C:<\/strong> \u00a1Todos los d\u00edas faltan 3 o 4 maestras!<\/h5>\n<p style=\"text-align: justify;\"><strong>Maestra de 4\u00b0A:<\/strong> Y no te olvides que ayer adem\u00e1s de las 4, faltaron la preceptora y la secretaria.<\/p>\n<p style=\"text-align: justify;\"><strong>Maestra de 3\u00b0B:<\/strong> \u00bfSe dieron cuenta que esto viene pasando desde hace unas tres semanas?<\/p>\n<p style=\"text-align: justify;\"><strong>Maestra de 5\u00b0A:<\/strong> (Se acerca al grupo) \u00bfse enteraron? \u00a1Otra renuncia, y es la tercera en diez d\u00edas! \u00a1Marta, la maestra de 6\u00b0B!<\/p>\n<p style=\"text-align: justify;\"><strong>Maestra de 4\u00b0C:<\/strong> Pero entr\u00f3 hace 15 d\u00edas reemplazando a Anita. \u00bfQu\u00e9 le pas\u00f3?<\/p>\n<p style=\"text-align: justify;\"><strong>Maestra de 5\u00b0A:<\/strong> Dijo que se hart\u00f3 del grupo y de la desorganizaci\u00f3n que hay.<\/p>\n<p style=\"text-align: justify;\"><strong>Maestra de 4\u00b0A:<\/strong> Lo del grupo no s\u00e9 porque no los conozco, pero de la desorganizaci\u00f3n, muy equivocada no est\u00e1.<\/p>\n<p style=\"text-align: justify;\"><strong>Maestra de 3\u00b0B:<\/strong> Es real, cada uno hace lo que quiere, no est\u00e1n en los lugares que les corresponde del patio, los profesores especiales toman la clase a cualquier hora, y nadie dice nada.<\/p>\n<p style=\"text-align: justify;\"><strong>Maestra de 5\u00b0A:<\/strong> Y como nadie dice nada, y todo da igual\u2026se toman el d\u00eda porque tienen al nene enfermo, o al marido, o le duele la cabeza\u2026siempre hay una excusa.<\/p>\n<p style=\"text-align: justify;\"><strong>Maestra de 4\u00b0A:<\/strong> Y a todo esto\u2026 \u00bfel equipo directivo no se da cuenta de lo que est\u00e1 ocurriendo?<\/p>\n<p style=\"text-align: justify;\">Y la pregunta es\u2026 \u00bfQu\u00e9 est\u00e1 ocurriendo en esta instituci\u00f3n que los docentes con a\u00f1os en ella, comenzaron a ausentarse, a tomar licencias, o directamente renunciar?<\/p>\n<p style=\"text-align: justify;\">El ausentismo laboral es consecuencia de la despersonalizaci\u00f3n en la ense\u00f1anza, el docente deja de implicarse, las relaciones humanas con el alumnado son superficiales, se llega a la rutina e inhibici\u00f3n, actitudes que no son elegidas por el profesor pero que encuentran como \u00fanico modo de no implicarse personalmente. Todo ello es lo que lleva a las bajas laborales. Esta huida del trabajo es causa aparente del estr\u00e9s, la tensi\u00f3n, el desencanto\u2026 la tasa m\u00e1s alta de ausentismo suele producirse tras cinco a\u00f1os de profesi\u00f3n. Transcurridos este periodo es donde se encuentra el grupo m\u00e1s alto de bajas laborales. Tambi\u00e9n se suele producir peticiones de traslados. Los docentes trasladados eligen centros escolares menos conflictivos. Este cambio suele generar plazas de trabajo libres en estos colegios m\u00e1s conflictivos a los que generalmente se env\u00edan profesores noveles, bastante m\u00e1s inseguros y que adem\u00e1s desarrollan su labor en peores condiciones de trabajo, comenzando as\u00ed con muy inseguros y que adem\u00e1s desarrollan su labor en peores condiciones de trabajo, comenzando as\u00ed con muchas dificultades.<\/p>\n<p style=\"text-align: justify;\">Este ausentismo, entre otras tantas variables, es consecuencia de un padecimiento muy com\u00fan en el cuerpo profesional de la docencia, el MALESTAR DOCENTE.<\/p>\n<p style=\"text-align: justify;\">Cuando hablamos de malestar docente hacemos referencia a un fen\u00f3meno que afecta a una buena parte de los maestros y que se origina en respuesta a una serie de factores o acontecimientos negativos que los aquejan en el marco educativo. Este malestar es el que lleva a los docentes al tan mencionado estr\u00e9s laboral (\u201cburnout\u201d), ansiedad que exhiben los docentes afectados, pudi\u00e9ndose llegar a alcanzar la depresi\u00f3n como resultado \u00faltimo.<\/p>\n<p style=\"text-align: justify;\">En la jerga docente el burnout es conocido como el s\u00edndrome de la cabeza quemada. Se puede decir que el \u201cburnout\u201d es un proceso de respuesta m\u00faltiple a un estr\u00e9s cr\u00f3nico que se caracteriza por extenuaci\u00f3n, una gradual y progresiva despreocupaci\u00f3n, as\u00ed como ausencia de sentimientos emocionales hacia los beneficiarios del trabajo: \u00a1los ni\u00f1os!<\/p>\n<p style=\"text-align: justify;\">El pensamiento popular dice: \u201cno s\u00e9 de que se quejan los maestros si trabajan 4 horas, tiene dos semanas de vacaciones en invierno y 3 meses en verano\u201d. (\u00a1como si esto fuera cierto!).<\/p>\n<p style=\"text-align: justify;\">Diferentes estudios a nivel mundial en diversos sistemas educativos tanto americanos, europeos, asi\u00e1ticos, han demostrado que ser docente, en cualquiera de sus niveles, es una de las profesiones m\u00e1s estresantes.<\/p>\n<p style=\"text-align: justify;\">\u00bfCu\u00e1les son las causas que llevan al docente hacia ese \u201cmalestar\u201d y a pensar en la posibilidad de abandonar la profesi\u00f3n?<\/p>\n<p style=\"text-align: justify;\">Atendiendo a los principales determinantes organizacionales, es necesario destacar los siguientes: aspectos:<\/p>\n<ul style=\"text-align: justify;\">\n<li>Excesivo trabajo: planificar las clases, armar a carpeta did\u00e1ctica, dar las clases, entrevistas con padres, con direcci\u00f3n, tener la correcci\u00f3n al d\u00eda, armar la tarjetita de invitaci\u00f3n, ensayar para el acto, preparar el acto, enviar notas\u2026Y esto por dos, si el docente tiene doble cargo.<\/li>\n<li>Multiplicidad de demandas: de secretar\u00eda tener el registro ordenado, completo, forrado; la documentaci\u00f3n de los alumnos completa y ordenada. De Direcci\u00f3n: tener la planificaci\u00f3n anual, la mensual, las actividades, de realizar el seguimiento de los alumnos con dificultades, de leer los instructivos que se env\u00edan, de asistir a las reuniones de personal y capacitaci\u00f3n\u2026<\/li>\n<li>Ambig\u00fcedad y conflictos del papel a desempe\u00f1ar: \u00bfsoy maestra, secretaria, directora, mam\u00e1, portera, m\u00e9dica\u2026?<\/li>\n<li>Insuficiencia de recursos: no tengo borrador, faltan tizas, el proyector no funciona, la escuela no tiene wifi, \u2026<\/li>\n<li>Relaci\u00f3n docente\/cantidad de alumnos: una maestra, 36 alumnos, 4 de ellos con necesidades especiales\u2026<\/li>\n<li>Burocracia: \u201ccompl\u00e9tame la planilla \u00a1Ah, por duplicado!, despu\u00e9s ll\u00e9vala a firmar al Consejo Escolar, la traes a Secretar\u00eda para sellar\u2026\u201d, \u201cmanden a las casas las planillas de C\u00e9dula Escolar, la de autorizaciones, las de salud, y registren a quien se la dan y cuando las devuelven\u2026\u201d.<\/li>\n<li>Escasa autonom\u00eda en la toma de decisiones: \u201cesto no est\u00e1 funcionando, pero no se puede cambiar porque ac\u00e1 siempre se hizo as\u00ed\u2026\u201d.<\/li>\n<li>Indisciplina de los alumnos e interacci\u00f3n con ellos. Se considera que el comportamiento hostil de los alumnos representa un papel fundamental en el origen y desarrollo del malestar docente.<\/li>\n<li>Pobres actitudes en los alumnos: \u201cno hacen la tarea, no traen los materiales, no cuidan sus pertenencias, no estudian\u2026\u201d.<\/li>\n<li>P\u00e9rdida de respeto de la comunidad hacia el docente: \u201cla madre me cuestiona c\u00f3mo di la clase\u201d \u2026, \u201cel padre me grit\u00f3 en la puerta para que le entregue al nene r\u00e1pido\u2026\u201d.<\/li>\n<li>Exiguas retribuciones, escasa efectividad en el trabajo: \u201cpor lo que cobro, m\u00e1s no pienso hacer\u201d.<\/li>\n<li>Aburrimiento debido a la rutina, as\u00ed como estr\u00e9s y frustraci\u00f3n: \u201c\u00a1estoy frustrada! No me dejan usar juegos para incentivar las clases. Tiene que ser todo estructurado\u201d.<\/li>\n<li>La incompetencia y falta de cooperaci\u00f3n de la administraci\u00f3n ser\u00eda la principal causa del desgaste: \u201cfue siempre maestra de 1\u00b0grado, hoy es la Directora \u2026 no sabe nada, y como no sabe no te puede ayudar\u2026\u201d<\/li>\n<\/ul>\n<p style=\"text-align: justify;\">El estr\u00e9s laboral o \u201cburnout\u201d ha ido adquiriendo en la \u00faltima d\u00e9cada un progresivo protagonismo entre los s\u00edntomas del malestar docente,<\/p>\n<p style=\"text-align: justify;\">Algunos s\u00edntomas propios del \u201cquemado\u201d son su insatisfacci\u00f3n con el trabajo, negativismo, aburrimiento, falta de preparaci\u00f3n, irritabilidad, frecuentes enfermedades, afecci\u00f3n de la memoria, cansancio y depresi\u00f3n.<\/p>\n<p style=\"text-align: justify;\">Todas estas circunstancias unidas al desprestigio social que conlleva la profesi\u00f3n desde hace a\u00f1os, hacen que nos encontremos ante un problema psicol\u00f3gico individual de origen social, que genera el conjunto de s\u00edntomas anteriormente mencionados.<\/p>\n<p style=\"text-align: justify;\">Es dif\u00edcil enumerar todos ellos, pero se puede hacer una relaci\u00f3n ahondando un poco sobre de los m\u00e1s destacados:<\/p>\n<ul style=\"text-align: justify;\">\n<li>La sociedad ha cambiado muy r\u00e1pidamente y la formaci\u00f3n de los educadores no ha sufrido cambios sustanciales. Los estudios no se adaptan a las nuevas tecnolog\u00edas y a las necesidades y problem\u00e1tica de la sociedad actual. Esto desencadena un estado an\u00edmico que genera en el docente un malestar, provocado por el cambio social, al que se tiene que enfrentar y para el que no tiene estrategias de actuaci\u00f3n.<\/li>\n<li>El prestigio social de los profesionales de la ense\u00f1anza ha disminuido considerablemente. Algunos padres atribuyen el fracaso escolar a los maestros, pero los logros alcanzados solo a sus hijos, sin valorar en ning\u00fan momento la labor del docente. Esto no mejora en ning\u00fan caso la situaci\u00f3n de los mismos, que se sienten solos y desprotegidos, ante una sociedad que los deval\u00faa social y laboralmente (agresividad hacia el profesional educativo, poner en duda su rendimiento laboral, escasa inversi\u00f3n del Ministerio\u2026). Todo esto les lleva, a cuestionar su labor.<\/li>\n<li>La autoridad y el conocimiento de los docentes, empieza a verse cuestionado por una parte del alumnado. Aunque ya en los primeros cursos aparecen problemas de conducta, es en el segundo ciclo y sobre todo en secundaria, donde los alumnos\/as presentan mayor agresividad, desafiando a los profesores tanto en comportamiento como en conocimiento ya que, para ellos, la informaci\u00f3n que les proporciona la red, tiene m\u00e1s valor que la que le aporta el docente, sinti\u00e9ndose \u00e9ste en una situaci\u00f3n de clara desventaja. La mayor implicaci\u00f3n de los padres en la educaci\u00f3n de los hijos, har\u00eda posible que los alumnos\/as no menospreciaran la figura del docente, ya que es en el seno familiar donde se debe inculcar valores como el respeto y la tolerancia. Por otra parte, un adecuado conocimiento de ciertas habilidades sociales por parte del docente, tambi\u00e9n mejorar\u00eda las relaciones entre el alumno\/a y el profesor\/a.<\/li>\n<li>La falta de motivaci\u00f3n en el alumnado comienza cada vez m\u00e1s pronto, apareciendo ya en los primeros cursos, aunque tambi\u00e9n se agudiza a medida que son mayores. Un buen n\u00famero de alumnos\/as no valoran la adquisici\u00f3n de conocimientos, lo ven como algo innecesario (una p\u00e9rdida de tiempo), quiz\u00e1s porque en la familia no se le da la importancia necesaria o tal vez porque en las escuelas se suele impartir una educaci\u00f3n poco participativa, que carece de motivaci\u00f3n para el alumnado. El implantar en las escuelas una ense\u00f1anza participativa y motivadora, donde las nuevas tecnolog\u00edas tengan un espacio relevante podr\u00eda aumentar el inter\u00e9s de nuestros alumnos\/as y como consecuencia, cambiar su actitud frente a la educaci\u00f3n y a las personas que la imparten y contribuir\u00eda a mejorar las tensiones dentro del grupo.<\/li>\n<li>Los grupos de alumnos que conviven en nuestras aulas, presentan cada vez m\u00e1s, caracter\u00edsticas muy diversas en cuanto a la edad, estatus social de la familia, pa\u00eds de origen, motivaciones etc. Debido a esto son grupos muy heterog\u00e9neos que demandan una educaci\u00f3n muy personalizada, dif\u00edcil de realizar con el n\u00famero de alumnos que suele haber en el aula (30, 36, \u2026) y el poco personal de apoyo con que se cuenta. Tambi\u00e9n ser\u00eda muy necesario, el aumento de profesores especialistas y de apoyo en el aula.<\/li>\n<li>La familia elude cada vez m\u00e1s su responsabilidad educativa, deleg\u00e1ndola sistem\u00e1ticamente en la escuela, y contradictoriamente la desacredita desvalor\u00e1ndola y quit\u00e1ndole autoridad a los profesores.<\/li>\n<\/ul>\n<p style=\"text-align: justify;\">Un estudio realizado por la Fundaci\u00f3n L\u00faminis en el 2001 (y hablamos de 21 a\u00f1os atr\u00e1s), llev\u00f3 a la conclusi\u00f3n de que las familias cada vez esperan m\u00e1s de la escuela y de la labor educativa de los docentes. Los padres exponen que sienten una gran responsabilidad por la formaci\u00f3n de sus hijos\/as, pero a la vez tienen una actitud de renuncia a gran parte del papel educativo propio de la familia. Lo m\u00e1s frecuente es delegar estas responsabilidades a la escuela y no parecen mostrar un inter\u00e9s coherente con la formaci\u00f3n integral como personas de sus hijos. Al margen de estad\u00edsticas y centr\u00e1ndonos en lo que se ve en la escuela d\u00eda a d\u00eda, son cada vez menos las familias que asumen como algo prioritario la educaci\u00f3n de sus hijos\/as. La generalidad es que digan que sienten gran preocupaci\u00f3n por su formaci\u00f3n y que se implican en las tareas escolares, pero la realidad nos demuestra que no es cierto. La formaci\u00f3n integral de los ni\u00f1os\/as es una tarea de padres y educadores, pero si los padres delegan esta formaci\u00f3n en la escuela renunciando a su papel educativo y adem\u00e1s desautorizan a los educadores cuando toman decisiones con las que ellos no est\u00e1n de acuerdo, dif\u00edcilmente se podr\u00e1 impartir una buena educaci\u00f3n en las escuelas.<\/p>\n<ul style=\"text-align: justify;\">\n<li>El docente no solo trabaja intelectualmente. En los \u00faltimos a\u00f1os se ha burocratizado mucho la ense\u00f1anza y tiene que realizar trabajos administrativos. Se le asignan tareas que podr\u00edan realizar otros especialistas. Estas funciones afectan cada vez m\u00e1s al profesorado que tiene que dedicarle demasiado tiempo a la realizaci\u00f3n de informes, estad\u00edsticas y evaluaciones de todo tipo, que restan tiempo a las labores educativas y adem\u00e1s no facilitan el trabajo del profesor\/a, sino que lo hace m\u00e1s estresante y menos satisfactorio.<\/li>\n<\/ul>\n<p style=\"text-align: justify;\">Resulta m\u00e1s que claro que un docente expuesto a todo o parte de lo anterior, generar\u00e1 en \u00e9l un malestar, que no podr\u00e1 eludir de manera sencilla ni de sus efectos\u2026<\/p>\n<p style=\"text-align: justify;\">Las principales consecuencias del malestar docente las podr\u00edamos graduar de la siguiente manera:<\/p>\n<ol style=\"text-align: justify;\">\n<li>Sentimientos de desconcierto e insatisfacci\u00f3n entre los problemas de la pr\u00e1ctica de la ense\u00f1anza, en contradicci\u00f3n con la imagen ideal de \u00e9sta que los docentes querr\u00edan dar.<\/li>\n<li>Absentismo laboral.<\/li>\n<li>Peticiones de traslado.<\/li>\n<li>Deseo manifiesto de abandonar la docencia.<\/li>\n<li>Agotamiento.<\/li>\n<li>Ansiedad.<\/li>\n<li>Estr\u00e9s.<\/li>\n<li>Depreciaci\u00f3n del Yo. Autoculpabilizaci\u00f3n ante la incapacidad para mejorar la ense\u00f1anza.<\/li>\n<li>Ansiedad como estado permanente.<\/li>\n<li>Neurosis reactivas.<\/li>\n<li>Depresiones.<\/li>\n<\/ol>\n<p style=\"text-align: justify;\">Estas consecuencias llevan a los docentes a solicitar una de las licencias que m\u00e1s ausencias prolongadas producen, las licencias por psiquiatr\u00eda. A modo de ejemplo, en el mes de octubre de 2021, sobre un total de 114 licencias elevadas a junta m\u00e9dica de La Plata, 70 correspondieron a psiqui\u00e1tricas, \u00a1el 61%!<\/p>\n<p style=\"text-align: justify;\">Retomando el di\u00e1logo inicial, y modo de comprender mejor aun la situaci\u00f3n de la instituci\u00f3n, que podr\u00eda ser cualquiera de la provincia, e interpretar los conceptos anteriores, conozcamos un poco los antecedentes \u2026<\/p>\n<p style=\"text-align: justify;\">La escuela tiene 18 secciones de grado, A, B, y C, de 1\u00b0 a 6\u00b0grado, Directora, Vicedirectora, 2 secretarias, 1 prosecretaria y 2 preceptoras.<\/p>\n<p style=\"text-align: justify;\">Cada grado, desde Primero cuenta con tres docentes, uno para Matem\u00e1tica, uno para Pr\u00e1cticas del Lenguaje, y uno para las Ciencias\u2026reitero, desde PRIMER GRADO.<\/p>\n<p style=\"text-align: justify;\">Desde el inicio de las actividades en febrero y luego de pasados 3 meses de clases, los docentes no tuvieron reuni\u00f3n alguna con el equipo directivo para tratar las orientaciones pedag\u00f3gicas ni organizativas institucionales del ciclo lectivo. Ocasionalmente recibieron por \u201cwhatsapp\u201d o \u201ce-mail\u201d alguna indicaci\u00f3n como, por ejemplo:<\/p>\n<p style=\"text-align: justify;\">\u201clos docentes deben enviar las actividades semanales por mail al equipo directivo para su correcci\u00f3n e imprimirlas. Luego de la devoluci\u00f3n, hacer las correcciones que se hayan marcado y volver a imprimir\u201d.<\/p>\n<p style=\"text-align: justify;\">O\u2026<\/p>\n<p style=\"text-align: justify;\">\u201cLas carpetas de matem\u00e1tica deben estar divididas en aritm\u00e9tica y geometr\u00eda, tanto en los docentes como en los alumnos\u201d. \u00bfY la integraci\u00f3n de los contenidos?<\/p>\n<p style=\"text-align: justify;\">O\u2026<\/p>\n<p style=\"text-align: justify;\">\u201clos alumnos no pueden usar liquid paper o borratintas para realizar correcciones. Deber\u00e1n usar etiquetas autoadhesivas\u201d.<\/p>\n<p style=\"text-align: justify;\">Y la lista de comunicados (todos ellos reales, al igual que el di\u00e1logo inicial) contin\u00faa. Mientras tanto, los docentes est\u00e1n lidiando d\u00eda a d\u00eda con situaciones que requieren de ayuda u orientaci\u00f3n. Maestras que cuentan dentro de su aula con ni\u00f1os con necesidades especiales; con acompa\u00f1antes terap\u00e9uticos; con maestras integradoras, que necesitan recibir gu\u00eda para el tratamiento de estas situaciones, coordinar con esos equipos, o simplemente ser orientados en metodolog\u00edas \u00b4para trabajar en las distintas \u00e1reas con el grupo de alumnos en general.<\/p>\n<p style=\"text-align: justify;\">El equipo directivo est\u00e1 abocado a atender la constante catarata de padres, que a diario solicitan reuni\u00f3n. Y as\u00ed pasan sus horas en la escuela, desatendiendo al motor de la instituci\u00f3n: los docentes, quienes comienzan a llegar tarde, a faltar semanalmente, a pedir licencias m\u00e1s extensas\u2026Y estas ausencias muchas veces son cubiertas por las maestras que est\u00e1n presentes, en sus horas de materias especiales.<\/p>\n<p style=\"text-align: justify;\">Y as\u00ed, al verse desprotegidas, desamparadas, a la deriva, sobrecargadas, comienzan a transitar el camino hacia el \u201cmalestar\u201d. Y digo comienza a transitar porque seg\u00fan una investigaci\u00f3n de Roberto Baltazar Montes, el malestar docente se puede dividir en varias etapas, a lo que \u00e9l llamo \u201cterm\u00f3metro del estr\u00e9s\u201d:<\/p>\n<ol style=\"text-align: justify;\">\n<li>Luna de miel: Todo marcha aparentemente bien, el docente tiene energ\u00eda y paciencia para enfrentar cualquier situaci\u00f3n que se le presente, convive bien con alumnos, padres de familia y autoridades.<\/li>\n<li>El despertar: El docente empieza a visualizar algunas problem\u00e1ticas que deben enfrentar, se da cuenta de la falta de confianza de los padres de familia, de los conflictos que existen con las autoridades y con otros docentes y del desinter\u00e9s por parte de los alumnos.<\/li>\n<li>El agotamiento: El docente ha tratado de sobrellevar su situaci\u00f3n laboral, ha buscado estrategias, sin embargo, el agotamiento f\u00edsico y emocional se va haciendo presente d\u00eda a d\u00eda.<\/li>\n<li>El burnout: Tambi\u00e9n conocido como el s\u00edndrome de \u201cquemarse\u201d en el trabajo, se produce como una respuesta al estr\u00e9s laboral cr\u00f3nico integrado por actitudes y sentimientos negativos hacia las personas con las que se trabaja y hacia el propio rol profesional (en este caso, hacia alumnos, padres de familia, autoridades, otros docentes). Normalmente la persona se encuentra agotada y este fen\u00f3meno ocurre con frecuencia a m\u00e9dicos, maestros, funcionarios de gobierno, polic\u00edas o trabajadores sociales ya que trabajan en relaciones de ayuda hacia otras personas. En esta etapa el docente presenta agotamiento emocional, dificultades con los alumnos, falta de control del grupo, despersonalizaci\u00f3n y ha perdido de vista sus objetivos y logros personales.<\/li>\n<\/ol>\n<p style=\"text-align: justify;\">Para llegar finalmente al \u201cfen\u00f3meno F\u00e9nix\u201d: el docente est\u00e1 decidido de que a pesar de lo dif\u00edcil que es su trabajo, seguir\u00e1 ejerci\u00e9ndolo para lograr sus objetivos. Buscar\u00e1 nuevas estrategias y no se sobrecargar\u00e1 de trabajo, esta consciente que poco a poco, la experiencia le ayudar\u00e1 a sobrellevar su labor.<\/p>\n<p style=\"text-align: justify;\">Aunque la instituci\u00f3n est\u00e9 en llamas, el docente de vocaci\u00f3n siempre habr\u00e1 de resurgir de entre las cenizas como el ave F\u00e9nix.<\/p>\n<p style=\"text-align: justify;\"><strong>NOTA DE REDACCI\u00d3N: <\/strong>La Web del Maestro CMF publica los textos originales de su autor, no necesariamente coincide con lo expuesto en el tema, no se hace responsable de las opiniones expresadas, y no promociona ning\u00fan producto, servicio, marca o empresa. Sugerimos a nuestros lectores conocer la identidad de su autor o autores, para tener mayores elementos de juicio y la pertinencia a su realidad educativa.<\/p>\n<table class=\" alignleft\" border=\"0\" width=\"100%\" cellspacing=\"10\" cellpadding=\"10\">\n<tbody>\n<tr>\n<td style=\"text-align: center;\" width=\"30%\"><strong><img loading=\"lazy\" decoding=\"async\" class=\"size-full wp-image-40895 aligncenter\" src=\"https:\/\/webdelmaestrocmf.com\/portal\/wp-content\/uploads\/2019\/09\/foto-perfil-usuario-user.jpg\" alt=\"\" width=\"200\" height=\"200\" srcset=\"https:\/\/webdelmaestrocmf.com\/portal\/wp-content\/uploads\/2019\/09\/foto-perfil-usuario-user.jpg 200w, https:\/\/webdelmaestrocmf.com\/portal\/wp-content\/uploads\/2019\/09\/foto-perfil-usuario-user-150x150.jpg 150w, https:\/\/webdelmaestrocmf.com\/portal\/wp-content\/uploads\/2019\/09\/foto-perfil-usuario-user-80x80.jpg 80w, https:\/\/webdelmaestrocmf.com\/portal\/wp-content\/uploads\/2019\/09\/foto-perfil-usuario-user-110x110.jpg 110w\" sizes=\"auto, (max-width: 200px) 100vw, 200px\" \/><br \/>\nAutor: Gustavo Preiti<\/strong><\/td>\n<\/tr>\n<\/tbody>\n<\/table>\n<p style=\"text-align: left;\">.<\/p>\n\t\t<div class=\"pk-inline-posts\">\n\t\t\t\n\t\t\t<div class=\"pk-inline-posts-container pk-inline-posts-template-list\"\n\t\t\t\tdata-columns=\"1\">\n\t\t\t\t\t\t<article id=\"post-51527\" class=\"post-51527 post type-post status-publish format-standard has-post-thumbnail category-colaborador category-z-colaboradores-mario-schiavelli tag-cinco tag-mario-schiavelli tag-sentidos cs-entry cs-video-wrap\">\n\t\t\t<div class=\"pk-post-outer\">\n\n\t\t\t\t\t\t\t\t<div class=\"pk-post-inner\">\n\t\t\t\t\t<div class=\"entry-thumbnail\">\n\t\t\t\t\t\t<div class=\"pk-overlay pk-overlay-ratio pk-ratio-landscape\">\n\t\t\t\t\t\t\t<div class=\"pk-overlay-background\">\n\t\t\t\t\t\t\t\t<a href=\"https:\/\/webdelmaestrocmf.com\/portal\/mario-schiavelli-los-cinco-sentidos\/\" class=\"pk-overlay-link\">\n\t\t\t\t\t\t\t\t\t<img loading=\"lazy\" decoding=\"async\" width=\"300\" height=\"225\" src=\"https:\/\/webdelmaestrocmf.com\/portal\/wp-content\/uploads\/2020\/09\/1AA-Banner-1-portada-imagen-10-1-copia-300x225.webp\" class=\"attachment-pk-thumbnail size-pk-thumbnail wp-post-image\" alt=\"\" \/>\t\t\t\t\t\t\t\t<\/a>\n\t\t\t\t\t\t\t<\/div>\n\t\t\t\t\t\t<\/div>\n\t\t\t\t\t<\/div>\n\t\t\t\t<\/div>\n\t\t\t\t\n\t\t\t\t<div class=\"pk-post-inner\">\n\t\t\t\t\t<header>\n\t\t\t\t\t\t<h3 class=\"pk-title\"><a href=\"https:\/\/webdelmaestrocmf.com\/portal\/mario-schiavelli-los-cinco-sentidos\/\" rel=\"bookmark\">Los Cinco Sentidos:  Descarga la gu\u00eda \u00abTu cerebro y los cinco sentidos\u00bb<\/a><\/h3>\t\t\t\t\t<\/header><!-- .entry-header -->\n\t\t\t\t<\/div><!-- .post-inner -->\n\n\t\t\t<\/div><!-- .post-outer -->\n\t\t<\/article>\n\t\t\t\t<\/div>\n\t\t<\/div>\n\t\t\n","protected":false},"excerpt":{"rendered":"Veamos el siguiente di\u00e1logo entre docentes del nivel primario, luego de haber dado la salida de los alumnos&hellip;","protected":false},"author":1,"featured_media":77399,"comment_status":"open","ping_status":"closed","sticky":false,"template":"","format":"standard","meta":{"csco_display_header_overlay":false,"csco_singular_sidebar":"default","csco_page_header_type":"default","csco_page_load_nextpost":"default","csco_post_video_location":[],"csco_post_video_location_hash":"","csco_post_video_url":"","csco_post_video_bg_start_time":0,"csco_post_video_bg_end_time":0,"csco_post_video_bg_volume":false,"_jetpack_memberships_contains_paid_content":false,"footnotes":""},"categories":[1790],"tags":[14819,14820],"class_list":{"0":"post-77397","1":"post","2":"type-post","3":"status-publish","4":"format-standard","5":"has-post-thumbnail","7":"category-colaborador","8":"tag-gustavo-preiti","9":"tag-me-tomo-una-licencia","10":"cs-entry","11":"cs-video-wrap"},"yoast_head":"<!-- This site is optimized with the Yoast SEO plugin v27.5 - https:\/\/yoast.com\/product\/yoast-seo-wordpress\/ -->\n<title>[Gustavo Preiti] \u00a1Me tomo una licencia! - 2026<\/title>\n<meta name=\"description\" content=\"Veamos el siguiente di\u00e1logo entre docentes del nivel primario, luego de haber dado la salida de los alumnos del turno ma\u00f1ana:\" \/>\n<meta name=\"robots\" content=\"index, follow, max-snippet:-1, max-image-preview:large, max-video-preview:-1\" \/>\n<link rel=\"canonical\" href=\"https:\/\/webdelmaestrocmf.com\/portal\/gustavo-preiti-me-tomo-una-licencia\/\" \/>\n<meta property=\"og:locale\" content=\"es_ES\" \/>\n<meta property=\"og:type\" content=\"article\" \/>\n<meta property=\"og:title\" content=\"[Gustavo Preiti] \u00a1Me tomo una licencia! - 2026\" \/>\n<meta property=\"og:description\" content=\"Veamos el siguiente di\u00e1logo entre docentes del nivel primario, luego de haber dado la salida de los alumnos del turno ma\u00f1ana:\" \/>\n<meta property=\"og:url\" content=\"https:\/\/webdelmaestrocmf.com\/portal\/gustavo-preiti-me-tomo-una-licencia\/\" \/>\n<meta property=\"og:site_name\" content=\"Web del Maestro CMF\" \/>\n<meta property=\"article:publisher\" content=\"https:\/\/www.facebook.com\/WebdelMaestroCMF\/\" \/>\n<meta property=\"article:author\" content=\"https:\/\/www.facebook.com\/WebdelMaestroCMF\/\" \/>\n<meta property=\"article:published_time\" content=\"2022-06-08T19:50:53+00:00\" \/>\n<meta property=\"article:modified_time\" content=\"2022-06-08T19:52:24+00:00\" \/>\n<meta property=\"og:image\" content=\"https:\/\/i0.wp.com\/webdelmaestrocmf.com\/portal\/wp-content\/uploads\/2022\/06\/1-18.jpg?fit=1100%2C680&ssl=1\" \/>\n\t<meta property=\"og:image:width\" content=\"1100\" \/>\n\t<meta property=\"og:image:height\" content=\"680\" \/>\n\t<meta property=\"og:image:type\" content=\"image\/jpeg\" \/>\n<meta name=\"author\" content=\"Web del Maestro CMF\" \/>\n<meta name=\"twitter:card\" content=\"summary_large_image\" \/>\n<meta name=\"twitter:creator\" content=\"@cmf_w\" \/>\n<meta name=\"twitter:site\" content=\"@cmf_w\" \/>\n<script type=\"application\/ld+json\" class=\"yoast-schema-graph\">{\"@context\":\"https:\\\/\\\/schema.org\",\"@graph\":[{\"@type\":\"ScholarlyArticle\",\"@id\":\"https:\\\/\\\/webdelmaestrocmf.com\\\/portal\\\/gustavo-preiti-me-tomo-una-licencia\\\/#article\",\"isPartOf\":{\"@id\":\"https:\\\/\\\/webdelmaestrocmf.com\\\/portal\\\/gustavo-preiti-me-tomo-una-licencia\\\/\"},\"author\":{\"name\":\"Web del Maestro CMF\",\"@id\":\"https:\\\/\\\/webdelmaestrocmf.com\\\/portal\\\/#\\\/schema\\\/person\\\/1072a2ed7bd960df8ef99a551fa35dc5\"},\"headline\":\"[Gustavo Preiti] \u00a1Me tomo una licencia!\",\"datePublished\":\"2022-06-08T19:50:53+00:00\",\"dateModified\":\"2022-06-08T19:52:24+00:00\",\"mainEntityOfPage\":{\"@id\":\"https:\\\/\\\/webdelmaestrocmf.com\\\/portal\\\/gustavo-preiti-me-tomo-una-licencia\\\/\"},\"wordCount\":3145,\"commentCount\":0,\"publisher\":{\"@id\":\"https:\\\/\\\/webdelmaestrocmf.com\\\/portal\\\/#organization\"},\"image\":{\"@id\":\"https:\\\/\\\/webdelmaestrocmf.com\\\/portal\\\/gustavo-preiti-me-tomo-una-licencia\\\/#primaryimage\"},\"thumbnailUrl\":\"https:\\\/\\\/webdelmaestrocmf.com\\\/portal\\\/wp-content\\\/uploads\\\/2022\\\/06\\\/1-18.jpg\",\"keywords\":[\"Gustavo Preiti\",\"Me tomo una licencia\"],\"articleSection\":[\"Z-Colaboradores\"],\"inLanguage\":\"es\",\"potentialAction\":[{\"@type\":\"CommentAction\",\"name\":\"Comment\",\"target\":[\"https:\\\/\\\/webdelmaestrocmf.com\\\/portal\\\/gustavo-preiti-me-tomo-una-licencia\\\/#respond\"]}]},{\"@type\":\"WebPage\",\"@id\":\"https:\\\/\\\/webdelmaestrocmf.com\\\/portal\\\/gustavo-preiti-me-tomo-una-licencia\\\/\",\"url\":\"https:\\\/\\\/webdelmaestrocmf.com\\\/portal\\\/gustavo-preiti-me-tomo-una-licencia\\\/\",\"name\":\"[Gustavo Preiti] \u00a1Me tomo una licencia! - 2026\",\"isPartOf\":{\"@id\":\"https:\\\/\\\/webdelmaestrocmf.com\\\/portal\\\/#website\"},\"primaryImageOfPage\":{\"@id\":\"https:\\\/\\\/webdelmaestrocmf.com\\\/portal\\\/gustavo-preiti-me-tomo-una-licencia\\\/#primaryimage\"},\"image\":{\"@id\":\"https:\\\/\\\/webdelmaestrocmf.com\\\/portal\\\/gustavo-preiti-me-tomo-una-licencia\\\/#primaryimage\"},\"thumbnailUrl\":\"https:\\\/\\\/webdelmaestrocmf.com\\\/portal\\\/wp-content\\\/uploads\\\/2022\\\/06\\\/1-18.jpg\",\"datePublished\":\"2022-06-08T19:50:53+00:00\",\"dateModified\":\"2022-06-08T19:52:24+00:00\",\"description\":\"Veamos el siguiente di\u00e1logo entre docentes del nivel primario, luego de haber dado la salida de los alumnos del turno ma\u00f1ana:\",\"breadcrumb\":{\"@id\":\"https:\\\/\\\/webdelmaestrocmf.com\\\/portal\\\/gustavo-preiti-me-tomo-una-licencia\\\/#breadcrumb\"},\"inLanguage\":\"es\",\"potentialAction\":[{\"@type\":\"ReadAction\",\"target\":[\"https:\\\/\\\/webdelmaestrocmf.com\\\/portal\\\/gustavo-preiti-me-tomo-una-licencia\\\/\"]}]},{\"@type\":\"ImageObject\",\"inLanguage\":\"es\",\"@id\":\"https:\\\/\\\/webdelmaestrocmf.com\\\/portal\\\/gustavo-preiti-me-tomo-una-licencia\\\/#primaryimage\",\"url\":\"https:\\\/\\\/webdelmaestrocmf.com\\\/portal\\\/wp-content\\\/uploads\\\/2022\\\/06\\\/1-18.jpg\",\"contentUrl\":\"https:\\\/\\\/webdelmaestrocmf.com\\\/portal\\\/wp-content\\\/uploads\\\/2022\\\/06\\\/1-18.jpg\",\"width\":1100,\"height\":680},{\"@type\":\"BreadcrumbList\",\"@id\":\"https:\\\/\\\/webdelmaestrocmf.com\\\/portal\\\/gustavo-preiti-me-tomo-una-licencia\\\/#breadcrumb\",\"itemListElement\":[{\"@type\":\"ListItem\",\"position\":1,\"name\":\"Portada\",\"item\":\"https:\\\/\\\/webdelmaestrocmf.com\\\/portal\\\/\"},{\"@type\":\"ListItem\",\"position\":2,\"name\":\"Z-Colaboradores\",\"item\":\"https:\\\/\\\/webdelmaestrocmf.com\\\/portal\\\/category\\\/colaborador\\\/\"},{\"@type\":\"ListItem\",\"position\":3,\"name\":\"[Gustavo Preiti] \u00a1Me tomo una licencia!\"}]},{\"@type\":\"WebSite\",\"@id\":\"https:\\\/\\\/webdelmaestrocmf.com\\\/portal\\\/#website\",\"url\":\"https:\\\/\\\/webdelmaestrocmf.com\\\/portal\\\/\",\"name\":\"Web del Maestro CMF\",\"description\":\"Maestros al servicio de la educaci\u00f3n\",\"publisher\":{\"@id\":\"https:\\\/\\\/webdelmaestrocmf.com\\\/portal\\\/#organization\"},\"alternateName\":\"WMCMF\",\"potentialAction\":[{\"@type\":\"SearchAction\",\"target\":{\"@type\":\"EntryPoint\",\"urlTemplate\":\"https:\\\/\\\/webdelmaestrocmf.com\\\/portal\\\/?s={search_term_string}\"},\"query-input\":{\"@type\":\"PropertyValueSpecification\",\"valueRequired\":true,\"valueName\":\"search_term_string\"}}],\"inLanguage\":\"es\"},{\"@type\":\"Organization\",\"@id\":\"https:\\\/\\\/webdelmaestrocmf.com\\\/portal\\\/#organization\",\"name\":\"Web del Maestro CMF\",\"alternateName\":\"WMCMF\",\"url\":\"https:\\\/\\\/webdelmaestrocmf.com\\\/portal\\\/\",\"logo\":{\"@type\":\"ImageObject\",\"inLanguage\":\"es\",\"@id\":\"https:\\\/\\\/webdelmaestrocmf.com\\\/portal\\\/#\\\/schema\\\/logo\\\/image\\\/\",\"url\":\"https:\\\/\\\/webdelmaestrocmf.com\\\/portal\\\/wp-content\\\/uploads\\\/2023\\\/01\\\/logo-wmcmf-2.png\",\"contentUrl\":\"https:\\\/\\\/webdelmaestrocmf.com\\\/portal\\\/wp-content\\\/uploads\\\/2023\\\/01\\\/logo-wmcmf-2.png\",\"width\":200,\"height\":60,\"caption\":\"Web del Maestro CMF\"},\"image\":{\"@id\":\"https:\\\/\\\/webdelmaestrocmf.com\\\/portal\\\/#\\\/schema\\\/logo\\\/image\\\/\"},\"sameAs\":[\"https:\\\/\\\/www.facebook.com\\\/WebdelMaestroCMF\\\/\",\"https:\\\/\\\/x.com\\\/cmf_w\",\"https:\\\/\\\/www.pinterest.com\\\/WMCMF\\\/\",\"https:\\\/\\\/www.linkedin.com\\\/company\\\/web-del-maestro-cmf\\\/\",\"https:\\\/\\\/www.instagram.com\\\/wmcmf\\\/\",\"https:\\\/\\\/www.youtube.com\\\/channel\\\/UCDPSvjbdodE5sHnC3OxutHw\",\"https:\\\/\\\/mastodon.social\\\/@wmcmf\",\"https:\\\/\\\/www.tiktok.com\\\/@webdelmaestrocmf\"]},{\"@type\":\"Person\",\"@id\":\"https:\\\/\\\/webdelmaestrocmf.com\\\/portal\\\/#\\\/schema\\\/person\\\/1072a2ed7bd960df8ef99a551fa35dc5\",\"name\":\"Web del Maestro CMF\",\"image\":{\"@type\":\"ImageObject\",\"inLanguage\":\"es\",\"@id\":\"https:\\\/\\\/secure.gravatar.com\\\/avatar\\\/23291dd5b5ae1077dcff3dbb04c3e02bd28403fa75af6d8787d5e97c5bbbe30b?s=96&d=mm&r=g\",\"url\":\"https:\\\/\\\/secure.gravatar.com\\\/avatar\\\/23291dd5b5ae1077dcff3dbb04c3e02bd28403fa75af6d8787d5e97c5bbbe30b?s=96&d=mm&r=g\",\"contentUrl\":\"https:\\\/\\\/secure.gravatar.com\\\/avatar\\\/23291dd5b5ae1077dcff3dbb04c3e02bd28403fa75af6d8787d5e97c5bbbe30b?s=96&d=mm&r=g\",\"caption\":\"Web del Maestro CMF\"},\"description\":\"Esta Web se cre\u00f3 sin fines de lucro, con fines educativos, cient\u00edficos y acad\u00e9micos, para personas que tengan dificultades y\\\/o inconvenientes en visualizar el material original. El objetivo es entregar recursos, compartir experiencias y materiales que ayuden a los padres de familia, maestros y estudiantes en su actualizaci\u00f3n y formaci\u00f3n permanente, en bien de la Educaci\u00f3n.\",\"sameAs\":[\"http:\\\/\\\/webdelmaestrocmf.com\\\/portal\",\"https:\\\/\\\/www.facebook.com\\\/WebdelMaestroCMF\\\/\",\"https:\\\/\\\/www.instagram.com\\\/wmcmf\\\/\",\"https:\\\/\\\/cl.linkedin.com\\\/company\\\/web-del-maestro-cmf\",\"https:\\\/\\\/www.pinterest.com\\\/WMCMF\\\/publicaciones\\\/\",\"https:\\\/\\\/x.com\\\/cmf_w\",\"https:\\\/\\\/www.youtube.com\\\/@WMCMF\"]}]}<\/script>\n<!-- \/ Yoast SEO plugin. -->","yoast_head_json":{"title":"[Gustavo Preiti] \u00a1Me tomo una licencia! - 2026","description":"Veamos el siguiente di\u00e1logo entre docentes del nivel primario, luego de haber dado la salida de los alumnos del turno ma\u00f1ana:","robots":{"index":"index","follow":"follow","max-snippet":"max-snippet:-1","max-image-preview":"max-image-preview:large","max-video-preview":"max-video-preview:-1"},"canonical":"https:\/\/webdelmaestrocmf.com\/portal\/gustavo-preiti-me-tomo-una-licencia\/","og_locale":"es_ES","og_type":"article","og_title":"[Gustavo Preiti] \u00a1Me tomo una licencia! - 2026","og_description":"Veamos el siguiente di\u00e1logo entre docentes del nivel primario, luego de haber dado la salida de los alumnos del turno ma\u00f1ana:","og_url":"https:\/\/webdelmaestrocmf.com\/portal\/gustavo-preiti-me-tomo-una-licencia\/","og_site_name":"Web del Maestro CMF","article_publisher":"https:\/\/www.facebook.com\/WebdelMaestroCMF\/","article_author":"https:\/\/www.facebook.com\/WebdelMaestroCMF\/","article_published_time":"2022-06-08T19:50:53+00:00","article_modified_time":"2022-06-08T19:52:24+00:00","og_image":[{"width":1100,"height":680,"url":"https:\/\/i0.wp.com\/webdelmaestrocmf.com\/portal\/wp-content\/uploads\/2022\/06\/1-18.jpg?fit=1100%2C680&ssl=1","type":"image\/jpeg"}],"author":"Web del Maestro CMF","twitter_card":"summary_large_image","twitter_creator":"@cmf_w","twitter_site":"@cmf_w","schema":{"@context":"https:\/\/schema.org","@graph":[{"@type":"ScholarlyArticle","@id":"https:\/\/webdelmaestrocmf.com\/portal\/gustavo-preiti-me-tomo-una-licencia\/#article","isPartOf":{"@id":"https:\/\/webdelmaestrocmf.com\/portal\/gustavo-preiti-me-tomo-una-licencia\/"},"author":{"name":"Web del Maestro CMF","@id":"https:\/\/webdelmaestrocmf.com\/portal\/#\/schema\/person\/1072a2ed7bd960df8ef99a551fa35dc5"},"headline":"[Gustavo Preiti] \u00a1Me tomo una licencia!","datePublished":"2022-06-08T19:50:53+00:00","dateModified":"2022-06-08T19:52:24+00:00","mainEntityOfPage":{"@id":"https:\/\/webdelmaestrocmf.com\/portal\/gustavo-preiti-me-tomo-una-licencia\/"},"wordCount":3145,"commentCount":0,"publisher":{"@id":"https:\/\/webdelmaestrocmf.com\/portal\/#organization"},"image":{"@id":"https:\/\/webdelmaestrocmf.com\/portal\/gustavo-preiti-me-tomo-una-licencia\/#primaryimage"},"thumbnailUrl":"https:\/\/webdelmaestrocmf.com\/portal\/wp-content\/uploads\/2022\/06\/1-18.jpg","keywords":["Gustavo Preiti","Me tomo una licencia"],"articleSection":["Z-Colaboradores"],"inLanguage":"es","potentialAction":[{"@type":"CommentAction","name":"Comment","target":["https:\/\/webdelmaestrocmf.com\/portal\/gustavo-preiti-me-tomo-una-licencia\/#respond"]}]},{"@type":"WebPage","@id":"https:\/\/webdelmaestrocmf.com\/portal\/gustavo-preiti-me-tomo-una-licencia\/","url":"https:\/\/webdelmaestrocmf.com\/portal\/gustavo-preiti-me-tomo-una-licencia\/","name":"[Gustavo Preiti] \u00a1Me tomo una licencia! - 2026","isPartOf":{"@id":"https:\/\/webdelmaestrocmf.com\/portal\/#website"},"primaryImageOfPage":{"@id":"https:\/\/webdelmaestrocmf.com\/portal\/gustavo-preiti-me-tomo-una-licencia\/#primaryimage"},"image":{"@id":"https:\/\/webdelmaestrocmf.com\/portal\/gustavo-preiti-me-tomo-una-licencia\/#primaryimage"},"thumbnailUrl":"https:\/\/webdelmaestrocmf.com\/portal\/wp-content\/uploads\/2022\/06\/1-18.jpg","datePublished":"2022-06-08T19:50:53+00:00","dateModified":"2022-06-08T19:52:24+00:00","description":"Veamos el siguiente di\u00e1logo entre docentes del nivel primario, luego de haber dado la salida de los alumnos del turno ma\u00f1ana:","breadcrumb":{"@id":"https:\/\/webdelmaestrocmf.com\/portal\/gustavo-preiti-me-tomo-una-licencia\/#breadcrumb"},"inLanguage":"es","potentialAction":[{"@type":"ReadAction","target":["https:\/\/webdelmaestrocmf.com\/portal\/gustavo-preiti-me-tomo-una-licencia\/"]}]},{"@type":"ImageObject","inLanguage":"es","@id":"https:\/\/webdelmaestrocmf.com\/portal\/gustavo-preiti-me-tomo-una-licencia\/#primaryimage","url":"https:\/\/webdelmaestrocmf.com\/portal\/wp-content\/uploads\/2022\/06\/1-18.jpg","contentUrl":"https:\/\/webdelmaestrocmf.com\/portal\/wp-content\/uploads\/2022\/06\/1-18.jpg","width":1100,"height":680},{"@type":"BreadcrumbList","@id":"https:\/\/webdelmaestrocmf.com\/portal\/gustavo-preiti-me-tomo-una-licencia\/#breadcrumb","itemListElement":[{"@type":"ListItem","position":1,"name":"Portada","item":"https:\/\/webdelmaestrocmf.com\/portal\/"},{"@type":"ListItem","position":2,"name":"Z-Colaboradores","item":"https:\/\/webdelmaestrocmf.com\/portal\/category\/colaborador\/"},{"@type":"ListItem","position":3,"name":"[Gustavo Preiti] \u00a1Me tomo una licencia!"}]},{"@type":"WebSite","@id":"https:\/\/webdelmaestrocmf.com\/portal\/#website","url":"https:\/\/webdelmaestrocmf.com\/portal\/","name":"Web del Maestro CMF","description":"Maestros al servicio de la educaci\u00f3n","publisher":{"@id":"https:\/\/webdelmaestrocmf.com\/portal\/#organization"},"alternateName":"WMCMF","potentialAction":[{"@type":"SearchAction","target":{"@type":"EntryPoint","urlTemplate":"https:\/\/webdelmaestrocmf.com\/portal\/?s={search_term_string}"},"query-input":{"@type":"PropertyValueSpecification","valueRequired":true,"valueName":"search_term_string"}}],"inLanguage":"es"},{"@type":"Organization","@id":"https:\/\/webdelmaestrocmf.com\/portal\/#organization","name":"Web del Maestro CMF","alternateName":"WMCMF","url":"https:\/\/webdelmaestrocmf.com\/portal\/","logo":{"@type":"ImageObject","inLanguage":"es","@id":"https:\/\/webdelmaestrocmf.com\/portal\/#\/schema\/logo\/image\/","url":"https:\/\/webdelmaestrocmf.com\/portal\/wp-content\/uploads\/2023\/01\/logo-wmcmf-2.png","contentUrl":"https:\/\/webdelmaestrocmf.com\/portal\/wp-content\/uploads\/2023\/01\/logo-wmcmf-2.png","width":200,"height":60,"caption":"Web del Maestro CMF"},"image":{"@id":"https:\/\/webdelmaestrocmf.com\/portal\/#\/schema\/logo\/image\/"},"sameAs":["https:\/\/www.facebook.com\/WebdelMaestroCMF\/","https:\/\/x.com\/cmf_w","https:\/\/www.pinterest.com\/WMCMF\/","https:\/\/www.linkedin.com\/company\/web-del-maestro-cmf\/","https:\/\/www.instagram.com\/wmcmf\/","https:\/\/www.youtube.com\/channel\/UCDPSvjbdodE5sHnC3OxutHw","https:\/\/mastodon.social\/@wmcmf","https:\/\/www.tiktok.com\/@webdelmaestrocmf"]},{"@type":"Person","@id":"https:\/\/webdelmaestrocmf.com\/portal\/#\/schema\/person\/1072a2ed7bd960df8ef99a551fa35dc5","name":"Web del Maestro CMF","image":{"@type":"ImageObject","inLanguage":"es","@id":"https:\/\/secure.gravatar.com\/avatar\/23291dd5b5ae1077dcff3dbb04c3e02bd28403fa75af6d8787d5e97c5bbbe30b?s=96&d=mm&r=g","url":"https:\/\/secure.gravatar.com\/avatar\/23291dd5b5ae1077dcff3dbb04c3e02bd28403fa75af6d8787d5e97c5bbbe30b?s=96&d=mm&r=g","contentUrl":"https:\/\/secure.gravatar.com\/avatar\/23291dd5b5ae1077dcff3dbb04c3e02bd28403fa75af6d8787d5e97c5bbbe30b?s=96&d=mm&r=g","caption":"Web del Maestro CMF"},"description":"Esta Web se cre\u00f3 sin fines de lucro, con fines educativos, cient\u00edficos y acad\u00e9micos, para personas que tengan dificultades y\/o inconvenientes en visualizar el material original. El objetivo es entregar recursos, compartir experiencias y materiales que ayuden a los padres de familia, maestros y estudiantes en su actualizaci\u00f3n y formaci\u00f3n permanente, en bien de la Educaci\u00f3n.","sameAs":["http:\/\/webdelmaestrocmf.com\/portal","https:\/\/www.facebook.com\/WebdelMaestroCMF\/","https:\/\/www.instagram.com\/wmcmf\/","https:\/\/cl.linkedin.com\/company\/web-del-maestro-cmf","https:\/\/www.pinterest.com\/WMCMF\/publicaciones\/","https:\/\/x.com\/cmf_w","https:\/\/www.youtube.com\/@WMCMF"]}]}},"jetpack_featured_media_url":"https:\/\/webdelmaestrocmf.com\/portal\/wp-content\/uploads\/2022\/06\/1-18.jpg","jetpack_sharing_enabled":true,"jetpack-related-posts":[{"id":107213,"url":"https:\/\/webdelmaestrocmf.com\/portal\/estos-eran-los-requisitos-para-ser-maestra-en-1923-aceptaria-usted-este-desafio\/","url_meta":{"origin":77397,"position":0},"title":"Estos eran los requisitos para ser maestra en 1923: \u00bfAceptar\u00eda usted este desaf\u00edo?","author":"Web del Maestro CMF","date":"22 diciembre, 2024","format":false,"excerpt":"La ense\u00f1anza ha recorrido un largo camino desde 1923, cuando las maestras firmaban contratos que hoy parecen m\u00e1s un compendio de restricciones que un acuerdo laboral. Estas normas, dirigidas principalmente a controlar la vida personal y profesional de las docentes, evidencian una \u00e9poca donde la educaci\u00f3n estaba marcada por estrictas\u2026","rel":"","context":"En \u00abDocentes\u00bb","block_context":{"text":"Docentes","link":"https:\/\/webdelmaestrocmf.com\/portal\/category\/pedagogia\/docentes\/"},"img":{"alt_text":"","src":"https:\/\/i0.wp.com\/webdelmaestrocmf.com\/portal\/wp-content\/uploads\/2024\/12\/Banner-1-portada-imagen-10-1-33.jpg?resize=350%2C200&ssl=1","width":350,"height":200,"srcset":"https:\/\/i0.wp.com\/webdelmaestrocmf.com\/portal\/wp-content\/uploads\/2024\/12\/Banner-1-portada-imagen-10-1-33.jpg?resize=350%2C200&ssl=1 1x, https:\/\/i0.wp.com\/webdelmaestrocmf.com\/portal\/wp-content\/uploads\/2024\/12\/Banner-1-portada-imagen-10-1-33.jpg?resize=525%2C300&ssl=1 1.5x, https:\/\/i0.wp.com\/webdelmaestrocmf.com\/portal\/wp-content\/uploads\/2024\/12\/Banner-1-portada-imagen-10-1-33.jpg?resize=700%2C400&ssl=1 2x"},"classes":[]},{"id":100589,"url":"https:\/\/webdelmaestrocmf.com\/portal\/lecturas-para-el-plan-lector-todos-los-grados-primaria\/","url_meta":{"origin":77397,"position":1},"title":"Lecturas para el Plan Lector todos los grados &#8211; Primaria","author":"Web del Maestro CMF","date":"27 marzo, 2025","format":false,"excerpt":"En el pr\u00f3ximo a\u00f1o escolar (2023-2024), las \"lecturas para el Plan Lector\" ser\u00e1n como un tesoro para los estudiantes de primaria. No es solo sobre darles libros, sino sobre encender un inter\u00e9s que cambiar\u00e1 c\u00f3mo aprenden. Al sumergirse en estas lecturas escogidas con cuidado, los chicos no solo aprender\u00e1n cosas\u2026","rel":"","context":"En \u00abPlan lector\u00bb","block_context":{"text":"Plan lector","link":"https:\/\/webdelmaestrocmf.com\/portal\/category\/pedagogia\/plan-lector\/"},"img":{"alt_text":"","src":"https:\/\/i0.wp.com\/webdelmaestrocmf.com\/portal\/wp-content\/uploads\/2023\/11\/1A-Banner-1-portada-imagen-10-1-18.jpg?resize=350%2C200&ssl=1","width":350,"height":200,"srcset":"https:\/\/i0.wp.com\/webdelmaestrocmf.com\/portal\/wp-content\/uploads\/2023\/11\/1A-Banner-1-portada-imagen-10-1-18.jpg?resize=350%2C200&ssl=1 1x, https:\/\/i0.wp.com\/webdelmaestrocmf.com\/portal\/wp-content\/uploads\/2023\/11\/1A-Banner-1-portada-imagen-10-1-18.jpg?resize=525%2C300&ssl=1 1.5x, https:\/\/i0.wp.com\/webdelmaestrocmf.com\/portal\/wp-content\/uploads\/2023\/11\/1A-Banner-1-portada-imagen-10-1-18.jpg?resize=700%2C400&ssl=1 2x"},"classes":[]},{"id":108474,"url":"https:\/\/webdelmaestrocmf.com\/portal\/el-docente-permisivo-caracteristicas-consecuencias-y-reflexiones-desde-la-evidencia-cientifica\/","url_meta":{"origin":77397,"position":2},"title":"El docente permisivo: caracter\u00edsticas, consecuencias y reflexiones desde la evidencia cient\u00edfica","author":"Web del Maestro CMF","date":"26 marzo, 2025","format":false,"excerpt":"En el campo de la educaci\u00f3n, el estilo de ense\u00f1anza adoptado por los docentes influye profundamente en el ambiente del aula, el desarrollo socioemocional de los estudiantes y su rendimiento acad\u00e9mico. Uno de los estilos m\u00e1s debatidos en la literatura pedag\u00f3gica es el del docente permisivo, caracterizado por una gran\u2026","rel":"","context":"En \u00abDocentes\u00bb","block_context":{"text":"Docentes","link":"https:\/\/webdelmaestrocmf.com\/portal\/category\/pedagogia\/docentes\/"},"img":{"alt_text":"","src":"https:\/\/i0.wp.com\/webdelmaestrocmf.com\/portal\/wp-content\/uploads\/2025\/03\/1A-Banner-1-portada-imagen-10-1-11.jpg?resize=350%2C200&ssl=1","width":350,"height":200,"srcset":"https:\/\/i0.wp.com\/webdelmaestrocmf.com\/portal\/wp-content\/uploads\/2025\/03\/1A-Banner-1-portada-imagen-10-1-11.jpg?resize=350%2C200&ssl=1 1x, https:\/\/i0.wp.com\/webdelmaestrocmf.com\/portal\/wp-content\/uploads\/2025\/03\/1A-Banner-1-portada-imagen-10-1-11.jpg?resize=525%2C300&ssl=1 1.5x, https:\/\/i0.wp.com\/webdelmaestrocmf.com\/portal\/wp-content\/uploads\/2025\/03\/1A-Banner-1-portada-imagen-10-1-11.jpg?resize=700%2C400&ssl=1 2x"},"classes":[]},{"id":106866,"url":"https:\/\/webdelmaestrocmf.com\/portal\/david-auris-que-es-ser-maestro\/","url_meta":{"origin":77397,"position":3},"title":"[David Auris] \u00bfQu\u00e9 es ser Maestro?","author":"Web del Maestro CMF","date":"9 noviembre, 2024","format":false,"excerpt":"Ser maestro es alguien quien cada d\u00eda al intercambiar sus experiencias con los estudiantes aprende conscientemente hasta convertirse en una persona excepcional y esa forma de vivir irradia el destino de sus pupilos. Aunque, reconozcamos que no todos los docentes logran convertirse en maestros de la vida, es pertinente revalorarlos\u2026","rel":"","context":"En \u00abZ-Colaborador-David-Auris\u00bb","block_context":{"text":"Z-Colaborador-David-Auris","link":"https:\/\/webdelmaestrocmf.com\/portal\/category\/colaborador\/z-colaborador-david-auris\/"},"img":{"alt_text":"","src":"https:\/\/i0.wp.com\/webdelmaestrocmf.com\/portal\/wp-content\/uploads\/2024\/11\/Banner-1-portada-imagen-10-1-3.png?resize=350%2C200&ssl=1","width":350,"height":200,"srcset":"https:\/\/i0.wp.com\/webdelmaestrocmf.com\/portal\/wp-content\/uploads\/2024\/11\/Banner-1-portada-imagen-10-1-3.png?resize=350%2C200&ssl=1 1x, https:\/\/i0.wp.com\/webdelmaestrocmf.com\/portal\/wp-content\/uploads\/2024\/11\/Banner-1-portada-imagen-10-1-3.png?resize=525%2C300&ssl=1 1.5x, https:\/\/i0.wp.com\/webdelmaestrocmf.com\/portal\/wp-content\/uploads\/2024\/11\/Banner-1-portada-imagen-10-1-3.png?resize=700%2C400&ssl=1 2x"},"classes":[]},{"id":107024,"url":"https:\/\/webdelmaestrocmf.com\/portal\/senales-de-que-eres-un-buen-maestro-o-una-buena-maestra\/","url_meta":{"origin":77397,"position":4},"title":"Se\u00f1ales de que eres un buen maestro o una buena maestra","author":"Web del Maestro CMF","date":"29 noviembre, 2024","format":false,"excerpt":"Ser maestra o maestro es una vocaci\u00f3n que va mucho m\u00e1s all\u00e1 de impartir conocimientos. Es una labor que requiere dedicaci\u00f3n, paciencia y un profundo amor por ense\u00f1ar. Ser docente no es simplemente un trabajo; es una misi\u00f3n que transforma vidas y deja huellas imborrables en quienes te rodean. Aunque\u2026","rel":"","context":"En \u00abDocentes\u00bb","block_context":{"text":"Docentes","link":"https:\/\/webdelmaestrocmf.com\/portal\/category\/pedagogia\/docentes\/"},"img":{"alt_text":"","src":"https:\/\/i0.wp.com\/webdelmaestrocmf.com\/portal\/wp-content\/uploads\/2024\/11\/Banner-1-portada-imagen-10-1-19.jpg?resize=350%2C200&ssl=1","width":350,"height":200,"srcset":"https:\/\/i0.wp.com\/webdelmaestrocmf.com\/portal\/wp-content\/uploads\/2024\/11\/Banner-1-portada-imagen-10-1-19.jpg?resize=350%2C200&ssl=1 1x, https:\/\/i0.wp.com\/webdelmaestrocmf.com\/portal\/wp-content\/uploads\/2024\/11\/Banner-1-portada-imagen-10-1-19.jpg?resize=525%2C300&ssl=1 1.5x, https:\/\/i0.wp.com\/webdelmaestrocmf.com\/portal\/wp-content\/uploads\/2024\/11\/Banner-1-portada-imagen-10-1-19.jpg?resize=700%2C400&ssl=1 2x"},"classes":[]},{"id":101705,"url":"https:\/\/webdelmaestrocmf.com\/portal\/5-estrategias-de-escucha-mas-efectivas-para-los-docentes\/","url_meta":{"origin":77397,"position":5},"title":"5 estrategias de escucha m\u00e1s efectivas para los docentes","author":"Web del Maestro CMF","date":"15 diciembre, 2023","format":false,"excerpt":"La escucha es una habilidad esencial para los maestros. A trav\u00e9s de las estrategias de escucha, los maestros pueden aprender sobre sus estudiantes, entender sus necesidades y proporcionarles el apoyo que necesitan para tener \u00e9xito. En este art\u00edculo, exploraremos cinco estrategias de escucha efectivas para los docentes. Estas estrategias pueden\u2026","rel":"","context":"En \u00abEscucha activa\u00bb","block_context":{"text":"Escucha activa","link":"https:\/\/webdelmaestrocmf.com\/portal\/category\/pedagogia\/escucha-activa\/"},"img":{"alt_text":"estrategias de escucha","src":"https:\/\/i0.wp.com\/webdelmaestrocmf.com\/portal\/wp-content\/uploads\/2023\/12\/A12B3C4D-10.jpg?resize=350%2C200&ssl=1","width":350,"height":200,"srcset":"https:\/\/i0.wp.com\/webdelmaestrocmf.com\/portal\/wp-content\/uploads\/2023\/12\/A12B3C4D-10.jpg?resize=350%2C200&ssl=1 1x, https:\/\/i0.wp.com\/webdelmaestrocmf.com\/portal\/wp-content\/uploads\/2023\/12\/A12B3C4D-10.jpg?resize=525%2C300&ssl=1 1.5x, https:\/\/i0.wp.com\/webdelmaestrocmf.com\/portal\/wp-content\/uploads\/2023\/12\/A12B3C4D-10.jpg?resize=700%2C400&ssl=1 2x"},"classes":[]}],"_links":{"self":[{"href":"https:\/\/webdelmaestrocmf.com\/portal\/wp-json\/wp\/v2\/posts\/77397","targetHints":{"allow":["GET"]}}],"collection":[{"href":"https:\/\/webdelmaestrocmf.com\/portal\/wp-json\/wp\/v2\/posts"}],"about":[{"href":"https:\/\/webdelmaestrocmf.com\/portal\/wp-json\/wp\/v2\/types\/post"}],"author":[{"embeddable":true,"href":"https:\/\/webdelmaestrocmf.com\/portal\/wp-json\/wp\/v2\/users\/1"}],"replies":[{"embeddable":true,"href":"https:\/\/webdelmaestrocmf.com\/portal\/wp-json\/wp\/v2\/comments?post=77397"}],"version-history":[{"count":0,"href":"https:\/\/webdelmaestrocmf.com\/portal\/wp-json\/wp\/v2\/posts\/77397\/revisions"}],"wp:featuredmedia":[{"embeddable":true,"href":"https:\/\/webdelmaestrocmf.com\/portal\/wp-json\/wp\/v2\/media\/77399"}],"wp:attachment":[{"href":"https:\/\/webdelmaestrocmf.com\/portal\/wp-json\/wp\/v2\/media?parent=77397"}],"wp:term":[{"taxonomy":"category","embeddable":true,"href":"https:\/\/webdelmaestrocmf.com\/portal\/wp-json\/wp\/v2\/categories?post=77397"},{"taxonomy":"post_tag","embeddable":true,"href":"https:\/\/webdelmaestrocmf.com\/portal\/wp-json\/wp\/v2\/tags?post=77397"}],"curies":[{"name":"wp","href":"https:\/\/api.w.org\/{rel}","templated":true}]}}