{"id":77367,"date":"2022-11-06T08:00:24","date_gmt":"2022-11-06T11:00:24","guid":{"rendered":"https:\/\/webdelmaestrocmf.com\/portal\/?p=77367"},"modified":"2022-11-06T10:24:40","modified_gmt":"2022-11-06T13:24:40","slug":"por-que-necesitamos-trabajadores-as-sociales-en-la-escuela-es-importante-la-aportacion-del-trabajo-social-en-el-sistema-educativo","status":"publish","type":"post","link":"https:\/\/webdelmaestrocmf.com\/portal\/por-que-necesitamos-trabajadores-as-sociales-en-la-escuela-es-importante-la-aportacion-del-trabajo-social-en-el-sistema-educativo\/","title":{"rendered":"\u00bfPor qu\u00e9 necesitamos trabajadores\/as sociales en la escuela? \u00bfEs importante la aportaci\u00f3n del Trabajo Social en el sistema educativo?"},"content":{"rendered":"<h5 id=\"8b75\" class=\"pw-post-body-paragraph jp jq ii jr b js jt ju jv jw jx jy jz ka kb kc kd ke kf kg kh ki kj kk kl km ib gj\" style=\"text-align: justify;\">Actualmente el sistema educativo afronta numerosos desaf\u00edos, entre ellos, la falta de recursos para cubrir todas las necesidades, los recortes presupuestarios, la disminuci\u00f3n de maestros y profesores de apoyo, la escasez de personal especializado y la insuficiente atenci\u00f3n a los colectivos minoritarios (alumnado con necesidades educativas especiales, alumnado con diferentes or\u00edgenes y valores culturales, ni\u00f1os\/as que no conocen el idioma, minor\u00edas \u00e9tnicas, alumnos en situaci\u00f3n de riesgo de exclusi\u00f3n social, que han sufrido un desahucio o viven situaciones de pobreza o vulnerabilidad, o alumnado LGTBI).<\/h5>\n<p><!--more--><\/p>\n<p id=\"636d\" class=\"pw-post-body-paragraph jp jq ii jr b js jt ju jv jw jx jy jz ka kb kc kd ke kf kg kh ki kj kk kl km ib gj\" style=\"text-align: justify;\" data-selectable-paragraph=\"\">El alumnado es cada vez m\u00e1s diverso. En un mundo globalizado, nuestras sociedades son cada vez m\u00e1s multiculturales. En un contexto de crisis, la desigualdad tambi\u00e9n aumenta, y las situaciones de exclusi\u00f3n, los desahucios o la pobreza energ\u00e9tica tambi\u00e9n irrumpen en la escuela. El profesorado trata de ense\u00f1ar las materias y cumplir con el curr\u00edculo establecido, a 25 o 30 alumnos que viven situaciones y problem\u00e1ticas de lo m\u00e1s variopinto. Esto termina dejando a numerosos ni\u00f1os y ni\u00f1as en la cuneta.<\/p>\n<p id=\"b5f3\" class=\"pw-post-body-paragraph jp jq ii jr b js jt ju jv jw jx jy jz ka kb kc kd ke kf kg kh ki kj kk kl km ib gj\" style=\"text-align: justify;\" data-selectable-paragraph=\"\">Muchas personas sostienen que los profesores tienen que dar clase, ense\u00f1ar su materia, cumplir con un curr\u00edculo, y ense\u00f1ar para la mayor\u00eda, y que el colegio o el instituto no es un centro de servicios sociales. Y es cierto que la escuela no es un centro de servicios sociales. Sin embargo, la escuela es uno de los lugares donde los ni\u00f1os pasan m\u00e1s horas al d\u00eda, junto con el hogar familiar. Se trata de un entorno fundamental en el desarrollo de los menores, y un marco de referencia para su socializaci\u00f3n. No se trata \u00fanicamente de impartir el curr\u00edculo, en el centro educativo se est\u00e1n adquiriendo otras muchas habilidades y capacidades. El centro educativo es un elemento compensador y equilibrante para muchos ni\u00f1os y ni\u00f1as que atraviesan situaciones graves fuera de las aulas. Por otro lado, para impartir el curr\u00edculo establecido y que el alumnado pueda aprender, es preciso resolver algunas problem\u00e1ticas de base que pueden dificultar su aprendizaje y su rendimiento acad\u00e9mico.<\/p>\n<p data-selectable-paragraph=\"\"><img loading=\"lazy\" decoding=\"async\" class=\"size-full wp-image-81343 aligncenter\" src=\"https:\/\/webdelmaestrocmf.com\/portal\/wp-content\/uploads\/2022\/08\/1-5.jpeg\" alt=\"\" width=\"640\" height=\"421\" srcset=\"https:\/\/webdelmaestrocmf.com\/portal\/wp-content\/uploads\/2022\/08\/1-5.jpeg 640w, https:\/\/webdelmaestrocmf.com\/portal\/wp-content\/uploads\/2022\/08\/1-5-300x197.jpeg 300w, https:\/\/webdelmaestrocmf.com\/portal\/wp-content\/uploads\/2022\/08\/1-5-110x72.jpeg 110w, https:\/\/webdelmaestrocmf.com\/portal\/wp-content\/uploads\/2022\/08\/1-5-200x132.jpeg 200w, https:\/\/webdelmaestrocmf.com\/portal\/wp-content\/uploads\/2022\/08\/1-5-380x250.jpeg 380w, https:\/\/webdelmaestrocmf.com\/portal\/wp-content\/uploads\/2022\/08\/1-5-255x168.jpeg 255w, https:\/\/webdelmaestrocmf.com\/portal\/wp-content\/uploads\/2022\/08\/1-5-550x362.jpeg 550w\" sizes=\"auto, (max-width: 640px) 100vw, 640px\" \/><\/p>\n<h5 id=\"87f5\" class=\"pw-post-body-paragraph jp jq ii jr b js jt ju jv jw jx jy jz ka kb kc kd ke kf kg kh ki kj kk kl km ib gj\" style=\"text-align: justify;\">La aportaci\u00f3n del Trabajo Social en el sistema educativo<\/h5>\n<p class=\"pw-post-body-paragraph jp jq ii jr b js jt ju jv jw jx jy jz ka kb kc kd ke kf kg kh ki kj kk kl km ib gj\" style=\"text-align: justify;\" data-selectable-paragraph=\"\">El sistema educativo cuenta con trabajadores sociales en los Equipos de Orientaci\u00f3n Educativa y Psicopedag\u00f3gica (EOEP), pero el n\u00famero es extremadamente reducido para las necesidades del sistema. Estos equipos abarcan un \u00e1rea territorial muy extensa, en ocasiones con muchos centros educativos a su cargo, por lo que no pueden realizar una intervenci\u00f3n directa y personalizada con todos los alumnos que lo necesitan. La figura del trabajador social deber\u00eda existir en todos los institutos y colegios, para poder prestar una atenci\u00f3n real a todo el alumnado.<\/p>\n<p id=\"5b1e\" class=\"pw-post-body-paragraph jp jq ii jr b js jt ju jv jw jx jy jz ka kb kc kd ke kf kg kh ki kj kk kl km ib gj\" style=\"text-align: justify;\" data-selectable-paragraph=\"\">El Trabajo Social Escolar puede constituir un apoyo para el centro educativo, contribuyendo a abordar situaciones de vulnerabilidad social, facilitando la integraci\u00f3n del alumnado perteneciente a minor\u00edas, detectando de situaciones de riesgo (maltrato infantil, abuso sexual, problemas emocionales, problem\u00e1ticas sociofamiliares), y favoreciendo la participaci\u00f3n de las familias.<\/p>\n<p id=\"9044\" class=\"pw-post-body-paragraph jp jq ii jr b js jt ju jv jw jx jy jz ka kb kc kd ke kf kg kh ki kj kk kl km ib gj\" style=\"text-align: justify;\" data-selectable-paragraph=\"\">Algunas de las funciones y tareas que puede realizar un profesional del trabajo social en colegios o institutos son las siguientes:<\/p>\n<ul class=\"\" style=\"text-align: justify;\">\n<li id=\"7eff\" class=\"kn ko ii jr b js jt jw jx ka kp ke kq ki kr km ks kt ku kv gj\" data-selectable-paragraph=\"\">Detectar situaciones de riesgo social y orientar a las familias y al personal de la escuela.<\/li>\n<li id=\"3bdc\" class=\"kn ko ii jr b js kw jw kx ka ky ke kz ki la km ks kt ku kv gj\" data-selectable-paragraph=\"\">Aportar la perspectiva social en los claustros de profesores, a la direcci\u00f3n del centro, a los maestros que lo precisen, o al Consejo Escolar, mejorando el trabajo interdisciplinar con el alumnado.<\/li>\n<li id=\"5d98\" class=\"kn ko ii jr b js kw jw kx ka ky ke kz ki la km ks kt ku kv gj\" data-selectable-paragraph=\"\">Mediaci\u00f3n intercultural: con el alumnado migrante, con sus familias, con ni\u00f1os y ni\u00f1as que tengan diferentes or\u00edgenes culturales, con el alumnado perteneciente a minor\u00edas \u00e9tnicas, favoreciendo el entendimiento y la convivencia.<\/li>\n<li id=\"5127\" class=\"kn ko ii jr b js kw jw kx ka ky ke kz ki la km ks kt ku kv gj\" data-selectable-paragraph=\"\">Intervenci\u00f3n en casos de bullying o acoso escolar, en coordinaci\u00f3n con otros profesionales. Dise\u00f1ar e implementar programas para la prevenci\u00f3n y el abordaje del acoso escolar.<\/li>\n<li id=\"28a4\" class=\"kn ko ii jr b js kw jw kx ka ky ke kz ki la km ks kt ku kv gj\" data-selectable-paragraph=\"\">Orientar a las familias sobre servicios y recursos y derivar al alumnado que lo precise (sistema sanitario, servicios sociales, psic\u00f3logo, comisi\u00f3n de absentismo escolar, etc).<\/li>\n<li id=\"b911\" class=\"kn ko ii jr b js kw jw kx ka ky ke kz ki la km ks kt ku kv gj\" data-selectable-paragraph=\"\">Trabajar de forma coordinada con los profesionales de dichos servicios: coordinaci\u00f3n con el psic\u00f3logo, el psiquiatra, el trabajador social del centro de tratamiento de adicciones, la trabajadora social del Centro de Servicios Sociales, la educadora social de la asociaci\u00f3n juvenil, los profesionales del programa de absentismo, etc.<\/li>\n<li id=\"dc2d\" class=\"kn ko ii jr b js kw jw kx ka ky ke kz ki la km ks kt ku kv gj\" data-selectable-paragraph=\"\">Favorecer la participaci\u00f3n del alumnado y de sus familias, con especial \u00e9nfasis en las familias y alumnos con m\u00e1s dificultades para su inclusi\u00f3n (por motivos de discapacidad, etnia, desconocimiento del idioma, diferencias culturales u otros).<\/li>\n<li id=\"eb7a\" class=\"kn ko ii jr b js kw jw kx ka ky ke kz ki la km ks kt ku kv gj\" data-selectable-paragraph=\"\">Enlace con asociaciones del barrio y con recursos p\u00fablicos de la zona, que puedan ofrecer actividades de inter\u00e9s (prevenci\u00f3n del consumo de drogas, de promoci\u00f3n de la salud, educaci\u00f3n sexual, actividades de ocio y tiempo libre, apoyo escolar u otros servicios).<\/li>\n<\/ul>\n<h5 id=\"7dba\" class=\"pw-post-body-paragraph jp jq ii jr b js jt ju jv jw jx jy jz ka kb kc kd ke kf kg kh ki kj kk kl km ib gj\" style=\"text-align: justify;\">Profesores quemados y el apoyo del trabajador social<\/h5>\n<p class=\"pw-post-body-paragraph jp jq ii jr b js jt ju jv jw jx jy jz ka kb kc kd ke kf kg kh ki kj kk kl km ib gj\" style=\"text-align: justify;\" data-selectable-paragraph=\"\">Numerosos estudios han recogido las dificultades que atraviesan los profesores en el ejercicio de la ense\u00f1anza. Esto sucede en todas las etapas educativas, pero muy especialmente en Educaci\u00f3n Secundaria. En 2011 un estudio de UGT se\u00f1al\u00f3 que m\u00e1s de la mitad de los profesores sent\u00edan un nivel de estr\u00e9s medio-alto por la falta de respaldo de las familias ante los problemas de disciplina y por tener que \u201c<em class=\"lb\">ense\u00f1ar a personas que no valoran la educaci\u00f3n\u201d, \u201cpresenciar agresiones entre alumnos\u201d y \u201csufrir agresiones verbales y desconsideraciones\u201d<\/em>\u00a0por parte de los alumnos. Gil-Monte (2016) subraya el elevado riesgo psicosocial de estos docentes, el riesgo de desarrollar problemas de estr\u00e9s o\u00a0<em class=\"lb\">burnout<\/em>, y las estrategias de afrontamiento que emplean (reducir su implicaci\u00f3n en su trabajo y en la atenci\u00f3n al alumnado, para evitar el desgaste, o padecer sentimientos de culpa por no estar realizando bien su trabajo, lo que da lugar a un aumento del absentismo laboral).<\/p>\n<p id=\"a962\" class=\"pw-post-body-paragraph jp jq ii jr b js jt ju jv jw jx jy jz ka kb kc kd ke kf kg kh ki kj kk kl km ib gj\" style=\"text-align: justify;\" data-selectable-paragraph=\"\">El apoyo de un trabajador o trabajadora social permitir\u00eda reducir la presi\u00f3n sobre el profesorado, permitiendo abordar situaciones de conflicto, indisciplina o agresividad, la intervenci\u00f3n con los adolescentes con conductas de riesgo, la mediaci\u00f3n con las familias y la coordinaci\u00f3n con otros profesionales.<\/p>\n<h5 id=\"1bc1\" class=\"pw-post-body-paragraph jp jq ii jr b js jt ju jv jw jx jy jz ka kb kc kd ke kf kg kh ki kj kk kl km ib gj\" style=\"text-align: justify;\">Experiencias de Trabajo Social Escolar en otros pa\u00edses<\/h5>\n<ul class=\"\" style=\"text-align: justify;\">\n<li id=\"8caa\" class=\"kn ko ii jr b js jt jw jx ka kp ke kq ki kr km ks kt ku kv gj\" data-selectable-paragraph=\"\"><a class=\"au lc\" href=\"https:\/\/newprairiepress.org\/cgi\/viewcontent.cgi?referer=https:\/\/www.google.es\/&amp;httpsredir=1&amp;article=1021&amp;context=ijssw\" target=\"_blank\" rel=\"noopener ugc nofollow\">Alemania<\/a>: Al igual que Islandia, Alemania cuenta con trabajadores sociales en centros educativos desde los a\u00f1os 70. Los \u201cSchulsozialarbeit\u201d apoyan a los estudiantes en muchos aspectos, prevenci\u00f3n de situaciones de riesgo, abordaje de problemas sociofamiliares que afectan al aprendizaje, resoluci\u00f3n de problemas escolares o personales, o dificultades con las relaciones sociales, centr\u00e1ndose en los recursosmy fortalezas del estudiante.<\/li>\n<li id=\"cd35\" class=\"kn ko ii jr b js kw jw kx ka ky ke kz ki la km ks kt ku kv gj\" data-selectable-paragraph=\"\"><a class=\"au lc\" href=\"http:\/\/www.felagsradgjof.is\/\" target=\"_blank\" rel=\"noopener ugc nofollow\">Islandia<\/a>: En este pa\u00eds existen trabajadores sociales escolares desde los a\u00f1os 70 del siglo pasado, siendo uno de los pa\u00edses con m\u00e1s tradici\u00f3n en este terreno (Juliusdottir y Runarsdottir, 2015). En el Acta de Escuelas Elementales de 1974 ya se recog\u00eda la obligaci\u00f3n de contratar un trabajador social y un psic\u00f3logo por cada 2500 estudiantes. Con la crisis de 2008 y la tendencia a la austeridad y los recortes, se elimin\u00f3 esta menci\u00f3n de la ley. Si bien muchas escuelas siguen contando con trabajadores sociales en sus plantillas, al no ser obligatorio se corre el riesgo de que pierda valor esta figura y resulten perjudicados los estudiantes en situaci\u00f3n m\u00e1s vulnerable.<\/li>\n<li id=\"3337\" class=\"kn ko ii jr b js kw jw kx ka ky ke kz ki la km ks kt ku kv gj\" data-selectable-paragraph=\"\"><a class=\"au lc\" href=\"https:\/\/www.acssw.org\/\" target=\"_blank\" rel=\"noopener ugc nofollow\">Estados Unidos<\/a>. Muchos colegios e institutos disponen de trabajadores sociales. Existe un organismo de defensa del trabajo social escolar: the American Council for School Social Work (Consejo Americano de Trabajo Social Escolar), al que pueden asociarse los profesionales. Esta instituci\u00f3n aboga por extender el trabajo social en centros educativos, y apoya a los trabajadores sociales en su labor con estudiantes, escuelas y familias, con el fin de superar barreras sociales, sist\u00e9micas, econ\u00f3micas o de salud mental, que constituyan un obst\u00e1culo al aprendizaje. Trabajan tambi\u00e9n con cuestiones como el bullying, consumo de alcohol, embarazo adolescente, divorcio en la familia, ideaci\u00f3n suicida o procesos de duelo.<\/li>\n<li id=\"71a0\" class=\"kn ko ii jr b js kw jw kx ka ky ke kz ki la km ks kt ku kv gj\" data-selectable-paragraph=\"\"><a class=\"au lc\" href=\"http:\/\/www.casswac.ca\/\" target=\"_blank\" rel=\"noopener ugc nofollow\">Canad\u00e1<\/a>: En este pa\u00eds los trabajadores sociales escolares llevan a cabo numerosas funciones: apoyo al personal de la escuela y a las familias, orientaci\u00f3n individual al estudiante, apoyo y orientaci\u00f3n familiar, trabajo social con grupos, mediaci\u00f3n entre la familia y el centro educativo, prevenci\u00f3n del absentismo escolar y programas de desarrollo comunitario. Abordan todo tipo de problemas, dificultades sociales o emocionales, transiciones vitales, riesgo de abandono escolar, consumo de sustancias, embarazo adolescente o dificultades de aprendizaje.Los profesionales han creado una asociaci\u00f3n, la Canadian Association of School Social Workers.<\/li>\n<li id=\"6057\" class=\"kn ko ii jr b js kw jw kx ka ky ke kz ki la km ks kt ku kv gj\" data-selectable-paragraph=\"\"><a class=\"au lc\" href=\"https:\/\/minerva-access.unimelb.edu.au\/handle\/11343\/42062\" target=\"_blank\" rel=\"noopener ugc nofollow\">Australia<\/a>: Esta naci\u00f3n oce\u00e1nica cuenta con una larga tradici\u00f3n de casi 70 a\u00f1os de Trabajo Social Escolar (Barret, 2014). Este \u00e1mbito de actuaci\u00f3n fue uno de los que primero se desarroll\u00f3 en la pr\u00e1ctica del Trabajo Social australiano, en algunos casos existiendo una trabajadora social en cada escuela, en otros con profesionales compartidos que iban visitando las escuelas de forma alterna. Tradicionalmente emplean un enfoque ecol\u00f3gico que abarque todos los \u00e1mbitos y entornos de referencia del alumnado, centr\u00e1ndose en la prevenci\u00f3n de situaciones de riesgo e intervenci\u00f3n precoz, el asesoramiento y apoyo de ni\u00f1os, adolescentes y familias, la orientaci\u00f3n al profesorado, el trabajo grupal, el asesoramiento sobre la elaboraci\u00f3n de las normas escolares proponiendo cambios si es necesario, y construyendo relaciones entre la escuela, la familia y la comunidad.<\/li>\n<li id=\"a5c5\" class=\"kn ko ii jr b js kw jw kx ka ky ke kz ki la km ks kt ku kv gj\" data-selectable-paragraph=\"\"><a class=\"au lc\" href=\"https:\/\/www.uc.cl\/la-universidad\/noticias\/29692-destacan-el-rol-de-los-trabajadores-sociales-en-el-ambito-de-la-educacion\" target=\"_blank\" rel=\"noopener ugc nofollow\">Chile<\/a>: El sistema educativo chileno afronta numerosos desaf\u00edos en materia de inclusi\u00f3n y equidad. El Trabajo Social Escolar aborda lo que los profesores no pueden alcanzar, los aspectos sociofamiliares del alumnado en situaci\u00f3n vulnerable. Estos profesionales emplean la herramienta de la visita domiciliaria para conocer la situaci\u00f3n real de los ni\u00f1os y ni\u00f1as en su hogar, para trabajar cuestiones como la inasistencia escolar, valorar situaciones de riesgo y conocer las condiciones de vida del alumno. La trabajadora social impulsa el uso de los recursos disponibles en el entorno y el aprovechamiento de sus oportunidades, y promoviendo la participaci\u00f3n de las familias en la escuela.<\/li>\n<li id=\"4707\" class=\"kn ko ii jr b js kw jw kx ka ky ke kz ki la km ks kt ku kv gj\" data-selectable-paragraph=\"\"><a class=\"au lc\" href=\"https:\/\/www.mitrabajoessocial.com\/trabajadores-sociales-en-las-escuelas-de-mexico-y-todo-el-mundo\/%20https:\/\/www.eleconomista.com.mx\/politica\/BatresGuadarramapromueve-cambios-a-la-Ley-General-del-Educacion-para-la-figura-del-trabajador-social-20181018-0119.html\" target=\"_blank\" rel=\"noopener ugc nofollow\">M\u00e9xico<\/a>: En M\u00e9xico, el sistema educativo presenta importantes desigualdades y falta de equidad entre el alumnado de niveles socioecon\u00f3micos altos frente al alumnado de familias m\u00e1s desfavorecidas. Existen dos estados mexicanos cuyas leyes establecen que debe de haber un trabajador social en las escuelas de nivel b\u00e1sico (estados de Sonora y Colima), pero queda mucho por hacer para garantizar la presencia de los profesionales del Trabajo Social en la escuela a nivel nacional, existiendo algunas voces que proponen la creaci\u00f3n de una ley estatal que generalice la presencia de trabajadores\/as sociales en todo el sistema educativo mexicano.<\/li>\n<li id=\"7bfb\" class=\"kn ko ii jr b js kw jw kx ka ky ke kz ki la km ks kt ku kv gj\" data-selectable-paragraph=\"\"><a class=\"au lc\" href=\"https:\/\/revistavocests.org\/index.php\/voces\/article\/view\/94\" target=\"_blank\" rel=\"noopener ugc nofollow\">Puerto Rico<\/a>: En este pa\u00eds, la figura del trabajador social est\u00e1 presente en la escuela desde 1920, con las Maestras Visitantes (Viana, 2014). En 2012 el pa\u00eds contaba con 1800 trabajadores sociales en las escuelas. Estos profesionales fomentan las capacidades individuales de los alumnos, les ayudan a conocer y aprovechar los recursos sociales existentes en la zona, detectan situaciones de violencia o maltrato, ofrecen orientaci\u00f3n y asesoramiento a la escuela, median en situaciones de conflicto, abogan por los derechos del estudiante y su familia, y trabajan en colaboraci\u00f3n con profesionales de otras instituciones.<\/li>\n<\/ul>\n<h5 id=\"ae46\" class=\"pw-post-body-paragraph jp jq ii jr b js jt ju jv jw jx jy jz ka kb kc kd ke kf kg kh ki kj kk kl km ib gj\" style=\"text-align: justify;\">El Trabajo Social Escolar en Espa\u00f1a<\/h5>\n<p class=\"pw-post-body-paragraph jp jq ii jr b js jt ju jv jw jx jy jz ka kb kc kd ke kf kg kh ki kj kk kl km ib gj\" style=\"text-align: justify;\" data-selectable-paragraph=\"\">Las introducci\u00f3n del Trabajo Social en el \u00e1mbito educativo en Espa\u00f1a comenz\u00f3 en los Centros de Educaci\u00f3n Especial a trav\u00e9s de la formaci\u00f3n de Equipos Multiprofesionales en los a\u00f1os 70 (Fern\u00e1ndez y Ponce de Le\u00f3n, 2014). Actualmente, en nuestro pa\u00eds los trabajadores sociales educativos suelen estar integrados en los Equipos de Orientaci\u00f3n Educativa y Pedag\u00f3gica (EOEP), junto con profesionales de otras disciplinas, como la psicolog\u00eda, la pedagog\u00eda o la orientaci\u00f3n educativa. Sin embargo, la escasez de recursos, los recortes en la plantilla de profesionales de estos equipos, la necesidad de que cada equipo se haga cargo de atender a numerosos centros educativos, ha dado lugar a que el acceso del alumnado a los EOEP, y la intervenci\u00f3n social escolar directa con el alumnado y la familia haya quedado severamente mermada.<\/p>\n<p id=\"70ba\" class=\"pw-post-body-paragraph jp jq ii jr b js jt ju jv jw jx jy jz ka kb kc kd ke kf kg kh ki kj kk kl km ib gj\" style=\"text-align: justify;\" data-selectable-paragraph=\"\">El Trabajo Social Escolar es fundamental para mejorar las posibilidades de aprendizaje de numerosos alumnos, reducir el efecto de las desigualdades socioecon\u00f3micas entre unos estudiantes y otros, disminuir el riesgo de fracaso y abandono escolar del alumnado m\u00e1s desfavorecido, favorecer la integraci\u00f3n de los alumnos migrantes o pertenecientes a minor\u00edas, mediar entre la familia y la escuela, favorecer la participaci\u00f3n de las familias, abordar las situaciones de conflicto entre alumnos, orientar y asesorar al profesorado y al centro educativo aportando la perspectiva social. En un contexto social complejo, es fundamental tener en cuenta la importancia de la intervenci\u00f3n social en la escuela para mejorar el aprendizaje, el rendimiento acad\u00e9mico y la integraci\u00f3n escolar. Es necesario continuar avanzando en la presencia de estos profesionales en los centros educativos, y posibilitar el trabajo directo con el alumnado, la familia y el profesorado.<\/p>\n<p><strong>Este contenido ha sido publicado originalmente por Medium en la siguiente direcci\u00f3n: <a href=\"https:\/\/medium.com\/@carrmen.alemany\/por-qu%C3%A9-necesitamos-trabajadores-as-sociales-en-la-escuela-2dc42e94f5cc\" target=\"_blank\" rel=\"noopener\">medium.com<\/a> | Autor: Carmen Alemany Panadero<\/strong><\/p>\n\t\t<div class=\"pk-inline-posts\">\n\t\t\t\n\t\t\t<div class=\"pk-inline-posts-container pk-inline-posts-template-list\"\n\t\t\t\tdata-columns=\"1\">\n\t\t\t\t\t\t<article id=\"post-114355\" class=\"post-114355 post type-post status-publish format-standard has-post-thumbnail category-docentes category-noticias-pedagogia category-pedagogia tag-derechos-del-nino tag-docentes-en-redes-sociales tag-educacion-responsable tag-etica-docente tag-legislacion-educativa tag-privacidad-infantil tag-profesores-influencers tag-proteccion-de-datos tag-uso-de-imagen cs-entry cs-video-wrap\">\n\t\t\t<div class=\"pk-post-outer\">\n\n\t\t\t\t\t\t\t\t<div class=\"pk-post-inner\">\n\t\t\t\t\t<div class=\"entry-thumbnail\">\n\t\t\t\t\t\t<div class=\"pk-overlay pk-overlay-ratio pk-ratio-landscape\">\n\t\t\t\t\t\t\t<div class=\"pk-overlay-background\">\n\t\t\t\t\t\t\t\t<a href=\"https:\/\/webdelmaestrocmf.com\/portal\/atencion-profesores-tiktokers-por-que-no-pueden-usar-imagenes-fotos-de-sus-estudiantes-en-redes-sociales-personales\/\" class=\"pk-overlay-link\">\n\t\t\t\t\t\t\t\t\t<img loading=\"lazy\" decoding=\"async\" width=\"300\" height=\"225\" src=\"https:\/\/webdelmaestrocmf.com\/portal\/wp-content\/uploads\/2025\/12\/1A-Banner-1-portada-imagen-10-1-copia-1-18-300x225.webp\" class=\"attachment-pk-thumbnail size-pk-thumbnail wp-post-image\" alt=\"\" \/>\t\t\t\t\t\t\t\t<\/a>\n\t\t\t\t\t\t\t<\/div>\n\t\t\t\t\t\t<\/div>\n\t\t\t\t\t<\/div>\n\t\t\t\t<\/div>\n\t\t\t\t\n\t\t\t\t<div class=\"pk-post-inner\">\n\t\t\t\t\t<header>\n\t\t\t\t\t\t<h3 class=\"pk-title\"><a href=\"https:\/\/webdelmaestrocmf.com\/portal\/atencion-profesores-tiktokers-por-que-no-pueden-usar-imagenes-fotos-de-sus-estudiantes-en-redes-sociales-personales\/\" rel=\"bookmark\">Atenci\u00f3n, profesores tiktokers: por qu\u00e9 no pueden usar im\u00e1genes (fotos) de sus estudiantes en redes sociales personales<\/a><\/h3>\t\t\t\t\t<\/header><!-- .entry-header -->\n\t\t\t\t<\/div><!-- .post-inner -->\n\n\t\t\t<\/div><!-- .post-outer -->\n\t\t<\/article>\n\t\t\t\t<\/div>\n\t\t<\/div>\n\t\t\n","protected":false},"excerpt":{"rendered":"Actualmente el sistema educativo afronta numerosos desaf\u00edos, entre ellos, la falta de recursos para cubrir todas las necesidades,&hellip;","protected":false},"author":1,"featured_media":77370,"comment_status":"open","ping_status":"closed","sticky":false,"template":"","format":"standard","meta":{"csco_display_header_overlay":false,"csco_singular_sidebar":"default","csco_page_header_type":"default","csco_page_load_nextpost":"default","csco_post_video_location":[],"csco_post_video_location_hash":"","csco_post_video_url":"","csco_post_video_bg_start_time":0,"csco_post_video_bg_end_time":0,"csco_post_video_bg_volume":false,"_jetpack_memberships_contains_paid_content":false,"footnotes":""},"categories":[5375,735],"tags":[228,2471,877,3010],"class_list":{"0":"post-77367","1":"post","2":"type-post","3":"status-publish","4":"format-standard","5":"has-post-thumbnail","7":"category-noticias-pedagogia","8":"category-pedagogia","9":"tag-escuela","10":"tag-necesitamos","11":"tag-sociales","12":"tag-trabajadores","13":"cs-entry","14":"cs-video-wrap"},"yoast_head":"<!-- This site is optimized with the Yoast SEO plugin v27.5 - https:\/\/yoast.com\/product\/yoast-seo-wordpress\/ -->\n<title>\u00bfPor qu\u00e9 necesitamos trabajadores\/as sociales en la escuela? \u00bfEs importante la aportaci\u00f3n del Trabajo Social en el sistema educativo? - 2026<\/title>\n<meta name=\"description\" content=\"El alumnado es cada vez m\u00e1s diverso. En un mundo globalizado, nuestras sociedades son cada vez m\u00e1s multiculturales. En un contexto...\" \/>\n<meta name=\"robots\" content=\"index, follow, max-snippet:-1, max-image-preview:large, max-video-preview:-1\" \/>\n<link rel=\"canonical\" href=\"https:\/\/webdelmaestrocmf.com\/portal\/por-que-necesitamos-trabajadores-as-sociales-en-la-escuela-es-importante-la-aportacion-del-trabajo-social-en-el-sistema-educativo\/\" \/>\n<meta property=\"og:locale\" content=\"es_ES\" \/>\n<meta property=\"og:type\" content=\"article\" \/>\n<meta property=\"og:title\" content=\"\u00bfPor qu\u00e9 necesitamos trabajadores\/as sociales en la escuela? \u00bfEs importante la aportaci\u00f3n del Trabajo Social en el sistema educativo? - 2026\" \/>\n<meta property=\"og:description\" content=\"El alumnado es cada vez m\u00e1s diverso. En un mundo globalizado, nuestras sociedades son cada vez m\u00e1s multiculturales. En un contexto...\" \/>\n<meta property=\"og:url\" content=\"https:\/\/webdelmaestrocmf.com\/portal\/por-que-necesitamos-trabajadores-as-sociales-en-la-escuela-es-importante-la-aportacion-del-trabajo-social-en-el-sistema-educativo\/\" \/>\n<meta property=\"og:site_name\" content=\"Web del Maestro CMF\" \/>\n<meta property=\"article:publisher\" content=\"https:\/\/www.facebook.com\/WebdelMaestroCMF\/\" \/>\n<meta property=\"article:author\" content=\"https:\/\/www.facebook.com\/WebdelMaestroCMF\/\" \/>\n<meta property=\"article:published_time\" content=\"2022-11-06T11:00:24+00:00\" \/>\n<meta property=\"article:modified_time\" content=\"2022-11-06T13:24:40+00:00\" \/>\n<meta property=\"og:image\" content=\"https:\/\/i0.wp.com\/webdelmaestrocmf.com\/portal\/wp-content\/uploads\/2022\/06\/1-13.jpg?fit=1100%2C680&ssl=1\" \/>\n\t<meta property=\"og:image:width\" content=\"1100\" \/>\n\t<meta property=\"og:image:height\" content=\"680\" \/>\n\t<meta property=\"og:image:type\" content=\"image\/jpeg\" \/>\n<meta name=\"author\" content=\"Web del Maestro CMF\" \/>\n<meta name=\"twitter:card\" content=\"summary_large_image\" \/>\n<meta name=\"twitter:creator\" content=\"@cmf_w\" \/>\n<meta name=\"twitter:site\" content=\"@cmf_w\" \/>\n<script type=\"application\/ld+json\" class=\"yoast-schema-graph\">{\"@context\":\"https:\\\/\\\/schema.org\",\"@graph\":[{\"@type\":\"ScholarlyArticle\",\"@id\":\"https:\\\/\\\/webdelmaestrocmf.com\\\/portal\\\/por-que-necesitamos-trabajadores-as-sociales-en-la-escuela-es-importante-la-aportacion-del-trabajo-social-en-el-sistema-educativo\\\/#article\",\"isPartOf\":{\"@id\":\"https:\\\/\\\/webdelmaestrocmf.com\\\/portal\\\/por-que-necesitamos-trabajadores-as-sociales-en-la-escuela-es-importante-la-aportacion-del-trabajo-social-en-el-sistema-educativo\\\/\"},\"author\":{\"name\":\"Web del Maestro CMF\",\"@id\":\"https:\\\/\\\/webdelmaestrocmf.com\\\/portal\\\/#\\\/schema\\\/person\\\/1072a2ed7bd960df8ef99a551fa35dc5\"},\"headline\":\"\u00bfPor qu\u00e9 necesitamos trabajadores\\\/as sociales en la escuela? \u00bfEs importante la aportaci\u00f3n del Trabajo Social en el sistema educativo?\",\"datePublished\":\"2022-11-06T11:00:24+00:00\",\"dateModified\":\"2022-11-06T13:24:40+00:00\",\"mainEntityOfPage\":{\"@id\":\"https:\\\/\\\/webdelmaestrocmf.com\\\/portal\\\/por-que-necesitamos-trabajadores-as-sociales-en-la-escuela-es-importante-la-aportacion-del-trabajo-social-en-el-sistema-educativo\\\/\"},\"wordCount\":2210,\"commentCount\":0,\"publisher\":{\"@id\":\"https:\\\/\\\/webdelmaestrocmf.com\\\/portal\\\/#organization\"},\"image\":{\"@id\":\"https:\\\/\\\/webdelmaestrocmf.com\\\/portal\\\/por-que-necesitamos-trabajadores-as-sociales-en-la-escuela-es-importante-la-aportacion-del-trabajo-social-en-el-sistema-educativo\\\/#primaryimage\"},\"thumbnailUrl\":\"https:\\\/\\\/webdelmaestrocmf.com\\\/portal\\\/wp-content\\\/uploads\\\/2022\\\/06\\\/1-13.jpg\",\"keywords\":[\"escuela\",\"NECESITAMOS\",\"SOCIALES\",\"TRABAJADORES\"],\"articleSection\":[\"Noticias\",\"Recursos\"],\"inLanguage\":\"es\",\"potentialAction\":[{\"@type\":\"CommentAction\",\"name\":\"Comment\",\"target\":[\"https:\\\/\\\/webdelmaestrocmf.com\\\/portal\\\/por-que-necesitamos-trabajadores-as-sociales-en-la-escuela-es-importante-la-aportacion-del-trabajo-social-en-el-sistema-educativo\\\/#respond\"]}]},{\"@type\":\"WebPage\",\"@id\":\"https:\\\/\\\/webdelmaestrocmf.com\\\/portal\\\/por-que-necesitamos-trabajadores-as-sociales-en-la-escuela-es-importante-la-aportacion-del-trabajo-social-en-el-sistema-educativo\\\/\",\"url\":\"https:\\\/\\\/webdelmaestrocmf.com\\\/portal\\\/por-que-necesitamos-trabajadores-as-sociales-en-la-escuela-es-importante-la-aportacion-del-trabajo-social-en-el-sistema-educativo\\\/\",\"name\":\"\u00bfPor qu\u00e9 necesitamos trabajadores\\\/as sociales en la escuela? \u00bfEs importante la aportaci\u00f3n del Trabajo Social en el sistema educativo? - 2026\",\"isPartOf\":{\"@id\":\"https:\\\/\\\/webdelmaestrocmf.com\\\/portal\\\/#website\"},\"primaryImageOfPage\":{\"@id\":\"https:\\\/\\\/webdelmaestrocmf.com\\\/portal\\\/por-que-necesitamos-trabajadores-as-sociales-en-la-escuela-es-importante-la-aportacion-del-trabajo-social-en-el-sistema-educativo\\\/#primaryimage\"},\"image\":{\"@id\":\"https:\\\/\\\/webdelmaestrocmf.com\\\/portal\\\/por-que-necesitamos-trabajadores-as-sociales-en-la-escuela-es-importante-la-aportacion-del-trabajo-social-en-el-sistema-educativo\\\/#primaryimage\"},\"thumbnailUrl\":\"https:\\\/\\\/webdelmaestrocmf.com\\\/portal\\\/wp-content\\\/uploads\\\/2022\\\/06\\\/1-13.jpg\",\"datePublished\":\"2022-11-06T11:00:24+00:00\",\"dateModified\":\"2022-11-06T13:24:40+00:00\",\"description\":\"El alumnado es cada vez m\u00e1s diverso. En un mundo globalizado, nuestras sociedades son cada vez m\u00e1s multiculturales. En un contexto...\",\"breadcrumb\":{\"@id\":\"https:\\\/\\\/webdelmaestrocmf.com\\\/portal\\\/por-que-necesitamos-trabajadores-as-sociales-en-la-escuela-es-importante-la-aportacion-del-trabajo-social-en-el-sistema-educativo\\\/#breadcrumb\"},\"inLanguage\":\"es\",\"potentialAction\":[{\"@type\":\"ReadAction\",\"target\":[\"https:\\\/\\\/webdelmaestrocmf.com\\\/portal\\\/por-que-necesitamos-trabajadores-as-sociales-en-la-escuela-es-importante-la-aportacion-del-trabajo-social-en-el-sistema-educativo\\\/\"]}]},{\"@type\":\"ImageObject\",\"inLanguage\":\"es\",\"@id\":\"https:\\\/\\\/webdelmaestrocmf.com\\\/portal\\\/por-que-necesitamos-trabajadores-as-sociales-en-la-escuela-es-importante-la-aportacion-del-trabajo-social-en-el-sistema-educativo\\\/#primaryimage\",\"url\":\"https:\\\/\\\/webdelmaestrocmf.com\\\/portal\\\/wp-content\\\/uploads\\\/2022\\\/06\\\/1-13.jpg\",\"contentUrl\":\"https:\\\/\\\/webdelmaestrocmf.com\\\/portal\\\/wp-content\\\/uploads\\\/2022\\\/06\\\/1-13.jpg\",\"width\":1100,\"height\":680},{\"@type\":\"BreadcrumbList\",\"@id\":\"https:\\\/\\\/webdelmaestrocmf.com\\\/portal\\\/por-que-necesitamos-trabajadores-as-sociales-en-la-escuela-es-importante-la-aportacion-del-trabajo-social-en-el-sistema-educativo\\\/#breadcrumb\",\"itemListElement\":[{\"@type\":\"ListItem\",\"position\":1,\"name\":\"Portada\",\"item\":\"https:\\\/\\\/webdelmaestrocmf.com\\\/portal\\\/\"},{\"@type\":\"ListItem\",\"position\":2,\"name\":\"Recursos\",\"item\":\"https:\\\/\\\/webdelmaestrocmf.com\\\/portal\\\/category\\\/pedagogia\\\/\"},{\"@type\":\"ListItem\",\"position\":3,\"name\":\"\u00bfPor qu\u00e9 necesitamos trabajadores\\\/as sociales en la escuela? \u00bfEs importante la aportaci\u00f3n del Trabajo Social en el sistema educativo?\"}]},{\"@type\":\"WebSite\",\"@id\":\"https:\\\/\\\/webdelmaestrocmf.com\\\/portal\\\/#website\",\"url\":\"https:\\\/\\\/webdelmaestrocmf.com\\\/portal\\\/\",\"name\":\"Web del Maestro CMF\",\"description\":\"Maestros al servicio de la educaci\u00f3n\",\"publisher\":{\"@id\":\"https:\\\/\\\/webdelmaestrocmf.com\\\/portal\\\/#organization\"},\"alternateName\":\"WMCMF\",\"potentialAction\":[{\"@type\":\"SearchAction\",\"target\":{\"@type\":\"EntryPoint\",\"urlTemplate\":\"https:\\\/\\\/webdelmaestrocmf.com\\\/portal\\\/?s={search_term_string}\"},\"query-input\":{\"@type\":\"PropertyValueSpecification\",\"valueRequired\":true,\"valueName\":\"search_term_string\"}}],\"inLanguage\":\"es\"},{\"@type\":\"Organization\",\"@id\":\"https:\\\/\\\/webdelmaestrocmf.com\\\/portal\\\/#organization\",\"name\":\"Web del Maestro CMF\",\"alternateName\":\"WMCMF\",\"url\":\"https:\\\/\\\/webdelmaestrocmf.com\\\/portal\\\/\",\"logo\":{\"@type\":\"ImageObject\",\"inLanguage\":\"es\",\"@id\":\"https:\\\/\\\/webdelmaestrocmf.com\\\/portal\\\/#\\\/schema\\\/logo\\\/image\\\/\",\"url\":\"https:\\\/\\\/webdelmaestrocmf.com\\\/portal\\\/wp-content\\\/uploads\\\/2023\\\/01\\\/logo-wmcmf-2.png\",\"contentUrl\":\"https:\\\/\\\/webdelmaestrocmf.com\\\/portal\\\/wp-content\\\/uploads\\\/2023\\\/01\\\/logo-wmcmf-2.png\",\"width\":200,\"height\":60,\"caption\":\"Web del Maestro CMF\"},\"image\":{\"@id\":\"https:\\\/\\\/webdelmaestrocmf.com\\\/portal\\\/#\\\/schema\\\/logo\\\/image\\\/\"},\"sameAs\":[\"https:\\\/\\\/www.facebook.com\\\/WebdelMaestroCMF\\\/\",\"https:\\\/\\\/x.com\\\/cmf_w\",\"https:\\\/\\\/www.pinterest.com\\\/WMCMF\\\/\",\"https:\\\/\\\/www.linkedin.com\\\/company\\\/web-del-maestro-cmf\\\/\",\"https:\\\/\\\/www.instagram.com\\\/wmcmf\\\/\",\"https:\\\/\\\/www.youtube.com\\\/channel\\\/UCDPSvjbdodE5sHnC3OxutHw\",\"https:\\\/\\\/mastodon.social\\\/@wmcmf\",\"https:\\\/\\\/www.tiktok.com\\\/@webdelmaestrocmf\"]},{\"@type\":\"Person\",\"@id\":\"https:\\\/\\\/webdelmaestrocmf.com\\\/portal\\\/#\\\/schema\\\/person\\\/1072a2ed7bd960df8ef99a551fa35dc5\",\"name\":\"Web del Maestro CMF\",\"image\":{\"@type\":\"ImageObject\",\"inLanguage\":\"es\",\"@id\":\"https:\\\/\\\/secure.gravatar.com\\\/avatar\\\/23291dd5b5ae1077dcff3dbb04c3e02bd28403fa75af6d8787d5e97c5bbbe30b?s=96&d=mm&r=g\",\"url\":\"https:\\\/\\\/secure.gravatar.com\\\/avatar\\\/23291dd5b5ae1077dcff3dbb04c3e02bd28403fa75af6d8787d5e97c5bbbe30b?s=96&d=mm&r=g\",\"contentUrl\":\"https:\\\/\\\/secure.gravatar.com\\\/avatar\\\/23291dd5b5ae1077dcff3dbb04c3e02bd28403fa75af6d8787d5e97c5bbbe30b?s=96&d=mm&r=g\",\"caption\":\"Web del Maestro CMF\"},\"description\":\"Esta Web se cre\u00f3 sin fines de lucro, con fines educativos, cient\u00edficos y acad\u00e9micos, para personas que tengan dificultades y\\\/o inconvenientes en visualizar el material original. El objetivo es entregar recursos, compartir experiencias y materiales que ayuden a los padres de familia, maestros y estudiantes en su actualizaci\u00f3n y formaci\u00f3n permanente, en bien de la Educaci\u00f3n.\",\"sameAs\":[\"http:\\\/\\\/webdelmaestrocmf.com\\\/portal\",\"https:\\\/\\\/www.facebook.com\\\/WebdelMaestroCMF\\\/\",\"https:\\\/\\\/www.instagram.com\\\/wmcmf\\\/\",\"https:\\\/\\\/cl.linkedin.com\\\/company\\\/web-del-maestro-cmf\",\"https:\\\/\\\/www.pinterest.com\\\/WMCMF\\\/publicaciones\\\/\",\"https:\\\/\\\/x.com\\\/cmf_w\",\"https:\\\/\\\/www.youtube.com\\\/@WMCMF\"]}]}<\/script>\n<!-- \/ Yoast SEO plugin. -->","yoast_head_json":{"title":"\u00bfPor qu\u00e9 necesitamos trabajadores\/as sociales en la escuela? \u00bfEs importante la aportaci\u00f3n del Trabajo Social en el sistema educativo? - 2026","description":"El alumnado es cada vez m\u00e1s diverso. En un mundo globalizado, nuestras sociedades son cada vez m\u00e1s multiculturales. En un contexto...","robots":{"index":"index","follow":"follow","max-snippet":"max-snippet:-1","max-image-preview":"max-image-preview:large","max-video-preview":"max-video-preview:-1"},"canonical":"https:\/\/webdelmaestrocmf.com\/portal\/por-que-necesitamos-trabajadores-as-sociales-en-la-escuela-es-importante-la-aportacion-del-trabajo-social-en-el-sistema-educativo\/","og_locale":"es_ES","og_type":"article","og_title":"\u00bfPor qu\u00e9 necesitamos trabajadores\/as sociales en la escuela? \u00bfEs importante la aportaci\u00f3n del Trabajo Social en el sistema educativo? - 2026","og_description":"El alumnado es cada vez m\u00e1s diverso. En un mundo globalizado, nuestras sociedades son cada vez m\u00e1s multiculturales. En un contexto...","og_url":"https:\/\/webdelmaestrocmf.com\/portal\/por-que-necesitamos-trabajadores-as-sociales-en-la-escuela-es-importante-la-aportacion-del-trabajo-social-en-el-sistema-educativo\/","og_site_name":"Web del Maestro CMF","article_publisher":"https:\/\/www.facebook.com\/WebdelMaestroCMF\/","article_author":"https:\/\/www.facebook.com\/WebdelMaestroCMF\/","article_published_time":"2022-11-06T11:00:24+00:00","article_modified_time":"2022-11-06T13:24:40+00:00","og_image":[{"width":1100,"height":680,"url":"https:\/\/i0.wp.com\/webdelmaestrocmf.com\/portal\/wp-content\/uploads\/2022\/06\/1-13.jpg?fit=1100%2C680&ssl=1","type":"image\/jpeg"}],"author":"Web del Maestro CMF","twitter_card":"summary_large_image","twitter_creator":"@cmf_w","twitter_site":"@cmf_w","schema":{"@context":"https:\/\/schema.org","@graph":[{"@type":"ScholarlyArticle","@id":"https:\/\/webdelmaestrocmf.com\/portal\/por-que-necesitamos-trabajadores-as-sociales-en-la-escuela-es-importante-la-aportacion-del-trabajo-social-en-el-sistema-educativo\/#article","isPartOf":{"@id":"https:\/\/webdelmaestrocmf.com\/portal\/por-que-necesitamos-trabajadores-as-sociales-en-la-escuela-es-importante-la-aportacion-del-trabajo-social-en-el-sistema-educativo\/"},"author":{"name":"Web del Maestro CMF","@id":"https:\/\/webdelmaestrocmf.com\/portal\/#\/schema\/person\/1072a2ed7bd960df8ef99a551fa35dc5"},"headline":"\u00bfPor qu\u00e9 necesitamos trabajadores\/as sociales en la escuela? \u00bfEs importante la aportaci\u00f3n del Trabajo Social en el sistema educativo?","datePublished":"2022-11-06T11:00:24+00:00","dateModified":"2022-11-06T13:24:40+00:00","mainEntityOfPage":{"@id":"https:\/\/webdelmaestrocmf.com\/portal\/por-que-necesitamos-trabajadores-as-sociales-en-la-escuela-es-importante-la-aportacion-del-trabajo-social-en-el-sistema-educativo\/"},"wordCount":2210,"commentCount":0,"publisher":{"@id":"https:\/\/webdelmaestrocmf.com\/portal\/#organization"},"image":{"@id":"https:\/\/webdelmaestrocmf.com\/portal\/por-que-necesitamos-trabajadores-as-sociales-en-la-escuela-es-importante-la-aportacion-del-trabajo-social-en-el-sistema-educativo\/#primaryimage"},"thumbnailUrl":"https:\/\/webdelmaestrocmf.com\/portal\/wp-content\/uploads\/2022\/06\/1-13.jpg","keywords":["escuela","NECESITAMOS","SOCIALES","TRABAJADORES"],"articleSection":["Noticias","Recursos"],"inLanguage":"es","potentialAction":[{"@type":"CommentAction","name":"Comment","target":["https:\/\/webdelmaestrocmf.com\/portal\/por-que-necesitamos-trabajadores-as-sociales-en-la-escuela-es-importante-la-aportacion-del-trabajo-social-en-el-sistema-educativo\/#respond"]}]},{"@type":"WebPage","@id":"https:\/\/webdelmaestrocmf.com\/portal\/por-que-necesitamos-trabajadores-as-sociales-en-la-escuela-es-importante-la-aportacion-del-trabajo-social-en-el-sistema-educativo\/","url":"https:\/\/webdelmaestrocmf.com\/portal\/por-que-necesitamos-trabajadores-as-sociales-en-la-escuela-es-importante-la-aportacion-del-trabajo-social-en-el-sistema-educativo\/","name":"\u00bfPor qu\u00e9 necesitamos trabajadores\/as sociales en la escuela? \u00bfEs importante la aportaci\u00f3n del Trabajo Social en el sistema educativo? - 2026","isPartOf":{"@id":"https:\/\/webdelmaestrocmf.com\/portal\/#website"},"primaryImageOfPage":{"@id":"https:\/\/webdelmaestrocmf.com\/portal\/por-que-necesitamos-trabajadores-as-sociales-en-la-escuela-es-importante-la-aportacion-del-trabajo-social-en-el-sistema-educativo\/#primaryimage"},"image":{"@id":"https:\/\/webdelmaestrocmf.com\/portal\/por-que-necesitamos-trabajadores-as-sociales-en-la-escuela-es-importante-la-aportacion-del-trabajo-social-en-el-sistema-educativo\/#primaryimage"},"thumbnailUrl":"https:\/\/webdelmaestrocmf.com\/portal\/wp-content\/uploads\/2022\/06\/1-13.jpg","datePublished":"2022-11-06T11:00:24+00:00","dateModified":"2022-11-06T13:24:40+00:00","description":"El alumnado es cada vez m\u00e1s diverso. En un mundo globalizado, nuestras sociedades son cada vez m\u00e1s multiculturales. En un contexto...","breadcrumb":{"@id":"https:\/\/webdelmaestrocmf.com\/portal\/por-que-necesitamos-trabajadores-as-sociales-en-la-escuela-es-importante-la-aportacion-del-trabajo-social-en-el-sistema-educativo\/#breadcrumb"},"inLanguage":"es","potentialAction":[{"@type":"ReadAction","target":["https:\/\/webdelmaestrocmf.com\/portal\/por-que-necesitamos-trabajadores-as-sociales-en-la-escuela-es-importante-la-aportacion-del-trabajo-social-en-el-sistema-educativo\/"]}]},{"@type":"ImageObject","inLanguage":"es","@id":"https:\/\/webdelmaestrocmf.com\/portal\/por-que-necesitamos-trabajadores-as-sociales-en-la-escuela-es-importante-la-aportacion-del-trabajo-social-en-el-sistema-educativo\/#primaryimage","url":"https:\/\/webdelmaestrocmf.com\/portal\/wp-content\/uploads\/2022\/06\/1-13.jpg","contentUrl":"https:\/\/webdelmaestrocmf.com\/portal\/wp-content\/uploads\/2022\/06\/1-13.jpg","width":1100,"height":680},{"@type":"BreadcrumbList","@id":"https:\/\/webdelmaestrocmf.com\/portal\/por-que-necesitamos-trabajadores-as-sociales-en-la-escuela-es-importante-la-aportacion-del-trabajo-social-en-el-sistema-educativo\/#breadcrumb","itemListElement":[{"@type":"ListItem","position":1,"name":"Portada","item":"https:\/\/webdelmaestrocmf.com\/portal\/"},{"@type":"ListItem","position":2,"name":"Recursos","item":"https:\/\/webdelmaestrocmf.com\/portal\/category\/pedagogia\/"},{"@type":"ListItem","position":3,"name":"\u00bfPor qu\u00e9 necesitamos trabajadores\/as sociales en la escuela? \u00bfEs importante la aportaci\u00f3n del Trabajo Social en el sistema educativo?"}]},{"@type":"WebSite","@id":"https:\/\/webdelmaestrocmf.com\/portal\/#website","url":"https:\/\/webdelmaestrocmf.com\/portal\/","name":"Web del Maestro CMF","description":"Maestros al servicio de la educaci\u00f3n","publisher":{"@id":"https:\/\/webdelmaestrocmf.com\/portal\/#organization"},"alternateName":"WMCMF","potentialAction":[{"@type":"SearchAction","target":{"@type":"EntryPoint","urlTemplate":"https:\/\/webdelmaestrocmf.com\/portal\/?s={search_term_string}"},"query-input":{"@type":"PropertyValueSpecification","valueRequired":true,"valueName":"search_term_string"}}],"inLanguage":"es"},{"@type":"Organization","@id":"https:\/\/webdelmaestrocmf.com\/portal\/#organization","name":"Web del Maestro CMF","alternateName":"WMCMF","url":"https:\/\/webdelmaestrocmf.com\/portal\/","logo":{"@type":"ImageObject","inLanguage":"es","@id":"https:\/\/webdelmaestrocmf.com\/portal\/#\/schema\/logo\/image\/","url":"https:\/\/webdelmaestrocmf.com\/portal\/wp-content\/uploads\/2023\/01\/logo-wmcmf-2.png","contentUrl":"https:\/\/webdelmaestrocmf.com\/portal\/wp-content\/uploads\/2023\/01\/logo-wmcmf-2.png","width":200,"height":60,"caption":"Web del Maestro CMF"},"image":{"@id":"https:\/\/webdelmaestrocmf.com\/portal\/#\/schema\/logo\/image\/"},"sameAs":["https:\/\/www.facebook.com\/WebdelMaestroCMF\/","https:\/\/x.com\/cmf_w","https:\/\/www.pinterest.com\/WMCMF\/","https:\/\/www.linkedin.com\/company\/web-del-maestro-cmf\/","https:\/\/www.instagram.com\/wmcmf\/","https:\/\/www.youtube.com\/channel\/UCDPSvjbdodE5sHnC3OxutHw","https:\/\/mastodon.social\/@wmcmf","https:\/\/www.tiktok.com\/@webdelmaestrocmf"]},{"@type":"Person","@id":"https:\/\/webdelmaestrocmf.com\/portal\/#\/schema\/person\/1072a2ed7bd960df8ef99a551fa35dc5","name":"Web del Maestro CMF","image":{"@type":"ImageObject","inLanguage":"es","@id":"https:\/\/secure.gravatar.com\/avatar\/23291dd5b5ae1077dcff3dbb04c3e02bd28403fa75af6d8787d5e97c5bbbe30b?s=96&d=mm&r=g","url":"https:\/\/secure.gravatar.com\/avatar\/23291dd5b5ae1077dcff3dbb04c3e02bd28403fa75af6d8787d5e97c5bbbe30b?s=96&d=mm&r=g","contentUrl":"https:\/\/secure.gravatar.com\/avatar\/23291dd5b5ae1077dcff3dbb04c3e02bd28403fa75af6d8787d5e97c5bbbe30b?s=96&d=mm&r=g","caption":"Web del Maestro CMF"},"description":"Esta Web se cre\u00f3 sin fines de lucro, con fines educativos, cient\u00edficos y acad\u00e9micos, para personas que tengan dificultades y\/o inconvenientes en visualizar el material original. El objetivo es entregar recursos, compartir experiencias y materiales que ayuden a los padres de familia, maestros y estudiantes en su actualizaci\u00f3n y formaci\u00f3n permanente, en bien de la Educaci\u00f3n.","sameAs":["http:\/\/webdelmaestrocmf.com\/portal","https:\/\/www.facebook.com\/WebdelMaestroCMF\/","https:\/\/www.instagram.com\/wmcmf\/","https:\/\/cl.linkedin.com\/company\/web-del-maestro-cmf","https:\/\/www.pinterest.com\/WMCMF\/publicaciones\/","https:\/\/x.com\/cmf_w","https:\/\/www.youtube.com\/@WMCMF"]}]}},"jetpack_featured_media_url":"https:\/\/webdelmaestrocmf.com\/portal\/wp-content\/uploads\/2022\/06\/1-13.jpg","jetpack_sharing_enabled":true,"jetpack-related-posts":[{"id":114788,"url":"https:\/\/webdelmaestrocmf.com\/portal\/queremos-ensenar-no-sobrevivir-en-el-aula-docentes-denuncian-un-aumento-sostenido-de-agresiones-verbales-y-fisicas-por-parte-del-alumnado\/","url_meta":{"origin":77367,"position":0},"title":"\u201cQueremos ense\u00f1ar, no sobrevivir en el aula\u201d: docentes denuncian un aumento sostenido de agresiones verbales y f\u00edsicas por parte del alumnado","author":"Web del Maestro CMF","date":"16 enero, 2026","format":false,"excerpt":"Ense\u00f1ar se ha vuelto una tarea de resistencia cotidiana, marcada por violencia, desprotecci\u00f3n institucional, sobrecarga burocr\u00e1tica y un profundo desgaste profesional.","rel":"","context":"En \u00abNoticias Internacionales\u00bb","block_context":{"text":"Noticias Internacionales","link":"https:\/\/webdelmaestrocmf.com\/portal\/category\/noticias-internacionales\/"},"img":{"alt_text":"","src":"https:\/\/i0.wp.com\/webdelmaestrocmf.com\/portal\/wp-content\/uploads\/2026\/01\/1AA-Banner-1-portada-imagen-10-1-copia-1.webp?resize=350%2C200&ssl=1","width":350,"height":200,"srcset":"https:\/\/i0.wp.com\/webdelmaestrocmf.com\/portal\/wp-content\/uploads\/2026\/01\/1AA-Banner-1-portada-imagen-10-1-copia-1.webp?resize=350%2C200&ssl=1 1x, https:\/\/i0.wp.com\/webdelmaestrocmf.com\/portal\/wp-content\/uploads\/2026\/01\/1AA-Banner-1-portada-imagen-10-1-copia-1.webp?resize=525%2C300&ssl=1 1.5x, https:\/\/i0.wp.com\/webdelmaestrocmf.com\/portal\/wp-content\/uploads\/2026\/01\/1AA-Banner-1-portada-imagen-10-1-copia-1.webp?resize=700%2C400&ssl=1 2x, https:\/\/i0.wp.com\/webdelmaestrocmf.com\/portal\/wp-content\/uploads\/2026\/01\/1AA-Banner-1-portada-imagen-10-1-copia-1.webp?resize=1050%2C600&ssl=1 3x"},"classes":[]},{"id":102159,"url":"https:\/\/webdelmaestrocmf.com\/portal\/inger-inkvest-como-puede-ser-responsable-el-docente-si-se-le-quita-la-autoridad-para-organizar-el-trabajo\/","url_meta":{"origin":77367,"position":1},"title":"Inger Enkvist: \u00bfC\u00f3mo puede ser responsable el docente si se le quita la autoridad para organizar el trabajo?","author":"Web del Maestro CMF","date":"9 abril, 2026","format":false,"excerpt":"Sin autoridad para organizar el aula, el docente queda desarmado. La exigencia sin herramientas solo ahuyenta a los mejores.","rel":"","context":"En \u00abEntrevistas\u00bb","block_context":{"text":"Entrevistas","link":"https:\/\/webdelmaestrocmf.com\/portal\/category\/noticias\/entrevistas\/"},"img":{"alt_text":"","src":"https:\/\/i0.wp.com\/webdelmaestrocmf.com\/portal\/wp-content\/uploads\/2024\/01\/1A-Banner-1-portada-imagen-10-1-copia-7.webp?resize=350%2C200&ssl=1","width":350,"height":200,"srcset":"https:\/\/i0.wp.com\/webdelmaestrocmf.com\/portal\/wp-content\/uploads\/2024\/01\/1A-Banner-1-portada-imagen-10-1-copia-7.webp?resize=350%2C200&ssl=1 1x, https:\/\/i0.wp.com\/webdelmaestrocmf.com\/portal\/wp-content\/uploads\/2024\/01\/1A-Banner-1-portada-imagen-10-1-copia-7.webp?resize=525%2C300&ssl=1 1.5x, https:\/\/i0.wp.com\/webdelmaestrocmf.com\/portal\/wp-content\/uploads\/2024\/01\/1A-Banner-1-portada-imagen-10-1-copia-7.webp?resize=700%2C400&ssl=1 2x"},"classes":[]},{"id":27195,"url":"https:\/\/webdelmaestrocmf.com\/portal\/capacidades-diferentes-de-aprendizaje\/","url_meta":{"origin":77367,"position":2},"title":"Capacidades diferentes de aprendizaje &#8211; Gu\u00edas y materiales","author":"Web del Maestro CMF","date":"20 junio, 2020","format":false,"excerpt":"Cada vez son m\u00e1s los ni\u00f1os con \u201ccapacidades diferentes\u201d en las escuelas comunes. Ellos aprenden con sus pares y los ni\u00f1os de la ense\u00f1anza regular, aprenden tambi\u00e9n. El voto de confianza por parte de padres y docentes es lo principal. Los ni\u00f1os y ni\u00f1as con capacidades diferentes deben aprovechar al\u2026","rel":"","context":"En \u00abDescargas Manuales PDF\u00bb","block_context":{"text":"Descargas Manuales PDF","link":"https:\/\/webdelmaestrocmf.com\/portal\/category\/pedagogia\/descargas-manuales-pdf\/"},"img":{"alt_text":"","src":"https:\/\/i0.wp.com\/webdelmaestrocmf.com\/portal\/wp-content\/uploads\/2018\/04\/1-2.jpeg?resize=350%2C200&ssl=1","width":350,"height":200,"srcset":"https:\/\/i0.wp.com\/webdelmaestrocmf.com\/portal\/wp-content\/uploads\/2018\/04\/1-2.jpeg?resize=350%2C200&ssl=1 1x, https:\/\/i0.wp.com\/webdelmaestrocmf.com\/portal\/wp-content\/uploads\/2018\/04\/1-2.jpeg?resize=525%2C300&ssl=1 1.5x, https:\/\/i0.wp.com\/webdelmaestrocmf.com\/portal\/wp-content\/uploads\/2018\/04\/1-2.jpeg?resize=700%2C400&ssl=1 2x, https:\/\/i0.wp.com\/webdelmaestrocmf.com\/portal\/wp-content\/uploads\/2018\/04\/1-2.jpeg?resize=1050%2C600&ssl=1 3x"},"classes":[]},{"id":114089,"url":"https:\/\/webdelmaestrocmf.com\/portal\/damia-bardera-i-poch-un-alumno-ya-no-es-vago-no-puede-ser-vago-un-alumno-tiene-dificultades-o-sea-se-inventan-palabras\/","url_meta":{"origin":77367,"position":3},"title":"Dami\u00e0 Bardera i Poch: Un alumno ya no es vago; no puede ser vago. Un alumno \u201ctiene dificultades\u201d, o sea, se inventan palabras","author":"Web del Maestro CMF","date":"15 diciembre, 2025","format":false,"excerpt":"La realidad es que el chaval no hace nada, no tiene ganas de hacer nada y no va a hacer nada\u2026 pero, claro, no es un vago.","rel":"","context":"En \u00abEntrevistas\u00bb","block_context":{"text":"Entrevistas","link":"https:\/\/webdelmaestrocmf.com\/portal\/category\/noticias\/entrevistas\/"},"img":{"alt_text":"","src":"https:\/\/i0.wp.com\/webdelmaestrocmf.com\/portal\/wp-content\/uploads\/2025\/12\/DSCF2296-Enhanced-NR-18075708-1236x824-1.jpg?resize=350%2C200&ssl=1","width":350,"height":200,"srcset":"https:\/\/i0.wp.com\/webdelmaestrocmf.com\/portal\/wp-content\/uploads\/2025\/12\/DSCF2296-Enhanced-NR-18075708-1236x824-1.jpg?resize=350%2C200&ssl=1 1x, https:\/\/i0.wp.com\/webdelmaestrocmf.com\/portal\/wp-content\/uploads\/2025\/12\/DSCF2296-Enhanced-NR-18075708-1236x824-1.jpg?resize=525%2C300&ssl=1 1.5x, https:\/\/i0.wp.com\/webdelmaestrocmf.com\/portal\/wp-content\/uploads\/2025\/12\/DSCF2296-Enhanced-NR-18075708-1236x824-1.jpg?resize=700%2C400&ssl=1 2x, https:\/\/i0.wp.com\/webdelmaestrocmf.com\/portal\/wp-content\/uploads\/2025\/12\/DSCF2296-Enhanced-NR-18075708-1236x824-1.jpg?resize=1050%2C600&ssl=1 3x"},"classes":[]},{"id":108552,"url":"https:\/\/webdelmaestrocmf.com\/portal\/nos-llaman-llorando-docentes-colapsan-ante-la-falta-de-apoyo-y-recursos\/","url_meta":{"origin":77367,"position":4},"title":"Nos llaman llorando: docentes colapsan ante la falta de apoyo y recursos","author":"Web del Maestro CMF","date":"30 marzo, 2025","format":false,"excerpt":"\"Cada vez nos llaman m\u00e1s docentes llorando. Que adultos lloren nos pone en alarma sobre su estado emocional\". Habla\u00a0Teresa Hern\u00e1ndez, coordinadora estatal del\u00a0Defensor del Profesor, un servicio que gestiona el sindicato\u00a0Anpe\u00a0que atiende las peticiones de ayuda de los\u00a0docentes\u00a0de la escuela p\u00fablica. Este a\u00f1o ha aumentado un\u00a08%\u00a0el n\u00famero de casos atendidos\u2026","rel":"","context":"En \u00abNoticias Internacionales\u00bb","block_context":{"text":"Noticias Internacionales","link":"https:\/\/webdelmaestrocmf.com\/portal\/category\/noticias-internacionales\/"},"img":{"alt_text":"","src":"https:\/\/i0.wp.com\/webdelmaestrocmf.com\/portal\/wp-content\/uploads\/2025\/03\/1A-Banner-1-portada-imagen-10-1-4-1.jpg?resize=350%2C200&ssl=1","width":350,"height":200,"srcset":"https:\/\/i0.wp.com\/webdelmaestrocmf.com\/portal\/wp-content\/uploads\/2025\/03\/1A-Banner-1-portada-imagen-10-1-4-1.jpg?resize=350%2C200&ssl=1 1x, https:\/\/i0.wp.com\/webdelmaestrocmf.com\/portal\/wp-content\/uploads\/2025\/03\/1A-Banner-1-portada-imagen-10-1-4-1.jpg?resize=525%2C300&ssl=1 1.5x, https:\/\/i0.wp.com\/webdelmaestrocmf.com\/portal\/wp-content\/uploads\/2025\/03\/1A-Banner-1-portada-imagen-10-1-4-1.jpg?resize=700%2C400&ssl=1 2x"},"classes":[]},{"id":111170,"url":"https:\/\/webdelmaestrocmf.com\/portal\/leon-trahtemberg-los-dilemas-invisibles-del-educador-entre-la-vocacion-y-la-realidad\/","url_meta":{"origin":77367,"position":5},"title":"Le\u00f3n Trahtemberg: Los dilemas invisibles del educador: entre la vocaci\u00f3n y la realidad","author":"Web del Maestro CMF","date":"12 julio, 2025","format":false,"excerpt":"Entre lo correcto y lo posible, cada decisi\u00f3n del docente revela las tensiones ocultas de una profesi\u00f3n que exige m\u00e1s de lo que reconoce","rel":"","context":"En \u00abEntrevistas\u00bb","block_context":{"text":"Entrevistas","link":"https:\/\/webdelmaestrocmf.com\/portal\/category\/noticias\/entrevistas\/"},"img":{"alt_text":"","src":"https:\/\/i0.wp.com\/webdelmaestrocmf.com\/portal\/wp-content\/uploads\/2025\/07\/1A-Banner-1-portada-imagen-10-1-copia-45.webp?resize=350%2C200&ssl=1","width":350,"height":200,"srcset":"https:\/\/i0.wp.com\/webdelmaestrocmf.com\/portal\/wp-content\/uploads\/2025\/07\/1A-Banner-1-portada-imagen-10-1-copia-45.webp?resize=350%2C200&ssl=1 1x, https:\/\/i0.wp.com\/webdelmaestrocmf.com\/portal\/wp-content\/uploads\/2025\/07\/1A-Banner-1-portada-imagen-10-1-copia-45.webp?resize=525%2C300&ssl=1 1.5x, https:\/\/i0.wp.com\/webdelmaestrocmf.com\/portal\/wp-content\/uploads\/2025\/07\/1A-Banner-1-portada-imagen-10-1-copia-45.webp?resize=700%2C400&ssl=1 2x"},"classes":[]}],"_links":{"self":[{"href":"https:\/\/webdelmaestrocmf.com\/portal\/wp-json\/wp\/v2\/posts\/77367","targetHints":{"allow":["GET"]}}],"collection":[{"href":"https:\/\/webdelmaestrocmf.com\/portal\/wp-json\/wp\/v2\/posts"}],"about":[{"href":"https:\/\/webdelmaestrocmf.com\/portal\/wp-json\/wp\/v2\/types\/post"}],"author":[{"embeddable":true,"href":"https:\/\/webdelmaestrocmf.com\/portal\/wp-json\/wp\/v2\/users\/1"}],"replies":[{"embeddable":true,"href":"https:\/\/webdelmaestrocmf.com\/portal\/wp-json\/wp\/v2\/comments?post=77367"}],"version-history":[{"count":0,"href":"https:\/\/webdelmaestrocmf.com\/portal\/wp-json\/wp\/v2\/posts\/77367\/revisions"}],"wp:featuredmedia":[{"embeddable":true,"href":"https:\/\/webdelmaestrocmf.com\/portal\/wp-json\/wp\/v2\/media\/77370"}],"wp:attachment":[{"href":"https:\/\/webdelmaestrocmf.com\/portal\/wp-json\/wp\/v2\/media?parent=77367"}],"wp:term":[{"taxonomy":"category","embeddable":true,"href":"https:\/\/webdelmaestrocmf.com\/portal\/wp-json\/wp\/v2\/categories?post=77367"},{"taxonomy":"post_tag","embeddable":true,"href":"https:\/\/webdelmaestrocmf.com\/portal\/wp-json\/wp\/v2\/tags?post=77367"}],"curies":[{"name":"wp","href":"https:\/\/api.w.org\/{rel}","templated":true}]}}