{"id":76631,"date":"2022-04-25T15:19:45","date_gmt":"2022-04-25T19:19:45","guid":{"rendered":"https:\/\/webdelmaestrocmf.com\/portal\/?p=76631"},"modified":"2022-05-11T22:50:25","modified_gmt":"2022-05-12T02:50:25","slug":"fernando-gamarra-tiempo-de-servicios-oficiales-en-el-magisterio-y-la-compensacion-por-tiempo-de-servicio","status":"publish","type":"post","link":"https:\/\/webdelmaestrocmf.com\/portal\/fernando-gamarra-tiempo-de-servicios-oficiales-en-el-magisterio-y-la-compensacion-por-tiempo-de-servicio\/","title":{"rendered":"[Fernando Gamarra] Tiempo de servicios oficiales en el magisterio y la compensaci\u00f3n por tiempo de servicio"},"content":{"rendered":"<h5 style=\"text-align: justify;\">La primera aut\u00f3grafa del Proyecto\u00a0 de Ley que revaloriza la carrera docente, modificando los art\u00edculos 53 y 63 de la ley 29944, Ley de Reforma Magisterial, sobre la compensaci\u00f3n por tiempo de servicios, indicaba lo siguiente: \u201c<em>El profesor recibe una compensaci\u00f3n por tiempo de servicios, a raz\u00f3n del cien por ciento (100%) de su Remuneraci\u00f3n \u00cdntegra Mensual (RIM) por a\u00f1o o fracci\u00f3n de los meses de <strong><u>SERVICIOS OFICIALES<\/u><\/strong> laborados de manera efectiva, <strong><u>desde su nombramiento<\/u> hasta la fecha de su retiro en la Carrera P\u00fablica Magisterial<\/strong><\/em>\u201d. Aqu\u00ed claramente est\u00e1 se\u00f1alando que el tiempo de servicios oficiales es desde el nombramiento.<\/h5>\n<p><!--more--><\/p>\n<p style=\"text-align: justify;\">Como ya todos sabemos esta aut\u00f3grafa fue observada por el Ejecutivo con oficio N\u00ba 045-2022-PR, de fecha 25 de febrero, dirigido a la presidenta del Congreso de la Rep\u00fablica conforme al siguiente texto: \u201c<em>El profesor recibe una compensaci\u00f3n por tiempo de servicios (CTS), la que se otorga al momento de su cese, a raz\u00f3n del cien por ciento (100%) de su Remuneraci\u00f3n \u00cdntegra Mensual (RIM) por a\u00f1o o fracci\u00f3n mayor a seis (6) meses de <strong><u>SERVICIOS OFICIALES<\/u><\/strong>\u201d<\/em>. En la observaci\u00f3n le quitaron la frase: \u201c<em>desde su nombramiento hasta la fecha de su retiro en la Carrera P\u00fablica Magisterial<\/em>\u201d<em>.<\/em> El Congreso de la Rep\u00fablica se allan\u00f3 a esta observaci\u00f3n hecha por el Ejecutivo y, tal como manda la Constituci\u00f3n, el lunes 11 de abril de 2022 la presidenta del Congreso Promulga la ley y ordena que se publique y cumpla, tal como est\u00e1 estipulado en la misma ley. Esta se public\u00f3 el mi\u00e9rcoles 13 de abril con el n\u00famero 31451, Ley que revaloriza la carrera docente, modificando los art\u00edculos 53 y 63 de la ley 29944, Ley de Reforma Magisterial, sobre la compensaci\u00f3n por tiempo de servicios, haci\u00e9ndose efectiva desde el jueves 14.<\/p>\n<p><img loading=\"lazy\" decoding=\"async\" class=\"size-full wp-image-76633 aligncenter\" src=\"https:\/\/webdelmaestrocmf.com\/portal\/wp-content\/uploads\/2022\/04\/1aa.jpg\" alt=\"\" width=\"600\" height=\"549\" srcset=\"https:\/\/webdelmaestrocmf.com\/portal\/wp-content\/uploads\/2022\/04\/1aa.jpg 600w, https:\/\/webdelmaestrocmf.com\/portal\/wp-content\/uploads\/2022\/04\/1aa-300x275.jpg 300w, https:\/\/webdelmaestrocmf.com\/portal\/wp-content\/uploads\/2022\/04\/1aa-110x101.jpg 110w, https:\/\/webdelmaestrocmf.com\/portal\/wp-content\/uploads\/2022\/04\/1aa-200x183.jpg 200w, https:\/\/webdelmaestrocmf.com\/portal\/wp-content\/uploads\/2022\/04\/1aa-380x348.jpg 380w, https:\/\/webdelmaestrocmf.com\/portal\/wp-content\/uploads\/2022\/04\/1aa-255x233.jpg 255w, https:\/\/webdelmaestrocmf.com\/portal\/wp-content\/uploads\/2022\/04\/1aa-550x503.jpg 550w\" sizes=\"auto, (max-width: 600px) 100vw, 600px\" \/><\/p>\n<p style=\"text-align: justify;\">Por otro lado, la Ley de Reforma Magisterial en su art\u00edculo 17 se\u00f1ala claramente que el ingreso a la Carrera P\u00fablica Magisterial es por concurso p\u00fablico y se formaliza mediante resoluci\u00f3n de nombramiento en la primera escala magisterial; este proceso es para garantizar el nombramiento en la primera escala de la carrera p\u00fablica magisterial de profesores calificados.<\/p>\n<p style=\"text-align: justify;\">Es necesario tener presente que la R.VM. 092-2020-MINEDU (07\u00b704\u00b72020) que aprueba las disposiciones que regulan los procedimientos t\u00e9cnicos del escalaf\u00f3n en las DRE y UGEL, en el 7\u00ba punto del numeral 4.1 indica que el \u201c<strong><em>TIEMPO DE <u>SERVICIO OFICIAL<\/u><\/em><\/strong><em> es el r\u00e9cord laboral del servidor, <strong><u>desde su nombramiento hasta su cese<\/u><\/strong>, de manera efectiva y\/o interrumpida (\u2026)<\/em>\u201d. Igualmente establece que el \u201c<strong><em>TIEMPO DE SERVICIO <u>COMO CONTRATADO<\/u><\/em><\/strong><em> es el periodo laborado en el servicio cuya <strong><u>naturaleza es temporal<\/u><\/strong>, solo dentro de un a\u00f1o presupuestal, (\u2026)<\/em>\u201d.<\/p>\n<p style=\"text-align: justify;\">De lo expuesto se deduce que la Compensaci\u00f3n por Tiempo de Servicios (CTS) que recibe el profesor, si bien es cierto que es 100% de su Remuneraci\u00f3n \u00cdntegra Mensual (RIM) por cada a\u00f1o o fracci\u00f3n mayor a seis meses, este se paga solo desde su nombramiento hasta la fecha de su retiro en la Carrera P\u00fablica Magisterial (TIEMPO DE SERVICIO OFICIAL seg\u00fan la R.VM. N\u00ba 092-2020-MINEDU), NO SE TOMA EN CUENTA EL TIEMPO DE SERVICIO COMO CONTRATADO.<\/p>\n<p style=\"text-align: justify;\">En una ficha de informe escalafonario, podemos apreciar que existe el TOTAL DE TIEMPO DE SERVICIOS OFICIALES:\u00a0 que incluye el tiempo oficial en la carrera (que es desde el nombramiento) y se le descuenta el tiempo de licencia sin goce de haber y de sanciones; y tambi\u00e9n existe EL TIEMPO DE SERVICIO ACUMULADO: que incluye la acumulaci\u00f3n de Formaci\u00f3n Profesional y la acumulaci\u00f3n de los tiempos de contrato, en otras entidades y como interino.<\/p>\n<p style=\"text-align: justify;\">El profesor puede tener pocos o muchos a\u00f1os como contratado, pero estos no se toman en cuenta para calcular la Compensaci\u00f3n por Tiempo\u00a0 de Servicios (CTS), para ello la ley recientemente aprobada <strong><u>debi\u00f3 decir<\/u><\/strong>: \u201c<em>El profesor recibe una compensaci\u00f3n por tiempo de servicios (CTS), la que se otorga al momento de su cese, a raz\u00f3n del cien por ciento (100%) de su Remuneraci\u00f3n \u00cdntegra Mensual (RIM) por a\u00f1o o fracci\u00f3n mayor a seis (6) meses de <strong><u>SERVICIOS OFICIALES Y COMO CONTRATADO<\/u><\/strong><\/em>\u201d, esto se\u00a0 podr\u00eda lograr con una modificatoria de la ley 31451 recientemente aprobada.<\/p>\n<p style=\"text-align: justify;\">Este es un an\u00e1lisis y\/o comentario, salvo mejor opini\u00f3n y aporte.<\/p>\n<p style=\"text-align: justify;\"><strong>NOTA DE REDACCI\u00d3N:<\/strong> La Web del Maestro CMF publica los textos originales de su autor, no necesariamente coincide con lo expuesto en el tema, no se hace responsable de las opiniones expresadas, y no promociona ning\u00fan producto, servicio, marca o empresa. Sugerimos a nuestros lectores conocer la identidad de la fuente o de su autor o autores, para tener mayores elementos de juicio y la pertinencia a su realidad educativa.<\/p>\n<table class=\" alignleft\" border=\"0\" width=\"100%\" cellspacing=\"10\" cellpadding=\"10\">\n<tbody>\n<tr>\n<td style=\"text-align: center;\" width=\"30%\"><strong><img loading=\"lazy\" decoding=\"async\" class=\"size-full wp-image-60586 aligncenter\" src=\"https:\/\/webdelmaestrocmf.com\/portal\/wp-content\/uploads\/2021\/03\/1-copia-27.jpg\" alt=\"\" width=\"200\" height=\"200\" srcset=\"https:\/\/webdelmaestrocmf.com\/portal\/wp-content\/uploads\/2021\/03\/1-copia-27.jpg 200w, https:\/\/webdelmaestrocmf.com\/portal\/wp-content\/uploads\/2021\/03\/1-copia-27-150x150.jpg 150w, https:\/\/webdelmaestrocmf.com\/portal\/wp-content\/uploads\/2021\/03\/1-copia-27-80x80.jpg 80w, https:\/\/webdelmaestrocmf.com\/portal\/wp-content\/uploads\/2021\/03\/1-copia-27-110x110.jpg 110w, https:\/\/webdelmaestrocmf.com\/portal\/wp-content\/uploads\/2021\/03\/1-copia-27-160x160.jpg 160w\" sizes=\"auto, (max-width: 200px) 100vw, 200px\" \/><br \/>\nAutor: <\/strong>Fernando Gamarra Morales Tacna, Per\u00fa.<br \/>\nEx Secretario General del SUTEP Tacna.<br \/>\nProfesor de Matem\u00e1tica y F\u00edsica de la I.E. Guillermo Auza Arce.<strong><br \/>\nEmial:<\/strong>\u00a0<a href=\"mailto:fer_gamarra@hotmail.com\">fer_gamarra@hotmail.com<\/a><strong><br \/>\n<\/strong><\/p>\n<div>\n<div class=\"_1t_p clearfix\">\n<div class=\"_41ud\">\n<div class=\"clearfix _o46 _3erg _29_7 _8lma direction_ltr text_align_ltr\">\n<div id=\"js_39\" class=\"_3058 _ui9 _hh7 _6ybn _s1- _52mr _3oh-\" data-tooltip-content=\"domingo 16:17\" data-hover=\"tooltip\" data-tooltip-position=\"left\">\n<div class=\"_aok\" tabindex=\"0\"><span class=\"_3oh- _58nk\"><strong>Celular:<\/strong> 51952290888<\/span><\/div>\n<\/div>\n<\/div>\n<\/div>\n<\/div>\n<\/div>\n<\/td>\n<\/tr>\n<\/tbody>\n<\/table>\n<p style=\"text-align: left;\">.<\/p>\n\t\t<div class=\"pk-inline-posts\">\n\t\t\t\n\t\t\t<div class=\"pk-inline-posts-container pk-inline-posts-template-list\"\n\t\t\t\tdata-columns=\"1\">\n\t\t\t\t\t\t<article id=\"post-84497\" class=\"post-84497 post type-post status-publish format-standard has-post-thumbnail category-z-colaborador-fernando-gamarra category-colaborador tag-area tag-descanso tag-fernando-gamarra tag-gestion tag-pedagogica tag-profesores tag-vacacional cs-entry cs-video-wrap\">\n\t\t\t<div class=\"pk-post-outer\">\n\n\t\t\t\t\t\t\t\t<div class=\"pk-post-inner\">\n\t\t\t\t\t<div class=\"entry-thumbnail\">\n\t\t\t\t\t\t<div class=\"pk-overlay pk-overlay-ratio pk-ratio-landscape\">\n\t\t\t\t\t\t\t<div class=\"pk-overlay-background\">\n\t\t\t\t\t\t\t\t<a href=\"https:\/\/webdelmaestrocmf.com\/portal\/fernando-gamarra-descanso-vacacional-2023-de-los-profesores-del-area-de-gestion-pedagogica-peru\/\" class=\"pk-overlay-link\">\n\t\t\t\t\t\t\t\t\t<img loading=\"lazy\" decoding=\"async\" width=\"300\" height=\"225\" src=\"https:\/\/webdelmaestrocmf.com\/portal\/wp-content\/uploads\/2023\/02\/1abc-5-300x225.jpg\" class=\"attachment-pk-thumbnail size-pk-thumbnail wp-post-image\" alt=\"\" srcset=\"https:\/\/webdelmaestrocmf.com\/portal\/wp-content\/uploads\/2023\/02\/1abc-5-300x225.jpg 300w, https:\/\/webdelmaestrocmf.com\/portal\/wp-content\/uploads\/2023\/02\/1abc-5-200x150.jpg 200w, https:\/\/webdelmaestrocmf.com\/portal\/wp-content\/uploads\/2023\/02\/1abc-5-260x195.jpg 260w\" sizes=\"auto, (max-width: 300px) 100vw, 300px\" \/>\t\t\t\t\t\t\t\t<\/a>\n\t\t\t\t\t\t\t<\/div>\n\t\t\t\t\t\t<\/div>\n\t\t\t\t\t<\/div>\n\t\t\t\t<\/div>\n\t\t\t\t\n\t\t\t\t<div class=\"pk-post-inner\">\n\t\t\t\t\t<header>\n\t\t\t\t\t\t<h3 class=\"pk-title\"><a href=\"https:\/\/webdelmaestrocmf.com\/portal\/fernando-gamarra-descanso-vacacional-2023-de-los-profesores-del-area-de-gestion-pedagogica-peru\/\" rel=\"bookmark\">[Fernando Gamarra] Descanso vacacional 2023 de los profesores del \u00e1rea de gesti\u00f3n pedag\u00f3gica (Per\u00fa)<\/a><\/h3>\t\t\t\t\t<\/header><!-- .entry-header -->\n\t\t\t\t<\/div><!-- .post-inner -->\n\n\t\t\t<\/div><!-- .post-outer -->\n\t\t<\/article>\n\t\t\t\t<\/div>\n\t\t<\/div>\n\t\t\n","protected":false},"excerpt":{"rendered":"La primera aut\u00f3grafa del Proyecto\u00a0 de Ley que revaloriza la carrera docente, modificando los art\u00edculos 53 y 63&hellip;","protected":false},"author":1,"featured_media":76634,"comment_status":"open","ping_status":"closed","sticky":false,"template":"","format":"standard","meta":{"csco_display_header_overlay":false,"csco_singular_sidebar":"default","csco_page_header_type":"default","csco_page_load_nextpost":"default","csco_post_video_location":[],"csco_post_video_location_hash":"","csco_post_video_url":"","csco_post_video_bg_start_time":0,"csco_post_video_bg_end_time":0,"csco_post_video_bg_volume":false,"_jetpack_memberships_contains_paid_content":false,"footnotes":""},"categories":[1965,1790],"tags":[1966,153,14773,14772,2950],"class_list":{"0":"post-76631","1":"post","2":"type-post","3":"status-publish","4":"format-standard","5":"has-post-thumbnail","7":"category-z-colaborador-fernando-gamarra","8":"category-colaborador","9":"tag-fernando-gamarra","10":"tag-magisterio","11":"tag-oficiales","12":"tag-servicios","13":"tag-tiempo","14":"cs-entry","15":"cs-video-wrap"},"yoast_head":"<!-- This site is optimized with the Yoast SEO plugin v27.5 - https:\/\/yoast.com\/product\/yoast-seo-wordpress\/ -->\n<title>[Fernando Gamarra] Tiempo de servicios oficiales en el magisterio y la compensaci\u00f3n por tiempo de servicio - 2026<\/title>\n<meta name=\"description\" content=\"La primera aut\u00f3grafa del Proyecto\u00a0 de Ley que revaloriza la carrera docente, modificando los art\u00edculos 53 y 63 de la...\" \/>\n<meta name=\"robots\" content=\"index, follow, max-snippet:-1, max-image-preview:large, max-video-preview:-1\" \/>\n<link rel=\"canonical\" href=\"https:\/\/webdelmaestrocmf.com\/portal\/fernando-gamarra-tiempo-de-servicios-oficiales-en-el-magisterio-y-la-compensacion-por-tiempo-de-servicio\/\" \/>\n<meta property=\"og:locale\" content=\"es_ES\" \/>\n<meta property=\"og:type\" content=\"article\" \/>\n<meta property=\"og:title\" content=\"[Fernando Gamarra] Tiempo de servicios oficiales en el magisterio y la compensaci\u00f3n por tiempo de servicio - 2026\" \/>\n<meta property=\"og:description\" content=\"La primera aut\u00f3grafa del Proyecto\u00a0 de Ley que revaloriza la carrera docente, modificando los art\u00edculos 53 y 63 de la...\" \/>\n<meta property=\"og:url\" content=\"https:\/\/webdelmaestrocmf.com\/portal\/fernando-gamarra-tiempo-de-servicios-oficiales-en-el-magisterio-y-la-compensacion-por-tiempo-de-servicio\/\" \/>\n<meta property=\"og:site_name\" content=\"Web del Maestro CMF\" \/>\n<meta property=\"article:publisher\" content=\"https:\/\/www.facebook.com\/WebdelMaestroCMF\/\" \/>\n<meta property=\"article:author\" content=\"https:\/\/www.facebook.com\/WebdelMaestroCMF\/\" \/>\n<meta property=\"article:published_time\" content=\"2022-04-25T19:19:45+00:00\" \/>\n<meta property=\"article:modified_time\" content=\"2022-05-12T02:50:25+00:00\" \/>\n<meta property=\"og:image\" content=\"https:\/\/i0.wp.com\/webdelmaestrocmf.com\/portal\/wp-content\/uploads\/2022\/04\/13-1.jpg?fit=1100%2C680&ssl=1\" \/>\n\t<meta property=\"og:image:width\" content=\"1100\" \/>\n\t<meta property=\"og:image:height\" content=\"680\" \/>\n\t<meta property=\"og:image:type\" content=\"image\/jpeg\" \/>\n<meta name=\"author\" content=\"Web del Maestro CMF\" \/>\n<meta name=\"twitter:card\" content=\"summary_large_image\" \/>\n<meta name=\"twitter:creator\" content=\"@cmf_w\" \/>\n<meta name=\"twitter:site\" content=\"@cmf_w\" \/>\n<script type=\"application\/ld+json\" class=\"yoast-schema-graph\">{\"@context\":\"https:\\\/\\\/schema.org\",\"@graph\":[{\"@type\":\"ScholarlyArticle\",\"@id\":\"https:\\\/\\\/webdelmaestrocmf.com\\\/portal\\\/fernando-gamarra-tiempo-de-servicios-oficiales-en-el-magisterio-y-la-compensacion-por-tiempo-de-servicio\\\/#article\",\"isPartOf\":{\"@id\":\"https:\\\/\\\/webdelmaestrocmf.com\\\/portal\\\/fernando-gamarra-tiempo-de-servicios-oficiales-en-el-magisterio-y-la-compensacion-por-tiempo-de-servicio\\\/\"},\"author\":{\"name\":\"Web del Maestro CMF\",\"@id\":\"https:\\\/\\\/webdelmaestrocmf.com\\\/portal\\\/#\\\/schema\\\/person\\\/1072a2ed7bd960df8ef99a551fa35dc5\"},\"headline\":\"[Fernando Gamarra] Tiempo de servicios oficiales en el magisterio y la compensaci\u00f3n por tiempo de servicio\",\"datePublished\":\"2022-04-25T19:19:45+00:00\",\"dateModified\":\"2022-05-12T02:50:25+00:00\",\"mainEntityOfPage\":{\"@id\":\"https:\\\/\\\/webdelmaestrocmf.com\\\/portal\\\/fernando-gamarra-tiempo-de-servicios-oficiales-en-el-magisterio-y-la-compensacion-por-tiempo-de-servicio\\\/\"},\"wordCount\":851,\"commentCount\":0,\"publisher\":{\"@id\":\"https:\\\/\\\/webdelmaestrocmf.com\\\/portal\\\/#organization\"},\"image\":{\"@id\":\"https:\\\/\\\/webdelmaestrocmf.com\\\/portal\\\/fernando-gamarra-tiempo-de-servicios-oficiales-en-el-magisterio-y-la-compensacion-por-tiempo-de-servicio\\\/#primaryimage\"},\"thumbnailUrl\":\"https:\\\/\\\/webdelmaestrocmf.com\\\/portal\\\/wp-content\\\/uploads\\\/2022\\\/04\\\/13-1.jpg\",\"keywords\":[\"FERNANDO GAMARRA\",\"MAGISTERIO\",\"oficiales\",\"servicios\",\"TIEMPO\"],\"articleSection\":[\"Z-Colaborador-Fernando-Gamarra\",\"Z-Colaboradores\"],\"inLanguage\":\"es\",\"potentialAction\":[{\"@type\":\"CommentAction\",\"name\":\"Comment\",\"target\":[\"https:\\\/\\\/webdelmaestrocmf.com\\\/portal\\\/fernando-gamarra-tiempo-de-servicios-oficiales-en-el-magisterio-y-la-compensacion-por-tiempo-de-servicio\\\/#respond\"]}]},{\"@type\":\"WebPage\",\"@id\":\"https:\\\/\\\/webdelmaestrocmf.com\\\/portal\\\/fernando-gamarra-tiempo-de-servicios-oficiales-en-el-magisterio-y-la-compensacion-por-tiempo-de-servicio\\\/\",\"url\":\"https:\\\/\\\/webdelmaestrocmf.com\\\/portal\\\/fernando-gamarra-tiempo-de-servicios-oficiales-en-el-magisterio-y-la-compensacion-por-tiempo-de-servicio\\\/\",\"name\":\"[Fernando Gamarra] Tiempo de servicios oficiales en el magisterio y la compensaci\u00f3n por tiempo de servicio - 2026\",\"isPartOf\":{\"@id\":\"https:\\\/\\\/webdelmaestrocmf.com\\\/portal\\\/#website\"},\"primaryImageOfPage\":{\"@id\":\"https:\\\/\\\/webdelmaestrocmf.com\\\/portal\\\/fernando-gamarra-tiempo-de-servicios-oficiales-en-el-magisterio-y-la-compensacion-por-tiempo-de-servicio\\\/#primaryimage\"},\"image\":{\"@id\":\"https:\\\/\\\/webdelmaestrocmf.com\\\/portal\\\/fernando-gamarra-tiempo-de-servicios-oficiales-en-el-magisterio-y-la-compensacion-por-tiempo-de-servicio\\\/#primaryimage\"},\"thumbnailUrl\":\"https:\\\/\\\/webdelmaestrocmf.com\\\/portal\\\/wp-content\\\/uploads\\\/2022\\\/04\\\/13-1.jpg\",\"datePublished\":\"2022-04-25T19:19:45+00:00\",\"dateModified\":\"2022-05-12T02:50:25+00:00\",\"description\":\"La primera aut\u00f3grafa del Proyecto\u00a0 de Ley que revaloriza la carrera docente, modificando los art\u00edculos 53 y 63 de la...\",\"breadcrumb\":{\"@id\":\"https:\\\/\\\/webdelmaestrocmf.com\\\/portal\\\/fernando-gamarra-tiempo-de-servicios-oficiales-en-el-magisterio-y-la-compensacion-por-tiempo-de-servicio\\\/#breadcrumb\"},\"inLanguage\":\"es\",\"potentialAction\":[{\"@type\":\"ReadAction\",\"target\":[\"https:\\\/\\\/webdelmaestrocmf.com\\\/portal\\\/fernando-gamarra-tiempo-de-servicios-oficiales-en-el-magisterio-y-la-compensacion-por-tiempo-de-servicio\\\/\"]}]},{\"@type\":\"ImageObject\",\"inLanguage\":\"es\",\"@id\":\"https:\\\/\\\/webdelmaestrocmf.com\\\/portal\\\/fernando-gamarra-tiempo-de-servicios-oficiales-en-el-magisterio-y-la-compensacion-por-tiempo-de-servicio\\\/#primaryimage\",\"url\":\"https:\\\/\\\/webdelmaestrocmf.com\\\/portal\\\/wp-content\\\/uploads\\\/2022\\\/04\\\/13-1.jpg\",\"contentUrl\":\"https:\\\/\\\/webdelmaestrocmf.com\\\/portal\\\/wp-content\\\/uploads\\\/2022\\\/04\\\/13-1.jpg\",\"width\":1100,\"height\":680},{\"@type\":\"BreadcrumbList\",\"@id\":\"https:\\\/\\\/webdelmaestrocmf.com\\\/portal\\\/fernando-gamarra-tiempo-de-servicios-oficiales-en-el-magisterio-y-la-compensacion-por-tiempo-de-servicio\\\/#breadcrumb\",\"itemListElement\":[{\"@type\":\"ListItem\",\"position\":1,\"name\":\"Portada\",\"item\":\"https:\\\/\\\/webdelmaestrocmf.com\\\/portal\\\/\"},{\"@type\":\"ListItem\",\"position\":2,\"name\":\"Z-Colaboradores\",\"item\":\"https:\\\/\\\/webdelmaestrocmf.com\\\/portal\\\/category\\\/colaborador\\\/\"},{\"@type\":\"ListItem\",\"position\":3,\"name\":\"[Fernando Gamarra] Tiempo de servicios oficiales en el magisterio y la compensaci\u00f3n por tiempo de servicio\"}]},{\"@type\":\"WebSite\",\"@id\":\"https:\\\/\\\/webdelmaestrocmf.com\\\/portal\\\/#website\",\"url\":\"https:\\\/\\\/webdelmaestrocmf.com\\\/portal\\\/\",\"name\":\"Web del Maestro CMF\",\"description\":\"Maestros al servicio de la educaci\u00f3n\",\"publisher\":{\"@id\":\"https:\\\/\\\/webdelmaestrocmf.com\\\/portal\\\/#organization\"},\"alternateName\":\"WMCMF\",\"potentialAction\":[{\"@type\":\"SearchAction\",\"target\":{\"@type\":\"EntryPoint\",\"urlTemplate\":\"https:\\\/\\\/webdelmaestrocmf.com\\\/portal\\\/?s={search_term_string}\"},\"query-input\":{\"@type\":\"PropertyValueSpecification\",\"valueRequired\":true,\"valueName\":\"search_term_string\"}}],\"inLanguage\":\"es\"},{\"@type\":\"Organization\",\"@id\":\"https:\\\/\\\/webdelmaestrocmf.com\\\/portal\\\/#organization\",\"name\":\"Web del Maestro CMF\",\"alternateName\":\"WMCMF\",\"url\":\"https:\\\/\\\/webdelmaestrocmf.com\\\/portal\\\/\",\"logo\":{\"@type\":\"ImageObject\",\"inLanguage\":\"es\",\"@id\":\"https:\\\/\\\/webdelmaestrocmf.com\\\/portal\\\/#\\\/schema\\\/logo\\\/image\\\/\",\"url\":\"https:\\\/\\\/webdelmaestrocmf.com\\\/portal\\\/wp-content\\\/uploads\\\/2023\\\/01\\\/logo-wmcmf-2.png\",\"contentUrl\":\"https:\\\/\\\/webdelmaestrocmf.com\\\/portal\\\/wp-content\\\/uploads\\\/2023\\\/01\\\/logo-wmcmf-2.png\",\"width\":200,\"height\":60,\"caption\":\"Web del Maestro CMF\"},\"image\":{\"@id\":\"https:\\\/\\\/webdelmaestrocmf.com\\\/portal\\\/#\\\/schema\\\/logo\\\/image\\\/\"},\"sameAs\":[\"https:\\\/\\\/www.facebook.com\\\/WebdelMaestroCMF\\\/\",\"https:\\\/\\\/x.com\\\/cmf_w\",\"https:\\\/\\\/www.pinterest.com\\\/WMCMF\\\/\",\"https:\\\/\\\/www.linkedin.com\\\/company\\\/web-del-maestro-cmf\\\/\",\"https:\\\/\\\/www.instagram.com\\\/wmcmf\\\/\",\"https:\\\/\\\/www.youtube.com\\\/channel\\\/UCDPSvjbdodE5sHnC3OxutHw\",\"https:\\\/\\\/mastodon.social\\\/@wmcmf\",\"https:\\\/\\\/www.tiktok.com\\\/@webdelmaestrocmf\"]},{\"@type\":\"Person\",\"@id\":\"https:\\\/\\\/webdelmaestrocmf.com\\\/portal\\\/#\\\/schema\\\/person\\\/1072a2ed7bd960df8ef99a551fa35dc5\",\"name\":\"Web del Maestro CMF\",\"image\":{\"@type\":\"ImageObject\",\"inLanguage\":\"es\",\"@id\":\"https:\\\/\\\/secure.gravatar.com\\\/avatar\\\/23291dd5b5ae1077dcff3dbb04c3e02bd28403fa75af6d8787d5e97c5bbbe30b?s=96&d=mm&r=g\",\"url\":\"https:\\\/\\\/secure.gravatar.com\\\/avatar\\\/23291dd5b5ae1077dcff3dbb04c3e02bd28403fa75af6d8787d5e97c5bbbe30b?s=96&d=mm&r=g\",\"contentUrl\":\"https:\\\/\\\/secure.gravatar.com\\\/avatar\\\/23291dd5b5ae1077dcff3dbb04c3e02bd28403fa75af6d8787d5e97c5bbbe30b?s=96&d=mm&r=g\",\"caption\":\"Web del Maestro CMF\"},\"description\":\"Esta Web se cre\u00f3 sin fines de lucro, con fines educativos, cient\u00edficos y acad\u00e9micos, para personas que tengan dificultades y\\\/o inconvenientes en visualizar el material original. El objetivo es entregar recursos, compartir experiencias y materiales que ayuden a los padres de familia, maestros y estudiantes en su actualizaci\u00f3n y formaci\u00f3n permanente, en bien de la Educaci\u00f3n.\",\"sameAs\":[\"http:\\\/\\\/webdelmaestrocmf.com\\\/portal\",\"https:\\\/\\\/www.facebook.com\\\/WebdelMaestroCMF\\\/\",\"https:\\\/\\\/www.instagram.com\\\/wmcmf\\\/\",\"https:\\\/\\\/cl.linkedin.com\\\/company\\\/web-del-maestro-cmf\",\"https:\\\/\\\/www.pinterest.com\\\/WMCMF\\\/publicaciones\\\/\",\"https:\\\/\\\/x.com\\\/cmf_w\",\"https:\\\/\\\/www.youtube.com\\\/@WMCMF\"]}]}<\/script>\n<!-- \/ Yoast SEO plugin. -->","yoast_head_json":{"title":"[Fernando Gamarra] Tiempo de servicios oficiales en el magisterio y la compensaci\u00f3n por tiempo de servicio - 2026","description":"La primera aut\u00f3grafa del Proyecto\u00a0 de Ley que revaloriza la carrera docente, modificando los art\u00edculos 53 y 63 de la...","robots":{"index":"index","follow":"follow","max-snippet":"max-snippet:-1","max-image-preview":"max-image-preview:large","max-video-preview":"max-video-preview:-1"},"canonical":"https:\/\/webdelmaestrocmf.com\/portal\/fernando-gamarra-tiempo-de-servicios-oficiales-en-el-magisterio-y-la-compensacion-por-tiempo-de-servicio\/","og_locale":"es_ES","og_type":"article","og_title":"[Fernando Gamarra] Tiempo de servicios oficiales en el magisterio y la compensaci\u00f3n por tiempo de servicio - 2026","og_description":"La primera aut\u00f3grafa del Proyecto\u00a0 de Ley que revaloriza la carrera docente, modificando los art\u00edculos 53 y 63 de la...","og_url":"https:\/\/webdelmaestrocmf.com\/portal\/fernando-gamarra-tiempo-de-servicios-oficiales-en-el-magisterio-y-la-compensacion-por-tiempo-de-servicio\/","og_site_name":"Web del Maestro CMF","article_publisher":"https:\/\/www.facebook.com\/WebdelMaestroCMF\/","article_author":"https:\/\/www.facebook.com\/WebdelMaestroCMF\/","article_published_time":"2022-04-25T19:19:45+00:00","article_modified_time":"2022-05-12T02:50:25+00:00","og_image":[{"width":1100,"height":680,"url":"https:\/\/i0.wp.com\/webdelmaestrocmf.com\/portal\/wp-content\/uploads\/2022\/04\/13-1.jpg?fit=1100%2C680&ssl=1","type":"image\/jpeg"}],"author":"Web del Maestro CMF","twitter_card":"summary_large_image","twitter_creator":"@cmf_w","twitter_site":"@cmf_w","schema":{"@context":"https:\/\/schema.org","@graph":[{"@type":"ScholarlyArticle","@id":"https:\/\/webdelmaestrocmf.com\/portal\/fernando-gamarra-tiempo-de-servicios-oficiales-en-el-magisterio-y-la-compensacion-por-tiempo-de-servicio\/#article","isPartOf":{"@id":"https:\/\/webdelmaestrocmf.com\/portal\/fernando-gamarra-tiempo-de-servicios-oficiales-en-el-magisterio-y-la-compensacion-por-tiempo-de-servicio\/"},"author":{"name":"Web del Maestro CMF","@id":"https:\/\/webdelmaestrocmf.com\/portal\/#\/schema\/person\/1072a2ed7bd960df8ef99a551fa35dc5"},"headline":"[Fernando Gamarra] Tiempo de servicios oficiales en el magisterio y la compensaci\u00f3n por tiempo de servicio","datePublished":"2022-04-25T19:19:45+00:00","dateModified":"2022-05-12T02:50:25+00:00","mainEntityOfPage":{"@id":"https:\/\/webdelmaestrocmf.com\/portal\/fernando-gamarra-tiempo-de-servicios-oficiales-en-el-magisterio-y-la-compensacion-por-tiempo-de-servicio\/"},"wordCount":851,"commentCount":0,"publisher":{"@id":"https:\/\/webdelmaestrocmf.com\/portal\/#organization"},"image":{"@id":"https:\/\/webdelmaestrocmf.com\/portal\/fernando-gamarra-tiempo-de-servicios-oficiales-en-el-magisterio-y-la-compensacion-por-tiempo-de-servicio\/#primaryimage"},"thumbnailUrl":"https:\/\/webdelmaestrocmf.com\/portal\/wp-content\/uploads\/2022\/04\/13-1.jpg","keywords":["FERNANDO GAMARRA","MAGISTERIO","oficiales","servicios","TIEMPO"],"articleSection":["Z-Colaborador-Fernando-Gamarra","Z-Colaboradores"],"inLanguage":"es","potentialAction":[{"@type":"CommentAction","name":"Comment","target":["https:\/\/webdelmaestrocmf.com\/portal\/fernando-gamarra-tiempo-de-servicios-oficiales-en-el-magisterio-y-la-compensacion-por-tiempo-de-servicio\/#respond"]}]},{"@type":"WebPage","@id":"https:\/\/webdelmaestrocmf.com\/portal\/fernando-gamarra-tiempo-de-servicios-oficiales-en-el-magisterio-y-la-compensacion-por-tiempo-de-servicio\/","url":"https:\/\/webdelmaestrocmf.com\/portal\/fernando-gamarra-tiempo-de-servicios-oficiales-en-el-magisterio-y-la-compensacion-por-tiempo-de-servicio\/","name":"[Fernando Gamarra] Tiempo de servicios oficiales en el magisterio y la compensaci\u00f3n por tiempo de servicio - 2026","isPartOf":{"@id":"https:\/\/webdelmaestrocmf.com\/portal\/#website"},"primaryImageOfPage":{"@id":"https:\/\/webdelmaestrocmf.com\/portal\/fernando-gamarra-tiempo-de-servicios-oficiales-en-el-magisterio-y-la-compensacion-por-tiempo-de-servicio\/#primaryimage"},"image":{"@id":"https:\/\/webdelmaestrocmf.com\/portal\/fernando-gamarra-tiempo-de-servicios-oficiales-en-el-magisterio-y-la-compensacion-por-tiempo-de-servicio\/#primaryimage"},"thumbnailUrl":"https:\/\/webdelmaestrocmf.com\/portal\/wp-content\/uploads\/2022\/04\/13-1.jpg","datePublished":"2022-04-25T19:19:45+00:00","dateModified":"2022-05-12T02:50:25+00:00","description":"La primera aut\u00f3grafa del Proyecto\u00a0 de Ley que revaloriza la carrera docente, modificando los art\u00edculos 53 y 63 de la...","breadcrumb":{"@id":"https:\/\/webdelmaestrocmf.com\/portal\/fernando-gamarra-tiempo-de-servicios-oficiales-en-el-magisterio-y-la-compensacion-por-tiempo-de-servicio\/#breadcrumb"},"inLanguage":"es","potentialAction":[{"@type":"ReadAction","target":["https:\/\/webdelmaestrocmf.com\/portal\/fernando-gamarra-tiempo-de-servicios-oficiales-en-el-magisterio-y-la-compensacion-por-tiempo-de-servicio\/"]}]},{"@type":"ImageObject","inLanguage":"es","@id":"https:\/\/webdelmaestrocmf.com\/portal\/fernando-gamarra-tiempo-de-servicios-oficiales-en-el-magisterio-y-la-compensacion-por-tiempo-de-servicio\/#primaryimage","url":"https:\/\/webdelmaestrocmf.com\/portal\/wp-content\/uploads\/2022\/04\/13-1.jpg","contentUrl":"https:\/\/webdelmaestrocmf.com\/portal\/wp-content\/uploads\/2022\/04\/13-1.jpg","width":1100,"height":680},{"@type":"BreadcrumbList","@id":"https:\/\/webdelmaestrocmf.com\/portal\/fernando-gamarra-tiempo-de-servicios-oficiales-en-el-magisterio-y-la-compensacion-por-tiempo-de-servicio\/#breadcrumb","itemListElement":[{"@type":"ListItem","position":1,"name":"Portada","item":"https:\/\/webdelmaestrocmf.com\/portal\/"},{"@type":"ListItem","position":2,"name":"Z-Colaboradores","item":"https:\/\/webdelmaestrocmf.com\/portal\/category\/colaborador\/"},{"@type":"ListItem","position":3,"name":"[Fernando Gamarra] Tiempo de servicios oficiales en el magisterio y la compensaci\u00f3n por tiempo de servicio"}]},{"@type":"WebSite","@id":"https:\/\/webdelmaestrocmf.com\/portal\/#website","url":"https:\/\/webdelmaestrocmf.com\/portal\/","name":"Web del Maestro CMF","description":"Maestros al servicio de la educaci\u00f3n","publisher":{"@id":"https:\/\/webdelmaestrocmf.com\/portal\/#organization"},"alternateName":"WMCMF","potentialAction":[{"@type":"SearchAction","target":{"@type":"EntryPoint","urlTemplate":"https:\/\/webdelmaestrocmf.com\/portal\/?s={search_term_string}"},"query-input":{"@type":"PropertyValueSpecification","valueRequired":true,"valueName":"search_term_string"}}],"inLanguage":"es"},{"@type":"Organization","@id":"https:\/\/webdelmaestrocmf.com\/portal\/#organization","name":"Web del Maestro CMF","alternateName":"WMCMF","url":"https:\/\/webdelmaestrocmf.com\/portal\/","logo":{"@type":"ImageObject","inLanguage":"es","@id":"https:\/\/webdelmaestrocmf.com\/portal\/#\/schema\/logo\/image\/","url":"https:\/\/webdelmaestrocmf.com\/portal\/wp-content\/uploads\/2023\/01\/logo-wmcmf-2.png","contentUrl":"https:\/\/webdelmaestrocmf.com\/portal\/wp-content\/uploads\/2023\/01\/logo-wmcmf-2.png","width":200,"height":60,"caption":"Web del Maestro CMF"},"image":{"@id":"https:\/\/webdelmaestrocmf.com\/portal\/#\/schema\/logo\/image\/"},"sameAs":["https:\/\/www.facebook.com\/WebdelMaestroCMF\/","https:\/\/x.com\/cmf_w","https:\/\/www.pinterest.com\/WMCMF\/","https:\/\/www.linkedin.com\/company\/web-del-maestro-cmf\/","https:\/\/www.instagram.com\/wmcmf\/","https:\/\/www.youtube.com\/channel\/UCDPSvjbdodE5sHnC3OxutHw","https:\/\/mastodon.social\/@wmcmf","https:\/\/www.tiktok.com\/@webdelmaestrocmf"]},{"@type":"Person","@id":"https:\/\/webdelmaestrocmf.com\/portal\/#\/schema\/person\/1072a2ed7bd960df8ef99a551fa35dc5","name":"Web del Maestro CMF","image":{"@type":"ImageObject","inLanguage":"es","@id":"https:\/\/secure.gravatar.com\/avatar\/23291dd5b5ae1077dcff3dbb04c3e02bd28403fa75af6d8787d5e97c5bbbe30b?s=96&d=mm&r=g","url":"https:\/\/secure.gravatar.com\/avatar\/23291dd5b5ae1077dcff3dbb04c3e02bd28403fa75af6d8787d5e97c5bbbe30b?s=96&d=mm&r=g","contentUrl":"https:\/\/secure.gravatar.com\/avatar\/23291dd5b5ae1077dcff3dbb04c3e02bd28403fa75af6d8787d5e97c5bbbe30b?s=96&d=mm&r=g","caption":"Web del Maestro CMF"},"description":"Esta Web se cre\u00f3 sin fines de lucro, con fines educativos, cient\u00edficos y acad\u00e9micos, para personas que tengan dificultades y\/o inconvenientes en visualizar el material original. El objetivo es entregar recursos, compartir experiencias y materiales que ayuden a los padres de familia, maestros y estudiantes en su actualizaci\u00f3n y formaci\u00f3n permanente, en bien de la Educaci\u00f3n.","sameAs":["http:\/\/webdelmaestrocmf.com\/portal","https:\/\/www.facebook.com\/WebdelMaestroCMF\/","https:\/\/www.instagram.com\/wmcmf\/","https:\/\/cl.linkedin.com\/company\/web-del-maestro-cmf","https:\/\/www.pinterest.com\/WMCMF\/publicaciones\/","https:\/\/x.com\/cmf_w","https:\/\/www.youtube.com\/@WMCMF"]}]}},"jetpack_featured_media_url":"https:\/\/webdelmaestrocmf.com\/portal\/wp-content\/uploads\/2022\/04\/13-1.jpg","jetpack_sharing_enabled":true,"jetpack-related-posts":[{"id":74854,"url":"https:\/\/webdelmaestrocmf.com\/portal\/fernando-gamarra-devolucion-de-la-autografa-del-proyecto-de-ley-del-100-de-la-rim-para-el-pago-de-la-cts-de-los-profesores-de-la-ley-de-reforma-magisterial-en-el-peru\/","url_meta":{"origin":76631,"position":0},"title":"[Fernando Gamarra] Devoluci\u00f3n de la autografa del proyecto de ley del 100% de la RIM para el pago de la CTS de los profesores de la Ley de Reforma Magisterial en el Per\u00fa","author":"Web del Maestro CMF","date":"1 marzo, 2022","format":false,"excerpt":"Con oficio N\u00ba 045-2022-PR del 25 de febrero del 2022, a las 5:00 pm, el Ejecutivo observa y devuelve al Congreso de la Rep\u00fablica la aut\u00f3grafa del Proyecto de Ley aprobada por unanimidad sobre el 100% de la Remuneraci\u00f3n \u00cdntegra Mensual (RIM) por a\u00f1o efectivo de trabajo para el pago\u2026","rel":"","context":"En \u00abZ-Colaborador-Fernando-Gamarra\u00bb","block_context":{"text":"Z-Colaborador-Fernando-Gamarra","link":"https:\/\/webdelmaestrocmf.com\/portal\/category\/colaborador\/z-colaborador-fernando-gamarra\/"},"img":{"alt_text":"","src":"https:\/\/i0.wp.com\/webdelmaestrocmf.com\/portal\/wp-content\/uploads\/2022\/03\/1.jpg?resize=350%2C200&ssl=1","width":350,"height":200,"srcset":"https:\/\/i0.wp.com\/webdelmaestrocmf.com\/portal\/wp-content\/uploads\/2022\/03\/1.jpg?resize=350%2C200&ssl=1 1x, https:\/\/i0.wp.com\/webdelmaestrocmf.com\/portal\/wp-content\/uploads\/2022\/03\/1.jpg?resize=525%2C300&ssl=1 1.5x, https:\/\/i0.wp.com\/webdelmaestrocmf.com\/portal\/wp-content\/uploads\/2022\/03\/1.jpg?resize=700%2C400&ssl=1 2x, https:\/\/i0.wp.com\/webdelmaestrocmf.com\/portal\/wp-content\/uploads\/2022\/03\/1.jpg?resize=1050%2C600&ssl=1 3x"},"classes":[]},{"id":74401,"url":"https:\/\/webdelmaestrocmf.com\/portal\/fernando-gamarra-vacaciones-2022-de-los-profesores-del-area-de-gestion-pedagogica-del-peru\/","url_meta":{"origin":76631,"position":1},"title":"[Fernando Gamarra] Vacaciones 2022 de los profesores del \u00e1rea de Gesti\u00f3n Pedag\u00f3gica del Per\u00fa","author":"Web del Maestro CMF","date":"17 febrero, 2022","format":false,"excerpt":"El art\u00edculo 25\u00b0 de la\u00a0Constituci\u00f3n Pol\u00edtica del Per\u00fa\u00a0establece el derecho de los trabajadores a gozar de vacaciones anuales pagadas. El principio que rige el pago de la remuneraci\u00f3n vacacional es que el trabajador debe percibir como remuneraci\u00f3n vacacional la misma que hubiera percibido habitual y regularmente. En cuanto al descanso\u2026","rel":"","context":"En \u00abZ-Colaborador-Fernando-Gamarra\u00bb","block_context":{"text":"Z-Colaborador-Fernando-Gamarra","link":"https:\/\/webdelmaestrocmf.com\/portal\/category\/colaborador\/z-colaborador-fernando-gamarra\/"},"img":{"alt_text":"","src":"https:\/\/i0.wp.com\/webdelmaestrocmf.com\/portal\/wp-content\/uploads\/2022\/02\/1-86.jpg?resize=350%2C200&ssl=1","width":350,"height":200,"srcset":"https:\/\/i0.wp.com\/webdelmaestrocmf.com\/portal\/wp-content\/uploads\/2022\/02\/1-86.jpg?resize=350%2C200&ssl=1 1x, https:\/\/i0.wp.com\/webdelmaestrocmf.com\/portal\/wp-content\/uploads\/2022\/02\/1-86.jpg?resize=525%2C300&ssl=1 1.5x, https:\/\/i0.wp.com\/webdelmaestrocmf.com\/portal\/wp-content\/uploads\/2022\/02\/1-86.jpg?resize=700%2C400&ssl=1 2x, https:\/\/i0.wp.com\/webdelmaestrocmf.com\/portal\/wp-content\/uploads\/2022\/02\/1-86.jpg?resize=1050%2C600&ssl=1 3x"},"classes":[]},{"id":84497,"url":"https:\/\/webdelmaestrocmf.com\/portal\/fernando-gamarra-descanso-vacacional-2023-de-los-profesores-del-area-de-gestion-pedagogica-peru\/","url_meta":{"origin":76631,"position":2},"title":"[Fernando Gamarra] Descanso vacacional 2023 de los profesores del \u00e1rea de gesti\u00f3n pedag\u00f3gica (Per\u00fa)","author":"Web del Maestro CMF","date":"20 febrero, 2023","format":false,"excerpt":"En cuanto al descanso vacacional anual remunerado se trata de un derecho de reconocimiento internacional a nivel de la normativa sobre derechos humanos y, a nivel constitucional el art\u00edculo 25\u00b0 ha establecido que\u00a0\"(...) Los trabajadores tienen derecho a descanso semanal y anual remunerados. Su disfrute y compensaci\u00f3n se regulan por\u2026","rel":"","context":"En \u00abZ-Colaborador-Fernando-Gamarra\u00bb","block_context":{"text":"Z-Colaborador-Fernando-Gamarra","link":"https:\/\/webdelmaestrocmf.com\/portal\/category\/colaborador\/z-colaborador-fernando-gamarra\/"},"img":{"alt_text":"","src":"https:\/\/i0.wp.com\/webdelmaestrocmf.com\/portal\/wp-content\/uploads\/2023\/02\/1abc-5.jpg?resize=350%2C200&ssl=1","width":350,"height":200,"srcset":"https:\/\/i0.wp.com\/webdelmaestrocmf.com\/portal\/wp-content\/uploads\/2023\/02\/1abc-5.jpg?resize=350%2C200&ssl=1 1x, https:\/\/i0.wp.com\/webdelmaestrocmf.com\/portal\/wp-content\/uploads\/2023\/02\/1abc-5.jpg?resize=525%2C300&ssl=1 1.5x, https:\/\/i0.wp.com\/webdelmaestrocmf.com\/portal\/wp-content\/uploads\/2023\/02\/1abc-5.jpg?resize=700%2C400&ssl=1 2x"},"classes":[]},{"id":73193,"url":"https:\/\/webdelmaestrocmf.com\/portal\/fernando-gamarra-bonificacion-por-escolaridad-para-profesores-y-auxiliares-de-educacion-contratados-en-el-peru\/","url_meta":{"origin":76631,"position":3},"title":"[Fernando Gamarra] Bonificaci\u00f3n por escolaridad para profesores y auxiliares de educaci\u00f3n contratados en el Per\u00fa","author":"Web del Maestro CMF","date":"17 enero, 2022","format":false,"excerpt":"El 14 de enero de 2022, en edici\u00f3n extraordinaria se public\u00f3 el D.S. N\u00ba 001-2022-EF que establece disposiciones reglamentarias para el otorgamiento de la Bonificaci\u00f3n por Escolaridad cuyo monto es fijado por la Ley N\u00ba 31365, Ley de Presupuesto del Sector P\u00fablico para el A\u00f1o Fiscal 2022, y que asciende\u2026","rel":"","context":"En \u00abZ-Colaborador-Fernando-Gamarra\u00bb","block_context":{"text":"Z-Colaborador-Fernando-Gamarra","link":"https:\/\/webdelmaestrocmf.com\/portal\/category\/colaborador\/z-colaborador-fernando-gamarra\/"},"img":{"alt_text":"","src":"https:\/\/i0.wp.com\/webdelmaestrocmf.com\/portal\/wp-content\/uploads\/2022\/01\/1-102.jpg?resize=350%2C200&ssl=1","width":350,"height":200,"srcset":"https:\/\/i0.wp.com\/webdelmaestrocmf.com\/portal\/wp-content\/uploads\/2022\/01\/1-102.jpg?resize=350%2C200&ssl=1 1x, https:\/\/i0.wp.com\/webdelmaestrocmf.com\/portal\/wp-content\/uploads\/2022\/01\/1-102.jpg?resize=525%2C300&ssl=1 1.5x, https:\/\/i0.wp.com\/webdelmaestrocmf.com\/portal\/wp-content\/uploads\/2022\/01\/1-102.jpg?resize=700%2C400&ssl=1 2x, https:\/\/i0.wp.com\/webdelmaestrocmf.com\/portal\/wp-content\/uploads\/2022\/01\/1-102.jpg?resize=1050%2C600&ssl=1 3x"},"classes":[]},{"id":76908,"url":"https:\/\/webdelmaestrocmf.com\/portal\/fernando-gamarra-concurso-excepcional-para-profesores-que-se-desempenaron-como-personal-directivo-en-ii-ee-hasta-el-ano-2014-y-que-fueron-ubicados-como-profesores-a-partir-del-ano-2015\/","url_meta":{"origin":76631,"position":4},"title":"[Fernando Gamarra] Concurso excepcional para profesores que se desempe\u00f1aron como personal directivo en II.EE. hasta el a\u00f1o 2014 y que fueron ubicados como profesores a partir del a\u00f1o 2015","author":"Web del Maestro CMF","date":"10 mayo, 2022","format":false,"excerpt":"El D.S. N\u00ba 003-2014-MINEDU (publicado el 20\u00b705\u00b72014) incorpor\u00f3 una Disposici\u00f3n Complementaria Transitoria al Reglamento de la Ley de Reforma Magisterial: \u201cDECIMA PRIMERA: Procedimiento excepcional de evaluaci\u00f3n para los profesores que se desempe\u00f1an como director o subdirector en Instituciones Educativas. Los profesores que vienen ejerciendo funciones de directivos en instituciones educativas\u2026","rel":"","context":"En \u00abZ-Colaborador-Fernando-Gamarra\u00bb","block_context":{"text":"Z-Colaborador-Fernando-Gamarra","link":"https:\/\/webdelmaestrocmf.com\/portal\/category\/colaborador\/z-colaborador-fernando-gamarra\/"},"img":{"alt_text":"","src":"https:\/\/i0.wp.com\/webdelmaestrocmf.com\/portal\/wp-content\/uploads\/2022\/05\/1-1.jpg?resize=350%2C200&ssl=1","width":350,"height":200,"srcset":"https:\/\/i0.wp.com\/webdelmaestrocmf.com\/portal\/wp-content\/uploads\/2022\/05\/1-1.jpg?resize=350%2C200&ssl=1 1x, https:\/\/i0.wp.com\/webdelmaestrocmf.com\/portal\/wp-content\/uploads\/2022\/05\/1-1.jpg?resize=525%2C300&ssl=1 1.5x, https:\/\/i0.wp.com\/webdelmaestrocmf.com\/portal\/wp-content\/uploads\/2022\/05\/1-1.jpg?resize=700%2C400&ssl=1 2x, https:\/\/i0.wp.com\/webdelmaestrocmf.com\/portal\/wp-content\/uploads\/2022\/05\/1-1.jpg?resize=1050%2C600&ssl=1 3x"},"classes":[]},{"id":77049,"url":"https:\/\/webdelmaestrocmf.com\/portal\/fernando-gamarra-remuneracion-integra-mensual-rim-y-la-unidad-impositiva-tributaria-uit\/","url_meta":{"origin":76631,"position":5},"title":"[Fernando Gamarra] Remuneraci\u00f3n \u00cdntegra Mensual (RIM) y la Unidad Impositiva Tributaria (UIT)","author":"Web del Maestro CMF","date":"20 mayo, 2022","format":false,"excerpt":"La Ley de Reforma Magisterial tiene como objetivo mejorar las condiciones de los docentes, as\u00ed como la calidad educativa en beneficio de los estudiantes. Remit\u00e1monos entonces al art\u00edculo 57 de la Ley de Reforma Magisterial, referente a la Remuneraci\u00f3n \u00cdntegra Mensual, en donde se\u00f1ala que el Poder Ejecutivo, a propuesta\u2026","rel":"","context":"En \u00abZ-Colaborador-Fernando-Gamarra\u00bb","block_context":{"text":"Z-Colaborador-Fernando-Gamarra","link":"https:\/\/webdelmaestrocmf.com\/portal\/category\/colaborador\/z-colaborador-fernando-gamarra\/"},"img":{"alt_text":"","src":"https:\/\/i0.wp.com\/webdelmaestrocmf.com\/portal\/wp-content\/uploads\/2022\/05\/1-2.jpg?resize=350%2C200&ssl=1","width":350,"height":200,"srcset":"https:\/\/i0.wp.com\/webdelmaestrocmf.com\/portal\/wp-content\/uploads\/2022\/05\/1-2.jpg?resize=350%2C200&ssl=1 1x, https:\/\/i0.wp.com\/webdelmaestrocmf.com\/portal\/wp-content\/uploads\/2022\/05\/1-2.jpg?resize=525%2C300&ssl=1 1.5x, https:\/\/i0.wp.com\/webdelmaestrocmf.com\/portal\/wp-content\/uploads\/2022\/05\/1-2.jpg?resize=700%2C400&ssl=1 2x, https:\/\/i0.wp.com\/webdelmaestrocmf.com\/portal\/wp-content\/uploads\/2022\/05\/1-2.jpg?resize=1050%2C600&ssl=1 3x"},"classes":[]}],"_links":{"self":[{"href":"https:\/\/webdelmaestrocmf.com\/portal\/wp-json\/wp\/v2\/posts\/76631","targetHints":{"allow":["GET"]}}],"collection":[{"href":"https:\/\/webdelmaestrocmf.com\/portal\/wp-json\/wp\/v2\/posts"}],"about":[{"href":"https:\/\/webdelmaestrocmf.com\/portal\/wp-json\/wp\/v2\/types\/post"}],"author":[{"embeddable":true,"href":"https:\/\/webdelmaestrocmf.com\/portal\/wp-json\/wp\/v2\/users\/1"}],"replies":[{"embeddable":true,"href":"https:\/\/webdelmaestrocmf.com\/portal\/wp-json\/wp\/v2\/comments?post=76631"}],"version-history":[{"count":0,"href":"https:\/\/webdelmaestrocmf.com\/portal\/wp-json\/wp\/v2\/posts\/76631\/revisions"}],"wp:featuredmedia":[{"embeddable":true,"href":"https:\/\/webdelmaestrocmf.com\/portal\/wp-json\/wp\/v2\/media\/76634"}],"wp:attachment":[{"href":"https:\/\/webdelmaestrocmf.com\/portal\/wp-json\/wp\/v2\/media?parent=76631"}],"wp:term":[{"taxonomy":"category","embeddable":true,"href":"https:\/\/webdelmaestrocmf.com\/portal\/wp-json\/wp\/v2\/categories?post=76631"},{"taxonomy":"post_tag","embeddable":true,"href":"https:\/\/webdelmaestrocmf.com\/portal\/wp-json\/wp\/v2\/tags?post=76631"}],"curies":[{"name":"wp","href":"https:\/\/api.w.org\/{rel}","templated":true}]}}