{"id":76482,"date":"2022-04-20T13:21:20","date_gmt":"2022-04-20T17:21:20","guid":{"rendered":"https:\/\/webdelmaestrocmf.com\/portal\/?p=76482"},"modified":"2022-04-20T13:24:16","modified_gmt":"2022-04-20T17:24:16","slug":"ernesto-gonzalez-una-escuela-necesaria-que-urge-parte-ii","status":"publish","type":"post","link":"https:\/\/webdelmaestrocmf.com\/portal\/ernesto-gonzalez-una-escuela-necesaria-que-urge-parte-ii\/","title":{"rendered":"[Ernesto Gonz\u00e1lez] Una escuela necesaria, que urge (Parte II)"},"content":{"rendered":"<h5 style=\"text-align: justify;\">El art\u00edculo que antecede al que usted le est\u00e1 dando lectura en este momento, concluy\u00f3 con la reflexi\u00f3n siguiente: Para la ense\u00f1anza media y bachillerato, \u00a1viable! (Nota: hago referencia a una escuela de padres cuya propuesta sale de lo tradicional, incorporando nuevos elementos favoreciendo la calidad de la instituci\u00f3n misma, pero, por otra parte, fortalecer un mayor v\u00ednculo padres \u2013 escuela) \u2026 pero \u00bfy en la ense\u00f1anza universitaria, al menos los primeros a\u00f1os, resultar\u00e1 igual de sencillo?<\/h5>\n<p><!--more--><\/p>\n<p style=\"text-align: justify;\">Art\u00edculo relacionado: <a href=\"https:\/\/webdelmaestrocmf.com\/portal\/ernesto-gonzalez-una-escuela-necesaria-que-urge-parte-i\/\" target=\"_blank\" rel=\"noopener\"><strong>[ERNESTO GONZ\u00c1LEZ] UNA ESCUELA NECESARIA QUE URGE (PARTE I)<\/strong><\/a><\/p>\n<p style=\"text-align: justify;\">Es posible que ac\u00e1 pudiera generarse un conflicto entre directores, padres de familia y sobre todo entre los propios estudiantes que reci\u00e9n habiendo concluido el bachillerato discrepen significativamente que sus padres asistan como lo hac\u00edan a las reuniones del nivel acad\u00e9mico anterior, considerando que ya son \u201cadultos\u201d y por ende han de ser independientes en sus propias decisiones, de aqu\u00ed la no necesidad de que citen a sus progenitores o tutores, pero es m\u00e1s, no suele ser un tema as\u00ed considerado por la universidad y que esta instancia como tal, realmente desaprovecha, con el prop\u00f3sito de acercar a los padres siendo un apoyo vital en la educaci\u00f3n continua de sus hijos, que a\u00fan \u2013 estos \u00faltimos &#8211; no est\u00e1n realmente aptos, para enfrentarse a la \u201cmara\u00f1a\u201d en cuanto a mecanismos establecidos por la Alma Mater.<\/p>\n<p style=\"text-align: justify;\">En el nivel anterior -bachillerato &#8211; todo era dirigido, a\u00f1o o grado, estas son las asignaturas a cursar, tu horario de clases y como aut\u00f3matas (con ciertos grados de inmadurez, propio de la edad a lo que se suma la atenci\u00f3n de los padres de considerarlos \u00bfni\u00f1os\/as?, asistiendo a las mismas.<\/p>\n<p style=\"text-align: justify;\">De pronto se encuentran un \u201cmuro\u201d universitario donde seg\u00fan la carrera seleccionada \u2013 sugerida por los padres, dado lo que ellos estudiaron o bien por el \u00faltimo grito de la \u201cmoda\u201d, que garantizar\u00e1 un \u00e9xito rotundo una vez graduado, lo que le facilitar\u00e1 tomar \u201cel cielo por asalto\u201d, enti\u00e9ndase cargos gerenciales, un adecuado poder adquisitivo, entre otros, lo cual crea un sue\u00f1o, que posiblemente se acerque m\u00e1s a una pesadilla, &#8211; cuando inclusive el estudiante de nuevo ingreso ni sabe vocacionalmente lo que le agrada.<\/p>\n<p style=\"text-align: justify;\">Asignaturas de car\u00e1cter obligatorio (su inscripci\u00f3n), que forman parte de las asignaturas de formaci\u00f3n general, otras llamadas selectivas, as\u00ed como las optativas, todas ellas incorporadas a un sistema de cr\u00e9ditos establecidos por la instituci\u00f3n incorporados a la malla curricular o pensum.<\/p>\n<p style=\"text-align: justify;\">Nota: por lo visto aqu\u00ed ya no todo es dirigido \u2013 esto es lo que debes cursar y punto, no, ya se inicia un proceso de toma de decisiones, donde no necesariamente el estudiante est\u00e1 preparado, tampoco los padres -, \u00bfy la soluci\u00f3n?, recurrir a los estudiantes de a\u00f1os superiores que fueron en su momento compa\u00f1eros en el nivel preuniversitario o bachillerato.<\/p>\n<p style=\"text-align: justify;\">Todo lo anterior me da m\u00e1s que elementos justificables de la necesidad de que los padres se sumen a la nueva instituci\u00f3n, \u00bfpor qu\u00e9? cambia \u201cel lenguaje acad\u00e9mico\u201d, las normas, el sistema de evaluaci\u00f3n, la permanencia del estudiante es a\u00fan m\u00e1s, el tiempo de estudio se incrementa, el \u201calejamiento estudiante \u2013 docente, es mayor\u201d y supuestamente el joven (entre 16 \u2013 18 a\u00f1os), ha de asumir total responsabilidad en su actuar, en su desempe\u00f1o.<\/p>\n<p style=\"text-align: justify;\">\u00bfResultado? \u00a1Deserci\u00f3n!, p\u00e9rdida de tiempo, frustraci\u00f3n.<\/p>\n<p style=\"text-align: justify;\">\u00bfSolucionable? Hay instituciones que establecen como \u201cpaliativo\u201d, consejer\u00edas para atender a los estudiantes con problemas, donde no necesariamente los mecanismos fluyen adecuadamente, docentes que no reportan, porque no saben que hacer, pero que por otra asumen (err\u00f3neamente) que no es su responsabilidad atenderlos y lo remiten a dicho departamento.<\/p>\n<p style=\"text-align: justify;\">\u00bfNo ser\u00e1 acaso necesario al menos para los estudiantes de primer ingreso, conversar con los padres de los mismos, con mayor rigor, desarrollando algunas tareas concretas, como expusimos anteriormente<a href=\"#_ftn1\" name=\"_ftnref1\">[1]<\/a>?<\/p>\n<ul style=\"text-align: justify;\">\n<li>Impartirle cursos b\u00e1sicos en el uso de la tecnolog\u00eda (computadoras u ordenadores), que incluya el sistema de evaluaci\u00f3n donde los padres tengan acceso a ver.<\/li>\n<li>Proporcionarle materiales complementarios de apoyo al trabajo no presencial que permitan atender a sus hijos.<\/li>\n<li>Desarrollo de charlas, foros, relacionados con temas asociados a la problem\u00e1tica de los ni\u00f1os y j\u00f3venes (g\u00e9nero, drogas, sexo, etc.), donde inclusive en este caso sean los propios padres los ponentes.<\/li>\n<li>Participaci\u00f3n de los padres de forma conjunta con sus hijos en actividades deportivas, culturales.<\/li>\n<\/ul>\n<p style=\"text-align: justify;\">\u00bfMe equivoco, en todo lo anterior? Mmmm, si lo hubiesen hecho conmigo cuando entr\u00e9 a la universidad, sin vocaci\u00f3n, sin conocer nada, sin que nadie me orientase, posiblemente no hubiese repetido mi primer a\u00f1o de la carrera.<\/p>\n<ul style=\"text-align: justify;\">\n<li><a href=\"#_ftnref1\" name=\"_ftn1\">[1]<\/a> Una escuela necesaria, que urge. Parte I.<\/li>\n<\/ul>\n<p style=\"text-align: justify;\"><strong>NOTA DE REDACCI\u00d3N: <\/strong>La Web del Maestro CMF publica los textos originales de su autor, no necesariamente coincide con lo expuesto en el tema, no se hace responsable de las opiniones expresadas, y no promociona ning\u00fan producto, servicio, marca o empresa. Sugerimos a nuestros lectores conocer la identidad de la fuente o de su autor, para tener mayores elementos de juicio y la pertinencia a su realidad educativa.<\/p>\n<table class=\" alignleft\" border=\"0\" width=\"100%\" cellspacing=\"10\" cellpadding=\"10\">\n<tbody>\n<tr>\n<td style=\"text-align: center;\" width=\"30%\"><strong><img loading=\"lazy\" decoding=\"async\" class=\"size-full wp-image-35086 aligncenter\" src=\"http:\/\/webdelmaestrocmf.com\/portal\/wp-content\/uploads\/2019\/02\/1-6.jpg\" alt=\"\" width=\"200\" height=\"200\" srcset=\"https:\/\/webdelmaestrocmf.com\/portal\/wp-content\/uploads\/2019\/02\/1-6.jpg 200w, https:\/\/webdelmaestrocmf.com\/portal\/wp-content\/uploads\/2019\/02\/1-6-150x150.jpg 150w, https:\/\/webdelmaestrocmf.com\/portal\/wp-content\/uploads\/2019\/02\/1-6-109x109.jpg 109w, https:\/\/webdelmaestrocmf.com\/portal\/wp-content\/uploads\/2019\/02\/1-6-100x100.jpg 100w, https:\/\/webdelmaestrocmf.com\/portal\/wp-content\/uploads\/2019\/02\/1-6-65x65.jpg 65w\" sizes=\"auto, (max-width: 200px) 100vw, 200px\" \/><br \/>\nAutor: <\/strong>Ernesto Gonzalez , ciudadano nicarag\u00fcense, nacido en Cuba.<strong><br \/>\nExperiencia laboral:<\/strong> Lic. en Ciencias Pedag\u00f3gicas con menci\u00f3n en qu\u00edmica. 40 a\u00f1os de experiencia como docente en los niveles de educaci\u00f3n media y superior; cursos de posgrado propios de la especialidad y en pedagog\u00eda; autor de libros de texto para la ense\u00f1anza media tanto en ciencias naturales, como sociales. Articulista para los peri\u00f3dicos La Prensa, El Nuevo Diario (nicarag\u00fcenses 2000-2008), actualmente para el peri\u00f3dico El Siglo 21 guatemalteco.<strong><br \/>\nCorreo electr\u00f3nico:<\/strong> <a href=\"mailto:eglezvaldes@gmail.com\">eglezvaldes@gmail.com<\/a><br \/>\n<strong>Cuenta de twitter:<\/strong> <a href=\"https:\/\/twitter.com\/search?q=%40gonzlez_ernesto&amp;src=typd\" target=\"_blank\" rel=\"noopener noreferrer\">@gonzlez_ernesto<\/a><\/td>\n<\/tr>\n<\/tbody>\n<\/table>\n<p style=\"text-align: left;\">.<\/p>\n\t\t<div class=\"pk-inline-posts\">\n\t\t\t\n\t\t\t<div class=\"pk-inline-posts-container pk-inline-posts-template-list\"\n\t\t\t\tdata-columns=\"1\">\n\t\t\t\t\t\t<article id=\"post-83656\" class=\"post-83656 post type-post status-publish format-standard has-post-thumbnail category-colaborador category-z-colaboradores-ernesto-gonzalez tag-blandas tag-competencias tag-ernesto-gonzalez cs-entry cs-video-wrap\">\n\t\t\t<div class=\"pk-post-outer\">\n\n\t\t\t\t\t\t\t\t<div class=\"pk-post-inner\">\n\t\t\t\t\t<div class=\"entry-thumbnail\">\n\t\t\t\t\t\t<div class=\"pk-overlay pk-overlay-ratio pk-ratio-landscape\">\n\t\t\t\t\t\t\t<div class=\"pk-overlay-background\">\n\t\t\t\t\t\t\t\t<a href=\"https:\/\/webdelmaestrocmf.com\/portal\/ernesto-gonzalezcompetencias-blandas\/\" class=\"pk-overlay-link\">\n\t\t\t\t\t\t\t\t\t<img loading=\"lazy\" decoding=\"async\" width=\"300\" height=\"225\" src=\"https:\/\/webdelmaestrocmf.com\/portal\/wp-content\/uploads\/2023\/02\/1-1-300x225.jpg\" class=\"attachment-pk-thumbnail size-pk-thumbnail wp-post-image\" alt=\"\" srcset=\"https:\/\/webdelmaestrocmf.com\/portal\/wp-content\/uploads\/2023\/02\/1-1-300x225.jpg 300w, https:\/\/webdelmaestrocmf.com\/portal\/wp-content\/uploads\/2023\/02\/1-1-200x150.jpg 200w, https:\/\/webdelmaestrocmf.com\/portal\/wp-content\/uploads\/2023\/02\/1-1-260x195.jpg 260w\" sizes=\"auto, (max-width: 300px) 100vw, 300px\" \/>\t\t\t\t\t\t\t\t<\/a>\n\t\t\t\t\t\t\t<\/div>\n\t\t\t\t\t\t<\/div>\n\t\t\t\t\t<\/div>\n\t\t\t\t<\/div>\n\t\t\t\t\n\t\t\t\t<div class=\"pk-post-inner\">\n\t\t\t\t\t<header>\n\t\t\t\t\t\t<h3 class=\"pk-title\"><a href=\"https:\/\/webdelmaestrocmf.com\/portal\/ernesto-gonzalezcompetencias-blandas\/\" rel=\"bookmark\">[Ernesto Gonz\u00e1lez]\u00bfCompetencias blandas?<\/a><\/h3>\t\t\t\t\t<\/header><!-- .entry-header -->\n\t\t\t\t<\/div><!-- .post-inner -->\n\n\t\t\t<\/div><!-- .post-outer -->\n\t\t<\/article>\n\t\t\t\t<\/div>\n\t\t<\/div>\n\t\t\n","protected":false},"excerpt":{"rendered":"El art\u00edculo que antecede al que usted le est\u00e1 dando lectura en este momento, concluy\u00f3 con la reflexi\u00f3n&hellip;","protected":false},"author":1,"featured_media":76483,"comment_status":"open","ping_status":"closed","sticky":false,"template":"","format":"standard","meta":{"csco_display_header_overlay":false,"csco_singular_sidebar":"default","csco_page_header_type":"default","csco_page_load_nextpost":"default","csco_post_video_location":[],"csco_post_video_location_hash":"","csco_post_video_url":"","csco_post_video_bg_start_time":0,"csco_post_video_bg_end_time":0,"csco_post_video_bg_volume":false,"_jetpack_memberships_contains_paid_content":false,"footnotes":""},"categories":[1790,4122],"tags":[4123,228,5380,14720],"class_list":{"0":"post-76482","1":"post","2":"type-post","3":"status-publish","4":"format-standard","5":"has-post-thumbnail","7":"category-colaborador","8":"category-z-colaboradores-ernesto-gonzalez","9":"tag-ernesto-gonzalez","10":"tag-escuela","11":"tag-necesaria","12":"tag-urge","13":"cs-entry","14":"cs-video-wrap"},"yoast_head":"<!-- This site is optimized with the Yoast SEO plugin v27.5 - https:\/\/yoast.com\/product\/yoast-seo-wordpress\/ -->\n<title>[Ernesto Gonz\u00e1lez] Una escuela necesaria, que urge (Parte II) - 2026<\/title>\n<meta name=\"description\" content=\"El art\u00edculo que antecede al que usted le est\u00e1 dando lectura en este momento, concluy\u00f3 con la reflexi\u00f3n siguiente:\" \/>\n<meta name=\"robots\" content=\"index, follow, max-snippet:-1, max-image-preview:large, max-video-preview:-1\" \/>\n<link rel=\"canonical\" href=\"https:\/\/webdelmaestrocmf.com\/portal\/ernesto-gonzalez-una-escuela-necesaria-que-urge-parte-ii\/\" \/>\n<meta property=\"og:locale\" content=\"es_ES\" \/>\n<meta property=\"og:type\" content=\"article\" \/>\n<meta property=\"og:title\" content=\"[Ernesto Gonz\u00e1lez] Una escuela necesaria, que urge (Parte II) - 2026\" \/>\n<meta property=\"og:description\" content=\"El art\u00edculo que antecede al que usted le est\u00e1 dando lectura en este momento, concluy\u00f3 con la reflexi\u00f3n siguiente:\" \/>\n<meta property=\"og:url\" content=\"https:\/\/webdelmaestrocmf.com\/portal\/ernesto-gonzalez-una-escuela-necesaria-que-urge-parte-ii\/\" \/>\n<meta property=\"og:site_name\" content=\"Web del Maestro CMF\" \/>\n<meta property=\"article:publisher\" content=\"https:\/\/www.facebook.com\/WebdelMaestroCMF\/\" \/>\n<meta property=\"article:author\" content=\"https:\/\/www.facebook.com\/WebdelMaestroCMF\/\" \/>\n<meta property=\"article:published_time\" content=\"2022-04-20T17:21:20+00:00\" \/>\n<meta property=\"article:modified_time\" content=\"2022-04-20T17:24:16+00:00\" \/>\n<meta property=\"og:image\" content=\"https:\/\/i0.wp.com\/webdelmaestrocmf.com\/portal\/wp-content\/uploads\/2022\/04\/1a-7.jpg?fit=1100%2C680&ssl=1\" \/>\n\t<meta property=\"og:image:width\" content=\"1100\" \/>\n\t<meta property=\"og:image:height\" content=\"680\" \/>\n\t<meta property=\"og:image:type\" content=\"image\/jpeg\" \/>\n<meta name=\"author\" content=\"Web del Maestro CMF\" \/>\n<meta name=\"twitter:card\" content=\"summary_large_image\" \/>\n<meta name=\"twitter:creator\" content=\"@cmf_w\" \/>\n<meta name=\"twitter:site\" content=\"@cmf_w\" \/>\n<script type=\"application\/ld+json\" class=\"yoast-schema-graph\">{\"@context\":\"https:\\\/\\\/schema.org\",\"@graph\":[{\"@type\":\"ScholarlyArticle\",\"@id\":\"https:\\\/\\\/webdelmaestrocmf.com\\\/portal\\\/ernesto-gonzalez-una-escuela-necesaria-que-urge-parte-ii\\\/#article\",\"isPartOf\":{\"@id\":\"https:\\\/\\\/webdelmaestrocmf.com\\\/portal\\\/ernesto-gonzalez-una-escuela-necesaria-que-urge-parte-ii\\\/\"},\"author\":{\"name\":\"Web del Maestro CMF\",\"@id\":\"https:\\\/\\\/webdelmaestrocmf.com\\\/portal\\\/#\\\/schema\\\/person\\\/1072a2ed7bd960df8ef99a551fa35dc5\"},\"headline\":\"[Ernesto Gonz\u00e1lez] Una escuela necesaria, que urge (Parte II)\",\"datePublished\":\"2022-04-20T17:21:20+00:00\",\"dateModified\":\"2022-04-20T17:24:16+00:00\",\"mainEntityOfPage\":{\"@id\":\"https:\\\/\\\/webdelmaestrocmf.com\\\/portal\\\/ernesto-gonzalez-una-escuela-necesaria-que-urge-parte-ii\\\/\"},\"wordCount\":976,\"commentCount\":0,\"publisher\":{\"@id\":\"https:\\\/\\\/webdelmaestrocmf.com\\\/portal\\\/#organization\"},\"image\":{\"@id\":\"https:\\\/\\\/webdelmaestrocmf.com\\\/portal\\\/ernesto-gonzalez-una-escuela-necesaria-que-urge-parte-ii\\\/#primaryimage\"},\"thumbnailUrl\":\"https:\\\/\\\/webdelmaestrocmf.com\\\/portal\\\/wp-content\\\/uploads\\\/2022\\\/04\\\/1a-7.jpg\",\"keywords\":[\"ERNESTO GONZALEZ\",\"escuela\",\"necesaria\",\"urge\"],\"articleSection\":[\"Z-Colaboradores\",\"Z-Colaboradores-Ernesto-Gonzalez\"],\"inLanguage\":\"es\",\"potentialAction\":[{\"@type\":\"CommentAction\",\"name\":\"Comment\",\"target\":[\"https:\\\/\\\/webdelmaestrocmf.com\\\/portal\\\/ernesto-gonzalez-una-escuela-necesaria-que-urge-parte-ii\\\/#respond\"]}]},{\"@type\":\"WebPage\",\"@id\":\"https:\\\/\\\/webdelmaestrocmf.com\\\/portal\\\/ernesto-gonzalez-una-escuela-necesaria-que-urge-parte-ii\\\/\",\"url\":\"https:\\\/\\\/webdelmaestrocmf.com\\\/portal\\\/ernesto-gonzalez-una-escuela-necesaria-que-urge-parte-ii\\\/\",\"name\":\"[Ernesto Gonz\u00e1lez] Una escuela necesaria, que urge (Parte II) - 2026\",\"isPartOf\":{\"@id\":\"https:\\\/\\\/webdelmaestrocmf.com\\\/portal\\\/#website\"},\"primaryImageOfPage\":{\"@id\":\"https:\\\/\\\/webdelmaestrocmf.com\\\/portal\\\/ernesto-gonzalez-una-escuela-necesaria-que-urge-parte-ii\\\/#primaryimage\"},\"image\":{\"@id\":\"https:\\\/\\\/webdelmaestrocmf.com\\\/portal\\\/ernesto-gonzalez-una-escuela-necesaria-que-urge-parte-ii\\\/#primaryimage\"},\"thumbnailUrl\":\"https:\\\/\\\/webdelmaestrocmf.com\\\/portal\\\/wp-content\\\/uploads\\\/2022\\\/04\\\/1a-7.jpg\",\"datePublished\":\"2022-04-20T17:21:20+00:00\",\"dateModified\":\"2022-04-20T17:24:16+00:00\",\"description\":\"El art\u00edculo que antecede al que usted le est\u00e1 dando lectura en este momento, concluy\u00f3 con la reflexi\u00f3n siguiente:\",\"breadcrumb\":{\"@id\":\"https:\\\/\\\/webdelmaestrocmf.com\\\/portal\\\/ernesto-gonzalez-una-escuela-necesaria-que-urge-parte-ii\\\/#breadcrumb\"},\"inLanguage\":\"es\",\"potentialAction\":[{\"@type\":\"ReadAction\",\"target\":[\"https:\\\/\\\/webdelmaestrocmf.com\\\/portal\\\/ernesto-gonzalez-una-escuela-necesaria-que-urge-parte-ii\\\/\"]}]},{\"@type\":\"ImageObject\",\"inLanguage\":\"es\",\"@id\":\"https:\\\/\\\/webdelmaestrocmf.com\\\/portal\\\/ernesto-gonzalez-una-escuela-necesaria-que-urge-parte-ii\\\/#primaryimage\",\"url\":\"https:\\\/\\\/webdelmaestrocmf.com\\\/portal\\\/wp-content\\\/uploads\\\/2022\\\/04\\\/1a-7.jpg\",\"contentUrl\":\"https:\\\/\\\/webdelmaestrocmf.com\\\/portal\\\/wp-content\\\/uploads\\\/2022\\\/04\\\/1a-7.jpg\",\"width\":1100,\"height\":680},{\"@type\":\"BreadcrumbList\",\"@id\":\"https:\\\/\\\/webdelmaestrocmf.com\\\/portal\\\/ernesto-gonzalez-una-escuela-necesaria-que-urge-parte-ii\\\/#breadcrumb\",\"itemListElement\":[{\"@type\":\"ListItem\",\"position\":1,\"name\":\"Portada\",\"item\":\"https:\\\/\\\/webdelmaestrocmf.com\\\/portal\\\/\"},{\"@type\":\"ListItem\",\"position\":2,\"name\":\"Z-Colaboradores\",\"item\":\"https:\\\/\\\/webdelmaestrocmf.com\\\/portal\\\/category\\\/colaborador\\\/\"},{\"@type\":\"ListItem\",\"position\":3,\"name\":\"[Ernesto Gonz\u00e1lez] Una escuela necesaria, que urge (Parte II)\"}]},{\"@type\":\"WebSite\",\"@id\":\"https:\\\/\\\/webdelmaestrocmf.com\\\/portal\\\/#website\",\"url\":\"https:\\\/\\\/webdelmaestrocmf.com\\\/portal\\\/\",\"name\":\"Web del Maestro CMF\",\"description\":\"Maestros al servicio de la educaci\u00f3n\",\"publisher\":{\"@id\":\"https:\\\/\\\/webdelmaestrocmf.com\\\/portal\\\/#organization\"},\"alternateName\":\"WMCMF\",\"potentialAction\":[{\"@type\":\"SearchAction\",\"target\":{\"@type\":\"EntryPoint\",\"urlTemplate\":\"https:\\\/\\\/webdelmaestrocmf.com\\\/portal\\\/?s={search_term_string}\"},\"query-input\":{\"@type\":\"PropertyValueSpecification\",\"valueRequired\":true,\"valueName\":\"search_term_string\"}}],\"inLanguage\":\"es\"},{\"@type\":\"Organization\",\"@id\":\"https:\\\/\\\/webdelmaestrocmf.com\\\/portal\\\/#organization\",\"name\":\"Web del Maestro CMF\",\"alternateName\":\"WMCMF\",\"url\":\"https:\\\/\\\/webdelmaestrocmf.com\\\/portal\\\/\",\"logo\":{\"@type\":\"ImageObject\",\"inLanguage\":\"es\",\"@id\":\"https:\\\/\\\/webdelmaestrocmf.com\\\/portal\\\/#\\\/schema\\\/logo\\\/image\\\/\",\"url\":\"https:\\\/\\\/webdelmaestrocmf.com\\\/portal\\\/wp-content\\\/uploads\\\/2023\\\/01\\\/logo-wmcmf-2.png\",\"contentUrl\":\"https:\\\/\\\/webdelmaestrocmf.com\\\/portal\\\/wp-content\\\/uploads\\\/2023\\\/01\\\/logo-wmcmf-2.png\",\"width\":200,\"height\":60,\"caption\":\"Web del Maestro CMF\"},\"image\":{\"@id\":\"https:\\\/\\\/webdelmaestrocmf.com\\\/portal\\\/#\\\/schema\\\/logo\\\/image\\\/\"},\"sameAs\":[\"https:\\\/\\\/www.facebook.com\\\/WebdelMaestroCMF\\\/\",\"https:\\\/\\\/x.com\\\/cmf_w\",\"https:\\\/\\\/www.pinterest.com\\\/WMCMF\\\/\",\"https:\\\/\\\/www.linkedin.com\\\/company\\\/web-del-maestro-cmf\\\/\",\"https:\\\/\\\/www.instagram.com\\\/wmcmf\\\/\",\"https:\\\/\\\/www.youtube.com\\\/channel\\\/UCDPSvjbdodE5sHnC3OxutHw\",\"https:\\\/\\\/mastodon.social\\\/@wmcmf\",\"https:\\\/\\\/www.tiktok.com\\\/@webdelmaestrocmf\"]},{\"@type\":\"Person\",\"@id\":\"https:\\\/\\\/webdelmaestrocmf.com\\\/portal\\\/#\\\/schema\\\/person\\\/1072a2ed7bd960df8ef99a551fa35dc5\",\"name\":\"Web del Maestro CMF\",\"image\":{\"@type\":\"ImageObject\",\"inLanguage\":\"es\",\"@id\":\"https:\\\/\\\/secure.gravatar.com\\\/avatar\\\/23291dd5b5ae1077dcff3dbb04c3e02bd28403fa75af6d8787d5e97c5bbbe30b?s=96&d=mm&r=g\",\"url\":\"https:\\\/\\\/secure.gravatar.com\\\/avatar\\\/23291dd5b5ae1077dcff3dbb04c3e02bd28403fa75af6d8787d5e97c5bbbe30b?s=96&d=mm&r=g\",\"contentUrl\":\"https:\\\/\\\/secure.gravatar.com\\\/avatar\\\/23291dd5b5ae1077dcff3dbb04c3e02bd28403fa75af6d8787d5e97c5bbbe30b?s=96&d=mm&r=g\",\"caption\":\"Web del Maestro CMF\"},\"description\":\"Esta Web se cre\u00f3 sin fines de lucro, con fines educativos, cient\u00edficos y acad\u00e9micos, para personas que tengan dificultades y\\\/o inconvenientes en visualizar el material original. El objetivo es entregar recursos, compartir experiencias y materiales que ayuden a los padres de familia, maestros y estudiantes en su actualizaci\u00f3n y formaci\u00f3n permanente, en bien de la Educaci\u00f3n.\",\"sameAs\":[\"http:\\\/\\\/webdelmaestrocmf.com\\\/portal\",\"https:\\\/\\\/www.facebook.com\\\/WebdelMaestroCMF\\\/\",\"https:\\\/\\\/www.instagram.com\\\/wmcmf\\\/\",\"https:\\\/\\\/cl.linkedin.com\\\/company\\\/web-del-maestro-cmf\",\"https:\\\/\\\/www.pinterest.com\\\/WMCMF\\\/publicaciones\\\/\",\"https:\\\/\\\/x.com\\\/cmf_w\",\"https:\\\/\\\/www.youtube.com\\\/@WMCMF\"]}]}<\/script>\n<!-- \/ Yoast SEO plugin. -->","yoast_head_json":{"title":"[Ernesto Gonz\u00e1lez] Una escuela necesaria, que urge (Parte II) - 2026","description":"El art\u00edculo que antecede al que usted le est\u00e1 dando lectura en este momento, concluy\u00f3 con la reflexi\u00f3n siguiente:","robots":{"index":"index","follow":"follow","max-snippet":"max-snippet:-1","max-image-preview":"max-image-preview:large","max-video-preview":"max-video-preview:-1"},"canonical":"https:\/\/webdelmaestrocmf.com\/portal\/ernesto-gonzalez-una-escuela-necesaria-que-urge-parte-ii\/","og_locale":"es_ES","og_type":"article","og_title":"[Ernesto Gonz\u00e1lez] Una escuela necesaria, que urge (Parte II) - 2026","og_description":"El art\u00edculo que antecede al que usted le est\u00e1 dando lectura en este momento, concluy\u00f3 con la reflexi\u00f3n siguiente:","og_url":"https:\/\/webdelmaestrocmf.com\/portal\/ernesto-gonzalez-una-escuela-necesaria-que-urge-parte-ii\/","og_site_name":"Web del Maestro CMF","article_publisher":"https:\/\/www.facebook.com\/WebdelMaestroCMF\/","article_author":"https:\/\/www.facebook.com\/WebdelMaestroCMF\/","article_published_time":"2022-04-20T17:21:20+00:00","article_modified_time":"2022-04-20T17:24:16+00:00","og_image":[{"width":1100,"height":680,"url":"https:\/\/i0.wp.com\/webdelmaestrocmf.com\/portal\/wp-content\/uploads\/2022\/04\/1a-7.jpg?fit=1100%2C680&ssl=1","type":"image\/jpeg"}],"author":"Web del Maestro CMF","twitter_card":"summary_large_image","twitter_creator":"@cmf_w","twitter_site":"@cmf_w","schema":{"@context":"https:\/\/schema.org","@graph":[{"@type":"ScholarlyArticle","@id":"https:\/\/webdelmaestrocmf.com\/portal\/ernesto-gonzalez-una-escuela-necesaria-que-urge-parte-ii\/#article","isPartOf":{"@id":"https:\/\/webdelmaestrocmf.com\/portal\/ernesto-gonzalez-una-escuela-necesaria-que-urge-parte-ii\/"},"author":{"name":"Web del Maestro CMF","@id":"https:\/\/webdelmaestrocmf.com\/portal\/#\/schema\/person\/1072a2ed7bd960df8ef99a551fa35dc5"},"headline":"[Ernesto Gonz\u00e1lez] Una escuela necesaria, que urge (Parte II)","datePublished":"2022-04-20T17:21:20+00:00","dateModified":"2022-04-20T17:24:16+00:00","mainEntityOfPage":{"@id":"https:\/\/webdelmaestrocmf.com\/portal\/ernesto-gonzalez-una-escuela-necesaria-que-urge-parte-ii\/"},"wordCount":976,"commentCount":0,"publisher":{"@id":"https:\/\/webdelmaestrocmf.com\/portal\/#organization"},"image":{"@id":"https:\/\/webdelmaestrocmf.com\/portal\/ernesto-gonzalez-una-escuela-necesaria-que-urge-parte-ii\/#primaryimage"},"thumbnailUrl":"https:\/\/webdelmaestrocmf.com\/portal\/wp-content\/uploads\/2022\/04\/1a-7.jpg","keywords":["ERNESTO GONZALEZ","escuela","necesaria","urge"],"articleSection":["Z-Colaboradores","Z-Colaboradores-Ernesto-Gonzalez"],"inLanguage":"es","potentialAction":[{"@type":"CommentAction","name":"Comment","target":["https:\/\/webdelmaestrocmf.com\/portal\/ernesto-gonzalez-una-escuela-necesaria-que-urge-parte-ii\/#respond"]}]},{"@type":"WebPage","@id":"https:\/\/webdelmaestrocmf.com\/portal\/ernesto-gonzalez-una-escuela-necesaria-que-urge-parte-ii\/","url":"https:\/\/webdelmaestrocmf.com\/portal\/ernesto-gonzalez-una-escuela-necesaria-que-urge-parte-ii\/","name":"[Ernesto Gonz\u00e1lez] Una escuela necesaria, que urge (Parte II) - 2026","isPartOf":{"@id":"https:\/\/webdelmaestrocmf.com\/portal\/#website"},"primaryImageOfPage":{"@id":"https:\/\/webdelmaestrocmf.com\/portal\/ernesto-gonzalez-una-escuela-necesaria-que-urge-parte-ii\/#primaryimage"},"image":{"@id":"https:\/\/webdelmaestrocmf.com\/portal\/ernesto-gonzalez-una-escuela-necesaria-que-urge-parte-ii\/#primaryimage"},"thumbnailUrl":"https:\/\/webdelmaestrocmf.com\/portal\/wp-content\/uploads\/2022\/04\/1a-7.jpg","datePublished":"2022-04-20T17:21:20+00:00","dateModified":"2022-04-20T17:24:16+00:00","description":"El art\u00edculo que antecede al que usted le est\u00e1 dando lectura en este momento, concluy\u00f3 con la reflexi\u00f3n siguiente:","breadcrumb":{"@id":"https:\/\/webdelmaestrocmf.com\/portal\/ernesto-gonzalez-una-escuela-necesaria-que-urge-parte-ii\/#breadcrumb"},"inLanguage":"es","potentialAction":[{"@type":"ReadAction","target":["https:\/\/webdelmaestrocmf.com\/portal\/ernesto-gonzalez-una-escuela-necesaria-que-urge-parte-ii\/"]}]},{"@type":"ImageObject","inLanguage":"es","@id":"https:\/\/webdelmaestrocmf.com\/portal\/ernesto-gonzalez-una-escuela-necesaria-que-urge-parte-ii\/#primaryimage","url":"https:\/\/webdelmaestrocmf.com\/portal\/wp-content\/uploads\/2022\/04\/1a-7.jpg","contentUrl":"https:\/\/webdelmaestrocmf.com\/portal\/wp-content\/uploads\/2022\/04\/1a-7.jpg","width":1100,"height":680},{"@type":"BreadcrumbList","@id":"https:\/\/webdelmaestrocmf.com\/portal\/ernesto-gonzalez-una-escuela-necesaria-que-urge-parte-ii\/#breadcrumb","itemListElement":[{"@type":"ListItem","position":1,"name":"Portada","item":"https:\/\/webdelmaestrocmf.com\/portal\/"},{"@type":"ListItem","position":2,"name":"Z-Colaboradores","item":"https:\/\/webdelmaestrocmf.com\/portal\/category\/colaborador\/"},{"@type":"ListItem","position":3,"name":"[Ernesto Gonz\u00e1lez] Una escuela necesaria, que urge (Parte II)"}]},{"@type":"WebSite","@id":"https:\/\/webdelmaestrocmf.com\/portal\/#website","url":"https:\/\/webdelmaestrocmf.com\/portal\/","name":"Web del Maestro CMF","description":"Maestros al servicio de la educaci\u00f3n","publisher":{"@id":"https:\/\/webdelmaestrocmf.com\/portal\/#organization"},"alternateName":"WMCMF","potentialAction":[{"@type":"SearchAction","target":{"@type":"EntryPoint","urlTemplate":"https:\/\/webdelmaestrocmf.com\/portal\/?s={search_term_string}"},"query-input":{"@type":"PropertyValueSpecification","valueRequired":true,"valueName":"search_term_string"}}],"inLanguage":"es"},{"@type":"Organization","@id":"https:\/\/webdelmaestrocmf.com\/portal\/#organization","name":"Web del Maestro CMF","alternateName":"WMCMF","url":"https:\/\/webdelmaestrocmf.com\/portal\/","logo":{"@type":"ImageObject","inLanguage":"es","@id":"https:\/\/webdelmaestrocmf.com\/portal\/#\/schema\/logo\/image\/","url":"https:\/\/webdelmaestrocmf.com\/portal\/wp-content\/uploads\/2023\/01\/logo-wmcmf-2.png","contentUrl":"https:\/\/webdelmaestrocmf.com\/portal\/wp-content\/uploads\/2023\/01\/logo-wmcmf-2.png","width":200,"height":60,"caption":"Web del Maestro CMF"},"image":{"@id":"https:\/\/webdelmaestrocmf.com\/portal\/#\/schema\/logo\/image\/"},"sameAs":["https:\/\/www.facebook.com\/WebdelMaestroCMF\/","https:\/\/x.com\/cmf_w","https:\/\/www.pinterest.com\/WMCMF\/","https:\/\/www.linkedin.com\/company\/web-del-maestro-cmf\/","https:\/\/www.instagram.com\/wmcmf\/","https:\/\/www.youtube.com\/channel\/UCDPSvjbdodE5sHnC3OxutHw","https:\/\/mastodon.social\/@wmcmf","https:\/\/www.tiktok.com\/@webdelmaestrocmf"]},{"@type":"Person","@id":"https:\/\/webdelmaestrocmf.com\/portal\/#\/schema\/person\/1072a2ed7bd960df8ef99a551fa35dc5","name":"Web del Maestro CMF","image":{"@type":"ImageObject","inLanguage":"es","@id":"https:\/\/secure.gravatar.com\/avatar\/23291dd5b5ae1077dcff3dbb04c3e02bd28403fa75af6d8787d5e97c5bbbe30b?s=96&d=mm&r=g","url":"https:\/\/secure.gravatar.com\/avatar\/23291dd5b5ae1077dcff3dbb04c3e02bd28403fa75af6d8787d5e97c5bbbe30b?s=96&d=mm&r=g","contentUrl":"https:\/\/secure.gravatar.com\/avatar\/23291dd5b5ae1077dcff3dbb04c3e02bd28403fa75af6d8787d5e97c5bbbe30b?s=96&d=mm&r=g","caption":"Web del Maestro CMF"},"description":"Esta Web se cre\u00f3 sin fines de lucro, con fines educativos, cient\u00edficos y acad\u00e9micos, para personas que tengan dificultades y\/o inconvenientes en visualizar el material original. El objetivo es entregar recursos, compartir experiencias y materiales que ayuden a los padres de familia, maestros y estudiantes en su actualizaci\u00f3n y formaci\u00f3n permanente, en bien de la Educaci\u00f3n.","sameAs":["http:\/\/webdelmaestrocmf.com\/portal","https:\/\/www.facebook.com\/WebdelMaestroCMF\/","https:\/\/www.instagram.com\/wmcmf\/","https:\/\/cl.linkedin.com\/company\/web-del-maestro-cmf","https:\/\/www.pinterest.com\/WMCMF\/publicaciones\/","https:\/\/x.com\/cmf_w","https:\/\/www.youtube.com\/@WMCMF"]}]}},"jetpack_featured_media_url":"https:\/\/webdelmaestrocmf.com\/portal\/wp-content\/uploads\/2022\/04\/1a-7.jpg","jetpack_sharing_enabled":true,"jetpack-related-posts":[{"id":76024,"url":"https:\/\/webdelmaestrocmf.com\/portal\/ernesto-gonzalez-una-escuela-necesaria-que-urge-parte-i\/","url_meta":{"origin":76482,"position":0},"title":"[Ernesto Gonz\u00e1lez] Una escuela necesaria, que urge (Parte I)","author":"Web del Maestro CMF","date":"6 abril, 2022","format":false,"excerpt":"Las instituciones educativas suelen citar a los padres de familia con cierta periodicidad preestablecidas para orientarlos en diversos aspectos sobre todo en el reglamento, horarios, conocer al profesor gu\u00eda, entre otras actividades que suele tener m\u00e1s \u201cimpacto\u201d cuando el estudiante es de nuevo ingreso y en particular cuando pasa a\u2026","rel":"","context":"En \u00abZ-Colaboradores\u00bb","block_context":{"text":"Z-Colaboradores","link":"https:\/\/webdelmaestrocmf.com\/portal\/category\/colaborador\/"},"img":{"alt_text":"","src":"https:\/\/i0.wp.com\/webdelmaestrocmf.com\/portal\/wp-content\/uploads\/2022\/04\/1-7.jpg?resize=350%2C200&ssl=1","width":350,"height":200,"srcset":"https:\/\/i0.wp.com\/webdelmaestrocmf.com\/portal\/wp-content\/uploads\/2022\/04\/1-7.jpg?resize=350%2C200&ssl=1 1x, https:\/\/i0.wp.com\/webdelmaestrocmf.com\/portal\/wp-content\/uploads\/2022\/04\/1-7.jpg?resize=525%2C300&ssl=1 1.5x, https:\/\/i0.wp.com\/webdelmaestrocmf.com\/portal\/wp-content\/uploads\/2022\/04\/1-7.jpg?resize=700%2C400&ssl=1 2x, https:\/\/i0.wp.com\/webdelmaestrocmf.com\/portal\/wp-content\/uploads\/2022\/04\/1-7.jpg?resize=1050%2C600&ssl=1 3x"},"classes":[]},{"id":43375,"url":"https:\/\/webdelmaestrocmf.com\/portal\/ernesto-gonzalez-debo-participar-en-las-actividades-de-la-escuela-i-parte\/","url_meta":{"origin":76482,"position":1},"title":"[Ernesto Gonz\u00e1lez] \u00bfDebo participar en las actividades de la escuela? (I parte)","author":"Web del Maestro CMF","date":"10 enero, 2020","format":false,"excerpt":"La interrogante del art\u00edculo de hoy para convertirla en una afirmaci\u00f3n depender\u00e1 del trabajo de sensibilizaci\u00f3n que pueda realizar la escuela, fundamentalmente en los niveles de preescolar y primaria. Que en el caso que los padres respondan, su participaci\u00f3n puede adoptar muchas formas. Por tanto, para obtener el apoyo de\u2026","rel":"","context":"En \u00abZ-Colaboradores\u00bb","block_context":{"text":"Z-Colaboradores","link":"https:\/\/webdelmaestrocmf.com\/portal\/category\/colaborador\/"},"img":{"alt_text":"","src":"https:\/\/i0.wp.com\/webdelmaestrocmf.com\/portal\/wp-content\/uploads\/2020\/01\/1-29.jpg?resize=350%2C200&ssl=1","width":350,"height":200,"srcset":"https:\/\/i0.wp.com\/webdelmaestrocmf.com\/portal\/wp-content\/uploads\/2020\/01\/1-29.jpg?resize=350%2C200&ssl=1 1x, https:\/\/i0.wp.com\/webdelmaestrocmf.com\/portal\/wp-content\/uploads\/2020\/01\/1-29.jpg?resize=525%2C300&ssl=1 1.5x, https:\/\/i0.wp.com\/webdelmaestrocmf.com\/portal\/wp-content\/uploads\/2020\/01\/1-29.jpg?resize=700%2C400&ssl=1 2x, https:\/\/i0.wp.com\/webdelmaestrocmf.com\/portal\/wp-content\/uploads\/2020\/01\/1-29.jpg?resize=1050%2C600&ssl=1 3x"},"classes":[]},{"id":51459,"url":"https:\/\/webdelmaestrocmf.com\/portal\/ernesto-gonzalez-aspectos-que-habra-que-reforzar-en-las-instituciones-educativas\/","url_meta":{"origin":76482,"position":2},"title":"[Ernesto Gonz\u00e1lez] Aspectos que habr\u00e1 que reforzar en las instituciones educativas","author":"Web del Maestro CMF","date":"14 septiembre, 2020","format":false,"excerpt":"No queda duda que, con la pandemia, se ha establecido un antes y un despu\u00e9s a nivel mundial y en particular en la Educaci\u00f3n; \u00bfqu\u00e9 regresar\u00e1n presencialmente a las escuelas, colegios, institutos, universidades? \u00a1Cierto!, pero, \u00bfy en el caso de los vac\u00edos generados, como clases no impartidas, planes de estudio\u2026","rel":"","context":"En \u00abZ-Colaboradores\u00bb","block_context":{"text":"Z-Colaboradores","link":"https:\/\/webdelmaestrocmf.com\/portal\/category\/colaborador\/"},"img":{"alt_text":"","src":"https:\/\/i0.wp.com\/webdelmaestrocmf.com\/portal\/wp-content\/uploads\/2020\/09\/1-copia-55.jpg?resize=350%2C200&ssl=1","width":350,"height":200,"srcset":"https:\/\/i0.wp.com\/webdelmaestrocmf.com\/portal\/wp-content\/uploads\/2020\/09\/1-copia-55.jpg?resize=350%2C200&ssl=1 1x, https:\/\/i0.wp.com\/webdelmaestrocmf.com\/portal\/wp-content\/uploads\/2020\/09\/1-copia-55.jpg?resize=525%2C300&ssl=1 1.5x, https:\/\/i0.wp.com\/webdelmaestrocmf.com\/portal\/wp-content\/uploads\/2020\/09\/1-copia-55.jpg?resize=700%2C400&ssl=1 2x, https:\/\/i0.wp.com\/webdelmaestrocmf.com\/portal\/wp-content\/uploads\/2020\/09\/1-copia-55.jpg?resize=1050%2C600&ssl=1 3x"},"classes":[]},{"id":36100,"url":"https:\/\/webdelmaestrocmf.com\/portal\/ernesto-gonzalez-al-filo-de\/","url_meta":{"origin":76482,"position":3},"title":"[ERNESTO GONZ\u00c1LEZ] AL FILO DE\u2026","author":"Web del Maestro CMF","date":"6 abril, 2019","format":false,"excerpt":"Detr\u00e1s de los puntos suspensivos, podr\u00eda referirme al libro \u201cAl filo de la navaja\u201d, publicado en 1944, su autor W. Somerset Maugham o \u201cAl filo de un cuchillo\u201d, nombre de una canci\u00f3n de Enrique Bunbury, cantante, compositor y m\u00fasico espa\u00f1ol, pero no es la ocasi\u00f3n aunque tocar\u00e9 un tema escabroso\u2026","rel":"","context":"En \u00abZ-Colaboradores\u00bb","block_context":{"text":"Z-Colaboradores","link":"https:\/\/webdelmaestrocmf.com\/portal\/category\/colaborador\/"},"img":{"alt_text":"","src":"https:\/\/i0.wp.com\/webdelmaestrocmf.com\/portal\/wp-content\/uploads\/2019\/04\/1-9.jpg?resize=350%2C200&ssl=1","width":350,"height":200,"srcset":"https:\/\/i0.wp.com\/webdelmaestrocmf.com\/portal\/wp-content\/uploads\/2019\/04\/1-9.jpg?resize=350%2C200&ssl=1 1x, https:\/\/i0.wp.com\/webdelmaestrocmf.com\/portal\/wp-content\/uploads\/2019\/04\/1-9.jpg?resize=525%2C300&ssl=1 1.5x, https:\/\/i0.wp.com\/webdelmaestrocmf.com\/portal\/wp-content\/uploads\/2019\/04\/1-9.jpg?resize=700%2C400&ssl=1 2x, https:\/\/i0.wp.com\/webdelmaestrocmf.com\/portal\/wp-content\/uploads\/2019\/04\/1-9.jpg?resize=1050%2C600&ssl=1 3x"},"classes":[]},{"id":64200,"url":"https:\/\/webdelmaestrocmf.com\/portal\/ernesto-gonzalez-que-debemos-aprender-de-la-pandemia\/","url_meta":{"origin":76482,"position":4},"title":"[Ernesto Gonz\u00e1lez] \u00bfQu\u00e9 debemos aprender de la pandemia?","author":"Web del Maestro CMF","date":"21 junio, 2021","format":false,"excerpt":"Ha sido mucha la informaci\u00f3n digital y escrita acerca de la llamada \u201cgripe espa\u00f1ola\u201d acaecida en 1918, la cual en dos a\u00f1os provoc\u00f3 la muerte de m\u00e1s de 50 millones de personas (rango entre 50 y 100), seg\u00fan la OMS. Han pasado 102 a\u00f1os y muchos pa\u00edses del llamado tercer\u2026","rel":"","context":"En \u00abZ-Colaboradores\u00bb","block_context":{"text":"Z-Colaboradores","link":"https:\/\/webdelmaestrocmf.com\/portal\/category\/colaborador\/"},"img":{"alt_text":"","src":"https:\/\/i0.wp.com\/webdelmaestrocmf.com\/portal\/wp-content\/uploads\/2021\/06\/1-copia-23.jpg?resize=350%2C200&ssl=1","width":350,"height":200,"srcset":"https:\/\/i0.wp.com\/webdelmaestrocmf.com\/portal\/wp-content\/uploads\/2021\/06\/1-copia-23.jpg?resize=350%2C200&ssl=1 1x, https:\/\/i0.wp.com\/webdelmaestrocmf.com\/portal\/wp-content\/uploads\/2021\/06\/1-copia-23.jpg?resize=525%2C300&ssl=1 1.5x, https:\/\/i0.wp.com\/webdelmaestrocmf.com\/portal\/wp-content\/uploads\/2021\/06\/1-copia-23.jpg?resize=700%2C400&ssl=1 2x, https:\/\/i0.wp.com\/webdelmaestrocmf.com\/portal\/wp-content\/uploads\/2021\/06\/1-copia-23.jpg?resize=1050%2C600&ssl=1 3x"},"classes":[]},{"id":43483,"url":"https:\/\/webdelmaestrocmf.com\/portal\/ernesto-gonzalez-debo-participar-en-las-actividades-de-la-escuela-iiparte\/","url_meta":{"origin":76482,"position":5},"title":"[Ernesto Gonz\u00e1lez] \u00bfDebo participar en las actividades de la escuela? (II parte)","author":"Web del Maestro CMF","date":"15 enero, 2020","format":false,"excerpt":"La semana anterior hicimos referencia a algunas actividades posibles a realizar por el centro en aras de incorporar a padres y madres como parte de la vida del centro. Hoy analizaremos otras. Citar a los padres de forma individual para hablar particularmente sobre su hijo, su desarrollo, su comportamiento, sus\u2026","rel":"","context":"En \u00abZ-Colaboradores\u00bb","block_context":{"text":"Z-Colaboradores","link":"https:\/\/webdelmaestrocmf.com\/portal\/category\/colaborador\/"},"img":{"alt_text":"","src":"https:\/\/i0.wp.com\/webdelmaestrocmf.com\/portal\/wp-content\/uploads\/2020\/01\/1.jpeg?resize=350%2C200&ssl=1","width":350,"height":200,"srcset":"https:\/\/i0.wp.com\/webdelmaestrocmf.com\/portal\/wp-content\/uploads\/2020\/01\/1.jpeg?resize=350%2C200&ssl=1 1x, https:\/\/i0.wp.com\/webdelmaestrocmf.com\/portal\/wp-content\/uploads\/2020\/01\/1.jpeg?resize=525%2C300&ssl=1 1.5x, https:\/\/i0.wp.com\/webdelmaestrocmf.com\/portal\/wp-content\/uploads\/2020\/01\/1.jpeg?resize=700%2C400&ssl=1 2x, https:\/\/i0.wp.com\/webdelmaestrocmf.com\/portal\/wp-content\/uploads\/2020\/01\/1.jpeg?resize=1050%2C600&ssl=1 3x"},"classes":[]}],"_links":{"self":[{"href":"https:\/\/webdelmaestrocmf.com\/portal\/wp-json\/wp\/v2\/posts\/76482","targetHints":{"allow":["GET"]}}],"collection":[{"href":"https:\/\/webdelmaestrocmf.com\/portal\/wp-json\/wp\/v2\/posts"}],"about":[{"href":"https:\/\/webdelmaestrocmf.com\/portal\/wp-json\/wp\/v2\/types\/post"}],"author":[{"embeddable":true,"href":"https:\/\/webdelmaestrocmf.com\/portal\/wp-json\/wp\/v2\/users\/1"}],"replies":[{"embeddable":true,"href":"https:\/\/webdelmaestrocmf.com\/portal\/wp-json\/wp\/v2\/comments?post=76482"}],"version-history":[{"count":0,"href":"https:\/\/webdelmaestrocmf.com\/portal\/wp-json\/wp\/v2\/posts\/76482\/revisions"}],"wp:featuredmedia":[{"embeddable":true,"href":"https:\/\/webdelmaestrocmf.com\/portal\/wp-json\/wp\/v2\/media\/76483"}],"wp:attachment":[{"href":"https:\/\/webdelmaestrocmf.com\/portal\/wp-json\/wp\/v2\/media?parent=76482"}],"wp:term":[{"taxonomy":"category","embeddable":true,"href":"https:\/\/webdelmaestrocmf.com\/portal\/wp-json\/wp\/v2\/categories?post=76482"},{"taxonomy":"post_tag","embeddable":true,"href":"https:\/\/webdelmaestrocmf.com\/portal\/wp-json\/wp\/v2\/tags?post=76482"}],"curies":[{"name":"wp","href":"https:\/\/api.w.org\/{rel}","templated":true}]}}