{"id":76459,"date":"2022-11-06T19:36:32","date_gmt":"2022-11-06T22:36:32","guid":{"rendered":"https:\/\/webdelmaestrocmf.com\/portal\/?p=76459"},"modified":"2023-01-01T21:39:50","modified_gmt":"2023-01-02T00:39:50","slug":"como-estar-atentos-cuando-nuestros-estudiantes-andan-con-el-tanque-vacio","status":"publish","type":"post","link":"https:\/\/webdelmaestrocmf.com\/portal\/como-estar-atentos-cuando-nuestros-estudiantes-andan-con-el-tanque-vacio\/","title":{"rendered":"C\u00f3mo estar atentos cuando nuestros estudiantes andan con \u201cel tanque vac\u00edo\u201d"},"content":{"rendered":"<h5 style=\"text-align: justify;\">Despu\u00e9s de la experiencia del cierre de las escuelas y el confinamiento, <strong>es cada vez m\u00e1s fuerte la tendencia sobre la necesidad de revisar los problemas emocionales y de aprendizaje <\/strong>que han afectado a los nuestros estudiantes, y que deben ser procesados de forma adecuada, con la ayuda de los padres de familia y profesores; actuando <strong>cada uno desde su propio espacio y sin cruzar las responsabilidades de sus roles.<\/strong><\/h5>\n<p><!--more--><\/p>\n<h5 style=\"text-align: justify;\">Pasar por alto los efectos del prolongado encierro y la ausencia de las relaciones en el ambiente escolar, podr\u00eda llevar a que los ni\u00f1os y j\u00f3venes traten de resolver sus problemas interiores de estr\u00e9s, vac\u00edo existencial, mal humor o ansiedad <strong>con los pocos recursos que tienen a su disposici\u00f3n y sin la gu\u00eda de la experiencia y prudencia principalmente, de los padres<\/strong>; lo que puede facturar -con el tiempo- consecuencias no deseadas que afecten su desarrollo y su proceso de aprendizaje. cf <a href=\"https:\/\/ucsp.edu.pe\/ninos-victimas-ocultas-de-la-pandemia\/\" target=\"_blank\" rel=\"noopener\"><strong>LOS NI\u00d1OS, LAS V\u00cdCTIMAS OCULTAS DE LA PANDEMIA*<\/strong><\/a><\/h5>\n<p style=\"text-align: justify;\">Art\u00edculo relacionado:<\/p>\n<p><iframe loading=\"lazy\" class=\"wp-embedded-content\" title=\"\u00abEl cierre de las escuelas ha afectado negativamente a toda una generaci\u00f3n, provocando p\u00e9rdida de conocimientos y habilidades\u00bb \u2014 Web del Maestro CMF\" src=\"https:\/\/webdelmaestrocmf.com\/portal\/el-cierre-de-las-escuelas-ha-afectado-negativamente-a-toda-una-generacion-provocando-perdida-de-conocimientos-y-habilidades\/embed\/#?secret=bBxyb4tWU5\" width=\"100%\" height=\"270\" frameborder=\"0\" marginwidth=\"0\" marginheight=\"0\" scrolling=\"no\" sandbox=\"allow-scripts\" data-secret=\"bBxyb4tWU5\"><span data-mce-type=\"bookmark\" style=\"display: inline-block; width: 0px; overflow: hidden; line-height: 0;\" class=\"mce_SELRES_start\">\ufeff<\/span><\/iframe><script type=\"text\/javascript\"><br \/>\n\/*! This file is auto-generated *\/<br \/>\n!function(c,d){\"use strict\";var e=!1,o=!1;if(d.querySelector)if(c.addEventListener)e=!0;if(c.wp=c.wp||{},!c.wp.receiveEmbedMessage)if(c.wp.receiveEmbedMessage=function(e){var t=e.data;if(t)if(t.secret||t.message||t.value)if(!\/[^a-zA-Z0-9]\/.test(t.secret)){for(var r,a,i,s=d.querySelectorAll('iframe[data-secret=\"'+t.secret+'\"]'),n=d.querySelectorAll('blockquote[data-secret=\"'+t.secret+'\"]'),o=0;o<n.length;o++)n[o].style.display=\"none\";for(o=0;o<s.length;o++)if(r=s[o],e.source===r.contentWindow){if(r.removeAttribute(\"style\"),\"height\"===t.message){if(1e3<(i=parseInt(t.value,10)))i=1e3;else if(~~i<200)i=200;r.height=i}if(\"link\"===t.message)if(a=d.createElement(\"a\"),i=d.createElement(\"a\"),a.href=r.getAttribute(\"src\"),i.href=t.value,i.host===a.host)if(d.activeElement===r)c.top.location.href=t.value}}},e)c.addEventListener(\"message\",c.wp.receiveEmbedMessage,!1),d.addEventListener(\"DOMContentLoaded\",t,!1),c.addEventListener(\"load\",t,!1);function t(){if(!o){o=!0;for(var e,t,r,a=-1!==navigator.appVersion.indexOf(\"MSIE 10\"),i=!!navigator.userAgent.match(\/Trident.*rv:11\\.\/),s=d.querySelectorAll(\"iframe.wp-embedded-content\"),n=0;n<s.length;n++){if(!(r=(t=s[n]).getAttribute(\"data-secret\")))r=Math.random().toString(36).substr(2,10),t.src+=\"#?secret=\"+r,t.setAttribute(\"data-secret\",r);if(a||i)(e=t.cloneNode(!0)).removeAttribute(\"security\"),t.parentNode.replaceChild(e,t);t.contentWindow.postMessage({message:\"ready\",secret:r},\"*\")}}}}(window,document);\n<\/script><\/p>\n<p style=\"text-align: justify;\">Quiz\u00e1 en alg\u00fan momento de nuestra existencia <strong>hemos experimentado un sentimiento de vac\u00edo dif\u00edcil de explicar<\/strong>, insoportable, incomprensible, indeterminado, ... pero sabemos que est\u00e1 ah\u00ed, dentro de nosotros. \u201cUna persona puede tenerlo todo y, sin embargo, sentir <strong>un profundo hueco<\/strong> en su interior. Sentirse vac\u00edo es pensar que nuestra existencia no tiene ning\u00fan sentido, a pesar de que nuestro alrededor demuestre todo lo contrario. [... Y]\u00a0<strong>hay personas que intentan llenar ese vac\u00edo <\/strong>con amor, con comida, con alcohol, cargando su agenda social, dedic\u00e1ndole m\u00e1s tiempo a sus aficiones o machac\u00e1ndose m\u00e1s de la cuenta en el gimnasio. <strong>Se sienten derrotadas, sus fuerzas flaquean<\/strong> y recordar ese \u201cvac\u00edo\u201d les causa un inmenso da\u00f1o\u201d, y que parece <strong>insoportable<\/strong>\u201d. \u00bfEs dif\u00edcil de explicar ese vac\u00edo? \u00bfPor qu\u00e9 se siente ese vac\u00edo? \u00bfEs posible dejar de sentirlo? \u00bfCu\u00e1nto influyen las emociones? \u00bfD\u00f3nde buscar ayuda?... las respuestas a estas y otras preguntas sobre \u201cese vac\u00edo\u201d quiz\u00e1 las pueda encontrar en este enlace: <a href=\"https:\/\/lamenteesmaravillosa.com\/que-puede-ayudarte-cuando-te-sientes-vacio\/\" target=\"_blank\" rel=\"noopener\"><strong>\u00bfQU\u00c9 PUEDE AYUDARTE CUANDO TE SIENTES VAC\u00cdO?<\/strong><\/a><\/p>\n<p style=\"text-align: justify;\">Art\u00edculo recomendado:<\/p>\n<p><iframe loading=\"lazy\" class=\"wp-embedded-content\" title=\"\u00abUNICEF: La angustia psicosocial y la mala salud mental afligen a un n\u00famero excesivo de ni\u00f1os\u00bb \u2014 Web del Maestro CMF\" src=\"https:\/\/webdelmaestrocmf.com\/portal\/unicef-la-angustia-psicosocial-y-la-mala-salud-mental-afligen-a-un-numero-excesivo-de-ninos\/embed\/#?secret=RtIVFAVkbz\" width=\"100%\" height=\"270\" frameborder=\"0\" marginwidth=\"0\" marginheight=\"0\" scrolling=\"no\" sandbox=\"allow-scripts\" data-secret=\"RtIVFAVkbz\"><span data-mce-type=\"bookmark\" style=\"display: inline-block; width: 0px; overflow: hidden; line-height: 0;\" class=\"mce_SELRES_start\">\ufeff<\/span><\/iframe><script type=\"text\/javascript\"><br \/>\n\/*! This file is auto-generated *\/<br \/>\n!function(c,d){\"use strict\";var e=!1,o=!1;if(d.querySelector)if(c.addEventListener)e=!0;if(c.wp=c.wp||{},!c.wp.receiveEmbedMessage)if(c.wp.receiveEmbedMessage=function(e){var t=e.data;if(t)if(t.secret||t.message||t.value)if(!\/[^a-zA-Z0-9]\/.test(t.secret)){for(var r,a,i,s=d.querySelectorAll('iframe[data-secret=\"'+t.secret+'\"]'),n=d.querySelectorAll('blockquote[data-secret=\"'+t.secret+'\"]'),o=0;o<n.length;o++)n[o].style.display=\"none\";for(o=0;o<s.length;o++)if(r=s[o],e.source===r.contentWindow){if(r.removeAttribute(\"style\"),\"height\"===t.message){if(1e3<(i=parseInt(t.value,10)))i=1e3;else if(~~i<200)i=200;r.height=i}if(\"link\"===t.message)if(a=d.createElement(\"a\"),i=d.createElement(\"a\"),a.href=r.getAttribute(\"src\"),i.href=t.value,i.host===a.host)if(d.activeElement===r)c.top.location.href=t.value}}},e)c.addEventListener(\"message\",c.wp.receiveEmbedMessage,!1),d.addEventListener(\"DOMContentLoaded\",t,!1),c.addEventListener(\"load\",t,!1);function t(){if(!o){o=!0;for(var e,t,r,a=-1!==navigator.appVersion.indexOf(\"MSIE 10\"),i=!!navigator.userAgent.match(\/Trident.*rv:11\\.\/),s=d.querySelectorAll(\"iframe.wp-embedded-content\"),n=0;n<s.length;n++){if(!(r=(t=s[n]).getAttribute(\"data-secret\")))r=Math.random().toString(36).substr(2,10),t.src+=\"#?secret=\"+r,t.setAttribute(\"data-secret\",r);if(a||i)(e=t.cloneNode(!0)).removeAttribute(\"security\"),t.parentNode.replaceChild(e,t);t.contentWindow.postMessage({message:\"ready\",secret:r},\"*\")}}}}(window,document);\n<\/script><\/p>\n<p style=\"text-align: justify;\">El riguroso confinamiento ha llevado a experimentar \u2013 consciente o inconscientemente- un cierto trastorno psicol\u00f3gico y emocional, sobre todo en los ni\u00f1os y j\u00f3venes; y que exige mirar, reflexionar y gestionar para entender a nuestros estudiantes, sabiendo que las experiencias solo nos sirven para mejorar ahora y en el futuro, si son gestionadas debidamente. Despu\u00e9s de la rigidez de las normas sanitarias por la pandemia, <strong>\u201cpueden surgir est\u00e1n los trastornos de ansiedad y en el estado de \u00e1nimo, como la depresi\u00f3n, u otros como el miedo excesivo a salir al exterior. Estos pueden afectar al ni\u00f1o a pesar que tenga buen conocimiento de lo que est\u00e1 sucediendo\u201d.<\/strong><\/p>\n<p><img loading=\"lazy\" decoding=\"async\" class=\"alignnone size-full wp-image-76460\" src=\"https:\/\/webdelmaestrocmf.com\/portal\/wp-content\/uploads\/2022\/04\/1-2.png\" alt=\"\" width=\"1000\" height=\"557\" srcset=\"https:\/\/webdelmaestrocmf.com\/portal\/wp-content\/uploads\/2022\/04\/1-2.png 1000w, https:\/\/webdelmaestrocmf.com\/portal\/wp-content\/uploads\/2022\/04\/1-2-300x167.png 300w, https:\/\/webdelmaestrocmf.com\/portal\/wp-content\/uploads\/2022\/04\/1-2-768x428.png 768w, https:\/\/webdelmaestrocmf.com\/portal\/wp-content\/uploads\/2022\/04\/1-2-110x61.png 110w, https:\/\/webdelmaestrocmf.com\/portal\/wp-content\/uploads\/2022\/04\/1-2-200x111.png 200w, https:\/\/webdelmaestrocmf.com\/portal\/wp-content\/uploads\/2022\/04\/1-2-380x212.png 380w, https:\/\/webdelmaestrocmf.com\/portal\/wp-content\/uploads\/2022\/04\/1-2-255x142.png 255w, https:\/\/webdelmaestrocmf.com\/portal\/wp-content\/uploads\/2022\/04\/1-2-550x306.png 550w, https:\/\/webdelmaestrocmf.com\/portal\/wp-content\/uploads\/2022\/04\/1-2-800x446.png 800w\" sizes=\"auto, (max-width: 1000px) 100vw, 1000px\" \/><\/p>\n<p style=\"text-align: justify;\">A nivel escolar, debemos incorporar a los procesos de ense\u00f1anza - aprendizaje ordinarios una orientaci\u00f3n sobre el manejo adecuado de la dimensi\u00f3n psicol\u00f3gica y emocional del ser humano; y que, muy probablemente, nos lleve a modificar los actuales paradigmas educativos. Hay estudios realizados antes de la pandemia, que nos advert\u00edan que \u201centre el 12% y 30 % de ni\u00f1os en edad escolar presentan problemas socioemocionales que obedecen a distintas causas y que afectan las capacidades de aprendizaje y los comportamientos de estos\u201d. Y si bien muchos de los sistemas educativos vigentes <strong>no nos permite abordar las problem\u00e1ticas emocionales de los estudiantes e \u201cimplementar un modelo bio-psico-socio-espiritual desde la psicolog\u00eda en contextos escolares\u201d<\/strong> particulares; estamos frente al desaf\u00edo de \u201c<em>centrar la educaci\u00f3n en ayudar a que los estudiantes decidan lo que son y lo que quieren llegar a ser\u201d<\/em>, fomentando el aprendizaje acompa\u00f1ado, significativo, vivencial y personalizado, que involucre a la persona total del alumno y su medio medioambiente, con la intervenci\u00f3n de los padres de familia, los profesores y los profesionales especialistas, de ser el caso. cf <a href=\"http:\/\/www.scielo.org.co\/scielo.php?script=sci_arttext&amp;pid=S0123-417X2014000300010\" target=\"_blank\" rel=\"noopener\"><strong>EL AN\u00c1LISIS EXISTENCIAL EN LA ESCUELA: DE LA RESTRICCI\u00d3N AL ENCUENTRO CREATIVO<\/strong><\/a><\/p>\n<p style=\"text-align: justify;\">Publicaci\u00f3n recomendada:<\/p>\n<p><iframe loading=\"lazy\" class=\"wp-embedded-content\" title=\"\u00abSi usted no cree en la necesidad de la formaci\u00f3n permanente, no sirve para ser docente (II parte)\u00bb \u2014 Web del Maestro CMF\" src=\"https:\/\/webdelmaestrocmf.com\/portal\/si-usted-no-cree-en-la-necesidad-de-la-formacion-permanente-no-sirve-para-ser-docente-ii-parte\/embed\/#?secret=hly2slwwAl\" width=\"100%\" height=\"270\" frameborder=\"0\" marginwidth=\"0\" marginheight=\"0\" scrolling=\"no\" sandbox=\"allow-scripts\" data-secret=\"hly2slwwAl\"><span data-mce-type=\"bookmark\" style=\"display: inline-block; width: 0px; overflow: hidden; line-height: 0;\" class=\"mce_SELRES_start\">\ufeff<\/span><\/iframe><script type=\"text\/javascript\"><br \/>\n\/*! This file is auto-generated *\/<br \/>\n!function(c,d){\"use strict\";var e=!1,o=!1;if(d.querySelector)if(c.addEventListener)e=!0;if(c.wp=c.wp||{},!c.wp.receiveEmbedMessage)if(c.wp.receiveEmbedMessage=function(e){var t=e.data;if(t)if(t.secret||t.message||t.value)if(!\/[^a-zA-Z0-9]\/.test(t.secret)){for(var r,a,i,s=d.querySelectorAll('iframe[data-secret=\"'+t.secret+'\"]'),n=d.querySelectorAll('blockquote[data-secret=\"'+t.secret+'\"]'),o=0;o<n.length;o++)n[o].style.display=\"none\";for(o=0;o<s.length;o++)if(r=s[o],e.source===r.contentWindow){if(r.removeAttribute(\"style\"),\"height\"===t.message){if(1e3<(i=parseInt(t.value,10)))i=1e3;else if(~~i<200)i=200;r.height=i}if(\"link\"===t.message)if(a=d.createElement(\"a\"),i=d.createElement(\"a\"),a.href=r.getAttribute(\"src\"),i.href=t.value,i.host===a.host)if(d.activeElement===r)c.top.location.href=t.value}}},e)c.addEventListener(\"message\",c.wp.receiveEmbedMessage,!1),d.addEventListener(\"DOMContentLoaded\",t,!1),c.addEventListener(\"load\",t,!1);function t(){if(!o){o=!0;for(var e,t,r,a=-1!==navigator.appVersion.indexOf(\"MSIE 10\"),i=!!navigator.userAgent.match(\/Trident.*rv:11\\.\/),s=d.querySelectorAll(\"iframe.wp-embedded-content\"),n=0;n<s.length;n++){if(!(r=(t=s[n]).getAttribute(\"data-secret\")))r=Math.random().toString(36).substr(2,10),t.src+=\"#?secret=\"+r,t.setAttribute(\"data-secret\",r);if(a||i)(e=t.cloneNode(!0)).removeAttribute(\"security\"),t.parentNode.replaceChild(e,t);t.contentWindow.postMessage({message:\"ready\",secret:r},\"*\")}}}}(window,document);\n<\/script><\/p>\n<p style=\"text-align: justify;\">Si bien el tema es muy amplio, hoy quisi\u00e9ramos ponernos de acuerdo, que no es extra\u00f1o encontrar en nuestro quehacer docente algunos estudiantes que parecen o dicen experimentar \u201cel <strong>sentimiento de vac\u00edo<\/strong> (tambi\u00e9n llamado a veces vac\u00edo existencial)\u201d, que viene a ser como una \u201c<strong>p\u00e9rdida de la motivaci\u00f3n y del inter\u00e9s por aprende o hacer las tareas<\/strong>\u201d, como una sensaci\u00f3n de \u201c<strong>no tener nada dentro<\/strong>\u201d o haber perdido las ganas a todo como si fuera un <strong>vac\u00edo energ\u00e9tico<\/strong> (no tener fuerzas para llevar un proyecto adelante), un <strong>vac\u00edo de deseos<\/strong> (no preferir nada) o <strong>un vac\u00edo de fantas\u00edas<\/strong> (no poder imaginar)\u201d, y en los que frecuentemente se dan trastornos como la \u201cdepresi\u00f3n, trastornos de la conducta alimentaria (anorexia, bulimia, trastorno por atrac\u00f3n), trastornos de la personalidad (trastorno l\u00edmite de la personalidad, trastorno narcisista de la personalidad), adicciones y psicosis\u201d. Y que necesitamos conocer para orientarlos hacia una recuperaci\u00f3n de su estabilidad emocional, con una oportuna derivaci\u00f3n a los profesionales especialistas, de ser necesario. Cf <a href=\"https:\/\/psicologosoviedo.com\/especialidades\/depresion\/sentirse-vacio\/\" target=\"_blank\" rel=\"noopener\"><strong>SENTIRSE VAC\u00cdO<\/strong><\/a><\/p>\n<p style=\"text-align: justify;\">Ante la experiencia de tener el \u201ctanque vac\u00edo\u201d, quiz\u00e1 por haber sentido trastornos en <strong>la vida familiar, la sana convivencia en la escuela y las relaciones positivas entre iguales o pares<\/strong> que se convierten en factores protectores frente a ese fen\u00f3meno emocional, ninguno -ordinariamente- estamos libres de salir solitariamente, y quiz\u00e1 tampoco sea tan f\u00e1cil describir, ni superar; ante lo cual no pocos especialistas insisten en <strong>formar s\u00f3lidamente en Educaci\u00f3n Emocional, a los futuros profesores, para que, con conocimientos pedag\u00f3gicos y cient\u00edficos, sean capaces de ayudar a sus estudiantes a gestionar sus emociones.<\/strong> Y en el caso de que las acciones del entorno directo (familia y escuela) no sean suficientes para mejorar el vac\u00edo existencial del ni\u00f1o o el adolescente, sepa recomendar o solicitar la atenci\u00f3n de los profesionales especializados.<\/p>\n<p style=\"text-align: justify;\">Este video de YouTube, que compartimos por motivos educativos y de formaci\u00f3n permanente, puede servirnos tambi\u00e9n de recurso para gestionar los momentos de vac\u00edo interior, cuando preguntemos el porqu\u00e9, pensemos en nosotros mismos, y no dejemos nunca dejar de so\u00f1ar, de descubrir la importancia de \u201chacer una pausa y tomarnos un momento para volver a llenarnos de cosas buenas que nos animan en la vida. Que lo m\u00e1s importante es llenar ese vac\u00edo, que puede presentarse cuando las emociones de ese vac\u00edo existencial nos desbordan sin raz\u00f3n alguna\u201d. (Tomado de Facebook, de autor desconocido).<\/p>\n<h5 style=\"text-align: justify;\">NO DEJES DE SO\u00d1AR (05\u00b4 18\u201d)<\/h5>\n<p><iframe loading=\"lazy\" title=\"YouTube video player\" src=\"https:\/\/www.youtube.com\/embed\/gg7odj4FpVE\" width=\"100%\" height=\"400\" frameborder=\"0\" allowfullscreen=\"allowfullscreen\"><span data-mce-type=\"bookmark\" style=\"display: inline-block; width: 0px; overflow: hidden; line-height: 0;\" class=\"mce_SELRES_start\">\ufeff<\/span><\/iframe><\/p>\n<p style=\"text-align: justify;\">Ese sentimiento de vac\u00edo, de \u201ctener el taque vac\u00edo\u201d, <strong>asociado frecuentemente al sufrimiento y al conflicto, que pueden experimentar nuestros estudiantes, consideramos que debe merecer nuestra atenci\u00f3n,<\/strong> y por eso les compartimos esta an\u00e9cdota publicada por la Blogger Andrea Villate, quien nos dice que quiz\u00e1 no tengamos 8 a\u00f1os, y puede que tengamos 30, 43, 50 o los que sea, pero TODOS, todos tenemos d\u00edas en que nos quedamos vac\u00edos, como esta historia:<\/p>\n<p style=\"text-align: justify;\"><em>\u201cHab\u00eda comenzado otra semana, el sol comenzaba a salir en el horizonte, la radio anunciaba las noticias del d\u00eda.\u00a0\u00a0 Los ni\u00f1os estaban empacando sus libros en la maleta y su madre se estaba preparando para irse al trabajo, cuando de repente not\u00f3 que su hijo menor estaba de pie en el ba\u00f1o sec\u00e1ndose las l\u00e1grimas.\u00a0 Se detuvo en la puerta y le pregunt\u00f3 si estaba bien.<\/em><\/p>\n<p style=\"text-align: justify;\"><em>Mir\u00f3 hacia arriba, a\u00fan con l\u00e1grimas rodando silenciosamente por sus mejillas y neg\u00f3 con la cabeza. Cuando le pregunt\u00f3 si hab\u00eda pasado algo, volvi\u00f3 a negar con la cabeza.<\/em><\/p>\n<p style=\"text-align: justify;\"><em>As\u00ed que se sent\u00f3 a un lado de la ba\u00f1era y lo tom\u00f3 en sus brazos, le dio un beso en la frente, acarici\u00f3 su mejilla y le dijo que a veces los tanques de nuestro coraz\u00f3n se sienten vac\u00edos y necesitan ser rellenados.\u00a0\u00a0\u00a0 Llor\u00f3 en su pecho desconsoladamente y lo sostuvo con fuerza.\u00a0 Le pregunt\u00f3 si pod\u00eda sentir en ese abrazo todo su amor llen\u00e1ndolo\u2026\u00a0 Asinti\u00f3 levemente con su cabeza y las l\u00e1grimas comenzaron a detenerse\u2026<\/em><em>\u00a0<\/em><\/p>\n<p style=\"text-align: justify; padding-left: 40px;\"><em>Esper\u00f3 un minuto y dijo\u2026<\/em><\/p>\n<p style=\"text-align: justify; padding-left: 40px;\"><em>-\u00bfYa te ha llegado a los dedos de los pies? pregunt\u00f3<\/em><\/p>\n<p style=\"text-align: justify; padding-left: 40px;\"><em>\u00c9l neg\u00f3 con la cabeza\u2026<\/em><\/p>\n<p style=\"text-align: justify; padding-left: 40px;\"><em>-Vale\u2026\u00a0 Tomaremos todo el tiempo que necesites. El trabajo no importa en este momento, ni el colegio tampoco es importante. Esto de aqu\u00ed -posando la mano en su pecho- es lo m\u00e1s importante hoy, \u00bfde acuerdo? \u2026 suspir\u00f3 el ni\u00f1o\u2026 <\/em><\/p>\n<p style=\"text-align: justify; padding-left: 40px;\"><em>\u00a0<\/em><em>Ok, esperemos un minuto m\u00e1s\u2026<\/em><\/p>\n<p style=\"text-align: justify; padding-left: 40px;\"><em>-\u00bfEst\u00e1 tu coraz\u00f3n lleno de amor de mam\u00e1 ahora?<\/em><\/p>\n<p style=\"text-align: justify; padding-left: 40px;\"><em>-Si- Respondi\u00f3 en medio de otro suspiro\u2026\u2019<\/em><\/p>\n<p style=\"text-align: justify; padding-left: 40px;\"><em>Tom\u00f3 su cara en sus manos, lo mir\u00f3 a los ojos y le dijo -\u00a1Lo veo brillando all\u00ed, est\u00e1s lleno hasta el tope y est\u00e1s sonriendo!\u2026\u00a0\u00a0 Tu tanque est\u00e1 nuevamente lleno.\u00a0 <\/em><\/p>\n<p style=\"text-align: justify; padding-left: 40px;\"><em>El ni\u00f1o sonri\u00f3, mir\u00f3 un ray\u00f3 de sol que entraba ligeramente en la ventana y sali\u00f3 corriendo a terminar de empacar sus libros, no sin antes darle un abraz\u00f3 a su mam\u00e1\u201d\u00a0 <\/em><\/p>\n<h5 style=\"text-align: justify;\">VAC\u00cdO EMOCIONAL: TIPS PARA RESOLVERLO (06\u00b4 00\u201d)<\/h5>\n<p><iframe loading=\"lazy\" title=\"YouTube video player\" src=\"https:\/\/www.youtube.com\/embed\/hEC2QzVTf64\" width=\"100%\" height=\"400\" frameborder=\"0\" allowfullscreen=\"allowfullscreen\"><span data-mce-type=\"bookmark\" style=\"display: inline-block; width: 0px; overflow: hidden; line-height: 0;\" class=\"mce_SELRES_start\">\ufeff<\/span><\/iframe><\/p>\n<p style=\"text-align: justify;\">Aunque a veces \u201cfingimos sonrisas para ahorrarnos preguntas\u201d, <strong>es bueno aprender \u201cque se vale estar triste y no pasa nada. No hay que dar explicaciones<\/strong>, hay que vivir cada emoci\u00f3n como llega, <strong>a todos se nos vac\u00eda el tanque<\/strong>, a veces despertamos tristes por algo, por nada en particular o por todo y tenemos que hacer una pausa y tomarnos un momento para volver a llenarnos con las cosas buenas que nos rodea.<\/p>\n<p style=\"text-align: justify;\">A veces <strong>el abrazo<\/strong> de un amigo, las palabras precisas que llegan inesperadamente, <strong>la conversaci\u00f3n<\/strong> con ..., la compa\u00f1\u00eda de una mascota, ... Como el ni\u00f1o de 8 a\u00f1os <strong>poco a poco vemos llenar el tanque del coraz\u00f3n <\/strong>nuevamente con peque\u00f1os momentos. Tal vez una canci\u00f3n que cantamos a grito herido, un meme que alguien nos env\u00eda y nos saca una sonrisa, una lectura reconfortante, un mensaje, una caricia, una puesta de sol, una flor\u2026 <strong>Tantas cosas m\u00e1gicas que vuelven a llenar, a recargar el coraz\u00f3n.<\/strong><\/p>\n<p style=\"text-align: justify;\">Como bien lo dec\u00eda el poeta mexicano Amado Nervo: <em>\u201cSiempre que haya un vac\u00edo en tu vida, ll\u00e9nalo de amor<\/em>\u201d. Cf <a href=\"https:\/\/blogs.elespectador.com\/actualidad\/relaciona2\/tanque-del-corazon\" target=\"_blank\" rel=\"noopener\"><strong>EL TANQUE DEL CORAZ\u00d3N<\/strong><\/a><\/p>\n<p style=\"text-align: justify;\">El psic\u00f3logo Juan Armando Corbin, nos sugiere tener en cuenta <strong>cinco consejos para salir del vac\u00edo existencial o crisis existencial,<\/strong> sabiendo que cada persona necesitar\u00e1 el trazado de una ruta propia, y que aqu\u00ed solo enumeramos:<\/p>\n<ol style=\"text-align: justify;\">\n<li>Conocerse a s\u00ed mismo.<\/li>\n<li>Marcarse objetivos.<\/li>\n<li>Aceptar la realidad.<\/li>\n<li>Vivir el presente.<\/li>\n<li>Buscar ayuda.<\/li>\n<\/ol>\n<p style=\"text-align: justify;\">Les recomendamos leer la explicaci\u00f3n de cada una de las cinco sugerencias anteriores, en este enlace:\u00a0 <a href=\"https:\/\/psicologiaymente.com\/psicologia\/vacio-existencial\" target=\"_blank\" rel=\"noopener\"><strong>VAC\u00cdO EXISTENCIAL: 5 CONSEJOS PARA SABER QU\u00c9 HACER CON TU VIDA<\/strong><\/a><\/p>\n<p style=\"text-align: justify;\">Llegar hasta aqu\u00ed, es una muestra m\u00e1s que nuestros estudiantes son una de las razones m\u00e1s importantes de nuestro ser educadores. <strong>La pandemia entre sus secuelas, no ha dejado un espacio interior que reordenar y equilibrar, en nosotros y en ellos. <\/strong>Aprovechemos esta oportunidad para ejercer nuestra <strong>madurez en el pensamiento cr\u00edtico, leyendo no solo los t\u00edtulos, sino \u00edntegramente el mensaje,<\/strong> para que podamos conocer, mejorar o descartar los contenidos de las publicaciones. Pues ser profesor en el Siglo XXI es tener pleno conocimiento de la clase de estudiantes que deseamos salgan de nuestras aulas de clases, y sentirse responsable de <strong>formar ni\u00f1os y j\u00f3venes que desarrollen \u201cun pensamiento cr\u00edtico, independiente, que se haga sentir y notar por encima de cualquier sistema que vaya en contra de lo que realmente quiere lograr como sujeto<\/strong>, que no le d\u00e9 miedo expresar lo que siente, y hacer lo que realmente desea, no lo que el otro le imponga\u201d. [...] Estudiantes capaces de entender el contexto del entorno y participar en el aula en los procesos de ense\u00f1anza aprendizaje, <strong>en el cual, se construye d\u00eda a d\u00eda, la propia historia, la historia de cada uno<\/strong>, \u201cque, desde su presente, construyan su propia historia. Que, desde su realidad y postura, entiendan la necesidad de construir un pensamiento cr\u00edtico, que los encamine a una realidad diferente\u201d, desde su contexto acad\u00e9mico y pedag\u00f3gico. Cf <a href=\"https:\/\/revistasum.umanizales.edu.co\/ojs\/index.php\/plumillaeducativa\/article\/view\/2981\/4842#:~:text=El%20docente%20con%20pensamiento%20cr%C3%ADtico,desarrolla%20su%20proceso%20de%20aprendizaje.\" target=\"_blank\" rel=\"noopener\"><strong>\u00bfEN QU\u00c9 CONSISTE UN DOCENTE CON PENSAMIENTO CR\u00cdTICO?<\/strong><\/a><\/p>\n<p><img loading=\"lazy\" decoding=\"async\" class=\"size-full wp-image-79459\" src=\"https:\/\/webdelmaestrocmf.com\/portal\/wp-content\/uploads\/2022\/04\/1-12.jpg\" alt=\"\" width=\"900\" height=\"470\" srcset=\"https:\/\/webdelmaestrocmf.com\/portal\/wp-content\/uploads\/2022\/04\/1-12.jpg 900w, https:\/\/webdelmaestrocmf.com\/portal\/wp-content\/uploads\/2022\/04\/1-12-300x157.jpg 300w, https:\/\/webdelmaestrocmf.com\/portal\/wp-content\/uploads\/2022\/04\/1-12-768x401.jpg 768w, https:\/\/webdelmaestrocmf.com\/portal\/wp-content\/uploads\/2022\/04\/1-12-110x57.jpg 110w, https:\/\/webdelmaestrocmf.com\/portal\/wp-content\/uploads\/2022\/04\/1-12-200x104.jpg 200w, https:\/\/webdelmaestrocmf.com\/portal\/wp-content\/uploads\/2022\/04\/1-12-380x198.jpg 380w, https:\/\/webdelmaestrocmf.com\/portal\/wp-content\/uploads\/2022\/04\/1-12-255x133.jpg 255w, https:\/\/webdelmaestrocmf.com\/portal\/wp-content\/uploads\/2022\/04\/1-12-550x287.jpg 550w, https:\/\/webdelmaestrocmf.com\/portal\/wp-content\/uploads\/2022\/04\/1-12-800x418.jpg 800w\" sizes=\"auto, (max-width: 900px) 100vw, 900px\" \/><\/p>\n<p style=\"text-align: justify;\">Recordemos que los educadores, padres de familia y profesores, no solo somos referentes de un buen equilibrio emocional, sino que tambi\u00e9n <strong>somos ejemplo para estar abiertos a aprender siempre a revisar y acudir en busca de ayuda<\/strong> para tener una buena salud mental, y con mucha humildad podemos ser modelos de estar siempre estamos dispuestos a aprender de la experiencia de otros, como dijo Voltaire. La profesora Mar Romera nos recuerda que <strong>un estudiante \u201cno aprende lo que le ense\u00f1amos, nos aprende a nosotros, a sus referentes adultos. <\/strong>Cada docente debe tomar conciencia de la profesi\u00f3n que ha elegido, de la trascendencia que implica y de la importancia social que conlleva; desde aqu\u00ed y desde la responsabilidad individual, cada docente no puede seguir si\u00e9ndolo sin estudiar cada d\u00eda, sin leer, sin evolucionar, sin cambiar, sin desaprender para aprender, sin construir su yo personal cada vez m\u00e1s \u00edntegro y m\u00e1s equilibrado\u201d.<\/p>\n<p><iframe loading=\"lazy\" class=\"wp-embedded-content\" title=\"\u00abMar Romera: Cada docente no puede seguir si\u00e9ndolo sin estudiar cada d\u00eda, sin leer, sin evolucionar, sin cambiar, sin desaprender para aprender\u00bb \u2014 Web del Maestro CMF\" src=\"https:\/\/webdelmaestrocmf.com\/portal\/mar-romera-cada-docente-no-puede-seguir-siendolo-sin-estudiar-cada-dia-sin-leer-sin-evolucionar-sin-cambiar-sin-desaprender-para-aprender\/embed\/#?secret=PXQM8Jcg1Q\" width=\"100%\" height=\"270\" frameborder=\"0\" marginwidth=\"0\" marginheight=\"0\" scrolling=\"no\" sandbox=\"allow-scripts\" data-secret=\"PXQM8Jcg1Q\"><span data-mce-type=\"bookmark\" style=\"display: inline-block; width: 0px; overflow: hidden; line-height: 0;\" class=\"mce_SELRES_start\">\ufeff<\/span><\/iframe><script type=\"text\/javascript\"><br \/>\n\/*! This file is auto-generated *\/<br \/>\n!function(c,d){\"use strict\";var e=!1,o=!1;if(d.querySelector)if(c.addEventListener)e=!0;if(c.wp=c.wp||{},!c.wp.receiveEmbedMessage)if(c.wp.receiveEmbedMessage=function(e){var t=e.data;if(t)if(t.secret||t.message||t.value)if(!\/[^a-zA-Z0-9]\/.test(t.secret)){for(var r,a,i,s=d.querySelectorAll('iframe[data-secret=\"'+t.secret+'\"]'),n=d.querySelectorAll('blockquote[data-secret=\"'+t.secret+'\"]'),o=0;o<n.length;o++)n[o].style.display=\"none\";for(o=0;o<s.length;o++)if(r=s[o],e.source===r.contentWindow){if(r.removeAttribute(\"style\"),\"height\"===t.message){if(1e3<(i=parseInt(t.value,10)))i=1e3;else if(~~i<200)i=200;r.height=i}if(\"link\"===t.message)if(a=d.createElement(\"a\"),i=d.createElement(\"a\"),a.href=r.getAttribute(\"src\"),i.href=t.value,i.host===a.host)if(d.activeElement===r)c.top.location.href=t.value}}},e)c.addEventListener(\"message\",c.wp.receiveEmbedMessage,!1),d.addEventListener(\"DOMContentLoaded\",t,!1),c.addEventListener(\"load\",t,!1);function t(){if(!o){o=!0;for(var e,t,r,a=-1!==navigator.appVersion.indexOf(\"MSIE 10\"),i=!!navigator.userAgent.match(\/Trident.*rv:11\\.\/),s=d.querySelectorAll(\"iframe.wp-embedded-content\"),n=0;n<s.length;n++){if(!(r=(t=s[n]).getAttribute(\"data-secret\")))r=Math.random().toString(36).substr(2,10),t.src+=\"#?secret=\"+r,t.setAttribute(\"data-secret\",r);if(a||i)(e=t.cloneNode(!0)).removeAttribute(\"security\"),t.parentNode.replaceChild(e,t);t.contentWindow.postMessage({message:\"ready\",secret:r},\"*\")}}}}(window,document);\n<\/script><\/p>\n<p style=\"text-align: justify;\">La pandemia nos ha exigido (hasta desafiado dir\u00eda) para <strong>aprender a manejar con mayor habilidad los recursos tecnol\u00f3gicos y digitales<\/strong>; a activar exponencialmente la <strong>creatividad docente<\/strong>, que nos ha permitido descubrir <strong>nuevas rutas en la educaci\u00f3n<\/strong>; pero tambi\u00e9n nos ha hecho dirigir la mirada sobre aspectos importantes que antes eran solo parte del panorama educativo, como <strong>la salud<\/strong>, <strong>la alimentaci\u00f3n, el sueno, la estabilidad emocional<\/strong>, y fijarnos con mayor atenci\u00f3n en <strong>la salud mental<\/strong> de cada uno de los actores del proceso ense\u00f1anza \u2013 aprendizaje, pues cualquiera podr\u00eda encontrarse experimentando un vac\u00edo existencial o estar con el \u201ctanque vac\u00edo\u201d; y que, por tarea docente, merece nuestra <strong>atenci\u00f3n y\u00a0 posible acercamiento a cada uno de nuestros estudiantes<\/strong>, abri\u00e9ndonos la oportunidad de generar una perspectiva emp\u00e1tica que estimular\u00e1 las ganas de superar en nuestros ni\u00f1os y j\u00f3venes sus dificultades interiores, influyendo positivamente en su proceso de ense\u00f1anza-aprendizaje.<\/p>\n<p style=\"text-align: center;\"><em>\u00abSiempre muestra tu bondad y amor a los dem\u00e1s. Tus palabras pueden estar llenando los lugares vac\u00edos en el coraz\u00f3n de alguien\u00bb. (<\/em>Mandy Hale).<\/p>\n<p style=\"text-align: right;\"><strong>REDACCI\u00d3N WEB DEL MAESTRO CMF<\/strong><\/p>\n\t\t<div class=\"pk-inline-posts\">\n\t\t\t\n\t\t\t<div class=\"pk-inline-posts-container pk-inline-posts-template-list\"\n\t\t\t\tdata-columns=\"1\">\n\t\t\t\t\t\t<article id=\"post-17756\" class=\"post-17756 post type-post status-publish format-standard has-post-thumbnail category-jamb tag-dia tag-dia-del-trabajo tag-jorge-bergoglio tag-maestros tag-trabajo cs-entry cs-video-wrap\">\n\t\t\t<div class=\"pk-post-outer\">\n\n\t\t\t\t\t\t\t\t<div class=\"pk-post-inner\">\n\t\t\t\t\t<div class=\"entry-thumbnail\">\n\t\t\t\t\t\t<div class=\"pk-overlay pk-overlay-ratio pk-ratio-landscape\">\n\t\t\t\t\t\t\t<div class=\"pk-overlay-background\">\n\t\t\t\t\t\t\t\t<a href=\"https:\/\/webdelmaestrocmf.com\/portal\/dia-del-trabajo-maestros-gracias-lo-hacen\/\" class=\"pk-overlay-link\">\n\t\t\t\t\t\t\t\t\t<img loading=\"lazy\" decoding=\"async\" width=\"300\" height=\"225\" src=\"https:\/\/webdelmaestrocmf.com\/portal\/wp-content\/uploads\/2023\/05\/Banner-1-portada-imagen-10-1-55-300x225.jpg\" class=\"attachment-pk-thumbnail size-pk-thumbnail wp-post-image\" alt=\"d\u00eda del trabajo\" \/>\t\t\t\t\t\t\t\t<\/a>\n\t\t\t\t\t\t\t<\/div>\n\t\t\t\t\t\t<\/div>\n\t\t\t\t\t<\/div>\n\t\t\t\t<\/div>\n\t\t\t\t\n\t\t\t\t<div class=\"pk-post-inner\">\n\t\t\t\t\t<header>\n\t\t\t\t\t\t<h3 class=\"pk-title\"><a href=\"https:\/\/webdelmaestrocmf.com\/portal\/dia-del-trabajo-maestros-gracias-lo-hacen\/\" rel=\"bookmark\">D\u00eda Internacional de los Trabajadores: Maestros, \u00a1gracias por lo que hacen!<\/a><\/h3>\t\t\t\t\t<\/header><!-- .entry-header -->\n\t\t\t\t<\/div><!-- .post-inner -->\n\n\t\t\t<\/div><!-- .post-outer -->\n\t\t<\/article>\n\t\t\t\t<\/div>\n\t\t<\/div>\n\t\t\n","protected":false},"excerpt":{"rendered":"Despu\u00e9s de la experiencia del cierre de las escuelas y el confinamiento, es cada vez m\u00e1s fuerte la&hellip;","protected":false},"author":1,"featured_media":76463,"comment_status":"open","ping_status":"closed","sticky":false,"template":"","format":"standard","meta":{"csco_display_header_overlay":false,"csco_singular_sidebar":"default","csco_page_header_type":"default","csco_page_load_nextpost":"default","csco_post_video_location":[],"csco_post_video_location_hash":"","csco_post_video_url":"","csco_post_video_bg_start_time":0,"csco_post_video_bg_end_time":0,"csco_post_video_bg_volume":false,"_jetpack_memberships_contains_paid_content":false,"footnotes":""},"categories":[61],"tags":[5476,4857,14753,305,276,607,4863,14752,14751,1284],"class_list":{"0":"post-76459","1":"post","2":"type-post","3":"status-publish","4":"format-standard","5":"has-post-thumbnail","7":"category-jamb","8":"tag-acompanamiento","9":"tag-confinamiento","10":"tag-convivencia-escolar","11":"tag-educacion-emocional","12":"tag-emociones","13":"tag-empatia","14":"tag-pandemia","15":"tag-relaciones-familiares","16":"tag-tanque-vacio","17":"tag-video","18":"cs-entry","19":"cs-video-wrap"},"yoast_head":"<!-- This site is optimized with the Yoast SEO plugin v27.5 - https:\/\/yoast.com\/product\/yoast-seo-wordpress\/ -->\n<title>C\u00f3mo estar atentos cuando nuestros estudiantes andan con \u201cel tanque vac\u00edo\u201d - 2026<\/title>\n<meta name=\"description\" content=\"Despu\u00e9s de la experiencia del cierre de las escuelas y el confinamiento, es cada vez m\u00e1s fuerte la tendencia sobre la necesidad...\" \/>\n<meta name=\"robots\" content=\"index, follow, max-snippet:-1, max-image-preview:large, max-video-preview:-1\" \/>\n<link rel=\"canonical\" href=\"https:\/\/webdelmaestrocmf.com\/portal\/como-estar-atentos-cuando-nuestros-estudiantes-andan-con-el-tanque-vacio\/\" \/>\n<meta property=\"og:locale\" content=\"es_ES\" \/>\n<meta property=\"og:type\" content=\"article\" \/>\n<meta property=\"og:title\" content=\"C\u00f3mo estar atentos cuando nuestros estudiantes andan con \u201cel tanque vac\u00edo\u201d - 2026\" \/>\n<meta property=\"og:description\" content=\"Despu\u00e9s de la experiencia del cierre de las escuelas y el confinamiento, es cada vez m\u00e1s fuerte la tendencia sobre la necesidad...\" \/>\n<meta property=\"og:url\" content=\"https:\/\/webdelmaestrocmf.com\/portal\/como-estar-atentos-cuando-nuestros-estudiantes-andan-con-el-tanque-vacio\/\" \/>\n<meta property=\"og:site_name\" content=\"Web del Maestro CMF\" \/>\n<meta property=\"article:publisher\" content=\"https:\/\/www.facebook.com\/WebdelMaestroCMF\/\" \/>\n<meta property=\"article:author\" content=\"https:\/\/www.facebook.com\/WebdelMaestroCMF\/\" \/>\n<meta property=\"article:published_time\" content=\"2022-11-06T22:36:32+00:00\" \/>\n<meta property=\"article:modified_time\" content=\"2023-01-02T00:39:50+00:00\" \/>\n<meta property=\"og:image\" content=\"https:\/\/i0.wp.com\/webdelmaestrocmf.com\/portal\/wp-content\/uploads\/2022\/04\/1a-5.jpg?fit=1100%2C680&ssl=1\" \/>\n\t<meta property=\"og:image:width\" content=\"1100\" \/>\n\t<meta property=\"og:image:height\" content=\"680\" \/>\n\t<meta property=\"og:image:type\" content=\"image\/jpeg\" \/>\n<meta name=\"author\" content=\"Web del Maestro CMF\" \/>\n<meta name=\"twitter:card\" content=\"summary_large_image\" \/>\n<meta name=\"twitter:creator\" content=\"@cmf_w\" \/>\n<meta name=\"twitter:site\" content=\"@cmf_w\" \/>\n<script type=\"application\/ld+json\" class=\"yoast-schema-graph\">{\"@context\":\"https:\\\/\\\/schema.org\",\"@graph\":[{\"@type\":\"ScholarlyArticle\",\"@id\":\"https:\\\/\\\/webdelmaestrocmf.com\\\/portal\\\/como-estar-atentos-cuando-nuestros-estudiantes-andan-con-el-tanque-vacio\\\/#article\",\"isPartOf\":{\"@id\":\"https:\\\/\\\/webdelmaestrocmf.com\\\/portal\\\/como-estar-atentos-cuando-nuestros-estudiantes-andan-con-el-tanque-vacio\\\/\"},\"author\":{\"name\":\"Web del Maestro CMF\",\"@id\":\"https:\\\/\\\/webdelmaestrocmf.com\\\/portal\\\/#\\\/schema\\\/person\\\/1072a2ed7bd960df8ef99a551fa35dc5\"},\"headline\":\"C\u00f3mo estar atentos cuando nuestros estudiantes andan con \u201cel tanque vac\u00edo\u201d\",\"datePublished\":\"2022-11-06T22:36:32+00:00\",\"dateModified\":\"2023-01-02T00:39:50+00:00\",\"mainEntityOfPage\":{\"@id\":\"https:\\\/\\\/webdelmaestrocmf.com\\\/portal\\\/como-estar-atentos-cuando-nuestros-estudiantes-andan-con-el-tanque-vacio\\\/\"},\"wordCount\":2422,\"commentCount\":0,\"publisher\":{\"@id\":\"https:\\\/\\\/webdelmaestrocmf.com\\\/portal\\\/#organization\"},\"image\":{\"@id\":\"https:\\\/\\\/webdelmaestrocmf.com\\\/portal\\\/como-estar-atentos-cuando-nuestros-estudiantes-andan-con-el-tanque-vacio\\\/#primaryimage\"},\"thumbnailUrl\":\"https:\\\/\\\/webdelmaestrocmf.com\\\/portal\\\/wp-content\\\/uploads\\\/2022\\\/04\\\/1a-5.jpg\",\"keywords\":[\"acompa\u00f1amiento\",\"confinamiento\",\"Convivencia Escolar\",\"EDUCACI\u00d3N EMOCIONAL\",\"EMOCIONES\",\"EMPAT\u00cdA\",\"pandemia\",\"Relaciones familiares\",\"Tanque vac\u00edo\",\"video\"],\"articleSection\":[\"Yo opino - WMCMF\"],\"inLanguage\":\"es\",\"potentialAction\":[{\"@type\":\"CommentAction\",\"name\":\"Comment\",\"target\":[\"https:\\\/\\\/webdelmaestrocmf.com\\\/portal\\\/como-estar-atentos-cuando-nuestros-estudiantes-andan-con-el-tanque-vacio\\\/#respond\"]}]},{\"@type\":\"WebPage\",\"@id\":\"https:\\\/\\\/webdelmaestrocmf.com\\\/portal\\\/como-estar-atentos-cuando-nuestros-estudiantes-andan-con-el-tanque-vacio\\\/\",\"url\":\"https:\\\/\\\/webdelmaestrocmf.com\\\/portal\\\/como-estar-atentos-cuando-nuestros-estudiantes-andan-con-el-tanque-vacio\\\/\",\"name\":\"C\u00f3mo estar atentos cuando nuestros estudiantes andan con \u201cel tanque vac\u00edo\u201d - 2026\",\"isPartOf\":{\"@id\":\"https:\\\/\\\/webdelmaestrocmf.com\\\/portal\\\/#website\"},\"primaryImageOfPage\":{\"@id\":\"https:\\\/\\\/webdelmaestrocmf.com\\\/portal\\\/como-estar-atentos-cuando-nuestros-estudiantes-andan-con-el-tanque-vacio\\\/#primaryimage\"},\"image\":{\"@id\":\"https:\\\/\\\/webdelmaestrocmf.com\\\/portal\\\/como-estar-atentos-cuando-nuestros-estudiantes-andan-con-el-tanque-vacio\\\/#primaryimage\"},\"thumbnailUrl\":\"https:\\\/\\\/webdelmaestrocmf.com\\\/portal\\\/wp-content\\\/uploads\\\/2022\\\/04\\\/1a-5.jpg\",\"datePublished\":\"2022-11-06T22:36:32+00:00\",\"dateModified\":\"2023-01-02T00:39:50+00:00\",\"description\":\"Despu\u00e9s de la experiencia del cierre de las escuelas y el confinamiento, es cada vez m\u00e1s fuerte la tendencia sobre la necesidad...\",\"breadcrumb\":{\"@id\":\"https:\\\/\\\/webdelmaestrocmf.com\\\/portal\\\/como-estar-atentos-cuando-nuestros-estudiantes-andan-con-el-tanque-vacio\\\/#breadcrumb\"},\"inLanguage\":\"es\",\"potentialAction\":[{\"@type\":\"ReadAction\",\"target\":[\"https:\\\/\\\/webdelmaestrocmf.com\\\/portal\\\/como-estar-atentos-cuando-nuestros-estudiantes-andan-con-el-tanque-vacio\\\/\"]}]},{\"@type\":\"ImageObject\",\"inLanguage\":\"es\",\"@id\":\"https:\\\/\\\/webdelmaestrocmf.com\\\/portal\\\/como-estar-atentos-cuando-nuestros-estudiantes-andan-con-el-tanque-vacio\\\/#primaryimage\",\"url\":\"https:\\\/\\\/webdelmaestrocmf.com\\\/portal\\\/wp-content\\\/uploads\\\/2022\\\/04\\\/1a-5.jpg\",\"contentUrl\":\"https:\\\/\\\/webdelmaestrocmf.com\\\/portal\\\/wp-content\\\/uploads\\\/2022\\\/04\\\/1a-5.jpg\",\"width\":1100,\"height\":680},{\"@type\":\"BreadcrumbList\",\"@id\":\"https:\\\/\\\/webdelmaestrocmf.com\\\/portal\\\/como-estar-atentos-cuando-nuestros-estudiantes-andan-con-el-tanque-vacio\\\/#breadcrumb\",\"itemListElement\":[{\"@type\":\"ListItem\",\"position\":1,\"name\":\"Portada\",\"item\":\"https:\\\/\\\/webdelmaestrocmf.com\\\/portal\\\/\"},{\"@type\":\"ListItem\",\"position\":2,\"name\":\"Yo opino - WMCMF\",\"item\":\"https:\\\/\\\/webdelmaestrocmf.com\\\/portal\\\/category\\\/jamb\\\/\"},{\"@type\":\"ListItem\",\"position\":3,\"name\":\"C\u00f3mo estar atentos cuando nuestros estudiantes andan con \u201cel tanque vac\u00edo\u201d\"}]},{\"@type\":\"WebSite\",\"@id\":\"https:\\\/\\\/webdelmaestrocmf.com\\\/portal\\\/#website\",\"url\":\"https:\\\/\\\/webdelmaestrocmf.com\\\/portal\\\/\",\"name\":\"Web del Maestro CMF\",\"description\":\"Maestros al servicio de la educaci\u00f3n\",\"publisher\":{\"@id\":\"https:\\\/\\\/webdelmaestrocmf.com\\\/portal\\\/#organization\"},\"alternateName\":\"WMCMF\",\"potentialAction\":[{\"@type\":\"SearchAction\",\"target\":{\"@type\":\"EntryPoint\",\"urlTemplate\":\"https:\\\/\\\/webdelmaestrocmf.com\\\/portal\\\/?s={search_term_string}\"},\"query-input\":{\"@type\":\"PropertyValueSpecification\",\"valueRequired\":true,\"valueName\":\"search_term_string\"}}],\"inLanguage\":\"es\"},{\"@type\":\"Organization\",\"@id\":\"https:\\\/\\\/webdelmaestrocmf.com\\\/portal\\\/#organization\",\"name\":\"Web del Maestro CMF\",\"alternateName\":\"WMCMF\",\"url\":\"https:\\\/\\\/webdelmaestrocmf.com\\\/portal\\\/\",\"logo\":{\"@type\":\"ImageObject\",\"inLanguage\":\"es\",\"@id\":\"https:\\\/\\\/webdelmaestrocmf.com\\\/portal\\\/#\\\/schema\\\/logo\\\/image\\\/\",\"url\":\"https:\\\/\\\/webdelmaestrocmf.com\\\/portal\\\/wp-content\\\/uploads\\\/2023\\\/01\\\/logo-wmcmf-2.png\",\"contentUrl\":\"https:\\\/\\\/webdelmaestrocmf.com\\\/portal\\\/wp-content\\\/uploads\\\/2023\\\/01\\\/logo-wmcmf-2.png\",\"width\":200,\"height\":60,\"caption\":\"Web del Maestro CMF\"},\"image\":{\"@id\":\"https:\\\/\\\/webdelmaestrocmf.com\\\/portal\\\/#\\\/schema\\\/logo\\\/image\\\/\"},\"sameAs\":[\"https:\\\/\\\/www.facebook.com\\\/WebdelMaestroCMF\\\/\",\"https:\\\/\\\/x.com\\\/cmf_w\",\"https:\\\/\\\/www.pinterest.com\\\/WMCMF\\\/\",\"https:\\\/\\\/www.linkedin.com\\\/company\\\/web-del-maestro-cmf\\\/\",\"https:\\\/\\\/www.instagram.com\\\/wmcmf\\\/\",\"https:\\\/\\\/www.youtube.com\\\/channel\\\/UCDPSvjbdodE5sHnC3OxutHw\",\"https:\\\/\\\/mastodon.social\\\/@wmcmf\",\"https:\\\/\\\/www.tiktok.com\\\/@webdelmaestrocmf\"]},{\"@type\":\"Person\",\"@id\":\"https:\\\/\\\/webdelmaestrocmf.com\\\/portal\\\/#\\\/schema\\\/person\\\/1072a2ed7bd960df8ef99a551fa35dc5\",\"name\":\"Web del Maestro CMF\",\"image\":{\"@type\":\"ImageObject\",\"inLanguage\":\"es\",\"@id\":\"https:\\\/\\\/secure.gravatar.com\\\/avatar\\\/23291dd5b5ae1077dcff3dbb04c3e02bd28403fa75af6d8787d5e97c5bbbe30b?s=96&d=mm&r=g\",\"url\":\"https:\\\/\\\/secure.gravatar.com\\\/avatar\\\/23291dd5b5ae1077dcff3dbb04c3e02bd28403fa75af6d8787d5e97c5bbbe30b?s=96&d=mm&r=g\",\"contentUrl\":\"https:\\\/\\\/secure.gravatar.com\\\/avatar\\\/23291dd5b5ae1077dcff3dbb04c3e02bd28403fa75af6d8787d5e97c5bbbe30b?s=96&d=mm&r=g\",\"caption\":\"Web del Maestro CMF\"},\"description\":\"Esta Web se cre\u00f3 sin fines de lucro, con fines educativos, cient\u00edficos y acad\u00e9micos, para personas que tengan dificultades y\\\/o inconvenientes en visualizar el material original. El objetivo es entregar recursos, compartir experiencias y materiales que ayuden a los padres de familia, maestros y estudiantes en su actualizaci\u00f3n y formaci\u00f3n permanente, en bien de la Educaci\u00f3n.\",\"sameAs\":[\"http:\\\/\\\/webdelmaestrocmf.com\\\/portal\",\"https:\\\/\\\/www.facebook.com\\\/WebdelMaestroCMF\\\/\",\"https:\\\/\\\/www.instagram.com\\\/wmcmf\\\/\",\"https:\\\/\\\/cl.linkedin.com\\\/company\\\/web-del-maestro-cmf\",\"https:\\\/\\\/www.pinterest.com\\\/WMCMF\\\/publicaciones\\\/\",\"https:\\\/\\\/x.com\\\/cmf_w\",\"https:\\\/\\\/www.youtube.com\\\/@WMCMF\"]}]}<\/script>\n<!-- \/ Yoast SEO plugin. -->","yoast_head_json":{"title":"C\u00f3mo estar atentos cuando nuestros estudiantes andan con \u201cel tanque vac\u00edo\u201d - 2026","description":"Despu\u00e9s de la experiencia del cierre de las escuelas y el confinamiento, es cada vez m\u00e1s fuerte la tendencia sobre la necesidad...","robots":{"index":"index","follow":"follow","max-snippet":"max-snippet:-1","max-image-preview":"max-image-preview:large","max-video-preview":"max-video-preview:-1"},"canonical":"https:\/\/webdelmaestrocmf.com\/portal\/como-estar-atentos-cuando-nuestros-estudiantes-andan-con-el-tanque-vacio\/","og_locale":"es_ES","og_type":"article","og_title":"C\u00f3mo estar atentos cuando nuestros estudiantes andan con \u201cel tanque vac\u00edo\u201d - 2026","og_description":"Despu\u00e9s de la experiencia del cierre de las escuelas y el confinamiento, es cada vez m\u00e1s fuerte la tendencia sobre la necesidad...","og_url":"https:\/\/webdelmaestrocmf.com\/portal\/como-estar-atentos-cuando-nuestros-estudiantes-andan-con-el-tanque-vacio\/","og_site_name":"Web del Maestro CMF","article_publisher":"https:\/\/www.facebook.com\/WebdelMaestroCMF\/","article_author":"https:\/\/www.facebook.com\/WebdelMaestroCMF\/","article_published_time":"2022-11-06T22:36:32+00:00","article_modified_time":"2023-01-02T00:39:50+00:00","og_image":[{"width":1100,"height":680,"url":"https:\/\/i0.wp.com\/webdelmaestrocmf.com\/portal\/wp-content\/uploads\/2022\/04\/1a-5.jpg?fit=1100%2C680&ssl=1","type":"image\/jpeg"}],"author":"Web del Maestro CMF","twitter_card":"summary_large_image","twitter_creator":"@cmf_w","twitter_site":"@cmf_w","schema":{"@context":"https:\/\/schema.org","@graph":[{"@type":"ScholarlyArticle","@id":"https:\/\/webdelmaestrocmf.com\/portal\/como-estar-atentos-cuando-nuestros-estudiantes-andan-con-el-tanque-vacio\/#article","isPartOf":{"@id":"https:\/\/webdelmaestrocmf.com\/portal\/como-estar-atentos-cuando-nuestros-estudiantes-andan-con-el-tanque-vacio\/"},"author":{"name":"Web del Maestro CMF","@id":"https:\/\/webdelmaestrocmf.com\/portal\/#\/schema\/person\/1072a2ed7bd960df8ef99a551fa35dc5"},"headline":"C\u00f3mo estar atentos cuando nuestros estudiantes andan con \u201cel tanque vac\u00edo\u201d","datePublished":"2022-11-06T22:36:32+00:00","dateModified":"2023-01-02T00:39:50+00:00","mainEntityOfPage":{"@id":"https:\/\/webdelmaestrocmf.com\/portal\/como-estar-atentos-cuando-nuestros-estudiantes-andan-con-el-tanque-vacio\/"},"wordCount":2422,"commentCount":0,"publisher":{"@id":"https:\/\/webdelmaestrocmf.com\/portal\/#organization"},"image":{"@id":"https:\/\/webdelmaestrocmf.com\/portal\/como-estar-atentos-cuando-nuestros-estudiantes-andan-con-el-tanque-vacio\/#primaryimage"},"thumbnailUrl":"https:\/\/webdelmaestrocmf.com\/portal\/wp-content\/uploads\/2022\/04\/1a-5.jpg","keywords":["acompa\u00f1amiento","confinamiento","Convivencia Escolar","EDUCACI\u00d3N EMOCIONAL","EMOCIONES","EMPAT\u00cdA","pandemia","Relaciones familiares","Tanque vac\u00edo","video"],"articleSection":["Yo opino - WMCMF"],"inLanguage":"es","potentialAction":[{"@type":"CommentAction","name":"Comment","target":["https:\/\/webdelmaestrocmf.com\/portal\/como-estar-atentos-cuando-nuestros-estudiantes-andan-con-el-tanque-vacio\/#respond"]}]},{"@type":"WebPage","@id":"https:\/\/webdelmaestrocmf.com\/portal\/como-estar-atentos-cuando-nuestros-estudiantes-andan-con-el-tanque-vacio\/","url":"https:\/\/webdelmaestrocmf.com\/portal\/como-estar-atentos-cuando-nuestros-estudiantes-andan-con-el-tanque-vacio\/","name":"C\u00f3mo estar atentos cuando nuestros estudiantes andan con \u201cel tanque vac\u00edo\u201d - 2026","isPartOf":{"@id":"https:\/\/webdelmaestrocmf.com\/portal\/#website"},"primaryImageOfPage":{"@id":"https:\/\/webdelmaestrocmf.com\/portal\/como-estar-atentos-cuando-nuestros-estudiantes-andan-con-el-tanque-vacio\/#primaryimage"},"image":{"@id":"https:\/\/webdelmaestrocmf.com\/portal\/como-estar-atentos-cuando-nuestros-estudiantes-andan-con-el-tanque-vacio\/#primaryimage"},"thumbnailUrl":"https:\/\/webdelmaestrocmf.com\/portal\/wp-content\/uploads\/2022\/04\/1a-5.jpg","datePublished":"2022-11-06T22:36:32+00:00","dateModified":"2023-01-02T00:39:50+00:00","description":"Despu\u00e9s de la experiencia del cierre de las escuelas y el confinamiento, es cada vez m\u00e1s fuerte la tendencia sobre la necesidad...","breadcrumb":{"@id":"https:\/\/webdelmaestrocmf.com\/portal\/como-estar-atentos-cuando-nuestros-estudiantes-andan-con-el-tanque-vacio\/#breadcrumb"},"inLanguage":"es","potentialAction":[{"@type":"ReadAction","target":["https:\/\/webdelmaestrocmf.com\/portal\/como-estar-atentos-cuando-nuestros-estudiantes-andan-con-el-tanque-vacio\/"]}]},{"@type":"ImageObject","inLanguage":"es","@id":"https:\/\/webdelmaestrocmf.com\/portal\/como-estar-atentos-cuando-nuestros-estudiantes-andan-con-el-tanque-vacio\/#primaryimage","url":"https:\/\/webdelmaestrocmf.com\/portal\/wp-content\/uploads\/2022\/04\/1a-5.jpg","contentUrl":"https:\/\/webdelmaestrocmf.com\/portal\/wp-content\/uploads\/2022\/04\/1a-5.jpg","width":1100,"height":680},{"@type":"BreadcrumbList","@id":"https:\/\/webdelmaestrocmf.com\/portal\/como-estar-atentos-cuando-nuestros-estudiantes-andan-con-el-tanque-vacio\/#breadcrumb","itemListElement":[{"@type":"ListItem","position":1,"name":"Portada","item":"https:\/\/webdelmaestrocmf.com\/portal\/"},{"@type":"ListItem","position":2,"name":"Yo opino - WMCMF","item":"https:\/\/webdelmaestrocmf.com\/portal\/category\/jamb\/"},{"@type":"ListItem","position":3,"name":"C\u00f3mo estar atentos cuando nuestros estudiantes andan con \u201cel tanque vac\u00edo\u201d"}]},{"@type":"WebSite","@id":"https:\/\/webdelmaestrocmf.com\/portal\/#website","url":"https:\/\/webdelmaestrocmf.com\/portal\/","name":"Web del Maestro CMF","description":"Maestros al servicio de la educaci\u00f3n","publisher":{"@id":"https:\/\/webdelmaestrocmf.com\/portal\/#organization"},"alternateName":"WMCMF","potentialAction":[{"@type":"SearchAction","target":{"@type":"EntryPoint","urlTemplate":"https:\/\/webdelmaestrocmf.com\/portal\/?s={search_term_string}"},"query-input":{"@type":"PropertyValueSpecification","valueRequired":true,"valueName":"search_term_string"}}],"inLanguage":"es"},{"@type":"Organization","@id":"https:\/\/webdelmaestrocmf.com\/portal\/#organization","name":"Web del Maestro CMF","alternateName":"WMCMF","url":"https:\/\/webdelmaestrocmf.com\/portal\/","logo":{"@type":"ImageObject","inLanguage":"es","@id":"https:\/\/webdelmaestrocmf.com\/portal\/#\/schema\/logo\/image\/","url":"https:\/\/webdelmaestrocmf.com\/portal\/wp-content\/uploads\/2023\/01\/logo-wmcmf-2.png","contentUrl":"https:\/\/webdelmaestrocmf.com\/portal\/wp-content\/uploads\/2023\/01\/logo-wmcmf-2.png","width":200,"height":60,"caption":"Web del Maestro CMF"},"image":{"@id":"https:\/\/webdelmaestrocmf.com\/portal\/#\/schema\/logo\/image\/"},"sameAs":["https:\/\/www.facebook.com\/WebdelMaestroCMF\/","https:\/\/x.com\/cmf_w","https:\/\/www.pinterest.com\/WMCMF\/","https:\/\/www.linkedin.com\/company\/web-del-maestro-cmf\/","https:\/\/www.instagram.com\/wmcmf\/","https:\/\/www.youtube.com\/channel\/UCDPSvjbdodE5sHnC3OxutHw","https:\/\/mastodon.social\/@wmcmf","https:\/\/www.tiktok.com\/@webdelmaestrocmf"]},{"@type":"Person","@id":"https:\/\/webdelmaestrocmf.com\/portal\/#\/schema\/person\/1072a2ed7bd960df8ef99a551fa35dc5","name":"Web del Maestro CMF","image":{"@type":"ImageObject","inLanguage":"es","@id":"https:\/\/secure.gravatar.com\/avatar\/23291dd5b5ae1077dcff3dbb04c3e02bd28403fa75af6d8787d5e97c5bbbe30b?s=96&d=mm&r=g","url":"https:\/\/secure.gravatar.com\/avatar\/23291dd5b5ae1077dcff3dbb04c3e02bd28403fa75af6d8787d5e97c5bbbe30b?s=96&d=mm&r=g","contentUrl":"https:\/\/secure.gravatar.com\/avatar\/23291dd5b5ae1077dcff3dbb04c3e02bd28403fa75af6d8787d5e97c5bbbe30b?s=96&d=mm&r=g","caption":"Web del Maestro CMF"},"description":"Esta Web se cre\u00f3 sin fines de lucro, con fines educativos, cient\u00edficos y acad\u00e9micos, para personas que tengan dificultades y\/o inconvenientes en visualizar el material original. El objetivo es entregar recursos, compartir experiencias y materiales que ayuden a los padres de familia, maestros y estudiantes en su actualizaci\u00f3n y formaci\u00f3n permanente, en bien de la Educaci\u00f3n.","sameAs":["http:\/\/webdelmaestrocmf.com\/portal","https:\/\/www.facebook.com\/WebdelMaestroCMF\/","https:\/\/www.instagram.com\/wmcmf\/","https:\/\/cl.linkedin.com\/company\/web-del-maestro-cmf","https:\/\/www.pinterest.com\/WMCMF\/publicaciones\/","https:\/\/x.com\/cmf_w","https:\/\/www.youtube.com\/@WMCMF"]}]}},"jetpack_featured_media_url":"https:\/\/webdelmaestrocmf.com\/portal\/wp-content\/uploads\/2022\/04\/1a-5.jpg","jetpack_sharing_enabled":true,"jetpack-related-posts":[{"id":46608,"url":"https:\/\/webdelmaestrocmf.com\/portal\/al-regresar-a-la-escuela-luego-del-confinamiento-seremos-mejores-o-solo-distintos\/","url_meta":{"origin":76459,"position":0},"title":"Al regresar a la escuela luego del confinamiento \u00bfseremos mejores o solo distintos?","author":"Web del Maestro CMF","date":"22 abril, 2020","format":false,"excerpt":"La Psic\u00f3loga Samantha Brooks, con un equipo de psic\u00f3logos del King\u2019s College de Londres (Inglaterra), \u201cha publicado un estudio en la revista The Lancet en el que se detalla todo lo que sabemos sobre las consecuencias psicol\u00f3gicas de las cuarentenas, basado en experiencias anteriores: desde el s\u00edndrome respiratorio agudo (SARS)\u2026","rel":"","context":"En \u00abINTER\u00c9S\u00bb","block_context":{"text":"INTER\u00c9S","link":"https:\/\/webdelmaestrocmf.com\/portal\/category\/noticias-educacion\/"},"img":{"alt_text":"","src":"https:\/\/i0.wp.com\/webdelmaestrocmf.com\/portal\/wp-content\/uploads\/2020\/04\/4-15.jpg?resize=350%2C200&ssl=1","width":350,"height":200,"srcset":"https:\/\/i0.wp.com\/webdelmaestrocmf.com\/portal\/wp-content\/uploads\/2020\/04\/4-15.jpg?resize=350%2C200&ssl=1 1x, https:\/\/i0.wp.com\/webdelmaestrocmf.com\/portal\/wp-content\/uploads\/2020\/04\/4-15.jpg?resize=525%2C300&ssl=1 1.5x, https:\/\/i0.wp.com\/webdelmaestrocmf.com\/portal\/wp-content\/uploads\/2020\/04\/4-15.jpg?resize=700%2C400&ssl=1 2x, https:\/\/i0.wp.com\/webdelmaestrocmf.com\/portal\/wp-content\/uploads\/2020\/04\/4-15.jpg?resize=1050%2C600&ssl=1 3x"},"classes":[]},{"id":54018,"url":"https:\/\/webdelmaestrocmf.com\/portal\/dia-internacional-contra-la-violencia-y-el-acoso-escolar-incluido-el-ciberacoso\/","url_meta":{"origin":76459,"position":1},"title":"D\u00eda Internacional contra la violencia y el Acoso escolar, incluido el Ciberacoso","author":"Web del Maestro CMF","date":"4 noviembre, 2020","format":false,"excerpt":"La 207\u00aa sesi\u00f3n del Consejo Ejecutivo de la UNESCO (1919), declar\u00f3 el primer jueves del mes de noviembre de cada a\u00f1o, como el D\u00eda Internacional contra la Violencia y el Acoso en la Escuela, incluido el Ciberacoso, \u201creconociendo de este modo que la violencia en el entorno escolar bajo todas\u2026","rel":"","context":"En \u00abYo opino - WMCMF\u00bb","block_context":{"text":"Yo opino - WMCMF","link":"https:\/\/webdelmaestrocmf.com\/portal\/category\/jamb\/"},"img":{"alt_text":"","src":"https:\/\/i0.wp.com\/webdelmaestrocmf.com\/portal\/wp-content\/uploads\/2020\/11\/1-31.jpg?resize=350%2C200&ssl=1","width":350,"height":200,"srcset":"https:\/\/i0.wp.com\/webdelmaestrocmf.com\/portal\/wp-content\/uploads\/2020\/11\/1-31.jpg?resize=350%2C200&ssl=1 1x, https:\/\/i0.wp.com\/webdelmaestrocmf.com\/portal\/wp-content\/uploads\/2020\/11\/1-31.jpg?resize=525%2C300&ssl=1 1.5x, https:\/\/i0.wp.com\/webdelmaestrocmf.com\/portal\/wp-content\/uploads\/2020\/11\/1-31.jpg?resize=700%2C400&ssl=1 2x, https:\/\/i0.wp.com\/webdelmaestrocmf.com\/portal\/wp-content\/uploads\/2020\/11\/1-31.jpg?resize=1050%2C600&ssl=1 3x"},"classes":[]},{"id":48584,"url":"https:\/\/webdelmaestrocmf.com\/portal\/catherine-lecuyer-muchos-ninos-llevan-anos-viviendo-la-experiencia-de-este-confinamiento\/","url_meta":{"origin":76459,"position":2},"title":"Catherine L\u2019Ecuyer: Tres factores que son m\u00e1s determinantes que el confinamiento en s\u00ed","author":"Web del Maestro CMF","date":"30 junio, 2020","format":false,"excerpt":"Catherine L\u2019Ecuyer, de nacionalidad canadiense y residente en Barcelona (Espa\u00f1a), es m\u00e1ster de Investigaci\u00f3n y Doctora en Educaci\u00f3n y Psicolog\u00eda, autora de varios libros y art\u00edculos sobre el tema de la educaci\u00f3n, entre ellos Educar en la realidad y Educar en el asombro, tambi\u00e9n tiene un blog; colabora en la\u2026","rel":"","context":"En \u00abEntrevistas\u00bb","block_context":{"text":"Entrevistas","link":"https:\/\/webdelmaestrocmf.com\/portal\/category\/noticias\/entrevistas\/"},"img":{"alt_text":"","src":"https:\/\/i0.wp.com\/webdelmaestrocmf.com\/portal\/wp-content\/uploads\/2020\/06\/1-184.jpg?resize=350%2C200&ssl=1","width":350,"height":200,"srcset":"https:\/\/i0.wp.com\/webdelmaestrocmf.com\/portal\/wp-content\/uploads\/2020\/06\/1-184.jpg?resize=350%2C200&ssl=1 1x, https:\/\/i0.wp.com\/webdelmaestrocmf.com\/portal\/wp-content\/uploads\/2020\/06\/1-184.jpg?resize=525%2C300&ssl=1 1.5x, https:\/\/i0.wp.com\/webdelmaestrocmf.com\/portal\/wp-content\/uploads\/2020\/06\/1-184.jpg?resize=700%2C400&ssl=1 2x, https:\/\/i0.wp.com\/webdelmaestrocmf.com\/portal\/wp-content\/uploads\/2020\/06\/1-184.jpg?resize=1050%2C600&ssl=1 3x"},"classes":[]},{"id":110226,"url":"https:\/\/webdelmaestrocmf.com\/portal\/como-va-la-salud-mental-de-sus-padres-de-familia-y-estudiantes-i-parte\/","url_meta":{"origin":76459,"position":3},"title":"C\u00f3mo va la salud mental de sus padres de familia y estudiantes? (I Parte)","author":"Web del Maestro CMF","date":"20 junio, 2025","format":false,"excerpt":"Ahora los profesores debemos y tenemos que actualizarnos en Salud Mental","rel":"","context":"En \u00abYo opino - WMCMF\u00bb","block_context":{"text":"Yo opino - WMCMF","link":"https:\/\/webdelmaestrocmf.com\/portal\/category\/jamb\/"},"img":{"alt_text":"","src":"https:\/\/i0.wp.com\/webdelmaestrocmf.com\/portal\/wp-content\/uploads\/2025\/06\/1A-Banner-1-portada-imagen-10-1-copia-15.jpg?resize=350%2C200&ssl=1","width":350,"height":200,"srcset":"https:\/\/i0.wp.com\/webdelmaestrocmf.com\/portal\/wp-content\/uploads\/2025\/06\/1A-Banner-1-portada-imagen-10-1-copia-15.jpg?resize=350%2C200&ssl=1 1x, https:\/\/i0.wp.com\/webdelmaestrocmf.com\/portal\/wp-content\/uploads\/2025\/06\/1A-Banner-1-portada-imagen-10-1-copia-15.jpg?resize=525%2C300&ssl=1 1.5x, https:\/\/i0.wp.com\/webdelmaestrocmf.com\/portal\/wp-content\/uploads\/2025\/06\/1A-Banner-1-portada-imagen-10-1-copia-15.jpg?resize=700%2C400&ssl=1 2x"},"classes":[]},{"id":116478,"url":"https:\/\/webdelmaestrocmf.com\/portal\/como-va-la-salud-mental-de-sus-padres-de-familia-y-estudiantes-iii-parte\/","url_meta":{"origin":76459,"position":4},"title":"\u00bfC\u00f3mo va la salud mental y emocional de sus padres de familia y estudiantes? (III Parte)","author":"Web del Maestro CMF","date":"14 marzo, 2026","format":false,"excerpt":"Ninguna metodolog\u00eda, por innovadora que sea, puede reemplazar el equilibrio emocional que deber\u00eda formarse primero en la familia. Sin esa base, ense\u00f1ar se vuelve mucho m\u00e1s dif\u00edcil.","rel":"","context":"En \u00abYo opino - WMCMF\u00bb","block_context":{"text":"Yo opino - WMCMF","link":"https:\/\/webdelmaestrocmf.com\/portal\/category\/jamb\/"},"img":{"alt_text":"","src":"https:\/\/i0.wp.com\/webdelmaestrocmf.com\/portal\/wp-content\/uploads\/2026\/03\/1AA-Banner-1-portada-imagen-10-1-copia-2-3.webp?resize=350%2C200&ssl=1","width":350,"height":200,"srcset":"https:\/\/i0.wp.com\/webdelmaestrocmf.com\/portal\/wp-content\/uploads\/2026\/03\/1AA-Banner-1-portada-imagen-10-1-copia-2-3.webp?resize=350%2C200&ssl=1 1x, https:\/\/i0.wp.com\/webdelmaestrocmf.com\/portal\/wp-content\/uploads\/2026\/03\/1AA-Banner-1-portada-imagen-10-1-copia-2-3.webp?resize=525%2C300&ssl=1 1.5x, https:\/\/i0.wp.com\/webdelmaestrocmf.com\/portal\/wp-content\/uploads\/2026\/03\/1AA-Banner-1-portada-imagen-10-1-copia-2-3.webp?resize=700%2C400&ssl=1 2x, https:\/\/i0.wp.com\/webdelmaestrocmf.com\/portal\/wp-content\/uploads\/2026\/03\/1AA-Banner-1-portada-imagen-10-1-copia-2-3.webp?resize=1050%2C600&ssl=1 3x"},"classes":[]},{"id":111273,"url":"https:\/\/webdelmaestrocmf.com\/portal\/como-va-la-salud-mental-de-sus-padres-de-familia-y-estudiantes-i-parte-2\/","url_meta":{"origin":76459,"position":5},"title":"\u00bfC\u00f3mo va la salud mental de sus padres de familia y estudiantes? (I Parte)","author":"Web del Maestro CMF","date":"16 julio, 2025","format":false,"excerpt":"El aula refleja el estado emocional de sus protagonistas: sin salud mental, no hay aprendizaje, v\u00ednculos sanos ni futuro posible.","rel":"","context":"En \u00abYo opino - WMCMF\u00bb","block_context":{"text":"Yo opino - WMCMF","link":"https:\/\/webdelmaestrocmf.com\/portal\/category\/jamb\/"},"img":{"alt_text":"","src":"https:\/\/i0.wp.com\/webdelmaestrocmf.com\/portal\/wp-content\/uploads\/2025\/07\/1A-Banner-1-portada-imagen-10-1-copia-68.jpg?resize=350%2C200&ssl=1","width":350,"height":200,"srcset":"https:\/\/i0.wp.com\/webdelmaestrocmf.com\/portal\/wp-content\/uploads\/2025\/07\/1A-Banner-1-portada-imagen-10-1-copia-68.jpg?resize=350%2C200&ssl=1 1x, https:\/\/i0.wp.com\/webdelmaestrocmf.com\/portal\/wp-content\/uploads\/2025\/07\/1A-Banner-1-portada-imagen-10-1-copia-68.jpg?resize=525%2C300&ssl=1 1.5x, https:\/\/i0.wp.com\/webdelmaestrocmf.com\/portal\/wp-content\/uploads\/2025\/07\/1A-Banner-1-portada-imagen-10-1-copia-68.jpg?resize=700%2C400&ssl=1 2x"},"classes":[]}],"_links":{"self":[{"href":"https:\/\/webdelmaestrocmf.com\/portal\/wp-json\/wp\/v2\/posts\/76459","targetHints":{"allow":["GET"]}}],"collection":[{"href":"https:\/\/webdelmaestrocmf.com\/portal\/wp-json\/wp\/v2\/posts"}],"about":[{"href":"https:\/\/webdelmaestrocmf.com\/portal\/wp-json\/wp\/v2\/types\/post"}],"author":[{"embeddable":true,"href":"https:\/\/webdelmaestrocmf.com\/portal\/wp-json\/wp\/v2\/users\/1"}],"replies":[{"embeddable":true,"href":"https:\/\/webdelmaestrocmf.com\/portal\/wp-json\/wp\/v2\/comments?post=76459"}],"version-history":[{"count":0,"href":"https:\/\/webdelmaestrocmf.com\/portal\/wp-json\/wp\/v2\/posts\/76459\/revisions"}],"wp:featuredmedia":[{"embeddable":true,"href":"https:\/\/webdelmaestrocmf.com\/portal\/wp-json\/wp\/v2\/media\/76463"}],"wp:attachment":[{"href":"https:\/\/webdelmaestrocmf.com\/portal\/wp-json\/wp\/v2\/media?parent=76459"}],"wp:term":[{"taxonomy":"category","embeddable":true,"href":"https:\/\/webdelmaestrocmf.com\/portal\/wp-json\/wp\/v2\/categories?post=76459"},{"taxonomy":"post_tag","embeddable":true,"href":"https:\/\/webdelmaestrocmf.com\/portal\/wp-json\/wp\/v2\/tags?post=76459"}],"curies":[{"name":"wp","href":"https:\/\/api.w.org\/{rel}","templated":true}]}}