{"id":76420,"date":"2022-05-28T20:35:20","date_gmt":"2022-05-29T00:35:20","guid":{"rendered":"https:\/\/webdelmaestrocmf.com\/portal\/?p=76420"},"modified":"2024-01-03T22:16:09","modified_gmt":"2024-01-04T01:16:09","slug":"como-formular-los-criterios-de-evaluacion","status":"publish","type":"post","link":"https:\/\/webdelmaestrocmf.com\/portal\/como-formular-los-criterios-de-evaluacion\/","title":{"rendered":"\u00bfC\u00f3mo formular los criterios de evaluaci\u00f3n?"},"content":{"rendered":"<p style=\"text-align: justify;\"><strong>En la evaluaci\u00f3n del aprendizaje con un enfoque educativo con orientaci\u00f3n por competencias, ya sea para programas de estudio por asignaturas o con estructura modular o tambi\u00e9n para cursos espec\u00edficos, es un requerimiento necesario y complementario a la tarea evaluadora el establecer criterios de evaluaci\u00f3n para los diferentes objetivos o aprendizajes esperados, planteados en los diferentes programas de asignaturas o cursos.<\/strong><\/p>\n<p><!--more--><\/p>\n<p style=\"text-align: justify;\">Los criterios de evaluaci\u00f3n, deben entenderse como indicadores concretos de aprendizaje, los cuales deber\u00edan demostrar los alumnos como producto del proceso ense\u00f1anza y aprendizaje.<\/p>\n<p style=\"text-align: justify;\">Tambi\u00e9n debe consider\u00e1rselas como par\u00e1metros o patrones, los cuales son utilizados para designar una base de referencia para el juicio de valor que se establece al evaluar.<\/p>\n<p style=\"text-align: justify;\">Los criterios definen\u00a0<strong><em>\u201clo que se espera\u201d<\/em><\/strong>\u00a0de algo que se eval\u00faa, es decir, que por medio de estos se puede realizar la\u00a0<strong>\u201clectura\u201d<\/strong>\u00a0del objeto evaluado y compararlo con un referente o\u00a0<u>est\u00e1ndar de desempe\u00f1o.<\/u>\u00a0En este sentido, establecen el nivel requerido y esperado de los aprendizajes y definen cu\u00e1ndo se considera que un alumno y alumna ha conseguido un objetivo determinado.<\/p>\n<p style=\"text-align: justify;\">El establecimiento de los criterios de evaluaci\u00f3n requiere de una especificaci\u00f3n de los aspectos a evaluar a trav\u00e9s de indicadores concretos, consensuados, comunes, y conocidos por los sujetos de la evaluaci\u00f3n.<\/p>\n<p style=\"text-align: justify;\">Este proceso se hace especialmente necesario cuando se espera valorar en forma uniforme y est\u00e1ndar a un grupo determinado, en este caso de estudiantes.<\/p>\n<p style=\"text-align: justify;\">Los criterios de evaluaci\u00f3n son producto de un an\u00e1lisis y reducci\u00f3n did\u00e1ctica de docentes expertos en las tem\u00e1ticas de la asignatura, los que proponen la base com\u00fan est\u00e1ndar o base m\u00ednima a alcanzar por los alumnos.<\/p>\n<h2 style=\"text-align: left;\"><strong>\u201cPensar en criterios es reflexionar respecto qu\u00e9 evaluar\u201d<\/strong><\/h2>\n<p style=\"text-align: justify;\">Frente a los diferentes objetivos o aprendizajes esperados se proponen los criterios de evaluaci\u00f3n o indicadores a considerar y en base a estos, se sugieren y elaboran posteriormente las preguntas para las pruebas y las pautas de observaci\u00f3n.<\/p>\n<p style=\"text-align: justify;\"><strong>La evaluaci\u00f3n basada en criterios<\/strong>\u00a0previamente establecidos, permite al docente hacer un an\u00e1lisis de resultados de aprendizaje m\u00e1s fino dentro de un mismo objetivo para conocer en qu\u00e9 medida cada uno de sus alumnos ha logrado los conocimientos o competencias espec\u00edficas y por ende cu\u00e1nto de las materias vistas en clases han sido efectivamente entendidas.<\/p>\n<p style=\"text-align: justify;\">Por otra parte, el que el docente conozca anticipadamente y espec\u00edficamente lo que se espera que logren los alumnos facilita su tarea de desarrollo de material did\u00e1ctico efectivo para su asignatura, en la medida en que sus gu\u00edas de aprendizaje, ejercicios y otros est\u00e9n asociados a las pautas de evaluaci\u00f3n preestablecidas.<\/p>\n<p style=\"text-align: justify;\">Estos criterios de evaluaci\u00f3n deben ser entregados a los alumnos desde un inicio, es decir, previo al proceso de ense\u00f1anza-aprendizaje, de esta forma alumnos y docentes comprenden y pretenden lo mismo en las situaciones de evaluaci\u00f3n, lo que facilita al docente elaborar pruebas m\u00e1s justas y a los alumnos estudiar mejor y tener mayores opciones de obtener buenos resultados.<\/p>\n<p><img loading=\"lazy\" decoding=\"async\" class=\"alignnone wp-image-76422\" src=\"https:\/\/webdelmaestrocmf.com\/portal\/wp-content\/uploads\/2022\/04\/1-1.png\" alt=\"\" width=\"727\" height=\"323\" srcset=\"https:\/\/webdelmaestrocmf.com\/portal\/wp-content\/uploads\/2022\/04\/1-1.png 565w, https:\/\/webdelmaestrocmf.com\/portal\/wp-content\/uploads\/2022\/04\/1-1-300x133.png 300w, https:\/\/webdelmaestrocmf.com\/portal\/wp-content\/uploads\/2022\/04\/1-1-110x49.png 110w, https:\/\/webdelmaestrocmf.com\/portal\/wp-content\/uploads\/2022\/04\/1-1-200x89.png 200w, https:\/\/webdelmaestrocmf.com\/portal\/wp-content\/uploads\/2022\/04\/1-1-380x169.png 380w, https:\/\/webdelmaestrocmf.com\/portal\/wp-content\/uploads\/2022\/04\/1-1-255x113.png 255w, https:\/\/webdelmaestrocmf.com\/portal\/wp-content\/uploads\/2022\/04\/1-1-550x244.png 550w\" sizes=\"auto, (max-width: 727px) 100vw, 727px\" \/><\/p>\n<p style=\"text-align: justify;\">Frente a los diferentes objetivos espec\u00edficos o aprendizajes esperados, se proponen los criterios de evaluaci\u00f3n a considerar y en base a estos, se sugieren y elaboran posteriormente las preguntas para las pruebas y\/o las pautas de observaci\u00f3n:<\/p>\n<p style=\"text-align: justify;\">Los criterios de evaluaci\u00f3n son un medio que permite seleccionar los aprendizajes m\u00e1s relevantes de un objetivo de aprendizaje, ya sean de tipo conceptual, procedimental o actitudinal.<\/p>\n<p style=\"text-align: justify;\">El \u00e9nfasis de estos, por lo tanto, puede estar centrado en:<\/p>\n<ul>\n<li style=\"text-align: justify;\"><strong>Comprobar <\/strong>en qu\u00e9 medida se han interiorizado los conceptos de la asignatura (SABER).<\/li>\n<li style=\"text-align: justify;\"><strong>Observar<\/strong>\u00a0c\u00f3mo se lleva a cabo un conjunto de acciones secuenciadas, ejercicios, resoluciones de problemas, etc. (SABER HACER).<\/li>\n<li style=\"text-align: justify;\"><strong>Determinar <\/strong>el grado de adopci\u00f3n (interiorizaci\u00f3n) de una actitud o valor (SABER SER).<\/li>\n<\/ul>\n<p><strong>Este contenido ha sido publicado originalmente por EDUCREA en la siguiente direcci\u00f3n: <a href=\"https:\/\/educrea.cl\/formular-los-criterios-evaluacion\/\" target=\"_blank\" rel=\"noopener\">educrea.cl<\/a> | Visto en: <a href=\"https:\/\/efemeridesec.blogspot.com\/2014\/06\/como-formular-los-criterios-de.html\" target=\"_blank\" rel=\"noopener\">efemeridesec.blogspot.com<\/a><\/strong><\/p>\n\t\t<div class=\"pk-inline-posts\">\n\t\t\t\n\t\t\t<div class=\"pk-inline-posts-container pk-inline-posts-template-list\"\n\t\t\t\tdata-columns=\"1\">\n\t\t\t\t\t\t<article id=\"post-49931\" class=\"post-49931 post type-post status-publish format-standard has-post-thumbnail category-descargas-manuales-pdf category-evaluar category-pedagogia tag-calificacion tag-como-se-disena-una-rubrica tag-evaluacion tag-rubricas tag-rubricas-de-evaluacion tag-rubricas-docentes tag-rubricas-para-evaluar tag-rubricas-para-maestros cs-entry cs-video-wrap\">\n\t\t\t<div class=\"pk-post-outer\">\n\n\t\t\t\t\t\t\t\t<div class=\"pk-post-inner\">\n\t\t\t\t\t<div class=\"entry-thumbnail\">\n\t\t\t\t\t\t<div class=\"pk-overlay pk-overlay-ratio pk-ratio-landscape\">\n\t\t\t\t\t\t\t<div class=\"pk-overlay-background\">\n\t\t\t\t\t\t\t\t<a href=\"https:\/\/webdelmaestrocmf.com\/portal\/rubricas-evaluacion-mas-alla-de-la-calificacion\/\" class=\"pk-overlay-link\">\n\t\t\t\t\t\t\t\t\t<img loading=\"lazy\" decoding=\"async\" width=\"300\" height=\"225\" src=\"https:\/\/webdelmaestrocmf.com\/portal\/wp-content\/uploads\/2020\/08\/1A-Banner-1-portada-imagen-10-1-1-300x225.jpg\" class=\"attachment-pk-thumbnail size-pk-thumbnail wp-post-image\" alt=\"\" \/>\t\t\t\t\t\t\t\t<\/a>\n\t\t\t\t\t\t\t<\/div>\n\t\t\t\t\t\t<\/div>\n\t\t\t\t\t<\/div>\n\t\t\t\t<\/div>\n\t\t\t\t\n\t\t\t\t<div class=\"pk-post-inner\">\n\t\t\t\t\t<header>\n\t\t\t\t\t\t<h3 class=\"pk-title\"><a href=\"https:\/\/webdelmaestrocmf.com\/portal\/rubricas-evaluacion-mas-alla-de-la-calificacion\/\" rel=\"bookmark\">R\u00fabricas de evaluaci\u00f3n: m\u00e1s all\u00e1 de la calificaci\u00f3n<\/a><\/h3>\t\t\t\t\t<\/header><!-- .entry-header -->\n\t\t\t\t<\/div><!-- .post-inner -->\n\n\t\t\t<\/div><!-- .post-outer -->\n\t\t<\/article>\n\t\t\t<article id=\"post-80140\" class=\"post-80140 post type-post status-publish format-standard has-post-thumbnail category-evaluar category-pedagogia tag-aprendizaje tag-autoevaluacion tag-concienciacion tag-herramienta cs-entry cs-video-wrap\">\n\t\t\t<div class=\"pk-post-outer\">\n\n\t\t\t\t\t\t\t\t<div class=\"pk-post-inner\">\n\t\t\t\t\t<div class=\"entry-thumbnail\">\n\t\t\t\t\t\t<div class=\"pk-overlay pk-overlay-ratio pk-ratio-landscape\">\n\t\t\t\t\t\t\t<div class=\"pk-overlay-background\">\n\t\t\t\t\t\t\t\t<a href=\"https:\/\/webdelmaestrocmf.com\/portal\/la-autoevaluacion-como-herramienta-para-la-concienciacion-del-aprendizaje\/\" class=\"pk-overlay-link\">\n\t\t\t\t\t\t\t\t\t<img loading=\"lazy\" decoding=\"async\" width=\"300\" height=\"225\" src=\"https:\/\/webdelmaestrocmf.com\/portal\/wp-content\/uploads\/2022\/09\/Descarga-gratis-las-Actividades-de-Estimulacion-Cognitiva-con-Fichas.-2-300x225.jpg\" class=\"attachment-pk-thumbnail size-pk-thumbnail wp-post-image\" alt=\"\" \/>\t\t\t\t\t\t\t\t<\/a>\n\t\t\t\t\t\t\t<\/div>\n\t\t\t\t\t\t<\/div>\n\t\t\t\t\t<\/div>\n\t\t\t\t<\/div>\n\t\t\t\t\n\t\t\t\t<div class=\"pk-post-inner\">\n\t\t\t\t\t<header>\n\t\t\t\t\t\t<h3 class=\"pk-title\"><a href=\"https:\/\/webdelmaestrocmf.com\/portal\/la-autoevaluacion-como-herramienta-para-la-concienciacion-del-aprendizaje\/\" rel=\"bookmark\">La autoevaluaci\u00f3n como herramienta para la concienciaci\u00f3n del aprendizaje. Descarga las fichas de Ejercicio de Autoevaluaci\u00f3n.<\/a><\/h3>\t\t\t\t\t<\/header><!-- .entry-header -->\n\t\t\t\t<\/div><!-- .post-inner -->\n\n\t\t\t<\/div><!-- .post-outer -->\n\t\t<\/article>\n\t\t\t<article id=\"post-104253\" class=\"post-104253 post type-post status-publish format-standard has-post-thumbnail category-evaluacion-formativa category-evaluar category-pedagogia tag-aula tag-estrategias tag-evaluacion tag-formativa tag-promover cs-entry cs-video-wrap\">\n\t\t\t<div class=\"pk-post-outer\">\n\n\t\t\t\t\t\t\t\t<div class=\"pk-post-inner\">\n\t\t\t\t\t<div class=\"entry-thumbnail\">\n\t\t\t\t\t\t<div class=\"pk-overlay pk-overlay-ratio pk-ratio-landscape\">\n\t\t\t\t\t\t\t<div class=\"pk-overlay-background\">\n\t\t\t\t\t\t\t\t<a href=\"https:\/\/webdelmaestrocmf.com\/portal\/estrategias-para-promover-la-evaluacion-formativa-en-el-aula\/\" class=\"pk-overlay-link\">\n\t\t\t\t\t\t\t\t\t<img loading=\"lazy\" decoding=\"async\" width=\"300\" height=\"225\" src=\"https:\/\/webdelmaestrocmf.com\/portal\/wp-content\/uploads\/2025\/10\/1A-Banner-1-portada-imagen-10-1-copia-13-300x225.webp\" class=\"attachment-pk-thumbnail size-pk-thumbnail wp-post-image\" alt=\"\" \/>\t\t\t\t\t\t\t\t<\/a>\n\t\t\t\t\t\t\t<\/div>\n\t\t\t\t\t\t<\/div>\n\t\t\t\t\t<\/div>\n\t\t\t\t<\/div>\n\t\t\t\t\n\t\t\t\t<div class=\"pk-post-inner\">\n\t\t\t\t\t<header>\n\t\t\t\t\t\t<h3 class=\"pk-title\"><a href=\"https:\/\/webdelmaestrocmf.com\/portal\/estrategias-para-promover-la-evaluacion-formativa-en-el-aula\/\" rel=\"bookmark\">Estrategias para promover la evaluaci\u00f3n formativa en el aula. Descarga el cuadernillo PDF: Evaluaci\u00f3n formativa con sentido pedag\u00f3gico<\/a><\/h3>\t\t\t\t\t<\/header><!-- .entry-header -->\n\t\t\t\t<\/div><!-- .post-inner -->\n\n\t\t\t<\/div><!-- .post-outer -->\n\t\t<\/article>\n\t\t\t\t<\/div>\n\t\t<\/div>\n\t\t\n","protected":false},"excerpt":{"rendered":"En la evaluaci\u00f3n del aprendizaje con un enfoque educativo con orientaci\u00f3n por competencias, ya sea para programas de&hellip;","protected":false},"author":1,"featured_media":76424,"comment_status":"open","ping_status":"closed","sticky":false,"template":"","format":"standard","meta":{"csco_display_header_overlay":false,"csco_singular_sidebar":"default","csco_page_header_type":"default","csco_page_load_nextpost":"default","csco_post_video_location":[],"csco_post_video_location_hash":"","csco_post_video_url":"","csco_post_video_bg_start_time":0,"csco_post_video_bg_end_time":0,"csco_post_video_bg_volume":false,"_jetpack_memberships_contains_paid_content":false,"footnotes":""},"categories":[1559,735],"tags":[4182,1278,2976],"class_list":{"0":"post-76420","1":"post","2":"type-post","3":"status-publish","4":"format-standard","5":"has-post-thumbnail","7":"category-evaluar","8":"category-pedagogia","9":"tag-criterios","10":"tag-evaluacion","11":"tag-formular","12":"cs-entry","13":"cs-video-wrap"},"yoast_head":"<!-- This site is optimized with the Yoast SEO plugin v27.5 - https:\/\/yoast.com\/product\/yoast-seo-wordpress\/ -->\n<title>\u00bfC\u00f3mo formular los criterios de evaluaci\u00f3n? - 2026<\/title>\n<meta name=\"description\" content=\"Ante la angustiante realidad que enfrenta la humanidad por la guerra entre Ucrania y Rusia, irrumpe la Semana Santa con voz...\" \/>\n<meta name=\"robots\" content=\"index, follow, max-snippet:-1, max-image-preview:large, max-video-preview:-1\" \/>\n<link rel=\"canonical\" href=\"https:\/\/webdelmaestrocmf.com\/portal\/como-formular-los-criterios-de-evaluacion\/\" \/>\n<meta property=\"og:locale\" content=\"es_ES\" \/>\n<meta property=\"og:type\" content=\"article\" \/>\n<meta property=\"og:title\" content=\"\u00bfC\u00f3mo formular los criterios de evaluaci\u00f3n? - 2026\" \/>\n<meta property=\"og:description\" content=\"Ante la angustiante realidad que enfrenta la humanidad por la guerra entre Ucrania y Rusia, irrumpe la Semana Santa con voz...\" \/>\n<meta property=\"og:url\" content=\"https:\/\/webdelmaestrocmf.com\/portal\/como-formular-los-criterios-de-evaluacion\/\" \/>\n<meta property=\"og:site_name\" content=\"Web del Maestro CMF\" \/>\n<meta property=\"article:publisher\" content=\"https:\/\/www.facebook.com\/WebdelMaestroCMF\/\" \/>\n<meta property=\"article:author\" content=\"https:\/\/www.facebook.com\/WebdelMaestroCMF\/\" \/>\n<meta property=\"article:published_time\" content=\"2022-05-29T00:35:20+00:00\" \/>\n<meta property=\"article:modified_time\" content=\"2024-01-04T01:16:09+00:00\" \/>\n<meta property=\"og:image\" content=\"https:\/\/webdelmaestrocmf.com\/portal\/wp-content\/uploads\/2022\/04\/1-56.jpg\" \/>\n\t<meta property=\"og:image:width\" content=\"1100\" \/>\n\t<meta property=\"og:image:height\" content=\"680\" \/>\n\t<meta property=\"og:image:type\" content=\"image\/jpeg\" \/>\n<meta name=\"author\" content=\"Web del Maestro CMF\" \/>\n<meta name=\"twitter:card\" content=\"summary_large_image\" \/>\n<meta name=\"twitter:creator\" content=\"@cmf_w\" \/>\n<meta name=\"twitter:site\" content=\"@cmf_w\" \/>\n<script type=\"application\/ld+json\" class=\"yoast-schema-graph\">{\"@context\":\"https:\\\/\\\/schema.org\",\"@graph\":[{\"@type\":\"ScholarlyArticle\",\"@id\":\"https:\\\/\\\/webdelmaestrocmf.com\\\/portal\\\/como-formular-los-criterios-de-evaluacion\\\/#article\",\"isPartOf\":{\"@id\":\"https:\\\/\\\/webdelmaestrocmf.com\\\/portal\\\/como-formular-los-criterios-de-evaluacion\\\/\"},\"author\":{\"name\":\"Web del Maestro CMF\",\"@id\":\"https:\\\/\\\/webdelmaestrocmf.com\\\/portal\\\/#\\\/schema\\\/person\\\/1072a2ed7bd960df8ef99a551fa35dc5\"},\"headline\":\"\u00bfC\u00f3mo formular los criterios de evaluaci\u00f3n?\",\"datePublished\":\"2022-05-29T00:35:20+00:00\",\"dateModified\":\"2024-01-04T01:16:09+00:00\",\"mainEntityOfPage\":{\"@id\":\"https:\\\/\\\/webdelmaestrocmf.com\\\/portal\\\/como-formular-los-criterios-de-evaluacion\\\/\"},\"wordCount\":680,\"commentCount\":0,\"publisher\":{\"@id\":\"https:\\\/\\\/webdelmaestrocmf.com\\\/portal\\\/#organization\"},\"image\":{\"@id\":\"https:\\\/\\\/webdelmaestrocmf.com\\\/portal\\\/como-formular-los-criterios-de-evaluacion\\\/#primaryimage\"},\"thumbnailUrl\":\"https:\\\/\\\/webdelmaestrocmf.com\\\/portal\\\/wp-content\\\/uploads\\\/2022\\\/04\\\/1-56.jpg\",\"keywords\":[\"CRITERIOS\",\"EVALUACI\u00d3N\",\"FORMULAR\"],\"articleSection\":[\"Evaluar\",\"Recursos\"],\"inLanguage\":\"es\",\"potentialAction\":[{\"@type\":\"CommentAction\",\"name\":\"Comment\",\"target\":[\"https:\\\/\\\/webdelmaestrocmf.com\\\/portal\\\/como-formular-los-criterios-de-evaluacion\\\/#respond\"]}]},{\"@type\":\"WebPage\",\"@id\":\"https:\\\/\\\/webdelmaestrocmf.com\\\/portal\\\/como-formular-los-criterios-de-evaluacion\\\/\",\"url\":\"https:\\\/\\\/webdelmaestrocmf.com\\\/portal\\\/como-formular-los-criterios-de-evaluacion\\\/\",\"name\":\"\u00bfC\u00f3mo formular los criterios de evaluaci\u00f3n? - 2026\",\"isPartOf\":{\"@id\":\"https:\\\/\\\/webdelmaestrocmf.com\\\/portal\\\/#website\"},\"primaryImageOfPage\":{\"@id\":\"https:\\\/\\\/webdelmaestrocmf.com\\\/portal\\\/como-formular-los-criterios-de-evaluacion\\\/#primaryimage\"},\"image\":{\"@id\":\"https:\\\/\\\/webdelmaestrocmf.com\\\/portal\\\/como-formular-los-criterios-de-evaluacion\\\/#primaryimage\"},\"thumbnailUrl\":\"https:\\\/\\\/webdelmaestrocmf.com\\\/portal\\\/wp-content\\\/uploads\\\/2022\\\/04\\\/1-56.jpg\",\"datePublished\":\"2022-05-29T00:35:20+00:00\",\"dateModified\":\"2024-01-04T01:16:09+00:00\",\"description\":\"Ante la angustiante realidad que enfrenta la humanidad por la guerra entre Ucrania y Rusia, irrumpe la Semana Santa con voz...\",\"breadcrumb\":{\"@id\":\"https:\\\/\\\/webdelmaestrocmf.com\\\/portal\\\/como-formular-los-criterios-de-evaluacion\\\/#breadcrumb\"},\"inLanguage\":\"es\",\"potentialAction\":[{\"@type\":\"ReadAction\",\"target\":[\"https:\\\/\\\/webdelmaestrocmf.com\\\/portal\\\/como-formular-los-criterios-de-evaluacion\\\/\"]}]},{\"@type\":\"ImageObject\",\"inLanguage\":\"es\",\"@id\":\"https:\\\/\\\/webdelmaestrocmf.com\\\/portal\\\/como-formular-los-criterios-de-evaluacion\\\/#primaryimage\",\"url\":\"https:\\\/\\\/webdelmaestrocmf.com\\\/portal\\\/wp-content\\\/uploads\\\/2022\\\/04\\\/1-56.jpg\",\"contentUrl\":\"https:\\\/\\\/webdelmaestrocmf.com\\\/portal\\\/wp-content\\\/uploads\\\/2022\\\/04\\\/1-56.jpg\",\"width\":1100,\"height\":680},{\"@type\":\"BreadcrumbList\",\"@id\":\"https:\\\/\\\/webdelmaestrocmf.com\\\/portal\\\/como-formular-los-criterios-de-evaluacion\\\/#breadcrumb\",\"itemListElement\":[{\"@type\":\"ListItem\",\"position\":1,\"name\":\"Portada\",\"item\":\"https:\\\/\\\/webdelmaestrocmf.com\\\/portal\\\/\"},{\"@type\":\"ListItem\",\"position\":2,\"name\":\"Recursos\",\"item\":\"https:\\\/\\\/webdelmaestrocmf.com\\\/portal\\\/category\\\/pedagogia\\\/\"},{\"@type\":\"ListItem\",\"position\":3,\"name\":\"\u00bfC\u00f3mo formular los criterios de evaluaci\u00f3n?\"}]},{\"@type\":\"WebSite\",\"@id\":\"https:\\\/\\\/webdelmaestrocmf.com\\\/portal\\\/#website\",\"url\":\"https:\\\/\\\/webdelmaestrocmf.com\\\/portal\\\/\",\"name\":\"Web del Maestro CMF\",\"description\":\"Maestros al servicio de la educaci\u00f3n\",\"publisher\":{\"@id\":\"https:\\\/\\\/webdelmaestrocmf.com\\\/portal\\\/#organization\"},\"alternateName\":\"WMCMF\",\"potentialAction\":[{\"@type\":\"SearchAction\",\"target\":{\"@type\":\"EntryPoint\",\"urlTemplate\":\"https:\\\/\\\/webdelmaestrocmf.com\\\/portal\\\/?s={search_term_string}\"},\"query-input\":{\"@type\":\"PropertyValueSpecification\",\"valueRequired\":true,\"valueName\":\"search_term_string\"}}],\"inLanguage\":\"es\"},{\"@type\":\"Organization\",\"@id\":\"https:\\\/\\\/webdelmaestrocmf.com\\\/portal\\\/#organization\",\"name\":\"Web del Maestro CMF\",\"alternateName\":\"WMCMF\",\"url\":\"https:\\\/\\\/webdelmaestrocmf.com\\\/portal\\\/\",\"logo\":{\"@type\":\"ImageObject\",\"inLanguage\":\"es\",\"@id\":\"https:\\\/\\\/webdelmaestrocmf.com\\\/portal\\\/#\\\/schema\\\/logo\\\/image\\\/\",\"url\":\"https:\\\/\\\/webdelmaestrocmf.com\\\/portal\\\/wp-content\\\/uploads\\\/2023\\\/01\\\/logo-wmcmf-2.png\",\"contentUrl\":\"https:\\\/\\\/webdelmaestrocmf.com\\\/portal\\\/wp-content\\\/uploads\\\/2023\\\/01\\\/logo-wmcmf-2.png\",\"width\":200,\"height\":60,\"caption\":\"Web del Maestro CMF\"},\"image\":{\"@id\":\"https:\\\/\\\/webdelmaestrocmf.com\\\/portal\\\/#\\\/schema\\\/logo\\\/image\\\/\"},\"sameAs\":[\"https:\\\/\\\/www.facebook.com\\\/WebdelMaestroCMF\\\/\",\"https:\\\/\\\/x.com\\\/cmf_w\",\"https:\\\/\\\/www.pinterest.com\\\/WMCMF\\\/\",\"https:\\\/\\\/www.linkedin.com\\\/company\\\/web-del-maestro-cmf\\\/\",\"https:\\\/\\\/www.instagram.com\\\/wmcmf\\\/\",\"https:\\\/\\\/www.youtube.com\\\/channel\\\/UCDPSvjbdodE5sHnC3OxutHw\",\"https:\\\/\\\/mastodon.social\\\/@wmcmf\",\"https:\\\/\\\/www.tiktok.com\\\/@webdelmaestrocmf\"]},{\"@type\":\"Person\",\"@id\":\"https:\\\/\\\/webdelmaestrocmf.com\\\/portal\\\/#\\\/schema\\\/person\\\/1072a2ed7bd960df8ef99a551fa35dc5\",\"name\":\"Web del Maestro CMF\",\"image\":{\"@type\":\"ImageObject\",\"inLanguage\":\"es\",\"@id\":\"https:\\\/\\\/secure.gravatar.com\\\/avatar\\\/23291dd5b5ae1077dcff3dbb04c3e02bd28403fa75af6d8787d5e97c5bbbe30b?s=96&d=mm&r=g\",\"url\":\"https:\\\/\\\/secure.gravatar.com\\\/avatar\\\/23291dd5b5ae1077dcff3dbb04c3e02bd28403fa75af6d8787d5e97c5bbbe30b?s=96&d=mm&r=g\",\"contentUrl\":\"https:\\\/\\\/secure.gravatar.com\\\/avatar\\\/23291dd5b5ae1077dcff3dbb04c3e02bd28403fa75af6d8787d5e97c5bbbe30b?s=96&d=mm&r=g\",\"caption\":\"Web del Maestro CMF\"},\"description\":\"Esta Web se cre\u00f3 sin fines de lucro, con fines educativos, cient\u00edficos y acad\u00e9micos, para personas que tengan dificultades y\\\/o inconvenientes en visualizar el material original. El objetivo es entregar recursos, compartir experiencias y materiales que ayuden a los padres de familia, maestros y estudiantes en su actualizaci\u00f3n y formaci\u00f3n permanente, en bien de la Educaci\u00f3n.\",\"sameAs\":[\"http:\\\/\\\/webdelmaestrocmf.com\\\/portal\",\"https:\\\/\\\/www.facebook.com\\\/WebdelMaestroCMF\\\/\",\"https:\\\/\\\/www.instagram.com\\\/wmcmf\\\/\",\"https:\\\/\\\/cl.linkedin.com\\\/company\\\/web-del-maestro-cmf\",\"https:\\\/\\\/www.pinterest.com\\\/WMCMF\\\/publicaciones\\\/\",\"https:\\\/\\\/x.com\\\/cmf_w\",\"https:\\\/\\\/www.youtube.com\\\/@WMCMF\"]}]}<\/script>\n<!-- \/ Yoast SEO plugin. -->","yoast_head_json":{"title":"\u00bfC\u00f3mo formular los criterios de evaluaci\u00f3n? - 2026","description":"Ante la angustiante realidad que enfrenta la humanidad por la guerra entre Ucrania y Rusia, irrumpe la Semana Santa con voz...","robots":{"index":"index","follow":"follow","max-snippet":"max-snippet:-1","max-image-preview":"max-image-preview:large","max-video-preview":"max-video-preview:-1"},"canonical":"https:\/\/webdelmaestrocmf.com\/portal\/como-formular-los-criterios-de-evaluacion\/","og_locale":"es_ES","og_type":"article","og_title":"\u00bfC\u00f3mo formular los criterios de evaluaci\u00f3n? - 2026","og_description":"Ante la angustiante realidad que enfrenta la humanidad por la guerra entre Ucrania y Rusia, irrumpe la Semana Santa con voz...","og_url":"https:\/\/webdelmaestrocmf.com\/portal\/como-formular-los-criterios-de-evaluacion\/","og_site_name":"Web del Maestro CMF","article_publisher":"https:\/\/www.facebook.com\/WebdelMaestroCMF\/","article_author":"https:\/\/www.facebook.com\/WebdelMaestroCMF\/","article_published_time":"2022-05-29T00:35:20+00:00","article_modified_time":"2024-01-04T01:16:09+00:00","og_image":[{"width":1100,"height":680,"url":"https:\/\/webdelmaestrocmf.com\/portal\/wp-content\/uploads\/2022\/04\/1-56.jpg","type":"image\/jpeg"}],"author":"Web del Maestro CMF","twitter_card":"summary_large_image","twitter_creator":"@cmf_w","twitter_site":"@cmf_w","schema":{"@context":"https:\/\/schema.org","@graph":[{"@type":"ScholarlyArticle","@id":"https:\/\/webdelmaestrocmf.com\/portal\/como-formular-los-criterios-de-evaluacion\/#article","isPartOf":{"@id":"https:\/\/webdelmaestrocmf.com\/portal\/como-formular-los-criterios-de-evaluacion\/"},"author":{"name":"Web del Maestro CMF","@id":"https:\/\/webdelmaestrocmf.com\/portal\/#\/schema\/person\/1072a2ed7bd960df8ef99a551fa35dc5"},"headline":"\u00bfC\u00f3mo formular los criterios de evaluaci\u00f3n?","datePublished":"2022-05-29T00:35:20+00:00","dateModified":"2024-01-04T01:16:09+00:00","mainEntityOfPage":{"@id":"https:\/\/webdelmaestrocmf.com\/portal\/como-formular-los-criterios-de-evaluacion\/"},"wordCount":680,"commentCount":0,"publisher":{"@id":"https:\/\/webdelmaestrocmf.com\/portal\/#organization"},"image":{"@id":"https:\/\/webdelmaestrocmf.com\/portal\/como-formular-los-criterios-de-evaluacion\/#primaryimage"},"thumbnailUrl":"https:\/\/webdelmaestrocmf.com\/portal\/wp-content\/uploads\/2022\/04\/1-56.jpg","keywords":["CRITERIOS","EVALUACI\u00d3N","FORMULAR"],"articleSection":["Evaluar","Recursos"],"inLanguage":"es","potentialAction":[{"@type":"CommentAction","name":"Comment","target":["https:\/\/webdelmaestrocmf.com\/portal\/como-formular-los-criterios-de-evaluacion\/#respond"]}]},{"@type":"WebPage","@id":"https:\/\/webdelmaestrocmf.com\/portal\/como-formular-los-criterios-de-evaluacion\/","url":"https:\/\/webdelmaestrocmf.com\/portal\/como-formular-los-criterios-de-evaluacion\/","name":"\u00bfC\u00f3mo formular los criterios de evaluaci\u00f3n? - 2026","isPartOf":{"@id":"https:\/\/webdelmaestrocmf.com\/portal\/#website"},"primaryImageOfPage":{"@id":"https:\/\/webdelmaestrocmf.com\/portal\/como-formular-los-criterios-de-evaluacion\/#primaryimage"},"image":{"@id":"https:\/\/webdelmaestrocmf.com\/portal\/como-formular-los-criterios-de-evaluacion\/#primaryimage"},"thumbnailUrl":"https:\/\/webdelmaestrocmf.com\/portal\/wp-content\/uploads\/2022\/04\/1-56.jpg","datePublished":"2022-05-29T00:35:20+00:00","dateModified":"2024-01-04T01:16:09+00:00","description":"Ante la angustiante realidad que enfrenta la humanidad por la guerra entre Ucrania y Rusia, irrumpe la Semana Santa con voz...","breadcrumb":{"@id":"https:\/\/webdelmaestrocmf.com\/portal\/como-formular-los-criterios-de-evaluacion\/#breadcrumb"},"inLanguage":"es","potentialAction":[{"@type":"ReadAction","target":["https:\/\/webdelmaestrocmf.com\/portal\/como-formular-los-criterios-de-evaluacion\/"]}]},{"@type":"ImageObject","inLanguage":"es","@id":"https:\/\/webdelmaestrocmf.com\/portal\/como-formular-los-criterios-de-evaluacion\/#primaryimage","url":"https:\/\/webdelmaestrocmf.com\/portal\/wp-content\/uploads\/2022\/04\/1-56.jpg","contentUrl":"https:\/\/webdelmaestrocmf.com\/portal\/wp-content\/uploads\/2022\/04\/1-56.jpg","width":1100,"height":680},{"@type":"BreadcrumbList","@id":"https:\/\/webdelmaestrocmf.com\/portal\/como-formular-los-criterios-de-evaluacion\/#breadcrumb","itemListElement":[{"@type":"ListItem","position":1,"name":"Portada","item":"https:\/\/webdelmaestrocmf.com\/portal\/"},{"@type":"ListItem","position":2,"name":"Recursos","item":"https:\/\/webdelmaestrocmf.com\/portal\/category\/pedagogia\/"},{"@type":"ListItem","position":3,"name":"\u00bfC\u00f3mo formular los criterios de evaluaci\u00f3n?"}]},{"@type":"WebSite","@id":"https:\/\/webdelmaestrocmf.com\/portal\/#website","url":"https:\/\/webdelmaestrocmf.com\/portal\/","name":"Web del Maestro CMF","description":"Maestros al servicio de la educaci\u00f3n","publisher":{"@id":"https:\/\/webdelmaestrocmf.com\/portal\/#organization"},"alternateName":"WMCMF","potentialAction":[{"@type":"SearchAction","target":{"@type":"EntryPoint","urlTemplate":"https:\/\/webdelmaestrocmf.com\/portal\/?s={search_term_string}"},"query-input":{"@type":"PropertyValueSpecification","valueRequired":true,"valueName":"search_term_string"}}],"inLanguage":"es"},{"@type":"Organization","@id":"https:\/\/webdelmaestrocmf.com\/portal\/#organization","name":"Web del Maestro CMF","alternateName":"WMCMF","url":"https:\/\/webdelmaestrocmf.com\/portal\/","logo":{"@type":"ImageObject","inLanguage":"es","@id":"https:\/\/webdelmaestrocmf.com\/portal\/#\/schema\/logo\/image\/","url":"https:\/\/webdelmaestrocmf.com\/portal\/wp-content\/uploads\/2023\/01\/logo-wmcmf-2.png","contentUrl":"https:\/\/webdelmaestrocmf.com\/portal\/wp-content\/uploads\/2023\/01\/logo-wmcmf-2.png","width":200,"height":60,"caption":"Web del Maestro CMF"},"image":{"@id":"https:\/\/webdelmaestrocmf.com\/portal\/#\/schema\/logo\/image\/"},"sameAs":["https:\/\/www.facebook.com\/WebdelMaestroCMF\/","https:\/\/x.com\/cmf_w","https:\/\/www.pinterest.com\/WMCMF\/","https:\/\/www.linkedin.com\/company\/web-del-maestro-cmf\/","https:\/\/www.instagram.com\/wmcmf\/","https:\/\/www.youtube.com\/channel\/UCDPSvjbdodE5sHnC3OxutHw","https:\/\/mastodon.social\/@wmcmf","https:\/\/www.tiktok.com\/@webdelmaestrocmf"]},{"@type":"Person","@id":"https:\/\/webdelmaestrocmf.com\/portal\/#\/schema\/person\/1072a2ed7bd960df8ef99a551fa35dc5","name":"Web del Maestro CMF","image":{"@type":"ImageObject","inLanguage":"es","@id":"https:\/\/secure.gravatar.com\/avatar\/23291dd5b5ae1077dcff3dbb04c3e02bd28403fa75af6d8787d5e97c5bbbe30b?s=96&d=mm&r=g","url":"https:\/\/secure.gravatar.com\/avatar\/23291dd5b5ae1077dcff3dbb04c3e02bd28403fa75af6d8787d5e97c5bbbe30b?s=96&d=mm&r=g","contentUrl":"https:\/\/secure.gravatar.com\/avatar\/23291dd5b5ae1077dcff3dbb04c3e02bd28403fa75af6d8787d5e97c5bbbe30b?s=96&d=mm&r=g","caption":"Web del Maestro CMF"},"description":"Esta Web se cre\u00f3 sin fines de lucro, con fines educativos, cient\u00edficos y acad\u00e9micos, para personas que tengan dificultades y\/o inconvenientes en visualizar el material original. El objetivo es entregar recursos, compartir experiencias y materiales que ayuden a los padres de familia, maestros y estudiantes en su actualizaci\u00f3n y formaci\u00f3n permanente, en bien de la Educaci\u00f3n.","sameAs":["http:\/\/webdelmaestrocmf.com\/portal","https:\/\/www.facebook.com\/WebdelMaestroCMF\/","https:\/\/www.instagram.com\/wmcmf\/","https:\/\/cl.linkedin.com\/company\/web-del-maestro-cmf","https:\/\/www.pinterest.com\/WMCMF\/publicaciones\/","https:\/\/x.com\/cmf_w","https:\/\/www.youtube.com\/@WMCMF"]}]}},"jetpack_featured_media_url":"https:\/\/webdelmaestrocmf.com\/portal\/wp-content\/uploads\/2022\/04\/1-56.jpg","jetpack_sharing_enabled":true,"jetpack-related-posts":[{"id":85842,"url":"https:\/\/webdelmaestrocmf.com\/portal\/criterios-de-evaluacion-en-base-a-estandares-de-aprendizajes-y-desempenos\/","url_meta":{"origin":76420,"position":0},"title":"Criterios de evaluaci\u00f3n con base a est\u00e1ndares de aprendizajes y desempe\u00f1os","author":"Web del Maestro CMF","date":"19 marzo, 2023","format":false,"excerpt":"Aqu\u00ed le vamos a compartir una matriz para formular criterios de evaluaci\u00f3n en base a los desempe\u00f1os de est\u00e1ndares de aprendizaje. Los criterios de evaluaci\u00f3n son un medio que permite seleccionar los aprendizajes m\u00e1s relevantes de un objetivo de aprendizaje, ya sean de tipo conceptual, procedimental o actitudinal. Los criterios\u2026","rel":"","context":"En \u00abCriterios\u00bb","block_context":{"text":"Criterios","link":"https:\/\/webdelmaestrocmf.com\/portal\/category\/pedagogia\/criterios\/"},"img":{"alt_text":"criterios de evaluaci\u00f3n","src":"https:\/\/i0.wp.com\/webdelmaestrocmf.com\/portal\/wp-content\/uploads\/2023\/03\/Banner-1-portada-imagen-10-1-1.jpg?resize=350%2C200&ssl=1","width":350,"height":200,"srcset":"https:\/\/i0.wp.com\/webdelmaestrocmf.com\/portal\/wp-content\/uploads\/2023\/03\/Banner-1-portada-imagen-10-1-1.jpg?resize=350%2C200&ssl=1 1x, https:\/\/i0.wp.com\/webdelmaestrocmf.com\/portal\/wp-content\/uploads\/2023\/03\/Banner-1-portada-imagen-10-1-1.jpg?resize=525%2C300&ssl=1 1.5x, https:\/\/i0.wp.com\/webdelmaestrocmf.com\/portal\/wp-content\/uploads\/2023\/03\/Banner-1-portada-imagen-10-1-1.jpg?resize=700%2C400&ssl=1 2x"},"classes":[]},{"id":94433,"url":"https:\/\/webdelmaestrocmf.com\/portal\/elaboracion-de-criterios-de-evaluacion\/","url_meta":{"origin":76420,"position":1},"title":"Elaboraci\u00f3n de Criterios de Evaluaci\u00f3n","author":"Web del Maestro CMF","date":"8 septiembre, 2023","format":false,"excerpt":"Los criterios de evaluaci\u00f3n son un componente fundamental en el proceso educativo, especialmente en el contexto del aprendizaje basado en competencias. Estos criterios proporcionan un marco claro y objetivo para evaluar el nivel de desarrollo de las competencias de los estudiantes. En este art\u00edculo, exploraremos qu\u00e9 son los criterios de\u2026","rel":"","context":"En \u00abCriterios\u00bb","block_context":{"text":"Criterios","link":"https:\/\/webdelmaestrocmf.com\/portal\/category\/pedagogia\/criterios\/"},"img":{"alt_text":"Criterios de Evaluaci\u00f3n","src":"https:\/\/i0.wp.com\/webdelmaestrocmf.com\/portal\/wp-content\/uploads\/2023\/09\/Banner-1-portada-imagen-10-1-100.jpg?resize=350%2C200&ssl=1","width":350,"height":200,"srcset":"https:\/\/i0.wp.com\/webdelmaestrocmf.com\/portal\/wp-content\/uploads\/2023\/09\/Banner-1-portada-imagen-10-1-100.jpg?resize=350%2C200&ssl=1 1x, https:\/\/i0.wp.com\/webdelmaestrocmf.com\/portal\/wp-content\/uploads\/2023\/09\/Banner-1-portada-imagen-10-1-100.jpg?resize=525%2C300&ssl=1 1.5x, https:\/\/i0.wp.com\/webdelmaestrocmf.com\/portal\/wp-content\/uploads\/2023\/09\/Banner-1-portada-imagen-10-1-100.jpg?resize=700%2C400&ssl=1 2x"},"classes":[]},{"id":79900,"url":"https:\/\/webdelmaestrocmf.com\/portal\/la-exposicion-como-estrategia-de-aprendizaje-y-evaluacion-en-el-aula\/","url_meta":{"origin":76420,"position":2},"title":"La exposici\u00f3n como estrategia de aprendizaje y evaluaci\u00f3n en el aula","author":"Web del Maestro CMF","date":"1 septiembre, 2022","format":false,"excerpt":"La\u00a0exposici\u00f3n oral como t\u00e9cnica de evaluaci\u00f3n\u00a0es un instrumento que consiste en la presentaci\u00f3n de un tema a una audiencia. Puede llevarse a cabo en dos modalidades: individual o grupal. La exposici\u00f3n oral\u00a0es una t\u00e9cnica muy utilizada en el nivel medio superior y superior. A pesar de que su uso no\u2026","rel":"","context":"En \u00abConsejos\u00bb","block_context":{"text":"Consejos","link":"https:\/\/webdelmaestrocmf.com\/portal\/category\/pedagogia\/consejos\/"},"img":{"alt_text":"","src":"https:\/\/i0.wp.com\/webdelmaestrocmf.com\/portal\/wp-content\/uploads\/2022\/09\/1-5.jpg?resize=350%2C200&ssl=1","width":350,"height":200,"srcset":"https:\/\/i0.wp.com\/webdelmaestrocmf.com\/portal\/wp-content\/uploads\/2022\/09\/1-5.jpg?resize=350%2C200&ssl=1 1x, https:\/\/i0.wp.com\/webdelmaestrocmf.com\/portal\/wp-content\/uploads\/2022\/09\/1-5.jpg?resize=525%2C300&ssl=1 1.5x, https:\/\/i0.wp.com\/webdelmaestrocmf.com\/portal\/wp-content\/uploads\/2022\/09\/1-5.jpg?resize=700%2C400&ssl=1 2x"},"classes":[]},{"id":90996,"url":"https:\/\/webdelmaestrocmf.com\/portal\/cuales-son-los-elementos-de-la-evaluacion\/","url_meta":{"origin":76420,"position":3},"title":"Cu\u00e1les son los elementos de la evaluaci\u00f3n","author":"Web del Maestro CMF","date":"25 julio, 2023","format":false,"excerpt":"Cuando se eval\u00faa desde el enfoque formativo se debe tener presente una serie de elementos para el dise\u00f1o, el desarrollo y la reflexi\u00f3n del proceso evaluativo, que se refieren a las siguientes preguntas: \u00bfQu\u00e9 se eval\u00faa? \u00bfPara qu\u00e9 se eval\u00faa? \u00bfQui\u00e9nes eval\u00faan? \u00bfCu\u00e1ndo se eval\u00faa? \u00bfC\u00f3mo se eval\u00faa? \u00bfC\u00f3mo se\u2026","rel":"","context":"En \u00abEvaluar\u00bb","block_context":{"text":"Evaluar","link":"https:\/\/webdelmaestrocmf.com\/portal\/category\/pedagogia\/evaluar\/"},"img":{"alt_text":"","src":"https:\/\/i0.wp.com\/webdelmaestrocmf.com\/portal\/wp-content\/uploads\/2023\/07\/A12B3C4D-3-1.jpg?resize=350%2C200&ssl=1","width":350,"height":200,"srcset":"https:\/\/i0.wp.com\/webdelmaestrocmf.com\/portal\/wp-content\/uploads\/2023\/07\/A12B3C4D-3-1.jpg?resize=350%2C200&ssl=1 1x, https:\/\/i0.wp.com\/webdelmaestrocmf.com\/portal\/wp-content\/uploads\/2023\/07\/A12B3C4D-3-1.jpg?resize=525%2C300&ssl=1 1.5x, https:\/\/i0.wp.com\/webdelmaestrocmf.com\/portal\/wp-content\/uploads\/2023\/07\/A12B3C4D-3-1.jpg?resize=700%2C400&ssl=1 2x"},"classes":[]},{"id":63294,"url":"https:\/\/webdelmaestrocmf.com\/portal\/criterios-de-evaluacion-para-el-analisis-de-evidencias-de-aprendizaje\/","url_meta":{"origin":76420,"position":4},"title":"Criterios de evaluaci\u00f3n para el an\u00e1lisis de Evidencias de Aprendizaje","author":"Web del Maestro CMF","date":"22 mayo, 2021","format":false,"excerpt":"El an\u00e1lisis de evidencias de aprendizaje (producciones o actuaciones) se realiza a partir de criterios de evaluaci\u00f3n que formula el docente en funci\u00f3n de los est\u00e1ndares y desempe\u00f1os. El docente puede realizar dicho an\u00e1lisis utilizando instrumentos como listas de cotejo y r\u00fabricas, entre otros, los cuales deben ser construidos bajo\u2026","rel":"","context":"En \u00abEvaluar\u00bb","block_context":{"text":"Evaluar","link":"https:\/\/webdelmaestrocmf.com\/portal\/category\/pedagogia\/evaluar\/"},"img":{"alt_text":"","src":"https:\/\/i0.wp.com\/webdelmaestrocmf.com\/portal\/wp-content\/uploads\/2021\/05\/1-125.jpg?resize=350%2C200&ssl=1","width":350,"height":200,"srcset":"https:\/\/i0.wp.com\/webdelmaestrocmf.com\/portal\/wp-content\/uploads\/2021\/05\/1-125.jpg?resize=350%2C200&ssl=1 1x, https:\/\/i0.wp.com\/webdelmaestrocmf.com\/portal\/wp-content\/uploads\/2021\/05\/1-125.jpg?resize=525%2C300&ssl=1 1.5x, https:\/\/i0.wp.com\/webdelmaestrocmf.com\/portal\/wp-content\/uploads\/2021\/05\/1-125.jpg?resize=700%2C400&ssl=1 2x, https:\/\/i0.wp.com\/webdelmaestrocmf.com\/portal\/wp-content\/uploads\/2021\/05\/1-125.jpg?resize=1050%2C600&ssl=1 3x"},"classes":[]},{"id":85635,"url":"https:\/\/webdelmaestrocmf.com\/portal\/criterios-de-evaluacion-en-base-a-estandares-y-desempenos-de-aprendizaje\/","url_meta":{"origin":76420,"position":5},"title":"Criterios de Evaluaci\u00f3n en base a Est\u00e1ndares y Desempe\u00f1os de Aprendizaje","author":"Web del Maestro CMF","date":"14 marzo, 2023","format":false,"excerpt":"Los\u00a0criterios de evaluaci\u00f3n\u00a0son el referente espec\u00edfico para evaluar el aprendizaje del alumnado. Describen aquello que se quiere valorar y que el alumnado debe lograr, tanto en conocimientos como en competencias y responden a lo que se pretende conseguir en cada \u00e1rea. Los\u00a0est\u00e1ndares de aprendizaje evaluables, son especificaciones de los criterios\u2026","rel":"","context":"En \u00abDocentes\u00bb","block_context":{"text":"Docentes","link":"https:\/\/webdelmaestrocmf.com\/portal\/category\/pedagogia\/docentes\/"},"img":{"alt_text":"","src":"https:\/\/i0.wp.com\/webdelmaestrocmf.com\/portal\/wp-content\/uploads\/2023\/03\/A12B3C4D-7.jpg?resize=350%2C200&ssl=1","width":350,"height":200,"srcset":"https:\/\/i0.wp.com\/webdelmaestrocmf.com\/portal\/wp-content\/uploads\/2023\/03\/A12B3C4D-7.jpg?resize=350%2C200&ssl=1 1x, https:\/\/i0.wp.com\/webdelmaestrocmf.com\/portal\/wp-content\/uploads\/2023\/03\/A12B3C4D-7.jpg?resize=525%2C300&ssl=1 1.5x, https:\/\/i0.wp.com\/webdelmaestrocmf.com\/portal\/wp-content\/uploads\/2023\/03\/A12B3C4D-7.jpg?resize=700%2C400&ssl=1 2x"},"classes":[]}],"_links":{"self":[{"href":"https:\/\/webdelmaestrocmf.com\/portal\/wp-json\/wp\/v2\/posts\/76420","targetHints":{"allow":["GET"]}}],"collection":[{"href":"https:\/\/webdelmaestrocmf.com\/portal\/wp-json\/wp\/v2\/posts"}],"about":[{"href":"https:\/\/webdelmaestrocmf.com\/portal\/wp-json\/wp\/v2\/types\/post"}],"author":[{"embeddable":true,"href":"https:\/\/webdelmaestrocmf.com\/portal\/wp-json\/wp\/v2\/users\/1"}],"replies":[{"embeddable":true,"href":"https:\/\/webdelmaestrocmf.com\/portal\/wp-json\/wp\/v2\/comments?post=76420"}],"version-history":[{"count":0,"href":"https:\/\/webdelmaestrocmf.com\/portal\/wp-json\/wp\/v2\/posts\/76420\/revisions"}],"wp:featuredmedia":[{"embeddable":true,"href":"https:\/\/webdelmaestrocmf.com\/portal\/wp-json\/wp\/v2\/media\/76424"}],"wp:attachment":[{"href":"https:\/\/webdelmaestrocmf.com\/portal\/wp-json\/wp\/v2\/media?parent=76420"}],"wp:term":[{"taxonomy":"category","embeddable":true,"href":"https:\/\/webdelmaestrocmf.com\/portal\/wp-json\/wp\/v2\/categories?post=76420"},{"taxonomy":"post_tag","embeddable":true,"href":"https:\/\/webdelmaestrocmf.com\/portal\/wp-json\/wp\/v2\/tags?post=76420"}],"curies":[{"name":"wp","href":"https:\/\/api.w.org\/{rel}","templated":true}]}}