{"id":76202,"date":"2022-04-29T19:55:45","date_gmt":"2022-04-29T23:55:45","guid":{"rendered":"https:\/\/webdelmaestrocmf.com\/portal\/?p=76202"},"modified":"2023-09-20T23:22:50","modified_gmt":"2023-09-21T02:22:50","slug":"los-alumnos-no-saben-escribir-no-entienden-lo-que-leen-no-leen","status":"publish","type":"post","link":"https:\/\/webdelmaestrocmf.com\/portal\/los-alumnos-no-saben-escribir-no-entienden-lo-que-leen-no-leen\/","title":{"rendered":"Los alumnos no saben escribir. No entienden lo que leen. No leen"},"content":{"rendered":"<p style=\"text-align: justify;\"><strong>\u201cLos alumnos no saben escribir. No entienden lo que leen. No leen.\u201d Esta queja, en boca de los docentes, aparece a lo largo de todo el sistema educativo, desde la educaci\u00f3n b\u00e1sica. Tambi\u00e9n en la universidad. Y la responsabilidad siempre parece ser de otro: el primer ciclo debiera haber hecho algo que no hizo, los padres debieran haber hecho algo. Y tambi\u00e9n, se dice, la secundaria (o un curso de ingreso universitario) debiera haber formado a los alumnos para que llegaran al nivel superior sabiendo escribir, leer y estudiar.<\/strong><\/p>\n<p><!--more--><\/p>\n<p style=\"text-align: justify;\">Existe una falacia en esta queja y simult\u00e1neo rechazo a ocuparse de la ense\u00f1anza de la lectura y escritura en la universidad. El razonamiento parte de una premisa oculta, de un supuesto que, una vez develado, resulta ser falso.<\/p>\n<p style=\"text-align: justify;\">Se supone que la escritura y la lectura acad\u00e9micas son habilidades generalizables, aprendidas (o no aprendidas) \u00abfuera de una matriz disciplinaria y no relacionadas de modo espec\u00edfico con cada disciplina\u00bb (p. 53):\u00a0La escritura suele ser considerada una t\u00e9cnica separada e independiente, algo que deber\u00eda haber sido aprendido en otra parte, ense\u00f1ada por otro -en la secundaria o al entrar en la universidad. De aqu\u00ed surge la casi universal queja (de los profesores) sobre la escritura de los estudiantes y tambi\u00e9n el omnipresente rechazo a hacerse cargo de su ense\u00f1anza.(Russell, 1990: 55).<\/p>\n<p style=\"text-align: justify;\">Esta idea de que leer\u00a0y escribir\u00a0son habilidades\u00a0separadas e independientes del aprendizaje de cada disciplina es tan extendida como cuestionable. Numerosos investigadores constatan, por el contrario, que la lectura y escritura exigidas en el nivel universitario se aprenden en ocasi\u00f3n de enfrentar las pr\u00e1cticas de producci\u00f3n discursiva y consulta de textos propias de cada materia, y seg\u00fan la posibilidad de recibir orientaci\u00f3n y apoyo por parte de quien la domina y participa de estas pr\u00e1cticas.<\/p>\n<p style=\"text-align: justify;\">Sin desmerecer la tarea valiosa que realizan los talleres de lectura y escritura que algunas universidades contemplan al inicio de sus carreras (por ejemplo, Di Stefano y Pereira, 2004), pareciera que esta labor es intr\u00ednsecamente insuficiente.<\/p>\n<p style=\"text-align: justify;\">Es decir, la naturaleza de lo que debe ser aprendido (leer y escribir los textos espec\u00edficos de cada asignatura en el marco de las pr\u00e1cticas acad\u00e9micas disciplinares) exige un abordaje dentro del contexto propio de cada materia. Un curso de lectura y escritura, separado del contacto efectivo con los materiales, procedimientos y problemas conceptuales y metodol\u00f3gicos de un determinado campo cient\u00edfico-profesional, sirve como puesta en marcha de una actitud reflexiva hacia la producci\u00f3n y comprensi\u00f3n textual, ayuda a tomar conciencia de lo que tienen en com\u00fan muchos de los g\u00e9neros acad\u00e9micos, pero no evita las dificultades discursivas y estrat\u00e9gicas cuando los estudiantes se enfrentan al desaf\u00edo de\u00a0<em>pensar por escrito<\/em>\u00a0las nociones que estudian en las asignaturas.\u00bb<\/p>\n<p style=\"text-align: justify;\"><b>Carlino, Paula<\/b>.\u00a0<i>Escribir, leer y aprender en la universidad.\u00a0<\/i>Buenos Aires: 2013, Fondo de Cultura Econ\u00f3mica de Argentina. Impreso. P\u00e1gs. 21 a 23.<\/p>\n<p style=\"text-align: justify;\"><strong>Acerca de Paula Carlino: <\/strong>Paula Carlino (Doctora en Psicolog\u00eda por la Universidad Aut\u00f3noma de Madrid -1996-, Licenciada en Psicolog\u00eda por la Universidad de Buenos Aires) se desempe\u00f1a como Investigadora del Consejo Nacional de Investigaciones Cient\u00edficas y T\u00e9cnicas \u2013CONICET\u2013\u00a0desde 1999, con sede de trabajo en el Instituto de Ling\u00fc\u00edstica de la Universidad de Buenos Aires.<\/p>\n<p style=\"text-align: justify;\">Ha desarrollado experiencia en docencia universitaria de grado y posgrado, as\u00ed como en acciones de formaci\u00f3n de docentes y otros profesionales, tanto en Argentina como en Espa\u00f1a y Latinoam\u00e9rica.\u00a0Autora de numerosas publicaciones sobre la formaci\u00f3n de lectores y escritores, su libro\u00a0<em>Escribir, leer y aprender en la universidad<\/em>, ha sido distinguido como Mejor Libro de Educaci\u00f3n \u2011Obra did\u00e1ctica\u2011 de edici\u00f3n 2005 y a 2014 lleva 7 reimpresiones. (Acta Acad\u00e9mica).<\/p>\n<p><img loading=\"lazy\" decoding=\"async\" class=\"alignnone wp-image-76203 size-full\" src=\"https:\/\/webdelmaestrocmf.com\/portal\/wp-content\/uploads\/2022\/04\/1-23.jpg\" alt=\"leen\" width=\"1100\" height=\"574\" srcset=\"https:\/\/webdelmaestrocmf.com\/portal\/wp-content\/uploads\/2022\/04\/1-23.jpg 1100w, https:\/\/webdelmaestrocmf.com\/portal\/wp-content\/uploads\/2022\/04\/1-23-300x157.jpg 300w, https:\/\/webdelmaestrocmf.com\/portal\/wp-content\/uploads\/2022\/04\/1-23-1024x534.jpg 1024w, https:\/\/webdelmaestrocmf.com\/portal\/wp-content\/uploads\/2022\/04\/1-23-768x401.jpg 768w, https:\/\/webdelmaestrocmf.com\/portal\/wp-content\/uploads\/2022\/04\/1-23-110x57.jpg 110w, https:\/\/webdelmaestrocmf.com\/portal\/wp-content\/uploads\/2022\/04\/1-23-200x104.jpg 200w, https:\/\/webdelmaestrocmf.com\/portal\/wp-content\/uploads\/2022\/04\/1-23-380x198.jpg 380w, https:\/\/webdelmaestrocmf.com\/portal\/wp-content\/uploads\/2022\/04\/1-23-255x133.jpg 255w, https:\/\/webdelmaestrocmf.com\/portal\/wp-content\/uploads\/2022\/04\/1-23-550x287.jpg 550w, https:\/\/webdelmaestrocmf.com\/portal\/wp-content\/uploads\/2022\/04\/1-23-800x417.jpg 800w\" sizes=\"auto, (max-width: 1100px) 100vw, 1100px\" \/><\/p>\n<p><strong>Este contenido ha sido publicado originalmente por BORZANI en la siguiente direcci\u00f3n: <a href=\"https:\/\/borzaniyasociados.com\/los-alumnos-no-saben-escribir-no-entienden-lo-leen-no-leen\/\" target=\"_blank\" rel=\"noopener\">borzaniyasociados.com<\/a><\/strong><\/p>\n\t\t<div class=\"pk-inline-posts\">\n\t\t\t\n\t\t\t<div class=\"pk-inline-posts-container pk-inline-posts-template-list\"\n\t\t\t\tdata-columns=\"1\">\n\t\t\t\t\t\t<article id=\"post-120323\" class=\"post-120323 post type-post status-publish format-standard has-post-thumbnail category-descarga category-lectoescritura category-leer category-pedagogia cs-entry cs-video-wrap\">\n\t\t\t<div class=\"pk-post-outer\">\n\n\t\t\t\t\t\t\t\t<div class=\"pk-post-inner\">\n\t\t\t\t\t<div class=\"entry-thumbnail\">\n\t\t\t\t\t\t<div class=\"pk-overlay pk-overlay-ratio pk-ratio-landscape\">\n\t\t\t\t\t\t\t<div class=\"pk-overlay-background\">\n\t\t\t\t\t\t\t\t<a href=\"https:\/\/webdelmaestrocmf.com\/portal\/descarga-las-lecturas-del-mundial-2026-una-estrategia-didactica-para-fortalecer-la-comprension-lectora-y-el-aprendizaje-significativo-en-el-aula\/\" class=\"pk-overlay-link\">\n\t\t\t\t\t\t\t\t\t<img loading=\"lazy\" decoding=\"async\" width=\"300\" height=\"225\" src=\"https:\/\/webdelmaestrocmf.com\/portal\/wp-content\/uploads\/2026\/06\/1AA-Banner-1-portada-imagen-10-1-copia-3-4-300x225.webp\" class=\"attachment-pk-thumbnail size-pk-thumbnail wp-post-image\" alt=\"\" \/>\t\t\t\t\t\t\t\t<\/a>\n\t\t\t\t\t\t\t<\/div>\n\t\t\t\t\t\t<\/div>\n\t\t\t\t\t<\/div>\n\t\t\t\t<\/div>\n\t\t\t\t\n\t\t\t\t<div class=\"pk-post-inner\">\n\t\t\t\t\t<header>\n\t\t\t\t\t\t<h3 class=\"pk-title\"><a href=\"https:\/\/webdelmaestrocmf.com\/portal\/descarga-las-lecturas-del-mundial-2026-una-estrategia-didactica-para-fortalecer-la-comprension-lectora-y-el-aprendizaje-significativo-en-el-aula\/\" rel=\"bookmark\">Descarga las lecturas del Mundial 2026: una estrategia did\u00e1ctica para fortalecer la comprensi\u00f3n lectora y el aprendizaje significativo en el aula<\/a><\/h3>\t\t\t\t\t<\/header><!-- .entry-header -->\n\t\t\t\t<\/div><!-- .post-inner -->\n\n\t\t\t<\/div><!-- .post-outer -->\n\t\t<\/article>\n\t\t\t\t<\/div>\n\t\t<\/div>\n\t\t\n","protected":false},"excerpt":{"rendered":"\u201cLos alumnos no saben escribir. No entienden lo que leen. No leen.\u201d Esta queja, en boca de los&hellip;","protected":false},"author":1,"featured_media":76205,"comment_status":"open","ping_status":"closed","sticky":false,"template":"","format":"standard","meta":{"_jetpack_newsletter_access":"","_jetpack_dont_email_post_to_subs":false,"_jetpack_newsletter_tier_id":0,"_jetpack_memberships_contains_paywalled_content":false,"csco_display_header_overlay":false,"csco_singular_sidebar":"default","csco_page_header_type":"default","csco_page_load_nextpost":"default","csco_post_video_location":[],"csco_post_video_location_hash":"","csco_post_video_url":"","csco_post_video_bg_start_time":0,"csco_post_video_bg_end_time":0,"csco_post_video_bg_volume":false,"_jetpack_feature_clip_id":0,"_jetpack_memberships_contains_paid_content":false,"footnotes":"","jetpack_post_was_ever_published":false},"categories":[3058,735],"tags":[299,2412,14732,1645],"class_list":["post-76202","post","type-post","status-publish","format-standard","has-post-thumbnail","category-leer","category-pedagogia","tag-alumnos","tag-escribir","tag-no-entienden","tag-no-saben","cs-entry","cs-video-wrap"],"yoast_head":"<!-- This site is optimized with the Yoast SEO plugin v28.1 - https:\/\/yoast.com\/product\/yoast-seo-wordpress\/ -->\n<title>Los alumnos no saben escribir. No entienden lo que leen. No leen - 2026<\/title>\n<meta name=\"description\" content=\"\u201cLos alumnos no saben escribir. No entienden lo que leen. No leen.\u201d Esta queja, en boca de los docentes, aparece a lo largo de todo...\" \/>\n<meta name=\"robots\" content=\"index, follow, max-snippet:-1, max-image-preview:large, max-video-preview:-1\" \/>\n<link rel=\"canonical\" href=\"https:\/\/webdelmaestrocmf.com\/portal\/los-alumnos-no-saben-escribir-no-entienden-lo-que-leen-no-leen\/\" \/>\n<meta property=\"og:locale\" content=\"es_ES\" \/>\n<meta property=\"og:type\" content=\"article\" \/>\n<meta property=\"og:title\" content=\"Los alumnos no saben escribir. No entienden lo que leen. No leen - 2026\" \/>\n<meta property=\"og:description\" content=\"\u201cLos alumnos no saben escribir. No entienden lo que leen. No leen.\u201d Esta queja, en boca de los docentes, aparece a lo largo de todo...\" \/>\n<meta property=\"og:url\" content=\"https:\/\/webdelmaestrocmf.com\/portal\/los-alumnos-no-saben-escribir-no-entienden-lo-que-leen-no-leen\/\" \/>\n<meta property=\"og:site_name\" content=\"Web del Maestro CMF\" \/>\n<meta property=\"article:publisher\" content=\"https:\/\/www.facebook.com\/WebdelMaestroCMF\/\" \/>\n<meta property=\"article:author\" content=\"https:\/\/www.facebook.com\/WebdelMaestroCMF\/\" \/>\n<meta property=\"article:published_time\" content=\"2022-04-29T23:55:45+00:00\" \/>\n<meta property=\"article:modified_time\" content=\"2023-09-21T02:22:50+00:00\" \/>\n<meta property=\"og:image\" content=\"https:\/\/i0.wp.com\/webdelmaestrocmf.com\/portal\/wp-content\/uploads\/2022\/04\/1-24.jpg?fit=1100%2C680&ssl=1\" \/>\n\t<meta property=\"og:image:width\" content=\"1100\" \/>\n\t<meta property=\"og:image:height\" content=\"680\" \/>\n\t<meta property=\"og:image:type\" content=\"image\/jpeg\" \/>\n<meta name=\"author\" content=\"Web del Maestro CMF\" \/>\n<meta name=\"twitter:card\" content=\"summary_large_image\" \/>\n<meta name=\"twitter:creator\" content=\"@cmf_w\" \/>\n<meta name=\"twitter:site\" content=\"@cmf_w\" \/>\n<script type=\"application\/ld+json\" class=\"yoast-schema-graph\">{\"@context\":\"https:\\\/\\\/schema.org\",\"@graph\":[{\"@type\":\"ScholarlyArticle\",\"@id\":\"https:\\\/\\\/webdelmaestrocmf.com\\\/portal\\\/los-alumnos-no-saben-escribir-no-entienden-lo-que-leen-no-leen\\\/#article\",\"isPartOf\":{\"@id\":\"https:\\\/\\\/webdelmaestrocmf.com\\\/portal\\\/los-alumnos-no-saben-escribir-no-entienden-lo-que-leen-no-leen\\\/\"},\"author\":{\"name\":\"Web del Maestro CMF\",\"@id\":\"https:\\\/\\\/webdelmaestrocmf.com\\\/portal\\\/#\\\/schema\\\/person\\\/1072a2ed7bd960df8ef99a551fa35dc5\"},\"headline\":\"Los alumnos no saben escribir. No entienden lo que leen. No leen\",\"datePublished\":\"2022-04-29T23:55:45+00:00\",\"dateModified\":\"2023-09-21T02:22:50+00:00\",\"mainEntityOfPage\":{\"@id\":\"https:\\\/\\\/webdelmaestrocmf.com\\\/portal\\\/los-alumnos-no-saben-escribir-no-entienden-lo-que-leen-no-leen\\\/\"},\"wordCount\":667,\"commentCount\":0,\"publisher\":{\"@id\":\"https:\\\/\\\/webdelmaestrocmf.com\\\/portal\\\/#organization\"},\"image\":{\"@id\":\"https:\\\/\\\/webdelmaestrocmf.com\\\/portal\\\/los-alumnos-no-saben-escribir-no-entienden-lo-que-leen-no-leen\\\/#primaryimage\"},\"thumbnailUrl\":\"https:\\\/\\\/webdelmaestrocmf.com\\\/portal\\\/wp-content\\\/uploads\\\/2022\\\/04\\\/1-24.jpg\",\"keywords\":[\"alumnos\",\"ESCRIBIR\",\"No entienden\",\"NO SABEN\"],\"articleSection\":[\"Leer\",\"Recursos\"],\"inLanguage\":\"es\",\"potentialAction\":[{\"@type\":\"CommentAction\",\"name\":\"Comment\",\"target\":[\"https:\\\/\\\/webdelmaestrocmf.com\\\/portal\\\/los-alumnos-no-saben-escribir-no-entienden-lo-que-leen-no-leen\\\/#respond\"]}]},{\"@type\":\"WebPage\",\"@id\":\"https:\\\/\\\/webdelmaestrocmf.com\\\/portal\\\/los-alumnos-no-saben-escribir-no-entienden-lo-que-leen-no-leen\\\/\",\"url\":\"https:\\\/\\\/webdelmaestrocmf.com\\\/portal\\\/los-alumnos-no-saben-escribir-no-entienden-lo-que-leen-no-leen\\\/\",\"name\":\"Los alumnos no saben escribir. No entienden lo que leen. No leen - 2026\",\"isPartOf\":{\"@id\":\"https:\\\/\\\/webdelmaestrocmf.com\\\/portal\\\/#website\"},\"primaryImageOfPage\":{\"@id\":\"https:\\\/\\\/webdelmaestrocmf.com\\\/portal\\\/los-alumnos-no-saben-escribir-no-entienden-lo-que-leen-no-leen\\\/#primaryimage\"},\"image\":{\"@id\":\"https:\\\/\\\/webdelmaestrocmf.com\\\/portal\\\/los-alumnos-no-saben-escribir-no-entienden-lo-que-leen-no-leen\\\/#primaryimage\"},\"thumbnailUrl\":\"https:\\\/\\\/webdelmaestrocmf.com\\\/portal\\\/wp-content\\\/uploads\\\/2022\\\/04\\\/1-24.jpg\",\"datePublished\":\"2022-04-29T23:55:45+00:00\",\"dateModified\":\"2023-09-21T02:22:50+00:00\",\"description\":\"\u201cLos alumnos no saben escribir. No entienden lo que leen. No leen.\u201d Esta queja, en boca de los docentes, aparece a lo largo de todo...\",\"breadcrumb\":{\"@id\":\"https:\\\/\\\/webdelmaestrocmf.com\\\/portal\\\/los-alumnos-no-saben-escribir-no-entienden-lo-que-leen-no-leen\\\/#breadcrumb\"},\"inLanguage\":\"es\",\"potentialAction\":[{\"@type\":\"ReadAction\",\"target\":[\"https:\\\/\\\/webdelmaestrocmf.com\\\/portal\\\/los-alumnos-no-saben-escribir-no-entienden-lo-que-leen-no-leen\\\/\"]}]},{\"@type\":\"ImageObject\",\"inLanguage\":\"es\",\"@id\":\"https:\\\/\\\/webdelmaestrocmf.com\\\/portal\\\/los-alumnos-no-saben-escribir-no-entienden-lo-que-leen-no-leen\\\/#primaryimage\",\"url\":\"https:\\\/\\\/webdelmaestrocmf.com\\\/portal\\\/wp-content\\\/uploads\\\/2022\\\/04\\\/1-24.jpg\",\"contentUrl\":\"https:\\\/\\\/webdelmaestrocmf.com\\\/portal\\\/wp-content\\\/uploads\\\/2022\\\/04\\\/1-24.jpg\",\"width\":1100,\"height\":680,\"caption\":\"leen\"},{\"@type\":\"BreadcrumbList\",\"@id\":\"https:\\\/\\\/webdelmaestrocmf.com\\\/portal\\\/los-alumnos-no-saben-escribir-no-entienden-lo-que-leen-no-leen\\\/#breadcrumb\",\"itemListElement\":[{\"@type\":\"ListItem\",\"position\":1,\"name\":\"Portada\",\"item\":\"https:\\\/\\\/webdelmaestrocmf.com\\\/portal\\\/\"},{\"@type\":\"ListItem\",\"position\":2,\"name\":\"Recursos\",\"item\":\"https:\\\/\\\/webdelmaestrocmf.com\\\/portal\\\/category\\\/pedagogia\\\/\"},{\"@type\":\"ListItem\",\"position\":3,\"name\":\"Los alumnos no saben escribir. No entienden lo que leen. No leen\"}]},{\"@type\":\"WebSite\",\"@id\":\"https:\\\/\\\/webdelmaestrocmf.com\\\/portal\\\/#website\",\"url\":\"https:\\\/\\\/webdelmaestrocmf.com\\\/portal\\\/\",\"name\":\"Web del Maestro CMF\",\"description\":\"Maestros al servicio de la educaci\u00f3n\",\"publisher\":{\"@id\":\"https:\\\/\\\/webdelmaestrocmf.com\\\/portal\\\/#organization\"},\"alternateName\":\"WMCMF\",\"potentialAction\":[{\"@type\":\"SearchAction\",\"target\":{\"@type\":\"EntryPoint\",\"urlTemplate\":\"https:\\\/\\\/webdelmaestrocmf.com\\\/portal\\\/?s={search_term_string}\"},\"query-input\":{\"@type\":\"PropertyValueSpecification\",\"valueRequired\":true,\"valueName\":\"search_term_string\"}}],\"inLanguage\":\"es\"},{\"@type\":\"Organization\",\"@id\":\"https:\\\/\\\/webdelmaestrocmf.com\\\/portal\\\/#organization\",\"name\":\"Web del Maestro CMF\",\"alternateName\":\"WMCMF\",\"url\":\"https:\\\/\\\/webdelmaestrocmf.com\\\/portal\\\/\",\"logo\":{\"@type\":\"ImageObject\",\"inLanguage\":\"es\",\"@id\":\"https:\\\/\\\/webdelmaestrocmf.com\\\/portal\\\/#\\\/schema\\\/logo\\\/image\\\/\",\"url\":\"https:\\\/\\\/webdelmaestrocmf.com\\\/portal\\\/wp-content\\\/uploads\\\/2023\\\/01\\\/logo-wmcmf-2.png\",\"contentUrl\":\"https:\\\/\\\/webdelmaestrocmf.com\\\/portal\\\/wp-content\\\/uploads\\\/2023\\\/01\\\/logo-wmcmf-2.png\",\"width\":200,\"height\":60,\"caption\":\"Web del Maestro CMF\"},\"image\":{\"@id\":\"https:\\\/\\\/webdelmaestrocmf.com\\\/portal\\\/#\\\/schema\\\/logo\\\/image\\\/\"},\"sameAs\":[\"https:\\\/\\\/www.facebook.com\\\/WebdelMaestroCMF\\\/\",\"https:\\\/\\\/x.com\\\/cmf_w\",\"https:\\\/\\\/www.pinterest.com\\\/WMCMF\\\/\",\"https:\\\/\\\/www.linkedin.com\\\/company\\\/web-del-maestro-cmf\\\/\",\"https:\\\/\\\/www.instagram.com\\\/wmcmf\\\/\",\"https:\\\/\\\/www.youtube.com\\\/channel\\\/UCDPSvjbdodE5sHnC3OxutHw\",\"https:\\\/\\\/mastodon.social\\\/@wmcmf\",\"https:\\\/\\\/www.tiktok.com\\\/@webdelmaestrocmf\"]},{\"@type\":\"Person\",\"@id\":\"https:\\\/\\\/webdelmaestrocmf.com\\\/portal\\\/#\\\/schema\\\/person\\\/1072a2ed7bd960df8ef99a551fa35dc5\",\"name\":\"Web del Maestro CMF\",\"image\":{\"@type\":\"ImageObject\",\"inLanguage\":\"es\",\"@id\":\"https:\\\/\\\/secure.gravatar.com\\\/avatar\\\/23291dd5b5ae1077dcff3dbb04c3e02bd28403fa75af6d8787d5e97c5bbbe30b?s=96&d=mm&r=g\",\"url\":\"https:\\\/\\\/secure.gravatar.com\\\/avatar\\\/23291dd5b5ae1077dcff3dbb04c3e02bd28403fa75af6d8787d5e97c5bbbe30b?s=96&d=mm&r=g\",\"contentUrl\":\"https:\\\/\\\/secure.gravatar.com\\\/avatar\\\/23291dd5b5ae1077dcff3dbb04c3e02bd28403fa75af6d8787d5e97c5bbbe30b?s=96&d=mm&r=g\",\"caption\":\"Web del Maestro CMF\"},\"description\":\"Esta Web se cre\u00f3 sin fines de lucro, con fines educativos, cient\u00edficos y acad\u00e9micos, para personas que tengan dificultades y\\\/o inconvenientes en visualizar el material original. El objetivo es entregar recursos, compartir experiencias y materiales que ayuden a los padres de familia, maestros y estudiantes en su actualizaci\u00f3n y formaci\u00f3n permanente, en bien de la Educaci\u00f3n.\",\"sameAs\":[\"http:\\\/\\\/webdelmaestrocmf.com\\\/portal\",\"https:\\\/\\\/www.facebook.com\\\/WebdelMaestroCMF\\\/\",\"https:\\\/\\\/www.instagram.com\\\/wmcmf\\\/\",\"https:\\\/\\\/cl.linkedin.com\\\/company\\\/web-del-maestro-cmf\",\"https:\\\/\\\/www.pinterest.com\\\/WMCMF\\\/publicaciones\\\/\",\"https:\\\/\\\/x.com\\\/cmf_w\",\"https:\\\/\\\/www.youtube.com\\\/@WMCMF\"]}]}<\/script>\n<!-- \/ Yoast SEO plugin. -->","yoast_head_json":{"title":"Los alumnos no saben escribir. No entienden lo que leen. No leen - 2026","description":"\u201cLos alumnos no saben escribir. No entienden lo que leen. No leen.\u201d Esta queja, en boca de los docentes, aparece a lo largo de todo...","robots":{"index":"index","follow":"follow","max-snippet":"max-snippet:-1","max-image-preview":"max-image-preview:large","max-video-preview":"max-video-preview:-1"},"canonical":"https:\/\/webdelmaestrocmf.com\/portal\/los-alumnos-no-saben-escribir-no-entienden-lo-que-leen-no-leen\/","og_locale":"es_ES","og_type":"article","og_title":"Los alumnos no saben escribir. No entienden lo que leen. No leen - 2026","og_description":"\u201cLos alumnos no saben escribir. No entienden lo que leen. No leen.\u201d Esta queja, en boca de los docentes, aparece a lo largo de todo...","og_url":"https:\/\/webdelmaestrocmf.com\/portal\/los-alumnos-no-saben-escribir-no-entienden-lo-que-leen-no-leen\/","og_site_name":"Web del Maestro CMF","article_publisher":"https:\/\/www.facebook.com\/WebdelMaestroCMF\/","article_author":"https:\/\/www.facebook.com\/WebdelMaestroCMF\/","article_published_time":"2022-04-29T23:55:45+00:00","article_modified_time":"2023-09-21T02:22:50+00:00","og_image":[{"width":1100,"height":680,"url":"https:\/\/i0.wp.com\/webdelmaestrocmf.com\/portal\/wp-content\/uploads\/2022\/04\/1-24.jpg?fit=1100%2C680&ssl=1","type":"image\/jpeg"}],"author":"Web del Maestro CMF","twitter_card":"summary_large_image","twitter_creator":"@cmf_w","twitter_site":"@cmf_w","schema":{"@context":"https:\/\/schema.org","@graph":[{"@type":"ScholarlyArticle","@id":"https:\/\/webdelmaestrocmf.com\/portal\/los-alumnos-no-saben-escribir-no-entienden-lo-que-leen-no-leen\/#article","isPartOf":{"@id":"https:\/\/webdelmaestrocmf.com\/portal\/los-alumnos-no-saben-escribir-no-entienden-lo-que-leen-no-leen\/"},"author":{"name":"Web del Maestro CMF","@id":"https:\/\/webdelmaestrocmf.com\/portal\/#\/schema\/person\/1072a2ed7bd960df8ef99a551fa35dc5"},"headline":"Los alumnos no saben escribir. No entienden lo que leen. No leen","datePublished":"2022-04-29T23:55:45+00:00","dateModified":"2023-09-21T02:22:50+00:00","mainEntityOfPage":{"@id":"https:\/\/webdelmaestrocmf.com\/portal\/los-alumnos-no-saben-escribir-no-entienden-lo-que-leen-no-leen\/"},"wordCount":667,"commentCount":0,"publisher":{"@id":"https:\/\/webdelmaestrocmf.com\/portal\/#organization"},"image":{"@id":"https:\/\/webdelmaestrocmf.com\/portal\/los-alumnos-no-saben-escribir-no-entienden-lo-que-leen-no-leen\/#primaryimage"},"thumbnailUrl":"https:\/\/webdelmaestrocmf.com\/portal\/wp-content\/uploads\/2022\/04\/1-24.jpg","keywords":["alumnos","ESCRIBIR","No entienden","NO SABEN"],"articleSection":["Leer","Recursos"],"inLanguage":"es","potentialAction":[{"@type":"CommentAction","name":"Comment","target":["https:\/\/webdelmaestrocmf.com\/portal\/los-alumnos-no-saben-escribir-no-entienden-lo-que-leen-no-leen\/#respond"]}]},{"@type":"WebPage","@id":"https:\/\/webdelmaestrocmf.com\/portal\/los-alumnos-no-saben-escribir-no-entienden-lo-que-leen-no-leen\/","url":"https:\/\/webdelmaestrocmf.com\/portal\/los-alumnos-no-saben-escribir-no-entienden-lo-que-leen-no-leen\/","name":"Los alumnos no saben escribir. No entienden lo que leen. No leen - 2026","isPartOf":{"@id":"https:\/\/webdelmaestrocmf.com\/portal\/#website"},"primaryImageOfPage":{"@id":"https:\/\/webdelmaestrocmf.com\/portal\/los-alumnos-no-saben-escribir-no-entienden-lo-que-leen-no-leen\/#primaryimage"},"image":{"@id":"https:\/\/webdelmaestrocmf.com\/portal\/los-alumnos-no-saben-escribir-no-entienden-lo-que-leen-no-leen\/#primaryimage"},"thumbnailUrl":"https:\/\/webdelmaestrocmf.com\/portal\/wp-content\/uploads\/2022\/04\/1-24.jpg","datePublished":"2022-04-29T23:55:45+00:00","dateModified":"2023-09-21T02:22:50+00:00","description":"\u201cLos alumnos no saben escribir. No entienden lo que leen. No leen.\u201d Esta queja, en boca de los docentes, aparece a lo largo de todo...","breadcrumb":{"@id":"https:\/\/webdelmaestrocmf.com\/portal\/los-alumnos-no-saben-escribir-no-entienden-lo-que-leen-no-leen\/#breadcrumb"},"inLanguage":"es","potentialAction":[{"@type":"ReadAction","target":["https:\/\/webdelmaestrocmf.com\/portal\/los-alumnos-no-saben-escribir-no-entienden-lo-que-leen-no-leen\/"]}]},{"@type":"ImageObject","inLanguage":"es","@id":"https:\/\/webdelmaestrocmf.com\/portal\/los-alumnos-no-saben-escribir-no-entienden-lo-que-leen-no-leen\/#primaryimage","url":"https:\/\/webdelmaestrocmf.com\/portal\/wp-content\/uploads\/2022\/04\/1-24.jpg","contentUrl":"https:\/\/webdelmaestrocmf.com\/portal\/wp-content\/uploads\/2022\/04\/1-24.jpg","width":1100,"height":680,"caption":"leen"},{"@type":"BreadcrumbList","@id":"https:\/\/webdelmaestrocmf.com\/portal\/los-alumnos-no-saben-escribir-no-entienden-lo-que-leen-no-leen\/#breadcrumb","itemListElement":[{"@type":"ListItem","position":1,"name":"Portada","item":"https:\/\/webdelmaestrocmf.com\/portal\/"},{"@type":"ListItem","position":2,"name":"Recursos","item":"https:\/\/webdelmaestrocmf.com\/portal\/category\/pedagogia\/"},{"@type":"ListItem","position":3,"name":"Los alumnos no saben escribir. No entienden lo que leen. No leen"}]},{"@type":"WebSite","@id":"https:\/\/webdelmaestrocmf.com\/portal\/#website","url":"https:\/\/webdelmaestrocmf.com\/portal\/","name":"Web del Maestro CMF","description":"Maestros al servicio de la educaci\u00f3n","publisher":{"@id":"https:\/\/webdelmaestrocmf.com\/portal\/#organization"},"alternateName":"WMCMF","potentialAction":[{"@type":"SearchAction","target":{"@type":"EntryPoint","urlTemplate":"https:\/\/webdelmaestrocmf.com\/portal\/?s={search_term_string}"},"query-input":{"@type":"PropertyValueSpecification","valueRequired":true,"valueName":"search_term_string"}}],"inLanguage":"es"},{"@type":"Organization","@id":"https:\/\/webdelmaestrocmf.com\/portal\/#organization","name":"Web del Maestro CMF","alternateName":"WMCMF","url":"https:\/\/webdelmaestrocmf.com\/portal\/","logo":{"@type":"ImageObject","inLanguage":"es","@id":"https:\/\/webdelmaestrocmf.com\/portal\/#\/schema\/logo\/image\/","url":"https:\/\/webdelmaestrocmf.com\/portal\/wp-content\/uploads\/2023\/01\/logo-wmcmf-2.png","contentUrl":"https:\/\/webdelmaestrocmf.com\/portal\/wp-content\/uploads\/2023\/01\/logo-wmcmf-2.png","width":200,"height":60,"caption":"Web del Maestro CMF"},"image":{"@id":"https:\/\/webdelmaestrocmf.com\/portal\/#\/schema\/logo\/image\/"},"sameAs":["https:\/\/www.facebook.com\/WebdelMaestroCMF\/","https:\/\/x.com\/cmf_w","https:\/\/www.pinterest.com\/WMCMF\/","https:\/\/www.linkedin.com\/company\/web-del-maestro-cmf\/","https:\/\/www.instagram.com\/wmcmf\/","https:\/\/www.youtube.com\/channel\/UCDPSvjbdodE5sHnC3OxutHw","https:\/\/mastodon.social\/@wmcmf","https:\/\/www.tiktok.com\/@webdelmaestrocmf"]},{"@type":"Person","@id":"https:\/\/webdelmaestrocmf.com\/portal\/#\/schema\/person\/1072a2ed7bd960df8ef99a551fa35dc5","name":"Web del Maestro CMF","image":{"@type":"ImageObject","inLanguage":"es","@id":"https:\/\/secure.gravatar.com\/avatar\/23291dd5b5ae1077dcff3dbb04c3e02bd28403fa75af6d8787d5e97c5bbbe30b?s=96&d=mm&r=g","url":"https:\/\/secure.gravatar.com\/avatar\/23291dd5b5ae1077dcff3dbb04c3e02bd28403fa75af6d8787d5e97c5bbbe30b?s=96&d=mm&r=g","contentUrl":"https:\/\/secure.gravatar.com\/avatar\/23291dd5b5ae1077dcff3dbb04c3e02bd28403fa75af6d8787d5e97c5bbbe30b?s=96&d=mm&r=g","caption":"Web del Maestro CMF"},"description":"Esta Web se cre\u00f3 sin fines de lucro, con fines educativos, cient\u00edficos y acad\u00e9micos, para personas que tengan dificultades y\/o inconvenientes en visualizar el material original. El objetivo es entregar recursos, compartir experiencias y materiales que ayuden a los padres de familia, maestros y estudiantes en su actualizaci\u00f3n y formaci\u00f3n permanente, en bien de la Educaci\u00f3n.","sameAs":["http:\/\/webdelmaestrocmf.com\/portal","https:\/\/www.facebook.com\/WebdelMaestroCMF\/","https:\/\/www.instagram.com\/wmcmf\/","https:\/\/cl.linkedin.com\/company\/web-del-maestro-cmf","https:\/\/www.pinterest.com\/WMCMF\/publicaciones\/","https:\/\/x.com\/cmf_w","https:\/\/www.youtube.com\/@WMCMF"]}]}},"jetpack_featured_media_url":"https:\/\/webdelmaestrocmf.com\/portal\/wp-content\/uploads\/2022\/04\/1-24.jpg","jetpack_sharing_enabled":true,"jetpack-related-posts":[{"id":84702,"url":"https:\/\/webdelmaestrocmf.com\/portal\/carlos-javier-gonzalez-escribir-a-mano-mejora-la-atencion-la-memoria-la-comprension-el-aprendizaje-y-nos-obliga-a-parar-requiere-un-tiempo-una-pausa-y-eso-es-algo-que-se-esta-olvidando\/","url_meta":{"origin":76202,"position":0},"title":"Carlos Javier Gonz\u00e1lez: Escribir a mano mejora la atenci\u00f3n, la memoria, la comprensi\u00f3n, el aprendizaje, y nos obliga a parar: \u00abRequiere un tiempo, una pausa&#8230; y eso es algo que se est\u00e1 olvidando\u00bb","author":"Web del Maestro CMF","date":"22 junio, 2025","format":false,"excerpt":"\"Cuando (los alumnos) tienen que centrarse en la comprensi\u00f3n de un texto, no lo entienden, porque no pueden mantener la atenci\u00f3n\"","rel":"","context":"En \u00abEntrevistas\u00bb","block_context":{"text":"Entrevistas","link":"https:\/\/webdelmaestrocmf.com\/portal\/category\/noticias\/entrevistas\/"},"img":{"alt_text":"","src":"https:\/\/i0.wp.com\/webdelmaestrocmf.com\/portal\/wp-content\/uploads\/2025\/06\/1A-Banner-1-portada-imagen-10-1-copia-19.webp?resize=350%2C200&ssl=1","width":350,"height":200,"srcset":"https:\/\/i0.wp.com\/webdelmaestrocmf.com\/portal\/wp-content\/uploads\/2025\/06\/1A-Banner-1-portada-imagen-10-1-copia-19.webp?resize=350%2C200&ssl=1 1x, https:\/\/i0.wp.com\/webdelmaestrocmf.com\/portal\/wp-content\/uploads\/2025\/06\/1A-Banner-1-portada-imagen-10-1-copia-19.webp?resize=525%2C300&ssl=1 1.5x, https:\/\/i0.wp.com\/webdelmaestrocmf.com\/portal\/wp-content\/uploads\/2025\/06\/1A-Banner-1-portada-imagen-10-1-copia-19.webp?resize=700%2C400&ssl=1 2x"},"classes":[]},{"id":2735,"url":"https:\/\/webdelmaestrocmf.com\/portal\/si-los-docentes-no-leen-son-incapaces-de-transmitir-el-placer-de-la-lectura\/","url_meta":{"origin":76202,"position":1},"title":"Emilia Ferreiro: Si los docentes no leen, son incapaces de transmitir el placer de la lectura","author":"Web del Maestro CMF","date":"8 enero, 2024","format":false,"excerpt":"Un docente que no lee no puede contagiar el gusto por la lectura. Ense\u00f1ar a leer no es solo t\u00e9cnica, es transmitir experiencia, emoci\u00f3n y sentido real hacia los textos.","rel":"","context":"En \u00abEntrevistas\u00bb","block_context":{"text":"Entrevistas","link":"https:\/\/webdelmaestrocmf.com\/portal\/category\/noticias\/entrevistas\/"},"img":{"alt_text":"","src":"https:\/\/i0.wp.com\/webdelmaestrocmf.com\/portal\/wp-content\/uploads\/2018\/05\/A12B3C4D-2.jpg?resize=350%2C200&ssl=1","width":350,"height":200,"srcset":"https:\/\/i0.wp.com\/webdelmaestrocmf.com\/portal\/wp-content\/uploads\/2018\/05\/A12B3C4D-2.jpg?resize=350%2C200&ssl=1 1x, https:\/\/i0.wp.com\/webdelmaestrocmf.com\/portal\/wp-content\/uploads\/2018\/05\/A12B3C4D-2.jpg?resize=525%2C300&ssl=1 1.5x, https:\/\/i0.wp.com\/webdelmaestrocmf.com\/portal\/wp-content\/uploads\/2018\/05\/A12B3C4D-2.jpg?resize=700%2C400&ssl=1 2x"},"classes":[]},{"id":93055,"url":"https:\/\/webdelmaestrocmf.com\/portal\/miguel-salas-diaz-es-posible-que-los-ninos-que-tienen-un-mal-resultado-en-lectura-los-tengan-tambien-en-otras-asignaturas\/","url_meta":{"origin":76202,"position":2},"title":"Miguel Salas D\u00edaz: Es posible que los ni\u00f1os que tienen un mal resultado en lectura los tengan tambi\u00e9n en otras asignaturas","author":"Web del Maestro CMF","date":"22 agosto, 2023","format":false,"excerpt":"Miguel Salas D\u00edaz (Madrid 1977), se licenci\u00f3 en filolog\u00eda hisp\u00e1nica en la Universidad de La Coru\u00f1a (Espa\u00f1a). Ha trabajado como profesor en Valladolid, en cuya universidad se est\u00e1 doctorando en literatura comparada, N\u00e1poles y Urbino. Ahora vive en Manchuria, China, ense\u00f1ando castellano en la Universidad de Lenguas Extranjeras de Dalian.\u2026","rel":"","context":"En \u00abEntrevistas\u00bb","block_context":{"text":"Entrevistas","link":"https:\/\/webdelmaestrocmf.com\/portal\/category\/noticias\/entrevistas\/"},"img":{"alt_text":"Miguel Salas D\u00edaz","src":"https:\/\/i0.wp.com\/webdelmaestrocmf.com\/portal\/wp-content\/uploads\/2023\/08\/A12B3C4D-72.jpg?resize=350%2C200&ssl=1","width":350,"height":200,"srcset":"https:\/\/i0.wp.com\/webdelmaestrocmf.com\/portal\/wp-content\/uploads\/2023\/08\/A12B3C4D-72.jpg?resize=350%2C200&ssl=1 1x, https:\/\/i0.wp.com\/webdelmaestrocmf.com\/portal\/wp-content\/uploads\/2023\/08\/A12B3C4D-72.jpg?resize=525%2C300&ssl=1 1.5x, https:\/\/i0.wp.com\/webdelmaestrocmf.com\/portal\/wp-content\/uploads\/2023\/08\/A12B3C4D-72.jpg?resize=700%2C400&ssl=1 2x"},"classes":[]},{"id":72082,"url":"https:\/\/webdelmaestrocmf.com\/portal\/ultimos-cambios-sobre-los-simbolos-siglas-numeros-latinismos-y-extranjerismos-en-la-ortografia-de-la-lengua-espanola\/","url_meta":{"origin":76202,"position":3},"title":"\u00daltimos cambios sobre los s\u00edmbolos, siglas, n\u00fameros, latinismos y extranjerismos en la ortograf\u00eda de la lengua espa\u00f1ola","author":"Web del Maestro CMF","date":"19 junio, 2022","format":false,"excerpt":"Para Natalia In\u00e9s De La Rosa Santillana, profesora de la Universidad Aut\u00f3noma del Estado de Hidalgo (M\u00e9xico), los profesores \u201csomos modelo de nuestros alumnos, a seguir para muchos de ellos, por lo tanto, debemos esmerarnos para que se lleven un buen ejemplo, necesitamos aumentar nuestro bagaje cultural, a fin de\u2026","rel":"","context":"En \u00abYo opino - WMCMF\u00bb","block_context":{"text":"Yo opino - WMCMF","link":"https:\/\/webdelmaestrocmf.com\/portal\/category\/jamb\/"},"img":{"alt_text":"","src":"https:\/\/i0.wp.com\/webdelmaestrocmf.com\/portal\/wp-content\/uploads\/2021\/12\/1WEDRT-7.jpg?resize=350%2C200&ssl=1","width":350,"height":200,"srcset":"https:\/\/i0.wp.com\/webdelmaestrocmf.com\/portal\/wp-content\/uploads\/2021\/12\/1WEDRT-7.jpg?resize=350%2C200&ssl=1 1x, https:\/\/i0.wp.com\/webdelmaestrocmf.com\/portal\/wp-content\/uploads\/2021\/12\/1WEDRT-7.jpg?resize=525%2C300&ssl=1 1.5x, https:\/\/i0.wp.com\/webdelmaestrocmf.com\/portal\/wp-content\/uploads\/2021\/12\/1WEDRT-7.jpg?resize=700%2C400&ssl=1 2x, https:\/\/i0.wp.com\/webdelmaestrocmf.com\/portal\/wp-content\/uploads\/2021\/12\/1WEDRT-7.jpg?resize=1050%2C600&ssl=1 3x"},"classes":[]},{"id":50075,"url":"https:\/\/webdelmaestrocmf.com\/portal\/ensenar-a-leer-y-escribir-en-entornos-virtuales-herramientas-de-trabajo-para-nuestras-clases\/","url_meta":{"origin":76202,"position":4},"title":"Ense\u00f1ar a leer y escribir en entornos virtuales: herramientas de trabajo","author":"Web del Maestro CMF","date":"7 septiembre, 2020","format":false,"excerpt":"La pandemia del coronavirus contin\u00faa dejando paisajes desoladores en muchas partes del mundo y probablemente se seguir\u00e1 combatiendo durante lo que queda del a\u00f1o, lo cual repercutir\u00e1 en cualquier planificaci\u00f3n educativa. Los profesores tenemos que estar preparados para responder efectivamente al desarrollo curricular, sin olvidar e uso de las TIC\u2026","rel":"","context":"En \u00abDescargas Manuales PDF\u00bb","block_context":{"text":"Descargas Manuales PDF","link":"https:\/\/webdelmaestrocmf.com\/portal\/category\/pedagogia\/descargas-manuales-pdf\/"},"img":{"alt_text":"","src":"https:\/\/i0.wp.com\/webdelmaestrocmf.com\/portal\/wp-content\/uploads\/2020\/09\/1A-Banner-1-portada-imagen-10-1-copia-1.webp?resize=350%2C200&ssl=1","width":350,"height":200,"srcset":"https:\/\/i0.wp.com\/webdelmaestrocmf.com\/portal\/wp-content\/uploads\/2020\/09\/1A-Banner-1-portada-imagen-10-1-copia-1.webp?resize=350%2C200&ssl=1 1x, https:\/\/i0.wp.com\/webdelmaestrocmf.com\/portal\/wp-content\/uploads\/2020\/09\/1A-Banner-1-portada-imagen-10-1-copia-1.webp?resize=525%2C300&ssl=1 1.5x, https:\/\/i0.wp.com\/webdelmaestrocmf.com\/portal\/wp-content\/uploads\/2020\/09\/1A-Banner-1-portada-imagen-10-1-copia-1.webp?resize=700%2C400&ssl=1 2x"},"classes":[]},{"id":12399,"url":"https:\/\/webdelmaestrocmf.com\/portal\/nancie-atwell-la-maestra-que-logra-que-sus-alumnos-lean-40-libros-al-ano\/","url_meta":{"origin":76202,"position":5},"title":"La maestra que logra que sus alumnos lean 40 libros al a\u00f1o","author":"Web del Maestro CMF","date":"15 diciembre, 2018","format":false,"excerpt":"Nancie Atwell es la profesora estadounidense que se convirti\u00f3 en la primera ganadora del Global Teacher Prize (2015) y lleva 40 a\u00f1os transmitiendo su pasi\u00f3n por la lectura y la escritura con innovadores m\u00e9todos de ense\u00f1anza. A Nancie Atwell sus m\u00e1s de 40 a\u00f1os de experiencia como profesora no le\u2026","rel":"","context":"En \u00abEntrevistas\u00bb","block_context":{"text":"Entrevistas","link":"https:\/\/webdelmaestrocmf.com\/portal\/category\/noticias\/entrevistas\/"},"img":{"alt_text":"","src":"https:\/\/i0.wp.com\/webdelmaestrocmf.com\/portal\/wp-content\/uploads\/2018\/12\/3-1.jpg?resize=350%2C200&ssl=1","width":350,"height":200,"srcset":"https:\/\/i0.wp.com\/webdelmaestrocmf.com\/portal\/wp-content\/uploads\/2018\/12\/3-1.jpg?resize=350%2C200&ssl=1 1x, https:\/\/i0.wp.com\/webdelmaestrocmf.com\/portal\/wp-content\/uploads\/2018\/12\/3-1.jpg?resize=525%2C300&ssl=1 1.5x, https:\/\/i0.wp.com\/webdelmaestrocmf.com\/portal\/wp-content\/uploads\/2018\/12\/3-1.jpg?resize=700%2C400&ssl=1 2x, https:\/\/i0.wp.com\/webdelmaestrocmf.com\/portal\/wp-content\/uploads\/2018\/12\/3-1.jpg?resize=1050%2C600&ssl=1 3x"},"classes":[]}],"_links":{"self":[{"href":"https:\/\/webdelmaestrocmf.com\/portal\/wp-json\/wp\/v2\/posts\/76202","targetHints":{"allow":["GET"]}}],"collection":[{"href":"https:\/\/webdelmaestrocmf.com\/portal\/wp-json\/wp\/v2\/posts"}],"about":[{"href":"https:\/\/webdelmaestrocmf.com\/portal\/wp-json\/wp\/v2\/types\/post"}],"author":[{"embeddable":true,"href":"https:\/\/webdelmaestrocmf.com\/portal\/wp-json\/wp\/v2\/users\/1"}],"replies":[{"embeddable":true,"href":"https:\/\/webdelmaestrocmf.com\/portal\/wp-json\/wp\/v2\/comments?post=76202"}],"version-history":[{"count":0,"href":"https:\/\/webdelmaestrocmf.com\/portal\/wp-json\/wp\/v2\/posts\/76202\/revisions"}],"wp:featuredmedia":[{"embeddable":true,"href":"https:\/\/webdelmaestrocmf.com\/portal\/wp-json\/wp\/v2\/media\/76205"}],"wp:attachment":[{"href":"https:\/\/webdelmaestrocmf.com\/portal\/wp-json\/wp\/v2\/media?parent=76202"}],"wp:term":[{"taxonomy":"category","embeddable":true,"href":"https:\/\/webdelmaestrocmf.com\/portal\/wp-json\/wp\/v2\/categories?post=76202"},{"taxonomy":"post_tag","embeddable":true,"href":"https:\/\/webdelmaestrocmf.com\/portal\/wp-json\/wp\/v2\/tags?post=76202"}],"curies":[{"name":"wp","href":"https:\/\/api.w.org\/{rel}","templated":true}]}}