{"id":76165,"date":"2022-04-09T18:42:27","date_gmt":"2022-04-09T22:42:27","guid":{"rendered":"https:\/\/webdelmaestrocmf.com\/portal\/?p=76165"},"modified":"2024-12-07T21:10:54","modified_gmt":"2024-12-08T00:10:54","slug":"las-13-disculpas-que-como-docente-esperas-escuchar","status":"publish","type":"post","link":"https:\/\/webdelmaestrocmf.com\/portal\/las-13-disculpas-que-como-docente-esperas-escuchar\/","title":{"rendered":"Las 13 disculpas que como docente esperas escuchar"},"content":{"rendered":"<p style=\"text-align: justify;\">Aunque considero que nuestra profesi\u00f3n es de mucha entrega y pasi\u00f3n por la ense\u00f1anza, tambi\u00e9n hay situaciones que no podemos controlar y que de vez en cuando nos desmotivan.<\/p>\n<p><!--more--><\/p>\n<p style=\"text-align: justify;\">Un gran porcentaje las situaciones adversas que vivimos son producto de actos cometidos por personas con qui\u00e9n nos relacionamos en nuestra actividad laboral.<\/p>\n<p style=\"text-align: justify;\">Hace tiempo que hab\u00eda querido compartir este post. S\u00e9 que\u00a0<strong>puede ser algo ego\u00edsta el pensar que nos merecemos explicaciones y disculpas de todo lo que sucede a nuestro alrededor<\/strong>, pero se vale so\u00f1ar.<\/p>\n<p style=\"text-align: justify;\">Por ello, que sin af\u00e1n de que suene a que no disfruto ser docente; les comparto algunas de las siguientes disculpas que no me caer\u00edan nada mal y que me har\u00edan muy feliz.<\/p>\n<ul>\n<li style=\"text-align: justify;\"><strong>Disculpa<\/strong>\u00a0no haber hecho la tarea, entiendo que es mi responsabilidad y no hay excusa que pueda inventar que sustituya el trabajo que deb\u00eda haber entregado.<\/li>\n<li style=\"text-align: justify;\"><strong>Disculpa<\/strong>\u00a0el no poner atenci\u00f3n y distraerme con mi celular. Considero que es una falta grave de respeto estar consultando mis mensajes a cualquier oportunidad durante la clase.<\/li>\n<li style=\"text-align: justify;\"><strong>Disculpa<\/strong>\u00a0por esperar todo de ti, y no me quiera esforzar por hacerme responsable de mi propio aprendizaje.<\/li>\n<li style=\"text-align: justify;\"><strong>Disculpa<\/strong>\u00a0por llegar tarde e interrumpir tu clase.<\/li>\n<li style=\"text-align: justify;\"><strong>Disculpa<\/strong>\u00a0por no hacerme corresponsable del aprendizaje de mi hijo.<\/li>\n<li style=\"text-align: justify;\"><strong>Disculpa<\/strong>\u00a0por mandar a tu clase a mi hijo sin los materiales m\u00ednimos para lograr los objetivos que te has planteado.<\/li>\n<li style=\"text-align: justify;\"><strong>Disculpa<\/strong>\u00a0que te atiborre de trabajo administrativo y aun as\u00ed espere logres la excelencia acad\u00e9mica en tus alumnos.<\/li>\n<li style=\"text-align: justify;\"><strong>Disculpa<\/strong>\u00a0por pedir tu planeaci\u00f3n y no tomarme la molestia siquiera en leerla.<\/li>\n<li style=\"text-align: justify;\"><strong>Disculpa<\/strong>\u00a0por suponer que si en tu clase los alumnos se divierten no tienes control de grupo.<\/li>\n<li style=\"text-align: justify;\"><strong>Disculpa<\/strong>\u00a0que te exija resultados y no te de los recursos m\u00ednimos para lograrlos.<\/li>\n<li style=\"text-align: justify;\"><strong>Disculpa<\/strong>\u00a0que tienda a generalizar tu trabajo. Entiendo que si un alumno no llega a los aprendizajes esperados no es que seas un mal maestro.<\/li>\n<li style=\"text-align: justify;\"><strong>Disculpa<\/strong>\u00a0por no invitarte a la reflexi\u00f3n, ni proveer la capacitaci\u00f3n necesaria para tu desarrollo profesional.<\/li>\n<\/ul>\n<p><img loading=\"lazy\" decoding=\"async\" class=\"alignnone size-full wp-image-76168\" src=\"https:\/\/webdelmaestrocmf.com\/portal\/wp-content\/uploads\/2022\/04\/1-16.jpg\" alt=\"\" width=\"1200\" height=\"801\" srcset=\"https:\/\/webdelmaestrocmf.com\/portal\/wp-content\/uploads\/2022\/04\/1-16.jpg 1200w, https:\/\/webdelmaestrocmf.com\/portal\/wp-content\/uploads\/2022\/04\/1-16-300x200.jpg 300w, https:\/\/webdelmaestrocmf.com\/portal\/wp-content\/uploads\/2022\/04\/1-16-1024x684.jpg 1024w, https:\/\/webdelmaestrocmf.com\/portal\/wp-content\/uploads\/2022\/04\/1-16-768x513.jpg 768w, https:\/\/webdelmaestrocmf.com\/portal\/wp-content\/uploads\/2022\/04\/1-16-110x73.jpg 110w, https:\/\/webdelmaestrocmf.com\/portal\/wp-content\/uploads\/2022\/04\/1-16-200x134.jpg 200w, https:\/\/webdelmaestrocmf.com\/portal\/wp-content\/uploads\/2022\/04\/1-16-380x254.jpg 380w, https:\/\/webdelmaestrocmf.com\/portal\/wp-content\/uploads\/2022\/04\/1-16-255x170.jpg 255w, https:\/\/webdelmaestrocmf.com\/portal\/wp-content\/uploads\/2022\/04\/1-16-550x367.jpg 550w, https:\/\/webdelmaestrocmf.com\/portal\/wp-content\/uploads\/2022\/04\/1-16-800x534.jpg 800w, https:\/\/webdelmaestrocmf.com\/portal\/wp-content\/uploads\/2022\/04\/1-16-1160x774.jpg 1160w\" sizes=\"auto, (max-width: 1200px) 100vw, 1200px\" \/><\/p>\n<p style=\"text-align: justify;\">Sobre todo,\u00a0<strong>disculpa<\/strong>\u00a0por no promover el di\u00e1logo contigo, para comprender lo que se requiere para hacer lo que tus haces, as\u00ed como conocer tus necesidades, tus sue\u00f1os y aspiraciones.<\/p>\n<p style=\"text-align: justify;\">La cuesti\u00f3n es f\u00e1cil:\u00a0<strong>el d\u00eda que nos pongamos en los zapatos del otro<\/strong>\u00a0\u2013 seamos m\u00e1s emp\u00e1ticos-, lograremos corregir todo por lo que en este momento debemos disculparnos.<\/p>\n<p style=\"text-align: justify;\"><strong>Autor: Abdel Jacobo V\u00e1zquez. Doctor en Educaci\u00f3n, especialista en dise\u00f1o curricular, formador de docentes, especialista en ense\u00f1anza del ingl\u00e9s.<\/strong><\/p>\n<p><strong>Este contenido ha sido publicado originalmente por Linkedin en la siguiente direcci\u00f3n: <a href=\"https:\/\/www.linkedin.com\/pulse\/las-13-disculpas-que-como-docente-esperas-escuchar-abdel-jacobo\/\" target=\"_blank\" rel=\"noopener\">linkedin.com<\/a><\/strong><\/p>\n\t\t<div class=\"pk-inline-posts\">\n\t\t\t\n\t\t\t<div class=\"pk-inline-posts-container pk-inline-posts-template-list\"\n\t\t\t\tdata-columns=\"1\">\n\t\t\t\t\t\t<article id=\"post-28153\" class=\"post-28153 post type-post status-publish format-standard has-post-thumbnail category-consejos category-docentes category-pedagogia tag-adaptacion-a-diversidad tag-adaptacion-curricular tag-aprendizaje-activo tag-clases tag-diseno-curricular tag-diseno-de-actividades tag-diseno-de-lecciones tag-diseno-de-unidades-didacticas tag-eficiente tag-enfoque-centrado-en-el-estudiante tag-estrategias-de-ensenanza tag-estrategias-de-ensenanza-efectiva tag-estrategias-de-instruccion tag-estrategias-de-participacion tag-evaluacion-autentica tag-evaluacion-del-aprendizaje tag-evaluacion-formativa tag-evaluacion-sumativa tag-instruccion-diferenciada tag-manera tag-medicion-del-progreso tag-metodologia-educativa tag-motivacion-del-estudiante tag-objetivos-de-aprendizaje tag-planificacion-a-corto-plazo tag-planificacion-a-largo-plazo tag-planificacion-de-clases tag-planificar tag-recursos-didacticos tag-retroalimentacion-formativa tag-secuencia-didactica tag-taxonomia-de-bloom tag-tecnicas-de-organizacion tag-uso-de-tecnologia-educativa cs-entry cs-video-wrap\">\n\t\t\t<div class=\"pk-post-outer\">\n\n\t\t\t\t\t\t\t\t<div class=\"pk-post-inner\">\n\t\t\t\t\t<div class=\"entry-thumbnail\">\n\t\t\t\t\t\t<div class=\"pk-overlay pk-overlay-ratio pk-ratio-landscape\">\n\t\t\t\t\t\t\t<div class=\"pk-overlay-background\">\n\t\t\t\t\t\t\t\t<a href=\"https:\/\/webdelmaestrocmf.com\/portal\/como-planificar-las-clases-de-manera-eficiente\/\" class=\"pk-overlay-link\">\n\t\t\t\t\t\t\t\t\t<img loading=\"lazy\" decoding=\"async\" width=\"300\" height=\"225\" src=\"https:\/\/webdelmaestrocmf.com\/portal\/wp-content\/uploads\/2026\/02\/1AA-Banner-1-portada-imagen-10-1-copia-16-300x225.webp\" class=\"attachment-pk-thumbnail size-pk-thumbnail wp-post-image\" alt=\"\" \/>\t\t\t\t\t\t\t\t<\/a>\n\t\t\t\t\t\t\t<\/div>\n\t\t\t\t\t\t<\/div>\n\t\t\t\t\t<\/div>\n\t\t\t\t<\/div>\n\t\t\t\t\n\t\t\t\t<div class=\"pk-post-inner\">\n\t\t\t\t\t<header>\n\t\t\t\t\t\t<h3 class=\"pk-title\"><a href=\"https:\/\/webdelmaestrocmf.com\/portal\/como-planificar-las-clases-de-manera-eficiente\/\" rel=\"bookmark\">C\u00f3mo planificar las clases de manera eficiente: descarga las mejores plantillas de planificaci\u00f3n de clases<\/a><\/h3>\t\t\t\t\t<\/header><!-- .entry-header -->\n\t\t\t\t<\/div><!-- .post-inner -->\n\n\t\t\t<\/div><!-- .post-outer -->\n\t\t<\/article>\n\t\t\t<article id=\"post-117746\" class=\"post-117746 post type-post status-publish format-standard has-post-thumbnail category-docentes category-pedagogia tag-bienestar-docente tag-clima-escolar tag-docentes tag-educacion-3 tag-gestion-educativa-3 tag-salud-mental-docente tag-sistema-educativo tag-sobrecarga-laboral tag-trabajo-docente tag-vocacion-docente-2 cs-entry cs-video-wrap\">\n\t\t\t<div class=\"pk-post-outer\">\n\n\t\t\t\t\t\t\t\t<div class=\"pk-post-inner\">\n\t\t\t\t\t<div class=\"entry-thumbnail\">\n\t\t\t\t\t\t<div class=\"pk-overlay pk-overlay-ratio pk-ratio-landscape\">\n\t\t\t\t\t\t\t<div class=\"pk-overlay-background\">\n\t\t\t\t\t\t\t\t<a href=\"https:\/\/webdelmaestrocmf.com\/portal\/la-mochila-invisible-del-docente-una-carga-que-el-sistema-aun-no-logra-ver\/\" class=\"pk-overlay-link\">\n\t\t\t\t\t\t\t\t\t<img loading=\"lazy\" decoding=\"async\" width=\"300\" height=\"225\" src=\"https:\/\/webdelmaestrocmf.com\/portal\/wp-content\/uploads\/2026\/04\/1AA-Banner-1-portada-imagen-10-1-copia-14-1-300x225.webp\" class=\"attachment-pk-thumbnail size-pk-thumbnail wp-post-image\" alt=\"\" \/>\t\t\t\t\t\t\t\t<\/a>\n\t\t\t\t\t\t\t<\/div>\n\t\t\t\t\t\t<\/div>\n\t\t\t\t\t<\/div>\n\t\t\t\t<\/div>\n\t\t\t\t\n\t\t\t\t<div class=\"pk-post-inner\">\n\t\t\t\t\t<header>\n\t\t\t\t\t\t<h3 class=\"pk-title\"><a href=\"https:\/\/webdelmaestrocmf.com\/portal\/la-mochila-invisible-del-docente-una-carga-que-el-sistema-aun-no-logra-ver\/\" rel=\"bookmark\">La mochila invisible del docente: una carga que el sistema a\u00fan no logra ver<\/a><\/h3>\t\t\t\t\t<\/header><!-- .entry-header -->\n\t\t\t\t<\/div><!-- .post-inner -->\n\n\t\t\t<\/div><!-- .post-outer -->\n\t\t<\/article>\n\t\t\t<article id=\"post-117526\" class=\"post-117526 post type-post status-publish format-standard has-post-thumbnail category-docentes category-pedagogia tag-aula tag-convivencia-escolar tag-docentes tag-educacion-2 tag-educacion-socioemocional tag-espacio-personal tag-limites tag-pedagogia-2 tag-vinculo-educativo cs-entry cs-video-wrap\">\n\t\t\t<div class=\"pk-post-outer\">\n\n\t\t\t\t\t\t\t\t<div class=\"pk-post-inner\">\n\t\t\t\t\t<div class=\"entry-thumbnail\">\n\t\t\t\t\t\t<div class=\"pk-overlay pk-overlay-ratio pk-ratio-landscape\">\n\t\t\t\t\t\t\t<div class=\"pk-overlay-background\">\n\t\t\t\t\t\t\t\t<a href=\"https:\/\/webdelmaestrocmf.com\/portal\/el-dilema-del-contacto-fisico-en-la-escuela-entre-el-vinculo-humano-y-la-responsabilidad-profesional-que-debe-hacer-el-docente\/\" class=\"pk-overlay-link\">\n\t\t\t\t\t\t\t\t\t<img loading=\"lazy\" decoding=\"async\" width=\"300\" height=\"225\" src=\"https:\/\/webdelmaestrocmf.com\/portal\/wp-content\/uploads\/2026\/04\/1AA-Banner-1-portada-imagen-10-1-copia-6-1-300x225.webp\" class=\"attachment-pk-thumbnail size-pk-thumbnail wp-post-image\" alt=\"\" \/>\t\t\t\t\t\t\t\t<\/a>\n\t\t\t\t\t\t\t<\/div>\n\t\t\t\t\t\t<\/div>\n\t\t\t\t\t<\/div>\n\t\t\t\t<\/div>\n\t\t\t\t\n\t\t\t\t<div class=\"pk-post-inner\">\n\t\t\t\t\t<header>\n\t\t\t\t\t\t<h3 class=\"pk-title\"><a href=\"https:\/\/webdelmaestrocmf.com\/portal\/el-dilema-del-contacto-fisico-en-la-escuela-entre-el-vinculo-humano-y-la-responsabilidad-profesional-que-debe-hacer-el-docente\/\" rel=\"bookmark\">El dilema del contacto f\u00edsico en la escuela: entre el v\u00ednculo humano y la responsabilidad profesional \u00bfQu\u00e9 debe hacer el docente?<\/a><\/h3>\t\t\t\t\t<\/header><!-- .entry-header -->\n\t\t\t\t<\/div><!-- .post-inner -->\n\n\t\t\t<\/div><!-- .post-outer -->\n\t\t<\/article>\n\t\t\t\t<\/div>\n\t\t<\/div>\n\t\t\n","protected":false},"excerpt":{"rendered":"Aunque considero que nuestra profesi\u00f3n es de mucha entrega y pasi\u00f3n por la ense\u00f1anza, tambi\u00e9n hay situaciones que&hellip;","protected":false},"author":1,"featured_media":107101,"comment_status":"open","ping_status":"closed","sticky":false,"template":"","format":"standard","meta":{"csco_display_header_overlay":false,"csco_singular_sidebar":"default","csco_page_header_type":"default","csco_page_load_nextpost":"default","csco_post_video_location":[],"csco_post_video_location_hash":"","csco_post_video_url":"","csco_post_video_bg_start_time":0,"csco_post_video_bg_end_time":0,"csco_post_video_bg_volume":false,"_jetpack_memberships_contains_paid_content":false,"footnotes":""},"categories":[570,735],"tags":[14729,52,3432,14730],"class_list":{"0":"post-76165","1":"post","2":"type-post","3":"status-publish","4":"format-standard","5":"has-post-thumbnail","7":"category-docentes","8":"category-pedagogia","9":"tag-disculpas","10":"tag-docente","11":"tag-escuchar","12":"tag-esperas","13":"cs-entry","14":"cs-video-wrap"},"yoast_head":"<!-- This site is optimized with the Yoast SEO plugin v27.5 - https:\/\/yoast.com\/product\/yoast-seo-wordpress\/ -->\n<title>Las 13 disculpas que como docente esperas escuchar - 2026<\/title>\n<meta name=\"description\" content=\"Comunidad de Maestros, Docentes y Profesores, en donde encontrar\u00e1s material, informaci\u00f3n y noticias del \u00e1mbito nacional y mundial.\" \/>\n<meta name=\"robots\" content=\"index, follow, max-snippet:-1, max-image-preview:large, max-video-preview:-1\" \/>\n<link rel=\"canonical\" href=\"https:\/\/webdelmaestrocmf.com\/portal\/las-13-disculpas-que-como-docente-esperas-escuchar\/\" \/>\n<meta property=\"og:locale\" content=\"es_ES\" \/>\n<meta property=\"og:type\" content=\"article\" \/>\n<meta property=\"og:title\" content=\"Las 13 disculpas que como docente esperas escuchar - 2026\" \/>\n<meta property=\"og:description\" content=\"Comunidad de Maestros, Docentes y Profesores, en donde encontrar\u00e1s material, informaci\u00f3n y noticias del \u00e1mbito nacional y mundial.\" \/>\n<meta property=\"og:url\" content=\"https:\/\/webdelmaestrocmf.com\/portal\/las-13-disculpas-que-como-docente-esperas-escuchar\/\" \/>\n<meta property=\"og:site_name\" content=\"Web del Maestro CMF\" \/>\n<meta property=\"article:publisher\" content=\"https:\/\/www.facebook.com\/WebdelMaestroCMF\/\" \/>\n<meta property=\"article:author\" content=\"https:\/\/www.facebook.com\/WebdelMaestroCMF\/\" \/>\n<meta property=\"article:published_time\" content=\"2022-04-09T22:42:27+00:00\" \/>\n<meta property=\"article:modified_time\" content=\"2024-12-08T00:10:54+00:00\" \/>\n<meta property=\"og:image\" content=\"https:\/\/webdelmaestrocmf.com\/portal\/wp-content\/uploads\/2022\/04\/Banner-1-portada-imagen-10-1-8.jpg\" \/>\n\t<meta property=\"og:image:width\" content=\"1024\" \/>\n\t<meta property=\"og:image:height\" content=\"1024\" \/>\n\t<meta property=\"og:image:type\" content=\"image\/jpeg\" \/>\n<meta name=\"author\" content=\"Web del Maestro CMF\" \/>\n<meta name=\"twitter:card\" content=\"summary_large_image\" \/>\n<meta name=\"twitter:creator\" content=\"@cmf_w\" \/>\n<meta name=\"twitter:site\" content=\"@cmf_w\" \/>\n<script type=\"application\/ld+json\" class=\"yoast-schema-graph\">{\"@context\":\"https:\\\/\\\/schema.org\",\"@graph\":[{\"@type\":\"ScholarlyArticle\",\"@id\":\"https:\\\/\\\/webdelmaestrocmf.com\\\/portal\\\/las-13-disculpas-que-como-docente-esperas-escuchar\\\/#article\",\"isPartOf\":{\"@id\":\"https:\\\/\\\/webdelmaestrocmf.com\\\/portal\\\/las-13-disculpas-que-como-docente-esperas-escuchar\\\/\"},\"author\":{\"name\":\"Web del Maestro CMF\",\"@id\":\"https:\\\/\\\/webdelmaestrocmf.com\\\/portal\\\/#\\\/schema\\\/person\\\/1072a2ed7bd960df8ef99a551fa35dc5\"},\"headline\":\"Las 13 disculpas que como docente esperas escuchar\",\"datePublished\":\"2022-04-09T22:42:27+00:00\",\"dateModified\":\"2024-12-08T00:10:54+00:00\",\"mainEntityOfPage\":{\"@id\":\"https:\\\/\\\/webdelmaestrocmf.com\\\/portal\\\/las-13-disculpas-que-como-docente-esperas-escuchar\\\/\"},\"wordCount\":466,\"commentCount\":0,\"publisher\":{\"@id\":\"https:\\\/\\\/webdelmaestrocmf.com\\\/portal\\\/#organization\"},\"image\":{\"@id\":\"https:\\\/\\\/webdelmaestrocmf.com\\\/portal\\\/las-13-disculpas-que-como-docente-esperas-escuchar\\\/#primaryimage\"},\"thumbnailUrl\":\"https:\\\/\\\/webdelmaestrocmf.com\\\/portal\\\/wp-content\\\/uploads\\\/2022\\\/04\\\/Banner-1-portada-imagen-10-1-8.jpg\",\"keywords\":[\"disculpas\",\"DOCENTE\",\"ESCUCHAR\",\"esperas\"],\"articleSection\":[\"Docentes\",\"Recursos\"],\"inLanguage\":\"es\",\"potentialAction\":[{\"@type\":\"CommentAction\",\"name\":\"Comment\",\"target\":[\"https:\\\/\\\/webdelmaestrocmf.com\\\/portal\\\/las-13-disculpas-que-como-docente-esperas-escuchar\\\/#respond\"]}]},{\"@type\":\"WebPage\",\"@id\":\"https:\\\/\\\/webdelmaestrocmf.com\\\/portal\\\/las-13-disculpas-que-como-docente-esperas-escuchar\\\/\",\"url\":\"https:\\\/\\\/webdelmaestrocmf.com\\\/portal\\\/las-13-disculpas-que-como-docente-esperas-escuchar\\\/\",\"name\":\"Las 13 disculpas que como docente esperas escuchar - 2026\",\"isPartOf\":{\"@id\":\"https:\\\/\\\/webdelmaestrocmf.com\\\/portal\\\/#website\"},\"primaryImageOfPage\":{\"@id\":\"https:\\\/\\\/webdelmaestrocmf.com\\\/portal\\\/las-13-disculpas-que-como-docente-esperas-escuchar\\\/#primaryimage\"},\"image\":{\"@id\":\"https:\\\/\\\/webdelmaestrocmf.com\\\/portal\\\/las-13-disculpas-que-como-docente-esperas-escuchar\\\/#primaryimage\"},\"thumbnailUrl\":\"https:\\\/\\\/webdelmaestrocmf.com\\\/portal\\\/wp-content\\\/uploads\\\/2022\\\/04\\\/Banner-1-portada-imagen-10-1-8.jpg\",\"datePublished\":\"2022-04-09T22:42:27+00:00\",\"dateModified\":\"2024-12-08T00:10:54+00:00\",\"description\":\"Comunidad de Maestros, Docentes y Profesores, en donde encontrar\u00e1s material, informaci\u00f3n y noticias del \u00e1mbito nacional y mundial.\",\"breadcrumb\":{\"@id\":\"https:\\\/\\\/webdelmaestrocmf.com\\\/portal\\\/las-13-disculpas-que-como-docente-esperas-escuchar\\\/#breadcrumb\"},\"inLanguage\":\"es\",\"potentialAction\":[{\"@type\":\"ReadAction\",\"target\":[\"https:\\\/\\\/webdelmaestrocmf.com\\\/portal\\\/las-13-disculpas-que-como-docente-esperas-escuchar\\\/\"]}]},{\"@type\":\"ImageObject\",\"inLanguage\":\"es\",\"@id\":\"https:\\\/\\\/webdelmaestrocmf.com\\\/portal\\\/las-13-disculpas-que-como-docente-esperas-escuchar\\\/#primaryimage\",\"url\":\"https:\\\/\\\/webdelmaestrocmf.com\\\/portal\\\/wp-content\\\/uploads\\\/2022\\\/04\\\/Banner-1-portada-imagen-10-1-8.jpg\",\"contentUrl\":\"https:\\\/\\\/webdelmaestrocmf.com\\\/portal\\\/wp-content\\\/uploads\\\/2022\\\/04\\\/Banner-1-portada-imagen-10-1-8.jpg\",\"width\":1024,\"height\":1024},{\"@type\":\"BreadcrumbList\",\"@id\":\"https:\\\/\\\/webdelmaestrocmf.com\\\/portal\\\/las-13-disculpas-que-como-docente-esperas-escuchar\\\/#breadcrumb\",\"itemListElement\":[{\"@type\":\"ListItem\",\"position\":1,\"name\":\"Portada\",\"item\":\"https:\\\/\\\/webdelmaestrocmf.com\\\/portal\\\/\"},{\"@type\":\"ListItem\",\"position\":2,\"name\":\"Recursos\",\"item\":\"https:\\\/\\\/webdelmaestrocmf.com\\\/portal\\\/category\\\/pedagogia\\\/\"},{\"@type\":\"ListItem\",\"position\":3,\"name\":\"Docentes\",\"item\":\"https:\\\/\\\/webdelmaestrocmf.com\\\/portal\\\/category\\\/pedagogia\\\/docentes\\\/\"},{\"@type\":\"ListItem\",\"position\":4,\"name\":\"Las 13 disculpas que como docente esperas escuchar\"}]},{\"@type\":\"WebSite\",\"@id\":\"https:\\\/\\\/webdelmaestrocmf.com\\\/portal\\\/#website\",\"url\":\"https:\\\/\\\/webdelmaestrocmf.com\\\/portal\\\/\",\"name\":\"Web del Maestro CMF\",\"description\":\"Maestros al servicio de la educaci\u00f3n\",\"publisher\":{\"@id\":\"https:\\\/\\\/webdelmaestrocmf.com\\\/portal\\\/#organization\"},\"alternateName\":\"WMCMF\",\"potentialAction\":[{\"@type\":\"SearchAction\",\"target\":{\"@type\":\"EntryPoint\",\"urlTemplate\":\"https:\\\/\\\/webdelmaestrocmf.com\\\/portal\\\/?s={search_term_string}\"},\"query-input\":{\"@type\":\"PropertyValueSpecification\",\"valueRequired\":true,\"valueName\":\"search_term_string\"}}],\"inLanguage\":\"es\"},{\"@type\":\"Organization\",\"@id\":\"https:\\\/\\\/webdelmaestrocmf.com\\\/portal\\\/#organization\",\"name\":\"Web del Maestro CMF\",\"alternateName\":\"WMCMF\",\"url\":\"https:\\\/\\\/webdelmaestrocmf.com\\\/portal\\\/\",\"logo\":{\"@type\":\"ImageObject\",\"inLanguage\":\"es\",\"@id\":\"https:\\\/\\\/webdelmaestrocmf.com\\\/portal\\\/#\\\/schema\\\/logo\\\/image\\\/\",\"url\":\"https:\\\/\\\/webdelmaestrocmf.com\\\/portal\\\/wp-content\\\/uploads\\\/2023\\\/01\\\/logo-wmcmf-2.png\",\"contentUrl\":\"https:\\\/\\\/webdelmaestrocmf.com\\\/portal\\\/wp-content\\\/uploads\\\/2023\\\/01\\\/logo-wmcmf-2.png\",\"width\":200,\"height\":60,\"caption\":\"Web del Maestro CMF\"},\"image\":{\"@id\":\"https:\\\/\\\/webdelmaestrocmf.com\\\/portal\\\/#\\\/schema\\\/logo\\\/image\\\/\"},\"sameAs\":[\"https:\\\/\\\/www.facebook.com\\\/WebdelMaestroCMF\\\/\",\"https:\\\/\\\/x.com\\\/cmf_w\",\"https:\\\/\\\/www.pinterest.com\\\/WMCMF\\\/\",\"https:\\\/\\\/www.linkedin.com\\\/company\\\/web-del-maestro-cmf\\\/\",\"https:\\\/\\\/www.instagram.com\\\/wmcmf\\\/\",\"https:\\\/\\\/www.youtube.com\\\/channel\\\/UCDPSvjbdodE5sHnC3OxutHw\",\"https:\\\/\\\/mastodon.social\\\/@wmcmf\",\"https:\\\/\\\/www.tiktok.com\\\/@webdelmaestrocmf\"]},{\"@type\":\"Person\",\"@id\":\"https:\\\/\\\/webdelmaestrocmf.com\\\/portal\\\/#\\\/schema\\\/person\\\/1072a2ed7bd960df8ef99a551fa35dc5\",\"name\":\"Web del Maestro CMF\",\"image\":{\"@type\":\"ImageObject\",\"inLanguage\":\"es\",\"@id\":\"https:\\\/\\\/secure.gravatar.com\\\/avatar\\\/23291dd5b5ae1077dcff3dbb04c3e02bd28403fa75af6d8787d5e97c5bbbe30b?s=96&d=mm&r=g\",\"url\":\"https:\\\/\\\/secure.gravatar.com\\\/avatar\\\/23291dd5b5ae1077dcff3dbb04c3e02bd28403fa75af6d8787d5e97c5bbbe30b?s=96&d=mm&r=g\",\"contentUrl\":\"https:\\\/\\\/secure.gravatar.com\\\/avatar\\\/23291dd5b5ae1077dcff3dbb04c3e02bd28403fa75af6d8787d5e97c5bbbe30b?s=96&d=mm&r=g\",\"caption\":\"Web del Maestro CMF\"},\"description\":\"Esta Web se cre\u00f3 sin fines de lucro, con fines educativos, cient\u00edficos y acad\u00e9micos, para personas que tengan dificultades y\\\/o inconvenientes en visualizar el material original. El objetivo es entregar recursos, compartir experiencias y materiales que ayuden a los padres de familia, maestros y estudiantes en su actualizaci\u00f3n y formaci\u00f3n permanente, en bien de la Educaci\u00f3n.\",\"sameAs\":[\"http:\\\/\\\/webdelmaestrocmf.com\\\/portal\",\"https:\\\/\\\/www.facebook.com\\\/WebdelMaestroCMF\\\/\",\"https:\\\/\\\/www.instagram.com\\\/wmcmf\\\/\",\"https:\\\/\\\/cl.linkedin.com\\\/company\\\/web-del-maestro-cmf\",\"https:\\\/\\\/www.pinterest.com\\\/WMCMF\\\/publicaciones\\\/\",\"https:\\\/\\\/x.com\\\/cmf_w\",\"https:\\\/\\\/www.youtube.com\\\/@WMCMF\"]}]}<\/script>\n<!-- \/ Yoast SEO plugin. -->","yoast_head_json":{"title":"Las 13 disculpas que como docente esperas escuchar - 2026","description":"Comunidad de Maestros, Docentes y Profesores, en donde encontrar\u00e1s material, informaci\u00f3n y noticias del \u00e1mbito nacional y mundial.","robots":{"index":"index","follow":"follow","max-snippet":"max-snippet:-1","max-image-preview":"max-image-preview:large","max-video-preview":"max-video-preview:-1"},"canonical":"https:\/\/webdelmaestrocmf.com\/portal\/las-13-disculpas-que-como-docente-esperas-escuchar\/","og_locale":"es_ES","og_type":"article","og_title":"Las 13 disculpas que como docente esperas escuchar - 2026","og_description":"Comunidad de Maestros, Docentes y Profesores, en donde encontrar\u00e1s material, informaci\u00f3n y noticias del \u00e1mbito nacional y mundial.","og_url":"https:\/\/webdelmaestrocmf.com\/portal\/las-13-disculpas-que-como-docente-esperas-escuchar\/","og_site_name":"Web del Maestro CMF","article_publisher":"https:\/\/www.facebook.com\/WebdelMaestroCMF\/","article_author":"https:\/\/www.facebook.com\/WebdelMaestroCMF\/","article_published_time":"2022-04-09T22:42:27+00:00","article_modified_time":"2024-12-08T00:10:54+00:00","og_image":[{"width":1024,"height":1024,"url":"https:\/\/webdelmaestrocmf.com\/portal\/wp-content\/uploads\/2022\/04\/Banner-1-portada-imagen-10-1-8.jpg","type":"image\/jpeg"}],"author":"Web del Maestro CMF","twitter_card":"summary_large_image","twitter_creator":"@cmf_w","twitter_site":"@cmf_w","schema":{"@context":"https:\/\/schema.org","@graph":[{"@type":"ScholarlyArticle","@id":"https:\/\/webdelmaestrocmf.com\/portal\/las-13-disculpas-que-como-docente-esperas-escuchar\/#article","isPartOf":{"@id":"https:\/\/webdelmaestrocmf.com\/portal\/las-13-disculpas-que-como-docente-esperas-escuchar\/"},"author":{"name":"Web del Maestro CMF","@id":"https:\/\/webdelmaestrocmf.com\/portal\/#\/schema\/person\/1072a2ed7bd960df8ef99a551fa35dc5"},"headline":"Las 13 disculpas que como docente esperas escuchar","datePublished":"2022-04-09T22:42:27+00:00","dateModified":"2024-12-08T00:10:54+00:00","mainEntityOfPage":{"@id":"https:\/\/webdelmaestrocmf.com\/portal\/las-13-disculpas-que-como-docente-esperas-escuchar\/"},"wordCount":466,"commentCount":0,"publisher":{"@id":"https:\/\/webdelmaestrocmf.com\/portal\/#organization"},"image":{"@id":"https:\/\/webdelmaestrocmf.com\/portal\/las-13-disculpas-que-como-docente-esperas-escuchar\/#primaryimage"},"thumbnailUrl":"https:\/\/webdelmaestrocmf.com\/portal\/wp-content\/uploads\/2022\/04\/Banner-1-portada-imagen-10-1-8.jpg","keywords":["disculpas","DOCENTE","ESCUCHAR","esperas"],"articleSection":["Docentes","Recursos"],"inLanguage":"es","potentialAction":[{"@type":"CommentAction","name":"Comment","target":["https:\/\/webdelmaestrocmf.com\/portal\/las-13-disculpas-que-como-docente-esperas-escuchar\/#respond"]}]},{"@type":"WebPage","@id":"https:\/\/webdelmaestrocmf.com\/portal\/las-13-disculpas-que-como-docente-esperas-escuchar\/","url":"https:\/\/webdelmaestrocmf.com\/portal\/las-13-disculpas-que-como-docente-esperas-escuchar\/","name":"Las 13 disculpas que como docente esperas escuchar - 2026","isPartOf":{"@id":"https:\/\/webdelmaestrocmf.com\/portal\/#website"},"primaryImageOfPage":{"@id":"https:\/\/webdelmaestrocmf.com\/portal\/las-13-disculpas-que-como-docente-esperas-escuchar\/#primaryimage"},"image":{"@id":"https:\/\/webdelmaestrocmf.com\/portal\/las-13-disculpas-que-como-docente-esperas-escuchar\/#primaryimage"},"thumbnailUrl":"https:\/\/webdelmaestrocmf.com\/portal\/wp-content\/uploads\/2022\/04\/Banner-1-portada-imagen-10-1-8.jpg","datePublished":"2022-04-09T22:42:27+00:00","dateModified":"2024-12-08T00:10:54+00:00","description":"Comunidad de Maestros, Docentes y Profesores, en donde encontrar\u00e1s material, informaci\u00f3n y noticias del \u00e1mbito nacional y mundial.","breadcrumb":{"@id":"https:\/\/webdelmaestrocmf.com\/portal\/las-13-disculpas-que-como-docente-esperas-escuchar\/#breadcrumb"},"inLanguage":"es","potentialAction":[{"@type":"ReadAction","target":["https:\/\/webdelmaestrocmf.com\/portal\/las-13-disculpas-que-como-docente-esperas-escuchar\/"]}]},{"@type":"ImageObject","inLanguage":"es","@id":"https:\/\/webdelmaestrocmf.com\/portal\/las-13-disculpas-que-como-docente-esperas-escuchar\/#primaryimage","url":"https:\/\/webdelmaestrocmf.com\/portal\/wp-content\/uploads\/2022\/04\/Banner-1-portada-imagen-10-1-8.jpg","contentUrl":"https:\/\/webdelmaestrocmf.com\/portal\/wp-content\/uploads\/2022\/04\/Banner-1-portada-imagen-10-1-8.jpg","width":1024,"height":1024},{"@type":"BreadcrumbList","@id":"https:\/\/webdelmaestrocmf.com\/portal\/las-13-disculpas-que-como-docente-esperas-escuchar\/#breadcrumb","itemListElement":[{"@type":"ListItem","position":1,"name":"Portada","item":"https:\/\/webdelmaestrocmf.com\/portal\/"},{"@type":"ListItem","position":2,"name":"Recursos","item":"https:\/\/webdelmaestrocmf.com\/portal\/category\/pedagogia\/"},{"@type":"ListItem","position":3,"name":"Docentes","item":"https:\/\/webdelmaestrocmf.com\/portal\/category\/pedagogia\/docentes\/"},{"@type":"ListItem","position":4,"name":"Las 13 disculpas que como docente esperas escuchar"}]},{"@type":"WebSite","@id":"https:\/\/webdelmaestrocmf.com\/portal\/#website","url":"https:\/\/webdelmaestrocmf.com\/portal\/","name":"Web del Maestro CMF","description":"Maestros al servicio de la educaci\u00f3n","publisher":{"@id":"https:\/\/webdelmaestrocmf.com\/portal\/#organization"},"alternateName":"WMCMF","potentialAction":[{"@type":"SearchAction","target":{"@type":"EntryPoint","urlTemplate":"https:\/\/webdelmaestrocmf.com\/portal\/?s={search_term_string}"},"query-input":{"@type":"PropertyValueSpecification","valueRequired":true,"valueName":"search_term_string"}}],"inLanguage":"es"},{"@type":"Organization","@id":"https:\/\/webdelmaestrocmf.com\/portal\/#organization","name":"Web del Maestro CMF","alternateName":"WMCMF","url":"https:\/\/webdelmaestrocmf.com\/portal\/","logo":{"@type":"ImageObject","inLanguage":"es","@id":"https:\/\/webdelmaestrocmf.com\/portal\/#\/schema\/logo\/image\/","url":"https:\/\/webdelmaestrocmf.com\/portal\/wp-content\/uploads\/2023\/01\/logo-wmcmf-2.png","contentUrl":"https:\/\/webdelmaestrocmf.com\/portal\/wp-content\/uploads\/2023\/01\/logo-wmcmf-2.png","width":200,"height":60,"caption":"Web del Maestro CMF"},"image":{"@id":"https:\/\/webdelmaestrocmf.com\/portal\/#\/schema\/logo\/image\/"},"sameAs":["https:\/\/www.facebook.com\/WebdelMaestroCMF\/","https:\/\/x.com\/cmf_w","https:\/\/www.pinterest.com\/WMCMF\/","https:\/\/www.linkedin.com\/company\/web-del-maestro-cmf\/","https:\/\/www.instagram.com\/wmcmf\/","https:\/\/www.youtube.com\/channel\/UCDPSvjbdodE5sHnC3OxutHw","https:\/\/mastodon.social\/@wmcmf","https:\/\/www.tiktok.com\/@webdelmaestrocmf"]},{"@type":"Person","@id":"https:\/\/webdelmaestrocmf.com\/portal\/#\/schema\/person\/1072a2ed7bd960df8ef99a551fa35dc5","name":"Web del Maestro CMF","image":{"@type":"ImageObject","inLanguage":"es","@id":"https:\/\/secure.gravatar.com\/avatar\/23291dd5b5ae1077dcff3dbb04c3e02bd28403fa75af6d8787d5e97c5bbbe30b?s=96&d=mm&r=g","url":"https:\/\/secure.gravatar.com\/avatar\/23291dd5b5ae1077dcff3dbb04c3e02bd28403fa75af6d8787d5e97c5bbbe30b?s=96&d=mm&r=g","contentUrl":"https:\/\/secure.gravatar.com\/avatar\/23291dd5b5ae1077dcff3dbb04c3e02bd28403fa75af6d8787d5e97c5bbbe30b?s=96&d=mm&r=g","caption":"Web del Maestro CMF"},"description":"Esta Web se cre\u00f3 sin fines de lucro, con fines educativos, cient\u00edficos y acad\u00e9micos, para personas que tengan dificultades y\/o inconvenientes en visualizar el material original. El objetivo es entregar recursos, compartir experiencias y materiales que ayuden a los padres de familia, maestros y estudiantes en su actualizaci\u00f3n y formaci\u00f3n permanente, en bien de la Educaci\u00f3n.","sameAs":["http:\/\/webdelmaestrocmf.com\/portal","https:\/\/www.facebook.com\/WebdelMaestroCMF\/","https:\/\/www.instagram.com\/wmcmf\/","https:\/\/cl.linkedin.com\/company\/web-del-maestro-cmf","https:\/\/www.pinterest.com\/WMCMF\/publicaciones\/","https:\/\/x.com\/cmf_w","https:\/\/www.youtube.com\/@WMCMF"]}]}},"jetpack_featured_media_url":"https:\/\/webdelmaestrocmf.com\/portal\/wp-content\/uploads\/2022\/04\/Banner-1-portada-imagen-10-1-8.jpg","jetpack_sharing_enabled":true,"jetpack-related-posts":[{"id":112560,"url":"https:\/\/webdelmaestrocmf.com\/portal\/profesor-universitario-le-dijo-burro-a-estudiante-con-sindrome-de-asperger-docente-se-disculpo\/","url_meta":{"origin":76165,"position":0},"title":"Critican duramente profesor por decirle \u2018burro\u2019 a un estudiante: Ahora resulta que tengo que darle un trato especial: soy maestro, no ni\u00f1era","author":"Web del Maestro CMF","date":"12 octubre, 2025","format":false,"excerpt":"Con todo respeto han hecho mucho esc\u00e1ndalo en mi manera de ense\u00f1anza. Ahora resulta que tengo que darle un trato especial: soy maestro, no ni\u00f1era\u201d.","rel":"","context":"En \u00abNoticias\u00bb","block_context":{"text":"Noticias","link":"https:\/\/webdelmaestrocmf.com\/portal\/category\/pedagogia\/noticias-pedagogia\/"},"img":{"alt_text":"","src":"https:\/\/i0.wp.com\/webdelmaestrocmf.com\/portal\/wp-content\/uploads\/2025\/10\/1AA-Banner-1-portada-imagen-10-1-copia-1-1.webp?resize=350%2C200&ssl=1","width":350,"height":200,"srcset":"https:\/\/i0.wp.com\/webdelmaestrocmf.com\/portal\/wp-content\/uploads\/2025\/10\/1AA-Banner-1-portada-imagen-10-1-copia-1-1.webp?resize=350%2C200&ssl=1 1x, https:\/\/i0.wp.com\/webdelmaestrocmf.com\/portal\/wp-content\/uploads\/2025\/10\/1AA-Banner-1-portada-imagen-10-1-copia-1-1.webp?resize=525%2C300&ssl=1 1.5x, https:\/\/i0.wp.com\/webdelmaestrocmf.com\/portal\/wp-content\/uploads\/2025\/10\/1AA-Banner-1-portada-imagen-10-1-copia-1-1.webp?resize=700%2C400&ssl=1 2x, https:\/\/i0.wp.com\/webdelmaestrocmf.com\/portal\/wp-content\/uploads\/2025\/10\/1AA-Banner-1-portada-imagen-10-1-copia-1-1.webp?resize=1050%2C600&ssl=1 3x"},"classes":[]},{"id":74956,"url":"https:\/\/webdelmaestrocmf.com\/portal\/como-ensenar-a-un-nino-a-pedir-perdon\/","url_meta":{"origin":76165,"position":1},"title":"C\u00f3mo ense\u00f1ar a un ni\u00f1o a pedir perd\u00f3n","author":"Web del Maestro CMF","date":"29 mayo, 2022","format":false,"excerpt":"Todos sabemos por experiencia propia lo que cuesta pedir perd\u00f3n y\u00a0reconocer los errores. Y a medida que nos hacemos mayores, m\u00e1s dif\u00edcil es. Sin embargo, la persona que sabe perdonar vive m\u00e1s feliz, sin rencores y sin tantas presiones internas; perdonar se convierte as\u00ed en una herramienta terap\u00e9utica para el\u2026","rel":"","context":"En \u00abEducaci\u00f3n y Familia\u00bb","block_context":{"text":"Educaci\u00f3n y Familia","link":"https:\/\/webdelmaestrocmf.com\/portal\/category\/pedagogia\/educacion-y-familia\/"},"img":{"alt_text":"","src":"https:\/\/i0.wp.com\/webdelmaestrocmf.com\/portal\/wp-content\/uploads\/2022\/03\/1a12-DESKTOP-DLIPULV-13.jpg?resize=350%2C200&ssl=1","width":350,"height":200,"srcset":"https:\/\/i0.wp.com\/webdelmaestrocmf.com\/portal\/wp-content\/uploads\/2022\/03\/1a12-DESKTOP-DLIPULV-13.jpg?resize=350%2C200&ssl=1 1x, https:\/\/i0.wp.com\/webdelmaestrocmf.com\/portal\/wp-content\/uploads\/2022\/03\/1a12-DESKTOP-DLIPULV-13.jpg?resize=525%2C300&ssl=1 1.5x, https:\/\/i0.wp.com\/webdelmaestrocmf.com\/portal\/wp-content\/uploads\/2022\/03\/1a12-DESKTOP-DLIPULV-13.jpg?resize=700%2C400&ssl=1 2x, https:\/\/i0.wp.com\/webdelmaestrocmf.com\/portal\/wp-content\/uploads\/2022\/03\/1a12-DESKTOP-DLIPULV-13.jpg?resize=1050%2C600&ssl=1 3x"},"classes":[]},{"id":72532,"url":"https:\/\/webdelmaestrocmf.com\/portal\/valores-morales-y-principios-eticos-del-docente\/","url_meta":{"origin":76165,"position":2},"title":"Valores morales y principios \u00e9ticos del docente","author":"Web del Maestro CMF","date":"2 febrero, 2025","format":false,"excerpt":"Los valores morales de los maestros consisten en aquellas decisiones que toma el docente en base a\u00a0principios subconscientes\u00a0que suponen son inculcados en ellos desde su formaci\u00f3n acad\u00e9mica y social. Existe una peque\u00f1a diferencia entre la \u00e9tica y la moral, sin embargo ambas apuntan a un mismo objetivo: Actuar de manera\u2026","rel":"","context":"En \u00abDocentes\u00bb","block_context":{"text":"Docentes","link":"https:\/\/webdelmaestrocmf.com\/portal\/category\/pedagogia\/docentes\/"},"img":{"alt_text":"","src":"https:\/\/i0.wp.com\/webdelmaestrocmf.com\/portal\/wp-content\/uploads\/2023\/12\/1A-Banner-1-portada-imagen-10-1-50.jpg?resize=350%2C200&ssl=1","width":350,"height":200,"srcset":"https:\/\/i0.wp.com\/webdelmaestrocmf.com\/portal\/wp-content\/uploads\/2023\/12\/1A-Banner-1-portada-imagen-10-1-50.jpg?resize=350%2C200&ssl=1 1x, https:\/\/i0.wp.com\/webdelmaestrocmf.com\/portal\/wp-content\/uploads\/2023\/12\/1A-Banner-1-portada-imagen-10-1-50.jpg?resize=525%2C300&ssl=1 1.5x, https:\/\/i0.wp.com\/webdelmaestrocmf.com\/portal\/wp-content\/uploads\/2023\/12\/1A-Banner-1-portada-imagen-10-1-50.jpg?resize=700%2C400&ssl=1 2x"},"classes":[]},{"id":86100,"url":"https:\/\/webdelmaestrocmf.com\/portal\/como-ensenar-a-un-nino-a-decir-perdon-gracias-por-favor-lo-siento\/","url_meta":{"origin":76165,"position":3},"title":"Tus hijos saben decir: !Perd\u00f3n\u00a1 !Gracias\u00a1 !Por favor\u00a1 !Lo siento\u00a1","author":"Web del Maestro CMF","date":"5 enero, 2024","format":false,"excerpt":"Ense\u00f1ar a tus hijos o ni\u00f1os la importancia de dar las gracias, de \u201cpedir por favor\u201d o de decir \u201cbuenos d\u00edas\u201d o \u201cbuenas tardes\u201d, va m\u00e1s all\u00e1 de un simple acto de cortes\u00eda. Estamos invirtiendo en emociones, en valores sociales, y ante todo, en reciprocidad. Como en tantas cosas, parece\u2026","rel":"","context":"En \u00abBienestar Familiar\u00bb","block_context":{"text":"Bienestar Familiar","link":"https:\/\/webdelmaestrocmf.com\/portal\/category\/pedagogia\/bienestar-familiar\/"},"img":{"alt_text":"!Perd\u00f3n\u00a1 !Gracias\u00a1 !Por favor\u00a1 !Lo siento\u00a1","src":"https:\/\/i0.wp.com\/webdelmaestrocmf.com\/portal\/wp-content\/uploads\/2023\/08\/A12B3C4D-1-3.jpg?resize=350%2C200&ssl=1","width":350,"height":200,"srcset":"https:\/\/i0.wp.com\/webdelmaestrocmf.com\/portal\/wp-content\/uploads\/2023\/08\/A12B3C4D-1-3.jpg?resize=350%2C200&ssl=1 1x, https:\/\/i0.wp.com\/webdelmaestrocmf.com\/portal\/wp-content\/uploads\/2023\/08\/A12B3C4D-1-3.jpg?resize=525%2C300&ssl=1 1.5x, https:\/\/i0.wp.com\/webdelmaestrocmf.com\/portal\/wp-content\/uploads\/2023\/08\/A12B3C4D-1-3.jpg?resize=700%2C400&ssl=1 2x"},"classes":[]},{"id":108880,"url":"https:\/\/webdelmaestrocmf.com\/portal\/tambien-hay-padres-que-educan-y-se-nota\/","url_meta":{"origin":76165,"position":4},"title":"Tambi\u00e9n hay padres que educan, y se nota","author":"Web del Maestro CMF","date":"18 mayo, 2025","format":false,"excerpt":"En medio de un panorama en el que muchos docentes sienten que la responsabilidad de formar a los estudiantes recae exclusivamente sobre sus hombros, es fundamental reconocer a quienes, desde casa, hacen su parte. No todos los padres delegan, no todos justifican conductas inadecuadas, no todos se desentienden. Tambi\u00e9n hay\u2026","rel":"","context":"En \u00abBienestar Familiar\u00bb","block_context":{"text":"Bienestar Familiar","link":"https:\/\/webdelmaestrocmf.com\/portal\/category\/pedagogia\/bienestar-familiar\/"},"img":{"alt_text":"","src":"https:\/\/i0.wp.com\/webdelmaestrocmf.com\/portal\/wp-content\/uploads\/2025\/05\/1A-Banner-1-portada-imagen-10-1-62.jpg?resize=350%2C200&ssl=1","width":350,"height":200,"srcset":"https:\/\/i0.wp.com\/webdelmaestrocmf.com\/portal\/wp-content\/uploads\/2025\/05\/1A-Banner-1-portada-imagen-10-1-62.jpg?resize=350%2C200&ssl=1 1x, https:\/\/i0.wp.com\/webdelmaestrocmf.com\/portal\/wp-content\/uploads\/2025\/05\/1A-Banner-1-portada-imagen-10-1-62.jpg?resize=525%2C300&ssl=1 1.5x, https:\/\/i0.wp.com\/webdelmaestrocmf.com\/portal\/wp-content\/uploads\/2025\/05\/1A-Banner-1-portada-imagen-10-1-62.jpg?resize=700%2C400&ssl=1 2x"},"classes":[]},{"id":58711,"url":"https:\/\/webdelmaestrocmf.com\/portal\/comunicado-wmcmf-001-2021\/","url_meta":{"origin":76165,"position":5},"title":"Comunicado WMCMF\/ 001-2021","author":"Web del Maestro CMF","date":"2 febrero, 2021","format":false,"excerpt":"A la comunidad educativa digital de la Web del Maestro CMF: Les saludamos y agradecemos su encomiable y ejemplar tarea de seguir con perseverancia y entusiasmo su formaci\u00f3n permanente, en medio de esta \u201ccat\u00e1strofe educativa\u201d; que se nos presenta tambi\u00e9n como la oportunidad para hacer realidad la educaci\u00f3n m\u00e1s humana,\u2026","rel":"","context":"En \u00abComunicados\u00bb","block_context":{"text":"Comunicados","link":"https:\/\/webdelmaestrocmf.com\/portal\/category\/cmf\/"},"img":{"alt_text":"","src":"https:\/\/i0.wp.com\/webdelmaestrocmf.com\/portal\/wp-content\/uploads\/2020\/03\/1-copia-4.jpg?resize=350%2C200&ssl=1","width":350,"height":200,"srcset":"https:\/\/i0.wp.com\/webdelmaestrocmf.com\/portal\/wp-content\/uploads\/2020\/03\/1-copia-4.jpg?resize=350%2C200&ssl=1 1x, https:\/\/i0.wp.com\/webdelmaestrocmf.com\/portal\/wp-content\/uploads\/2020\/03\/1-copia-4.jpg?resize=525%2C300&ssl=1 1.5x, https:\/\/i0.wp.com\/webdelmaestrocmf.com\/portal\/wp-content\/uploads\/2020\/03\/1-copia-4.jpg?resize=700%2C400&ssl=1 2x, https:\/\/i0.wp.com\/webdelmaestrocmf.com\/portal\/wp-content\/uploads\/2020\/03\/1-copia-4.jpg?resize=1050%2C600&ssl=1 3x"},"classes":[]}],"_links":{"self":[{"href":"https:\/\/webdelmaestrocmf.com\/portal\/wp-json\/wp\/v2\/posts\/76165","targetHints":{"allow":["GET"]}}],"collection":[{"href":"https:\/\/webdelmaestrocmf.com\/portal\/wp-json\/wp\/v2\/posts"}],"about":[{"href":"https:\/\/webdelmaestrocmf.com\/portal\/wp-json\/wp\/v2\/types\/post"}],"author":[{"embeddable":true,"href":"https:\/\/webdelmaestrocmf.com\/portal\/wp-json\/wp\/v2\/users\/1"}],"replies":[{"embeddable":true,"href":"https:\/\/webdelmaestrocmf.com\/portal\/wp-json\/wp\/v2\/comments?post=76165"}],"version-history":[{"count":0,"href":"https:\/\/webdelmaestrocmf.com\/portal\/wp-json\/wp\/v2\/posts\/76165\/revisions"}],"wp:featuredmedia":[{"embeddable":true,"href":"https:\/\/webdelmaestrocmf.com\/portal\/wp-json\/wp\/v2\/media\/107101"}],"wp:attachment":[{"href":"https:\/\/webdelmaestrocmf.com\/portal\/wp-json\/wp\/v2\/media?parent=76165"}],"wp:term":[{"taxonomy":"category","embeddable":true,"href":"https:\/\/webdelmaestrocmf.com\/portal\/wp-json\/wp\/v2\/categories?post=76165"},{"taxonomy":"post_tag","embeddable":true,"href":"https:\/\/webdelmaestrocmf.com\/portal\/wp-json\/wp\/v2\/tags?post=76165"}],"curies":[{"name":"wp","href":"https:\/\/api.w.org\/{rel}","templated":true}]}}