{"id":76077,"date":"2022-04-07T19:55:02","date_gmt":"2022-04-07T23:55:02","guid":{"rendered":"https:\/\/webdelmaestrocmf.com\/portal\/?p=76077"},"modified":"2022-04-08T10:45:29","modified_gmt":"2022-04-08T14:45:29","slug":"que-son-los-trastornos-dis-y-como-diferenciarlos","status":"publish","type":"post","link":"https:\/\/webdelmaestrocmf.com\/portal\/que-son-los-trastornos-dis-y-como-diferenciarlos\/","title":{"rendered":"Qu\u00e9 son los trastornos DIS y c\u00f3mo diferenciarlos"},"content":{"rendered":"<h5 style=\"text-align: justify;\">Las Dificultades espec\u00edficas del lenguaje y del aprendizaje reagrupa los trastornos llamados \u201cDIS\u201d: dislexia, dispraxia, as\u00ed como ciertas manifestaciones inducidas por estos problemas como la discalculia, disgraf\u00eda, disfasia o la disortograf\u00eda. Para entender mejor lo que son los trastornos DIS empezar\u00e9 explicando lo que significa la palabra DIS que proviene del griego DIS= Dif\u00edcil.<\/h5>\n<p><!--more--><\/p>\n<p style=\"text-align: justify;\">Son trastornos del aprendizaje que sufren 1 de cada 10 ni\u00f1os, lo que significa queel 6% y el 8% de la poblaci\u00f3n sufre\u00a0algunos de estos trastornos.<\/p>\n<div class=\"pk-content-block pk-block-bg pk-block-bg-light\" style=\"text-align: justify;\">Y es que las cifras son bastante elevadas, ya que cada aula espa\u00f1ola tiene al menos dos ni\u00f1os con trastornos de aprendizaje<\/div>\n<p style=\"text-align: justify;\">Siendo los m\u00e1s frecuentes la dislexia, que afecta a entre un 5% y un 17% de los ni\u00f1os, y\u00a0la hiperactividad, con una incidencia de entre un 8% y un 12%.<\/p>\n<p style=\"text-align: justify;\">Cifras que dejan clara la importancia que tiene ella adoptar las medidas necesarias cuanto antes, ya que el\u00a0diagn\u00f3stico precoz es fundamental para evitar otros problemas al alumno.<\/p>\n<p style=\"text-align: justify;\">Ya que los ni\u00f1os con este tipo de trastornos tienen un alto riesgo de fracaso escolar, a pesar de su esfuerzo, y como consecuencia de ello sufren\u00a0trastornos depresivos\u00a0y de\u00a0ansiedad.<\/p>\n<p style=\"text-align: justify;\">Generalmente las dificultades espec\u00edficas del aprendizaje van unidas a varios tipos de aprendizaje escolar, ya que se trata de\u00a0problemas de tipo cognitivo.<\/p>\n<p style=\"text-align: justify;\">Por lo que es aconsejable un diagnostico temprano por parte del pediatra para comenzar un tratamiento de\u00a0atenci\u00f3n Temprana\u00a0de acompa\u00f1amiento por distintos especialistas como pueden ser: los logopedas, psic\u00f3logos, psicomotricistas,\u00a0terapeutas ocupacionales\u2026<\/p>\n<p><img loading=\"lazy\" decoding=\"async\" class=\"alignnone size-full wp-image-76079\" src=\"https:\/\/webdelmaestrocmf.com\/portal\/wp-content\/uploads\/2022\/04\/1-9.jpg\" alt=\"\" width=\"1970\" height=\"1970\" srcset=\"https:\/\/webdelmaestrocmf.com\/portal\/wp-content\/uploads\/2022\/04\/1-9.jpg 1970w, https:\/\/webdelmaestrocmf.com\/portal\/wp-content\/uploads\/2022\/04\/1-9-300x300.jpg 300w, https:\/\/webdelmaestrocmf.com\/portal\/wp-content\/uploads\/2022\/04\/1-9-1024x1024.jpg 1024w, https:\/\/webdelmaestrocmf.com\/portal\/wp-content\/uploads\/2022\/04\/1-9-150x150.jpg 150w, https:\/\/webdelmaestrocmf.com\/portal\/wp-content\/uploads\/2022\/04\/1-9-768x768.jpg 768w, https:\/\/webdelmaestrocmf.com\/portal\/wp-content\/uploads\/2022\/04\/1-9-1536x1536.jpg 1536w, https:\/\/webdelmaestrocmf.com\/portal\/wp-content\/uploads\/2022\/04\/1-9-80x80.jpg 80w, https:\/\/webdelmaestrocmf.com\/portal\/wp-content\/uploads\/2022\/04\/1-9-110x110.jpg 110w, https:\/\/webdelmaestrocmf.com\/portal\/wp-content\/uploads\/2022\/04\/1-9-200x200.jpg 200w, https:\/\/webdelmaestrocmf.com\/portal\/wp-content\/uploads\/2022\/04\/1-9-380x380.jpg 380w, https:\/\/webdelmaestrocmf.com\/portal\/wp-content\/uploads\/2022\/04\/1-9-255x255.jpg 255w, https:\/\/webdelmaestrocmf.com\/portal\/wp-content\/uploads\/2022\/04\/1-9-550x550.jpg 550w, https:\/\/webdelmaestrocmf.com\/portal\/wp-content\/uploads\/2022\/04\/1-9-800x800.jpg 800w, https:\/\/webdelmaestrocmf.com\/portal\/wp-content\/uploads\/2022\/04\/1-9-1160x1160.jpg 1160w\" sizes=\"auto, (max-width: 1970px) 100vw, 1970px\" \/><\/p>\n<h5 style=\"text-align: justify;\">TIPOS DE TRASTORNOS DIS:<\/h5>\n<h5 style=\"text-align: justify;\">Dislexia:<\/h5>\n<p style=\"text-align: justify;\">La dislexia es un trastorno del\u00a0aprendizaje de la lecto-escritura,\u00a0de car\u00e1cter persistente y espec\u00edfico, que se da en ni\u00f1os que no presentan ninguna discapacidad f\u00edsico, ps\u00edquica o sociocultural y cuyo origen parece derivar de una\u00a0alteraci\u00f3n del neurodesarrollo.<\/p>\n<p style=\"text-align: justify;\" data-uw-styling-context=\"true\">As\u00ed pues, la dislexia es caracterizada por la falta de precisi\u00f3n y fluidez a la hora de leer, y dificultad en el reconocimiento de palabras escritas y por un d\u00e9ficit en las habilidades lectoras y deletreo.<\/p>\n<p style=\"text-align: justify;\" data-uw-styling-context=\"true\">Estas dificultades son consecuencia de un d\u00e9ficit en el componente fonol\u00f3gico del lenguaje y se presentan de manera inesperada ya que el resto de las habilidades cognitivas se desarrollan con normalidad.<\/p>\n<div class=\"pk-content-block pk-block-bg pk-block-bg-light\" style=\"text-align: justify;\" data-uw-styling-context=\"true\">La dislexia es Trastorno DIS m\u00e1s com\u00fan del mundo, ya que se estima que un 10% de la poblaci\u00f3n tiene dislexia.\u00a0Lo que supone m\u00e1s de 4,6 millones de espa\u00f1oles y 800.000 ni\u00f1os en las aulas de nuestro pa\u00eds.<\/div>\n<p style=\"text-align: justify;\">Los ni\u00f1os con dislexia manifiestan de forma caracter\u00edstica dificultades para recitar el alfabeto, denominar letras, realizar rimas simples y para analizar o clasificar los sonidos.<\/p>\n<p style=\"text-align: justify;\">Adem\u00e1s, de una gran dificultad con la lectura caracterizada por \u00a0su lentitud, vacilaciones y su falta de comprensi\u00f3n lectora.<\/p>\n<div class=\"pk-content-block pk-block-bg pk-block-bg-light\" style=\"text-align: justify;\">Pero la dislexia, es mucho m\u00e1s que tener dificultades en la lectura y en la escritura, ya que existen problemas de compresi\u00f3n, de memoria a corto plazo, de acceso al l\u00e9xico, confusi\u00f3n entre la derecha y la izquierda, dificultades en las nociones espacio-temporales\u2026<\/div>\n<p style=\"text-align: justify;\">Debemos tener en cuenta que no existen dos personas con dislexia id\u00e9nticas, y por tanto, cada caso es \u00fanico y no tiene por qu\u00e9 presentar la totalidad de los s\u00edntomas.<\/p>\n<h5 style=\"text-align: justify;\">Dispraxia:<\/h5>\n<p style=\"text-align: justify;\">La\u00a0dispraxia\u00a0es uno de los Trastornos DIS m\u00e1s frecuentes pero a si vez menos diagnosticados, por eso es importante saber detectarlo.<\/p>\n<p style=\"text-align: justify;\">La praxia es la habilidad de ejecutar un movimiento, de forma que cuando caminamos, nos vestimos o hacemos cualquier actividad de tipo motor hacemos uso de esta habilidad.<\/p>\n<p style=\"text-align: justify;\">As\u00ed que, como pod\u00e9is ver, las praxias son una parte muy importante de nuestro d\u00eda a d\u00eda, cualquier acci\u00f3n que queramos realizar implica esta habilidad.<\/p>\n<p style=\"text-align: justify;\">Actividades tan sencillas e importantes como sonre\u00edr o hablar son capacidades que necesitan de estas habilidades para ser llevadas a cabo y que las personas con dispraxia no pueden realizar de forma sencilla.<\/p>\n<p style=\"text-align: justify;\">Las personas desde que nacemos adquirimos algunos gestos, los cuales los convertimos en gestos autom\u00e1ticos, y los realizamos de forma espont\u00e1nea.<\/p>\n<div class=\"pk-content-block pk-block-bg pk-block-bg-light\" style=\"text-align: justify;\"><span id=\"s2_3\">La dispraxia es un trastorno que\u00a0impide\u00a0la coordinaci\u00f3n y la planificaci\u00f3n de estos gestos.<\/span><\/div>\n<p style=\"text-align: justify;\">De forma que el ni\u00f1o con dispraxia es muy dif\u00edcil que adquiera estos automatismos. Para que se entienda, es como si debiera\u00a0volver a aprenderlos\u00a0sin cesar.<\/p>\n<p style=\"text-align: justify;\"><span id=\"s2_5\">Para \u00e9l, escribir, por ejemplo, le exige tal esfuerzo\u00a0que le dificulta\u00a0utilizar sus\u00a0recursos intelectuales para otros aspectos del lenguaje escrito (comprensi\u00f3n, s\u00edntesis, ortograf\u00eda).<\/span><\/p>\n<p style=\"text-align: justify;\"><span id=\"s2_6\">Lo que se convierte en una falta de confianza en s\u00ed mismo del ni\u00f1o, \u00a0junto con una desmotivaci\u00f3n e indiferencia en escuela y las asignaturas.<\/span><\/p>\n<h5 style=\"text-align: justify;\">Disgraf\u00eda:<\/h5>\n<p style=\"text-align: justify;\">La disgraf\u00eda es uno de los trastornos cuyos efectos se notan de inmediato en el desarrollo del ni\u00f1os, ya que tiene que ver con las dificultades a la hora de realizar una de las acciones m\u00e1s \u00fatiles hoy en d\u00eda: escribir.<\/p>\n<p style=\"text-align: justify;\">Cuando un ni\u00f1o sufre disgrafia, significa que presenta dificultades para escribir bien, ya sea por cuestiones de ortograf\u00eda, caligraf\u00eda o ambos problemas a la vez.<\/p>\n<p style=\"text-align: justify;\">Los s\u00edntomas m\u00e1s comunes son:<\/p>\n<ul style=\"text-align: justify;\">\n<li>Problemas de acentuaci\u00f3n y puntuaci\u00f3n<\/li>\n<li>Caligraf\u00eda ilegible con una mala gesti\u00f3n de los espacios entre palabras, frases\u2026<\/li>\n<li>Problemas gramaticales; sustituci\u00f3n de letras, uniones extra\u00f1as\u2026<\/li>\n<\/ul>\n<p style=\"text-align: justify;\">La\u00a0disgraf\u00eda\u00a0es un trastorno del aprendizaje consistente en ciertas dificultades de coordinaci\u00f3n de los m\u00fasculos de la mano y el brazo, lo que impide a los ni\u00f1os afectados dominar y dirigir el instrumento de escritura (l\u00e1piz, bol\u00edgrafo, rotulador\u2026) de la forma adecuada para escribir de forma legible y ordenada<\/p>\n<h5 style=\"text-align: justify;\">Disortograf\u00eda<\/h5>\n<p style=\"text-align: justify;\">La\u00a0disortograf\u00eda, aunque a veces es considerada como disgraf\u00eda disl\u00e9xica,\u00a0es un trastorno espec\u00edfico de la escritura\u00a0 que debe tratarse como una entidad aparte.<\/p>\n<p style=\"text-align: justify;\">El ni\u00f1o que lo padece comete constantes errores en la escritura, sobre todo faltas ortogr\u00e1ficas, pero no tiene dificultades de lectura.<\/p>\n<p style=\"text-align: justify;\">Las dificultades residen en la asociaci\u00f3n entre sonido y graf\u00eda o bien en la integraci\u00f3n de la normativa ortogr\u00e1fica, o en ambos aspectos.<\/p>\n<p style=\"text-align: justify;\"><span lang=\"ES\">Hay\u00a0cuatro\u00a0tipos de\u00a0 faltas de ortograf\u00eda<\/span><\/p>\n<ul style=\"text-align: justify;\">\n<li><span lang=\"ES\">Las faltas referidas a la trascripci\u00f3n\u00a0 puramente fon\u00e9ticas\u00a0 de la formaci\u00f3n\u00a0 del\u00a0lenguaje\u00a0hablado<\/span><\/li>\n<li><span lang=\"ES\">Las faltas de uso que var\u00edan seg\u00fan la complejidad\u00a0 ortogr\u00e1fica\u00a0 de la lengua,\u00a0cuando\u00a0las palabras\u00a0 se sobrecargan de letras\u00a0 no pronunciadas<\/span><\/li>\n<li><span lang=\"ES\">Las faltas de gram\u00e1tica<\/span><\/li>\n<li><span lang=\"ES\">Las faltas referidas\u00a0 o palabras hom\u00f3fonas<\/span><\/li>\n<\/ul>\n<h5 style=\"text-align: justify;\">Disfasia<\/h5>\n<p style=\"text-align: justify;\">La\u00a0disfasia\u00a0es un trastorno espec\u00edfico en la adquisici\u00f3n del lenguaje (TEL), que se produce como consecuencia de un da\u00f1o cerebral o de condiciones cromos\u00f3micas y gen\u00e9ticas peculiares, manifest\u00e1ndose\u00a0en una alteraci\u00f3n en la comprensi\u00f3n y expresi\u00f3n del lenguaje.<\/p>\n<div class=\"pk-content-block pk-block-bg pk-block-bg-light\" style=\"text-align: justify;\">Adem\u00e1s, la persona que sufre disfasia suele tener problemas a la hora de construir frases y encontrar palabras.<\/div>\n<p style=\"text-align: justify;\">En este sentido, la diferencia que existe entre la disfasia y la\u00a0afasia\u00a0est\u00e1 en una alteraci\u00f3n del lenguaje que no tiene un origen org\u00e1nico.<\/p>\n<p style=\"text-align: justify;\">En cambio, la afasia tiene un origen f\u00edsico, que puede ser una lesi\u00f3n cerebral o neurol\u00f3gica, dando lugar a que la persona tenga dificultades para expresarse oralmente.<\/p>\n<p style=\"text-align: justify;\">La disfasia puede ser de tres tipos diferentes:<\/p>\n<ul style=\"text-align: justify;\">\n<li>Disfasia expresiva: este tipo de disfasia se clasifica en dos. Por un lado,\u00a0dispraxia verbal, que es la incapacidad para realizar los movimientos concretos para generar los sonidos de manera que el lenguaje es poco fluido. Y por otro lado, la\u00a0alteraci\u00f3n en la producci\u00f3n fonol\u00f3gica, que se caracteriza por una mala articulaci\u00f3n dentro de las palabras u oraciones, de manera que el discurso es muy fluido, pero es dif\u00edcil entenderlos.<\/li>\n<li>Disfasia de recepci\u00f3n\u00a0o evolutiva:\u00a0muestra problem\u00e1tica a la hora de entender al propio ni\u00f1o o de este para comprender a los dem\u00e1s, de manera que el ni\u00f1o muestra poco inter\u00e9s para comunicarse con los dem\u00e1s.<\/li>\n<li>Disfasia combinada:\u00a0la disfasia combinada se caracteriza por una alteraci\u00f3n en la comprensi\u00f3n del lenguaje y se clasifica en sordera verbal y d\u00e9ficit\u00a0sint\u00e1ctico fonol\u00f3gico.<\/li>\n<\/ul>\n<p style=\"text-align: justify;\">Los\u00a0s\u00edntomas\u00a0m\u00e1s habituales de la Disfasia son:<\/p>\n<ul style=\"text-align: justify;\">\n<li>Pocas intenciones de comunicarse con los dem\u00e1s<\/li>\n<li>Omisi\u00f3n de elementos gramaticales al formular una frase<\/li>\n<li>Dificultad para los pronombres personales<\/li>\n<li>Poca riqueza de vocabulario<\/li>\n<li>Verbos empleados en infinitivo<\/li>\n<li>Alteraci\u00f3n en la comprensi\u00f3n<\/li>\n<li>Utilizaci\u00f3n de muchos gestos<\/li>\n<li>Dificultad para recordar y repetir frases largas<\/li>\n<\/ul>\n<p style=\"text-align: justify;\"><img loading=\"lazy\" decoding=\"async\" class=\"alignnone size-full wp-image-76078\" src=\"https:\/\/webdelmaestrocmf.com\/portal\/wp-content\/uploads\/2022\/04\/images-2.png\" alt=\"\" width=\"1200\" height=\"800\" srcset=\"https:\/\/webdelmaestrocmf.com\/portal\/wp-content\/uploads\/2022\/04\/images-2.png 1200w, https:\/\/webdelmaestrocmf.com\/portal\/wp-content\/uploads\/2022\/04\/images-2-300x200.png 300w, https:\/\/webdelmaestrocmf.com\/portal\/wp-content\/uploads\/2022\/04\/images-2-1024x683.png 1024w, https:\/\/webdelmaestrocmf.com\/portal\/wp-content\/uploads\/2022\/04\/images-2-768x512.png 768w, https:\/\/webdelmaestrocmf.com\/portal\/wp-content\/uploads\/2022\/04\/images-2-110x73.png 110w, https:\/\/webdelmaestrocmf.com\/portal\/wp-content\/uploads\/2022\/04\/images-2-200x133.png 200w, https:\/\/webdelmaestrocmf.com\/portal\/wp-content\/uploads\/2022\/04\/images-2-380x253.png 380w, https:\/\/webdelmaestrocmf.com\/portal\/wp-content\/uploads\/2022\/04\/images-2-255x170.png 255w, https:\/\/webdelmaestrocmf.com\/portal\/wp-content\/uploads\/2022\/04\/images-2-550x367.png 550w, https:\/\/webdelmaestrocmf.com\/portal\/wp-content\/uploads\/2022\/04\/images-2-800x533.png 800w, https:\/\/webdelmaestrocmf.com\/portal\/wp-content\/uploads\/2022\/04\/images-2-1160x773.png 1160w\" sizes=\"auto, (max-width: 1200px) 100vw, 1200px\" \/><\/p>\n<h5 style=\"text-align: left;\">\u00bfCUALES SON LAS DIFICULTADES ESPEC\u00cdFICAS DE APRENDIZAJE M\u00c1S COMUNES EN EL AULA?<\/h5>\n<h5 style=\"text-align: justify;\">Desde el punto de vista de las las materias acad\u00e9micas:<\/h5>\n<ul style=\"text-align: justify;\">\n<li>Lectura:\u00a0Los problemas que se derivan de esta \u00e1rea se caracterizan por dificultades en decodificar las palabras escritas, reconocer las palabras comunes a simple vista y leer con fluidez.La dificultad m\u00e1s com\u00fan es la\u00a0dislexia, una alteraci\u00f3n de la capacidad de leer por la que se confunden o se altera el orden de letras, s\u00edlabas o palabras.As\u00ed que la dislexia pueden afectar a la escritura, la comprensi\u00f3n y la ortograf\u00eda.Los signos que pueden derivar de la dislexia var\u00edan seg\u00fan la edad a la que se observen.<\/li>\n<li>Escritura:\u00a0Deficiencias en las habilidades de la escritura que provocan dificultades en la comprensi\u00f3n de la gram\u00e1tica y la puntuaci\u00f3n, la ortograf\u00eda, la organizaci\u00f3n de p\u00e1rrafos o la composici\u00f3n de los textos.Adem\u00e1s, dichos ni\u00f1os no suelen tener buenas habilidades para escribir a mano.Una de las m\u00e1s frecuentes en el aula es la\u00a0disgraf\u00eda, una dificultad de coordinaci\u00f3n de los m\u00fasculos de motricidad fina (mano, antebrazo)Por lo que el trastorno de la\u00a0disgraf\u00eda\u00a0impide a los ni\u00f1os afectados dominar y dirigir el instrumento de escritura de la forma adecuada para escribir de forma legible y ordenada.Hay que tener en cuenta que los alumnos con disgraf\u00eda podr\u00edan tener dificultades con la ortograf\u00eda, el deletreo y la escritura a mano.<\/li>\n<li>Matem\u00e1ticas:\u00a0Dificultades relacionadas con la comprensi\u00f3n de los conceptos num\u00e9ricos y con la capacidad de resolver c\u00e1lculos mentales o problemas de l\u00f3gica.Hablamos de la DEA m\u00e1s habitual en el aula es la\u00a0discalculia, una dificultad para aprender los principios del c\u00e1lculo originada por un problema en el uso del sistema simb\u00f3lico.<\/li>\n<\/ul>\n<h5 style=\"text-align: justify;\">Desde el punto de vista del procesamiento cognitivo:<\/h5>\n<ul style=\"text-align: justify;\">\n<li>Atenci\u00f3n:\u00a0Dificultad para diferenciar la informaci\u00f3n relevante, prestar atenci\u00f3n o mantenerse concentrado en un misma tarea un tiempo determinado.<\/li>\n<li>Motoras:\u00a0La\u00a0dispraxia\u00a0es una de las dificultades de aprendizaje m\u00e1s frecuentes y menos diagnosticadas.Este trastorno se caracteriza por una baja organizaci\u00f3n del movimiento.Esto provoca que los ni\u00f1os que lo sufren tengan que esforzarse mucho con las tareas vinculadas al movimiento.<\/li>\n<li>Organizaci\u00f3n:\u00a0La organizaci\u00f3n del espacio y la administraci\u00f3n del tiempo tambi\u00e9n es un aspecto que debe tenerse en cuenta.La m\u00e1s com\u00fan es la\u00a0dificultad del funcionamiento ejecutivo, que consiste en deficiencias en una serie de habilidades mentales como planificar, organizar, priorizar, memorizar\u2026Estas dificultades, por lo general, aparecen en ni\u00f1os que tienen\u00a0TDAH\u00a0o\u00a0dislexia.<\/li>\n<\/ul>\n<p style=\"text-align: justify;\">Hay que tener en cuenta que cada estudiante es un mundo. De ah\u00ed la \u00a0importancia de conocerles e identificar sus dificultades.<\/p>\n<p><strong>Este contenido ha sido publicado originalmente por Somosdisca en la siguiente direcci\u00f3n: <a href=\"somosdisca.es\" target=\"_blank\" rel=\"noopener\">somosdisca.es<\/a><\/strong><\/p>\n\t\t<div class=\"pk-inline-posts\">\n\t\t\t\n\t\t\t<div class=\"pk-inline-posts-container pk-inline-posts-template-list\"\n\t\t\t\tdata-columns=\"1\">\n\t\t\t\t\t\t<article id=\"post-115027\" class=\"post-115027 post type-post status-publish format-standard has-post-thumbnail category-descargas-manuales-pdf category-dislexia category-pedagogia category-transtornos tag-deteccion-temprana-2 tag-discalculia tag-dislexia tag-diversidad tag-docentes tag-educacion-3 tag-evaluacion-educativa-2 tag-inclusion-educativa-2 tag-orientacion-educativa-2 cs-entry cs-video-wrap\">\n\t\t\t<div class=\"pk-post-outer\">\n\n\t\t\t\t\t\t\t\t<div class=\"pk-post-inner\">\n\t\t\t\t\t<div class=\"entry-thumbnail\">\n\t\t\t\t\t\t<div class=\"pk-overlay pk-overlay-ratio pk-ratio-landscape\">\n\t\t\t\t\t\t\t<div class=\"pk-overlay-background\">\n\t\t\t\t\t\t\t\t<a href=\"https:\/\/webdelmaestrocmf.com\/portal\/cuestionarios-de-observacion-docente-para-la-deteccion-temprana-de-dislexia-y-discalculia\/\" class=\"pk-overlay-link\">\n\t\t\t\t\t\t\t\t\t<img loading=\"lazy\" decoding=\"async\" width=\"300\" height=\"225\" src=\"https:\/\/webdelmaestrocmf.com\/portal\/wp-content\/uploads\/2026\/01\/1A-Banner-1-portada-imagen-10-1-copia-3-7-300x225.webp\" class=\"attachment-pk-thumbnail size-pk-thumbnail wp-post-image\" alt=\"\" \/>\t\t\t\t\t\t\t\t<\/a>\n\t\t\t\t\t\t\t<\/div>\n\t\t\t\t\t\t<\/div>\n\t\t\t\t\t<\/div>\n\t\t\t\t<\/div>\n\t\t\t\t\n\t\t\t\t<div class=\"pk-post-inner\">\n\t\t\t\t\t<header>\n\t\t\t\t\t\t<h3 class=\"pk-title\"><a href=\"https:\/\/webdelmaestrocmf.com\/portal\/cuestionarios-de-observacion-docente-para-la-deteccion-temprana-de-dislexia-y-discalculia\/\" rel=\"bookmark\">Cuestionarios de observaci\u00f3n docente para la detecci\u00f3n temprana de dislexia y discalculia<\/a><\/h3>\t\t\t\t\t<\/header><!-- .entry-header -->\n\t\t\t\t<\/div><!-- .post-inner -->\n\n\t\t\t<\/div><!-- .post-outer -->\n\t\t<\/article>\n\t\t\t\t<\/div>\n\t\t<\/div>\n\t\t\n","protected":false},"excerpt":{"rendered":"Las Dificultades espec\u00edficas del lenguaje y del aprendizaje reagrupa los trastornos llamados \u201cDIS\u201d: dislexia, dispraxia, as\u00ed como ciertas&hellip;","protected":false},"author":1,"featured_media":76082,"comment_status":"open","ping_status":"closed","sticky":false,"template":"","format":"standard","meta":{"csco_display_header_overlay":false,"csco_singular_sidebar":"default","csco_page_header_type":"default","csco_page_load_nextpost":"default","csco_post_video_location":[],"csco_post_video_location_hash":"","csco_post_video_url":"","csco_post_video_bg_start_time":0,"csco_post_video_bg_end_time":0,"csco_post_video_bg_volume":false,"_jetpack_memberships_contains_paid_content":false,"footnotes":""},"categories":[735,5562],"tags":[14724,4244,531],"class_list":{"0":"post-76077","1":"post","2":"type-post","3":"status-publish","4":"format-standard","5":"has-post-thumbnail","7":"category-pedagogia","8":"category-transtornos","9":"tag-diferenciarlos","10":"tag-dis","11":"tag-trastornos","12":"cs-entry","13":"cs-video-wrap"},"yoast_head":"<!-- This site is optimized with the Yoast SEO plugin v27.5 - https:\/\/yoast.com\/product\/yoast-seo-wordpress\/ -->\n<title>Qu\u00e9 son los trastornos DIS y c\u00f3mo diferenciarlos - 2026<\/title>\n<meta name=\"description\" content=\"Las Dificultades espec\u00edficas del lenguaje y del aprendizaje reagrupa los trastornos llamados \u201cDIS\u201d: dislexia, dispraxia, as\u00ed como ciertas...\" \/>\n<meta name=\"robots\" content=\"index, follow, max-snippet:-1, max-image-preview:large, max-video-preview:-1\" \/>\n<link rel=\"canonical\" href=\"https:\/\/webdelmaestrocmf.com\/portal\/que-son-los-trastornos-dis-y-como-diferenciarlos\/\" \/>\n<meta property=\"og:locale\" content=\"es_ES\" \/>\n<meta property=\"og:type\" content=\"article\" \/>\n<meta property=\"og:title\" content=\"Qu\u00e9 son los trastornos DIS y c\u00f3mo diferenciarlos - 2026\" \/>\n<meta property=\"og:description\" content=\"Las Dificultades espec\u00edficas del lenguaje y del aprendizaje reagrupa los trastornos llamados \u201cDIS\u201d: dislexia, dispraxia, as\u00ed como ciertas...\" \/>\n<meta property=\"og:url\" content=\"https:\/\/webdelmaestrocmf.com\/portal\/que-son-los-trastornos-dis-y-como-diferenciarlos\/\" \/>\n<meta property=\"og:site_name\" content=\"Web del Maestro CMF\" \/>\n<meta property=\"article:publisher\" content=\"https:\/\/www.facebook.com\/WebdelMaestroCMF\/\" \/>\n<meta property=\"article:author\" content=\"https:\/\/www.facebook.com\/WebdelMaestroCMF\/\" \/>\n<meta property=\"article:published_time\" content=\"2022-04-07T23:55:02+00:00\" \/>\n<meta property=\"article:modified_time\" content=\"2022-04-08T14:45:29+00:00\" \/>\n<meta property=\"og:image\" content=\"https:\/\/i0.wp.com\/webdelmaestrocmf.com\/portal\/wp-content\/uploads\/2022\/04\/1-7.jpeg?fit=1100%2C680&ssl=1\" \/>\n\t<meta property=\"og:image:width\" content=\"1100\" \/>\n\t<meta property=\"og:image:height\" content=\"680\" \/>\n\t<meta property=\"og:image:type\" content=\"image\/jpeg\" \/>\n<meta name=\"author\" content=\"Web del Maestro CMF\" \/>\n<meta name=\"twitter:card\" content=\"summary_large_image\" \/>\n<meta name=\"twitter:creator\" content=\"@cmf_w\" \/>\n<meta name=\"twitter:site\" content=\"@cmf_w\" \/>\n<script type=\"application\/ld+json\" class=\"yoast-schema-graph\">{\"@context\":\"https:\\\/\\\/schema.org\",\"@graph\":[{\"@type\":\"ScholarlyArticle\",\"@id\":\"https:\\\/\\\/webdelmaestrocmf.com\\\/portal\\\/que-son-los-trastornos-dis-y-como-diferenciarlos\\\/#article\",\"isPartOf\":{\"@id\":\"https:\\\/\\\/webdelmaestrocmf.com\\\/portal\\\/que-son-los-trastornos-dis-y-como-diferenciarlos\\\/\"},\"author\":{\"name\":\"Web del Maestro CMF\",\"@id\":\"https:\\\/\\\/webdelmaestrocmf.com\\\/portal\\\/#\\\/schema\\\/person\\\/1072a2ed7bd960df8ef99a551fa35dc5\"},\"headline\":\"Qu\u00e9 son los trastornos DIS y c\u00f3mo diferenciarlos\",\"datePublished\":\"2022-04-07T23:55:02+00:00\",\"dateModified\":\"2022-04-08T14:45:29+00:00\",\"mainEntityOfPage\":{\"@id\":\"https:\\\/\\\/webdelmaestrocmf.com\\\/portal\\\/que-son-los-trastornos-dis-y-como-diferenciarlos\\\/\"},\"wordCount\":1945,\"commentCount\":0,\"publisher\":{\"@id\":\"https:\\\/\\\/webdelmaestrocmf.com\\\/portal\\\/#organization\"},\"image\":{\"@id\":\"https:\\\/\\\/webdelmaestrocmf.com\\\/portal\\\/que-son-los-trastornos-dis-y-como-diferenciarlos\\\/#primaryimage\"},\"thumbnailUrl\":\"https:\\\/\\\/webdelmaestrocmf.com\\\/portal\\\/wp-content\\\/uploads\\\/2022\\\/04\\\/1-7.jpeg\",\"keywords\":[\"diferenciarlos\",\"DIS\",\"TRASTORNOS\"],\"articleSection\":[\"Recursos\",\"Transtornos\"],\"inLanguage\":\"es\",\"potentialAction\":[{\"@type\":\"CommentAction\",\"name\":\"Comment\",\"target\":[\"https:\\\/\\\/webdelmaestrocmf.com\\\/portal\\\/que-son-los-trastornos-dis-y-como-diferenciarlos\\\/#respond\"]}]},{\"@type\":\"WebPage\",\"@id\":\"https:\\\/\\\/webdelmaestrocmf.com\\\/portal\\\/que-son-los-trastornos-dis-y-como-diferenciarlos\\\/\",\"url\":\"https:\\\/\\\/webdelmaestrocmf.com\\\/portal\\\/que-son-los-trastornos-dis-y-como-diferenciarlos\\\/\",\"name\":\"Qu\u00e9 son los trastornos DIS y c\u00f3mo diferenciarlos - 2026\",\"isPartOf\":{\"@id\":\"https:\\\/\\\/webdelmaestrocmf.com\\\/portal\\\/#website\"},\"primaryImageOfPage\":{\"@id\":\"https:\\\/\\\/webdelmaestrocmf.com\\\/portal\\\/que-son-los-trastornos-dis-y-como-diferenciarlos\\\/#primaryimage\"},\"image\":{\"@id\":\"https:\\\/\\\/webdelmaestrocmf.com\\\/portal\\\/que-son-los-trastornos-dis-y-como-diferenciarlos\\\/#primaryimage\"},\"thumbnailUrl\":\"https:\\\/\\\/webdelmaestrocmf.com\\\/portal\\\/wp-content\\\/uploads\\\/2022\\\/04\\\/1-7.jpeg\",\"datePublished\":\"2022-04-07T23:55:02+00:00\",\"dateModified\":\"2022-04-08T14:45:29+00:00\",\"description\":\"Las Dificultades espec\u00edficas del lenguaje y del aprendizaje reagrupa los trastornos llamados \u201cDIS\u201d: dislexia, dispraxia, as\u00ed como ciertas...\",\"breadcrumb\":{\"@id\":\"https:\\\/\\\/webdelmaestrocmf.com\\\/portal\\\/que-son-los-trastornos-dis-y-como-diferenciarlos\\\/#breadcrumb\"},\"inLanguage\":\"es\",\"potentialAction\":[{\"@type\":\"ReadAction\",\"target\":[\"https:\\\/\\\/webdelmaestrocmf.com\\\/portal\\\/que-son-los-trastornos-dis-y-como-diferenciarlos\\\/\"]}]},{\"@type\":\"ImageObject\",\"inLanguage\":\"es\",\"@id\":\"https:\\\/\\\/webdelmaestrocmf.com\\\/portal\\\/que-son-los-trastornos-dis-y-como-diferenciarlos\\\/#primaryimage\",\"url\":\"https:\\\/\\\/webdelmaestrocmf.com\\\/portal\\\/wp-content\\\/uploads\\\/2022\\\/04\\\/1-7.jpeg\",\"contentUrl\":\"https:\\\/\\\/webdelmaestrocmf.com\\\/portal\\\/wp-content\\\/uploads\\\/2022\\\/04\\\/1-7.jpeg\",\"width\":1100,\"height\":680},{\"@type\":\"BreadcrumbList\",\"@id\":\"https:\\\/\\\/webdelmaestrocmf.com\\\/portal\\\/que-son-los-trastornos-dis-y-como-diferenciarlos\\\/#breadcrumb\",\"itemListElement\":[{\"@type\":\"ListItem\",\"position\":1,\"name\":\"Portada\",\"item\":\"https:\\\/\\\/webdelmaestrocmf.com\\\/portal\\\/\"},{\"@type\":\"ListItem\",\"position\":2,\"name\":\"Recursos\",\"item\":\"https:\\\/\\\/webdelmaestrocmf.com\\\/portal\\\/category\\\/pedagogia\\\/\"},{\"@type\":\"ListItem\",\"position\":3,\"name\":\"Qu\u00e9 son los trastornos DIS y c\u00f3mo diferenciarlos\"}]},{\"@type\":\"WebSite\",\"@id\":\"https:\\\/\\\/webdelmaestrocmf.com\\\/portal\\\/#website\",\"url\":\"https:\\\/\\\/webdelmaestrocmf.com\\\/portal\\\/\",\"name\":\"Web del Maestro CMF\",\"description\":\"Maestros al servicio de la educaci\u00f3n\",\"publisher\":{\"@id\":\"https:\\\/\\\/webdelmaestrocmf.com\\\/portal\\\/#organization\"},\"alternateName\":\"WMCMF\",\"potentialAction\":[{\"@type\":\"SearchAction\",\"target\":{\"@type\":\"EntryPoint\",\"urlTemplate\":\"https:\\\/\\\/webdelmaestrocmf.com\\\/portal\\\/?s={search_term_string}\"},\"query-input\":{\"@type\":\"PropertyValueSpecification\",\"valueRequired\":true,\"valueName\":\"search_term_string\"}}],\"inLanguage\":\"es\"},{\"@type\":\"Organization\",\"@id\":\"https:\\\/\\\/webdelmaestrocmf.com\\\/portal\\\/#organization\",\"name\":\"Web del Maestro CMF\",\"alternateName\":\"WMCMF\",\"url\":\"https:\\\/\\\/webdelmaestrocmf.com\\\/portal\\\/\",\"logo\":{\"@type\":\"ImageObject\",\"inLanguage\":\"es\",\"@id\":\"https:\\\/\\\/webdelmaestrocmf.com\\\/portal\\\/#\\\/schema\\\/logo\\\/image\\\/\",\"url\":\"https:\\\/\\\/webdelmaestrocmf.com\\\/portal\\\/wp-content\\\/uploads\\\/2023\\\/01\\\/logo-wmcmf-2.png\",\"contentUrl\":\"https:\\\/\\\/webdelmaestrocmf.com\\\/portal\\\/wp-content\\\/uploads\\\/2023\\\/01\\\/logo-wmcmf-2.png\",\"width\":200,\"height\":60,\"caption\":\"Web del Maestro CMF\"},\"image\":{\"@id\":\"https:\\\/\\\/webdelmaestrocmf.com\\\/portal\\\/#\\\/schema\\\/logo\\\/image\\\/\"},\"sameAs\":[\"https:\\\/\\\/www.facebook.com\\\/WebdelMaestroCMF\\\/\",\"https:\\\/\\\/x.com\\\/cmf_w\",\"https:\\\/\\\/www.pinterest.com\\\/WMCMF\\\/\",\"https:\\\/\\\/www.linkedin.com\\\/company\\\/web-del-maestro-cmf\\\/\",\"https:\\\/\\\/www.instagram.com\\\/wmcmf\\\/\",\"https:\\\/\\\/www.youtube.com\\\/channel\\\/UCDPSvjbdodE5sHnC3OxutHw\",\"https:\\\/\\\/mastodon.social\\\/@wmcmf\",\"https:\\\/\\\/www.tiktok.com\\\/@webdelmaestrocmf\"]},{\"@type\":\"Person\",\"@id\":\"https:\\\/\\\/webdelmaestrocmf.com\\\/portal\\\/#\\\/schema\\\/person\\\/1072a2ed7bd960df8ef99a551fa35dc5\",\"name\":\"Web del Maestro CMF\",\"image\":{\"@type\":\"ImageObject\",\"inLanguage\":\"es\",\"@id\":\"https:\\\/\\\/secure.gravatar.com\\\/avatar\\\/23291dd5b5ae1077dcff3dbb04c3e02bd28403fa75af6d8787d5e97c5bbbe30b?s=96&d=mm&r=g\",\"url\":\"https:\\\/\\\/secure.gravatar.com\\\/avatar\\\/23291dd5b5ae1077dcff3dbb04c3e02bd28403fa75af6d8787d5e97c5bbbe30b?s=96&d=mm&r=g\",\"contentUrl\":\"https:\\\/\\\/secure.gravatar.com\\\/avatar\\\/23291dd5b5ae1077dcff3dbb04c3e02bd28403fa75af6d8787d5e97c5bbbe30b?s=96&d=mm&r=g\",\"caption\":\"Web del Maestro CMF\"},\"description\":\"Esta Web se cre\u00f3 sin fines de lucro, con fines educativos, cient\u00edficos y acad\u00e9micos, para personas que tengan dificultades y\\\/o inconvenientes en visualizar el material original. El objetivo es entregar recursos, compartir experiencias y materiales que ayuden a los padres de familia, maestros y estudiantes en su actualizaci\u00f3n y formaci\u00f3n permanente, en bien de la Educaci\u00f3n.\",\"sameAs\":[\"http:\\\/\\\/webdelmaestrocmf.com\\\/portal\",\"https:\\\/\\\/www.facebook.com\\\/WebdelMaestroCMF\\\/\",\"https:\\\/\\\/www.instagram.com\\\/wmcmf\\\/\",\"https:\\\/\\\/cl.linkedin.com\\\/company\\\/web-del-maestro-cmf\",\"https:\\\/\\\/www.pinterest.com\\\/WMCMF\\\/publicaciones\\\/\",\"https:\\\/\\\/x.com\\\/cmf_w\",\"https:\\\/\\\/www.youtube.com\\\/@WMCMF\"]}]}<\/script>\n<!-- \/ Yoast SEO plugin. -->","yoast_head_json":{"title":"Qu\u00e9 son los trastornos DIS y c\u00f3mo diferenciarlos - 2026","description":"Las Dificultades espec\u00edficas del lenguaje y del aprendizaje reagrupa los trastornos llamados \u201cDIS\u201d: dislexia, dispraxia, as\u00ed como ciertas...","robots":{"index":"index","follow":"follow","max-snippet":"max-snippet:-1","max-image-preview":"max-image-preview:large","max-video-preview":"max-video-preview:-1"},"canonical":"https:\/\/webdelmaestrocmf.com\/portal\/que-son-los-trastornos-dis-y-como-diferenciarlos\/","og_locale":"es_ES","og_type":"article","og_title":"Qu\u00e9 son los trastornos DIS y c\u00f3mo diferenciarlos - 2026","og_description":"Las Dificultades espec\u00edficas del lenguaje y del aprendizaje reagrupa los trastornos llamados \u201cDIS\u201d: dislexia, dispraxia, as\u00ed como ciertas...","og_url":"https:\/\/webdelmaestrocmf.com\/portal\/que-son-los-trastornos-dis-y-como-diferenciarlos\/","og_site_name":"Web del Maestro CMF","article_publisher":"https:\/\/www.facebook.com\/WebdelMaestroCMF\/","article_author":"https:\/\/www.facebook.com\/WebdelMaestroCMF\/","article_published_time":"2022-04-07T23:55:02+00:00","article_modified_time":"2022-04-08T14:45:29+00:00","og_image":[{"width":1100,"height":680,"url":"https:\/\/i0.wp.com\/webdelmaestrocmf.com\/portal\/wp-content\/uploads\/2022\/04\/1-7.jpeg?fit=1100%2C680&ssl=1","type":"image\/jpeg"}],"author":"Web del Maestro CMF","twitter_card":"summary_large_image","twitter_creator":"@cmf_w","twitter_site":"@cmf_w","schema":{"@context":"https:\/\/schema.org","@graph":[{"@type":"ScholarlyArticle","@id":"https:\/\/webdelmaestrocmf.com\/portal\/que-son-los-trastornos-dis-y-como-diferenciarlos\/#article","isPartOf":{"@id":"https:\/\/webdelmaestrocmf.com\/portal\/que-son-los-trastornos-dis-y-como-diferenciarlos\/"},"author":{"name":"Web del Maestro CMF","@id":"https:\/\/webdelmaestrocmf.com\/portal\/#\/schema\/person\/1072a2ed7bd960df8ef99a551fa35dc5"},"headline":"Qu\u00e9 son los trastornos DIS y c\u00f3mo diferenciarlos","datePublished":"2022-04-07T23:55:02+00:00","dateModified":"2022-04-08T14:45:29+00:00","mainEntityOfPage":{"@id":"https:\/\/webdelmaestrocmf.com\/portal\/que-son-los-trastornos-dis-y-como-diferenciarlos\/"},"wordCount":1945,"commentCount":0,"publisher":{"@id":"https:\/\/webdelmaestrocmf.com\/portal\/#organization"},"image":{"@id":"https:\/\/webdelmaestrocmf.com\/portal\/que-son-los-trastornos-dis-y-como-diferenciarlos\/#primaryimage"},"thumbnailUrl":"https:\/\/webdelmaestrocmf.com\/portal\/wp-content\/uploads\/2022\/04\/1-7.jpeg","keywords":["diferenciarlos","DIS","TRASTORNOS"],"articleSection":["Recursos","Transtornos"],"inLanguage":"es","potentialAction":[{"@type":"CommentAction","name":"Comment","target":["https:\/\/webdelmaestrocmf.com\/portal\/que-son-los-trastornos-dis-y-como-diferenciarlos\/#respond"]}]},{"@type":"WebPage","@id":"https:\/\/webdelmaestrocmf.com\/portal\/que-son-los-trastornos-dis-y-como-diferenciarlos\/","url":"https:\/\/webdelmaestrocmf.com\/portal\/que-son-los-trastornos-dis-y-como-diferenciarlos\/","name":"Qu\u00e9 son los trastornos DIS y c\u00f3mo diferenciarlos - 2026","isPartOf":{"@id":"https:\/\/webdelmaestrocmf.com\/portal\/#website"},"primaryImageOfPage":{"@id":"https:\/\/webdelmaestrocmf.com\/portal\/que-son-los-trastornos-dis-y-como-diferenciarlos\/#primaryimage"},"image":{"@id":"https:\/\/webdelmaestrocmf.com\/portal\/que-son-los-trastornos-dis-y-como-diferenciarlos\/#primaryimage"},"thumbnailUrl":"https:\/\/webdelmaestrocmf.com\/portal\/wp-content\/uploads\/2022\/04\/1-7.jpeg","datePublished":"2022-04-07T23:55:02+00:00","dateModified":"2022-04-08T14:45:29+00:00","description":"Las Dificultades espec\u00edficas del lenguaje y del aprendizaje reagrupa los trastornos llamados \u201cDIS\u201d: dislexia, dispraxia, as\u00ed como ciertas...","breadcrumb":{"@id":"https:\/\/webdelmaestrocmf.com\/portal\/que-son-los-trastornos-dis-y-como-diferenciarlos\/#breadcrumb"},"inLanguage":"es","potentialAction":[{"@type":"ReadAction","target":["https:\/\/webdelmaestrocmf.com\/portal\/que-son-los-trastornos-dis-y-como-diferenciarlos\/"]}]},{"@type":"ImageObject","inLanguage":"es","@id":"https:\/\/webdelmaestrocmf.com\/portal\/que-son-los-trastornos-dis-y-como-diferenciarlos\/#primaryimage","url":"https:\/\/webdelmaestrocmf.com\/portal\/wp-content\/uploads\/2022\/04\/1-7.jpeg","contentUrl":"https:\/\/webdelmaestrocmf.com\/portal\/wp-content\/uploads\/2022\/04\/1-7.jpeg","width":1100,"height":680},{"@type":"BreadcrumbList","@id":"https:\/\/webdelmaestrocmf.com\/portal\/que-son-los-trastornos-dis-y-como-diferenciarlos\/#breadcrumb","itemListElement":[{"@type":"ListItem","position":1,"name":"Portada","item":"https:\/\/webdelmaestrocmf.com\/portal\/"},{"@type":"ListItem","position":2,"name":"Recursos","item":"https:\/\/webdelmaestrocmf.com\/portal\/category\/pedagogia\/"},{"@type":"ListItem","position":3,"name":"Qu\u00e9 son los trastornos DIS y c\u00f3mo diferenciarlos"}]},{"@type":"WebSite","@id":"https:\/\/webdelmaestrocmf.com\/portal\/#website","url":"https:\/\/webdelmaestrocmf.com\/portal\/","name":"Web del Maestro CMF","description":"Maestros al servicio de la educaci\u00f3n","publisher":{"@id":"https:\/\/webdelmaestrocmf.com\/portal\/#organization"},"alternateName":"WMCMF","potentialAction":[{"@type":"SearchAction","target":{"@type":"EntryPoint","urlTemplate":"https:\/\/webdelmaestrocmf.com\/portal\/?s={search_term_string}"},"query-input":{"@type":"PropertyValueSpecification","valueRequired":true,"valueName":"search_term_string"}}],"inLanguage":"es"},{"@type":"Organization","@id":"https:\/\/webdelmaestrocmf.com\/portal\/#organization","name":"Web del Maestro CMF","alternateName":"WMCMF","url":"https:\/\/webdelmaestrocmf.com\/portal\/","logo":{"@type":"ImageObject","inLanguage":"es","@id":"https:\/\/webdelmaestrocmf.com\/portal\/#\/schema\/logo\/image\/","url":"https:\/\/webdelmaestrocmf.com\/portal\/wp-content\/uploads\/2023\/01\/logo-wmcmf-2.png","contentUrl":"https:\/\/webdelmaestrocmf.com\/portal\/wp-content\/uploads\/2023\/01\/logo-wmcmf-2.png","width":200,"height":60,"caption":"Web del Maestro CMF"},"image":{"@id":"https:\/\/webdelmaestrocmf.com\/portal\/#\/schema\/logo\/image\/"},"sameAs":["https:\/\/www.facebook.com\/WebdelMaestroCMF\/","https:\/\/x.com\/cmf_w","https:\/\/www.pinterest.com\/WMCMF\/","https:\/\/www.linkedin.com\/company\/web-del-maestro-cmf\/","https:\/\/www.instagram.com\/wmcmf\/","https:\/\/www.youtube.com\/channel\/UCDPSvjbdodE5sHnC3OxutHw","https:\/\/mastodon.social\/@wmcmf","https:\/\/www.tiktok.com\/@webdelmaestrocmf"]},{"@type":"Person","@id":"https:\/\/webdelmaestrocmf.com\/portal\/#\/schema\/person\/1072a2ed7bd960df8ef99a551fa35dc5","name":"Web del Maestro CMF","image":{"@type":"ImageObject","inLanguage":"es","@id":"https:\/\/secure.gravatar.com\/avatar\/23291dd5b5ae1077dcff3dbb04c3e02bd28403fa75af6d8787d5e97c5bbbe30b?s=96&d=mm&r=g","url":"https:\/\/secure.gravatar.com\/avatar\/23291dd5b5ae1077dcff3dbb04c3e02bd28403fa75af6d8787d5e97c5bbbe30b?s=96&d=mm&r=g","contentUrl":"https:\/\/secure.gravatar.com\/avatar\/23291dd5b5ae1077dcff3dbb04c3e02bd28403fa75af6d8787d5e97c5bbbe30b?s=96&d=mm&r=g","caption":"Web del Maestro CMF"},"description":"Esta Web se cre\u00f3 sin fines de lucro, con fines educativos, cient\u00edficos y acad\u00e9micos, para personas que tengan dificultades y\/o inconvenientes en visualizar el material original. El objetivo es entregar recursos, compartir experiencias y materiales que ayuden a los padres de familia, maestros y estudiantes en su actualizaci\u00f3n y formaci\u00f3n permanente, en bien de la Educaci\u00f3n.","sameAs":["http:\/\/webdelmaestrocmf.com\/portal","https:\/\/www.facebook.com\/WebdelMaestroCMF\/","https:\/\/www.instagram.com\/wmcmf\/","https:\/\/cl.linkedin.com\/company\/web-del-maestro-cmf","https:\/\/www.pinterest.com\/WMCMF\/publicaciones\/","https:\/\/x.com\/cmf_w","https:\/\/www.youtube.com\/@WMCMF"]}]}},"jetpack_featured_media_url":"https:\/\/webdelmaestrocmf.com\/portal\/wp-content\/uploads\/2022\/04\/1-7.jpeg","jetpack_sharing_enabled":true,"jetpack-related-posts":[{"id":36391,"url":"https:\/\/webdelmaestrocmf.com\/portal\/que-son-los-trastornos-dis\/","url_meta":{"origin":76077,"position":0},"title":"Qu\u00e9 son los trastornos DIS y c\u00f3mo diferenciarse: Dislexia, Dispraxia, Disgraf\u00eda, Disortograf\u00eda, Disfasia, etc","author":"Web del Maestro CMF","date":"2 mayo, 2020","format":false,"excerpt":"La expresi\u00f3n\u00a0 \u00abproblemas espec\u00edficos del lenguaje y del aprendizaje\u00bb reagrupa los problemas llamados \u201cDIS\u201d: dislexia, dispraxia, as\u00ed como ciertas manifestaciones inducidas por estos problemas \u00a0como la discalculia, disgraf\u00eda, disfasia o la disortograf\u00eda. Estos problemas DIS no son pasajeros y constituyen una verdadero desaf\u00edo educativo. El objetivo es permitir al ni\u00f1o\u2026","rel":"","context":"En \u00abDislexia\u00bb","block_context":{"text":"Dislexia","link":"https:\/\/webdelmaestrocmf.com\/portal\/category\/pedagogia\/dislexia\/"},"img":{"alt_text":"","src":"https:\/\/i0.wp.com\/webdelmaestrocmf.com\/portal\/wp-content\/uploads\/2020\/05\/Banner-1-portada-imagen-10-1-27.jpg?resize=350%2C200&ssl=1","width":350,"height":200,"srcset":"https:\/\/i0.wp.com\/webdelmaestrocmf.com\/portal\/wp-content\/uploads\/2020\/05\/Banner-1-portada-imagen-10-1-27.jpg?resize=350%2C200&ssl=1 1x, https:\/\/i0.wp.com\/webdelmaestrocmf.com\/portal\/wp-content\/uploads\/2020\/05\/Banner-1-portada-imagen-10-1-27.jpg?resize=525%2C300&ssl=1 1.5x, https:\/\/i0.wp.com\/webdelmaestrocmf.com\/portal\/wp-content\/uploads\/2020\/05\/Banner-1-portada-imagen-10-1-27.jpg?resize=700%2C400&ssl=1 2x"},"classes":[]},{"id":56576,"url":"https:\/\/webdelmaestrocmf.com\/portal\/conoces-la-dislexia-matematica-se-llama-discalculia-y-es-mas-comun-de-lo-que-crees\/","url_meta":{"origin":76077,"position":1},"title":"\u00bfConoces la dislexia matem\u00e1tica? Se llama discalculia, y es m\u00e1s com\u00fan de lo que crees","author":"Web del Maestro CMF","date":"20 mayo, 2022","format":false,"excerpt":"Es tan frecuente como la dislexia, tiene consecuencias graves y, sin embargo, poca gente la conoce, ya que se confunde frecuentemente con un bajo cociente intelectual, desidia en el estudio, Trastorno por D\u00e9ficit de Atenci\u00f3n (TDA\/TDAH) o la propia dislexia. La discalculia alcanza entre el 5 y el 7 %\u2026","rel":"","context":"En \u00abRecursos\u00bb","block_context":{"text":"Recursos","link":"https:\/\/webdelmaestrocmf.com\/portal\/category\/pedagogia\/"},"img":{"alt_text":"","src":"https:\/\/i0.wp.com\/webdelmaestrocmf.com\/portal\/wp-content\/uploads\/2020\/12\/1-copia-91.jpg?resize=350%2C200&ssl=1","width":350,"height":200,"srcset":"https:\/\/i0.wp.com\/webdelmaestrocmf.com\/portal\/wp-content\/uploads\/2020\/12\/1-copia-91.jpg?resize=350%2C200&ssl=1 1x, https:\/\/i0.wp.com\/webdelmaestrocmf.com\/portal\/wp-content\/uploads\/2020\/12\/1-copia-91.jpg?resize=525%2C300&ssl=1 1.5x, https:\/\/i0.wp.com\/webdelmaestrocmf.com\/portal\/wp-content\/uploads\/2020\/12\/1-copia-91.jpg?resize=700%2C400&ssl=1 2x, https:\/\/i0.wp.com\/webdelmaestrocmf.com\/portal\/wp-content\/uploads\/2020\/12\/1-copia-91.jpg?resize=1050%2C600&ssl=1 3x"},"classes":[]},{"id":26627,"url":"https:\/\/webdelmaestrocmf.com\/portal\/los-trastornos-las-dificultades-aprendizaje-mas-comunes\/","url_meta":{"origin":76077,"position":2},"title":"Los trastornos y las dificultades de aprendizaje","author":"Web del Maestro CMF","date":"11 enero, 2024","format":false,"excerpt":"Quiz\u00e1s tu ni\u00f1o sea muy inteligente y siempre tenga curiosidad sobre todo lo que hay a su alrededor. Sin embargo, si es evidente que tiene problemas para hablar, leer o aprender matem\u00e1ticas, es posible que tenga un trastorno del aprendizaje. Las discapacidades del aprendizaje abarcan todo un espectro de trastornos\u2026","rel":"","context":"En \u00abDislexia\u00bb","block_context":{"text":"Dislexia","link":"https:\/\/webdelmaestrocmf.com\/portal\/category\/pedagogia\/dislexia\/"},"img":{"alt_text":"Los trastornos y las dificultades de aprendizaje (1)","src":"https:\/\/i0.wp.com\/webdelmaestrocmf.com\/portal\/wp-content\/uploads\/2020\/02\/Los-trastornos-y-las-dificultades-de-aprendizaje-1.jpg?resize=350%2C200&ssl=1","width":350,"height":200,"srcset":"https:\/\/i0.wp.com\/webdelmaestrocmf.com\/portal\/wp-content\/uploads\/2020\/02\/Los-trastornos-y-las-dificultades-de-aprendizaje-1.jpg?resize=350%2C200&ssl=1 1x, https:\/\/i0.wp.com\/webdelmaestrocmf.com\/portal\/wp-content\/uploads\/2020\/02\/Los-trastornos-y-las-dificultades-de-aprendizaje-1.jpg?resize=525%2C300&ssl=1 1.5x, https:\/\/i0.wp.com\/webdelmaestrocmf.com\/portal\/wp-content\/uploads\/2020\/02\/Los-trastornos-y-las-dificultades-de-aprendizaje-1.jpg?resize=700%2C400&ssl=1 2x"},"classes":[]},{"id":18096,"url":"https:\/\/webdelmaestrocmf.com\/portal\/trastornos-del-aprendizaje-en-los-estudiantes-como-identificarlos\/","url_meta":{"origin":76077,"position":3},"title":"Trastornos del aprendizaje en los estudiantes, \u00bfc\u00f3mo identificarlos? Descarga la gu\u00eda para padres y docentes","author":"Web del Maestro CMF","date":"6 abril, 2026","format":false,"excerpt":"Detectar se\u00f1ales tempranas permite intervenir a tiempo y evitar que las dificultades de aprendizaje afecten la autoestima y el desarrollo escolar.","rel":"","context":"En \u00abDocentes\u00bb","block_context":{"text":"Docentes","link":"https:\/\/webdelmaestrocmf.com\/portal\/category\/pedagogia\/docentes\/"},"img":{"alt_text":"Trastornos","src":"https:\/\/i0.wp.com\/webdelmaestrocmf.com\/portal\/wp-content\/uploads\/2021\/02\/Banner-1-portada-imagen-10-37.jpg?resize=350%2C200&ssl=1","width":350,"height":200,"srcset":"https:\/\/i0.wp.com\/webdelmaestrocmf.com\/portal\/wp-content\/uploads\/2021\/02\/Banner-1-portada-imagen-10-37.jpg?resize=350%2C200&ssl=1 1x, https:\/\/i0.wp.com\/webdelmaestrocmf.com\/portal\/wp-content\/uploads\/2021\/02\/Banner-1-portada-imagen-10-37.jpg?resize=525%2C300&ssl=1 1.5x, https:\/\/i0.wp.com\/webdelmaestrocmf.com\/portal\/wp-content\/uploads\/2021\/02\/Banner-1-portada-imagen-10-37.jpg?resize=700%2C400&ssl=1 2x"},"classes":[]},{"id":43518,"url":"https:\/\/webdelmaestrocmf.com\/portal\/emilio-fernandez-un-porcentaje-de-los-educadores-han-tenido-una-formacion-en-la-cual-no-se-ha-prestado-atencion-al-tdah-dislexia-discalculia\/","url_meta":{"origin":76077,"position":4},"title":"Emilio Fern\u00e1ndez: Un porcentaje de los educadores han tenido una formaci\u00f3n en la cual no se ha prestado atenci\u00f3n al Tdah, Dislexia o la Discalculia","author":"Web del Maestro CMF","date":"17 enero, 2020","format":false,"excerpt":"Emilio Fern\u00e1ndez, un destacado experto en educaci\u00f3n, arroja luz sobre una preocupaci\u00f3n fundamental en el campo pedag\u00f3gico: la formaci\u00f3n de educadores. Su an\u00e1lisis revela que un porcentaje significativo de estos profesionales ha atravesado procesos de formaci\u00f3n en los cuales no se ha prestado la debida atenci\u00f3n a las condiciones como\u2026","rel":"","context":"En \u00abEntrevistas\u00bb","block_context":{"text":"Entrevistas","link":"https:\/\/webdelmaestrocmf.com\/portal\/category\/noticias\/entrevistas\/"},"img":{"alt_text":"Emilio Fern\u00e1ndez","src":"https:\/\/i0.wp.com\/webdelmaestrocmf.com\/portal\/wp-content\/uploads\/2020\/01\/1-46.jpg?resize=350%2C200&ssl=1","width":350,"height":200,"srcset":"https:\/\/i0.wp.com\/webdelmaestrocmf.com\/portal\/wp-content\/uploads\/2020\/01\/1-46.jpg?resize=350%2C200&ssl=1 1x, https:\/\/i0.wp.com\/webdelmaestrocmf.com\/portal\/wp-content\/uploads\/2020\/01\/1-46.jpg?resize=525%2C300&ssl=1 1.5x, https:\/\/i0.wp.com\/webdelmaestrocmf.com\/portal\/wp-content\/uploads\/2020\/01\/1-46.jpg?resize=700%2C400&ssl=1 2x, https:\/\/i0.wp.com\/webdelmaestrocmf.com\/portal\/wp-content\/uploads\/2020\/01\/1-46.jpg?resize=1050%2C600&ssl=1 3x"},"classes":[]},{"id":44228,"url":"https:\/\/webdelmaestrocmf.com\/portal\/nuria-pons-la-dislexia-no-se-cura-porque-no-es-una-enfermedad-y-si-los-errores-se-pueden-corregir-y-mejorar\/","url_meta":{"origin":76077,"position":5},"title":"Nuria Pons: La dislexia no se cura porque no es una enfermedad. Y s\u00ed, los errores se pueden corregir y mejorar","author":"Web del Maestro CMF","date":"12 febrero, 2020","format":false,"excerpt":"La Licenciada Nuria Pons Comellas (1984) ciudadana espa\u00f1ol nacida en Ma\u00f3 \u00a0(Menorca), se ha propuesto \u201cdar a conocer qu\u00e9 es la dislexia desde el punto de vista del propio disl\u00e9xico, para alzar la voz con su testimonio del sentir de miles de personas diagnosticadas o no\u201d. Y para nosotros como\u2026","rel":"","context":"En \u00abEntrevistas\u00bb","block_context":{"text":"Entrevistas","link":"https:\/\/webdelmaestrocmf.com\/portal\/category\/noticias\/entrevistas\/"},"img":{"alt_text":"","src":"https:\/\/i0.wp.com\/webdelmaestrocmf.com\/portal\/wp-content\/uploads\/2020\/02\/2-14.jpg?resize=350%2C200&ssl=1","width":350,"height":200,"srcset":"https:\/\/i0.wp.com\/webdelmaestrocmf.com\/portal\/wp-content\/uploads\/2020\/02\/2-14.jpg?resize=350%2C200&ssl=1 1x, https:\/\/i0.wp.com\/webdelmaestrocmf.com\/portal\/wp-content\/uploads\/2020\/02\/2-14.jpg?resize=525%2C300&ssl=1 1.5x, https:\/\/i0.wp.com\/webdelmaestrocmf.com\/portal\/wp-content\/uploads\/2020\/02\/2-14.jpg?resize=700%2C400&ssl=1 2x, https:\/\/i0.wp.com\/webdelmaestrocmf.com\/portal\/wp-content\/uploads\/2020\/02\/2-14.jpg?resize=1050%2C600&ssl=1 3x"},"classes":[]}],"_links":{"self":[{"href":"https:\/\/webdelmaestrocmf.com\/portal\/wp-json\/wp\/v2\/posts\/76077","targetHints":{"allow":["GET"]}}],"collection":[{"href":"https:\/\/webdelmaestrocmf.com\/portal\/wp-json\/wp\/v2\/posts"}],"about":[{"href":"https:\/\/webdelmaestrocmf.com\/portal\/wp-json\/wp\/v2\/types\/post"}],"author":[{"embeddable":true,"href":"https:\/\/webdelmaestrocmf.com\/portal\/wp-json\/wp\/v2\/users\/1"}],"replies":[{"embeddable":true,"href":"https:\/\/webdelmaestrocmf.com\/portal\/wp-json\/wp\/v2\/comments?post=76077"}],"version-history":[{"count":0,"href":"https:\/\/webdelmaestrocmf.com\/portal\/wp-json\/wp\/v2\/posts\/76077\/revisions"}],"wp:featuredmedia":[{"embeddable":true,"href":"https:\/\/webdelmaestrocmf.com\/portal\/wp-json\/wp\/v2\/media\/76082"}],"wp:attachment":[{"href":"https:\/\/webdelmaestrocmf.com\/portal\/wp-json\/wp\/v2\/media?parent=76077"}],"wp:term":[{"taxonomy":"category","embeddable":true,"href":"https:\/\/webdelmaestrocmf.com\/portal\/wp-json\/wp\/v2\/categories?post=76077"},{"taxonomy":"post_tag","embeddable":true,"href":"https:\/\/webdelmaestrocmf.com\/portal\/wp-json\/wp\/v2\/tags?post=76077"}],"curies":[{"name":"wp","href":"https:\/\/api.w.org\/{rel}","templated":true}]}}