{"id":75563,"date":"2022-03-16T14:29:44","date_gmt":"2022-03-16T17:29:44","guid":{"rendered":"https:\/\/webdelmaestrocmf.com\/portal\/?p=75563"},"modified":"2022-03-17T10:58:11","modified_gmt":"2022-03-17T13:58:11","slug":"baul-del-docente-educacion-presencial-merecida-revaloracion","status":"publish","type":"post","link":"https:\/\/webdelmaestrocmf.com\/portal\/baul-del-docente-educacion-presencial-merecida-revaloracion\/","title":{"rendered":"[Ba\u00fal del Docente] Educaci\u00f3n presencial: Merecida revaloraci\u00f3n"},"content":{"rendered":"<h5 style=\"text-align: justify;\">Estimados docentes: Hasta antes de la pandemia, una de las principales cr\u00edticas al sistema educativo \u201ctradicional\u201d era la supuesta conclusi\u00f3n de que las escuelas ya no aportaban lo necesario para la formaci\u00f3n de los estudiantes. Muchos subg\u00e9neros de lo que se consideraba \u201cmoderno\u201d en t\u00e9rminos educativos comenzaron a aparecer: aula invertida, educaci\u00f3n a puertas abiertas, homeschooling.<\/h5>\n<p><!--more--><\/p>\n<h5 style=\"text-align: justify;\">Pero, en lugar de presentarlas como alternativas o complementos, eran vistas como el futuro de la educaci\u00f3n, las t\u00e9cnicas que iban a terminar desplazando y cerrando las escuelas, cosa que jam\u00e1s ocurri\u00f3 pues, en medio de los debates y los congresos internacionales en los que se sobre estimaba a la educaci\u00f3n fuera de las aulas, los alumnos segu\u00edan asistiendo, diariamente, a sus instituciones educativas.<\/h5>\n<p style=\"text-align: justify;\">La pandemia del COVID-19 hizo, en cuesti\u00f3n de d\u00edas, lo que aquellos futur\u00f3logos de la educaci\u00f3n no pudieron lograr en a\u00f1os de discursos y cr\u00edticas al colegio como espacio. De un momento a otro, miles de escuelas en el mundo entero cerraron sus puertas para evitar contactos cercanos y riesgos de contagio de esta mortal enfermedad que, aun cuando ya parece estar retrocediendo gracias a las vacunas y a las medidas restrictivas que, poco a poco, han ido incorpor\u00e1ndose a nuestra vida diaria, sigue siendo una amenaza para nuestra tranquilidad y la de nuestros seres queridos y conocidos.<\/p>\n<p style=\"text-align: justify;\">Y, entonces, la realidad tom\u00f3 el lugar que le hab\u00edan quitado los discursos reformistas pro tecnolog\u00eda para decirnos que las escuelas fueron, son y seguir\u00e1n siendo el espacio ideal, adecuado, para que el proceso ense\u00f1anza-aprendizaje alcance sus objetivos. Despu\u00e9s de dos a\u00f1os de escuela cerradas, padres de familia, maestros, analistas de la educaci\u00f3n y expertos en tecnolog\u00eda coinciden en que la educaci\u00f3n presencial es irreemplazable y que todas las herramientas que antes se pensaban como sustitutos del colegio hoy son vistas en su verdadera dimensi\u00f3n: \u00fatiles como soporte y refuerzo mas no como una nueva forma de educar que prescinda de la interacci\u00f3n directa y los espacios apropiados -aulas, patios, laboratorios- que forman la estructura b\u00e1sica del colegio cl\u00e1sico. Esta merecida revaloraci\u00f3n de la escuela debe servir como base para los nuevos modelos que combinen lo presencial con lo virtual y tecnol\u00f3gico.<\/p>\n<p style=\"text-align: justify;\">Lectura recomendada <a href=\"https:\/\/www.cenu.edu.ec\/importancia-de-la-presencialidad-en-las-clases\/\" target=\"_blank\" rel=\"noopener\"><strong>IMPORTANCIA DE LA PRESENCIALIDAD EN LAS CLASES<\/strong><\/a><\/p>\n<p style=\"text-align: justify;\"><strong>EL DATO<\/strong><\/p>\n<ul style=\"text-align: justify;\">\n<li>Primero, la educaci\u00f3n presencial no es solamente para adquirir acceso a contenidos. Sino que es tambi\u00e9n un espacio donde hay innumerables oportunidades para desarrollar de manera permanente habilidades socioemocionales y adquirir valores para vivir en sociedad.<\/li>\n<li>Este \u2018otro\u2019 tipo de aprendizajes, tan importante como las asignaturas y contenidos de los planes curriculares, son m\u00e1s complejos de estimular en los entornos virtuales. No es que no se pueda, pero requer\u00edan esfuerzos adicionales.<\/li>\n<li>Cuando pasamos de la educaci\u00f3n presencial a la virtual existe un reto importante en cuanto a poder \u2018traducir\u2019 las estrategias pedag\u00f3gicas. El uso del tiempo, la gesti\u00f3n de la atenci\u00f3n y la motivaci\u00f3n, la meta-cognici\u00f3n (aprender a aprender) son retos que deben considerarse a la hora de planear los programas de ense\u00f1anza a distancia, y lo mismo ocurre con la formaci\u00f3n de los docentes que requieren mucho m\u00e1s que habilidades instrumentales para ense\u00f1ar a distancia.<\/li>\n<\/ul>\n<p style=\"text-align: justify;\">Fuente: <a href=\"https:\/\/www.educaciontrespuntocero.com\/opinion\/beneficios-de-la-educacion-presencial\/\" target=\"_blank\" rel=\"noopener\"><strong>BENEFICIOS DE LA EDUCACI\u00d3N PRESENCIAL<\/strong><\/a><strong>\u00a0<\/strong><\/p>\n<p style=\"text-align: justify;\"><strong>NOTA DE REDACCI\u00d3N:<\/strong> La Web del Maestro CMF publica los textos originales de su autor, no necesariamente coincide con lo expuesto en el tema, no se hace responsable de las opiniones expresadas, y no promociona ning\u00fan producto, servicio, marca o empresa. Sugerimos a nuestros lectores conocer la identidad de la fuente o de su autor.<\/p>\n<table class=\" alignleft\" border=\"0\" width=\"100%\" cellspacing=\"10\" cellpadding=\"10\">\n<tbody>\n<tr>\n<td style=\"text-align: center;\" width=\"30%\"><strong><img loading=\"lazy\" decoding=\"async\" class=\"size-full wp-image-62269 aligncenter\" src=\"https:\/\/webdelmaestrocmf.com\/portal\/wp-content\/uploads\/2021\/04\/1-136.jpg\" alt=\"\" width=\"200\" height=\"200\" srcset=\"https:\/\/webdelmaestrocmf.com\/portal\/wp-content\/uploads\/2021\/04\/1-136.jpg 200w, https:\/\/webdelmaestrocmf.com\/portal\/wp-content\/uploads\/2021\/04\/1-136-150x150.jpg 150w, https:\/\/webdelmaestrocmf.com\/portal\/wp-content\/uploads\/2021\/04\/1-136-80x80.jpg 80w, https:\/\/webdelmaestrocmf.com\/portal\/wp-content\/uploads\/2021\/04\/1-136-110x110.jpg 110w, https:\/\/webdelmaestrocmf.com\/portal\/wp-content\/uploads\/2021\/04\/1-136-160x160.jpg 160w\" sizes=\"auto, (max-width: 200px) 100vw, 200px\" \/><\/strong><br \/>\nEste art\u00edculo ha sido publicado en el blog Ba\u00fal del Docente, portal de recursos educativos de la Derrama Magisterial del Per\u00fa, y lo puede encontrar en este enlace: <a href=\"https:\/\/bauldocente.pe\/\" target=\"_blank\" rel=\"noopener\"><strong>BLOG BA\u00daL DEL DOCENTE<\/strong><\/a>.<br \/>\nY este es el enlace del Profesor <strong>Jorge Luis Tineo Rendon: <\/strong><a href=\"mailto:jtineo@derrama.org.pe\">jtineo@derrama.org.pe<\/a>.<strong><br \/>\n<\/strong><\/td>\n<\/tr>\n<\/tbody>\n<\/table>\n<p style=\"text-align: left;\">.<\/p>\n\t\t<div class=\"pk-inline-posts\">\n\t\t\t\n\t\t\t<div class=\"pk-inline-posts-container pk-inline-posts-template-list\"\n\t\t\t\tdata-columns=\"1\">\n\t\t\t\t\t\t<article id=\"post-106869\" class=\"post-106869 post type-post status-publish format-standard has-post-thumbnail category-colaborador category-z-colaboradores-baul-del-docente tag-baul-del-docente tag-criticas tag-exageraciones tag-prevencion tag-tecnologia cs-entry cs-video-wrap\">\n\t\t\t<div class=\"pk-post-outer\">\n\n\t\t\t\t\t\t\t\t<div class=\"pk-post-inner\">\n\t\t\t\t\t<div class=\"entry-thumbnail\">\n\t\t\t\t\t\t<div class=\"pk-overlay pk-overlay-ratio pk-ratio-landscape\">\n\t\t\t\t\t\t\t<div class=\"pk-overlay-background\">\n\t\t\t\t\t\t\t\t<a href=\"https:\/\/webdelmaestrocmf.com\/portal\/baul-del-docente-criticas-a-la-tecnologia-prevencion-o-exageraciones\/\" class=\"pk-overlay-link\">\n\t\t\t\t\t\t\t\t\t<img loading=\"lazy\" decoding=\"async\" width=\"300\" height=\"225\" src=\"https:\/\/webdelmaestrocmf.com\/portal\/wp-content\/uploads\/2024\/11\/Banner-1-portada-imagen-10-1-30-300x225.jpg\" class=\"attachment-pk-thumbnail size-pk-thumbnail wp-post-image\" alt=\"\" \/>\t\t\t\t\t\t\t\t<\/a>\n\t\t\t\t\t\t\t<\/div>\n\t\t\t\t\t\t<\/div>\n\t\t\t\t\t<\/div>\n\t\t\t\t<\/div>\n\t\t\t\t\n\t\t\t\t<div class=\"pk-post-inner\">\n\t\t\t\t\t<header>\n\t\t\t\t\t\t<h3 class=\"pk-title\"><a href=\"https:\/\/webdelmaestrocmf.com\/portal\/baul-del-docente-criticas-a-la-tecnologia-prevencion-o-exageraciones\/\" rel=\"bookmark\">[Ba\u00fal del docente] Cr\u00edticas a la tecnolog\u00eda: \u00bfPrevenci\u00f3n o exageraciones?<\/a><\/h3>\t\t\t\t\t<\/header><!-- .entry-header -->\n\t\t\t\t<\/div><!-- .post-inner -->\n\n\t\t\t<\/div><!-- .post-outer -->\n\t\t<\/article>\n\t\t\t\t<\/div>\n\t\t<\/div>\n\t\t\n","protected":false},"excerpt":{"rendered":"Estimados docentes: Hasta antes de la pandemia, una de las principales cr\u00edticas al sistema educativo \u201ctradicional\u201d era la&hellip;","protected":false},"author":1,"featured_media":75564,"comment_status":"open","ping_status":"closed","sticky":false,"template":"","format":"standard","meta":{"csco_display_header_overlay":false,"csco_singular_sidebar":"default","csco_page_header_type":"default","csco_page_load_nextpost":"default","csco_post_video_location":[],"csco_post_video_location_hash":"","csco_post_video_url":"","csco_post_video_bg_start_time":0,"csco_post_video_bg_end_time":0,"csco_post_video_bg_volume":false,"_jetpack_memberships_contains_paid_content":false,"footnotes":""},"categories":[1790,6829],"tags":[6867,55,14703,5419,14704],"class_list":{"0":"post-75563","1":"post","2":"type-post","3":"status-publish","4":"format-standard","5":"has-post-thumbnail","7":"category-colaborador","8":"category-z-colaboradores-baul-del-docente","9":"tag-baul-del-docente","10":"tag-educacion","11":"tag-merecida","12":"tag-presencial","13":"tag-revaloracion","14":"cs-entry","15":"cs-video-wrap"},"yoast_head":"<!-- This site is optimized with the Yoast SEO plugin v27.5 - https:\/\/yoast.com\/product\/yoast-seo-wordpress\/ -->\n<title>[Ba\u00fal del Docente] Educaci\u00f3n presencial: Merecida revaloraci\u00f3n - 2026<\/title>\n<meta name=\"description\" content=\"Estimados docentes: Hasta antes de la pandemia, una de las principales cr\u00edticas al sistema educativo \u201ctradicional\u201d era la...\" \/>\n<meta name=\"robots\" content=\"index, follow, max-snippet:-1, max-image-preview:large, max-video-preview:-1\" \/>\n<link rel=\"canonical\" href=\"https:\/\/webdelmaestrocmf.com\/portal\/baul-del-docente-educacion-presencial-merecida-revaloracion\/\" \/>\n<meta property=\"og:locale\" content=\"es_ES\" \/>\n<meta property=\"og:type\" content=\"article\" \/>\n<meta property=\"og:title\" content=\"[Ba\u00fal del Docente] Educaci\u00f3n presencial: Merecida revaloraci\u00f3n - 2026\" \/>\n<meta property=\"og:description\" content=\"Estimados docentes: Hasta antes de la pandemia, una de las principales cr\u00edticas al sistema educativo \u201ctradicional\u201d era la...\" \/>\n<meta property=\"og:url\" content=\"https:\/\/webdelmaestrocmf.com\/portal\/baul-del-docente-educacion-presencial-merecida-revaloracion\/\" \/>\n<meta property=\"og:site_name\" content=\"Web del Maestro CMF\" \/>\n<meta property=\"article:publisher\" content=\"https:\/\/www.facebook.com\/WebdelMaestroCMF\/\" \/>\n<meta property=\"article:author\" content=\"https:\/\/www.facebook.com\/WebdelMaestroCMF\/\" \/>\n<meta property=\"article:published_time\" content=\"2022-03-16T17:29:44+00:00\" \/>\n<meta property=\"article:modified_time\" content=\"2022-03-17T13:58:11+00:00\" \/>\n<meta property=\"og:image\" content=\"https:\/\/i0.wp.com\/webdelmaestrocmf.com\/portal\/wp-content\/uploads\/2022\/03\/1-28.jpg?fit=1100%2C680&ssl=1\" \/>\n\t<meta property=\"og:image:width\" content=\"1100\" \/>\n\t<meta property=\"og:image:height\" content=\"680\" \/>\n\t<meta property=\"og:image:type\" content=\"image\/jpeg\" \/>\n<meta name=\"author\" content=\"Web del Maestro CMF\" \/>\n<meta name=\"twitter:card\" content=\"summary_large_image\" \/>\n<meta name=\"twitter:creator\" content=\"@cmf_w\" \/>\n<meta name=\"twitter:site\" content=\"@cmf_w\" \/>\n<script type=\"application\/ld+json\" class=\"yoast-schema-graph\">{\"@context\":\"https:\\\/\\\/schema.org\",\"@graph\":[{\"@type\":\"ScholarlyArticle\",\"@id\":\"https:\\\/\\\/webdelmaestrocmf.com\\\/portal\\\/baul-del-docente-educacion-presencial-merecida-revaloracion\\\/#article\",\"isPartOf\":{\"@id\":\"https:\\\/\\\/webdelmaestrocmf.com\\\/portal\\\/baul-del-docente-educacion-presencial-merecida-revaloracion\\\/\"},\"author\":{\"name\":\"Web del Maestro CMF\",\"@id\":\"https:\\\/\\\/webdelmaestrocmf.com\\\/portal\\\/#\\\/schema\\\/person\\\/1072a2ed7bd960df8ef99a551fa35dc5\"},\"headline\":\"[Ba\u00fal del Docente] Educaci\u00f3n presencial: Merecida revaloraci\u00f3n\",\"datePublished\":\"2022-03-16T17:29:44+00:00\",\"dateModified\":\"2022-03-17T13:58:11+00:00\",\"mainEntityOfPage\":{\"@id\":\"https:\\\/\\\/webdelmaestrocmf.com\\\/portal\\\/baul-del-docente-educacion-presencial-merecida-revaloracion\\\/\"},\"wordCount\":690,\"commentCount\":0,\"publisher\":{\"@id\":\"https:\\\/\\\/webdelmaestrocmf.com\\\/portal\\\/#organization\"},\"image\":{\"@id\":\"https:\\\/\\\/webdelmaestrocmf.com\\\/portal\\\/baul-del-docente-educacion-presencial-merecida-revaloracion\\\/#primaryimage\"},\"thumbnailUrl\":\"https:\\\/\\\/webdelmaestrocmf.com\\\/portal\\\/wp-content\\\/uploads\\\/2022\\\/03\\\/1-28.jpg\",\"keywords\":[\"Ba\u00fal del Docente\",\"EDUCACI\u00d3N\",\"Merecida\",\"presencial\",\"revaloraci\u00f3n\"],\"articleSection\":[\"Z-Colaboradores\",\"Z-Colaboradores-Ba\u00fal-del-Docente\"],\"inLanguage\":\"es\",\"potentialAction\":[{\"@type\":\"CommentAction\",\"name\":\"Comment\",\"target\":[\"https:\\\/\\\/webdelmaestrocmf.com\\\/portal\\\/baul-del-docente-educacion-presencial-merecida-revaloracion\\\/#respond\"]}]},{\"@type\":\"WebPage\",\"@id\":\"https:\\\/\\\/webdelmaestrocmf.com\\\/portal\\\/baul-del-docente-educacion-presencial-merecida-revaloracion\\\/\",\"url\":\"https:\\\/\\\/webdelmaestrocmf.com\\\/portal\\\/baul-del-docente-educacion-presencial-merecida-revaloracion\\\/\",\"name\":\"[Ba\u00fal del Docente] Educaci\u00f3n presencial: Merecida revaloraci\u00f3n - 2026\",\"isPartOf\":{\"@id\":\"https:\\\/\\\/webdelmaestrocmf.com\\\/portal\\\/#website\"},\"primaryImageOfPage\":{\"@id\":\"https:\\\/\\\/webdelmaestrocmf.com\\\/portal\\\/baul-del-docente-educacion-presencial-merecida-revaloracion\\\/#primaryimage\"},\"image\":{\"@id\":\"https:\\\/\\\/webdelmaestrocmf.com\\\/portal\\\/baul-del-docente-educacion-presencial-merecida-revaloracion\\\/#primaryimage\"},\"thumbnailUrl\":\"https:\\\/\\\/webdelmaestrocmf.com\\\/portal\\\/wp-content\\\/uploads\\\/2022\\\/03\\\/1-28.jpg\",\"datePublished\":\"2022-03-16T17:29:44+00:00\",\"dateModified\":\"2022-03-17T13:58:11+00:00\",\"description\":\"Estimados docentes: Hasta antes de la pandemia, una de las principales cr\u00edticas al sistema educativo \u201ctradicional\u201d era la...\",\"breadcrumb\":{\"@id\":\"https:\\\/\\\/webdelmaestrocmf.com\\\/portal\\\/baul-del-docente-educacion-presencial-merecida-revaloracion\\\/#breadcrumb\"},\"inLanguage\":\"es\",\"potentialAction\":[{\"@type\":\"ReadAction\",\"target\":[\"https:\\\/\\\/webdelmaestrocmf.com\\\/portal\\\/baul-del-docente-educacion-presencial-merecida-revaloracion\\\/\"]}]},{\"@type\":\"ImageObject\",\"inLanguage\":\"es\",\"@id\":\"https:\\\/\\\/webdelmaestrocmf.com\\\/portal\\\/baul-del-docente-educacion-presencial-merecida-revaloracion\\\/#primaryimage\",\"url\":\"https:\\\/\\\/webdelmaestrocmf.com\\\/portal\\\/wp-content\\\/uploads\\\/2022\\\/03\\\/1-28.jpg\",\"contentUrl\":\"https:\\\/\\\/webdelmaestrocmf.com\\\/portal\\\/wp-content\\\/uploads\\\/2022\\\/03\\\/1-28.jpg\",\"width\":1100,\"height\":680},{\"@type\":\"BreadcrumbList\",\"@id\":\"https:\\\/\\\/webdelmaestrocmf.com\\\/portal\\\/baul-del-docente-educacion-presencial-merecida-revaloracion\\\/#breadcrumb\",\"itemListElement\":[{\"@type\":\"ListItem\",\"position\":1,\"name\":\"Portada\",\"item\":\"https:\\\/\\\/webdelmaestrocmf.com\\\/portal\\\/\"},{\"@type\":\"ListItem\",\"position\":2,\"name\":\"Z-Colaboradores\",\"item\":\"https:\\\/\\\/webdelmaestrocmf.com\\\/portal\\\/category\\\/colaborador\\\/\"},{\"@type\":\"ListItem\",\"position\":3,\"name\":\"[Ba\u00fal del Docente] Educaci\u00f3n presencial: Merecida revaloraci\u00f3n\"}]},{\"@type\":\"WebSite\",\"@id\":\"https:\\\/\\\/webdelmaestrocmf.com\\\/portal\\\/#website\",\"url\":\"https:\\\/\\\/webdelmaestrocmf.com\\\/portal\\\/\",\"name\":\"Web del Maestro CMF\",\"description\":\"Maestros al servicio de la educaci\u00f3n\",\"publisher\":{\"@id\":\"https:\\\/\\\/webdelmaestrocmf.com\\\/portal\\\/#organization\"},\"alternateName\":\"WMCMF\",\"potentialAction\":[{\"@type\":\"SearchAction\",\"target\":{\"@type\":\"EntryPoint\",\"urlTemplate\":\"https:\\\/\\\/webdelmaestrocmf.com\\\/portal\\\/?s={search_term_string}\"},\"query-input\":{\"@type\":\"PropertyValueSpecification\",\"valueRequired\":true,\"valueName\":\"search_term_string\"}}],\"inLanguage\":\"es\"},{\"@type\":\"Organization\",\"@id\":\"https:\\\/\\\/webdelmaestrocmf.com\\\/portal\\\/#organization\",\"name\":\"Web del Maestro CMF\",\"alternateName\":\"WMCMF\",\"url\":\"https:\\\/\\\/webdelmaestrocmf.com\\\/portal\\\/\",\"logo\":{\"@type\":\"ImageObject\",\"inLanguage\":\"es\",\"@id\":\"https:\\\/\\\/webdelmaestrocmf.com\\\/portal\\\/#\\\/schema\\\/logo\\\/image\\\/\",\"url\":\"https:\\\/\\\/webdelmaestrocmf.com\\\/portal\\\/wp-content\\\/uploads\\\/2023\\\/01\\\/logo-wmcmf-2.png\",\"contentUrl\":\"https:\\\/\\\/webdelmaestrocmf.com\\\/portal\\\/wp-content\\\/uploads\\\/2023\\\/01\\\/logo-wmcmf-2.png\",\"width\":200,\"height\":60,\"caption\":\"Web del Maestro CMF\"},\"image\":{\"@id\":\"https:\\\/\\\/webdelmaestrocmf.com\\\/portal\\\/#\\\/schema\\\/logo\\\/image\\\/\"},\"sameAs\":[\"https:\\\/\\\/www.facebook.com\\\/WebdelMaestroCMF\\\/\",\"https:\\\/\\\/x.com\\\/cmf_w\",\"https:\\\/\\\/www.pinterest.com\\\/WMCMF\\\/\",\"https:\\\/\\\/www.linkedin.com\\\/company\\\/web-del-maestro-cmf\\\/\",\"https:\\\/\\\/www.instagram.com\\\/wmcmf\\\/\",\"https:\\\/\\\/www.youtube.com\\\/channel\\\/UCDPSvjbdodE5sHnC3OxutHw\",\"https:\\\/\\\/mastodon.social\\\/@wmcmf\",\"https:\\\/\\\/www.tiktok.com\\\/@webdelmaestrocmf\"]},{\"@type\":\"Person\",\"@id\":\"https:\\\/\\\/webdelmaestrocmf.com\\\/portal\\\/#\\\/schema\\\/person\\\/1072a2ed7bd960df8ef99a551fa35dc5\",\"name\":\"Web del Maestro CMF\",\"image\":{\"@type\":\"ImageObject\",\"inLanguage\":\"es\",\"@id\":\"https:\\\/\\\/secure.gravatar.com\\\/avatar\\\/23291dd5b5ae1077dcff3dbb04c3e02bd28403fa75af6d8787d5e97c5bbbe30b?s=96&d=mm&r=g\",\"url\":\"https:\\\/\\\/secure.gravatar.com\\\/avatar\\\/23291dd5b5ae1077dcff3dbb04c3e02bd28403fa75af6d8787d5e97c5bbbe30b?s=96&d=mm&r=g\",\"contentUrl\":\"https:\\\/\\\/secure.gravatar.com\\\/avatar\\\/23291dd5b5ae1077dcff3dbb04c3e02bd28403fa75af6d8787d5e97c5bbbe30b?s=96&d=mm&r=g\",\"caption\":\"Web del Maestro CMF\"},\"description\":\"Esta Web se cre\u00f3 sin fines de lucro, con fines educativos, cient\u00edficos y acad\u00e9micos, para personas que tengan dificultades y\\\/o inconvenientes en visualizar el material original. El objetivo es entregar recursos, compartir experiencias y materiales que ayuden a los padres de familia, maestros y estudiantes en su actualizaci\u00f3n y formaci\u00f3n permanente, en bien de la Educaci\u00f3n.\",\"sameAs\":[\"http:\\\/\\\/webdelmaestrocmf.com\\\/portal\",\"https:\\\/\\\/www.facebook.com\\\/WebdelMaestroCMF\\\/\",\"https:\\\/\\\/www.instagram.com\\\/wmcmf\\\/\",\"https:\\\/\\\/cl.linkedin.com\\\/company\\\/web-del-maestro-cmf\",\"https:\\\/\\\/www.pinterest.com\\\/WMCMF\\\/publicaciones\\\/\",\"https:\\\/\\\/x.com\\\/cmf_w\",\"https:\\\/\\\/www.youtube.com\\\/@WMCMF\"]}]}<\/script>\n<!-- \/ Yoast SEO plugin. -->","yoast_head_json":{"title":"[Ba\u00fal del Docente] Educaci\u00f3n presencial: Merecida revaloraci\u00f3n - 2026","description":"Estimados docentes: Hasta antes de la pandemia, una de las principales cr\u00edticas al sistema educativo \u201ctradicional\u201d era la...","robots":{"index":"index","follow":"follow","max-snippet":"max-snippet:-1","max-image-preview":"max-image-preview:large","max-video-preview":"max-video-preview:-1"},"canonical":"https:\/\/webdelmaestrocmf.com\/portal\/baul-del-docente-educacion-presencial-merecida-revaloracion\/","og_locale":"es_ES","og_type":"article","og_title":"[Ba\u00fal del Docente] Educaci\u00f3n presencial: Merecida revaloraci\u00f3n - 2026","og_description":"Estimados docentes: Hasta antes de la pandemia, una de las principales cr\u00edticas al sistema educativo \u201ctradicional\u201d era la...","og_url":"https:\/\/webdelmaestrocmf.com\/portal\/baul-del-docente-educacion-presencial-merecida-revaloracion\/","og_site_name":"Web del Maestro CMF","article_publisher":"https:\/\/www.facebook.com\/WebdelMaestroCMF\/","article_author":"https:\/\/www.facebook.com\/WebdelMaestroCMF\/","article_published_time":"2022-03-16T17:29:44+00:00","article_modified_time":"2022-03-17T13:58:11+00:00","og_image":[{"width":1100,"height":680,"url":"https:\/\/i0.wp.com\/webdelmaestrocmf.com\/portal\/wp-content\/uploads\/2022\/03\/1-28.jpg?fit=1100%2C680&ssl=1","type":"image\/jpeg"}],"author":"Web del Maestro CMF","twitter_card":"summary_large_image","twitter_creator":"@cmf_w","twitter_site":"@cmf_w","schema":{"@context":"https:\/\/schema.org","@graph":[{"@type":"ScholarlyArticle","@id":"https:\/\/webdelmaestrocmf.com\/portal\/baul-del-docente-educacion-presencial-merecida-revaloracion\/#article","isPartOf":{"@id":"https:\/\/webdelmaestrocmf.com\/portal\/baul-del-docente-educacion-presencial-merecida-revaloracion\/"},"author":{"name":"Web del Maestro CMF","@id":"https:\/\/webdelmaestrocmf.com\/portal\/#\/schema\/person\/1072a2ed7bd960df8ef99a551fa35dc5"},"headline":"[Ba\u00fal del Docente] Educaci\u00f3n presencial: Merecida revaloraci\u00f3n","datePublished":"2022-03-16T17:29:44+00:00","dateModified":"2022-03-17T13:58:11+00:00","mainEntityOfPage":{"@id":"https:\/\/webdelmaestrocmf.com\/portal\/baul-del-docente-educacion-presencial-merecida-revaloracion\/"},"wordCount":690,"commentCount":0,"publisher":{"@id":"https:\/\/webdelmaestrocmf.com\/portal\/#organization"},"image":{"@id":"https:\/\/webdelmaestrocmf.com\/portal\/baul-del-docente-educacion-presencial-merecida-revaloracion\/#primaryimage"},"thumbnailUrl":"https:\/\/webdelmaestrocmf.com\/portal\/wp-content\/uploads\/2022\/03\/1-28.jpg","keywords":["Ba\u00fal del Docente","EDUCACI\u00d3N","Merecida","presencial","revaloraci\u00f3n"],"articleSection":["Z-Colaboradores","Z-Colaboradores-Ba\u00fal-del-Docente"],"inLanguage":"es","potentialAction":[{"@type":"CommentAction","name":"Comment","target":["https:\/\/webdelmaestrocmf.com\/portal\/baul-del-docente-educacion-presencial-merecida-revaloracion\/#respond"]}]},{"@type":"WebPage","@id":"https:\/\/webdelmaestrocmf.com\/portal\/baul-del-docente-educacion-presencial-merecida-revaloracion\/","url":"https:\/\/webdelmaestrocmf.com\/portal\/baul-del-docente-educacion-presencial-merecida-revaloracion\/","name":"[Ba\u00fal del Docente] Educaci\u00f3n presencial: Merecida revaloraci\u00f3n - 2026","isPartOf":{"@id":"https:\/\/webdelmaestrocmf.com\/portal\/#website"},"primaryImageOfPage":{"@id":"https:\/\/webdelmaestrocmf.com\/portal\/baul-del-docente-educacion-presencial-merecida-revaloracion\/#primaryimage"},"image":{"@id":"https:\/\/webdelmaestrocmf.com\/portal\/baul-del-docente-educacion-presencial-merecida-revaloracion\/#primaryimage"},"thumbnailUrl":"https:\/\/webdelmaestrocmf.com\/portal\/wp-content\/uploads\/2022\/03\/1-28.jpg","datePublished":"2022-03-16T17:29:44+00:00","dateModified":"2022-03-17T13:58:11+00:00","description":"Estimados docentes: Hasta antes de la pandemia, una de las principales cr\u00edticas al sistema educativo \u201ctradicional\u201d era la...","breadcrumb":{"@id":"https:\/\/webdelmaestrocmf.com\/portal\/baul-del-docente-educacion-presencial-merecida-revaloracion\/#breadcrumb"},"inLanguage":"es","potentialAction":[{"@type":"ReadAction","target":["https:\/\/webdelmaestrocmf.com\/portal\/baul-del-docente-educacion-presencial-merecida-revaloracion\/"]}]},{"@type":"ImageObject","inLanguage":"es","@id":"https:\/\/webdelmaestrocmf.com\/portal\/baul-del-docente-educacion-presencial-merecida-revaloracion\/#primaryimage","url":"https:\/\/webdelmaestrocmf.com\/portal\/wp-content\/uploads\/2022\/03\/1-28.jpg","contentUrl":"https:\/\/webdelmaestrocmf.com\/portal\/wp-content\/uploads\/2022\/03\/1-28.jpg","width":1100,"height":680},{"@type":"BreadcrumbList","@id":"https:\/\/webdelmaestrocmf.com\/portal\/baul-del-docente-educacion-presencial-merecida-revaloracion\/#breadcrumb","itemListElement":[{"@type":"ListItem","position":1,"name":"Portada","item":"https:\/\/webdelmaestrocmf.com\/portal\/"},{"@type":"ListItem","position":2,"name":"Z-Colaboradores","item":"https:\/\/webdelmaestrocmf.com\/portal\/category\/colaborador\/"},{"@type":"ListItem","position":3,"name":"[Ba\u00fal del Docente] Educaci\u00f3n presencial: Merecida revaloraci\u00f3n"}]},{"@type":"WebSite","@id":"https:\/\/webdelmaestrocmf.com\/portal\/#website","url":"https:\/\/webdelmaestrocmf.com\/portal\/","name":"Web del Maestro CMF","description":"Maestros al servicio de la educaci\u00f3n","publisher":{"@id":"https:\/\/webdelmaestrocmf.com\/portal\/#organization"},"alternateName":"WMCMF","potentialAction":[{"@type":"SearchAction","target":{"@type":"EntryPoint","urlTemplate":"https:\/\/webdelmaestrocmf.com\/portal\/?s={search_term_string}"},"query-input":{"@type":"PropertyValueSpecification","valueRequired":true,"valueName":"search_term_string"}}],"inLanguage":"es"},{"@type":"Organization","@id":"https:\/\/webdelmaestrocmf.com\/portal\/#organization","name":"Web del Maestro CMF","alternateName":"WMCMF","url":"https:\/\/webdelmaestrocmf.com\/portal\/","logo":{"@type":"ImageObject","inLanguage":"es","@id":"https:\/\/webdelmaestrocmf.com\/portal\/#\/schema\/logo\/image\/","url":"https:\/\/webdelmaestrocmf.com\/portal\/wp-content\/uploads\/2023\/01\/logo-wmcmf-2.png","contentUrl":"https:\/\/webdelmaestrocmf.com\/portal\/wp-content\/uploads\/2023\/01\/logo-wmcmf-2.png","width":200,"height":60,"caption":"Web del Maestro CMF"},"image":{"@id":"https:\/\/webdelmaestrocmf.com\/portal\/#\/schema\/logo\/image\/"},"sameAs":["https:\/\/www.facebook.com\/WebdelMaestroCMF\/","https:\/\/x.com\/cmf_w","https:\/\/www.pinterest.com\/WMCMF\/","https:\/\/www.linkedin.com\/company\/web-del-maestro-cmf\/","https:\/\/www.instagram.com\/wmcmf\/","https:\/\/www.youtube.com\/channel\/UCDPSvjbdodE5sHnC3OxutHw","https:\/\/mastodon.social\/@wmcmf","https:\/\/www.tiktok.com\/@webdelmaestrocmf"]},{"@type":"Person","@id":"https:\/\/webdelmaestrocmf.com\/portal\/#\/schema\/person\/1072a2ed7bd960df8ef99a551fa35dc5","name":"Web del Maestro CMF","image":{"@type":"ImageObject","inLanguage":"es","@id":"https:\/\/secure.gravatar.com\/avatar\/23291dd5b5ae1077dcff3dbb04c3e02bd28403fa75af6d8787d5e97c5bbbe30b?s=96&d=mm&r=g","url":"https:\/\/secure.gravatar.com\/avatar\/23291dd5b5ae1077dcff3dbb04c3e02bd28403fa75af6d8787d5e97c5bbbe30b?s=96&d=mm&r=g","contentUrl":"https:\/\/secure.gravatar.com\/avatar\/23291dd5b5ae1077dcff3dbb04c3e02bd28403fa75af6d8787d5e97c5bbbe30b?s=96&d=mm&r=g","caption":"Web del Maestro CMF"},"description":"Esta Web se cre\u00f3 sin fines de lucro, con fines educativos, cient\u00edficos y acad\u00e9micos, para personas que tengan dificultades y\/o inconvenientes en visualizar el material original. El objetivo es entregar recursos, compartir experiencias y materiales que ayuden a los padres de familia, maestros y estudiantes en su actualizaci\u00f3n y formaci\u00f3n permanente, en bien de la Educaci\u00f3n.","sameAs":["http:\/\/webdelmaestrocmf.com\/portal","https:\/\/www.facebook.com\/WebdelMaestroCMF\/","https:\/\/www.instagram.com\/wmcmf\/","https:\/\/cl.linkedin.com\/company\/web-del-maestro-cmf","https:\/\/www.pinterest.com\/WMCMF\/publicaciones\/","https:\/\/x.com\/cmf_w","https:\/\/www.youtube.com\/@WMCMF"]}]}},"jetpack_featured_media_url":"https:\/\/webdelmaestrocmf.com\/portal\/wp-content\/uploads\/2022\/03\/1-28.jpg","jetpack_sharing_enabled":true,"jetpack-related-posts":[{"id":63110,"url":"https:\/\/webdelmaestrocmf.com\/portal\/baul-del-docente-incertidumbre-mundial-clases-presenciales-o-virtuales\/","url_meta":{"origin":75563,"position":0},"title":"[Ba\u00fal del Docente] Incertidumbre mundial: \u00bfclases presenciales o virtuales?","author":"Web del Maestro CMF","date":"18 mayo, 2021","format":false,"excerpt":"Estimados docentes: Antes de finalizar el a\u00f1o 2020, en varios pa\u00edses se comenz\u00f3 a especular respecto de la posibilidad de que los alumnos y maestros puedan regresar a las escuelas al a\u00f1o siguiente, con miras a recuperar un poco el espacio perdido por los diez meses de pandemia que azotaron\u2026","rel":"","context":"En \u00abZ-Colaboradores\u00bb","block_context":{"text":"Z-Colaboradores","link":"https:\/\/webdelmaestrocmf.com\/portal\/category\/colaborador\/"},"img":{"alt_text":"","src":"https:\/\/i0.wp.com\/webdelmaestrocmf.com\/portal\/wp-content\/uploads\/2021\/05\/1-copia-24.jpg?resize=350%2C200&ssl=1","width":350,"height":200,"srcset":"https:\/\/i0.wp.com\/webdelmaestrocmf.com\/portal\/wp-content\/uploads\/2021\/05\/1-copia-24.jpg?resize=350%2C200&ssl=1 1x, https:\/\/i0.wp.com\/webdelmaestrocmf.com\/portal\/wp-content\/uploads\/2021\/05\/1-copia-24.jpg?resize=525%2C300&ssl=1 1.5x, https:\/\/i0.wp.com\/webdelmaestrocmf.com\/portal\/wp-content\/uploads\/2021\/05\/1-copia-24.jpg?resize=700%2C400&ssl=1 2x, https:\/\/i0.wp.com\/webdelmaestrocmf.com\/portal\/wp-content\/uploads\/2021\/05\/1-copia-24.jpg?resize=1050%2C600&ssl=1 3x"},"classes":[]},{"id":105235,"url":"https:\/\/webdelmaestrocmf.com\/portal\/baul-del-docente-educacion-religiosa-como-desarrollar-esta-materia\/","url_meta":{"origin":75563,"position":1},"title":"[Ba\u00fal del docente] Educaci\u00f3n Religiosa: \u00bfC\u00f3mo desarrollar esta materia?","author":"Web del Maestro CMF","date":"1 mayo, 2024","format":false,"excerpt":"Estimados docentes: En el sistema educativo peruano, el curso de Religi\u00f3n es opcional. Esto significa que aquellas familias que no profesen la religi\u00f3n cat\u00f3lica -religi\u00f3n oficial del Estado- tienen el derecho de solicitar la exoneraci\u00f3n de sus hijos de esta asignatura, sin ning\u00fan perjuicio a sus promedios ponderados en base\u2026","rel":"","context":"En \u00abZ-Colaboradores\u00bb","block_context":{"text":"Z-Colaboradores","link":"https:\/\/webdelmaestrocmf.com\/portal\/category\/colaborador\/"},"img":{"alt_text":"","src":"https:\/\/i0.wp.com\/webdelmaestrocmf.com\/portal\/wp-content\/uploads\/2024\/05\/Banner-1-portada-imagen-10-1-59.jpg?resize=350%2C200&ssl=1","width":350,"height":200,"srcset":"https:\/\/i0.wp.com\/webdelmaestrocmf.com\/portal\/wp-content\/uploads\/2024\/05\/Banner-1-portada-imagen-10-1-59.jpg?resize=350%2C200&ssl=1 1x, https:\/\/i0.wp.com\/webdelmaestrocmf.com\/portal\/wp-content\/uploads\/2024\/05\/Banner-1-portada-imagen-10-1-59.jpg?resize=525%2C300&ssl=1 1.5x, https:\/\/i0.wp.com\/webdelmaestrocmf.com\/portal\/wp-content\/uploads\/2024\/05\/Banner-1-portada-imagen-10-1-59.jpg?resize=700%2C400&ssl=1 2x"},"classes":[]},{"id":75972,"url":"https:\/\/webdelmaestrocmf.com\/portal\/baul-del-docente-estan-preparados-los-colegios-en-tu-pais\/","url_meta":{"origin":75563,"position":2},"title":"[Ba\u00fal del Docente] \u00bfEst\u00e1n preparados los colegios en tu pa\u00eds?","author":"Web del Maestro CMF","date":"4 abril, 2022","format":false,"excerpt":"Estimados docentes: En Per\u00fa, los escolares est\u00e1n regresando a las aulas, desde las primeras semanas de marzo, algunos en jornada completa, otros de manera intercalada, algunos d\u00edas a la semana. Depende de si es un colegio privado o p\u00fablico, de zonas capitalinas c\u00e9ntricas o perif\u00e9ricas, de la capital o de\u2026","rel":"","context":"En \u00abZ-Colaboradores\u00bb","block_context":{"text":"Z-Colaboradores","link":"https:\/\/webdelmaestrocmf.com\/portal\/category\/colaborador\/"},"img":{"alt_text":"","src":"https:\/\/i0.wp.com\/webdelmaestrocmf.com\/portal\/wp-content\/uploads\/2022\/04\/1-1.jpg?resize=350%2C200&ssl=1","width":350,"height":200,"srcset":"https:\/\/i0.wp.com\/webdelmaestrocmf.com\/portal\/wp-content\/uploads\/2022\/04\/1-1.jpg?resize=350%2C200&ssl=1 1x, https:\/\/i0.wp.com\/webdelmaestrocmf.com\/portal\/wp-content\/uploads\/2022\/04\/1-1.jpg?resize=525%2C300&ssl=1 1.5x, https:\/\/i0.wp.com\/webdelmaestrocmf.com\/portal\/wp-content\/uploads\/2022\/04\/1-1.jpg?resize=700%2C400&ssl=1 2x, https:\/\/i0.wp.com\/webdelmaestrocmf.com\/portal\/wp-content\/uploads\/2022\/04\/1-1.jpg?resize=1050%2C600&ssl=1 3x"},"classes":[]},{"id":104079,"url":"https:\/\/webdelmaestrocmf.com\/portal\/baul-del-docente-campana-como-recuperamos-los-valores\/","url_meta":{"origin":75563,"position":3},"title":"[Ba\u00fal del Docente] Campa\u00f1a: \u00bfC\u00f3mo recuperamos los valores?","author":"Web del Maestro CMF","date":"19 febrero, 2024","format":false,"excerpt":"Estimados docentes: Recuperar los valores es una tarea tit\u00e1nica en el mundo entero. Las nociones de respeto, pudor, correcci\u00f3n, legalidad, lealtad y dem\u00e1s est\u00e1n, hoy en d\u00eda, devaluadas y no forman parte del proyecto de vida de grandes mayor\u00edas que han mal entendido, a trav\u00e9s de m\u00faltiples ejemplos, que no\u2026","rel":"","context":"En \u00abZ-Colaboradores\u00bb","block_context":{"text":"Z-Colaboradores","link":"https:\/\/webdelmaestrocmf.com\/portal\/category\/colaborador\/"},"img":{"alt_text":"","src":"https:\/\/i0.wp.com\/webdelmaestrocmf.com\/portal\/wp-content\/uploads\/2024\/02\/Banner-1-portada-imagen-10-1-21-1.jpg?resize=350%2C200&ssl=1","width":350,"height":200,"srcset":"https:\/\/i0.wp.com\/webdelmaestrocmf.com\/portal\/wp-content\/uploads\/2024\/02\/Banner-1-portada-imagen-10-1-21-1.jpg?resize=350%2C200&ssl=1 1x, https:\/\/i0.wp.com\/webdelmaestrocmf.com\/portal\/wp-content\/uploads\/2024\/02\/Banner-1-portada-imagen-10-1-21-1.jpg?resize=525%2C300&ssl=1 1.5x, https:\/\/i0.wp.com\/webdelmaestrocmf.com\/portal\/wp-content\/uploads\/2024\/02\/Banner-1-portada-imagen-10-1-21-1.jpg?resize=700%2C400&ssl=1 2x"},"classes":[]},{"id":67924,"url":"https:\/\/webdelmaestrocmf.com\/portal\/baul-del-docente-dificultades-en-la-educacion-post-covid\/","url_meta":{"origin":75563,"position":4},"title":"[Ba\u00fal del Docente] Dificultades en la educaci\u00f3n post-covid","author":"Web del Maestro CMF","date":"14 septiembre, 2021","format":false,"excerpt":"Estimados docentes: Uno de los temas que m\u00e1s se viene debatiendo en las comunidades educativas a nivel mundial es el referido al retorno a las clases presenciales. Despu\u00e9s de poco m\u00e1s de un a\u00f1o y medio de clases a distancia y escuelas cerradas, parece ser que son m\u00e1s los perjuicios\u2026","rel":"","context":"En \u00abZ-Colaboradores\u00bb","block_context":{"text":"Z-Colaboradores","link":"https:\/\/webdelmaestrocmf.com\/portal\/category\/colaborador\/"},"img":{"alt_text":"","src":"https:\/\/i0.wp.com\/webdelmaestrocmf.com\/portal\/wp-content\/uploads\/2021\/09\/1-79.jpg?resize=350%2C200&ssl=1","width":350,"height":200,"srcset":"https:\/\/i0.wp.com\/webdelmaestrocmf.com\/portal\/wp-content\/uploads\/2021\/09\/1-79.jpg?resize=350%2C200&ssl=1 1x, https:\/\/i0.wp.com\/webdelmaestrocmf.com\/portal\/wp-content\/uploads\/2021\/09\/1-79.jpg?resize=525%2C300&ssl=1 1.5x, https:\/\/i0.wp.com\/webdelmaestrocmf.com\/portal\/wp-content\/uploads\/2021\/09\/1-79.jpg?resize=700%2C400&ssl=1 2x, https:\/\/i0.wp.com\/webdelmaestrocmf.com\/portal\/wp-content\/uploads\/2021\/09\/1-79.jpg?resize=1050%2C600&ssl=1 3x"},"classes":[]},{"id":65203,"url":"https:\/\/webdelmaestrocmf.com\/portal\/baul-del-docente-estrategias-educativas-para-la-educacion-virtual\/","url_meta":{"origin":75563,"position":5},"title":"[Ba\u00fal del docente] Estrategias educativas para la educaci\u00f3n virtual","author":"Web del Maestro CMF","date":"14 julio, 2021","format":false,"excerpt":"Estimados docentes: Nos escriben desde diversos pa\u00edses de la regi\u00f3n \u2013Argentina, Venezuela, Colombia, Per\u00fa- solicitando apoyo para encontrar buenas estrategias educativas que ayuden a que nuestras clases virtuales sean m\u00e1s efectivas, capten la atenci\u00f3n de alumnos generalmente dispersos en contextos digitales y, lo m\u00e1s importante, para que el acto de\u2026","rel":"","context":"En \u00abZ-Colaboradores\u00bb","block_context":{"text":"Z-Colaboradores","link":"https:\/\/webdelmaestrocmf.com\/portal\/category\/colaborador\/"},"img":{"alt_text":"","src":"https:\/\/i0.wp.com\/webdelmaestrocmf.com\/portal\/wp-content\/uploads\/2021\/07\/1-53.jpg?resize=350%2C200&ssl=1","width":350,"height":200,"srcset":"https:\/\/i0.wp.com\/webdelmaestrocmf.com\/portal\/wp-content\/uploads\/2021\/07\/1-53.jpg?resize=350%2C200&ssl=1 1x, https:\/\/i0.wp.com\/webdelmaestrocmf.com\/portal\/wp-content\/uploads\/2021\/07\/1-53.jpg?resize=525%2C300&ssl=1 1.5x, https:\/\/i0.wp.com\/webdelmaestrocmf.com\/portal\/wp-content\/uploads\/2021\/07\/1-53.jpg?resize=700%2C400&ssl=1 2x, https:\/\/i0.wp.com\/webdelmaestrocmf.com\/portal\/wp-content\/uploads\/2021\/07\/1-53.jpg?resize=1050%2C600&ssl=1 3x"},"classes":[]}],"_links":{"self":[{"href":"https:\/\/webdelmaestrocmf.com\/portal\/wp-json\/wp\/v2\/posts\/75563","targetHints":{"allow":["GET"]}}],"collection":[{"href":"https:\/\/webdelmaestrocmf.com\/portal\/wp-json\/wp\/v2\/posts"}],"about":[{"href":"https:\/\/webdelmaestrocmf.com\/portal\/wp-json\/wp\/v2\/types\/post"}],"author":[{"embeddable":true,"href":"https:\/\/webdelmaestrocmf.com\/portal\/wp-json\/wp\/v2\/users\/1"}],"replies":[{"embeddable":true,"href":"https:\/\/webdelmaestrocmf.com\/portal\/wp-json\/wp\/v2\/comments?post=75563"}],"version-history":[{"count":0,"href":"https:\/\/webdelmaestrocmf.com\/portal\/wp-json\/wp\/v2\/posts\/75563\/revisions"}],"wp:featuredmedia":[{"embeddable":true,"href":"https:\/\/webdelmaestrocmf.com\/portal\/wp-json\/wp\/v2\/media\/75564"}],"wp:attachment":[{"href":"https:\/\/webdelmaestrocmf.com\/portal\/wp-json\/wp\/v2\/media?parent=75563"}],"wp:term":[{"taxonomy":"category","embeddable":true,"href":"https:\/\/webdelmaestrocmf.com\/portal\/wp-json\/wp\/v2\/categories?post=75563"},{"taxonomy":"post_tag","embeddable":true,"href":"https:\/\/webdelmaestrocmf.com\/portal\/wp-json\/wp\/v2\/tags?post=75563"}],"curies":[{"name":"wp","href":"https:\/\/api.w.org\/{rel}","templated":true}]}}