{"id":75477,"date":"2022-03-14T16:41:19","date_gmt":"2022-03-14T19:41:19","guid":{"rendered":"https:\/\/webdelmaestrocmf.com\/portal\/?p=75477"},"modified":"2022-04-04T15:11:50","modified_gmt":"2022-04-04T19:11:50","slug":"reynaldo-robles-la-funcion-de-los-sujetos-de-la-educacion-emancipadora-2","status":"publish","type":"post","link":"https:\/\/webdelmaestrocmf.com\/portal\/reynaldo-robles-la-funcion-de-los-sujetos-de-la-educacion-emancipadora-2\/","title":{"rendered":"[Reynaldo Robles] La funci\u00f3n de los sujetos de la educaci\u00f3n emancipadora"},"content":{"rendered":"<h5 style=\"text-align: justify;\">\u00bfCu\u00e1l es el papel de cada uno de los sujetos e instituciones en el proceso de la formaci\u00f3n de la personalidad del estudiante?<\/h5>\n<p style=\"text-align: justify;\"><!--more--><\/p>\n<h5 style=\"text-align: justify;\">1. Las familias en el Per\u00fa enfrentan una realidad adversa en todos los campos, una de ellas es <strong>\u201c<\/strong>la alienaci\u00f3n es el dominio sobre nosotros de una realidad inhumana y enemiga, que nos despoja precisamente de cuanto poseemos de humano y de valioso\u201d <strong>(1).<\/strong><\/h5>\n<p style=\"text-align: justify;\">Todos los seres humanos necesitan nichos familiares y afectivos durante mucho tiempo, que les permitan llevar una vida individual y colectiva plena y satisfactoria. Es al interior de la familia y de su expresi\u00f3n afectiva que pueden construir su identidad, su auto val\u00eda y proyectarse en el \u00e1mbito social.<\/p>\n<p style=\"text-align: justify;\">Las relaciones de afecto, de cuidado y de formaci\u00f3n en las que el ni\u00f1o es incluido- a\u00fan antes de nacer -, son las que le permiten este desarrollo personal en todas sus dimensiones. La familia lo incluye, a pesar de las diferencias, como \u00ableg\u00edtimo otro\u00bb en la convivencia.<\/p>\n<p style=\"text-align: justify;\">Los padres los facilitadores leg\u00edtimos del tr\u00e1nsito del espacio \u00edntimo de las relaciones familiares a las relaciones m\u00e1s amplias con la sociedad y la cultura a la que ellos pertenecen; son los primeros en identificar cu\u00e1ndo su hijo tiene caminos y procesos de desarrollo que no son comunes a los de otros ni\u00f1os de la misma cultura y de edades y contextos similares.<\/p>\n<p style=\"text-align: justify;\">Los padres, entonces, son la principal fuente de informaci\u00f3n sobre los hijos, ya que son ellos los que mejor los conocen y pueden describir las diferentes etapas de su desarrollo: desarrollo evolutivo, ritmo de crecimiento, primeros aprendizajes, edad en que comenz\u00f3 a hablar, actividades preferidas, situaciones en las que se encuentra m\u00e1s c\u00f3modo y entretenido, la relaci\u00f3n con los miembros de la familia, entre otros.<\/p>\n<p style=\"text-align: justify;\">Los padres pueden construir \u00abandamiajes\u00bb y entornos que facilitan el desarrollo de habilidades y pueden detectar las dificultades del ni\u00f1o para incluirse en las actividades de la vida cotidiana, a partir de los referentes de desempe\u00f1o que tienen de otros ni\u00f1os de la misma cultura, aunque por la desintegraci\u00f3n familiar y por las condiciones socioecon\u00f3micas que obliga a los dos padres a salir a trabajar, hay otros que est\u00e1n tambi\u00e9n dando este \u00abandamiaje\u00bb.<\/p>\n<p style=\"text-align: justify;\">Tambi\u00e9n son los primeros en reconocer que su \u00abcapacidad promedio para la crianza y para promover el desarrollo y garantizar la formaci\u00f3n\u00bb es insuficiente para atender las necesidades especiales que su hijo le demanda desde la vida cotidiana.<\/p>\n<p style=\"text-align: justify;\">En la etapa de formaci\u00f3n escolar, la familia debe ser un pilar fundamental para fortalecer el desarrollo psicosocial de los estudiantes. La instituci\u00f3n educativa debe ofrecer las estrategias intencionadas desde su PEI que deber\u00e1n coordinarse permanentemente con toda la comunidad educativa <strong>(2).<\/strong><\/p>\n<p style=\"text-align: justify;\">As\u00ed, la familia juega un papel fundamental, que es dif\u00edcilmente sustituible, hasta que el ni\u00f1o logra determinados niveles de autonom\u00eda, que le permiten escolarizarse y participar en otras din\u00e1micas culturales y sociales m\u00e1s amplias.<\/p>\n<p style=\"text-align: justify;\">2. Hay una diferenciaci\u00f3n de una serie de denominaci\u00f3n que se le da al <strong>yachachiq, <\/strong>desde el preceptor antiguo hasta facilitador tecnocr\u00e1tico desprofesionalizado. Cl\u00e1sico profesor \u201cprofe\u201d, maestro, docente, educador, amauta, mediador entre otros. Claro cada uno tiene su acepci\u00f3n, a nuestro criterio los m\u00e1s elevados grados ser\u00edan, alcanzado por pocas y pocos ser\u00eda: maestro, educador y amauta.<\/p>\n<p style=\"text-align: justify;\">Jos\u00e9 Antonio Encinas como Jos\u00e9 Mar\u00eda Arguedas trasciende m\u00e1s all\u00e1 del espacio escolar, trascienden m\u00e1s all\u00e1 del tiempo en que les toc\u00f3 desempe\u00f1ar la noble causa. Seg\u00fan Encinas \u201cel maestro es el camarada de mayor experiencia que aconseja, gu\u00eda y sugiere, pero no impone ni manda\u201d<strong> (3)<\/strong>. Una concepci\u00f3n plenamente v\u00e1lida para nuestra \u00e9poca.<\/p>\n<p style=\"text-align: justify;\">El imperativo de este curr\u00edculum es crear condiciones para el ejercicio del poder y la autoconstituci\u00f3n del estudiante como un sujeto activo pol\u00edtica y moralmente. Estamos usando el t\u00e9rmino `ejercicio del poder\u00b4 para referirnos al proceso en el que los estu\u00addiantes adquieren los medios para apropiarse cr\u00edticamente del co\u00adnocimiento existente fuera de su experiencia inmediata, para am\u00adpliar la comprensi\u00f3n de s\u00ed mismos, del mundo, y las posibilida\u00addes de transformar las presuposiciones, vistas como dadas para siempre, acerca de la forma en que vivimos <strong>(4)<\/strong>.<\/p>\n<p style=\"text-align: justify;\">El profesorado juega un papel imprescindible y central en la promoci\u00f3n de un nuevo modelo educativo m\u00e1s humanizador y transformador. Su trabajo cotidiano en clase constituye en s\u00ed mismo una acci\u00f3n pol\u00edtica, ya que transforma las creencias, valores y acciones del alumnado. Ello requiere un fuerte compromiso \u00e9tico, que transciende el ejercicio de la profesi\u00f3n en s\u00ed misma y lleva a reflexionar sobre la finalidad y el sentido de la educaci\u00f3n, en un debate que abarca la perspectiva social, curricular, organizativa y profesional.<\/p>\n<p style=\"text-align: justify;\">El equipo de docentes se convierte en un grupo de profesionales investigadores e investigadoras que comparten intereses, preocupaciones pol\u00edtico-educativas, y que buscan soluciones a los problemas que implica la pr\u00e1ctica docente. Lo que mueve y conmueve a este equipo es una intenci\u00f3n emancipadora comprometida no s\u00f3lo en la comprensi\u00f3n del mundo sino tambi\u00e9n en la puesta en pr\u00e1ctica de ideales y valores para transformar las relaciones injustas.<\/p>\n<p style=\"text-align: justify;\">Esto no se puede lograr sin un ejercicio de formaci\u00f3n y autoformaci\u00f3n constante \u2013un deber y un derecho para el profesorado-, y sin aprovechar los hallazgos que desde las investigaciones actuales arrojan elementos para mejorar la pr\u00e1ctica educativa. Una formaci\u00f3n que se aleja del proceso de mercantilizaci\u00f3n de la formaci\u00f3n pedag\u00f3gica, basada en la investigaci\u00f3n-acci\u00f3n y el intercambio de experiencias, en la l\u00ednea de los movimientos de renovaci\u00f3n pedag\u00f3gica y coherente con el modelo educativo que proponemos.<\/p>\n<p style=\"text-align: justify;\">Reclamamos de los poderes p\u00fablicos los apoyos, recursos, formaci\u00f3n, atenci\u00f3n y colaboraci\u00f3n necesarios para esta tarea, y de toda la sociedad, el reconocimiento hacia su profesi\u00f3n. Es tambi\u00e9n su responsabilidad crear un marco que posibilite la estabilidad de las plantillas imprescindible para garantizar la continuidad de los proyectos, sin detrimento del derecho a la movilidad de los y las profesionales <strong>(5). <\/strong>Construir comunidad de aprendizaje no es solo el reto exclusivo de los docentes, sino, de toda la comunidad, regi\u00f3n o pa\u00eds.<\/p>\n<p style=\"text-align: justify;\">3. Ser directivo tiene hoy el ejercicio del liderazgo pedag\u00f3gico. En ese sentido, el directivo comprender\u00e1 que la investigaci\u00f3n educativa garantiza el continuo mejoramiento del proceso de ense\u00f1anza aprendizaje, dando coherencia a los saberes que sustentan las fuentes filos\u00f3ficas, los contenidos, los procesos cognitivos, los recursos did\u00e1cticos y los valores, plasmados en los planes y programas de estudio. Su rol en esta cuesti\u00f3n pone \u00e9nfasis en un modelo abierto, flexible, creativo y participativo, defini\u00e9ndose como:<\/p>\n<ul style=\"text-align: justify;\">\n<li>Promotor de la calidad en los aprendizajes, capaz de responder a los cambios internos y externos de la escuela.<\/li>\n<li>Liderar una la gesti\u00f3n acad\u00e9mica eficaz, dise\u00f1ar estrategias para alcanzar un objetivo en com\u00fan.<\/li>\n<li>Trabajar en equipo con alumnos, profesores y padres de familia, generar sinergias donde todos tienen participaci\u00f3n.<\/li>\n<li>Pensar de manera cr\u00edtica y creadora, adem\u00e1s de ser respetuoso de las opiniones ajenas.<\/li>\n<li>Conocer los contextos social, econ\u00f3mico y cultural, para detectar las necesidades particulares de los aprendizajes que requieren los estudiantes en el centro escolar y as\u00ed responder a las exigencias globales.<\/li>\n<li>Coordinar y administrar la estrategia educativa, incluir en el plan institucional las medidas pedag\u00f3gicas y organizativas de la gesti\u00f3n escolar.<\/li>\n<li>Romper con viejos paradigmas, transformar actitudes e incorporar nuevas pr\u00e1cticas en el proceso de ense\u00f1anza aprendizaje.<\/li>\n<\/ul>\n<p style=\"text-align: justify;\">La innovaci\u00f3n educativa requiere de la participaci\u00f3n e investigaci\u00f3n continua de docentes y directivos, son ellos quienes deben cuestionar los procesos desarrollados rutinariamente en la instituci\u00f3n, con el prop\u00f3sito de elaborar un modelo de trabajo que responda a los retos y necesidades actuales en los aprendizajes de los estudiantes.<\/p>\n<p style=\"text-align: justify;\">Si existen escuelas, directores y profesores innovadores tambi\u00e9n sus estudiantes lo ser\u00e1n, porque aprender\u00e1n los procedimientos y actitudes para renovarse permanentemente <strong>(6). <\/strong><\/p>\n<p style=\"text-align: justify;\">Son funciones pedag\u00f3gicamente ricas aquellas que se encaminan directamente a la consecuci\u00f3n de un buen clima, de una reflexi\u00f3n sistem\u00e1tica, de una investigaci\u00f3n sobre la pr\u00e1ctica y de un compromiso con la mejora:<\/p>\n<ul style=\"text-align: justify;\">\n<li>La animaci\u00f3n de un proyecto educativo.<\/li>\n<li>La investigaci\u00f3n educativa.<\/li>\n<li>La creaci\u00f3n de un clima favorable.<\/li>\n<li>La coordinaci\u00f3n pedag\u00f3gica.<\/li>\n<li>La estimulaci\u00f3n de iniciativas did\u00e1cticas.<\/li>\n<li>La evaluaci\u00f3n interna del proceso.<\/li>\n<li>El perfeccionamiento del profesorado <strong>(7).<\/strong><\/li>\n<\/ul>\n<p style=\"text-align: justify;\">4. Quienes quieren `ense\u00f1ar\u00b4 a sus alumnos una concepci\u00f3n cr\u00edtica de la sociedad sin cuestionar el modelo educativo bancario, se hallan en un error; quienes reducen todo a una cuesti\u00f3n de m\u00e9todos a usar caen en otro. En la tarea educativa, y seguramente en cualquier situaci\u00f3n social, los medios no son neutrales, y menos cuando lo que se pretende implica el desarrollo de cualidades humanas y de pensamiento que, por definici\u00f3n, s\u00f3lo pueden crecer mediante la pr\u00e1ctica relevante. Una pedagog\u00eda emancipatoria no se reduce a una metodolog\u00eda, y a\u00fan menos a identificarse con un m\u00e9todo cerrado, pero negar\u00eda su compromiso con la realidad si no contase con medios y m\u00e9todos coherentes con sus fines.<\/p>\n<p style=\"text-align: justify;\">La capacidad de atender a los intereses y motivaciones que los y las estudiantes traen de fuera y vincularlas con los contenidos curriculares genera aprendizajes significativos y cr\u00edticos a partir de su propia experiencia. Es un primer paso para comenzar a tejer puentes de di\u00e1logo con el entorno y plantear (o simplemente dejar que emerjan) preguntas cr\u00edticas en relaci\u00f3n a las causas, consecuencias y posibles soluciones de las problem\u00e1ticas que les envuelven. Ello requiere que los claustros cuenten con la autonom\u00eda necesaria para decidir sobre cuestiones organizativas, de contenidos, etc.\u00a0<strong>(8)<\/strong><\/p>\n<p style=\"text-align: justify;\">En conclusi\u00f3n, especialmente para los ni\u00f1os del mundo subdesarrollado, para quienes no est\u00e1n al alcance las tecnolog\u00edas del mundo desarrollado, una teor\u00eda neurocient\u00edfica del sujeto de la educaci\u00f3n, debe facilitar el m\u00e9todo educativo acorde con su condici\u00f3n de personalidad en formaci\u00f3n, distinto de los procedimientos orientados al aprendizaje de destrezas, como los que se emplean en el entrenamiento o la domesticaci\u00f3n de un animal.<\/p>\n<p style=\"text-align: justify;\">Como todo el mundo sabe, excepto quienes orientan la pol\u00edtica educativa, para el desarrollo de una sociedad, no se trata de premiar el \u00e9xito de uno entre millones, ni de castigar con el abandono a los miles que apenas sobreviven: se trata de fomentar el desarrollo de las capacidades personales hasta el logro del nivel esperado, cuyos criterios se definen como parte del modelo de la sociedad esperada.<\/p>\n<p style=\"text-align: justify;\">Por tanto, si de algo ha de servir el idealismo, que sea para trabajar hacia un desarrollo sostenido de la sociedad y las personas, sobre la base del modelo de la sociedad ut\u00f3pica: la sociedad solidaria, libre y justa, a sabiendas de que el hombre ha progresado desde el momento en que fue capaz de crear modelos ut\u00f3picos acerca de lo que debe ser. De no ser as\u00ed, la \u00e9tica no pasar\u00eda de una reflexi\u00f3n te\u00f3rica acerca de la realidad pasada y tal vez presente. Una \u00e9tica basada en aspiraciones m\u00e1ximas tiene que pasar necesariamente por el filtro de las ciencias sociales, y la neurociencia tiene que demostrar que tal progreso en torno de un ideal no s\u00f3lo puede explicarse, sino que es posible realizarla.<\/p>\n<p style=\"text-align: justify;\"><strong>5. Medios de comunicaci\u00f3n. <\/strong>La influencia de la televisi\u00f3n y los otros medios de comunicaci\u00f3n en la sociedad actual urge, cada vez m\u00e1s, el desarrollo de estrategias de actuaci\u00f3n en los medios, en la familia y en la escuela, que favorezca la formaci\u00f3n de ciudadanos m\u00e1s cr\u00edticos y creativos, m\u00e1s activos en sus relaciones con los medios, de forma que se apropien conscientemente de sus mensajes y empleen estos nuevos lenguajes para su propia expresi\u00f3n personal.<\/p>\n<p style=\"text-align: justify;\">Hacer llegar a los ciudadanos y ciudadanas de hoy esta nueva alfabetizaci\u00f3n que el entorno comunicativo de este final de siglo nos exige, porque la democracia y libertad de nuestros pa\u00edses depende en grado sumo de nuestra tarea.<\/p>\n<p style=\"text-align: justify;\">A la escuela le compete, junto con la familia y los medios de comunicaci\u00f3n, ser el lugar donde se puede reflexionar la cultura y el puente para alcanzar los ideales de armon\u00eda, felicidad y libertad.<\/p>\n<p style=\"text-align: justify;\">Hay muchos factores que confluyen en la formaci\u00f3n del ni\u00f1o y del joven de hoy. Pensarlo desde una visi\u00f3n purista seg\u00fan la cual no debe contagiarse del universo del consumo masivo y debe estar dedicado a la formaci\u00f3n de su esp\u00edritu, a la creaci\u00f3n, a los cuentos de hadas, es una irrealidad. Concebirlo por otra parte como un ser robotizado, conectado a trav\u00e9s de las nuevas tecnolog\u00edas a los juegos electr\u00f3nicos, repetidor pasivo de todo lo que ve a trav\u00e9s de la televisi\u00f3n, es tambi\u00e9n un error. El asunto es bastante m\u00e1s complejo porque las experiencias de los ni\u00f1os de hoy son muy diversas <strong>(9).<\/strong><\/p>\n<p style=\"text-align: justify;\">Los desaf\u00edos de las TIC para el cambio educativo La incorporaci\u00f3n de las TIC en la educaci\u00f3n ha abierto grandes posibilidades para mejorar los procesos de ense\u00f1anza y de aprendizaje. Sin embargo, no es suficiente con dotar a las escuelas de computadores. Hace falta abordar, al mismo tiempo, un cambio en la organizaci\u00f3n de las escuelas y en las competencias digitales de los profesores. Tambi\u00e9n es necesario avanzar en la incorporaci\u00f3n de las nuevas tecnolog\u00edas en los entornos familiares para reducir la brecha digital. Tiene importancia las distintas reflexiones y puntos de vista sobre el papel que desempe\u00f1an las nuevas tecnolog\u00edas, y profundiza en el debate sobre el sentido educativo de las TIC.<\/p>\n<p style=\"text-align: justify;\">La tarea principal, por tanto, es lograr que los alumnos mejoren sus aprendizajes con la utilizaci\u00f3n de las tecnolog\u00edas de la informaci\u00f3n. Pero ello supone configurar un nuevo escenario en las relaciones entre los profesores, los alumnos y los contenidos de la ense\u00f1anza, y hacerlo tambi\u00e9n en la evaluaci\u00f3n de todo el proceso de ense\u00f1anza y de aprendizaje. Si dif\u00edcil es cambiar la forma de ense\u00f1ar, a\u00fan lo es m\u00e1s modificar el sistema habitual utilizado para la evaluaci\u00f3n. Por ello, la formaci\u00f3n de los profesores para que dispongan de las competencias necesarias que les permitan incorporar de forma natural las TIC en su pr\u00e1ctica pedag\u00f3gica constituye la variable fundamental para garantizar el \u00e9xito del esfuerzo emprendido <strong>(10).<\/strong><\/p>\n<p style=\"text-align: justify;\">En efecto, ninguna otra tecnolog\u00eda origin\u00f3 tan grandes mutaciones en la sociedad, en la cultura y en la econom\u00eda. La humanidad viene alterando significativamente los modos de comunicar, de entretener, de trabajar, de negociar, de gobernar y de socializar, sobre la base de la difusi\u00f3n y uso de las TIC a escala global. Es universalmente reconocido tambi\u00e9n que las TIC son responsables de aumentos en productividad, anteriormente inimaginables, en los m\u00e1s variados sectores de la actividad empresarial, y de manera destacada en las econom\u00edas del conocimiento y de la innovaci\u00f3n. Respecto a los comportamientos personales, las nuevas tecnolog\u00edas vienen revolucionando adem\u00e1s las percepciones del tiempo y del espacio; a su vez, Internet se revela intensamente social, desencadenando ondas de choque en el modo como las personas interact\u00faan entre s\u00ed a una escala planetaria<strong> (11). <\/strong><\/p>\n<p style=\"text-align: justify;\">\u00bfCu\u00e1l es entonces la relaci\u00f3n que esperamos que exista entre la escuela y los medios de comunicaci\u00f3n? \u00bfQu\u00e9 actitud nos interesa que promueva la escuela en relaci\u00f3n con los medios?<\/p>\n<p style=\"text-align: justify;\">Quienes niegan los medios o los condenan por diab\u00f3licos deben comprender que estos existen y que son una realidad en la vida cotidiana de los ni\u00f1os y los adultos. Quienes los colocan en un pedestal sin cuestionarlos deben descubrir que la aceptaci\u00f3n ciega es igualmente inefectiva.<\/p>\n<p style=\"text-align: justify;\">De estas dos posiciones surge la relaci\u00f3n m\u00e1s adecuada entre la escuela y los medios: \u00abla aceptaci\u00f3n cr\u00edtica\u00bb. Una actitud intermedia entre el optimismo ingenuo y el catastrofismo est\u00e9ril. Un equilibrio que asume la ambivalencia del medio de comunicaci\u00f3n, sus posibilidades y limitaciones y sus contradicciones internas <strong>(12).<\/strong><\/p>\n<p style=\"text-align: justify;\">No se trata de condenar ni de idealizar. Comprender que los medios de comunicaci\u00f3n no son ni buenos ni malos, que encierran contradicciones y que lo \u00fanico que no podemos hacer desde la escuela respecto de ellos es ignorarlos, constituye el eje de lo que llamamos \u00abuna educaci\u00f3n en medios\u00bb.<\/p>\n<p style=\"text-align: justify;\">Aceptarlos cr\u00edticamente es, por tanto, el principio de este acercamiento que propone analizar, explorar, conocer y comprender la manera en que los medios de comunicaci\u00f3n hablan del mundo y representan la realidad cotidiana.<\/p>\n<p style=\"text-align: justify;\">Una educaci\u00f3n en medios implica todas las formas de estudiar, aprender y ense\u00f1ar, en cualquier nivel y circunstancia, la historia, la creaci\u00f3n, la utilizaci\u00f3n y la evaluaci\u00f3n de los medios de comunicaci\u00f3n. Implica tambi\u00e9n analizar el lugar que ocupan los medios de comunicaci\u00f3n en la sociedad, el acceso a ellos, su repercusi\u00f3n social, las consecuencias de la comunicaci\u00f3n mediatizada, la participaci\u00f3n y la modificaci\u00f3n que producen en el modo de percibir el mundo <strong>(13).<\/strong><\/p>\n<p style=\"text-align: justify;\"><strong>6. Gobiernos locales. <\/strong>El papel de los municipios en la inversi\u00f3n p\u00fablica social en infancia y adolescencia. En nuestro pa\u00eds se ejercen los gobiernos locales aislados del sistema educativo, esto es casi generalizado. En realidad, los gobiernos locales tienen mucho que hacer con la educaci\u00f3n desde la promoci\u00f3n de pol\u00edticas p\u00fablicas sobre la cultural local, la recreaci\u00f3n y la creaci\u00f3n de la vida cultural de la comunidad que se relaciona con diferentes aspectos de la sociedad.<\/p>\n<p style=\"text-align: justify;\">El abordaje de las pol\u00edticas sociales supone un desaf\u00edo de pol\u00edtica p\u00fablica que involucra a los tres niveles de gobierno (nacional, provincial y distrital). El desarrollo de pol\u00edticas que beneficien con especial \u00e9nfasis a la infancia y adolescencia, principalmente en la atenci\u00f3n de la nutrici\u00f3n, la salud, la recreaci\u00f3n y la seguridad, bases fundamentales para el logro de educaci\u00f3n de calidad y progreso de la localidad.<\/p>\n<p style=\"text-align: justify;\">Para el cumplimiento de lo planteado arriba la responsabilidad es de la ciudadan\u00eda en su conjunto, elegir autoridades que respondan a un programa pol\u00edtico de gobierno local seriamente trabajada, porque como sabemos con alcaldes que ganan \u201ccomprando votos\u201d simplemente se convierten en agentes servidores de intereses ajenos a la comunidad, es decir son parte de la corrupci\u00f3n, continuadores de los antecesores que convirtieron la pol\u00edtica en negocio lucrativo para unos cuantos pillos.<\/p>\n<p style=\"text-align: justify;\">7. El papel que la comunidad puede desempe\u00f1ar en la pr\u00e1ctica diaria en las escuelas es particularmente importante en zonas desfavorecidas. El rendimiento de los estudiantes y el aprendizaje est\u00e1n influenciados por las interacciones que los estudiantes tienen con todos los actores sociales (profesores, familias, miembros de la comunidad, colegas y otros) que participan en su educaci\u00f3n, por lo tanto, el rendimiento estudiantil aumentar\u00e1, aumentando la participaci\u00f3n en la educaci\u00f3n de todos los actores sociales <strong>(14).<\/strong> Requerimos construir una sociedad educadora, un entorno sociocultural desde las aulas de la mano con la comunidad local. Hace falta la conciencia cr\u00edtica de la realidad sociocultural que vivimos para asumir compromisos de movilizaci\u00f3n conjunta constante por una educaci\u00f3n emancipadora hacia la sociedad justa, libre y arm\u00f3nica.<\/p>\n<p style=\"text-align: justify;\">Referencia de fuentes:<\/p>\n<ol style=\"text-align: justify;\">\n<li>Garc\u00eda Gall\u00f3. La concepci\u00f3n marxista sobre la escuela y la educaci\u00f3n, p, 78 <a href=\"http:\/\/www.colombiaaprende.edu.co\/html\/home\/1592\/article-228183.html\">colombiaaprende.edu.co<\/a><\/li>\n<li>Encinas, Jos\u00e9 Antonio. Ensayo de la escuela nueva en el Per\u00fa. <a href=\"https:\/\/otrasvoceseneducacion.org\/archivos\/tag\/educacion-critica-y-emancipacion\">otrasvoceseneducacion.org<\/a><\/li>\n<li><a href=\"http:\/\/www.ciudadaniaglobal.org\/content\/educaci%C3%B3n-transformadora-la-educaci%C3%B3n-que-queremos\">ciudadaniaglobal.org<\/a><\/li>\n<li><a href=\"http:\/\/adiactiva.com.mx\/social\/?p=4682\">adiactiva.com.mx<\/a><\/li>\n<li>file:\/\/\/D:\/Reynaldo2015\/Descargas\/572-2177-1-PB.pdf<\/li>\n<li><a href=\"http:\/\/www.ciudadaniaglobal.org\/content\/educaci%C3%B3n-transformadora-la-educaci%C3%B3n-que-queremos\">ciudadaniaglobal.org<\/a><\/li>\n<li><a href=\"http:\/\/www.revistacomunicar.com\/pdf\/comunicar8.pdf\">revistacomunicar.com<\/a><\/li>\n<li><a href=\"http:\/\/www.oei.es\/metas2021\/LASTIC2.pdf\">oei.es<\/a><\/li>\n<li><a href=\"http:\/\/www.oei.es\/metas2021\/LASTIC2.pdf\">oei.es<\/a><\/li>\n<li><a href=\"https:\/\/sites.google.com\/site\/malusamor\/la-didactica-adecuada-a-la-educacion-via-medios\">sites.google.com<\/a><\/li>\n<li><a href=\"http:\/\/www.rieoei.org\/rie26a05.htm\" target=\"_blank\" rel=\"noopener\">rieoei.org<\/a><\/li>\n<li><a href=\"http:\/\/www.tendenciaspedagogicas.com\/Articulos\/2011_17_04.pdf\" target=\"_blank\" rel=\"noopener\">tendenciaspedagogicas.com<\/a><\/li>\n<\/ol>\n<p style=\"text-align: justify;\"><strong>NOTA DE REDACCI\u00d3N:<\/strong> La Web del Maestro CMF publica los textos originales de su autor, no necesariamente coincide con lo expuesto en el tema, no se hace responsable de las opiniones expresadas, y no promociona ning\u00fan producto, servicio, marca o empresa. Sugerimos a nuestros lectores conocer la identidad de la fuente o de su autor o autores, para tener mayores elementos de juicio y la pertinencia a su realidad educativa.<\/p>\n<table class=\" alignleft\" border=\"0\" width=\"100%\" cellspacing=\"10\" cellpadding=\"10\">\n<tbody>\n<tr>\n<td style=\"text-align: center;\" width=\"30%\"><strong><img loading=\"lazy\" decoding=\"async\" class=\"size-full wp-image-53460 aligncenter\" src=\"https:\/\/webdelmaestrocmf.com\/portal\/wp-content\/uploads\/2020\/10\/1-copia-81.jpg\" alt=\"\" width=\"200\" height=\"200\" srcset=\"https:\/\/webdelmaestrocmf.com\/portal\/wp-content\/uploads\/2020\/10\/1-copia-81.jpg 200w, https:\/\/webdelmaestrocmf.com\/portal\/wp-content\/uploads\/2020\/10\/1-copia-81-150x150.jpg 150w, https:\/\/webdelmaestrocmf.com\/portal\/wp-content\/uploads\/2020\/10\/1-copia-81-80x80.jpg 80w, https:\/\/webdelmaestrocmf.com\/portal\/wp-content\/uploads\/2020\/10\/1-copia-81-110x110.jpg 110w, https:\/\/webdelmaestrocmf.com\/portal\/wp-content\/uploads\/2020\/10\/1-copia-81-160x160.jpg 160w\" sizes=\"auto, (max-width: 200px) 100vw, 200px\" \/><br \/>\nAutor: <\/strong>Reynaldo Robles Aroste, nacido en Apur\u00edmac Per\u00fa.<br \/>\nLicenciado en Filosof\u00eda-Historia.<br \/>\n<strong>Experiencia laboral:<\/strong> 37 a\u00f1os Educaci\u00f3n secundaria<br \/>\n<strong>Curso de postgrado:<\/strong> Historia y Educaci\u00f3n de la Creatividad<br \/>\nPremio Nacional Horacio<br \/>\n<strong>Correo electr\u00f3nico: <a href=\"mailto:jmacaroste@gmail.com\" target=\"_blank\" rel=\"noopener noreferrer\">jmacaroste@gmail.com<\/a><\/strong><strong><br \/>\n<\/strong><\/td>\n<\/tr>\n<\/tbody>\n<\/table>\n<p style=\"text-align: left;\">.<\/p>\n\t\t<div class=\"pk-inline-posts\">\n\t\t\t\n\t\t\t<div class=\"pk-inline-posts-container pk-inline-posts-template-list\"\n\t\t\t\tdata-columns=\"1\">\n\t\t\t\t\t\t<article id=\"post-101871\" class=\"post-101871 post type-post status-publish format-standard has-post-thumbnail category-z-colaborador-reynaldo-robles category-colaborador tag-educativo tag-nuevo tag-peru tag-reynaldo-robles tag-sistema cs-entry cs-video-wrap\">\n\t\t\t<div class=\"pk-post-outer\">\n\n\t\t\t\t\t\t\t\t<div class=\"pk-post-inner\">\n\t\t\t\t\t<div class=\"entry-thumbnail\">\n\t\t\t\t\t\t<div class=\"pk-overlay pk-overlay-ratio pk-ratio-landscape\">\n\t\t\t\t\t\t\t<div class=\"pk-overlay-background\">\n\t\t\t\t\t\t\t\t<a href=\"https:\/\/webdelmaestrocmf.com\/portal\/reynaldo-robles-hacia-un-nuevo-sistema-educativo-en-el-peru\/\" class=\"pk-overlay-link\">\n\t\t\t\t\t\t\t\t\t<img loading=\"lazy\" decoding=\"async\" width=\"300\" height=\"225\" src=\"https:\/\/webdelmaestrocmf.com\/portal\/wp-content\/uploads\/2023\/12\/A12B3C4D-2-4-300x225.jpg\" class=\"attachment-pk-thumbnail size-pk-thumbnail wp-post-image\" alt=\"\" \/>\t\t\t\t\t\t\t\t<\/a>\n\t\t\t\t\t\t\t<\/div>\n\t\t\t\t\t\t<\/div>\n\t\t\t\t\t<\/div>\n\t\t\t\t<\/div>\n\t\t\t\t\n\t\t\t\t<div class=\"pk-post-inner\">\n\t\t\t\t\t<header>\n\t\t\t\t\t\t<h3 class=\"pk-title\"><a href=\"https:\/\/webdelmaestrocmf.com\/portal\/reynaldo-robles-hacia-un-nuevo-sistema-educativo-en-el-peru\/\" rel=\"bookmark\">[Reynaldo Robles] Hacia un nuevo sistema educativo en el Per\u00fa<\/a><\/h3>\t\t\t\t\t<\/header><!-- .entry-header -->\n\t\t\t\t<\/div><!-- .post-inner -->\n\n\t\t\t<\/div><!-- .post-outer -->\n\t\t<\/article>\n\t\t\t\t<\/div>\n\t\t<\/div>\n\t\t\n","protected":false},"excerpt":{"rendered":"\u00bfCu\u00e1l es el papel de cada uno de los sujetos e instituciones en el proceso de la formaci\u00f3n&hellip;","protected":false},"author":1,"featured_media":75478,"comment_status":"open","ping_status":"closed","sticky":false,"template":"","format":"standard","meta":{"csco_display_header_overlay":false,"csco_singular_sidebar":"default","csco_page_header_type":"default","csco_page_load_nextpost":"default","csco_post_video_location":[],"csco_post_video_location_hash":"","csco_post_video_url":"","csco_post_video_bg_start_time":0,"csco_post_video_bg_end_time":0,"csco_post_video_bg_volume":false,"_jetpack_memberships_contains_paid_content":false,"footnotes":""},"categories":[5900],"tags":[55,14347,6062,5901,14682],"class_list":{"0":"post-75477","1":"post","2":"type-post","3":"status-publish","4":"format-standard","5":"has-post-thumbnail","7":"category-z-colaborador-reynaldo-robles","8":"tag-educacion","9":"tag-emancipadora","10":"tag-funcion","11":"tag-reynaldo-robles","12":"tag-sujetos","13":"cs-entry","14":"cs-video-wrap"},"yoast_head":"<!-- This site is optimized with the Yoast SEO plugin v27.5 - https:\/\/yoast.com\/product\/yoast-seo-wordpress\/ -->\n<title>[Reynaldo Robles] La funci\u00f3n de los sujetos de la educaci\u00f3n emancipadora - 2026<\/title>\n<meta name=\"description\" content=\"\u00bfCu\u00e1l es el papel de cada uno de los sujetos e instituciones en el proceso de la formaci\u00f3n de la personalidad del estudiante?\" \/>\n<meta name=\"robots\" content=\"index, follow, max-snippet:-1, max-image-preview:large, max-video-preview:-1\" \/>\n<link rel=\"canonical\" href=\"https:\/\/webdelmaestrocmf.com\/portal\/reynaldo-robles-la-funcion-de-los-sujetos-de-la-educacion-emancipadora-2\/\" \/>\n<meta property=\"og:locale\" content=\"es_ES\" \/>\n<meta property=\"og:type\" content=\"article\" \/>\n<meta property=\"og:title\" content=\"[Reynaldo Robles] La funci\u00f3n de los sujetos de la educaci\u00f3n emancipadora - 2026\" \/>\n<meta property=\"og:description\" content=\"\u00bfCu\u00e1l es el papel de cada uno de los sujetos e instituciones en el proceso de la formaci\u00f3n de la personalidad del estudiante?\" \/>\n<meta property=\"og:url\" content=\"https:\/\/webdelmaestrocmf.com\/portal\/reynaldo-robles-la-funcion-de-los-sujetos-de-la-educacion-emancipadora-2\/\" \/>\n<meta property=\"og:site_name\" content=\"Web del Maestro CMF\" \/>\n<meta property=\"article:publisher\" content=\"https:\/\/www.facebook.com\/WebdelMaestroCMF\/\" \/>\n<meta property=\"article:author\" content=\"https:\/\/www.facebook.com\/WebdelMaestroCMF\/\" \/>\n<meta property=\"article:published_time\" content=\"2022-03-14T19:41:19+00:00\" \/>\n<meta property=\"article:modified_time\" content=\"2022-04-04T19:11:50+00:00\" \/>\n<meta property=\"og:image\" content=\"https:\/\/i0.wp.com\/webdelmaestrocmf.com\/portal\/wp-content\/uploads\/2022\/03\/1ssa-3.jpg?fit=1100%2C680&ssl=1\" \/>\n\t<meta property=\"og:image:width\" content=\"1100\" \/>\n\t<meta property=\"og:image:height\" content=\"680\" \/>\n\t<meta property=\"og:image:type\" content=\"image\/jpeg\" \/>\n<meta name=\"author\" content=\"Web del Maestro CMF\" \/>\n<meta name=\"twitter:card\" content=\"summary_large_image\" \/>\n<meta name=\"twitter:creator\" content=\"@cmf_w\" \/>\n<meta name=\"twitter:site\" content=\"@cmf_w\" \/>\n<script type=\"application\/ld+json\" class=\"yoast-schema-graph\">{\"@context\":\"https:\\\/\\\/schema.org\",\"@graph\":[{\"@type\":\"ScholarlyArticle\",\"@id\":\"https:\\\/\\\/webdelmaestrocmf.com\\\/portal\\\/reynaldo-robles-la-funcion-de-los-sujetos-de-la-educacion-emancipadora-2\\\/#article\",\"isPartOf\":{\"@id\":\"https:\\\/\\\/webdelmaestrocmf.com\\\/portal\\\/reynaldo-robles-la-funcion-de-los-sujetos-de-la-educacion-emancipadora-2\\\/\"},\"author\":{\"name\":\"Web del Maestro CMF\",\"@id\":\"https:\\\/\\\/webdelmaestrocmf.com\\\/portal\\\/#\\\/schema\\\/person\\\/1072a2ed7bd960df8ef99a551fa35dc5\"},\"headline\":\"[Reynaldo Robles] La funci\u00f3n de los sujetos de la educaci\u00f3n emancipadora\",\"datePublished\":\"2022-03-14T19:41:19+00:00\",\"dateModified\":\"2022-04-04T19:11:50+00:00\",\"mainEntityOfPage\":{\"@id\":\"https:\\\/\\\/webdelmaestrocmf.com\\\/portal\\\/reynaldo-robles-la-funcion-de-los-sujetos-de-la-educacion-emancipadora-2\\\/\"},\"wordCount\":3489,\"commentCount\":0,\"publisher\":{\"@id\":\"https:\\\/\\\/webdelmaestrocmf.com\\\/portal\\\/#organization\"},\"image\":{\"@id\":\"https:\\\/\\\/webdelmaestrocmf.com\\\/portal\\\/reynaldo-robles-la-funcion-de-los-sujetos-de-la-educacion-emancipadora-2\\\/#primaryimage\"},\"thumbnailUrl\":\"https:\\\/\\\/webdelmaestrocmf.com\\\/portal\\\/wp-content\\\/uploads\\\/2022\\\/03\\\/1ssa-3.jpg\",\"keywords\":[\"EDUCACI\u00d3N\",\"emancipadora\",\"funci\u00f3n\",\"Reynaldo Robles\",\"sujetos\"],\"articleSection\":[\"Z-Colaborador-Reynaldo-Robles\"],\"inLanguage\":\"es\",\"potentialAction\":[{\"@type\":\"CommentAction\",\"name\":\"Comment\",\"target\":[\"https:\\\/\\\/webdelmaestrocmf.com\\\/portal\\\/reynaldo-robles-la-funcion-de-los-sujetos-de-la-educacion-emancipadora-2\\\/#respond\"]}]},{\"@type\":\"WebPage\",\"@id\":\"https:\\\/\\\/webdelmaestrocmf.com\\\/portal\\\/reynaldo-robles-la-funcion-de-los-sujetos-de-la-educacion-emancipadora-2\\\/\",\"url\":\"https:\\\/\\\/webdelmaestrocmf.com\\\/portal\\\/reynaldo-robles-la-funcion-de-los-sujetos-de-la-educacion-emancipadora-2\\\/\",\"name\":\"[Reynaldo Robles] La funci\u00f3n de los sujetos de la educaci\u00f3n emancipadora - 2026\",\"isPartOf\":{\"@id\":\"https:\\\/\\\/webdelmaestrocmf.com\\\/portal\\\/#website\"},\"primaryImageOfPage\":{\"@id\":\"https:\\\/\\\/webdelmaestrocmf.com\\\/portal\\\/reynaldo-robles-la-funcion-de-los-sujetos-de-la-educacion-emancipadora-2\\\/#primaryimage\"},\"image\":{\"@id\":\"https:\\\/\\\/webdelmaestrocmf.com\\\/portal\\\/reynaldo-robles-la-funcion-de-los-sujetos-de-la-educacion-emancipadora-2\\\/#primaryimage\"},\"thumbnailUrl\":\"https:\\\/\\\/webdelmaestrocmf.com\\\/portal\\\/wp-content\\\/uploads\\\/2022\\\/03\\\/1ssa-3.jpg\",\"datePublished\":\"2022-03-14T19:41:19+00:00\",\"dateModified\":\"2022-04-04T19:11:50+00:00\",\"description\":\"\u00bfCu\u00e1l es el papel de cada uno de los sujetos e instituciones en el proceso de la formaci\u00f3n de la personalidad del estudiante?\",\"breadcrumb\":{\"@id\":\"https:\\\/\\\/webdelmaestrocmf.com\\\/portal\\\/reynaldo-robles-la-funcion-de-los-sujetos-de-la-educacion-emancipadora-2\\\/#breadcrumb\"},\"inLanguage\":\"es\",\"potentialAction\":[{\"@type\":\"ReadAction\",\"target\":[\"https:\\\/\\\/webdelmaestrocmf.com\\\/portal\\\/reynaldo-robles-la-funcion-de-los-sujetos-de-la-educacion-emancipadora-2\\\/\"]}]},{\"@type\":\"ImageObject\",\"inLanguage\":\"es\",\"@id\":\"https:\\\/\\\/webdelmaestrocmf.com\\\/portal\\\/reynaldo-robles-la-funcion-de-los-sujetos-de-la-educacion-emancipadora-2\\\/#primaryimage\",\"url\":\"https:\\\/\\\/webdelmaestrocmf.com\\\/portal\\\/wp-content\\\/uploads\\\/2022\\\/03\\\/1ssa-3.jpg\",\"contentUrl\":\"https:\\\/\\\/webdelmaestrocmf.com\\\/portal\\\/wp-content\\\/uploads\\\/2022\\\/03\\\/1ssa-3.jpg\",\"width\":1100,\"height\":680},{\"@type\":\"BreadcrumbList\",\"@id\":\"https:\\\/\\\/webdelmaestrocmf.com\\\/portal\\\/reynaldo-robles-la-funcion-de-los-sujetos-de-la-educacion-emancipadora-2\\\/#breadcrumb\",\"itemListElement\":[{\"@type\":\"ListItem\",\"position\":1,\"name\":\"Portada\",\"item\":\"https:\\\/\\\/webdelmaestrocmf.com\\\/portal\\\/\"},{\"@type\":\"ListItem\",\"position\":2,\"name\":\"Z-Colaboradores\",\"item\":\"https:\\\/\\\/webdelmaestrocmf.com\\\/portal\\\/category\\\/colaborador\\\/\"},{\"@type\":\"ListItem\",\"position\":3,\"name\":\"Z-Colaborador-Reynaldo-Robles\",\"item\":\"https:\\\/\\\/webdelmaestrocmf.com\\\/portal\\\/category\\\/colaborador\\\/z-colaborador-reynaldo-robles\\\/\"},{\"@type\":\"ListItem\",\"position\":4,\"name\":\"[Reynaldo Robles] La funci\u00f3n de los sujetos de la educaci\u00f3n emancipadora\"}]},{\"@type\":\"WebSite\",\"@id\":\"https:\\\/\\\/webdelmaestrocmf.com\\\/portal\\\/#website\",\"url\":\"https:\\\/\\\/webdelmaestrocmf.com\\\/portal\\\/\",\"name\":\"Web del Maestro CMF\",\"description\":\"Maestros al servicio de la educaci\u00f3n\",\"publisher\":{\"@id\":\"https:\\\/\\\/webdelmaestrocmf.com\\\/portal\\\/#organization\"},\"alternateName\":\"WMCMF\",\"potentialAction\":[{\"@type\":\"SearchAction\",\"target\":{\"@type\":\"EntryPoint\",\"urlTemplate\":\"https:\\\/\\\/webdelmaestrocmf.com\\\/portal\\\/?s={search_term_string}\"},\"query-input\":{\"@type\":\"PropertyValueSpecification\",\"valueRequired\":true,\"valueName\":\"search_term_string\"}}],\"inLanguage\":\"es\"},{\"@type\":\"Organization\",\"@id\":\"https:\\\/\\\/webdelmaestrocmf.com\\\/portal\\\/#organization\",\"name\":\"Web del Maestro CMF\",\"alternateName\":\"WMCMF\",\"url\":\"https:\\\/\\\/webdelmaestrocmf.com\\\/portal\\\/\",\"logo\":{\"@type\":\"ImageObject\",\"inLanguage\":\"es\",\"@id\":\"https:\\\/\\\/webdelmaestrocmf.com\\\/portal\\\/#\\\/schema\\\/logo\\\/image\\\/\",\"url\":\"https:\\\/\\\/webdelmaestrocmf.com\\\/portal\\\/wp-content\\\/uploads\\\/2023\\\/01\\\/logo-wmcmf-2.png\",\"contentUrl\":\"https:\\\/\\\/webdelmaestrocmf.com\\\/portal\\\/wp-content\\\/uploads\\\/2023\\\/01\\\/logo-wmcmf-2.png\",\"width\":200,\"height\":60,\"caption\":\"Web del Maestro CMF\"},\"image\":{\"@id\":\"https:\\\/\\\/webdelmaestrocmf.com\\\/portal\\\/#\\\/schema\\\/logo\\\/image\\\/\"},\"sameAs\":[\"https:\\\/\\\/www.facebook.com\\\/WebdelMaestroCMF\\\/\",\"https:\\\/\\\/x.com\\\/cmf_w\",\"https:\\\/\\\/www.pinterest.com\\\/WMCMF\\\/\",\"https:\\\/\\\/www.linkedin.com\\\/company\\\/web-del-maestro-cmf\\\/\",\"https:\\\/\\\/www.instagram.com\\\/wmcmf\\\/\",\"https:\\\/\\\/www.youtube.com\\\/channel\\\/UCDPSvjbdodE5sHnC3OxutHw\",\"https:\\\/\\\/mastodon.social\\\/@wmcmf\",\"https:\\\/\\\/www.tiktok.com\\\/@webdelmaestrocmf\"]},{\"@type\":\"Person\",\"@id\":\"https:\\\/\\\/webdelmaestrocmf.com\\\/portal\\\/#\\\/schema\\\/person\\\/1072a2ed7bd960df8ef99a551fa35dc5\",\"name\":\"Web del Maestro CMF\",\"image\":{\"@type\":\"ImageObject\",\"inLanguage\":\"es\",\"@id\":\"https:\\\/\\\/secure.gravatar.com\\\/avatar\\\/23291dd5b5ae1077dcff3dbb04c3e02bd28403fa75af6d8787d5e97c5bbbe30b?s=96&d=mm&r=g\",\"url\":\"https:\\\/\\\/secure.gravatar.com\\\/avatar\\\/23291dd5b5ae1077dcff3dbb04c3e02bd28403fa75af6d8787d5e97c5bbbe30b?s=96&d=mm&r=g\",\"contentUrl\":\"https:\\\/\\\/secure.gravatar.com\\\/avatar\\\/23291dd5b5ae1077dcff3dbb04c3e02bd28403fa75af6d8787d5e97c5bbbe30b?s=96&d=mm&r=g\",\"caption\":\"Web del Maestro CMF\"},\"description\":\"Esta Web se cre\u00f3 sin fines de lucro, con fines educativos, cient\u00edficos y acad\u00e9micos, para personas que tengan dificultades y\\\/o inconvenientes en visualizar el material original. El objetivo es entregar recursos, compartir experiencias y materiales que ayuden a los padres de familia, maestros y estudiantes en su actualizaci\u00f3n y formaci\u00f3n permanente, en bien de la Educaci\u00f3n.\",\"sameAs\":[\"http:\\\/\\\/webdelmaestrocmf.com\\\/portal\",\"https:\\\/\\\/www.facebook.com\\\/WebdelMaestroCMF\\\/\",\"https:\\\/\\\/www.instagram.com\\\/wmcmf\\\/\",\"https:\\\/\\\/cl.linkedin.com\\\/company\\\/web-del-maestro-cmf\",\"https:\\\/\\\/www.pinterest.com\\\/WMCMF\\\/publicaciones\\\/\",\"https:\\\/\\\/x.com\\\/cmf_w\",\"https:\\\/\\\/www.youtube.com\\\/@WMCMF\"]}]}<\/script>\n<!-- \/ Yoast SEO plugin. -->","yoast_head_json":{"title":"[Reynaldo Robles] La funci\u00f3n de los sujetos de la educaci\u00f3n emancipadora - 2026","description":"\u00bfCu\u00e1l es el papel de cada uno de los sujetos e instituciones en el proceso de la formaci\u00f3n de la personalidad del estudiante?","robots":{"index":"index","follow":"follow","max-snippet":"max-snippet:-1","max-image-preview":"max-image-preview:large","max-video-preview":"max-video-preview:-1"},"canonical":"https:\/\/webdelmaestrocmf.com\/portal\/reynaldo-robles-la-funcion-de-los-sujetos-de-la-educacion-emancipadora-2\/","og_locale":"es_ES","og_type":"article","og_title":"[Reynaldo Robles] La funci\u00f3n de los sujetos de la educaci\u00f3n emancipadora - 2026","og_description":"\u00bfCu\u00e1l es el papel de cada uno de los sujetos e instituciones en el proceso de la formaci\u00f3n de la personalidad del estudiante?","og_url":"https:\/\/webdelmaestrocmf.com\/portal\/reynaldo-robles-la-funcion-de-los-sujetos-de-la-educacion-emancipadora-2\/","og_site_name":"Web del Maestro CMF","article_publisher":"https:\/\/www.facebook.com\/WebdelMaestroCMF\/","article_author":"https:\/\/www.facebook.com\/WebdelMaestroCMF\/","article_published_time":"2022-03-14T19:41:19+00:00","article_modified_time":"2022-04-04T19:11:50+00:00","og_image":[{"width":1100,"height":680,"url":"https:\/\/i0.wp.com\/webdelmaestrocmf.com\/portal\/wp-content\/uploads\/2022\/03\/1ssa-3.jpg?fit=1100%2C680&ssl=1","type":"image\/jpeg"}],"author":"Web del Maestro CMF","twitter_card":"summary_large_image","twitter_creator":"@cmf_w","twitter_site":"@cmf_w","schema":{"@context":"https:\/\/schema.org","@graph":[{"@type":"ScholarlyArticle","@id":"https:\/\/webdelmaestrocmf.com\/portal\/reynaldo-robles-la-funcion-de-los-sujetos-de-la-educacion-emancipadora-2\/#article","isPartOf":{"@id":"https:\/\/webdelmaestrocmf.com\/portal\/reynaldo-robles-la-funcion-de-los-sujetos-de-la-educacion-emancipadora-2\/"},"author":{"name":"Web del Maestro CMF","@id":"https:\/\/webdelmaestrocmf.com\/portal\/#\/schema\/person\/1072a2ed7bd960df8ef99a551fa35dc5"},"headline":"[Reynaldo Robles] La funci\u00f3n de los sujetos de la educaci\u00f3n emancipadora","datePublished":"2022-03-14T19:41:19+00:00","dateModified":"2022-04-04T19:11:50+00:00","mainEntityOfPage":{"@id":"https:\/\/webdelmaestrocmf.com\/portal\/reynaldo-robles-la-funcion-de-los-sujetos-de-la-educacion-emancipadora-2\/"},"wordCount":3489,"commentCount":0,"publisher":{"@id":"https:\/\/webdelmaestrocmf.com\/portal\/#organization"},"image":{"@id":"https:\/\/webdelmaestrocmf.com\/portal\/reynaldo-robles-la-funcion-de-los-sujetos-de-la-educacion-emancipadora-2\/#primaryimage"},"thumbnailUrl":"https:\/\/webdelmaestrocmf.com\/portal\/wp-content\/uploads\/2022\/03\/1ssa-3.jpg","keywords":["EDUCACI\u00d3N","emancipadora","funci\u00f3n","Reynaldo Robles","sujetos"],"articleSection":["Z-Colaborador-Reynaldo-Robles"],"inLanguage":"es","potentialAction":[{"@type":"CommentAction","name":"Comment","target":["https:\/\/webdelmaestrocmf.com\/portal\/reynaldo-robles-la-funcion-de-los-sujetos-de-la-educacion-emancipadora-2\/#respond"]}]},{"@type":"WebPage","@id":"https:\/\/webdelmaestrocmf.com\/portal\/reynaldo-robles-la-funcion-de-los-sujetos-de-la-educacion-emancipadora-2\/","url":"https:\/\/webdelmaestrocmf.com\/portal\/reynaldo-robles-la-funcion-de-los-sujetos-de-la-educacion-emancipadora-2\/","name":"[Reynaldo Robles] La funci\u00f3n de los sujetos de la educaci\u00f3n emancipadora - 2026","isPartOf":{"@id":"https:\/\/webdelmaestrocmf.com\/portal\/#website"},"primaryImageOfPage":{"@id":"https:\/\/webdelmaestrocmf.com\/portal\/reynaldo-robles-la-funcion-de-los-sujetos-de-la-educacion-emancipadora-2\/#primaryimage"},"image":{"@id":"https:\/\/webdelmaestrocmf.com\/portal\/reynaldo-robles-la-funcion-de-los-sujetos-de-la-educacion-emancipadora-2\/#primaryimage"},"thumbnailUrl":"https:\/\/webdelmaestrocmf.com\/portal\/wp-content\/uploads\/2022\/03\/1ssa-3.jpg","datePublished":"2022-03-14T19:41:19+00:00","dateModified":"2022-04-04T19:11:50+00:00","description":"\u00bfCu\u00e1l es el papel de cada uno de los sujetos e instituciones en el proceso de la formaci\u00f3n de la personalidad del estudiante?","breadcrumb":{"@id":"https:\/\/webdelmaestrocmf.com\/portal\/reynaldo-robles-la-funcion-de-los-sujetos-de-la-educacion-emancipadora-2\/#breadcrumb"},"inLanguage":"es","potentialAction":[{"@type":"ReadAction","target":["https:\/\/webdelmaestrocmf.com\/portal\/reynaldo-robles-la-funcion-de-los-sujetos-de-la-educacion-emancipadora-2\/"]}]},{"@type":"ImageObject","inLanguage":"es","@id":"https:\/\/webdelmaestrocmf.com\/portal\/reynaldo-robles-la-funcion-de-los-sujetos-de-la-educacion-emancipadora-2\/#primaryimage","url":"https:\/\/webdelmaestrocmf.com\/portal\/wp-content\/uploads\/2022\/03\/1ssa-3.jpg","contentUrl":"https:\/\/webdelmaestrocmf.com\/portal\/wp-content\/uploads\/2022\/03\/1ssa-3.jpg","width":1100,"height":680},{"@type":"BreadcrumbList","@id":"https:\/\/webdelmaestrocmf.com\/portal\/reynaldo-robles-la-funcion-de-los-sujetos-de-la-educacion-emancipadora-2\/#breadcrumb","itemListElement":[{"@type":"ListItem","position":1,"name":"Portada","item":"https:\/\/webdelmaestrocmf.com\/portal\/"},{"@type":"ListItem","position":2,"name":"Z-Colaboradores","item":"https:\/\/webdelmaestrocmf.com\/portal\/category\/colaborador\/"},{"@type":"ListItem","position":3,"name":"Z-Colaborador-Reynaldo-Robles","item":"https:\/\/webdelmaestrocmf.com\/portal\/category\/colaborador\/z-colaborador-reynaldo-robles\/"},{"@type":"ListItem","position":4,"name":"[Reynaldo Robles] La funci\u00f3n de los sujetos de la educaci\u00f3n emancipadora"}]},{"@type":"WebSite","@id":"https:\/\/webdelmaestrocmf.com\/portal\/#website","url":"https:\/\/webdelmaestrocmf.com\/portal\/","name":"Web del Maestro CMF","description":"Maestros al servicio de la educaci\u00f3n","publisher":{"@id":"https:\/\/webdelmaestrocmf.com\/portal\/#organization"},"alternateName":"WMCMF","potentialAction":[{"@type":"SearchAction","target":{"@type":"EntryPoint","urlTemplate":"https:\/\/webdelmaestrocmf.com\/portal\/?s={search_term_string}"},"query-input":{"@type":"PropertyValueSpecification","valueRequired":true,"valueName":"search_term_string"}}],"inLanguage":"es"},{"@type":"Organization","@id":"https:\/\/webdelmaestrocmf.com\/portal\/#organization","name":"Web del Maestro CMF","alternateName":"WMCMF","url":"https:\/\/webdelmaestrocmf.com\/portal\/","logo":{"@type":"ImageObject","inLanguage":"es","@id":"https:\/\/webdelmaestrocmf.com\/portal\/#\/schema\/logo\/image\/","url":"https:\/\/webdelmaestrocmf.com\/portal\/wp-content\/uploads\/2023\/01\/logo-wmcmf-2.png","contentUrl":"https:\/\/webdelmaestrocmf.com\/portal\/wp-content\/uploads\/2023\/01\/logo-wmcmf-2.png","width":200,"height":60,"caption":"Web del Maestro CMF"},"image":{"@id":"https:\/\/webdelmaestrocmf.com\/portal\/#\/schema\/logo\/image\/"},"sameAs":["https:\/\/www.facebook.com\/WebdelMaestroCMF\/","https:\/\/x.com\/cmf_w","https:\/\/www.pinterest.com\/WMCMF\/","https:\/\/www.linkedin.com\/company\/web-del-maestro-cmf\/","https:\/\/www.instagram.com\/wmcmf\/","https:\/\/www.youtube.com\/channel\/UCDPSvjbdodE5sHnC3OxutHw","https:\/\/mastodon.social\/@wmcmf","https:\/\/www.tiktok.com\/@webdelmaestrocmf"]},{"@type":"Person","@id":"https:\/\/webdelmaestrocmf.com\/portal\/#\/schema\/person\/1072a2ed7bd960df8ef99a551fa35dc5","name":"Web del Maestro CMF","image":{"@type":"ImageObject","inLanguage":"es","@id":"https:\/\/secure.gravatar.com\/avatar\/23291dd5b5ae1077dcff3dbb04c3e02bd28403fa75af6d8787d5e97c5bbbe30b?s=96&d=mm&r=g","url":"https:\/\/secure.gravatar.com\/avatar\/23291dd5b5ae1077dcff3dbb04c3e02bd28403fa75af6d8787d5e97c5bbbe30b?s=96&d=mm&r=g","contentUrl":"https:\/\/secure.gravatar.com\/avatar\/23291dd5b5ae1077dcff3dbb04c3e02bd28403fa75af6d8787d5e97c5bbbe30b?s=96&d=mm&r=g","caption":"Web del Maestro CMF"},"description":"Esta Web se cre\u00f3 sin fines de lucro, con fines educativos, cient\u00edficos y acad\u00e9micos, para personas que tengan dificultades y\/o inconvenientes en visualizar el material original. El objetivo es entregar recursos, compartir experiencias y materiales que ayuden a los padres de familia, maestros y estudiantes en su actualizaci\u00f3n y formaci\u00f3n permanente, en bien de la Educaci\u00f3n.","sameAs":["http:\/\/webdelmaestrocmf.com\/portal","https:\/\/www.facebook.com\/WebdelMaestroCMF\/","https:\/\/www.instagram.com\/wmcmf\/","https:\/\/cl.linkedin.com\/company\/web-del-maestro-cmf","https:\/\/www.pinterest.com\/WMCMF\/publicaciones\/","https:\/\/x.com\/cmf_w","https:\/\/www.youtube.com\/@WMCMF"]}]}},"jetpack_featured_media_url":"https:\/\/webdelmaestrocmf.com\/portal\/wp-content\/uploads\/2022\/03\/1ssa-3.jpg","jetpack_sharing_enabled":true,"jetpack-related-posts":[{"id":66330,"url":"https:\/\/webdelmaestrocmf.com\/portal\/reynaldo-robles-educar-para-la-emancipacion-y-desarrollo-autonomo\/","url_meta":{"origin":75477,"position":0},"title":"[Reynaldo Robles] Educar para la emancipaci\u00f3n y desarrollo aut\u00f3nomo","author":"Web del Maestro CMF","date":"8 agosto, 2021","format":false,"excerpt":"El sistema educativo que no responde a las necesidades del Per\u00fa de hoy, poco o nada puede contribuir en el desarrollo nacional. Es decir, hoy m\u00e1s que nunca, nuestro pa\u00eds merece un sistema educativo que ayude a cada peruana y peruano a lograr su bienestar, para que cada peruana y\u2026","rel":"","context":"En \u00abZ-Colaborador-Reynaldo-Robles\u00bb","block_context":{"text":"Z-Colaborador-Reynaldo-Robles","link":"https:\/\/webdelmaestrocmf.com\/portal\/category\/colaborador\/z-colaborador-reynaldo-robles\/"},"img":{"alt_text":"","src":"https:\/\/i0.wp.com\/webdelmaestrocmf.com\/portal\/wp-content\/uploads\/2021\/08\/1-54.jpg?resize=350%2C200&ssl=1","width":350,"height":200,"srcset":"https:\/\/i0.wp.com\/webdelmaestrocmf.com\/portal\/wp-content\/uploads\/2021\/08\/1-54.jpg?resize=350%2C200&ssl=1 1x, https:\/\/i0.wp.com\/webdelmaestrocmf.com\/portal\/wp-content\/uploads\/2021\/08\/1-54.jpg?resize=525%2C300&ssl=1 1.5x, https:\/\/i0.wp.com\/webdelmaestrocmf.com\/portal\/wp-content\/uploads\/2021\/08\/1-54.jpg?resize=700%2C400&ssl=1 2x, https:\/\/i0.wp.com\/webdelmaestrocmf.com\/portal\/wp-content\/uploads\/2021\/08\/1-54.jpg?resize=1050%2C600&ssl=1 3x"},"classes":[]},{"id":74060,"url":"https:\/\/webdelmaestrocmf.com\/portal\/reynaldo-robles-hacia-el-modelo-pedagogico-emancipador\/","url_meta":{"origin":75477,"position":1},"title":"[Reynaldo Robles] hacia el modelo pedag\u00f3gico emancipador","author":"Web del Maestro CMF","date":"7 febrero, 2022","format":false,"excerpt":"Proyecto Educativo Nacional Integrador, la educaci\u00f3n derecho humano asumido por el Estado, nueva visi\u00f3n de la escuela, principio de transformaci\u00f3n, nuevo perfil docente, reforma educativa patri\u00f3tica basada en valores fundamentales, son los ejes para avanzar hacia la realizaci\u00f3n del modelo pedag\u00f3gico emancipador. Visi\u00f3n planteada en el Proyecto Educativo Nacional (PEN):\u2026","rel":"","context":"En \u00abZ-Colaborador-Reynaldo-Robles\u00bb","block_context":{"text":"Z-Colaborador-Reynaldo-Robles","link":"https:\/\/webdelmaestrocmf.com\/portal\/category\/colaborador\/z-colaborador-reynaldo-robles\/"},"img":{"alt_text":"","src":"https:\/\/i0.wp.com\/webdelmaestrocmf.com\/portal\/wp-content\/uploads\/2022\/02\/1-48.jpg?resize=350%2C200&ssl=1","width":350,"height":200,"srcset":"https:\/\/i0.wp.com\/webdelmaestrocmf.com\/portal\/wp-content\/uploads\/2022\/02\/1-48.jpg?resize=350%2C200&ssl=1 1x, https:\/\/i0.wp.com\/webdelmaestrocmf.com\/portal\/wp-content\/uploads\/2022\/02\/1-48.jpg?resize=525%2C300&ssl=1 1.5x, https:\/\/i0.wp.com\/webdelmaestrocmf.com\/portal\/wp-content\/uploads\/2022\/02\/1-48.jpg?resize=700%2C400&ssl=1 2x, https:\/\/i0.wp.com\/webdelmaestrocmf.com\/portal\/wp-content\/uploads\/2022\/02\/1-48.jpg?resize=1050%2C600&ssl=1 3x"},"classes":[]},{"id":75149,"url":"https:\/\/webdelmaestrocmf.com\/portal\/reynaldo-robles-la-funcion-de-los-sujetos-de-la-educacion-emancipadora\/","url_meta":{"origin":75477,"position":2},"title":"[Reynaldo Robles] La funci\u00f3n de los sujetos de la educaci\u00f3n emancipadora","author":"Web del Maestro CMF","date":"9 marzo, 2022","format":false,"excerpt":"\u00bfCu\u00e1l es el papel de cada uno de los sujetos e instituciones en el proceso de la formaci\u00f3n de la personalidad del estudiante? 1. Familia. Las familias en el Per\u00fa enfrentan una realidad adversa en todos los campos, una de ellas es \u201cla alienaci\u00f3n es el dominio sobre nosotros de\u2026","rel":"","context":"En \u00abZ-Colaborador-Reynaldo-Robles\u00bb","block_context":{"text":"Z-Colaborador-Reynaldo-Robles","link":"https:\/\/webdelmaestrocmf.com\/portal\/category\/colaborador\/z-colaborador-reynaldo-robles\/"},"img":{"alt_text":"","src":"https:\/\/i0.wp.com\/webdelmaestrocmf.com\/portal\/wp-content\/uploads\/2022\/03\/1-12.jpg?resize=350%2C200&ssl=1","width":350,"height":200,"srcset":"https:\/\/i0.wp.com\/webdelmaestrocmf.com\/portal\/wp-content\/uploads\/2022\/03\/1-12.jpg?resize=350%2C200&ssl=1 1x, https:\/\/i0.wp.com\/webdelmaestrocmf.com\/portal\/wp-content\/uploads\/2022\/03\/1-12.jpg?resize=525%2C300&ssl=1 1.5x, https:\/\/i0.wp.com\/webdelmaestrocmf.com\/portal\/wp-content\/uploads\/2022\/03\/1-12.jpg?resize=700%2C400&ssl=1 2x, https:\/\/i0.wp.com\/webdelmaestrocmf.com\/portal\/wp-content\/uploads\/2022\/03\/1-12.jpg?resize=1050%2C600&ssl=1 3x"},"classes":[]},{"id":72286,"url":"https:\/\/webdelmaestrocmf.com\/portal\/reynaldo-robles-caracteristicas-de-la-educacion-emancipadora\/","url_meta":{"origin":75477,"position":3},"title":"[Reynaldo Robles] Caracter\u00edsticas de la educaci\u00f3n emancipadora","author":"Web del Maestro CMF","date":"23 diciembre, 2021","format":false,"excerpt":"\u00bfC\u00f3mo resignarse ante un modelo de crecimiento que ha sido incapaz de erradicar la pobreza, el hambre y la exclusi\u00f3n social, en un sistema econ\u00f3mico mundial desigual y depredador de la naturaleza? \u00bfC\u00f3mo ense\u00f1ar sin una actitud cr\u00edticamente esperanzadora? Ni las escuelas son lugares neutrales, ni las profesoras, ni los\u2026","rel":"","context":"En \u00abZ-Colaborador-Reynaldo-Robles\u00bb","block_context":{"text":"Z-Colaborador-Reynaldo-Robles","link":"https:\/\/webdelmaestrocmf.com\/portal\/category\/colaborador\/z-colaborador-reynaldo-robles\/"},"img":{"alt_text":"","src":"https:\/\/i0.wp.com\/webdelmaestrocmf.com\/portal\/wp-content\/uploads\/2021\/12\/1-33.jpg?resize=350%2C200&ssl=1","width":350,"height":200,"srcset":"https:\/\/i0.wp.com\/webdelmaestrocmf.com\/portal\/wp-content\/uploads\/2021\/12\/1-33.jpg?resize=350%2C200&ssl=1 1x, https:\/\/i0.wp.com\/webdelmaestrocmf.com\/portal\/wp-content\/uploads\/2021\/12\/1-33.jpg?resize=525%2C300&ssl=1 1.5x, https:\/\/i0.wp.com\/webdelmaestrocmf.com\/portal\/wp-content\/uploads\/2021\/12\/1-33.jpg?resize=700%2C400&ssl=1 2x, https:\/\/i0.wp.com\/webdelmaestrocmf.com\/portal\/wp-content\/uploads\/2021\/12\/1-33.jpg?resize=1050%2C600&ssl=1 3x"},"classes":[]},{"id":101871,"url":"https:\/\/webdelmaestrocmf.com\/portal\/reynaldo-robles-hacia-un-nuevo-sistema-educativo-en-el-peru\/","url_meta":{"origin":75477,"position":4},"title":"[Reynaldo Robles] Hacia un nuevo sistema educativo en el Per\u00fa","author":"Web del Maestro CMF","date":"26 diciembre, 2023","format":false,"excerpt":"El sistema educativo para convertirse en agente fundamental de transformaci\u00f3n social tiene que desarrollarse de acuerdo a los postulados de Proyecto de Desarrollo Nacional, porque un proyecto de desarrollo establece los puntos neur\u00e1lgicos, las prioridades como los sectores productivos que se tienen que atender como cimientos del progreso nacional. Dichos\u2026","rel":"","context":"En \u00abZ-Colaborador-Reynaldo-Robles\u00bb","block_context":{"text":"Z-Colaborador-Reynaldo-Robles","link":"https:\/\/webdelmaestrocmf.com\/portal\/category\/colaborador\/z-colaborador-reynaldo-robles\/"},"img":{"alt_text":"","src":"https:\/\/i0.wp.com\/webdelmaestrocmf.com\/portal\/wp-content\/uploads\/2023\/12\/A12B3C4D-2-4.jpg?resize=350%2C200&ssl=1","width":350,"height":200,"srcset":"https:\/\/i0.wp.com\/webdelmaestrocmf.com\/portal\/wp-content\/uploads\/2023\/12\/A12B3C4D-2-4.jpg?resize=350%2C200&ssl=1 1x, https:\/\/i0.wp.com\/webdelmaestrocmf.com\/portal\/wp-content\/uploads\/2023\/12\/A12B3C4D-2-4.jpg?resize=525%2C300&ssl=1 1.5x, https:\/\/i0.wp.com\/webdelmaestrocmf.com\/portal\/wp-content\/uploads\/2023\/12\/A12B3C4D-2-4.jpg?resize=700%2C400&ssl=1 2x"},"classes":[]},{"id":70978,"url":"https:\/\/webdelmaestrocmf.com\/portal\/reynaldo-robles-fundamentos-para-la-educacion-emancipadora\/","url_meta":{"origin":75477,"position":5},"title":"[Reynaldo Robles] Fundamentos para la educaci\u00f3n emancipadora","author":"Web del Maestro CMF","date":"11 noviembre, 2021","format":false,"excerpt":"Aspiramos a una sociedad que educa, que se beneficia de la educaci\u00f3n, porque \u00e9sta se constituye en el instrumento fundamental para construir la justicia y la paz, pensamiento cr\u00edtico y reflexivo, un ciudadan\u00eda consciente y patri\u00f3tica, y un sistema social democr\u00e1tico y participativo. Un pueblo educado es consciente y comprometido\u2026","rel":"","context":"En \u00abZ-Colaborador-Reynaldo-Robles\u00bb","block_context":{"text":"Z-Colaborador-Reynaldo-Robles","link":"https:\/\/webdelmaestrocmf.com\/portal\/category\/colaborador\/z-colaborador-reynaldo-robles\/"},"img":{"alt_text":"","src":"https:\/\/i0.wp.com\/webdelmaestrocmf.com\/portal\/wp-content\/uploads\/2021\/11\/1-46.jpg?resize=350%2C200&ssl=1","width":350,"height":200,"srcset":"https:\/\/i0.wp.com\/webdelmaestrocmf.com\/portal\/wp-content\/uploads\/2021\/11\/1-46.jpg?resize=350%2C200&ssl=1 1x, https:\/\/i0.wp.com\/webdelmaestrocmf.com\/portal\/wp-content\/uploads\/2021\/11\/1-46.jpg?resize=525%2C300&ssl=1 1.5x, https:\/\/i0.wp.com\/webdelmaestrocmf.com\/portal\/wp-content\/uploads\/2021\/11\/1-46.jpg?resize=700%2C400&ssl=1 2x, https:\/\/i0.wp.com\/webdelmaestrocmf.com\/portal\/wp-content\/uploads\/2021\/11\/1-46.jpg?resize=1050%2C600&ssl=1 3x"},"classes":[]}],"_links":{"self":[{"href":"https:\/\/webdelmaestrocmf.com\/portal\/wp-json\/wp\/v2\/posts\/75477","targetHints":{"allow":["GET"]}}],"collection":[{"href":"https:\/\/webdelmaestrocmf.com\/portal\/wp-json\/wp\/v2\/posts"}],"about":[{"href":"https:\/\/webdelmaestrocmf.com\/portal\/wp-json\/wp\/v2\/types\/post"}],"author":[{"embeddable":true,"href":"https:\/\/webdelmaestrocmf.com\/portal\/wp-json\/wp\/v2\/users\/1"}],"replies":[{"embeddable":true,"href":"https:\/\/webdelmaestrocmf.com\/portal\/wp-json\/wp\/v2\/comments?post=75477"}],"version-history":[{"count":0,"href":"https:\/\/webdelmaestrocmf.com\/portal\/wp-json\/wp\/v2\/posts\/75477\/revisions"}],"wp:featuredmedia":[{"embeddable":true,"href":"https:\/\/webdelmaestrocmf.com\/portal\/wp-json\/wp\/v2\/media\/75478"}],"wp:attachment":[{"href":"https:\/\/webdelmaestrocmf.com\/portal\/wp-json\/wp\/v2\/media?parent=75477"}],"wp:term":[{"taxonomy":"category","embeddable":true,"href":"https:\/\/webdelmaestrocmf.com\/portal\/wp-json\/wp\/v2\/categories?post=75477"},{"taxonomy":"post_tag","embeddable":true,"href":"https:\/\/webdelmaestrocmf.com\/portal\/wp-json\/wp\/v2\/tags?post=75477"}],"curies":[{"name":"wp","href":"https:\/\/api.w.org\/{rel}","templated":true}]}}