{"id":75156,"date":"2022-03-09T14:58:46","date_gmt":"2022-03-09T17:58:46","guid":{"rendered":"https:\/\/webdelmaestrocmf.com\/portal\/?p=75156"},"modified":"2022-03-09T20:51:13","modified_gmt":"2022-03-09T23:51:13","slug":"fernando-gamarra-feriados-no-laborables-2022-en-tacna-peru-para-la-calendarizacion-del-ano-escolar","status":"publish","type":"post","link":"https:\/\/webdelmaestrocmf.com\/portal\/fernando-gamarra-feriados-no-laborables-2022-en-tacna-peru-para-la-calendarizacion-del-ano-escolar\/","title":{"rendered":"[Fernando Gamarra] Feriados no laborables 2022 en Tacna (Per\u00fa) para la calendarizaci\u00f3n del a\u00f1o escolar"},"content":{"rendered":"<h5 style=\"text-align: justify;\">El D.S. 006-2021-MINEDU, (publicado el 18\u00b703\u00b72021) aprueba los lineamientos para la gesti\u00f3n escolar de Instituciones Educativas P\u00fablicas de Educaci\u00f3n B\u00e1sica, en ella establece cinco Compromisos de Gesti\u00f3n Escolar (CGE), entre los cuales el CGE 3 se refiere a la Gesti\u00f3n de las condiciones operativas orientada al sostenimiento del servicio educativo ofrecido por la IE, la misma que tienen como una de sus pr\u00e1cticas la elaboraci\u00f3n, difusi\u00f3n y seguimiento de la calendarizaci\u00f3n y prevenci\u00f3n de eventos que afecten su cumplimiento, como es por ejemplo la organizaci\u00f3n del tiempo anual en la IE.<\/h5>\n<p><!--more--><\/p>\n<p style=\"text-align: justify;\">La R.M. N\u00ba 221-2021-MINEDU (11\u00b706\u00b72021), que aprueba las disposiciones para la organizaci\u00f3n del tiempo anual de la II.EE., dispone que el a\u00f1o escolar se compone de treinta y seis semanas lectivas y ocho semanas de gesti\u00f3n, esto es 180 d\u00edas efectivos para el desarrollo de las competencias de los estudiantes y cuarenta d\u00edas efectivos para el fortalecimiento de la gesti\u00f3n escolar. Asimismo, indica que, para la elaboraci\u00f3n de la calendarizaci\u00f3n efectiva, se deben descontar los feriados oficiales nacionales, el d\u00eda del maestro y los feriados locales, de acuerdo con las disposiciones oficiales emitidas por el gobierno central y gobiernos regionales. Posterior al este descuento, se determina el n\u00famero de d\u00edas efectivos para calendarizar el a\u00f1o escolar.<\/p>\n<p style=\"text-align: justify;\">El Decreto de Urgencia N\u00ba 022-2007 (16\u00b707\u00b72007), dicta medidas extraordinarias para asegurar el servicio educativo a nivel nacional y en su art\u00edculo 2, referente al pago de remuneraciones, especifica: \u00ab<em>El pago de remuneraciones s\u00f3lo corresponde como contraprestaci\u00f3n por el trabajo efectivamente realizado estando prohibido el pago de remuneraciones por d\u00edas no laborados,\u00a0<strong><u>SALVO DISPOSICI\u00d3N DE LEY EXPRESA EN CONTRARIO<\/u><\/strong>\u00a0(&#8230;)\u00bb<\/em>.<\/p>\n<p style=\"text-align: justify;\">La ley N\u00ba 23849 (27\u00b708\u00b71983), declara\u00a0<strong>D\u00cdA C\u00cdVICO NO LABORABLE<\/strong>\u00a0el d\u00eda 28 de agosto de cada a\u00f1o en el departamento de Tacna en conmemoraci\u00f3n de su reincorporaci\u00f3n al seno de la patria; y d\u00eda c\u00edvico laborable en el resto de la Rep\u00fablica.<\/p>\n<p style=\"text-align: justify;\">La Ley N\u00ba 24681 (03\u00b706\u00b71987), declara el d\u00eda 26 de mayo de todos los a\u00f1os, D\u00cdA FERIADO NO LABORABLE, en la ciudad de Tacna, capital del Departamento de Tacna.<\/p>\n<p style=\"text-align: justify;\">Ambos d\u00edas, <strong>26 de mayo<\/strong> y <strong>28 de agosto<\/strong>,\u00a0<strong>SON D\u00cdAS NO LABORABLES EN TACNA<\/strong>\u00a0POR LEY por lo tanto NO SE RECUPERAN tan igual como cualquier otro feriado no laborable en el a\u00f1o 2022 como son los establecidos en la Ley N\u00ba 31381 (publicado el 31\u00b712\u00b72021), cuyo art\u00edculo 3 modifica el art\u00edculo 6 del Decreto Legislativo 713 (07\u00b711\u00b71991) en los siguientes t\u00e9rminos:<\/p>\n<ul style=\"text-align: justify;\">\n<li>A\u00f1o Nuevo (01 de enero), el a\u00f1o 2022 cae s\u00e1bado.<\/li>\n<li>Jueves Santo y Viernes Santo (movibles), el a\u00f1o 2022 cae los d\u00edas 14 y 15 de abril.<\/li>\n<li>D\u00eda del Trabajo (01 de mayo), el a\u00f1o 2022 cae d\u00eda domingo.<\/li>\n<li>San Pedro y San Pablo (29 de junio), el a\u00f1o 2022 cae mi\u00e9rcoles.<\/li>\n<li>Fiestas Patrias (28 y 29 de julio), el a\u00f1o 2022 cae jueves y viernes.<\/li>\n<li>Santa Rosa de Lima (30 de agosto), el a\u00f1o 2022 cae martes.<\/li>\n<li>Combate de Angamos (08 de octubre), el a\u00f1o 2022 cae s\u00e1bado<\/li>\n<li>Todos los Santos (01 de noviembre), el a\u00f1o 2022 cae martes.<\/li>\n<li>Inmaculada Concepci\u00f3n (08 de diciembre), el a\u00f1o 2022 cae jueves.<\/li>\n<li>Batalla de Ayacucho (09 de diciembre), el a\u00f1o 2022 cae viernes.<\/li>\n<li>Navidad del Se\u00f1or (25 de diciembre), el a\u00f1o 2022 cae domingo.<\/li>\n<\/ul>\n<p style=\"text-align: justify;\">En la regi\u00f3n Tacna el d\u00eda 14 de setiembre en base a la Ordenanza Regional N\u00ba 013-2015-CR (09\u00b709\u00b72015), el cual tiene rango de Ley dentro de la regi\u00f3n, se declara FERIADO NO LABORABLE en la Regi\u00f3n Tacna el 14 de setiembre en homenaje a la festividad el Se\u00f1or de Locumba y a la vez\u00a0<strong>establece<\/strong>\u00a0que las horas dejadas de laborar ser\u00e1n compensadas en las semanas posteriores al evento.<\/p>\n<p style=\"text-align: justify;\">En base a estas leyes se debe de hacer una adecuada planificaci\u00f3n de la calendarizaci\u00f3n del a\u00f1o escolar para el Plan Anual de Trabajo 2022.<\/p>\n<p style=\"text-align: justify;\"><strong>NOTA DE REDACCI\u00d3N:<\/strong> La Web del Maestro CMF publica los textos originales de su autor, no necesariamente coincide con lo expuesto en el tema, no se hace responsable de las opiniones expresadas, y no promociona ning\u00fan producto, servicio, marca o empresa. Sugerimos a nuestros lectores conocer la identidad de la fuente o de su autor o autores, para tener mayores elementos de juicio y la pertinencia a su realidad educativa.<\/p>\n<table class=\" alignleft\" border=\"0\" width=\"100%\" cellspacing=\"10\" cellpadding=\"10\">\n<tbody>\n<tr>\n<td style=\"text-align: center;\" width=\"30%\"><strong><img loading=\"lazy\" decoding=\"async\" class=\"size-full wp-image-60586 aligncenter\" src=\"https:\/\/webdelmaestrocmf.com\/portal\/wp-content\/uploads\/2021\/03\/1-copia-27.jpg\" alt=\"\" width=\"200\" height=\"200\" srcset=\"https:\/\/webdelmaestrocmf.com\/portal\/wp-content\/uploads\/2021\/03\/1-copia-27.jpg 200w, https:\/\/webdelmaestrocmf.com\/portal\/wp-content\/uploads\/2021\/03\/1-copia-27-150x150.jpg 150w, https:\/\/webdelmaestrocmf.com\/portal\/wp-content\/uploads\/2021\/03\/1-copia-27-80x80.jpg 80w, https:\/\/webdelmaestrocmf.com\/portal\/wp-content\/uploads\/2021\/03\/1-copia-27-110x110.jpg 110w, https:\/\/webdelmaestrocmf.com\/portal\/wp-content\/uploads\/2021\/03\/1-copia-27-160x160.jpg 160w\" sizes=\"auto, (max-width: 200px) 100vw, 200px\" \/><br \/>\nAutor: <\/strong>Fernando Gamarra Morales Tacna, Per\u00fa.<br \/>\nEx Secretario General del SUTEP Tacna.<br \/>\nProfesor de Matem\u00e1tica y F\u00edsica de la I.E. Guillermo Auza Arce.<strong><br \/>\nEmial:<\/strong>\u00a0<a href=\"mailto:fer_gamarra@hotmail.com\">fer_gamarra@hotmail.com<\/a><strong><br \/>\n<\/strong><\/p>\n<div>\n<div class=\"_1t_p clearfix\">\n<div class=\"_41ud\">\n<div class=\"clearfix _o46 _3erg _29_7 _8lma direction_ltr text_align_ltr\">\n<div id=\"js_39\" class=\"_3058 _ui9 _hh7 _6ybn _s1- _52mr _3oh-\" data-tooltip-content=\"domingo 16:17\" data-hover=\"tooltip\" data-tooltip-position=\"left\">\n<div class=\"_aok\" tabindex=\"0\"><span class=\"_3oh- _58nk\"><strong>Celular:<\/strong> 51952290888<\/span><\/div>\n<\/div>\n<\/div>\n<\/div>\n<\/div>\n<\/div>\n<\/td>\n<\/tr>\n<\/tbody>\n<\/table>\n<p style=\"text-align: left;\">.<\/p>\n\t\t<div class=\"pk-inline-posts\">\n\t\t\t\n\t\t\t<div class=\"pk-inline-posts-container pk-inline-posts-template-list\"\n\t\t\t\tdata-columns=\"1\">\n\t\t\t\t\t\t<article id=\"post-84497\" class=\"post-84497 post type-post status-publish format-standard has-post-thumbnail category-z-colaborador-fernando-gamarra category-colaborador tag-area tag-descanso tag-fernando-gamarra tag-gestion tag-pedagogica tag-profesores tag-vacacional cs-entry cs-video-wrap\">\n\t\t\t<div class=\"pk-post-outer\">\n\n\t\t\t\t\t\t\t\t<div class=\"pk-post-inner\">\n\t\t\t\t\t<div class=\"entry-thumbnail\">\n\t\t\t\t\t\t<div class=\"pk-overlay pk-overlay-ratio pk-ratio-landscape\">\n\t\t\t\t\t\t\t<div class=\"pk-overlay-background\">\n\t\t\t\t\t\t\t\t<a href=\"https:\/\/webdelmaestrocmf.com\/portal\/fernando-gamarra-descanso-vacacional-2023-de-los-profesores-del-area-de-gestion-pedagogica-peru\/\" class=\"pk-overlay-link\">\n\t\t\t\t\t\t\t\t\t<img loading=\"lazy\" decoding=\"async\" width=\"300\" height=\"225\" src=\"https:\/\/webdelmaestrocmf.com\/portal\/wp-content\/uploads\/2023\/02\/1abc-5-300x225.jpg\" class=\"attachment-pk-thumbnail size-pk-thumbnail wp-post-image\" alt=\"\" srcset=\"https:\/\/webdelmaestrocmf.com\/portal\/wp-content\/uploads\/2023\/02\/1abc-5-300x225.jpg 300w, https:\/\/webdelmaestrocmf.com\/portal\/wp-content\/uploads\/2023\/02\/1abc-5-200x150.jpg 200w, https:\/\/webdelmaestrocmf.com\/portal\/wp-content\/uploads\/2023\/02\/1abc-5-260x195.jpg 260w\" sizes=\"auto, (max-width: 300px) 100vw, 300px\" \/>\t\t\t\t\t\t\t\t<\/a>\n\t\t\t\t\t\t\t<\/div>\n\t\t\t\t\t\t<\/div>\n\t\t\t\t\t<\/div>\n\t\t\t\t<\/div>\n\t\t\t\t\n\t\t\t\t<div class=\"pk-post-inner\">\n\t\t\t\t\t<header>\n\t\t\t\t\t\t<h3 class=\"pk-title\"><a href=\"https:\/\/webdelmaestrocmf.com\/portal\/fernando-gamarra-descanso-vacacional-2023-de-los-profesores-del-area-de-gestion-pedagogica-peru\/\" rel=\"bookmark\">[Fernando Gamarra] Descanso vacacional 2023 de los profesores del \u00e1rea de gesti\u00f3n pedag\u00f3gica (Per\u00fa)<\/a><\/h3>\t\t\t\t\t<\/header><!-- .entry-header -->\n\t\t\t\t<\/div><!-- .post-inner -->\n\n\t\t\t<\/div><!-- .post-outer -->\n\t\t<\/article>\n\t\t\t\t<\/div>\n\t\t<\/div>\n\t\t\n","protected":false},"excerpt":{"rendered":"El D.S. 006-2021-MINEDU, (publicado el 18\u00b703\u00b72021) aprueba los lineamientos para la gesti\u00f3n escolar de Instituciones Educativas P\u00fablicas de&hellip;","protected":false},"author":1,"featured_media":75157,"comment_status":"open","ping_status":"closed","sticky":false,"template":"","format":"standard","meta":{"csco_display_header_overlay":false,"csco_singular_sidebar":"default","csco_page_header_type":"default","csco_page_load_nextpost":"default","csco_post_video_location":[],"csco_post_video_location_hash":"","csco_post_video_url":"","csco_post_video_bg_start_time":0,"csco_post_video_bg_end_time":0,"csco_post_video_bg_volume":false,"_jetpack_memberships_contains_paid_content":false,"footnotes":""},"categories":[1965,1790],"tags":[13767,3206,14686,608,14683,1966,14684,14685],"class_list":{"0":"post-75156","1":"post","2":"type-post","3":"status-publish","4":"format-standard","5":"has-post-thumbnail","7":"category-z-colaborador-fernando-gamarra","8":"category-colaborador","9":"tag-13767","10":"tag-ano","11":"tag-calendarizacion","12":"tag-escolar","13":"tag-feriados","14":"tag-fernando-gamarra","15":"tag-laborables","16":"tag-tacna","17":"cs-entry","18":"cs-video-wrap"},"yoast_head":"<!-- This site is optimized with the Yoast SEO plugin v27.5 - https:\/\/yoast.com\/product\/yoast-seo-wordpress\/ -->\n<title>[Fernando Gamarra] Feriados no laborables 2022 en Tacna (Per\u00fa) para la calendarizaci\u00f3n del a\u00f1o escolar - 2026<\/title>\n<meta name=\"description\" content=\"Comunidad de Maestros, Docentes y Profesores, en donde encontrar\u00e1s material, informaci\u00f3n y noticias del \u00e1mbito nacional y mundial.\" \/>\n<meta name=\"robots\" content=\"index, follow, max-snippet:-1, max-image-preview:large, max-video-preview:-1\" \/>\n<link rel=\"canonical\" href=\"https:\/\/webdelmaestrocmf.com\/portal\/fernando-gamarra-feriados-no-laborables-2022-en-tacna-peru-para-la-calendarizacion-del-ano-escolar\/\" \/>\n<meta property=\"og:locale\" content=\"es_ES\" \/>\n<meta property=\"og:type\" content=\"article\" \/>\n<meta property=\"og:title\" content=\"[Fernando Gamarra] Feriados no laborables 2022 en Tacna (Per\u00fa) para la calendarizaci\u00f3n del a\u00f1o escolar - 2026\" \/>\n<meta property=\"og:description\" content=\"Comunidad de Maestros, Docentes y Profesores, en donde encontrar\u00e1s material, informaci\u00f3n y noticias del \u00e1mbito nacional y mundial.\" \/>\n<meta property=\"og:url\" content=\"https:\/\/webdelmaestrocmf.com\/portal\/fernando-gamarra-feriados-no-laborables-2022-en-tacna-peru-para-la-calendarizacion-del-ano-escolar\/\" \/>\n<meta property=\"og:site_name\" content=\"Web del Maestro CMF\" \/>\n<meta property=\"article:publisher\" content=\"https:\/\/www.facebook.com\/WebdelMaestroCMF\/\" \/>\n<meta property=\"article:author\" content=\"https:\/\/www.facebook.com\/WebdelMaestroCMF\/\" \/>\n<meta property=\"article:published_time\" content=\"2022-03-09T17:58:46+00:00\" \/>\n<meta property=\"article:modified_time\" content=\"2022-03-09T23:51:13+00:00\" \/>\n<meta property=\"og:image\" content=\"https:\/\/i0.wp.com\/webdelmaestrocmf.com\/portal\/wp-content\/uploads\/2022\/03\/1-13.jpg?fit=1100%2C680&ssl=1\" \/>\n\t<meta property=\"og:image:width\" content=\"1100\" \/>\n\t<meta property=\"og:image:height\" content=\"680\" \/>\n\t<meta property=\"og:image:type\" content=\"image\/jpeg\" \/>\n<meta name=\"author\" content=\"Web del Maestro CMF\" \/>\n<meta name=\"twitter:card\" content=\"summary_large_image\" \/>\n<meta name=\"twitter:creator\" content=\"@cmf_w\" \/>\n<meta name=\"twitter:site\" content=\"@cmf_w\" \/>\n<script type=\"application\/ld+json\" class=\"yoast-schema-graph\">{\"@context\":\"https:\\\/\\\/schema.org\",\"@graph\":[{\"@type\":\"ScholarlyArticle\",\"@id\":\"https:\\\/\\\/webdelmaestrocmf.com\\\/portal\\\/fernando-gamarra-feriados-no-laborables-2022-en-tacna-peru-para-la-calendarizacion-del-ano-escolar\\\/#article\",\"isPartOf\":{\"@id\":\"https:\\\/\\\/webdelmaestrocmf.com\\\/portal\\\/fernando-gamarra-feriados-no-laborables-2022-en-tacna-peru-para-la-calendarizacion-del-ano-escolar\\\/\"},\"author\":{\"name\":\"Web del Maestro CMF\",\"@id\":\"https:\\\/\\\/webdelmaestrocmf.com\\\/portal\\\/#\\\/schema\\\/person\\\/1072a2ed7bd960df8ef99a551fa35dc5\"},\"headline\":\"[Fernando Gamarra] Feriados no laborables 2022 en Tacna (Per\u00fa) para la calendarizaci\u00f3n del a\u00f1o escolar\",\"datePublished\":\"2022-03-09T17:58:46+00:00\",\"dateModified\":\"2022-03-09T23:51:13+00:00\",\"mainEntityOfPage\":{\"@id\":\"https:\\\/\\\/webdelmaestrocmf.com\\\/portal\\\/fernando-gamarra-feriados-no-laborables-2022-en-tacna-peru-para-la-calendarizacion-del-ano-escolar\\\/\"},\"wordCount\":782,\"commentCount\":0,\"publisher\":{\"@id\":\"https:\\\/\\\/webdelmaestrocmf.com\\\/portal\\\/#organization\"},\"image\":{\"@id\":\"https:\\\/\\\/webdelmaestrocmf.com\\\/portal\\\/fernando-gamarra-feriados-no-laborables-2022-en-tacna-peru-para-la-calendarizacion-del-ano-escolar\\\/#primaryimage\"},\"thumbnailUrl\":\"https:\\\/\\\/webdelmaestrocmf.com\\\/portal\\\/wp-content\\\/uploads\\\/2022\\\/03\\\/1-13.jpg\",\"keywords\":[\"2022\",\"A\u00d1O\",\"calendarizaci\u00f3n\",\"ESCOLAR\",\"Feriados\",\"FERNANDO GAMARRA\",\"laborables\",\"Tacna\"],\"articleSection\":[\"Z-Colaborador-Fernando-Gamarra\",\"Z-Colaboradores\"],\"inLanguage\":\"es\",\"potentialAction\":[{\"@type\":\"CommentAction\",\"name\":\"Comment\",\"target\":[\"https:\\\/\\\/webdelmaestrocmf.com\\\/portal\\\/fernando-gamarra-feriados-no-laborables-2022-en-tacna-peru-para-la-calendarizacion-del-ano-escolar\\\/#respond\"]}]},{\"@type\":\"WebPage\",\"@id\":\"https:\\\/\\\/webdelmaestrocmf.com\\\/portal\\\/fernando-gamarra-feriados-no-laborables-2022-en-tacna-peru-para-la-calendarizacion-del-ano-escolar\\\/\",\"url\":\"https:\\\/\\\/webdelmaestrocmf.com\\\/portal\\\/fernando-gamarra-feriados-no-laborables-2022-en-tacna-peru-para-la-calendarizacion-del-ano-escolar\\\/\",\"name\":\"[Fernando Gamarra] Feriados no laborables 2022 en Tacna (Per\u00fa) para la calendarizaci\u00f3n del a\u00f1o escolar - 2026\",\"isPartOf\":{\"@id\":\"https:\\\/\\\/webdelmaestrocmf.com\\\/portal\\\/#website\"},\"primaryImageOfPage\":{\"@id\":\"https:\\\/\\\/webdelmaestrocmf.com\\\/portal\\\/fernando-gamarra-feriados-no-laborables-2022-en-tacna-peru-para-la-calendarizacion-del-ano-escolar\\\/#primaryimage\"},\"image\":{\"@id\":\"https:\\\/\\\/webdelmaestrocmf.com\\\/portal\\\/fernando-gamarra-feriados-no-laborables-2022-en-tacna-peru-para-la-calendarizacion-del-ano-escolar\\\/#primaryimage\"},\"thumbnailUrl\":\"https:\\\/\\\/webdelmaestrocmf.com\\\/portal\\\/wp-content\\\/uploads\\\/2022\\\/03\\\/1-13.jpg\",\"datePublished\":\"2022-03-09T17:58:46+00:00\",\"dateModified\":\"2022-03-09T23:51:13+00:00\",\"description\":\"Comunidad de Maestros, Docentes y Profesores, en donde encontrar\u00e1s material, informaci\u00f3n y noticias del \u00e1mbito nacional y mundial.\",\"breadcrumb\":{\"@id\":\"https:\\\/\\\/webdelmaestrocmf.com\\\/portal\\\/fernando-gamarra-feriados-no-laborables-2022-en-tacna-peru-para-la-calendarizacion-del-ano-escolar\\\/#breadcrumb\"},\"inLanguage\":\"es\",\"potentialAction\":[{\"@type\":\"ReadAction\",\"target\":[\"https:\\\/\\\/webdelmaestrocmf.com\\\/portal\\\/fernando-gamarra-feriados-no-laborables-2022-en-tacna-peru-para-la-calendarizacion-del-ano-escolar\\\/\"]}]},{\"@type\":\"ImageObject\",\"inLanguage\":\"es\",\"@id\":\"https:\\\/\\\/webdelmaestrocmf.com\\\/portal\\\/fernando-gamarra-feriados-no-laborables-2022-en-tacna-peru-para-la-calendarizacion-del-ano-escolar\\\/#primaryimage\",\"url\":\"https:\\\/\\\/webdelmaestrocmf.com\\\/portal\\\/wp-content\\\/uploads\\\/2022\\\/03\\\/1-13.jpg\",\"contentUrl\":\"https:\\\/\\\/webdelmaestrocmf.com\\\/portal\\\/wp-content\\\/uploads\\\/2022\\\/03\\\/1-13.jpg\",\"width\":1100,\"height\":680},{\"@type\":\"BreadcrumbList\",\"@id\":\"https:\\\/\\\/webdelmaestrocmf.com\\\/portal\\\/fernando-gamarra-feriados-no-laborables-2022-en-tacna-peru-para-la-calendarizacion-del-ano-escolar\\\/#breadcrumb\",\"itemListElement\":[{\"@type\":\"ListItem\",\"position\":1,\"name\":\"Portada\",\"item\":\"https:\\\/\\\/webdelmaestrocmf.com\\\/portal\\\/\"},{\"@type\":\"ListItem\",\"position\":2,\"name\":\"Z-Colaboradores\",\"item\":\"https:\\\/\\\/webdelmaestrocmf.com\\\/portal\\\/category\\\/colaborador\\\/\"},{\"@type\":\"ListItem\",\"position\":3,\"name\":\"[Fernando Gamarra] Feriados no laborables 2022 en Tacna (Per\u00fa) para la calendarizaci\u00f3n del a\u00f1o escolar\"}]},{\"@type\":\"WebSite\",\"@id\":\"https:\\\/\\\/webdelmaestrocmf.com\\\/portal\\\/#website\",\"url\":\"https:\\\/\\\/webdelmaestrocmf.com\\\/portal\\\/\",\"name\":\"Web del Maestro CMF\",\"description\":\"Maestros al servicio de la educaci\u00f3n\",\"publisher\":{\"@id\":\"https:\\\/\\\/webdelmaestrocmf.com\\\/portal\\\/#organization\"},\"alternateName\":\"WMCMF\",\"potentialAction\":[{\"@type\":\"SearchAction\",\"target\":{\"@type\":\"EntryPoint\",\"urlTemplate\":\"https:\\\/\\\/webdelmaestrocmf.com\\\/portal\\\/?s={search_term_string}\"},\"query-input\":{\"@type\":\"PropertyValueSpecification\",\"valueRequired\":true,\"valueName\":\"search_term_string\"}}],\"inLanguage\":\"es\"},{\"@type\":\"Organization\",\"@id\":\"https:\\\/\\\/webdelmaestrocmf.com\\\/portal\\\/#organization\",\"name\":\"Web del Maestro CMF\",\"alternateName\":\"WMCMF\",\"url\":\"https:\\\/\\\/webdelmaestrocmf.com\\\/portal\\\/\",\"logo\":{\"@type\":\"ImageObject\",\"inLanguage\":\"es\",\"@id\":\"https:\\\/\\\/webdelmaestrocmf.com\\\/portal\\\/#\\\/schema\\\/logo\\\/image\\\/\",\"url\":\"https:\\\/\\\/webdelmaestrocmf.com\\\/portal\\\/wp-content\\\/uploads\\\/2023\\\/01\\\/logo-wmcmf-2.png\",\"contentUrl\":\"https:\\\/\\\/webdelmaestrocmf.com\\\/portal\\\/wp-content\\\/uploads\\\/2023\\\/01\\\/logo-wmcmf-2.png\",\"width\":200,\"height\":60,\"caption\":\"Web del Maestro CMF\"},\"image\":{\"@id\":\"https:\\\/\\\/webdelmaestrocmf.com\\\/portal\\\/#\\\/schema\\\/logo\\\/image\\\/\"},\"sameAs\":[\"https:\\\/\\\/www.facebook.com\\\/WebdelMaestroCMF\\\/\",\"https:\\\/\\\/x.com\\\/cmf_w\",\"https:\\\/\\\/www.pinterest.com\\\/WMCMF\\\/\",\"https:\\\/\\\/www.linkedin.com\\\/company\\\/web-del-maestro-cmf\\\/\",\"https:\\\/\\\/www.instagram.com\\\/wmcmf\\\/\",\"https:\\\/\\\/www.youtube.com\\\/channel\\\/UCDPSvjbdodE5sHnC3OxutHw\",\"https:\\\/\\\/mastodon.social\\\/@wmcmf\",\"https:\\\/\\\/www.tiktok.com\\\/@webdelmaestrocmf\"]},{\"@type\":\"Person\",\"@id\":\"https:\\\/\\\/webdelmaestrocmf.com\\\/portal\\\/#\\\/schema\\\/person\\\/1072a2ed7bd960df8ef99a551fa35dc5\",\"name\":\"Web del Maestro CMF\",\"image\":{\"@type\":\"ImageObject\",\"inLanguage\":\"es\",\"@id\":\"https:\\\/\\\/secure.gravatar.com\\\/avatar\\\/23291dd5b5ae1077dcff3dbb04c3e02bd28403fa75af6d8787d5e97c5bbbe30b?s=96&d=mm&r=g\",\"url\":\"https:\\\/\\\/secure.gravatar.com\\\/avatar\\\/23291dd5b5ae1077dcff3dbb04c3e02bd28403fa75af6d8787d5e97c5bbbe30b?s=96&d=mm&r=g\",\"contentUrl\":\"https:\\\/\\\/secure.gravatar.com\\\/avatar\\\/23291dd5b5ae1077dcff3dbb04c3e02bd28403fa75af6d8787d5e97c5bbbe30b?s=96&d=mm&r=g\",\"caption\":\"Web del Maestro CMF\"},\"description\":\"Esta Web se cre\u00f3 sin fines de lucro, con fines educativos, cient\u00edficos y acad\u00e9micos, para personas que tengan dificultades y\\\/o inconvenientes en visualizar el material original. El objetivo es entregar recursos, compartir experiencias y materiales que ayuden a los padres de familia, maestros y estudiantes en su actualizaci\u00f3n y formaci\u00f3n permanente, en bien de la Educaci\u00f3n.\",\"sameAs\":[\"http:\\\/\\\/webdelmaestrocmf.com\\\/portal\",\"https:\\\/\\\/www.facebook.com\\\/WebdelMaestroCMF\\\/\",\"https:\\\/\\\/www.instagram.com\\\/wmcmf\\\/\",\"https:\\\/\\\/cl.linkedin.com\\\/company\\\/web-del-maestro-cmf\",\"https:\\\/\\\/www.pinterest.com\\\/WMCMF\\\/publicaciones\\\/\",\"https:\\\/\\\/x.com\\\/cmf_w\",\"https:\\\/\\\/www.youtube.com\\\/@WMCMF\"]}]}<\/script>\n<!-- \/ Yoast SEO plugin. -->","yoast_head_json":{"title":"[Fernando Gamarra] Feriados no laborables 2022 en Tacna (Per\u00fa) para la calendarizaci\u00f3n del a\u00f1o escolar - 2026","description":"Comunidad de Maestros, Docentes y Profesores, en donde encontrar\u00e1s material, informaci\u00f3n y noticias del \u00e1mbito nacional y mundial.","robots":{"index":"index","follow":"follow","max-snippet":"max-snippet:-1","max-image-preview":"max-image-preview:large","max-video-preview":"max-video-preview:-1"},"canonical":"https:\/\/webdelmaestrocmf.com\/portal\/fernando-gamarra-feriados-no-laborables-2022-en-tacna-peru-para-la-calendarizacion-del-ano-escolar\/","og_locale":"es_ES","og_type":"article","og_title":"[Fernando Gamarra] Feriados no laborables 2022 en Tacna (Per\u00fa) para la calendarizaci\u00f3n del a\u00f1o escolar - 2026","og_description":"Comunidad de Maestros, Docentes y Profesores, en donde encontrar\u00e1s material, informaci\u00f3n y noticias del \u00e1mbito nacional y mundial.","og_url":"https:\/\/webdelmaestrocmf.com\/portal\/fernando-gamarra-feriados-no-laborables-2022-en-tacna-peru-para-la-calendarizacion-del-ano-escolar\/","og_site_name":"Web del Maestro CMF","article_publisher":"https:\/\/www.facebook.com\/WebdelMaestroCMF\/","article_author":"https:\/\/www.facebook.com\/WebdelMaestroCMF\/","article_published_time":"2022-03-09T17:58:46+00:00","article_modified_time":"2022-03-09T23:51:13+00:00","og_image":[{"width":1100,"height":680,"url":"https:\/\/i0.wp.com\/webdelmaestrocmf.com\/portal\/wp-content\/uploads\/2022\/03\/1-13.jpg?fit=1100%2C680&ssl=1","type":"image\/jpeg"}],"author":"Web del Maestro CMF","twitter_card":"summary_large_image","twitter_creator":"@cmf_w","twitter_site":"@cmf_w","schema":{"@context":"https:\/\/schema.org","@graph":[{"@type":"ScholarlyArticle","@id":"https:\/\/webdelmaestrocmf.com\/portal\/fernando-gamarra-feriados-no-laborables-2022-en-tacna-peru-para-la-calendarizacion-del-ano-escolar\/#article","isPartOf":{"@id":"https:\/\/webdelmaestrocmf.com\/portal\/fernando-gamarra-feriados-no-laborables-2022-en-tacna-peru-para-la-calendarizacion-del-ano-escolar\/"},"author":{"name":"Web del Maestro CMF","@id":"https:\/\/webdelmaestrocmf.com\/portal\/#\/schema\/person\/1072a2ed7bd960df8ef99a551fa35dc5"},"headline":"[Fernando Gamarra] Feriados no laborables 2022 en Tacna (Per\u00fa) para la calendarizaci\u00f3n del a\u00f1o escolar","datePublished":"2022-03-09T17:58:46+00:00","dateModified":"2022-03-09T23:51:13+00:00","mainEntityOfPage":{"@id":"https:\/\/webdelmaestrocmf.com\/portal\/fernando-gamarra-feriados-no-laborables-2022-en-tacna-peru-para-la-calendarizacion-del-ano-escolar\/"},"wordCount":782,"commentCount":0,"publisher":{"@id":"https:\/\/webdelmaestrocmf.com\/portal\/#organization"},"image":{"@id":"https:\/\/webdelmaestrocmf.com\/portal\/fernando-gamarra-feriados-no-laborables-2022-en-tacna-peru-para-la-calendarizacion-del-ano-escolar\/#primaryimage"},"thumbnailUrl":"https:\/\/webdelmaestrocmf.com\/portal\/wp-content\/uploads\/2022\/03\/1-13.jpg","keywords":["2022","A\u00d1O","calendarizaci\u00f3n","ESCOLAR","Feriados","FERNANDO GAMARRA","laborables","Tacna"],"articleSection":["Z-Colaborador-Fernando-Gamarra","Z-Colaboradores"],"inLanguage":"es","potentialAction":[{"@type":"CommentAction","name":"Comment","target":["https:\/\/webdelmaestrocmf.com\/portal\/fernando-gamarra-feriados-no-laborables-2022-en-tacna-peru-para-la-calendarizacion-del-ano-escolar\/#respond"]}]},{"@type":"WebPage","@id":"https:\/\/webdelmaestrocmf.com\/portal\/fernando-gamarra-feriados-no-laborables-2022-en-tacna-peru-para-la-calendarizacion-del-ano-escolar\/","url":"https:\/\/webdelmaestrocmf.com\/portal\/fernando-gamarra-feriados-no-laborables-2022-en-tacna-peru-para-la-calendarizacion-del-ano-escolar\/","name":"[Fernando Gamarra] Feriados no laborables 2022 en Tacna (Per\u00fa) para la calendarizaci\u00f3n del a\u00f1o escolar - 2026","isPartOf":{"@id":"https:\/\/webdelmaestrocmf.com\/portal\/#website"},"primaryImageOfPage":{"@id":"https:\/\/webdelmaestrocmf.com\/portal\/fernando-gamarra-feriados-no-laborables-2022-en-tacna-peru-para-la-calendarizacion-del-ano-escolar\/#primaryimage"},"image":{"@id":"https:\/\/webdelmaestrocmf.com\/portal\/fernando-gamarra-feriados-no-laborables-2022-en-tacna-peru-para-la-calendarizacion-del-ano-escolar\/#primaryimage"},"thumbnailUrl":"https:\/\/webdelmaestrocmf.com\/portal\/wp-content\/uploads\/2022\/03\/1-13.jpg","datePublished":"2022-03-09T17:58:46+00:00","dateModified":"2022-03-09T23:51:13+00:00","description":"Comunidad de Maestros, Docentes y Profesores, en donde encontrar\u00e1s material, informaci\u00f3n y noticias del \u00e1mbito nacional y mundial.","breadcrumb":{"@id":"https:\/\/webdelmaestrocmf.com\/portal\/fernando-gamarra-feriados-no-laborables-2022-en-tacna-peru-para-la-calendarizacion-del-ano-escolar\/#breadcrumb"},"inLanguage":"es","potentialAction":[{"@type":"ReadAction","target":["https:\/\/webdelmaestrocmf.com\/portal\/fernando-gamarra-feriados-no-laborables-2022-en-tacna-peru-para-la-calendarizacion-del-ano-escolar\/"]}]},{"@type":"ImageObject","inLanguage":"es","@id":"https:\/\/webdelmaestrocmf.com\/portal\/fernando-gamarra-feriados-no-laborables-2022-en-tacna-peru-para-la-calendarizacion-del-ano-escolar\/#primaryimage","url":"https:\/\/webdelmaestrocmf.com\/portal\/wp-content\/uploads\/2022\/03\/1-13.jpg","contentUrl":"https:\/\/webdelmaestrocmf.com\/portal\/wp-content\/uploads\/2022\/03\/1-13.jpg","width":1100,"height":680},{"@type":"BreadcrumbList","@id":"https:\/\/webdelmaestrocmf.com\/portal\/fernando-gamarra-feriados-no-laborables-2022-en-tacna-peru-para-la-calendarizacion-del-ano-escolar\/#breadcrumb","itemListElement":[{"@type":"ListItem","position":1,"name":"Portada","item":"https:\/\/webdelmaestrocmf.com\/portal\/"},{"@type":"ListItem","position":2,"name":"Z-Colaboradores","item":"https:\/\/webdelmaestrocmf.com\/portal\/category\/colaborador\/"},{"@type":"ListItem","position":3,"name":"[Fernando Gamarra] Feriados no laborables 2022 en Tacna (Per\u00fa) para la calendarizaci\u00f3n del a\u00f1o escolar"}]},{"@type":"WebSite","@id":"https:\/\/webdelmaestrocmf.com\/portal\/#website","url":"https:\/\/webdelmaestrocmf.com\/portal\/","name":"Web del Maestro CMF","description":"Maestros al servicio de la educaci\u00f3n","publisher":{"@id":"https:\/\/webdelmaestrocmf.com\/portal\/#organization"},"alternateName":"WMCMF","potentialAction":[{"@type":"SearchAction","target":{"@type":"EntryPoint","urlTemplate":"https:\/\/webdelmaestrocmf.com\/portal\/?s={search_term_string}"},"query-input":{"@type":"PropertyValueSpecification","valueRequired":true,"valueName":"search_term_string"}}],"inLanguage":"es"},{"@type":"Organization","@id":"https:\/\/webdelmaestrocmf.com\/portal\/#organization","name":"Web del Maestro CMF","alternateName":"WMCMF","url":"https:\/\/webdelmaestrocmf.com\/portal\/","logo":{"@type":"ImageObject","inLanguage":"es","@id":"https:\/\/webdelmaestrocmf.com\/portal\/#\/schema\/logo\/image\/","url":"https:\/\/webdelmaestrocmf.com\/portal\/wp-content\/uploads\/2023\/01\/logo-wmcmf-2.png","contentUrl":"https:\/\/webdelmaestrocmf.com\/portal\/wp-content\/uploads\/2023\/01\/logo-wmcmf-2.png","width":200,"height":60,"caption":"Web del Maestro CMF"},"image":{"@id":"https:\/\/webdelmaestrocmf.com\/portal\/#\/schema\/logo\/image\/"},"sameAs":["https:\/\/www.facebook.com\/WebdelMaestroCMF\/","https:\/\/x.com\/cmf_w","https:\/\/www.pinterest.com\/WMCMF\/","https:\/\/www.linkedin.com\/company\/web-del-maestro-cmf\/","https:\/\/www.instagram.com\/wmcmf\/","https:\/\/www.youtube.com\/channel\/UCDPSvjbdodE5sHnC3OxutHw","https:\/\/mastodon.social\/@wmcmf","https:\/\/www.tiktok.com\/@webdelmaestrocmf"]},{"@type":"Person","@id":"https:\/\/webdelmaestrocmf.com\/portal\/#\/schema\/person\/1072a2ed7bd960df8ef99a551fa35dc5","name":"Web del Maestro CMF","image":{"@type":"ImageObject","inLanguage":"es","@id":"https:\/\/secure.gravatar.com\/avatar\/23291dd5b5ae1077dcff3dbb04c3e02bd28403fa75af6d8787d5e97c5bbbe30b?s=96&d=mm&r=g","url":"https:\/\/secure.gravatar.com\/avatar\/23291dd5b5ae1077dcff3dbb04c3e02bd28403fa75af6d8787d5e97c5bbbe30b?s=96&d=mm&r=g","contentUrl":"https:\/\/secure.gravatar.com\/avatar\/23291dd5b5ae1077dcff3dbb04c3e02bd28403fa75af6d8787d5e97c5bbbe30b?s=96&d=mm&r=g","caption":"Web del Maestro CMF"},"description":"Esta Web se cre\u00f3 sin fines de lucro, con fines educativos, cient\u00edficos y acad\u00e9micos, para personas que tengan dificultades y\/o inconvenientes en visualizar el material original. El objetivo es entregar recursos, compartir experiencias y materiales que ayuden a los padres de familia, maestros y estudiantes en su actualizaci\u00f3n y formaci\u00f3n permanente, en bien de la Educaci\u00f3n.","sameAs":["http:\/\/webdelmaestrocmf.com\/portal","https:\/\/www.facebook.com\/WebdelMaestroCMF\/","https:\/\/www.instagram.com\/wmcmf\/","https:\/\/cl.linkedin.com\/company\/web-del-maestro-cmf","https:\/\/www.pinterest.com\/WMCMF\/publicaciones\/","https:\/\/x.com\/cmf_w","https:\/\/www.youtube.com\/@WMCMF"]}]}},"jetpack_featured_media_url":"https:\/\/webdelmaestrocmf.com\/portal\/wp-content\/uploads\/2022\/03\/1-13.jpg","jetpack_sharing_enabled":true,"jetpack-related-posts":[{"id":62931,"url":"https:\/\/webdelmaestrocmf.com\/portal\/fernando-gamarra-semanas-de-gestion-en-el-ano-lectivo-2021-en-peru\/","url_meta":{"origin":75156,"position":0},"title":"[Fernando Gamarra] Semanas de gesti\u00f3n en el A\u00f1o Lectivo 2021 en Per\u00fa","author":"Web del Maestro CMF","date":"13 mayo, 2021","format":false,"excerpt":"El Compromiso 4: Acompa\u00f1amiento y monitoreo para la mejora de las pr\u00e1cticas pedag\u00f3gicas orientadas al logro de aprendizajes previstos en el CNEB, se\u00f1alado en el Documento Normativo \u201cOrientaciones para el Desarrollo del A\u00f1o Escolar 2021 en Instituciones Educativas y Programas Educativos de la Educaci\u00f3n B\u00e1sica\u201d, permite que el equipo directivo\u2026","rel":"","context":"En \u00abZ-Colaborador-Fernando-Gamarra\u00bb","block_context":{"text":"Z-Colaborador-Fernando-Gamarra","link":"https:\/\/webdelmaestrocmf.com\/portal\/category\/colaborador\/z-colaborador-fernando-gamarra\/"},"img":{"alt_text":"","src":"https:\/\/i0.wp.com\/webdelmaestrocmf.com\/portal\/wp-content\/uploads\/2021\/05\/1-copia-18.jpg?resize=350%2C200&ssl=1","width":350,"height":200,"srcset":"https:\/\/i0.wp.com\/webdelmaestrocmf.com\/portal\/wp-content\/uploads\/2021\/05\/1-copia-18.jpg?resize=350%2C200&ssl=1 1x, https:\/\/i0.wp.com\/webdelmaestrocmf.com\/portal\/wp-content\/uploads\/2021\/05\/1-copia-18.jpg?resize=525%2C300&ssl=1 1.5x, https:\/\/i0.wp.com\/webdelmaestrocmf.com\/portal\/wp-content\/uploads\/2021\/05\/1-copia-18.jpg?resize=700%2C400&ssl=1 2x, https:\/\/i0.wp.com\/webdelmaestrocmf.com\/portal\/wp-content\/uploads\/2021\/05\/1-copia-18.jpg?resize=1050%2C600&ssl=1 3x"},"classes":[]},{"id":74401,"url":"https:\/\/webdelmaestrocmf.com\/portal\/fernando-gamarra-vacaciones-2022-de-los-profesores-del-area-de-gestion-pedagogica-del-peru\/","url_meta":{"origin":75156,"position":1},"title":"[Fernando Gamarra] Vacaciones 2022 de los profesores del \u00e1rea de Gesti\u00f3n Pedag\u00f3gica del Per\u00fa","author":"Web del Maestro CMF","date":"17 febrero, 2022","format":false,"excerpt":"El art\u00edculo 25\u00b0 de la\u00a0Constituci\u00f3n Pol\u00edtica del Per\u00fa\u00a0establece el derecho de los trabajadores a gozar de vacaciones anuales pagadas. El principio que rige el pago de la remuneraci\u00f3n vacacional es que el trabajador debe percibir como remuneraci\u00f3n vacacional la misma que hubiera percibido habitual y regularmente. En cuanto al descanso\u2026","rel":"","context":"En \u00abZ-Colaborador-Fernando-Gamarra\u00bb","block_context":{"text":"Z-Colaborador-Fernando-Gamarra","link":"https:\/\/webdelmaestrocmf.com\/portal\/category\/colaborador\/z-colaborador-fernando-gamarra\/"},"img":{"alt_text":"","src":"https:\/\/i0.wp.com\/webdelmaestrocmf.com\/portal\/wp-content\/uploads\/2022\/02\/1-86.jpg?resize=350%2C200&ssl=1","width":350,"height":200,"srcset":"https:\/\/i0.wp.com\/webdelmaestrocmf.com\/portal\/wp-content\/uploads\/2022\/02\/1-86.jpg?resize=350%2C200&ssl=1 1x, https:\/\/i0.wp.com\/webdelmaestrocmf.com\/portal\/wp-content\/uploads\/2022\/02\/1-86.jpg?resize=525%2C300&ssl=1 1.5x, https:\/\/i0.wp.com\/webdelmaestrocmf.com\/portal\/wp-content\/uploads\/2022\/02\/1-86.jpg?resize=700%2C400&ssl=1 2x, https:\/\/i0.wp.com\/webdelmaestrocmf.com\/portal\/wp-content\/uploads\/2022\/02\/1-86.jpg?resize=1050%2C600&ssl=1 3x"},"classes":[]},{"id":63536,"url":"https:\/\/webdelmaestrocmf.com\/portal\/fernando-gamarra-algunas-disposiciones-de-la-r-vm-no-155-2021-minedu-frente-al-brote-del-covid-19-en-el-peru\/","url_meta":{"origin":75156,"position":2},"title":"[Fernando Gamarra] Algunas disposiciones de la R.VM N\u00ba 155-2021-MINEDU, frente al brote del Covid-19 en el Per\u00fa","author":"Web del Maestro CMF","date":"29 mayo, 2021","format":false,"excerpt":"La\u00a0 Resoluci\u00f3n Viceministerial N\u00b0 155-2021-MINEDU, publicada el mi\u00e9rcoles 26 de mayo de 2021, deroga la Norma T\u00e9cnica denominada \"Disposiciones para el trabajo remoto de los profesores que asegure el desarrollo del servicio educativo no presencial de las instituciones y programas educativos p\u00fablicos, frente al brote del\u00a0COVID-19\", aprobada por\u00a0Resoluci\u00f3n Viceministerial N\u00b0\u2026","rel":"","context":"En \u00abZ-Colaborador-Fernando-Gamarra\u00bb","block_context":{"text":"Z-Colaborador-Fernando-Gamarra","link":"https:\/\/webdelmaestrocmf.com\/portal\/category\/colaborador\/z-colaborador-fernando-gamarra\/"},"img":{"alt_text":"","src":"https:\/\/i0.wp.com\/webdelmaestrocmf.com\/portal\/wp-content\/uploads\/2021\/05\/1-copia-41.jpg?resize=350%2C200&ssl=1","width":350,"height":200,"srcset":"https:\/\/i0.wp.com\/webdelmaestrocmf.com\/portal\/wp-content\/uploads\/2021\/05\/1-copia-41.jpg?resize=350%2C200&ssl=1 1x, https:\/\/i0.wp.com\/webdelmaestrocmf.com\/portal\/wp-content\/uploads\/2021\/05\/1-copia-41.jpg?resize=525%2C300&ssl=1 1.5x, https:\/\/i0.wp.com\/webdelmaestrocmf.com\/portal\/wp-content\/uploads\/2021\/05\/1-copia-41.jpg?resize=700%2C400&ssl=1 2x, https:\/\/i0.wp.com\/webdelmaestrocmf.com\/portal\/wp-content\/uploads\/2021\/05\/1-copia-41.jpg?resize=1050%2C600&ssl=1 3x"},"classes":[]},{"id":57487,"url":"https:\/\/webdelmaestrocmf.com\/portal\/proyecto-educativo-institucional-2021-minedu\/","url_meta":{"origin":75156,"position":3},"title":"Proyecto Educativo Institucional | MINEDU","author":"Web del Maestro CMF","date":"11 enero, 2021","format":false,"excerpt":"La presente gu\u00eda para elaborar el Proyecto Educativo Institucional (PEI) y el Plan Anual de Trabajo (PAT), busca brindar orientaciones para elaborar estos instrumentos de gesti\u00f3n (IIGG) que son claves para el buen funcionamiento de las IIEE. En la primera parte de la gu\u00eda se presentan las ideas claves sobre\u2026","rel":"","context":"En \u00abDescargas Manuales PDF\u00bb","block_context":{"text":"Descargas Manuales PDF","link":"https:\/\/webdelmaestrocmf.com\/portal\/category\/pedagogia\/descargas-manuales-pdf\/"},"img":{"alt_text":"","src":"https:\/\/i0.wp.com\/webdelmaestrocmf.com\/portal\/wp-content\/uploads\/2021\/01\/1-copia-68.jpg?resize=350%2C200&ssl=1","width":350,"height":200,"srcset":"https:\/\/i0.wp.com\/webdelmaestrocmf.com\/portal\/wp-content\/uploads\/2021\/01\/1-copia-68.jpg?resize=350%2C200&ssl=1 1x, https:\/\/i0.wp.com\/webdelmaestrocmf.com\/portal\/wp-content\/uploads\/2021\/01\/1-copia-68.jpg?resize=525%2C300&ssl=1 1.5x, https:\/\/i0.wp.com\/webdelmaestrocmf.com\/portal\/wp-content\/uploads\/2021\/01\/1-copia-68.jpg?resize=700%2C400&ssl=1 2x, https:\/\/i0.wp.com\/webdelmaestrocmf.com\/portal\/wp-content\/uploads\/2021\/01\/1-copia-68.jpg?resize=1050%2C600&ssl=1 3x"},"classes":[]},{"id":63362,"url":"https:\/\/webdelmaestrocmf.com\/portal\/fernando-gamarra-algunas-precisiones-normativas-del-trabajo-remoto-en-el-peru\/","url_meta":{"origin":75156,"position":4},"title":"[Fernando Gamarra] Algunas precisiones normativas del trabajo remoto en el Per\u00fa","author":"Web del Maestro CMF","date":"24 mayo, 2021","format":false,"excerpt":"(\u2026) No es saludable mantener a los estudiantes muchas horas frente a la computadora, viendo televisi\u00f3n o haciendo tareas. El horario de estudio se organiza en per\u00edodos m\u00e1s cortos, de acuerdo con las edades, garantizando que no se agobie a los estudiantes con muchas tareas. (R.VM. N\u00ba 093-2020-MINEDU, numeral 5.2.1,\u2026","rel":"","context":"En \u00abZ-Colaborador-Fernando-Gamarra\u00bb","block_context":{"text":"Z-Colaborador-Fernando-Gamarra","link":"https:\/\/webdelmaestrocmf.com\/portal\/category\/colaborador\/z-colaborador-fernando-gamarra\/"},"img":{"alt_text":"","src":"https:\/\/i0.wp.com\/webdelmaestrocmf.com\/portal\/wp-content\/uploads\/2021\/05\/1-copia-31.jpg?resize=350%2C200&ssl=1","width":350,"height":200,"srcset":"https:\/\/i0.wp.com\/webdelmaestrocmf.com\/portal\/wp-content\/uploads\/2021\/05\/1-copia-31.jpg?resize=350%2C200&ssl=1 1x, https:\/\/i0.wp.com\/webdelmaestrocmf.com\/portal\/wp-content\/uploads\/2021\/05\/1-copia-31.jpg?resize=525%2C300&ssl=1 1.5x, https:\/\/i0.wp.com\/webdelmaestrocmf.com\/portal\/wp-content\/uploads\/2021\/05\/1-copia-31.jpg?resize=700%2C400&ssl=1 2x, https:\/\/i0.wp.com\/webdelmaestrocmf.com\/portal\/wp-content\/uploads\/2021\/05\/1-copia-31.jpg?resize=1050%2C600&ssl=1 3x"},"classes":[]},{"id":84497,"url":"https:\/\/webdelmaestrocmf.com\/portal\/fernando-gamarra-descanso-vacacional-2023-de-los-profesores-del-area-de-gestion-pedagogica-peru\/","url_meta":{"origin":75156,"position":5},"title":"[Fernando Gamarra] Descanso vacacional 2023 de los profesores del \u00e1rea de gesti\u00f3n pedag\u00f3gica (Per\u00fa)","author":"Web del Maestro CMF","date":"20 febrero, 2023","format":false,"excerpt":"En cuanto al descanso vacacional anual remunerado se trata de un derecho de reconocimiento internacional a nivel de la normativa sobre derechos humanos y, a nivel constitucional el art\u00edculo 25\u00b0 ha establecido que\u00a0\"(...) Los trabajadores tienen derecho a descanso semanal y anual remunerados. Su disfrute y compensaci\u00f3n se regulan por\u2026","rel":"","context":"En \u00abZ-Colaborador-Fernando-Gamarra\u00bb","block_context":{"text":"Z-Colaborador-Fernando-Gamarra","link":"https:\/\/webdelmaestrocmf.com\/portal\/category\/colaborador\/z-colaborador-fernando-gamarra\/"},"img":{"alt_text":"","src":"https:\/\/i0.wp.com\/webdelmaestrocmf.com\/portal\/wp-content\/uploads\/2023\/02\/1abc-5.jpg?resize=350%2C200&ssl=1","width":350,"height":200,"srcset":"https:\/\/i0.wp.com\/webdelmaestrocmf.com\/portal\/wp-content\/uploads\/2023\/02\/1abc-5.jpg?resize=350%2C200&ssl=1 1x, https:\/\/i0.wp.com\/webdelmaestrocmf.com\/portal\/wp-content\/uploads\/2023\/02\/1abc-5.jpg?resize=525%2C300&ssl=1 1.5x, https:\/\/i0.wp.com\/webdelmaestrocmf.com\/portal\/wp-content\/uploads\/2023\/02\/1abc-5.jpg?resize=700%2C400&ssl=1 2x"},"classes":[]}],"_links":{"self":[{"href":"https:\/\/webdelmaestrocmf.com\/portal\/wp-json\/wp\/v2\/posts\/75156","targetHints":{"allow":["GET"]}}],"collection":[{"href":"https:\/\/webdelmaestrocmf.com\/portal\/wp-json\/wp\/v2\/posts"}],"about":[{"href":"https:\/\/webdelmaestrocmf.com\/portal\/wp-json\/wp\/v2\/types\/post"}],"author":[{"embeddable":true,"href":"https:\/\/webdelmaestrocmf.com\/portal\/wp-json\/wp\/v2\/users\/1"}],"replies":[{"embeddable":true,"href":"https:\/\/webdelmaestrocmf.com\/portal\/wp-json\/wp\/v2\/comments?post=75156"}],"version-history":[{"count":0,"href":"https:\/\/webdelmaestrocmf.com\/portal\/wp-json\/wp\/v2\/posts\/75156\/revisions"}],"wp:featuredmedia":[{"embeddable":true,"href":"https:\/\/webdelmaestrocmf.com\/portal\/wp-json\/wp\/v2\/media\/75157"}],"wp:attachment":[{"href":"https:\/\/webdelmaestrocmf.com\/portal\/wp-json\/wp\/v2\/media?parent=75156"}],"wp:term":[{"taxonomy":"category","embeddable":true,"href":"https:\/\/webdelmaestrocmf.com\/portal\/wp-json\/wp\/v2\/categories?post=75156"},{"taxonomy":"post_tag","embeddable":true,"href":"https:\/\/webdelmaestrocmf.com\/portal\/wp-json\/wp\/v2\/tags?post=75156"}],"curies":[{"name":"wp","href":"https:\/\/api.w.org\/{rel}","templated":true}]}}