{"id":75095,"date":"2022-03-07T20:31:20","date_gmt":"2022-03-07T23:31:20","guid":{"rendered":"https:\/\/webdelmaestrocmf.com\/portal\/?p=75095"},"modified":"2022-03-07T20:34:51","modified_gmt":"2022-03-07T23:34:51","slug":"padres-y-apoderados-piden-austeridad-y-flexibilidad-en-listas-de-utiles-escolares","status":"publish","type":"post","link":"https:\/\/webdelmaestrocmf.com\/portal\/padres-y-apoderados-piden-austeridad-y-flexibilidad-en-listas-de-utiles-escolares\/","title":{"rendered":"Padres y apoderados piden austeridad y flexibilidad en listas de \u00fatiles escolares"},"content":{"rendered":"<h5 style=\"text-align: justify;\">Para muchos padres y apoderados, la pandemia los oblig\u00f3 a guardar los estuches y los cuadernos. Con el nuevo calendario escolar, que fij\u00f3 para el 1 de marzo el retorno a clases presenciales, la austeridad se ha tomado el listado de \u00fatiles.<\/h5>\n<p><!--more--><\/p>\n<h5 style=\"text-align: justify;\">En ese sentido, los establecimientos educacionales apuntan a un solo objetivo: pedir solo lo necesario. Flexibilidad de uniformes e, incluso, el trueque entre familias se vuelve una alternativa.<\/h5>\n<p style=\"text-align: justify;\">\u00abNosotros no vamos a pedir lista de \u00fatiles, las vamos a acotar lo m\u00e1s que se pueda. En cuanto a los uniformes, que se puedan vender (&#8230;) que no queden in\u00fatiles y pueda ser un traspaso\u00bb, coment\u00f3 Gloria S\u00e1ez, directora del Colegio Ingl\u00e9s San Luis Gonzaga.<\/p>\n<h5 style=\"text-align: justify;\">Piden austeridad<\/h5>\n<p style=\"text-align: justify;\">As\u00ed tambi\u00e9n lo confirman las agrupaciones de colegios, que transversalmente asumen que la austeridad encabezar\u00e1 la lista de \u00fatiles escolares, considerando el contexto econ\u00f3mico debido a la pandemia.<\/p>\n<p style=\"text-align: justify;\">\u00abHemos solicitado a todos nuestros afiliados que instruyan a sus equipos directivos para elaborar un catastro que permita determinar los \u00fatiles escolares que no fueron utilizados\u00bb, indica Luis Ca\u00f1as, presidente de la Coordinadora Colegios Particulares Subvencionados.<\/p>\n<p><img loading=\"lazy\" decoding=\"async\" class=\"alignnone size-full wp-image-75096\" src=\"https:\/\/webdelmaestrocmf.com\/portal\/wp-content\/uploads\/2022\/03\/maxresdefault-10.jpg\" alt=\"\" width=\"1140\" height=\"712\" srcset=\"https:\/\/webdelmaestrocmf.com\/portal\/wp-content\/uploads\/2022\/03\/maxresdefault-10.jpg 1140w, https:\/\/webdelmaestrocmf.com\/portal\/wp-content\/uploads\/2022\/03\/maxresdefault-10-300x187.jpg 300w, https:\/\/webdelmaestrocmf.com\/portal\/wp-content\/uploads\/2022\/03\/maxresdefault-10-1024x640.jpg 1024w, https:\/\/webdelmaestrocmf.com\/portal\/wp-content\/uploads\/2022\/03\/maxresdefault-10-768x480.jpg 768w, https:\/\/webdelmaestrocmf.com\/portal\/wp-content\/uploads\/2022\/03\/maxresdefault-10-110x69.jpg 110w, https:\/\/webdelmaestrocmf.com\/portal\/wp-content\/uploads\/2022\/03\/maxresdefault-10-200x125.jpg 200w, https:\/\/webdelmaestrocmf.com\/portal\/wp-content\/uploads\/2022\/03\/maxresdefault-10-380x237.jpg 380w, https:\/\/webdelmaestrocmf.com\/portal\/wp-content\/uploads\/2022\/03\/maxresdefault-10-255x159.jpg 255w, https:\/\/webdelmaestrocmf.com\/portal\/wp-content\/uploads\/2022\/03\/maxresdefault-10-550x344.jpg 550w, https:\/\/webdelmaestrocmf.com\/portal\/wp-content\/uploads\/2022\/03\/maxresdefault-10-800x500.jpg 800w\" sizes=\"auto, (max-width: 1140px) 100vw, 1140px\" \/><\/p>\n<h5 style=\"text-align: justify;\">\u00bfQu\u00e9 dicen las autoridades?<\/h5>\n<p style=\"text-align: justify;\">El ente encargado de supervisar y fiscalizar la lista de \u00fatiles escolares se suma al llamado, recalcando la importancia de no exigir art\u00edculos que com\u00fanmente se utilizaban antes del escenario pand\u00e9mico.<\/p>\n<p style=\"text-align: justify;\">\u00abNo se pueden solicitar marcas en espec\u00edfico de alg\u00fan \u00fatil en particular o que estos sean comprados en alg\u00fan determinado lugar. Por ejemplo, se pueden reutilizar algunos materiales que no se ocuparon\u00bb, manifiesta Cristi\u00e1n O&#8217;Ryan, superintendente de Educaci\u00f3n.<\/p>\n<p style=\"text-align: justify;\">A las ferias de intercambio de uniformes y la no exigencia de ciertos \u00fatiles, tambi\u00e9n se suma la posibilidad de entregar los textos y documentos esenciales de manera digital.<\/p>\n<p><strong>Este contenido ha sido publicado originalmente por Meganoticias en la siguiente direcci\u00f3n: <a href=\"http:\/\/meganoticias.cl\" target=\"_blank\" rel=\"noopener\">meganoticias.cl<\/a><\/strong><\/p>\n\t\t<div class=\"pk-inline-posts\">\n\t\t\t\n\t\t\t<div class=\"pk-inline-posts-container pk-inline-posts-template-list\"\n\t\t\t\tdata-columns=\"1\">\n\t\t\t\t\t\t<article id=\"post-114355\" class=\"post-114355 post type-post status-publish format-standard has-post-thumbnail category-docentes category-noticias-pedagogia category-pedagogia tag-derechos-del-nino tag-docentes-en-redes-sociales tag-educacion-responsable tag-etica-docente tag-legislacion-educativa tag-privacidad-infantil tag-profesores-influencers tag-proteccion-de-datos tag-uso-de-imagen cs-entry cs-video-wrap\">\n\t\t\t<div class=\"pk-post-outer\">\n\n\t\t\t\t\t\t\t\t<div class=\"pk-post-inner\">\n\t\t\t\t\t<div class=\"entry-thumbnail\">\n\t\t\t\t\t\t<div class=\"pk-overlay pk-overlay-ratio pk-ratio-landscape\">\n\t\t\t\t\t\t\t<div class=\"pk-overlay-background\">\n\t\t\t\t\t\t\t\t<a href=\"https:\/\/webdelmaestrocmf.com\/portal\/atencion-profesores-tiktokers-por-que-no-pueden-usar-imagenes-fotos-de-sus-estudiantes-en-redes-sociales-personales\/\" class=\"pk-overlay-link\">\n\t\t\t\t\t\t\t\t\t<img loading=\"lazy\" decoding=\"async\" width=\"300\" height=\"225\" src=\"https:\/\/webdelmaestrocmf.com\/portal\/wp-content\/uploads\/2025\/12\/1A-Banner-1-portada-imagen-10-1-copia-1-18-300x225.webp\" class=\"attachment-pk-thumbnail size-pk-thumbnail wp-post-image\" alt=\"\" \/>\t\t\t\t\t\t\t\t<\/a>\n\t\t\t\t\t\t\t<\/div>\n\t\t\t\t\t\t<\/div>\n\t\t\t\t\t<\/div>\n\t\t\t\t<\/div>\n\t\t\t\t\n\t\t\t\t<div class=\"pk-post-inner\">\n\t\t\t\t\t<header>\n\t\t\t\t\t\t<h3 class=\"pk-title\"><a href=\"https:\/\/webdelmaestrocmf.com\/portal\/atencion-profesores-tiktokers-por-que-no-pueden-usar-imagenes-fotos-de-sus-estudiantes-en-redes-sociales-personales\/\" rel=\"bookmark\">Atenci\u00f3n, profesores tiktokers: por qu\u00e9 no pueden usar im\u00e1genes (fotos) de sus estudiantes en redes sociales personales<\/a><\/h3>\t\t\t\t\t<\/header><!-- .entry-header -->\n\t\t\t\t<\/div><!-- .post-inner -->\n\n\t\t\t<\/div><!-- .post-outer -->\n\t\t<\/article>\n\t\t\t\t<\/div>\n\t\t<\/div>\n\t\t\n","protected":false},"excerpt":{"rendered":"Para muchos padres y apoderados, la pandemia los oblig\u00f3 a guardar los estuches y los cuadernos. Con el&hellip;","protected":false},"author":1,"featured_media":75098,"comment_status":"open","ping_status":"closed","sticky":false,"template":"","format":"standard","meta":{"csco_display_header_overlay":false,"csco_singular_sidebar":"default","csco_page_header_type":"default","csco_page_load_nextpost":"default","csco_post_video_location":[],"csco_post_video_location_hash":"","csco_post_video_url":"","csco_post_video_bg_start_time":0,"csco_post_video_bg_end_time":0,"csco_post_video_bg_volume":false,"_jetpack_memberships_contains_paid_content":false,"footnotes":""},"categories":[5375,735],"tags":[14674,14676,314,13726,3735,184,14675,3321],"class_list":{"0":"post-75095","1":"post","2":"type-post","3":"status-publish","4":"format-standard","5":"has-post-thumbnail","7":"category-noticias-pedagogia","8":"category-pedagogia","9":"tag-apoderados","10":"tag-austeridad","11":"tag-escolares","12":"tag-flexibilidad","13":"tag-listas","14":"tag-padres","15":"tag-piden","16":"tag-utiles","17":"cs-entry","18":"cs-video-wrap"},"yoast_head":"<!-- This site is optimized with the Yoast SEO plugin v27.5 - https:\/\/yoast.com\/product\/yoast-seo-wordpress\/ -->\n<title>Padres y apoderados piden austeridad y flexibilidad en listas de \u00fatiles escolares - 2026<\/title>\n<meta name=\"description\" content=\"Para muchos padres y apoderados, la pandemia los oblig\u00f3 a guardar los estuches y los cuadernos. Con el nuevo calendario escolar...\" \/>\n<meta name=\"robots\" content=\"index, follow, max-snippet:-1, max-image-preview:large, max-video-preview:-1\" \/>\n<link rel=\"canonical\" href=\"https:\/\/webdelmaestrocmf.com\/portal\/padres-y-apoderados-piden-austeridad-y-flexibilidad-en-listas-de-utiles-escolares\/\" \/>\n<meta property=\"og:locale\" content=\"es_ES\" \/>\n<meta property=\"og:type\" content=\"article\" \/>\n<meta property=\"og:title\" content=\"Padres y apoderados piden austeridad y flexibilidad en listas de \u00fatiles escolares - 2026\" \/>\n<meta property=\"og:description\" content=\"Para muchos padres y apoderados, la pandemia los oblig\u00f3 a guardar los estuches y los cuadernos. Con el nuevo calendario escolar...\" \/>\n<meta property=\"og:url\" content=\"https:\/\/webdelmaestrocmf.com\/portal\/padres-y-apoderados-piden-austeridad-y-flexibilidad-en-listas-de-utiles-escolares\/\" \/>\n<meta property=\"og:site_name\" content=\"Web del Maestro CMF\" \/>\n<meta property=\"article:publisher\" content=\"https:\/\/www.facebook.com\/WebdelMaestroCMF\/\" \/>\n<meta property=\"article:author\" content=\"https:\/\/www.facebook.com\/WebdelMaestroCMF\/\" \/>\n<meta property=\"article:published_time\" content=\"2022-03-07T23:31:20+00:00\" \/>\n<meta property=\"article:modified_time\" content=\"2022-03-07T23:34:51+00:00\" \/>\n<meta property=\"og:image\" content=\"https:\/\/i0.wp.com\/webdelmaestrocmf.com\/portal\/wp-content\/uploads\/2022\/03\/maxresdefault-11.jpg?fit=1100%2C680&ssl=1\" \/>\n\t<meta property=\"og:image:width\" content=\"1100\" \/>\n\t<meta property=\"og:image:height\" content=\"680\" \/>\n\t<meta property=\"og:image:type\" content=\"image\/jpeg\" \/>\n<meta name=\"author\" content=\"Web del Maestro CMF\" \/>\n<meta name=\"twitter:card\" content=\"summary_large_image\" \/>\n<meta name=\"twitter:creator\" content=\"@cmf_w\" \/>\n<meta name=\"twitter:site\" content=\"@cmf_w\" \/>\n<script type=\"application\/ld+json\" class=\"yoast-schema-graph\">{\"@context\":\"https:\\\/\\\/schema.org\",\"@graph\":[{\"@type\":\"ScholarlyArticle\",\"@id\":\"https:\\\/\\\/webdelmaestrocmf.com\\\/portal\\\/padres-y-apoderados-piden-austeridad-y-flexibilidad-en-listas-de-utiles-escolares\\\/#article\",\"isPartOf\":{\"@id\":\"https:\\\/\\\/webdelmaestrocmf.com\\\/portal\\\/padres-y-apoderados-piden-austeridad-y-flexibilidad-en-listas-de-utiles-escolares\\\/\"},\"author\":{\"name\":\"Web del Maestro CMF\",\"@id\":\"https:\\\/\\\/webdelmaestrocmf.com\\\/portal\\\/#\\\/schema\\\/person\\\/1072a2ed7bd960df8ef99a551fa35dc5\"},\"headline\":\"Padres y apoderados piden austeridad y flexibilidad en listas de \u00fatiles escolares\",\"datePublished\":\"2022-03-07T23:31:20+00:00\",\"dateModified\":\"2022-03-07T23:34:51+00:00\",\"mainEntityOfPage\":{\"@id\":\"https:\\\/\\\/webdelmaestrocmf.com\\\/portal\\\/padres-y-apoderados-piden-austeridad-y-flexibilidad-en-listas-de-utiles-escolares\\\/\"},\"wordCount\":328,\"commentCount\":0,\"publisher\":{\"@id\":\"https:\\\/\\\/webdelmaestrocmf.com\\\/portal\\\/#organization\"},\"image\":{\"@id\":\"https:\\\/\\\/webdelmaestrocmf.com\\\/portal\\\/padres-y-apoderados-piden-austeridad-y-flexibilidad-en-listas-de-utiles-escolares\\\/#primaryimage\"},\"thumbnailUrl\":\"https:\\\/\\\/webdelmaestrocmf.com\\\/portal\\\/wp-content\\\/uploads\\\/2022\\\/03\\\/maxresdefault-11.jpg\",\"keywords\":[\"apoderados\",\"austeridad\",\"ESCOLARES\",\"flexibilidad\",\"LISTAS\",\"padres\",\"piden\",\"\u00daTILES\"],\"articleSection\":[\"Noticias\",\"Recursos\"],\"inLanguage\":\"es\",\"potentialAction\":[{\"@type\":\"CommentAction\",\"name\":\"Comment\",\"target\":[\"https:\\\/\\\/webdelmaestrocmf.com\\\/portal\\\/padres-y-apoderados-piden-austeridad-y-flexibilidad-en-listas-de-utiles-escolares\\\/#respond\"]}]},{\"@type\":\"WebPage\",\"@id\":\"https:\\\/\\\/webdelmaestrocmf.com\\\/portal\\\/padres-y-apoderados-piden-austeridad-y-flexibilidad-en-listas-de-utiles-escolares\\\/\",\"url\":\"https:\\\/\\\/webdelmaestrocmf.com\\\/portal\\\/padres-y-apoderados-piden-austeridad-y-flexibilidad-en-listas-de-utiles-escolares\\\/\",\"name\":\"Padres y apoderados piden austeridad y flexibilidad en listas de \u00fatiles escolares - 2026\",\"isPartOf\":{\"@id\":\"https:\\\/\\\/webdelmaestrocmf.com\\\/portal\\\/#website\"},\"primaryImageOfPage\":{\"@id\":\"https:\\\/\\\/webdelmaestrocmf.com\\\/portal\\\/padres-y-apoderados-piden-austeridad-y-flexibilidad-en-listas-de-utiles-escolares\\\/#primaryimage\"},\"image\":{\"@id\":\"https:\\\/\\\/webdelmaestrocmf.com\\\/portal\\\/padres-y-apoderados-piden-austeridad-y-flexibilidad-en-listas-de-utiles-escolares\\\/#primaryimage\"},\"thumbnailUrl\":\"https:\\\/\\\/webdelmaestrocmf.com\\\/portal\\\/wp-content\\\/uploads\\\/2022\\\/03\\\/maxresdefault-11.jpg\",\"datePublished\":\"2022-03-07T23:31:20+00:00\",\"dateModified\":\"2022-03-07T23:34:51+00:00\",\"description\":\"Para muchos padres y apoderados, la pandemia los oblig\u00f3 a guardar los estuches y los cuadernos. Con el nuevo calendario escolar...\",\"breadcrumb\":{\"@id\":\"https:\\\/\\\/webdelmaestrocmf.com\\\/portal\\\/padres-y-apoderados-piden-austeridad-y-flexibilidad-en-listas-de-utiles-escolares\\\/#breadcrumb\"},\"inLanguage\":\"es\",\"potentialAction\":[{\"@type\":\"ReadAction\",\"target\":[\"https:\\\/\\\/webdelmaestrocmf.com\\\/portal\\\/padres-y-apoderados-piden-austeridad-y-flexibilidad-en-listas-de-utiles-escolares\\\/\"]}]},{\"@type\":\"ImageObject\",\"inLanguage\":\"es\",\"@id\":\"https:\\\/\\\/webdelmaestrocmf.com\\\/portal\\\/padres-y-apoderados-piden-austeridad-y-flexibilidad-en-listas-de-utiles-escolares\\\/#primaryimage\",\"url\":\"https:\\\/\\\/webdelmaestrocmf.com\\\/portal\\\/wp-content\\\/uploads\\\/2022\\\/03\\\/maxresdefault-11.jpg\",\"contentUrl\":\"https:\\\/\\\/webdelmaestrocmf.com\\\/portal\\\/wp-content\\\/uploads\\\/2022\\\/03\\\/maxresdefault-11.jpg\",\"width\":1100,\"height\":680},{\"@type\":\"BreadcrumbList\",\"@id\":\"https:\\\/\\\/webdelmaestrocmf.com\\\/portal\\\/padres-y-apoderados-piden-austeridad-y-flexibilidad-en-listas-de-utiles-escolares\\\/#breadcrumb\",\"itemListElement\":[{\"@type\":\"ListItem\",\"position\":1,\"name\":\"Portada\",\"item\":\"https:\\\/\\\/webdelmaestrocmf.com\\\/portal\\\/\"},{\"@type\":\"ListItem\",\"position\":2,\"name\":\"Recursos\",\"item\":\"https:\\\/\\\/webdelmaestrocmf.com\\\/portal\\\/category\\\/pedagogia\\\/\"},{\"@type\":\"ListItem\",\"position\":3,\"name\":\"Padres y apoderados piden austeridad y flexibilidad en listas de \u00fatiles escolares\"}]},{\"@type\":\"WebSite\",\"@id\":\"https:\\\/\\\/webdelmaestrocmf.com\\\/portal\\\/#website\",\"url\":\"https:\\\/\\\/webdelmaestrocmf.com\\\/portal\\\/\",\"name\":\"Web del Maestro CMF\",\"description\":\"Maestros al servicio de la educaci\u00f3n\",\"publisher\":{\"@id\":\"https:\\\/\\\/webdelmaestrocmf.com\\\/portal\\\/#organization\"},\"alternateName\":\"WMCMF\",\"potentialAction\":[{\"@type\":\"SearchAction\",\"target\":{\"@type\":\"EntryPoint\",\"urlTemplate\":\"https:\\\/\\\/webdelmaestrocmf.com\\\/portal\\\/?s={search_term_string}\"},\"query-input\":{\"@type\":\"PropertyValueSpecification\",\"valueRequired\":true,\"valueName\":\"search_term_string\"}}],\"inLanguage\":\"es\"},{\"@type\":\"Organization\",\"@id\":\"https:\\\/\\\/webdelmaestrocmf.com\\\/portal\\\/#organization\",\"name\":\"Web del Maestro CMF\",\"alternateName\":\"WMCMF\",\"url\":\"https:\\\/\\\/webdelmaestrocmf.com\\\/portal\\\/\",\"logo\":{\"@type\":\"ImageObject\",\"inLanguage\":\"es\",\"@id\":\"https:\\\/\\\/webdelmaestrocmf.com\\\/portal\\\/#\\\/schema\\\/logo\\\/image\\\/\",\"url\":\"https:\\\/\\\/webdelmaestrocmf.com\\\/portal\\\/wp-content\\\/uploads\\\/2023\\\/01\\\/logo-wmcmf-2.png\",\"contentUrl\":\"https:\\\/\\\/webdelmaestrocmf.com\\\/portal\\\/wp-content\\\/uploads\\\/2023\\\/01\\\/logo-wmcmf-2.png\",\"width\":200,\"height\":60,\"caption\":\"Web del Maestro CMF\"},\"image\":{\"@id\":\"https:\\\/\\\/webdelmaestrocmf.com\\\/portal\\\/#\\\/schema\\\/logo\\\/image\\\/\"},\"sameAs\":[\"https:\\\/\\\/www.facebook.com\\\/WebdelMaestroCMF\\\/\",\"https:\\\/\\\/x.com\\\/cmf_w\",\"https:\\\/\\\/www.pinterest.com\\\/WMCMF\\\/\",\"https:\\\/\\\/www.linkedin.com\\\/company\\\/web-del-maestro-cmf\\\/\",\"https:\\\/\\\/www.instagram.com\\\/wmcmf\\\/\",\"https:\\\/\\\/www.youtube.com\\\/channel\\\/UCDPSvjbdodE5sHnC3OxutHw\",\"https:\\\/\\\/mastodon.social\\\/@wmcmf\",\"https:\\\/\\\/www.tiktok.com\\\/@webdelmaestrocmf\"]},{\"@type\":\"Person\",\"@id\":\"https:\\\/\\\/webdelmaestrocmf.com\\\/portal\\\/#\\\/schema\\\/person\\\/1072a2ed7bd960df8ef99a551fa35dc5\",\"name\":\"Web del Maestro CMF\",\"image\":{\"@type\":\"ImageObject\",\"inLanguage\":\"es\",\"@id\":\"https:\\\/\\\/secure.gravatar.com\\\/avatar\\\/23291dd5b5ae1077dcff3dbb04c3e02bd28403fa75af6d8787d5e97c5bbbe30b?s=96&d=mm&r=g\",\"url\":\"https:\\\/\\\/secure.gravatar.com\\\/avatar\\\/23291dd5b5ae1077dcff3dbb04c3e02bd28403fa75af6d8787d5e97c5bbbe30b?s=96&d=mm&r=g\",\"contentUrl\":\"https:\\\/\\\/secure.gravatar.com\\\/avatar\\\/23291dd5b5ae1077dcff3dbb04c3e02bd28403fa75af6d8787d5e97c5bbbe30b?s=96&d=mm&r=g\",\"caption\":\"Web del Maestro CMF\"},\"description\":\"Esta Web se cre\u00f3 sin fines de lucro, con fines educativos, cient\u00edficos y acad\u00e9micos, para personas que tengan dificultades y\\\/o inconvenientes en visualizar el material original. El objetivo es entregar recursos, compartir experiencias y materiales que ayuden a los padres de familia, maestros y estudiantes en su actualizaci\u00f3n y formaci\u00f3n permanente, en bien de la Educaci\u00f3n.\",\"sameAs\":[\"http:\\\/\\\/webdelmaestrocmf.com\\\/portal\",\"https:\\\/\\\/www.facebook.com\\\/WebdelMaestroCMF\\\/\",\"https:\\\/\\\/www.instagram.com\\\/wmcmf\\\/\",\"https:\\\/\\\/cl.linkedin.com\\\/company\\\/web-del-maestro-cmf\",\"https:\\\/\\\/www.pinterest.com\\\/WMCMF\\\/publicaciones\\\/\",\"https:\\\/\\\/x.com\\\/cmf_w\",\"https:\\\/\\\/www.youtube.com\\\/@WMCMF\"]}]}<\/script>\n<!-- \/ Yoast SEO plugin. -->","yoast_head_json":{"title":"Padres y apoderados piden austeridad y flexibilidad en listas de \u00fatiles escolares - 2026","description":"Para muchos padres y apoderados, la pandemia los oblig\u00f3 a guardar los estuches y los cuadernos. Con el nuevo calendario escolar...","robots":{"index":"index","follow":"follow","max-snippet":"max-snippet:-1","max-image-preview":"max-image-preview:large","max-video-preview":"max-video-preview:-1"},"canonical":"https:\/\/webdelmaestrocmf.com\/portal\/padres-y-apoderados-piden-austeridad-y-flexibilidad-en-listas-de-utiles-escolares\/","og_locale":"es_ES","og_type":"article","og_title":"Padres y apoderados piden austeridad y flexibilidad en listas de \u00fatiles escolares - 2026","og_description":"Para muchos padres y apoderados, la pandemia los oblig\u00f3 a guardar los estuches y los cuadernos. Con el nuevo calendario escolar...","og_url":"https:\/\/webdelmaestrocmf.com\/portal\/padres-y-apoderados-piden-austeridad-y-flexibilidad-en-listas-de-utiles-escolares\/","og_site_name":"Web del Maestro CMF","article_publisher":"https:\/\/www.facebook.com\/WebdelMaestroCMF\/","article_author":"https:\/\/www.facebook.com\/WebdelMaestroCMF\/","article_published_time":"2022-03-07T23:31:20+00:00","article_modified_time":"2022-03-07T23:34:51+00:00","og_image":[{"width":1100,"height":680,"url":"https:\/\/i0.wp.com\/webdelmaestrocmf.com\/portal\/wp-content\/uploads\/2022\/03\/maxresdefault-11.jpg?fit=1100%2C680&ssl=1","type":"image\/jpeg"}],"author":"Web del Maestro CMF","twitter_card":"summary_large_image","twitter_creator":"@cmf_w","twitter_site":"@cmf_w","schema":{"@context":"https:\/\/schema.org","@graph":[{"@type":"ScholarlyArticle","@id":"https:\/\/webdelmaestrocmf.com\/portal\/padres-y-apoderados-piden-austeridad-y-flexibilidad-en-listas-de-utiles-escolares\/#article","isPartOf":{"@id":"https:\/\/webdelmaestrocmf.com\/portal\/padres-y-apoderados-piden-austeridad-y-flexibilidad-en-listas-de-utiles-escolares\/"},"author":{"name":"Web del Maestro CMF","@id":"https:\/\/webdelmaestrocmf.com\/portal\/#\/schema\/person\/1072a2ed7bd960df8ef99a551fa35dc5"},"headline":"Padres y apoderados piden austeridad y flexibilidad en listas de \u00fatiles escolares","datePublished":"2022-03-07T23:31:20+00:00","dateModified":"2022-03-07T23:34:51+00:00","mainEntityOfPage":{"@id":"https:\/\/webdelmaestrocmf.com\/portal\/padres-y-apoderados-piden-austeridad-y-flexibilidad-en-listas-de-utiles-escolares\/"},"wordCount":328,"commentCount":0,"publisher":{"@id":"https:\/\/webdelmaestrocmf.com\/portal\/#organization"},"image":{"@id":"https:\/\/webdelmaestrocmf.com\/portal\/padres-y-apoderados-piden-austeridad-y-flexibilidad-en-listas-de-utiles-escolares\/#primaryimage"},"thumbnailUrl":"https:\/\/webdelmaestrocmf.com\/portal\/wp-content\/uploads\/2022\/03\/maxresdefault-11.jpg","keywords":["apoderados","austeridad","ESCOLARES","flexibilidad","LISTAS","padres","piden","\u00daTILES"],"articleSection":["Noticias","Recursos"],"inLanguage":"es","potentialAction":[{"@type":"CommentAction","name":"Comment","target":["https:\/\/webdelmaestrocmf.com\/portal\/padres-y-apoderados-piden-austeridad-y-flexibilidad-en-listas-de-utiles-escolares\/#respond"]}]},{"@type":"WebPage","@id":"https:\/\/webdelmaestrocmf.com\/portal\/padres-y-apoderados-piden-austeridad-y-flexibilidad-en-listas-de-utiles-escolares\/","url":"https:\/\/webdelmaestrocmf.com\/portal\/padres-y-apoderados-piden-austeridad-y-flexibilidad-en-listas-de-utiles-escolares\/","name":"Padres y apoderados piden austeridad y flexibilidad en listas de \u00fatiles escolares - 2026","isPartOf":{"@id":"https:\/\/webdelmaestrocmf.com\/portal\/#website"},"primaryImageOfPage":{"@id":"https:\/\/webdelmaestrocmf.com\/portal\/padres-y-apoderados-piden-austeridad-y-flexibilidad-en-listas-de-utiles-escolares\/#primaryimage"},"image":{"@id":"https:\/\/webdelmaestrocmf.com\/portal\/padres-y-apoderados-piden-austeridad-y-flexibilidad-en-listas-de-utiles-escolares\/#primaryimage"},"thumbnailUrl":"https:\/\/webdelmaestrocmf.com\/portal\/wp-content\/uploads\/2022\/03\/maxresdefault-11.jpg","datePublished":"2022-03-07T23:31:20+00:00","dateModified":"2022-03-07T23:34:51+00:00","description":"Para muchos padres y apoderados, la pandemia los oblig\u00f3 a guardar los estuches y los cuadernos. Con el nuevo calendario escolar...","breadcrumb":{"@id":"https:\/\/webdelmaestrocmf.com\/portal\/padres-y-apoderados-piden-austeridad-y-flexibilidad-en-listas-de-utiles-escolares\/#breadcrumb"},"inLanguage":"es","potentialAction":[{"@type":"ReadAction","target":["https:\/\/webdelmaestrocmf.com\/portal\/padres-y-apoderados-piden-austeridad-y-flexibilidad-en-listas-de-utiles-escolares\/"]}]},{"@type":"ImageObject","inLanguage":"es","@id":"https:\/\/webdelmaestrocmf.com\/portal\/padres-y-apoderados-piden-austeridad-y-flexibilidad-en-listas-de-utiles-escolares\/#primaryimage","url":"https:\/\/webdelmaestrocmf.com\/portal\/wp-content\/uploads\/2022\/03\/maxresdefault-11.jpg","contentUrl":"https:\/\/webdelmaestrocmf.com\/portal\/wp-content\/uploads\/2022\/03\/maxresdefault-11.jpg","width":1100,"height":680},{"@type":"BreadcrumbList","@id":"https:\/\/webdelmaestrocmf.com\/portal\/padres-y-apoderados-piden-austeridad-y-flexibilidad-en-listas-de-utiles-escolares\/#breadcrumb","itemListElement":[{"@type":"ListItem","position":1,"name":"Portada","item":"https:\/\/webdelmaestrocmf.com\/portal\/"},{"@type":"ListItem","position":2,"name":"Recursos","item":"https:\/\/webdelmaestrocmf.com\/portal\/category\/pedagogia\/"},{"@type":"ListItem","position":3,"name":"Padres y apoderados piden austeridad y flexibilidad en listas de \u00fatiles escolares"}]},{"@type":"WebSite","@id":"https:\/\/webdelmaestrocmf.com\/portal\/#website","url":"https:\/\/webdelmaestrocmf.com\/portal\/","name":"Web del Maestro CMF","description":"Maestros al servicio de la educaci\u00f3n","publisher":{"@id":"https:\/\/webdelmaestrocmf.com\/portal\/#organization"},"alternateName":"WMCMF","potentialAction":[{"@type":"SearchAction","target":{"@type":"EntryPoint","urlTemplate":"https:\/\/webdelmaestrocmf.com\/portal\/?s={search_term_string}"},"query-input":{"@type":"PropertyValueSpecification","valueRequired":true,"valueName":"search_term_string"}}],"inLanguage":"es"},{"@type":"Organization","@id":"https:\/\/webdelmaestrocmf.com\/portal\/#organization","name":"Web del Maestro CMF","alternateName":"WMCMF","url":"https:\/\/webdelmaestrocmf.com\/portal\/","logo":{"@type":"ImageObject","inLanguage":"es","@id":"https:\/\/webdelmaestrocmf.com\/portal\/#\/schema\/logo\/image\/","url":"https:\/\/webdelmaestrocmf.com\/portal\/wp-content\/uploads\/2023\/01\/logo-wmcmf-2.png","contentUrl":"https:\/\/webdelmaestrocmf.com\/portal\/wp-content\/uploads\/2023\/01\/logo-wmcmf-2.png","width":200,"height":60,"caption":"Web del Maestro CMF"},"image":{"@id":"https:\/\/webdelmaestrocmf.com\/portal\/#\/schema\/logo\/image\/"},"sameAs":["https:\/\/www.facebook.com\/WebdelMaestroCMF\/","https:\/\/x.com\/cmf_w","https:\/\/www.pinterest.com\/WMCMF\/","https:\/\/www.linkedin.com\/company\/web-del-maestro-cmf\/","https:\/\/www.instagram.com\/wmcmf\/","https:\/\/www.youtube.com\/channel\/UCDPSvjbdodE5sHnC3OxutHw","https:\/\/mastodon.social\/@wmcmf","https:\/\/www.tiktok.com\/@webdelmaestrocmf"]},{"@type":"Person","@id":"https:\/\/webdelmaestrocmf.com\/portal\/#\/schema\/person\/1072a2ed7bd960df8ef99a551fa35dc5","name":"Web del Maestro CMF","image":{"@type":"ImageObject","inLanguage":"es","@id":"https:\/\/secure.gravatar.com\/avatar\/23291dd5b5ae1077dcff3dbb04c3e02bd28403fa75af6d8787d5e97c5bbbe30b?s=96&d=mm&r=g","url":"https:\/\/secure.gravatar.com\/avatar\/23291dd5b5ae1077dcff3dbb04c3e02bd28403fa75af6d8787d5e97c5bbbe30b?s=96&d=mm&r=g","contentUrl":"https:\/\/secure.gravatar.com\/avatar\/23291dd5b5ae1077dcff3dbb04c3e02bd28403fa75af6d8787d5e97c5bbbe30b?s=96&d=mm&r=g","caption":"Web del Maestro CMF"},"description":"Esta Web se cre\u00f3 sin fines de lucro, con fines educativos, cient\u00edficos y acad\u00e9micos, para personas que tengan dificultades y\/o inconvenientes en visualizar el material original. El objetivo es entregar recursos, compartir experiencias y materiales que ayuden a los padres de familia, maestros y estudiantes en su actualizaci\u00f3n y formaci\u00f3n permanente, en bien de la Educaci\u00f3n.","sameAs":["http:\/\/webdelmaestrocmf.com\/portal","https:\/\/www.facebook.com\/WebdelMaestroCMF\/","https:\/\/www.instagram.com\/wmcmf\/","https:\/\/cl.linkedin.com\/company\/web-del-maestro-cmf","https:\/\/www.pinterest.com\/WMCMF\/publicaciones\/","https:\/\/x.com\/cmf_w","https:\/\/www.youtube.com\/@WMCMF"]}]}},"jetpack_featured_media_url":"https:\/\/webdelmaestrocmf.com\/portal\/wp-content\/uploads\/2022\/03\/maxresdefault-11.jpg","jetpack_sharing_enabled":true,"jetpack-related-posts":[{"id":115268,"url":"https:\/\/webdelmaestrocmf.com\/portal\/colegios-que-obliguen-a-comprar-marcas-especificas-de-utiles-o-uniformes-recibiran-multas\/","url_meta":{"origin":75095,"position":0},"title":"Colegios que obliguen a comprar marcas espec\u00edficas de \u00fatiles o uniformes recibir\u00e1n multas severas","author":"Web del Maestro CMF","date":"11 febrero, 2026","format":false,"excerpt":"Indecopi advierte sanciones de hasta S\/ 2.4 millones a colegios privados por direccionamiento de compras","rel":"","context":"En \u00abNoticias Internacionales\u00bb","block_context":{"text":"Noticias Internacionales","link":"https:\/\/webdelmaestrocmf.com\/portal\/category\/noticias-internacionales\/"},"img":{"alt_text":"","src":"https:\/\/i0.wp.com\/webdelmaestrocmf.com\/portal\/wp-content\/uploads\/2026\/02\/1A-Banner-1-portada-imagen-10-1-copia-2.jpg?resize=350%2C200&ssl=1","width":350,"height":200,"srcset":"https:\/\/i0.wp.com\/webdelmaestrocmf.com\/portal\/wp-content\/uploads\/2026\/02\/1A-Banner-1-portada-imagen-10-1-copia-2.jpg?resize=350%2C200&ssl=1 1x, https:\/\/i0.wp.com\/webdelmaestrocmf.com\/portal\/wp-content\/uploads\/2026\/02\/1A-Banner-1-portada-imagen-10-1-copia-2.jpg?resize=525%2C300&ssl=1 1.5x, https:\/\/i0.wp.com\/webdelmaestrocmf.com\/portal\/wp-content\/uploads\/2026\/02\/1A-Banner-1-portada-imagen-10-1-copia-2.jpg?resize=700%2C400&ssl=1 2x"},"classes":[]},{"id":29480,"url":"https:\/\/webdelmaestrocmf.com\/portal\/papa-francisco-quien-tenga-apego-a-las-cosas-materiales-no-se-meta-en-politica\/","url_meta":{"origin":75095,"position":1},"title":"Papa Francisco: Quien tenga apego a las cosas materiales, no se meta en pol\u00edtica","author":"Web del Maestro CMF","date":"26 julio, 2018","format":false,"excerpt":"El Papa Francisco afirma que \u201cla sed del apego a las riquezas no termina nunca. Si tienes el coraz\u00f3n apegado a las riquezas \u2013cuando se tienen tantas\u2013 quieres m\u00e1s. Y esto es el dios de la persona que est\u00e1 apegada a las riquezas\u201d. (19\/10\/2015). \u201cEl apego a lo que amamos,\u2026","rel":"","context":"En \u00abInformativo\u00bb","block_context":{"text":"Informativo","link":"https:\/\/webdelmaestrocmf.com\/portal\/category\/noticias\/informativo\/"},"img":{"alt_text":"","src":"https:\/\/i0.wp.com\/webdelmaestrocmf.com\/portal\/wp-content\/uploads\/2018\/02\/franciscopapa.jpg?resize=350%2C200&ssl=1","width":350,"height":200,"srcset":"https:\/\/i0.wp.com\/webdelmaestrocmf.com\/portal\/wp-content\/uploads\/2018\/02\/franciscopapa.jpg?resize=350%2C200&ssl=1 1x, https:\/\/i0.wp.com\/webdelmaestrocmf.com\/portal\/wp-content\/uploads\/2018\/02\/franciscopapa.jpg?resize=525%2C300&ssl=1 1.5x, https:\/\/i0.wp.com\/webdelmaestrocmf.com\/portal\/wp-content\/uploads\/2018\/02\/franciscopapa.jpg?resize=700%2C400&ssl=1 2x"},"classes":[]},{"id":117943,"url":"https:\/\/webdelmaestrocmf.com\/portal\/puede-un-director-retirar-a-los-padres-del-establecimiento-una-decision-entre-autoridad-convivencia-y-responsabilidad\/","url_meta":{"origin":75095,"position":2},"title":"\u00bfPuede un director retirar a los padres del establecimiento? Una decisi\u00f3n entre autoridad, convivencia y responsabilidad","author":"Web del Maestro CMF","date":"18 abril, 2026","format":false,"excerpt":"El director puede retirar a padres que alteran el orden o usan lenguaje inapropiado, porque debe proteger la convivencia escolar, pero siempre con criterio, proporcionalidad y sin arbitrariedad.","rel":"","context":"En \u00abDirector\u00bb","block_context":{"text":"Director","link":"https:\/\/webdelmaestrocmf.com\/portal\/category\/pedagogia\/director\/"},"img":{"alt_text":"","src":"https:\/\/i0.wp.com\/webdelmaestrocmf.com\/portal\/wp-content\/uploads\/2026\/04\/1AA-Banner-1-portada-imagen-10-1-copia-31.webp?resize=350%2C200&ssl=1","width":350,"height":200,"srcset":"https:\/\/i0.wp.com\/webdelmaestrocmf.com\/portal\/wp-content\/uploads\/2026\/04\/1AA-Banner-1-portada-imagen-10-1-copia-31.webp?resize=350%2C200&ssl=1 1x, https:\/\/i0.wp.com\/webdelmaestrocmf.com\/portal\/wp-content\/uploads\/2026\/04\/1AA-Banner-1-portada-imagen-10-1-copia-31.webp?resize=525%2C300&ssl=1 1.5x, https:\/\/i0.wp.com\/webdelmaestrocmf.com\/portal\/wp-content\/uploads\/2026\/04\/1AA-Banner-1-portada-imagen-10-1-copia-31.webp?resize=700%2C400&ssl=1 2x, https:\/\/i0.wp.com\/webdelmaestrocmf.com\/portal\/wp-content\/uploads\/2026\/04\/1AA-Banner-1-portada-imagen-10-1-copia-31.webp?resize=1050%2C600&ssl=1 3x"},"classes":[]},{"id":112288,"url":"https:\/\/webdelmaestrocmf.com\/portal\/como-crear-tu-asistente-personal-de-ia-en-chatgpt-una-herramienta-practica-para-docentes-pdf\/","url_meta":{"origin":75095,"position":3},"title":"C\u00f3mo crear tu Asistente personal de IA en ChatGPT: una herramienta pr\u00e1ctica para docentes | PDF","author":"Web del Maestro CMF","date":"24 septiembre, 2025","format":false,"excerpt":"Un asistente de IA en ChatGPT permite a los docentes planificar, organizar y comunicar mejor, optimizando tiempo y aprendizaje en el aula.","rel":"","context":"En \u00abChatGPT\u00bb","block_context":{"text":"ChatGPT","link":"https:\/\/webdelmaestrocmf.com\/portal\/category\/tecnologia\/chatgpt\/"},"img":{"alt_text":"","src":"https:\/\/i0.wp.com\/webdelmaestrocmf.com\/portal\/wp-content\/uploads\/2025\/09\/1A-Banner-1-portada-imagen-10-1-copia-1-3.webp?resize=350%2C200&ssl=1","width":350,"height":200,"srcset":"https:\/\/i0.wp.com\/webdelmaestrocmf.com\/portal\/wp-content\/uploads\/2025\/09\/1A-Banner-1-portada-imagen-10-1-copia-1-3.webp?resize=350%2C200&ssl=1 1x, https:\/\/i0.wp.com\/webdelmaestrocmf.com\/portal\/wp-content\/uploads\/2025\/09\/1A-Banner-1-portada-imagen-10-1-copia-1-3.webp?resize=525%2C300&ssl=1 1.5x, https:\/\/i0.wp.com\/webdelmaestrocmf.com\/portal\/wp-content\/uploads\/2025\/09\/1A-Banner-1-portada-imagen-10-1-copia-1-3.webp?resize=700%2C400&ssl=1 2x"},"classes":[]},{"id":77712,"url":"https:\/\/webdelmaestrocmf.com\/portal\/bernabe-tierno-educar-para-la-austeridad-es-saborear-con-alegria-la-dicha-del-compartir-y-saber-ser-autosuficientes\/","url_meta":{"origin":75095,"position":4},"title":"Bernab\u00e9 Tierno: Educar para la austeridad, es saborear con alegr\u00eda la dicha del compartir y saber ser autosuficientes","author":"Web del Maestro CMF","date":"19 junio, 2022","format":"video","excerpt":"\u201cCuanto m\u00e1s se tiene, m\u00e1s se desea, y en vez de llenar, abrimos un vac\u00edo\u201d. (O. S. Marden). \u201cLa moderaci\u00f3n es el hilo de seda que corre por la cadena de perlas de todas las virtudes\u201d. (Bishop Hall). \u201cEl austero es verdaderamente rico y como tal se siente, ya que\u2026","rel":"","context":"En \u00abValores\u00bb","block_context":{"text":"Valores","link":"https:\/\/webdelmaestrocmf.com\/portal\/category\/pedagogia\/valores\/"},"img":{"alt_text":"","src":"https:\/\/i0.wp.com\/webdelmaestrocmf.com\/portal\/wp-content\/uploads\/2022\/06\/1-48.jpg?resize=350%2C200&ssl=1","width":350,"height":200,"srcset":"https:\/\/i0.wp.com\/webdelmaestrocmf.com\/portal\/wp-content\/uploads\/2022\/06\/1-48.jpg?resize=350%2C200&ssl=1 1x, https:\/\/i0.wp.com\/webdelmaestrocmf.com\/portal\/wp-content\/uploads\/2022\/06\/1-48.jpg?resize=525%2C300&ssl=1 1.5x, https:\/\/i0.wp.com\/webdelmaestrocmf.com\/portal\/wp-content\/uploads\/2022\/06\/1-48.jpg?resize=700%2C400&ssl=1 2x, https:\/\/i0.wp.com\/webdelmaestrocmf.com\/portal\/wp-content\/uploads\/2022\/06\/1-48.jpg?resize=1050%2C600&ssl=1 3x"},"classes":[]},{"id":15168,"url":"https:\/\/webdelmaestrocmf.com\/portal\/primer-dia-de-clases-consejos-utiles-para-los-docentes-padres-y-alumnos\/","url_meta":{"origin":75095,"position":5},"title":"Descarga el Kit Integral de Organizaci\u00f3n, Ambientaci\u00f3n y Gesti\u00f3n del Aula para Educaci\u00f3n Preescolar","author":"Web del Maestro CMF","date":"19 febrero, 2026","format":false,"excerpt":"Kit completo para organizar, ambientar y gestionar tu aula preescolar con material listo para imprimir y usar inmediatamente.","rel":"","context":"En \u00abConsejos\u00bb","block_context":{"text":"Consejos","link":"https:\/\/webdelmaestrocmf.com\/portal\/category\/pedagogia\/consejos\/"},"img":{"alt_text":"","src":"https:\/\/i0.wp.com\/webdelmaestrocmf.com\/portal\/wp-content\/uploads\/2022\/03\/Banner-1-portada-imagen-10-1-2.jpg?resize=350%2C200&ssl=1","width":350,"height":200,"srcset":"https:\/\/i0.wp.com\/webdelmaestrocmf.com\/portal\/wp-content\/uploads\/2022\/03\/Banner-1-portada-imagen-10-1-2.jpg?resize=350%2C200&ssl=1 1x, https:\/\/i0.wp.com\/webdelmaestrocmf.com\/portal\/wp-content\/uploads\/2022\/03\/Banner-1-portada-imagen-10-1-2.jpg?resize=525%2C300&ssl=1 1.5x, https:\/\/i0.wp.com\/webdelmaestrocmf.com\/portal\/wp-content\/uploads\/2022\/03\/Banner-1-portada-imagen-10-1-2.jpg?resize=700%2C400&ssl=1 2x"},"classes":[]}],"_links":{"self":[{"href":"https:\/\/webdelmaestrocmf.com\/portal\/wp-json\/wp\/v2\/posts\/75095","targetHints":{"allow":["GET"]}}],"collection":[{"href":"https:\/\/webdelmaestrocmf.com\/portal\/wp-json\/wp\/v2\/posts"}],"about":[{"href":"https:\/\/webdelmaestrocmf.com\/portal\/wp-json\/wp\/v2\/types\/post"}],"author":[{"embeddable":true,"href":"https:\/\/webdelmaestrocmf.com\/portal\/wp-json\/wp\/v2\/users\/1"}],"replies":[{"embeddable":true,"href":"https:\/\/webdelmaestrocmf.com\/portal\/wp-json\/wp\/v2\/comments?post=75095"}],"version-history":[{"count":0,"href":"https:\/\/webdelmaestrocmf.com\/portal\/wp-json\/wp\/v2\/posts\/75095\/revisions"}],"wp:featuredmedia":[{"embeddable":true,"href":"https:\/\/webdelmaestrocmf.com\/portal\/wp-json\/wp\/v2\/media\/75098"}],"wp:attachment":[{"href":"https:\/\/webdelmaestrocmf.com\/portal\/wp-json\/wp\/v2\/media?parent=75095"}],"wp:term":[{"taxonomy":"category","embeddable":true,"href":"https:\/\/webdelmaestrocmf.com\/portal\/wp-json\/wp\/v2\/categories?post=75095"},{"taxonomy":"post_tag","embeddable":true,"href":"https:\/\/webdelmaestrocmf.com\/portal\/wp-json\/wp\/v2\/tags?post=75095"}],"curies":[{"name":"wp","href":"https:\/\/api.w.org\/{rel}","templated":true}]}}