{"id":75021,"date":"2022-03-05T20:13:57","date_gmt":"2022-03-05T23:13:57","guid":{"rendered":"https:\/\/webdelmaestrocmf.com\/portal\/?p=75021"},"modified":"2022-03-06T12:50:44","modified_gmt":"2022-03-06T15:50:44","slug":"metodologias-y-enfoques-inclusivos-en-la-educacion","status":"publish","type":"post","link":"https:\/\/webdelmaestrocmf.com\/portal\/metodologias-y-enfoques-inclusivos-en-la-educacion\/","title":{"rendered":"Metodolog\u00edas y enfoques inclusivos en la educaci\u00f3n"},"content":{"rendered":"<h5 style=\"text-align: justify;\"><strong>\u201c<\/strong>La Educaci\u00f3n Inclusiva supone un nuevo paradigma, que trata de eliminar los efectos negativos de la segregaci\u00f3n (basada en la diferencia) y superar las limitaciones de la integraci\u00f3n del alumnado con necesidades educativas especiales. De acuerdo con esto, definimos la Educaci\u00f3n Inclusiva, como un proceso permanente dirigido a ofrecer una educaci\u00f3n de calidad para todos, mientras se respete la diversidad y las diferentes necesidades, habilidades, caracter\u00edsticas y expectativas de aprendizaje de los estudiantes y de las comunidades, eliminando todas las formas de discriminaci\u00f3n (Organizaci\u00f3n de las Naciones Unidas para la Educaci\u00f3n, la Ciencia y la Cultura [UNESCO], 2009)\u201d (Luque, 2015).<\/h5>\n<p><!--more--><\/p>\n<p style=\"text-align: justify;\">El principio de atenci\u00f3n a la diversidad, la igualdad de oportunidades y la inclusi\u00f3n est\u00e1n presentes en cada una de las disposiciones normativas que regulan el desarrollo del curr\u00edculo para cada ense\u00f1anza, desde educaci\u00f3n infantil hasta la educaci\u00f3n de adultos, pasando por la educaci\u00f3n secundaria. Se hace referencia continua a la utilizaci\u00f3n de metodolog\u00edas que permitan el desarrollo de las competencias de todo el alumnado, incluidas como medidas generales de atenci\u00f3n a la diversidad.<\/p>\n<p style=\"text-align: justify;\">Por otro lado, las competencias y habilidades que se trabajan y desarrollan gracias a la utilizaci\u00f3n continua de estas metodolog\u00edas inclusivas son muy valoradas y \u00fatiles en el mundo laboral, denominadas \u201csoft skills\u201d o habilidades blandas, asoci\u00e1ndose el \u00e9xito personal y profesional o capacidad de escucha, resolver problemas, llegar a acuerdos, tomar decisiones, iniciativa personal, trabajar en equipo en contextos diversos y heterog\u00e9neos, habilidades interpersonales, actitud positiva, flexibilidad, etc. Por tanto, la utilizaci\u00f3n de estas metodolog\u00edas est\u00e1 tambi\u00e9n favoreciendo la orientaci\u00f3n profesional del alumnado, tan necesaria desde edades tempranas y el \u00e9xito en su futuro.<\/p>\n<p style=\"text-align: justify;\">Con el objetivo de asesorar al profesorado en la utilizaci\u00f3n de metodolog\u00edas que favorezcan la inclusi\u00f3n educativa y desarrollo de las competencias de todo el alumnado, la red de profesionales de Orientaci\u00f3n educativa de M\u00e1laga, coordinada por el \u00e1rea de OVP del ETPOEP de M\u00e1laga, ha elaborado este <strong><em>documento resumen<\/em><\/strong>, que pretende sintetizar algunas ideas y caracter\u00edsticas de varias metodolog\u00edas, que podr\u00edamos denominar inclusivas. En contraposici\u00f3n al trabajo individual y la metodolog\u00eda tradicional, donde el alumnado tiene un papel pasivo en su proceso de aprendizaje, el alumnado tiene una mayor motivaci\u00f3n y obtener mejor rendimiento. Este documento pretende acercar al\/a la docente a aquellas metodolog\u00edas que no conozca, sin menoscabo de la necesaria formaci\u00f3n previa que se requiere antes de su utilizaci\u00f3n. Se han trabajado las siguientes metodolog\u00edas o estrategias metodol\u00f3gicas inclusivas:<\/p>\n<ol>\n<li style=\"text-align: justify;\">Aprendizaje basado en proyectos<\/li>\n<li style=\"text-align: justify;\">ABP o aprendizaje basado en problemas \/ retos.<\/li>\n<li style=\"text-align: justify;\">Aprendizaje cooperativo.<\/li>\n<li style=\"text-align: justify;\">Aprendizaje basado en el pensamiento (lateral, cr\u00edtico).<\/li>\n<li style=\"text-align: justify;\">Flipped classroom.<\/li>\n<li style=\"text-align: justify;\">Gamificaci\u00f3n en educaci\u00f3n.<\/li>\n<li style=\"text-align: justify;\">Design thinking.<\/li>\n<li style=\"text-align: justify;\">Pensamiento computacional y movimiento \u201cmaker\u201d.<\/li>\n<li style=\"text-align: justify;\">Aprendizaje \u2013 servicios.<\/li>\n<li style=\"text-align: justify;\">Comunidad de aprendizaje.<\/li>\n<li style=\"text-align: justify;\">Estrategias educativas q favorecen el aprendizaje emoci\u00f3n \u2013 aprendizaje.<\/li>\n<\/ol>\n<p><a href=\"https:\/\/webdelmaestrocmf.com\/portal\/wp-content\/uploads\/2022\/03\/1-5.jpg\"><img loading=\"lazy\" decoding=\"async\" class=\"alignnone size-full wp-image-75022\" src=\"https:\/\/webdelmaestrocmf.com\/portal\/wp-content\/uploads\/2022\/03\/1-5.jpg\" alt=\"\" width=\"1100\" height=\"574\" srcset=\"https:\/\/webdelmaestrocmf.com\/portal\/wp-content\/uploads\/2022\/03\/1-5.jpg 1100w, https:\/\/webdelmaestrocmf.com\/portal\/wp-content\/uploads\/2022\/03\/1-5-300x157.jpg 300w, https:\/\/webdelmaestrocmf.com\/portal\/wp-content\/uploads\/2022\/03\/1-5-1024x534.jpg 1024w, https:\/\/webdelmaestrocmf.com\/portal\/wp-content\/uploads\/2022\/03\/1-5-768x401.jpg 768w, https:\/\/webdelmaestrocmf.com\/portal\/wp-content\/uploads\/2022\/03\/1-5-110x57.jpg 110w, https:\/\/webdelmaestrocmf.com\/portal\/wp-content\/uploads\/2022\/03\/1-5-200x104.jpg 200w, https:\/\/webdelmaestrocmf.com\/portal\/wp-content\/uploads\/2022\/03\/1-5-380x198.jpg 380w, https:\/\/webdelmaestrocmf.com\/portal\/wp-content\/uploads\/2022\/03\/1-5-255x133.jpg 255w, https:\/\/webdelmaestrocmf.com\/portal\/wp-content\/uploads\/2022\/03\/1-5-550x287.jpg 550w, https:\/\/webdelmaestrocmf.com\/portal\/wp-content\/uploads\/2022\/03\/1-5-800x417.jpg 800w\" sizes=\"auto, (max-width: 1100px) 100vw, 1100px\" \/><\/a><\/p>\n<p style=\"text-align: center;\">Recomendamos a la Comunidad Educativa Digital tener en cuenta que, el enlace y\/o la carpeta en donde est\u00e1n alojados los libros, recursos y\/o materiales, no es administrado por la Web del Maestro CMF, pueda ser que en cuesti\u00f3n de d\u00edas (o seg\u00fan el tiempo transcurrido desde su publicaci\u00f3n), los enlaces no funcionen y el material ya no se encuentre disponible. Gracias por su comprensi\u00f3n.<\/p>\n<h3>ENLACE DE LECTURA:<\/h3>\n<p style=\"text-align: center;\">\u00a1Comparte y as\u00ed m\u00e1s docentes utilizar\u00e1n estos recursos\u00a0gratis! Muchas gracias.<\/p>\n<p style=\"text-align: center;\"><span style=\"color: #000000;\"><a style=\"color: #000000;\" href=\"https:\/\/mega.nz\/folder\/W2wiBTjb#pDIMoek2NDlJWdatg2ZnGg\" target=\"_blank\" rel=\"noopener\">METODOLOG\u00cdAS INCLUSIVAS PARA LA ATENCI\u00d3N A LA DIVERSIDAD<\/a><\/span><\/p>\n\t\t<div class=\"pk-inline-posts\">\n\t\t\t\n\t\t\t<div class=\"pk-inline-posts-container pk-inline-posts-template-list\"\n\t\t\t\tdata-columns=\"1\">\n\t\t\t\t\t\t<article id=\"post-44992\" class=\"post-44992 post type-post status-publish format-standard has-post-thumbnail category-educacion-pedagogia category-pedagogia category-tecnicas tag-ensenanza tag-estudiantes tag-mejorar tag-motivacion tag-tecnicas cs-entry cs-video-wrap\">\n\t\t\t<div class=\"pk-post-outer\">\n\n\t\t\t\t\t\t\t\t<div class=\"pk-post-inner\">\n\t\t\t\t\t<div class=\"entry-thumbnail\">\n\t\t\t\t\t\t<div class=\"pk-overlay pk-overlay-ratio pk-ratio-landscape\">\n\t\t\t\t\t\t\t<div class=\"pk-overlay-background\">\n\t\t\t\t\t\t\t\t<a href=\"https:\/\/webdelmaestrocmf.com\/portal\/tecnicas-de-ensenanza-para-mejorar-la-motivacion-de-los-estudiantes\/\" class=\"pk-overlay-link\">\n\t\t\t\t\t\t\t\t\t<img loading=\"lazy\" decoding=\"async\" width=\"300\" height=\"225\" src=\"https:\/\/webdelmaestrocmf.com\/portal\/wp-content\/uploads\/2023\/11\/1AA-Banner-1-portada-imagen-10-1-copia-9-300x225.webp\" class=\"attachment-pk-thumbnail size-pk-thumbnail wp-post-image\" alt=\"\" \/>\t\t\t\t\t\t\t\t<\/a>\n\t\t\t\t\t\t\t<\/div>\n\t\t\t\t\t\t<\/div>\n\t\t\t\t\t<\/div>\n\t\t\t\t<\/div>\n\t\t\t\t\n\t\t\t\t<div class=\"pk-post-inner\">\n\t\t\t\t\t<header>\n\t\t\t\t\t\t<h3 class=\"pk-title\"><a href=\"https:\/\/webdelmaestrocmf.com\/portal\/tecnicas-de-ensenanza-para-mejorar-la-motivacion-de-los-estudiantes\/\" rel=\"bookmark\">T\u00e9cnicas de ense\u00f1anza para crear un ambiente de aprendizaje efectivo<\/a><\/h3>\t\t\t\t\t<\/header><!-- .entry-header -->\n\t\t\t\t<\/div><!-- .post-inner -->\n\n\t\t\t<\/div><!-- .post-outer -->\n\t\t<\/article>\n\t\t\t\t<\/div>\n\t\t<\/div>\n\t\t\n","protected":false},"excerpt":{"rendered":"\u201cLa Educaci\u00f3n Inclusiva supone un nuevo paradigma, que trata de eliminar los efectos negativos de la segregaci\u00f3n (basada&hellip;","protected":false},"author":1,"featured_media":75024,"comment_status":"open","ping_status":"closed","sticky":false,"template":"","format":"standard","meta":{"csco_display_header_overlay":false,"csco_singular_sidebar":"default","csco_page_header_type":"default","csco_page_load_nextpost":"default","csco_post_video_location":[],"csco_post_video_location_hash":"","csco_post_video_url":"","csco_post_video_bg_start_time":0,"csco_post_video_bg_end_time":0,"csco_post_video_bg_volume":false,"_jetpack_memberships_contains_paid_content":false,"footnotes":""},"categories":[442,735],"tags":[55,2160,14666,1904],"class_list":{"0":"post-75021","1":"post","2":"type-post","3":"status-publish","4":"format-standard","5":"has-post-thumbnail","7":"category-educacion-pedagogia","8":"category-pedagogia","9":"tag-educacion","10":"tag-enfoques","11":"tag-inclusivos","12":"tag-metodologias","13":"cs-entry","14":"cs-video-wrap"},"yoast_head":"<!-- This site is optimized with the Yoast SEO plugin v27.5 - https:\/\/yoast.com\/product\/yoast-seo-wordpress\/ -->\n<title>Metodolog\u00edas y enfoques inclusivos en la educaci\u00f3n - 2026<\/title>\n<meta name=\"description\" content=\"El principio de atenci\u00f3n a la diversidad, la igualdad de oportunidades y la inclusi\u00f3n est\u00e1n presentes en cada una de las disposiciones....\" \/>\n<meta name=\"robots\" content=\"index, follow, max-snippet:-1, max-image-preview:large, max-video-preview:-1\" \/>\n<link rel=\"canonical\" href=\"https:\/\/webdelmaestrocmf.com\/portal\/metodologias-y-enfoques-inclusivos-en-la-educacion\/\" \/>\n<meta property=\"og:locale\" content=\"es_ES\" \/>\n<meta property=\"og:type\" content=\"article\" \/>\n<meta property=\"og:title\" content=\"Metodolog\u00edas y enfoques inclusivos en la educaci\u00f3n - 2026\" \/>\n<meta property=\"og:description\" content=\"El principio de atenci\u00f3n a la diversidad, la igualdad de oportunidades y la inclusi\u00f3n est\u00e1n presentes en cada una de las disposiciones....\" \/>\n<meta property=\"og:url\" content=\"https:\/\/webdelmaestrocmf.com\/portal\/metodologias-y-enfoques-inclusivos-en-la-educacion\/\" \/>\n<meta property=\"og:site_name\" content=\"Web del Maestro CMF\" \/>\n<meta property=\"article:publisher\" content=\"https:\/\/www.facebook.com\/WebdelMaestroCMF\/\" \/>\n<meta property=\"article:author\" content=\"https:\/\/www.facebook.com\/WebdelMaestroCMF\/\" \/>\n<meta property=\"article:published_time\" content=\"2022-03-05T23:13:57+00:00\" \/>\n<meta property=\"article:modified_time\" content=\"2022-03-06T15:50:44+00:00\" \/>\n<meta property=\"og:image\" content=\"https:\/\/i0.wp.com\/webdelmaestrocmf.com\/portal\/wp-content\/uploads\/2022\/03\/1-6.jpg?fit=1100%2C680&ssl=1\" \/>\n\t<meta property=\"og:image:width\" content=\"1100\" \/>\n\t<meta property=\"og:image:height\" content=\"680\" \/>\n\t<meta property=\"og:image:type\" content=\"image\/jpeg\" \/>\n<meta name=\"author\" content=\"Web del Maestro CMF\" \/>\n<meta name=\"twitter:card\" content=\"summary_large_image\" \/>\n<meta name=\"twitter:creator\" content=\"@cmf_w\" \/>\n<meta name=\"twitter:site\" content=\"@cmf_w\" \/>\n<script type=\"application\/ld+json\" class=\"yoast-schema-graph\">{\"@context\":\"https:\\\/\\\/schema.org\",\"@graph\":[{\"@type\":\"ScholarlyArticle\",\"@id\":\"https:\\\/\\\/webdelmaestrocmf.com\\\/portal\\\/metodologias-y-enfoques-inclusivos-en-la-educacion\\\/#article\",\"isPartOf\":{\"@id\":\"https:\\\/\\\/webdelmaestrocmf.com\\\/portal\\\/metodologias-y-enfoques-inclusivos-en-la-educacion\\\/\"},\"author\":{\"name\":\"Web del Maestro CMF\",\"@id\":\"https:\\\/\\\/webdelmaestrocmf.com\\\/portal\\\/#\\\/schema\\\/person\\\/1072a2ed7bd960df8ef99a551fa35dc5\"},\"headline\":\"Metodolog\u00edas y enfoques inclusivos en la educaci\u00f3n\",\"datePublished\":\"2022-03-05T23:13:57+00:00\",\"dateModified\":\"2022-03-06T15:50:44+00:00\",\"mainEntityOfPage\":{\"@id\":\"https:\\\/\\\/webdelmaestrocmf.com\\\/portal\\\/metodologias-y-enfoques-inclusivos-en-la-educacion\\\/\"},\"wordCount\":603,\"commentCount\":0,\"publisher\":{\"@id\":\"https:\\\/\\\/webdelmaestrocmf.com\\\/portal\\\/#organization\"},\"image\":{\"@id\":\"https:\\\/\\\/webdelmaestrocmf.com\\\/portal\\\/metodologias-y-enfoques-inclusivos-en-la-educacion\\\/#primaryimage\"},\"thumbnailUrl\":\"https:\\\/\\\/webdelmaestrocmf.com\\\/portal\\\/wp-content\\\/uploads\\\/2022\\\/03\\\/1-6.jpg\",\"keywords\":[\"EDUCACI\u00d3N\",\"ENFOQUES\",\"inclusivos\",\"METODOLOG\u00cdAS\"],\"articleSection\":[\"Pedagog\u00eda\",\"Recursos\"],\"inLanguage\":\"es\",\"potentialAction\":[{\"@type\":\"CommentAction\",\"name\":\"Comment\",\"target\":[\"https:\\\/\\\/webdelmaestrocmf.com\\\/portal\\\/metodologias-y-enfoques-inclusivos-en-la-educacion\\\/#respond\"]}]},{\"@type\":\"WebPage\",\"@id\":\"https:\\\/\\\/webdelmaestrocmf.com\\\/portal\\\/metodologias-y-enfoques-inclusivos-en-la-educacion\\\/\",\"url\":\"https:\\\/\\\/webdelmaestrocmf.com\\\/portal\\\/metodologias-y-enfoques-inclusivos-en-la-educacion\\\/\",\"name\":\"Metodolog\u00edas y enfoques inclusivos en la educaci\u00f3n - 2026\",\"isPartOf\":{\"@id\":\"https:\\\/\\\/webdelmaestrocmf.com\\\/portal\\\/#website\"},\"primaryImageOfPage\":{\"@id\":\"https:\\\/\\\/webdelmaestrocmf.com\\\/portal\\\/metodologias-y-enfoques-inclusivos-en-la-educacion\\\/#primaryimage\"},\"image\":{\"@id\":\"https:\\\/\\\/webdelmaestrocmf.com\\\/portal\\\/metodologias-y-enfoques-inclusivos-en-la-educacion\\\/#primaryimage\"},\"thumbnailUrl\":\"https:\\\/\\\/webdelmaestrocmf.com\\\/portal\\\/wp-content\\\/uploads\\\/2022\\\/03\\\/1-6.jpg\",\"datePublished\":\"2022-03-05T23:13:57+00:00\",\"dateModified\":\"2022-03-06T15:50:44+00:00\",\"description\":\"El principio de atenci\u00f3n a la diversidad, la igualdad de oportunidades y la inclusi\u00f3n est\u00e1n presentes en cada una de las disposiciones....\",\"breadcrumb\":{\"@id\":\"https:\\\/\\\/webdelmaestrocmf.com\\\/portal\\\/metodologias-y-enfoques-inclusivos-en-la-educacion\\\/#breadcrumb\"},\"inLanguage\":\"es\",\"potentialAction\":[{\"@type\":\"ReadAction\",\"target\":[\"https:\\\/\\\/webdelmaestrocmf.com\\\/portal\\\/metodologias-y-enfoques-inclusivos-en-la-educacion\\\/\"]}]},{\"@type\":\"ImageObject\",\"inLanguage\":\"es\",\"@id\":\"https:\\\/\\\/webdelmaestrocmf.com\\\/portal\\\/metodologias-y-enfoques-inclusivos-en-la-educacion\\\/#primaryimage\",\"url\":\"https:\\\/\\\/webdelmaestrocmf.com\\\/portal\\\/wp-content\\\/uploads\\\/2022\\\/03\\\/1-6.jpg\",\"contentUrl\":\"https:\\\/\\\/webdelmaestrocmf.com\\\/portal\\\/wp-content\\\/uploads\\\/2022\\\/03\\\/1-6.jpg\",\"width\":1100,\"height\":680},{\"@type\":\"BreadcrumbList\",\"@id\":\"https:\\\/\\\/webdelmaestrocmf.com\\\/portal\\\/metodologias-y-enfoques-inclusivos-en-la-educacion\\\/#breadcrumb\",\"itemListElement\":[{\"@type\":\"ListItem\",\"position\":1,\"name\":\"Portada\",\"item\":\"https:\\\/\\\/webdelmaestrocmf.com\\\/portal\\\/\"},{\"@type\":\"ListItem\",\"position\":2,\"name\":\"Recursos\",\"item\":\"https:\\\/\\\/webdelmaestrocmf.com\\\/portal\\\/category\\\/pedagogia\\\/\"},{\"@type\":\"ListItem\",\"position\":3,\"name\":\"Metodolog\u00edas y enfoques inclusivos en la educaci\u00f3n\"}]},{\"@type\":\"WebSite\",\"@id\":\"https:\\\/\\\/webdelmaestrocmf.com\\\/portal\\\/#website\",\"url\":\"https:\\\/\\\/webdelmaestrocmf.com\\\/portal\\\/\",\"name\":\"Web del Maestro CMF\",\"description\":\"Maestros al servicio de la educaci\u00f3n\",\"publisher\":{\"@id\":\"https:\\\/\\\/webdelmaestrocmf.com\\\/portal\\\/#organization\"},\"alternateName\":\"WMCMF\",\"potentialAction\":[{\"@type\":\"SearchAction\",\"target\":{\"@type\":\"EntryPoint\",\"urlTemplate\":\"https:\\\/\\\/webdelmaestrocmf.com\\\/portal\\\/?s={search_term_string}\"},\"query-input\":{\"@type\":\"PropertyValueSpecification\",\"valueRequired\":true,\"valueName\":\"search_term_string\"}}],\"inLanguage\":\"es\"},{\"@type\":\"Organization\",\"@id\":\"https:\\\/\\\/webdelmaestrocmf.com\\\/portal\\\/#organization\",\"name\":\"Web del Maestro CMF\",\"alternateName\":\"WMCMF\",\"url\":\"https:\\\/\\\/webdelmaestrocmf.com\\\/portal\\\/\",\"logo\":{\"@type\":\"ImageObject\",\"inLanguage\":\"es\",\"@id\":\"https:\\\/\\\/webdelmaestrocmf.com\\\/portal\\\/#\\\/schema\\\/logo\\\/image\\\/\",\"url\":\"https:\\\/\\\/webdelmaestrocmf.com\\\/portal\\\/wp-content\\\/uploads\\\/2023\\\/01\\\/logo-wmcmf-2.png\",\"contentUrl\":\"https:\\\/\\\/webdelmaestrocmf.com\\\/portal\\\/wp-content\\\/uploads\\\/2023\\\/01\\\/logo-wmcmf-2.png\",\"width\":200,\"height\":60,\"caption\":\"Web del Maestro CMF\"},\"image\":{\"@id\":\"https:\\\/\\\/webdelmaestrocmf.com\\\/portal\\\/#\\\/schema\\\/logo\\\/image\\\/\"},\"sameAs\":[\"https:\\\/\\\/www.facebook.com\\\/WebdelMaestroCMF\\\/\",\"https:\\\/\\\/x.com\\\/cmf_w\",\"https:\\\/\\\/www.pinterest.com\\\/WMCMF\\\/\",\"https:\\\/\\\/www.linkedin.com\\\/company\\\/web-del-maestro-cmf\\\/\",\"https:\\\/\\\/www.instagram.com\\\/wmcmf\\\/\",\"https:\\\/\\\/www.youtube.com\\\/channel\\\/UCDPSvjbdodE5sHnC3OxutHw\",\"https:\\\/\\\/mastodon.social\\\/@wmcmf\",\"https:\\\/\\\/www.tiktok.com\\\/@webdelmaestrocmf\"]},{\"@type\":\"Person\",\"@id\":\"https:\\\/\\\/webdelmaestrocmf.com\\\/portal\\\/#\\\/schema\\\/person\\\/1072a2ed7bd960df8ef99a551fa35dc5\",\"name\":\"Web del Maestro CMF\",\"image\":{\"@type\":\"ImageObject\",\"inLanguage\":\"es\",\"@id\":\"https:\\\/\\\/secure.gravatar.com\\\/avatar\\\/23291dd5b5ae1077dcff3dbb04c3e02bd28403fa75af6d8787d5e97c5bbbe30b?s=96&d=mm&r=g\",\"url\":\"https:\\\/\\\/secure.gravatar.com\\\/avatar\\\/23291dd5b5ae1077dcff3dbb04c3e02bd28403fa75af6d8787d5e97c5bbbe30b?s=96&d=mm&r=g\",\"contentUrl\":\"https:\\\/\\\/secure.gravatar.com\\\/avatar\\\/23291dd5b5ae1077dcff3dbb04c3e02bd28403fa75af6d8787d5e97c5bbbe30b?s=96&d=mm&r=g\",\"caption\":\"Web del Maestro CMF\"},\"description\":\"Esta Web se cre\u00f3 sin fines de lucro, con fines educativos, cient\u00edficos y acad\u00e9micos, para personas que tengan dificultades y\\\/o inconvenientes en visualizar el material original. El objetivo es entregar recursos, compartir experiencias y materiales que ayuden a los padres de familia, maestros y estudiantes en su actualizaci\u00f3n y formaci\u00f3n permanente, en bien de la Educaci\u00f3n.\",\"sameAs\":[\"http:\\\/\\\/webdelmaestrocmf.com\\\/portal\",\"https:\\\/\\\/www.facebook.com\\\/WebdelMaestroCMF\\\/\",\"https:\\\/\\\/www.instagram.com\\\/wmcmf\\\/\",\"https:\\\/\\\/cl.linkedin.com\\\/company\\\/web-del-maestro-cmf\",\"https:\\\/\\\/www.pinterest.com\\\/WMCMF\\\/publicaciones\\\/\",\"https:\\\/\\\/x.com\\\/cmf_w\",\"https:\\\/\\\/www.youtube.com\\\/@WMCMF\"]}]}<\/script>\n<!-- \/ Yoast SEO plugin. -->","yoast_head_json":{"title":"Metodolog\u00edas y enfoques inclusivos en la educaci\u00f3n - 2026","description":"El principio de atenci\u00f3n a la diversidad, la igualdad de oportunidades y la inclusi\u00f3n est\u00e1n presentes en cada una de las disposiciones....","robots":{"index":"index","follow":"follow","max-snippet":"max-snippet:-1","max-image-preview":"max-image-preview:large","max-video-preview":"max-video-preview:-1"},"canonical":"https:\/\/webdelmaestrocmf.com\/portal\/metodologias-y-enfoques-inclusivos-en-la-educacion\/","og_locale":"es_ES","og_type":"article","og_title":"Metodolog\u00edas y enfoques inclusivos en la educaci\u00f3n - 2026","og_description":"El principio de atenci\u00f3n a la diversidad, la igualdad de oportunidades y la inclusi\u00f3n est\u00e1n presentes en cada una de las disposiciones....","og_url":"https:\/\/webdelmaestrocmf.com\/portal\/metodologias-y-enfoques-inclusivos-en-la-educacion\/","og_site_name":"Web del Maestro CMF","article_publisher":"https:\/\/www.facebook.com\/WebdelMaestroCMF\/","article_author":"https:\/\/www.facebook.com\/WebdelMaestroCMF\/","article_published_time":"2022-03-05T23:13:57+00:00","article_modified_time":"2022-03-06T15:50:44+00:00","og_image":[{"width":1100,"height":680,"url":"https:\/\/i0.wp.com\/webdelmaestrocmf.com\/portal\/wp-content\/uploads\/2022\/03\/1-6.jpg?fit=1100%2C680&ssl=1","type":"image\/jpeg"}],"author":"Web del Maestro CMF","twitter_card":"summary_large_image","twitter_creator":"@cmf_w","twitter_site":"@cmf_w","schema":{"@context":"https:\/\/schema.org","@graph":[{"@type":"ScholarlyArticle","@id":"https:\/\/webdelmaestrocmf.com\/portal\/metodologias-y-enfoques-inclusivos-en-la-educacion\/#article","isPartOf":{"@id":"https:\/\/webdelmaestrocmf.com\/portal\/metodologias-y-enfoques-inclusivos-en-la-educacion\/"},"author":{"name":"Web del Maestro CMF","@id":"https:\/\/webdelmaestrocmf.com\/portal\/#\/schema\/person\/1072a2ed7bd960df8ef99a551fa35dc5"},"headline":"Metodolog\u00edas y enfoques inclusivos en la educaci\u00f3n","datePublished":"2022-03-05T23:13:57+00:00","dateModified":"2022-03-06T15:50:44+00:00","mainEntityOfPage":{"@id":"https:\/\/webdelmaestrocmf.com\/portal\/metodologias-y-enfoques-inclusivos-en-la-educacion\/"},"wordCount":603,"commentCount":0,"publisher":{"@id":"https:\/\/webdelmaestrocmf.com\/portal\/#organization"},"image":{"@id":"https:\/\/webdelmaestrocmf.com\/portal\/metodologias-y-enfoques-inclusivos-en-la-educacion\/#primaryimage"},"thumbnailUrl":"https:\/\/webdelmaestrocmf.com\/portal\/wp-content\/uploads\/2022\/03\/1-6.jpg","keywords":["EDUCACI\u00d3N","ENFOQUES","inclusivos","METODOLOG\u00cdAS"],"articleSection":["Pedagog\u00eda","Recursos"],"inLanguage":"es","potentialAction":[{"@type":"CommentAction","name":"Comment","target":["https:\/\/webdelmaestrocmf.com\/portal\/metodologias-y-enfoques-inclusivos-en-la-educacion\/#respond"]}]},{"@type":"WebPage","@id":"https:\/\/webdelmaestrocmf.com\/portal\/metodologias-y-enfoques-inclusivos-en-la-educacion\/","url":"https:\/\/webdelmaestrocmf.com\/portal\/metodologias-y-enfoques-inclusivos-en-la-educacion\/","name":"Metodolog\u00edas y enfoques inclusivos en la educaci\u00f3n - 2026","isPartOf":{"@id":"https:\/\/webdelmaestrocmf.com\/portal\/#website"},"primaryImageOfPage":{"@id":"https:\/\/webdelmaestrocmf.com\/portal\/metodologias-y-enfoques-inclusivos-en-la-educacion\/#primaryimage"},"image":{"@id":"https:\/\/webdelmaestrocmf.com\/portal\/metodologias-y-enfoques-inclusivos-en-la-educacion\/#primaryimage"},"thumbnailUrl":"https:\/\/webdelmaestrocmf.com\/portal\/wp-content\/uploads\/2022\/03\/1-6.jpg","datePublished":"2022-03-05T23:13:57+00:00","dateModified":"2022-03-06T15:50:44+00:00","description":"El principio de atenci\u00f3n a la diversidad, la igualdad de oportunidades y la inclusi\u00f3n est\u00e1n presentes en cada una de las disposiciones....","breadcrumb":{"@id":"https:\/\/webdelmaestrocmf.com\/portal\/metodologias-y-enfoques-inclusivos-en-la-educacion\/#breadcrumb"},"inLanguage":"es","potentialAction":[{"@type":"ReadAction","target":["https:\/\/webdelmaestrocmf.com\/portal\/metodologias-y-enfoques-inclusivos-en-la-educacion\/"]}]},{"@type":"ImageObject","inLanguage":"es","@id":"https:\/\/webdelmaestrocmf.com\/portal\/metodologias-y-enfoques-inclusivos-en-la-educacion\/#primaryimage","url":"https:\/\/webdelmaestrocmf.com\/portal\/wp-content\/uploads\/2022\/03\/1-6.jpg","contentUrl":"https:\/\/webdelmaestrocmf.com\/portal\/wp-content\/uploads\/2022\/03\/1-6.jpg","width":1100,"height":680},{"@type":"BreadcrumbList","@id":"https:\/\/webdelmaestrocmf.com\/portal\/metodologias-y-enfoques-inclusivos-en-la-educacion\/#breadcrumb","itemListElement":[{"@type":"ListItem","position":1,"name":"Portada","item":"https:\/\/webdelmaestrocmf.com\/portal\/"},{"@type":"ListItem","position":2,"name":"Recursos","item":"https:\/\/webdelmaestrocmf.com\/portal\/category\/pedagogia\/"},{"@type":"ListItem","position":3,"name":"Metodolog\u00edas y enfoques inclusivos en la educaci\u00f3n"}]},{"@type":"WebSite","@id":"https:\/\/webdelmaestrocmf.com\/portal\/#website","url":"https:\/\/webdelmaestrocmf.com\/portal\/","name":"Web del Maestro CMF","description":"Maestros al servicio de la educaci\u00f3n","publisher":{"@id":"https:\/\/webdelmaestrocmf.com\/portal\/#organization"},"alternateName":"WMCMF","potentialAction":[{"@type":"SearchAction","target":{"@type":"EntryPoint","urlTemplate":"https:\/\/webdelmaestrocmf.com\/portal\/?s={search_term_string}"},"query-input":{"@type":"PropertyValueSpecification","valueRequired":true,"valueName":"search_term_string"}}],"inLanguage":"es"},{"@type":"Organization","@id":"https:\/\/webdelmaestrocmf.com\/portal\/#organization","name":"Web del Maestro CMF","alternateName":"WMCMF","url":"https:\/\/webdelmaestrocmf.com\/portal\/","logo":{"@type":"ImageObject","inLanguage":"es","@id":"https:\/\/webdelmaestrocmf.com\/portal\/#\/schema\/logo\/image\/","url":"https:\/\/webdelmaestrocmf.com\/portal\/wp-content\/uploads\/2023\/01\/logo-wmcmf-2.png","contentUrl":"https:\/\/webdelmaestrocmf.com\/portal\/wp-content\/uploads\/2023\/01\/logo-wmcmf-2.png","width":200,"height":60,"caption":"Web del Maestro CMF"},"image":{"@id":"https:\/\/webdelmaestrocmf.com\/portal\/#\/schema\/logo\/image\/"},"sameAs":["https:\/\/www.facebook.com\/WebdelMaestroCMF\/","https:\/\/x.com\/cmf_w","https:\/\/www.pinterest.com\/WMCMF\/","https:\/\/www.linkedin.com\/company\/web-del-maestro-cmf\/","https:\/\/www.instagram.com\/wmcmf\/","https:\/\/www.youtube.com\/channel\/UCDPSvjbdodE5sHnC3OxutHw","https:\/\/mastodon.social\/@wmcmf","https:\/\/www.tiktok.com\/@webdelmaestrocmf"]},{"@type":"Person","@id":"https:\/\/webdelmaestrocmf.com\/portal\/#\/schema\/person\/1072a2ed7bd960df8ef99a551fa35dc5","name":"Web del Maestro CMF","image":{"@type":"ImageObject","inLanguage":"es","@id":"https:\/\/secure.gravatar.com\/avatar\/23291dd5b5ae1077dcff3dbb04c3e02bd28403fa75af6d8787d5e97c5bbbe30b?s=96&d=mm&r=g","url":"https:\/\/secure.gravatar.com\/avatar\/23291dd5b5ae1077dcff3dbb04c3e02bd28403fa75af6d8787d5e97c5bbbe30b?s=96&d=mm&r=g","contentUrl":"https:\/\/secure.gravatar.com\/avatar\/23291dd5b5ae1077dcff3dbb04c3e02bd28403fa75af6d8787d5e97c5bbbe30b?s=96&d=mm&r=g","caption":"Web del Maestro CMF"},"description":"Esta Web se cre\u00f3 sin fines de lucro, con fines educativos, cient\u00edficos y acad\u00e9micos, para personas que tengan dificultades y\/o inconvenientes en visualizar el material original. El objetivo es entregar recursos, compartir experiencias y materiales que ayuden a los padres de familia, maestros y estudiantes en su actualizaci\u00f3n y formaci\u00f3n permanente, en bien de la Educaci\u00f3n.","sameAs":["http:\/\/webdelmaestrocmf.com\/portal","https:\/\/www.facebook.com\/WebdelMaestroCMF\/","https:\/\/www.instagram.com\/wmcmf\/","https:\/\/cl.linkedin.com\/company\/web-del-maestro-cmf","https:\/\/www.pinterest.com\/WMCMF\/publicaciones\/","https:\/\/x.com\/cmf_w","https:\/\/www.youtube.com\/@WMCMF"]}]}},"jetpack_featured_media_url":"https:\/\/webdelmaestrocmf.com\/portal\/wp-content\/uploads\/2022\/03\/1-6.jpg","jetpack_sharing_enabled":true,"jetpack-related-posts":[{"id":98782,"url":"https:\/\/webdelmaestrocmf.com\/portal\/estrategias-para-eliminar-las-barreras-para-el-aprendizaje-y-la-participacion-bap\/","url_meta":{"origin":75021,"position":0},"title":"Estrategias para eliminar las barreras para el aprendizaje y la participaci\u00f3n (BAP)","author":"Web del Maestro CMF","date":"28 octubre, 2023","format":false,"excerpt":"En el vasto mundo de la educaci\u00f3n, donde cada estudiante es \u00fanico y enfrenta desaf\u00edos y oportunidades diversos, es esencial abordar las barreras para el aprendizaje y la participaci\u00f3n (BAP) con determinaci\u00f3n y comprensi\u00f3n. Estas barreras pueden manifestarse de diversas formas, ya sea en la forma de obst\u00e1culos personales, ambientales\u2026","rel":"","context":"En \u00abBarreras para el Aprendizaje y la Participaci\u00f3n\u00bb","block_context":{"text":"Barreras para el Aprendizaje y la Participaci\u00f3n","link":"https:\/\/webdelmaestrocmf.com\/portal\/category\/pedagogia\/barreras-para-el-aprendizaje-y-la-participacion\/"},"img":{"alt_text":"Ejemplos de BAP barreras para el aprendizaje y la participaci\u00f3n","src":"https:\/\/i0.wp.com\/webdelmaestrocmf.com\/portal\/wp-content\/uploads\/2023\/10\/A12B3C4D-48.jpg?resize=350%2C200&ssl=1","width":350,"height":200,"srcset":"https:\/\/i0.wp.com\/webdelmaestrocmf.com\/portal\/wp-content\/uploads\/2023\/10\/A12B3C4D-48.jpg?resize=350%2C200&ssl=1 1x, https:\/\/i0.wp.com\/webdelmaestrocmf.com\/portal\/wp-content\/uploads\/2023\/10\/A12B3C4D-48.jpg?resize=525%2C300&ssl=1 1.5x, https:\/\/i0.wp.com\/webdelmaestrocmf.com\/portal\/wp-content\/uploads\/2023\/10\/A12B3C4D-48.jpg?resize=700%2C400&ssl=1 2x"},"classes":[]},{"id":107287,"url":"https:\/\/webdelmaestrocmf.com\/portal\/las-revoluciones-educativas-un-analisis-de-las-etapas-de-la-evolucion-en-la-ensenanza\/","url_meta":{"origin":75021,"position":1},"title":"Las revoluciones educativas: un an\u00e1lisis de las etapas de la evoluci\u00f3n en la ense\u00f1anza","author":"Web del Maestro CMF","date":"29 diciembre, 2024","format":false,"excerpt":"La educaci\u00f3n, como pilar fundamental de cualquier sociedad, ha experimentado m\u00faltiples transformaciones a lo largo de los siglos. Desde los modelos m\u00e1s tradicionales, donde el maestro era el centro del proceso, hasta los enfoques m\u00e1s modernos que integran tecnolog\u00edas avanzadas, cada etapa ha sido parte de una evoluci\u00f3n para mejorar\u2026","rel":"","context":"En \u00abPedagog\u00eda\u00bb","block_context":{"text":"Pedagog\u00eda","link":"https:\/\/webdelmaestrocmf.com\/portal\/category\/pedagogia\/educacion-pedagogia\/"},"img":{"alt_text":"","src":"https:\/\/i0.wp.com\/webdelmaestrocmf.com\/portal\/wp-content\/uploads\/2024\/12\/Banner-1-portada-imagen-10-1-48.jpg?resize=350%2C200&ssl=1","width":350,"height":200,"srcset":"https:\/\/i0.wp.com\/webdelmaestrocmf.com\/portal\/wp-content\/uploads\/2024\/12\/Banner-1-portada-imagen-10-1-48.jpg?resize=350%2C200&ssl=1 1x, https:\/\/i0.wp.com\/webdelmaestrocmf.com\/portal\/wp-content\/uploads\/2024\/12\/Banner-1-portada-imagen-10-1-48.jpg?resize=525%2C300&ssl=1 1.5x, https:\/\/i0.wp.com\/webdelmaestrocmf.com\/portal\/wp-content\/uploads\/2024\/12\/Banner-1-portada-imagen-10-1-48.jpg?resize=700%2C400&ssl=1 2x"},"classes":[]},{"id":89741,"url":"https:\/\/webdelmaestrocmf.com\/portal\/inclusion-educativa-que-es-y-como-se-aplica\/","url_meta":{"origin":75021,"position":2},"title":"Inclusi\u00f3n educativa \u00bfQu\u00e9 es y c\u00f3mo se aplica? Descarga las Herramientas de inclusi\u00f3n educativa para aulas diversas","author":"Web del Maestro CMF","date":"1 junio, 2023","format":false,"excerpt":"La inclusi\u00f3n educativa es un enfoque pedag\u00f3gico que busca garantizar que todos los estudiantes, independientemente de sus caracter\u00edsticas, necesidades o habilidades, tengan acceso equitativo a la educaci\u00f3n y participen plenamente en el proceso de ense\u00f1anza-aprendizaje. En un entorno inclusivo, se valora y respeta la diversidad, se promueve la igualdad de\u2026","rel":"","context":"En \u00abInclusi\u00f3n educativa\u00bb","block_context":{"text":"Inclusi\u00f3n educativa","link":"https:\/\/webdelmaestrocmf.com\/portal\/category\/pedagogia\/inclusion-educativa\/"},"img":{"alt_text":"","src":"https:\/\/i0.wp.com\/webdelmaestrocmf.com\/portal\/wp-content\/uploads\/2023\/06\/1A-Banner-1-portada-imagen-10-1-copia-2-1.jpg?resize=350%2C200&ssl=1","width":350,"height":200,"srcset":"https:\/\/i0.wp.com\/webdelmaestrocmf.com\/portal\/wp-content\/uploads\/2023\/06\/1A-Banner-1-portada-imagen-10-1-copia-2-1.jpg?resize=350%2C200&ssl=1 1x, https:\/\/i0.wp.com\/webdelmaestrocmf.com\/portal\/wp-content\/uploads\/2023\/06\/1A-Banner-1-portada-imagen-10-1-copia-2-1.jpg?resize=525%2C300&ssl=1 1.5x, https:\/\/i0.wp.com\/webdelmaestrocmf.com\/portal\/wp-content\/uploads\/2023\/06\/1A-Banner-1-portada-imagen-10-1-copia-2-1.jpg?resize=700%2C400&ssl=1 2x"},"classes":[]},{"id":101857,"url":"https:\/\/webdelmaestrocmf.com\/portal\/recomendacion-de-cursos-de-capacitacitacion-para-docentes\/","url_meta":{"origin":75021,"position":3},"title":"Recomendaci\u00f3n de cursos de capacitaci\u00f3n para docentes","author":"Web del Maestro CMF","date":"25 diciembre, 2023","format":false,"excerpt":"Los cursos de capacitaci\u00f3n que debe hacer un docente ahora est\u00e1n determinados por las necesidades espec\u00edficas del docente y del contexto educativo en el que trabaja. Sin embargo, hay algunas \u00e1reas generales que son importantes para todos los docentes, independientemente de su experiencia o nivel de educaci\u00f3n. En este sentido,\u2026","rel":"","context":"En \u00abCursos\u00bb","block_context":{"text":"Cursos","link":"https:\/\/webdelmaestrocmf.com\/portal\/category\/cursos\/"},"img":{"alt_text":"cursos de capacitacitaci\u00f3n","src":"https:\/\/i0.wp.com\/webdelmaestrocmf.com\/portal\/wp-content\/uploads\/2023\/12\/A12B3C4D-14.jpg?resize=350%2C200&ssl=1","width":350,"height":200,"srcset":"https:\/\/i0.wp.com\/webdelmaestrocmf.com\/portal\/wp-content\/uploads\/2023\/12\/A12B3C4D-14.jpg?resize=350%2C200&ssl=1 1x, https:\/\/i0.wp.com\/webdelmaestrocmf.com\/portal\/wp-content\/uploads\/2023\/12\/A12B3C4D-14.jpg?resize=525%2C300&ssl=1 1.5x, https:\/\/i0.wp.com\/webdelmaestrocmf.com\/portal\/wp-content\/uploads\/2023\/12\/A12B3C4D-14.jpg?resize=700%2C400&ssl=1 2x"},"classes":[]},{"id":107454,"url":"https:\/\/webdelmaestrocmf.com\/portal\/tendencias-que-redefiniran-la-educacion-en-2025-microaprendizaje-ia-abp-rv-ra-y-habilidades-blandas\/","url_meta":{"origin":75021,"position":4},"title":"Tendencias que redefinir\u00e1n la educaci\u00f3n en 2025: Microaprendizaje, IA, ABP, RV, RA y Habilidades blandas","author":"Web del Maestro CMF","date":"12 enero, 2025","format":false,"excerpt":"La educaci\u00f3n est\u00e1 experimentando una transformaci\u00f3n sin precedentes gracias a los avances tecnol\u00f3gicos, las nuevas metodolog\u00edas y la adaptaci\u00f3n a las necesidades cambiantes de los estudiantes. Esta evoluci\u00f3n no solo est\u00e1 modificando las herramientas y estrategias dentro del aula, sino que tambi\u00e9n est\u00e1 redefiniendo la manera en que los estudiantes\u2026","rel":"","context":"En \u00abEducaci\u00f3n STEM\u00bb","block_context":{"text":"Educaci\u00f3n STEM","link":"https:\/\/webdelmaestrocmf.com\/portal\/category\/pedagogia\/educacion-stem\/"},"img":{"alt_text":"","src":"https:\/\/i0.wp.com\/webdelmaestrocmf.com\/portal\/wp-content\/uploads\/2025\/01\/1A-Banner-1-portada-imagen-10-1-17.jpg?resize=350%2C200&ssl=1","width":350,"height":200,"srcset":"https:\/\/i0.wp.com\/webdelmaestrocmf.com\/portal\/wp-content\/uploads\/2025\/01\/1A-Banner-1-portada-imagen-10-1-17.jpg?resize=350%2C200&ssl=1 1x, https:\/\/i0.wp.com\/webdelmaestrocmf.com\/portal\/wp-content\/uploads\/2025\/01\/1A-Banner-1-portada-imagen-10-1-17.jpg?resize=525%2C300&ssl=1 1.5x, https:\/\/i0.wp.com\/webdelmaestrocmf.com\/portal\/wp-content\/uploads\/2025\/01\/1A-Banner-1-portada-imagen-10-1-17.jpg?resize=700%2C400&ssl=1 2x"},"classes":[]},{"id":72013,"url":"https:\/\/webdelmaestrocmf.com\/portal\/pack-de-materiales-sobre-aptitudes-diversas-capacidades-diferentes-de-aprendizaje\/","url_meta":{"origin":75021,"position":5},"title":"Pack de materiales sobre aptitudes diversas: Capacidades diferentes de aprendizaje","author":"Web del Maestro CMF","date":"25 mayo, 2022","format":false,"excerpt":"A partir de la Declaraci\u00f3n de la UNESCO sobre la educaci\u00f3n para todos en equidad de condiciones, generada en Salamanca en 1994, se ha incrementado la integraci\u00f3n de personas con capacidades diferentes en las escuelas regulares. Al margen de analizar sus\u00a0fortalezas\u00a0y\u00a0debilidades\u00a0o si la\u00a0educaci\u00f3n\u00a0inclusiva\u00a0favorece o no a todos los estudiantes; vale\u2026","rel":"","context":"En \u00abDescargas Manuales PDF\u00bb","block_context":{"text":"Descargas Manuales PDF","link":"https:\/\/webdelmaestrocmf.com\/portal\/category\/pedagogia\/descargas-manuales-pdf\/"},"img":{"alt_text":"","src":"https:\/\/i0.wp.com\/webdelmaestrocmf.com\/portal\/wp-content\/uploads\/2021\/12\/1WEDRT-6.jpg?resize=350%2C200&ssl=1","width":350,"height":200,"srcset":"https:\/\/i0.wp.com\/webdelmaestrocmf.com\/portal\/wp-content\/uploads\/2021\/12\/1WEDRT-6.jpg?resize=350%2C200&ssl=1 1x, https:\/\/i0.wp.com\/webdelmaestrocmf.com\/portal\/wp-content\/uploads\/2021\/12\/1WEDRT-6.jpg?resize=525%2C300&ssl=1 1.5x, https:\/\/i0.wp.com\/webdelmaestrocmf.com\/portal\/wp-content\/uploads\/2021\/12\/1WEDRT-6.jpg?resize=700%2C400&ssl=1 2x, https:\/\/i0.wp.com\/webdelmaestrocmf.com\/portal\/wp-content\/uploads\/2021\/12\/1WEDRT-6.jpg?resize=1050%2C600&ssl=1 3x"},"classes":[]}],"_links":{"self":[{"href":"https:\/\/webdelmaestrocmf.com\/portal\/wp-json\/wp\/v2\/posts\/75021","targetHints":{"allow":["GET"]}}],"collection":[{"href":"https:\/\/webdelmaestrocmf.com\/portal\/wp-json\/wp\/v2\/posts"}],"about":[{"href":"https:\/\/webdelmaestrocmf.com\/portal\/wp-json\/wp\/v2\/types\/post"}],"author":[{"embeddable":true,"href":"https:\/\/webdelmaestrocmf.com\/portal\/wp-json\/wp\/v2\/users\/1"}],"replies":[{"embeddable":true,"href":"https:\/\/webdelmaestrocmf.com\/portal\/wp-json\/wp\/v2\/comments?post=75021"}],"version-history":[{"count":0,"href":"https:\/\/webdelmaestrocmf.com\/portal\/wp-json\/wp\/v2\/posts\/75021\/revisions"}],"wp:featuredmedia":[{"embeddable":true,"href":"https:\/\/webdelmaestrocmf.com\/portal\/wp-json\/wp\/v2\/media\/75024"}],"wp:attachment":[{"href":"https:\/\/webdelmaestrocmf.com\/portal\/wp-json\/wp\/v2\/media?parent=75021"}],"wp:term":[{"taxonomy":"category","embeddable":true,"href":"https:\/\/webdelmaestrocmf.com\/portal\/wp-json\/wp\/v2\/categories?post=75021"},{"taxonomy":"post_tag","embeddable":true,"href":"https:\/\/webdelmaestrocmf.com\/portal\/wp-json\/wp\/v2\/tags?post=75021"}],"curies":[{"name":"wp","href":"https:\/\/api.w.org\/{rel}","templated":true}]}}