{"id":74994,"date":"2022-09-30T23:11:56","date_gmt":"2022-10-01T02:11:56","guid":{"rendered":"https:\/\/webdelmaestrocmf.com\/portal\/?p=74994"},"modified":"2024-01-01T13:28:40","modified_gmt":"2024-01-01T16:28:40","slug":"los-directores-deben-crear-un-espacio-para-que-su-comunidad-escolar-exprese-sus-emociones","status":"publish","type":"post","link":"https:\/\/webdelmaestrocmf.com\/portal\/los-directores-deben-crear-un-espacio-para-que-su-comunidad-escolar-exprese-sus-emociones\/","title":{"rendered":"Los Directores deben crear un espacio para que su comunidad escolar exprese sus emociones"},"content":{"rendered":"<p style=\"text-align: justify;\"><strong>El inicio del nuevo ciclo escolar a distancia y en confinamiento ha generado incertidumbre en docentes, estudiantes y padres de familia, por lo que una de las tareas vitales de los directivos y l\u00edderes educativos es lograr un adecuado manejo emocional para el regreso a clases, mediante procedimientos de contenci\u00f3n que tranquilicen a la comunidad y estimulen su confianza.<\/strong><\/p>\n<p><!--more--><\/p>\n<p style=\"text-align: justify;\">Para dar respuesta a esta inquietud, nuestro\u00a05\u00aa Encuentro virtual de Formaci\u00f3n Pinion 2020, en coordinaci\u00f3n con el\u00a0Instituto de Investigaci\u00f3n para el Desarrollo de la Educaci\u00f3n, A. C.\u00a0(IIDEAC), dedic\u00f3 un\u00a0<em>webinar<\/em>\u00a0sobre el\u00a0<strong>\u201cManejo emocional\u201d\u00a0<\/strong>en esta nueva realidad educativa, impartido por la Maestra y Licenciada en pedagog\u00eda Ma. Cecilia Vic<\/p>\n<h5 class=\"module-icon-item tf_inline_b\" style=\"text-align: justify;\"><span class=\"tf_vmiddle\">La crisis<\/span><\/h5>\n<p style=\"text-align: justify;\">La maestra Vicencio parti\u00f3 definiendo en general una crisis, como la reacci\u00f3n conductual, emocional, biol\u00f3gica y cognitiva de una persona, ante un evento desencadenante que genera un estado temporal de desorganizaci\u00f3n y de trastorno, con manifestaciones de malestar y tensi\u00f3n.<\/p>\n<p style=\"text-align: justify;\">Ante una crisis, nuestros objetivos se ven amenazados, lo que pensamos que \u00edbamos a hacer, o que ya hab\u00edamos logrado, se altera, y ya no es posible que sigamos con nuestros planes. Tenemos incertidumbre, angustia, nos sentimos desorganizados e inseguros.<\/p>\n<p style=\"text-align: justify;\">Enfrentar una\u00a0crisis de salud\u00a0como la actual no ha sido cosa f\u00e1cil, nos hemos sentido mal, angustiados y preocupados, pero podr\u00edamos enfrentar esta situaci\u00f3n de dos maneras: por un lado, qued\u00e1ndonos parados y quiz\u00e1 hasta retrocediendo: \u201cMe siento tan mal, tan impotente, tan frustrado que ya no s\u00e9 para d\u00f3nde ir\u201d.<\/p>\n<p style=\"text-align: justify;\">Pero, por otro lado, la situaci\u00f3n tambi\u00e9n nos plante\u00f3 la posibilidad de ir hacia adelante y salir mucho m\u00e1s fortalecido. Lo que yo quiero que entendamos en esta charla, insisti\u00f3 la Maestra Vicencio, es\u00a0<strong>por qu\u00e9 a veces somos capaces de salir adelante, empoderarnos y avanzar<\/strong>, y en otras ocasiones nos quedamos est\u00e1ticos o quiz\u00e1 tambi\u00e9n retrocedemos.<\/p>\n<p style=\"text-align: justify;\">La crisis fue repentina: aunque nos dijeron que \u00edbamos a tener que cerrar las escuelas y nos preparamos como pudimos, la verdad es que nadie se imagin\u00f3 que \u00edbamos a permanecer tantas semanas confinados en nuestras casas, con las escuelas cerradas y los\u00a0docentes a distancia.<\/p>\n<p style=\"text-align: justify;\">En el \u00e1mbito de la educaci\u00f3n, hemos vivido situaciones muy inesperadas que hemos tenido que resolver de manera urgente. Muchos logramos terminar bien el a\u00f1o escolar, pero cuando nos dimos cuenta que iniciar\u00edamos las clases otra vez en l\u00ednea, muchos docentes, estudiantes y padres de familia se sintieron frustrados y hasta desesperados.<\/p>\n<p style=\"text-align: justify;\">Algunas de las emociones que sentimos en este proceso son angustia, ansiedad, irritabilidad, enojo e incomodidad sin saber bien por qu\u00e9. Hay gente que reacciona de manera agresiva y otra que puede quedarse muy pasiva, sin participar, sin querer comunicarse porque est\u00e1 saturada de cosas. Al final, todos, de una u otra manera, sentimos miedo, y esto tiene que ver con nuestra\u00a0salud mental\u00a0y emocional.<\/p>\n<p><img loading=\"lazy\" decoding=\"async\" class=\" wp-image-74996\" src=\"https:\/\/webdelmaestrocmf.com\/portal\/wp-content\/uploads\/2022\/03\/1a12-DESKTOP-DLIPULV-19.jpg\" alt=\"\" width=\"731\" height=\"480\" srcset=\"https:\/\/webdelmaestrocmf.com\/portal\/wp-content\/uploads\/2022\/03\/1a12-DESKTOP-DLIPULV-19.jpg 512w, https:\/\/webdelmaestrocmf.com\/portal\/wp-content\/uploads\/2022\/03\/1a12-DESKTOP-DLIPULV-19-300x197.jpg 300w, https:\/\/webdelmaestrocmf.com\/portal\/wp-content\/uploads\/2022\/03\/1a12-DESKTOP-DLIPULV-19-110x72.jpg 110w, https:\/\/webdelmaestrocmf.com\/portal\/wp-content\/uploads\/2022\/03\/1a12-DESKTOP-DLIPULV-19-200x131.jpg 200w, https:\/\/webdelmaestrocmf.com\/portal\/wp-content\/uploads\/2022\/03\/1a12-DESKTOP-DLIPULV-19-380x249.jpg 380w, https:\/\/webdelmaestrocmf.com\/portal\/wp-content\/uploads\/2022\/03\/1a12-DESKTOP-DLIPULV-19-255x167.jpg 255w\" sizes=\"auto, (max-width: 731px) 100vw, 731px\" \/><\/p>\n<p style=\"text-align: justify;\"><strong>\u00bfQu\u00e9 puedo hacer yo como Director, como gu\u00eda de mi comunidad educativa para ayudar a manejar esas emociones?<\/strong>\u00a0\u00bfC\u00f3mo podemos ser l\u00edderes efectivos y cercanos en una situaci\u00f3n as\u00ed? \u00bfC\u00f3mo podemos contener la emocionalidad de nuestros colaboradores, de los padres de familia y muchas veces tambi\u00e9n de los alumnos?, se pregunt\u00f3 la maestra Ma. Cecilia Vicencio.<\/p>\n<h5 class=\"module-icon-item tf_inline_b\" style=\"text-align: justify;\"><span class=\"tf_vmiddle\">La contenci\u00f3n emocional<\/span><\/h5>\n<p style=\"text-align: justify;\"><a href=\"https:\/\/impsicablog.wordpress.com\/talleres\/taller-de-contencion-emocional-para-docentes\/\" target=\"_blank\" rel=\"noopener\">Contenci\u00f3n emocional<\/a>\u00a0es todo lo que hagamos, los procedimientos y acercamientos, para que la persona que se siente preocupada o inquieta se tranquilice. Para que vuelva a adquirir la confianza en s\u00ed misma y que pueda ir retomando su capacidad de resolver la situaci\u00f3n que enfrenta.<\/p>\n<p style=\"text-align: justify;\">La maestra Vicencio habl\u00f3 de algunos procedimientos para tranquilizar y estimular la confianza de la persona afectada por una crisis emocional, el apoyo primario para reestablecer su estabilidad, as\u00ed como las alternativas para la expresi\u00f3n de sus sentimientos y las rutas para solucionar problemas.<\/p>\n<p style=\"text-align: justify;\">Pero algo muy importante es que como directores, continu\u00f3, no vamos a resolver los problemas que las personas de nuestra comunidad educativa tienen que resolver, sino que vamos a ayudar a que tomen su centro para que sean capaces de resolver lo que necesitan enfrentar. Vamos a sostener a las personas a trav\u00e9s del acompa\u00f1amiento para que sean capaces de enfrentar esta crisis.<\/p>\n<h5 class=\"module-icon-item tf_inline_b\" style=\"text-align: justify;\"><span class=\"tf_vmiddle\">\u00bfC\u00f3mo ser una autoridad cercana?<\/span><\/h5>\n<p style=\"text-align: justify;\">Como directores tenemos ahora el doble reto de que no podemos estar f\u00edsicamente cerca de nuestra comunidad escolar, \u00bfc\u00f3mo haremos entonces para mantenernos cercanos de los otros a trav\u00e9s de una pantalla?<\/p>\n<p style=\"text-align: justify;\">Una herramienta comunicativa para acercarnos virtualmente es la\u00a0<a href=\"https:\/\/es.wikipedia.org\/wiki\/Escucha_activa#:~:text=%E2%80%8B%20La%20escucha%20activa%20consiste,lo%20que%20se%20est%C3%A1%20diciendo.\" target=\"_blank\" rel=\"noopener\">escucha activa<\/a>, donde yo tengo que ser un muy buen oyente, pero tambi\u00e9n debo saber hacer las preguntas adecuadas para tener una relaci\u00f3n cercana con mis colaboradores.<\/p>\n<p style=\"text-align: justify;\">Por otro lado, est\u00e1 la empat\u00eda, esta gran capacidad de ponerse en los zapatos del otro, de poder sentir lo que el otro est\u00e1 sintiendo, sin juzgarlo, sin criticarlo, poder entender desde d\u00f3nde est\u00e1 y ayudarlo a salir adelante. La pedagoga del IIDEAC propuso algunas otras estrategias para los directores escolares.<\/p>\n<p style=\"text-align: justify; padding-left: 40px;\"><strong>1. Promover la expresi\u00f3n de emociones<\/strong><\/p>\n<p style=\"text-align: justify; padding-left: 40px;\">Recordemos que es responsabilidad del director trabajar con todo el personal escolar: intendentes, administrativos, docentes, estudiantes y, adem\u00e1s, con los padres de familia.<\/p>\n<p style=\"text-align: justify; padding-left: 40px;\">El reto es ser una autoridad cercana, aunque a distancia. Si no podemos ir a nuestra escuela, si no podemos tener una junta presencial con los maestros ni los pap\u00e1s, \u00bfqu\u00e9 podemos hacer para que nos perciban de una manera cercana?<\/p>\n<p style=\"text-align: justify; padding-left: 40px;\">Como directores, podemos crear un espacio seguro para la expresi\u00f3n de emociones. Ante la imposibilidad del acercamiento f\u00edsico, lo primero es crear un espacio virtual y de tiempo, donde quede claro a la comunidad docente que se puede hablar de sentimientos, que tanto colaboradores como pap\u00e1s sepan que se pueden acercar al director y podemos hablar en ese nivel de comunicaci\u00f3n:<\/p>\n<p style=\"text-align: justify; padding-left: 40px;\">\u201cOye \u00bfc\u00f3mo te sientes?, \u00bfc\u00f3mo est\u00e1s?, \u00bfc\u00f3mo est\u00e1n tus hijos?, \u00bfc\u00f3mo sigue tu cu\u00f1ada?\u201d. Ese tipo de cosas que nos hacen ser cercanos y que deja claro que podemos hablar en una cercan\u00eda m\u00e1s estrecha.<\/p>\n<p style=\"text-align: justify; padding-left: 40px;\"><strong>2. S\u00e9 una presencia efectiva<br \/>\n<\/strong><br \/>\nLa distancia social profundiza el sentimiento de soledad. Hablamos con pocas personas, estamos lejos y eso profundiza ese sentimiento. Como director puedes promover el sentido de pertenencia en la escuela: a pesar de estar a distancia, todos somos de este colegio y, por lo tanto, todos queremos esto, tenemos este lema, metas comunes.<\/p>\n<p style=\"text-align: justify; padding-left: 40px;\">Amalgamar a la comunidad con elementos de uni\u00f3n que los hagan sentir orgullo de pertenecer a esa escuela, es una acci\u00f3n pr\u00e1ctica de gran utilidad para el acompa\u00f1amiento.<\/p>\n<p style=\"text-align: justify; padding-left: 40px;\"><strong>3. Haz preguntas significativas<\/strong><\/p>\n<p style=\"text-align: justify; padding-left: 40px;\">Conecta con empat\u00eda y comprensi\u00f3n, sabiendo que estamos en un momento dif\u00edcil para todos por el trabajo y con los hijos en casa. Si hacemos preguntas significativas que nos acerquen a la gente con la que trabajamos, se establecer\u00e1 un v\u00ednculo real m\u00e1s profundo.<\/p>\n<p style=\"text-align: justify; padding-left: 40px;\">\u00bfC\u00f3mo est\u00e1 tu familia? De lo que has logrado, \u00bfqu\u00e9 te hace sentir orgulloso? \u00bfQu\u00e9 has aprendido en esta pandemia? (Tejer, hornear, usar Zoom, etc\u00e9tera).<\/p>\n<p style=\"text-align: justify; padding-left: 40px;\"><strong>4. Escucha activamente<\/strong><\/p>\n<p style=\"text-align: justify; padding-left: 40px;\">Estamos viendo una pantalla, pero detr\u00e1s hay personas que debemos escuchar y con las que debemos tratar de tener un contacto visual, si bien indirecto, siempre emocional. Debemos tambi\u00e9n estar atentos al lenguaje corporal de los dem\u00e1s (est\u00e1 nervioso, distra\u00eddo, concentrado), e identificar ese lenguaje en canales a distancia y videollamadas.<\/p>\n<p style=\"text-align: justify; padding-left: 40px;\">Hazte presente para escuchar, conversar y parafrasear los comentarios de los dem\u00e1s, utiliza un lenguaje no verbal que demuestre tu genuino inter\u00e9s y evita juicios y consejos (no criticar, dar oportunidad a la gente de expresarse sin juicios e incluso cambiando prejuicios, ideas y conceptos propios).<\/p>\n<h5 class=\"module-icon-item tf_inline_b\" style=\"text-align: justify;\"><span class=\"tf_vmiddle\">Con los estudiantes<\/span><\/h5>\n<p style=\"text-align: justify;\">Es de fundamental importancia implementar programas de\u00a0<strong>aprendizaje socioemocional.<\/strong>\u00a0Crear espacios para manifestar emociones, donde los chicos puedan hablar del manejo de \u00e9stas y de c\u00f3mo las est\u00e1n gestionando. Pero debe ser un espacio pensado, bien planeado, con un programa, horario definido, un objetivo concreto, metas y contenidos claros.<\/p>\n<p style=\"text-align: justify;\">Debemos tener en cuenta que ya habr\u00e1 la nueva materia de bienestar y salud, y que esto es muy importante, pues ser\u00e1 un espacio en la curr\u00edcula oficial donde se podr\u00e1 trabajar en cuestiones emocionales y de salud importantes para los ni\u00f1os, ni\u00f1as y j\u00f3venes estudiantes.<\/p>\n<p style=\"text-align: justify;\">Hay que caminar en el autoconocimiento, reconocer sus propias emociones, identificar los valores personales e institucionales,\u00a0<strong>practicar actitudes positivas<\/strong>\u00a0como la empat\u00eda, la compasi\u00f3n y la inclusi\u00f3n. Esto es un reto, sobre todo en las clases virtuales, donde tenemos que generar un espacio de ayuda mutua, empat\u00eda, comprensi\u00f3n y compasi\u00f3n.<\/p>\n<p style=\"text-align: justify;\">Tambi\u00e9n es importante nombrar las emociones: \u201cesto que hacemos es ser compasivos con el otro. Veo que tiene una necesidad y se preocupa, y yo voy a ayudarlo\u201d. Nombrar las emociones para que los ni\u00f1os sepan que lo que est\u00e1n haciendo es valioso e importante y queremos que lo sigan haciendo.<\/p>\n<p style=\"text-align: justify;\">Que los chicos ampl\u00eden su vocabulario y enriquezcan su lenguaje emocional, que reconozcan sus emociones y puedan nombrarlas: \u201cme siento triste, frustrado, apartado de mis amigos, preocupado, impotente, cansado\u201d, ser\u00e1 ya un gran paso en la tarea de contenci\u00f3n emocional para los meses de clases a distancia que vienen.<\/p>\n<p><strong>Este contenido ha sido publicado originalmente por Pinion Tips en la siguiente direcci\u00f3n: <a href=\"https:\/\/pinion.education\/es\/blog\/manejo-emocional-en-el-regreso-a-clases\/\" target=\"_blank\" rel=\"noopener\">pinion.education<\/a><\/strong><\/p>\n\t\t<div class=\"pk-inline-posts\">\n\t\t\t\n\t\t\t<div class=\"pk-inline-posts-container pk-inline-posts-template-list\"\n\t\t\t\tdata-columns=\"1\">\n\t\t\t\t\t\t<article id=\"post-84656\" class=\"post-84656 post type-post status-publish format-standard has-post-thumbnail category-director category-docentes category-pedagogia tag-buen tag-cualidades tag-docente tag-paulo-freire cs-entry cs-video-wrap\">\n\t\t\t<div class=\"pk-post-outer\">\n\n\t\t\t\t\t\t\t\t<div class=\"pk-post-inner\">\n\t\t\t\t\t<div class=\"entry-thumbnail\">\n\t\t\t\t\t\t<div class=\"pk-overlay pk-overlay-ratio pk-ratio-landscape\">\n\t\t\t\t\t\t\t<div class=\"pk-overlay-background\">\n\t\t\t\t\t\t\t\t<a href=\"https:\/\/webdelmaestrocmf.com\/portal\/las-cualidades-de-un-buen-docente-paulo-freire\/\" class=\"pk-overlay-link\">\n\t\t\t\t\t\t\t\t\t<img loading=\"lazy\" decoding=\"async\" width=\"300\" height=\"225\" src=\"https:\/\/webdelmaestrocmf.com\/portal\/wp-content\/uploads\/2025\/01\/Banner-1-portada-imagen-10-1-4-1-300x225.jpg\" class=\"attachment-pk-thumbnail size-pk-thumbnail wp-post-image\" alt=\"\" \/>\t\t\t\t\t\t\t\t<\/a>\n\t\t\t\t\t\t\t<\/div>\n\t\t\t\t\t\t<\/div>\n\t\t\t\t\t<\/div>\n\t\t\t\t<\/div>\n\t\t\t\t\n\t\t\t\t<div class=\"pk-post-inner\">\n\t\t\t\t\t<header>\n\t\t\t\t\t\t<h3 class=\"pk-title\"><a href=\"https:\/\/webdelmaestrocmf.com\/portal\/las-cualidades-de-un-buen-docente-paulo-freire\/\" rel=\"bookmark\">Las cualidades de un buen docente: Paulo Freire<\/a><\/h3>\t\t\t\t\t<\/header><!-- .entry-header -->\n\t\t\t\t<\/div><!-- .post-inner -->\n\n\t\t\t<\/div><!-- .post-outer -->\n\t\t<\/article>\n\t\t\t\t<\/div>\n\t\t<\/div>\n\t\t\n","protected":false},"excerpt":{"rendered":"El inicio del nuevo ciclo escolar a distancia y en confinamiento ha generado incertidumbre en docentes, estudiantes y&hellip;","protected":false},"author":1,"featured_media":74995,"comment_status":"open","ping_status":"closed","sticky":false,"template":"","format":"standard","meta":{"_jetpack_newsletter_access":"","_jetpack_dont_email_post_to_subs":false,"_jetpack_newsletter_tier_id":0,"_jetpack_memberships_contains_paywalled_content":false,"csco_display_header_overlay":false,"csco_singular_sidebar":"default","csco_page_header_type":"default","csco_page_load_nextpost":"default","csco_post_video_location":[],"csco_post_video_location_hash":"","csco_post_video_url":"","csco_post_video_bg_start_time":0,"csco_post_video_bg_end_time":0,"csco_post_video_bg_volume":false,"_jetpack_feature_clip_id":0,"_jetpack_memberships_contains_paid_content":false,"footnotes":"","jetpack_post_was_ever_published":false},"categories":[2140,735],"tags":[1558,2900,152,276,608,3654,14663],"class_list":["post-74994","post","type-post","status-publish","format-standard","has-post-thumbnail","category-director","category-pedagogia","tag-comunidad","tag-crear","tag-directores","tag-emociones","tag-escolar","tag-espacio","tag-exprese","cs-entry","cs-video-wrap"],"yoast_head":"<!-- This site is optimized with the Yoast SEO plugin v28.1 - https:\/\/yoast.com\/product\/yoast-seo-wordpress\/ -->\n<title>Los Directores deben crear un espacio para que su comunidad escolar exprese sus emociones - 2026<\/title>\n<meta name=\"description\" content=\"Comunidad de Maestros, Docentes y Profesores, en donde encontrar\u00e1s material, informaci\u00f3n y noticias del \u00e1mbito nacional y mundial.\" \/>\n<meta name=\"robots\" content=\"index, follow, max-snippet:-1, max-image-preview:large, max-video-preview:-1\" \/>\n<link rel=\"canonical\" href=\"https:\/\/webdelmaestrocmf.com\/portal\/los-directores-deben-crear-un-espacio-para-que-su-comunidad-escolar-exprese-sus-emociones\/\" \/>\n<meta property=\"og:locale\" content=\"es_ES\" \/>\n<meta property=\"og:type\" content=\"article\" \/>\n<meta property=\"og:title\" content=\"Los Directores deben crear un espacio para que su comunidad escolar exprese sus emociones - 2026\" \/>\n<meta property=\"og:description\" content=\"Comunidad de Maestros, Docentes y Profesores, en donde encontrar\u00e1s material, informaci\u00f3n y noticias del \u00e1mbito nacional y mundial.\" \/>\n<meta property=\"og:url\" content=\"https:\/\/webdelmaestrocmf.com\/portal\/los-directores-deben-crear-un-espacio-para-que-su-comunidad-escolar-exprese-sus-emociones\/\" \/>\n<meta property=\"og:site_name\" content=\"Web del Maestro CMF\" \/>\n<meta property=\"article:publisher\" content=\"https:\/\/www.facebook.com\/WebdelMaestroCMF\/\" \/>\n<meta property=\"article:author\" content=\"https:\/\/www.facebook.com\/WebdelMaestroCMF\/\" \/>\n<meta property=\"article:published_time\" content=\"2022-10-01T02:11:56+00:00\" \/>\n<meta property=\"article:modified_time\" content=\"2024-01-01T16:28:40+00:00\" \/>\n<meta property=\"og:image\" content=\"https:\/\/webdelmaestrocmf.com\/portal\/wp-content\/uploads\/2022\/03\/1a12-DESKTOP-DLIPULV-18.jpg\" \/>\n\t<meta property=\"og:image:width\" content=\"1100\" \/>\n\t<meta property=\"og:image:height\" content=\"680\" \/>\n\t<meta property=\"og:image:type\" content=\"image\/jpeg\" \/>\n<meta name=\"author\" content=\"Web del Maestro CMF\" \/>\n<meta name=\"twitter:card\" content=\"summary_large_image\" \/>\n<meta name=\"twitter:creator\" content=\"@cmf_w\" \/>\n<meta name=\"twitter:site\" content=\"@cmf_w\" \/>\n<script type=\"application\/ld+json\" class=\"yoast-schema-graph\">{\"@context\":\"https:\\\/\\\/schema.org\",\"@graph\":[{\"@type\":\"ScholarlyArticle\",\"@id\":\"https:\\\/\\\/webdelmaestrocmf.com\\\/portal\\\/los-directores-deben-crear-un-espacio-para-que-su-comunidad-escolar-exprese-sus-emociones\\\/#article\",\"isPartOf\":{\"@id\":\"https:\\\/\\\/webdelmaestrocmf.com\\\/portal\\\/los-directores-deben-crear-un-espacio-para-que-su-comunidad-escolar-exprese-sus-emociones\\\/\"},\"author\":{\"name\":\"Web del Maestro CMF\",\"@id\":\"https:\\\/\\\/webdelmaestrocmf.com\\\/portal\\\/#\\\/schema\\\/person\\\/1072a2ed7bd960df8ef99a551fa35dc5\"},\"headline\":\"Los Directores deben crear un espacio para que su comunidad escolar exprese sus emociones\",\"datePublished\":\"2022-10-01T02:11:56+00:00\",\"dateModified\":\"2024-01-01T16:28:40+00:00\",\"mainEntityOfPage\":{\"@id\":\"https:\\\/\\\/webdelmaestrocmf.com\\\/portal\\\/los-directores-deben-crear-un-espacio-para-que-su-comunidad-escolar-exprese-sus-emociones\\\/\"},\"wordCount\":1597,\"commentCount\":0,\"publisher\":{\"@id\":\"https:\\\/\\\/webdelmaestrocmf.com\\\/portal\\\/#organization\"},\"image\":{\"@id\":\"https:\\\/\\\/webdelmaestrocmf.com\\\/portal\\\/los-directores-deben-crear-un-espacio-para-que-su-comunidad-escolar-exprese-sus-emociones\\\/#primaryimage\"},\"thumbnailUrl\":\"https:\\\/\\\/webdelmaestrocmf.com\\\/portal\\\/wp-content\\\/uploads\\\/2022\\\/03\\\/1a12-DESKTOP-DLIPULV-18.jpg\",\"keywords\":[\"COMUNIDAD\",\"CREAR\",\"Directores\",\"EMOCIONES\",\"ESCOLAR\",\"espacio\",\"exprese\"],\"articleSection\":[\"Director\",\"Recursos\"],\"inLanguage\":\"es\",\"potentialAction\":[{\"@type\":\"CommentAction\",\"name\":\"Comment\",\"target\":[\"https:\\\/\\\/webdelmaestrocmf.com\\\/portal\\\/los-directores-deben-crear-un-espacio-para-que-su-comunidad-escolar-exprese-sus-emociones\\\/#respond\"]}]},{\"@type\":\"WebPage\",\"@id\":\"https:\\\/\\\/webdelmaestrocmf.com\\\/portal\\\/los-directores-deben-crear-un-espacio-para-que-su-comunidad-escolar-exprese-sus-emociones\\\/\",\"url\":\"https:\\\/\\\/webdelmaestrocmf.com\\\/portal\\\/los-directores-deben-crear-un-espacio-para-que-su-comunidad-escolar-exprese-sus-emociones\\\/\",\"name\":\"Los Directores deben crear un espacio para que su comunidad escolar exprese sus emociones - 2026\",\"isPartOf\":{\"@id\":\"https:\\\/\\\/webdelmaestrocmf.com\\\/portal\\\/#website\"},\"primaryImageOfPage\":{\"@id\":\"https:\\\/\\\/webdelmaestrocmf.com\\\/portal\\\/los-directores-deben-crear-un-espacio-para-que-su-comunidad-escolar-exprese-sus-emociones\\\/#primaryimage\"},\"image\":{\"@id\":\"https:\\\/\\\/webdelmaestrocmf.com\\\/portal\\\/los-directores-deben-crear-un-espacio-para-que-su-comunidad-escolar-exprese-sus-emociones\\\/#primaryimage\"},\"thumbnailUrl\":\"https:\\\/\\\/webdelmaestrocmf.com\\\/portal\\\/wp-content\\\/uploads\\\/2022\\\/03\\\/1a12-DESKTOP-DLIPULV-18.jpg\",\"datePublished\":\"2022-10-01T02:11:56+00:00\",\"dateModified\":\"2024-01-01T16:28:40+00:00\",\"description\":\"Comunidad de Maestros, Docentes y Profesores, en donde encontrar\u00e1s material, informaci\u00f3n y noticias del \u00e1mbito nacional y mundial.\",\"breadcrumb\":{\"@id\":\"https:\\\/\\\/webdelmaestrocmf.com\\\/portal\\\/los-directores-deben-crear-un-espacio-para-que-su-comunidad-escolar-exprese-sus-emociones\\\/#breadcrumb\"},\"inLanguage\":\"es\",\"potentialAction\":[{\"@type\":\"ReadAction\",\"target\":[\"https:\\\/\\\/webdelmaestrocmf.com\\\/portal\\\/los-directores-deben-crear-un-espacio-para-que-su-comunidad-escolar-exprese-sus-emociones\\\/\"]}]},{\"@type\":\"ImageObject\",\"inLanguage\":\"es\",\"@id\":\"https:\\\/\\\/webdelmaestrocmf.com\\\/portal\\\/los-directores-deben-crear-un-espacio-para-que-su-comunidad-escolar-exprese-sus-emociones\\\/#primaryimage\",\"url\":\"https:\\\/\\\/webdelmaestrocmf.com\\\/portal\\\/wp-content\\\/uploads\\\/2022\\\/03\\\/1a12-DESKTOP-DLIPULV-18.jpg\",\"contentUrl\":\"https:\\\/\\\/webdelmaestrocmf.com\\\/portal\\\/wp-content\\\/uploads\\\/2022\\\/03\\\/1a12-DESKTOP-DLIPULV-18.jpg\",\"width\":1100,\"height\":680},{\"@type\":\"BreadcrumbList\",\"@id\":\"https:\\\/\\\/webdelmaestrocmf.com\\\/portal\\\/los-directores-deben-crear-un-espacio-para-que-su-comunidad-escolar-exprese-sus-emociones\\\/#breadcrumb\",\"itemListElement\":[{\"@type\":\"ListItem\",\"position\":1,\"name\":\"Portada\",\"item\":\"https:\\\/\\\/webdelmaestrocmf.com\\\/portal\\\/\"},{\"@type\":\"ListItem\",\"position\":2,\"name\":\"Recursos\",\"item\":\"https:\\\/\\\/webdelmaestrocmf.com\\\/portal\\\/category\\\/pedagogia\\\/\"},{\"@type\":\"ListItem\",\"position\":3,\"name\":\"Los Directores deben crear un espacio para que su comunidad escolar exprese sus emociones\"}]},{\"@type\":\"WebSite\",\"@id\":\"https:\\\/\\\/webdelmaestrocmf.com\\\/portal\\\/#website\",\"url\":\"https:\\\/\\\/webdelmaestrocmf.com\\\/portal\\\/\",\"name\":\"Web del Maestro CMF\",\"description\":\"Maestros al servicio de la educaci\u00f3n\",\"publisher\":{\"@id\":\"https:\\\/\\\/webdelmaestrocmf.com\\\/portal\\\/#organization\"},\"alternateName\":\"WMCMF\",\"potentialAction\":[{\"@type\":\"SearchAction\",\"target\":{\"@type\":\"EntryPoint\",\"urlTemplate\":\"https:\\\/\\\/webdelmaestrocmf.com\\\/portal\\\/?s={search_term_string}\"},\"query-input\":{\"@type\":\"PropertyValueSpecification\",\"valueRequired\":true,\"valueName\":\"search_term_string\"}}],\"inLanguage\":\"es\"},{\"@type\":\"Organization\",\"@id\":\"https:\\\/\\\/webdelmaestrocmf.com\\\/portal\\\/#organization\",\"name\":\"Web del Maestro CMF\",\"alternateName\":\"WMCMF\",\"url\":\"https:\\\/\\\/webdelmaestrocmf.com\\\/portal\\\/\",\"logo\":{\"@type\":\"ImageObject\",\"inLanguage\":\"es\",\"@id\":\"https:\\\/\\\/webdelmaestrocmf.com\\\/portal\\\/#\\\/schema\\\/logo\\\/image\\\/\",\"url\":\"https:\\\/\\\/webdelmaestrocmf.com\\\/portal\\\/wp-content\\\/uploads\\\/2023\\\/01\\\/logo-wmcmf-2.png\",\"contentUrl\":\"https:\\\/\\\/webdelmaestrocmf.com\\\/portal\\\/wp-content\\\/uploads\\\/2023\\\/01\\\/logo-wmcmf-2.png\",\"width\":200,\"height\":60,\"caption\":\"Web del Maestro CMF\"},\"image\":{\"@id\":\"https:\\\/\\\/webdelmaestrocmf.com\\\/portal\\\/#\\\/schema\\\/logo\\\/image\\\/\"},\"sameAs\":[\"https:\\\/\\\/www.facebook.com\\\/WebdelMaestroCMF\\\/\",\"https:\\\/\\\/x.com\\\/cmf_w\",\"https:\\\/\\\/www.pinterest.com\\\/WMCMF\\\/\",\"https:\\\/\\\/www.linkedin.com\\\/company\\\/web-del-maestro-cmf\\\/\",\"https:\\\/\\\/www.instagram.com\\\/wmcmf\\\/\",\"https:\\\/\\\/www.youtube.com\\\/channel\\\/UCDPSvjbdodE5sHnC3OxutHw\",\"https:\\\/\\\/mastodon.social\\\/@wmcmf\",\"https:\\\/\\\/www.tiktok.com\\\/@webdelmaestrocmf\"]},{\"@type\":\"Person\",\"@id\":\"https:\\\/\\\/webdelmaestrocmf.com\\\/portal\\\/#\\\/schema\\\/person\\\/1072a2ed7bd960df8ef99a551fa35dc5\",\"name\":\"Web del Maestro CMF\",\"image\":{\"@type\":\"ImageObject\",\"inLanguage\":\"es\",\"@id\":\"https:\\\/\\\/secure.gravatar.com\\\/avatar\\\/23291dd5b5ae1077dcff3dbb04c3e02bd28403fa75af6d8787d5e97c5bbbe30b?s=96&d=mm&r=g\",\"url\":\"https:\\\/\\\/secure.gravatar.com\\\/avatar\\\/23291dd5b5ae1077dcff3dbb04c3e02bd28403fa75af6d8787d5e97c5bbbe30b?s=96&d=mm&r=g\",\"contentUrl\":\"https:\\\/\\\/secure.gravatar.com\\\/avatar\\\/23291dd5b5ae1077dcff3dbb04c3e02bd28403fa75af6d8787d5e97c5bbbe30b?s=96&d=mm&r=g\",\"caption\":\"Web del Maestro CMF\"},\"description\":\"Esta Web se cre\u00f3 sin fines de lucro, con fines educativos, cient\u00edficos y acad\u00e9micos, para personas que tengan dificultades y\\\/o inconvenientes en visualizar el material original. El objetivo es entregar recursos, compartir experiencias y materiales que ayuden a los padres de familia, maestros y estudiantes en su actualizaci\u00f3n y formaci\u00f3n permanente, en bien de la Educaci\u00f3n.\",\"sameAs\":[\"http:\\\/\\\/webdelmaestrocmf.com\\\/portal\",\"https:\\\/\\\/www.facebook.com\\\/WebdelMaestroCMF\\\/\",\"https:\\\/\\\/www.instagram.com\\\/wmcmf\\\/\",\"https:\\\/\\\/cl.linkedin.com\\\/company\\\/web-del-maestro-cmf\",\"https:\\\/\\\/www.pinterest.com\\\/WMCMF\\\/publicaciones\\\/\",\"https:\\\/\\\/x.com\\\/cmf_w\",\"https:\\\/\\\/www.youtube.com\\\/@WMCMF\"]}]}<\/script>\n<!-- \/ Yoast SEO plugin. -->","yoast_head_json":{"title":"Los Directores deben crear un espacio para que su comunidad escolar exprese sus emociones - 2026","description":"Comunidad de Maestros, Docentes y Profesores, en donde encontrar\u00e1s material, informaci\u00f3n y noticias del \u00e1mbito nacional y mundial.","robots":{"index":"index","follow":"follow","max-snippet":"max-snippet:-1","max-image-preview":"max-image-preview:large","max-video-preview":"max-video-preview:-1"},"canonical":"https:\/\/webdelmaestrocmf.com\/portal\/los-directores-deben-crear-un-espacio-para-que-su-comunidad-escolar-exprese-sus-emociones\/","og_locale":"es_ES","og_type":"article","og_title":"Los Directores deben crear un espacio para que su comunidad escolar exprese sus emociones - 2026","og_description":"Comunidad de Maestros, Docentes y Profesores, en donde encontrar\u00e1s material, informaci\u00f3n y noticias del \u00e1mbito nacional y mundial.","og_url":"https:\/\/webdelmaestrocmf.com\/portal\/los-directores-deben-crear-un-espacio-para-que-su-comunidad-escolar-exprese-sus-emociones\/","og_site_name":"Web del Maestro CMF","article_publisher":"https:\/\/www.facebook.com\/WebdelMaestroCMF\/","article_author":"https:\/\/www.facebook.com\/WebdelMaestroCMF\/","article_published_time":"2022-10-01T02:11:56+00:00","article_modified_time":"2024-01-01T16:28:40+00:00","og_image":[{"width":1100,"height":680,"url":"https:\/\/webdelmaestrocmf.com\/portal\/wp-content\/uploads\/2022\/03\/1a12-DESKTOP-DLIPULV-18.jpg","type":"image\/jpeg"}],"author":"Web del Maestro CMF","twitter_card":"summary_large_image","twitter_creator":"@cmf_w","twitter_site":"@cmf_w","schema":{"@context":"https:\/\/schema.org","@graph":[{"@type":"ScholarlyArticle","@id":"https:\/\/webdelmaestrocmf.com\/portal\/los-directores-deben-crear-un-espacio-para-que-su-comunidad-escolar-exprese-sus-emociones\/#article","isPartOf":{"@id":"https:\/\/webdelmaestrocmf.com\/portal\/los-directores-deben-crear-un-espacio-para-que-su-comunidad-escolar-exprese-sus-emociones\/"},"author":{"name":"Web del Maestro CMF","@id":"https:\/\/webdelmaestrocmf.com\/portal\/#\/schema\/person\/1072a2ed7bd960df8ef99a551fa35dc5"},"headline":"Los Directores deben crear un espacio para que su comunidad escolar exprese sus emociones","datePublished":"2022-10-01T02:11:56+00:00","dateModified":"2024-01-01T16:28:40+00:00","mainEntityOfPage":{"@id":"https:\/\/webdelmaestrocmf.com\/portal\/los-directores-deben-crear-un-espacio-para-que-su-comunidad-escolar-exprese-sus-emociones\/"},"wordCount":1597,"commentCount":0,"publisher":{"@id":"https:\/\/webdelmaestrocmf.com\/portal\/#organization"},"image":{"@id":"https:\/\/webdelmaestrocmf.com\/portal\/los-directores-deben-crear-un-espacio-para-que-su-comunidad-escolar-exprese-sus-emociones\/#primaryimage"},"thumbnailUrl":"https:\/\/webdelmaestrocmf.com\/portal\/wp-content\/uploads\/2022\/03\/1a12-DESKTOP-DLIPULV-18.jpg","keywords":["COMUNIDAD","CREAR","Directores","EMOCIONES","ESCOLAR","espacio","exprese"],"articleSection":["Director","Recursos"],"inLanguage":"es","potentialAction":[{"@type":"CommentAction","name":"Comment","target":["https:\/\/webdelmaestrocmf.com\/portal\/los-directores-deben-crear-un-espacio-para-que-su-comunidad-escolar-exprese-sus-emociones\/#respond"]}]},{"@type":"WebPage","@id":"https:\/\/webdelmaestrocmf.com\/portal\/los-directores-deben-crear-un-espacio-para-que-su-comunidad-escolar-exprese-sus-emociones\/","url":"https:\/\/webdelmaestrocmf.com\/portal\/los-directores-deben-crear-un-espacio-para-que-su-comunidad-escolar-exprese-sus-emociones\/","name":"Los Directores deben crear un espacio para que su comunidad escolar exprese sus emociones - 2026","isPartOf":{"@id":"https:\/\/webdelmaestrocmf.com\/portal\/#website"},"primaryImageOfPage":{"@id":"https:\/\/webdelmaestrocmf.com\/portal\/los-directores-deben-crear-un-espacio-para-que-su-comunidad-escolar-exprese-sus-emociones\/#primaryimage"},"image":{"@id":"https:\/\/webdelmaestrocmf.com\/portal\/los-directores-deben-crear-un-espacio-para-que-su-comunidad-escolar-exprese-sus-emociones\/#primaryimage"},"thumbnailUrl":"https:\/\/webdelmaestrocmf.com\/portal\/wp-content\/uploads\/2022\/03\/1a12-DESKTOP-DLIPULV-18.jpg","datePublished":"2022-10-01T02:11:56+00:00","dateModified":"2024-01-01T16:28:40+00:00","description":"Comunidad de Maestros, Docentes y Profesores, en donde encontrar\u00e1s material, informaci\u00f3n y noticias del \u00e1mbito nacional y mundial.","breadcrumb":{"@id":"https:\/\/webdelmaestrocmf.com\/portal\/los-directores-deben-crear-un-espacio-para-que-su-comunidad-escolar-exprese-sus-emociones\/#breadcrumb"},"inLanguage":"es","potentialAction":[{"@type":"ReadAction","target":["https:\/\/webdelmaestrocmf.com\/portal\/los-directores-deben-crear-un-espacio-para-que-su-comunidad-escolar-exprese-sus-emociones\/"]}]},{"@type":"ImageObject","inLanguage":"es","@id":"https:\/\/webdelmaestrocmf.com\/portal\/los-directores-deben-crear-un-espacio-para-que-su-comunidad-escolar-exprese-sus-emociones\/#primaryimage","url":"https:\/\/webdelmaestrocmf.com\/portal\/wp-content\/uploads\/2022\/03\/1a12-DESKTOP-DLIPULV-18.jpg","contentUrl":"https:\/\/webdelmaestrocmf.com\/portal\/wp-content\/uploads\/2022\/03\/1a12-DESKTOP-DLIPULV-18.jpg","width":1100,"height":680},{"@type":"BreadcrumbList","@id":"https:\/\/webdelmaestrocmf.com\/portal\/los-directores-deben-crear-un-espacio-para-que-su-comunidad-escolar-exprese-sus-emociones\/#breadcrumb","itemListElement":[{"@type":"ListItem","position":1,"name":"Portada","item":"https:\/\/webdelmaestrocmf.com\/portal\/"},{"@type":"ListItem","position":2,"name":"Recursos","item":"https:\/\/webdelmaestrocmf.com\/portal\/category\/pedagogia\/"},{"@type":"ListItem","position":3,"name":"Los Directores deben crear un espacio para que su comunidad escolar exprese sus emociones"}]},{"@type":"WebSite","@id":"https:\/\/webdelmaestrocmf.com\/portal\/#website","url":"https:\/\/webdelmaestrocmf.com\/portal\/","name":"Web del Maestro CMF","description":"Maestros al servicio de la educaci\u00f3n","publisher":{"@id":"https:\/\/webdelmaestrocmf.com\/portal\/#organization"},"alternateName":"WMCMF","potentialAction":[{"@type":"SearchAction","target":{"@type":"EntryPoint","urlTemplate":"https:\/\/webdelmaestrocmf.com\/portal\/?s={search_term_string}"},"query-input":{"@type":"PropertyValueSpecification","valueRequired":true,"valueName":"search_term_string"}}],"inLanguage":"es"},{"@type":"Organization","@id":"https:\/\/webdelmaestrocmf.com\/portal\/#organization","name":"Web del Maestro CMF","alternateName":"WMCMF","url":"https:\/\/webdelmaestrocmf.com\/portal\/","logo":{"@type":"ImageObject","inLanguage":"es","@id":"https:\/\/webdelmaestrocmf.com\/portal\/#\/schema\/logo\/image\/","url":"https:\/\/webdelmaestrocmf.com\/portal\/wp-content\/uploads\/2023\/01\/logo-wmcmf-2.png","contentUrl":"https:\/\/webdelmaestrocmf.com\/portal\/wp-content\/uploads\/2023\/01\/logo-wmcmf-2.png","width":200,"height":60,"caption":"Web del Maestro CMF"},"image":{"@id":"https:\/\/webdelmaestrocmf.com\/portal\/#\/schema\/logo\/image\/"},"sameAs":["https:\/\/www.facebook.com\/WebdelMaestroCMF\/","https:\/\/x.com\/cmf_w","https:\/\/www.pinterest.com\/WMCMF\/","https:\/\/www.linkedin.com\/company\/web-del-maestro-cmf\/","https:\/\/www.instagram.com\/wmcmf\/","https:\/\/www.youtube.com\/channel\/UCDPSvjbdodE5sHnC3OxutHw","https:\/\/mastodon.social\/@wmcmf","https:\/\/www.tiktok.com\/@webdelmaestrocmf"]},{"@type":"Person","@id":"https:\/\/webdelmaestrocmf.com\/portal\/#\/schema\/person\/1072a2ed7bd960df8ef99a551fa35dc5","name":"Web del Maestro CMF","image":{"@type":"ImageObject","inLanguage":"es","@id":"https:\/\/secure.gravatar.com\/avatar\/23291dd5b5ae1077dcff3dbb04c3e02bd28403fa75af6d8787d5e97c5bbbe30b?s=96&d=mm&r=g","url":"https:\/\/secure.gravatar.com\/avatar\/23291dd5b5ae1077dcff3dbb04c3e02bd28403fa75af6d8787d5e97c5bbbe30b?s=96&d=mm&r=g","contentUrl":"https:\/\/secure.gravatar.com\/avatar\/23291dd5b5ae1077dcff3dbb04c3e02bd28403fa75af6d8787d5e97c5bbbe30b?s=96&d=mm&r=g","caption":"Web del Maestro CMF"},"description":"Esta Web se cre\u00f3 sin fines de lucro, con fines educativos, cient\u00edficos y acad\u00e9micos, para personas que tengan dificultades y\/o inconvenientes en visualizar el material original. El objetivo es entregar recursos, compartir experiencias y materiales que ayuden a los padres de familia, maestros y estudiantes en su actualizaci\u00f3n y formaci\u00f3n permanente, en bien de la Educaci\u00f3n.","sameAs":["http:\/\/webdelmaestrocmf.com\/portal","https:\/\/www.facebook.com\/WebdelMaestroCMF\/","https:\/\/www.instagram.com\/wmcmf\/","https:\/\/cl.linkedin.com\/company\/web-del-maestro-cmf","https:\/\/www.pinterest.com\/WMCMF\/publicaciones\/","https:\/\/x.com\/cmf_w","https:\/\/www.youtube.com\/@WMCMF"]}]}},"jetpack_featured_media_url":"https:\/\/webdelmaestrocmf.com\/portal\/wp-content\/uploads\/2022\/03\/1a12-DESKTOP-DLIPULV-18.jpg","jetpack_sharing_enabled":true,"jetpack-related-posts":[{"id":119319,"url":"https:\/\/webdelmaestrocmf.com\/portal\/directora-pone-en-jaque-a-los-alumnos-de-un-salon-si-ustedes-creen-que-yo-soy-una-bruja-perfecto-pero-no-conocen-lo-peor-de-mi\/","url_meta":{"origin":74994,"position":0},"title":"Directora pone en jaque a los alumnos de un sal\u00f3n: \u201cSi ustedes creen que yo soy una bruja, perfecto, pero no conocen lo peor de m\u00ed\u00bb","author":"Web del Maestro CMF","date":"17 mayo, 2026","format":false,"excerpt":"La directora defendi\u00f3 a los docentes frente a conductas disruptivas, reabriendo el debate sobre autoridad escolar, convivencia y el impacto que la indisciplina puede generar en el clima y aprendizaje escolar.","rel":"","context":"En \u00abNoticias Internacionales\u00bb","block_context":{"text":"Noticias Internacionales","link":"https:\/\/webdelmaestrocmf.com\/portal\/category\/noticias-internacionales\/"},"img":{"alt_text":"","src":"https:\/\/i0.wp.com\/webdelmaestrocmf.com\/portal\/wp-content\/uploads\/2026\/05\/1AA-Banner-1-portada-imagen-10-1-copia-9-1.webp?resize=350%2C200&ssl=1","width":350,"height":200,"srcset":"https:\/\/i0.wp.com\/webdelmaestrocmf.com\/portal\/wp-content\/uploads\/2026\/05\/1AA-Banner-1-portada-imagen-10-1-copia-9-1.webp?resize=350%2C200&ssl=1 1x, https:\/\/i0.wp.com\/webdelmaestrocmf.com\/portal\/wp-content\/uploads\/2026\/05\/1AA-Banner-1-portada-imagen-10-1-copia-9-1.webp?resize=525%2C300&ssl=1 1.5x, https:\/\/i0.wp.com\/webdelmaestrocmf.com\/portal\/wp-content\/uploads\/2026\/05\/1AA-Banner-1-portada-imagen-10-1-copia-9-1.webp?resize=700%2C400&ssl=1 2x, https:\/\/i0.wp.com\/webdelmaestrocmf.com\/portal\/wp-content\/uploads\/2026\/05\/1AA-Banner-1-portada-imagen-10-1-copia-9-1.webp?resize=1050%2C600&ssl=1 3x"},"classes":[]},{"id":116478,"url":"https:\/\/webdelmaestrocmf.com\/portal\/como-va-la-salud-mental-de-sus-padres-de-familia-y-estudiantes-iii-parte\/","url_meta":{"origin":74994,"position":1},"title":"\u00bfC\u00f3mo va la salud mental y emocional de sus padres de familia y estudiantes? (III Parte)","author":"Web del Maestro CMF","date":"14 marzo, 2026","format":false,"excerpt":"Ninguna metodolog\u00eda, por innovadora que sea, puede reemplazar el equilibrio emocional que deber\u00eda formarse primero en la familia. Sin esa base, ense\u00f1ar se vuelve mucho m\u00e1s dif\u00edcil.","rel":"","context":"En \u00abYo opino - WMCMF\u00bb","block_context":{"text":"Yo opino - WMCMF","link":"https:\/\/webdelmaestrocmf.com\/portal\/category\/jamb\/"},"img":{"alt_text":"","src":"https:\/\/i0.wp.com\/webdelmaestrocmf.com\/portal\/wp-content\/uploads\/2026\/03\/1AA-Banner-1-portada-imagen-10-1-copia-2-3.webp?resize=350%2C200&ssl=1","width":350,"height":200,"srcset":"https:\/\/i0.wp.com\/webdelmaestrocmf.com\/portal\/wp-content\/uploads\/2026\/03\/1AA-Banner-1-portada-imagen-10-1-copia-2-3.webp?resize=350%2C200&ssl=1 1x, https:\/\/i0.wp.com\/webdelmaestrocmf.com\/portal\/wp-content\/uploads\/2026\/03\/1AA-Banner-1-portada-imagen-10-1-copia-2-3.webp?resize=525%2C300&ssl=1 1.5x, https:\/\/i0.wp.com\/webdelmaestrocmf.com\/portal\/wp-content\/uploads\/2026\/03\/1AA-Banner-1-portada-imagen-10-1-copia-2-3.webp?resize=700%2C400&ssl=1 2x, https:\/\/i0.wp.com\/webdelmaestrocmf.com\/portal\/wp-content\/uploads\/2026\/03\/1AA-Banner-1-portada-imagen-10-1-copia-2-3.webp?resize=1050%2C600&ssl=1 3x"},"classes":[]},{"id":108279,"url":"https:\/\/webdelmaestrocmf.com\/portal\/uno-de-cada-tres-docentes-presenta-angustia-y-desgaste-emocional-durante-el-primer-trimestre-de-clases\/","url_meta":{"origin":74994,"position":2},"title":"Uno de cada tres docentes presenta angustia y desgaste emocional durante el primer trimestre de clases","author":"Web del Maestro CMF","date":"7 marzo, 2025","format":false,"excerpt":"Seg\u00fan un monitoreo, a m\u00e1s de mil educadores de nueve regiones de Chile, un 35% del profesorado reporta sentirse frecuentemente saturado por el trabajo, especialmente durante los primeros meses escolares. Espacios de di\u00e1logo constante y acuerdos para una sana convivencia son parte de las estrategias mencionadas por expertos para disminuir\u2026","rel":"","context":"En \u00abNoticias Internacionales\u00bb","block_context":{"text":"Noticias Internacionales","link":"https:\/\/webdelmaestrocmf.com\/portal\/category\/noticias-internacionales\/"},"img":{"alt_text":"","src":"https:\/\/i0.wp.com\/webdelmaestrocmf.com\/portal\/wp-content\/uploads\/2025\/03\/1A-Banner-1-portada-imagen-10-1-3.jpg?resize=350%2C200&ssl=1","width":350,"height":200,"srcset":"https:\/\/i0.wp.com\/webdelmaestrocmf.com\/portal\/wp-content\/uploads\/2025\/03\/1A-Banner-1-portada-imagen-10-1-3.jpg?resize=350%2C200&ssl=1 1x, https:\/\/i0.wp.com\/webdelmaestrocmf.com\/portal\/wp-content\/uploads\/2025\/03\/1A-Banner-1-portada-imagen-10-1-3.jpg?resize=525%2C300&ssl=1 1.5x, https:\/\/i0.wp.com\/webdelmaestrocmf.com\/portal\/wp-content\/uploads\/2025\/03\/1A-Banner-1-portada-imagen-10-1-3.jpg?resize=700%2C400&ssl=1 2x"},"classes":[]},{"id":119066,"url":"https:\/\/webdelmaestrocmf.com\/portal\/menores-que-sugirieron-violacion-grupal-a-profesora\/","url_meta":{"origin":74994,"position":3},"title":"Menores sugirieron \u00abviolaci\u00f3n grupal\u00bb a profesora y secuestrar a los hijos del director","author":"Web del Maestro CMF","date":"11 mayo, 2026","format":false,"excerpt":"La violencia escolar en Puerto Montt expuso graves amenazas contra docentes y directivos, reabriendo el debate sobre protocolos, convivencia escolar, prevenci\u00f3n temprana y el creciente deterioro del clima educativo en las aulas.","rel":"","context":"En \u00abNoticias Internacionales\u00bb","block_context":{"text":"Noticias Internacionales","link":"https:\/\/webdelmaestrocmf.com\/portal\/category\/noticias-internacionales\/"},"img":{"alt_text":"","src":"https:\/\/i0.wp.com\/webdelmaestrocmf.com\/portal\/wp-content\/uploads\/2026\/05\/1AA-Banner-1-portada-imagen-10-1-copia.jpg?resize=350%2C200&ssl=1","width":350,"height":200,"srcset":"https:\/\/i0.wp.com\/webdelmaestrocmf.com\/portal\/wp-content\/uploads\/2026\/05\/1AA-Banner-1-portada-imagen-10-1-copia.jpg?resize=350%2C200&ssl=1 1x, https:\/\/i0.wp.com\/webdelmaestrocmf.com\/portal\/wp-content\/uploads\/2026\/05\/1AA-Banner-1-portada-imagen-10-1-copia.jpg?resize=525%2C300&ssl=1 1.5x, https:\/\/i0.wp.com\/webdelmaestrocmf.com\/portal\/wp-content\/uploads\/2026\/05\/1AA-Banner-1-portada-imagen-10-1-copia.jpg?resize=700%2C400&ssl=1 2x, https:\/\/i0.wp.com\/webdelmaestrocmf.com\/portal\/wp-content\/uploads\/2026\/05\/1AA-Banner-1-portada-imagen-10-1-copia.jpg?resize=1050%2C600&ssl=1 3x"},"classes":[]},{"id":108673,"url":"https:\/\/webdelmaestrocmf.com\/portal\/es-un-peligro-poner-a-analfabetos-emocionales-al-mando-de-una-institucion-sobre-todo-si-es-educativa\/","url_meta":{"origin":74994,"position":4},"title":"Es un peligro poner a \u00abanalfabetos emocionales\u00bb al mando de una instituci\u00f3n, sobre todo si es educativa","author":"Web del Maestro CMF","date":"6 abril, 2025","format":false,"excerpt":"El analfabetismo emocional en cargos directivos deteriora el clima escolar, afecta docentes y estudiantes. La inteligencia emocional no es opcional: constituye un requisito indispensable para liderar instituciones educativas con humanidad y eficacia.","rel":"","context":"En \u00abEmociones\u00bb","block_context":{"text":"Emociones","link":"https:\/\/webdelmaestrocmf.com\/portal\/category\/pedagogia\/emociones\/"},"img":{"alt_text":"","src":"https:\/\/i0.wp.com\/webdelmaestrocmf.com\/portal\/wp-content\/uploads\/2025\/04\/1A-Banner-1-portada-imagen-10-1-42.jpg?resize=350%2C200&ssl=1","width":350,"height":200,"srcset":"https:\/\/i0.wp.com\/webdelmaestrocmf.com\/portal\/wp-content\/uploads\/2025\/04\/1A-Banner-1-portada-imagen-10-1-42.jpg?resize=350%2C200&ssl=1 1x, https:\/\/i0.wp.com\/webdelmaestrocmf.com\/portal\/wp-content\/uploads\/2025\/04\/1A-Banner-1-portada-imagen-10-1-42.jpg?resize=525%2C300&ssl=1 1.5x, https:\/\/i0.wp.com\/webdelmaestrocmf.com\/portal\/wp-content\/uploads\/2025\/04\/1A-Banner-1-portada-imagen-10-1-42.jpg?resize=700%2C400&ssl=1 2x"},"classes":[]},{"id":119483,"url":"https:\/\/webdelmaestrocmf.com\/portal\/conmocion-un-maestro-se-desploma-y-fallece-durante-un-acto-escolar-y-su-muerte-reabre-una-reflexion-sobre-el-bienestar-docente\/","url_meta":{"origin":74994,"position":5},"title":"Conmoci\u00f3n: un maestro se desploma y fallece durante un acto escolar y su muerte reabre una reflexi\u00f3n sobre el bienestar docente","author":"Web del Maestro CMF","date":"23 mayo, 2026","format":false,"excerpt":"La muerte de un maestro durante un acto escolar conmocion\u00f3 a la comunidad educativa y reabri\u00f3 una reflexi\u00f3n urgente sobre el bienestar, la salud y las exigencias que enfrentan los docentes.","rel":"","context":"En \u00abNoticias Internacionales\u00bb","block_context":{"text":"Noticias Internacionales","link":"https:\/\/webdelmaestrocmf.com\/portal\/category\/noticias-internacionales\/"},"img":{"alt_text":"","src":"https:\/\/i0.wp.com\/webdelmaestrocmf.com\/portal\/wp-content\/uploads\/2026\/05\/1AA-Banner-1-portada-imagen-10-1-copia-1-17.webp?resize=350%2C200&ssl=1","width":350,"height":200,"srcset":"https:\/\/i0.wp.com\/webdelmaestrocmf.com\/portal\/wp-content\/uploads\/2026\/05\/1AA-Banner-1-portada-imagen-10-1-copia-1-17.webp?resize=350%2C200&ssl=1 1x, https:\/\/i0.wp.com\/webdelmaestrocmf.com\/portal\/wp-content\/uploads\/2026\/05\/1AA-Banner-1-portada-imagen-10-1-copia-1-17.webp?resize=525%2C300&ssl=1 1.5x, https:\/\/i0.wp.com\/webdelmaestrocmf.com\/portal\/wp-content\/uploads\/2026\/05\/1AA-Banner-1-portada-imagen-10-1-copia-1-17.webp?resize=700%2C400&ssl=1 2x, https:\/\/i0.wp.com\/webdelmaestrocmf.com\/portal\/wp-content\/uploads\/2026\/05\/1AA-Banner-1-portada-imagen-10-1-copia-1-17.webp?resize=1050%2C600&ssl=1 3x"},"classes":[]}],"_links":{"self":[{"href":"https:\/\/webdelmaestrocmf.com\/portal\/wp-json\/wp\/v2\/posts\/74994","targetHints":{"allow":["GET"]}}],"collection":[{"href":"https:\/\/webdelmaestrocmf.com\/portal\/wp-json\/wp\/v2\/posts"}],"about":[{"href":"https:\/\/webdelmaestrocmf.com\/portal\/wp-json\/wp\/v2\/types\/post"}],"author":[{"embeddable":true,"href":"https:\/\/webdelmaestrocmf.com\/portal\/wp-json\/wp\/v2\/users\/1"}],"replies":[{"embeddable":true,"href":"https:\/\/webdelmaestrocmf.com\/portal\/wp-json\/wp\/v2\/comments?post=74994"}],"version-history":[{"count":0,"href":"https:\/\/webdelmaestrocmf.com\/portal\/wp-json\/wp\/v2\/posts\/74994\/revisions"}],"wp:featuredmedia":[{"embeddable":true,"href":"https:\/\/webdelmaestrocmf.com\/portal\/wp-json\/wp\/v2\/media\/74995"}],"wp:attachment":[{"href":"https:\/\/webdelmaestrocmf.com\/portal\/wp-json\/wp\/v2\/media?parent=74994"}],"wp:term":[{"taxonomy":"category","embeddable":true,"href":"https:\/\/webdelmaestrocmf.com\/portal\/wp-json\/wp\/v2\/categories?post=74994"},{"taxonomy":"post_tag","embeddable":true,"href":"https:\/\/webdelmaestrocmf.com\/portal\/wp-json\/wp\/v2\/tags?post=74994"}],"curies":[{"name":"wp","href":"https:\/\/api.w.org\/{rel}","templated":true}]}}