{"id":74563,"date":"2022-02-21T19:15:33","date_gmt":"2022-02-21T22:15:33","guid":{"rendered":"https:\/\/webdelmaestrocmf.com\/portal\/?p=74563"},"modified":"2022-02-21T19:17:51","modified_gmt":"2022-02-21T22:17:51","slug":"el-uso-de-la-tecnologia-para-el-aprendizaje-multilingue-desafios-y-oportunidades-para-cuidar-las-lenguas-maternas","status":"publish","type":"post","link":"https:\/\/webdelmaestrocmf.com\/portal\/el-uso-de-la-tecnologia-para-el-aprendizaje-multilingue-desafios-y-oportunidades-para-cuidar-las-lenguas-maternas\/","title":{"rendered":"El uso de la tecnolog\u00eda para el aprendizaje multiling\u00fce: desaf\u00edos y oportunidades, para cuidar las lenguas maternas"},"content":{"rendered":"<h5 style=\"text-align: justify;\">En cada uno de nuestros pa\u00edses, somos conscientes de la herencia de <strong>lenguas ancestrales que nos transmiten el mensaje, la cultura y los conocimientos de los primeros pobladores de nuestra sociedad<\/strong>, y m\u00e1s si por medio de nuestra lengua materna conocemos el patrimonio de nuestras ra\u00edces, de nuestra sangre, de nuestra familia con su riqueza nativa, pues con ella \u201cconstruimos una segunda piel que va a responder nuestros or\u00edgenes. <strong>Es una forma de identificaci\u00f3n que nos da seguridad como individuos y como miembros de una comunidad<\/strong>\u201d.<\/h5>\n<p><!--more--><\/p>\n<p style=\"text-align: justify;\">En nuestras escuelas, seg\u00fan cada pa\u00eds y las zonas de su ubicaci\u00f3n, cada d\u00eda experimentamos cambios sociales, culturales y comunicacionales, que han obligado a modificar los planes elaborados en los escritorios de las secretar\u00edas y ministerios de educaci\u00f3n. <strong>El panorama comunicacional se ha ido volviendo m\u00e1s complejo, interesante y desafiante en la medida en que la educaci\u00f3n se ha ido democratizando y recibiendo estudiantes de diferentes lugares<\/strong>. \u201cTodo ello ha hecho que el aula bien pueda ser ahora definida como un espacio de identidades m\u00faltiples en el cual se observan diferencias de g\u00e9nero, de idiomas y dialectos, de niveles de biling\u00fcismo, de creencias, de cultura; niveles de aprendizaje e incluso edades y grados diferentes, cuando se trata de escuelas rurales que no tienen m\u00e1s remedio que optar por una modalidad multigrado\u201d (L. D\u2019Emilio, comunicaci\u00f3n personal).<\/p>\n<p style=\"text-align: justify;\"><strong>MI LENGUA MATERNA ES LO QUE ME DEFINE <\/strong>(02\u00b4 44\u201d)<\/p>\n<p style=\"text-align: justify;\"><iframe loading=\"lazy\" title=\"YouTube video player\" src=\"https:\/\/www.youtube.com\/embed\/jDNgeU2mCoI\" width=\"100%\" height=\"400\" frameborder=\"0\" allowfullscreen=\"allowfullscreen\"><span data-mce-type=\"bookmark\" style=\"display: inline-block; width: 0px; overflow: hidden; line-height: 0;\" class=\"mce_SELRES_start\">\ufeff<\/span><\/iframe><\/p>\n<p style=\"text-align: justify;\">Organizaciones como la UNESCO trabaja para <strong>preservar las diferencias de idiomas que fomentan la tolerancia y el respeto de las lenguas maternas<\/strong>, como aquellas que uno aprende cuando nace y que forma parte vital de nuestra vida para comunicarnos con nuestro entorno; y <strong>que en tantos lugares se encuentra amenazada con desaparecer<\/strong>, perdi\u00e9ndose todo un patrimonio cultural e intelectual. \u00c9stas cumplen un rol en distintas dimensiones: en lo cognitivo, en lo social, en lo psicol\u00f3gico, y por supuesto en lo pol\u00edtico. Si las defendemos ganamos mucho, con ellas.<\/p>\n<p style=\"text-align: justify;\">Para preservarlas se requiere un amplio y definido presupuesto por parte de los gobiernos para <strong>formar hablantes nativos de las lenguas maternas y asegurarles su educaci\u00f3n hasta nivel universitario<\/strong>. Formar -adem\u00e1s- traductores e int\u00e9rpretes y peritos que puedan desempe\u00f1arse en distintos \u00e1mbitos, no s\u00f3lo en temas educativos o culturales, tambi\u00e9n en la salud, la pol\u00edtica y en lo jur\u00eddico. La directora de la Divisi\u00f3n de Estudios Hist\u00f3ricos y Humanos, opina que \u201cla complejidad de las lenguas originarias no debe repelernos. Entender una lengua de un grupo originario nos enriquece, sensibiliza, humaniza y esto no significa la mitificaci\u00f3n, sino una posibilidad de enriquecer nuestra visi\u00f3n del mundo. Aprender una lengua es una aventura, es una riqueza incre\u00edble, un ejercicio espiritual, mental que propicia el desarrollo individual\u201d. Cf<a href=\"https:\/\/iieg.gob.mx\/strategos\/la-lengua-materna-nuestra-riqueza-cultural\/\" target=\"_blank\" rel=\"noopener\"> <strong>LA LENGUA MATERNA, NUESTRA RIQUEZA CULTURAL<\/strong><\/a><\/p>\n<p style=\"text-align: justify;\">Desde 1999 la UNESCO nos propuso el 21 de febrero, <strong>para homenajear al pueblo de Bangladesh<\/strong>, cuando sus habitantes, que se encontraban en las calles celebrando el \u201cD\u00eda del Movimiento de la Lengua Bengal\u00ed\u201d, <strong>fueron salvajemente atacados por el ej\u00e9rcito de Pakist\u00e1n<\/strong>. Se les reprimi\u00f3 con el uso de la violencia desmedida y hubo asesinatos, sin embargo, ellos se mantuvieron firmes defendiendo un derecho universal como es el expresarse a trav\u00e9s de su lengua\u201d. como una fecha para destacar la lengua materna, y <strong>unir la voluntad de una educaci\u00f3n pluriling\u00fce<\/strong>. La lengua materna <strong>cumple un rol en distintas dimensiones: en lo cognitivo, en lo social, en lo psicol\u00f3gico, y por supuesto en lo pol\u00edtico<\/strong>. Defendi\u00e9ndole y valor\u00e1ndola ganamos mucho, pues con ellas, nos construimos m\u00e1s productivamente, somos m\u00e1s felices y tenderemos a una mejor cohesi\u00f3n cultural de nuestro pueblo maternal originario.<\/p>\n<p><img loading=\"lazy\" decoding=\"async\" class=\"alignnone wp-image-74565\" src=\"https:\/\/webdelmaestrocmf.com\/portal\/wp-content\/uploads\/2022\/02\/1acb-26.jpg\" alt=\"\" width=\"720\" height=\"371\" srcset=\"https:\/\/webdelmaestrocmf.com\/portal\/wp-content\/uploads\/2022\/02\/1acb-26.jpg 619w, https:\/\/webdelmaestrocmf.com\/portal\/wp-content\/uploads\/2022\/02\/1acb-26-300x155.jpg 300w, https:\/\/webdelmaestrocmf.com\/portal\/wp-content\/uploads\/2022\/02\/1acb-26-110x57.jpg 110w, https:\/\/webdelmaestrocmf.com\/portal\/wp-content\/uploads\/2022\/02\/1acb-26-200x103.jpg 200w, https:\/\/webdelmaestrocmf.com\/portal\/wp-content\/uploads\/2022\/02\/1acb-26-380x196.jpg 380w, https:\/\/webdelmaestrocmf.com\/portal\/wp-content\/uploads\/2022\/02\/1acb-26-255x131.jpg 255w, https:\/\/webdelmaestrocmf.com\/portal\/wp-content\/uploads\/2022\/02\/1acb-26-550x283.jpg 550w\" sizes=\"auto, (max-width: 720px) 100vw, 720px\" \/><\/p>\n<p style=\"text-align: justify;\">Para preservar las lenguas maternas <strong>se requiere un amplio y definido presupuesto por parte de los gobiernos para formar hablantes nativos de las lenguas originarias y asegurarles su educaci\u00f3n hasta nivel universitario<\/strong>. Formar -adem\u00e1s- traductores e int\u00e9rpretes y peritos que puedan desempe\u00f1arse en distintos \u00e1mbitos, no s\u00f3lo en temas educativos o culturales, tambi\u00e9n en la salud, la pol\u00edtica y en lo jur\u00eddico. <strong>Los Objetivos de Desarrollo sostenible<\/strong> (ODS) hablan constantemente de la importancia de reducir la desigualdad, y <strong>una de las manifestaciones m\u00e1s evidentes est\u00e1 en la lengua materna,<\/strong> esa que las personas aprenden en el entorno familiar, desde el \u00fatero de la madre y que generalmente los vuelve parte de una misma comunidad de hablantes. <a href=\"https:\/\/www.foroconsultivo.org.mx\/FCCyT\/boletines-de-prensa\/no-debe-ser-solo-cultural-el-valor-de-la-lengua-materna\" target=\"_blank\" rel=\"noopener\"><strong>NO DEBE SER SOLO CULTURAL EL VALOR DE LA LENGUA MATERNA<\/strong><\/a><\/p>\n<p style=\"text-align: justify;\">En este a\u00f1o 2022 la Directora General de la UNESCO, Audrey Azoulay,nos dice: \u00abLa tecnolog\u00eda puede proporcionar nuevas herramientas para preservarla, por ejemplo, al permitirnos grabar y conservar lenguas que a veces solo existen en forma oral, facilitando as\u00ed su difusi\u00f3n y an\u00e1lisis. En resumen, hacen de las lenguas locales un patrimonio com\u00fan. Ahora bien, ante el riesgo de uniformizaci\u00f3n ling\u00fc\u00edstica que entra\u00f1a Internet, tambi\u00e9n debemos ser conscientes de que el progreso tecnol\u00f3gico solo estar\u00e1 al servicio del pluriling\u00fcismo mientras hagamos un esfuerzo para que ello sea as\u00ed.\u00bb<\/p>\n<p style=\"text-align: justify;\">Desde la Web del Maestro CMF, seguiremos apoyando la tarea docente que motive el valorar y el estar orgullosos de la riqueza las lenguas maternas, que a\u00fan antes de la llegada de los colonizadores europeos muchas de ellas se han extinguido. <strong>Las nuevas tecnolog\u00edas de la informaci\u00f3n y comunicaci\u00f3n, nos est\u00e1n abriendo un nuevo espacio para cuidar las lenguas maternas<\/strong>, que nos permita nutrirnos de esa riqueza ancestral que debemos cuidar como esa herencia inalienable, como esa sabia que nos legaron el derecho a ser lo que somos hoy.<\/p>\n<p style=\"text-align: justify;\">Sigamos creyendo que por medio de la educaci\u00f3n lograremos encontrar y seguir la Verdad; hacernos m\u00e1s <strong>responsables del cuidado medio ambiente<\/strong> y de nuestra casa com\u00fan; promover la reflexi\u00f3n y el lograr <strong>conciencias cr\u00edticas<\/strong> capaces de descubrir y desterrar las ideolog\u00edas esclavizantes y manipuladoras; seguir asimilando nuestros sentimientos de <strong>gratitud a nuestros ancestros<\/strong>; comprometi\u00e9ndonos con <strong>la construcci\u00f3n de una nueva civilizaci\u00f3n<\/strong>, &#8230; que no solo sea discursiva, sino <strong>rica en acciones de socializaci\u00f3n, fraternidad, tolerancia y\u00a0 justicia<\/strong>, que nos permitan creer que la equidad global es posible; y que eso depende mucho de la comunicaci\u00f3n intergeneracional de manera igualitaria, sin discriminaci\u00f3n y con plenitud a los derechos, como fuente del entendimiento, la sana convivencia y la paz.<\/p>\n<p style=\"text-align: right;\"><strong>REDACCI\u00d3N WEB DEL MAESTRO CMF<\/strong><\/p>\n\t\t<div class=\"pk-inline-posts\">\n\t\t\t\n\t\t\t<div class=\"pk-inline-posts-container pk-inline-posts-template-list\"\n\t\t\t\tdata-columns=\"1\">\n\t\t\t\t\t\t<article id=\"post-118333\" class=\"post-118333 post type-post status-publish format-standard has-post-thumbnail category-jamb tag-apego tag-crianza tag-docentes tag-educacion tag-escuela tag-familia tag-infancia tag-responsabilidad tag-vinculo cs-entry cs-video-wrap\">\n\t\t\t<div class=\"pk-post-outer\">\n\n\t\t\t\t\t\t\t\t<div class=\"pk-post-inner\">\n\t\t\t\t\t<div class=\"entry-thumbnail\">\n\t\t\t\t\t\t<div class=\"pk-overlay pk-overlay-ratio pk-ratio-landscape\">\n\t\t\t\t\t\t\t<div class=\"pk-overlay-background\">\n\t\t\t\t\t\t\t\t<a href=\"https:\/\/webdelmaestrocmf.com\/portal\/el-sistema-nos-rompe-a-todos-y-a-los-ninos-primero\/\" class=\"pk-overlay-link\">\n\t\t\t\t\t\t\t\t\t<img loading=\"lazy\" decoding=\"async\" width=\"300\" height=\"225\" src=\"https:\/\/webdelmaestrocmf.com\/portal\/wp-content\/uploads\/2026\/04\/1AA-Banner-1-portada-imagen-10-1-copia-2-300x225.jpg\" class=\"attachment-pk-thumbnail size-pk-thumbnail wp-post-image\" alt=\"\" \/>\t\t\t\t\t\t\t\t<\/a>\n\t\t\t\t\t\t\t<\/div>\n\t\t\t\t\t\t<\/div>\n\t\t\t\t\t<\/div>\n\t\t\t\t<\/div>\n\t\t\t\t\n\t\t\t\t<div class=\"pk-post-inner\">\n\t\t\t\t\t<header>\n\t\t\t\t\t\t<h3 class=\"pk-title\"><a href=\"https:\/\/webdelmaestrocmf.com\/portal\/el-sistema-nos-rompe-a-todos-y-a-los-ninos-primero\/\" rel=\"bookmark\">El sistema nos rompe a todos\u2026 y a los ni\u00f1os primero<\/a><\/h3>\t\t\t\t\t<\/header><!-- .entry-header -->\n\t\t\t\t<\/div><!-- .post-inner -->\n\n\t\t\t<\/div><!-- .post-outer -->\n\t\t<\/article>\n\t\t\t\t<\/div>\n\t\t<\/div>\n\t\t\n","protected":false},"excerpt":{"rendered":"En cada uno de nuestros pa\u00edses, somos conscientes de la herencia de lenguas ancestrales que nos transmiten el&hellip;","protected":false},"author":1,"featured_media":74564,"comment_status":"open","ping_status":"closed","sticky":false,"template":"","format":"standard","meta":{"csco_display_header_overlay":false,"csco_singular_sidebar":"default","csco_page_header_type":"default","csco_page_load_nextpost":"default","csco_post_video_location":[],"csco_post_video_location_hash":"","csco_post_video_url":"","csco_post_video_bg_start_time":0,"csco_post_video_bg_end_time":0,"csco_post_video_bg_volume":false,"_jetpack_memberships_contains_paid_content":false,"footnotes":""},"categories":[61],"tags":[77,2075,219,14619,14620,14618,3638,763],"class_list":{"0":"post-74563","1":"post","2":"type-post","3":"status-publish","4":"format-standard","5":"has-post-thumbnail","7":"category-jamb","8":"tag-aprendizaje","9":"tag-cuidar","10":"tag-desafios","11":"tag-lenguas","12":"tag-maternas","13":"tag-multilingue","14":"tag-oportunidades","15":"tag-tecnologia","16":"cs-entry","17":"cs-video-wrap"},"yoast_head":"<!-- This site is optimized with the Yoast SEO plugin v27.5 - https:\/\/yoast.com\/product\/yoast-seo-wordpress\/ -->\n<title>El uso de la tecnolog\u00eda para el aprendizaje multiling\u00fce: desaf\u00edos y oportunidades, para cuidar las lenguas maternas - 2026<\/title>\n<meta name=\"description\" content=\"En cada uno de nuestros pa\u00edses, somos conscientes de la herencia de lenguas ancestrales que nos transmiten el mensaje, la cultura y los...\" \/>\n<meta name=\"robots\" content=\"index, follow, max-snippet:-1, max-image-preview:large, max-video-preview:-1\" \/>\n<link rel=\"canonical\" href=\"https:\/\/webdelmaestrocmf.com\/portal\/el-uso-de-la-tecnologia-para-el-aprendizaje-multilingue-desafios-y-oportunidades-para-cuidar-las-lenguas-maternas\/\" \/>\n<meta property=\"og:locale\" content=\"es_ES\" \/>\n<meta property=\"og:type\" content=\"article\" \/>\n<meta property=\"og:title\" content=\"El uso de la tecnolog\u00eda para el aprendizaje multiling\u00fce: desaf\u00edos y oportunidades, para cuidar las lenguas maternas - 2026\" \/>\n<meta property=\"og:description\" content=\"En cada uno de nuestros pa\u00edses, somos conscientes de la herencia de lenguas ancestrales que nos transmiten el mensaje, la cultura y los...\" \/>\n<meta property=\"og:url\" content=\"https:\/\/webdelmaestrocmf.com\/portal\/el-uso-de-la-tecnologia-para-el-aprendizaje-multilingue-desafios-y-oportunidades-para-cuidar-las-lenguas-maternas\/\" \/>\n<meta property=\"og:site_name\" content=\"Web del Maestro CMF\" \/>\n<meta property=\"article:publisher\" content=\"https:\/\/www.facebook.com\/WebdelMaestroCMF\/\" \/>\n<meta property=\"article:author\" content=\"https:\/\/www.facebook.com\/WebdelMaestroCMF\/\" \/>\n<meta property=\"article:published_time\" content=\"2022-02-21T22:15:33+00:00\" \/>\n<meta property=\"article:modified_time\" content=\"2022-02-21T22:17:51+00:00\" \/>\n<meta property=\"og:image\" content=\"https:\/\/i0.wp.com\/webdelmaestrocmf.com\/portal\/wp-content\/uploads\/2022\/02\/1acb-25.jpg?fit=1100%2C680&ssl=1\" \/>\n\t<meta property=\"og:image:width\" content=\"1100\" \/>\n\t<meta property=\"og:image:height\" content=\"680\" \/>\n\t<meta property=\"og:image:type\" content=\"image\/jpeg\" \/>\n<meta name=\"author\" content=\"Web del Maestro CMF\" \/>\n<meta name=\"twitter:card\" content=\"summary_large_image\" \/>\n<meta name=\"twitter:creator\" content=\"@cmf_w\" \/>\n<meta name=\"twitter:site\" content=\"@cmf_w\" \/>\n<script type=\"application\/ld+json\" class=\"yoast-schema-graph\">{\"@context\":\"https:\\\/\\\/schema.org\",\"@graph\":[{\"@type\":\"ScholarlyArticle\",\"@id\":\"https:\\\/\\\/webdelmaestrocmf.com\\\/portal\\\/el-uso-de-la-tecnologia-para-el-aprendizaje-multilingue-desafios-y-oportunidades-para-cuidar-las-lenguas-maternas\\\/#article\",\"isPartOf\":{\"@id\":\"https:\\\/\\\/webdelmaestrocmf.com\\\/portal\\\/el-uso-de-la-tecnologia-para-el-aprendizaje-multilingue-desafios-y-oportunidades-para-cuidar-las-lenguas-maternas\\\/\"},\"author\":{\"name\":\"Web del Maestro CMF\",\"@id\":\"https:\\\/\\\/webdelmaestrocmf.com\\\/portal\\\/#\\\/schema\\\/person\\\/1072a2ed7bd960df8ef99a551fa35dc5\"},\"headline\":\"El uso de la tecnolog\u00eda para el aprendizaje multiling\u00fce: desaf\u00edos y oportunidades, para cuidar las lenguas maternas\",\"datePublished\":\"2022-02-21T22:15:33+00:00\",\"dateModified\":\"2022-02-21T22:17:51+00:00\",\"mainEntityOfPage\":{\"@id\":\"https:\\\/\\\/webdelmaestrocmf.com\\\/portal\\\/el-uso-de-la-tecnologia-para-el-aprendizaje-multilingue-desafios-y-oportunidades-para-cuidar-las-lenguas-maternas\\\/\"},\"wordCount\":1121,\"commentCount\":0,\"publisher\":{\"@id\":\"https:\\\/\\\/webdelmaestrocmf.com\\\/portal\\\/#organization\"},\"image\":{\"@id\":\"https:\\\/\\\/webdelmaestrocmf.com\\\/portal\\\/el-uso-de-la-tecnologia-para-el-aprendizaje-multilingue-desafios-y-oportunidades-para-cuidar-las-lenguas-maternas\\\/#primaryimage\"},\"thumbnailUrl\":\"https:\\\/\\\/webdelmaestrocmf.com\\\/portal\\\/wp-content\\\/uploads\\\/2022\\\/02\\\/1acb-25.jpg\",\"keywords\":[\"aprendizaje\",\"CUIDAR\",\"DESAF\u00cdOS\",\"lenguas\",\"maternas\",\"multiling\u00fce\",\"OPORTUNIDADES\",\"tecnolog\u00eda\"],\"articleSection\":[\"Yo opino - WMCMF\"],\"inLanguage\":\"es\",\"potentialAction\":[{\"@type\":\"CommentAction\",\"name\":\"Comment\",\"target\":[\"https:\\\/\\\/webdelmaestrocmf.com\\\/portal\\\/el-uso-de-la-tecnologia-para-el-aprendizaje-multilingue-desafios-y-oportunidades-para-cuidar-las-lenguas-maternas\\\/#respond\"]}]},{\"@type\":\"WebPage\",\"@id\":\"https:\\\/\\\/webdelmaestrocmf.com\\\/portal\\\/el-uso-de-la-tecnologia-para-el-aprendizaje-multilingue-desafios-y-oportunidades-para-cuidar-las-lenguas-maternas\\\/\",\"url\":\"https:\\\/\\\/webdelmaestrocmf.com\\\/portal\\\/el-uso-de-la-tecnologia-para-el-aprendizaje-multilingue-desafios-y-oportunidades-para-cuidar-las-lenguas-maternas\\\/\",\"name\":\"El uso de la tecnolog\u00eda para el aprendizaje multiling\u00fce: desaf\u00edos y oportunidades, para cuidar las lenguas maternas - 2026\",\"isPartOf\":{\"@id\":\"https:\\\/\\\/webdelmaestrocmf.com\\\/portal\\\/#website\"},\"primaryImageOfPage\":{\"@id\":\"https:\\\/\\\/webdelmaestrocmf.com\\\/portal\\\/el-uso-de-la-tecnologia-para-el-aprendizaje-multilingue-desafios-y-oportunidades-para-cuidar-las-lenguas-maternas\\\/#primaryimage\"},\"image\":{\"@id\":\"https:\\\/\\\/webdelmaestrocmf.com\\\/portal\\\/el-uso-de-la-tecnologia-para-el-aprendizaje-multilingue-desafios-y-oportunidades-para-cuidar-las-lenguas-maternas\\\/#primaryimage\"},\"thumbnailUrl\":\"https:\\\/\\\/webdelmaestrocmf.com\\\/portal\\\/wp-content\\\/uploads\\\/2022\\\/02\\\/1acb-25.jpg\",\"datePublished\":\"2022-02-21T22:15:33+00:00\",\"dateModified\":\"2022-02-21T22:17:51+00:00\",\"description\":\"En cada uno de nuestros pa\u00edses, somos conscientes de la herencia de lenguas ancestrales que nos transmiten el mensaje, la cultura y los...\",\"breadcrumb\":{\"@id\":\"https:\\\/\\\/webdelmaestrocmf.com\\\/portal\\\/el-uso-de-la-tecnologia-para-el-aprendizaje-multilingue-desafios-y-oportunidades-para-cuidar-las-lenguas-maternas\\\/#breadcrumb\"},\"inLanguage\":\"es\",\"potentialAction\":[{\"@type\":\"ReadAction\",\"target\":[\"https:\\\/\\\/webdelmaestrocmf.com\\\/portal\\\/el-uso-de-la-tecnologia-para-el-aprendizaje-multilingue-desafios-y-oportunidades-para-cuidar-las-lenguas-maternas\\\/\"]}]},{\"@type\":\"ImageObject\",\"inLanguage\":\"es\",\"@id\":\"https:\\\/\\\/webdelmaestrocmf.com\\\/portal\\\/el-uso-de-la-tecnologia-para-el-aprendizaje-multilingue-desafios-y-oportunidades-para-cuidar-las-lenguas-maternas\\\/#primaryimage\",\"url\":\"https:\\\/\\\/webdelmaestrocmf.com\\\/portal\\\/wp-content\\\/uploads\\\/2022\\\/02\\\/1acb-25.jpg\",\"contentUrl\":\"https:\\\/\\\/webdelmaestrocmf.com\\\/portal\\\/wp-content\\\/uploads\\\/2022\\\/02\\\/1acb-25.jpg\",\"width\":1100,\"height\":680,\"caption\":\"plantilla\"},{\"@type\":\"BreadcrumbList\",\"@id\":\"https:\\\/\\\/webdelmaestrocmf.com\\\/portal\\\/el-uso-de-la-tecnologia-para-el-aprendizaje-multilingue-desafios-y-oportunidades-para-cuidar-las-lenguas-maternas\\\/#breadcrumb\",\"itemListElement\":[{\"@type\":\"ListItem\",\"position\":1,\"name\":\"Portada\",\"item\":\"https:\\\/\\\/webdelmaestrocmf.com\\\/portal\\\/\"},{\"@type\":\"ListItem\",\"position\":2,\"name\":\"Yo opino - WMCMF\",\"item\":\"https:\\\/\\\/webdelmaestrocmf.com\\\/portal\\\/category\\\/jamb\\\/\"},{\"@type\":\"ListItem\",\"position\":3,\"name\":\"El uso de la tecnolog\u00eda para el aprendizaje multiling\u00fce: desaf\u00edos y oportunidades, para cuidar las lenguas maternas\"}]},{\"@type\":\"WebSite\",\"@id\":\"https:\\\/\\\/webdelmaestrocmf.com\\\/portal\\\/#website\",\"url\":\"https:\\\/\\\/webdelmaestrocmf.com\\\/portal\\\/\",\"name\":\"Web del Maestro CMF\",\"description\":\"Maestros al servicio de la educaci\u00f3n\",\"publisher\":{\"@id\":\"https:\\\/\\\/webdelmaestrocmf.com\\\/portal\\\/#organization\"},\"alternateName\":\"WMCMF\",\"potentialAction\":[{\"@type\":\"SearchAction\",\"target\":{\"@type\":\"EntryPoint\",\"urlTemplate\":\"https:\\\/\\\/webdelmaestrocmf.com\\\/portal\\\/?s={search_term_string}\"},\"query-input\":{\"@type\":\"PropertyValueSpecification\",\"valueRequired\":true,\"valueName\":\"search_term_string\"}}],\"inLanguage\":\"es\"},{\"@type\":\"Organization\",\"@id\":\"https:\\\/\\\/webdelmaestrocmf.com\\\/portal\\\/#organization\",\"name\":\"Web del Maestro CMF\",\"alternateName\":\"WMCMF\",\"url\":\"https:\\\/\\\/webdelmaestrocmf.com\\\/portal\\\/\",\"logo\":{\"@type\":\"ImageObject\",\"inLanguage\":\"es\",\"@id\":\"https:\\\/\\\/webdelmaestrocmf.com\\\/portal\\\/#\\\/schema\\\/logo\\\/image\\\/\",\"url\":\"https:\\\/\\\/webdelmaestrocmf.com\\\/portal\\\/wp-content\\\/uploads\\\/2023\\\/01\\\/logo-wmcmf-2.png\",\"contentUrl\":\"https:\\\/\\\/webdelmaestrocmf.com\\\/portal\\\/wp-content\\\/uploads\\\/2023\\\/01\\\/logo-wmcmf-2.png\",\"width\":200,\"height\":60,\"caption\":\"Web del Maestro CMF\"},\"image\":{\"@id\":\"https:\\\/\\\/webdelmaestrocmf.com\\\/portal\\\/#\\\/schema\\\/logo\\\/image\\\/\"},\"sameAs\":[\"https:\\\/\\\/www.facebook.com\\\/WebdelMaestroCMF\\\/\",\"https:\\\/\\\/x.com\\\/cmf_w\",\"https:\\\/\\\/www.pinterest.com\\\/WMCMF\\\/\",\"https:\\\/\\\/www.linkedin.com\\\/company\\\/web-del-maestro-cmf\\\/\",\"https:\\\/\\\/www.instagram.com\\\/wmcmf\\\/\",\"https:\\\/\\\/www.youtube.com\\\/channel\\\/UCDPSvjbdodE5sHnC3OxutHw\",\"https:\\\/\\\/mastodon.social\\\/@wmcmf\",\"https:\\\/\\\/www.tiktok.com\\\/@webdelmaestrocmf\"]},{\"@type\":\"Person\",\"@id\":\"https:\\\/\\\/webdelmaestrocmf.com\\\/portal\\\/#\\\/schema\\\/person\\\/1072a2ed7bd960df8ef99a551fa35dc5\",\"name\":\"Web del Maestro CMF\",\"image\":{\"@type\":\"ImageObject\",\"inLanguage\":\"es\",\"@id\":\"https:\\\/\\\/secure.gravatar.com\\\/avatar\\\/23291dd5b5ae1077dcff3dbb04c3e02bd28403fa75af6d8787d5e97c5bbbe30b?s=96&d=mm&r=g\",\"url\":\"https:\\\/\\\/secure.gravatar.com\\\/avatar\\\/23291dd5b5ae1077dcff3dbb04c3e02bd28403fa75af6d8787d5e97c5bbbe30b?s=96&d=mm&r=g\",\"contentUrl\":\"https:\\\/\\\/secure.gravatar.com\\\/avatar\\\/23291dd5b5ae1077dcff3dbb04c3e02bd28403fa75af6d8787d5e97c5bbbe30b?s=96&d=mm&r=g\",\"caption\":\"Web del Maestro CMF\"},\"description\":\"Esta Web se cre\u00f3 sin fines de lucro, con fines educativos, cient\u00edficos y acad\u00e9micos, para personas que tengan dificultades y\\\/o inconvenientes en visualizar el material original. El objetivo es entregar recursos, compartir experiencias y materiales que ayuden a los padres de familia, maestros y estudiantes en su actualizaci\u00f3n y formaci\u00f3n permanente, en bien de la Educaci\u00f3n.\",\"sameAs\":[\"http:\\\/\\\/webdelmaestrocmf.com\\\/portal\",\"https:\\\/\\\/www.facebook.com\\\/WebdelMaestroCMF\\\/\",\"https:\\\/\\\/www.instagram.com\\\/wmcmf\\\/\",\"https:\\\/\\\/cl.linkedin.com\\\/company\\\/web-del-maestro-cmf\",\"https:\\\/\\\/www.pinterest.com\\\/WMCMF\\\/publicaciones\\\/\",\"https:\\\/\\\/x.com\\\/cmf_w\",\"https:\\\/\\\/www.youtube.com\\\/@WMCMF\"]}]}<\/script>\n<!-- \/ Yoast SEO plugin. -->","yoast_head_json":{"title":"El uso de la tecnolog\u00eda para el aprendizaje multiling\u00fce: desaf\u00edos y oportunidades, para cuidar las lenguas maternas - 2026","description":"En cada uno de nuestros pa\u00edses, somos conscientes de la herencia de lenguas ancestrales que nos transmiten el mensaje, la cultura y los...","robots":{"index":"index","follow":"follow","max-snippet":"max-snippet:-1","max-image-preview":"max-image-preview:large","max-video-preview":"max-video-preview:-1"},"canonical":"https:\/\/webdelmaestrocmf.com\/portal\/el-uso-de-la-tecnologia-para-el-aprendizaje-multilingue-desafios-y-oportunidades-para-cuidar-las-lenguas-maternas\/","og_locale":"es_ES","og_type":"article","og_title":"El uso de la tecnolog\u00eda para el aprendizaje multiling\u00fce: desaf\u00edos y oportunidades, para cuidar las lenguas maternas - 2026","og_description":"En cada uno de nuestros pa\u00edses, somos conscientes de la herencia de lenguas ancestrales que nos transmiten el mensaje, la cultura y los...","og_url":"https:\/\/webdelmaestrocmf.com\/portal\/el-uso-de-la-tecnologia-para-el-aprendizaje-multilingue-desafios-y-oportunidades-para-cuidar-las-lenguas-maternas\/","og_site_name":"Web del Maestro CMF","article_publisher":"https:\/\/www.facebook.com\/WebdelMaestroCMF\/","article_author":"https:\/\/www.facebook.com\/WebdelMaestroCMF\/","article_published_time":"2022-02-21T22:15:33+00:00","article_modified_time":"2022-02-21T22:17:51+00:00","og_image":[{"width":1100,"height":680,"url":"https:\/\/i0.wp.com\/webdelmaestrocmf.com\/portal\/wp-content\/uploads\/2022\/02\/1acb-25.jpg?fit=1100%2C680&ssl=1","type":"image\/jpeg"}],"author":"Web del Maestro CMF","twitter_card":"summary_large_image","twitter_creator":"@cmf_w","twitter_site":"@cmf_w","schema":{"@context":"https:\/\/schema.org","@graph":[{"@type":"ScholarlyArticle","@id":"https:\/\/webdelmaestrocmf.com\/portal\/el-uso-de-la-tecnologia-para-el-aprendizaje-multilingue-desafios-y-oportunidades-para-cuidar-las-lenguas-maternas\/#article","isPartOf":{"@id":"https:\/\/webdelmaestrocmf.com\/portal\/el-uso-de-la-tecnologia-para-el-aprendizaje-multilingue-desafios-y-oportunidades-para-cuidar-las-lenguas-maternas\/"},"author":{"name":"Web del Maestro CMF","@id":"https:\/\/webdelmaestrocmf.com\/portal\/#\/schema\/person\/1072a2ed7bd960df8ef99a551fa35dc5"},"headline":"El uso de la tecnolog\u00eda para el aprendizaje multiling\u00fce: desaf\u00edos y oportunidades, para cuidar las lenguas maternas","datePublished":"2022-02-21T22:15:33+00:00","dateModified":"2022-02-21T22:17:51+00:00","mainEntityOfPage":{"@id":"https:\/\/webdelmaestrocmf.com\/portal\/el-uso-de-la-tecnologia-para-el-aprendizaje-multilingue-desafios-y-oportunidades-para-cuidar-las-lenguas-maternas\/"},"wordCount":1121,"commentCount":0,"publisher":{"@id":"https:\/\/webdelmaestrocmf.com\/portal\/#organization"},"image":{"@id":"https:\/\/webdelmaestrocmf.com\/portal\/el-uso-de-la-tecnologia-para-el-aprendizaje-multilingue-desafios-y-oportunidades-para-cuidar-las-lenguas-maternas\/#primaryimage"},"thumbnailUrl":"https:\/\/webdelmaestrocmf.com\/portal\/wp-content\/uploads\/2022\/02\/1acb-25.jpg","keywords":["aprendizaje","CUIDAR","DESAF\u00cdOS","lenguas","maternas","multiling\u00fce","OPORTUNIDADES","tecnolog\u00eda"],"articleSection":["Yo opino - WMCMF"],"inLanguage":"es","potentialAction":[{"@type":"CommentAction","name":"Comment","target":["https:\/\/webdelmaestrocmf.com\/portal\/el-uso-de-la-tecnologia-para-el-aprendizaje-multilingue-desafios-y-oportunidades-para-cuidar-las-lenguas-maternas\/#respond"]}]},{"@type":"WebPage","@id":"https:\/\/webdelmaestrocmf.com\/portal\/el-uso-de-la-tecnologia-para-el-aprendizaje-multilingue-desafios-y-oportunidades-para-cuidar-las-lenguas-maternas\/","url":"https:\/\/webdelmaestrocmf.com\/portal\/el-uso-de-la-tecnologia-para-el-aprendizaje-multilingue-desafios-y-oportunidades-para-cuidar-las-lenguas-maternas\/","name":"El uso de la tecnolog\u00eda para el aprendizaje multiling\u00fce: desaf\u00edos y oportunidades, para cuidar las lenguas maternas - 2026","isPartOf":{"@id":"https:\/\/webdelmaestrocmf.com\/portal\/#website"},"primaryImageOfPage":{"@id":"https:\/\/webdelmaestrocmf.com\/portal\/el-uso-de-la-tecnologia-para-el-aprendizaje-multilingue-desafios-y-oportunidades-para-cuidar-las-lenguas-maternas\/#primaryimage"},"image":{"@id":"https:\/\/webdelmaestrocmf.com\/portal\/el-uso-de-la-tecnologia-para-el-aprendizaje-multilingue-desafios-y-oportunidades-para-cuidar-las-lenguas-maternas\/#primaryimage"},"thumbnailUrl":"https:\/\/webdelmaestrocmf.com\/portal\/wp-content\/uploads\/2022\/02\/1acb-25.jpg","datePublished":"2022-02-21T22:15:33+00:00","dateModified":"2022-02-21T22:17:51+00:00","description":"En cada uno de nuestros pa\u00edses, somos conscientes de la herencia de lenguas ancestrales que nos transmiten el mensaje, la cultura y los...","breadcrumb":{"@id":"https:\/\/webdelmaestrocmf.com\/portal\/el-uso-de-la-tecnologia-para-el-aprendizaje-multilingue-desafios-y-oportunidades-para-cuidar-las-lenguas-maternas\/#breadcrumb"},"inLanguage":"es","potentialAction":[{"@type":"ReadAction","target":["https:\/\/webdelmaestrocmf.com\/portal\/el-uso-de-la-tecnologia-para-el-aprendizaje-multilingue-desafios-y-oportunidades-para-cuidar-las-lenguas-maternas\/"]}]},{"@type":"ImageObject","inLanguage":"es","@id":"https:\/\/webdelmaestrocmf.com\/portal\/el-uso-de-la-tecnologia-para-el-aprendizaje-multilingue-desafios-y-oportunidades-para-cuidar-las-lenguas-maternas\/#primaryimage","url":"https:\/\/webdelmaestrocmf.com\/portal\/wp-content\/uploads\/2022\/02\/1acb-25.jpg","contentUrl":"https:\/\/webdelmaestrocmf.com\/portal\/wp-content\/uploads\/2022\/02\/1acb-25.jpg","width":1100,"height":680,"caption":"plantilla"},{"@type":"BreadcrumbList","@id":"https:\/\/webdelmaestrocmf.com\/portal\/el-uso-de-la-tecnologia-para-el-aprendizaje-multilingue-desafios-y-oportunidades-para-cuidar-las-lenguas-maternas\/#breadcrumb","itemListElement":[{"@type":"ListItem","position":1,"name":"Portada","item":"https:\/\/webdelmaestrocmf.com\/portal\/"},{"@type":"ListItem","position":2,"name":"Yo opino - WMCMF","item":"https:\/\/webdelmaestrocmf.com\/portal\/category\/jamb\/"},{"@type":"ListItem","position":3,"name":"El uso de la tecnolog\u00eda para el aprendizaje multiling\u00fce: desaf\u00edos y oportunidades, para cuidar las lenguas maternas"}]},{"@type":"WebSite","@id":"https:\/\/webdelmaestrocmf.com\/portal\/#website","url":"https:\/\/webdelmaestrocmf.com\/portal\/","name":"Web del Maestro CMF","description":"Maestros al servicio de la educaci\u00f3n","publisher":{"@id":"https:\/\/webdelmaestrocmf.com\/portal\/#organization"},"alternateName":"WMCMF","potentialAction":[{"@type":"SearchAction","target":{"@type":"EntryPoint","urlTemplate":"https:\/\/webdelmaestrocmf.com\/portal\/?s={search_term_string}"},"query-input":{"@type":"PropertyValueSpecification","valueRequired":true,"valueName":"search_term_string"}}],"inLanguage":"es"},{"@type":"Organization","@id":"https:\/\/webdelmaestrocmf.com\/portal\/#organization","name":"Web del Maestro CMF","alternateName":"WMCMF","url":"https:\/\/webdelmaestrocmf.com\/portal\/","logo":{"@type":"ImageObject","inLanguage":"es","@id":"https:\/\/webdelmaestrocmf.com\/portal\/#\/schema\/logo\/image\/","url":"https:\/\/webdelmaestrocmf.com\/portal\/wp-content\/uploads\/2023\/01\/logo-wmcmf-2.png","contentUrl":"https:\/\/webdelmaestrocmf.com\/portal\/wp-content\/uploads\/2023\/01\/logo-wmcmf-2.png","width":200,"height":60,"caption":"Web del Maestro CMF"},"image":{"@id":"https:\/\/webdelmaestrocmf.com\/portal\/#\/schema\/logo\/image\/"},"sameAs":["https:\/\/www.facebook.com\/WebdelMaestroCMF\/","https:\/\/x.com\/cmf_w","https:\/\/www.pinterest.com\/WMCMF\/","https:\/\/www.linkedin.com\/company\/web-del-maestro-cmf\/","https:\/\/www.instagram.com\/wmcmf\/","https:\/\/www.youtube.com\/channel\/UCDPSvjbdodE5sHnC3OxutHw","https:\/\/mastodon.social\/@wmcmf","https:\/\/www.tiktok.com\/@webdelmaestrocmf"]},{"@type":"Person","@id":"https:\/\/webdelmaestrocmf.com\/portal\/#\/schema\/person\/1072a2ed7bd960df8ef99a551fa35dc5","name":"Web del Maestro CMF","image":{"@type":"ImageObject","inLanguage":"es","@id":"https:\/\/secure.gravatar.com\/avatar\/23291dd5b5ae1077dcff3dbb04c3e02bd28403fa75af6d8787d5e97c5bbbe30b?s=96&d=mm&r=g","url":"https:\/\/secure.gravatar.com\/avatar\/23291dd5b5ae1077dcff3dbb04c3e02bd28403fa75af6d8787d5e97c5bbbe30b?s=96&d=mm&r=g","contentUrl":"https:\/\/secure.gravatar.com\/avatar\/23291dd5b5ae1077dcff3dbb04c3e02bd28403fa75af6d8787d5e97c5bbbe30b?s=96&d=mm&r=g","caption":"Web del Maestro CMF"},"description":"Esta Web se cre\u00f3 sin fines de lucro, con fines educativos, cient\u00edficos y acad\u00e9micos, para personas que tengan dificultades y\/o inconvenientes en visualizar el material original. El objetivo es entregar recursos, compartir experiencias y materiales que ayuden a los padres de familia, maestros y estudiantes en su actualizaci\u00f3n y formaci\u00f3n permanente, en bien de la Educaci\u00f3n.","sameAs":["http:\/\/webdelmaestrocmf.com\/portal","https:\/\/www.facebook.com\/WebdelMaestroCMF\/","https:\/\/www.instagram.com\/wmcmf\/","https:\/\/cl.linkedin.com\/company\/web-del-maestro-cmf","https:\/\/www.pinterest.com\/WMCMF\/publicaciones\/","https:\/\/x.com\/cmf_w","https:\/\/www.youtube.com\/@WMCMF"]}]}},"jetpack_featured_media_url":"https:\/\/webdelmaestrocmf.com\/portal\/wp-content\/uploads\/2022\/02\/1acb-25.jpg","jetpack_sharing_enabled":true,"jetpack-related-posts":[{"id":91280,"url":"https:\/\/webdelmaestrocmf.com\/portal\/procesos-didacticos-de-todas-las-areas-curriculares-2\/","url_meta":{"origin":74563,"position":0},"title":"Procesos did\u00e1cticos de todas las \u00e1reas curriculares","author":"Web del Maestro CMF","date":"17 julio, 2025","format":false,"excerpt":"Acciones del docente que gu\u00edan el aprendizaje: planificar, ense\u00f1ar, evaluar y reflexionar, adapt\u00e1ndose a cada \u00e1rea y competencia educativa","rel":"","context":"En \u00abDescarga\u00bb","block_context":{"text":"Descarga","link":"https:\/\/webdelmaestrocmf.com\/portal\/category\/descarga\/"},"img":{"alt_text":"Procesos did\u00e1cticos","src":"https:\/\/i0.wp.com\/webdelmaestrocmf.com\/portal\/wp-content\/uploads\/2023\/08\/Banner-1-portada-imagen-10-1-14.jpg?resize=350%2C200&ssl=1","width":350,"height":200,"srcset":"https:\/\/i0.wp.com\/webdelmaestrocmf.com\/portal\/wp-content\/uploads\/2023\/08\/Banner-1-portada-imagen-10-1-14.jpg?resize=350%2C200&ssl=1 1x, https:\/\/i0.wp.com\/webdelmaestrocmf.com\/portal\/wp-content\/uploads\/2023\/08\/Banner-1-portada-imagen-10-1-14.jpg?resize=525%2C300&ssl=1 1.5x, https:\/\/i0.wp.com\/webdelmaestrocmf.com\/portal\/wp-content\/uploads\/2023\/08\/Banner-1-portada-imagen-10-1-14.jpg?resize=700%2C400&ssl=1 2x"},"classes":[]},{"id":62060,"url":"https:\/\/webdelmaestrocmf.com\/portal\/la-tarea-docente-en-torno-al-dia-del-idioma-espanol\/","url_meta":{"origin":74563,"position":1},"title":"La tarea docente en torno al d\u00eda del idioma espa\u00f1ol","author":"Web del Maestro CMF","date":"23 abril, 2021","format":false,"excerpt":"La Organizaci\u00f3n de las Naciones Unidas desde el a\u00f1o 2010 introdujo en su calendario el dedicar un d\u00eda al a\u00f1o para celebrar las lenguas oficiales que habla la humanidad, como son el ingl\u00e9s, el franc\u00e9s, el \u00e1rabe, el chino, el ruso y el espa\u00f1ol, con el fin de promover la\u2026","rel":"","context":"En \u00abYo opino - WMCMF\u00bb","block_context":{"text":"Yo opino - WMCMF","link":"https:\/\/webdelmaestrocmf.com\/portal\/category\/jamb\/"},"img":{"alt_text":"","src":"https:\/\/i0.wp.com\/webdelmaestrocmf.com\/portal\/wp-content\/uploads\/2021\/04\/1-93.jpg?resize=350%2C200&ssl=1","width":350,"height":200,"srcset":"https:\/\/i0.wp.com\/webdelmaestrocmf.com\/portal\/wp-content\/uploads\/2021\/04\/1-93.jpg?resize=350%2C200&ssl=1 1x, https:\/\/i0.wp.com\/webdelmaestrocmf.com\/portal\/wp-content\/uploads\/2021\/04\/1-93.jpg?resize=525%2C300&ssl=1 1.5x, https:\/\/i0.wp.com\/webdelmaestrocmf.com\/portal\/wp-content\/uploads\/2021\/04\/1-93.jpg?resize=700%2C400&ssl=1 2x, https:\/\/i0.wp.com\/webdelmaestrocmf.com\/portal\/wp-content\/uploads\/2021\/04\/1-93.jpg?resize=1050%2C600&ssl=1 3x"},"classes":[]},{"id":95805,"url":"https:\/\/webdelmaestrocmf.com\/portal\/procesos-didacticos-en-las-areas-curriculares-del-cneb\/","url_meta":{"origin":74563,"position":2},"title":"Procesos Did\u00e1cticos en las \u00c1reas Curriculares del CNEB","author":"Web del Maestro CMF","date":"24 septiembre, 2023","format":false,"excerpt":"Los procesos did\u00e1cticos desempe\u00f1an un papel central en la educaci\u00f3n, siendo la piedra angular que permite a los educadores facilitar el aprendizaje de los estudiantes. En el marco del Curr\u00edculo Nacional de la Educaci\u00f3n B\u00e1sica (CNEB), estos procesos se manifiestan de manera integral en todas las \u00e1reas curriculares, contribuyendo al\u2026","rel":"","context":"En \u00abProcesos did\u00e1cticos\u00bb","block_context":{"text":"Procesos did\u00e1cticos","link":"https:\/\/webdelmaestrocmf.com\/portal\/category\/pedagogia\/procesos-didacticos\/"},"img":{"alt_text":"Procesos Did\u00e1cticos","src":"https:\/\/i0.wp.com\/webdelmaestrocmf.com\/portal\/wp-content\/uploads\/2023\/09\/Banner-1-portada-imagen-10-32.jpg?resize=350%2C200&ssl=1","width":350,"height":200,"srcset":"https:\/\/i0.wp.com\/webdelmaestrocmf.com\/portal\/wp-content\/uploads\/2023\/09\/Banner-1-portada-imagen-10-32.jpg?resize=350%2C200&ssl=1 1x, https:\/\/i0.wp.com\/webdelmaestrocmf.com\/portal\/wp-content\/uploads\/2023\/09\/Banner-1-portada-imagen-10-32.jpg?resize=525%2C300&ssl=1 1.5x, https:\/\/i0.wp.com\/webdelmaestrocmf.com\/portal\/wp-content\/uploads\/2023\/09\/Banner-1-portada-imagen-10-32.jpg?resize=700%2C400&ssl=1 2x"},"classes":[]},{"id":84148,"url":"https:\/\/webdelmaestrocmf.com\/portal\/procesos-didacticos-de-todas-las-areas-curriculares\/","url_meta":{"origin":74563,"position":3},"title":"Procesos did\u00e1cticos de todas las \u00e1reas curriculares","author":"Web del Maestro CMF","date":"12 febrero, 2023","format":false,"excerpt":"Procesos\u00a0Did\u00e1cticos\u00a0de todas las \u00e1reas curriculares. Definici\u00f3n conceptual El acto did\u00e1ctico como la actuaci\u00f3n del profesor para facilitar los aprendizajes de los estudiantes. Se trata de una actuaci\u00f3n cuya naturaleza es esencialmente comunicativa. El citado autor circunscribe el fin de las actividades de ense\u00f1anza de los procesos de aprendizaje como el\u2026","rel":"","context":"En \u00abDescargas Manuales PDF\u00bb","block_context":{"text":"Descargas Manuales PDF","link":"https:\/\/webdelmaestrocmf.com\/portal\/category\/pedagogia\/descargas-manuales-pdf\/"},"img":{"alt_text":"","src":"https:\/\/i0.wp.com\/webdelmaestrocmf.com\/portal\/wp-content\/uploads\/2023\/02\/1-6.jpeg?resize=350%2C200&ssl=1","width":350,"height":200,"srcset":"https:\/\/i0.wp.com\/webdelmaestrocmf.com\/portal\/wp-content\/uploads\/2023\/02\/1-6.jpeg?resize=350%2C200&ssl=1 1x, https:\/\/i0.wp.com\/webdelmaestrocmf.com\/portal\/wp-content\/uploads\/2023\/02\/1-6.jpeg?resize=525%2C300&ssl=1 1.5x, https:\/\/i0.wp.com\/webdelmaestrocmf.com\/portal\/wp-content\/uploads\/2023\/02\/1-6.jpeg?resize=700%2C400&ssl=1 2x"},"classes":[]},{"id":38553,"url":"https:\/\/webdelmaestrocmf.com\/portal\/13-consejos-y-3-sugerencias-para-hablar-o-mejorar-el-idioma-ingles\/","url_meta":{"origin":74563,"position":4},"title":"13 consejos y 3 sugerencias para hablar o mejorar el idioma ingl\u00e9s","author":"Web del Maestro CMF","date":"31 julio, 2019","format":false,"excerpt":"El ingl\u00e9s se ha convertido en la lengua m\u00e1s extendida de la era moderna, domina la industria editorial, internet, las ciencias, las artes, las finanzas, los deportes, la pol\u00edtica e incluso los viajes internacionales. Y recordemos que el Internet, como fuente inagotable de informaci\u00f3n, tiene muchos de sus contenidos en\u2026","rel":"","context":"En \u00abYo opino - WMCMF\u00bb","block_context":{"text":"Yo opino - WMCMF","link":"https:\/\/webdelmaestrocmf.com\/portal\/category\/jamb\/"},"img":{"alt_text":"","src":"https:\/\/i0.wp.com\/webdelmaestrocmf.com\/portal\/wp-content\/uploads\/2019\/07\/1-85.jpg?resize=350%2C200&ssl=1","width":350,"height":200,"srcset":"https:\/\/i0.wp.com\/webdelmaestrocmf.com\/portal\/wp-content\/uploads\/2019\/07\/1-85.jpg?resize=350%2C200&ssl=1 1x, https:\/\/i0.wp.com\/webdelmaestrocmf.com\/portal\/wp-content\/uploads\/2019\/07\/1-85.jpg?resize=525%2C300&ssl=1 1.5x, https:\/\/i0.wp.com\/webdelmaestrocmf.com\/portal\/wp-content\/uploads\/2019\/07\/1-85.jpg?resize=700%2C400&ssl=1 2x, https:\/\/i0.wp.com\/webdelmaestrocmf.com\/portal\/wp-content\/uploads\/2019\/07\/1-85.jpg?resize=1050%2C600&ssl=1 3x"},"classes":[]},{"id":64491,"url":"https:\/\/webdelmaestrocmf.com\/portal\/formato-editable-y-referencial-para-el-informe-del-mes-de-junio\/","url_meta":{"origin":74563,"position":5},"title":"Formato editable y referencial para el informe del mes de Junio","author":"Web del Maestro CMF","date":"28 junio, 2021","format":false,"excerpt":"Estimados docentes compartimos con ustedes el siguiente formato de informe referencial para el presente mes de junio. Esperamos que el material mostrado les sea de gran utilidad, no olvide compartirlo en tus redes sociales. El modelo de informe esta disponible en formato Word para que puedas descargarlo y modificarlo de\u2026","rel":"","context":"En \u00abDescargas Manuales PDF\u00bb","block_context":{"text":"Descargas Manuales PDF","link":"https:\/\/webdelmaestrocmf.com\/portal\/category\/pedagogia\/descargas-manuales-pdf\/"},"img":{"alt_text":"","src":"https:\/\/i0.wp.com\/webdelmaestrocmf.com\/portal\/wp-content\/uploads\/2021\/06\/1-10.jpeg?resize=350%2C200&ssl=1","width":350,"height":200,"srcset":"https:\/\/i0.wp.com\/webdelmaestrocmf.com\/portal\/wp-content\/uploads\/2021\/06\/1-10.jpeg?resize=350%2C200&ssl=1 1x, https:\/\/i0.wp.com\/webdelmaestrocmf.com\/portal\/wp-content\/uploads\/2021\/06\/1-10.jpeg?resize=525%2C300&ssl=1 1.5x, https:\/\/i0.wp.com\/webdelmaestrocmf.com\/portal\/wp-content\/uploads\/2021\/06\/1-10.jpeg?resize=700%2C400&ssl=1 2x, https:\/\/i0.wp.com\/webdelmaestrocmf.com\/portal\/wp-content\/uploads\/2021\/06\/1-10.jpeg?resize=1050%2C600&ssl=1 3x"},"classes":[]}],"_links":{"self":[{"href":"https:\/\/webdelmaestrocmf.com\/portal\/wp-json\/wp\/v2\/posts\/74563","targetHints":{"allow":["GET"]}}],"collection":[{"href":"https:\/\/webdelmaestrocmf.com\/portal\/wp-json\/wp\/v2\/posts"}],"about":[{"href":"https:\/\/webdelmaestrocmf.com\/portal\/wp-json\/wp\/v2\/types\/post"}],"author":[{"embeddable":true,"href":"https:\/\/webdelmaestrocmf.com\/portal\/wp-json\/wp\/v2\/users\/1"}],"replies":[{"embeddable":true,"href":"https:\/\/webdelmaestrocmf.com\/portal\/wp-json\/wp\/v2\/comments?post=74563"}],"version-history":[{"count":0,"href":"https:\/\/webdelmaestrocmf.com\/portal\/wp-json\/wp\/v2\/posts\/74563\/revisions"}],"wp:featuredmedia":[{"embeddable":true,"href":"https:\/\/webdelmaestrocmf.com\/portal\/wp-json\/wp\/v2\/media\/74564"}],"wp:attachment":[{"href":"https:\/\/webdelmaestrocmf.com\/portal\/wp-json\/wp\/v2\/media?parent=74563"}],"wp:term":[{"taxonomy":"category","embeddable":true,"href":"https:\/\/webdelmaestrocmf.com\/portal\/wp-json\/wp\/v2\/categories?post=74563"},{"taxonomy":"post_tag","embeddable":true,"href":"https:\/\/webdelmaestrocmf.com\/portal\/wp-json\/wp\/v2\/tags?post=74563"}],"curies":[{"name":"wp","href":"https:\/\/api.w.org\/{rel}","templated":true}]}}