{"id":74440,"date":"2022-08-06T19:27:01","date_gmt":"2022-08-06T23:27:01","guid":{"rendered":"https:\/\/webdelmaestrocmf.com\/portal\/?p=74440"},"modified":"2022-08-06T22:44:32","modified_gmt":"2022-08-07T02:44:32","slug":"historias-de-profesores-que-consiguieron-el-respeto-automatico-de-sus-estudiantes-con-sus-acciones","status":"publish","type":"post","link":"https:\/\/webdelmaestrocmf.com\/portal\/historias-de-profesores-que-consiguieron-el-respeto-automatico-de-sus-estudiantes-con-sus-acciones\/","title":{"rendered":"Historias de profesores que consiguieron el respeto autom\u00e1tico de sus estudiantes con sus acciones"},"content":{"rendered":"<h5 style=\"text-align: justify;\">Todos tenemos nuestros profesores favoritos. Todos tenemos profesores a los que odiamos. Y luego, independientemente de nuestra propia postura, muchos de nosotros tenemos profesores a los que simplemente respet\u00e1bamos, nos gustaran o no, no importaba. Los respet\u00e1bamos por lo que hac\u00edan.<\/h5>\n<p><!--more--><\/p>\n<h5 style=\"text-align: justify;\">AskReddit ha respondido a esta misma pregunta no hace mucho: Los Redditors compartieron historias, ya reconfortantes o simplemente chungas, sobre las cosas que hac\u00edan los profesores y que hac\u00edan que los alumnos los respetaran.<\/h5>\n<p style=\"text-align: justify;\">En particular, el usuario u\/ApacheAirCover pidi\u00f3 a la gente que compartiera sus historias de respeto a los profesores en un hilo de Reddit, ahora viral, que ha conseguido m\u00e1s de 57.000 votos positivos con m\u00e1s de 10.000 comentarios y 300 premios de Reddit.<\/p>\n<p style=\"text-align: justify;\">Echa un vistazo a las mejores historias recogidas por el portal<a href=\"http:\/\/boredpanda.es\" target=\"_blank\" rel=\"noopener\"> Bored Panda<\/a>. Esperamos que sean de su agrado.<\/p>\n<p style=\"text-align: justify;\">M\u00e1s informaci\u00f3n: Reddit<\/p>\n<h5 style=\"text-align: justify;\">Historia #1<\/h5>\n<p style=\"text-align: justify;\">Fue poca cosa pero nos dijo que ese d\u00eda iba a estar de mal humor porque alguien le hab\u00eda robado la bicicleta. Tratarnos como personas era algo raro en esa escuela.<\/p>\n<h5 style=\"text-align: justify;\">Historia #2<\/h5>\n<p style=\"text-align: justify;\">Una de mis profesoras de matem\u00e1ticas del instituto ten\u00eda la pol\u00edtica de que pod\u00edas repetir cualquier examen tantas veces como fuera necesario. Sin penalizaciones. Y te ayudaba como tutor durante cualquier hora de estudio o antes o despu\u00e9s de la escuela o durante el almuerzo.<\/p>\n<p style=\"text-align: justify;\">Debe haber sido un gran dolor de cabeza en cuanto a tiempo para escribir nuevas pruebas y tutor y grado. Pero su postura era que ella estaba all\u00ed para ense\u00f1ar. Y si no entend\u00edas lo suficiente para el examen, no ganabas nada por reprobar y seguir adelante. Pero si te importaba y quer\u00edas aprender a hacerlo, entonces ella era responsable de apoyarte durante todo el camino.<\/p>\n<h5 style=\"text-align: justify;\">Historia #3<\/h5>\n<p style=\"text-align: justify;\">Era una profesora, pero dijo que no iba a tener un libro de texto para la clase. B\u00e1sicamente, no respetaba a los representantes de los libros de texto que trataban de adoptar el enfoque farmac\u00e9utico para obligar a los chicos a comprar un c\u00f3digo de acceso de 170 d\u00f3lares.<\/p>\n<p style=\"text-align: justify;\">Respeto instant\u00e1neo. S\u00f3lo ten\u00edas que presentarte a las clases y ella te ense\u00f1ar\u00eda lo que necesitabas saber.<\/p>\n<p><img loading=\"lazy\" decoding=\"async\" class=\"alignnone size-large wp-image-74442\" src=\"https:\/\/webdelmaestrocmf.com\/portal\/wp-content\/uploads\/2022\/02\/1acb-1024x534.jpg\" alt=\"\" width=\"1024\" height=\"534\" srcset=\"https:\/\/webdelmaestrocmf.com\/portal\/wp-content\/uploads\/2022\/02\/1acb-1024x534.jpg 1024w, https:\/\/webdelmaestrocmf.com\/portal\/wp-content\/uploads\/2022\/02\/1acb-300x157.jpg 300w, https:\/\/webdelmaestrocmf.com\/portal\/wp-content\/uploads\/2022\/02\/1acb-768x401.jpg 768w, https:\/\/webdelmaestrocmf.com\/portal\/wp-content\/uploads\/2022\/02\/1acb-110x57.jpg 110w, https:\/\/webdelmaestrocmf.com\/portal\/wp-content\/uploads\/2022\/02\/1acb-200x104.jpg 200w, https:\/\/webdelmaestrocmf.com\/portal\/wp-content\/uploads\/2022\/02\/1acb-380x198.jpg 380w, https:\/\/webdelmaestrocmf.com\/portal\/wp-content\/uploads\/2022\/02\/1acb-255x133.jpg 255w, https:\/\/webdelmaestrocmf.com\/portal\/wp-content\/uploads\/2022\/02\/1acb-550x287.jpg 550w, https:\/\/webdelmaestrocmf.com\/portal\/wp-content\/uploads\/2022\/02\/1acb-800x417.jpg 800w, https:\/\/webdelmaestrocmf.com\/portal\/wp-content\/uploads\/2022\/02\/1acb.jpg 1100w\" sizes=\"auto, (max-width: 1024px) 100vw, 1024px\" \/><\/p>\n<h5 style=\"text-align: justify;\">Historia #4<\/h5>\n<p style=\"text-align: justify;\">Primer a\u00f1o de instituto, clase de ingl\u00e9s. Est\u00e1bamos discutiendo una historia que hab\u00edamos le\u00eddo. Un estudiante (llam\u00e9mosle Carl) hizo una observaci\u00f3n. El profesor se mostr\u00f3 despectivo y b\u00e1sicamente dijo que Carl estaba equivocado.<\/p>\n<p style=\"text-align: justify;\">Al d\u00eda siguiente, despu\u00e9s de sentarnos, el profesor dijo: \u00abAntes de empezar, estuve pensando en lo que Carl dijo ayer. Me equivoqu\u00e9 al descartarlo tan r\u00e1pidamente. Volvamos a analizarlo\u00bb.<\/p>\n<p style=\"text-align: justify;\">A continuaci\u00f3n, repiti\u00f3 lo dicho por Carl e inici\u00f3 una conversaci\u00f3n con toda la clase. Despu\u00e9s de la conversaci\u00f3n, se hizo evidente que el punto de Carl realmente carec\u00eda de base, pero me impresion\u00f3 que el profesor reconociera p\u00fablicamente su error y siguiera el camino que deb\u00eda.<\/p>\n<h5 style=\"text-align: justify;\">Historia #5<\/h5>\n<p style=\"text-align: justify;\">Le cont\u00e9 a mi profesor de ingl\u00e9s mi desafortunada experiencia en mi \u00faltima escuela (gente est\u00fapida que me trataba como si fuera una mi*rda) y se acerc\u00f3 a m\u00ed despu\u00e9s de la clase y me dijo \u00aboye, siento que te haya pasado eso. sabes que hay una frase en el idioma ingl\u00e9s que creo que deber\u00edas conocer, f*ck them\u00bb.<\/p>\n<h5 style=\"text-align: justify;\">Historia #6<\/h5>\n<p style=\"text-align: justify;\">Tuve una profesora de estudios empresariales que sol\u00eda ser una profesional de la salud mental. As\u00ed que conoc\u00eda las se\u00f1ales cuando mi depresi\u00f3n era especialmente grave (por ejemplo, presentando el trabajo a las 3 de la ma\u00f1ana) y siempre se aseguraba de que hab\u00eda comido y me ofrec\u00eda caf\u00e9 y, en general, hac\u00eda de su clase un espacio seguro para cualquiera. Sesstein, si est\u00e1s leyendo esto, \u00a1eres incre\u00edble!<\/p>\n<h5 style=\"text-align: justify;\">Historia #7<\/h5>\n<p style=\"text-align: justify;\">Mi profesor de ciencias de la escuela secundaria hizo una pausa en la clase para destrozar a un estudiante por intimidar a otro. Lo denunci\u00f3 en cuanto ocurri\u00f3, delante de todos, y el bravuc\u00f3n no volvi\u00f3 a acercarse a ese otro chico. Siempre lo recordar\u00e9.<\/p>\n<h5 style=\"text-align: justify;\">Historia #8<\/h5>\n<p style=\"text-align: justify;\">Profesor de matem\u00e1ticas: \u00abNo me importa si tienes buenas o malas notas, si te esfuerzas, me esforzar\u00e9 m\u00e1s para que apruebes\u00bb.<\/p>\n<p style=\"text-align: justify;\">Se esforz\u00f3 por m\u00ed; aprob\u00e9&#8230;<\/p>\n<h5 style=\"text-align: justify;\">Historia #9<\/h5>\n<p style=\"text-align: justify;\">Recuerdo que mi profesor de 5\u00ba grado hizo que cada alumno se\u00f1alara con un c\u00edrculo un libro del folleto de la feria del libro de Scholastic. Cuando llegaba el d\u00eda de la feria, si no ibas a la biblioteca a comprar ese libro para ti, ella lo compraba con su propio dinero para asegurarse de que cada alumno se llevara un libro a casa. Yo no habr\u00eda tenido ning\u00fan libro propio si no fuera por ella.<\/p>\n<h5 style=\"text-align: justify;\">Historia #10<\/h5>\n<p style=\"text-align: justify;\">En lugar de gritar a mi ruidosa clase por no callarse antes de empezar la lecci\u00f3n, mi profesor de historia decidi\u00f3 contar tranquilamente la historia de un elefante rosa que quer\u00eda ser astronauta. Despu\u00e9s de unos segundos, la gente empez\u00f3 a callarse y a escuchar lo del elefante rosa. Cuando todo el mundo estaba callado y escuchando, se detuvo a mitad de la historia.<\/p>\n<p style=\"text-align: justify;\">Por mucho que me hizo respetarlo&#8230; \u00a1POR QU\u00c9 NO TERMIN\u00d3 LA HISTORIA DIOS M\u00cdO! \u00a1ESE SUSPENSO!<\/p>\n<h5 style=\"text-align: justify;\">Historia #11<\/h5>\n<p style=\"text-align: justify;\">Un profesor de matem\u00e1ticas fue varias veces al hospital a visitar a un alumno que hab\u00eda resultado gravemente herido en un accidente.<\/p>\n<p style=\"text-align: justify;\">El profesor ofrec\u00eda compa\u00f1\u00eda, tutor\u00edas gratuitas y aut\u00e9ntico \u00e1nimo.<\/p>\n<h5 style=\"text-align: justify;\">Historia #12<\/h5>\n<p style=\"text-align: justify;\">Tuve un profesor que dej\u00f3 muy claro que si alguna vez concert\u00e1bamos una cita y no nos present\u00e1bamos, nos quitar\u00eda 5 puntos de la nota final.<\/p>\n<p style=\"text-align: justify;\">Intent\u00e9 encontrarlo en horario de oficina y no estaba disponible. Le dije que me merec\u00eda 5 puntos m\u00e1s porque no estaba disponible cuando dijo que lo estar\u00eda y me los dio en aras de la equidad.<\/p>\n<h5 style=\"text-align: justify;\">Historia #13<\/h5>\n<p style=\"text-align: justify;\">Tuve un profesor de educaci\u00f3n f\u00edsica que organizaba torneos de baloncesto, voleibol, balonmano y f\u00fatbol, organizaba \u00abjuegos ol\u00edmpicos\u00bb para los ni\u00f1os del barrio y nos ense\u00f1aba a bailar los fines de semana. Por su cuenta. S\u00f3lo para nosotros, los ni\u00f1os, porque viv\u00edamos en un lugar alejado, sin muchas actividades y cosas que hacer. Era m\u00e1s que un simple profesor.<\/p>\n<h5 style=\"text-align: justify;\">Historia #14<\/h5>\n<p style=\"text-align: justify;\">Nos cont\u00f3 un chiste sobre su nombre (antes de que pudi\u00e9ramos) y nos permiti\u00f3 comer durante sus clases \u00abporque los ni\u00f1os de su edad no pueden evitar tener hambre todo el tiempo\u00bb, siempre que lo hici\u00e9ramos en silencio. Un tipo estupendo. Toda su actitud hac\u00eda que todos prest\u00e1ramos atenci\u00f3n y di\u00e9ramos lo mejor de nosotros mismos.<\/p>\n<h5 style=\"text-align: justify;\">Historia #15<\/h5>\n<p style=\"text-align: justify;\">Ten\u00eda un director en una escuela nueva que a\u00fan no conoc\u00eda porque el primer d\u00eda de clase en mi nueva escuela secundaria era el funeral de mi padre. No ten\u00eda ni idea de c\u00f3mo era yo, pero me busc\u00f3 en los pasillos, que estaban muy llenos, y me dio un abrazo y sus condolencias. Nunca se sinti\u00f3 inc\u00f3modo, s\u00f3lo se preocup\u00f3 por m\u00ed.<\/p>\n<p style=\"text-align: justify;\">Pas\u00f3 a la pol\u00edtica local y se convirti\u00f3 en nuestro alcalde. La \u00fanica vez que he votado de verdad a la mejor persona para el puesto y no a la menos objetable.<\/p>\n<h5 style=\"text-align: justify;\">Historia #16<\/h5>\n<p style=\"text-align: justify;\">En mi primer a\u00f1o de instituto, mi clase decidi\u00f3 gastar una simple broma a nuestro profesor de ingl\u00e9s, ri\u00e9ndose todos cuando se giraba hacia la pizarra, y dejando de hacerlo cada vez que se giraba hacia nosotros. Al cabo de unos minutos, abandon\u00f3 el aula sin decir nada. Todos nos quedamos sentados, confusos, hasta que unos minutos despu\u00e9s entra el subdirector y nos explica que hemos molestado mucho a nuestro profesor; nos hizo creer que hab\u00edamos metido la pata en serio&#8230;<\/p>\n<p style=\"text-align: justify;\">Entonces entr\u00f3 nuestro profesor y se puso en plan \u00ab\u00a1te pill\u00e9!\u00bb.<\/p>\n<p style=\"text-align: justify;\">Ese desgraciado tuvo nuestro respeto desde entonces.<\/p>\n<h5 style=\"text-align: justify;\">Historia #17<\/h5>\n<p style=\"text-align: justify;\">Tuve un profesor en la universidad que lleg\u00f3 5 minutos tarde al comienzo de una clase de las 8 de la ma\u00f1ana y estaba claramente alterado. Empez\u00f3 disculp\u00e1ndose por el retraso y explicando que acababa de hablar por tel\u00e9fono con su hermana para decirle que su madre acababa de morir de c\u00e1ncer. El resto de sus clases del d\u00eda se hab\u00edan cancelado, pero iba a intentar mantener la compostura para hacer la nuestra, ya que est\u00e1bamos all\u00ed tan temprano. Respet\u00e9 el hecho de que decidiera darnos la clase a la que hab\u00edamos acudido a pesar de estar en el shock inmediato del duelo por un ser querido y de ser lo suficientemente vulnerable como para dec\u00edrnoslo.<\/p>\n<h5 style=\"text-align: justify;\">Historia #18<\/h5>\n<p style=\"text-align: justify;\">Me mud\u00e9 de casa durante el instituto. Fue estresante, por no decir otra cosa. Empec\u00e9 a retrasarme en las tareas, me ausentaba durante d\u00edas, me perd\u00eda los ex\u00e1menes, etc.<br \/>\nAcab\u00e9 explicando lo m\u00ednimo de mi situaci\u00f3n a mi profesor de ingl\u00e9s, y su respuesta siempre se me qued\u00f3 grabada.<\/p>\n<p style=\"text-align: justify;\">\u00abS\u00f3lo haz lo que puedas\u00bb.<\/p>\n<p style=\"text-align: justify;\">Puede parecer poco, pero en ese momento, para un chico de diecis\u00e9is a\u00f1os que sent\u00eda que el simple hecho de vivir era una carga&#8230; lo era todo.<\/p>\n<h5 style=\"text-align: justify;\">Historia #19<\/h5>\n<p style=\"text-align: justify;\">El director de mi banda &#8211; se re\u00eda con nosotros, nos hablaba como si fu\u00e9ramos personas en lugar de simples estudiantes adolescentes. Y nos le\u00eda El poder del pensamiento positivo. Vio la necesidad de hacerlo; algunos de los chicos se aburr\u00edan como una ostra y pensaban que era una estupidez, pero algunos le hicimos caso. Personalmente, me encanta que haya reconocido un problema y haya actuado. Hace 30 a\u00f1os que dej\u00e9 la escuela secundaria&#8230; y sigo en contacto con \u00e9l. Es LA persona m\u00e1s influyente en mi vida que no est\u00e1 relacionada conmigo, y es porque eligi\u00f3 invertir y hacer m\u00e1s que el m\u00ednimo como profesor.<\/p>\n<h5 style=\"text-align: justify;\">Historia #20<\/h5>\n<p style=\"text-align: justify;\">Una vez una profesora me dijo que no cre\u00eda en las preguntas trampa. Los estudiantes se enga\u00f1an a s\u00ed mismos lo suficiente como para que el profesor les ayude. Ella nunca hizo preguntas trampa.<\/p>\n<h5 style=\"text-align: justify;\">Historia #21<\/h5>\n<p style=\"text-align: justify;\">Un profesor de ingl\u00e9s en el instituto me pregunt\u00f3 d\u00f3nde estaban mis deberes. Respond\u00ed \u00abMe olvid\u00e9 de hacerlos\u00bb y dijo al resto de la clase \u00ab\u00bfPor qu\u00e9 no pueden ser como este alumno? No se inventa ninguna excusa, simplemente me dice que no los ha hecho\u00bb<\/p>\n<h5 style=\"text-align: justify;\">Historia #22<\/h5>\n<p style=\"text-align: justify;\">Cuando estaba en primer grado, mi madre me hizo uno de MUCHOS cortes de pelo realmente horribles. El primer d\u00eda de vuelta al colegio los ni\u00f1os se met\u00edan conmigo de forma horrible. Tanto que sal\u00ed corriendo y me escond\u00ed. El director me encontr\u00f3 y volvimos al aula y me pidi\u00f3 que esperara fuera un minuto mientras \u00e9l hablaba con la clase. Luego me acompa\u00f1\u00f3 a su despacho y me compr\u00f3 una Coca-Cola.<\/p>\n<p style=\"text-align: justify;\">Al d\u00eda siguiente, a primera hora de la ma\u00f1ana, celebramos una asamblea con toda la escuela y \u00e9l subi\u00f3 al escenario con la cabeza completamente afeitada y habl\u00f3 sobre el acoso escolar y cosas similares.<\/p>\n<p style=\"text-align: justify;\">Unos veinte a\u00f1os m\u00e1s tarde se hab\u00eda jubilado y me lo encontr\u00e9 en el colegio local. Le di la mano y le dije:<\/p>\n<p style=\"text-align: justify;\">&#8211; \u00abProbablemente no te acuerdes de m\u00ed, pero&#8230;\u00bb<\/p>\n<p style=\"text-align: justify;\">&#8211; \u00abS\u00ed me acuerdo\u00bb, interrumpi\u00f3 y dijo mi nombre y el evento.<\/p>\n<p style=\"text-align: justify;\">El hombre era y es un h\u00e9roe a mis ojos.<\/p>\n<p><strong>Este contenido ha sido publicado originalmente por Panda Curioso en la siguiente direcci\u00f3n: <a href=\"http:\/\/boredpanda.es\" target=\"_blank\" rel=\"noopener\">boredpanda.es<\/a> | Autor: <span class=\"post-author-link\">Robertas Lisickis<\/span><\/strong><\/p>\n\t\t<div class=\"pk-inline-posts\">\n\t\t\t\n\t\t\t<div class=\"pk-inline-posts-container pk-inline-posts-template-list\"\n\t\t\t\tdata-columns=\"1\">\n\t\t\t\t\t\t<article id=\"post-114355\" class=\"post-114355 post type-post status-publish format-standard has-post-thumbnail category-docentes category-noticias-pedagogia category-pedagogia tag-derechos-del-nino tag-docentes-en-redes-sociales tag-educacion-responsable tag-etica-docente tag-legislacion-educativa tag-privacidad-infantil tag-profesores-influencers tag-proteccion-de-datos tag-uso-de-imagen cs-entry cs-video-wrap\">\n\t\t\t<div class=\"pk-post-outer\">\n\n\t\t\t\t\t\t\t\t<div class=\"pk-post-inner\">\n\t\t\t\t\t<div class=\"entry-thumbnail\">\n\t\t\t\t\t\t<div class=\"pk-overlay pk-overlay-ratio pk-ratio-landscape\">\n\t\t\t\t\t\t\t<div class=\"pk-overlay-background\">\n\t\t\t\t\t\t\t\t<a href=\"https:\/\/webdelmaestrocmf.com\/portal\/atencion-profesores-tiktokers-por-que-no-pueden-usar-imagenes-fotos-de-sus-estudiantes-en-redes-sociales-personales\/\" class=\"pk-overlay-link\">\n\t\t\t\t\t\t\t\t\t<img loading=\"lazy\" decoding=\"async\" width=\"300\" height=\"225\" src=\"https:\/\/webdelmaestrocmf.com\/portal\/wp-content\/uploads\/2025\/12\/1A-Banner-1-portada-imagen-10-1-copia-1-18-300x225.webp\" class=\"attachment-pk-thumbnail size-pk-thumbnail wp-post-image\" alt=\"\" \/>\t\t\t\t\t\t\t\t<\/a>\n\t\t\t\t\t\t\t<\/div>\n\t\t\t\t\t\t<\/div>\n\t\t\t\t\t<\/div>\n\t\t\t\t<\/div>\n\t\t\t\t\n\t\t\t\t<div class=\"pk-post-inner\">\n\t\t\t\t\t<header>\n\t\t\t\t\t\t<h3 class=\"pk-title\"><a href=\"https:\/\/webdelmaestrocmf.com\/portal\/atencion-profesores-tiktokers-por-que-no-pueden-usar-imagenes-fotos-de-sus-estudiantes-en-redes-sociales-personales\/\" rel=\"bookmark\">Atenci\u00f3n, profesores tiktokers: por qu\u00e9 no pueden usar im\u00e1genes (fotos) de sus estudiantes en redes sociales personales<\/a><\/h3>\t\t\t\t\t<\/header><!-- .entry-header -->\n\t\t\t\t<\/div><!-- .post-inner -->\n\n\t\t\t<\/div><!-- .post-outer -->\n\t\t<\/article>\n\t\t\t\t<\/div>\n\t\t<\/div>\n\t\t\n","protected":false},"excerpt":{"rendered":"Todos tenemos nuestros profesores favoritos. Todos tenemos profesores a los que odiamos. Y luego, independientemente de nuestra propia&hellip;","protected":false},"author":1,"featured_media":74444,"comment_status":"open","ping_status":"closed","sticky":false,"template":"","format":"standard","meta":{"csco_display_header_overlay":false,"csco_singular_sidebar":"default","csco_page_header_type":"default","csco_page_load_nextpost":"default","csco_post_video_location":[],"csco_post_video_location_hash":"","csco_post_video_url":"","csco_post_video_bg_start_time":0,"csco_post_video_bg_end_time":0,"csco_post_video_bg_volume":false,"_jetpack_memberships_contains_paid_content":false,"footnotes":""},"categories":[5375,735],"tags":[2899,5347,14605,96,622,62,1576],"class_list":{"0":"post-74440","1":"post","2":"type-post","3":"status-publish","4":"format-standard","5":"has-post-thumbnail","7":"category-noticias-pedagogia","8":"category-pedagogia","9":"tag-acciones","10":"tag-automatico","11":"tag-consiguieron","12":"tag-estudiantes","13":"tag-historias","14":"tag-profesores","15":"tag-respeto","16":"cs-entry","17":"cs-video-wrap"},"yoast_head":"<!-- This site is optimized with the Yoast SEO plugin v27.5 - https:\/\/yoast.com\/product\/yoast-seo-wordpress\/ -->\n<title>Historias de profesores que consiguieron el respeto autom\u00e1tico de sus estudiantes con sus acciones - 2026<\/title>\n<meta name=\"description\" content=\"Comunidad de Maestros, Docentes y Profesores, en donde encontrar\u00e1s material, informaci\u00f3n y noticias del \u00e1mbito nacional y mundial.\" \/>\n<meta name=\"robots\" content=\"index, follow, max-snippet:-1, max-image-preview:large, max-video-preview:-1\" \/>\n<link rel=\"canonical\" href=\"https:\/\/webdelmaestrocmf.com\/portal\/historias-de-profesores-que-consiguieron-el-respeto-automatico-de-sus-estudiantes-con-sus-acciones\/\" \/>\n<meta property=\"og:locale\" content=\"es_ES\" \/>\n<meta property=\"og:type\" content=\"article\" \/>\n<meta property=\"og:title\" content=\"Historias de profesores que consiguieron el respeto autom\u00e1tico de sus estudiantes con sus acciones - 2026\" \/>\n<meta property=\"og:description\" content=\"Comunidad de Maestros, Docentes y Profesores, en donde encontrar\u00e1s material, informaci\u00f3n y noticias del \u00e1mbito nacional y mundial.\" \/>\n<meta property=\"og:url\" content=\"https:\/\/webdelmaestrocmf.com\/portal\/historias-de-profesores-que-consiguieron-el-respeto-automatico-de-sus-estudiantes-con-sus-acciones\/\" \/>\n<meta property=\"og:site_name\" content=\"Web del Maestro CMF\" \/>\n<meta property=\"article:publisher\" content=\"https:\/\/www.facebook.com\/WebdelMaestroCMF\/\" \/>\n<meta property=\"article:author\" content=\"https:\/\/www.facebook.com\/WebdelMaestroCMF\/\" \/>\n<meta property=\"article:published_time\" content=\"2022-08-06T23:27:01+00:00\" \/>\n<meta property=\"article:modified_time\" content=\"2022-08-07T02:44:32+00:00\" \/>\n<meta property=\"og:image\" content=\"https:\/\/i0.wp.com\/webdelmaestrocmf.com\/portal\/wp-content\/uploads\/2022\/02\/1acb-1.jpg?fit=1100%2C680&ssl=1\" \/>\n\t<meta property=\"og:image:width\" content=\"1100\" \/>\n\t<meta property=\"og:image:height\" content=\"680\" \/>\n\t<meta property=\"og:image:type\" content=\"image\/jpeg\" \/>\n<meta name=\"author\" content=\"Web del Maestro CMF\" \/>\n<meta name=\"twitter:card\" content=\"summary_large_image\" \/>\n<meta name=\"twitter:creator\" content=\"@cmf_w\" \/>\n<meta name=\"twitter:site\" content=\"@cmf_w\" \/>\n<script type=\"application\/ld+json\" class=\"yoast-schema-graph\">{\"@context\":\"https:\\\/\\\/schema.org\",\"@graph\":[{\"@type\":\"ScholarlyArticle\",\"@id\":\"https:\\\/\\\/webdelmaestrocmf.com\\\/portal\\\/historias-de-profesores-que-consiguieron-el-respeto-automatico-de-sus-estudiantes-con-sus-acciones\\\/#article\",\"isPartOf\":{\"@id\":\"https:\\\/\\\/webdelmaestrocmf.com\\\/portal\\\/historias-de-profesores-que-consiguieron-el-respeto-automatico-de-sus-estudiantes-con-sus-acciones\\\/\"},\"author\":{\"name\":\"Web del Maestro CMF\",\"@id\":\"https:\\\/\\\/webdelmaestrocmf.com\\\/portal\\\/#\\\/schema\\\/person\\\/1072a2ed7bd960df8ef99a551fa35dc5\"},\"headline\":\"Historias de profesores que consiguieron el respeto autom\u00e1tico de sus estudiantes con sus acciones\",\"datePublished\":\"2022-08-06T23:27:01+00:00\",\"dateModified\":\"2022-08-07T02:44:32+00:00\",\"mainEntityOfPage\":{\"@id\":\"https:\\\/\\\/webdelmaestrocmf.com\\\/portal\\\/historias-de-profesores-que-consiguieron-el-respeto-automatico-de-sus-estudiantes-con-sus-acciones\\\/\"},\"wordCount\":1962,\"commentCount\":0,\"publisher\":{\"@id\":\"https:\\\/\\\/webdelmaestrocmf.com\\\/portal\\\/#organization\"},\"image\":{\"@id\":\"https:\\\/\\\/webdelmaestrocmf.com\\\/portal\\\/historias-de-profesores-que-consiguieron-el-respeto-automatico-de-sus-estudiantes-con-sus-acciones\\\/#primaryimage\"},\"thumbnailUrl\":\"https:\\\/\\\/webdelmaestrocmf.com\\\/portal\\\/wp-content\\\/uploads\\\/2022\\\/02\\\/1acb-1.jpg\",\"keywords\":[\"ACCIONES\",\"autom\u00e1tico\",\"consiguieron\",\"estudiantes\",\"HISTORIAS\",\"profesores\",\"RESPETO\"],\"articleSection\":[\"Noticias\",\"Recursos\"],\"inLanguage\":\"es\",\"potentialAction\":[{\"@type\":\"CommentAction\",\"name\":\"Comment\",\"target\":[\"https:\\\/\\\/webdelmaestrocmf.com\\\/portal\\\/historias-de-profesores-que-consiguieron-el-respeto-automatico-de-sus-estudiantes-con-sus-acciones\\\/#respond\"]}]},{\"@type\":\"WebPage\",\"@id\":\"https:\\\/\\\/webdelmaestrocmf.com\\\/portal\\\/historias-de-profesores-que-consiguieron-el-respeto-automatico-de-sus-estudiantes-con-sus-acciones\\\/\",\"url\":\"https:\\\/\\\/webdelmaestrocmf.com\\\/portal\\\/historias-de-profesores-que-consiguieron-el-respeto-automatico-de-sus-estudiantes-con-sus-acciones\\\/\",\"name\":\"Historias de profesores que consiguieron el respeto autom\u00e1tico de sus estudiantes con sus acciones - 2026\",\"isPartOf\":{\"@id\":\"https:\\\/\\\/webdelmaestrocmf.com\\\/portal\\\/#website\"},\"primaryImageOfPage\":{\"@id\":\"https:\\\/\\\/webdelmaestrocmf.com\\\/portal\\\/historias-de-profesores-que-consiguieron-el-respeto-automatico-de-sus-estudiantes-con-sus-acciones\\\/#primaryimage\"},\"image\":{\"@id\":\"https:\\\/\\\/webdelmaestrocmf.com\\\/portal\\\/historias-de-profesores-que-consiguieron-el-respeto-automatico-de-sus-estudiantes-con-sus-acciones\\\/#primaryimage\"},\"thumbnailUrl\":\"https:\\\/\\\/webdelmaestrocmf.com\\\/portal\\\/wp-content\\\/uploads\\\/2022\\\/02\\\/1acb-1.jpg\",\"datePublished\":\"2022-08-06T23:27:01+00:00\",\"dateModified\":\"2022-08-07T02:44:32+00:00\",\"description\":\"Comunidad de Maestros, Docentes y Profesores, en donde encontrar\u00e1s material, informaci\u00f3n y noticias del \u00e1mbito nacional y mundial.\",\"breadcrumb\":{\"@id\":\"https:\\\/\\\/webdelmaestrocmf.com\\\/portal\\\/historias-de-profesores-que-consiguieron-el-respeto-automatico-de-sus-estudiantes-con-sus-acciones\\\/#breadcrumb\"},\"inLanguage\":\"es\",\"potentialAction\":[{\"@type\":\"ReadAction\",\"target\":[\"https:\\\/\\\/webdelmaestrocmf.com\\\/portal\\\/historias-de-profesores-que-consiguieron-el-respeto-automatico-de-sus-estudiantes-con-sus-acciones\\\/\"]}]},{\"@type\":\"ImageObject\",\"inLanguage\":\"es\",\"@id\":\"https:\\\/\\\/webdelmaestrocmf.com\\\/portal\\\/historias-de-profesores-que-consiguieron-el-respeto-automatico-de-sus-estudiantes-con-sus-acciones\\\/#primaryimage\",\"url\":\"https:\\\/\\\/webdelmaestrocmf.com\\\/portal\\\/wp-content\\\/uploads\\\/2022\\\/02\\\/1acb-1.jpg\",\"contentUrl\":\"https:\\\/\\\/webdelmaestrocmf.com\\\/portal\\\/wp-content\\\/uploads\\\/2022\\\/02\\\/1acb-1.jpg\",\"width\":1100,\"height\":680},{\"@type\":\"BreadcrumbList\",\"@id\":\"https:\\\/\\\/webdelmaestrocmf.com\\\/portal\\\/historias-de-profesores-que-consiguieron-el-respeto-automatico-de-sus-estudiantes-con-sus-acciones\\\/#breadcrumb\",\"itemListElement\":[{\"@type\":\"ListItem\",\"position\":1,\"name\":\"Portada\",\"item\":\"https:\\\/\\\/webdelmaestrocmf.com\\\/portal\\\/\"},{\"@type\":\"ListItem\",\"position\":2,\"name\":\"Recursos\",\"item\":\"https:\\\/\\\/webdelmaestrocmf.com\\\/portal\\\/category\\\/pedagogia\\\/\"},{\"@type\":\"ListItem\",\"position\":3,\"name\":\"Historias de profesores que consiguieron el respeto autom\u00e1tico de sus estudiantes con sus acciones\"}]},{\"@type\":\"WebSite\",\"@id\":\"https:\\\/\\\/webdelmaestrocmf.com\\\/portal\\\/#website\",\"url\":\"https:\\\/\\\/webdelmaestrocmf.com\\\/portal\\\/\",\"name\":\"Web del Maestro CMF\",\"description\":\"Maestros al servicio de la educaci\u00f3n\",\"publisher\":{\"@id\":\"https:\\\/\\\/webdelmaestrocmf.com\\\/portal\\\/#organization\"},\"alternateName\":\"WMCMF\",\"potentialAction\":[{\"@type\":\"SearchAction\",\"target\":{\"@type\":\"EntryPoint\",\"urlTemplate\":\"https:\\\/\\\/webdelmaestrocmf.com\\\/portal\\\/?s={search_term_string}\"},\"query-input\":{\"@type\":\"PropertyValueSpecification\",\"valueRequired\":true,\"valueName\":\"search_term_string\"}}],\"inLanguage\":\"es\"},{\"@type\":\"Organization\",\"@id\":\"https:\\\/\\\/webdelmaestrocmf.com\\\/portal\\\/#organization\",\"name\":\"Web del Maestro CMF\",\"alternateName\":\"WMCMF\",\"url\":\"https:\\\/\\\/webdelmaestrocmf.com\\\/portal\\\/\",\"logo\":{\"@type\":\"ImageObject\",\"inLanguage\":\"es\",\"@id\":\"https:\\\/\\\/webdelmaestrocmf.com\\\/portal\\\/#\\\/schema\\\/logo\\\/image\\\/\",\"url\":\"https:\\\/\\\/webdelmaestrocmf.com\\\/portal\\\/wp-content\\\/uploads\\\/2023\\\/01\\\/logo-wmcmf-2.png\",\"contentUrl\":\"https:\\\/\\\/webdelmaestrocmf.com\\\/portal\\\/wp-content\\\/uploads\\\/2023\\\/01\\\/logo-wmcmf-2.png\",\"width\":200,\"height\":60,\"caption\":\"Web del Maestro CMF\"},\"image\":{\"@id\":\"https:\\\/\\\/webdelmaestrocmf.com\\\/portal\\\/#\\\/schema\\\/logo\\\/image\\\/\"},\"sameAs\":[\"https:\\\/\\\/www.facebook.com\\\/WebdelMaestroCMF\\\/\",\"https:\\\/\\\/x.com\\\/cmf_w\",\"https:\\\/\\\/www.pinterest.com\\\/WMCMF\\\/\",\"https:\\\/\\\/www.linkedin.com\\\/company\\\/web-del-maestro-cmf\\\/\",\"https:\\\/\\\/www.instagram.com\\\/wmcmf\\\/\",\"https:\\\/\\\/www.youtube.com\\\/channel\\\/UCDPSvjbdodE5sHnC3OxutHw\",\"https:\\\/\\\/mastodon.social\\\/@wmcmf\",\"https:\\\/\\\/www.tiktok.com\\\/@webdelmaestrocmf\"]},{\"@type\":\"Person\",\"@id\":\"https:\\\/\\\/webdelmaestrocmf.com\\\/portal\\\/#\\\/schema\\\/person\\\/1072a2ed7bd960df8ef99a551fa35dc5\",\"name\":\"Web del Maestro CMF\",\"image\":{\"@type\":\"ImageObject\",\"inLanguage\":\"es\",\"@id\":\"https:\\\/\\\/secure.gravatar.com\\\/avatar\\\/23291dd5b5ae1077dcff3dbb04c3e02bd28403fa75af6d8787d5e97c5bbbe30b?s=96&d=mm&r=g\",\"url\":\"https:\\\/\\\/secure.gravatar.com\\\/avatar\\\/23291dd5b5ae1077dcff3dbb04c3e02bd28403fa75af6d8787d5e97c5bbbe30b?s=96&d=mm&r=g\",\"contentUrl\":\"https:\\\/\\\/secure.gravatar.com\\\/avatar\\\/23291dd5b5ae1077dcff3dbb04c3e02bd28403fa75af6d8787d5e97c5bbbe30b?s=96&d=mm&r=g\",\"caption\":\"Web del Maestro CMF\"},\"description\":\"Esta Web se cre\u00f3 sin fines de lucro, con fines educativos, cient\u00edficos y acad\u00e9micos, para personas que tengan dificultades y\\\/o inconvenientes en visualizar el material original. El objetivo es entregar recursos, compartir experiencias y materiales que ayuden a los padres de familia, maestros y estudiantes en su actualizaci\u00f3n y formaci\u00f3n permanente, en bien de la Educaci\u00f3n.\",\"sameAs\":[\"http:\\\/\\\/webdelmaestrocmf.com\\\/portal\",\"https:\\\/\\\/www.facebook.com\\\/WebdelMaestroCMF\\\/\",\"https:\\\/\\\/www.instagram.com\\\/wmcmf\\\/\",\"https:\\\/\\\/cl.linkedin.com\\\/company\\\/web-del-maestro-cmf\",\"https:\\\/\\\/www.pinterest.com\\\/WMCMF\\\/publicaciones\\\/\",\"https:\\\/\\\/x.com\\\/cmf_w\",\"https:\\\/\\\/www.youtube.com\\\/@WMCMF\"]}]}<\/script>\n<!-- \/ Yoast SEO plugin. -->","yoast_head_json":{"title":"Historias de profesores que consiguieron el respeto autom\u00e1tico de sus estudiantes con sus acciones - 2026","description":"Comunidad de Maestros, Docentes y Profesores, en donde encontrar\u00e1s material, informaci\u00f3n y noticias del \u00e1mbito nacional y mundial.","robots":{"index":"index","follow":"follow","max-snippet":"max-snippet:-1","max-image-preview":"max-image-preview:large","max-video-preview":"max-video-preview:-1"},"canonical":"https:\/\/webdelmaestrocmf.com\/portal\/historias-de-profesores-que-consiguieron-el-respeto-automatico-de-sus-estudiantes-con-sus-acciones\/","og_locale":"es_ES","og_type":"article","og_title":"Historias de profesores que consiguieron el respeto autom\u00e1tico de sus estudiantes con sus acciones - 2026","og_description":"Comunidad de Maestros, Docentes y Profesores, en donde encontrar\u00e1s material, informaci\u00f3n y noticias del \u00e1mbito nacional y mundial.","og_url":"https:\/\/webdelmaestrocmf.com\/portal\/historias-de-profesores-que-consiguieron-el-respeto-automatico-de-sus-estudiantes-con-sus-acciones\/","og_site_name":"Web del Maestro CMF","article_publisher":"https:\/\/www.facebook.com\/WebdelMaestroCMF\/","article_author":"https:\/\/www.facebook.com\/WebdelMaestroCMF\/","article_published_time":"2022-08-06T23:27:01+00:00","article_modified_time":"2022-08-07T02:44:32+00:00","og_image":[{"width":1100,"height":680,"url":"https:\/\/i0.wp.com\/webdelmaestrocmf.com\/portal\/wp-content\/uploads\/2022\/02\/1acb-1.jpg?fit=1100%2C680&ssl=1","type":"image\/jpeg"}],"author":"Web del Maestro CMF","twitter_card":"summary_large_image","twitter_creator":"@cmf_w","twitter_site":"@cmf_w","schema":{"@context":"https:\/\/schema.org","@graph":[{"@type":"ScholarlyArticle","@id":"https:\/\/webdelmaestrocmf.com\/portal\/historias-de-profesores-que-consiguieron-el-respeto-automatico-de-sus-estudiantes-con-sus-acciones\/#article","isPartOf":{"@id":"https:\/\/webdelmaestrocmf.com\/portal\/historias-de-profesores-que-consiguieron-el-respeto-automatico-de-sus-estudiantes-con-sus-acciones\/"},"author":{"name":"Web del Maestro CMF","@id":"https:\/\/webdelmaestrocmf.com\/portal\/#\/schema\/person\/1072a2ed7bd960df8ef99a551fa35dc5"},"headline":"Historias de profesores que consiguieron el respeto autom\u00e1tico de sus estudiantes con sus acciones","datePublished":"2022-08-06T23:27:01+00:00","dateModified":"2022-08-07T02:44:32+00:00","mainEntityOfPage":{"@id":"https:\/\/webdelmaestrocmf.com\/portal\/historias-de-profesores-que-consiguieron-el-respeto-automatico-de-sus-estudiantes-con-sus-acciones\/"},"wordCount":1962,"commentCount":0,"publisher":{"@id":"https:\/\/webdelmaestrocmf.com\/portal\/#organization"},"image":{"@id":"https:\/\/webdelmaestrocmf.com\/portal\/historias-de-profesores-que-consiguieron-el-respeto-automatico-de-sus-estudiantes-con-sus-acciones\/#primaryimage"},"thumbnailUrl":"https:\/\/webdelmaestrocmf.com\/portal\/wp-content\/uploads\/2022\/02\/1acb-1.jpg","keywords":["ACCIONES","autom\u00e1tico","consiguieron","estudiantes","HISTORIAS","profesores","RESPETO"],"articleSection":["Noticias","Recursos"],"inLanguage":"es","potentialAction":[{"@type":"CommentAction","name":"Comment","target":["https:\/\/webdelmaestrocmf.com\/portal\/historias-de-profesores-que-consiguieron-el-respeto-automatico-de-sus-estudiantes-con-sus-acciones\/#respond"]}]},{"@type":"WebPage","@id":"https:\/\/webdelmaestrocmf.com\/portal\/historias-de-profesores-que-consiguieron-el-respeto-automatico-de-sus-estudiantes-con-sus-acciones\/","url":"https:\/\/webdelmaestrocmf.com\/portal\/historias-de-profesores-que-consiguieron-el-respeto-automatico-de-sus-estudiantes-con-sus-acciones\/","name":"Historias de profesores que consiguieron el respeto autom\u00e1tico de sus estudiantes con sus acciones - 2026","isPartOf":{"@id":"https:\/\/webdelmaestrocmf.com\/portal\/#website"},"primaryImageOfPage":{"@id":"https:\/\/webdelmaestrocmf.com\/portal\/historias-de-profesores-que-consiguieron-el-respeto-automatico-de-sus-estudiantes-con-sus-acciones\/#primaryimage"},"image":{"@id":"https:\/\/webdelmaestrocmf.com\/portal\/historias-de-profesores-que-consiguieron-el-respeto-automatico-de-sus-estudiantes-con-sus-acciones\/#primaryimage"},"thumbnailUrl":"https:\/\/webdelmaestrocmf.com\/portal\/wp-content\/uploads\/2022\/02\/1acb-1.jpg","datePublished":"2022-08-06T23:27:01+00:00","dateModified":"2022-08-07T02:44:32+00:00","description":"Comunidad de Maestros, Docentes y Profesores, en donde encontrar\u00e1s material, informaci\u00f3n y noticias del \u00e1mbito nacional y mundial.","breadcrumb":{"@id":"https:\/\/webdelmaestrocmf.com\/portal\/historias-de-profesores-que-consiguieron-el-respeto-automatico-de-sus-estudiantes-con-sus-acciones\/#breadcrumb"},"inLanguage":"es","potentialAction":[{"@type":"ReadAction","target":["https:\/\/webdelmaestrocmf.com\/portal\/historias-de-profesores-que-consiguieron-el-respeto-automatico-de-sus-estudiantes-con-sus-acciones\/"]}]},{"@type":"ImageObject","inLanguage":"es","@id":"https:\/\/webdelmaestrocmf.com\/portal\/historias-de-profesores-que-consiguieron-el-respeto-automatico-de-sus-estudiantes-con-sus-acciones\/#primaryimage","url":"https:\/\/webdelmaestrocmf.com\/portal\/wp-content\/uploads\/2022\/02\/1acb-1.jpg","contentUrl":"https:\/\/webdelmaestrocmf.com\/portal\/wp-content\/uploads\/2022\/02\/1acb-1.jpg","width":1100,"height":680},{"@type":"BreadcrumbList","@id":"https:\/\/webdelmaestrocmf.com\/portal\/historias-de-profesores-que-consiguieron-el-respeto-automatico-de-sus-estudiantes-con-sus-acciones\/#breadcrumb","itemListElement":[{"@type":"ListItem","position":1,"name":"Portada","item":"https:\/\/webdelmaestrocmf.com\/portal\/"},{"@type":"ListItem","position":2,"name":"Recursos","item":"https:\/\/webdelmaestrocmf.com\/portal\/category\/pedagogia\/"},{"@type":"ListItem","position":3,"name":"Historias de profesores que consiguieron el respeto autom\u00e1tico de sus estudiantes con sus acciones"}]},{"@type":"WebSite","@id":"https:\/\/webdelmaestrocmf.com\/portal\/#website","url":"https:\/\/webdelmaestrocmf.com\/portal\/","name":"Web del Maestro CMF","description":"Maestros al servicio de la educaci\u00f3n","publisher":{"@id":"https:\/\/webdelmaestrocmf.com\/portal\/#organization"},"alternateName":"WMCMF","potentialAction":[{"@type":"SearchAction","target":{"@type":"EntryPoint","urlTemplate":"https:\/\/webdelmaestrocmf.com\/portal\/?s={search_term_string}"},"query-input":{"@type":"PropertyValueSpecification","valueRequired":true,"valueName":"search_term_string"}}],"inLanguage":"es"},{"@type":"Organization","@id":"https:\/\/webdelmaestrocmf.com\/portal\/#organization","name":"Web del Maestro CMF","alternateName":"WMCMF","url":"https:\/\/webdelmaestrocmf.com\/portal\/","logo":{"@type":"ImageObject","inLanguage":"es","@id":"https:\/\/webdelmaestrocmf.com\/portal\/#\/schema\/logo\/image\/","url":"https:\/\/webdelmaestrocmf.com\/portal\/wp-content\/uploads\/2023\/01\/logo-wmcmf-2.png","contentUrl":"https:\/\/webdelmaestrocmf.com\/portal\/wp-content\/uploads\/2023\/01\/logo-wmcmf-2.png","width":200,"height":60,"caption":"Web del Maestro CMF"},"image":{"@id":"https:\/\/webdelmaestrocmf.com\/portal\/#\/schema\/logo\/image\/"},"sameAs":["https:\/\/www.facebook.com\/WebdelMaestroCMF\/","https:\/\/x.com\/cmf_w","https:\/\/www.pinterest.com\/WMCMF\/","https:\/\/www.linkedin.com\/company\/web-del-maestro-cmf\/","https:\/\/www.instagram.com\/wmcmf\/","https:\/\/www.youtube.com\/channel\/UCDPSvjbdodE5sHnC3OxutHw","https:\/\/mastodon.social\/@wmcmf","https:\/\/www.tiktok.com\/@webdelmaestrocmf"]},{"@type":"Person","@id":"https:\/\/webdelmaestrocmf.com\/portal\/#\/schema\/person\/1072a2ed7bd960df8ef99a551fa35dc5","name":"Web del Maestro CMF","image":{"@type":"ImageObject","inLanguage":"es","@id":"https:\/\/secure.gravatar.com\/avatar\/23291dd5b5ae1077dcff3dbb04c3e02bd28403fa75af6d8787d5e97c5bbbe30b?s=96&d=mm&r=g","url":"https:\/\/secure.gravatar.com\/avatar\/23291dd5b5ae1077dcff3dbb04c3e02bd28403fa75af6d8787d5e97c5bbbe30b?s=96&d=mm&r=g","contentUrl":"https:\/\/secure.gravatar.com\/avatar\/23291dd5b5ae1077dcff3dbb04c3e02bd28403fa75af6d8787d5e97c5bbbe30b?s=96&d=mm&r=g","caption":"Web del Maestro CMF"},"description":"Esta Web se cre\u00f3 sin fines de lucro, con fines educativos, cient\u00edficos y acad\u00e9micos, para personas que tengan dificultades y\/o inconvenientes en visualizar el material original. El objetivo es entregar recursos, compartir experiencias y materiales que ayuden a los padres de familia, maestros y estudiantes en su actualizaci\u00f3n y formaci\u00f3n permanente, en bien de la Educaci\u00f3n.","sameAs":["http:\/\/webdelmaestrocmf.com\/portal","https:\/\/www.facebook.com\/WebdelMaestroCMF\/","https:\/\/www.instagram.com\/wmcmf\/","https:\/\/cl.linkedin.com\/company\/web-del-maestro-cmf","https:\/\/www.pinterest.com\/WMCMF\/publicaciones\/","https:\/\/x.com\/cmf_w","https:\/\/www.youtube.com\/@WMCMF"]}]}},"jetpack_featured_media_url":"https:\/\/webdelmaestrocmf.com\/portal\/wp-content\/uploads\/2022\/02\/1acb-1.jpg","jetpack_sharing_enabled":true,"jetpack-related-posts":[{"id":114677,"url":"https:\/\/webdelmaestrocmf.com\/portal\/profesora-manda-un-contundente-mensaje-a-los-padres-de-familia-cuantas-cosas-mas-debemos-aguantar-los-profesores-y-profesoras\/","url_meta":{"origin":74440,"position":0},"title":"Profesora manda un contundente mensaje a los padres de familia: \u00ab\u00bfCu\u00e1ntas cosas m\u00e1s debemos aguantar los profesores y profesoras?\u00bb","author":"Web del Maestro CMF","date":"1 abril, 2026","format":false,"excerpt":"Docentes enfrentan acoso y amenazas de adultos, no de estudiantes. Ense\u00f1ar exige respeto, l\u00edmites claros y protecci\u00f3n real a la profesi\u00f3n.","rel":"","context":"En \u00abNoticias Internacionales\u00bb","block_context":{"text":"Noticias Internacionales","link":"https:\/\/webdelmaestrocmf.com\/portal\/category\/noticias-internacionales\/"},"img":{"alt_text":"","src":"https:\/\/i0.wp.com\/webdelmaestrocmf.com\/portal\/wp-content\/uploads\/2026\/01\/1AA-Banner-1-portada-imagen-10-1-copia-6-1.webp?resize=350%2C200&ssl=1","width":350,"height":200,"srcset":"https:\/\/i0.wp.com\/webdelmaestrocmf.com\/portal\/wp-content\/uploads\/2026\/01\/1AA-Banner-1-portada-imagen-10-1-copia-6-1.webp?resize=350%2C200&ssl=1 1x, https:\/\/i0.wp.com\/webdelmaestrocmf.com\/portal\/wp-content\/uploads\/2026\/01\/1AA-Banner-1-portada-imagen-10-1-copia-6-1.webp?resize=525%2C300&ssl=1 1.5x, https:\/\/i0.wp.com\/webdelmaestrocmf.com\/portal\/wp-content\/uploads\/2026\/01\/1AA-Banner-1-portada-imagen-10-1-copia-6-1.webp?resize=700%2C400&ssl=1 2x, https:\/\/i0.wp.com\/webdelmaestrocmf.com\/portal\/wp-content\/uploads\/2026\/01\/1AA-Banner-1-portada-imagen-10-1-copia-6-1.webp?resize=1050%2C600&ssl=1 3x"},"classes":[]},{"id":105881,"url":"https:\/\/webdelmaestrocmf.com\/portal\/corazon-de-nino-una-pelicula-imprescindible-para-docentes\/","url_meta":{"origin":74440,"position":1},"title":"Coraz\u00f3n de Ni\u00f1o: una pel\u00edcula imprescindible para Docentes","author":"Web del Maestro CMF","date":"5 junio, 2024","format":false,"excerpt":"Coraz\u00f3n de Ni\u00f1o, la pel\u00edcula mexicana de 1963 dirigida por Julio Bracho y protagonizada por Ignacio L\u00f3pez Tarso, es una obra maestra del cine latinoamericano que ofrece valiosas lecciones para alumnos, padres y profesores. Basada en la novela \"Cuore\" de Edmondo De Amicis, la cinta narra la historia de un\u2026","rel":"","context":"En \u00abPel\u00edculas\u00bb","block_context":{"text":"Pel\u00edculas","link":"https:\/\/webdelmaestrocmf.com\/portal\/category\/pedagogia\/peliculas\/"},"img":{"alt_text":"","src":"https:\/\/i0.wp.com\/webdelmaestrocmf.com\/portal\/wp-content\/uploads\/2024\/06\/Banner-1-portada-imagen-10-1-2024-06-05T201218.024.jpg?resize=350%2C200&ssl=1","width":350,"height":200,"srcset":"https:\/\/i0.wp.com\/webdelmaestrocmf.com\/portal\/wp-content\/uploads\/2024\/06\/Banner-1-portada-imagen-10-1-2024-06-05T201218.024.jpg?resize=350%2C200&ssl=1 1x, https:\/\/i0.wp.com\/webdelmaestrocmf.com\/portal\/wp-content\/uploads\/2024\/06\/Banner-1-portada-imagen-10-1-2024-06-05T201218.024.jpg?resize=525%2C300&ssl=1 1.5x, https:\/\/i0.wp.com\/webdelmaestrocmf.com\/portal\/wp-content\/uploads\/2024\/06\/Banner-1-portada-imagen-10-1-2024-06-05T201218.024.jpg?resize=700%2C400&ssl=1 2x"},"classes":[]},{"id":103215,"url":"https:\/\/webdelmaestrocmf.com\/portal\/frases-de-alumnos-que-afectan-al-docente\/","url_meta":{"origin":74440,"position":2},"title":"Actitudes negativas de alumnos que afectan al docente","author":"Web del Maestro CMF","date":"29 enero, 2024","format":false,"excerpt":"La relaci\u00f3n entre los alumnos y los profesores es fundamental para el \u00e9xito de la educaci\u00f3n. Cuando los alumnos y los profesores se respetan mutuamente, es m\u00e1s probable que se produzca un aprendizaje efectivo. Sin embargo, hay ciertas frases o actitudes de algunos alumnos que pueden causar una mala impresi\u00f3n\u2026","rel":"","context":"En \u00abEstudiantes\u00bb","block_context":{"text":"Estudiantes","link":"https:\/\/webdelmaestrocmf.com\/portal\/category\/pedagogia\/estudiantes\/"},"img":{"alt_text":"","src":"https:\/\/i0.wp.com\/webdelmaestrocmf.com\/portal\/wp-content\/uploads\/2024\/01\/Banner-1-portada-imagen-10-25.jpg?resize=350%2C200&ssl=1","width":350,"height":200,"srcset":"https:\/\/i0.wp.com\/webdelmaestrocmf.com\/portal\/wp-content\/uploads\/2024\/01\/Banner-1-portada-imagen-10-25.jpg?resize=350%2C200&ssl=1 1x, https:\/\/i0.wp.com\/webdelmaestrocmf.com\/portal\/wp-content\/uploads\/2024\/01\/Banner-1-portada-imagen-10-25.jpg?resize=525%2C300&ssl=1 1.5x, https:\/\/i0.wp.com\/webdelmaestrocmf.com\/portal\/wp-content\/uploads\/2024\/01\/Banner-1-portada-imagen-10-25.jpg?resize=700%2C400&ssl=1 2x"},"classes":[]},{"id":112229,"url":"https:\/\/webdelmaestrocmf.com\/portal\/el-respeto-se-perdio-que-ocurre-con-la-autoridad-y-el-comportamiento-de-los-alumnos\/","url_meta":{"origin":74440,"position":3},"title":"El respeto se perdi\u00f3: \u00bfQu\u00e9 ocurre con la autoridad y el comportamiento de los alumnos?","author":"Web del Maestro CMF","date":"31 marzo, 2026","format":false,"excerpt":"El respeto en la escuela se erosiona: antes los alumnos tem\u00edan faltar al maestro, hoy lo desaf\u00edan sin reparo, generando violencia.","rel":"","context":"En \u00abRecursos\u00bb","block_context":{"text":"Recursos","link":"https:\/\/webdelmaestrocmf.com\/portal\/category\/pedagogia\/"},"img":{"alt_text":"","src":"https:\/\/i0.wp.com\/webdelmaestrocmf.com\/portal\/wp-content\/uploads\/2025\/09\/1A-Banner-1-portada-imagen-10-1-copia-1-2.webp?resize=350%2C200&ssl=1","width":350,"height":200,"srcset":"https:\/\/i0.wp.com\/webdelmaestrocmf.com\/portal\/wp-content\/uploads\/2025\/09\/1A-Banner-1-portada-imagen-10-1-copia-1-2.webp?resize=350%2C200&ssl=1 1x, https:\/\/i0.wp.com\/webdelmaestrocmf.com\/portal\/wp-content\/uploads\/2025\/09\/1A-Banner-1-portada-imagen-10-1-copia-1-2.webp?resize=525%2C300&ssl=1 1.5x, https:\/\/i0.wp.com\/webdelmaestrocmf.com\/portal\/wp-content\/uploads\/2025\/09\/1A-Banner-1-portada-imagen-10-1-copia-1-2.webp?resize=700%2C400&ssl=1 2x"},"classes":[]},{"id":113885,"url":"https:\/\/webdelmaestrocmf.com\/portal\/la-denuncia-de-una-profesora-en-tiktok-reabre-un-debate-urgente-el-respeto-perdido-en-las-aulas\/","url_meta":{"origin":74440,"position":4},"title":"Profesora denuncia la falta de respeto en las aulas: \u201cNo hay manera de hablar, no escuchan\u201d","author":"Web del Maestro CMF","date":"8 diciembre, 2025","format":false,"excerpt":"Una profesora expone en TikTok el desgaste docente y la falta de respeto en las aulas, desatando un debate urgente sobre la convivencia escolar.","rel":"","context":"En \u00abNoticias Internacionales\u00bb","block_context":{"text":"Noticias Internacionales","link":"https:\/\/webdelmaestrocmf.com\/portal\/category\/noticias-internacionales\/"},"img":{"alt_text":"","src":"https:\/\/i0.wp.com\/webdelmaestrocmf.com\/portal\/wp-content\/uploads\/2025\/12\/1A-Banner-1-portada-imagen-10-1-copia-9.webp?resize=350%2C200&ssl=1","width":350,"height":200,"srcset":"https:\/\/i0.wp.com\/webdelmaestrocmf.com\/portal\/wp-content\/uploads\/2025\/12\/1A-Banner-1-portada-imagen-10-1-copia-9.webp?resize=350%2C200&ssl=1 1x, https:\/\/i0.wp.com\/webdelmaestrocmf.com\/portal\/wp-content\/uploads\/2025\/12\/1A-Banner-1-portada-imagen-10-1-copia-9.webp?resize=525%2C300&ssl=1 1.5x, https:\/\/i0.wp.com\/webdelmaestrocmf.com\/portal\/wp-content\/uploads\/2025\/12\/1A-Banner-1-portada-imagen-10-1-copia-9.webp?resize=700%2C400&ssl=1 2x"},"classes":[]},{"id":111228,"url":"https:\/\/webdelmaestrocmf.com\/portal\/delincuentes-le-roban-todas-sus-pertenencias-a-una-profesora-pero-le-devuelven-las-evaluaciones-de-sus-alumnos-con-una-frase-ironica\/","url_meta":{"origin":74440,"position":5},"title":"Delincuentes le roban todas sus pertenencias a una profesora, pero le devuelven las evaluaciones de sus alumnos con una frase ir\u00f3nica","author":"Web del Maestro CMF","date":"15 julio, 2025","format":false,"excerpt":"Una profesora de ingl\u00e9s fue v\u00edctima de un robo, pero lo ins\u00f3lito ocurri\u00f3 despu\u00e9s: los delincuentes le devolvieron las evaluaciones de sus alumnos acompa\u00f1adas de un mensaje ir\u00f3nico que dec\u00eda \u201cUn siete para todos\u201d y su versi\u00f3n en ingl\u00e9s","rel":"","context":"En \u00abNoticias Internacionales\u00bb","block_context":{"text":"Noticias Internacionales","link":"https:\/\/webdelmaestrocmf.com\/portal\/category\/noticias-internacionales\/"},"img":{"alt_text":"","src":"https:\/\/i0.wp.com\/webdelmaestrocmf.com\/portal\/wp-content\/uploads\/2025\/07\/1A-Banner-1-portada-imagen-10-1-copia-51.webp?resize=350%2C200&ssl=1","width":350,"height":200,"srcset":"https:\/\/i0.wp.com\/webdelmaestrocmf.com\/portal\/wp-content\/uploads\/2025\/07\/1A-Banner-1-portada-imagen-10-1-copia-51.webp?resize=350%2C200&ssl=1 1x, https:\/\/i0.wp.com\/webdelmaestrocmf.com\/portal\/wp-content\/uploads\/2025\/07\/1A-Banner-1-portada-imagen-10-1-copia-51.webp?resize=525%2C300&ssl=1 1.5x, https:\/\/i0.wp.com\/webdelmaestrocmf.com\/portal\/wp-content\/uploads\/2025\/07\/1A-Banner-1-portada-imagen-10-1-copia-51.webp?resize=700%2C400&ssl=1 2x"},"classes":[]}],"_links":{"self":[{"href":"https:\/\/webdelmaestrocmf.com\/portal\/wp-json\/wp\/v2\/posts\/74440","targetHints":{"allow":["GET"]}}],"collection":[{"href":"https:\/\/webdelmaestrocmf.com\/portal\/wp-json\/wp\/v2\/posts"}],"about":[{"href":"https:\/\/webdelmaestrocmf.com\/portal\/wp-json\/wp\/v2\/types\/post"}],"author":[{"embeddable":true,"href":"https:\/\/webdelmaestrocmf.com\/portal\/wp-json\/wp\/v2\/users\/1"}],"replies":[{"embeddable":true,"href":"https:\/\/webdelmaestrocmf.com\/portal\/wp-json\/wp\/v2\/comments?post=74440"}],"version-history":[{"count":0,"href":"https:\/\/webdelmaestrocmf.com\/portal\/wp-json\/wp\/v2\/posts\/74440\/revisions"}],"wp:featuredmedia":[{"embeddable":true,"href":"https:\/\/webdelmaestrocmf.com\/portal\/wp-json\/wp\/v2\/media\/74444"}],"wp:attachment":[{"href":"https:\/\/webdelmaestrocmf.com\/portal\/wp-json\/wp\/v2\/media?parent=74440"}],"wp:term":[{"taxonomy":"category","embeddable":true,"href":"https:\/\/webdelmaestrocmf.com\/portal\/wp-json\/wp\/v2\/categories?post=74440"},{"taxonomy":"post_tag","embeddable":true,"href":"https:\/\/webdelmaestrocmf.com\/portal\/wp-json\/wp\/v2\/tags?post=74440"}],"curies":[{"name":"wp","href":"https:\/\/api.w.org\/{rel}","templated":true}]}}