{"id":73901,"date":"2022-05-10T09:00:54","date_gmt":"2022-05-10T13:00:54","guid":{"rendered":"https:\/\/webdelmaestrocmf.com\/portal\/?p=73901"},"modified":"2023-06-20T23:22:54","modified_gmt":"2023-06-21T03:22:54","slug":"soy-docente-como-cuidar-mi-voz-para-prevenir-problemas-serios","status":"publish","type":"post","link":"https:\/\/webdelmaestrocmf.com\/portal\/soy-docente-como-cuidar-mi-voz-para-prevenir-problemas-serios\/","title":{"rendered":"Soy docente, \u00bfc\u00f3mo cuidar mi voz para prevenir problemas serios?"},"content":{"rendered":"<h5 style=\"text-align: justify;\">Especialistas del Hospital de Manises han elaborado un cat\u00e1logo con algunos consejos para cuidar la voz. Se debe prescindir de elementos irritantes para la garganta como la tiza. Se aconseja no recurrir a caramelos de menta, mentol o eucalipto que resecan mucho la garganta.<\/h5>\n<p><!--more--><\/p>\n<h5 style=\"text-align: justify;\">En la mayor\u00eda de los casos no somos conscientes de que la voz tiene una capacidad limitada de uso y de que hablar mucho, mal, gritar o fumar, entre otras muchas cosas, pueden hacer que suframos alguna patolog\u00eda. Seg\u00fan un estudio realizado por la Sociedad Espa\u00f1ola de Otorrinolaringolog\u00eda sobre Patolog\u00edas de la Voz, los maestros y profesores son el sector m\u00e1s vulnerable y, por lo tanto, uno de los que m\u00e1s trastornos sufren y m\u00e1s acuden a los especialistas m\u00e9dicos de la voz.<\/h5>\n<p style=\"text-align: justify;\">Por ello, en este mes, con el inicio del curso escolar, muchos profesores temen c\u00f3mo afrontar las numerosas clases en las que tienen que conseguir ser escuchados, sin quedarse sin voz en el intento. Los profesionales de la Unidad de Voz del Hospital de Manises han preparado un dec\u00e1logo con algunos consejos para que, tanto los maestros como el resto de la poblaci\u00f3n, puedan seguirlos y evitar as\u00ed la mayor\u00eda de problemas que se producen en nuestra voz.<\/p>\n<ol style=\"text-align: justify;\">\n<li><strong>No hablar en ambientes ruidosos.<\/strong>\u00a0Lo ideal es que el ambiente en clase sea lo menos ruidoso posible, pero, en el caso de que sea inevitable, se deben buscar otras soluciones. La doctora Mar\u00eda Virginia Barrios, miembro de la Unidad de Voz del Hospital de Manises, propone por ejemplo, \u201carticular m\u00e1s de lo habitual, hablar claro y lento y as\u00ed se evita repetir. En cualquier caso, no se deber\u00eda hablar en un ambiente donde se superen los 85 dBs\u201d.<\/li>\n<li><strong>No fumar.<\/strong>\u00a0El tabaco es un factor irritante para la laringe. El humo del tabaco reseca las cuerdas vocales lo que produce una inflamaci\u00f3n de las mismas. Esta inflamaci\u00f3n no permite que las cuerdas vocales se junten correctamente y esto hace que cada vez se irriten m\u00e1s. \u201cEl humo pasa entre las cuerdas vocales y predispone para que aparezcan lesiones como edemas o p\u00f3lipos. Adem\u00e1s, es la principal causa de c\u00e1ncer de laringe\u201d, aclara la doctora Barrios.<\/li>\n<li><strong>No chillar ni hablar gritando<\/strong>\u00a0puesto que es un comportamiento de esfuerzo vocal. La doctora del Hospital de Manises explica que \u201csobre todo las personas que utilizan mucho la voz en el d\u00eda a d\u00eda, como los profesores, deben acomodar su uso a sus posibilidades reales para evitar esas situaciones\u201d.<\/li>\n<li><strong>No hablar en exceso<\/strong>\u00a0porque es un comportamiento de abuso vocal. Es cierto que en muchas ocasiones es inevitable ya que el docente debe dar muchas horas de clase seguidas. Sin embargo, es bueno tener unos dos o tres periodos de descanso de 15-20 minutos al d\u00eda o limitar las llamadas telef\u00f3nicas los d\u00edas de trabajo. En general, se debe intentar no hablar m\u00e1s de cuatro horas seguidas, aunque en muchos casos sea misi\u00f3n imposible. Al igual que todos los dem\u00e1s m\u00fasculos de la econom\u00eda corporal, las cuerdas vocales son m\u00fasculos que hay que entrenar y calentar para usarlas. Igualmente, al final de su uso profesional hay que realizar ejercicios para estirarlas y relajarlas.<\/li>\n<li><strong>Hidratarse correctamente.<\/strong>\u00a0Los especialistas de la Unidad de Voz del Hospital de Manises advierten que \u201clos profesores, debido al gran esfuerzo vocal que desempe\u00f1an, deben intentar beber m\u00e1s de dos litros de agua diarios para que la mucosa que recubre a las cuerdas vocales est\u00e9 bien hidratada\u201d. Por ejemplo, se pueden usar trucos para hacer como beber siempre que comamos o tener una botella a mano todo el d\u00eda. \u201cAdem\u00e1s, al contrario de lo que se piensa, los caramelos de menta, mentol o eucalipto resecan muchos m\u00e1s la garganta, por lo que se deben evitar siempre que se pueda, ya que su efecto es totalmente contraproducente\u201d, explica la doctora Barrios.<\/li>\n<li><strong>Descansar de forma adecuada.<\/strong>\u00a0La fatiga corporal se refleja en la voz. Los docentes tienen que ser conscientes de que descansar es fundamental para obtener el m\u00e1ximo rendimiento de la voz. Se deben dormir al menos entre siete u ocho horas e ir descansado los d\u00edas que se deba usar la voz.<\/li>\n<li><strong>Respirar bien antes de hablar.\u00a0<\/strong>Se debe intentar respirar bien para hablar e intentar no hacerlo con el aire residual que nos queda, ya que esto provocar\u00e1 sensaci\u00f3n de ahogo y supone un comportamiento de esfuerzo. Es recomendable conocer las distintas t\u00e9cnicas de respiraci\u00f3n para reducir esfuerzos.<\/li>\n<li><strong>Evitar irritantes como el humo o el polvo.\u00a0<\/strong>En este sentido, un elemento altamente nocivo para los profesores es la tiza. Aunque se ha utilizado desde hace a\u00f1os para la docencia, lo cierto es que es muy irritante para la garganta. Por ello es bueno que los profesores intenten usarla lo menos posible y que, si lo hacen, borren la pizarra con un trapo h\u00famedo en vez de un borrador, por ejemplo. De esta forma se puede evitar que el polvillo que desprende sea inhalado.<\/li>\n<li><strong>No carraspear.<\/strong>\u00a0El carraspeo supone un esfuerzo para las cuerdas vocales ya que es un movimiento fuerte y violento. Para poder evitarlo se puede tragar saliva o beber peque\u00f1os sorbos de agua.<\/li>\n<li><strong>\u00a0Realizar controles peri\u00f3dicos de la voz.\u00a0<\/strong>La doctora Barrios, explica que, \u201ctodos los profesionales que usen la voz para su trabajo deben ir de forma peri\u00f3dica al otorrinolaring\u00f3logo, foniatra o logopeda. De esta forma podr\u00e1n mejorar sus capacidades vocales y someterse a un tratamiento en el caso de que detecten que una disfon\u00eda se mantiene m\u00e1s de 15 d\u00edas sin que se deba a un catarro\u201d.<\/li>\n<\/ol>\n<p><img loading=\"lazy\" decoding=\"async\" class=\"alignnone wp-image-73902 size-full\" src=\"https:\/\/webdelmaestrocmf.com\/portal\/wp-content\/uploads\/2022\/02\/1-14.jpg\" alt=\"\" width=\"1100\" height=\"574\" srcset=\"https:\/\/webdelmaestrocmf.com\/portal\/wp-content\/uploads\/2022\/02\/1-14.jpg 1100w, https:\/\/webdelmaestrocmf.com\/portal\/wp-content\/uploads\/2022\/02\/1-14-300x157.jpg 300w, https:\/\/webdelmaestrocmf.com\/portal\/wp-content\/uploads\/2022\/02\/1-14-1024x534.jpg 1024w, https:\/\/webdelmaestrocmf.com\/portal\/wp-content\/uploads\/2022\/02\/1-14-768x401.jpg 768w, https:\/\/webdelmaestrocmf.com\/portal\/wp-content\/uploads\/2022\/02\/1-14-110x57.jpg 110w, https:\/\/webdelmaestrocmf.com\/portal\/wp-content\/uploads\/2022\/02\/1-14-200x104.jpg 200w, https:\/\/webdelmaestrocmf.com\/portal\/wp-content\/uploads\/2022\/02\/1-14-380x198.jpg 380w, https:\/\/webdelmaestrocmf.com\/portal\/wp-content\/uploads\/2022\/02\/1-14-255x133.jpg 255w, https:\/\/webdelmaestrocmf.com\/portal\/wp-content\/uploads\/2022\/02\/1-14-550x287.jpg 550w, https:\/\/webdelmaestrocmf.com\/portal\/wp-content\/uploads\/2022\/02\/1-14-800x417.jpg 800w\" sizes=\"auto, (max-width: 1100px) 100vw, 1100px\" \/><\/p>\n<p style=\"text-align: justify;\">Circuito r\u00e1pido para profesionales de la voz<\/p>\n<p style=\"text-align: justify;\">Las patolog\u00edas relacionadas con la voz suponen una gran incomodidad para las personas que las padecen y es motivo de bajas laborales. El Hospital de Manises dispone de un Circuito R\u00e1pido integrada en la Unidad de Voz para profesionales que trabajan con la voz como maestros, m\u00fasicos y periodistas con el objetivo de diagnosticar lo m\u00e1s pronto posible los s\u00edntomas y patolog\u00edas que puedan tener y que les dificulta su labor diaria.<\/p>\n<p style=\"text-align: justify;\">Formada por m\u00e9dicos otorrinolaring\u00f3logos, rehabilitadores o logopedas, este circuito mejora la calidad y rapidez de la atenci\u00f3n a este tipo de pacientes, evit\u00e1ndole numerosas consultas al m\u00e9dico de familia o la prolongaci\u00f3n de las bajas laborales que pueden ocasionar.<\/p>\n<p><strong>Este contenido ha sido publicado originalmente por Hospital de Manises en la siguiente direcci\u00f3n: <a href=\"http:\/\/hospitalmanises.es\" target=\"_blank\" rel=\"noopener\">hospitalmanises.es<\/a><\/strong><\/p>\n\t\t<div class=\"pk-inline-posts\">\n\t\t\t\n\t\t\t<div class=\"pk-inline-posts-container pk-inline-posts-template-list\"\n\t\t\t\tdata-columns=\"1\">\n\t\t\t\t\t\t<article id=\"post-114350\" class=\"post-114350 post type-post status-publish format-standard has-post-thumbnail category-pedagogia category-salud tag-adolescencia-y-pantallas tag-bienestar-adolescente tag-deficit-de-sueno tag-descanso-escolar tag-educacion-y-salud tag-problemas-de-sueno tag-ritmos-biologicos tag-salud-mental-juvenil tag-sueno-adolescente tag-uso-del-celular cs-entry cs-video-wrap\">\n\t\t\t<div class=\"pk-post-outer\">\n\n\t\t\t\t\t\t\t\t<div class=\"pk-post-inner\">\n\t\t\t\t\t<div class=\"entry-thumbnail\">\n\t\t\t\t\t\t<div class=\"pk-overlay pk-overlay-ratio pk-ratio-landscape\">\n\t\t\t\t\t\t\t<div class=\"pk-overlay-background\">\n\t\t\t\t\t\t\t\t<a href=\"https:\/\/webdelmaestrocmf.com\/portal\/casi-la-mitad-de-los-adolescentes-duermen-mal-y-menos-tiempo-de-lo-que-necesitan\/\" class=\"pk-overlay-link\">\n\t\t\t\t\t\t\t\t\t<img loading=\"lazy\" decoding=\"async\" width=\"300\" height=\"225\" src=\"https:\/\/webdelmaestrocmf.com\/portal\/wp-content\/uploads\/2025\/12\/1A-Banner-1-portada-imagen-10-1-copia-24-300x225.webp\" class=\"attachment-pk-thumbnail size-pk-thumbnail wp-post-image\" alt=\"\" \/>\t\t\t\t\t\t\t\t<\/a>\n\t\t\t\t\t\t\t<\/div>\n\t\t\t\t\t\t<\/div>\n\t\t\t\t\t<\/div>\n\t\t\t\t<\/div>\n\t\t\t\t\n\t\t\t\t<div class=\"pk-post-inner\">\n\t\t\t\t\t<header>\n\t\t\t\t\t\t<h3 class=\"pk-title\"><a href=\"https:\/\/webdelmaestrocmf.com\/portal\/casi-la-mitad-de-los-adolescentes-duermen-mal-y-menos-tiempo-de-lo-que-necesitan\/\" rel=\"bookmark\">Casi la mitad de los adolescentes duermen mal y menos tiempo de lo que necesitan<\/a><\/h3>\t\t\t\t\t<\/header><!-- .entry-header -->\n\t\t\t\t<\/div><!-- .post-inner -->\n\n\t\t\t<\/div><!-- .post-outer -->\n\t\t<\/article>\n\t\t\t\t<\/div>\n\t\t<\/div>\n\t\t\n","protected":false},"excerpt":{"rendered":"Especialistas del Hospital de Manises han elaborado un cat\u00e1logo con algunos consejos para cuidar la voz. Se debe&hellip;","protected":false},"author":1,"featured_media":73904,"comment_status":"open","ping_status":"closed","sticky":false,"template":"","format":"standard","meta":{"csco_display_header_overlay":false,"csco_singular_sidebar":"default","csco_page_header_type":"default","csco_page_load_nextpost":"default","csco_post_video_location":[],"csco_post_video_location_hash":"","csco_post_video_url":"","csco_post_video_bg_start_time":0,"csco_post_video_bg_end_time":0,"csco_post_video_bg_volume":false,"_jetpack_memberships_contains_paid_content":false,"footnotes":""},"categories":[735,13890],"tags":[2075,52,712,186,3517],"class_list":{"0":"post-73901","1":"post","2":"type-post","3":"status-publish","4":"format-standard","5":"has-post-thumbnail","7":"category-pedagogia","8":"category-salud","9":"tag-cuidar","10":"tag-docente","11":"tag-evitar","12":"tag-problemas","13":"tag-voz","14":"cs-entry","15":"cs-video-wrap"},"yoast_head":"<!-- This site is optimized with the Yoast SEO plugin v27.5 - https:\/\/yoast.com\/product\/yoast-seo-wordpress\/ -->\n<title>Soy docente, \u00bfc\u00f3mo cuidar mi voz para prevenir problemas serios? - 2026<\/title>\n<meta name=\"description\" content=\"En la mayor\u00eda de los casos no somos conscientes de que la voz tiene una capacidad limitada de uso y de que hablar mucho...\" \/>\n<meta name=\"robots\" content=\"index, follow, max-snippet:-1, max-image-preview:large, max-video-preview:-1\" \/>\n<link rel=\"canonical\" href=\"https:\/\/webdelmaestrocmf.com\/portal\/soy-docente-como-cuidar-mi-voz-para-prevenir-problemas-serios\/\" \/>\n<meta property=\"og:locale\" content=\"es_ES\" \/>\n<meta property=\"og:type\" content=\"article\" \/>\n<meta property=\"og:title\" content=\"Soy docente, \u00bfc\u00f3mo cuidar mi voz para prevenir problemas serios? - 2026\" \/>\n<meta property=\"og:description\" content=\"En la mayor\u00eda de los casos no somos conscientes de que la voz tiene una capacidad limitada de uso y de que hablar mucho...\" \/>\n<meta property=\"og:url\" content=\"https:\/\/webdelmaestrocmf.com\/portal\/soy-docente-como-cuidar-mi-voz-para-prevenir-problemas-serios\/\" \/>\n<meta property=\"og:site_name\" content=\"Web del Maestro CMF\" \/>\n<meta property=\"article:publisher\" content=\"https:\/\/www.facebook.com\/WebdelMaestroCMF\/\" \/>\n<meta property=\"article:author\" content=\"https:\/\/www.facebook.com\/WebdelMaestroCMF\/\" \/>\n<meta property=\"article:published_time\" content=\"2022-05-10T13:00:54+00:00\" \/>\n<meta property=\"article:modified_time\" content=\"2023-06-21T03:22:54+00:00\" \/>\n<meta property=\"og:image\" content=\"https:\/\/i0.wp.com\/webdelmaestrocmf.com\/portal\/wp-content\/uploads\/2022\/02\/1-15.jpg?fit=1100%2C680&ssl=1\" \/>\n\t<meta property=\"og:image:width\" content=\"1100\" \/>\n\t<meta property=\"og:image:height\" content=\"680\" \/>\n\t<meta property=\"og:image:type\" content=\"image\/jpeg\" \/>\n<meta name=\"author\" content=\"Web del Maestro CMF\" \/>\n<meta name=\"twitter:card\" content=\"summary_large_image\" \/>\n<meta name=\"twitter:creator\" content=\"@cmf_w\" \/>\n<meta name=\"twitter:site\" content=\"@cmf_w\" \/>\n<script type=\"application\/ld+json\" class=\"yoast-schema-graph\">{\"@context\":\"https:\\\/\\\/schema.org\",\"@graph\":[{\"@type\":\"ScholarlyArticle\",\"@id\":\"https:\\\/\\\/webdelmaestrocmf.com\\\/portal\\\/soy-docente-como-cuidar-mi-voz-para-prevenir-problemas-serios\\\/#article\",\"isPartOf\":{\"@id\":\"https:\\\/\\\/webdelmaestrocmf.com\\\/portal\\\/soy-docente-como-cuidar-mi-voz-para-prevenir-problemas-serios\\\/\"},\"author\":{\"name\":\"Web del Maestro CMF\",\"@id\":\"https:\\\/\\\/webdelmaestrocmf.com\\\/portal\\\/#\\\/schema\\\/person\\\/1072a2ed7bd960df8ef99a551fa35dc5\"},\"headline\":\"Soy docente, \u00bfc\u00f3mo cuidar mi voz para prevenir problemas serios?\",\"datePublished\":\"2022-05-10T13:00:54+00:00\",\"dateModified\":\"2023-06-21T03:22:54+00:00\",\"mainEntityOfPage\":{\"@id\":\"https:\\\/\\\/webdelmaestrocmf.com\\\/portal\\\/soy-docente-como-cuidar-mi-voz-para-prevenir-problemas-serios\\\/\"},\"wordCount\":1131,\"commentCount\":0,\"publisher\":{\"@id\":\"https:\\\/\\\/webdelmaestrocmf.com\\\/portal\\\/#organization\"},\"image\":{\"@id\":\"https:\\\/\\\/webdelmaestrocmf.com\\\/portal\\\/soy-docente-como-cuidar-mi-voz-para-prevenir-problemas-serios\\\/#primaryimage\"},\"thumbnailUrl\":\"https:\\\/\\\/webdelmaestrocmf.com\\\/portal\\\/wp-content\\\/uploads\\\/2022\\\/02\\\/1-15.jpg\",\"keywords\":[\"CUIDAR\",\"DOCENTE\",\"EVITAR\",\"PROBLEMAS\",\"VOZ\"],\"articleSection\":[\"Recursos\",\"Salud\"],\"inLanguage\":\"es\",\"potentialAction\":[{\"@type\":\"CommentAction\",\"name\":\"Comment\",\"target\":[\"https:\\\/\\\/webdelmaestrocmf.com\\\/portal\\\/soy-docente-como-cuidar-mi-voz-para-prevenir-problemas-serios\\\/#respond\"]}]},{\"@type\":\"WebPage\",\"@id\":\"https:\\\/\\\/webdelmaestrocmf.com\\\/portal\\\/soy-docente-como-cuidar-mi-voz-para-prevenir-problemas-serios\\\/\",\"url\":\"https:\\\/\\\/webdelmaestrocmf.com\\\/portal\\\/soy-docente-como-cuidar-mi-voz-para-prevenir-problemas-serios\\\/\",\"name\":\"Soy docente, \u00bfc\u00f3mo cuidar mi voz para prevenir problemas serios? - 2026\",\"isPartOf\":{\"@id\":\"https:\\\/\\\/webdelmaestrocmf.com\\\/portal\\\/#website\"},\"primaryImageOfPage\":{\"@id\":\"https:\\\/\\\/webdelmaestrocmf.com\\\/portal\\\/soy-docente-como-cuidar-mi-voz-para-prevenir-problemas-serios\\\/#primaryimage\"},\"image\":{\"@id\":\"https:\\\/\\\/webdelmaestrocmf.com\\\/portal\\\/soy-docente-como-cuidar-mi-voz-para-prevenir-problemas-serios\\\/#primaryimage\"},\"thumbnailUrl\":\"https:\\\/\\\/webdelmaestrocmf.com\\\/portal\\\/wp-content\\\/uploads\\\/2022\\\/02\\\/1-15.jpg\",\"datePublished\":\"2022-05-10T13:00:54+00:00\",\"dateModified\":\"2023-06-21T03:22:54+00:00\",\"description\":\"En la mayor\u00eda de los casos no somos conscientes de que la voz tiene una capacidad limitada de uso y de que hablar mucho...\",\"breadcrumb\":{\"@id\":\"https:\\\/\\\/webdelmaestrocmf.com\\\/portal\\\/soy-docente-como-cuidar-mi-voz-para-prevenir-problemas-serios\\\/#breadcrumb\"},\"inLanguage\":\"es\",\"potentialAction\":[{\"@type\":\"ReadAction\",\"target\":[\"https:\\\/\\\/webdelmaestrocmf.com\\\/portal\\\/soy-docente-como-cuidar-mi-voz-para-prevenir-problemas-serios\\\/\"]}]},{\"@type\":\"ImageObject\",\"inLanguage\":\"es\",\"@id\":\"https:\\\/\\\/webdelmaestrocmf.com\\\/portal\\\/soy-docente-como-cuidar-mi-voz-para-prevenir-problemas-serios\\\/#primaryimage\",\"url\":\"https:\\\/\\\/webdelmaestrocmf.com\\\/portal\\\/wp-content\\\/uploads\\\/2022\\\/02\\\/1-15.jpg\",\"contentUrl\":\"https:\\\/\\\/webdelmaestrocmf.com\\\/portal\\\/wp-content\\\/uploads\\\/2022\\\/02\\\/1-15.jpg\",\"width\":1100,\"height\":680},{\"@type\":\"BreadcrumbList\",\"@id\":\"https:\\\/\\\/webdelmaestrocmf.com\\\/portal\\\/soy-docente-como-cuidar-mi-voz-para-prevenir-problemas-serios\\\/#breadcrumb\",\"itemListElement\":[{\"@type\":\"ListItem\",\"position\":1,\"name\":\"Portada\",\"item\":\"https:\\\/\\\/webdelmaestrocmf.com\\\/portal\\\/\"},{\"@type\":\"ListItem\",\"position\":2,\"name\":\"Recursos\",\"item\":\"https:\\\/\\\/webdelmaestrocmf.com\\\/portal\\\/category\\\/pedagogia\\\/\"},{\"@type\":\"ListItem\",\"position\":3,\"name\":\"Soy docente, \u00bfc\u00f3mo cuidar mi voz para prevenir problemas serios?\"}]},{\"@type\":\"WebSite\",\"@id\":\"https:\\\/\\\/webdelmaestrocmf.com\\\/portal\\\/#website\",\"url\":\"https:\\\/\\\/webdelmaestrocmf.com\\\/portal\\\/\",\"name\":\"Web del Maestro CMF\",\"description\":\"Maestros al servicio de la educaci\u00f3n\",\"publisher\":{\"@id\":\"https:\\\/\\\/webdelmaestrocmf.com\\\/portal\\\/#organization\"},\"alternateName\":\"WMCMF\",\"potentialAction\":[{\"@type\":\"SearchAction\",\"target\":{\"@type\":\"EntryPoint\",\"urlTemplate\":\"https:\\\/\\\/webdelmaestrocmf.com\\\/portal\\\/?s={search_term_string}\"},\"query-input\":{\"@type\":\"PropertyValueSpecification\",\"valueRequired\":true,\"valueName\":\"search_term_string\"}}],\"inLanguage\":\"es\"},{\"@type\":\"Organization\",\"@id\":\"https:\\\/\\\/webdelmaestrocmf.com\\\/portal\\\/#organization\",\"name\":\"Web del Maestro CMF\",\"alternateName\":\"WMCMF\",\"url\":\"https:\\\/\\\/webdelmaestrocmf.com\\\/portal\\\/\",\"logo\":{\"@type\":\"ImageObject\",\"inLanguage\":\"es\",\"@id\":\"https:\\\/\\\/webdelmaestrocmf.com\\\/portal\\\/#\\\/schema\\\/logo\\\/image\\\/\",\"url\":\"https:\\\/\\\/webdelmaestrocmf.com\\\/portal\\\/wp-content\\\/uploads\\\/2023\\\/01\\\/logo-wmcmf-2.png\",\"contentUrl\":\"https:\\\/\\\/webdelmaestrocmf.com\\\/portal\\\/wp-content\\\/uploads\\\/2023\\\/01\\\/logo-wmcmf-2.png\",\"width\":200,\"height\":60,\"caption\":\"Web del Maestro CMF\"},\"image\":{\"@id\":\"https:\\\/\\\/webdelmaestrocmf.com\\\/portal\\\/#\\\/schema\\\/logo\\\/image\\\/\"},\"sameAs\":[\"https:\\\/\\\/www.facebook.com\\\/WebdelMaestroCMF\\\/\",\"https:\\\/\\\/x.com\\\/cmf_w\",\"https:\\\/\\\/www.pinterest.com\\\/WMCMF\\\/\",\"https:\\\/\\\/www.linkedin.com\\\/company\\\/web-del-maestro-cmf\\\/\",\"https:\\\/\\\/www.instagram.com\\\/wmcmf\\\/\",\"https:\\\/\\\/www.youtube.com\\\/channel\\\/UCDPSvjbdodE5sHnC3OxutHw\",\"https:\\\/\\\/mastodon.social\\\/@wmcmf\",\"https:\\\/\\\/www.tiktok.com\\\/@webdelmaestrocmf\"]},{\"@type\":\"Person\",\"@id\":\"https:\\\/\\\/webdelmaestrocmf.com\\\/portal\\\/#\\\/schema\\\/person\\\/1072a2ed7bd960df8ef99a551fa35dc5\",\"name\":\"Web del Maestro CMF\",\"image\":{\"@type\":\"ImageObject\",\"inLanguage\":\"es\",\"@id\":\"https:\\\/\\\/secure.gravatar.com\\\/avatar\\\/23291dd5b5ae1077dcff3dbb04c3e02bd28403fa75af6d8787d5e97c5bbbe30b?s=96&d=mm&r=g\",\"url\":\"https:\\\/\\\/secure.gravatar.com\\\/avatar\\\/23291dd5b5ae1077dcff3dbb04c3e02bd28403fa75af6d8787d5e97c5bbbe30b?s=96&d=mm&r=g\",\"contentUrl\":\"https:\\\/\\\/secure.gravatar.com\\\/avatar\\\/23291dd5b5ae1077dcff3dbb04c3e02bd28403fa75af6d8787d5e97c5bbbe30b?s=96&d=mm&r=g\",\"caption\":\"Web del Maestro CMF\"},\"description\":\"Esta Web se cre\u00f3 sin fines de lucro, con fines educativos, cient\u00edficos y acad\u00e9micos, para personas que tengan dificultades y\\\/o inconvenientes en visualizar el material original. El objetivo es entregar recursos, compartir experiencias y materiales que ayuden a los padres de familia, maestros y estudiantes en su actualizaci\u00f3n y formaci\u00f3n permanente, en bien de la Educaci\u00f3n.\",\"sameAs\":[\"http:\\\/\\\/webdelmaestrocmf.com\\\/portal\",\"https:\\\/\\\/www.facebook.com\\\/WebdelMaestroCMF\\\/\",\"https:\\\/\\\/www.instagram.com\\\/wmcmf\\\/\",\"https:\\\/\\\/cl.linkedin.com\\\/company\\\/web-del-maestro-cmf\",\"https:\\\/\\\/www.pinterest.com\\\/WMCMF\\\/publicaciones\\\/\",\"https:\\\/\\\/x.com\\\/cmf_w\",\"https:\\\/\\\/www.youtube.com\\\/@WMCMF\"]}]}<\/script>\n<!-- \/ Yoast SEO plugin. -->","yoast_head_json":{"title":"Soy docente, \u00bfc\u00f3mo cuidar mi voz para prevenir problemas serios? - 2026","description":"En la mayor\u00eda de los casos no somos conscientes de que la voz tiene una capacidad limitada de uso y de que hablar mucho...","robots":{"index":"index","follow":"follow","max-snippet":"max-snippet:-1","max-image-preview":"max-image-preview:large","max-video-preview":"max-video-preview:-1"},"canonical":"https:\/\/webdelmaestrocmf.com\/portal\/soy-docente-como-cuidar-mi-voz-para-prevenir-problemas-serios\/","og_locale":"es_ES","og_type":"article","og_title":"Soy docente, \u00bfc\u00f3mo cuidar mi voz para prevenir problemas serios? - 2026","og_description":"En la mayor\u00eda de los casos no somos conscientes de que la voz tiene una capacidad limitada de uso y de que hablar mucho...","og_url":"https:\/\/webdelmaestrocmf.com\/portal\/soy-docente-como-cuidar-mi-voz-para-prevenir-problemas-serios\/","og_site_name":"Web del Maestro CMF","article_publisher":"https:\/\/www.facebook.com\/WebdelMaestroCMF\/","article_author":"https:\/\/www.facebook.com\/WebdelMaestroCMF\/","article_published_time":"2022-05-10T13:00:54+00:00","article_modified_time":"2023-06-21T03:22:54+00:00","og_image":[{"width":1100,"height":680,"url":"https:\/\/i0.wp.com\/webdelmaestrocmf.com\/portal\/wp-content\/uploads\/2022\/02\/1-15.jpg?fit=1100%2C680&ssl=1","type":"image\/jpeg"}],"author":"Web del Maestro CMF","twitter_card":"summary_large_image","twitter_creator":"@cmf_w","twitter_site":"@cmf_w","schema":{"@context":"https:\/\/schema.org","@graph":[{"@type":"ScholarlyArticle","@id":"https:\/\/webdelmaestrocmf.com\/portal\/soy-docente-como-cuidar-mi-voz-para-prevenir-problemas-serios\/#article","isPartOf":{"@id":"https:\/\/webdelmaestrocmf.com\/portal\/soy-docente-como-cuidar-mi-voz-para-prevenir-problemas-serios\/"},"author":{"name":"Web del Maestro CMF","@id":"https:\/\/webdelmaestrocmf.com\/portal\/#\/schema\/person\/1072a2ed7bd960df8ef99a551fa35dc5"},"headline":"Soy docente, \u00bfc\u00f3mo cuidar mi voz para prevenir problemas serios?","datePublished":"2022-05-10T13:00:54+00:00","dateModified":"2023-06-21T03:22:54+00:00","mainEntityOfPage":{"@id":"https:\/\/webdelmaestrocmf.com\/portal\/soy-docente-como-cuidar-mi-voz-para-prevenir-problemas-serios\/"},"wordCount":1131,"commentCount":0,"publisher":{"@id":"https:\/\/webdelmaestrocmf.com\/portal\/#organization"},"image":{"@id":"https:\/\/webdelmaestrocmf.com\/portal\/soy-docente-como-cuidar-mi-voz-para-prevenir-problemas-serios\/#primaryimage"},"thumbnailUrl":"https:\/\/webdelmaestrocmf.com\/portal\/wp-content\/uploads\/2022\/02\/1-15.jpg","keywords":["CUIDAR","DOCENTE","EVITAR","PROBLEMAS","VOZ"],"articleSection":["Recursos","Salud"],"inLanguage":"es","potentialAction":[{"@type":"CommentAction","name":"Comment","target":["https:\/\/webdelmaestrocmf.com\/portal\/soy-docente-como-cuidar-mi-voz-para-prevenir-problemas-serios\/#respond"]}]},{"@type":"WebPage","@id":"https:\/\/webdelmaestrocmf.com\/portal\/soy-docente-como-cuidar-mi-voz-para-prevenir-problemas-serios\/","url":"https:\/\/webdelmaestrocmf.com\/portal\/soy-docente-como-cuidar-mi-voz-para-prevenir-problemas-serios\/","name":"Soy docente, \u00bfc\u00f3mo cuidar mi voz para prevenir problemas serios? - 2026","isPartOf":{"@id":"https:\/\/webdelmaestrocmf.com\/portal\/#website"},"primaryImageOfPage":{"@id":"https:\/\/webdelmaestrocmf.com\/portal\/soy-docente-como-cuidar-mi-voz-para-prevenir-problemas-serios\/#primaryimage"},"image":{"@id":"https:\/\/webdelmaestrocmf.com\/portal\/soy-docente-como-cuidar-mi-voz-para-prevenir-problemas-serios\/#primaryimage"},"thumbnailUrl":"https:\/\/webdelmaestrocmf.com\/portal\/wp-content\/uploads\/2022\/02\/1-15.jpg","datePublished":"2022-05-10T13:00:54+00:00","dateModified":"2023-06-21T03:22:54+00:00","description":"En la mayor\u00eda de los casos no somos conscientes de que la voz tiene una capacidad limitada de uso y de que hablar mucho...","breadcrumb":{"@id":"https:\/\/webdelmaestrocmf.com\/portal\/soy-docente-como-cuidar-mi-voz-para-prevenir-problemas-serios\/#breadcrumb"},"inLanguage":"es","potentialAction":[{"@type":"ReadAction","target":["https:\/\/webdelmaestrocmf.com\/portal\/soy-docente-como-cuidar-mi-voz-para-prevenir-problemas-serios\/"]}]},{"@type":"ImageObject","inLanguage":"es","@id":"https:\/\/webdelmaestrocmf.com\/portal\/soy-docente-como-cuidar-mi-voz-para-prevenir-problemas-serios\/#primaryimage","url":"https:\/\/webdelmaestrocmf.com\/portal\/wp-content\/uploads\/2022\/02\/1-15.jpg","contentUrl":"https:\/\/webdelmaestrocmf.com\/portal\/wp-content\/uploads\/2022\/02\/1-15.jpg","width":1100,"height":680},{"@type":"BreadcrumbList","@id":"https:\/\/webdelmaestrocmf.com\/portal\/soy-docente-como-cuidar-mi-voz-para-prevenir-problemas-serios\/#breadcrumb","itemListElement":[{"@type":"ListItem","position":1,"name":"Portada","item":"https:\/\/webdelmaestrocmf.com\/portal\/"},{"@type":"ListItem","position":2,"name":"Recursos","item":"https:\/\/webdelmaestrocmf.com\/portal\/category\/pedagogia\/"},{"@type":"ListItem","position":3,"name":"Soy docente, \u00bfc\u00f3mo cuidar mi voz para prevenir problemas serios?"}]},{"@type":"WebSite","@id":"https:\/\/webdelmaestrocmf.com\/portal\/#website","url":"https:\/\/webdelmaestrocmf.com\/portal\/","name":"Web del Maestro CMF","description":"Maestros al servicio de la educaci\u00f3n","publisher":{"@id":"https:\/\/webdelmaestrocmf.com\/portal\/#organization"},"alternateName":"WMCMF","potentialAction":[{"@type":"SearchAction","target":{"@type":"EntryPoint","urlTemplate":"https:\/\/webdelmaestrocmf.com\/portal\/?s={search_term_string}"},"query-input":{"@type":"PropertyValueSpecification","valueRequired":true,"valueName":"search_term_string"}}],"inLanguage":"es"},{"@type":"Organization","@id":"https:\/\/webdelmaestrocmf.com\/portal\/#organization","name":"Web del Maestro CMF","alternateName":"WMCMF","url":"https:\/\/webdelmaestrocmf.com\/portal\/","logo":{"@type":"ImageObject","inLanguage":"es","@id":"https:\/\/webdelmaestrocmf.com\/portal\/#\/schema\/logo\/image\/","url":"https:\/\/webdelmaestrocmf.com\/portal\/wp-content\/uploads\/2023\/01\/logo-wmcmf-2.png","contentUrl":"https:\/\/webdelmaestrocmf.com\/portal\/wp-content\/uploads\/2023\/01\/logo-wmcmf-2.png","width":200,"height":60,"caption":"Web del Maestro CMF"},"image":{"@id":"https:\/\/webdelmaestrocmf.com\/portal\/#\/schema\/logo\/image\/"},"sameAs":["https:\/\/www.facebook.com\/WebdelMaestroCMF\/","https:\/\/x.com\/cmf_w","https:\/\/www.pinterest.com\/WMCMF\/","https:\/\/www.linkedin.com\/company\/web-del-maestro-cmf\/","https:\/\/www.instagram.com\/wmcmf\/","https:\/\/www.youtube.com\/channel\/UCDPSvjbdodE5sHnC3OxutHw","https:\/\/mastodon.social\/@wmcmf","https:\/\/www.tiktok.com\/@webdelmaestrocmf"]},{"@type":"Person","@id":"https:\/\/webdelmaestrocmf.com\/portal\/#\/schema\/person\/1072a2ed7bd960df8ef99a551fa35dc5","name":"Web del Maestro CMF","image":{"@type":"ImageObject","inLanguage":"es","@id":"https:\/\/secure.gravatar.com\/avatar\/23291dd5b5ae1077dcff3dbb04c3e02bd28403fa75af6d8787d5e97c5bbbe30b?s=96&d=mm&r=g","url":"https:\/\/secure.gravatar.com\/avatar\/23291dd5b5ae1077dcff3dbb04c3e02bd28403fa75af6d8787d5e97c5bbbe30b?s=96&d=mm&r=g","contentUrl":"https:\/\/secure.gravatar.com\/avatar\/23291dd5b5ae1077dcff3dbb04c3e02bd28403fa75af6d8787d5e97c5bbbe30b?s=96&d=mm&r=g","caption":"Web del Maestro CMF"},"description":"Esta Web se cre\u00f3 sin fines de lucro, con fines educativos, cient\u00edficos y acad\u00e9micos, para personas que tengan dificultades y\/o inconvenientes en visualizar el material original. El objetivo es entregar recursos, compartir experiencias y materiales que ayuden a los padres de familia, maestros y estudiantes en su actualizaci\u00f3n y formaci\u00f3n permanente, en bien de la Educaci\u00f3n.","sameAs":["http:\/\/webdelmaestrocmf.com\/portal","https:\/\/www.facebook.com\/WebdelMaestroCMF\/","https:\/\/www.instagram.com\/wmcmf\/","https:\/\/cl.linkedin.com\/company\/web-del-maestro-cmf","https:\/\/www.pinterest.com\/WMCMF\/publicaciones\/","https:\/\/x.com\/cmf_w","https:\/\/www.youtube.com\/@WMCMF"]}]}},"jetpack_featured_media_url":"https:\/\/webdelmaestrocmf.com\/portal\/wp-content\/uploads\/2022\/02\/1-15.jpg","jetpack_sharing_enabled":true,"jetpack-related-posts":[{"id":17464,"url":"https:\/\/webdelmaestrocmf.com\/portal\/cuidar-la-garganta-y-garantizar-la-salud-de-la-voz-de-los-docentes\/","url_meta":{"origin":73901,"position":0},"title":"Cuidar la garganta, garantizar la salud y la voz de los docentes","author":"Web del Maestro CMF","date":"12 diciembre, 2024","format":false,"excerpt":"El portal \u201cEduGobal\u201d ha compartido la publicaci\u00f3n\u00a0sobre\u00a0CONSEJOS PARA CUIDAR LA VOZ CUANDO SE ES PROFESOR(A). La publicaci\u00f3n\u00a0\u00a0trata sobre\u00a0la afon\u00eda y otras afecciones de garganta como la faringitis o la rinofaringitis son actualmente las principales causas de baja laboral\u00a0en el docente. Compartimos la siguiente\u00a0la entrada de EduGobal\u00a0con fines \u00fanicamente educativos .\u2026","rel":"","context":"En \u00abEstr\u00e9s\u00bb","block_context":{"text":"Estr\u00e9s","link":"https:\/\/webdelmaestrocmf.com\/portal\/category\/pedagogia\/estres\/"},"img":{"alt_text":"","src":"https:\/\/i0.wp.com\/webdelmaestrocmf.com\/portal\/wp-content\/uploads\/2017\/08\/Banner-1-portada-imagen-10-1-19.jpg?resize=350%2C200&ssl=1","width":350,"height":200,"srcset":"https:\/\/i0.wp.com\/webdelmaestrocmf.com\/portal\/wp-content\/uploads\/2017\/08\/Banner-1-portada-imagen-10-1-19.jpg?resize=350%2C200&ssl=1 1x, https:\/\/i0.wp.com\/webdelmaestrocmf.com\/portal\/wp-content\/uploads\/2017\/08\/Banner-1-portada-imagen-10-1-19.jpg?resize=525%2C300&ssl=1 1.5x, https:\/\/i0.wp.com\/webdelmaestrocmf.com\/portal\/wp-content\/uploads\/2017\/08\/Banner-1-portada-imagen-10-1-19.jpg?resize=700%2C400&ssl=1 2x"},"classes":[]},{"id":39964,"url":"https:\/\/webdelmaestrocmf.com\/portal\/estas-son-las-enfermedades-que-mas-afectan-a-los-docentes-oseo-muscular-paralisis-facial-insuficiencia-venosa-psiquicas-y-nerviosas\/","url_meta":{"origin":73901,"position":1},"title":"\u00c9stas son las enfermedades que m\u00e1s afectan a los docentes","author":"Web del Maestro CMF","date":"5 septiembre, 2019","format":false,"excerpt":"Todas las profesiones importan ciertos riesgos para la salud, y la docencia no queda al margen de ello. Los grupos numerosos y bulliciosos de ni\u00f1os o adolescentes a los que hay que ense\u00f1ar y a la vez poner l\u00edmites en su conducta cada vez m\u00e1s irrespetuosa, sumado a la cantidad\u2026","rel":"","context":"En \u00abConsejos\u00bb","block_context":{"text":"Consejos","link":"https:\/\/webdelmaestrocmf.com\/portal\/category\/pedagogia\/consejos\/"},"img":{"alt_text":"","src":"https:\/\/i0.wp.com\/webdelmaestrocmf.com\/portal\/wp-content\/uploads\/2019\/09\/1-117.jpg?resize=350%2C200&ssl=1","width":350,"height":200,"srcset":"https:\/\/i0.wp.com\/webdelmaestrocmf.com\/portal\/wp-content\/uploads\/2019\/09\/1-117.jpg?resize=350%2C200&ssl=1 1x, https:\/\/i0.wp.com\/webdelmaestrocmf.com\/portal\/wp-content\/uploads\/2019\/09\/1-117.jpg?resize=525%2C300&ssl=1 1.5x, https:\/\/i0.wp.com\/webdelmaestrocmf.com\/portal\/wp-content\/uploads\/2019\/09\/1-117.jpg?resize=700%2C400&ssl=1 2x, https:\/\/i0.wp.com\/webdelmaestrocmf.com\/portal\/wp-content\/uploads\/2019\/09\/1-117.jpg?resize=1050%2C600&ssl=1 3x"},"classes":[]},{"id":110909,"url":"https:\/\/webdelmaestrocmf.com\/portal\/docentes-al-limite-por-bajos-salarios-y-pluriempleo-sobrecarga-laboral\/","url_meta":{"origin":73901,"position":2},"title":"Docentes al l\u00edmite por bajos salarios y pluriempleo: sobrecarga laboral","author":"Web del Maestro CMF","date":"5 julio, 2025","format":false,"excerpt":"Bajos sueldos y pluriempleo llevan a los docentes cordobeses al l\u00edmite, forzados a sostener extensas jornadas con tareas dentro y fuera del aula, mientras arriesgan su salud. La urgencia de aliviar esta sobrecarga sigue sin resolverse","rel":"","context":"En \u00abNoticias Internacionales\u00bb","block_context":{"text":"Noticias Internacionales","link":"https:\/\/webdelmaestrocmf.com\/portal\/category\/noticias-internacionales\/"},"img":{"alt_text":"","src":"https:\/\/i0.wp.com\/webdelmaestrocmf.com\/portal\/wp-content\/uploads\/2025\/07\/1A-Banner-1-portada-imagen-10-1-copia-51.jpg?resize=350%2C200&ssl=1","width":350,"height":200,"srcset":"https:\/\/i0.wp.com\/webdelmaestrocmf.com\/portal\/wp-content\/uploads\/2025\/07\/1A-Banner-1-portada-imagen-10-1-copia-51.jpg?resize=350%2C200&ssl=1 1x, https:\/\/i0.wp.com\/webdelmaestrocmf.com\/portal\/wp-content\/uploads\/2025\/07\/1A-Banner-1-portada-imagen-10-1-copia-51.jpg?resize=525%2C300&ssl=1 1.5x, https:\/\/i0.wp.com\/webdelmaestrocmf.com\/portal\/wp-content\/uploads\/2025\/07\/1A-Banner-1-portada-imagen-10-1-copia-51.jpg?resize=700%2C400&ssl=1 2x"},"classes":[]},{"id":76083,"url":"https:\/\/webdelmaestrocmf.com\/portal\/dar-clases-con-mascarilla-puede-afectar-la-voz-de-los-maestros-senala-experta\/","url_meta":{"origin":73901,"position":3},"title":"Dar clases con mascarilla puede afectar la voz de los maestros, se\u00f1ala experta","author":"Web del Maestro CMF","date":"15 mayo, 2022","format":false,"excerpt":"El uso de mascarilla se ha convertido en una de las principales medidas de prevenci\u00f3n y protecci\u00f3n ante la pandemia del covid-19. Con el regreso paulatino de instituciones educativas a las clases semipresenciales tanto maestros como alumnos se ven en la obligaci\u00f3n de usar mascarilla. El uso de mascarilla se\u2026","rel":"","context":"En \u00abNoticias\u00bb","block_context":{"text":"Noticias","link":"https:\/\/webdelmaestrocmf.com\/portal\/category\/pedagogia\/noticias-pedagogia\/"},"img":{"alt_text":"","src":"https:\/\/i0.wp.com\/webdelmaestrocmf.com\/portal\/wp-content\/uploads\/2022\/04\/1-9.jpeg?resize=350%2C200&ssl=1","width":350,"height":200,"srcset":"https:\/\/i0.wp.com\/webdelmaestrocmf.com\/portal\/wp-content\/uploads\/2022\/04\/1-9.jpeg?resize=350%2C200&ssl=1 1x, https:\/\/i0.wp.com\/webdelmaestrocmf.com\/portal\/wp-content\/uploads\/2022\/04\/1-9.jpeg?resize=525%2C300&ssl=1 1.5x, https:\/\/i0.wp.com\/webdelmaestrocmf.com\/portal\/wp-content\/uploads\/2022\/04\/1-9.jpeg?resize=700%2C400&ssl=1 2x, https:\/\/i0.wp.com\/webdelmaestrocmf.com\/portal\/wp-content\/uploads\/2022\/04\/1-9.jpeg?resize=1050%2C600&ssl=1 3x"},"classes":[]},{"id":48427,"url":"https:\/\/webdelmaestrocmf.com\/portal\/como-escuchar-los-documentos-de-word-excel-y-powerpoint-con-lectura-en-voz-alta\/","url_meta":{"origin":73901,"position":4},"title":"C\u00f3mo escuchar, en voz alta, documentos en PDF, Word, Excel y PowerPoint","author":"Web del Maestro CMF","date":"26 junio, 2020","format":false,"excerpt":"En Word hay multitud de funciones y caracter\u00edsticas que usamos pr\u00e1cticamente a diario. Otras, quedan relegadas al olvido, bien porque no las necesitamos o porque no las conocemos lo suficiente. Un ejemplo es Leer en voz alta o esuchar lo que el documento tiene escrito, caracter\u00edstica que permite reproducir fragmentos\u2026","rel":"","context":"En \u00abSoftware\u00bb","block_context":{"text":"Software","link":"https:\/\/webdelmaestrocmf.com\/portal\/category\/tecnologia\/software\/"},"img":{"alt_text":"","src":"https:\/\/i0.wp.com\/webdelmaestrocmf.com\/portal\/wp-content\/uploads\/2020\/06\/1-167.jpg?resize=350%2C200&ssl=1","width":350,"height":200,"srcset":"https:\/\/i0.wp.com\/webdelmaestrocmf.com\/portal\/wp-content\/uploads\/2020\/06\/1-167.jpg?resize=350%2C200&ssl=1 1x, https:\/\/i0.wp.com\/webdelmaestrocmf.com\/portal\/wp-content\/uploads\/2020\/06\/1-167.jpg?resize=525%2C300&ssl=1 1.5x, https:\/\/i0.wp.com\/webdelmaestrocmf.com\/portal\/wp-content\/uploads\/2020\/06\/1-167.jpg?resize=700%2C400&ssl=1 2x, https:\/\/i0.wp.com\/webdelmaestrocmf.com\/portal\/wp-content\/uploads\/2020\/06\/1-167.jpg?resize=1050%2C600&ssl=1 3x"},"classes":[]},{"id":99778,"url":"https:\/\/webdelmaestrocmf.com\/portal\/papa-francisco-es-nuestro-deber-dar-voz-a-las-mujeres-victimas-de-abusos\/","url_meta":{"origin":73901,"position":5},"title":"Papa Francisco: Es nuestro deber dar voz a las mujeres v\u00edctimas de abusos","author":"Web del Maestro CMF","date":"10 noviembre, 2023","format":false,"excerpt":"Papa Francisco: Es nuestro deber, la responsabilidad de todos, dar voz a nuestras hermanas sin voz: mujeres que son v\u00edctimas de abuso, explotaci\u00f3n, marginaci\u00f3n y presiones inapropiadas\u201d.\u00a0En un mensaje dirigido a una campa\u00f1a italiana con el prop\u00f3sito de erradicar la violencia contra las mujeres, el Papa enfatiz\u00f3 la importancia de\u2026","rel":"","context":"En \u00abMundo cart\u00f3lico\u00bb","block_context":{"text":"Mundo cart\u00f3lico","link":"https:\/\/webdelmaestrocmf.com\/portal\/category\/pastoral\/"},"img":{"alt_text":"francisco","src":"https:\/\/i0.wp.com\/webdelmaestrocmf.com\/portal\/wp-content\/uploads\/2023\/11\/A12B3C4D-1-2.jpg?resize=350%2C200&ssl=1","width":350,"height":200,"srcset":"https:\/\/i0.wp.com\/webdelmaestrocmf.com\/portal\/wp-content\/uploads\/2023\/11\/A12B3C4D-1-2.jpg?resize=350%2C200&ssl=1 1x, https:\/\/i0.wp.com\/webdelmaestrocmf.com\/portal\/wp-content\/uploads\/2023\/11\/A12B3C4D-1-2.jpg?resize=525%2C300&ssl=1 1.5x, https:\/\/i0.wp.com\/webdelmaestrocmf.com\/portal\/wp-content\/uploads\/2023\/11\/A12B3C4D-1-2.jpg?resize=700%2C400&ssl=1 2x"},"classes":[]}],"_links":{"self":[{"href":"https:\/\/webdelmaestrocmf.com\/portal\/wp-json\/wp\/v2\/posts\/73901","targetHints":{"allow":["GET"]}}],"collection":[{"href":"https:\/\/webdelmaestrocmf.com\/portal\/wp-json\/wp\/v2\/posts"}],"about":[{"href":"https:\/\/webdelmaestrocmf.com\/portal\/wp-json\/wp\/v2\/types\/post"}],"author":[{"embeddable":true,"href":"https:\/\/webdelmaestrocmf.com\/portal\/wp-json\/wp\/v2\/users\/1"}],"replies":[{"embeddable":true,"href":"https:\/\/webdelmaestrocmf.com\/portal\/wp-json\/wp\/v2\/comments?post=73901"}],"version-history":[{"count":0,"href":"https:\/\/webdelmaestrocmf.com\/portal\/wp-json\/wp\/v2\/posts\/73901\/revisions"}],"wp:featuredmedia":[{"embeddable":true,"href":"https:\/\/webdelmaestrocmf.com\/portal\/wp-json\/wp\/v2\/media\/73904"}],"wp:attachment":[{"href":"https:\/\/webdelmaestrocmf.com\/portal\/wp-json\/wp\/v2\/media?parent=73901"}],"wp:term":[{"taxonomy":"category","embeddable":true,"href":"https:\/\/webdelmaestrocmf.com\/portal\/wp-json\/wp\/v2\/categories?post=73901"},{"taxonomy":"post_tag","embeddable":true,"href":"https:\/\/webdelmaestrocmf.com\/portal\/wp-json\/wp\/v2\/tags?post=73901"}],"curies":[{"name":"wp","href":"https:\/\/api.w.org\/{rel}","templated":true}]}}