{"id":73845,"date":"2022-02-02T19:21:30","date_gmt":"2022-02-02T22:21:30","guid":{"rendered":"https:\/\/webdelmaestrocmf.com\/portal\/?p=73845"},"modified":"2023-07-10T00:07:29","modified_gmt":"2023-07-10T04:07:29","slug":"como-estructurar-un-abp","status":"publish","type":"post","link":"https:\/\/webdelmaestrocmf.com\/portal\/como-estructurar-un-abp\/","title":{"rendered":"C\u00f3mo estructurar un ABP"},"content":{"rendered":"<h5 style=\"text-align: justify;\"><strong>El Aprendizaje Basado en Proyecto<\/strong>\u00a0es una estrategia cuyo dise\u00f1o de indagaci\u00f3n parte de temas sociales, geo-ambientales, hist\u00f3ricos-pol\u00edticos, o bien de situaciones, actitudes, problemas de la vida real. En una primera entrega nos centramos en\u00a0los criterios de validez\u00a0para su implementaci\u00f3n, aqu\u00ed nos centraremos en c\u00f3mo estructurar un ABP.<\/h5>\n<p><!--more--><\/p>\n<p style=\"text-align: justify;\">La elecci\u00f3n de la\u00a0<strong>problem\u00e1tica a indagar<\/strong>\u00a0depende, entre otras variables, del nivel escolar, del grupo de alumnos, de sus inquietudes, necesidades, dudas, intereses, de la relevancia de los contenidos y la complejidad relacionada con la realidad actual, de los recursos disponible a nivel institucional o local, del impacto en el \u00e1mbito sea personal, familiar, escolar, local, nacional, internacional.<\/p>\n<h5 style=\"text-align: justify;\">Significaci\u00f3n del A.B.P.<\/h5>\n<p style=\"text-align: justify;\">Antes de hacernos la pregunta de c\u00f3mo estructurar un ABP, vale la pena subrayar, desde el marco pedag\u00f3gico-did\u00e1ctico,\u00a0<strong>el alcance del m\u00e9todo<\/strong>\u00a0respecto de la tarea docente, la de los alumnos\/as, los contenidos, las fuentes y recursos para implementarlo.<\/p>\n<h5>Respecto de los docentes:<\/h5>\n<p style=\"text-align: justify;\">El docente cumple un rol central al intervenir como\u00a0<strong>facilitador<\/strong>\u00a0de las fuentes de indagaci\u00f3n,\u00a0<strong>moderador<\/strong>\u00a0en las discusiones y debates argumentales,\u00a0<strong>gu\u00eda<\/strong>\u00a0en el seguimiento de la tarea acorde al nivel. Comprueba orientando y ajustando ante problemas que se plantean. Articula con los colegas que intervienen en la planificaci\u00f3n del proyecto integral.<\/p>\n<p style=\"text-align: justify;\">Resulta evidente que, la relaci\u00f3n con otras disciplinas curriculares en la b\u00fasqueda de soluciones fomenta una\u00a0<em>\u201ccomunidad de aprendizaje\u201d<\/em>\u00a0no s\u00f3lo entre los alumnos en la b\u00fasqueda de soluciones sino tambi\u00e9n entre docentes por la riqueza que se genera al proponer y debatir al momento de planificar. Al ser el\u00a0<strong>dise\u00f1o abierto y flexible<\/strong>\u00a0favorece el compartir experiencias y vincular con nuevas perspectivas de cooperaci\u00f3n entre colegas.<\/p>\n<p style=\"text-align: justify;\">En el encuentro organizado por la UCA(Argentina) integrado por especialistas que reflexionaron sobre los cambios que traer\u00e1 el Covid-19 en los sistemas educativos,\u00a0<strong>el desaf\u00edo es<\/strong>\u00a0\u201c<em>volver menos enciclop\u00e9dica la escuela moderna<\/em>\u201d\u2026 \u201c<em>el docente debe asumir un nuevo rol. Dejar de ser un \u201caplicador de curr\u00edculums\u201d para convertirse en \u201cun dise\u00f1ador de posibilidades de aprendizajes<\/em>\u201d. (Torrendell Carlos,2020) . En este modelo de aprendizaje la apuesta es crear \u201c\u2026\u00a0<em>un clima de placer por aprender<\/em>.\u201d(Vergara J.J.,2016)<\/p>\n<h5>Respecto de los alumnos\/as:<\/h5>\n<p style=\"text-align: justify;\">En tanto que, los alumnos\/as, tienen un\u00a0<strong>papel protag\u00f3nico, activo y constructivo<\/strong>\u00a0de su propio aprendizaje. La libre elecci\u00f3n de trayectos de investigaci\u00f3n, a partir un planteo en la b\u00fasqueda de soluciones, genera motivaci\u00f3n en el abordaje acorde a sus intereses, habilidades, destrezas. Respeta talentos, diversidad de capacidades y los compromete en la ejecuci\u00f3n de las tareas seg\u00fan el rol asignado.<\/p>\n<p style=\"text-align: justify;\">Cabe destacar, que la ejecuci\u00f3n de un proyecto<strong>\u00a0no es lineal<\/strong>\u00a0pues se van modificando hip\u00f3tesis iniciales a medida que se avanza hacia al producto final. Asimismo, al asumir activamente las metas del proyecto y al ofrecerles la opci\u00f3n de optar recorridos para la resoluci\u00f3n de una propuesta, elegida por los alumnos\/as o presentada por el docente, les brinda tambi\u00e9n la oportunidad de reflexionar sobre su propio aprendizaje (<strong>Metacognici\u00f3n<\/strong>\u00a0). Seg\u00fan esta perspectiva la reflexi\u00f3n sobre el propio proceso permite al alumno involucrarse y autogenerar estrategias. Es m\u00e1s responsable y consciente de sus logros y dificultades En otras palabras, facilita la\u00a0<strong>autoevaluaci\u00f3n<\/strong>\u00a0reconociendo equivocaciones para mejorar y fortalezas para profundizarlas.<\/p>\n<h5>Respecto de los contenidos, recursos y soportes:<\/h5>\n<p style=\"text-align: justify;\">Las disciplinas que integran el \u00e1rea de Ciencias Sociales disponen de innumerables fuentes primarias y secundarias que optimizan la comprensi\u00f3n y transferencia de los contenidos sustantivos. Tal como se anticip\u00f3, las\u00a0<strong>TICs j<\/strong>uegan un rol valioso como herramientas pues, la incorporaci\u00f3n de las\u00a0<a title=\"\" href=\"https:\/\/blog.vicensvives.com\/7-herramientas-digitales-para-el-aprendizaje-colaborativo\/\" target=\"_blank\" rel=\"noopener\">nuevas tecnolog\u00edas<\/a>, brindan un abanico de posibilidades para la investigaci\u00f3n y comunicaci\u00f3n de los resultados. En el \u201cnuevo escenario tecnol\u00f3gico caracterizado por una\u00a0<strong>hiperinflaci\u00f3n de contenidos digitales<\/strong>\u201d (Santamar\u00eda Llarena Regina,2017)es indudable la importancia de adquirir habilidades en el\u00a0<strong>manejo cr\u00edtico y reflexivo de los contenidos y mensajes<\/strong>\u00a0que navegan por la web.<\/p>\n<p style=\"text-align: justify;\">En este sentido, el Aprendizaje Basado en Proyectos favorece la aplicaci\u00f3n de\u00a0<strong>t\u00e9cnicas algor\u00edtmicas<\/strong>\u00a0y\u00a0<strong>estrategias heur\u00edsticas<\/strong>\u00a0\u201c\u2026\u00a0<em>que permiten pensar, elaborar, y delimitar un objeto a investigar<\/em>\u201d( Moraga Catal\u00e1n, Marcelo,2014) en la indagaci\u00f3n de fuentes.<\/p>\n<p style=\"text-align: justify;\">No obstante resulta central,\u00a0<strong>seg\u00fan la complejidad<\/strong>\u00a0de la propuesta, considerar el nivel escolar, los recursos humanos, materiales, institucionales, recursos de la comunidad local con los que se cuentan para abordar la investigaci\u00f3n y la b\u00fasqueda de soluciones al tema o problema de la realidad elegido como objeto de conocimiento.<\/p>\n<p style=\"text-align: justify;\">Tras estas consideraciones, \u00bfc\u00f3mo estructurar un ABP?<\/p>\n<h5 style=\"text-align: justify;\">Componentes para estructurar un ABP<\/h5>\n<ul style=\"text-align: justify;\">\n<li><strong>Respecto de la gesti\u00f3n del\/los docentes<\/strong>: elaboraci\u00f3n de un plan provisorio de trabajo. Por ejemplo:<\/li>\n<\/ul>\n<p style=\"text-align: justify;\"><img loading=\"lazy\" decoding=\"async\" class=\"alignnone wp-image-73847 \" src=\"https:\/\/webdelmaestrocmf.com\/portal\/wp-content\/uploads\/2022\/02\/1-1.png\" alt=\"\" width=\"826\" height=\"422\" srcset=\"https:\/\/webdelmaestrocmf.com\/portal\/wp-content\/uploads\/2022\/02\/1-1.png 630w, https:\/\/webdelmaestrocmf.com\/portal\/wp-content\/uploads\/2022\/02\/1-1-300x153.png 300w, https:\/\/webdelmaestrocmf.com\/portal\/wp-content\/uploads\/2022\/02\/1-1-110x56.png 110w, https:\/\/webdelmaestrocmf.com\/portal\/wp-content\/uploads\/2022\/02\/1-1-200x102.png 200w, https:\/\/webdelmaestrocmf.com\/portal\/wp-content\/uploads\/2022\/02\/1-1-380x194.png 380w, https:\/\/webdelmaestrocmf.com\/portal\/wp-content\/uploads\/2022\/02\/1-1-255x130.png 255w, https:\/\/webdelmaestrocmf.com\/portal\/wp-content\/uploads\/2022\/02\/1-1-550x281.png 550w\" sizes=\"auto, (max-width: 826px) 100vw, 826px\" \/><\/p>\n<p style=\"text-align: justify;\">Por ejemplo:<\/p>\n<p style=\"text-align: justify;\"><img loading=\"lazy\" decoding=\"async\" class=\"alignnone wp-image-73848 \" src=\"https:\/\/webdelmaestrocmf.com\/portal\/wp-content\/uploads\/2022\/02\/1-2.png\" alt=\"\" width=\"831\" height=\"140\" srcset=\"https:\/\/webdelmaestrocmf.com\/portal\/wp-content\/uploads\/2022\/02\/1-2.png 546w, https:\/\/webdelmaestrocmf.com\/portal\/wp-content\/uploads\/2022\/02\/1-2-300x51.png 300w, https:\/\/webdelmaestrocmf.com\/portal\/wp-content\/uploads\/2022\/02\/1-2-110x19.png 110w, https:\/\/webdelmaestrocmf.com\/portal\/wp-content\/uploads\/2022\/02\/1-2-200x34.png 200w, https:\/\/webdelmaestrocmf.com\/portal\/wp-content\/uploads\/2022\/02\/1-2-380x64.png 380w, https:\/\/webdelmaestrocmf.com\/portal\/wp-content\/uploads\/2022\/02\/1-2-255x43.png 255w\" sizes=\"auto, (max-width: 831px) 100vw, 831px\" \/><\/p>\n<ul style=\"text-align: justify;\">\n<li><strong>Respecto de los alumnos\/as<\/strong>: en relaci\u00f3n al contenido. Porejemplo:<\/li>\n<\/ul>\n<p style=\"text-align: justify;\"><img loading=\"lazy\" decoding=\"async\" class=\"alignnone wp-image-73849 \" src=\"https:\/\/webdelmaestrocmf.com\/portal\/wp-content\/uploads\/2022\/02\/1-3.png\" alt=\"\" width=\"832\" height=\"192\" srcset=\"https:\/\/webdelmaestrocmf.com\/portal\/wp-content\/uploads\/2022\/02\/1-3.png 686w, https:\/\/webdelmaestrocmf.com\/portal\/wp-content\/uploads\/2022\/02\/1-3-300x69.png 300w, https:\/\/webdelmaestrocmf.com\/portal\/wp-content\/uploads\/2022\/02\/1-3-110x25.png 110w, https:\/\/webdelmaestrocmf.com\/portal\/wp-content\/uploads\/2022\/02\/1-3-200x46.png 200w, https:\/\/webdelmaestrocmf.com\/portal\/wp-content\/uploads\/2022\/02\/1-3-380x88.png 380w, https:\/\/webdelmaestrocmf.com\/portal\/wp-content\/uploads\/2022\/02\/1-3-255x59.png 255w, https:\/\/webdelmaestrocmf.com\/portal\/wp-content\/uploads\/2022\/02\/1-3-550x127.png 550w\" sizes=\"auto, (max-width: 832px) 100vw, 832px\" \/><\/p>\n<p style=\"text-align: justify;\"><img loading=\"lazy\" decoding=\"async\" class=\"alignnone wp-image-73850 \" src=\"https:\/\/webdelmaestrocmf.com\/portal\/wp-content\/uploads\/2022\/02\/1-4.png\" alt=\"\" width=\"835\" height=\"219\" srcset=\"https:\/\/webdelmaestrocmf.com\/portal\/wp-content\/uploads\/2022\/02\/1-4.png 660w, https:\/\/webdelmaestrocmf.com\/portal\/wp-content\/uploads\/2022\/02\/1-4-300x79.png 300w, https:\/\/webdelmaestrocmf.com\/portal\/wp-content\/uploads\/2022\/02\/1-4-110x29.png 110w, https:\/\/webdelmaestrocmf.com\/portal\/wp-content\/uploads\/2022\/02\/1-4-200x52.png 200w, https:\/\/webdelmaestrocmf.com\/portal\/wp-content\/uploads\/2022\/02\/1-4-380x100.png 380w, https:\/\/webdelmaestrocmf.com\/portal\/wp-content\/uploads\/2022\/02\/1-4-255x67.png 255w, https:\/\/webdelmaestrocmf.com\/portal\/wp-content\/uploads\/2022\/02\/1-4-550x144.png 550w\" sizes=\"auto, (max-width: 835px) 100vw, 835px\" \/><\/p>\n<ul style=\"text-align: justify;\">\n<li>En cuanto a la organizaci\u00f3n del proyecto. Por ejemplo:<\/li>\n<\/ul>\n<p style=\"text-align: justify;\"><img loading=\"lazy\" decoding=\"async\" class=\"alignnone wp-image-73851 \" src=\"https:\/\/webdelmaestrocmf.com\/portal\/wp-content\/uploads\/2022\/02\/1-5.png\" alt=\"\" width=\"837\" height=\"520\" srcset=\"https:\/\/webdelmaestrocmf.com\/portal\/wp-content\/uploads\/2022\/02\/1-5.png 637w, https:\/\/webdelmaestrocmf.com\/portal\/wp-content\/uploads\/2022\/02\/1-5-300x186.png 300w, https:\/\/webdelmaestrocmf.com\/portal\/wp-content\/uploads\/2022\/02\/1-5-110x68.png 110w, https:\/\/webdelmaestrocmf.com\/portal\/wp-content\/uploads\/2022\/02\/1-5-200x124.png 200w, https:\/\/webdelmaestrocmf.com\/portal\/wp-content\/uploads\/2022\/02\/1-5-380x236.png 380w, https:\/\/webdelmaestrocmf.com\/portal\/wp-content\/uploads\/2022\/02\/1-5-255x159.png 255w, https:\/\/webdelmaestrocmf.com\/portal\/wp-content\/uploads\/2022\/02\/1-5-550x342.png 550w\" sizes=\"auto, (max-width: 837px) 100vw, 837px\" \/><\/p>\n<ul style=\"text-align: justify;\">\n<li><strong>Criterios de evaluaci\u00f3n de seguimiento<\/strong>. Por ejemplo:<\/li>\n<\/ul>\n<p style=\"text-align: justify;\"><img loading=\"lazy\" decoding=\"async\" class=\"alignnone wp-image-73853 \" src=\"https:\/\/webdelmaestrocmf.com\/portal\/wp-content\/uploads\/2022\/02\/1-6.png\" alt=\"\" width=\"836\" height=\"711\" srcset=\"https:\/\/webdelmaestrocmf.com\/portal\/wp-content\/uploads\/2022\/02\/1-6.png 508w, https:\/\/webdelmaestrocmf.com\/portal\/wp-content\/uploads\/2022\/02\/1-6-300x255.png 300w, https:\/\/webdelmaestrocmf.com\/portal\/wp-content\/uploads\/2022\/02\/1-6-110x94.png 110w, https:\/\/webdelmaestrocmf.com\/portal\/wp-content\/uploads\/2022\/02\/1-6-200x170.png 200w, https:\/\/webdelmaestrocmf.com\/portal\/wp-content\/uploads\/2022\/02\/1-6-380x323.png 380w, https:\/\/webdelmaestrocmf.com\/portal\/wp-content\/uploads\/2022\/02\/1-6-255x217.png 255w\" sizes=\"auto, (max-width: 836px) 100vw, 836px\" \/><\/p>\n<ul style=\"text-align: justify;\">\n<li><strong>Autoevaluaci\u00f3n de desempe\u00f1o<\/strong>\u00a0durante el proceso de elaboraci\u00f3n del ABP. Por ejemplo.<\/li>\n<\/ul>\n<figure id=\"attachment_15437\" class=\"wp-caption alignnone\" style=\"text-align: justify; width: 836px;\" aria-describedby=\"caption-attachment-15437\"><img loading=\"lazy\" decoding=\"async\" class=\"alignnone wp-image-73854 \" src=\"https:\/\/webdelmaestrocmf.com\/portal\/wp-content\/uploads\/2022\/02\/1-7.png\" alt=\"\" width=\"836\" height=\"434\" srcset=\"https:\/\/webdelmaestrocmf.com\/portal\/wp-content\/uploads\/2022\/02\/1-7.png 582w, https:\/\/webdelmaestrocmf.com\/portal\/wp-content\/uploads\/2022\/02\/1-7-300x156.png 300w, https:\/\/webdelmaestrocmf.com\/portal\/wp-content\/uploads\/2022\/02\/1-7-110x57.png 110w, https:\/\/webdelmaestrocmf.com\/portal\/wp-content\/uploads\/2022\/02\/1-7-200x104.png 200w, https:\/\/webdelmaestrocmf.com\/portal\/wp-content\/uploads\/2022\/02\/1-7-380x197.png 380w, https:\/\/webdelmaestrocmf.com\/portal\/wp-content\/uploads\/2022\/02\/1-7-255x132.png 255w, https:\/\/webdelmaestrocmf.com\/portal\/wp-content\/uploads\/2022\/02\/1-7-550x285.png 550w\" sizes=\"auto, (max-width: 836px) 100vw, 836px\" \/><figcaption id=\"caption-attachment-15437\" class=\"wp-caption-text\">Fuente: csssaprendizaje.blogspot.com<\/figcaption><\/figure>\n<h5 style=\"text-align: justify;\">A modo de cierre<\/h5>\n<p style=\"text-align: justify;\">Seg\u00fan el especialista Santisteban Fern\u00e1ndez, A., (2019) , el trabajo con temas y problemas sociales debe tener presente los siguiente factores:<\/p>\n<p style=\"text-align: justify;\">\u201c\u2026a) relacionar\u00a0<strong>de forma directa<\/strong>\u00a0los contenidos a ense\u00f1ar con los problemas sociales relevantes;<\/p>\n<p style=\"text-align: justify;\">b) promover en las clases las discusiones, el trabajo por proyectos, los debates, las simulaciones o los ensayos escritos, para que el alu<strong>mnado<\/strong>\u00a0se acostumbre a considerar diferentes puntos de vista e interpretaciones de los problemas;<\/p>\n<p style=\"text-align: justify;\">c) que el alumnado perciba que puede\u00a0<strong>expresar<\/strong>\u00a0sus puntos de vista con libertad y\u00a0<strong>aprender a escuchar<\/strong>\u00a0otras opiniones, para alcanzar los conocimientos, habilidades y actitudes sociales.\u201d (p.p.62-63)<\/p>\n<p style=\"text-align: justify;\">M\u00e1s all\u00e1 de este breve recorte en la fundamentaci\u00f3n del ABP es relevante mencionar que\u00a0<strong>no hay f\u00f3rmulas lineales<\/strong>\u00a0para lograr una adecuada implementaci\u00f3n en el dise\u00f1o, la secuencia l\u00f3gica y en la soluci\u00f3n del problema o tema de la realidad social actual.<\/p>\n<p style=\"text-align: justify;\">Las mayores fortalezas del ABP, respecto del protagonismo de los alumnos\/as, se centran en la\u00a0<strong>capacidad de reflexi\u00f3n<\/strong>, de\u00a0<strong>iniciativa<\/strong>\u00a0en la organizaci\u00f3n y formas de abordar los contenidos espec\u00edficos de la Historia y las Ciencias Sociales, de\u00a0<strong>responsabilidad<\/strong>\u00a0en el trabajo individual y cooperativo, de\u00a0<strong>autonom\u00eda<\/strong>\u00a0en la ejecuci\u00f3n de las tareas y\u00a0<strong>evaluaci\u00f3n<\/strong>\u00a0de su aprendizaje a partir del problema indagado.<\/p>\n<p><strong>Este contenido ha sido publicado originalmente por Vicens Vives en la siguiente direcci\u00f3n: <a href=\"https:\/\/blog.vicensvives.com\/como-estructurar-un-abp\/\" target=\"_blank\" rel=\"noopener\">blog.vicensvives.com<\/a><\/strong><\/p>\n<p style=\"text-align: center;\">Recomendamos a la Comunidad Educativa Digital tener en cuenta que, el enlace y\/o la carpeta en donde est\u00e1n alojados los libros, recursos y\/o materiales, no es administrado por la Web del Maestro CMF, pueda ser que en cuesti\u00f3n de d\u00edas (o seg\u00fan el tiempo transcurrido desde su publicaci\u00f3n), los enlaces no funcionen y el material ya no se encuentre disponible. Gracias por su comprensi\u00f3n.<\/p>\n<h3>ENLACE DE LECTURA:<\/h3>\n<p style=\"text-align: center;\">\u00a1Comparte y as\u00ed m\u00e1s docentes utilizar\u00e1n estos recursos\u00a0gratis! Muchas gracias.<\/p>\n<p style=\"text-align: center;\"><a href=\"https:\/\/mega.nz\/folder\/mnojGYTT#TblGRdmBkU-_rJt46IOrNA\" target=\"_blank\" rel=\"noopener\">PLANIFICACIONES APRENDIZAJE BASADO EN PROYECTOS (ABP)<\/a><\/p>\n\t\t<div class=\"pk-inline-posts\">\n\t\t\t\n\t\t\t<div class=\"pk-inline-posts-container pk-inline-posts-template-list\"\n\t\t\t\tdata-columns=\"1\">\n\t\t\t\t\t\t<article id=\"post-94826\" class=\"post-94826 post type-post status-publish format-standard has-post-thumbnail category-aprendizaje-basado-en-proyectos category-pedagogia tag-aprendizaje tag-basado tag-principios tag-proyectos cs-entry cs-video-wrap\">\n\t\t\t<div class=\"pk-post-outer\">\n\n\t\t\t\t\t\t\t\t<div class=\"pk-post-inner\">\n\t\t\t\t\t<div class=\"entry-thumbnail\">\n\t\t\t\t\t\t<div class=\"pk-overlay pk-overlay-ratio pk-ratio-landscape\">\n\t\t\t\t\t\t\t<div class=\"pk-overlay-background\">\n\t\t\t\t\t\t\t\t<a href=\"https:\/\/webdelmaestrocmf.com\/portal\/aprendizaje-basado-en-proyectos-cuales-son-sus-principios-y-como-aplicarlo-paso-a-paso-en-el-aula\/\" class=\"pk-overlay-link\">\n\t\t\t\t\t\t\t\t\t<img loading=\"lazy\" decoding=\"async\" width=\"300\" height=\"225\" src=\"https:\/\/webdelmaestrocmf.com\/portal\/wp-content\/uploads\/2023\/11\/Banner-1-portada-imagen-10-15-1-300x225.jpg\" class=\"attachment-pk-thumbnail size-pk-thumbnail wp-post-image\" alt=\"Principios del Aprendizaje Basado en Proyectos\" \/>\t\t\t\t\t\t\t\t<\/a>\n\t\t\t\t\t\t\t<\/div>\n\t\t\t\t\t\t<\/div>\n\t\t\t\t\t<\/div>\n\t\t\t\t<\/div>\n\t\t\t\t\n\t\t\t\t<div class=\"pk-post-inner\">\n\t\t\t\t\t<header>\n\t\t\t\t\t\t<h3 class=\"pk-title\"><a href=\"https:\/\/webdelmaestrocmf.com\/portal\/aprendizaje-basado-en-proyectos-cuales-son-sus-principios-y-como-aplicarlo-paso-a-paso-en-el-aula\/\" rel=\"bookmark\">Principios del Aprendizaje Basado en Proyectos<\/a><\/h3>\t\t\t\t\t<\/header><!-- .entry-header -->\n\t\t\t\t<\/div><!-- .post-inner -->\n\n\t\t\t<\/div><!-- .post-outer -->\n\t\t<\/article>\n\t\t\t\t<\/div>\n\t\t<\/div>\n\t\t\n","protected":false},"excerpt":{"rendered":"El Aprendizaje Basado en Proyecto\u00a0es una estrategia cuyo dise\u00f1o de indagaci\u00f3n parte de temas sociales, geo-ambientales, hist\u00f3ricos-pol\u00edticos, o&hellip;","protected":false},"author":1,"featured_media":73856,"comment_status":"open","ping_status":"closed","sticky":false,"template":"","format":"standard","meta":{"csco_display_header_overlay":false,"csco_singular_sidebar":"default","csco_page_header_type":"default","csco_page_load_nextpost":"default","csco_post_video_location":[],"csco_post_video_location_hash":"","csco_post_video_url":"","csco_post_video_bg_start_time":0,"csco_post_video_bg_end_time":0,"csco_post_video_bg_volume":false,"_jetpack_memberships_contains_paid_content":false,"footnotes":""},"categories":[14569,735],"tags":[2508,77,1659,14236,872],"class_list":{"0":"post-73845","1":"post","2":"type-post","3":"status-publish","4":"format-standard","5":"has-post-thumbnail","7":"category-aprendizaje-basado-en-proyectos","8":"category-pedagogia","9":"tag-abp","10":"tag-aprendizaje","11":"tag-basado","12":"tag-estructurar","13":"tag-proyecto","14":"cs-entry","15":"cs-video-wrap"},"yoast_head":"<!-- This site is optimized with the Yoast SEO plugin v27.5 - https:\/\/yoast.com\/product\/yoast-seo-wordpress\/ -->\n<title>C\u00f3mo estructurar un ABP - 2026<\/title>\n<meta name=\"description\" content=\"El Aprendizaje Basado en Proyecto\u00a0es una estrategia cuyo dise\u00f1o de indagaci\u00f3n parte de temas sociales, geo-ambientales...\" \/>\n<meta name=\"robots\" content=\"index, follow, max-snippet:-1, max-image-preview:large, max-video-preview:-1\" \/>\n<link rel=\"canonical\" href=\"https:\/\/webdelmaestrocmf.com\/portal\/como-estructurar-un-abp\/\" \/>\n<meta property=\"og:locale\" content=\"es_ES\" \/>\n<meta property=\"og:type\" content=\"article\" \/>\n<meta property=\"og:title\" content=\"C\u00f3mo estructurar un ABP - 2026\" \/>\n<meta property=\"og:description\" content=\"El Aprendizaje Basado en Proyecto\u00a0es una estrategia cuyo dise\u00f1o de indagaci\u00f3n parte de temas sociales, geo-ambientales...\" \/>\n<meta property=\"og:url\" content=\"https:\/\/webdelmaestrocmf.com\/portal\/como-estructurar-un-abp\/\" \/>\n<meta property=\"og:site_name\" content=\"Web del Maestro CMF\" \/>\n<meta property=\"article:publisher\" content=\"https:\/\/www.facebook.com\/WebdelMaestroCMF\/\" \/>\n<meta property=\"article:author\" content=\"https:\/\/www.facebook.com\/WebdelMaestroCMF\/\" \/>\n<meta property=\"article:published_time\" content=\"2022-02-02T22:21:30+00:00\" \/>\n<meta property=\"article:modified_time\" content=\"2023-07-10T04:07:29+00:00\" \/>\n<meta property=\"og:image\" content=\"https:\/\/i0.wp.com\/webdelmaestrocmf.com\/portal\/wp-content\/uploads\/2022\/02\/1-7.jpg?fit=1100%2C680&ssl=1\" \/>\n\t<meta property=\"og:image:width\" content=\"1100\" \/>\n\t<meta property=\"og:image:height\" content=\"680\" \/>\n\t<meta property=\"og:image:type\" content=\"image\/jpeg\" \/>\n<meta name=\"author\" content=\"Web del Maestro CMF\" \/>\n<meta name=\"twitter:card\" content=\"summary_large_image\" \/>\n<meta name=\"twitter:creator\" content=\"@cmf_w\" \/>\n<meta name=\"twitter:site\" content=\"@cmf_w\" \/>\n<script type=\"application\/ld+json\" class=\"yoast-schema-graph\">{\"@context\":\"https:\\\/\\\/schema.org\",\"@graph\":[{\"@type\":\"ScholarlyArticle\",\"@id\":\"https:\\\/\\\/webdelmaestrocmf.com\\\/portal\\\/como-estructurar-un-abp\\\/#article\",\"isPartOf\":{\"@id\":\"https:\\\/\\\/webdelmaestrocmf.com\\\/portal\\\/como-estructurar-un-abp\\\/\"},\"author\":{\"name\":\"Web del Maestro CMF\",\"@id\":\"https:\\\/\\\/webdelmaestrocmf.com\\\/portal\\\/#\\\/schema\\\/person\\\/1072a2ed7bd960df8ef99a551fa35dc5\"},\"headline\":\"C\u00f3mo estructurar un ABP\",\"datePublished\":\"2022-02-02T22:21:30+00:00\",\"dateModified\":\"2023-07-10T04:07:29+00:00\",\"mainEntityOfPage\":{\"@id\":\"https:\\\/\\\/webdelmaestrocmf.com\\\/portal\\\/como-estructurar-un-abp\\\/\"},\"wordCount\":1207,\"commentCount\":0,\"publisher\":{\"@id\":\"https:\\\/\\\/webdelmaestrocmf.com\\\/portal\\\/#organization\"},\"image\":{\"@id\":\"https:\\\/\\\/webdelmaestrocmf.com\\\/portal\\\/como-estructurar-un-abp\\\/#primaryimage\"},\"thumbnailUrl\":\"https:\\\/\\\/webdelmaestrocmf.com\\\/portal\\\/wp-content\\\/uploads\\\/2022\\\/02\\\/1-7.jpg\",\"keywords\":[\"ABP\",\"aprendizaje\",\"basado\",\"estructurar\",\"PROYECTO\"],\"articleSection\":[\"Aprendizaje basado en proyectos\",\"Recursos\"],\"inLanguage\":\"es\",\"potentialAction\":[{\"@type\":\"CommentAction\",\"name\":\"Comment\",\"target\":[\"https:\\\/\\\/webdelmaestrocmf.com\\\/portal\\\/como-estructurar-un-abp\\\/#respond\"]}]},{\"@type\":\"WebPage\",\"@id\":\"https:\\\/\\\/webdelmaestrocmf.com\\\/portal\\\/como-estructurar-un-abp\\\/\",\"url\":\"https:\\\/\\\/webdelmaestrocmf.com\\\/portal\\\/como-estructurar-un-abp\\\/\",\"name\":\"C\u00f3mo estructurar un ABP - 2026\",\"isPartOf\":{\"@id\":\"https:\\\/\\\/webdelmaestrocmf.com\\\/portal\\\/#website\"},\"primaryImageOfPage\":{\"@id\":\"https:\\\/\\\/webdelmaestrocmf.com\\\/portal\\\/como-estructurar-un-abp\\\/#primaryimage\"},\"image\":{\"@id\":\"https:\\\/\\\/webdelmaestrocmf.com\\\/portal\\\/como-estructurar-un-abp\\\/#primaryimage\"},\"thumbnailUrl\":\"https:\\\/\\\/webdelmaestrocmf.com\\\/portal\\\/wp-content\\\/uploads\\\/2022\\\/02\\\/1-7.jpg\",\"datePublished\":\"2022-02-02T22:21:30+00:00\",\"dateModified\":\"2023-07-10T04:07:29+00:00\",\"description\":\"El Aprendizaje Basado en Proyecto\u00a0es una estrategia cuyo dise\u00f1o de indagaci\u00f3n parte de temas sociales, geo-ambientales...\",\"breadcrumb\":{\"@id\":\"https:\\\/\\\/webdelmaestrocmf.com\\\/portal\\\/como-estructurar-un-abp\\\/#breadcrumb\"},\"inLanguage\":\"es\",\"potentialAction\":[{\"@type\":\"ReadAction\",\"target\":[\"https:\\\/\\\/webdelmaestrocmf.com\\\/portal\\\/como-estructurar-un-abp\\\/\"]}]},{\"@type\":\"ImageObject\",\"inLanguage\":\"es\",\"@id\":\"https:\\\/\\\/webdelmaestrocmf.com\\\/portal\\\/como-estructurar-un-abp\\\/#primaryimage\",\"url\":\"https:\\\/\\\/webdelmaestrocmf.com\\\/portal\\\/wp-content\\\/uploads\\\/2022\\\/02\\\/1-7.jpg\",\"contentUrl\":\"https:\\\/\\\/webdelmaestrocmf.com\\\/portal\\\/wp-content\\\/uploads\\\/2022\\\/02\\\/1-7.jpg\",\"width\":1100,\"height\":680},{\"@type\":\"BreadcrumbList\",\"@id\":\"https:\\\/\\\/webdelmaestrocmf.com\\\/portal\\\/como-estructurar-un-abp\\\/#breadcrumb\",\"itemListElement\":[{\"@type\":\"ListItem\",\"position\":1,\"name\":\"Portada\",\"item\":\"https:\\\/\\\/webdelmaestrocmf.com\\\/portal\\\/\"},{\"@type\":\"ListItem\",\"position\":2,\"name\":\"Recursos\",\"item\":\"https:\\\/\\\/webdelmaestrocmf.com\\\/portal\\\/category\\\/pedagogia\\\/\"},{\"@type\":\"ListItem\",\"position\":3,\"name\":\"C\u00f3mo estructurar un ABP\"}]},{\"@type\":\"WebSite\",\"@id\":\"https:\\\/\\\/webdelmaestrocmf.com\\\/portal\\\/#website\",\"url\":\"https:\\\/\\\/webdelmaestrocmf.com\\\/portal\\\/\",\"name\":\"Web del Maestro CMF\",\"description\":\"Maestros al servicio de la educaci\u00f3n\",\"publisher\":{\"@id\":\"https:\\\/\\\/webdelmaestrocmf.com\\\/portal\\\/#organization\"},\"alternateName\":\"WMCMF\",\"potentialAction\":[{\"@type\":\"SearchAction\",\"target\":{\"@type\":\"EntryPoint\",\"urlTemplate\":\"https:\\\/\\\/webdelmaestrocmf.com\\\/portal\\\/?s={search_term_string}\"},\"query-input\":{\"@type\":\"PropertyValueSpecification\",\"valueRequired\":true,\"valueName\":\"search_term_string\"}}],\"inLanguage\":\"es\"},{\"@type\":\"Organization\",\"@id\":\"https:\\\/\\\/webdelmaestrocmf.com\\\/portal\\\/#organization\",\"name\":\"Web del Maestro CMF\",\"alternateName\":\"WMCMF\",\"url\":\"https:\\\/\\\/webdelmaestrocmf.com\\\/portal\\\/\",\"logo\":{\"@type\":\"ImageObject\",\"inLanguage\":\"es\",\"@id\":\"https:\\\/\\\/webdelmaestrocmf.com\\\/portal\\\/#\\\/schema\\\/logo\\\/image\\\/\",\"url\":\"https:\\\/\\\/webdelmaestrocmf.com\\\/portal\\\/wp-content\\\/uploads\\\/2023\\\/01\\\/logo-wmcmf-2.png\",\"contentUrl\":\"https:\\\/\\\/webdelmaestrocmf.com\\\/portal\\\/wp-content\\\/uploads\\\/2023\\\/01\\\/logo-wmcmf-2.png\",\"width\":200,\"height\":60,\"caption\":\"Web del Maestro CMF\"},\"image\":{\"@id\":\"https:\\\/\\\/webdelmaestrocmf.com\\\/portal\\\/#\\\/schema\\\/logo\\\/image\\\/\"},\"sameAs\":[\"https:\\\/\\\/www.facebook.com\\\/WebdelMaestroCMF\\\/\",\"https:\\\/\\\/x.com\\\/cmf_w\",\"https:\\\/\\\/www.pinterest.com\\\/WMCMF\\\/\",\"https:\\\/\\\/www.linkedin.com\\\/company\\\/web-del-maestro-cmf\\\/\",\"https:\\\/\\\/www.instagram.com\\\/wmcmf\\\/\",\"https:\\\/\\\/www.youtube.com\\\/channel\\\/UCDPSvjbdodE5sHnC3OxutHw\",\"https:\\\/\\\/mastodon.social\\\/@wmcmf\",\"https:\\\/\\\/www.tiktok.com\\\/@webdelmaestrocmf\"]},{\"@type\":\"Person\",\"@id\":\"https:\\\/\\\/webdelmaestrocmf.com\\\/portal\\\/#\\\/schema\\\/person\\\/1072a2ed7bd960df8ef99a551fa35dc5\",\"name\":\"Web del Maestro CMF\",\"image\":{\"@type\":\"ImageObject\",\"inLanguage\":\"es\",\"@id\":\"https:\\\/\\\/secure.gravatar.com\\\/avatar\\\/23291dd5b5ae1077dcff3dbb04c3e02bd28403fa75af6d8787d5e97c5bbbe30b?s=96&d=mm&r=g\",\"url\":\"https:\\\/\\\/secure.gravatar.com\\\/avatar\\\/23291dd5b5ae1077dcff3dbb04c3e02bd28403fa75af6d8787d5e97c5bbbe30b?s=96&d=mm&r=g\",\"contentUrl\":\"https:\\\/\\\/secure.gravatar.com\\\/avatar\\\/23291dd5b5ae1077dcff3dbb04c3e02bd28403fa75af6d8787d5e97c5bbbe30b?s=96&d=mm&r=g\",\"caption\":\"Web del Maestro CMF\"},\"description\":\"Esta Web se cre\u00f3 sin fines de lucro, con fines educativos, cient\u00edficos y acad\u00e9micos, para personas que tengan dificultades y\\\/o inconvenientes en visualizar el material original. El objetivo es entregar recursos, compartir experiencias y materiales que ayuden a los padres de familia, maestros y estudiantes en su actualizaci\u00f3n y formaci\u00f3n permanente, en bien de la Educaci\u00f3n.\",\"sameAs\":[\"http:\\\/\\\/webdelmaestrocmf.com\\\/portal\",\"https:\\\/\\\/www.facebook.com\\\/WebdelMaestroCMF\\\/\",\"https:\\\/\\\/www.instagram.com\\\/wmcmf\\\/\",\"https:\\\/\\\/cl.linkedin.com\\\/company\\\/web-del-maestro-cmf\",\"https:\\\/\\\/www.pinterest.com\\\/WMCMF\\\/publicaciones\\\/\",\"https:\\\/\\\/x.com\\\/cmf_w\",\"https:\\\/\\\/www.youtube.com\\\/@WMCMF\"]}]}<\/script>\n<!-- \/ Yoast SEO plugin. -->","yoast_head_json":{"title":"C\u00f3mo estructurar un ABP - 2026","description":"El Aprendizaje Basado en Proyecto\u00a0es una estrategia cuyo dise\u00f1o de indagaci\u00f3n parte de temas sociales, geo-ambientales...","robots":{"index":"index","follow":"follow","max-snippet":"max-snippet:-1","max-image-preview":"max-image-preview:large","max-video-preview":"max-video-preview:-1"},"canonical":"https:\/\/webdelmaestrocmf.com\/portal\/como-estructurar-un-abp\/","og_locale":"es_ES","og_type":"article","og_title":"C\u00f3mo estructurar un ABP - 2026","og_description":"El Aprendizaje Basado en Proyecto\u00a0es una estrategia cuyo dise\u00f1o de indagaci\u00f3n parte de temas sociales, geo-ambientales...","og_url":"https:\/\/webdelmaestrocmf.com\/portal\/como-estructurar-un-abp\/","og_site_name":"Web del Maestro CMF","article_publisher":"https:\/\/www.facebook.com\/WebdelMaestroCMF\/","article_author":"https:\/\/www.facebook.com\/WebdelMaestroCMF\/","article_published_time":"2022-02-02T22:21:30+00:00","article_modified_time":"2023-07-10T04:07:29+00:00","og_image":[{"width":1100,"height":680,"url":"https:\/\/i0.wp.com\/webdelmaestrocmf.com\/portal\/wp-content\/uploads\/2022\/02\/1-7.jpg?fit=1100%2C680&ssl=1","type":"image\/jpeg"}],"author":"Web del Maestro CMF","twitter_card":"summary_large_image","twitter_creator":"@cmf_w","twitter_site":"@cmf_w","schema":{"@context":"https:\/\/schema.org","@graph":[{"@type":"ScholarlyArticle","@id":"https:\/\/webdelmaestrocmf.com\/portal\/como-estructurar-un-abp\/#article","isPartOf":{"@id":"https:\/\/webdelmaestrocmf.com\/portal\/como-estructurar-un-abp\/"},"author":{"name":"Web del Maestro CMF","@id":"https:\/\/webdelmaestrocmf.com\/portal\/#\/schema\/person\/1072a2ed7bd960df8ef99a551fa35dc5"},"headline":"C\u00f3mo estructurar un ABP","datePublished":"2022-02-02T22:21:30+00:00","dateModified":"2023-07-10T04:07:29+00:00","mainEntityOfPage":{"@id":"https:\/\/webdelmaestrocmf.com\/portal\/como-estructurar-un-abp\/"},"wordCount":1207,"commentCount":0,"publisher":{"@id":"https:\/\/webdelmaestrocmf.com\/portal\/#organization"},"image":{"@id":"https:\/\/webdelmaestrocmf.com\/portal\/como-estructurar-un-abp\/#primaryimage"},"thumbnailUrl":"https:\/\/webdelmaestrocmf.com\/portal\/wp-content\/uploads\/2022\/02\/1-7.jpg","keywords":["ABP","aprendizaje","basado","estructurar","PROYECTO"],"articleSection":["Aprendizaje basado en proyectos","Recursos"],"inLanguage":"es","potentialAction":[{"@type":"CommentAction","name":"Comment","target":["https:\/\/webdelmaestrocmf.com\/portal\/como-estructurar-un-abp\/#respond"]}]},{"@type":"WebPage","@id":"https:\/\/webdelmaestrocmf.com\/portal\/como-estructurar-un-abp\/","url":"https:\/\/webdelmaestrocmf.com\/portal\/como-estructurar-un-abp\/","name":"C\u00f3mo estructurar un ABP - 2026","isPartOf":{"@id":"https:\/\/webdelmaestrocmf.com\/portal\/#website"},"primaryImageOfPage":{"@id":"https:\/\/webdelmaestrocmf.com\/portal\/como-estructurar-un-abp\/#primaryimage"},"image":{"@id":"https:\/\/webdelmaestrocmf.com\/portal\/como-estructurar-un-abp\/#primaryimage"},"thumbnailUrl":"https:\/\/webdelmaestrocmf.com\/portal\/wp-content\/uploads\/2022\/02\/1-7.jpg","datePublished":"2022-02-02T22:21:30+00:00","dateModified":"2023-07-10T04:07:29+00:00","description":"El Aprendizaje Basado en Proyecto\u00a0es una estrategia cuyo dise\u00f1o de indagaci\u00f3n parte de temas sociales, geo-ambientales...","breadcrumb":{"@id":"https:\/\/webdelmaestrocmf.com\/portal\/como-estructurar-un-abp\/#breadcrumb"},"inLanguage":"es","potentialAction":[{"@type":"ReadAction","target":["https:\/\/webdelmaestrocmf.com\/portal\/como-estructurar-un-abp\/"]}]},{"@type":"ImageObject","inLanguage":"es","@id":"https:\/\/webdelmaestrocmf.com\/portal\/como-estructurar-un-abp\/#primaryimage","url":"https:\/\/webdelmaestrocmf.com\/portal\/wp-content\/uploads\/2022\/02\/1-7.jpg","contentUrl":"https:\/\/webdelmaestrocmf.com\/portal\/wp-content\/uploads\/2022\/02\/1-7.jpg","width":1100,"height":680},{"@type":"BreadcrumbList","@id":"https:\/\/webdelmaestrocmf.com\/portal\/como-estructurar-un-abp\/#breadcrumb","itemListElement":[{"@type":"ListItem","position":1,"name":"Portada","item":"https:\/\/webdelmaestrocmf.com\/portal\/"},{"@type":"ListItem","position":2,"name":"Recursos","item":"https:\/\/webdelmaestrocmf.com\/portal\/category\/pedagogia\/"},{"@type":"ListItem","position":3,"name":"C\u00f3mo estructurar un ABP"}]},{"@type":"WebSite","@id":"https:\/\/webdelmaestrocmf.com\/portal\/#website","url":"https:\/\/webdelmaestrocmf.com\/portal\/","name":"Web del Maestro CMF","description":"Maestros al servicio de la educaci\u00f3n","publisher":{"@id":"https:\/\/webdelmaestrocmf.com\/portal\/#organization"},"alternateName":"WMCMF","potentialAction":[{"@type":"SearchAction","target":{"@type":"EntryPoint","urlTemplate":"https:\/\/webdelmaestrocmf.com\/portal\/?s={search_term_string}"},"query-input":{"@type":"PropertyValueSpecification","valueRequired":true,"valueName":"search_term_string"}}],"inLanguage":"es"},{"@type":"Organization","@id":"https:\/\/webdelmaestrocmf.com\/portal\/#organization","name":"Web del Maestro CMF","alternateName":"WMCMF","url":"https:\/\/webdelmaestrocmf.com\/portal\/","logo":{"@type":"ImageObject","inLanguage":"es","@id":"https:\/\/webdelmaestrocmf.com\/portal\/#\/schema\/logo\/image\/","url":"https:\/\/webdelmaestrocmf.com\/portal\/wp-content\/uploads\/2023\/01\/logo-wmcmf-2.png","contentUrl":"https:\/\/webdelmaestrocmf.com\/portal\/wp-content\/uploads\/2023\/01\/logo-wmcmf-2.png","width":200,"height":60,"caption":"Web del Maestro CMF"},"image":{"@id":"https:\/\/webdelmaestrocmf.com\/portal\/#\/schema\/logo\/image\/"},"sameAs":["https:\/\/www.facebook.com\/WebdelMaestroCMF\/","https:\/\/x.com\/cmf_w","https:\/\/www.pinterest.com\/WMCMF\/","https:\/\/www.linkedin.com\/company\/web-del-maestro-cmf\/","https:\/\/www.instagram.com\/wmcmf\/","https:\/\/www.youtube.com\/channel\/UCDPSvjbdodE5sHnC3OxutHw","https:\/\/mastodon.social\/@wmcmf","https:\/\/www.tiktok.com\/@webdelmaestrocmf"]},{"@type":"Person","@id":"https:\/\/webdelmaestrocmf.com\/portal\/#\/schema\/person\/1072a2ed7bd960df8ef99a551fa35dc5","name":"Web del Maestro CMF","image":{"@type":"ImageObject","inLanguage":"es","@id":"https:\/\/secure.gravatar.com\/avatar\/23291dd5b5ae1077dcff3dbb04c3e02bd28403fa75af6d8787d5e97c5bbbe30b?s=96&d=mm&r=g","url":"https:\/\/secure.gravatar.com\/avatar\/23291dd5b5ae1077dcff3dbb04c3e02bd28403fa75af6d8787d5e97c5bbbe30b?s=96&d=mm&r=g","contentUrl":"https:\/\/secure.gravatar.com\/avatar\/23291dd5b5ae1077dcff3dbb04c3e02bd28403fa75af6d8787d5e97c5bbbe30b?s=96&d=mm&r=g","caption":"Web del Maestro CMF"},"description":"Esta Web se cre\u00f3 sin fines de lucro, con fines educativos, cient\u00edficos y acad\u00e9micos, para personas que tengan dificultades y\/o inconvenientes en visualizar el material original. El objetivo es entregar recursos, compartir experiencias y materiales que ayuden a los padres de familia, maestros y estudiantes en su actualizaci\u00f3n y formaci\u00f3n permanente, en bien de la Educaci\u00f3n.","sameAs":["http:\/\/webdelmaestrocmf.com\/portal","https:\/\/www.facebook.com\/WebdelMaestroCMF\/","https:\/\/www.instagram.com\/wmcmf\/","https:\/\/cl.linkedin.com\/company\/web-del-maestro-cmf","https:\/\/www.pinterest.com\/WMCMF\/publicaciones\/","https:\/\/x.com\/cmf_w","https:\/\/www.youtube.com\/@WMCMF"]}]}},"jetpack_featured_media_url":"https:\/\/webdelmaestrocmf.com\/portal\/wp-content\/uploads\/2022\/02\/1-7.jpg","jetpack_sharing_enabled":true,"jetpack-related-posts":[{"id":102995,"url":"https:\/\/webdelmaestrocmf.com\/portal\/libro-un-aula-un-proyecto-el-abp-y-la-nueva-educacion\/","url_meta":{"origin":73845,"position":0},"title":"Libro: Un aula, un proyecto | El ABP y la nueva educaci\u00f3n","author":"Web del Maestro CMF","date":"28 febrero, 2026","format":false,"excerpt":"El libro Un aula, un proyecto: El ABP y la nueva educaci\u00f3n, de Juan Jos\u00e9 Vergara, presenta el aprendizaje basado en proyectos como una metodolog\u00eda centrada en el estudiante que promueve el aprendizaje activo, colaborativo y orientado a la resoluci\u00f3n de problemas reales.","rel":"","context":"En \u00abLibros\u00bb","block_context":{"text":"Libros","link":"https:\/\/webdelmaestrocmf.com\/portal\/category\/pedagogia\/libros\/"},"img":{"alt_text":"Los alumnos hablan del ABP: esto es lo que m\u00e1s les gusta","src":"https:\/\/i0.wp.com\/webdelmaestrocmf.com\/portal\/wp-content\/uploads\/2024\/01\/Banner-1-portada-imagen-10-24.jpg?resize=350%2C200&ssl=1","width":350,"height":200,"srcset":"https:\/\/i0.wp.com\/webdelmaestrocmf.com\/portal\/wp-content\/uploads\/2024\/01\/Banner-1-portada-imagen-10-24.jpg?resize=350%2C200&ssl=1 1x, https:\/\/i0.wp.com\/webdelmaestrocmf.com\/portal\/wp-content\/uploads\/2024\/01\/Banner-1-portada-imagen-10-24.jpg?resize=525%2C300&ssl=1 1.5x, https:\/\/i0.wp.com\/webdelmaestrocmf.com\/portal\/wp-content\/uploads\/2024\/01\/Banner-1-portada-imagen-10-24.jpg?resize=700%2C400&ssl=1 2x"},"classes":[]},{"id":107990,"url":"https:\/\/webdelmaestrocmf.com\/portal\/las-fases-clave-del-aprendizaje-basado-en-proyectos-abp\/","url_meta":{"origin":73845,"position":1},"title":"Las fases clave del Aprendizaje Basado en Proyectos (ABP): Descargue las gu\u00edas PDF","author":"Web del Maestro CMF","date":"14 marzo, 2026","format":false,"excerpt":"Si eres docente y buscas una manera innovadora y efectiva de potenciar el aprendizaje de tus estudiantes, el Aprendizaje Basado en Proyectos es la respuesta.","rel":"","context":"En \u00abDescargas Manuales PDF\u00bb","block_context":{"text":"Descargas Manuales PDF","link":"https:\/\/webdelmaestrocmf.com\/portal\/category\/pedagogia\/descargas-manuales-pdf\/"},"img":{"alt_text":"","src":"https:\/\/i0.wp.com\/webdelmaestrocmf.com\/portal\/wp-content\/uploads\/2025\/02\/1A-Banner-1-portada-imagen-10-1-71.jpg?resize=350%2C200&ssl=1","width":350,"height":200,"srcset":"https:\/\/i0.wp.com\/webdelmaestrocmf.com\/portal\/wp-content\/uploads\/2025\/02\/1A-Banner-1-portada-imagen-10-1-71.jpg?resize=350%2C200&ssl=1 1x, https:\/\/i0.wp.com\/webdelmaestrocmf.com\/portal\/wp-content\/uploads\/2025\/02\/1A-Banner-1-portada-imagen-10-1-71.jpg?resize=525%2C300&ssl=1 1.5x, https:\/\/i0.wp.com\/webdelmaestrocmf.com\/portal\/wp-content\/uploads\/2025\/02\/1A-Banner-1-portada-imagen-10-1-71.jpg?resize=700%2C400&ssl=1 2x"},"classes":[]},{"id":91153,"url":"https:\/\/webdelmaestrocmf.com\/portal\/libros-que-te-ayudaran-a-descubrir-todo-lo-que-necesitas-sobre-el-abp\/","url_meta":{"origin":73845,"position":2},"title":"Libros que te ayudar\u00e1n a descubrir todo lo que necesitas sobre el ABP","author":"Web del Maestro CMF","date":"30 julio, 2023","format":false,"excerpt":"El Aprendizaje Basado en Proyectos (ABP) ha revolucionado la forma en que se aborda la educaci\u00f3n, poniendo al estudiante en el centro del proceso de aprendizaje y permiti\u00e9ndoles convertirse en creadores activos de conocimiento. Esta selecci\u00f3n de libros ofrece una gu\u00eda invaluable para aquellos que buscan incursionar en esta metodolog\u00eda\u2026","rel":"","context":"En \u00abAprendizaje basado en proyectos\u00bb","block_context":{"text":"Aprendizaje basado en proyectos","link":"https:\/\/webdelmaestrocmf.com\/portal\/category\/pedagogia\/aprendizaje-basado-en-proyectos\/"},"img":{"alt_text":"","src":"https:\/\/i0.wp.com\/webdelmaestrocmf.com\/portal\/wp-content\/uploads\/2023\/07\/A12B3C4D-17-2.jpg?resize=350%2C200&ssl=1","width":350,"height":200,"srcset":"https:\/\/i0.wp.com\/webdelmaestrocmf.com\/portal\/wp-content\/uploads\/2023\/07\/A12B3C4D-17-2.jpg?resize=350%2C200&ssl=1 1x, https:\/\/i0.wp.com\/webdelmaestrocmf.com\/portal\/wp-content\/uploads\/2023\/07\/A12B3C4D-17-2.jpg?resize=525%2C300&ssl=1 1.5x, https:\/\/i0.wp.com\/webdelmaestrocmf.com\/portal\/wp-content\/uploads\/2023\/07\/A12B3C4D-17-2.jpg?resize=700%2C400&ssl=1 2x"},"classes":[]},{"id":74325,"url":"https:\/\/webdelmaestrocmf.com\/portal\/libros-que-te-ayudaran-a-descubrir-todo-lo-que-necesitas-sobre-el-aprendizaje-basado-en-proyectos-abp\/","url_meta":{"origin":73845,"position":3},"title":"Libros que te ayudar\u00e1n a descubrir todo lo que necesitas sobre el Aprendizaje Basado en Proyectos (ABP)","author":"Web del Maestro CMF","date":"14 febrero, 2022","format":false,"excerpt":"Esta selecci\u00f3n de libros pueden servir como gu\u00edas para quienes est\u00e1n en proceso de descubrimiento de esta gran metodolog\u00eda, que busca poner al estudiante en el centro y experimentar con los procesos de aprendizaje. El\u00a0Aprendizaje Basado en Proyectos (ABP)\u00a0ofrece la gran posibilidad de que los estudiantes se comprometan con sus\u2026","rel":"","context":"En \u00abAprendizaje basado en proyectos\u00bb","block_context":{"text":"Aprendizaje basado en proyectos","link":"https:\/\/webdelmaestrocmf.com\/portal\/category\/pedagogia\/aprendizaje-basado-en-proyectos\/"},"img":{"alt_text":"","src":"https:\/\/i0.wp.com\/webdelmaestrocmf.com\/portal\/wp-content\/uploads\/2022\/02\/1-81.jpg?resize=350%2C200&ssl=1","width":350,"height":200,"srcset":"https:\/\/i0.wp.com\/webdelmaestrocmf.com\/portal\/wp-content\/uploads\/2022\/02\/1-81.jpg?resize=350%2C200&ssl=1 1x, https:\/\/i0.wp.com\/webdelmaestrocmf.com\/portal\/wp-content\/uploads\/2022\/02\/1-81.jpg?resize=525%2C300&ssl=1 1.5x, https:\/\/i0.wp.com\/webdelmaestrocmf.com\/portal\/wp-content\/uploads\/2022\/02\/1-81.jpg?resize=700%2C400&ssl=1 2x, https:\/\/i0.wp.com\/webdelmaestrocmf.com\/portal\/wp-content\/uploads\/2022\/02\/1-81.jpg?resize=1050%2C600&ssl=1 3x"},"classes":[]},{"id":107983,"url":"https:\/\/webdelmaestrocmf.com\/portal\/cinco-rubricas-para-evaluar-el-aprendizaje-basado-en-proyectos-abp\/","url_meta":{"origin":73845,"position":4},"title":"Cinco r\u00fabricas para evaluar el Aprendizaje Basado en Proyectos (ABP)","author":"Web del Maestro CMF","date":"13 febrero, 2025","format":false,"excerpt":"El Aprendizaje Basado en Proyectos (ABP) es una metodolog\u00eda que permite a los estudiantes desarrollar conocimientos y habilidades a trav\u00e9s de la investigaci\u00f3n y resoluci\u00f3n de problemas reales. Para garantizar una evaluaci\u00f3n efectiva de este enfoque, se utilizan instrumentos que valoran distintos aspectos del proceso de aprendizaje. Entre ellos, destacan\u2026","rel":"","context":"En \u00abRecursos\u00bb","block_context":{"text":"Recursos","link":"https:\/\/webdelmaestrocmf.com\/portal\/category\/pedagogia\/"},"img":{"alt_text":"","src":"https:\/\/i0.wp.com\/webdelmaestrocmf.com\/portal\/wp-content\/uploads\/2025\/02\/1A-Banner-1-portada-imagen-10-1-70.jpg?resize=350%2C200&ssl=1","width":350,"height":200,"srcset":"https:\/\/i0.wp.com\/webdelmaestrocmf.com\/portal\/wp-content\/uploads\/2025\/02\/1A-Banner-1-portada-imagen-10-1-70.jpg?resize=350%2C200&ssl=1 1x, https:\/\/i0.wp.com\/webdelmaestrocmf.com\/portal\/wp-content\/uploads\/2025\/02\/1A-Banner-1-portada-imagen-10-1-70.jpg?resize=525%2C300&ssl=1 1.5x, https:\/\/i0.wp.com\/webdelmaestrocmf.com\/portal\/wp-content\/uploads\/2025\/02\/1A-Banner-1-portada-imagen-10-1-70.jpg?resize=700%2C400&ssl=1 2x"},"classes":[]},{"id":14636,"url":"https:\/\/webdelmaestrocmf.com\/portal\/funciona-aprendizaje-basado-proyectos-aula\/","url_meta":{"origin":73845,"position":5},"title":"C\u00f3mo funciona el aprendizaje basado en proyectos en el aula","author":"Web del Maestro CMF","date":"11 febrero, 2017","format":false,"excerpt":"En la metodolog\u00eda del aprendizaje basado en proyectos\u00a0se da importancia a la adquisici\u00f3n de competencias y habilidades por parte de los alumnos, que definir\u00e1n, adem\u00e1s,\u00a0la estructura del proyecto en el que trabajar\u00e1n. El aprendizaje basado en proyectos (ABP) sit\u00faa a los alumnos en el centro del aprendizaje, entreg\u00e1ndoles el control\u2026","rel":"","context":"En \u00abVIDEO PRACTICA DOCENTE\u00bb","block_context":{"text":"VIDEO PRACTICA DOCENTE","link":"https:\/\/webdelmaestrocmf.com\/portal\/category\/videos\/"},"img":{"alt_text":"","src":"https:\/\/i0.wp.com\/webdelmaestrocmf.com\/portal\/wp-content\/uploads\/2017\/02\/1B.jpg?resize=350%2C200&ssl=1","width":350,"height":200,"srcset":"https:\/\/i0.wp.com\/webdelmaestrocmf.com\/portal\/wp-content\/uploads\/2017\/02\/1B.jpg?resize=350%2C200&ssl=1 1x, https:\/\/i0.wp.com\/webdelmaestrocmf.com\/portal\/wp-content\/uploads\/2017\/02\/1B.jpg?resize=525%2C300&ssl=1 1.5x, https:\/\/i0.wp.com\/webdelmaestrocmf.com\/portal\/wp-content\/uploads\/2017\/02\/1B.jpg?resize=700%2C400&ssl=1 2x"},"classes":[]}],"_links":{"self":[{"href":"https:\/\/webdelmaestrocmf.com\/portal\/wp-json\/wp\/v2\/posts\/73845","targetHints":{"allow":["GET"]}}],"collection":[{"href":"https:\/\/webdelmaestrocmf.com\/portal\/wp-json\/wp\/v2\/posts"}],"about":[{"href":"https:\/\/webdelmaestrocmf.com\/portal\/wp-json\/wp\/v2\/types\/post"}],"author":[{"embeddable":true,"href":"https:\/\/webdelmaestrocmf.com\/portal\/wp-json\/wp\/v2\/users\/1"}],"replies":[{"embeddable":true,"href":"https:\/\/webdelmaestrocmf.com\/portal\/wp-json\/wp\/v2\/comments?post=73845"}],"version-history":[{"count":0,"href":"https:\/\/webdelmaestrocmf.com\/portal\/wp-json\/wp\/v2\/posts\/73845\/revisions"}],"wp:featuredmedia":[{"embeddable":true,"href":"https:\/\/webdelmaestrocmf.com\/portal\/wp-json\/wp\/v2\/media\/73856"}],"wp:attachment":[{"href":"https:\/\/webdelmaestrocmf.com\/portal\/wp-json\/wp\/v2\/media?parent=73845"}],"wp:term":[{"taxonomy":"category","embeddable":true,"href":"https:\/\/webdelmaestrocmf.com\/portal\/wp-json\/wp\/v2\/categories?post=73845"},{"taxonomy":"post_tag","embeddable":true,"href":"https:\/\/webdelmaestrocmf.com\/portal\/wp-json\/wp\/v2\/tags?post=73845"}],"curies":[{"name":"wp","href":"https:\/\/api.w.org\/{rel}","templated":true}]}}